{"id":42362,"date":"2022-11-30T14:35:16","date_gmt":"2022-11-30T12:35:16","guid":{"rendered":"https:\/\/www.laguiadepamplona.com\/actualidad\/?p=42362"},"modified":"2023-04-11T11:47:30","modified_gmt":"2023-04-11T09:47:30","slug":"nuevo-plazo-de-inscripcion-para-los-talleres-trimestrales-de-pintura-y-dibujo-de-la-escuela-municipal-de-artes-y-oficios-catalina-de-oscariz-que-comienzan-en-enero","status":"publish","type":"post","link":"https:\/\/www.laguiadepamplona.com\/actualidad\/nuevo-plazo-de-inscripcion-para-los-talleres-trimestrales-de-pintura-y-dibujo-de-la-escuela-municipal-de-artes-y-oficios-catalina-de-oscariz-que-comienzan-en-enero\/","title":{"rendered":"Nuevo plazo de inscripci\u00f3n para los talleres trimestrales de pintura y dibujo de la Escuela Municipal de Artes y Oficios Catalina de Osc\u00e1riz que comienzan en enero"},"content":{"rendered":"<h5>Las inscripciones, hasta el 13 de diciembre, se realizan a trav\u00e9s del tel\u00e9fono 010 o 948 420 100 si se llama desde fuera de Pamplona<\/h5>\n<p><!--more--><\/p>\n<p>La Escuela Municipal de Artes y Oficios Catalina de Osc\u00e1riz abre el plazo de inscripci\u00f3n para dos talleres trimestrales, de pintura y dibujo, que se celebrar\u00e1n entre los meses de enero y marzo de 2023. El plazo se inicia este 1 de diciembre y se cierra el d\u00eda 13. Todas las inscripciones se realizan a trav\u00e9s del tel\u00e9fono 010 o 948 420 100 (si se llama desde fuera de Pamplona).<\/p>\n<p>El primero de los talleres es de pintura y lleva por t\u00edtulo \u2018Experimentaci\u00f3n con acuarela\u2019. Dar\u00e1 comienzo el lunes 9 de enero y termina el 29 de marzo. Hay dos grupos, en horario de lunes y mi\u00e9rcoles, de 17 a 19 horas y de 19 a 21 horas. Se admite a 20 personas y el precio es de 48,55 euros. En este taller de acuarela se practicar\u00e1 el manejo de las diferentes t\u00e9cnicas de aplicaci\u00f3n de la acuarela, conocimiento del agua y los grados de humedad, control de la mancha y diferentes efectos y recursos pl\u00e1sticos.<br \/>\n<script async src=\"\/\/pagead2.googlesyndication.com\/pagead\/js\/adsbygoogle.js\"><\/script><br \/>\n<!-- Noticias La Guia de Pamplona --><br \/>\n<ins class=\"adsbygoogle\"\nstyle=\"display:block\"\ndata-ad-client=\"ca-pub-6943679897239327\"\ndata-ad-slot=\"7048180777\"\ndata-ad-format=\"auto\"><\/ins><br \/>\n<script>\n(adsbygoogle = window.adsbygoogle || []).push({});\n<\/script><\/p>\n<p>El segundo es el taller \u2018M\u00e9todo Bargue de dibujo (2)\u2019, que se imparte entre el martes 10 de enero y el 30 de marzo. En horario es de martes y jueves, de 17 a 19 horas y de 19 a 21 horas, con 20 personas en cada uno de los talleres y un precio de 48,55 euros. El taller es continuaci\u00f3n del taller del \u2018M\u00e9todo Charles Bargue de dibujo\u2019, un m\u00e9todo acad\u00e9mico del siglo XIX que mediante el uso de l\u00e1minas consigue un incremento considerable en la precisi\u00f3n del dibujo.<\/p>\n<p>Tras la inscripci\u00f3n, el 14 y 15 de diciembre se realizar\u00e1 la revisi\u00f3n de listados, sorteo y env\u00edo de SMS para matricularse. La confirmaci\u00f3n de plaza y cobro de matr\u00edcula ser\u00e1 del 16 al 22 de diciembre. En caso de que se agoten las plazas, se crear\u00e1 una lista de espera, y quedar\u00e1n tambi\u00e9n en lista de espera (en uno de los talleres) las personas que se apunten a dos talleres a la vez.<\/p>\n<p><strong>La escuela<\/strong><\/p>\n<p>La Escuela Municipal de Artes y Oficios Catalina de Osc\u00e1riz es un centro de ense\u00f1anzas no regladas dedicado a estudios cl\u00e1sicos de dibujo y pintura, a partir de los 16 a\u00f1os. El profesorado se compone de cuatro profesionales: dos profesores de dibujo, una profesora de Pintura y un profesor para los talleres trimestrales. Est\u00e1 situada en el antiguo colegio Jos\u00e9 Vila Marqu\u00e9s, en la calle Tajonar. El nombre de la escuela rinde homenaje a Catalina de Osc\u00e1riz, pintora pamplonesa del segundo tercio del siglo XVI que formaba parte del reducid\u00edsimo grupo de pintoras renacentistas del que ha quedado constancia, en este caso, por el hallazgo de documentaci\u00f3n sobre un pleito sostenido por la pintora con la viuda de su hermano por la herencia del taller familiar.<br \/>\n<script async src=\"\/\/pagead2.googlesyndication.com\/pagead\/js\/adsbygoogle.js\"><\/script><br \/>\n<!-- Noticias La Guia de Pamplona --><br \/>\n<ins class=\"adsbygoogle\"\nstyle=\"display:block\"\ndata-ad-client=\"ca-pub-6943679897239327\"\ndata-ad-slot=\"7048180777\"\ndata-ad-format=\"auto\"><\/ins><br \/>\n<script>\n(adsbygoogle = window.adsbygoogle || []).push({});\n<\/script><\/p>\n<p>&nbsp;<\/p>\n<h3>Acuarela y Dibujo<\/h3>\n<ul>\n<li>Talleres segundo trimestre del curso, con 20 plazas cada grupo:\n<ul>\n<li>Experimentaci\u00f3n con acuarela. Lunes y mi\u00e9rcoles. Grupos de 17 a 19 horas y de 19 a 21 horas<\/li>\n<li>M\u00e9todo Bargue de dibujo (2). Martes y jueves. Grupos de 17 a 19 horas y de 19 a 21 horas<\/li>\n<\/ul>\n<\/li>\n<\/ul>\n","protected":false},"excerpt":{"rendered":"<p>Las inscripciones, hasta el 13 de diciembre, se realizan a trav\u00e9s del tel\u00e9fono 010 o 948 420 100 si se llama desde fuera de Pamplona<\/p>\n","protected":false},"author":1,"featured_media":42364,"comment_status":"open","ping_status":"closed","sticky":false,"template":"","format":"standard","meta":{"footnotes":""},"categories":[2],"tags":[],"class_list":["post-42362","post","type-post","status-publish","format-standard","has-post-thumbnail","hentry","category-ayuntamiento-pamplona"],"yoast_head":"<!-- This site is optimized with the Yoast SEO plugin v27.3 - https:\/\/yoast.com\/product\/yoast-seo-wordpress\/ -->\n<title>Nuevo plazo de inscripci\u00f3n para los talleres trimestrales de pintura y dibujo de la Escuela Municipal de Artes y Oficios Catalina de Osc\u00e1riz que comienzan en enero<\/title>\n<meta name=\"description\" content=\"Las inscripciones, hasta el 13 de diciembre, se realizan a trav\u00e9s del tel\u00e9fono 010 o 948 420 100 si se llama desde fuera de Pamplona\" \/>\n<meta name=\"robots\" content=\"index, follow, max-snippet:-1, max-image-preview:large, max-video-preview:-1\" \/>\n<link rel=\"canonical\" href=\"https:\/\/www.laguiadepamplona.com\/actualidad\/nuevo-plazo-de-inscripcion-para-los-talleres-trimestrales-de-pintura-y-dibujo-de-la-escuela-municipal-de-artes-y-oficios-catalina-de-oscariz-que-comienzan-en-enero\/\" \/>\n<meta property=\"og:locale\" content=\"es_ES\" \/>\n<meta property=\"og:type\" content=\"article\" \/>\n<meta property=\"og:title\" content=\"Nuevo plazo de inscripci\u00f3n para los talleres trimestrales de pintura y dibujo de la Escuela Municipal de Artes y Oficios Catalina de Osc\u00e1riz que comienzan en enero\" \/>\n<meta property=\"og:description\" content=\"Las inscripciones, hasta el 13 de diciembre, se realizan a trav\u00e9s del tel\u00e9fono 010 o 948 420 100 si se llama desde fuera de Pamplona\" \/>\n<meta property=\"og:url\" content=\"https:\/\/www.laguiadepamplona.com\/actualidad\/nuevo-plazo-de-inscripcion-para-los-talleres-trimestrales-de-pintura-y-dibujo-de-la-escuela-municipal-de-artes-y-oficios-catalina-de-oscariz-que-comienzan-en-enero\/\" \/>\n<meta property=\"og:site_name\" content=\"La Gu\u00eda de Pamplona\" \/>\n<meta property=\"article:publisher\" content=\"https:\/\/www.facebook.com\/laguiadepamplonacom-133175176762273\/?ref=hl\" \/>\n<meta property=\"article:published_time\" content=\"2022-11-30T12:35:16+00:00\" \/>\n<meta property=\"article:modified_time\" content=\"2023-04-11T09:47:30+00:00\" \/>\n<meta property=\"og:image\" content=\"https:\/\/www.laguiadepamplona.com\/actualidad\/wp-content\/uploads\/2022\/11\/JORNADAS-ABIERTAS-ESC-ARTE-CATALINA-DE-OSCARIZ_EE5A6783.webp\" \/>\n\t<meta property=\"og:image:width\" content=\"1920\" \/>\n\t<meta property=\"og:image:height\" content=\"1280\" \/>\n\t<meta property=\"og:image:type\" content=\"image\/webp\" \/>\n<meta name=\"author\" content=\"La Gu\u00eda de Pamplona\" \/>\n<meta name=\"twitter:card\" content=\"summary_large_image\" \/>\n<meta name=\"twitter:creator\" content=\"@LaGuiadPamplona\" \/>\n<meta name=\"twitter:site\" content=\"@LaGuiadPamplona\" \/>\n<meta name=\"twitter:label1\" content=\"Escrito por\" \/>\n\t<meta name=\"twitter:data1\" content=\"La Gu\u00eda de Pamplona\" \/>\n\t<meta name=\"twitter:label2\" content=\"Tiempo de lectura\" \/>\n\t<meta name=\"twitter:data2\" content=\"3 minutos\" \/>\n<script type=\"application\/ld+json\" class=\"yoast-schema-graph\">{\"@context\":\"https:\\\/\\\/schema.org\",\"@graph\":[{\"@type\":\"Article\",\"@id\":\"https:\\\/\\\/www.laguiadepamplona.com\\\/actualidad\\\/nuevo-plazo-de-inscripcion-para-los-talleres-trimestrales-de-pintura-y-dibujo-de-la-escuela-municipal-de-artes-y-oficios-catalina-de-oscariz-que-comienzan-en-enero\\\/#article\",\"isPartOf\":{\"@id\":\"https:\\\/\\\/www.laguiadepamplona.com\\\/actualidad\\\/nuevo-plazo-de-inscripcion-para-los-talleres-trimestrales-de-pintura-y-dibujo-de-la-escuela-municipal-de-artes-y-oficios-catalina-de-oscariz-que-comienzan-en-enero\\\/\"},\"author\":{\"name\":\"La Gu\u00eda de Pamplona\",\"@id\":\"https:\\\/\\\/www.laguiadepamplona.com\\\/actualidad\\\/#\\\/schema\\\/person\\\/efe887376f0213d4657c93adc50b1fdb\"},\"headline\":\"Nuevo plazo de inscripci\u00f3n para los talleres trimestrales de pintura y dibujo de la Escuela Municipal de Artes y Oficios Catalina de Osc\u00e1riz que comienzan en enero\",\"datePublished\":\"2022-11-30T12:35:16+00:00\",\"dateModified\":\"2023-04-11T09:47:30+00:00\",\"mainEntityOfPage\":{\"@id\":\"https:\\\/\\\/www.laguiadepamplona.com\\\/actualidad\\\/nuevo-plazo-de-inscripcion-para-los-talleres-trimestrales-de-pintura-y-dibujo-de-la-escuela-municipal-de-artes-y-oficios-catalina-de-oscariz-que-comienzan-en-enero\\\/\"},\"wordCount\":559,\"commentCount\":0,\"publisher\":{\"@id\":\"https:\\\/\\\/www.laguiadepamplona.com\\\/actualidad\\\/#organization\"},\"image\":{\"@id\":\"https:\\\/\\\/www.laguiadepamplona.com\\\/actualidad\\\/nuevo-plazo-de-inscripcion-para-los-talleres-trimestrales-de-pintura-y-dibujo-de-la-escuela-municipal-de-artes-y-oficios-catalina-de-oscariz-que-comienzan-en-enero\\\/#primaryimage\"},\"thumbnailUrl\":\"https:\\\/\\\/www.laguiadepamplona.com\\\/actualidad\\\/wp-content\\\/uploads\\\/2022\\\/11\\\/JORNADAS-ABIERTAS-ESC-ARTE-CATALINA-DE-OSCARIZ_EE5A6783.webp\",\"articleSection\":[\"Ayto Pamplona\"],\"inLanguage\":\"es\",\"potentialAction\":[{\"@type\":\"CommentAction\",\"name\":\"Comment\",\"target\":[\"https:\\\/\\\/www.laguiadepamplona.com\\\/actualidad\\\/nuevo-plazo-de-inscripcion-para-los-talleres-trimestrales-de-pintura-y-dibujo-de-la-escuela-municipal-de-artes-y-oficios-catalina-de-oscariz-que-comienzan-en-enero\\\/#respond\"]}]},{\"@type\":\"WebPage\",\"@id\":\"https:\\\/\\\/www.laguiadepamplona.com\\\/actualidad\\\/nuevo-plazo-de-inscripcion-para-los-talleres-trimestrales-de-pintura-y-dibujo-de-la-escuela-municipal-de-artes-y-oficios-catalina-de-oscariz-que-comienzan-en-enero\\\/\",\"url\":\"https:\\\/\\\/www.laguiadepamplona.com\\\/actualidad\\\/nuevo-plazo-de-inscripcion-para-los-talleres-trimestrales-de-pintura-y-dibujo-de-la-escuela-municipal-de-artes-y-oficios-catalina-de-oscariz-que-comienzan-en-enero\\\/\",\"name\":\"Nuevo plazo de inscripci\u00f3n para los talleres trimestrales de pintura y dibujo de la Escuela Municipal de Artes y Oficios Catalina de Osc\u00e1riz que comienzan en enero\",\"isPartOf\":{\"@id\":\"https:\\\/\\\/www.laguiadepamplona.com\\\/actualidad\\\/#website\"},\"primaryImageOfPage\":{\"@id\":\"https:\\\/\\\/www.laguiadepamplona.com\\\/actualidad\\\/nuevo-plazo-de-inscripcion-para-los-talleres-trimestrales-de-pintura-y-dibujo-de-la-escuela-municipal-de-artes-y-oficios-catalina-de-oscariz-que-comienzan-en-enero\\\/#primaryimage\"},\"image\":{\"@id\":\"https:\\\/\\\/www.laguiadepamplona.com\\\/actualidad\\\/nuevo-plazo-de-inscripcion-para-los-talleres-trimestrales-de-pintura-y-dibujo-de-la-escuela-municipal-de-artes-y-oficios-catalina-de-oscariz-que-comienzan-en-enero\\\/#primaryimage\"},\"thumbnailUrl\":\"https:\\\/\\\/www.laguiadepamplona.com\\\/actualidad\\\/wp-content\\\/uploads\\\/2022\\\/11\\\/JORNADAS-ABIERTAS-ESC-ARTE-CATALINA-DE-OSCARIZ_EE5A6783.webp\",\"datePublished\":\"2022-11-30T12:35:16+00:00\",\"dateModified\":\"2023-04-11T09:47:30+00:00\",\"description\":\"Las inscripciones, hasta el 13 de diciembre, se realizan a trav\u00e9s del tel\u00e9fono 010 o 948 420 100 si se llama desde fuera de Pamplona\",\"breadcrumb\":{\"@id\":\"https:\\\/\\\/www.laguiadepamplona.com\\\/actualidad\\\/nuevo-plazo-de-inscripcion-para-los-talleres-trimestrales-de-pintura-y-dibujo-de-la-escuela-municipal-de-artes-y-oficios-catalina-de-oscariz-que-comienzan-en-enero\\\/#breadcrumb\"},\"inLanguage\":\"es\",\"potentialAction\":[{\"@type\":\"ReadAction\",\"target\":[\"https:\\\/\\\/www.laguiadepamplona.com\\\/actualidad\\\/nuevo-plazo-de-inscripcion-para-los-talleres-trimestrales-de-pintura-y-dibujo-de-la-escuela-municipal-de-artes-y-oficios-catalina-de-oscariz-que-comienzan-en-enero\\\/\"]}]},{\"@type\":\"ImageObject\",\"inLanguage\":\"es\",\"@id\":\"https:\\\/\\\/www.laguiadepamplona.com\\\/actualidad\\\/nuevo-plazo-de-inscripcion-para-los-talleres-trimestrales-de-pintura-y-dibujo-de-la-escuela-municipal-de-artes-y-oficios-catalina-de-oscariz-que-comienzan-en-enero\\\/#primaryimage\",\"url\":\"https:\\\/\\\/www.laguiadepamplona.com\\\/actualidad\\\/wp-content\\\/uploads\\\/2022\\\/11\\\/JORNADAS-ABIERTAS-ESC-ARTE-CATALINA-DE-OSCARIZ_EE5A6783.webp\",\"contentUrl\":\"https:\\\/\\\/www.laguiadepamplona.com\\\/actualidad\\\/wp-content\\\/uploads\\\/2022\\\/11\\\/JORNADAS-ABIERTAS-ESC-ARTE-CATALINA-DE-OSCARIZ_EE5A6783.webp\",\"width\":1920,\"height\":1280},{\"@type\":\"BreadcrumbList\",\"@id\":\"https:\\\/\\\/www.laguiadepamplona.com\\\/actualidad\\\/nuevo-plazo-de-inscripcion-para-los-talleres-trimestrales-de-pintura-y-dibujo-de-la-escuela-municipal-de-artes-y-oficios-catalina-de-oscariz-que-comienzan-en-enero\\\/#breadcrumb\",\"itemListElement\":[{\"@type\":\"ListItem\",\"position\":1,\"name\":\"Portada\",\"item\":\"https:\\\/\\\/www.laguiadepamplona.com\\\/actualidad\\\/\"},{\"@type\":\"ListItem\",\"position\":2,\"name\":\"Nuevo plazo de inscripci\u00f3n para los talleres trimestrales de pintura y dibujo de la Escuela Municipal de Artes y Oficios Catalina de Osc\u00e1riz que comienzan en enero\"}]},{\"@type\":\"WebSite\",\"@id\":\"https:\\\/\\\/www.laguiadepamplona.com\\\/actualidad\\\/#website\",\"url\":\"https:\\\/\\\/www.laguiadepamplona.com\\\/actualidad\\\/\",\"name\":\"La gu\u00eda de Pamplona\",\"description\":\"Noticias de Pamplona\",\"publisher\":{\"@id\":\"https:\\\/\\\/www.laguiadepamplona.com\\\/actualidad\\\/#organization\"},\"potentialAction\":[{\"@type\":\"SearchAction\",\"target\":{\"@type\":\"EntryPoint\",\"urlTemplate\":\"https:\\\/\\\/www.laguiadepamplona.com\\\/actualidad\\\/?s={search_term_string}\"},\"query-input\":{\"@type\":\"PropertyValueSpecification\",\"valueRequired\":true,\"valueName\":\"search_term_string\"}}],\"inLanguage\":\"es\"},{\"@type\":\"Organization\",\"@id\":\"https:\\\/\\\/www.laguiadepamplona.com\\\/actualidad\\\/#organization\",\"name\":\"La Gu\u00eda de Pamplona \\\/ Noticias\",\"url\":\"https:\\\/\\\/www.laguiadepamplona.com\\\/actualidad\\\/\",\"logo\":{\"@type\":\"ImageObject\",\"inLanguage\":\"es\",\"@id\":\"https:\\\/\\\/www.laguiadepamplona.com\\\/actualidad\\\/#\\\/schema\\\/logo\\\/image\\\/\",\"url\":\"https:\\\/\\\/www.laguiadepamplona.com\\\/actualidad\\\/wp-content\\\/uploads\\\/2018\\\/11\\\/logo-laguiadepamplona18-web1.png\",\"contentUrl\":\"https:\\\/\\\/www.laguiadepamplona.com\\\/actualidad\\\/wp-content\\\/uploads\\\/2018\\\/11\\\/logo-laguiadepamplona18-web1.png\",\"width\":600,\"height\":196,\"caption\":\"La Gu\u00eda de Pamplona \\\/ Noticias\"},\"image\":{\"@id\":\"https:\\\/\\\/www.laguiadepamplona.com\\\/actualidad\\\/#\\\/schema\\\/logo\\\/image\\\/\"},\"sameAs\":[\"https:\\\/\\\/www.facebook.com\\\/laguiadepamplonacom-133175176762273\\\/?ref=hl\",\"https:\\\/\\\/x.com\\\/LaGuiadPamplona\",\"https:\\\/\\\/www.instagram.com\\\/la_guia_de_pamplona\\\/\",\"https:\\\/\\\/www.youtube.com\\\/user\\\/laguiadepamplona\"]},{\"@type\":\"Person\",\"@id\":\"https:\\\/\\\/www.laguiadepamplona.com\\\/actualidad\\\/#\\\/schema\\\/person\\\/efe887376f0213d4657c93adc50b1fdb\",\"name\":\"La Gu\u00eda de Pamplona\",\"image\":{\"@type\":\"ImageObject\",\"inLanguage\":\"es\",\"@id\":\"https:\\\/\\\/secure.gravatar.com\\\/avatar\\\/b6992f131dc8d30ab0dff15446e9d346d9dbd95992de0fef795073f5ea83a81c?s=96&d=mm&r=g\",\"url\":\"https:\\\/\\\/secure.gravatar.com\\\/avatar\\\/b6992f131dc8d30ab0dff15446e9d346d9dbd95992de0fef795073f5ea83a81c?s=96&d=mm&r=g\",\"contentUrl\":\"https:\\\/\\\/secure.gravatar.com\\\/avatar\\\/b6992f131dc8d30ab0dff15446e9d346d9dbd95992de0fef795073f5ea83a81c?s=96&d=mm&r=g\",\"caption\":\"La Gu\u00eda de Pamplona\"}}]}<\/script>\n<!-- \/ Yoast SEO plugin. -->","yoast_head_json":{"title":"Nuevo plazo de inscripci\u00f3n para los talleres trimestrales de pintura y dibujo de la Escuela Municipal de Artes y Oficios Catalina de Osc\u00e1riz que comienzan en enero","description":"Las inscripciones, hasta el 13 de diciembre, se realizan a trav\u00e9s del tel\u00e9fono 010 o 948 420 100 si se llama desde fuera de Pamplona","robots":{"index":"index","follow":"follow","max-snippet":"max-snippet:-1","max-image-preview":"max-image-preview:large","max-video-preview":"max-video-preview:-1"},"canonical":"https:\/\/www.laguiadepamplona.com\/actualidad\/nuevo-plazo-de-inscripcion-para-los-talleres-trimestrales-de-pintura-y-dibujo-de-la-escuela-municipal-de-artes-y-oficios-catalina-de-oscariz-que-comienzan-en-enero\/","og_locale":"es_ES","og_type":"article","og_title":"Nuevo plazo de inscripci\u00f3n para los talleres trimestrales de pintura y dibujo de la Escuela Municipal de Artes y Oficios Catalina de Osc\u00e1riz que comienzan en enero","og_description":"Las inscripciones, hasta el 13 de diciembre, se realizan a trav\u00e9s del tel\u00e9fono 010 o 948 420 100 si se llama desde fuera de Pamplona","og_url":"https:\/\/www.laguiadepamplona.com\/actualidad\/nuevo-plazo-de-inscripcion-para-los-talleres-trimestrales-de-pintura-y-dibujo-de-la-escuela-municipal-de-artes-y-oficios-catalina-de-oscariz-que-comienzan-en-enero\/","og_site_name":"La Gu\u00eda de Pamplona","article_publisher":"https:\/\/www.facebook.com\/laguiadepamplonacom-133175176762273\/?ref=hl","article_published_time":"2022-11-30T12:35:16+00:00","article_modified_time":"2023-04-11T09:47:30+00:00","og_image":[{"width":1920,"height":1280,"url":"https:\/\/www.laguiadepamplona.com\/actualidad\/wp-content\/uploads\/2022\/11\/JORNADAS-ABIERTAS-ESC-ARTE-CATALINA-DE-OSCARIZ_EE5A6783.webp","type":"image\/webp"}],"author":"La Gu\u00eda de Pamplona","twitter_card":"summary_large_image","twitter_creator":"@LaGuiadPamplona","twitter_site":"@LaGuiadPamplona","twitter_misc":{"Escrito por":"La Gu\u00eda de Pamplona","Tiempo de lectura":"3 minutos"},"schema":{"@context":"https:\/\/schema.org","@graph":[{"@type":"Article","@id":"https:\/\/www.laguiadepamplona.com\/actualidad\/nuevo-plazo-de-inscripcion-para-los-talleres-trimestrales-de-pintura-y-dibujo-de-la-escuela-municipal-de-artes-y-oficios-catalina-de-oscariz-que-comienzan-en-enero\/#article","isPartOf":{"@id":"https:\/\/www.laguiadepamplona.com\/actualidad\/nuevo-plazo-de-inscripcion-para-los-talleres-trimestrales-de-pintura-y-dibujo-de-la-escuela-municipal-de-artes-y-oficios-catalina-de-oscariz-que-comienzan-en-enero\/"},"author":{"name":"La Gu\u00eda de Pamplona","@id":"https:\/\/www.laguiadepamplona.com\/actualidad\/#\/schema\/person\/efe887376f0213d4657c93adc50b1fdb"},"headline":"Nuevo plazo de inscripci\u00f3n para los talleres trimestrales de pintura y dibujo de la Escuela Municipal de Artes y Oficios Catalina de Osc\u00e1riz que comienzan en enero","datePublished":"2022-11-30T12:35:16+00:00","dateModified":"2023-04-11T09:47:30+00:00","mainEntityOfPage":{"@id":"https:\/\/www.laguiadepamplona.com\/actualidad\/nuevo-plazo-de-inscripcion-para-los-talleres-trimestrales-de-pintura-y-dibujo-de-la-escuela-municipal-de-artes-y-oficios-catalina-de-oscariz-que-comienzan-en-enero\/"},"wordCount":559,"commentCount":0,"publisher":{"@id":"https:\/\/www.laguiadepamplona.com\/actualidad\/#organization"},"image":{"@id":"https:\/\/www.laguiadepamplona.com\/actualidad\/nuevo-plazo-de-inscripcion-para-los-talleres-trimestrales-de-pintura-y-dibujo-de-la-escuela-municipal-de-artes-y-oficios-catalina-de-oscariz-que-comienzan-en-enero\/#primaryimage"},"thumbnailUrl":"https:\/\/www.laguiadepamplona.com\/actualidad\/wp-content\/uploads\/2022\/11\/JORNADAS-ABIERTAS-ESC-ARTE-CATALINA-DE-OSCARIZ_EE5A6783.webp","articleSection":["Ayto Pamplona"],"inLanguage":"es","potentialAction":[{"@type":"CommentAction","name":"Comment","target":["https:\/\/www.laguiadepamplona.com\/actualidad\/nuevo-plazo-de-inscripcion-para-los-talleres-trimestrales-de-pintura-y-dibujo-de-la-escuela-municipal-de-artes-y-oficios-catalina-de-oscariz-que-comienzan-en-enero\/#respond"]}]},{"@type":"WebPage","@id":"https:\/\/www.laguiadepamplona.com\/actualidad\/nuevo-plazo-de-inscripcion-para-los-talleres-trimestrales-de-pintura-y-dibujo-de-la-escuela-municipal-de-artes-y-oficios-catalina-de-oscariz-que-comienzan-en-enero\/","url":"https:\/\/www.laguiadepamplona.com\/actualidad\/nuevo-plazo-de-inscripcion-para-los-talleres-trimestrales-de-pintura-y-dibujo-de-la-escuela-municipal-de-artes-y-oficios-catalina-de-oscariz-que-comienzan-en-enero\/","name":"Nuevo plazo de inscripci\u00f3n para los talleres trimestrales de pintura y dibujo de la Escuela Municipal de Artes y Oficios Catalina de Osc\u00e1riz que comienzan en enero","isPartOf":{"@id":"https:\/\/www.laguiadepamplona.com\/actualidad\/#website"},"primaryImageOfPage":{"@id":"https:\/\/www.laguiadepamplona.com\/actualidad\/nuevo-plazo-de-inscripcion-para-los-talleres-trimestrales-de-pintura-y-dibujo-de-la-escuela-municipal-de-artes-y-oficios-catalina-de-oscariz-que-comienzan-en-enero\/#primaryimage"},"image":{"@id":"https:\/\/www.laguiadepamplona.com\/actualidad\/nuevo-plazo-de-inscripcion-para-los-talleres-trimestrales-de-pintura-y-dibujo-de-la-escuela-municipal-de-artes-y-oficios-catalina-de-oscariz-que-comienzan-en-enero\/#primaryimage"},"thumbnailUrl":"https:\/\/www.laguiadepamplona.com\/actualidad\/wp-content\/uploads\/2022\/11\/JORNADAS-ABIERTAS-ESC-ARTE-CATALINA-DE-OSCARIZ_EE5A6783.webp","datePublished":"2022-11-30T12:35:16+00:00","dateModified":"2023-04-11T09:47:30+00:00","description":"Las inscripciones, hasta el 13 de diciembre, se realizan a trav\u00e9s del tel\u00e9fono 010 o 948 420 100 si se llama desde fuera de Pamplona","breadcrumb":{"@id":"https:\/\/www.laguiadepamplona.com\/actualidad\/nuevo-plazo-de-inscripcion-para-los-talleres-trimestrales-de-pintura-y-dibujo-de-la-escuela-municipal-de-artes-y-oficios-catalina-de-oscariz-que-comienzan-en-enero\/#breadcrumb"},"inLanguage":"es","potentialAction":[{"@type":"ReadAction","target":["https:\/\/www.laguiadepamplona.com\/actualidad\/nuevo-plazo-de-inscripcion-para-los-talleres-trimestrales-de-pintura-y-dibujo-de-la-escuela-municipal-de-artes-y-oficios-catalina-de-oscariz-que-comienzan-en-enero\/"]}]},{"@type":"ImageObject","inLanguage":"es","@id":"https:\/\/www.laguiadepamplona.com\/actualidad\/nuevo-plazo-de-inscripcion-para-los-talleres-trimestrales-de-pintura-y-dibujo-de-la-escuela-municipal-de-artes-y-oficios-catalina-de-oscariz-que-comienzan-en-enero\/#primaryimage","url":"https:\/\/www.laguiadepamplona.com\/actualidad\/wp-content\/uploads\/2022\/11\/JORNADAS-ABIERTAS-ESC-ARTE-CATALINA-DE-OSCARIZ_EE5A6783.webp","contentUrl":"https:\/\/www.laguiadepamplona.com\/actualidad\/wp-content\/uploads\/2022\/11\/JORNADAS-ABIERTAS-ESC-ARTE-CATALINA-DE-OSCARIZ_EE5A6783.webp","width":1920,"height":1280},{"@type":"BreadcrumbList","@id":"https:\/\/www.laguiadepamplona.com\/actualidad\/nuevo-plazo-de-inscripcion-para-los-talleres-trimestrales-de-pintura-y-dibujo-de-la-escuela-municipal-de-artes-y-oficios-catalina-de-oscariz-que-comienzan-en-enero\/#breadcrumb","itemListElement":[{"@type":"ListItem","position":1,"name":"Portada","item":"https:\/\/www.laguiadepamplona.com\/actualidad\/"},{"@type":"ListItem","position":2,"name":"Nuevo plazo de inscripci\u00f3n para los talleres trimestrales de pintura y dibujo de la Escuela Municipal de Artes y Oficios Catalina de Osc\u00e1riz que comienzan en enero"}]},{"@type":"WebSite","@id":"https:\/\/www.laguiadepamplona.com\/actualidad\/#website","url":"https:\/\/www.laguiadepamplona.com\/actualidad\/","name":"La gu\u00eda de Pamplona","description":"Noticias de Pamplona","publisher":{"@id":"https:\/\/www.laguiadepamplona.com\/actualidad\/#organization"},"potentialAction":[{"@type":"SearchAction","target":{"@type":"EntryPoint","urlTemplate":"https:\/\/www.laguiadepamplona.com\/actualidad\/?s={search_term_string}"},"query-input":{"@type":"PropertyValueSpecification","valueRequired":true,"valueName":"search_term_string"}}],"inLanguage":"es"},{"@type":"Organization","@id":"https:\/\/www.laguiadepamplona.com\/actualidad\/#organization","name":"La Gu\u00eda de Pamplona \/ Noticias","url":"https:\/\/www.laguiadepamplona.com\/actualidad\/","logo":{"@type":"ImageObject","inLanguage":"es","@id":"https:\/\/www.laguiadepamplona.com\/actualidad\/#\/schema\/logo\/image\/","url":"https:\/\/www.laguiadepamplona.com\/actualidad\/wp-content\/uploads\/2018\/11\/logo-laguiadepamplona18-web1.png","contentUrl":"https:\/\/www.laguiadepamplona.com\/actualidad\/wp-content\/uploads\/2018\/11\/logo-laguiadepamplona18-web1.png","width":600,"height":196,"caption":"La Gu\u00eda de Pamplona \/ Noticias"},"image":{"@id":"https:\/\/www.laguiadepamplona.com\/actualidad\/#\/schema\/logo\/image\/"},"sameAs":["https:\/\/www.facebook.com\/laguiadepamplonacom-133175176762273\/?ref=hl","https:\/\/x.com\/LaGuiadPamplona","https:\/\/www.instagram.com\/la_guia_de_pamplona\/","https:\/\/www.youtube.com\/user\/laguiadepamplona"]},{"@type":"Person","@id":"https:\/\/www.laguiadepamplona.com\/actualidad\/#\/schema\/person\/efe887376f0213d4657c93adc50b1fdb","name":"La Gu\u00eda de Pamplona","image":{"@type":"ImageObject","inLanguage":"es","@id":"https:\/\/secure.gravatar.com\/avatar\/b6992f131dc8d30ab0dff15446e9d346d9dbd95992de0fef795073f5ea83a81c?s=96&d=mm&r=g","url":"https:\/\/secure.gravatar.com\/avatar\/b6992f131dc8d30ab0dff15446e9d346d9dbd95992de0fef795073f5ea83a81c?s=96&d=mm&r=g","contentUrl":"https:\/\/secure.gravatar.com\/avatar\/b6992f131dc8d30ab0dff15446e9d346d9dbd95992de0fef795073f5ea83a81c?s=96&d=mm&r=g","caption":"La Gu\u00eda de Pamplona"}}]}},"post_mailing_queue_ids":[],"_links":{"self":[{"href":"https:\/\/www.laguiadepamplona.com\/actualidad\/wp-json\/wp\/v2\/posts\/42362","targetHints":{"allow":["GET"]}}],"collection":[{"href":"https:\/\/www.laguiadepamplona.com\/actualidad\/wp-json\/wp\/v2\/posts"}],"about":[{"href":"https:\/\/www.laguiadepamplona.com\/actualidad\/wp-json\/wp\/v2\/types\/post"}],"author":[{"embeddable":true,"href":"https:\/\/www.laguiadepamplona.com\/actualidad\/wp-json\/wp\/v2\/users\/1"}],"replies":[{"embeddable":true,"href":"https:\/\/www.laguiadepamplona.com\/actualidad\/wp-json\/wp\/v2\/comments?post=42362"}],"version-history":[{"count":0,"href":"https:\/\/www.laguiadepamplona.com\/actualidad\/wp-json\/wp\/v2\/posts\/42362\/revisions"}],"wp:featuredmedia":[{"embeddable":true,"href":"https:\/\/www.laguiadepamplona.com\/actualidad\/wp-json\/wp\/v2\/media\/42364"}],"wp:attachment":[{"href":"https:\/\/www.laguiadepamplona.com\/actualidad\/wp-json\/wp\/v2\/media?parent=42362"}],"wp:term":[{"taxonomy":"category","embeddable":true,"href":"https:\/\/www.laguiadepamplona.com\/actualidad\/wp-json\/wp\/v2\/categories?post=42362"},{"taxonomy":"post_tag","embeddable":true,"href":"https:\/\/www.laguiadepamplona.com\/actualidad\/wp-json\/wp\/v2\/tags?post=42362"}],"curies":[{"name":"wp","href":"https:\/\/api.w.org\/{rel}","templated":true}]}}