{"id":42356,"date":"2022-11-30T14:28:28","date_gmt":"2022-11-30T12:28:28","guid":{"rendered":"https:\/\/www.laguiadepamplona.com\/actualidad\/?p=42356"},"modified":"2023-04-11T11:47:30","modified_gmt":"2023-04-11T09:47:30","slug":"alumnado-del-ies-plaza-de-la-cruz-y-colegio-calasanz-junto-a-los-artistas-leyre-urbeltz-y-peio-iglesias-realizan-un-mural-colaborativo-de-arte-urbano-en-milagrosa","status":"publish","type":"post","link":"https:\/\/www.laguiadepamplona.com\/actualidad\/alumnado-del-ies-plaza-de-la-cruz-y-colegio-calasanz-junto-a-los-artistas-leyre-urbeltz-y-peio-iglesias-realizan-un-mural-colaborativo-de-arte-urbano-en-milagrosa\/","title":{"rendered":"Alumnado del IES Plaza de la Cruz y Colegio Calasanz, junto a los artistas Leyre Urbeltz y Peio Iglesias, realizan un mural colaborativo de arte urbano en Milagrosa"},"content":{"rendered":"<h5>Las personas que han participado en el proyecto \u2018Floricultura en la generaci\u00f3n Z\u2019 lo presentan en el D\u00eda Internacional de la Ciudad Educadora<\/h5>\n<p><!--more--><\/p>\n<p>Pamplona celebra el D\u00eda Internacional de la Ciudad Educadora con la presentaci\u00f3n de un proyecto colaborativo de alumnado de dos centros educativos y artistas locales. Se trata de un mural, que lleva por t\u00edtulo \u2018Floricultura en la generaci\u00f3n Z\u2019, realizado por cuarenta estudiantes de 4\u00ba de ESO del IES Plaza de la Cruz y de 3\u00ba de ESO del Colegio Calasanz, con la direcci\u00f3n de los artistas Leyre Urbeltz y Peio Iglesias. El mural se encuentra en la plaza peatonal bajo la rotonda en que confluyen la calle Tajonar y la avenida de Catalu\u00f1a.<\/p>\n<p>A la presentaci\u00f3n han acudido todos los agentes implicados, incluidos artistas y representantes de los centros educativos, que han dado cuenta del proceso creativo del mural, de una superficie de unos 50 metros cuadrados. Tambi\u00e9n ha participado el concejal delegado de Educaci\u00f3n, Participaci\u00f3n Ciudadana y Juventud, Fernando Sesma.<br \/>\n<script async src=\"\/\/pagead2.googlesyndication.com\/pagead\/js\/adsbygoogle.js\"><\/script><br \/>\n<!-- Noticias La Guia de Pamplona --><br \/>\n<ins class=\"adsbygoogle\"\nstyle=\"display:block\"\ndata-ad-client=\"ca-pub-6943679897239327\"\ndata-ad-slot=\"7048180777\"\ndata-ad-format=\"auto\"><\/ins><br \/>\n<script>\n(adsbygoogle = window.adsbygoogle || []).push({});\n<\/script><\/p>\n<p>La obra surge a propuesta del \u00c1rea de Educaci\u00f3n, Participaci\u00f3n Ciudadana y Juventud, por segundo a\u00f1o consecutivo, y de hecho establece una continuidad con la realizada el a\u00f1o pasado, junto a la que se ubica. El mural lleva por t\u00edtulo \u2018Floricultura en la generaci\u00f3n Z\u2019 y surge de la reflexi\u00f3n en torno al legado de la generaci\u00f3n Z a las futuras generaciones, partiendo del contexto actual de inseguridad y conflictividad general. A sugerencia de la Asociaci\u00f3n de Ciudades Educadoras, se trabaja el s\u00edmil de las semillas de las flores con las oportunidades que ofrece la ciudad y la importancia de cultivar la paz y la buena convivencia. Los participantes eligen qu\u00e9 semillas quieren sembrar para el futuro, con base en fotograf\u00edas de flores que han realizado y que deconstruyen para representar una ciudad-racimo pr\u00f3xima a la abstracci\u00f3n y a la poes\u00eda. De esta manera, se abre la posibilidad de generar m\u00faltiples interpretaciones.<\/p>\n<p>Los tres talleres del proyecto, que ha contado con un presupuesto de 5.787 euros, buscan como objetivos generales contribuir a que la ciudad sea generadora de bienestar, convivencia y cohesi\u00f3n social, crear una ciudadan\u00eda inclusiva donde se reconozca el valor de la diversidad, crear contextos urbanos m\u00e1s vivibles e involucrar a los agentes educativos en proyectos cooperativos. Entre los objetivos espec\u00edficos se encuentra desarrollar capacidad cr\u00edtica ante las obras de arte, justificando opiniones y respetando el intercambio, formular respuestas creativas a preguntas universales y expresar ideas y emociones a trav\u00e9s de la experimentaci\u00f3n individual y colectiva, utilizando principalmente collage, pintura pl\u00e1stica y spray. Adem\u00e1s, se documenta el proceso a trav\u00e9s de producciones audiovisuales sencillas e intuitivas de forma individual y en grupo, utilizando aplicaciones m\u00f3viles del tipo Tik Tok o Instagram stories.<\/p>\n<p><strong>Pamplona, Ciudad Educadora<\/strong><\/p>\n<p>Pamplona forma parte de la Red de Ciudades Educadoras, que sit\u00faan la educaci\u00f3n como eje central de la vida diaria. La ciudad educadora, con sus instituciones educativas formales y sus intervenciones no formales e informales, tiene el objetivo de fomentar el aprendizaje a lo largo de la vida, la innovaci\u00f3n, el enriquecimiento cultural y social y hacer m\u00e1s segura y digna la vida de sus habitantes. El lema de este a\u00f1o es \u2018La Ciudad Educadora, ciudad de paz y oportunidades\u2019, lema que ha inspirado el mural colaborativo reci\u00e9n presentado.<br \/>\n<script async src=\"\/\/pagead2.googlesyndication.com\/pagead\/js\/adsbygoogle.js\"><\/script><br \/>\n<!-- Noticias La Guia de Pamplona --><br \/>\n<ins class=\"adsbygoogle\"\nstyle=\"display:block\"\ndata-ad-client=\"ca-pub-6943679897239327\"\ndata-ad-slot=\"7048180777\"\ndata-ad-format=\"auto\"><\/ins><br \/>\n<script>\n(adsbygoogle = window.adsbygoogle || []).push({});\n<\/script><\/p>\n<p>&nbsp;<\/p>\n<h3>\u2018Floricultura en la Generaci\u00f3n Z\u2019. Proyecto del 19 de octubre al 30 de noviembre<\/h3>\n<ul>\n<li>Taller 1 (dos sesiones): a partir de las fotograf\u00edas que han sacado los estudiantes, se les plantea la deconstrucci\u00f3n de las flores en formas geom\u00e9tricas separadas, mostr\u00e1ndoles ejemplos de obras de artistas<\/li>\n<li>Taller 2 (una sesi\u00f3n): se visita la localizaci\u00f3n del mural y posteriormente se desarrolla el taller en la Escuela de Arte Catalina de Osc\u00e1riz. Los dos grupos acuden simult\u00e1neamente para poder realizar subgrupos nuevos con el alumnado de los dos centros mezclados<\/li>\n<li>Con base en el trabajo previo, los artistas dise\u00f1an el boceto del mural<\/li>\n<li>Taller 3 (dos sesiones): Realizaci\u00f3n conjunta alumnado-artistas del mural y reflexi\u00f3n<\/li>\n<\/ul>\n","protected":false},"excerpt":{"rendered":"<p>Las personas que han participado en el proyecto \u2018Floricultura en la generaci\u00f3n Z\u2019 lo presentan en el D\u00eda Internacional de la Ciudad Educadora<\/p>\n","protected":false},"author":1,"featured_media":42357,"comment_status":"open","ping_status":"closed","sticky":false,"template":"","format":"standard","meta":{"footnotes":""},"categories":[2],"tags":[],"class_list":["post-42356","post","type-post","status-publish","format-standard","has-post-thumbnail","hentry","category-ayuntamiento-pamplona"],"yoast_head":"<!-- This site is optimized with the Yoast SEO plugin v27.3 - https:\/\/yoast.com\/product\/yoast-seo-wordpress\/ -->\n<title>Alumnado del IES Plaza de la Cruz y Colegio Calasanz, junto a los artistas Leyre Urbeltz y Peio Iglesias, realizan un mural colaborativo de arte urbano en Milagrosa<\/title>\n<meta name=\"description\" content=\"Las personas que han participado en el proyecto \u2018Floricultura en la generaci\u00f3n Z\u2019 lo presentan en el D\u00eda Internacional de la Ciudad Educadora\" \/>\n<meta name=\"robots\" content=\"index, follow, max-snippet:-1, max-image-preview:large, max-video-preview:-1\" \/>\n<link rel=\"canonical\" href=\"https:\/\/www.laguiadepamplona.com\/actualidad\/alumnado-del-ies-plaza-de-la-cruz-y-colegio-calasanz-junto-a-los-artistas-leyre-urbeltz-y-peio-iglesias-realizan-un-mural-colaborativo-de-arte-urbano-en-milagrosa\/\" \/>\n<meta property=\"og:locale\" content=\"es_ES\" \/>\n<meta property=\"og:type\" content=\"article\" \/>\n<meta property=\"og:title\" content=\"Alumnado del IES Plaza de la Cruz y Colegio Calasanz, junto a los artistas Leyre Urbeltz y Peio Iglesias, realizan un mural colaborativo de arte urbano en Milagrosa\" \/>\n<meta property=\"og:description\" content=\"Las personas que han participado en el proyecto \u2018Floricultura en la generaci\u00f3n Z\u2019 lo presentan en el D\u00eda Internacional de la Ciudad Educadora\" \/>\n<meta property=\"og:url\" content=\"https:\/\/www.laguiadepamplona.com\/actualidad\/alumnado-del-ies-plaza-de-la-cruz-y-colegio-calasanz-junto-a-los-artistas-leyre-urbeltz-y-peio-iglesias-realizan-un-mural-colaborativo-de-arte-urbano-en-milagrosa\/\" \/>\n<meta property=\"og:site_name\" content=\"La Gu\u00eda de Pamplona\" \/>\n<meta property=\"article:publisher\" content=\"https:\/\/www.facebook.com\/laguiadepamplonacom-133175176762273\/?ref=hl\" \/>\n<meta property=\"article:published_time\" content=\"2022-11-30T12:28:28+00:00\" \/>\n<meta property=\"article:modified_time\" content=\"2023-04-11T09:47:30+00:00\" \/>\n<meta property=\"og:image\" content=\"https:\/\/www.laguiadepamplona.com\/actualidad\/wp-content\/uploads\/2022\/11\/mural-colaborativo-arte-urbano-milagrosa.webp\" \/>\n\t<meta property=\"og:image:width\" content=\"1920\" \/>\n\t<meta property=\"og:image:height\" content=\"1281\" \/>\n\t<meta property=\"og:image:type\" content=\"image\/webp\" \/>\n<meta name=\"author\" content=\"La Gu\u00eda de Pamplona\" \/>\n<meta name=\"twitter:card\" content=\"summary_large_image\" \/>\n<meta name=\"twitter:creator\" content=\"@LaGuiadPamplona\" \/>\n<meta name=\"twitter:site\" content=\"@LaGuiadPamplona\" \/>\n<meta name=\"twitter:label1\" content=\"Escrito por\" \/>\n\t<meta name=\"twitter:data1\" content=\"La Gu\u00eda de Pamplona\" \/>\n\t<meta name=\"twitter:label2\" content=\"Tiempo de lectura\" \/>\n\t<meta name=\"twitter:data2\" content=\"3 minutos\" \/>\n<script type=\"application\/ld+json\" class=\"yoast-schema-graph\">{\"@context\":\"https:\\\/\\\/schema.org\",\"@graph\":[{\"@type\":\"Article\",\"@id\":\"https:\\\/\\\/www.laguiadepamplona.com\\\/actualidad\\\/alumnado-del-ies-plaza-de-la-cruz-y-colegio-calasanz-junto-a-los-artistas-leyre-urbeltz-y-peio-iglesias-realizan-un-mural-colaborativo-de-arte-urbano-en-milagrosa\\\/#article\",\"isPartOf\":{\"@id\":\"https:\\\/\\\/www.laguiadepamplona.com\\\/actualidad\\\/alumnado-del-ies-plaza-de-la-cruz-y-colegio-calasanz-junto-a-los-artistas-leyre-urbeltz-y-peio-iglesias-realizan-un-mural-colaborativo-de-arte-urbano-en-milagrosa\\\/\"},\"author\":{\"name\":\"La Gu\u00eda de Pamplona\",\"@id\":\"https:\\\/\\\/www.laguiadepamplona.com\\\/actualidad\\\/#\\\/schema\\\/person\\\/efe887376f0213d4657c93adc50b1fdb\"},\"headline\":\"Alumnado del IES Plaza de la Cruz y Colegio Calasanz, junto a los artistas Leyre Urbeltz y Peio Iglesias, realizan un mural colaborativo de arte urbano en Milagrosa\",\"datePublished\":\"2022-11-30T12:28:28+00:00\",\"dateModified\":\"2023-04-11T09:47:30+00:00\",\"mainEntityOfPage\":{\"@id\":\"https:\\\/\\\/www.laguiadepamplona.com\\\/actualidad\\\/alumnado-del-ies-plaza-de-la-cruz-y-colegio-calasanz-junto-a-los-artistas-leyre-urbeltz-y-peio-iglesias-realizan-un-mural-colaborativo-de-arte-urbano-en-milagrosa\\\/\"},\"wordCount\":729,\"commentCount\":0,\"publisher\":{\"@id\":\"https:\\\/\\\/www.laguiadepamplona.com\\\/actualidad\\\/#organization\"},\"image\":{\"@id\":\"https:\\\/\\\/www.laguiadepamplona.com\\\/actualidad\\\/alumnado-del-ies-plaza-de-la-cruz-y-colegio-calasanz-junto-a-los-artistas-leyre-urbeltz-y-peio-iglesias-realizan-un-mural-colaborativo-de-arte-urbano-en-milagrosa\\\/#primaryimage\"},\"thumbnailUrl\":\"https:\\\/\\\/www.laguiadepamplona.com\\\/actualidad\\\/wp-content\\\/uploads\\\/2022\\\/11\\\/mural-colaborativo-arte-urbano-milagrosa.webp\",\"articleSection\":[\"Ayto Pamplona\"],\"inLanguage\":\"es\",\"potentialAction\":[{\"@type\":\"CommentAction\",\"name\":\"Comment\",\"target\":[\"https:\\\/\\\/www.laguiadepamplona.com\\\/actualidad\\\/alumnado-del-ies-plaza-de-la-cruz-y-colegio-calasanz-junto-a-los-artistas-leyre-urbeltz-y-peio-iglesias-realizan-un-mural-colaborativo-de-arte-urbano-en-milagrosa\\\/#respond\"]}]},{\"@type\":\"WebPage\",\"@id\":\"https:\\\/\\\/www.laguiadepamplona.com\\\/actualidad\\\/alumnado-del-ies-plaza-de-la-cruz-y-colegio-calasanz-junto-a-los-artistas-leyre-urbeltz-y-peio-iglesias-realizan-un-mural-colaborativo-de-arte-urbano-en-milagrosa\\\/\",\"url\":\"https:\\\/\\\/www.laguiadepamplona.com\\\/actualidad\\\/alumnado-del-ies-plaza-de-la-cruz-y-colegio-calasanz-junto-a-los-artistas-leyre-urbeltz-y-peio-iglesias-realizan-un-mural-colaborativo-de-arte-urbano-en-milagrosa\\\/\",\"name\":\"Alumnado del IES Plaza de la Cruz y Colegio Calasanz, junto a los artistas Leyre Urbeltz y Peio Iglesias, realizan un mural colaborativo de arte urbano en Milagrosa\",\"isPartOf\":{\"@id\":\"https:\\\/\\\/www.laguiadepamplona.com\\\/actualidad\\\/#website\"},\"primaryImageOfPage\":{\"@id\":\"https:\\\/\\\/www.laguiadepamplona.com\\\/actualidad\\\/alumnado-del-ies-plaza-de-la-cruz-y-colegio-calasanz-junto-a-los-artistas-leyre-urbeltz-y-peio-iglesias-realizan-un-mural-colaborativo-de-arte-urbano-en-milagrosa\\\/#primaryimage\"},\"image\":{\"@id\":\"https:\\\/\\\/www.laguiadepamplona.com\\\/actualidad\\\/alumnado-del-ies-plaza-de-la-cruz-y-colegio-calasanz-junto-a-los-artistas-leyre-urbeltz-y-peio-iglesias-realizan-un-mural-colaborativo-de-arte-urbano-en-milagrosa\\\/#primaryimage\"},\"thumbnailUrl\":\"https:\\\/\\\/www.laguiadepamplona.com\\\/actualidad\\\/wp-content\\\/uploads\\\/2022\\\/11\\\/mural-colaborativo-arte-urbano-milagrosa.webp\",\"datePublished\":\"2022-11-30T12:28:28+00:00\",\"dateModified\":\"2023-04-11T09:47:30+00:00\",\"description\":\"Las personas que han participado en el proyecto \u2018Floricultura en la generaci\u00f3n Z\u2019 lo presentan en el D\u00eda Internacional de la Ciudad Educadora\",\"breadcrumb\":{\"@id\":\"https:\\\/\\\/www.laguiadepamplona.com\\\/actualidad\\\/alumnado-del-ies-plaza-de-la-cruz-y-colegio-calasanz-junto-a-los-artistas-leyre-urbeltz-y-peio-iglesias-realizan-un-mural-colaborativo-de-arte-urbano-en-milagrosa\\\/#breadcrumb\"},\"inLanguage\":\"es\",\"potentialAction\":[{\"@type\":\"ReadAction\",\"target\":[\"https:\\\/\\\/www.laguiadepamplona.com\\\/actualidad\\\/alumnado-del-ies-plaza-de-la-cruz-y-colegio-calasanz-junto-a-los-artistas-leyre-urbeltz-y-peio-iglesias-realizan-un-mural-colaborativo-de-arte-urbano-en-milagrosa\\\/\"]}]},{\"@type\":\"ImageObject\",\"inLanguage\":\"es\",\"@id\":\"https:\\\/\\\/www.laguiadepamplona.com\\\/actualidad\\\/alumnado-del-ies-plaza-de-la-cruz-y-colegio-calasanz-junto-a-los-artistas-leyre-urbeltz-y-peio-iglesias-realizan-un-mural-colaborativo-de-arte-urbano-en-milagrosa\\\/#primaryimage\",\"url\":\"https:\\\/\\\/www.laguiadepamplona.com\\\/actualidad\\\/wp-content\\\/uploads\\\/2022\\\/11\\\/mural-colaborativo-arte-urbano-milagrosa.webp\",\"contentUrl\":\"https:\\\/\\\/www.laguiadepamplona.com\\\/actualidad\\\/wp-content\\\/uploads\\\/2022\\\/11\\\/mural-colaborativo-arte-urbano-milagrosa.webp\",\"width\":1920,\"height\":1281},{\"@type\":\"BreadcrumbList\",\"@id\":\"https:\\\/\\\/www.laguiadepamplona.com\\\/actualidad\\\/alumnado-del-ies-plaza-de-la-cruz-y-colegio-calasanz-junto-a-los-artistas-leyre-urbeltz-y-peio-iglesias-realizan-un-mural-colaborativo-de-arte-urbano-en-milagrosa\\\/#breadcrumb\",\"itemListElement\":[{\"@type\":\"ListItem\",\"position\":1,\"name\":\"Portada\",\"item\":\"https:\\\/\\\/www.laguiadepamplona.com\\\/actualidad\\\/\"},{\"@type\":\"ListItem\",\"position\":2,\"name\":\"Alumnado del IES Plaza de la Cruz y Colegio Calasanz, junto a los artistas Leyre Urbeltz y Peio Iglesias, realizan un mural colaborativo de arte urbano en Milagrosa\"}]},{\"@type\":\"WebSite\",\"@id\":\"https:\\\/\\\/www.laguiadepamplona.com\\\/actualidad\\\/#website\",\"url\":\"https:\\\/\\\/www.laguiadepamplona.com\\\/actualidad\\\/\",\"name\":\"La gu\u00eda de Pamplona\",\"description\":\"Noticias de Pamplona\",\"publisher\":{\"@id\":\"https:\\\/\\\/www.laguiadepamplona.com\\\/actualidad\\\/#organization\"},\"potentialAction\":[{\"@type\":\"SearchAction\",\"target\":{\"@type\":\"EntryPoint\",\"urlTemplate\":\"https:\\\/\\\/www.laguiadepamplona.com\\\/actualidad\\\/?s={search_term_string}\"},\"query-input\":{\"@type\":\"PropertyValueSpecification\",\"valueRequired\":true,\"valueName\":\"search_term_string\"}}],\"inLanguage\":\"es\"},{\"@type\":\"Organization\",\"@id\":\"https:\\\/\\\/www.laguiadepamplona.com\\\/actualidad\\\/#organization\",\"name\":\"La Gu\u00eda de Pamplona \\\/ Noticias\",\"url\":\"https:\\\/\\\/www.laguiadepamplona.com\\\/actualidad\\\/\",\"logo\":{\"@type\":\"ImageObject\",\"inLanguage\":\"es\",\"@id\":\"https:\\\/\\\/www.laguiadepamplona.com\\\/actualidad\\\/#\\\/schema\\\/logo\\\/image\\\/\",\"url\":\"https:\\\/\\\/www.laguiadepamplona.com\\\/actualidad\\\/wp-content\\\/uploads\\\/2018\\\/11\\\/logo-laguiadepamplona18-web1.png\",\"contentUrl\":\"https:\\\/\\\/www.laguiadepamplona.com\\\/actualidad\\\/wp-content\\\/uploads\\\/2018\\\/11\\\/logo-laguiadepamplona18-web1.png\",\"width\":600,\"height\":196,\"caption\":\"La Gu\u00eda de Pamplona \\\/ Noticias\"},\"image\":{\"@id\":\"https:\\\/\\\/www.laguiadepamplona.com\\\/actualidad\\\/#\\\/schema\\\/logo\\\/image\\\/\"},\"sameAs\":[\"https:\\\/\\\/www.facebook.com\\\/laguiadepamplonacom-133175176762273\\\/?ref=hl\",\"https:\\\/\\\/x.com\\\/LaGuiadPamplona\",\"https:\\\/\\\/www.instagram.com\\\/la_guia_de_pamplona\\\/\",\"https:\\\/\\\/www.youtube.com\\\/user\\\/laguiadepamplona\"]},{\"@type\":\"Person\",\"@id\":\"https:\\\/\\\/www.laguiadepamplona.com\\\/actualidad\\\/#\\\/schema\\\/person\\\/efe887376f0213d4657c93adc50b1fdb\",\"name\":\"La Gu\u00eda de Pamplona\",\"image\":{\"@type\":\"ImageObject\",\"inLanguage\":\"es\",\"@id\":\"https:\\\/\\\/secure.gravatar.com\\\/avatar\\\/b6992f131dc8d30ab0dff15446e9d346d9dbd95992de0fef795073f5ea83a81c?s=96&d=mm&r=g\",\"url\":\"https:\\\/\\\/secure.gravatar.com\\\/avatar\\\/b6992f131dc8d30ab0dff15446e9d346d9dbd95992de0fef795073f5ea83a81c?s=96&d=mm&r=g\",\"contentUrl\":\"https:\\\/\\\/secure.gravatar.com\\\/avatar\\\/b6992f131dc8d30ab0dff15446e9d346d9dbd95992de0fef795073f5ea83a81c?s=96&d=mm&r=g\",\"caption\":\"La Gu\u00eda de Pamplona\"}}]}<\/script>\n<!-- \/ Yoast SEO plugin. -->","yoast_head_json":{"title":"Alumnado del IES Plaza de la Cruz y Colegio Calasanz, junto a los artistas Leyre Urbeltz y Peio Iglesias, realizan un mural colaborativo de arte urbano en Milagrosa","description":"Las personas que han participado en el proyecto \u2018Floricultura en la generaci\u00f3n Z\u2019 lo presentan en el D\u00eda Internacional de la Ciudad Educadora","robots":{"index":"index","follow":"follow","max-snippet":"max-snippet:-1","max-image-preview":"max-image-preview:large","max-video-preview":"max-video-preview:-1"},"canonical":"https:\/\/www.laguiadepamplona.com\/actualidad\/alumnado-del-ies-plaza-de-la-cruz-y-colegio-calasanz-junto-a-los-artistas-leyre-urbeltz-y-peio-iglesias-realizan-un-mural-colaborativo-de-arte-urbano-en-milagrosa\/","og_locale":"es_ES","og_type":"article","og_title":"Alumnado del IES Plaza de la Cruz y Colegio Calasanz, junto a los artistas Leyre Urbeltz y Peio Iglesias, realizan un mural colaborativo de arte urbano en Milagrosa","og_description":"Las personas que han participado en el proyecto \u2018Floricultura en la generaci\u00f3n Z\u2019 lo presentan en el D\u00eda Internacional de la Ciudad Educadora","og_url":"https:\/\/www.laguiadepamplona.com\/actualidad\/alumnado-del-ies-plaza-de-la-cruz-y-colegio-calasanz-junto-a-los-artistas-leyre-urbeltz-y-peio-iglesias-realizan-un-mural-colaborativo-de-arte-urbano-en-milagrosa\/","og_site_name":"La Gu\u00eda de Pamplona","article_publisher":"https:\/\/www.facebook.com\/laguiadepamplonacom-133175176762273\/?ref=hl","article_published_time":"2022-11-30T12:28:28+00:00","article_modified_time":"2023-04-11T09:47:30+00:00","og_image":[{"width":1920,"height":1281,"url":"https:\/\/www.laguiadepamplona.com\/actualidad\/wp-content\/uploads\/2022\/11\/mural-colaborativo-arte-urbano-milagrosa.webp","type":"image\/webp"}],"author":"La Gu\u00eda de Pamplona","twitter_card":"summary_large_image","twitter_creator":"@LaGuiadPamplona","twitter_site":"@LaGuiadPamplona","twitter_misc":{"Escrito por":"La Gu\u00eda de Pamplona","Tiempo de lectura":"3 minutos"},"schema":{"@context":"https:\/\/schema.org","@graph":[{"@type":"Article","@id":"https:\/\/www.laguiadepamplona.com\/actualidad\/alumnado-del-ies-plaza-de-la-cruz-y-colegio-calasanz-junto-a-los-artistas-leyre-urbeltz-y-peio-iglesias-realizan-un-mural-colaborativo-de-arte-urbano-en-milagrosa\/#article","isPartOf":{"@id":"https:\/\/www.laguiadepamplona.com\/actualidad\/alumnado-del-ies-plaza-de-la-cruz-y-colegio-calasanz-junto-a-los-artistas-leyre-urbeltz-y-peio-iglesias-realizan-un-mural-colaborativo-de-arte-urbano-en-milagrosa\/"},"author":{"name":"La Gu\u00eda de Pamplona","@id":"https:\/\/www.laguiadepamplona.com\/actualidad\/#\/schema\/person\/efe887376f0213d4657c93adc50b1fdb"},"headline":"Alumnado del IES Plaza de la Cruz y Colegio Calasanz, junto a los artistas Leyre Urbeltz y Peio Iglesias, realizan un mural colaborativo de arte urbano en Milagrosa","datePublished":"2022-11-30T12:28:28+00:00","dateModified":"2023-04-11T09:47:30+00:00","mainEntityOfPage":{"@id":"https:\/\/www.laguiadepamplona.com\/actualidad\/alumnado-del-ies-plaza-de-la-cruz-y-colegio-calasanz-junto-a-los-artistas-leyre-urbeltz-y-peio-iglesias-realizan-un-mural-colaborativo-de-arte-urbano-en-milagrosa\/"},"wordCount":729,"commentCount":0,"publisher":{"@id":"https:\/\/www.laguiadepamplona.com\/actualidad\/#organization"},"image":{"@id":"https:\/\/www.laguiadepamplona.com\/actualidad\/alumnado-del-ies-plaza-de-la-cruz-y-colegio-calasanz-junto-a-los-artistas-leyre-urbeltz-y-peio-iglesias-realizan-un-mural-colaborativo-de-arte-urbano-en-milagrosa\/#primaryimage"},"thumbnailUrl":"https:\/\/www.laguiadepamplona.com\/actualidad\/wp-content\/uploads\/2022\/11\/mural-colaborativo-arte-urbano-milagrosa.webp","articleSection":["Ayto Pamplona"],"inLanguage":"es","potentialAction":[{"@type":"CommentAction","name":"Comment","target":["https:\/\/www.laguiadepamplona.com\/actualidad\/alumnado-del-ies-plaza-de-la-cruz-y-colegio-calasanz-junto-a-los-artistas-leyre-urbeltz-y-peio-iglesias-realizan-un-mural-colaborativo-de-arte-urbano-en-milagrosa\/#respond"]}]},{"@type":"WebPage","@id":"https:\/\/www.laguiadepamplona.com\/actualidad\/alumnado-del-ies-plaza-de-la-cruz-y-colegio-calasanz-junto-a-los-artistas-leyre-urbeltz-y-peio-iglesias-realizan-un-mural-colaborativo-de-arte-urbano-en-milagrosa\/","url":"https:\/\/www.laguiadepamplona.com\/actualidad\/alumnado-del-ies-plaza-de-la-cruz-y-colegio-calasanz-junto-a-los-artistas-leyre-urbeltz-y-peio-iglesias-realizan-un-mural-colaborativo-de-arte-urbano-en-milagrosa\/","name":"Alumnado del IES Plaza de la Cruz y Colegio Calasanz, junto a los artistas Leyre Urbeltz y Peio Iglesias, realizan un mural colaborativo de arte urbano en Milagrosa","isPartOf":{"@id":"https:\/\/www.laguiadepamplona.com\/actualidad\/#website"},"primaryImageOfPage":{"@id":"https:\/\/www.laguiadepamplona.com\/actualidad\/alumnado-del-ies-plaza-de-la-cruz-y-colegio-calasanz-junto-a-los-artistas-leyre-urbeltz-y-peio-iglesias-realizan-un-mural-colaborativo-de-arte-urbano-en-milagrosa\/#primaryimage"},"image":{"@id":"https:\/\/www.laguiadepamplona.com\/actualidad\/alumnado-del-ies-plaza-de-la-cruz-y-colegio-calasanz-junto-a-los-artistas-leyre-urbeltz-y-peio-iglesias-realizan-un-mural-colaborativo-de-arte-urbano-en-milagrosa\/#primaryimage"},"thumbnailUrl":"https:\/\/www.laguiadepamplona.com\/actualidad\/wp-content\/uploads\/2022\/11\/mural-colaborativo-arte-urbano-milagrosa.webp","datePublished":"2022-11-30T12:28:28+00:00","dateModified":"2023-04-11T09:47:30+00:00","description":"Las personas que han participado en el proyecto \u2018Floricultura en la generaci\u00f3n Z\u2019 lo presentan en el D\u00eda Internacional de la Ciudad Educadora","breadcrumb":{"@id":"https:\/\/www.laguiadepamplona.com\/actualidad\/alumnado-del-ies-plaza-de-la-cruz-y-colegio-calasanz-junto-a-los-artistas-leyre-urbeltz-y-peio-iglesias-realizan-un-mural-colaborativo-de-arte-urbano-en-milagrosa\/#breadcrumb"},"inLanguage":"es","potentialAction":[{"@type":"ReadAction","target":["https:\/\/www.laguiadepamplona.com\/actualidad\/alumnado-del-ies-plaza-de-la-cruz-y-colegio-calasanz-junto-a-los-artistas-leyre-urbeltz-y-peio-iglesias-realizan-un-mural-colaborativo-de-arte-urbano-en-milagrosa\/"]}]},{"@type":"ImageObject","inLanguage":"es","@id":"https:\/\/www.laguiadepamplona.com\/actualidad\/alumnado-del-ies-plaza-de-la-cruz-y-colegio-calasanz-junto-a-los-artistas-leyre-urbeltz-y-peio-iglesias-realizan-un-mural-colaborativo-de-arte-urbano-en-milagrosa\/#primaryimage","url":"https:\/\/www.laguiadepamplona.com\/actualidad\/wp-content\/uploads\/2022\/11\/mural-colaborativo-arte-urbano-milagrosa.webp","contentUrl":"https:\/\/www.laguiadepamplona.com\/actualidad\/wp-content\/uploads\/2022\/11\/mural-colaborativo-arte-urbano-milagrosa.webp","width":1920,"height":1281},{"@type":"BreadcrumbList","@id":"https:\/\/www.laguiadepamplona.com\/actualidad\/alumnado-del-ies-plaza-de-la-cruz-y-colegio-calasanz-junto-a-los-artistas-leyre-urbeltz-y-peio-iglesias-realizan-un-mural-colaborativo-de-arte-urbano-en-milagrosa\/#breadcrumb","itemListElement":[{"@type":"ListItem","position":1,"name":"Portada","item":"https:\/\/www.laguiadepamplona.com\/actualidad\/"},{"@type":"ListItem","position":2,"name":"Alumnado del IES Plaza de la Cruz y Colegio Calasanz, junto a los artistas Leyre Urbeltz y Peio Iglesias, realizan un mural colaborativo de arte urbano en Milagrosa"}]},{"@type":"WebSite","@id":"https:\/\/www.laguiadepamplona.com\/actualidad\/#website","url":"https:\/\/www.laguiadepamplona.com\/actualidad\/","name":"La gu\u00eda de Pamplona","description":"Noticias de Pamplona","publisher":{"@id":"https:\/\/www.laguiadepamplona.com\/actualidad\/#organization"},"potentialAction":[{"@type":"SearchAction","target":{"@type":"EntryPoint","urlTemplate":"https:\/\/www.laguiadepamplona.com\/actualidad\/?s={search_term_string}"},"query-input":{"@type":"PropertyValueSpecification","valueRequired":true,"valueName":"search_term_string"}}],"inLanguage":"es"},{"@type":"Organization","@id":"https:\/\/www.laguiadepamplona.com\/actualidad\/#organization","name":"La Gu\u00eda de Pamplona \/ Noticias","url":"https:\/\/www.laguiadepamplona.com\/actualidad\/","logo":{"@type":"ImageObject","inLanguage":"es","@id":"https:\/\/www.laguiadepamplona.com\/actualidad\/#\/schema\/logo\/image\/","url":"https:\/\/www.laguiadepamplona.com\/actualidad\/wp-content\/uploads\/2018\/11\/logo-laguiadepamplona18-web1.png","contentUrl":"https:\/\/www.laguiadepamplona.com\/actualidad\/wp-content\/uploads\/2018\/11\/logo-laguiadepamplona18-web1.png","width":600,"height":196,"caption":"La Gu\u00eda de Pamplona \/ Noticias"},"image":{"@id":"https:\/\/www.laguiadepamplona.com\/actualidad\/#\/schema\/logo\/image\/"},"sameAs":["https:\/\/www.facebook.com\/laguiadepamplonacom-133175176762273\/?ref=hl","https:\/\/x.com\/LaGuiadPamplona","https:\/\/www.instagram.com\/la_guia_de_pamplona\/","https:\/\/www.youtube.com\/user\/laguiadepamplona"]},{"@type":"Person","@id":"https:\/\/www.laguiadepamplona.com\/actualidad\/#\/schema\/person\/efe887376f0213d4657c93adc50b1fdb","name":"La Gu\u00eda de Pamplona","image":{"@type":"ImageObject","inLanguage":"es","@id":"https:\/\/secure.gravatar.com\/avatar\/b6992f131dc8d30ab0dff15446e9d346d9dbd95992de0fef795073f5ea83a81c?s=96&d=mm&r=g","url":"https:\/\/secure.gravatar.com\/avatar\/b6992f131dc8d30ab0dff15446e9d346d9dbd95992de0fef795073f5ea83a81c?s=96&d=mm&r=g","contentUrl":"https:\/\/secure.gravatar.com\/avatar\/b6992f131dc8d30ab0dff15446e9d346d9dbd95992de0fef795073f5ea83a81c?s=96&d=mm&r=g","caption":"La Gu\u00eda de Pamplona"}}]}},"post_mailing_queue_ids":[],"_links":{"self":[{"href":"https:\/\/www.laguiadepamplona.com\/actualidad\/wp-json\/wp\/v2\/posts\/42356","targetHints":{"allow":["GET"]}}],"collection":[{"href":"https:\/\/www.laguiadepamplona.com\/actualidad\/wp-json\/wp\/v2\/posts"}],"about":[{"href":"https:\/\/www.laguiadepamplona.com\/actualidad\/wp-json\/wp\/v2\/types\/post"}],"author":[{"embeddable":true,"href":"https:\/\/www.laguiadepamplona.com\/actualidad\/wp-json\/wp\/v2\/users\/1"}],"replies":[{"embeddable":true,"href":"https:\/\/www.laguiadepamplona.com\/actualidad\/wp-json\/wp\/v2\/comments?post=42356"}],"version-history":[{"count":0,"href":"https:\/\/www.laguiadepamplona.com\/actualidad\/wp-json\/wp\/v2\/posts\/42356\/revisions"}],"wp:featuredmedia":[{"embeddable":true,"href":"https:\/\/www.laguiadepamplona.com\/actualidad\/wp-json\/wp\/v2\/media\/42357"}],"wp:attachment":[{"href":"https:\/\/www.laguiadepamplona.com\/actualidad\/wp-json\/wp\/v2\/media?parent=42356"}],"wp:term":[{"taxonomy":"category","embeddable":true,"href":"https:\/\/www.laguiadepamplona.com\/actualidad\/wp-json\/wp\/v2\/categories?post=42356"},{"taxonomy":"post_tag","embeddable":true,"href":"https:\/\/www.laguiadepamplona.com\/actualidad\/wp-json\/wp\/v2\/tags?post=42356"}],"curies":[{"name":"wp","href":"https:\/\/api.w.org\/{rel}","templated":true}]}}