{"id":42350,"date":"2022-11-28T20:26:49","date_gmt":"2022-11-28T18:26:49","guid":{"rendered":"https:\/\/www.laguiadepamplona.com\/actualidad\/?p=42350"},"modified":"2023-04-11T11:47:31","modified_gmt":"2023-04-11T09:47:31","slug":"el-belen-del-zaguan-de-la-casa-consistorial-abre-una-puerta-a-la-navarra-rural-de-principios-del-siglo-xx","status":"publish","type":"post","link":"https:\/\/www.laguiadepamplona.com\/actualidad\/el-belen-del-zaguan-de-la-casa-consistorial-abre-una-puerta-a-la-navarra-rural-de-principios-del-siglo-xx\/","title":{"rendered":"El bel\u00e9n del zagu\u00e1n de la Casa Consistorial abre una puerta a la Navarra rural de principios del siglo XX"},"content":{"rendered":"<h5>Coincidiendo con la festividad de San Saturnino, el alcalde inaugurar\u00e1 ma\u00f1ana esta tradici\u00f3n junto con la iluminaci\u00f3n navide\u00f1a de la ciudad<\/h5>\n<p><!--more--><\/p>\n<p>Un paisaje de monta\u00f1a, del norte de Navarra, de principios del siglo pasado es el escenario elegido en esta ocasi\u00f3n para ambientar el bel\u00e9n del zagu\u00e1n de la Casa Consistorial. <strong><u>El alcalde de Pamplona, Enrique Maya, la corporaci\u00f3n municipal y miembros de la Asociaci\u00f3n de Belenistas de Pamplona, con su presidente, Pedro Javier Mart\u00ednez, participar\u00e1n ma\u00f1ana, a las 17.30 horas,<\/u><\/strong> en la inauguraci\u00f3n del bel\u00e9n, que estar\u00e1 acompa\u00f1ado por las figuras de los Reyes Magos y del Olentzero. A continuaci\u00f3n, <strong><u>a las 17.45 horas se proceder\u00e1 al encendido de la iluminaci\u00f3n navide\u00f1a<\/u><\/strong>, abriendo as\u00ed la programaci\u00f3n festiva de la ciudad.<\/p>\n<p>El bel\u00e9n busca transportar al visitante un siglo atr\u00e1s, a un lugar indeterminado pero habitual en la Navarra de entonces, donde la agricultura y la ganader\u00eda eran el sustento del conjunto de la poblaci\u00f3n. En esta cuidada recreaci\u00f3n de un entorno rural han trabajado desde primavera una docena de belenistas, codo con codo, realizando cada detalle, desde el monte hasta las viviendas, incluidas las figuras, de barro cocido, que se han creado ex profeso para este bel\u00e9n por Ignacio Fern\u00e1ndez, miembro de la Asociaci\u00f3n de Belenistas de Pamplona. Las figuras, adem\u00e1s, est\u00e1n ataviadas con vestimenta popular de la \u00e9poca.<br \/>\n<script async src=\"\/\/pagead2.googlesyndication.com\/pagead\/js\/adsbygoogle.js\"><\/script><br \/>\n<!-- Noticias La Guia de Pamplona --><br \/>\n<ins class=\"adsbygoogle\"\nstyle=\"display:block\"\ndata-ad-client=\"ca-pub-6943679897239327\"\ndata-ad-slot=\"7048180777\"\ndata-ad-format=\"auto\"><\/ins><br \/>\n<script>\n(adsbygoogle = window.adsbygoogle || []).push({});\n<\/script><\/p>\n<p>El visitante podr\u00e1 apreciar los detalles en la reconstrucci\u00f3n de una cuadra t\u00edpica del norte de la Navarra rural, con todo tipo de aperos de la \u00e9poca y productos de invierno. Ese establo es el que acoge el nacimiento, pero deja entrever tambi\u00e9n otras casas y un amplio valle con un pueblo en su ladera. La mayor parte de los elementos est\u00e1n realizados en al porexpan y en espuma de poliuretano.<\/p>\n<p>La elecci\u00f3n de esta imagen para el bel\u00e9n del zagu\u00e1n de este a\u00f1o surgi\u00f3 el a\u00f1o pasado, durante la realizaci\u00f3n de un curso de paisajismo en la propia Asociaci\u00f3n de Belenistas. A ra\u00edz de esa actividad se acord\u00f3, para la ocasi\u00f3n, conformar un equipo de doce personas, cada una de ellas representante de uno de los grupos de trabajo habituales de la asociaci\u00f3n. El objetivo era realizar entre todos, en auzolan, este bel\u00e9n con unas dimensiones de 6,67 metros de ancho y 1,17 de alto, que da la bienvenida a la Casa Consistorial. Desde 2017, el bel\u00e9n se ubica en una caja esc\u00e9nica que realiz\u00f3 el alumnado de carpinter\u00eda del Centro de Formaci\u00f3n para el Empleo de Landaben.<\/p>\n<p>El bel\u00e9n quedar\u00e1 abierto al p\u00fablico ma\u00f1ana a las 18 horas, y podr\u00e1 visitarse hasta el 6 de enero. El horario de apertura en d\u00edas laborables ser\u00e1 de ocho de la ma\u00f1ana a ocho de la tarde. Los fines de semana y festivos, el zagu\u00e1n se abrir\u00e1 a las diez de la ma\u00f1ana y permanecer\u00e1 abierto hasta las ocho de la tarde.<br \/>\n<script async src=\"\/\/pagead2.googlesyndication.com\/pagead\/js\/adsbygoogle.js\"><\/script><br \/>\n<!-- Noticias La Guia de Pamplona --><br \/>\n<ins class=\"adsbygoogle\"\nstyle=\"display:block\"\ndata-ad-client=\"ca-pub-6943679897239327\"\ndata-ad-slot=\"7048180777\"\ndata-ad-format=\"auto\"><\/ins><br \/>\n<script>\n(adsbygoogle = window.adsbygoogle || []).push({});\n<\/script><\/p>\n<p><strong>Las calles, iluminadas<\/strong><\/p>\n<p>Tras la inauguraci\u00f3n del bel\u00e9n, a las 17.45 horas se proceder\u00e1 al encendido de las luces de Navidad, que iluminar\u00e1n las calles del Casco Antiguo y del Ensanche hasta el 6 de enero. Durante estos d\u00edas prenavide\u00f1os y durante las fiestas, las luces permanecer\u00e1n encendidas de 17.45 a 23 horas. Los viernes y s\u00e1bados de diciembre y enero, el apagado ser\u00e1 a la una de la madrugada, y el 24 y 31 de diciembre y el 5 de enero, v\u00edsperas de los festivos navide\u00f1os, se prolongar\u00e1 hasta las 2 de la madrugada.<\/p>\n<p>La iluminaci\u00f3n incluye 86 arcos de luz en el Casco Antiguo y 95 en el Ensanche, adem\u00e1s de distintas decoraciones en las plazas de la Libertad, de la Cruz, Pr\u00edncipe de Viana, Merindades, San Francisco y Teatro Gayarre. Tambi\u00e9n contar\u00e1n con iluminaci\u00f3n especial la fachada de la Casa Consistorial y la propia plaza, la avenida de Carlos III entera, entre la plaza del Castillo y la plaza de la Libertad, y el kiosko y per\u00edmetro de la plaza del Castillo.<br \/>\n<script async src=\"\/\/pagead2.googlesyndication.com\/pagead\/js\/adsbygoogle.js\"><\/script><br \/>\n<!-- Noticias La Guia de Pamplona --><br \/>\n<ins class=\"adsbygoogle\"\nstyle=\"display:block\"\ndata-ad-client=\"ca-pub-6943679897239327\"\ndata-ad-slot=\"7048180777\"\ndata-ad-format=\"auto\"><\/ins><br \/>\n<script>\n(adsbygoogle = window.adsbygoogle || []).push({});\n<\/script><\/p>\n<p>&nbsp;<\/p>\n<h3>Horarios del Bel\u00e9n &#8211; del 29 de noviembre al 6 de enero<\/h3>\n<ul>\n<li>D\u00eda 29 de noviembre: de 18 a 20 horas<\/li>\n<li>Laborables: de 8 a 20 horas<\/li>\n<li>Fines de semana y festivos: de 10 a 20 horas.<\/li>\n<\/ul>\n<p>Horarios de la Iluminaci\u00f3n &#8211; del 29 de noviembre al 6 de enero<\/p>\n<ul>\n<li><strong>Horario habitual <\/strong>\n<ul>\n<li>Encendido: 17.45. Apagado: 23 horas<\/li>\n<\/ul>\n<\/li>\n<li><strong>Viernes y s\u00e1bados de diciembre y enero <\/strong>\n<ul>\n<li>Encendido: 17.45. Apagado: 1 de la madrugada<\/li>\n<\/ul>\n<\/li>\n<li><strong>V\u00edsperas de festivos navide\u00f1os: 24 y 31 de diciembre y 5 de enero <\/strong>\n<ul>\n<li>Encendido: 17.45. Apagado: 2 de la madrugada<\/li>\n<\/ul>\n<\/li>\n<\/ul>\n","protected":false},"excerpt":{"rendered":"<p>Coincidiendo con la festividad de San Saturnino, el alcalde inaugurar\u00e1 ma\u00f1ana esta tradici\u00f3n junto con la iluminaci\u00f3n navide\u00f1a de la ciudad<\/p>\n","protected":false},"author":1,"featured_media":42351,"comment_status":"open","ping_status":"closed","sticky":false,"template":"","format":"standard","meta":{"footnotes":""},"categories":[2],"tags":[],"class_list":["post-42350","post","type-post","status-publish","format-standard","has-post-thumbnail","hentry","category-ayuntamiento-pamplona"],"yoast_head":"<!-- This site is optimized with the Yoast SEO plugin v27.3 - https:\/\/yoast.com\/product\/yoast-seo-wordpress\/ -->\n<title>El bel\u00e9n del zagu\u00e1n de la Casa Consistorial abre una puerta a la Navarra rural de principios del siglo XX<\/title>\n<meta name=\"description\" content=\"Coincidiendo con la festividad de San Saturnino, el alcalde inaugurar\u00e1 ma\u00f1ana esta tradici\u00f3n junto con la iluminaci\u00f3n navide\u00f1a de la ciudad\" \/>\n<meta name=\"robots\" content=\"index, follow, max-snippet:-1, max-image-preview:large, max-video-preview:-1\" \/>\n<link rel=\"canonical\" href=\"https:\/\/www.laguiadepamplona.com\/actualidad\/el-belen-del-zaguan-de-la-casa-consistorial-abre-una-puerta-a-la-navarra-rural-de-principios-del-siglo-xx\/\" \/>\n<meta property=\"og:locale\" content=\"es_ES\" \/>\n<meta property=\"og:type\" content=\"article\" \/>\n<meta property=\"og:title\" content=\"El bel\u00e9n del zagu\u00e1n de la Casa Consistorial abre una puerta a la Navarra rural de principios del siglo XX\" \/>\n<meta property=\"og:description\" content=\"Coincidiendo con la festividad de San Saturnino, el alcalde inaugurar\u00e1 ma\u00f1ana esta tradici\u00f3n junto con la iluminaci\u00f3n navide\u00f1a de la ciudad\" \/>\n<meta property=\"og:url\" content=\"https:\/\/www.laguiadepamplona.com\/actualidad\/el-belen-del-zaguan-de-la-casa-consistorial-abre-una-puerta-a-la-navarra-rural-de-principios-del-siglo-xx\/\" \/>\n<meta property=\"og:site_name\" content=\"La Gu\u00eda de Pamplona\" \/>\n<meta property=\"article:publisher\" content=\"https:\/\/www.facebook.com\/laguiadepamplonacom-133175176762273\/?ref=hl\" \/>\n<meta property=\"article:published_time\" content=\"2022-11-28T18:26:49+00:00\" \/>\n<meta property=\"article:modified_time\" content=\"2023-04-11T09:47:31+00:00\" \/>\n<meta property=\"og:image\" content=\"https:\/\/www.laguiadepamplona.com\/actualidad\/wp-content\/uploads\/2022\/11\/ENCENDIDO-LUCES-NAVIDAD-CORO_EE5A4485.webp\" \/>\n\t<meta property=\"og:image:width\" content=\"1920\" \/>\n\t<meta property=\"og:image:height\" content=\"1280\" \/>\n\t<meta property=\"og:image:type\" content=\"image\/webp\" \/>\n<meta name=\"author\" content=\"La Gu\u00eda de Pamplona\" \/>\n<meta name=\"twitter:card\" content=\"summary_large_image\" \/>\n<meta name=\"twitter:creator\" content=\"@LaGuiadPamplona\" \/>\n<meta name=\"twitter:site\" content=\"@LaGuiadPamplona\" \/>\n<meta name=\"twitter:label1\" content=\"Escrito por\" \/>\n\t<meta name=\"twitter:data1\" content=\"La Gu\u00eda de Pamplona\" \/>\n\t<meta name=\"twitter:label2\" content=\"Tiempo de lectura\" \/>\n\t<meta name=\"twitter:data2\" content=\"4 minutos\" \/>\n<script type=\"application\/ld+json\" class=\"yoast-schema-graph\">{\"@context\":\"https:\\\/\\\/schema.org\",\"@graph\":[{\"@type\":\"Article\",\"@id\":\"https:\\\/\\\/www.laguiadepamplona.com\\\/actualidad\\\/el-belen-del-zaguan-de-la-casa-consistorial-abre-una-puerta-a-la-navarra-rural-de-principios-del-siglo-xx\\\/#article\",\"isPartOf\":{\"@id\":\"https:\\\/\\\/www.laguiadepamplona.com\\\/actualidad\\\/el-belen-del-zaguan-de-la-casa-consistorial-abre-una-puerta-a-la-navarra-rural-de-principios-del-siglo-xx\\\/\"},\"author\":{\"name\":\"La Gu\u00eda de Pamplona\",\"@id\":\"https:\\\/\\\/www.laguiadepamplona.com\\\/actualidad\\\/#\\\/schema\\\/person\\\/efe887376f0213d4657c93adc50b1fdb\"},\"headline\":\"El bel\u00e9n del zagu\u00e1n de la Casa Consistorial abre una puerta a la Navarra rural de principios del siglo XX\",\"datePublished\":\"2022-11-28T18:26:49+00:00\",\"dateModified\":\"2023-04-11T09:47:31+00:00\",\"mainEntityOfPage\":{\"@id\":\"https:\\\/\\\/www.laguiadepamplona.com\\\/actualidad\\\/el-belen-del-zaguan-de-la-casa-consistorial-abre-una-puerta-a-la-navarra-rural-de-principios-del-siglo-xx\\\/\"},\"wordCount\":801,\"commentCount\":0,\"publisher\":{\"@id\":\"https:\\\/\\\/www.laguiadepamplona.com\\\/actualidad\\\/#organization\"},\"image\":{\"@id\":\"https:\\\/\\\/www.laguiadepamplona.com\\\/actualidad\\\/el-belen-del-zaguan-de-la-casa-consistorial-abre-una-puerta-a-la-navarra-rural-de-principios-del-siglo-xx\\\/#primaryimage\"},\"thumbnailUrl\":\"https:\\\/\\\/www.laguiadepamplona.com\\\/actualidad\\\/wp-content\\\/uploads\\\/2022\\\/11\\\/ENCENDIDO-LUCES-NAVIDAD-CORO_EE5A4485.webp\",\"articleSection\":[\"Ayto Pamplona\"],\"inLanguage\":\"es\",\"potentialAction\":[{\"@type\":\"CommentAction\",\"name\":\"Comment\",\"target\":[\"https:\\\/\\\/www.laguiadepamplona.com\\\/actualidad\\\/el-belen-del-zaguan-de-la-casa-consistorial-abre-una-puerta-a-la-navarra-rural-de-principios-del-siglo-xx\\\/#respond\"]}]},{\"@type\":\"WebPage\",\"@id\":\"https:\\\/\\\/www.laguiadepamplona.com\\\/actualidad\\\/el-belen-del-zaguan-de-la-casa-consistorial-abre-una-puerta-a-la-navarra-rural-de-principios-del-siglo-xx\\\/\",\"url\":\"https:\\\/\\\/www.laguiadepamplona.com\\\/actualidad\\\/el-belen-del-zaguan-de-la-casa-consistorial-abre-una-puerta-a-la-navarra-rural-de-principios-del-siglo-xx\\\/\",\"name\":\"El bel\u00e9n del zagu\u00e1n de la Casa Consistorial abre una puerta a la Navarra rural de principios del siglo XX\",\"isPartOf\":{\"@id\":\"https:\\\/\\\/www.laguiadepamplona.com\\\/actualidad\\\/#website\"},\"primaryImageOfPage\":{\"@id\":\"https:\\\/\\\/www.laguiadepamplona.com\\\/actualidad\\\/el-belen-del-zaguan-de-la-casa-consistorial-abre-una-puerta-a-la-navarra-rural-de-principios-del-siglo-xx\\\/#primaryimage\"},\"image\":{\"@id\":\"https:\\\/\\\/www.laguiadepamplona.com\\\/actualidad\\\/el-belen-del-zaguan-de-la-casa-consistorial-abre-una-puerta-a-la-navarra-rural-de-principios-del-siglo-xx\\\/#primaryimage\"},\"thumbnailUrl\":\"https:\\\/\\\/www.laguiadepamplona.com\\\/actualidad\\\/wp-content\\\/uploads\\\/2022\\\/11\\\/ENCENDIDO-LUCES-NAVIDAD-CORO_EE5A4485.webp\",\"datePublished\":\"2022-11-28T18:26:49+00:00\",\"dateModified\":\"2023-04-11T09:47:31+00:00\",\"description\":\"Coincidiendo con la festividad de San Saturnino, el alcalde inaugurar\u00e1 ma\u00f1ana esta tradici\u00f3n junto con la iluminaci\u00f3n navide\u00f1a de la ciudad\",\"breadcrumb\":{\"@id\":\"https:\\\/\\\/www.laguiadepamplona.com\\\/actualidad\\\/el-belen-del-zaguan-de-la-casa-consistorial-abre-una-puerta-a-la-navarra-rural-de-principios-del-siglo-xx\\\/#breadcrumb\"},\"inLanguage\":\"es\",\"potentialAction\":[{\"@type\":\"ReadAction\",\"target\":[\"https:\\\/\\\/www.laguiadepamplona.com\\\/actualidad\\\/el-belen-del-zaguan-de-la-casa-consistorial-abre-una-puerta-a-la-navarra-rural-de-principios-del-siglo-xx\\\/\"]}]},{\"@type\":\"ImageObject\",\"inLanguage\":\"es\",\"@id\":\"https:\\\/\\\/www.laguiadepamplona.com\\\/actualidad\\\/el-belen-del-zaguan-de-la-casa-consistorial-abre-una-puerta-a-la-navarra-rural-de-principios-del-siglo-xx\\\/#primaryimage\",\"url\":\"https:\\\/\\\/www.laguiadepamplona.com\\\/actualidad\\\/wp-content\\\/uploads\\\/2022\\\/11\\\/ENCENDIDO-LUCES-NAVIDAD-CORO_EE5A4485.webp\",\"contentUrl\":\"https:\\\/\\\/www.laguiadepamplona.com\\\/actualidad\\\/wp-content\\\/uploads\\\/2022\\\/11\\\/ENCENDIDO-LUCES-NAVIDAD-CORO_EE5A4485.webp\",\"width\":1920,\"height\":1280},{\"@type\":\"BreadcrumbList\",\"@id\":\"https:\\\/\\\/www.laguiadepamplona.com\\\/actualidad\\\/el-belen-del-zaguan-de-la-casa-consistorial-abre-una-puerta-a-la-navarra-rural-de-principios-del-siglo-xx\\\/#breadcrumb\",\"itemListElement\":[{\"@type\":\"ListItem\",\"position\":1,\"name\":\"Portada\",\"item\":\"https:\\\/\\\/www.laguiadepamplona.com\\\/actualidad\\\/\"},{\"@type\":\"ListItem\",\"position\":2,\"name\":\"El bel\u00e9n del zagu\u00e1n de la Casa Consistorial abre una puerta a la Navarra rural de principios del siglo XX\"}]},{\"@type\":\"WebSite\",\"@id\":\"https:\\\/\\\/www.laguiadepamplona.com\\\/actualidad\\\/#website\",\"url\":\"https:\\\/\\\/www.laguiadepamplona.com\\\/actualidad\\\/\",\"name\":\"La gu\u00eda de Pamplona\",\"description\":\"Noticias de Pamplona\",\"publisher\":{\"@id\":\"https:\\\/\\\/www.laguiadepamplona.com\\\/actualidad\\\/#organization\"},\"potentialAction\":[{\"@type\":\"SearchAction\",\"target\":{\"@type\":\"EntryPoint\",\"urlTemplate\":\"https:\\\/\\\/www.laguiadepamplona.com\\\/actualidad\\\/?s={search_term_string}\"},\"query-input\":{\"@type\":\"PropertyValueSpecification\",\"valueRequired\":true,\"valueName\":\"search_term_string\"}}],\"inLanguage\":\"es\"},{\"@type\":\"Organization\",\"@id\":\"https:\\\/\\\/www.laguiadepamplona.com\\\/actualidad\\\/#organization\",\"name\":\"La Gu\u00eda de Pamplona \\\/ Noticias\",\"url\":\"https:\\\/\\\/www.laguiadepamplona.com\\\/actualidad\\\/\",\"logo\":{\"@type\":\"ImageObject\",\"inLanguage\":\"es\",\"@id\":\"https:\\\/\\\/www.laguiadepamplona.com\\\/actualidad\\\/#\\\/schema\\\/logo\\\/image\\\/\",\"url\":\"https:\\\/\\\/www.laguiadepamplona.com\\\/actualidad\\\/wp-content\\\/uploads\\\/2018\\\/11\\\/logo-laguiadepamplona18-web1.png\",\"contentUrl\":\"https:\\\/\\\/www.laguiadepamplona.com\\\/actualidad\\\/wp-content\\\/uploads\\\/2018\\\/11\\\/logo-laguiadepamplona18-web1.png\",\"width\":600,\"height\":196,\"caption\":\"La Gu\u00eda de Pamplona \\\/ Noticias\"},\"image\":{\"@id\":\"https:\\\/\\\/www.laguiadepamplona.com\\\/actualidad\\\/#\\\/schema\\\/logo\\\/image\\\/\"},\"sameAs\":[\"https:\\\/\\\/www.facebook.com\\\/laguiadepamplonacom-133175176762273\\\/?ref=hl\",\"https:\\\/\\\/x.com\\\/LaGuiadPamplona\",\"https:\\\/\\\/www.instagram.com\\\/la_guia_de_pamplona\\\/\",\"https:\\\/\\\/www.youtube.com\\\/user\\\/laguiadepamplona\"]},{\"@type\":\"Person\",\"@id\":\"https:\\\/\\\/www.laguiadepamplona.com\\\/actualidad\\\/#\\\/schema\\\/person\\\/efe887376f0213d4657c93adc50b1fdb\",\"name\":\"La Gu\u00eda de Pamplona\",\"image\":{\"@type\":\"ImageObject\",\"inLanguage\":\"es\",\"@id\":\"https:\\\/\\\/secure.gravatar.com\\\/avatar\\\/b6992f131dc8d30ab0dff15446e9d346d9dbd95992de0fef795073f5ea83a81c?s=96&d=mm&r=g\",\"url\":\"https:\\\/\\\/secure.gravatar.com\\\/avatar\\\/b6992f131dc8d30ab0dff15446e9d346d9dbd95992de0fef795073f5ea83a81c?s=96&d=mm&r=g\",\"contentUrl\":\"https:\\\/\\\/secure.gravatar.com\\\/avatar\\\/b6992f131dc8d30ab0dff15446e9d346d9dbd95992de0fef795073f5ea83a81c?s=96&d=mm&r=g\",\"caption\":\"La Gu\u00eda de Pamplona\"}}]}<\/script>\n<!-- \/ Yoast SEO plugin. -->","yoast_head_json":{"title":"El bel\u00e9n del zagu\u00e1n de la Casa Consistorial abre una puerta a la Navarra rural de principios del siglo XX","description":"Coincidiendo con la festividad de San Saturnino, el alcalde inaugurar\u00e1 ma\u00f1ana esta tradici\u00f3n junto con la iluminaci\u00f3n navide\u00f1a de la ciudad","robots":{"index":"index","follow":"follow","max-snippet":"max-snippet:-1","max-image-preview":"max-image-preview:large","max-video-preview":"max-video-preview:-1"},"canonical":"https:\/\/www.laguiadepamplona.com\/actualidad\/el-belen-del-zaguan-de-la-casa-consistorial-abre-una-puerta-a-la-navarra-rural-de-principios-del-siglo-xx\/","og_locale":"es_ES","og_type":"article","og_title":"El bel\u00e9n del zagu\u00e1n de la Casa Consistorial abre una puerta a la Navarra rural de principios del siglo XX","og_description":"Coincidiendo con la festividad de San Saturnino, el alcalde inaugurar\u00e1 ma\u00f1ana esta tradici\u00f3n junto con la iluminaci\u00f3n navide\u00f1a de la ciudad","og_url":"https:\/\/www.laguiadepamplona.com\/actualidad\/el-belen-del-zaguan-de-la-casa-consistorial-abre-una-puerta-a-la-navarra-rural-de-principios-del-siglo-xx\/","og_site_name":"La Gu\u00eda de Pamplona","article_publisher":"https:\/\/www.facebook.com\/laguiadepamplonacom-133175176762273\/?ref=hl","article_published_time":"2022-11-28T18:26:49+00:00","article_modified_time":"2023-04-11T09:47:31+00:00","og_image":[{"width":1920,"height":1280,"url":"https:\/\/www.laguiadepamplona.com\/actualidad\/wp-content\/uploads\/2022\/11\/ENCENDIDO-LUCES-NAVIDAD-CORO_EE5A4485.webp","type":"image\/webp"}],"author":"La Gu\u00eda de Pamplona","twitter_card":"summary_large_image","twitter_creator":"@LaGuiadPamplona","twitter_site":"@LaGuiadPamplona","twitter_misc":{"Escrito por":"La Gu\u00eda de Pamplona","Tiempo de lectura":"4 minutos"},"schema":{"@context":"https:\/\/schema.org","@graph":[{"@type":"Article","@id":"https:\/\/www.laguiadepamplona.com\/actualidad\/el-belen-del-zaguan-de-la-casa-consistorial-abre-una-puerta-a-la-navarra-rural-de-principios-del-siglo-xx\/#article","isPartOf":{"@id":"https:\/\/www.laguiadepamplona.com\/actualidad\/el-belen-del-zaguan-de-la-casa-consistorial-abre-una-puerta-a-la-navarra-rural-de-principios-del-siglo-xx\/"},"author":{"name":"La Gu\u00eda de Pamplona","@id":"https:\/\/www.laguiadepamplona.com\/actualidad\/#\/schema\/person\/efe887376f0213d4657c93adc50b1fdb"},"headline":"El bel\u00e9n del zagu\u00e1n de la Casa Consistorial abre una puerta a la Navarra rural de principios del siglo XX","datePublished":"2022-11-28T18:26:49+00:00","dateModified":"2023-04-11T09:47:31+00:00","mainEntityOfPage":{"@id":"https:\/\/www.laguiadepamplona.com\/actualidad\/el-belen-del-zaguan-de-la-casa-consistorial-abre-una-puerta-a-la-navarra-rural-de-principios-del-siglo-xx\/"},"wordCount":801,"commentCount":0,"publisher":{"@id":"https:\/\/www.laguiadepamplona.com\/actualidad\/#organization"},"image":{"@id":"https:\/\/www.laguiadepamplona.com\/actualidad\/el-belen-del-zaguan-de-la-casa-consistorial-abre-una-puerta-a-la-navarra-rural-de-principios-del-siglo-xx\/#primaryimage"},"thumbnailUrl":"https:\/\/www.laguiadepamplona.com\/actualidad\/wp-content\/uploads\/2022\/11\/ENCENDIDO-LUCES-NAVIDAD-CORO_EE5A4485.webp","articleSection":["Ayto Pamplona"],"inLanguage":"es","potentialAction":[{"@type":"CommentAction","name":"Comment","target":["https:\/\/www.laguiadepamplona.com\/actualidad\/el-belen-del-zaguan-de-la-casa-consistorial-abre-una-puerta-a-la-navarra-rural-de-principios-del-siglo-xx\/#respond"]}]},{"@type":"WebPage","@id":"https:\/\/www.laguiadepamplona.com\/actualidad\/el-belen-del-zaguan-de-la-casa-consistorial-abre-una-puerta-a-la-navarra-rural-de-principios-del-siglo-xx\/","url":"https:\/\/www.laguiadepamplona.com\/actualidad\/el-belen-del-zaguan-de-la-casa-consistorial-abre-una-puerta-a-la-navarra-rural-de-principios-del-siglo-xx\/","name":"El bel\u00e9n del zagu\u00e1n de la Casa Consistorial abre una puerta a la Navarra rural de principios del siglo XX","isPartOf":{"@id":"https:\/\/www.laguiadepamplona.com\/actualidad\/#website"},"primaryImageOfPage":{"@id":"https:\/\/www.laguiadepamplona.com\/actualidad\/el-belen-del-zaguan-de-la-casa-consistorial-abre-una-puerta-a-la-navarra-rural-de-principios-del-siglo-xx\/#primaryimage"},"image":{"@id":"https:\/\/www.laguiadepamplona.com\/actualidad\/el-belen-del-zaguan-de-la-casa-consistorial-abre-una-puerta-a-la-navarra-rural-de-principios-del-siglo-xx\/#primaryimage"},"thumbnailUrl":"https:\/\/www.laguiadepamplona.com\/actualidad\/wp-content\/uploads\/2022\/11\/ENCENDIDO-LUCES-NAVIDAD-CORO_EE5A4485.webp","datePublished":"2022-11-28T18:26:49+00:00","dateModified":"2023-04-11T09:47:31+00:00","description":"Coincidiendo con la festividad de San Saturnino, el alcalde inaugurar\u00e1 ma\u00f1ana esta tradici\u00f3n junto con la iluminaci\u00f3n navide\u00f1a de la ciudad","breadcrumb":{"@id":"https:\/\/www.laguiadepamplona.com\/actualidad\/el-belen-del-zaguan-de-la-casa-consistorial-abre-una-puerta-a-la-navarra-rural-de-principios-del-siglo-xx\/#breadcrumb"},"inLanguage":"es","potentialAction":[{"@type":"ReadAction","target":["https:\/\/www.laguiadepamplona.com\/actualidad\/el-belen-del-zaguan-de-la-casa-consistorial-abre-una-puerta-a-la-navarra-rural-de-principios-del-siglo-xx\/"]}]},{"@type":"ImageObject","inLanguage":"es","@id":"https:\/\/www.laguiadepamplona.com\/actualidad\/el-belen-del-zaguan-de-la-casa-consistorial-abre-una-puerta-a-la-navarra-rural-de-principios-del-siglo-xx\/#primaryimage","url":"https:\/\/www.laguiadepamplona.com\/actualidad\/wp-content\/uploads\/2022\/11\/ENCENDIDO-LUCES-NAVIDAD-CORO_EE5A4485.webp","contentUrl":"https:\/\/www.laguiadepamplona.com\/actualidad\/wp-content\/uploads\/2022\/11\/ENCENDIDO-LUCES-NAVIDAD-CORO_EE5A4485.webp","width":1920,"height":1280},{"@type":"BreadcrumbList","@id":"https:\/\/www.laguiadepamplona.com\/actualidad\/el-belen-del-zaguan-de-la-casa-consistorial-abre-una-puerta-a-la-navarra-rural-de-principios-del-siglo-xx\/#breadcrumb","itemListElement":[{"@type":"ListItem","position":1,"name":"Portada","item":"https:\/\/www.laguiadepamplona.com\/actualidad\/"},{"@type":"ListItem","position":2,"name":"El bel\u00e9n del zagu\u00e1n de la Casa Consistorial abre una puerta a la Navarra rural de principios del siglo XX"}]},{"@type":"WebSite","@id":"https:\/\/www.laguiadepamplona.com\/actualidad\/#website","url":"https:\/\/www.laguiadepamplona.com\/actualidad\/","name":"La gu\u00eda de Pamplona","description":"Noticias de Pamplona","publisher":{"@id":"https:\/\/www.laguiadepamplona.com\/actualidad\/#organization"},"potentialAction":[{"@type":"SearchAction","target":{"@type":"EntryPoint","urlTemplate":"https:\/\/www.laguiadepamplona.com\/actualidad\/?s={search_term_string}"},"query-input":{"@type":"PropertyValueSpecification","valueRequired":true,"valueName":"search_term_string"}}],"inLanguage":"es"},{"@type":"Organization","@id":"https:\/\/www.laguiadepamplona.com\/actualidad\/#organization","name":"La Gu\u00eda de Pamplona \/ Noticias","url":"https:\/\/www.laguiadepamplona.com\/actualidad\/","logo":{"@type":"ImageObject","inLanguage":"es","@id":"https:\/\/www.laguiadepamplona.com\/actualidad\/#\/schema\/logo\/image\/","url":"https:\/\/www.laguiadepamplona.com\/actualidad\/wp-content\/uploads\/2018\/11\/logo-laguiadepamplona18-web1.png","contentUrl":"https:\/\/www.laguiadepamplona.com\/actualidad\/wp-content\/uploads\/2018\/11\/logo-laguiadepamplona18-web1.png","width":600,"height":196,"caption":"La Gu\u00eda de Pamplona \/ Noticias"},"image":{"@id":"https:\/\/www.laguiadepamplona.com\/actualidad\/#\/schema\/logo\/image\/"},"sameAs":["https:\/\/www.facebook.com\/laguiadepamplonacom-133175176762273\/?ref=hl","https:\/\/x.com\/LaGuiadPamplona","https:\/\/www.instagram.com\/la_guia_de_pamplona\/","https:\/\/www.youtube.com\/user\/laguiadepamplona"]},{"@type":"Person","@id":"https:\/\/www.laguiadepamplona.com\/actualidad\/#\/schema\/person\/efe887376f0213d4657c93adc50b1fdb","name":"La Gu\u00eda de Pamplona","image":{"@type":"ImageObject","inLanguage":"es","@id":"https:\/\/secure.gravatar.com\/avatar\/b6992f131dc8d30ab0dff15446e9d346d9dbd95992de0fef795073f5ea83a81c?s=96&d=mm&r=g","url":"https:\/\/secure.gravatar.com\/avatar\/b6992f131dc8d30ab0dff15446e9d346d9dbd95992de0fef795073f5ea83a81c?s=96&d=mm&r=g","contentUrl":"https:\/\/secure.gravatar.com\/avatar\/b6992f131dc8d30ab0dff15446e9d346d9dbd95992de0fef795073f5ea83a81c?s=96&d=mm&r=g","caption":"La Gu\u00eda de Pamplona"}}]}},"post_mailing_queue_ids":[],"_links":{"self":[{"href":"https:\/\/www.laguiadepamplona.com\/actualidad\/wp-json\/wp\/v2\/posts\/42350","targetHints":{"allow":["GET"]}}],"collection":[{"href":"https:\/\/www.laguiadepamplona.com\/actualidad\/wp-json\/wp\/v2\/posts"}],"about":[{"href":"https:\/\/www.laguiadepamplona.com\/actualidad\/wp-json\/wp\/v2\/types\/post"}],"author":[{"embeddable":true,"href":"https:\/\/www.laguiadepamplona.com\/actualidad\/wp-json\/wp\/v2\/users\/1"}],"replies":[{"embeddable":true,"href":"https:\/\/www.laguiadepamplona.com\/actualidad\/wp-json\/wp\/v2\/comments?post=42350"}],"version-history":[{"count":0,"href":"https:\/\/www.laguiadepamplona.com\/actualidad\/wp-json\/wp\/v2\/posts\/42350\/revisions"}],"wp:featuredmedia":[{"embeddable":true,"href":"https:\/\/www.laguiadepamplona.com\/actualidad\/wp-json\/wp\/v2\/media\/42351"}],"wp:attachment":[{"href":"https:\/\/www.laguiadepamplona.com\/actualidad\/wp-json\/wp\/v2\/media?parent=42350"}],"wp:term":[{"taxonomy":"category","embeddable":true,"href":"https:\/\/www.laguiadepamplona.com\/actualidad\/wp-json\/wp\/v2\/categories?post=42350"},{"taxonomy":"post_tag","embeddable":true,"href":"https:\/\/www.laguiadepamplona.com\/actualidad\/wp-json\/wp\/v2\/tags?post=42350"}],"curies":[{"name":"wp","href":"https:\/\/api.w.org\/{rel}","templated":true}]}}