{"id":42347,"date":"2022-11-28T20:22:44","date_gmt":"2022-11-28T18:22:44","guid":{"rendered":"https:\/\/www.laguiadepamplona.com\/actualidad\/?p=42347"},"modified":"2023-04-11T11:47:31","modified_gmt":"2023-04-11T09:47:31","slug":"la-corporacion-municipal-la-comparsa-de-gigantes-y-cabezudos-y-la-banda-de-musica-la-pamplonesa-honran-en-su-dia-a-san-saturnino-patron-de-la-ciudad","status":"publish","type":"post","link":"https:\/\/www.laguiadepamplona.com\/actualidad\/la-corporacion-municipal-la-comparsa-de-gigantes-y-cabezudos-y-la-banda-de-musica-la-pamplonesa-honran-en-su-dia-a-san-saturnino-patron-de-la-ciudad\/","title":{"rendered":"La Corporaci\u00f3n municipal, la Comparsa de Gigantes y Cabezudos y la banda de m\u00fasica La Pamplonesa honran en su d\u00eda a San Saturnino, patr\u00f3n de la ciudad"},"content":{"rendered":"<h5>La procesi\u00f3n saldr\u00e1 a las 10.15 horas desde la iglesia de San Saturnino y se estrena la aurora del maestro Turrillas en versi\u00f3n para gaita, txistu y banda<\/h5>\n<p><!--more--><\/p>\n<p>La ciudad se viste de gala este martes para celebrar a su patr\u00f3n, San Saturnino. La Comparsa de Gigantes y Cabezudos saldr\u00e1 a las calles y participar\u00e1 en la procesi\u00f3n, junto a la Corporaci\u00f3n municipal en cuerpo de ciudad y el Cabildo de la Catedral. Tras ella, se celebrar\u00e1 la misa en honor al santo. Por la tarde, la banda de m\u00fasica La Pamplonesa ofrecer\u00e1 su tradicional concierto extraordinario de zarzuela.<\/p>\n<p>Los actos se inician con la salida de la Comparsa de Gigantes y Cabezudos a las 9.30. Partiendo de la Estaci\u00f3n de Autobuses, recorrer\u00e1n la plaza de la Paz, Yanguas y Miranda, Garcia Xim\u00e9nez, avenida de San Ignacio, paseo de Sarasate, plaza del Castillo, Chapitela, Mercaderes, hasta llegar a la plaza Consistorial. All\u00ed se unir\u00e1n, a las 10.05 horas, a la Corporaci\u00f3n municipal, que se dirigir\u00e1 en cuerpo de ciudad hasta la iglesia de San Saturnino, desde donde sale la procesi\u00f3n.<br \/>\n<script async src=\"\/\/pagead2.googlesyndication.com\/pagead\/js\/adsbygoogle.js\"><\/script><br \/>\n<!-- Noticias La Guia de Pamplona --><br \/>\n<ins class=\"adsbygoogle\"\nstyle=\"display:block\"\ndata-ad-client=\"ca-pub-6943679897239327\"\ndata-ad-slot=\"7048180777\"\ndata-ad-format=\"auto\"><\/ins><br \/>\n<script>\n(adsbygoogle = window.adsbygoogle || []).push({});\n<\/script><\/p>\n<p>El inicio de la procesi\u00f3n, a las 10.15, estar\u00e1 marcado por el estreno de la aurora a San Saturnino, compuesta por el maestro Manuel Turrillas. En la confluencia de las calles Campana, San Saturnino, Jarauta y Mayor, La Pamplonesa, juntos a los gaiteros y txistularis municipales, interpretar\u00e1n la pieza, rescatada por los gaiteros y txistularis del Ayuntamiento de Pamplona durante la pandemia. El arreglo para gaitas, txistus y banda es obra del director de la Banda de M\u00fasica de Sang\u00fcesa, Imanol Blasco.<\/p>\n<p>La procesi\u00f3n discurrir\u00e1 por las calles San Saturnino, Mayor, paseo del doctor Arazuri, calle Nueva y San Saturnino hasta la parroquia, donde se celebrar\u00e1, a las 11 horas, una eucarist\u00eda presidida por el arzobispo de Pamplona. La parte musical correr\u00e1 a cargo de la Capilla de M\u00fasica de la Catedral con la colaboraci\u00f3n del Orfe\u00f3n Pamplon\u00e9s y la Orquesta Sinf\u00f3nica de Navarra. Si la meteorolog\u00eda fuese adversa, el recorrido de la procesi\u00f3n se modificar\u00eda por las calles San Saturnino, Mayor, Eslava, plaza de San Francisco, Nueva y San Saturnino.<br \/>\n<script async src=\"\/\/pagead2.googlesyndication.com\/pagead\/js\/adsbygoogle.js\"><\/script><br \/>\n<!-- Noticias La Guia de Pamplona --><br \/>\n<ins class=\"adsbygoogle\"\nstyle=\"display:block\"\ndata-ad-client=\"ca-pub-6943679897239327\"\ndata-ad-slot=\"7048180777\"\ndata-ad-format=\"auto\"><\/ins><br \/>\n<script>\n(adsbygoogle = window.adsbygoogle || []).push({});\n<\/script><\/p>\n<p>Tras la misa, la Corporaci\u00f3n retorna a la Casa Consistorial, donde la Comparsa ofrece diversos bailes en honor a la ciudad. La Comparsa regresar\u00e1 a la estaci\u00f3n por Mercaderes, Chapitela, plaza del Castillo, avenida de Carlos III, avenida de Roncesvalles, Garcia Xim\u00e9nez, calle Tudela, Conde Oliveto, plaza de La Paz y Autobuses.<\/p>\n<p>La Pamplonesa ofrecer\u00e1 sus tradicionales conciertos extraordinarios de zarzuela, hoy a las 20 horas y ma\u00f1ana, a las 19. Este a\u00f1o se ha elegido \u2018La del manojo de rosas\u2019, obra cumbre del autor guipuzcoano Pablo Sorozabal, como homenaje en el 125 aniversario de su nacimiento. La banda, dirigida por J. Vicent Egea, ofrece una versi\u00f3n concierto adaptada para banda, con la colaboraci\u00f3n del Aula de Canto del Conservatorio Superior de M\u00fasica de Navarra. La zarzuela tiene una duraci\u00f3n de 65 minutos y las entradas, a precios de 5 a 10 euros, pueden adquirirse en las taquillas del Teatro Gayarre o a trav\u00e9s de la web, <a href=\"http:\/\/www.teatrogayarre.com\" target=\"_blank\" rel=\"noopener\">www.teatrogayarre.com<\/a>.<\/p>\n","protected":false},"excerpt":{"rendered":"<p>La procesi\u00f3n saldr\u00e1 a las 10.15 horas desde la iglesia de San Saturnino y se estrena la aurora del maestro Turrillas en versi\u00f3n para gaita, txistu y banda<\/p>\n","protected":false},"author":1,"featured_media":42348,"comment_status":"open","ping_status":"closed","sticky":false,"template":"","format":"standard","meta":{"footnotes":""},"categories":[2],"tags":[],"class_list":["post-42347","post","type-post","status-publish","format-standard","has-post-thumbnail","hentry","category-ayuntamiento-pamplona"],"yoast_head":"<!-- This site is optimized with the Yoast SEO plugin v27.3 - https:\/\/yoast.com\/product\/yoast-seo-wordpress\/ -->\n<title>La Corporaci\u00f3n municipal, la Comparsa de Gigantes y Cabezudos y la banda de m\u00fasica La Pamplonesa honran en su d\u00eda a San Saturnino, patr\u00f3n de la ciudad<\/title>\n<meta name=\"description\" content=\"La procesi\u00f3n saldr\u00e1 a las 10.15 horas desde la iglesia de San Saturnino y se estrena la aurora del maestro Turrillas en versi\u00f3n para gaita, txistu y banda\" \/>\n<meta name=\"robots\" content=\"index, follow, max-snippet:-1, max-image-preview:large, max-video-preview:-1\" \/>\n<link rel=\"canonical\" href=\"https:\/\/www.laguiadepamplona.com\/actualidad\/la-corporacion-municipal-la-comparsa-de-gigantes-y-cabezudos-y-la-banda-de-musica-la-pamplonesa-honran-en-su-dia-a-san-saturnino-patron-de-la-ciudad\/\" \/>\n<meta property=\"og:locale\" content=\"es_ES\" \/>\n<meta property=\"og:type\" content=\"article\" \/>\n<meta property=\"og:title\" content=\"La Corporaci\u00f3n municipal, la Comparsa de Gigantes y Cabezudos y la banda de m\u00fasica La Pamplonesa honran en su d\u00eda a San Saturnino, patr\u00f3n de la ciudad\" \/>\n<meta property=\"og:description\" content=\"La procesi\u00f3n saldr\u00e1 a las 10.15 horas desde la iglesia de San Saturnino y se estrena la aurora del maestro Turrillas en versi\u00f3n para gaita, txistu y banda\" \/>\n<meta property=\"og:url\" content=\"https:\/\/www.laguiadepamplona.com\/actualidad\/la-corporacion-municipal-la-comparsa-de-gigantes-y-cabezudos-y-la-banda-de-musica-la-pamplonesa-honran-en-su-dia-a-san-saturnino-patron-de-la-ciudad\/\" \/>\n<meta property=\"og:site_name\" content=\"La Gu\u00eda de Pamplona\" \/>\n<meta property=\"article:publisher\" content=\"https:\/\/www.facebook.com\/laguiadepamplonacom-133175176762273\/?ref=hl\" \/>\n<meta property=\"article:published_time\" content=\"2022-11-28T18:22:44+00:00\" \/>\n<meta property=\"article:modified_time\" content=\"2023-04-11T09:47:31+00:00\" \/>\n<meta property=\"og:image\" content=\"https:\/\/www.laguiadepamplona.com\/actualidad\/wp-content\/uploads\/2022\/11\/san-saturnino.webp\" \/>\n\t<meta property=\"og:image:width\" content=\"1771\" \/>\n\t<meta property=\"og:image:height\" content=\"1181\" \/>\n\t<meta property=\"og:image:type\" content=\"image\/webp\" \/>\n<meta name=\"author\" content=\"La Gu\u00eda de Pamplona\" \/>\n<meta name=\"twitter:card\" content=\"summary_large_image\" \/>\n<meta name=\"twitter:creator\" content=\"@LaGuiadPamplona\" \/>\n<meta name=\"twitter:site\" content=\"@LaGuiadPamplona\" \/>\n<meta name=\"twitter:label1\" content=\"Escrito por\" \/>\n\t<meta name=\"twitter:data1\" content=\"La Gu\u00eda de Pamplona\" \/>\n\t<meta name=\"twitter:label2\" content=\"Tiempo de lectura\" \/>\n\t<meta name=\"twitter:data2\" content=\"3 minutos\" \/>\n<script type=\"application\/ld+json\" class=\"yoast-schema-graph\">{\"@context\":\"https:\\\/\\\/schema.org\",\"@graph\":[{\"@type\":\"Article\",\"@id\":\"https:\\\/\\\/www.laguiadepamplona.com\\\/actualidad\\\/la-corporacion-municipal-la-comparsa-de-gigantes-y-cabezudos-y-la-banda-de-musica-la-pamplonesa-honran-en-su-dia-a-san-saturnino-patron-de-la-ciudad\\\/#article\",\"isPartOf\":{\"@id\":\"https:\\\/\\\/www.laguiadepamplona.com\\\/actualidad\\\/la-corporacion-municipal-la-comparsa-de-gigantes-y-cabezudos-y-la-banda-de-musica-la-pamplonesa-honran-en-su-dia-a-san-saturnino-patron-de-la-ciudad\\\/\"},\"author\":{\"name\":\"La Gu\u00eda de Pamplona\",\"@id\":\"https:\\\/\\\/www.laguiadepamplona.com\\\/actualidad\\\/#\\\/schema\\\/person\\\/efe887376f0213d4657c93adc50b1fdb\"},\"headline\":\"La Corporaci\u00f3n municipal, la Comparsa de Gigantes y Cabezudos y la banda de m\u00fasica La Pamplonesa honran en su d\u00eda a San Saturnino, patr\u00f3n de la ciudad\",\"datePublished\":\"2022-11-28T18:22:44+00:00\",\"dateModified\":\"2023-04-11T09:47:31+00:00\",\"mainEntityOfPage\":{\"@id\":\"https:\\\/\\\/www.laguiadepamplona.com\\\/actualidad\\\/la-corporacion-municipal-la-comparsa-de-gigantes-y-cabezudos-y-la-banda-de-musica-la-pamplonesa-honran-en-su-dia-a-san-saturnino-patron-de-la-ciudad\\\/\"},\"wordCount\":567,\"commentCount\":0,\"publisher\":{\"@id\":\"https:\\\/\\\/www.laguiadepamplona.com\\\/actualidad\\\/#organization\"},\"image\":{\"@id\":\"https:\\\/\\\/www.laguiadepamplona.com\\\/actualidad\\\/la-corporacion-municipal-la-comparsa-de-gigantes-y-cabezudos-y-la-banda-de-musica-la-pamplonesa-honran-en-su-dia-a-san-saturnino-patron-de-la-ciudad\\\/#primaryimage\"},\"thumbnailUrl\":\"https:\\\/\\\/www.laguiadepamplona.com\\\/actualidad\\\/wp-content\\\/uploads\\\/2022\\\/11\\\/san-saturnino.webp\",\"articleSection\":[\"Ayto Pamplona\"],\"inLanguage\":\"es\",\"potentialAction\":[{\"@type\":\"CommentAction\",\"name\":\"Comment\",\"target\":[\"https:\\\/\\\/www.laguiadepamplona.com\\\/actualidad\\\/la-corporacion-municipal-la-comparsa-de-gigantes-y-cabezudos-y-la-banda-de-musica-la-pamplonesa-honran-en-su-dia-a-san-saturnino-patron-de-la-ciudad\\\/#respond\"]}]},{\"@type\":\"WebPage\",\"@id\":\"https:\\\/\\\/www.laguiadepamplona.com\\\/actualidad\\\/la-corporacion-municipal-la-comparsa-de-gigantes-y-cabezudos-y-la-banda-de-musica-la-pamplonesa-honran-en-su-dia-a-san-saturnino-patron-de-la-ciudad\\\/\",\"url\":\"https:\\\/\\\/www.laguiadepamplona.com\\\/actualidad\\\/la-corporacion-municipal-la-comparsa-de-gigantes-y-cabezudos-y-la-banda-de-musica-la-pamplonesa-honran-en-su-dia-a-san-saturnino-patron-de-la-ciudad\\\/\",\"name\":\"La Corporaci\u00f3n municipal, la Comparsa de Gigantes y Cabezudos y la banda de m\u00fasica La Pamplonesa honran en su d\u00eda a San Saturnino, patr\u00f3n de la ciudad\",\"isPartOf\":{\"@id\":\"https:\\\/\\\/www.laguiadepamplona.com\\\/actualidad\\\/#website\"},\"primaryImageOfPage\":{\"@id\":\"https:\\\/\\\/www.laguiadepamplona.com\\\/actualidad\\\/la-corporacion-municipal-la-comparsa-de-gigantes-y-cabezudos-y-la-banda-de-musica-la-pamplonesa-honran-en-su-dia-a-san-saturnino-patron-de-la-ciudad\\\/#primaryimage\"},\"image\":{\"@id\":\"https:\\\/\\\/www.laguiadepamplona.com\\\/actualidad\\\/la-corporacion-municipal-la-comparsa-de-gigantes-y-cabezudos-y-la-banda-de-musica-la-pamplonesa-honran-en-su-dia-a-san-saturnino-patron-de-la-ciudad\\\/#primaryimage\"},\"thumbnailUrl\":\"https:\\\/\\\/www.laguiadepamplona.com\\\/actualidad\\\/wp-content\\\/uploads\\\/2022\\\/11\\\/san-saturnino.webp\",\"datePublished\":\"2022-11-28T18:22:44+00:00\",\"dateModified\":\"2023-04-11T09:47:31+00:00\",\"description\":\"La procesi\u00f3n saldr\u00e1 a las 10.15 horas desde la iglesia de San Saturnino y se estrena la aurora del maestro Turrillas en versi\u00f3n para gaita, txistu y banda\",\"breadcrumb\":{\"@id\":\"https:\\\/\\\/www.laguiadepamplona.com\\\/actualidad\\\/la-corporacion-municipal-la-comparsa-de-gigantes-y-cabezudos-y-la-banda-de-musica-la-pamplonesa-honran-en-su-dia-a-san-saturnino-patron-de-la-ciudad\\\/#breadcrumb\"},\"inLanguage\":\"es\",\"potentialAction\":[{\"@type\":\"ReadAction\",\"target\":[\"https:\\\/\\\/www.laguiadepamplona.com\\\/actualidad\\\/la-corporacion-municipal-la-comparsa-de-gigantes-y-cabezudos-y-la-banda-de-musica-la-pamplonesa-honran-en-su-dia-a-san-saturnino-patron-de-la-ciudad\\\/\"]}]},{\"@type\":\"ImageObject\",\"inLanguage\":\"es\",\"@id\":\"https:\\\/\\\/www.laguiadepamplona.com\\\/actualidad\\\/la-corporacion-municipal-la-comparsa-de-gigantes-y-cabezudos-y-la-banda-de-musica-la-pamplonesa-honran-en-su-dia-a-san-saturnino-patron-de-la-ciudad\\\/#primaryimage\",\"url\":\"https:\\\/\\\/www.laguiadepamplona.com\\\/actualidad\\\/wp-content\\\/uploads\\\/2022\\\/11\\\/san-saturnino.webp\",\"contentUrl\":\"https:\\\/\\\/www.laguiadepamplona.com\\\/actualidad\\\/wp-content\\\/uploads\\\/2022\\\/11\\\/san-saturnino.webp\",\"width\":1771,\"height\":1181},{\"@type\":\"BreadcrumbList\",\"@id\":\"https:\\\/\\\/www.laguiadepamplona.com\\\/actualidad\\\/la-corporacion-municipal-la-comparsa-de-gigantes-y-cabezudos-y-la-banda-de-musica-la-pamplonesa-honran-en-su-dia-a-san-saturnino-patron-de-la-ciudad\\\/#breadcrumb\",\"itemListElement\":[{\"@type\":\"ListItem\",\"position\":1,\"name\":\"Portada\",\"item\":\"https:\\\/\\\/www.laguiadepamplona.com\\\/actualidad\\\/\"},{\"@type\":\"ListItem\",\"position\":2,\"name\":\"La Corporaci\u00f3n municipal, la Comparsa de Gigantes y Cabezudos y la banda de m\u00fasica La Pamplonesa honran en su d\u00eda a San Saturnino, patr\u00f3n de la ciudad\"}]},{\"@type\":\"WebSite\",\"@id\":\"https:\\\/\\\/www.laguiadepamplona.com\\\/actualidad\\\/#website\",\"url\":\"https:\\\/\\\/www.laguiadepamplona.com\\\/actualidad\\\/\",\"name\":\"La gu\u00eda de Pamplona\",\"description\":\"Noticias de Pamplona\",\"publisher\":{\"@id\":\"https:\\\/\\\/www.laguiadepamplona.com\\\/actualidad\\\/#organization\"},\"potentialAction\":[{\"@type\":\"SearchAction\",\"target\":{\"@type\":\"EntryPoint\",\"urlTemplate\":\"https:\\\/\\\/www.laguiadepamplona.com\\\/actualidad\\\/?s={search_term_string}\"},\"query-input\":{\"@type\":\"PropertyValueSpecification\",\"valueRequired\":true,\"valueName\":\"search_term_string\"}}],\"inLanguage\":\"es\"},{\"@type\":\"Organization\",\"@id\":\"https:\\\/\\\/www.laguiadepamplona.com\\\/actualidad\\\/#organization\",\"name\":\"La Gu\u00eda de Pamplona \\\/ Noticias\",\"url\":\"https:\\\/\\\/www.laguiadepamplona.com\\\/actualidad\\\/\",\"logo\":{\"@type\":\"ImageObject\",\"inLanguage\":\"es\",\"@id\":\"https:\\\/\\\/www.laguiadepamplona.com\\\/actualidad\\\/#\\\/schema\\\/logo\\\/image\\\/\",\"url\":\"https:\\\/\\\/www.laguiadepamplona.com\\\/actualidad\\\/wp-content\\\/uploads\\\/2018\\\/11\\\/logo-laguiadepamplona18-web1.png\",\"contentUrl\":\"https:\\\/\\\/www.laguiadepamplona.com\\\/actualidad\\\/wp-content\\\/uploads\\\/2018\\\/11\\\/logo-laguiadepamplona18-web1.png\",\"width\":600,\"height\":196,\"caption\":\"La Gu\u00eda de Pamplona \\\/ Noticias\"},\"image\":{\"@id\":\"https:\\\/\\\/www.laguiadepamplona.com\\\/actualidad\\\/#\\\/schema\\\/logo\\\/image\\\/\"},\"sameAs\":[\"https:\\\/\\\/www.facebook.com\\\/laguiadepamplonacom-133175176762273\\\/?ref=hl\",\"https:\\\/\\\/x.com\\\/LaGuiadPamplona\",\"https:\\\/\\\/www.instagram.com\\\/la_guia_de_pamplona\\\/\",\"https:\\\/\\\/www.youtube.com\\\/user\\\/laguiadepamplona\"]},{\"@type\":\"Person\",\"@id\":\"https:\\\/\\\/www.laguiadepamplona.com\\\/actualidad\\\/#\\\/schema\\\/person\\\/efe887376f0213d4657c93adc50b1fdb\",\"name\":\"La Gu\u00eda de Pamplona\",\"image\":{\"@type\":\"ImageObject\",\"inLanguage\":\"es\",\"@id\":\"https:\\\/\\\/secure.gravatar.com\\\/avatar\\\/b6992f131dc8d30ab0dff15446e9d346d9dbd95992de0fef795073f5ea83a81c?s=96&d=mm&r=g\",\"url\":\"https:\\\/\\\/secure.gravatar.com\\\/avatar\\\/b6992f131dc8d30ab0dff15446e9d346d9dbd95992de0fef795073f5ea83a81c?s=96&d=mm&r=g\",\"contentUrl\":\"https:\\\/\\\/secure.gravatar.com\\\/avatar\\\/b6992f131dc8d30ab0dff15446e9d346d9dbd95992de0fef795073f5ea83a81c?s=96&d=mm&r=g\",\"caption\":\"La Gu\u00eda de Pamplona\"}}]}<\/script>\n<!-- \/ Yoast SEO plugin. -->","yoast_head_json":{"title":"La Corporaci\u00f3n municipal, la Comparsa de Gigantes y Cabezudos y la banda de m\u00fasica La Pamplonesa honran en su d\u00eda a San Saturnino, patr\u00f3n de la ciudad","description":"La procesi\u00f3n saldr\u00e1 a las 10.15 horas desde la iglesia de San Saturnino y se estrena la aurora del maestro Turrillas en versi\u00f3n para gaita, txistu y banda","robots":{"index":"index","follow":"follow","max-snippet":"max-snippet:-1","max-image-preview":"max-image-preview:large","max-video-preview":"max-video-preview:-1"},"canonical":"https:\/\/www.laguiadepamplona.com\/actualidad\/la-corporacion-municipal-la-comparsa-de-gigantes-y-cabezudos-y-la-banda-de-musica-la-pamplonesa-honran-en-su-dia-a-san-saturnino-patron-de-la-ciudad\/","og_locale":"es_ES","og_type":"article","og_title":"La Corporaci\u00f3n municipal, la Comparsa de Gigantes y Cabezudos y la banda de m\u00fasica La Pamplonesa honran en su d\u00eda a San Saturnino, patr\u00f3n de la ciudad","og_description":"La procesi\u00f3n saldr\u00e1 a las 10.15 horas desde la iglesia de San Saturnino y se estrena la aurora del maestro Turrillas en versi\u00f3n para gaita, txistu y banda","og_url":"https:\/\/www.laguiadepamplona.com\/actualidad\/la-corporacion-municipal-la-comparsa-de-gigantes-y-cabezudos-y-la-banda-de-musica-la-pamplonesa-honran-en-su-dia-a-san-saturnino-patron-de-la-ciudad\/","og_site_name":"La Gu\u00eda de Pamplona","article_publisher":"https:\/\/www.facebook.com\/laguiadepamplonacom-133175176762273\/?ref=hl","article_published_time":"2022-11-28T18:22:44+00:00","article_modified_time":"2023-04-11T09:47:31+00:00","og_image":[{"width":1771,"height":1181,"url":"https:\/\/www.laguiadepamplona.com\/actualidad\/wp-content\/uploads\/2022\/11\/san-saturnino.webp","type":"image\/webp"}],"author":"La Gu\u00eda de Pamplona","twitter_card":"summary_large_image","twitter_creator":"@LaGuiadPamplona","twitter_site":"@LaGuiadPamplona","twitter_misc":{"Escrito por":"La Gu\u00eda de Pamplona","Tiempo de lectura":"3 minutos"},"schema":{"@context":"https:\/\/schema.org","@graph":[{"@type":"Article","@id":"https:\/\/www.laguiadepamplona.com\/actualidad\/la-corporacion-municipal-la-comparsa-de-gigantes-y-cabezudos-y-la-banda-de-musica-la-pamplonesa-honran-en-su-dia-a-san-saturnino-patron-de-la-ciudad\/#article","isPartOf":{"@id":"https:\/\/www.laguiadepamplona.com\/actualidad\/la-corporacion-municipal-la-comparsa-de-gigantes-y-cabezudos-y-la-banda-de-musica-la-pamplonesa-honran-en-su-dia-a-san-saturnino-patron-de-la-ciudad\/"},"author":{"name":"La Gu\u00eda de Pamplona","@id":"https:\/\/www.laguiadepamplona.com\/actualidad\/#\/schema\/person\/efe887376f0213d4657c93adc50b1fdb"},"headline":"La Corporaci\u00f3n municipal, la Comparsa de Gigantes y Cabezudos y la banda de m\u00fasica La Pamplonesa honran en su d\u00eda a San Saturnino, patr\u00f3n de la ciudad","datePublished":"2022-11-28T18:22:44+00:00","dateModified":"2023-04-11T09:47:31+00:00","mainEntityOfPage":{"@id":"https:\/\/www.laguiadepamplona.com\/actualidad\/la-corporacion-municipal-la-comparsa-de-gigantes-y-cabezudos-y-la-banda-de-musica-la-pamplonesa-honran-en-su-dia-a-san-saturnino-patron-de-la-ciudad\/"},"wordCount":567,"commentCount":0,"publisher":{"@id":"https:\/\/www.laguiadepamplona.com\/actualidad\/#organization"},"image":{"@id":"https:\/\/www.laguiadepamplona.com\/actualidad\/la-corporacion-municipal-la-comparsa-de-gigantes-y-cabezudos-y-la-banda-de-musica-la-pamplonesa-honran-en-su-dia-a-san-saturnino-patron-de-la-ciudad\/#primaryimage"},"thumbnailUrl":"https:\/\/www.laguiadepamplona.com\/actualidad\/wp-content\/uploads\/2022\/11\/san-saturnino.webp","articleSection":["Ayto Pamplona"],"inLanguage":"es","potentialAction":[{"@type":"CommentAction","name":"Comment","target":["https:\/\/www.laguiadepamplona.com\/actualidad\/la-corporacion-municipal-la-comparsa-de-gigantes-y-cabezudos-y-la-banda-de-musica-la-pamplonesa-honran-en-su-dia-a-san-saturnino-patron-de-la-ciudad\/#respond"]}]},{"@type":"WebPage","@id":"https:\/\/www.laguiadepamplona.com\/actualidad\/la-corporacion-municipal-la-comparsa-de-gigantes-y-cabezudos-y-la-banda-de-musica-la-pamplonesa-honran-en-su-dia-a-san-saturnino-patron-de-la-ciudad\/","url":"https:\/\/www.laguiadepamplona.com\/actualidad\/la-corporacion-municipal-la-comparsa-de-gigantes-y-cabezudos-y-la-banda-de-musica-la-pamplonesa-honran-en-su-dia-a-san-saturnino-patron-de-la-ciudad\/","name":"La Corporaci\u00f3n municipal, la Comparsa de Gigantes y Cabezudos y la banda de m\u00fasica La Pamplonesa honran en su d\u00eda a San Saturnino, patr\u00f3n de la ciudad","isPartOf":{"@id":"https:\/\/www.laguiadepamplona.com\/actualidad\/#website"},"primaryImageOfPage":{"@id":"https:\/\/www.laguiadepamplona.com\/actualidad\/la-corporacion-municipal-la-comparsa-de-gigantes-y-cabezudos-y-la-banda-de-musica-la-pamplonesa-honran-en-su-dia-a-san-saturnino-patron-de-la-ciudad\/#primaryimage"},"image":{"@id":"https:\/\/www.laguiadepamplona.com\/actualidad\/la-corporacion-municipal-la-comparsa-de-gigantes-y-cabezudos-y-la-banda-de-musica-la-pamplonesa-honran-en-su-dia-a-san-saturnino-patron-de-la-ciudad\/#primaryimage"},"thumbnailUrl":"https:\/\/www.laguiadepamplona.com\/actualidad\/wp-content\/uploads\/2022\/11\/san-saturnino.webp","datePublished":"2022-11-28T18:22:44+00:00","dateModified":"2023-04-11T09:47:31+00:00","description":"La procesi\u00f3n saldr\u00e1 a las 10.15 horas desde la iglesia de San Saturnino y se estrena la aurora del maestro Turrillas en versi\u00f3n para gaita, txistu y banda","breadcrumb":{"@id":"https:\/\/www.laguiadepamplona.com\/actualidad\/la-corporacion-municipal-la-comparsa-de-gigantes-y-cabezudos-y-la-banda-de-musica-la-pamplonesa-honran-en-su-dia-a-san-saturnino-patron-de-la-ciudad\/#breadcrumb"},"inLanguage":"es","potentialAction":[{"@type":"ReadAction","target":["https:\/\/www.laguiadepamplona.com\/actualidad\/la-corporacion-municipal-la-comparsa-de-gigantes-y-cabezudos-y-la-banda-de-musica-la-pamplonesa-honran-en-su-dia-a-san-saturnino-patron-de-la-ciudad\/"]}]},{"@type":"ImageObject","inLanguage":"es","@id":"https:\/\/www.laguiadepamplona.com\/actualidad\/la-corporacion-municipal-la-comparsa-de-gigantes-y-cabezudos-y-la-banda-de-musica-la-pamplonesa-honran-en-su-dia-a-san-saturnino-patron-de-la-ciudad\/#primaryimage","url":"https:\/\/www.laguiadepamplona.com\/actualidad\/wp-content\/uploads\/2022\/11\/san-saturnino.webp","contentUrl":"https:\/\/www.laguiadepamplona.com\/actualidad\/wp-content\/uploads\/2022\/11\/san-saturnino.webp","width":1771,"height":1181},{"@type":"BreadcrumbList","@id":"https:\/\/www.laguiadepamplona.com\/actualidad\/la-corporacion-municipal-la-comparsa-de-gigantes-y-cabezudos-y-la-banda-de-musica-la-pamplonesa-honran-en-su-dia-a-san-saturnino-patron-de-la-ciudad\/#breadcrumb","itemListElement":[{"@type":"ListItem","position":1,"name":"Portada","item":"https:\/\/www.laguiadepamplona.com\/actualidad\/"},{"@type":"ListItem","position":2,"name":"La Corporaci\u00f3n municipal, la Comparsa de Gigantes y Cabezudos y la banda de m\u00fasica La Pamplonesa honran en su d\u00eda a San Saturnino, patr\u00f3n de la ciudad"}]},{"@type":"WebSite","@id":"https:\/\/www.laguiadepamplona.com\/actualidad\/#website","url":"https:\/\/www.laguiadepamplona.com\/actualidad\/","name":"La gu\u00eda de Pamplona","description":"Noticias de Pamplona","publisher":{"@id":"https:\/\/www.laguiadepamplona.com\/actualidad\/#organization"},"potentialAction":[{"@type":"SearchAction","target":{"@type":"EntryPoint","urlTemplate":"https:\/\/www.laguiadepamplona.com\/actualidad\/?s={search_term_string}"},"query-input":{"@type":"PropertyValueSpecification","valueRequired":true,"valueName":"search_term_string"}}],"inLanguage":"es"},{"@type":"Organization","@id":"https:\/\/www.laguiadepamplona.com\/actualidad\/#organization","name":"La Gu\u00eda de Pamplona \/ Noticias","url":"https:\/\/www.laguiadepamplona.com\/actualidad\/","logo":{"@type":"ImageObject","inLanguage":"es","@id":"https:\/\/www.laguiadepamplona.com\/actualidad\/#\/schema\/logo\/image\/","url":"https:\/\/www.laguiadepamplona.com\/actualidad\/wp-content\/uploads\/2018\/11\/logo-laguiadepamplona18-web1.png","contentUrl":"https:\/\/www.laguiadepamplona.com\/actualidad\/wp-content\/uploads\/2018\/11\/logo-laguiadepamplona18-web1.png","width":600,"height":196,"caption":"La Gu\u00eda de Pamplona \/ Noticias"},"image":{"@id":"https:\/\/www.laguiadepamplona.com\/actualidad\/#\/schema\/logo\/image\/"},"sameAs":["https:\/\/www.facebook.com\/laguiadepamplonacom-133175176762273\/?ref=hl","https:\/\/x.com\/LaGuiadPamplona","https:\/\/www.instagram.com\/la_guia_de_pamplona\/","https:\/\/www.youtube.com\/user\/laguiadepamplona"]},{"@type":"Person","@id":"https:\/\/www.laguiadepamplona.com\/actualidad\/#\/schema\/person\/efe887376f0213d4657c93adc50b1fdb","name":"La Gu\u00eda de Pamplona","image":{"@type":"ImageObject","inLanguage":"es","@id":"https:\/\/secure.gravatar.com\/avatar\/b6992f131dc8d30ab0dff15446e9d346d9dbd95992de0fef795073f5ea83a81c?s=96&d=mm&r=g","url":"https:\/\/secure.gravatar.com\/avatar\/b6992f131dc8d30ab0dff15446e9d346d9dbd95992de0fef795073f5ea83a81c?s=96&d=mm&r=g","contentUrl":"https:\/\/secure.gravatar.com\/avatar\/b6992f131dc8d30ab0dff15446e9d346d9dbd95992de0fef795073f5ea83a81c?s=96&d=mm&r=g","caption":"La Gu\u00eda de Pamplona"}}]}},"post_mailing_queue_ids":[],"_links":{"self":[{"href":"https:\/\/www.laguiadepamplona.com\/actualidad\/wp-json\/wp\/v2\/posts\/42347","targetHints":{"allow":["GET"]}}],"collection":[{"href":"https:\/\/www.laguiadepamplona.com\/actualidad\/wp-json\/wp\/v2\/posts"}],"about":[{"href":"https:\/\/www.laguiadepamplona.com\/actualidad\/wp-json\/wp\/v2\/types\/post"}],"author":[{"embeddable":true,"href":"https:\/\/www.laguiadepamplona.com\/actualidad\/wp-json\/wp\/v2\/users\/1"}],"replies":[{"embeddable":true,"href":"https:\/\/www.laguiadepamplona.com\/actualidad\/wp-json\/wp\/v2\/comments?post=42347"}],"version-history":[{"count":0,"href":"https:\/\/www.laguiadepamplona.com\/actualidad\/wp-json\/wp\/v2\/posts\/42347\/revisions"}],"wp:featuredmedia":[{"embeddable":true,"href":"https:\/\/www.laguiadepamplona.com\/actualidad\/wp-json\/wp\/v2\/media\/42348"}],"wp:attachment":[{"href":"https:\/\/www.laguiadepamplona.com\/actualidad\/wp-json\/wp\/v2\/media?parent=42347"}],"wp:term":[{"taxonomy":"category","embeddable":true,"href":"https:\/\/www.laguiadepamplona.com\/actualidad\/wp-json\/wp\/v2\/categories?post=42347"},{"taxonomy":"post_tag","embeddable":true,"href":"https:\/\/www.laguiadepamplona.com\/actualidad\/wp-json\/wp\/v2\/tags?post=42347"}],"curies":[{"name":"wp","href":"https:\/\/api.w.org\/{rel}","templated":true}]}}