{"id":42341,"date":"2022-11-28T20:13:58","date_gmt":"2022-11-28T18:13:58","guid":{"rendered":"https:\/\/www.laguiadepamplona.com\/actualidad\/?p=42341"},"modified":"2023-04-11T11:47:31","modified_gmt":"2023-04-11T09:47:31","slug":"el-ayuntamiento-propone-en-el-mes-de-diciembre-talleres-intergeneracionales-de-manualidades-navidenas-con-ideas-para-decorar-el-hogar","status":"publish","type":"post","link":"https:\/\/www.laguiadepamplona.com\/actualidad\/el-ayuntamiento-propone-en-el-mes-de-diciembre-talleres-intergeneracionales-de-manualidades-navidenas-con-ideas-para-decorar-el-hogar\/","title":{"rendered":"El Ayuntamiento propone en el mes de diciembre talleres intergeneracionales de manualidades navide\u00f1as con ideas para decorar el hogar"},"content":{"rendered":"<h5>Se celebran en los centros de Iturrama, Txantrea y San Juan y las inscripciones gratuitas se abren el 30 de noviembre en el tel\u00e9fono 010<\/h5>\n<p><!--more--><\/p>\n<p>El Ayuntamiento de Pamplona ofrece en el mes de diciembre unos talleres intergeneracionales de manualidades navide\u00f1as, \u2018\u00a1Ideas para decorar el hogar!\u2019, dentro de su estrategia \u2018Pamplona te cuida\u2019. Los talleres son gratuitos y est\u00e1n dirigidos a personas mayores de 65 a\u00f1os. Tendr\u00e1n lugar en el centro comunitario Txantrea, el centro Convive Oskia de San Juan y el colegio p\u00fablico Iturrama, a partir del 12 de diciembre. Las inscripciones gratuitas se abren el mi\u00e9rcoles 30 de noviembre en el tel\u00e9fono 010 \u2013 948 420 100, y las plazas se cubren por orden de llamada.<br \/>\n<script async src=\"\/\/pagead2.googlesyndication.com\/pagead\/js\/adsbygoogle.js\"><\/script><br \/>\n<!-- Noticias La Guia de Pamplona --><br \/>\n<ins class=\"adsbygoogle\"\nstyle=\"display:block\"\ndata-ad-client=\"ca-pub-6943679897239327\"\ndata-ad-slot=\"7048180777\"\ndata-ad-format=\"auto\"><\/ins><br \/>\n<script>\n(adsbygoogle = window.adsbygoogle || []).push({});\n<\/script><\/p>\n<p>Los talleres en el centro comunitario Txantrea (calle Cuenca de Pamplona, 24) ser\u00e1n el lunes 12 y el mi\u00e9rcoles14 de diciembre, de 18 a 19 horas, y el martes 13, de 16.45 a 17.45. En el barrio de San Juan, el Centro Convive Oskia (calle Virgen de Oskia s\/n) albergar\u00e1 los talleres el lunes 12 y martes 13, de 17.15 a 18.15. Por \u00faltimo, el colegio p\u00fablico Iturrama (calle I\u00f1igo Arista 13) tendr\u00e1 una \u00fanica sesi\u00f3n, el mi\u00e9rcoles 14 de diciembre, de 18 a 19 horas.<\/p>\n<p>El Ayuntamiento agrupa en \u2018Pamplona te cuida\u2019 toda la oferta de actividades, cursos, talleres, servicios a domicilio, ayudas, subvenciones y herramientas de participaci\u00f3n dirigidas a mayores de 65 a\u00f1os. El objetivo de la estrategia es fomentar el envejecimiento activo y saludable, promover la autonom\u00eda de las personas mayores y garantizar una atenci\u00f3n de calidad que procure una mayor calidad de vida.<br \/>\n<script async src=\"\/\/pagead2.googlesyndication.com\/pagead\/js\/adsbygoogle.js\"><\/script><br \/>\n<!-- Noticias La Guia de Pamplona --><br \/>\n<ins class=\"adsbygoogle\"\nstyle=\"display:block\"\ndata-ad-client=\"ca-pub-6943679897239327\"\ndata-ad-slot=\"7048180777\"\ndata-ad-format=\"auto\"><\/ins><br \/>\n<script>\n(adsbygoogle = window.adsbygoogle || []).push({});\n<\/script><\/p>\n<p>&nbsp;<\/p>\n<h3>Talleres Navide\u00f1os en Tres Centros<\/h3>\n<ul>\n<li>Centro comunitario Txantrea (calle Cuenca de Pamplona, 24)<\/li>\n<li>Centro Convive Oskia (calle Virgen de Oskia s\/n)<\/li>\n<li>Colegio p\u00fablico Iturrama (calle I\u00f1igo Arista 13)<\/li>\n<\/ul>\n","protected":false},"excerpt":{"rendered":"<p>Se celebran en los centros de Iturrama, Txantrea y San Juan y las inscripciones gratuitas se abren el 30 de noviembre en el tel\u00e9fono 010<\/p>\n","protected":false},"author":1,"featured_media":42342,"comment_status":"open","ping_status":"closed","sticky":false,"template":"","format":"standard","meta":{"footnotes":""},"categories":[2],"tags":[],"class_list":["post-42341","post","type-post","status-publish","format-standard","has-post-thumbnail","hentry","category-ayuntamiento-pamplona"],"yoast_head":"<!-- This site is optimized with the Yoast SEO plugin v27.3 - https:\/\/yoast.com\/product\/yoast-seo-wordpress\/ -->\n<title>El Ayuntamiento propone en el mes de diciembre talleres intergeneracionales de manualidades navide\u00f1as con ideas para decorar el hogar<\/title>\n<meta name=\"description\" content=\"Se celebran en los centros de Iturrama, Txantrea y San Juan y las inscripciones gratuitas se abren el 30 de noviembre en el tel\u00e9fono 010\" \/>\n<meta name=\"robots\" content=\"index, follow, max-snippet:-1, max-image-preview:large, max-video-preview:-1\" \/>\n<link rel=\"canonical\" href=\"https:\/\/www.laguiadepamplona.com\/actualidad\/el-ayuntamiento-propone-en-el-mes-de-diciembre-talleres-intergeneracionales-de-manualidades-navidenas-con-ideas-para-decorar-el-hogar\/\" \/>\n<meta property=\"og:locale\" content=\"es_ES\" \/>\n<meta property=\"og:type\" content=\"article\" \/>\n<meta property=\"og:title\" content=\"El Ayuntamiento propone en el mes de diciembre talleres intergeneracionales de manualidades navide\u00f1as con ideas para decorar el hogar\" \/>\n<meta property=\"og:description\" content=\"Se celebran en los centros de Iturrama, Txantrea y San Juan y las inscripciones gratuitas se abren el 30 de noviembre en el tel\u00e9fono 010\" \/>\n<meta property=\"og:url\" content=\"https:\/\/www.laguiadepamplona.com\/actualidad\/el-ayuntamiento-propone-en-el-mes-de-diciembre-talleres-intergeneracionales-de-manualidades-navidenas-con-ideas-para-decorar-el-hogar\/\" \/>\n<meta property=\"og:site_name\" content=\"La Gu\u00eda de Pamplona\" \/>\n<meta property=\"article:publisher\" content=\"https:\/\/www.facebook.com\/laguiadepamplonacom-133175176762273\/?ref=hl\" \/>\n<meta property=\"article:published_time\" content=\"2022-11-28T18:13:58+00:00\" \/>\n<meta property=\"article:modified_time\" content=\"2023-04-11T09:47:31+00:00\" \/>\n<meta property=\"og:image\" content=\"https:\/\/www.laguiadepamplona.com\/actualidad\/wp-content\/uploads\/2022\/11\/manualidades-navidenas-1.webp\" \/>\n\t<meta property=\"og:image:width\" content=\"1920\" \/>\n\t<meta property=\"og:image:height\" content=\"1332\" \/>\n\t<meta property=\"og:image:type\" content=\"image\/webp\" \/>\n<meta name=\"author\" content=\"La Gu\u00eda de Pamplona\" \/>\n<meta name=\"twitter:card\" content=\"summary_large_image\" \/>\n<meta name=\"twitter:creator\" content=\"@LaGuiadPamplona\" \/>\n<meta name=\"twitter:site\" content=\"@LaGuiadPamplona\" \/>\n<meta name=\"twitter:label1\" content=\"Escrito por\" \/>\n\t<meta name=\"twitter:data1\" content=\"La Gu\u00eda de Pamplona\" \/>\n\t<meta name=\"twitter:label2\" content=\"Tiempo de lectura\" \/>\n\t<meta name=\"twitter:data2\" content=\"2 minutos\" \/>\n<script type=\"application\/ld+json\" class=\"yoast-schema-graph\">{\"@context\":\"https:\\\/\\\/schema.org\",\"@graph\":[{\"@type\":\"Article\",\"@id\":\"https:\\\/\\\/www.laguiadepamplona.com\\\/actualidad\\\/el-ayuntamiento-propone-en-el-mes-de-diciembre-talleres-intergeneracionales-de-manualidades-navidenas-con-ideas-para-decorar-el-hogar\\\/#article\",\"isPartOf\":{\"@id\":\"https:\\\/\\\/www.laguiadepamplona.com\\\/actualidad\\\/el-ayuntamiento-propone-en-el-mes-de-diciembre-talleres-intergeneracionales-de-manualidades-navidenas-con-ideas-para-decorar-el-hogar\\\/\"},\"author\":{\"name\":\"La Gu\u00eda de Pamplona\",\"@id\":\"https:\\\/\\\/www.laguiadepamplona.com\\\/actualidad\\\/#\\\/schema\\\/person\\\/efe887376f0213d4657c93adc50b1fdb\"},\"headline\":\"El Ayuntamiento propone en el mes de diciembre talleres intergeneracionales de manualidades navide\u00f1as con ideas para decorar el hogar\",\"datePublished\":\"2022-11-28T18:13:58+00:00\",\"dateModified\":\"2023-04-11T09:47:31+00:00\",\"mainEntityOfPage\":{\"@id\":\"https:\\\/\\\/www.laguiadepamplona.com\\\/actualidad\\\/el-ayuntamiento-propone-en-el-mes-de-diciembre-talleres-intergeneracionales-de-manualidades-navidenas-con-ideas-para-decorar-el-hogar\\\/\"},\"wordCount\":309,\"commentCount\":0,\"publisher\":{\"@id\":\"https:\\\/\\\/www.laguiadepamplona.com\\\/actualidad\\\/#organization\"},\"image\":{\"@id\":\"https:\\\/\\\/www.laguiadepamplona.com\\\/actualidad\\\/el-ayuntamiento-propone-en-el-mes-de-diciembre-talleres-intergeneracionales-de-manualidades-navidenas-con-ideas-para-decorar-el-hogar\\\/#primaryimage\"},\"thumbnailUrl\":\"https:\\\/\\\/www.laguiadepamplona.com\\\/actualidad\\\/wp-content\\\/uploads\\\/2022\\\/11\\\/manualidades-navidenas-1.webp\",\"articleSection\":[\"Ayto Pamplona\"],\"inLanguage\":\"es\",\"potentialAction\":[{\"@type\":\"CommentAction\",\"name\":\"Comment\",\"target\":[\"https:\\\/\\\/www.laguiadepamplona.com\\\/actualidad\\\/el-ayuntamiento-propone-en-el-mes-de-diciembre-talleres-intergeneracionales-de-manualidades-navidenas-con-ideas-para-decorar-el-hogar\\\/#respond\"]}]},{\"@type\":\"WebPage\",\"@id\":\"https:\\\/\\\/www.laguiadepamplona.com\\\/actualidad\\\/el-ayuntamiento-propone-en-el-mes-de-diciembre-talleres-intergeneracionales-de-manualidades-navidenas-con-ideas-para-decorar-el-hogar\\\/\",\"url\":\"https:\\\/\\\/www.laguiadepamplona.com\\\/actualidad\\\/el-ayuntamiento-propone-en-el-mes-de-diciembre-talleres-intergeneracionales-de-manualidades-navidenas-con-ideas-para-decorar-el-hogar\\\/\",\"name\":\"El Ayuntamiento propone en el mes de diciembre talleres intergeneracionales de manualidades navide\u00f1as con ideas para decorar el hogar\",\"isPartOf\":{\"@id\":\"https:\\\/\\\/www.laguiadepamplona.com\\\/actualidad\\\/#website\"},\"primaryImageOfPage\":{\"@id\":\"https:\\\/\\\/www.laguiadepamplona.com\\\/actualidad\\\/el-ayuntamiento-propone-en-el-mes-de-diciembre-talleres-intergeneracionales-de-manualidades-navidenas-con-ideas-para-decorar-el-hogar\\\/#primaryimage\"},\"image\":{\"@id\":\"https:\\\/\\\/www.laguiadepamplona.com\\\/actualidad\\\/el-ayuntamiento-propone-en-el-mes-de-diciembre-talleres-intergeneracionales-de-manualidades-navidenas-con-ideas-para-decorar-el-hogar\\\/#primaryimage\"},\"thumbnailUrl\":\"https:\\\/\\\/www.laguiadepamplona.com\\\/actualidad\\\/wp-content\\\/uploads\\\/2022\\\/11\\\/manualidades-navidenas-1.webp\",\"datePublished\":\"2022-11-28T18:13:58+00:00\",\"dateModified\":\"2023-04-11T09:47:31+00:00\",\"description\":\"Se celebran en los centros de Iturrama, Txantrea y San Juan y las inscripciones gratuitas se abren el 30 de noviembre en el tel\u00e9fono 010\",\"breadcrumb\":{\"@id\":\"https:\\\/\\\/www.laguiadepamplona.com\\\/actualidad\\\/el-ayuntamiento-propone-en-el-mes-de-diciembre-talleres-intergeneracionales-de-manualidades-navidenas-con-ideas-para-decorar-el-hogar\\\/#breadcrumb\"},\"inLanguage\":\"es\",\"potentialAction\":[{\"@type\":\"ReadAction\",\"target\":[\"https:\\\/\\\/www.laguiadepamplona.com\\\/actualidad\\\/el-ayuntamiento-propone-en-el-mes-de-diciembre-talleres-intergeneracionales-de-manualidades-navidenas-con-ideas-para-decorar-el-hogar\\\/\"]}]},{\"@type\":\"ImageObject\",\"inLanguage\":\"es\",\"@id\":\"https:\\\/\\\/www.laguiadepamplona.com\\\/actualidad\\\/el-ayuntamiento-propone-en-el-mes-de-diciembre-talleres-intergeneracionales-de-manualidades-navidenas-con-ideas-para-decorar-el-hogar\\\/#primaryimage\",\"url\":\"https:\\\/\\\/www.laguiadepamplona.com\\\/actualidad\\\/wp-content\\\/uploads\\\/2022\\\/11\\\/manualidades-navidenas-1.webp\",\"contentUrl\":\"https:\\\/\\\/www.laguiadepamplona.com\\\/actualidad\\\/wp-content\\\/uploads\\\/2022\\\/11\\\/manualidades-navidenas-1.webp\",\"width\":1920,\"height\":1332},{\"@type\":\"BreadcrumbList\",\"@id\":\"https:\\\/\\\/www.laguiadepamplona.com\\\/actualidad\\\/el-ayuntamiento-propone-en-el-mes-de-diciembre-talleres-intergeneracionales-de-manualidades-navidenas-con-ideas-para-decorar-el-hogar\\\/#breadcrumb\",\"itemListElement\":[{\"@type\":\"ListItem\",\"position\":1,\"name\":\"Portada\",\"item\":\"https:\\\/\\\/www.laguiadepamplona.com\\\/actualidad\\\/\"},{\"@type\":\"ListItem\",\"position\":2,\"name\":\"El Ayuntamiento propone en el mes de diciembre talleres intergeneracionales de manualidades navide\u00f1as con ideas para decorar el hogar\"}]},{\"@type\":\"WebSite\",\"@id\":\"https:\\\/\\\/www.laguiadepamplona.com\\\/actualidad\\\/#website\",\"url\":\"https:\\\/\\\/www.laguiadepamplona.com\\\/actualidad\\\/\",\"name\":\"La gu\u00eda de Pamplona\",\"description\":\"Noticias de Pamplona\",\"publisher\":{\"@id\":\"https:\\\/\\\/www.laguiadepamplona.com\\\/actualidad\\\/#organization\"},\"potentialAction\":[{\"@type\":\"SearchAction\",\"target\":{\"@type\":\"EntryPoint\",\"urlTemplate\":\"https:\\\/\\\/www.laguiadepamplona.com\\\/actualidad\\\/?s={search_term_string}\"},\"query-input\":{\"@type\":\"PropertyValueSpecification\",\"valueRequired\":true,\"valueName\":\"search_term_string\"}}],\"inLanguage\":\"es\"},{\"@type\":\"Organization\",\"@id\":\"https:\\\/\\\/www.laguiadepamplona.com\\\/actualidad\\\/#organization\",\"name\":\"La Gu\u00eda de Pamplona \\\/ Noticias\",\"url\":\"https:\\\/\\\/www.laguiadepamplona.com\\\/actualidad\\\/\",\"logo\":{\"@type\":\"ImageObject\",\"inLanguage\":\"es\",\"@id\":\"https:\\\/\\\/www.laguiadepamplona.com\\\/actualidad\\\/#\\\/schema\\\/logo\\\/image\\\/\",\"url\":\"https:\\\/\\\/www.laguiadepamplona.com\\\/actualidad\\\/wp-content\\\/uploads\\\/2018\\\/11\\\/logo-laguiadepamplona18-web1.png\",\"contentUrl\":\"https:\\\/\\\/www.laguiadepamplona.com\\\/actualidad\\\/wp-content\\\/uploads\\\/2018\\\/11\\\/logo-laguiadepamplona18-web1.png\",\"width\":600,\"height\":196,\"caption\":\"La Gu\u00eda de Pamplona \\\/ Noticias\"},\"image\":{\"@id\":\"https:\\\/\\\/www.laguiadepamplona.com\\\/actualidad\\\/#\\\/schema\\\/logo\\\/image\\\/\"},\"sameAs\":[\"https:\\\/\\\/www.facebook.com\\\/laguiadepamplonacom-133175176762273\\\/?ref=hl\",\"https:\\\/\\\/x.com\\\/LaGuiadPamplona\",\"https:\\\/\\\/www.instagram.com\\\/la_guia_de_pamplona\\\/\",\"https:\\\/\\\/www.youtube.com\\\/user\\\/laguiadepamplona\"]},{\"@type\":\"Person\",\"@id\":\"https:\\\/\\\/www.laguiadepamplona.com\\\/actualidad\\\/#\\\/schema\\\/person\\\/efe887376f0213d4657c93adc50b1fdb\",\"name\":\"La Gu\u00eda de Pamplona\",\"image\":{\"@type\":\"ImageObject\",\"inLanguage\":\"es\",\"@id\":\"https:\\\/\\\/secure.gravatar.com\\\/avatar\\\/b6992f131dc8d30ab0dff15446e9d346d9dbd95992de0fef795073f5ea83a81c?s=96&d=mm&r=g\",\"url\":\"https:\\\/\\\/secure.gravatar.com\\\/avatar\\\/b6992f131dc8d30ab0dff15446e9d346d9dbd95992de0fef795073f5ea83a81c?s=96&d=mm&r=g\",\"contentUrl\":\"https:\\\/\\\/secure.gravatar.com\\\/avatar\\\/b6992f131dc8d30ab0dff15446e9d346d9dbd95992de0fef795073f5ea83a81c?s=96&d=mm&r=g\",\"caption\":\"La Gu\u00eda de Pamplona\"}}]}<\/script>\n<!-- \/ Yoast SEO plugin. -->","yoast_head_json":{"title":"El Ayuntamiento propone en el mes de diciembre talleres intergeneracionales de manualidades navide\u00f1as con ideas para decorar el hogar","description":"Se celebran en los centros de Iturrama, Txantrea y San Juan y las inscripciones gratuitas se abren el 30 de noviembre en el tel\u00e9fono 010","robots":{"index":"index","follow":"follow","max-snippet":"max-snippet:-1","max-image-preview":"max-image-preview:large","max-video-preview":"max-video-preview:-1"},"canonical":"https:\/\/www.laguiadepamplona.com\/actualidad\/el-ayuntamiento-propone-en-el-mes-de-diciembre-talleres-intergeneracionales-de-manualidades-navidenas-con-ideas-para-decorar-el-hogar\/","og_locale":"es_ES","og_type":"article","og_title":"El Ayuntamiento propone en el mes de diciembre talleres intergeneracionales de manualidades navide\u00f1as con ideas para decorar el hogar","og_description":"Se celebran en los centros de Iturrama, Txantrea y San Juan y las inscripciones gratuitas se abren el 30 de noviembre en el tel\u00e9fono 010","og_url":"https:\/\/www.laguiadepamplona.com\/actualidad\/el-ayuntamiento-propone-en-el-mes-de-diciembre-talleres-intergeneracionales-de-manualidades-navidenas-con-ideas-para-decorar-el-hogar\/","og_site_name":"La Gu\u00eda de Pamplona","article_publisher":"https:\/\/www.facebook.com\/laguiadepamplonacom-133175176762273\/?ref=hl","article_published_time":"2022-11-28T18:13:58+00:00","article_modified_time":"2023-04-11T09:47:31+00:00","og_image":[{"width":1920,"height":1332,"url":"https:\/\/www.laguiadepamplona.com\/actualidad\/wp-content\/uploads\/2022\/11\/manualidades-navidenas-1.webp","type":"image\/webp"}],"author":"La Gu\u00eda de Pamplona","twitter_card":"summary_large_image","twitter_creator":"@LaGuiadPamplona","twitter_site":"@LaGuiadPamplona","twitter_misc":{"Escrito por":"La Gu\u00eda de Pamplona","Tiempo de lectura":"2 minutos"},"schema":{"@context":"https:\/\/schema.org","@graph":[{"@type":"Article","@id":"https:\/\/www.laguiadepamplona.com\/actualidad\/el-ayuntamiento-propone-en-el-mes-de-diciembre-talleres-intergeneracionales-de-manualidades-navidenas-con-ideas-para-decorar-el-hogar\/#article","isPartOf":{"@id":"https:\/\/www.laguiadepamplona.com\/actualidad\/el-ayuntamiento-propone-en-el-mes-de-diciembre-talleres-intergeneracionales-de-manualidades-navidenas-con-ideas-para-decorar-el-hogar\/"},"author":{"name":"La Gu\u00eda de Pamplona","@id":"https:\/\/www.laguiadepamplona.com\/actualidad\/#\/schema\/person\/efe887376f0213d4657c93adc50b1fdb"},"headline":"El Ayuntamiento propone en el mes de diciembre talleres intergeneracionales de manualidades navide\u00f1as con ideas para decorar el hogar","datePublished":"2022-11-28T18:13:58+00:00","dateModified":"2023-04-11T09:47:31+00:00","mainEntityOfPage":{"@id":"https:\/\/www.laguiadepamplona.com\/actualidad\/el-ayuntamiento-propone-en-el-mes-de-diciembre-talleres-intergeneracionales-de-manualidades-navidenas-con-ideas-para-decorar-el-hogar\/"},"wordCount":309,"commentCount":0,"publisher":{"@id":"https:\/\/www.laguiadepamplona.com\/actualidad\/#organization"},"image":{"@id":"https:\/\/www.laguiadepamplona.com\/actualidad\/el-ayuntamiento-propone-en-el-mes-de-diciembre-talleres-intergeneracionales-de-manualidades-navidenas-con-ideas-para-decorar-el-hogar\/#primaryimage"},"thumbnailUrl":"https:\/\/www.laguiadepamplona.com\/actualidad\/wp-content\/uploads\/2022\/11\/manualidades-navidenas-1.webp","articleSection":["Ayto Pamplona"],"inLanguage":"es","potentialAction":[{"@type":"CommentAction","name":"Comment","target":["https:\/\/www.laguiadepamplona.com\/actualidad\/el-ayuntamiento-propone-en-el-mes-de-diciembre-talleres-intergeneracionales-de-manualidades-navidenas-con-ideas-para-decorar-el-hogar\/#respond"]}]},{"@type":"WebPage","@id":"https:\/\/www.laguiadepamplona.com\/actualidad\/el-ayuntamiento-propone-en-el-mes-de-diciembre-talleres-intergeneracionales-de-manualidades-navidenas-con-ideas-para-decorar-el-hogar\/","url":"https:\/\/www.laguiadepamplona.com\/actualidad\/el-ayuntamiento-propone-en-el-mes-de-diciembre-talleres-intergeneracionales-de-manualidades-navidenas-con-ideas-para-decorar-el-hogar\/","name":"El Ayuntamiento propone en el mes de diciembre talleres intergeneracionales de manualidades navide\u00f1as con ideas para decorar el hogar","isPartOf":{"@id":"https:\/\/www.laguiadepamplona.com\/actualidad\/#website"},"primaryImageOfPage":{"@id":"https:\/\/www.laguiadepamplona.com\/actualidad\/el-ayuntamiento-propone-en-el-mes-de-diciembre-talleres-intergeneracionales-de-manualidades-navidenas-con-ideas-para-decorar-el-hogar\/#primaryimage"},"image":{"@id":"https:\/\/www.laguiadepamplona.com\/actualidad\/el-ayuntamiento-propone-en-el-mes-de-diciembre-talleres-intergeneracionales-de-manualidades-navidenas-con-ideas-para-decorar-el-hogar\/#primaryimage"},"thumbnailUrl":"https:\/\/www.laguiadepamplona.com\/actualidad\/wp-content\/uploads\/2022\/11\/manualidades-navidenas-1.webp","datePublished":"2022-11-28T18:13:58+00:00","dateModified":"2023-04-11T09:47:31+00:00","description":"Se celebran en los centros de Iturrama, Txantrea y San Juan y las inscripciones gratuitas se abren el 30 de noviembre en el tel\u00e9fono 010","breadcrumb":{"@id":"https:\/\/www.laguiadepamplona.com\/actualidad\/el-ayuntamiento-propone-en-el-mes-de-diciembre-talleres-intergeneracionales-de-manualidades-navidenas-con-ideas-para-decorar-el-hogar\/#breadcrumb"},"inLanguage":"es","potentialAction":[{"@type":"ReadAction","target":["https:\/\/www.laguiadepamplona.com\/actualidad\/el-ayuntamiento-propone-en-el-mes-de-diciembre-talleres-intergeneracionales-de-manualidades-navidenas-con-ideas-para-decorar-el-hogar\/"]}]},{"@type":"ImageObject","inLanguage":"es","@id":"https:\/\/www.laguiadepamplona.com\/actualidad\/el-ayuntamiento-propone-en-el-mes-de-diciembre-talleres-intergeneracionales-de-manualidades-navidenas-con-ideas-para-decorar-el-hogar\/#primaryimage","url":"https:\/\/www.laguiadepamplona.com\/actualidad\/wp-content\/uploads\/2022\/11\/manualidades-navidenas-1.webp","contentUrl":"https:\/\/www.laguiadepamplona.com\/actualidad\/wp-content\/uploads\/2022\/11\/manualidades-navidenas-1.webp","width":1920,"height":1332},{"@type":"BreadcrumbList","@id":"https:\/\/www.laguiadepamplona.com\/actualidad\/el-ayuntamiento-propone-en-el-mes-de-diciembre-talleres-intergeneracionales-de-manualidades-navidenas-con-ideas-para-decorar-el-hogar\/#breadcrumb","itemListElement":[{"@type":"ListItem","position":1,"name":"Portada","item":"https:\/\/www.laguiadepamplona.com\/actualidad\/"},{"@type":"ListItem","position":2,"name":"El Ayuntamiento propone en el mes de diciembre talleres intergeneracionales de manualidades navide\u00f1as con ideas para decorar el hogar"}]},{"@type":"WebSite","@id":"https:\/\/www.laguiadepamplona.com\/actualidad\/#website","url":"https:\/\/www.laguiadepamplona.com\/actualidad\/","name":"La gu\u00eda de Pamplona","description":"Noticias de Pamplona","publisher":{"@id":"https:\/\/www.laguiadepamplona.com\/actualidad\/#organization"},"potentialAction":[{"@type":"SearchAction","target":{"@type":"EntryPoint","urlTemplate":"https:\/\/www.laguiadepamplona.com\/actualidad\/?s={search_term_string}"},"query-input":{"@type":"PropertyValueSpecification","valueRequired":true,"valueName":"search_term_string"}}],"inLanguage":"es"},{"@type":"Organization","@id":"https:\/\/www.laguiadepamplona.com\/actualidad\/#organization","name":"La Gu\u00eda de Pamplona \/ Noticias","url":"https:\/\/www.laguiadepamplona.com\/actualidad\/","logo":{"@type":"ImageObject","inLanguage":"es","@id":"https:\/\/www.laguiadepamplona.com\/actualidad\/#\/schema\/logo\/image\/","url":"https:\/\/www.laguiadepamplona.com\/actualidad\/wp-content\/uploads\/2018\/11\/logo-laguiadepamplona18-web1.png","contentUrl":"https:\/\/www.laguiadepamplona.com\/actualidad\/wp-content\/uploads\/2018\/11\/logo-laguiadepamplona18-web1.png","width":600,"height":196,"caption":"La Gu\u00eda de Pamplona \/ Noticias"},"image":{"@id":"https:\/\/www.laguiadepamplona.com\/actualidad\/#\/schema\/logo\/image\/"},"sameAs":["https:\/\/www.facebook.com\/laguiadepamplonacom-133175176762273\/?ref=hl","https:\/\/x.com\/LaGuiadPamplona","https:\/\/www.instagram.com\/la_guia_de_pamplona\/","https:\/\/www.youtube.com\/user\/laguiadepamplona"]},{"@type":"Person","@id":"https:\/\/www.laguiadepamplona.com\/actualidad\/#\/schema\/person\/efe887376f0213d4657c93adc50b1fdb","name":"La Gu\u00eda de Pamplona","image":{"@type":"ImageObject","inLanguage":"es","@id":"https:\/\/secure.gravatar.com\/avatar\/b6992f131dc8d30ab0dff15446e9d346d9dbd95992de0fef795073f5ea83a81c?s=96&d=mm&r=g","url":"https:\/\/secure.gravatar.com\/avatar\/b6992f131dc8d30ab0dff15446e9d346d9dbd95992de0fef795073f5ea83a81c?s=96&d=mm&r=g","contentUrl":"https:\/\/secure.gravatar.com\/avatar\/b6992f131dc8d30ab0dff15446e9d346d9dbd95992de0fef795073f5ea83a81c?s=96&d=mm&r=g","caption":"La Gu\u00eda de Pamplona"}}]}},"post_mailing_queue_ids":[],"_links":{"self":[{"href":"https:\/\/www.laguiadepamplona.com\/actualidad\/wp-json\/wp\/v2\/posts\/42341","targetHints":{"allow":["GET"]}}],"collection":[{"href":"https:\/\/www.laguiadepamplona.com\/actualidad\/wp-json\/wp\/v2\/posts"}],"about":[{"href":"https:\/\/www.laguiadepamplona.com\/actualidad\/wp-json\/wp\/v2\/types\/post"}],"author":[{"embeddable":true,"href":"https:\/\/www.laguiadepamplona.com\/actualidad\/wp-json\/wp\/v2\/users\/1"}],"replies":[{"embeddable":true,"href":"https:\/\/www.laguiadepamplona.com\/actualidad\/wp-json\/wp\/v2\/comments?post=42341"}],"version-history":[{"count":0,"href":"https:\/\/www.laguiadepamplona.com\/actualidad\/wp-json\/wp\/v2\/posts\/42341\/revisions"}],"wp:featuredmedia":[{"embeddable":true,"href":"https:\/\/www.laguiadepamplona.com\/actualidad\/wp-json\/wp\/v2\/media\/42342"}],"wp:attachment":[{"href":"https:\/\/www.laguiadepamplona.com\/actualidad\/wp-json\/wp\/v2\/media?parent=42341"}],"wp:term":[{"taxonomy":"category","embeddable":true,"href":"https:\/\/www.laguiadepamplona.com\/actualidad\/wp-json\/wp\/v2\/categories?post=42341"},{"taxonomy":"post_tag","embeddable":true,"href":"https:\/\/www.laguiadepamplona.com\/actualidad\/wp-json\/wp\/v2\/tags?post=42341"}],"curies":[{"name":"wp","href":"https:\/\/api.w.org\/{rel}","templated":true}]}}