{"id":42338,"date":"2022-11-28T20:05:40","date_gmt":"2022-11-28T18:05:40","guid":{"rendered":"https:\/\/www.laguiadepamplona.com\/actualidad\/?p=42338"},"modified":"2023-04-11T11:47:31","modified_gmt":"2023-04-11T09:47:31","slug":"gerencia-de-urbanismo-aprobara-el-miercoles-la-licitacion-de-las-redacciones-de-la-modificacion-estructurante-del-plan-municipal-y-del-plan-parcial-en-el-ambito-de-donapea","status":"publish","type":"post","link":"https:\/\/www.laguiadepamplona.com\/actualidad\/gerencia-de-urbanismo-aprobara-el-miercoles-la-licitacion-de-las-redacciones-de-la-modificacion-estructurante-del-plan-municipal-y-del-plan-parcial-en-el-ambito-de-donapea\/","title":{"rendered":"Gerencia de Urbanismo aprobar\u00e1 el mi\u00e9rcoles la licitaci\u00f3n de las redacciones de la modificaci\u00f3n estructurante del Plan Municipal y del Plan Parcial en el \u00e1mbito de Donapea"},"content":{"rendered":"<h5>Se trata de establecer las determinaciones urban\u00edsticas de los nuevos suelos incorporados tras el acuerdo de alteraci\u00f3n de l\u00edmites entre Pamplona y Galar<\/h5>\n<p><!--more--><\/p>\n<p>Pamplona debe modificar su planeamiento general para establecer las determinaciones urban\u00edsticas necesarias para los nuevos suelos incorporados tras el acuerdo de alteraci\u00f3n de t\u00e9rminos municipales con la Cendea de Galar. La Gerencia de Urbanismo aprobar\u00e1 en su sesi\u00f3n del mi\u00e9rcoles la licitaci\u00f3n del contrato de redacci\u00f3n de la modificaci\u00f3n estructurante del Plan Municipal y de redacci\u00f3n del Plan Parcial, en ambos casos, referido al \u00e1mbito de Donapea en la Unidad Integrada XXI.<br \/>\n<script async src=\"\/\/pagead2.googlesyndication.com\/pagead\/js\/adsbygoogle.js\"><\/script><br \/>\n<!-- Noticias La Guia de Pamplona --><br \/>\n<ins class=\"adsbygoogle\"\nstyle=\"display:block\"\ndata-ad-client=\"ca-pub-6943679897239327\"\ndata-ad-slot=\"7048180777\"\ndata-ad-format=\"auto\"><\/ins><br \/>\n<script>\n(adsbygoogle = window.adsbygoogle || []).push({});\n<\/script><\/p>\n<p>Estos trabajos contar\u00e1n con un presupuesto de 423.500 euros y un plazo de ejecuci\u00f3n de 18 meses. Ser\u00e1n dos documentos que se tramitar\u00e1n y redactar\u00e1n de forma independiente. El desarrollo urban\u00edstico que se prev\u00e9 para la zona debe ser de uso global residencial colectivo, con una previsi\u00f3n de construcci\u00f3n en torno a 4.000 \u2013 5.000 viviendas, con mixtura de usos al servicio del \u00e1mbito, y dotaciones p\u00fablicas adecuadas, articulado con la ciudad construida y con el corredor fluvial del r\u00edo Sadar, y preservando los valores ambientales y paisaj\u00edsticos del entorno.<\/p>\n<p>El \u00e1mbito de actuaci\u00f3n tiene una superficie aproximada de 717.255 metros cuadrados. Se encuentra situado en la zona sur del t\u00e9rmino municipal de Pamplona y al norte del de la Cendea de Cizur. Existen dos \u00e1reas relativamente diferenciadas: la meseta de Donapea y el entorno de la avenida de Zaragoza. Se trata de un \u00e1mbito con fuertes condicionantes topogr\u00e1ficos, paisaj\u00edsticos y arqueol\u00f3gicos, as\u00ed como importantes afecciones aeron\u00e1uticas, de infraestructuras, de servicios y viarias.<br \/>\n<script async src=\"\/\/pagead2.googlesyndication.com\/pagead\/js\/adsbygoogle.js\"><\/script><br \/>\n<!-- Noticias La Guia de Pamplona --><br \/>\n<ins class=\"adsbygoogle\"\nstyle=\"display:block\"\ndata-ad-client=\"ca-pub-6943679897239327\"\ndata-ad-slot=\"7048180777\"\ndata-ad-format=\"auto\"><\/ins><br \/>\n<script>\n(adsbygoogle = window.adsbygoogle || []).push({});\n<\/script><\/p>\n<p>Para ambos instrumentos urban\u00edsticos, se incluye tambi\u00e9n en el contrato la redacci\u00f3n de los documentos y Estudios Ambientales Estrat\u00e9gicos, as\u00ed como la realizaci\u00f3n de los procesos de participaci\u00f3n ciudadana. Se refleja, asimismo, la asistencia durante todo el proceso de tramitaci\u00f3n, periodo de informaci\u00f3n p\u00fablica incluido, con an\u00e1lisis y contestaci\u00f3n de alegaciones e informes solicitados de otros organismos p\u00fablicos y, en su caso, elaboraci\u00f3n de los documentos refundidos necesarios para alcanzar su aprobaci\u00f3n definitiva.<\/p>\n","protected":false},"excerpt":{"rendered":"<p>Se trata de establecer las determinaciones urban\u00edsticas de los nuevos suelos incorporados tras el acuerdo de alteraci\u00f3n de l\u00edmites entre Pamplona y Galar<\/p>\n","protected":false},"author":1,"featured_media":42339,"comment_status":"open","ping_status":"closed","sticky":false,"template":"","format":"standard","meta":{"footnotes":""},"categories":[2],"tags":[],"class_list":["post-42338","post","type-post","status-publish","format-standard","has-post-thumbnail","hentry","category-ayuntamiento-pamplona"],"yoast_head":"<!-- This site is optimized with the Yoast SEO plugin v27.3 - https:\/\/yoast.com\/product\/yoast-seo-wordpress\/ -->\n<title>Gerencia de Urbanismo aprobar\u00e1 el mi\u00e9rcoles la licitaci\u00f3n de las redacciones de la modificaci\u00f3n estructurante del Plan Municipal y del Plan Parcial en el \u00e1mbito de Donapea<\/title>\n<meta name=\"description\" content=\"Se trata de establecer las determinaciones urban\u00edsticas de los nuevos suelos incorporados tras el acuerdo de alteraci\u00f3n de l\u00edmites entre Pamplona y Galar\" \/>\n<meta name=\"robots\" content=\"index, follow, max-snippet:-1, max-image-preview:large, max-video-preview:-1\" \/>\n<link rel=\"canonical\" href=\"https:\/\/www.laguiadepamplona.com\/actualidad\/gerencia-de-urbanismo-aprobara-el-miercoles-la-licitacion-de-las-redacciones-de-la-modificacion-estructurante-del-plan-municipal-y-del-plan-parcial-en-el-ambito-de-donapea\/\" \/>\n<meta property=\"og:locale\" content=\"es_ES\" \/>\n<meta property=\"og:type\" content=\"article\" \/>\n<meta property=\"og:title\" content=\"Gerencia de Urbanismo aprobar\u00e1 el mi\u00e9rcoles la licitaci\u00f3n de las redacciones de la modificaci\u00f3n estructurante del Plan Municipal y del Plan Parcial en el \u00e1mbito de Donapea\" \/>\n<meta property=\"og:description\" content=\"Se trata de establecer las determinaciones urban\u00edsticas de los nuevos suelos incorporados tras el acuerdo de alteraci\u00f3n de l\u00edmites entre Pamplona y Galar\" \/>\n<meta property=\"og:url\" content=\"https:\/\/www.laguiadepamplona.com\/actualidad\/gerencia-de-urbanismo-aprobara-el-miercoles-la-licitacion-de-las-redacciones-de-la-modificacion-estructurante-del-plan-municipal-y-del-plan-parcial-en-el-ambito-de-donapea\/\" \/>\n<meta property=\"og:site_name\" content=\"La Gu\u00eda de Pamplona\" \/>\n<meta property=\"article:publisher\" content=\"https:\/\/www.facebook.com\/laguiadepamplonacom-133175176762273\/?ref=hl\" \/>\n<meta property=\"article:published_time\" content=\"2022-11-28T18:05:40+00:00\" \/>\n<meta property=\"article:modified_time\" content=\"2023-04-11T09:47:31+00:00\" \/>\n<meta property=\"og:image\" content=\"https:\/\/www.laguiadepamplona.com\/actualidad\/wp-content\/uploads\/2022\/11\/22.11.28_donapea-copia.webp\" \/>\n\t<meta property=\"og:image:width\" content=\"649\" \/>\n\t<meta property=\"og:image:height\" content=\"440\" \/>\n\t<meta property=\"og:image:type\" content=\"image\/webp\" \/>\n<meta name=\"author\" content=\"La Gu\u00eda de Pamplona\" \/>\n<meta name=\"twitter:card\" content=\"summary_large_image\" \/>\n<meta name=\"twitter:creator\" content=\"@LaGuiadPamplona\" \/>\n<meta name=\"twitter:site\" content=\"@LaGuiadPamplona\" \/>\n<meta name=\"twitter:label1\" content=\"Escrito por\" \/>\n\t<meta name=\"twitter:data1\" content=\"La Gu\u00eda de Pamplona\" \/>\n\t<meta name=\"twitter:label2\" content=\"Tiempo de lectura\" \/>\n\t<meta name=\"twitter:data2\" content=\"2 minutos\" \/>\n<script type=\"application\/ld+json\" class=\"yoast-schema-graph\">{\"@context\":\"https:\\\/\\\/schema.org\",\"@graph\":[{\"@type\":\"Article\",\"@id\":\"https:\\\/\\\/www.laguiadepamplona.com\\\/actualidad\\\/gerencia-de-urbanismo-aprobara-el-miercoles-la-licitacion-de-las-redacciones-de-la-modificacion-estructurante-del-plan-municipal-y-del-plan-parcial-en-el-ambito-de-donapea\\\/#article\",\"isPartOf\":{\"@id\":\"https:\\\/\\\/www.laguiadepamplona.com\\\/actualidad\\\/gerencia-de-urbanismo-aprobara-el-miercoles-la-licitacion-de-las-redacciones-de-la-modificacion-estructurante-del-plan-municipal-y-del-plan-parcial-en-el-ambito-de-donapea\\\/\"},\"author\":{\"name\":\"La Gu\u00eda de Pamplona\",\"@id\":\"https:\\\/\\\/www.laguiadepamplona.com\\\/actualidad\\\/#\\\/schema\\\/person\\\/efe887376f0213d4657c93adc50b1fdb\"},\"headline\":\"Gerencia de Urbanismo aprobar\u00e1 el mi\u00e9rcoles la licitaci\u00f3n de las redacciones de la modificaci\u00f3n estructurante del Plan Municipal y del Plan Parcial en el \u00e1mbito de Donapea\",\"datePublished\":\"2022-11-28T18:05:40+00:00\",\"dateModified\":\"2023-04-11T09:47:31+00:00\",\"mainEntityOfPage\":{\"@id\":\"https:\\\/\\\/www.laguiadepamplona.com\\\/actualidad\\\/gerencia-de-urbanismo-aprobara-el-miercoles-la-licitacion-de-las-redacciones-de-la-modificacion-estructurante-del-plan-municipal-y-del-plan-parcial-en-el-ambito-de-donapea\\\/\"},\"wordCount\":398,\"commentCount\":0,\"publisher\":{\"@id\":\"https:\\\/\\\/www.laguiadepamplona.com\\\/actualidad\\\/#organization\"},\"image\":{\"@id\":\"https:\\\/\\\/www.laguiadepamplona.com\\\/actualidad\\\/gerencia-de-urbanismo-aprobara-el-miercoles-la-licitacion-de-las-redacciones-de-la-modificacion-estructurante-del-plan-municipal-y-del-plan-parcial-en-el-ambito-de-donapea\\\/#primaryimage\"},\"thumbnailUrl\":\"https:\\\/\\\/www.laguiadepamplona.com\\\/actualidad\\\/wp-content\\\/uploads\\\/2022\\\/11\\\/22.11.28_donapea-copia.webp\",\"articleSection\":[\"Ayto Pamplona\"],\"inLanguage\":\"es\",\"potentialAction\":[{\"@type\":\"CommentAction\",\"name\":\"Comment\",\"target\":[\"https:\\\/\\\/www.laguiadepamplona.com\\\/actualidad\\\/gerencia-de-urbanismo-aprobara-el-miercoles-la-licitacion-de-las-redacciones-de-la-modificacion-estructurante-del-plan-municipal-y-del-plan-parcial-en-el-ambito-de-donapea\\\/#respond\"]}]},{\"@type\":\"WebPage\",\"@id\":\"https:\\\/\\\/www.laguiadepamplona.com\\\/actualidad\\\/gerencia-de-urbanismo-aprobara-el-miercoles-la-licitacion-de-las-redacciones-de-la-modificacion-estructurante-del-plan-municipal-y-del-plan-parcial-en-el-ambito-de-donapea\\\/\",\"url\":\"https:\\\/\\\/www.laguiadepamplona.com\\\/actualidad\\\/gerencia-de-urbanismo-aprobara-el-miercoles-la-licitacion-de-las-redacciones-de-la-modificacion-estructurante-del-plan-municipal-y-del-plan-parcial-en-el-ambito-de-donapea\\\/\",\"name\":\"Gerencia de Urbanismo aprobar\u00e1 el mi\u00e9rcoles la licitaci\u00f3n de las redacciones de la modificaci\u00f3n estructurante del Plan Municipal y del Plan Parcial en el \u00e1mbito de Donapea\",\"isPartOf\":{\"@id\":\"https:\\\/\\\/www.laguiadepamplona.com\\\/actualidad\\\/#website\"},\"primaryImageOfPage\":{\"@id\":\"https:\\\/\\\/www.laguiadepamplona.com\\\/actualidad\\\/gerencia-de-urbanismo-aprobara-el-miercoles-la-licitacion-de-las-redacciones-de-la-modificacion-estructurante-del-plan-municipal-y-del-plan-parcial-en-el-ambito-de-donapea\\\/#primaryimage\"},\"image\":{\"@id\":\"https:\\\/\\\/www.laguiadepamplona.com\\\/actualidad\\\/gerencia-de-urbanismo-aprobara-el-miercoles-la-licitacion-de-las-redacciones-de-la-modificacion-estructurante-del-plan-municipal-y-del-plan-parcial-en-el-ambito-de-donapea\\\/#primaryimage\"},\"thumbnailUrl\":\"https:\\\/\\\/www.laguiadepamplona.com\\\/actualidad\\\/wp-content\\\/uploads\\\/2022\\\/11\\\/22.11.28_donapea-copia.webp\",\"datePublished\":\"2022-11-28T18:05:40+00:00\",\"dateModified\":\"2023-04-11T09:47:31+00:00\",\"description\":\"Se trata de establecer las determinaciones urban\u00edsticas de los nuevos suelos incorporados tras el acuerdo de alteraci\u00f3n de l\u00edmites entre Pamplona y Galar\",\"breadcrumb\":{\"@id\":\"https:\\\/\\\/www.laguiadepamplona.com\\\/actualidad\\\/gerencia-de-urbanismo-aprobara-el-miercoles-la-licitacion-de-las-redacciones-de-la-modificacion-estructurante-del-plan-municipal-y-del-plan-parcial-en-el-ambito-de-donapea\\\/#breadcrumb\"},\"inLanguage\":\"es\",\"potentialAction\":[{\"@type\":\"ReadAction\",\"target\":[\"https:\\\/\\\/www.laguiadepamplona.com\\\/actualidad\\\/gerencia-de-urbanismo-aprobara-el-miercoles-la-licitacion-de-las-redacciones-de-la-modificacion-estructurante-del-plan-municipal-y-del-plan-parcial-en-el-ambito-de-donapea\\\/\"]}]},{\"@type\":\"ImageObject\",\"inLanguage\":\"es\",\"@id\":\"https:\\\/\\\/www.laguiadepamplona.com\\\/actualidad\\\/gerencia-de-urbanismo-aprobara-el-miercoles-la-licitacion-de-las-redacciones-de-la-modificacion-estructurante-del-plan-municipal-y-del-plan-parcial-en-el-ambito-de-donapea\\\/#primaryimage\",\"url\":\"https:\\\/\\\/www.laguiadepamplona.com\\\/actualidad\\\/wp-content\\\/uploads\\\/2022\\\/11\\\/22.11.28_donapea-copia.webp\",\"contentUrl\":\"https:\\\/\\\/www.laguiadepamplona.com\\\/actualidad\\\/wp-content\\\/uploads\\\/2022\\\/11\\\/22.11.28_donapea-copia.webp\",\"width\":649,\"height\":440},{\"@type\":\"BreadcrumbList\",\"@id\":\"https:\\\/\\\/www.laguiadepamplona.com\\\/actualidad\\\/gerencia-de-urbanismo-aprobara-el-miercoles-la-licitacion-de-las-redacciones-de-la-modificacion-estructurante-del-plan-municipal-y-del-plan-parcial-en-el-ambito-de-donapea\\\/#breadcrumb\",\"itemListElement\":[{\"@type\":\"ListItem\",\"position\":1,\"name\":\"Portada\",\"item\":\"https:\\\/\\\/www.laguiadepamplona.com\\\/actualidad\\\/\"},{\"@type\":\"ListItem\",\"position\":2,\"name\":\"Gerencia de Urbanismo aprobar\u00e1 el mi\u00e9rcoles la licitaci\u00f3n de las redacciones de la modificaci\u00f3n estructurante del Plan Municipal y del Plan Parcial en el \u00e1mbito de Donapea\"}]},{\"@type\":\"WebSite\",\"@id\":\"https:\\\/\\\/www.laguiadepamplona.com\\\/actualidad\\\/#website\",\"url\":\"https:\\\/\\\/www.laguiadepamplona.com\\\/actualidad\\\/\",\"name\":\"La gu\u00eda de Pamplona\",\"description\":\"Noticias de Pamplona\",\"publisher\":{\"@id\":\"https:\\\/\\\/www.laguiadepamplona.com\\\/actualidad\\\/#organization\"},\"potentialAction\":[{\"@type\":\"SearchAction\",\"target\":{\"@type\":\"EntryPoint\",\"urlTemplate\":\"https:\\\/\\\/www.laguiadepamplona.com\\\/actualidad\\\/?s={search_term_string}\"},\"query-input\":{\"@type\":\"PropertyValueSpecification\",\"valueRequired\":true,\"valueName\":\"search_term_string\"}}],\"inLanguage\":\"es\"},{\"@type\":\"Organization\",\"@id\":\"https:\\\/\\\/www.laguiadepamplona.com\\\/actualidad\\\/#organization\",\"name\":\"La Gu\u00eda de Pamplona \\\/ Noticias\",\"url\":\"https:\\\/\\\/www.laguiadepamplona.com\\\/actualidad\\\/\",\"logo\":{\"@type\":\"ImageObject\",\"inLanguage\":\"es\",\"@id\":\"https:\\\/\\\/www.laguiadepamplona.com\\\/actualidad\\\/#\\\/schema\\\/logo\\\/image\\\/\",\"url\":\"https:\\\/\\\/www.laguiadepamplona.com\\\/actualidad\\\/wp-content\\\/uploads\\\/2018\\\/11\\\/logo-laguiadepamplona18-web1.png\",\"contentUrl\":\"https:\\\/\\\/www.laguiadepamplona.com\\\/actualidad\\\/wp-content\\\/uploads\\\/2018\\\/11\\\/logo-laguiadepamplona18-web1.png\",\"width\":600,\"height\":196,\"caption\":\"La Gu\u00eda de Pamplona \\\/ Noticias\"},\"image\":{\"@id\":\"https:\\\/\\\/www.laguiadepamplona.com\\\/actualidad\\\/#\\\/schema\\\/logo\\\/image\\\/\"},\"sameAs\":[\"https:\\\/\\\/www.facebook.com\\\/laguiadepamplonacom-133175176762273\\\/?ref=hl\",\"https:\\\/\\\/x.com\\\/LaGuiadPamplona\",\"https:\\\/\\\/www.instagram.com\\\/la_guia_de_pamplona\\\/\",\"https:\\\/\\\/www.youtube.com\\\/user\\\/laguiadepamplona\"]},{\"@type\":\"Person\",\"@id\":\"https:\\\/\\\/www.laguiadepamplona.com\\\/actualidad\\\/#\\\/schema\\\/person\\\/efe887376f0213d4657c93adc50b1fdb\",\"name\":\"La Gu\u00eda de Pamplona\",\"image\":{\"@type\":\"ImageObject\",\"inLanguage\":\"es\",\"@id\":\"https:\\\/\\\/secure.gravatar.com\\\/avatar\\\/b6992f131dc8d30ab0dff15446e9d346d9dbd95992de0fef795073f5ea83a81c?s=96&d=mm&r=g\",\"url\":\"https:\\\/\\\/secure.gravatar.com\\\/avatar\\\/b6992f131dc8d30ab0dff15446e9d346d9dbd95992de0fef795073f5ea83a81c?s=96&d=mm&r=g\",\"contentUrl\":\"https:\\\/\\\/secure.gravatar.com\\\/avatar\\\/b6992f131dc8d30ab0dff15446e9d346d9dbd95992de0fef795073f5ea83a81c?s=96&d=mm&r=g\",\"caption\":\"La Gu\u00eda de Pamplona\"}}]}<\/script>\n<!-- \/ Yoast SEO plugin. -->","yoast_head_json":{"title":"Gerencia de Urbanismo aprobar\u00e1 el mi\u00e9rcoles la licitaci\u00f3n de las redacciones de la modificaci\u00f3n estructurante del Plan Municipal y del Plan Parcial en el \u00e1mbito de Donapea","description":"Se trata de establecer las determinaciones urban\u00edsticas de los nuevos suelos incorporados tras el acuerdo de alteraci\u00f3n de l\u00edmites entre Pamplona y Galar","robots":{"index":"index","follow":"follow","max-snippet":"max-snippet:-1","max-image-preview":"max-image-preview:large","max-video-preview":"max-video-preview:-1"},"canonical":"https:\/\/www.laguiadepamplona.com\/actualidad\/gerencia-de-urbanismo-aprobara-el-miercoles-la-licitacion-de-las-redacciones-de-la-modificacion-estructurante-del-plan-municipal-y-del-plan-parcial-en-el-ambito-de-donapea\/","og_locale":"es_ES","og_type":"article","og_title":"Gerencia de Urbanismo aprobar\u00e1 el mi\u00e9rcoles la licitaci\u00f3n de las redacciones de la modificaci\u00f3n estructurante del Plan Municipal y del Plan Parcial en el \u00e1mbito de Donapea","og_description":"Se trata de establecer las determinaciones urban\u00edsticas de los nuevos suelos incorporados tras el acuerdo de alteraci\u00f3n de l\u00edmites entre Pamplona y Galar","og_url":"https:\/\/www.laguiadepamplona.com\/actualidad\/gerencia-de-urbanismo-aprobara-el-miercoles-la-licitacion-de-las-redacciones-de-la-modificacion-estructurante-del-plan-municipal-y-del-plan-parcial-en-el-ambito-de-donapea\/","og_site_name":"La Gu\u00eda de Pamplona","article_publisher":"https:\/\/www.facebook.com\/laguiadepamplonacom-133175176762273\/?ref=hl","article_published_time":"2022-11-28T18:05:40+00:00","article_modified_time":"2023-04-11T09:47:31+00:00","og_image":[{"width":649,"height":440,"url":"https:\/\/www.laguiadepamplona.com\/actualidad\/wp-content\/uploads\/2022\/11\/22.11.28_donapea-copia.webp","type":"image\/webp"}],"author":"La Gu\u00eda de Pamplona","twitter_card":"summary_large_image","twitter_creator":"@LaGuiadPamplona","twitter_site":"@LaGuiadPamplona","twitter_misc":{"Escrito por":"La Gu\u00eda de Pamplona","Tiempo de lectura":"2 minutos"},"schema":{"@context":"https:\/\/schema.org","@graph":[{"@type":"Article","@id":"https:\/\/www.laguiadepamplona.com\/actualidad\/gerencia-de-urbanismo-aprobara-el-miercoles-la-licitacion-de-las-redacciones-de-la-modificacion-estructurante-del-plan-municipal-y-del-plan-parcial-en-el-ambito-de-donapea\/#article","isPartOf":{"@id":"https:\/\/www.laguiadepamplona.com\/actualidad\/gerencia-de-urbanismo-aprobara-el-miercoles-la-licitacion-de-las-redacciones-de-la-modificacion-estructurante-del-plan-municipal-y-del-plan-parcial-en-el-ambito-de-donapea\/"},"author":{"name":"La Gu\u00eda de Pamplona","@id":"https:\/\/www.laguiadepamplona.com\/actualidad\/#\/schema\/person\/efe887376f0213d4657c93adc50b1fdb"},"headline":"Gerencia de Urbanismo aprobar\u00e1 el mi\u00e9rcoles la licitaci\u00f3n de las redacciones de la modificaci\u00f3n estructurante del Plan Municipal y del Plan Parcial en el \u00e1mbito de Donapea","datePublished":"2022-11-28T18:05:40+00:00","dateModified":"2023-04-11T09:47:31+00:00","mainEntityOfPage":{"@id":"https:\/\/www.laguiadepamplona.com\/actualidad\/gerencia-de-urbanismo-aprobara-el-miercoles-la-licitacion-de-las-redacciones-de-la-modificacion-estructurante-del-plan-municipal-y-del-plan-parcial-en-el-ambito-de-donapea\/"},"wordCount":398,"commentCount":0,"publisher":{"@id":"https:\/\/www.laguiadepamplona.com\/actualidad\/#organization"},"image":{"@id":"https:\/\/www.laguiadepamplona.com\/actualidad\/gerencia-de-urbanismo-aprobara-el-miercoles-la-licitacion-de-las-redacciones-de-la-modificacion-estructurante-del-plan-municipal-y-del-plan-parcial-en-el-ambito-de-donapea\/#primaryimage"},"thumbnailUrl":"https:\/\/www.laguiadepamplona.com\/actualidad\/wp-content\/uploads\/2022\/11\/22.11.28_donapea-copia.webp","articleSection":["Ayto Pamplona"],"inLanguage":"es","potentialAction":[{"@type":"CommentAction","name":"Comment","target":["https:\/\/www.laguiadepamplona.com\/actualidad\/gerencia-de-urbanismo-aprobara-el-miercoles-la-licitacion-de-las-redacciones-de-la-modificacion-estructurante-del-plan-municipal-y-del-plan-parcial-en-el-ambito-de-donapea\/#respond"]}]},{"@type":"WebPage","@id":"https:\/\/www.laguiadepamplona.com\/actualidad\/gerencia-de-urbanismo-aprobara-el-miercoles-la-licitacion-de-las-redacciones-de-la-modificacion-estructurante-del-plan-municipal-y-del-plan-parcial-en-el-ambito-de-donapea\/","url":"https:\/\/www.laguiadepamplona.com\/actualidad\/gerencia-de-urbanismo-aprobara-el-miercoles-la-licitacion-de-las-redacciones-de-la-modificacion-estructurante-del-plan-municipal-y-del-plan-parcial-en-el-ambito-de-donapea\/","name":"Gerencia de Urbanismo aprobar\u00e1 el mi\u00e9rcoles la licitaci\u00f3n de las redacciones de la modificaci\u00f3n estructurante del Plan Municipal y del Plan Parcial en el \u00e1mbito de Donapea","isPartOf":{"@id":"https:\/\/www.laguiadepamplona.com\/actualidad\/#website"},"primaryImageOfPage":{"@id":"https:\/\/www.laguiadepamplona.com\/actualidad\/gerencia-de-urbanismo-aprobara-el-miercoles-la-licitacion-de-las-redacciones-de-la-modificacion-estructurante-del-plan-municipal-y-del-plan-parcial-en-el-ambito-de-donapea\/#primaryimage"},"image":{"@id":"https:\/\/www.laguiadepamplona.com\/actualidad\/gerencia-de-urbanismo-aprobara-el-miercoles-la-licitacion-de-las-redacciones-de-la-modificacion-estructurante-del-plan-municipal-y-del-plan-parcial-en-el-ambito-de-donapea\/#primaryimage"},"thumbnailUrl":"https:\/\/www.laguiadepamplona.com\/actualidad\/wp-content\/uploads\/2022\/11\/22.11.28_donapea-copia.webp","datePublished":"2022-11-28T18:05:40+00:00","dateModified":"2023-04-11T09:47:31+00:00","description":"Se trata de establecer las determinaciones urban\u00edsticas de los nuevos suelos incorporados tras el acuerdo de alteraci\u00f3n de l\u00edmites entre Pamplona y Galar","breadcrumb":{"@id":"https:\/\/www.laguiadepamplona.com\/actualidad\/gerencia-de-urbanismo-aprobara-el-miercoles-la-licitacion-de-las-redacciones-de-la-modificacion-estructurante-del-plan-municipal-y-del-plan-parcial-en-el-ambito-de-donapea\/#breadcrumb"},"inLanguage":"es","potentialAction":[{"@type":"ReadAction","target":["https:\/\/www.laguiadepamplona.com\/actualidad\/gerencia-de-urbanismo-aprobara-el-miercoles-la-licitacion-de-las-redacciones-de-la-modificacion-estructurante-del-plan-municipal-y-del-plan-parcial-en-el-ambito-de-donapea\/"]}]},{"@type":"ImageObject","inLanguage":"es","@id":"https:\/\/www.laguiadepamplona.com\/actualidad\/gerencia-de-urbanismo-aprobara-el-miercoles-la-licitacion-de-las-redacciones-de-la-modificacion-estructurante-del-plan-municipal-y-del-plan-parcial-en-el-ambito-de-donapea\/#primaryimage","url":"https:\/\/www.laguiadepamplona.com\/actualidad\/wp-content\/uploads\/2022\/11\/22.11.28_donapea-copia.webp","contentUrl":"https:\/\/www.laguiadepamplona.com\/actualidad\/wp-content\/uploads\/2022\/11\/22.11.28_donapea-copia.webp","width":649,"height":440},{"@type":"BreadcrumbList","@id":"https:\/\/www.laguiadepamplona.com\/actualidad\/gerencia-de-urbanismo-aprobara-el-miercoles-la-licitacion-de-las-redacciones-de-la-modificacion-estructurante-del-plan-municipal-y-del-plan-parcial-en-el-ambito-de-donapea\/#breadcrumb","itemListElement":[{"@type":"ListItem","position":1,"name":"Portada","item":"https:\/\/www.laguiadepamplona.com\/actualidad\/"},{"@type":"ListItem","position":2,"name":"Gerencia de Urbanismo aprobar\u00e1 el mi\u00e9rcoles la licitaci\u00f3n de las redacciones de la modificaci\u00f3n estructurante del Plan Municipal y del Plan Parcial en el \u00e1mbito de Donapea"}]},{"@type":"WebSite","@id":"https:\/\/www.laguiadepamplona.com\/actualidad\/#website","url":"https:\/\/www.laguiadepamplona.com\/actualidad\/","name":"La gu\u00eda de Pamplona","description":"Noticias de Pamplona","publisher":{"@id":"https:\/\/www.laguiadepamplona.com\/actualidad\/#organization"},"potentialAction":[{"@type":"SearchAction","target":{"@type":"EntryPoint","urlTemplate":"https:\/\/www.laguiadepamplona.com\/actualidad\/?s={search_term_string}"},"query-input":{"@type":"PropertyValueSpecification","valueRequired":true,"valueName":"search_term_string"}}],"inLanguage":"es"},{"@type":"Organization","@id":"https:\/\/www.laguiadepamplona.com\/actualidad\/#organization","name":"La Gu\u00eda de Pamplona \/ Noticias","url":"https:\/\/www.laguiadepamplona.com\/actualidad\/","logo":{"@type":"ImageObject","inLanguage":"es","@id":"https:\/\/www.laguiadepamplona.com\/actualidad\/#\/schema\/logo\/image\/","url":"https:\/\/www.laguiadepamplona.com\/actualidad\/wp-content\/uploads\/2018\/11\/logo-laguiadepamplona18-web1.png","contentUrl":"https:\/\/www.laguiadepamplona.com\/actualidad\/wp-content\/uploads\/2018\/11\/logo-laguiadepamplona18-web1.png","width":600,"height":196,"caption":"La Gu\u00eda de Pamplona \/ Noticias"},"image":{"@id":"https:\/\/www.laguiadepamplona.com\/actualidad\/#\/schema\/logo\/image\/"},"sameAs":["https:\/\/www.facebook.com\/laguiadepamplonacom-133175176762273\/?ref=hl","https:\/\/x.com\/LaGuiadPamplona","https:\/\/www.instagram.com\/la_guia_de_pamplona\/","https:\/\/www.youtube.com\/user\/laguiadepamplona"]},{"@type":"Person","@id":"https:\/\/www.laguiadepamplona.com\/actualidad\/#\/schema\/person\/efe887376f0213d4657c93adc50b1fdb","name":"La Gu\u00eda de Pamplona","image":{"@type":"ImageObject","inLanguage":"es","@id":"https:\/\/secure.gravatar.com\/avatar\/b6992f131dc8d30ab0dff15446e9d346d9dbd95992de0fef795073f5ea83a81c?s=96&d=mm&r=g","url":"https:\/\/secure.gravatar.com\/avatar\/b6992f131dc8d30ab0dff15446e9d346d9dbd95992de0fef795073f5ea83a81c?s=96&d=mm&r=g","contentUrl":"https:\/\/secure.gravatar.com\/avatar\/b6992f131dc8d30ab0dff15446e9d346d9dbd95992de0fef795073f5ea83a81c?s=96&d=mm&r=g","caption":"La Gu\u00eda de Pamplona"}}]}},"post_mailing_queue_ids":[],"_links":{"self":[{"href":"https:\/\/www.laguiadepamplona.com\/actualidad\/wp-json\/wp\/v2\/posts\/42338","targetHints":{"allow":["GET"]}}],"collection":[{"href":"https:\/\/www.laguiadepamplona.com\/actualidad\/wp-json\/wp\/v2\/posts"}],"about":[{"href":"https:\/\/www.laguiadepamplona.com\/actualidad\/wp-json\/wp\/v2\/types\/post"}],"author":[{"embeddable":true,"href":"https:\/\/www.laguiadepamplona.com\/actualidad\/wp-json\/wp\/v2\/users\/1"}],"replies":[{"embeddable":true,"href":"https:\/\/www.laguiadepamplona.com\/actualidad\/wp-json\/wp\/v2\/comments?post=42338"}],"version-history":[{"count":0,"href":"https:\/\/www.laguiadepamplona.com\/actualidad\/wp-json\/wp\/v2\/posts\/42338\/revisions"}],"wp:featuredmedia":[{"embeddable":true,"href":"https:\/\/www.laguiadepamplona.com\/actualidad\/wp-json\/wp\/v2\/media\/42339"}],"wp:attachment":[{"href":"https:\/\/www.laguiadepamplona.com\/actualidad\/wp-json\/wp\/v2\/media?parent=42338"}],"wp:term":[{"taxonomy":"category","embeddable":true,"href":"https:\/\/www.laguiadepamplona.com\/actualidad\/wp-json\/wp\/v2\/categories?post=42338"},{"taxonomy":"post_tag","embeddable":true,"href":"https:\/\/www.laguiadepamplona.com\/actualidad\/wp-json\/wp\/v2\/tags?post=42338"}],"curies":[{"name":"wp","href":"https:\/\/api.w.org\/{rel}","templated":true}]}}