{"id":42329,"date":"2022-11-25T18:50:07","date_gmt":"2022-11-25T16:50:07","guid":{"rendered":"https:\/\/www.laguiadepamplona.com\/actualidad\/?p=42329"},"modified":"2023-04-11T11:47:31","modified_gmt":"2023-04-11T09:47:31","slug":"aprobadas-las-convocatorias-de-empleo-publico-para-estabilizar-mediante-concurso-oposicion-41-plazas-de-diferentes-puestos-de-trabajo-al-servicio-del-ayuntamiento-de-pamplona","status":"publish","type":"post","link":"https:\/\/www.laguiadepamplona.com\/actualidad\/aprobadas-las-convocatorias-de-empleo-publico-para-estabilizar-mediante-concurso-oposicion-41-plazas-de-diferentes-puestos-de-trabajo-al-servicio-del-ayuntamiento-de-pamplona\/","title":{"rendered":"Aprobadas las convocatorias de empleo p\u00fablico para estabilizar, mediante concurso \u2013 oposici\u00f3n, 41 plazas de diferentes puestos de trabajo al servicio del Ayuntamiento de Pamplona"},"content":{"rendered":"<h5>Una vez se publiquen las convocatorias en el BON, se abrir\u00e1 un plazo de quince d\u00edas para la presentaci\u00f3n de solicitudes de participaci\u00f3n<\/h5>\n<p><!--more--><\/p>\n<p>La Junta de Gobierno Local ha aprobado esta ma\u00f1ana las convocatorias de ingreso, mediante concurso \u2013 oposici\u00f3n para la estabilizaci\u00f3n de un m\u00e1ximo de 41 plazas en diferentes puestos del trabajo al servicio del Ayuntamiento de Pamplona. Estos procedimientos se enmarcan en el proceso extraordinario de estabilizaci\u00f3n y consolidaci\u00f3n de empleo temporal que se realiza al amparo de la Ley 20\/2021, de 28 de diciembre, de medidas urgentes para la reducci\u00f3n de la temporalidad en el empleo p\u00fablico.<\/p>\n<p>El objetivo de estas convocatorias de empleo p\u00fablico es reducir la temporalidad de los puestos de trabajo del Ayuntamiento de Pamplona por debajo del 8%. Las 41 plazas se reparten en veinte convocatorias espec\u00edficas para cada uno de los puestos de trabajo concretos que se ofertan. Cada convocatoria contar\u00e1 con un tribunal calificador espec\u00edfico. Las convocatorias, al contrario de lo que ocurrir\u00e1 con las que se cubran mediante concurso de m\u00e9ritos, contar\u00e1n con turno para personas con discapacidad acreditada y para v\u00edctimas de violencia de g\u00e9nero, seg\u00fan los porcentajes establecidos por la normativa vigente.<br \/>\n<script async src=\"\/\/pagead2.googlesyndication.com\/pagead\/js\/adsbygoogle.js\"><\/script><br \/>\n<!-- Noticias La Guia de Pamplona --><br \/>\n<ins class=\"adsbygoogle\"\nstyle=\"display:block\"\ndata-ad-client=\"ca-pub-6943679897239327\"\ndata-ad-slot=\"7048180777\"\ndata-ad-format=\"auto\"><\/ins><br \/>\n<script>\n(adsbygoogle = window.adsbygoogle || []).push({});\n<\/script><\/p>\n<p>Las convocatorias aprobadas recogen un m\u00e1ximo de 12 plazas del puesto de trabajador\/a familiar, un m\u00e1ximo de 4 plazas del puesto de auxiliar administrativo\/a, un m\u00e1ximo de 3 plazas del puesto de auxiliar de funcionamiento de instalaciones municipales, un m\u00e1ximo de 3 plazas del puesto de titulado\/a grado medio educaci\u00f3n ambiental, un m\u00e1ximo de 2 plazas del puesto de t\u00e9cnico\/a superior de estrategia y proyectos, un m\u00e1ximo de 2 plazas del puesto de t\u00e9cnico\/a superior en integraci\u00f3n social y un m\u00e1ximo de 2 plazas del puesto de t\u00e9cnico\/a superior de recursos humanos y organizaci\u00f3n.<\/p>\n<p>Adem\u00e1s, otras 13 convocatorias buscan estabilizar un m\u00e1ximo de una plaza para los puestos de trabajo de auxiliar de mantenimiento de conservaci\u00f3n urbana, auxiliar sepulturero\/a, coordinador\/a de movilidad, coordinador\/a programas educativos (educaci\u00f3n ambiental), director\/a de Escuela Taller (jardiner\u00eda), ingeniero\/a t\u00e9cnico\/a qu\u00edmico\/a, jefe\/a de servicio de aparcamientos, jefe\/a de servicio de turismo, licenciado\/a en derecho, oficial administrativo\/a, oficial de empleo social (jardiner\u00eda y mantenimiento), t\u00e9cnico\/a de movilidad y titulado\/a grado medio (jardiner\u00eda).<br \/>\n<script async src=\"\/\/pagead2.googlesyndication.com\/pagead\/js\/adsbygoogle.js\"><\/script><br \/>\n<!-- Noticias La Guia de Pamplona --><br \/>\n<ins class=\"adsbygoogle\"\nstyle=\"display:block\"\ndata-ad-client=\"ca-pub-6943679897239327\"\ndata-ad-slot=\"7048180777\"\ndata-ad-format=\"auto\"><\/ins><br \/>\n<script>\n(adsbygoogle = window.adsbygoogle || []).push({});\n<\/script><\/p>\n<p><strong>Publicaci\u00f3n en el Bolet\u00edn Oficial de Navarra<\/strong><\/p>\n<p>El plazo de presentaci\u00f3n de solicitudes para estas convocatorias se iniciar\u00e1 a partir del d\u00eda siguiente a su publicaci\u00f3n en el Bolet\u00edn Oficial de Navarra. Se habilitar\u00e1 entonces un plazo de quince d\u00edas naturales. Quienes deseen tomar parte en estos procesos selectivos deber\u00e1n presentar su solicitud de forma telem\u00e1tica, en la direcci\u00f3n <a href=\"http:\/\/www.pamplona.es\" target=\"_blank\" rel=\"noopener\">www.pamplona.es<\/a>, en el apartado de la web \u2018Convocatorias de empleo p\u00fablico\u2019, en la rese\u00f1a correspondiente a la convocatoria. Asimismo, se deber\u00e1n abonar las tasas correspondientes establecidas seg\u00fan el nivel administrativo al que corresponda la plaza a la que se opta.<\/p>\n<p>La fase de oposici\u00f3n se valorar\u00e1 con 60 puntos y la fase de concurso tendr\u00e1 una valoraci\u00f3n m\u00e1xima de 40 puntos. En la fase de concurso se valorar\u00e1n los m\u00e9ritos profesionales con un m\u00e1ximo de 30 puntos; y otros m\u00e9ritos, vinculados a aspectos como haber aprobado sin plaza el \u00faltimo proceso de ingreso en el mismo puesto de trabajo, poseer otras titulaciones acad\u00e9micas, la participaci\u00f3n en acciones formativas o el conocimiento de idiomas, seg\u00fan cada puesto, con un m\u00e1ximo de 10 puntos. La fase de oposici\u00f3n de estas convocatorias dar\u00e1 comienzo a partir del segundo semestre de 2023.<br \/>\n<script async src=\"\/\/pagead2.googlesyndication.com\/pagead\/js\/adsbygoogle.js\"><\/script><br \/>\n<!-- Noticias La Guia de Pamplona --><br \/>\n<ins class=\"adsbygoogle\"\nstyle=\"display:block\"\ndata-ad-client=\"ca-pub-6943679897239327\"\ndata-ad-slot=\"7048180777\"\ndata-ad-format=\"auto\"><\/ins><br \/>\n<script>\n(adsbygoogle = window.adsbygoogle || []).push({});\n<\/script><\/p>\n<p>&nbsp;<\/p>\n<h3>Convocatorias mediante concurso &#8211; oposici\u00f3n<\/h3>\n<ul>\n<li>Un m\u00e1ximo de 4 plazas del puesto de auxiliar administrativo\/a<\/li>\n<li>Un m\u00e1ximo de 3 plazas del puesto de auxiliar de funcionamiento de instalaciones municipales<\/li>\n<li>Un m\u00e1ximo de 1 plaza del puesto de auxiliar de mantenimiento de conservaci\u00f3n urbana<\/li>\n<li>Un m\u00e1ximo de 1 plaza del puesto de auxiliar sepulturero\/a<\/li>\n<li>Un m\u00e1ximo de 1 plaza del puesto de coordinador\/a de movilidad<\/li>\n<li>Un m\u00e1ximo de 1 plaza del puesto de coordinador\/a programas educativos (educaci\u00f3n ambiental)<\/li>\n<li>Un m\u00e1ximo de 1 plaza del puesto de director\/a de escuela taller (jardiner\u00eda)<\/li>\n<li>Un m\u00e1ximo de 1 plaza del puesto de ingeniero\/a t\u00e9cnico\/a qu\u00edmico\/a<\/li>\n<li>Un m\u00e1ximo de 1 plaza del puesto de jefe\/a de servicio de aparcamientos<\/li>\n<li>Un m\u00e1ximo de 1 plaza del puesto de jefe\/a de servicio de turismo<\/li>\n<li>Un m\u00e1ximo de 1 plaza del puesto de licenciado\/a en derecho<\/li>\n<li>Un m\u00e1ximo de 1 plaza del puesto de oficial administrativo\/a<\/li>\n<li>Un m\u00e1ximo de 1 plaza del puesto de oficial de empleo social (jardiner\u00eda y mantenimiento)<\/li>\n<li>Un m\u00e1ximo de 2 plazas del puesto de t\u00e9cnico\/a superior de estrategia y proyectos<\/li>\n<li>Un m\u00e1ximo de 2 plazas del puesto de t\u00e9cnico\/a superior de recursos humanos y organizaci\u00f3n<\/li>\n<li>Un m\u00e1ximo de 2 plazas del puesto de t\u00e9cnico\/a superior en integraci\u00f3n social<\/li>\n<li>Un m\u00e1ximo de 1 plaza del puesto de t\u00e9cnico\/a de movilidad<\/li>\n<li>Un m\u00e1ximo de 1 plaza del puesto de titulado\/a grado medio (jardiner\u00eda)<\/li>\n<li>Un m\u00e1ximo de 3 plazas del puesto de titulado\/a grado medio educaci\u00f3n ambiental<\/li>\n<li>Un m\u00e1ximo de 12 plazas del puesto de trabajador\/a familiar<\/li>\n<\/ul>\n","protected":false},"excerpt":{"rendered":"<p>Una vez se publiquen las convocatorias en el BON, se abrir\u00e1 un plazo de quince d\u00edas para la presentaci\u00f3n de solicitudes de participaci\u00f3n<\/p>\n","protected":false},"author":1,"featured_media":42330,"comment_status":"open","ping_status":"closed","sticky":false,"template":"","format":"standard","meta":{"footnotes":""},"categories":[2],"tags":[],"class_list":["post-42329","post","type-post","status-publish","format-standard","has-post-thumbnail","hentry","category-ayuntamiento-pamplona"],"yoast_head":"<!-- This site is optimized with the Yoast SEO plugin v27.3 - https:\/\/yoast.com\/product\/yoast-seo-wordpress\/ -->\n<title>Aprobadas las convocatorias de empleo p\u00fablico para estabilizar, mediante concurso \u2013 oposici\u00f3n, 41 plazas de diferentes puestos de trabajo al servicio del Ayuntamiento de Pamplona<\/title>\n<meta name=\"description\" content=\"Una vez se publiquen las convocatorias en el BON, se abrir\u00e1 un plazo de quince d\u00edas para la presentaci\u00f3n de solicitudes de participaci\u00f3n\" \/>\n<meta name=\"robots\" content=\"index, follow, max-snippet:-1, max-image-preview:large, max-video-preview:-1\" \/>\n<link rel=\"canonical\" href=\"https:\/\/www.laguiadepamplona.com\/actualidad\/aprobadas-las-convocatorias-de-empleo-publico-para-estabilizar-mediante-concurso-oposicion-41-plazas-de-diferentes-puestos-de-trabajo-al-servicio-del-ayuntamiento-de-pamplona\/\" \/>\n<meta property=\"og:locale\" content=\"es_ES\" \/>\n<meta property=\"og:type\" content=\"article\" \/>\n<meta property=\"og:title\" content=\"Aprobadas las convocatorias de empleo p\u00fablico para estabilizar, mediante concurso \u2013 oposici\u00f3n, 41 plazas de diferentes puestos de trabajo al servicio del Ayuntamiento de Pamplona\" \/>\n<meta property=\"og:description\" content=\"Una vez se publiquen las convocatorias en el BON, se abrir\u00e1 un plazo de quince d\u00edas para la presentaci\u00f3n de solicitudes de participaci\u00f3n\" \/>\n<meta property=\"og:url\" content=\"https:\/\/www.laguiadepamplona.com\/actualidad\/aprobadas-las-convocatorias-de-empleo-publico-para-estabilizar-mediante-concurso-oposicion-41-plazas-de-diferentes-puestos-de-trabajo-al-servicio-del-ayuntamiento-de-pamplona\/\" \/>\n<meta property=\"og:site_name\" content=\"La Gu\u00eda de Pamplona\" \/>\n<meta property=\"article:publisher\" content=\"https:\/\/www.facebook.com\/laguiadepamplonacom-133175176762273\/?ref=hl\" \/>\n<meta property=\"article:published_time\" content=\"2022-11-25T16:50:07+00:00\" \/>\n<meta property=\"article:modified_time\" content=\"2023-04-11T09:47:31+00:00\" \/>\n<meta property=\"og:image\" content=\"https:\/\/www.laguiadepamplona.com\/actualidad\/wp-content\/uploads\/2022\/11\/estudiantes-escribiendo-en-.webp\" \/>\n\t<meta property=\"og:image:width\" content=\"1920\" \/>\n\t<meta property=\"og:image:height\" content=\"1280\" \/>\n\t<meta property=\"og:image:type\" content=\"image\/webp\" \/>\n<meta name=\"author\" content=\"La Gu\u00eda de Pamplona\" \/>\n<meta name=\"twitter:card\" content=\"summary_large_image\" \/>\n<meta name=\"twitter:creator\" content=\"@LaGuiadPamplona\" \/>\n<meta name=\"twitter:site\" content=\"@LaGuiadPamplona\" \/>\n<meta name=\"twitter:label1\" content=\"Escrito por\" \/>\n\t<meta name=\"twitter:data1\" content=\"La Gu\u00eda de Pamplona\" \/>\n\t<meta name=\"twitter:label2\" content=\"Tiempo de lectura\" \/>\n\t<meta name=\"twitter:data2\" content=\"4 minutos\" \/>\n<script type=\"application\/ld+json\" class=\"yoast-schema-graph\">{\"@context\":\"https:\\\/\\\/schema.org\",\"@graph\":[{\"@type\":\"Article\",\"@id\":\"https:\\\/\\\/www.laguiadepamplona.com\\\/actualidad\\\/aprobadas-las-convocatorias-de-empleo-publico-para-estabilizar-mediante-concurso-oposicion-41-plazas-de-diferentes-puestos-de-trabajo-al-servicio-del-ayuntamiento-de-pamplona\\\/#article\",\"isPartOf\":{\"@id\":\"https:\\\/\\\/www.laguiadepamplona.com\\\/actualidad\\\/aprobadas-las-convocatorias-de-empleo-publico-para-estabilizar-mediante-concurso-oposicion-41-plazas-de-diferentes-puestos-de-trabajo-al-servicio-del-ayuntamiento-de-pamplona\\\/\"},\"author\":{\"name\":\"La Gu\u00eda de Pamplona\",\"@id\":\"https:\\\/\\\/www.laguiadepamplona.com\\\/actualidad\\\/#\\\/schema\\\/person\\\/efe887376f0213d4657c93adc50b1fdb\"},\"headline\":\"Aprobadas las convocatorias de empleo p\u00fablico para estabilizar, mediante concurso \u2013 oposici\u00f3n, 41 plazas de diferentes puestos de trabajo al servicio del Ayuntamiento de Pamplona\",\"datePublished\":\"2022-11-25T16:50:07+00:00\",\"dateModified\":\"2023-04-11T09:47:31+00:00\",\"mainEntityOfPage\":{\"@id\":\"https:\\\/\\\/www.laguiadepamplona.com\\\/actualidad\\\/aprobadas-las-convocatorias-de-empleo-publico-para-estabilizar-mediante-concurso-oposicion-41-plazas-de-diferentes-puestos-de-trabajo-al-servicio-del-ayuntamiento-de-pamplona\\\/\"},\"wordCount\":938,\"commentCount\":0,\"publisher\":{\"@id\":\"https:\\\/\\\/www.laguiadepamplona.com\\\/actualidad\\\/#organization\"},\"image\":{\"@id\":\"https:\\\/\\\/www.laguiadepamplona.com\\\/actualidad\\\/aprobadas-las-convocatorias-de-empleo-publico-para-estabilizar-mediante-concurso-oposicion-41-plazas-de-diferentes-puestos-de-trabajo-al-servicio-del-ayuntamiento-de-pamplona\\\/#primaryimage\"},\"thumbnailUrl\":\"https:\\\/\\\/www.laguiadepamplona.com\\\/actualidad\\\/wp-content\\\/uploads\\\/2022\\\/11\\\/estudiantes-escribiendo-en-.webp\",\"articleSection\":[\"Ayto Pamplona\"],\"inLanguage\":\"es\",\"potentialAction\":[{\"@type\":\"CommentAction\",\"name\":\"Comment\",\"target\":[\"https:\\\/\\\/www.laguiadepamplona.com\\\/actualidad\\\/aprobadas-las-convocatorias-de-empleo-publico-para-estabilizar-mediante-concurso-oposicion-41-plazas-de-diferentes-puestos-de-trabajo-al-servicio-del-ayuntamiento-de-pamplona\\\/#respond\"]}]},{\"@type\":\"WebPage\",\"@id\":\"https:\\\/\\\/www.laguiadepamplona.com\\\/actualidad\\\/aprobadas-las-convocatorias-de-empleo-publico-para-estabilizar-mediante-concurso-oposicion-41-plazas-de-diferentes-puestos-de-trabajo-al-servicio-del-ayuntamiento-de-pamplona\\\/\",\"url\":\"https:\\\/\\\/www.laguiadepamplona.com\\\/actualidad\\\/aprobadas-las-convocatorias-de-empleo-publico-para-estabilizar-mediante-concurso-oposicion-41-plazas-de-diferentes-puestos-de-trabajo-al-servicio-del-ayuntamiento-de-pamplona\\\/\",\"name\":\"Aprobadas las convocatorias de empleo p\u00fablico para estabilizar, mediante concurso \u2013 oposici\u00f3n, 41 plazas de diferentes puestos de trabajo al servicio del Ayuntamiento de Pamplona\",\"isPartOf\":{\"@id\":\"https:\\\/\\\/www.laguiadepamplona.com\\\/actualidad\\\/#website\"},\"primaryImageOfPage\":{\"@id\":\"https:\\\/\\\/www.laguiadepamplona.com\\\/actualidad\\\/aprobadas-las-convocatorias-de-empleo-publico-para-estabilizar-mediante-concurso-oposicion-41-plazas-de-diferentes-puestos-de-trabajo-al-servicio-del-ayuntamiento-de-pamplona\\\/#primaryimage\"},\"image\":{\"@id\":\"https:\\\/\\\/www.laguiadepamplona.com\\\/actualidad\\\/aprobadas-las-convocatorias-de-empleo-publico-para-estabilizar-mediante-concurso-oposicion-41-plazas-de-diferentes-puestos-de-trabajo-al-servicio-del-ayuntamiento-de-pamplona\\\/#primaryimage\"},\"thumbnailUrl\":\"https:\\\/\\\/www.laguiadepamplona.com\\\/actualidad\\\/wp-content\\\/uploads\\\/2022\\\/11\\\/estudiantes-escribiendo-en-.webp\",\"datePublished\":\"2022-11-25T16:50:07+00:00\",\"dateModified\":\"2023-04-11T09:47:31+00:00\",\"description\":\"Una vez se publiquen las convocatorias en el BON, se abrir\u00e1 un plazo de quince d\u00edas para la presentaci\u00f3n de solicitudes de participaci\u00f3n\",\"breadcrumb\":{\"@id\":\"https:\\\/\\\/www.laguiadepamplona.com\\\/actualidad\\\/aprobadas-las-convocatorias-de-empleo-publico-para-estabilizar-mediante-concurso-oposicion-41-plazas-de-diferentes-puestos-de-trabajo-al-servicio-del-ayuntamiento-de-pamplona\\\/#breadcrumb\"},\"inLanguage\":\"es\",\"potentialAction\":[{\"@type\":\"ReadAction\",\"target\":[\"https:\\\/\\\/www.laguiadepamplona.com\\\/actualidad\\\/aprobadas-las-convocatorias-de-empleo-publico-para-estabilizar-mediante-concurso-oposicion-41-plazas-de-diferentes-puestos-de-trabajo-al-servicio-del-ayuntamiento-de-pamplona\\\/\"]}]},{\"@type\":\"ImageObject\",\"inLanguage\":\"es\",\"@id\":\"https:\\\/\\\/www.laguiadepamplona.com\\\/actualidad\\\/aprobadas-las-convocatorias-de-empleo-publico-para-estabilizar-mediante-concurso-oposicion-41-plazas-de-diferentes-puestos-de-trabajo-al-servicio-del-ayuntamiento-de-pamplona\\\/#primaryimage\",\"url\":\"https:\\\/\\\/www.laguiadepamplona.com\\\/actualidad\\\/wp-content\\\/uploads\\\/2022\\\/11\\\/estudiantes-escribiendo-en-.webp\",\"contentUrl\":\"https:\\\/\\\/www.laguiadepamplona.com\\\/actualidad\\\/wp-content\\\/uploads\\\/2022\\\/11\\\/estudiantes-escribiendo-en-.webp\",\"width\":1920,\"height\":1280},{\"@type\":\"BreadcrumbList\",\"@id\":\"https:\\\/\\\/www.laguiadepamplona.com\\\/actualidad\\\/aprobadas-las-convocatorias-de-empleo-publico-para-estabilizar-mediante-concurso-oposicion-41-plazas-de-diferentes-puestos-de-trabajo-al-servicio-del-ayuntamiento-de-pamplona\\\/#breadcrumb\",\"itemListElement\":[{\"@type\":\"ListItem\",\"position\":1,\"name\":\"Portada\",\"item\":\"https:\\\/\\\/www.laguiadepamplona.com\\\/actualidad\\\/\"},{\"@type\":\"ListItem\",\"position\":2,\"name\":\"Aprobadas las convocatorias de empleo p\u00fablico para estabilizar, mediante concurso \u2013 oposici\u00f3n, 41 plazas de diferentes puestos de trabajo al servicio del Ayuntamiento de Pamplona\"}]},{\"@type\":\"WebSite\",\"@id\":\"https:\\\/\\\/www.laguiadepamplona.com\\\/actualidad\\\/#website\",\"url\":\"https:\\\/\\\/www.laguiadepamplona.com\\\/actualidad\\\/\",\"name\":\"La gu\u00eda de Pamplona\",\"description\":\"Noticias de Pamplona\",\"publisher\":{\"@id\":\"https:\\\/\\\/www.laguiadepamplona.com\\\/actualidad\\\/#organization\"},\"potentialAction\":[{\"@type\":\"SearchAction\",\"target\":{\"@type\":\"EntryPoint\",\"urlTemplate\":\"https:\\\/\\\/www.laguiadepamplona.com\\\/actualidad\\\/?s={search_term_string}\"},\"query-input\":{\"@type\":\"PropertyValueSpecification\",\"valueRequired\":true,\"valueName\":\"search_term_string\"}}],\"inLanguage\":\"es\"},{\"@type\":\"Organization\",\"@id\":\"https:\\\/\\\/www.laguiadepamplona.com\\\/actualidad\\\/#organization\",\"name\":\"La Gu\u00eda de Pamplona \\\/ Noticias\",\"url\":\"https:\\\/\\\/www.laguiadepamplona.com\\\/actualidad\\\/\",\"logo\":{\"@type\":\"ImageObject\",\"inLanguage\":\"es\",\"@id\":\"https:\\\/\\\/www.laguiadepamplona.com\\\/actualidad\\\/#\\\/schema\\\/logo\\\/image\\\/\",\"url\":\"https:\\\/\\\/www.laguiadepamplona.com\\\/actualidad\\\/wp-content\\\/uploads\\\/2018\\\/11\\\/logo-laguiadepamplona18-web1.png\",\"contentUrl\":\"https:\\\/\\\/www.laguiadepamplona.com\\\/actualidad\\\/wp-content\\\/uploads\\\/2018\\\/11\\\/logo-laguiadepamplona18-web1.png\",\"width\":600,\"height\":196,\"caption\":\"La Gu\u00eda de Pamplona \\\/ Noticias\"},\"image\":{\"@id\":\"https:\\\/\\\/www.laguiadepamplona.com\\\/actualidad\\\/#\\\/schema\\\/logo\\\/image\\\/\"},\"sameAs\":[\"https:\\\/\\\/www.facebook.com\\\/laguiadepamplonacom-133175176762273\\\/?ref=hl\",\"https:\\\/\\\/x.com\\\/LaGuiadPamplona\",\"https:\\\/\\\/www.instagram.com\\\/la_guia_de_pamplona\\\/\",\"https:\\\/\\\/www.youtube.com\\\/user\\\/laguiadepamplona\"]},{\"@type\":\"Person\",\"@id\":\"https:\\\/\\\/www.laguiadepamplona.com\\\/actualidad\\\/#\\\/schema\\\/person\\\/efe887376f0213d4657c93adc50b1fdb\",\"name\":\"La Gu\u00eda de Pamplona\",\"image\":{\"@type\":\"ImageObject\",\"inLanguage\":\"es\",\"@id\":\"https:\\\/\\\/secure.gravatar.com\\\/avatar\\\/b6992f131dc8d30ab0dff15446e9d346d9dbd95992de0fef795073f5ea83a81c?s=96&d=mm&r=g\",\"url\":\"https:\\\/\\\/secure.gravatar.com\\\/avatar\\\/b6992f131dc8d30ab0dff15446e9d346d9dbd95992de0fef795073f5ea83a81c?s=96&d=mm&r=g\",\"contentUrl\":\"https:\\\/\\\/secure.gravatar.com\\\/avatar\\\/b6992f131dc8d30ab0dff15446e9d346d9dbd95992de0fef795073f5ea83a81c?s=96&d=mm&r=g\",\"caption\":\"La Gu\u00eda de Pamplona\"}}]}<\/script>\n<!-- \/ Yoast SEO plugin. -->","yoast_head_json":{"title":"Aprobadas las convocatorias de empleo p\u00fablico para estabilizar, mediante concurso \u2013 oposici\u00f3n, 41 plazas de diferentes puestos de trabajo al servicio del Ayuntamiento de Pamplona","description":"Una vez se publiquen las convocatorias en el BON, se abrir\u00e1 un plazo de quince d\u00edas para la presentaci\u00f3n de solicitudes de participaci\u00f3n","robots":{"index":"index","follow":"follow","max-snippet":"max-snippet:-1","max-image-preview":"max-image-preview:large","max-video-preview":"max-video-preview:-1"},"canonical":"https:\/\/www.laguiadepamplona.com\/actualidad\/aprobadas-las-convocatorias-de-empleo-publico-para-estabilizar-mediante-concurso-oposicion-41-plazas-de-diferentes-puestos-de-trabajo-al-servicio-del-ayuntamiento-de-pamplona\/","og_locale":"es_ES","og_type":"article","og_title":"Aprobadas las convocatorias de empleo p\u00fablico para estabilizar, mediante concurso \u2013 oposici\u00f3n, 41 plazas de diferentes puestos de trabajo al servicio del Ayuntamiento de Pamplona","og_description":"Una vez se publiquen las convocatorias en el BON, se abrir\u00e1 un plazo de quince d\u00edas para la presentaci\u00f3n de solicitudes de participaci\u00f3n","og_url":"https:\/\/www.laguiadepamplona.com\/actualidad\/aprobadas-las-convocatorias-de-empleo-publico-para-estabilizar-mediante-concurso-oposicion-41-plazas-de-diferentes-puestos-de-trabajo-al-servicio-del-ayuntamiento-de-pamplona\/","og_site_name":"La Gu\u00eda de Pamplona","article_publisher":"https:\/\/www.facebook.com\/laguiadepamplonacom-133175176762273\/?ref=hl","article_published_time":"2022-11-25T16:50:07+00:00","article_modified_time":"2023-04-11T09:47:31+00:00","og_image":[{"width":1920,"height":1280,"url":"https:\/\/www.laguiadepamplona.com\/actualidad\/wp-content\/uploads\/2022\/11\/estudiantes-escribiendo-en-.webp","type":"image\/webp"}],"author":"La Gu\u00eda de Pamplona","twitter_card":"summary_large_image","twitter_creator":"@LaGuiadPamplona","twitter_site":"@LaGuiadPamplona","twitter_misc":{"Escrito por":"La Gu\u00eda de Pamplona","Tiempo de lectura":"4 minutos"},"schema":{"@context":"https:\/\/schema.org","@graph":[{"@type":"Article","@id":"https:\/\/www.laguiadepamplona.com\/actualidad\/aprobadas-las-convocatorias-de-empleo-publico-para-estabilizar-mediante-concurso-oposicion-41-plazas-de-diferentes-puestos-de-trabajo-al-servicio-del-ayuntamiento-de-pamplona\/#article","isPartOf":{"@id":"https:\/\/www.laguiadepamplona.com\/actualidad\/aprobadas-las-convocatorias-de-empleo-publico-para-estabilizar-mediante-concurso-oposicion-41-plazas-de-diferentes-puestos-de-trabajo-al-servicio-del-ayuntamiento-de-pamplona\/"},"author":{"name":"La Gu\u00eda de Pamplona","@id":"https:\/\/www.laguiadepamplona.com\/actualidad\/#\/schema\/person\/efe887376f0213d4657c93adc50b1fdb"},"headline":"Aprobadas las convocatorias de empleo p\u00fablico para estabilizar, mediante concurso \u2013 oposici\u00f3n, 41 plazas de diferentes puestos de trabajo al servicio del Ayuntamiento de Pamplona","datePublished":"2022-11-25T16:50:07+00:00","dateModified":"2023-04-11T09:47:31+00:00","mainEntityOfPage":{"@id":"https:\/\/www.laguiadepamplona.com\/actualidad\/aprobadas-las-convocatorias-de-empleo-publico-para-estabilizar-mediante-concurso-oposicion-41-plazas-de-diferentes-puestos-de-trabajo-al-servicio-del-ayuntamiento-de-pamplona\/"},"wordCount":938,"commentCount":0,"publisher":{"@id":"https:\/\/www.laguiadepamplona.com\/actualidad\/#organization"},"image":{"@id":"https:\/\/www.laguiadepamplona.com\/actualidad\/aprobadas-las-convocatorias-de-empleo-publico-para-estabilizar-mediante-concurso-oposicion-41-plazas-de-diferentes-puestos-de-trabajo-al-servicio-del-ayuntamiento-de-pamplona\/#primaryimage"},"thumbnailUrl":"https:\/\/www.laguiadepamplona.com\/actualidad\/wp-content\/uploads\/2022\/11\/estudiantes-escribiendo-en-.webp","articleSection":["Ayto Pamplona"],"inLanguage":"es","potentialAction":[{"@type":"CommentAction","name":"Comment","target":["https:\/\/www.laguiadepamplona.com\/actualidad\/aprobadas-las-convocatorias-de-empleo-publico-para-estabilizar-mediante-concurso-oposicion-41-plazas-de-diferentes-puestos-de-trabajo-al-servicio-del-ayuntamiento-de-pamplona\/#respond"]}]},{"@type":"WebPage","@id":"https:\/\/www.laguiadepamplona.com\/actualidad\/aprobadas-las-convocatorias-de-empleo-publico-para-estabilizar-mediante-concurso-oposicion-41-plazas-de-diferentes-puestos-de-trabajo-al-servicio-del-ayuntamiento-de-pamplona\/","url":"https:\/\/www.laguiadepamplona.com\/actualidad\/aprobadas-las-convocatorias-de-empleo-publico-para-estabilizar-mediante-concurso-oposicion-41-plazas-de-diferentes-puestos-de-trabajo-al-servicio-del-ayuntamiento-de-pamplona\/","name":"Aprobadas las convocatorias de empleo p\u00fablico para estabilizar, mediante concurso \u2013 oposici\u00f3n, 41 plazas de diferentes puestos de trabajo al servicio del Ayuntamiento de Pamplona","isPartOf":{"@id":"https:\/\/www.laguiadepamplona.com\/actualidad\/#website"},"primaryImageOfPage":{"@id":"https:\/\/www.laguiadepamplona.com\/actualidad\/aprobadas-las-convocatorias-de-empleo-publico-para-estabilizar-mediante-concurso-oposicion-41-plazas-de-diferentes-puestos-de-trabajo-al-servicio-del-ayuntamiento-de-pamplona\/#primaryimage"},"image":{"@id":"https:\/\/www.laguiadepamplona.com\/actualidad\/aprobadas-las-convocatorias-de-empleo-publico-para-estabilizar-mediante-concurso-oposicion-41-plazas-de-diferentes-puestos-de-trabajo-al-servicio-del-ayuntamiento-de-pamplona\/#primaryimage"},"thumbnailUrl":"https:\/\/www.laguiadepamplona.com\/actualidad\/wp-content\/uploads\/2022\/11\/estudiantes-escribiendo-en-.webp","datePublished":"2022-11-25T16:50:07+00:00","dateModified":"2023-04-11T09:47:31+00:00","description":"Una vez se publiquen las convocatorias en el BON, se abrir\u00e1 un plazo de quince d\u00edas para la presentaci\u00f3n de solicitudes de participaci\u00f3n","breadcrumb":{"@id":"https:\/\/www.laguiadepamplona.com\/actualidad\/aprobadas-las-convocatorias-de-empleo-publico-para-estabilizar-mediante-concurso-oposicion-41-plazas-de-diferentes-puestos-de-trabajo-al-servicio-del-ayuntamiento-de-pamplona\/#breadcrumb"},"inLanguage":"es","potentialAction":[{"@type":"ReadAction","target":["https:\/\/www.laguiadepamplona.com\/actualidad\/aprobadas-las-convocatorias-de-empleo-publico-para-estabilizar-mediante-concurso-oposicion-41-plazas-de-diferentes-puestos-de-trabajo-al-servicio-del-ayuntamiento-de-pamplona\/"]}]},{"@type":"ImageObject","inLanguage":"es","@id":"https:\/\/www.laguiadepamplona.com\/actualidad\/aprobadas-las-convocatorias-de-empleo-publico-para-estabilizar-mediante-concurso-oposicion-41-plazas-de-diferentes-puestos-de-trabajo-al-servicio-del-ayuntamiento-de-pamplona\/#primaryimage","url":"https:\/\/www.laguiadepamplona.com\/actualidad\/wp-content\/uploads\/2022\/11\/estudiantes-escribiendo-en-.webp","contentUrl":"https:\/\/www.laguiadepamplona.com\/actualidad\/wp-content\/uploads\/2022\/11\/estudiantes-escribiendo-en-.webp","width":1920,"height":1280},{"@type":"BreadcrumbList","@id":"https:\/\/www.laguiadepamplona.com\/actualidad\/aprobadas-las-convocatorias-de-empleo-publico-para-estabilizar-mediante-concurso-oposicion-41-plazas-de-diferentes-puestos-de-trabajo-al-servicio-del-ayuntamiento-de-pamplona\/#breadcrumb","itemListElement":[{"@type":"ListItem","position":1,"name":"Portada","item":"https:\/\/www.laguiadepamplona.com\/actualidad\/"},{"@type":"ListItem","position":2,"name":"Aprobadas las convocatorias de empleo p\u00fablico para estabilizar, mediante concurso \u2013 oposici\u00f3n, 41 plazas de diferentes puestos de trabajo al servicio del Ayuntamiento de Pamplona"}]},{"@type":"WebSite","@id":"https:\/\/www.laguiadepamplona.com\/actualidad\/#website","url":"https:\/\/www.laguiadepamplona.com\/actualidad\/","name":"La gu\u00eda de Pamplona","description":"Noticias de Pamplona","publisher":{"@id":"https:\/\/www.laguiadepamplona.com\/actualidad\/#organization"},"potentialAction":[{"@type":"SearchAction","target":{"@type":"EntryPoint","urlTemplate":"https:\/\/www.laguiadepamplona.com\/actualidad\/?s={search_term_string}"},"query-input":{"@type":"PropertyValueSpecification","valueRequired":true,"valueName":"search_term_string"}}],"inLanguage":"es"},{"@type":"Organization","@id":"https:\/\/www.laguiadepamplona.com\/actualidad\/#organization","name":"La Gu\u00eda de Pamplona \/ Noticias","url":"https:\/\/www.laguiadepamplona.com\/actualidad\/","logo":{"@type":"ImageObject","inLanguage":"es","@id":"https:\/\/www.laguiadepamplona.com\/actualidad\/#\/schema\/logo\/image\/","url":"https:\/\/www.laguiadepamplona.com\/actualidad\/wp-content\/uploads\/2018\/11\/logo-laguiadepamplona18-web1.png","contentUrl":"https:\/\/www.laguiadepamplona.com\/actualidad\/wp-content\/uploads\/2018\/11\/logo-laguiadepamplona18-web1.png","width":600,"height":196,"caption":"La Gu\u00eda de Pamplona \/ Noticias"},"image":{"@id":"https:\/\/www.laguiadepamplona.com\/actualidad\/#\/schema\/logo\/image\/"},"sameAs":["https:\/\/www.facebook.com\/laguiadepamplonacom-133175176762273\/?ref=hl","https:\/\/x.com\/LaGuiadPamplona","https:\/\/www.instagram.com\/la_guia_de_pamplona\/","https:\/\/www.youtube.com\/user\/laguiadepamplona"]},{"@type":"Person","@id":"https:\/\/www.laguiadepamplona.com\/actualidad\/#\/schema\/person\/efe887376f0213d4657c93adc50b1fdb","name":"La Gu\u00eda de Pamplona","image":{"@type":"ImageObject","inLanguage":"es","@id":"https:\/\/secure.gravatar.com\/avatar\/b6992f131dc8d30ab0dff15446e9d346d9dbd95992de0fef795073f5ea83a81c?s=96&d=mm&r=g","url":"https:\/\/secure.gravatar.com\/avatar\/b6992f131dc8d30ab0dff15446e9d346d9dbd95992de0fef795073f5ea83a81c?s=96&d=mm&r=g","contentUrl":"https:\/\/secure.gravatar.com\/avatar\/b6992f131dc8d30ab0dff15446e9d346d9dbd95992de0fef795073f5ea83a81c?s=96&d=mm&r=g","caption":"La Gu\u00eda de Pamplona"}}]}},"post_mailing_queue_ids":[],"_links":{"self":[{"href":"https:\/\/www.laguiadepamplona.com\/actualidad\/wp-json\/wp\/v2\/posts\/42329","targetHints":{"allow":["GET"]}}],"collection":[{"href":"https:\/\/www.laguiadepamplona.com\/actualidad\/wp-json\/wp\/v2\/posts"}],"about":[{"href":"https:\/\/www.laguiadepamplona.com\/actualidad\/wp-json\/wp\/v2\/types\/post"}],"author":[{"embeddable":true,"href":"https:\/\/www.laguiadepamplona.com\/actualidad\/wp-json\/wp\/v2\/users\/1"}],"replies":[{"embeddable":true,"href":"https:\/\/www.laguiadepamplona.com\/actualidad\/wp-json\/wp\/v2\/comments?post=42329"}],"version-history":[{"count":0,"href":"https:\/\/www.laguiadepamplona.com\/actualidad\/wp-json\/wp\/v2\/posts\/42329\/revisions"}],"wp:featuredmedia":[{"embeddable":true,"href":"https:\/\/www.laguiadepamplona.com\/actualidad\/wp-json\/wp\/v2\/media\/42330"}],"wp:attachment":[{"href":"https:\/\/www.laguiadepamplona.com\/actualidad\/wp-json\/wp\/v2\/media?parent=42329"}],"wp:term":[{"taxonomy":"category","embeddable":true,"href":"https:\/\/www.laguiadepamplona.com\/actualidad\/wp-json\/wp\/v2\/categories?post=42329"},{"taxonomy":"post_tag","embeddable":true,"href":"https:\/\/www.laguiadepamplona.com\/actualidad\/wp-json\/wp\/v2\/tags?post=42329"}],"curies":[{"name":"wp","href":"https:\/\/api.w.org\/{rel}","templated":true}]}}