{"id":42321,"date":"2022-11-25T14:28:39","date_gmt":"2022-11-25T12:28:39","guid":{"rendered":"https:\/\/www.laguiadepamplona.com\/actualidad\/?p=42321"},"modified":"2023-04-11T11:47:31","modified_gmt":"2023-04-11T09:47:31","slug":"abierta-hasta-el-2-de-diciembre-la-inscripcion-en-la-septima-edicion-del-taller-biko-teka-que-incentiva-la-creacion-de-libros-graficos-en-euskera-dirigidos-al-publico-infantil","status":"publish","type":"post","link":"https:\/\/www.laguiadepamplona.com\/actualidad\/abierta-hasta-el-2-de-diciembre-la-inscripcion-en-la-septima-edicion-del-taller-biko-teka-que-incentiva-la-creacion-de-libros-graficos-en-euskera-dirigidos-al-publico-infantil\/","title":{"rendered":"Abierta hasta el 2 de diciembre la inscripci\u00f3n en la s\u00e9ptima edici\u00f3n del taller BIKO-TEKA, que incentiva la creaci\u00f3n de libros gr\u00e1ficos en euskera dirigidos al p\u00fablico infantil"},"content":{"rendered":"<h5>El taller tendr\u00e1 lugar en el Palacio de Condestable, del 23 al 27 de enero, con la ilustradora Aitziber Alonso y el escritor Harkaitz Cano<\/h5>\n<p><!--more--><\/p>\n<p>La Asociaci\u00f3n de Literatura Infantil y Juvenil Galtzagorri Elkartea, en colaboraci\u00f3n con el Ayuntamiento de Pamplona, ofrece en el mes de enero la s\u00e9ptima edici\u00f3n del taller BIKO-TEKA (por parejas), un taller de ilustraci\u00f3n y narraci\u00f3n para crear libros gr\u00e1ficos dirigidos a p\u00fablico infantil. La inscripci\u00f3n est\u00e1 abierta hasta el 2 de diciembre y se realiza en el correo electr\u00f3nico <a href=\"mailto:administrazioa@ibbygaltzagorri.eus\">administrazioa@ibbygaltzagorri.eus<\/a>. El taller tendr\u00e1 lugar entre los d\u00edas 23 y 27 de enero en el Palacio de Condestable.<br \/>\n<script async src=\"\/\/pagead2.googlesyndication.com\/pagead\/js\/adsbygoogle.js\"><\/script><br \/>\n<!-- Noticias La Guia de Pamplona --><br \/>\n<ins class=\"adsbygoogle\"\nstyle=\"display:block\"\ndata-ad-client=\"ca-pub-6943679897239327\"\ndata-ad-slot=\"7048180777\"\ndata-ad-format=\"auto\"><\/ins><br \/>\n<script>\n(adsbygoogle = window.adsbygoogle || []).push({});\n<\/script><\/p>\n<p>El taller propone que escritoras e ilustradoras trabajen por parejas, como indica su nombre, durante una semana, para crear \u00e1lbumes ilustrados en euskera. De esta manera, ilustradores y escritores pueden conocerse y aprender las din\u00e1micas de trabajo necesarias para crear en equipo un libro gr\u00e1fico. Las personas interesadas en participar pueden presentar su candidatura de manera individual o en pareja. Los ilustradores deben presentar tres ilustraciones de un mismo proyecto y los escritores, un escrito breve. Si se presentan en pareja, hay que aportar un borrador del proyecto.<\/p>\n<p>La Asociaci\u00f3n Galtzagorri se encarga de encontrar pareja a las personas que se presenten de forma individual. Entre todos los candidatos, se escoger\u00e1n como m\u00e1ximo 8 parejas y \u00e9stas recibir\u00e1n una beca para participar en el taller formativo, que tambi\u00e9n cuenta con el apoyo del Premio Etxepare de \u00c1lbumes Ilustrados Infantiles. Las ocho parejas seleccionadas trabajar\u00e1n este a\u00f1o bajo la batuta de la ilustradora Aitziber Alonso y del escritor Harkaitz Cano. Adem\u00e1s, para esta edici\u00f3n, la Asociaci\u00f3n Galtzagorri ha invitado a Garazi Arrula, editora de Txalaparta, y a la bibliotecaria Asun Agiriano, directora de la biblioteca municipal de Arrasate. La editora de Txalaparta hablar\u00e1 a los participantes sobre el mundo de la edici\u00f3n y la bibliotecaria expondr\u00e1 su experiencia sobre los lectores y lectoras de los \u00e1lbumes ilustrados en euskera.<br \/>\n<script async src=\"\/\/pagead2.googlesyndication.com\/pagead\/js\/adsbygoogle.js\"><\/script><br \/>\n<!-- Noticias La Guia de Pamplona --><br \/>\n<ins class=\"adsbygoogle\"\nstyle=\"display:block\"\ndata-ad-client=\"ca-pub-6943679897239327\"\ndata-ad-slot=\"7048180777\"\ndata-ad-format=\"auto\"><\/ins><br \/>\n<script>\n(adsbygoogle = window.adsbygoogle || []).push({});\n<\/script><\/p>\n<p>Para m\u00e1s informaci\u00f3n sobre el taller, las personas interesadas pueden dirigirse a la web <a href=\"http:\/\/www.ibbygaltzagorri.eus\" target=\"_blank\" rel=\"noopener\">www.ibbygaltzagorri.eus<\/a>, escribir al correo electr\u00f3nico <a href=\"mailto:galtzagorri@ibbygaltzagorri.eus\">galtzagorri@ibbygaltzagorri.eus<\/a> o llamar al tel\u00e9fono 943 471 487.<\/p>\n","protected":false},"excerpt":{"rendered":"<p>El taller tendr\u00e1 lugar en el Palacio de Condestable, del 23 al 27 de enero, con la ilustradora Aitziber Alonso y el escritor Harkaitz Cano<\/p>\n","protected":false},"author":1,"featured_media":42322,"comment_status":"open","ping_status":"closed","sticky":false,"template":"","format":"standard","meta":{"footnotes":""},"categories":[2],"tags":[],"class_list":["post-42321","post","type-post","status-publish","format-standard","has-post-thumbnail","hentry","category-ayuntamiento-pamplona"],"yoast_head":"<!-- This site is optimized with the Yoast SEO plugin v27.3 - https:\/\/yoast.com\/product\/yoast-seo-wordpress\/ -->\n<title>Abierta hasta el 2 de diciembre la inscripci\u00f3n en la s\u00e9ptima edici\u00f3n del taller BIKO-TEKA, que incentiva la creaci\u00f3n de libros gr\u00e1ficos en euskera dirigidos al p\u00fablico infantil<\/title>\n<meta name=\"description\" content=\"El taller tendr\u00e1 lugar en el Palacio de Condestable, del 23 al 27 de enero, con la ilustradora Aitziber Alonso y el escritor Harkaitz Cano\u00a0\u00a0\" \/>\n<meta name=\"robots\" content=\"index, follow, max-snippet:-1, max-image-preview:large, max-video-preview:-1\" \/>\n<link rel=\"canonical\" href=\"https:\/\/www.laguiadepamplona.com\/actualidad\/abierta-hasta-el-2-de-diciembre-la-inscripcion-en-la-septima-edicion-del-taller-biko-teka-que-incentiva-la-creacion-de-libros-graficos-en-euskera-dirigidos-al-publico-infantil\/\" \/>\n<meta property=\"og:locale\" content=\"es_ES\" \/>\n<meta property=\"og:type\" content=\"article\" \/>\n<meta property=\"og:title\" content=\"Abierta hasta el 2 de diciembre la inscripci\u00f3n en la s\u00e9ptima edici\u00f3n del taller BIKO-TEKA, que incentiva la creaci\u00f3n de libros gr\u00e1ficos en euskera dirigidos al p\u00fablico infantil\" \/>\n<meta property=\"og:description\" content=\"El taller tendr\u00e1 lugar en el Palacio de Condestable, del 23 al 27 de enero, con la ilustradora Aitziber Alonso y el escritor Harkaitz Cano\u00a0\u00a0\" \/>\n<meta property=\"og:url\" content=\"https:\/\/www.laguiadepamplona.com\/actualidad\/abierta-hasta-el-2-de-diciembre-la-inscripcion-en-la-septima-edicion-del-taller-biko-teka-que-incentiva-la-creacion-de-libros-graficos-en-euskera-dirigidos-al-publico-infantil\/\" \/>\n<meta property=\"og:site_name\" content=\"La Gu\u00eda de Pamplona\" \/>\n<meta property=\"article:publisher\" content=\"https:\/\/www.facebook.com\/laguiadepamplonacom-133175176762273\/?ref=hl\" \/>\n<meta property=\"article:published_time\" content=\"2022-11-25T12:28:39+00:00\" \/>\n<meta property=\"article:modified_time\" content=\"2023-04-11T09:47:31+00:00\" \/>\n<meta property=\"og:image\" content=\"https:\/\/www.laguiadepamplona.com\/actualidad\/wp-content\/uploads\/2022\/11\/bikoteka-2023deialdia-1.webp\" \/>\n\t<meta property=\"og:image:width\" content=\"1769\" \/>\n\t<meta property=\"og:image:height\" content=\"1204\" \/>\n\t<meta property=\"og:image:type\" content=\"image\/webp\" \/>\n<meta name=\"author\" content=\"La Gu\u00eda de Pamplona\" \/>\n<meta name=\"twitter:card\" content=\"summary_large_image\" \/>\n<meta name=\"twitter:creator\" content=\"@LaGuiadPamplona\" \/>\n<meta name=\"twitter:site\" content=\"@LaGuiadPamplona\" \/>\n<meta name=\"twitter:label1\" content=\"Escrito por\" \/>\n\t<meta name=\"twitter:data1\" content=\"La Gu\u00eda de Pamplona\" \/>\n\t<meta name=\"twitter:label2\" content=\"Tiempo de lectura\" \/>\n\t<meta name=\"twitter:data2\" content=\"2 minutos\" \/>\n<script type=\"application\/ld+json\" class=\"yoast-schema-graph\">{\"@context\":\"https:\\\/\\\/schema.org\",\"@graph\":[{\"@type\":\"Article\",\"@id\":\"https:\\\/\\\/www.laguiadepamplona.com\\\/actualidad\\\/abierta-hasta-el-2-de-diciembre-la-inscripcion-en-la-septima-edicion-del-taller-biko-teka-que-incentiva-la-creacion-de-libros-graficos-en-euskera-dirigidos-al-publico-infantil\\\/#article\",\"isPartOf\":{\"@id\":\"https:\\\/\\\/www.laguiadepamplona.com\\\/actualidad\\\/abierta-hasta-el-2-de-diciembre-la-inscripcion-en-la-septima-edicion-del-taller-biko-teka-que-incentiva-la-creacion-de-libros-graficos-en-euskera-dirigidos-al-publico-infantil\\\/\"},\"author\":{\"name\":\"La Gu\u00eda de Pamplona\",\"@id\":\"https:\\\/\\\/www.laguiadepamplona.com\\\/actualidad\\\/#\\\/schema\\\/person\\\/efe887376f0213d4657c93adc50b1fdb\"},\"headline\":\"Abierta hasta el 2 de diciembre la inscripci\u00f3n en la s\u00e9ptima edici\u00f3n del taller BIKO-TEKA, que incentiva la creaci\u00f3n de libros gr\u00e1ficos en euskera dirigidos al p\u00fablico infantil\",\"datePublished\":\"2022-11-25T12:28:39+00:00\",\"dateModified\":\"2023-04-11T09:47:31+00:00\",\"mainEntityOfPage\":{\"@id\":\"https:\\\/\\\/www.laguiadepamplona.com\\\/actualidad\\\/abierta-hasta-el-2-de-diciembre-la-inscripcion-en-la-septima-edicion-del-taller-biko-teka-que-incentiva-la-creacion-de-libros-graficos-en-euskera-dirigidos-al-publico-infantil\\\/\"},\"wordCount\":406,\"commentCount\":0,\"publisher\":{\"@id\":\"https:\\\/\\\/www.laguiadepamplona.com\\\/actualidad\\\/#organization\"},\"image\":{\"@id\":\"https:\\\/\\\/www.laguiadepamplona.com\\\/actualidad\\\/abierta-hasta-el-2-de-diciembre-la-inscripcion-en-la-septima-edicion-del-taller-biko-teka-que-incentiva-la-creacion-de-libros-graficos-en-euskera-dirigidos-al-publico-infantil\\\/#primaryimage\"},\"thumbnailUrl\":\"https:\\\/\\\/www.laguiadepamplona.com\\\/actualidad\\\/wp-content\\\/uploads\\\/2022\\\/11\\\/bikoteka-2023deialdia-1.webp\",\"articleSection\":[\"Ayto Pamplona\"],\"inLanguage\":\"es\",\"potentialAction\":[{\"@type\":\"CommentAction\",\"name\":\"Comment\",\"target\":[\"https:\\\/\\\/www.laguiadepamplona.com\\\/actualidad\\\/abierta-hasta-el-2-de-diciembre-la-inscripcion-en-la-septima-edicion-del-taller-biko-teka-que-incentiva-la-creacion-de-libros-graficos-en-euskera-dirigidos-al-publico-infantil\\\/#respond\"]}]},{\"@type\":\"WebPage\",\"@id\":\"https:\\\/\\\/www.laguiadepamplona.com\\\/actualidad\\\/abierta-hasta-el-2-de-diciembre-la-inscripcion-en-la-septima-edicion-del-taller-biko-teka-que-incentiva-la-creacion-de-libros-graficos-en-euskera-dirigidos-al-publico-infantil\\\/\",\"url\":\"https:\\\/\\\/www.laguiadepamplona.com\\\/actualidad\\\/abierta-hasta-el-2-de-diciembre-la-inscripcion-en-la-septima-edicion-del-taller-biko-teka-que-incentiva-la-creacion-de-libros-graficos-en-euskera-dirigidos-al-publico-infantil\\\/\",\"name\":\"Abierta hasta el 2 de diciembre la inscripci\u00f3n en la s\u00e9ptima edici\u00f3n del taller BIKO-TEKA, que incentiva la creaci\u00f3n de libros gr\u00e1ficos en euskera dirigidos al p\u00fablico infantil\",\"isPartOf\":{\"@id\":\"https:\\\/\\\/www.laguiadepamplona.com\\\/actualidad\\\/#website\"},\"primaryImageOfPage\":{\"@id\":\"https:\\\/\\\/www.laguiadepamplona.com\\\/actualidad\\\/abierta-hasta-el-2-de-diciembre-la-inscripcion-en-la-septima-edicion-del-taller-biko-teka-que-incentiva-la-creacion-de-libros-graficos-en-euskera-dirigidos-al-publico-infantil\\\/#primaryimage\"},\"image\":{\"@id\":\"https:\\\/\\\/www.laguiadepamplona.com\\\/actualidad\\\/abierta-hasta-el-2-de-diciembre-la-inscripcion-en-la-septima-edicion-del-taller-biko-teka-que-incentiva-la-creacion-de-libros-graficos-en-euskera-dirigidos-al-publico-infantil\\\/#primaryimage\"},\"thumbnailUrl\":\"https:\\\/\\\/www.laguiadepamplona.com\\\/actualidad\\\/wp-content\\\/uploads\\\/2022\\\/11\\\/bikoteka-2023deialdia-1.webp\",\"datePublished\":\"2022-11-25T12:28:39+00:00\",\"dateModified\":\"2023-04-11T09:47:31+00:00\",\"description\":\"El taller tendr\u00e1 lugar en el Palacio de Condestable, del 23 al 27 de enero, con la ilustradora Aitziber Alonso y el escritor Harkaitz Cano\u00a0\u00a0\",\"breadcrumb\":{\"@id\":\"https:\\\/\\\/www.laguiadepamplona.com\\\/actualidad\\\/abierta-hasta-el-2-de-diciembre-la-inscripcion-en-la-septima-edicion-del-taller-biko-teka-que-incentiva-la-creacion-de-libros-graficos-en-euskera-dirigidos-al-publico-infantil\\\/#breadcrumb\"},\"inLanguage\":\"es\",\"potentialAction\":[{\"@type\":\"ReadAction\",\"target\":[\"https:\\\/\\\/www.laguiadepamplona.com\\\/actualidad\\\/abierta-hasta-el-2-de-diciembre-la-inscripcion-en-la-septima-edicion-del-taller-biko-teka-que-incentiva-la-creacion-de-libros-graficos-en-euskera-dirigidos-al-publico-infantil\\\/\"]}]},{\"@type\":\"ImageObject\",\"inLanguage\":\"es\",\"@id\":\"https:\\\/\\\/www.laguiadepamplona.com\\\/actualidad\\\/abierta-hasta-el-2-de-diciembre-la-inscripcion-en-la-septima-edicion-del-taller-biko-teka-que-incentiva-la-creacion-de-libros-graficos-en-euskera-dirigidos-al-publico-infantil\\\/#primaryimage\",\"url\":\"https:\\\/\\\/www.laguiadepamplona.com\\\/actualidad\\\/wp-content\\\/uploads\\\/2022\\\/11\\\/bikoteka-2023deialdia-1.webp\",\"contentUrl\":\"https:\\\/\\\/www.laguiadepamplona.com\\\/actualidad\\\/wp-content\\\/uploads\\\/2022\\\/11\\\/bikoteka-2023deialdia-1.webp\",\"width\":1769,\"height\":1204},{\"@type\":\"BreadcrumbList\",\"@id\":\"https:\\\/\\\/www.laguiadepamplona.com\\\/actualidad\\\/abierta-hasta-el-2-de-diciembre-la-inscripcion-en-la-septima-edicion-del-taller-biko-teka-que-incentiva-la-creacion-de-libros-graficos-en-euskera-dirigidos-al-publico-infantil\\\/#breadcrumb\",\"itemListElement\":[{\"@type\":\"ListItem\",\"position\":1,\"name\":\"Portada\",\"item\":\"https:\\\/\\\/www.laguiadepamplona.com\\\/actualidad\\\/\"},{\"@type\":\"ListItem\",\"position\":2,\"name\":\"Abierta hasta el 2 de diciembre la inscripci\u00f3n en la s\u00e9ptima edici\u00f3n del taller BIKO-TEKA, que incentiva la creaci\u00f3n de libros gr\u00e1ficos en euskera dirigidos al p\u00fablico infantil\"}]},{\"@type\":\"WebSite\",\"@id\":\"https:\\\/\\\/www.laguiadepamplona.com\\\/actualidad\\\/#website\",\"url\":\"https:\\\/\\\/www.laguiadepamplona.com\\\/actualidad\\\/\",\"name\":\"La gu\u00eda de Pamplona\",\"description\":\"Noticias de Pamplona\",\"publisher\":{\"@id\":\"https:\\\/\\\/www.laguiadepamplona.com\\\/actualidad\\\/#organization\"},\"potentialAction\":[{\"@type\":\"SearchAction\",\"target\":{\"@type\":\"EntryPoint\",\"urlTemplate\":\"https:\\\/\\\/www.laguiadepamplona.com\\\/actualidad\\\/?s={search_term_string}\"},\"query-input\":{\"@type\":\"PropertyValueSpecification\",\"valueRequired\":true,\"valueName\":\"search_term_string\"}}],\"inLanguage\":\"es\"},{\"@type\":\"Organization\",\"@id\":\"https:\\\/\\\/www.laguiadepamplona.com\\\/actualidad\\\/#organization\",\"name\":\"La Gu\u00eda de Pamplona \\\/ Noticias\",\"url\":\"https:\\\/\\\/www.laguiadepamplona.com\\\/actualidad\\\/\",\"logo\":{\"@type\":\"ImageObject\",\"inLanguage\":\"es\",\"@id\":\"https:\\\/\\\/www.laguiadepamplona.com\\\/actualidad\\\/#\\\/schema\\\/logo\\\/image\\\/\",\"url\":\"https:\\\/\\\/www.laguiadepamplona.com\\\/actualidad\\\/wp-content\\\/uploads\\\/2018\\\/11\\\/logo-laguiadepamplona18-web1.png\",\"contentUrl\":\"https:\\\/\\\/www.laguiadepamplona.com\\\/actualidad\\\/wp-content\\\/uploads\\\/2018\\\/11\\\/logo-laguiadepamplona18-web1.png\",\"width\":600,\"height\":196,\"caption\":\"La Gu\u00eda de Pamplona \\\/ Noticias\"},\"image\":{\"@id\":\"https:\\\/\\\/www.laguiadepamplona.com\\\/actualidad\\\/#\\\/schema\\\/logo\\\/image\\\/\"},\"sameAs\":[\"https:\\\/\\\/www.facebook.com\\\/laguiadepamplonacom-133175176762273\\\/?ref=hl\",\"https:\\\/\\\/x.com\\\/LaGuiadPamplona\",\"https:\\\/\\\/www.instagram.com\\\/la_guia_de_pamplona\\\/\",\"https:\\\/\\\/www.youtube.com\\\/user\\\/laguiadepamplona\"]},{\"@type\":\"Person\",\"@id\":\"https:\\\/\\\/www.laguiadepamplona.com\\\/actualidad\\\/#\\\/schema\\\/person\\\/efe887376f0213d4657c93adc50b1fdb\",\"name\":\"La Gu\u00eda de Pamplona\",\"image\":{\"@type\":\"ImageObject\",\"inLanguage\":\"es\",\"@id\":\"https:\\\/\\\/secure.gravatar.com\\\/avatar\\\/b6992f131dc8d30ab0dff15446e9d346d9dbd95992de0fef795073f5ea83a81c?s=96&d=mm&r=g\",\"url\":\"https:\\\/\\\/secure.gravatar.com\\\/avatar\\\/b6992f131dc8d30ab0dff15446e9d346d9dbd95992de0fef795073f5ea83a81c?s=96&d=mm&r=g\",\"contentUrl\":\"https:\\\/\\\/secure.gravatar.com\\\/avatar\\\/b6992f131dc8d30ab0dff15446e9d346d9dbd95992de0fef795073f5ea83a81c?s=96&d=mm&r=g\",\"caption\":\"La Gu\u00eda de Pamplona\"}}]}<\/script>\n<!-- \/ Yoast SEO plugin. -->","yoast_head_json":{"title":"Abierta hasta el 2 de diciembre la inscripci\u00f3n en la s\u00e9ptima edici\u00f3n del taller BIKO-TEKA, que incentiva la creaci\u00f3n de libros gr\u00e1ficos en euskera dirigidos al p\u00fablico infantil","description":"El taller tendr\u00e1 lugar en el Palacio de Condestable, del 23 al 27 de enero, con la ilustradora Aitziber Alonso y el escritor Harkaitz Cano\u00a0\u00a0","robots":{"index":"index","follow":"follow","max-snippet":"max-snippet:-1","max-image-preview":"max-image-preview:large","max-video-preview":"max-video-preview:-1"},"canonical":"https:\/\/www.laguiadepamplona.com\/actualidad\/abierta-hasta-el-2-de-diciembre-la-inscripcion-en-la-septima-edicion-del-taller-biko-teka-que-incentiva-la-creacion-de-libros-graficos-en-euskera-dirigidos-al-publico-infantil\/","og_locale":"es_ES","og_type":"article","og_title":"Abierta hasta el 2 de diciembre la inscripci\u00f3n en la s\u00e9ptima edici\u00f3n del taller BIKO-TEKA, que incentiva la creaci\u00f3n de libros gr\u00e1ficos en euskera dirigidos al p\u00fablico infantil","og_description":"El taller tendr\u00e1 lugar en el Palacio de Condestable, del 23 al 27 de enero, con la ilustradora Aitziber Alonso y el escritor Harkaitz Cano\u00a0\u00a0","og_url":"https:\/\/www.laguiadepamplona.com\/actualidad\/abierta-hasta-el-2-de-diciembre-la-inscripcion-en-la-septima-edicion-del-taller-biko-teka-que-incentiva-la-creacion-de-libros-graficos-en-euskera-dirigidos-al-publico-infantil\/","og_site_name":"La Gu\u00eda de Pamplona","article_publisher":"https:\/\/www.facebook.com\/laguiadepamplonacom-133175176762273\/?ref=hl","article_published_time":"2022-11-25T12:28:39+00:00","article_modified_time":"2023-04-11T09:47:31+00:00","og_image":[{"width":1769,"height":1204,"url":"https:\/\/www.laguiadepamplona.com\/actualidad\/wp-content\/uploads\/2022\/11\/bikoteka-2023deialdia-1.webp","type":"image\/webp"}],"author":"La Gu\u00eda de Pamplona","twitter_card":"summary_large_image","twitter_creator":"@LaGuiadPamplona","twitter_site":"@LaGuiadPamplona","twitter_misc":{"Escrito por":"La Gu\u00eda de Pamplona","Tiempo de lectura":"2 minutos"},"schema":{"@context":"https:\/\/schema.org","@graph":[{"@type":"Article","@id":"https:\/\/www.laguiadepamplona.com\/actualidad\/abierta-hasta-el-2-de-diciembre-la-inscripcion-en-la-septima-edicion-del-taller-biko-teka-que-incentiva-la-creacion-de-libros-graficos-en-euskera-dirigidos-al-publico-infantil\/#article","isPartOf":{"@id":"https:\/\/www.laguiadepamplona.com\/actualidad\/abierta-hasta-el-2-de-diciembre-la-inscripcion-en-la-septima-edicion-del-taller-biko-teka-que-incentiva-la-creacion-de-libros-graficos-en-euskera-dirigidos-al-publico-infantil\/"},"author":{"name":"La Gu\u00eda de Pamplona","@id":"https:\/\/www.laguiadepamplona.com\/actualidad\/#\/schema\/person\/efe887376f0213d4657c93adc50b1fdb"},"headline":"Abierta hasta el 2 de diciembre la inscripci\u00f3n en la s\u00e9ptima edici\u00f3n del taller BIKO-TEKA, que incentiva la creaci\u00f3n de libros gr\u00e1ficos en euskera dirigidos al p\u00fablico infantil","datePublished":"2022-11-25T12:28:39+00:00","dateModified":"2023-04-11T09:47:31+00:00","mainEntityOfPage":{"@id":"https:\/\/www.laguiadepamplona.com\/actualidad\/abierta-hasta-el-2-de-diciembre-la-inscripcion-en-la-septima-edicion-del-taller-biko-teka-que-incentiva-la-creacion-de-libros-graficos-en-euskera-dirigidos-al-publico-infantil\/"},"wordCount":406,"commentCount":0,"publisher":{"@id":"https:\/\/www.laguiadepamplona.com\/actualidad\/#organization"},"image":{"@id":"https:\/\/www.laguiadepamplona.com\/actualidad\/abierta-hasta-el-2-de-diciembre-la-inscripcion-en-la-septima-edicion-del-taller-biko-teka-que-incentiva-la-creacion-de-libros-graficos-en-euskera-dirigidos-al-publico-infantil\/#primaryimage"},"thumbnailUrl":"https:\/\/www.laguiadepamplona.com\/actualidad\/wp-content\/uploads\/2022\/11\/bikoteka-2023deialdia-1.webp","articleSection":["Ayto Pamplona"],"inLanguage":"es","potentialAction":[{"@type":"CommentAction","name":"Comment","target":["https:\/\/www.laguiadepamplona.com\/actualidad\/abierta-hasta-el-2-de-diciembre-la-inscripcion-en-la-septima-edicion-del-taller-biko-teka-que-incentiva-la-creacion-de-libros-graficos-en-euskera-dirigidos-al-publico-infantil\/#respond"]}]},{"@type":"WebPage","@id":"https:\/\/www.laguiadepamplona.com\/actualidad\/abierta-hasta-el-2-de-diciembre-la-inscripcion-en-la-septima-edicion-del-taller-biko-teka-que-incentiva-la-creacion-de-libros-graficos-en-euskera-dirigidos-al-publico-infantil\/","url":"https:\/\/www.laguiadepamplona.com\/actualidad\/abierta-hasta-el-2-de-diciembre-la-inscripcion-en-la-septima-edicion-del-taller-biko-teka-que-incentiva-la-creacion-de-libros-graficos-en-euskera-dirigidos-al-publico-infantil\/","name":"Abierta hasta el 2 de diciembre la inscripci\u00f3n en la s\u00e9ptima edici\u00f3n del taller BIKO-TEKA, que incentiva la creaci\u00f3n de libros gr\u00e1ficos en euskera dirigidos al p\u00fablico infantil","isPartOf":{"@id":"https:\/\/www.laguiadepamplona.com\/actualidad\/#website"},"primaryImageOfPage":{"@id":"https:\/\/www.laguiadepamplona.com\/actualidad\/abierta-hasta-el-2-de-diciembre-la-inscripcion-en-la-septima-edicion-del-taller-biko-teka-que-incentiva-la-creacion-de-libros-graficos-en-euskera-dirigidos-al-publico-infantil\/#primaryimage"},"image":{"@id":"https:\/\/www.laguiadepamplona.com\/actualidad\/abierta-hasta-el-2-de-diciembre-la-inscripcion-en-la-septima-edicion-del-taller-biko-teka-que-incentiva-la-creacion-de-libros-graficos-en-euskera-dirigidos-al-publico-infantil\/#primaryimage"},"thumbnailUrl":"https:\/\/www.laguiadepamplona.com\/actualidad\/wp-content\/uploads\/2022\/11\/bikoteka-2023deialdia-1.webp","datePublished":"2022-11-25T12:28:39+00:00","dateModified":"2023-04-11T09:47:31+00:00","description":"El taller tendr\u00e1 lugar en el Palacio de Condestable, del 23 al 27 de enero, con la ilustradora Aitziber Alonso y el escritor Harkaitz Cano\u00a0\u00a0","breadcrumb":{"@id":"https:\/\/www.laguiadepamplona.com\/actualidad\/abierta-hasta-el-2-de-diciembre-la-inscripcion-en-la-septima-edicion-del-taller-biko-teka-que-incentiva-la-creacion-de-libros-graficos-en-euskera-dirigidos-al-publico-infantil\/#breadcrumb"},"inLanguage":"es","potentialAction":[{"@type":"ReadAction","target":["https:\/\/www.laguiadepamplona.com\/actualidad\/abierta-hasta-el-2-de-diciembre-la-inscripcion-en-la-septima-edicion-del-taller-biko-teka-que-incentiva-la-creacion-de-libros-graficos-en-euskera-dirigidos-al-publico-infantil\/"]}]},{"@type":"ImageObject","inLanguage":"es","@id":"https:\/\/www.laguiadepamplona.com\/actualidad\/abierta-hasta-el-2-de-diciembre-la-inscripcion-en-la-septima-edicion-del-taller-biko-teka-que-incentiva-la-creacion-de-libros-graficos-en-euskera-dirigidos-al-publico-infantil\/#primaryimage","url":"https:\/\/www.laguiadepamplona.com\/actualidad\/wp-content\/uploads\/2022\/11\/bikoteka-2023deialdia-1.webp","contentUrl":"https:\/\/www.laguiadepamplona.com\/actualidad\/wp-content\/uploads\/2022\/11\/bikoteka-2023deialdia-1.webp","width":1769,"height":1204},{"@type":"BreadcrumbList","@id":"https:\/\/www.laguiadepamplona.com\/actualidad\/abierta-hasta-el-2-de-diciembre-la-inscripcion-en-la-septima-edicion-del-taller-biko-teka-que-incentiva-la-creacion-de-libros-graficos-en-euskera-dirigidos-al-publico-infantil\/#breadcrumb","itemListElement":[{"@type":"ListItem","position":1,"name":"Portada","item":"https:\/\/www.laguiadepamplona.com\/actualidad\/"},{"@type":"ListItem","position":2,"name":"Abierta hasta el 2 de diciembre la inscripci\u00f3n en la s\u00e9ptima edici\u00f3n del taller BIKO-TEKA, que incentiva la creaci\u00f3n de libros gr\u00e1ficos en euskera dirigidos al p\u00fablico infantil"}]},{"@type":"WebSite","@id":"https:\/\/www.laguiadepamplona.com\/actualidad\/#website","url":"https:\/\/www.laguiadepamplona.com\/actualidad\/","name":"La gu\u00eda de Pamplona","description":"Noticias de Pamplona","publisher":{"@id":"https:\/\/www.laguiadepamplona.com\/actualidad\/#organization"},"potentialAction":[{"@type":"SearchAction","target":{"@type":"EntryPoint","urlTemplate":"https:\/\/www.laguiadepamplona.com\/actualidad\/?s={search_term_string}"},"query-input":{"@type":"PropertyValueSpecification","valueRequired":true,"valueName":"search_term_string"}}],"inLanguage":"es"},{"@type":"Organization","@id":"https:\/\/www.laguiadepamplona.com\/actualidad\/#organization","name":"La Gu\u00eda de Pamplona \/ Noticias","url":"https:\/\/www.laguiadepamplona.com\/actualidad\/","logo":{"@type":"ImageObject","inLanguage":"es","@id":"https:\/\/www.laguiadepamplona.com\/actualidad\/#\/schema\/logo\/image\/","url":"https:\/\/www.laguiadepamplona.com\/actualidad\/wp-content\/uploads\/2018\/11\/logo-laguiadepamplona18-web1.png","contentUrl":"https:\/\/www.laguiadepamplona.com\/actualidad\/wp-content\/uploads\/2018\/11\/logo-laguiadepamplona18-web1.png","width":600,"height":196,"caption":"La Gu\u00eda de Pamplona \/ Noticias"},"image":{"@id":"https:\/\/www.laguiadepamplona.com\/actualidad\/#\/schema\/logo\/image\/"},"sameAs":["https:\/\/www.facebook.com\/laguiadepamplonacom-133175176762273\/?ref=hl","https:\/\/x.com\/LaGuiadPamplona","https:\/\/www.instagram.com\/la_guia_de_pamplona\/","https:\/\/www.youtube.com\/user\/laguiadepamplona"]},{"@type":"Person","@id":"https:\/\/www.laguiadepamplona.com\/actualidad\/#\/schema\/person\/efe887376f0213d4657c93adc50b1fdb","name":"La Gu\u00eda de Pamplona","image":{"@type":"ImageObject","inLanguage":"es","@id":"https:\/\/secure.gravatar.com\/avatar\/b6992f131dc8d30ab0dff15446e9d346d9dbd95992de0fef795073f5ea83a81c?s=96&d=mm&r=g","url":"https:\/\/secure.gravatar.com\/avatar\/b6992f131dc8d30ab0dff15446e9d346d9dbd95992de0fef795073f5ea83a81c?s=96&d=mm&r=g","contentUrl":"https:\/\/secure.gravatar.com\/avatar\/b6992f131dc8d30ab0dff15446e9d346d9dbd95992de0fef795073f5ea83a81c?s=96&d=mm&r=g","caption":"La Gu\u00eda de Pamplona"}}]}},"post_mailing_queue_ids":[],"_links":{"self":[{"href":"https:\/\/www.laguiadepamplona.com\/actualidad\/wp-json\/wp\/v2\/posts\/42321","targetHints":{"allow":["GET"]}}],"collection":[{"href":"https:\/\/www.laguiadepamplona.com\/actualidad\/wp-json\/wp\/v2\/posts"}],"about":[{"href":"https:\/\/www.laguiadepamplona.com\/actualidad\/wp-json\/wp\/v2\/types\/post"}],"author":[{"embeddable":true,"href":"https:\/\/www.laguiadepamplona.com\/actualidad\/wp-json\/wp\/v2\/users\/1"}],"replies":[{"embeddable":true,"href":"https:\/\/www.laguiadepamplona.com\/actualidad\/wp-json\/wp\/v2\/comments?post=42321"}],"version-history":[{"count":0,"href":"https:\/\/www.laguiadepamplona.com\/actualidad\/wp-json\/wp\/v2\/posts\/42321\/revisions"}],"wp:featuredmedia":[{"embeddable":true,"href":"https:\/\/www.laguiadepamplona.com\/actualidad\/wp-json\/wp\/v2\/media\/42322"}],"wp:attachment":[{"href":"https:\/\/www.laguiadepamplona.com\/actualidad\/wp-json\/wp\/v2\/media?parent=42321"}],"wp:term":[{"taxonomy":"category","embeddable":true,"href":"https:\/\/www.laguiadepamplona.com\/actualidad\/wp-json\/wp\/v2\/categories?post=42321"},{"taxonomy":"post_tag","embeddable":true,"href":"https:\/\/www.laguiadepamplona.com\/actualidad\/wp-json\/wp\/v2\/tags?post=42321"}],"curies":[{"name":"wp","href":"https:\/\/api.w.org\/{rel}","templated":true}]}}