{"id":42318,"date":"2022-11-25T14:26:20","date_gmt":"2022-11-25T12:26:20","guid":{"rendered":"https:\/\/www.laguiadepamplona.com\/actualidad\/?p=42318"},"modified":"2023-04-11T11:47:32","modified_gmt":"2023-04-11T09:47:32","slug":"la-poeta-y-escritora-gallega-rosalia-de-castro-da-nombre-desde-este-sabado-a-la-plaza-situada-en-la-confluencia-de-las-calles-san-fermin-aralar-y-la-avenida-baja-navarra","status":"publish","type":"post","link":"https:\/\/www.laguiadepamplona.com\/actualidad\/la-poeta-y-escritora-gallega-rosalia-de-castro-da-nombre-desde-este-sabado-a-la-plaza-situada-en-la-confluencia-de-las-calles-san-fermin-aralar-y-la-avenida-baja-navarra\/","title":{"rendered":"La poeta y escritora gallega Rosal\u00eda de Castro da nombre desde este s\u00e1bado a la plaza situada en la confluencia de las calles San Ferm\u00edn, Aralar y la avenida Baja Navarra"},"content":{"rendered":"<h5>La plaza del Segundo Ensanche carec\u00eda de nombre y la denominaci\u00f3n surge a petici\u00f3n del Lar Gallego de Pamplona \u2013 Casa de Galicia en Navarra<\/h5>\n<p><!--more--><\/p>\n<p>El alcalde de Pamplona, Enrique Maya, inaugura <strong><u>ma\u00f1ana s\u00e1bado 26,<\/u> <u>a las 17.30<\/u><\/strong>, la plaza de Rosal\u00eda de Castro, situada entre las calles San Ferm\u00edn, Aralar y la avenida Baja Navarra. Este espacio del Segundo Ensanche carec\u00eda de denominaci\u00f3n oficial y llevar\u00e1 el nombre de la poetisa y escritora gallega, a petici\u00f3n del Lar Gallego de Pamplona \u2013 Casa de Galicia en Navarra, cuya sede se encuentra precisamente frente a esa plaza. El alcalde recogi\u00f3 esta petici\u00f3n, puesto que el reglamento municipal reserva al primer edil las competencias para cambiar las denominaciones de las calles y plazas de la ciudad, previo informe a los portavoces de los grupos municipales.<\/p>\n<p>Adem\u00e1s del alcalde y otros miembros de la Corporaci\u00f3n municipal, en el acto est\u00e1 prevista la presencia de diversas autoridades, entre ellas, el director general de Acci\u00f3n Exterior del Gobierno de Navarra, Sergio P\u00e9rez Garc\u00eda; el consejero de Cultura, Educaci\u00f3n, Formaci\u00f3n Profesional e Universidades de la Xunta de Galicia, Rom\u00e1n Rodr\u00edguez; el secretario General de Pol\u00edtica Ling\u00fc\u00edstica de la Xunta de Galicia, Valent\u00edn Garc\u00eda; el comandante militar Francisco Germ\u00e1n; el jefe superior de la Polic\u00eda Nacional, Jos\u00e9 Mar\u00eda Borja; y el delegado de Defensa, Ernesto Eugenio Orgaz.<br \/>\n<script async src=\"\/\/pagead2.googlesyndication.com\/pagead\/js\/adsbygoogle.js\"><\/script><br \/>\n<!-- Noticias La Guia de Pamplona --><br \/>\n<ins class=\"adsbygoogle\"\nstyle=\"display:block\"\ndata-ad-client=\"ca-pub-6943679897239327\"\ndata-ad-slot=\"7048180777\"\ndata-ad-format=\"auto\"><\/ins><br \/>\n<script>\n(adsbygoogle = window.adsbygoogle || []).push({});\n<\/script><\/p>\n<p>En el acto intervendr\u00e1 la presidenta del Lar Gallego, Mar\u00eda Jes\u00fas Rodr\u00edguez y, a continuaci\u00f3n, se descubrir\u00e1 la obra del escultor C\u00e1ndido Pazos, mientras las gaitas del grupo Os Fillos de Breogan interpretan la \u2018Alborada de Rosal\u00eda\u2019 y se realiza una ofrenda floral. El escultor tomar\u00e1 la palabra para explicar su creaci\u00f3n. Seguidamente, Rebeca Riveira, socia y miembro de Os Fillos de Breogan, leer\u00e1 el poema en gallego \u2018Tal como as nubes\u2019 y An\u00edbal Armesto, tesorero del Lar Gallego, el poema en castellano \u2018Pobre Alma sola\u2019.<\/p>\n<p>Tras la poes\u00eda, tomar\u00e1 la palabra el consejero de Cultura, Educaci\u00f3n, Formaci\u00f3n Profesional e Universidades de la Xunta de Galicia, Rom\u00e1n Rodr\u00edguez. Las gaitas volver\u00e1n a sonar con el descubrimiento de la plaza que da nombre a la plaza, al son de la \u2018Mu\u00f1eira de Freixido\u2019. El alcalde de Pamplona, Enrique Maya, cerrar\u00e1 el acto de inauguraci\u00f3n, que termina con un intercambio de detalles conmemorativos.<br \/>\n<script async src=\"\/\/pagead2.googlesyndication.com\/pagead\/js\/adsbygoogle.js\"><\/script><br \/>\n<!-- Noticias La Guia de Pamplona --><br \/>\n<ins class=\"adsbygoogle\"\nstyle=\"display:block\"\ndata-ad-client=\"ca-pub-6943679897239327\"\ndata-ad-slot=\"7048180777\"\ndata-ad-format=\"auto\"><\/ins><br \/>\n<script>\n(adsbygoogle = window.adsbygoogle || []).push({});\n<\/script><\/p>\n<p><strong>Mujer y poeta<\/strong><\/p>\n<p>La escritora Mar\u00eda Rosal\u00eda Rita de Castro, conocida como Rosal\u00eda de Castro, naci\u00f3 en Santiago de Compostela en 1837, y est\u00e1 considerada como una de las principales precursoras de la poes\u00eda espa\u00f1ola. A lo largo de su trayectoria art\u00edstica impuls\u00f3 la lengua gallega y denunci\u00f3 en sus obras las injusticias que sufr\u00edan las mujeres en su \u00e9poca. Su influencia se extendi\u00f3, a trav\u00e9s de Antonio Machado y Juan Ram\u00f3n Jim\u00e9nez, a la generaci\u00f3n del 27.<\/p>\n<p>&nbsp;<\/p>\n<h3>Gaiteros Os Fillos de Breogan<\/h3>\n<ul>\n<li>Interpretar\u00e1n dos piezas:\n<ul>\n<li>\u2018Alborada de Rosal\u00eda\u2019<\/li>\n<li>\u2018Mu\u00f1eira de Freixido\u2019<\/li>\n<\/ul>\n<\/li>\n<\/ul>\n","protected":false},"excerpt":{"rendered":"<p>La plaza del Segundo Ensanche carec\u00eda de nombre y la denominaci\u00f3n surge a petici\u00f3n del Lar Gallego de Pamplona \u2013 Casa de Galicia en Navarra<\/p>\n","protected":false},"author":1,"featured_media":42319,"comment_status":"open","ping_status":"closed","sticky":false,"template":"","format":"standard","meta":{"footnotes":""},"categories":[2],"tags":[],"class_list":["post-42318","post","type-post","status-publish","format-standard","has-post-thumbnail","hentry","category-ayuntamiento-pamplona"],"yoast_head":"<!-- This site is optimized with the Yoast SEO plugin v27.3 - https:\/\/yoast.com\/product\/yoast-seo-wordpress\/ -->\n<title>La poeta y escritora gallega Rosal\u00eda de Castro da nombre desde este s\u00e1bado a la plaza situada en la confluencia de las calles San Ferm\u00edn, Aralar y la avenida Baja Navarra<\/title>\n<meta name=\"description\" content=\"La plaza del Segundo Ensanche carec\u00eda de nombre y la denominaci\u00f3n surge a petici\u00f3n del Lar Gallego de Pamplona \u2013 Casa de Galicia en Navarra\" \/>\n<meta name=\"robots\" content=\"index, follow, max-snippet:-1, max-image-preview:large, max-video-preview:-1\" \/>\n<link rel=\"canonical\" href=\"https:\/\/www.laguiadepamplona.com\/actualidad\/la-poeta-y-escritora-gallega-rosalia-de-castro-da-nombre-desde-este-sabado-a-la-plaza-situada-en-la-confluencia-de-las-calles-san-fermin-aralar-y-la-avenida-baja-navarra\/\" \/>\n<meta property=\"og:locale\" content=\"es_ES\" \/>\n<meta property=\"og:type\" content=\"article\" \/>\n<meta property=\"og:title\" content=\"La poeta y escritora gallega Rosal\u00eda de Castro da nombre desde este s\u00e1bado a la plaza situada en la confluencia de las calles San Ferm\u00edn, Aralar y la avenida Baja Navarra\" \/>\n<meta property=\"og:description\" content=\"La plaza del Segundo Ensanche carec\u00eda de nombre y la denominaci\u00f3n surge a petici\u00f3n del Lar Gallego de Pamplona \u2013 Casa de Galicia en Navarra\" \/>\n<meta property=\"og:url\" content=\"https:\/\/www.laguiadepamplona.com\/actualidad\/la-poeta-y-escritora-gallega-rosalia-de-castro-da-nombre-desde-este-sabado-a-la-plaza-situada-en-la-confluencia-de-las-calles-san-fermin-aralar-y-la-avenida-baja-navarra\/\" \/>\n<meta property=\"og:site_name\" content=\"La Gu\u00eda de Pamplona\" \/>\n<meta property=\"article:publisher\" content=\"https:\/\/www.facebook.com\/laguiadepamplonacom-133175176762273\/?ref=hl\" \/>\n<meta property=\"article:published_time\" content=\"2022-11-25T12:26:20+00:00\" \/>\n<meta property=\"article:modified_time\" content=\"2023-04-11T09:47:32+00:00\" \/>\n<meta property=\"og:image\" content=\"https:\/\/www.laguiadepamplona.com\/actualidad\/wp-content\/uploads\/2022\/11\/plaza-rosalia-castro-copia.webp\" \/>\n\t<meta property=\"og:image:width\" content=\"1600\" \/>\n\t<meta property=\"og:image:height\" content=\"900\" \/>\n\t<meta property=\"og:image:type\" content=\"image\/webp\" \/>\n<meta name=\"author\" content=\"La Gu\u00eda de Pamplona\" \/>\n<meta name=\"twitter:card\" content=\"summary_large_image\" \/>\n<meta name=\"twitter:creator\" content=\"@LaGuiadPamplona\" \/>\n<meta name=\"twitter:site\" content=\"@LaGuiadPamplona\" \/>\n<meta name=\"twitter:label1\" content=\"Escrito por\" \/>\n\t<meta name=\"twitter:data1\" content=\"La Gu\u00eda de Pamplona\" \/>\n\t<meta name=\"twitter:label2\" content=\"Tiempo de lectura\" \/>\n\t<meta name=\"twitter:data2\" content=\"3 minutos\" \/>\n<script type=\"application\/ld+json\" class=\"yoast-schema-graph\">{\"@context\":\"https:\\\/\\\/schema.org\",\"@graph\":[{\"@type\":\"Article\",\"@id\":\"https:\\\/\\\/www.laguiadepamplona.com\\\/actualidad\\\/la-poeta-y-escritora-gallega-rosalia-de-castro-da-nombre-desde-este-sabado-a-la-plaza-situada-en-la-confluencia-de-las-calles-san-fermin-aralar-y-la-avenida-baja-navarra\\\/#article\",\"isPartOf\":{\"@id\":\"https:\\\/\\\/www.laguiadepamplona.com\\\/actualidad\\\/la-poeta-y-escritora-gallega-rosalia-de-castro-da-nombre-desde-este-sabado-a-la-plaza-situada-en-la-confluencia-de-las-calles-san-fermin-aralar-y-la-avenida-baja-navarra\\\/\"},\"author\":{\"name\":\"La Gu\u00eda de Pamplona\",\"@id\":\"https:\\\/\\\/www.laguiadepamplona.com\\\/actualidad\\\/#\\\/schema\\\/person\\\/efe887376f0213d4657c93adc50b1fdb\"},\"headline\":\"La poeta y escritora gallega Rosal\u00eda de Castro da nombre desde este s\u00e1bado a la plaza situada en la confluencia de las calles San Ferm\u00edn, Aralar y la avenida Baja Navarra\",\"datePublished\":\"2022-11-25T12:26:20+00:00\",\"dateModified\":\"2023-04-11T09:47:32+00:00\",\"mainEntityOfPage\":{\"@id\":\"https:\\\/\\\/www.laguiadepamplona.com\\\/actualidad\\\/la-poeta-y-escritora-gallega-rosalia-de-castro-da-nombre-desde-este-sabado-a-la-plaza-situada-en-la-confluencia-de-las-calles-san-fermin-aralar-y-la-avenida-baja-navarra\\\/\"},\"wordCount\":550,\"commentCount\":0,\"publisher\":{\"@id\":\"https:\\\/\\\/www.laguiadepamplona.com\\\/actualidad\\\/#organization\"},\"image\":{\"@id\":\"https:\\\/\\\/www.laguiadepamplona.com\\\/actualidad\\\/la-poeta-y-escritora-gallega-rosalia-de-castro-da-nombre-desde-este-sabado-a-la-plaza-situada-en-la-confluencia-de-las-calles-san-fermin-aralar-y-la-avenida-baja-navarra\\\/#primaryimage\"},\"thumbnailUrl\":\"https:\\\/\\\/www.laguiadepamplona.com\\\/actualidad\\\/wp-content\\\/uploads\\\/2022\\\/11\\\/plaza-rosalia-castro-copia.webp\",\"articleSection\":[\"Ayto Pamplona\"],\"inLanguage\":\"es\",\"potentialAction\":[{\"@type\":\"CommentAction\",\"name\":\"Comment\",\"target\":[\"https:\\\/\\\/www.laguiadepamplona.com\\\/actualidad\\\/la-poeta-y-escritora-gallega-rosalia-de-castro-da-nombre-desde-este-sabado-a-la-plaza-situada-en-la-confluencia-de-las-calles-san-fermin-aralar-y-la-avenida-baja-navarra\\\/#respond\"]}]},{\"@type\":\"WebPage\",\"@id\":\"https:\\\/\\\/www.laguiadepamplona.com\\\/actualidad\\\/la-poeta-y-escritora-gallega-rosalia-de-castro-da-nombre-desde-este-sabado-a-la-plaza-situada-en-la-confluencia-de-las-calles-san-fermin-aralar-y-la-avenida-baja-navarra\\\/\",\"url\":\"https:\\\/\\\/www.laguiadepamplona.com\\\/actualidad\\\/la-poeta-y-escritora-gallega-rosalia-de-castro-da-nombre-desde-este-sabado-a-la-plaza-situada-en-la-confluencia-de-las-calles-san-fermin-aralar-y-la-avenida-baja-navarra\\\/\",\"name\":\"La poeta y escritora gallega Rosal\u00eda de Castro da nombre desde este s\u00e1bado a la plaza situada en la confluencia de las calles San Ferm\u00edn, Aralar y la avenida Baja Navarra\",\"isPartOf\":{\"@id\":\"https:\\\/\\\/www.laguiadepamplona.com\\\/actualidad\\\/#website\"},\"primaryImageOfPage\":{\"@id\":\"https:\\\/\\\/www.laguiadepamplona.com\\\/actualidad\\\/la-poeta-y-escritora-gallega-rosalia-de-castro-da-nombre-desde-este-sabado-a-la-plaza-situada-en-la-confluencia-de-las-calles-san-fermin-aralar-y-la-avenida-baja-navarra\\\/#primaryimage\"},\"image\":{\"@id\":\"https:\\\/\\\/www.laguiadepamplona.com\\\/actualidad\\\/la-poeta-y-escritora-gallega-rosalia-de-castro-da-nombre-desde-este-sabado-a-la-plaza-situada-en-la-confluencia-de-las-calles-san-fermin-aralar-y-la-avenida-baja-navarra\\\/#primaryimage\"},\"thumbnailUrl\":\"https:\\\/\\\/www.laguiadepamplona.com\\\/actualidad\\\/wp-content\\\/uploads\\\/2022\\\/11\\\/plaza-rosalia-castro-copia.webp\",\"datePublished\":\"2022-11-25T12:26:20+00:00\",\"dateModified\":\"2023-04-11T09:47:32+00:00\",\"description\":\"La plaza del Segundo Ensanche carec\u00eda de nombre y la denominaci\u00f3n surge a petici\u00f3n del Lar Gallego de Pamplona \u2013 Casa de Galicia en Navarra\",\"breadcrumb\":{\"@id\":\"https:\\\/\\\/www.laguiadepamplona.com\\\/actualidad\\\/la-poeta-y-escritora-gallega-rosalia-de-castro-da-nombre-desde-este-sabado-a-la-plaza-situada-en-la-confluencia-de-las-calles-san-fermin-aralar-y-la-avenida-baja-navarra\\\/#breadcrumb\"},\"inLanguage\":\"es\",\"potentialAction\":[{\"@type\":\"ReadAction\",\"target\":[\"https:\\\/\\\/www.laguiadepamplona.com\\\/actualidad\\\/la-poeta-y-escritora-gallega-rosalia-de-castro-da-nombre-desde-este-sabado-a-la-plaza-situada-en-la-confluencia-de-las-calles-san-fermin-aralar-y-la-avenida-baja-navarra\\\/\"]}]},{\"@type\":\"ImageObject\",\"inLanguage\":\"es\",\"@id\":\"https:\\\/\\\/www.laguiadepamplona.com\\\/actualidad\\\/la-poeta-y-escritora-gallega-rosalia-de-castro-da-nombre-desde-este-sabado-a-la-plaza-situada-en-la-confluencia-de-las-calles-san-fermin-aralar-y-la-avenida-baja-navarra\\\/#primaryimage\",\"url\":\"https:\\\/\\\/www.laguiadepamplona.com\\\/actualidad\\\/wp-content\\\/uploads\\\/2022\\\/11\\\/plaza-rosalia-castro-copia.webp\",\"contentUrl\":\"https:\\\/\\\/www.laguiadepamplona.com\\\/actualidad\\\/wp-content\\\/uploads\\\/2022\\\/11\\\/plaza-rosalia-castro-copia.webp\",\"width\":1600,\"height\":900},{\"@type\":\"BreadcrumbList\",\"@id\":\"https:\\\/\\\/www.laguiadepamplona.com\\\/actualidad\\\/la-poeta-y-escritora-gallega-rosalia-de-castro-da-nombre-desde-este-sabado-a-la-plaza-situada-en-la-confluencia-de-las-calles-san-fermin-aralar-y-la-avenida-baja-navarra\\\/#breadcrumb\",\"itemListElement\":[{\"@type\":\"ListItem\",\"position\":1,\"name\":\"Portada\",\"item\":\"https:\\\/\\\/www.laguiadepamplona.com\\\/actualidad\\\/\"},{\"@type\":\"ListItem\",\"position\":2,\"name\":\"La poeta y escritora gallega Rosal\u00eda de Castro da nombre desde este s\u00e1bado a la plaza situada en la confluencia de las calles San Ferm\u00edn, Aralar y la avenida Baja Navarra\"}]},{\"@type\":\"WebSite\",\"@id\":\"https:\\\/\\\/www.laguiadepamplona.com\\\/actualidad\\\/#website\",\"url\":\"https:\\\/\\\/www.laguiadepamplona.com\\\/actualidad\\\/\",\"name\":\"La gu\u00eda de Pamplona\",\"description\":\"Noticias de Pamplona\",\"publisher\":{\"@id\":\"https:\\\/\\\/www.laguiadepamplona.com\\\/actualidad\\\/#organization\"},\"potentialAction\":[{\"@type\":\"SearchAction\",\"target\":{\"@type\":\"EntryPoint\",\"urlTemplate\":\"https:\\\/\\\/www.laguiadepamplona.com\\\/actualidad\\\/?s={search_term_string}\"},\"query-input\":{\"@type\":\"PropertyValueSpecification\",\"valueRequired\":true,\"valueName\":\"search_term_string\"}}],\"inLanguage\":\"es\"},{\"@type\":\"Organization\",\"@id\":\"https:\\\/\\\/www.laguiadepamplona.com\\\/actualidad\\\/#organization\",\"name\":\"La Gu\u00eda de Pamplona \\\/ Noticias\",\"url\":\"https:\\\/\\\/www.laguiadepamplona.com\\\/actualidad\\\/\",\"logo\":{\"@type\":\"ImageObject\",\"inLanguage\":\"es\",\"@id\":\"https:\\\/\\\/www.laguiadepamplona.com\\\/actualidad\\\/#\\\/schema\\\/logo\\\/image\\\/\",\"url\":\"https:\\\/\\\/www.laguiadepamplona.com\\\/actualidad\\\/wp-content\\\/uploads\\\/2018\\\/11\\\/logo-laguiadepamplona18-web1.png\",\"contentUrl\":\"https:\\\/\\\/www.laguiadepamplona.com\\\/actualidad\\\/wp-content\\\/uploads\\\/2018\\\/11\\\/logo-laguiadepamplona18-web1.png\",\"width\":600,\"height\":196,\"caption\":\"La Gu\u00eda de Pamplona \\\/ Noticias\"},\"image\":{\"@id\":\"https:\\\/\\\/www.laguiadepamplona.com\\\/actualidad\\\/#\\\/schema\\\/logo\\\/image\\\/\"},\"sameAs\":[\"https:\\\/\\\/www.facebook.com\\\/laguiadepamplonacom-133175176762273\\\/?ref=hl\",\"https:\\\/\\\/x.com\\\/LaGuiadPamplona\",\"https:\\\/\\\/www.instagram.com\\\/la_guia_de_pamplona\\\/\",\"https:\\\/\\\/www.youtube.com\\\/user\\\/laguiadepamplona\"]},{\"@type\":\"Person\",\"@id\":\"https:\\\/\\\/www.laguiadepamplona.com\\\/actualidad\\\/#\\\/schema\\\/person\\\/efe887376f0213d4657c93adc50b1fdb\",\"name\":\"La Gu\u00eda de Pamplona\",\"image\":{\"@type\":\"ImageObject\",\"inLanguage\":\"es\",\"@id\":\"https:\\\/\\\/secure.gravatar.com\\\/avatar\\\/b6992f131dc8d30ab0dff15446e9d346d9dbd95992de0fef795073f5ea83a81c?s=96&d=mm&r=g\",\"url\":\"https:\\\/\\\/secure.gravatar.com\\\/avatar\\\/b6992f131dc8d30ab0dff15446e9d346d9dbd95992de0fef795073f5ea83a81c?s=96&d=mm&r=g\",\"contentUrl\":\"https:\\\/\\\/secure.gravatar.com\\\/avatar\\\/b6992f131dc8d30ab0dff15446e9d346d9dbd95992de0fef795073f5ea83a81c?s=96&d=mm&r=g\",\"caption\":\"La Gu\u00eda de Pamplona\"}}]}<\/script>\n<!-- \/ Yoast SEO plugin. -->","yoast_head_json":{"title":"La poeta y escritora gallega Rosal\u00eda de Castro da nombre desde este s\u00e1bado a la plaza situada en la confluencia de las calles San Ferm\u00edn, Aralar y la avenida Baja Navarra","description":"La plaza del Segundo Ensanche carec\u00eda de nombre y la denominaci\u00f3n surge a petici\u00f3n del Lar Gallego de Pamplona \u2013 Casa de Galicia en Navarra","robots":{"index":"index","follow":"follow","max-snippet":"max-snippet:-1","max-image-preview":"max-image-preview:large","max-video-preview":"max-video-preview:-1"},"canonical":"https:\/\/www.laguiadepamplona.com\/actualidad\/la-poeta-y-escritora-gallega-rosalia-de-castro-da-nombre-desde-este-sabado-a-la-plaza-situada-en-la-confluencia-de-las-calles-san-fermin-aralar-y-la-avenida-baja-navarra\/","og_locale":"es_ES","og_type":"article","og_title":"La poeta y escritora gallega Rosal\u00eda de Castro da nombre desde este s\u00e1bado a la plaza situada en la confluencia de las calles San Ferm\u00edn, Aralar y la avenida Baja Navarra","og_description":"La plaza del Segundo Ensanche carec\u00eda de nombre y la denominaci\u00f3n surge a petici\u00f3n del Lar Gallego de Pamplona \u2013 Casa de Galicia en Navarra","og_url":"https:\/\/www.laguiadepamplona.com\/actualidad\/la-poeta-y-escritora-gallega-rosalia-de-castro-da-nombre-desde-este-sabado-a-la-plaza-situada-en-la-confluencia-de-las-calles-san-fermin-aralar-y-la-avenida-baja-navarra\/","og_site_name":"La Gu\u00eda de Pamplona","article_publisher":"https:\/\/www.facebook.com\/laguiadepamplonacom-133175176762273\/?ref=hl","article_published_time":"2022-11-25T12:26:20+00:00","article_modified_time":"2023-04-11T09:47:32+00:00","og_image":[{"width":1600,"height":900,"url":"https:\/\/www.laguiadepamplona.com\/actualidad\/wp-content\/uploads\/2022\/11\/plaza-rosalia-castro-copia.webp","type":"image\/webp"}],"author":"La Gu\u00eda de Pamplona","twitter_card":"summary_large_image","twitter_creator":"@LaGuiadPamplona","twitter_site":"@LaGuiadPamplona","twitter_misc":{"Escrito por":"La Gu\u00eda de Pamplona","Tiempo de lectura":"3 minutos"},"schema":{"@context":"https:\/\/schema.org","@graph":[{"@type":"Article","@id":"https:\/\/www.laguiadepamplona.com\/actualidad\/la-poeta-y-escritora-gallega-rosalia-de-castro-da-nombre-desde-este-sabado-a-la-plaza-situada-en-la-confluencia-de-las-calles-san-fermin-aralar-y-la-avenida-baja-navarra\/#article","isPartOf":{"@id":"https:\/\/www.laguiadepamplona.com\/actualidad\/la-poeta-y-escritora-gallega-rosalia-de-castro-da-nombre-desde-este-sabado-a-la-plaza-situada-en-la-confluencia-de-las-calles-san-fermin-aralar-y-la-avenida-baja-navarra\/"},"author":{"name":"La Gu\u00eda de Pamplona","@id":"https:\/\/www.laguiadepamplona.com\/actualidad\/#\/schema\/person\/efe887376f0213d4657c93adc50b1fdb"},"headline":"La poeta y escritora gallega Rosal\u00eda de Castro da nombre desde este s\u00e1bado a la plaza situada en la confluencia de las calles San Ferm\u00edn, Aralar y la avenida Baja Navarra","datePublished":"2022-11-25T12:26:20+00:00","dateModified":"2023-04-11T09:47:32+00:00","mainEntityOfPage":{"@id":"https:\/\/www.laguiadepamplona.com\/actualidad\/la-poeta-y-escritora-gallega-rosalia-de-castro-da-nombre-desde-este-sabado-a-la-plaza-situada-en-la-confluencia-de-las-calles-san-fermin-aralar-y-la-avenida-baja-navarra\/"},"wordCount":550,"commentCount":0,"publisher":{"@id":"https:\/\/www.laguiadepamplona.com\/actualidad\/#organization"},"image":{"@id":"https:\/\/www.laguiadepamplona.com\/actualidad\/la-poeta-y-escritora-gallega-rosalia-de-castro-da-nombre-desde-este-sabado-a-la-plaza-situada-en-la-confluencia-de-las-calles-san-fermin-aralar-y-la-avenida-baja-navarra\/#primaryimage"},"thumbnailUrl":"https:\/\/www.laguiadepamplona.com\/actualidad\/wp-content\/uploads\/2022\/11\/plaza-rosalia-castro-copia.webp","articleSection":["Ayto Pamplona"],"inLanguage":"es","potentialAction":[{"@type":"CommentAction","name":"Comment","target":["https:\/\/www.laguiadepamplona.com\/actualidad\/la-poeta-y-escritora-gallega-rosalia-de-castro-da-nombre-desde-este-sabado-a-la-plaza-situada-en-la-confluencia-de-las-calles-san-fermin-aralar-y-la-avenida-baja-navarra\/#respond"]}]},{"@type":"WebPage","@id":"https:\/\/www.laguiadepamplona.com\/actualidad\/la-poeta-y-escritora-gallega-rosalia-de-castro-da-nombre-desde-este-sabado-a-la-plaza-situada-en-la-confluencia-de-las-calles-san-fermin-aralar-y-la-avenida-baja-navarra\/","url":"https:\/\/www.laguiadepamplona.com\/actualidad\/la-poeta-y-escritora-gallega-rosalia-de-castro-da-nombre-desde-este-sabado-a-la-plaza-situada-en-la-confluencia-de-las-calles-san-fermin-aralar-y-la-avenida-baja-navarra\/","name":"La poeta y escritora gallega Rosal\u00eda de Castro da nombre desde este s\u00e1bado a la plaza situada en la confluencia de las calles San Ferm\u00edn, Aralar y la avenida Baja Navarra","isPartOf":{"@id":"https:\/\/www.laguiadepamplona.com\/actualidad\/#website"},"primaryImageOfPage":{"@id":"https:\/\/www.laguiadepamplona.com\/actualidad\/la-poeta-y-escritora-gallega-rosalia-de-castro-da-nombre-desde-este-sabado-a-la-plaza-situada-en-la-confluencia-de-las-calles-san-fermin-aralar-y-la-avenida-baja-navarra\/#primaryimage"},"image":{"@id":"https:\/\/www.laguiadepamplona.com\/actualidad\/la-poeta-y-escritora-gallega-rosalia-de-castro-da-nombre-desde-este-sabado-a-la-plaza-situada-en-la-confluencia-de-las-calles-san-fermin-aralar-y-la-avenida-baja-navarra\/#primaryimage"},"thumbnailUrl":"https:\/\/www.laguiadepamplona.com\/actualidad\/wp-content\/uploads\/2022\/11\/plaza-rosalia-castro-copia.webp","datePublished":"2022-11-25T12:26:20+00:00","dateModified":"2023-04-11T09:47:32+00:00","description":"La plaza del Segundo Ensanche carec\u00eda de nombre y la denominaci\u00f3n surge a petici\u00f3n del Lar Gallego de Pamplona \u2013 Casa de Galicia en Navarra","breadcrumb":{"@id":"https:\/\/www.laguiadepamplona.com\/actualidad\/la-poeta-y-escritora-gallega-rosalia-de-castro-da-nombre-desde-este-sabado-a-la-plaza-situada-en-la-confluencia-de-las-calles-san-fermin-aralar-y-la-avenida-baja-navarra\/#breadcrumb"},"inLanguage":"es","potentialAction":[{"@type":"ReadAction","target":["https:\/\/www.laguiadepamplona.com\/actualidad\/la-poeta-y-escritora-gallega-rosalia-de-castro-da-nombre-desde-este-sabado-a-la-plaza-situada-en-la-confluencia-de-las-calles-san-fermin-aralar-y-la-avenida-baja-navarra\/"]}]},{"@type":"ImageObject","inLanguage":"es","@id":"https:\/\/www.laguiadepamplona.com\/actualidad\/la-poeta-y-escritora-gallega-rosalia-de-castro-da-nombre-desde-este-sabado-a-la-plaza-situada-en-la-confluencia-de-las-calles-san-fermin-aralar-y-la-avenida-baja-navarra\/#primaryimage","url":"https:\/\/www.laguiadepamplona.com\/actualidad\/wp-content\/uploads\/2022\/11\/plaza-rosalia-castro-copia.webp","contentUrl":"https:\/\/www.laguiadepamplona.com\/actualidad\/wp-content\/uploads\/2022\/11\/plaza-rosalia-castro-copia.webp","width":1600,"height":900},{"@type":"BreadcrumbList","@id":"https:\/\/www.laguiadepamplona.com\/actualidad\/la-poeta-y-escritora-gallega-rosalia-de-castro-da-nombre-desde-este-sabado-a-la-plaza-situada-en-la-confluencia-de-las-calles-san-fermin-aralar-y-la-avenida-baja-navarra\/#breadcrumb","itemListElement":[{"@type":"ListItem","position":1,"name":"Portada","item":"https:\/\/www.laguiadepamplona.com\/actualidad\/"},{"@type":"ListItem","position":2,"name":"La poeta y escritora gallega Rosal\u00eda de Castro da nombre desde este s\u00e1bado a la plaza situada en la confluencia de las calles San Ferm\u00edn, Aralar y la avenida Baja Navarra"}]},{"@type":"WebSite","@id":"https:\/\/www.laguiadepamplona.com\/actualidad\/#website","url":"https:\/\/www.laguiadepamplona.com\/actualidad\/","name":"La gu\u00eda de Pamplona","description":"Noticias de Pamplona","publisher":{"@id":"https:\/\/www.laguiadepamplona.com\/actualidad\/#organization"},"potentialAction":[{"@type":"SearchAction","target":{"@type":"EntryPoint","urlTemplate":"https:\/\/www.laguiadepamplona.com\/actualidad\/?s={search_term_string}"},"query-input":{"@type":"PropertyValueSpecification","valueRequired":true,"valueName":"search_term_string"}}],"inLanguage":"es"},{"@type":"Organization","@id":"https:\/\/www.laguiadepamplona.com\/actualidad\/#organization","name":"La Gu\u00eda de Pamplona \/ Noticias","url":"https:\/\/www.laguiadepamplona.com\/actualidad\/","logo":{"@type":"ImageObject","inLanguage":"es","@id":"https:\/\/www.laguiadepamplona.com\/actualidad\/#\/schema\/logo\/image\/","url":"https:\/\/www.laguiadepamplona.com\/actualidad\/wp-content\/uploads\/2018\/11\/logo-laguiadepamplona18-web1.png","contentUrl":"https:\/\/www.laguiadepamplona.com\/actualidad\/wp-content\/uploads\/2018\/11\/logo-laguiadepamplona18-web1.png","width":600,"height":196,"caption":"La Gu\u00eda de Pamplona \/ Noticias"},"image":{"@id":"https:\/\/www.laguiadepamplona.com\/actualidad\/#\/schema\/logo\/image\/"},"sameAs":["https:\/\/www.facebook.com\/laguiadepamplonacom-133175176762273\/?ref=hl","https:\/\/x.com\/LaGuiadPamplona","https:\/\/www.instagram.com\/la_guia_de_pamplona\/","https:\/\/www.youtube.com\/user\/laguiadepamplona"]},{"@type":"Person","@id":"https:\/\/www.laguiadepamplona.com\/actualidad\/#\/schema\/person\/efe887376f0213d4657c93adc50b1fdb","name":"La Gu\u00eda de Pamplona","image":{"@type":"ImageObject","inLanguage":"es","@id":"https:\/\/secure.gravatar.com\/avatar\/b6992f131dc8d30ab0dff15446e9d346d9dbd95992de0fef795073f5ea83a81c?s=96&d=mm&r=g","url":"https:\/\/secure.gravatar.com\/avatar\/b6992f131dc8d30ab0dff15446e9d346d9dbd95992de0fef795073f5ea83a81c?s=96&d=mm&r=g","contentUrl":"https:\/\/secure.gravatar.com\/avatar\/b6992f131dc8d30ab0dff15446e9d346d9dbd95992de0fef795073f5ea83a81c?s=96&d=mm&r=g","caption":"La Gu\u00eda de Pamplona"}}]}},"post_mailing_queue_ids":[],"_links":{"self":[{"href":"https:\/\/www.laguiadepamplona.com\/actualidad\/wp-json\/wp\/v2\/posts\/42318","targetHints":{"allow":["GET"]}}],"collection":[{"href":"https:\/\/www.laguiadepamplona.com\/actualidad\/wp-json\/wp\/v2\/posts"}],"about":[{"href":"https:\/\/www.laguiadepamplona.com\/actualidad\/wp-json\/wp\/v2\/types\/post"}],"author":[{"embeddable":true,"href":"https:\/\/www.laguiadepamplona.com\/actualidad\/wp-json\/wp\/v2\/users\/1"}],"replies":[{"embeddable":true,"href":"https:\/\/www.laguiadepamplona.com\/actualidad\/wp-json\/wp\/v2\/comments?post=42318"}],"version-history":[{"count":0,"href":"https:\/\/www.laguiadepamplona.com\/actualidad\/wp-json\/wp\/v2\/posts\/42318\/revisions"}],"wp:featuredmedia":[{"embeddable":true,"href":"https:\/\/www.laguiadepamplona.com\/actualidad\/wp-json\/wp\/v2\/media\/42319"}],"wp:attachment":[{"href":"https:\/\/www.laguiadepamplona.com\/actualidad\/wp-json\/wp\/v2\/media?parent=42318"}],"wp:term":[{"taxonomy":"category","embeddable":true,"href":"https:\/\/www.laguiadepamplona.com\/actualidad\/wp-json\/wp\/v2\/categories?post=42318"},{"taxonomy":"post_tag","embeddable":true,"href":"https:\/\/www.laguiadepamplona.com\/actualidad\/wp-json\/wp\/v2\/tags?post=42318"}],"curies":[{"name":"wp","href":"https:\/\/api.w.org\/{rel}","templated":true}]}}