{"id":42312,"date":"2022-11-25T14:22:27","date_gmt":"2022-11-25T12:22:27","guid":{"rendered":"https:\/\/www.laguiadepamplona.com\/actualidad\/?p=42312"},"modified":"2023-04-11T11:47:32","modified_gmt":"2023-04-11T09:47:32","slug":"el-ayuntamiento-de-pamplona-celebra-el-dia-internacional-contra-la-violencia-hacia-las-mujeres-con-una-concentracion-en-la-plaza-consistorial","status":"publish","type":"post","link":"https:\/\/www.laguiadepamplona.com\/actualidad\/el-ayuntamiento-de-pamplona-celebra-el-dia-internacional-contra-la-violencia-hacia-las-mujeres-con-una-concentracion-en-la-plaza-consistorial\/","title":{"rendered":"El Ayuntamiento de Pamplona celebra el D\u00eda Internacional contra la Violencia hacia las Mujeres con una concentraci\u00f3n en la Plaza Consistorial"},"content":{"rendered":"<h5>La campa\u00f1a municipal \u2018Libre que me quiero libre\u2019 se ha adaptado para visibilizar la violencia machista a mujeres con discapacidad<\/h5>\n<p><!--more--><\/p>\n<p>Este viernes 25 de noviembre se celebra el D\u00eda Internacional contra la Violencia hacia las Mujeres. El Ayuntamiento se ha unido a las reivindicaciones de esta jornada con una concentraci\u00f3n silenciosa en la Plaza Consistorial que ha contado con la presencia del alcalde de Pamplona, Enrique Maya, y de miembros de la Corporaci\u00f3n municipal. Esta tarde noche la fachada de la Casa Consistorial se iluminar\u00e1 de color morado como colof\u00f3n a este d\u00eda internacional.<br \/>\n<script async src=\"\/\/pagead2.googlesyndication.com\/pagead\/js\/adsbygoogle.js\"><\/script><br \/>\n<!-- Noticias La Guia de Pamplona --><br \/>\n<ins class=\"adsbygoogle\"\nstyle=\"display:block\"\ndata-ad-client=\"ca-pub-6943679897239327\"\ndata-ad-slot=\"7048180777\"\ndata-ad-format=\"auto\"><\/ins><br \/>\n<script>\n(adsbygoogle = window.adsbygoogle || []).push({});\n<\/script><\/p>\n<p>Durante la concentraci\u00f3n, se ha realizado una lectura p\u00fablica de los compromisos adquiridos por el Ayuntamiento de Pamplona en la declaraci\u00f3n institucional aprobada el pasado martes en la Comisi\u00f3n de Asuntos Ciudadanos. El texto se basa en el documento \u2018Existe y hay responsabilidades\u2019, preparado por la Federaci\u00f3n Navarra de Municipios y Concejos y la red de t\u00e9cnicas de igualdad de Navarra, y com\u00fan a entidades locales e instituciones. La declaraci\u00f3n muestra la \u201crepulsa ante todo tipo de violencia machista producto de las m\u00faltiples discriminaciones que sufren las mujeres en cualquier \u00e1mbito y contexto\u201d y tambi\u00e9n el compromiso de las administraciones p\u00fablicas \u201ca seguir trabajando contra todas las desigualdades que generan violencias contra las mujeres y las ni\u00f1as\u201d.<\/p>\n<p>El Ayuntamiento de Pamplona muestra su \u201csolidaridad con las mujeres y ni\u00f1as agredidas o asesinadas, con las mujeres y sus hijas e hijos que enfrenten la violencia machista. Asimismo, se insta \u201ca todos los hombres, de todas las edades, a asumir compromisos y posiciones activas frente a todo tipo de violencia hacia las mujeres\u201d. Por \u00faltimo, se invita a la ciudadan\u00eda a mostrar \u201csu rechazo y compromiso con la erradicaci\u00f3n de la violencia contra las mujeres, la denuncia de todas las manifestaciones de control patriarcial y de limitaciones y condicionamiento del ejercicio de la libertad y la autonom\u00eda de las mujeres, y a participar en todas las actividades que se organicen en torno al 25 de noviembre\u201d.<br \/>\n<script async src=\"\/\/pagead2.googlesyndication.com\/pagead\/js\/adsbygoogle.js\"><\/script><br \/>\n<!-- Noticias La Guia de Pamplona --><br \/>\n<ins class=\"adsbygoogle\"\nstyle=\"display:block\"\ndata-ad-client=\"ca-pub-6943679897239327\"\ndata-ad-slot=\"7048180777\"\ndata-ad-format=\"auto\"><\/ins><br \/>\n<script>\n(adsbygoogle = window.adsbygoogle || []).push({});\n<\/script><\/p>\n<p><strong>\u2018Libre que me quiero libre\u2019<\/strong><\/p>\n<p>Durante la concentraci\u00f3n, se ha dado visibilidad a la campa\u00f1a municipal \u2018Libre que me quiero libre\u2019, que este a\u00f1o se ha adaptado con una nueva imagen que refleja a mujeres con discapacidad auditiva, visual, cognitiva o f\u00edsica, para incidir en la violencia machista que tambi\u00e9n padecen. El lema \u2018Por todas las mujeres, contra todo tipo de violencias\/ Emakume guztiengatik, indarkeria mota guztien contra\u2019 acompa\u00f1a la reivindicaci\u00f3n de estas mujeres.<\/p>\n<p>El dise\u00f1o de la carteler\u00eda, en castellano y euskera, incluye un c\u00f3digo Navilens mediante el que se accede a contenidos editados en lectura f\u00e1cil, a un v\u00eddeo en lenguaje signado y a un audio preparado para personas con discapacidad visual. Esta campa\u00f1a se suma a la iniciativa impulsada por la Federaci\u00f3n Navarra de Municipios y Concejos y la red de t\u00e9cnicas de igualdad de Navarra, \u2018La violencia contra las mujeres existe y hay responsables\u2019, para la celebraci\u00f3n de este 25 de noviembre.<\/p>\n","protected":false},"excerpt":{"rendered":"<p>La campa\u00f1a municipal \u2018Libre que me quiero libre\u2019 se ha adaptado para visibilizar la violencia machista a mujeres con discapacidad<\/p>\n","protected":false},"author":1,"featured_media":42313,"comment_status":"open","ping_status":"closed","sticky":false,"template":"","format":"standard","meta":{"footnotes":""},"categories":[2],"tags":[],"class_list":["post-42312","post","type-post","status-publish","format-standard","has-post-thumbnail","hentry","category-ayuntamiento-pamplona"],"yoast_head":"<!-- This site is optimized with the Yoast SEO plugin v27.3 - https:\/\/yoast.com\/product\/yoast-seo-wordpress\/ -->\n<title>El Ayuntamiento de Pamplona celebra el D\u00eda Internacional contra la Violencia hacia las Mujeres con una concentraci\u00f3n en la Plaza Consistorial<\/title>\n<meta name=\"description\" content=\"La campa\u00f1a municipal \u2018Libre que me quiero libre\u2019 se ha adaptado para visibilizar la violencia machista a mujeres con discapacidad\" \/>\n<meta name=\"robots\" content=\"index, follow, max-snippet:-1, max-image-preview:large, max-video-preview:-1\" \/>\n<link rel=\"canonical\" href=\"https:\/\/www.laguiadepamplona.com\/actualidad\/el-ayuntamiento-de-pamplona-celebra-el-dia-internacional-contra-la-violencia-hacia-las-mujeres-con-una-concentracion-en-la-plaza-consistorial\/\" \/>\n<meta property=\"og:locale\" content=\"es_ES\" \/>\n<meta property=\"og:type\" content=\"article\" \/>\n<meta property=\"og:title\" content=\"El Ayuntamiento de Pamplona celebra el D\u00eda Internacional contra la Violencia hacia las Mujeres con una concentraci\u00f3n en la Plaza Consistorial\" \/>\n<meta property=\"og:description\" content=\"La campa\u00f1a municipal \u2018Libre que me quiero libre\u2019 se ha adaptado para visibilizar la violencia machista a mujeres con discapacidad\" \/>\n<meta property=\"og:url\" content=\"https:\/\/www.laguiadepamplona.com\/actualidad\/el-ayuntamiento-de-pamplona-celebra-el-dia-internacional-contra-la-violencia-hacia-las-mujeres-con-una-concentracion-en-la-plaza-consistorial\/\" \/>\n<meta property=\"og:site_name\" content=\"La Gu\u00eda de Pamplona\" \/>\n<meta property=\"article:publisher\" content=\"https:\/\/www.facebook.com\/laguiadepamplonacom-133175176762273\/?ref=hl\" \/>\n<meta property=\"article:published_time\" content=\"2022-11-25T12:22:27+00:00\" \/>\n<meta property=\"article:modified_time\" content=\"2023-04-11T09:47:32+00:00\" \/>\n<meta property=\"og:image\" content=\"https:\/\/www.laguiadepamplona.com\/actualidad\/wp-content\/uploads\/2022\/11\/Contra-violencia-mujeres-plaza-consistorial.webp\" \/>\n\t<meta property=\"og:image:width\" content=\"1920\" \/>\n\t<meta property=\"og:image:height\" content=\"1281\" \/>\n\t<meta property=\"og:image:type\" content=\"image\/webp\" \/>\n<meta name=\"author\" content=\"La Gu\u00eda de Pamplona\" \/>\n<meta name=\"twitter:card\" content=\"summary_large_image\" \/>\n<meta name=\"twitter:creator\" content=\"@LaGuiadPamplona\" \/>\n<meta name=\"twitter:site\" content=\"@LaGuiadPamplona\" \/>\n<meta name=\"twitter:label1\" content=\"Escrito por\" \/>\n\t<meta name=\"twitter:data1\" content=\"La Gu\u00eda de Pamplona\" \/>\n\t<meta name=\"twitter:label2\" content=\"Tiempo de lectura\" \/>\n\t<meta name=\"twitter:data2\" content=\"3 minutos\" \/>\n<script type=\"application\/ld+json\" class=\"yoast-schema-graph\">{\"@context\":\"https:\\\/\\\/schema.org\",\"@graph\":[{\"@type\":\"Article\",\"@id\":\"https:\\\/\\\/www.laguiadepamplona.com\\\/actualidad\\\/el-ayuntamiento-de-pamplona-celebra-el-dia-internacional-contra-la-violencia-hacia-las-mujeres-con-una-concentracion-en-la-plaza-consistorial\\\/#article\",\"isPartOf\":{\"@id\":\"https:\\\/\\\/www.laguiadepamplona.com\\\/actualidad\\\/el-ayuntamiento-de-pamplona-celebra-el-dia-internacional-contra-la-violencia-hacia-las-mujeres-con-una-concentracion-en-la-plaza-consistorial\\\/\"},\"author\":{\"name\":\"La Gu\u00eda de Pamplona\",\"@id\":\"https:\\\/\\\/www.laguiadepamplona.com\\\/actualidad\\\/#\\\/schema\\\/person\\\/efe887376f0213d4657c93adc50b1fdb\"},\"headline\":\"El Ayuntamiento de Pamplona celebra el D\u00eda Internacional contra la Violencia hacia las Mujeres con una concentraci\u00f3n en la Plaza Consistorial\",\"datePublished\":\"2022-11-25T12:22:27+00:00\",\"dateModified\":\"2023-04-11T09:47:32+00:00\",\"mainEntityOfPage\":{\"@id\":\"https:\\\/\\\/www.laguiadepamplona.com\\\/actualidad\\\/el-ayuntamiento-de-pamplona-celebra-el-dia-internacional-contra-la-violencia-hacia-las-mujeres-con-una-concentracion-en-la-plaza-consistorial\\\/\"},\"wordCount\":542,\"commentCount\":0,\"publisher\":{\"@id\":\"https:\\\/\\\/www.laguiadepamplona.com\\\/actualidad\\\/#organization\"},\"image\":{\"@id\":\"https:\\\/\\\/www.laguiadepamplona.com\\\/actualidad\\\/el-ayuntamiento-de-pamplona-celebra-el-dia-internacional-contra-la-violencia-hacia-las-mujeres-con-una-concentracion-en-la-plaza-consistorial\\\/#primaryimage\"},\"thumbnailUrl\":\"https:\\\/\\\/www.laguiadepamplona.com\\\/actualidad\\\/wp-content\\\/uploads\\\/2022\\\/11\\\/Contra-violencia-mujeres-plaza-consistorial.webp\",\"articleSection\":[\"Ayto Pamplona\"],\"inLanguage\":\"es\",\"potentialAction\":[{\"@type\":\"CommentAction\",\"name\":\"Comment\",\"target\":[\"https:\\\/\\\/www.laguiadepamplona.com\\\/actualidad\\\/el-ayuntamiento-de-pamplona-celebra-el-dia-internacional-contra-la-violencia-hacia-las-mujeres-con-una-concentracion-en-la-plaza-consistorial\\\/#respond\"]}]},{\"@type\":\"WebPage\",\"@id\":\"https:\\\/\\\/www.laguiadepamplona.com\\\/actualidad\\\/el-ayuntamiento-de-pamplona-celebra-el-dia-internacional-contra-la-violencia-hacia-las-mujeres-con-una-concentracion-en-la-plaza-consistorial\\\/\",\"url\":\"https:\\\/\\\/www.laguiadepamplona.com\\\/actualidad\\\/el-ayuntamiento-de-pamplona-celebra-el-dia-internacional-contra-la-violencia-hacia-las-mujeres-con-una-concentracion-en-la-plaza-consistorial\\\/\",\"name\":\"El Ayuntamiento de Pamplona celebra el D\u00eda Internacional contra la Violencia hacia las Mujeres con una concentraci\u00f3n en la Plaza Consistorial\",\"isPartOf\":{\"@id\":\"https:\\\/\\\/www.laguiadepamplona.com\\\/actualidad\\\/#website\"},\"primaryImageOfPage\":{\"@id\":\"https:\\\/\\\/www.laguiadepamplona.com\\\/actualidad\\\/el-ayuntamiento-de-pamplona-celebra-el-dia-internacional-contra-la-violencia-hacia-las-mujeres-con-una-concentracion-en-la-plaza-consistorial\\\/#primaryimage\"},\"image\":{\"@id\":\"https:\\\/\\\/www.laguiadepamplona.com\\\/actualidad\\\/el-ayuntamiento-de-pamplona-celebra-el-dia-internacional-contra-la-violencia-hacia-las-mujeres-con-una-concentracion-en-la-plaza-consistorial\\\/#primaryimage\"},\"thumbnailUrl\":\"https:\\\/\\\/www.laguiadepamplona.com\\\/actualidad\\\/wp-content\\\/uploads\\\/2022\\\/11\\\/Contra-violencia-mujeres-plaza-consistorial.webp\",\"datePublished\":\"2022-11-25T12:22:27+00:00\",\"dateModified\":\"2023-04-11T09:47:32+00:00\",\"description\":\"La campa\u00f1a municipal \u2018Libre que me quiero libre\u2019 se ha adaptado para visibilizar la violencia machista a mujeres con discapacidad\",\"breadcrumb\":{\"@id\":\"https:\\\/\\\/www.laguiadepamplona.com\\\/actualidad\\\/el-ayuntamiento-de-pamplona-celebra-el-dia-internacional-contra-la-violencia-hacia-las-mujeres-con-una-concentracion-en-la-plaza-consistorial\\\/#breadcrumb\"},\"inLanguage\":\"es\",\"potentialAction\":[{\"@type\":\"ReadAction\",\"target\":[\"https:\\\/\\\/www.laguiadepamplona.com\\\/actualidad\\\/el-ayuntamiento-de-pamplona-celebra-el-dia-internacional-contra-la-violencia-hacia-las-mujeres-con-una-concentracion-en-la-plaza-consistorial\\\/\"]}]},{\"@type\":\"ImageObject\",\"inLanguage\":\"es\",\"@id\":\"https:\\\/\\\/www.laguiadepamplona.com\\\/actualidad\\\/el-ayuntamiento-de-pamplona-celebra-el-dia-internacional-contra-la-violencia-hacia-las-mujeres-con-una-concentracion-en-la-plaza-consistorial\\\/#primaryimage\",\"url\":\"https:\\\/\\\/www.laguiadepamplona.com\\\/actualidad\\\/wp-content\\\/uploads\\\/2022\\\/11\\\/Contra-violencia-mujeres-plaza-consistorial.webp\",\"contentUrl\":\"https:\\\/\\\/www.laguiadepamplona.com\\\/actualidad\\\/wp-content\\\/uploads\\\/2022\\\/11\\\/Contra-violencia-mujeres-plaza-consistorial.webp\",\"width\":1920,\"height\":1281},{\"@type\":\"BreadcrumbList\",\"@id\":\"https:\\\/\\\/www.laguiadepamplona.com\\\/actualidad\\\/el-ayuntamiento-de-pamplona-celebra-el-dia-internacional-contra-la-violencia-hacia-las-mujeres-con-una-concentracion-en-la-plaza-consistorial\\\/#breadcrumb\",\"itemListElement\":[{\"@type\":\"ListItem\",\"position\":1,\"name\":\"Portada\",\"item\":\"https:\\\/\\\/www.laguiadepamplona.com\\\/actualidad\\\/\"},{\"@type\":\"ListItem\",\"position\":2,\"name\":\"El Ayuntamiento de Pamplona celebra el D\u00eda Internacional contra la Violencia hacia las Mujeres con una concentraci\u00f3n en la Plaza Consistorial\"}]},{\"@type\":\"WebSite\",\"@id\":\"https:\\\/\\\/www.laguiadepamplona.com\\\/actualidad\\\/#website\",\"url\":\"https:\\\/\\\/www.laguiadepamplona.com\\\/actualidad\\\/\",\"name\":\"La gu\u00eda de Pamplona\",\"description\":\"Noticias de Pamplona\",\"publisher\":{\"@id\":\"https:\\\/\\\/www.laguiadepamplona.com\\\/actualidad\\\/#organization\"},\"potentialAction\":[{\"@type\":\"SearchAction\",\"target\":{\"@type\":\"EntryPoint\",\"urlTemplate\":\"https:\\\/\\\/www.laguiadepamplona.com\\\/actualidad\\\/?s={search_term_string}\"},\"query-input\":{\"@type\":\"PropertyValueSpecification\",\"valueRequired\":true,\"valueName\":\"search_term_string\"}}],\"inLanguage\":\"es\"},{\"@type\":\"Organization\",\"@id\":\"https:\\\/\\\/www.laguiadepamplona.com\\\/actualidad\\\/#organization\",\"name\":\"La Gu\u00eda de Pamplona \\\/ Noticias\",\"url\":\"https:\\\/\\\/www.laguiadepamplona.com\\\/actualidad\\\/\",\"logo\":{\"@type\":\"ImageObject\",\"inLanguage\":\"es\",\"@id\":\"https:\\\/\\\/www.laguiadepamplona.com\\\/actualidad\\\/#\\\/schema\\\/logo\\\/image\\\/\",\"url\":\"https:\\\/\\\/www.laguiadepamplona.com\\\/actualidad\\\/wp-content\\\/uploads\\\/2018\\\/11\\\/logo-laguiadepamplona18-web1.png\",\"contentUrl\":\"https:\\\/\\\/www.laguiadepamplona.com\\\/actualidad\\\/wp-content\\\/uploads\\\/2018\\\/11\\\/logo-laguiadepamplona18-web1.png\",\"width\":600,\"height\":196,\"caption\":\"La Gu\u00eda de Pamplona \\\/ Noticias\"},\"image\":{\"@id\":\"https:\\\/\\\/www.laguiadepamplona.com\\\/actualidad\\\/#\\\/schema\\\/logo\\\/image\\\/\"},\"sameAs\":[\"https:\\\/\\\/www.facebook.com\\\/laguiadepamplonacom-133175176762273\\\/?ref=hl\",\"https:\\\/\\\/x.com\\\/LaGuiadPamplona\",\"https:\\\/\\\/www.instagram.com\\\/la_guia_de_pamplona\\\/\",\"https:\\\/\\\/www.youtube.com\\\/user\\\/laguiadepamplona\"]},{\"@type\":\"Person\",\"@id\":\"https:\\\/\\\/www.laguiadepamplona.com\\\/actualidad\\\/#\\\/schema\\\/person\\\/efe887376f0213d4657c93adc50b1fdb\",\"name\":\"La Gu\u00eda de Pamplona\",\"image\":{\"@type\":\"ImageObject\",\"inLanguage\":\"es\",\"@id\":\"https:\\\/\\\/secure.gravatar.com\\\/avatar\\\/b6992f131dc8d30ab0dff15446e9d346d9dbd95992de0fef795073f5ea83a81c?s=96&d=mm&r=g\",\"url\":\"https:\\\/\\\/secure.gravatar.com\\\/avatar\\\/b6992f131dc8d30ab0dff15446e9d346d9dbd95992de0fef795073f5ea83a81c?s=96&d=mm&r=g\",\"contentUrl\":\"https:\\\/\\\/secure.gravatar.com\\\/avatar\\\/b6992f131dc8d30ab0dff15446e9d346d9dbd95992de0fef795073f5ea83a81c?s=96&d=mm&r=g\",\"caption\":\"La Gu\u00eda de Pamplona\"}}]}<\/script>\n<!-- \/ Yoast SEO plugin. -->","yoast_head_json":{"title":"El Ayuntamiento de Pamplona celebra el D\u00eda Internacional contra la Violencia hacia las Mujeres con una concentraci\u00f3n en la Plaza Consistorial","description":"La campa\u00f1a municipal \u2018Libre que me quiero libre\u2019 se ha adaptado para visibilizar la violencia machista a mujeres con discapacidad","robots":{"index":"index","follow":"follow","max-snippet":"max-snippet:-1","max-image-preview":"max-image-preview:large","max-video-preview":"max-video-preview:-1"},"canonical":"https:\/\/www.laguiadepamplona.com\/actualidad\/el-ayuntamiento-de-pamplona-celebra-el-dia-internacional-contra-la-violencia-hacia-las-mujeres-con-una-concentracion-en-la-plaza-consistorial\/","og_locale":"es_ES","og_type":"article","og_title":"El Ayuntamiento de Pamplona celebra el D\u00eda Internacional contra la Violencia hacia las Mujeres con una concentraci\u00f3n en la Plaza Consistorial","og_description":"La campa\u00f1a municipal \u2018Libre que me quiero libre\u2019 se ha adaptado para visibilizar la violencia machista a mujeres con discapacidad","og_url":"https:\/\/www.laguiadepamplona.com\/actualidad\/el-ayuntamiento-de-pamplona-celebra-el-dia-internacional-contra-la-violencia-hacia-las-mujeres-con-una-concentracion-en-la-plaza-consistorial\/","og_site_name":"La Gu\u00eda de Pamplona","article_publisher":"https:\/\/www.facebook.com\/laguiadepamplonacom-133175176762273\/?ref=hl","article_published_time":"2022-11-25T12:22:27+00:00","article_modified_time":"2023-04-11T09:47:32+00:00","og_image":[{"width":1920,"height":1281,"url":"https:\/\/www.laguiadepamplona.com\/actualidad\/wp-content\/uploads\/2022\/11\/Contra-violencia-mujeres-plaza-consistorial.webp","type":"image\/webp"}],"author":"La Gu\u00eda de Pamplona","twitter_card":"summary_large_image","twitter_creator":"@LaGuiadPamplona","twitter_site":"@LaGuiadPamplona","twitter_misc":{"Escrito por":"La Gu\u00eda de Pamplona","Tiempo de lectura":"3 minutos"},"schema":{"@context":"https:\/\/schema.org","@graph":[{"@type":"Article","@id":"https:\/\/www.laguiadepamplona.com\/actualidad\/el-ayuntamiento-de-pamplona-celebra-el-dia-internacional-contra-la-violencia-hacia-las-mujeres-con-una-concentracion-en-la-plaza-consistorial\/#article","isPartOf":{"@id":"https:\/\/www.laguiadepamplona.com\/actualidad\/el-ayuntamiento-de-pamplona-celebra-el-dia-internacional-contra-la-violencia-hacia-las-mujeres-con-una-concentracion-en-la-plaza-consistorial\/"},"author":{"name":"La Gu\u00eda de Pamplona","@id":"https:\/\/www.laguiadepamplona.com\/actualidad\/#\/schema\/person\/efe887376f0213d4657c93adc50b1fdb"},"headline":"El Ayuntamiento de Pamplona celebra el D\u00eda Internacional contra la Violencia hacia las Mujeres con una concentraci\u00f3n en la Plaza Consistorial","datePublished":"2022-11-25T12:22:27+00:00","dateModified":"2023-04-11T09:47:32+00:00","mainEntityOfPage":{"@id":"https:\/\/www.laguiadepamplona.com\/actualidad\/el-ayuntamiento-de-pamplona-celebra-el-dia-internacional-contra-la-violencia-hacia-las-mujeres-con-una-concentracion-en-la-plaza-consistorial\/"},"wordCount":542,"commentCount":0,"publisher":{"@id":"https:\/\/www.laguiadepamplona.com\/actualidad\/#organization"},"image":{"@id":"https:\/\/www.laguiadepamplona.com\/actualidad\/el-ayuntamiento-de-pamplona-celebra-el-dia-internacional-contra-la-violencia-hacia-las-mujeres-con-una-concentracion-en-la-plaza-consistorial\/#primaryimage"},"thumbnailUrl":"https:\/\/www.laguiadepamplona.com\/actualidad\/wp-content\/uploads\/2022\/11\/Contra-violencia-mujeres-plaza-consistorial.webp","articleSection":["Ayto Pamplona"],"inLanguage":"es","potentialAction":[{"@type":"CommentAction","name":"Comment","target":["https:\/\/www.laguiadepamplona.com\/actualidad\/el-ayuntamiento-de-pamplona-celebra-el-dia-internacional-contra-la-violencia-hacia-las-mujeres-con-una-concentracion-en-la-plaza-consistorial\/#respond"]}]},{"@type":"WebPage","@id":"https:\/\/www.laguiadepamplona.com\/actualidad\/el-ayuntamiento-de-pamplona-celebra-el-dia-internacional-contra-la-violencia-hacia-las-mujeres-con-una-concentracion-en-la-plaza-consistorial\/","url":"https:\/\/www.laguiadepamplona.com\/actualidad\/el-ayuntamiento-de-pamplona-celebra-el-dia-internacional-contra-la-violencia-hacia-las-mujeres-con-una-concentracion-en-la-plaza-consistorial\/","name":"El Ayuntamiento de Pamplona celebra el D\u00eda Internacional contra la Violencia hacia las Mujeres con una concentraci\u00f3n en la Plaza Consistorial","isPartOf":{"@id":"https:\/\/www.laguiadepamplona.com\/actualidad\/#website"},"primaryImageOfPage":{"@id":"https:\/\/www.laguiadepamplona.com\/actualidad\/el-ayuntamiento-de-pamplona-celebra-el-dia-internacional-contra-la-violencia-hacia-las-mujeres-con-una-concentracion-en-la-plaza-consistorial\/#primaryimage"},"image":{"@id":"https:\/\/www.laguiadepamplona.com\/actualidad\/el-ayuntamiento-de-pamplona-celebra-el-dia-internacional-contra-la-violencia-hacia-las-mujeres-con-una-concentracion-en-la-plaza-consistorial\/#primaryimage"},"thumbnailUrl":"https:\/\/www.laguiadepamplona.com\/actualidad\/wp-content\/uploads\/2022\/11\/Contra-violencia-mujeres-plaza-consistorial.webp","datePublished":"2022-11-25T12:22:27+00:00","dateModified":"2023-04-11T09:47:32+00:00","description":"La campa\u00f1a municipal \u2018Libre que me quiero libre\u2019 se ha adaptado para visibilizar la violencia machista a mujeres con discapacidad","breadcrumb":{"@id":"https:\/\/www.laguiadepamplona.com\/actualidad\/el-ayuntamiento-de-pamplona-celebra-el-dia-internacional-contra-la-violencia-hacia-las-mujeres-con-una-concentracion-en-la-plaza-consistorial\/#breadcrumb"},"inLanguage":"es","potentialAction":[{"@type":"ReadAction","target":["https:\/\/www.laguiadepamplona.com\/actualidad\/el-ayuntamiento-de-pamplona-celebra-el-dia-internacional-contra-la-violencia-hacia-las-mujeres-con-una-concentracion-en-la-plaza-consistorial\/"]}]},{"@type":"ImageObject","inLanguage":"es","@id":"https:\/\/www.laguiadepamplona.com\/actualidad\/el-ayuntamiento-de-pamplona-celebra-el-dia-internacional-contra-la-violencia-hacia-las-mujeres-con-una-concentracion-en-la-plaza-consistorial\/#primaryimage","url":"https:\/\/www.laguiadepamplona.com\/actualidad\/wp-content\/uploads\/2022\/11\/Contra-violencia-mujeres-plaza-consistorial.webp","contentUrl":"https:\/\/www.laguiadepamplona.com\/actualidad\/wp-content\/uploads\/2022\/11\/Contra-violencia-mujeres-plaza-consistorial.webp","width":1920,"height":1281},{"@type":"BreadcrumbList","@id":"https:\/\/www.laguiadepamplona.com\/actualidad\/el-ayuntamiento-de-pamplona-celebra-el-dia-internacional-contra-la-violencia-hacia-las-mujeres-con-una-concentracion-en-la-plaza-consistorial\/#breadcrumb","itemListElement":[{"@type":"ListItem","position":1,"name":"Portada","item":"https:\/\/www.laguiadepamplona.com\/actualidad\/"},{"@type":"ListItem","position":2,"name":"El Ayuntamiento de Pamplona celebra el D\u00eda Internacional contra la Violencia hacia las Mujeres con una concentraci\u00f3n en la Plaza Consistorial"}]},{"@type":"WebSite","@id":"https:\/\/www.laguiadepamplona.com\/actualidad\/#website","url":"https:\/\/www.laguiadepamplona.com\/actualidad\/","name":"La gu\u00eda de Pamplona","description":"Noticias de Pamplona","publisher":{"@id":"https:\/\/www.laguiadepamplona.com\/actualidad\/#organization"},"potentialAction":[{"@type":"SearchAction","target":{"@type":"EntryPoint","urlTemplate":"https:\/\/www.laguiadepamplona.com\/actualidad\/?s={search_term_string}"},"query-input":{"@type":"PropertyValueSpecification","valueRequired":true,"valueName":"search_term_string"}}],"inLanguage":"es"},{"@type":"Organization","@id":"https:\/\/www.laguiadepamplona.com\/actualidad\/#organization","name":"La Gu\u00eda de Pamplona \/ Noticias","url":"https:\/\/www.laguiadepamplona.com\/actualidad\/","logo":{"@type":"ImageObject","inLanguage":"es","@id":"https:\/\/www.laguiadepamplona.com\/actualidad\/#\/schema\/logo\/image\/","url":"https:\/\/www.laguiadepamplona.com\/actualidad\/wp-content\/uploads\/2018\/11\/logo-laguiadepamplona18-web1.png","contentUrl":"https:\/\/www.laguiadepamplona.com\/actualidad\/wp-content\/uploads\/2018\/11\/logo-laguiadepamplona18-web1.png","width":600,"height":196,"caption":"La Gu\u00eda de Pamplona \/ Noticias"},"image":{"@id":"https:\/\/www.laguiadepamplona.com\/actualidad\/#\/schema\/logo\/image\/"},"sameAs":["https:\/\/www.facebook.com\/laguiadepamplonacom-133175176762273\/?ref=hl","https:\/\/x.com\/LaGuiadPamplona","https:\/\/www.instagram.com\/la_guia_de_pamplona\/","https:\/\/www.youtube.com\/user\/laguiadepamplona"]},{"@type":"Person","@id":"https:\/\/www.laguiadepamplona.com\/actualidad\/#\/schema\/person\/efe887376f0213d4657c93adc50b1fdb","name":"La Gu\u00eda de Pamplona","image":{"@type":"ImageObject","inLanguage":"es","@id":"https:\/\/secure.gravatar.com\/avatar\/b6992f131dc8d30ab0dff15446e9d346d9dbd95992de0fef795073f5ea83a81c?s=96&d=mm&r=g","url":"https:\/\/secure.gravatar.com\/avatar\/b6992f131dc8d30ab0dff15446e9d346d9dbd95992de0fef795073f5ea83a81c?s=96&d=mm&r=g","contentUrl":"https:\/\/secure.gravatar.com\/avatar\/b6992f131dc8d30ab0dff15446e9d346d9dbd95992de0fef795073f5ea83a81c?s=96&d=mm&r=g","caption":"La Gu\u00eda de Pamplona"}}]}},"post_mailing_queue_ids":[],"_links":{"self":[{"href":"https:\/\/www.laguiadepamplona.com\/actualidad\/wp-json\/wp\/v2\/posts\/42312","targetHints":{"allow":["GET"]}}],"collection":[{"href":"https:\/\/www.laguiadepamplona.com\/actualidad\/wp-json\/wp\/v2\/posts"}],"about":[{"href":"https:\/\/www.laguiadepamplona.com\/actualidad\/wp-json\/wp\/v2\/types\/post"}],"author":[{"embeddable":true,"href":"https:\/\/www.laguiadepamplona.com\/actualidad\/wp-json\/wp\/v2\/users\/1"}],"replies":[{"embeddable":true,"href":"https:\/\/www.laguiadepamplona.com\/actualidad\/wp-json\/wp\/v2\/comments?post=42312"}],"version-history":[{"count":0,"href":"https:\/\/www.laguiadepamplona.com\/actualidad\/wp-json\/wp\/v2\/posts\/42312\/revisions"}],"wp:featuredmedia":[{"embeddable":true,"href":"https:\/\/www.laguiadepamplona.com\/actualidad\/wp-json\/wp\/v2\/media\/42313"}],"wp:attachment":[{"href":"https:\/\/www.laguiadepamplona.com\/actualidad\/wp-json\/wp\/v2\/media?parent=42312"}],"wp:term":[{"taxonomy":"category","embeddable":true,"href":"https:\/\/www.laguiadepamplona.com\/actualidad\/wp-json\/wp\/v2\/categories?post=42312"},{"taxonomy":"post_tag","embeddable":true,"href":"https:\/\/www.laguiadepamplona.com\/actualidad\/wp-json\/wp\/v2\/tags?post=42312"}],"curies":[{"name":"wp","href":"https:\/\/api.w.org\/{rel}","templated":true}]}}