{"id":42309,"date":"2022-11-24T14:46:17","date_gmt":"2022-11-24T12:46:17","guid":{"rendered":"https:\/\/www.laguiadepamplona.com\/actualidad\/?p=42309"},"modified":"2023-04-11T11:47:32","modified_gmt":"2023-04-11T09:47:32","slug":"el-ayuntamiento-y-el-c-a-osasuna-invitan-a-la-ciudadania-a-realizar-las-compras-navidenas-en-el-comercio-local-en-una-nueva-edicion-de-la-campana-regala-pamplona","status":"publish","type":"post","link":"https:\/\/www.laguiadepamplona.com\/actualidad\/el-ayuntamiento-y-el-c-a-osasuna-invitan-a-la-ciudadania-a-realizar-las-compras-navidenas-en-el-comercio-local-en-una-nueva-edicion-de-la-campana-regala-pamplona\/","title":{"rendered":"El Ayuntamiento y el C. A. Osasuna invitan a la ciudadan\u00eda a realizar las compras navide\u00f1as en el comercio local en una nueva edici\u00f3n de la campa\u00f1a \u2018Regala Pamplona\u2019"},"content":{"rendered":"<h5>M\u00e1s de 400 establecimientos se suman a esta campa\u00f1a de apoyo al comercio financiada a trav\u00e9s de los fondos europeos Next Generation EU<\/h5>\n<p><!--more--><\/p>\n<p>El comercio local hace ciudad y genera riqueza, empleo y desarrollo econ\u00f3mico. El Ayuntamiento de Pamplona y el Club Atl\u00e9tico Osasuna se han unido en una campa\u00f1a en la que se apuesta por el comercio de cercan\u00eda, por el comercio de barrio, para realizar las compras en una \u00e9poca en la que se intensifica el consumo por la cercan\u00eda de la Navidad. \u2018Regala Pamplona\u2019 se reedita un a\u00f1o m\u00e1s como reclamo para apoyar y promover las compras en el comercio local de la ciudad.<\/p>\n<p>La concejala delegada de Gobierno Estrat\u00e9gico, Comercio y Turismo, Ana Elizalde, la gerente de la Asociaci\u00f3n de Comerciantes de Navarra, Inma Elcano, y la responsable de marketing institucional y marca del C. A. Osasuna, Ana Herrero, han presentado la campa\u00f1a, a la que se han adherido ya m\u00e1s de 400 establecimientos de la ciudad a trav\u00e9s de las asociaciones de comerciantes de las distintas \u00e1reas comerciales de Pamplona. \u2018Regala Pamplona\u2019 se enmarca en el Plan de Apoyo a Mercados y Zonas Urbanas Comerciales y cuenta con financiaci\u00f3n de los fondos europeos Next Generation EU a trav\u00e9s del Plan de Recuperaci\u00f3n, Transformaci\u00f3n y Resiliencia (PRTR) del Gobierno de Espa\u00f1a.<br \/>\n<script async src=\"\/\/pagead2.googlesyndication.com\/pagead\/js\/adsbygoogle.js\"><\/script><br \/>\n<!-- Noticias La Guia de Pamplona --><br \/>\n<ins class=\"adsbygoogle\"\nstyle=\"display:block\"\ndata-ad-client=\"ca-pub-6943679897239327\"\ndata-ad-slot=\"7048180777\"\ndata-ad-format=\"auto\"><\/ins><br \/>\n<script>\n(adsbygoogle = window.adsbygoogle || []).push({});\n<\/script><\/p>\n<p>La campa\u00f1a cuenta con spots, carteler\u00eda y material para difusi\u00f3n en redes sociales protagonizado por jugadores y jugadoras de equipos de diferentes categor\u00edas del Club Atl\u00e9tico Osasuna, tanto masculinos como femeninos. \u2018Regala Pamplona\u2019 se visibilizar\u00e1 tambi\u00e9n a trav\u00e9s de las 735 bobinas de papel de regalo que se repartir\u00e1n en los comercios adheridos a la campa\u00f1a, de los vinilos que decorar\u00e1n sus escaparates o de 25.000 bolsas que se repartir\u00e1n en los comercios.<\/p>\n<p>La imagen de la campa\u00f1a ha cambiado este a\u00f1o con un nuevo dise\u00f1o tanto del papel de regalo como de los vinilos y resto de materiales. Los motivos navide\u00f1os de los dos a\u00f1os anteriores se han sustituidos por dibujos relacionados con los productos que se pueden vender en los establecimientos de comercio local. Banderolas en 112 farolas del Ensanche y la zona comercial de Mart\u00edn Azpilcueta, diez bolsas decorativas gigantes tipo photocall a pie de calle, 25 caras de los mupis, 40 vallas municipales o decoraci\u00f3n en los \u00e1rboles de Navidad que se instalar\u00e1n en la avenida de Carlos III, as\u00ed como la emisi\u00f3n de spots, cu\u00f1as de radio o de anuncios en publicaciones, completan los soportes de difusi\u00f3n de la campa\u00f1a.<br \/>\n<script async src=\"\/\/pagead2.googlesyndication.com\/pagead\/js\/adsbygoogle.js\"><\/script><br \/>\n<!-- Noticias La Guia de Pamplona --><br \/>\n<ins class=\"adsbygoogle\"\nstyle=\"display:block\"\ndata-ad-client=\"ca-pub-6943679897239327\"\ndata-ad-slot=\"7048180777\"\ndata-ad-format=\"auto\"><\/ins><br \/>\n<script>\n(adsbygoogle = window.adsbygoogle || []).push({});\n<\/script><\/p>\n<p><strong>Colaboraci\u00f3n enmarcada en el contrato de patrocinio<\/strong><\/p>\n<p>La colaboraci\u00f3n de Osasuna en esta campa\u00f1a se enmarca en el contrato de patrocinio firmado por el Ayuntamiento de Pamplona y el club rojillo para la promoci\u00f3n de la imagen de la ciudad y de los valores del deporte. El acuerdo recoge la disponibilidad de miembros de los diferentes equipos del C.A. Osasuna para participar en campa\u00f1as o iniciativas del Ayuntamiento de Pamplona.<\/p>\n<p>Rub\u00e9n Garc\u00eda y Unai Garc\u00eda, del equipo masculino de la Liga Santander, Miriam Rivas, capitana del primer equipo femenino, Susana Bedmar, capitana de Osasuna futsal, y Oier Altuna, capit\u00e1n de Osasuna Genuine, son los rostros principales de una campa\u00f1a en la que tambi\u00e9n han participado jugadores y jugadoras de Osasuna Promesas, Osasuna Femenino B y C y Osasuna de Divisi\u00f3n de Honor, Cadete e Infantil. En primera persona, invitan a la ciudadan\u00eda a comprar en el comercio local de los diferentes barrios de Pamplona.<\/p>\n","protected":false},"excerpt":{"rendered":"<p>M\u00e1s de 400 establecimientos se suman a esta campa\u00f1a de apoyo al comercio financiada a trav\u00e9s de los fondos europeos Next Generation EU<\/p>\n","protected":false},"author":1,"featured_media":42310,"comment_status":"open","ping_status":"closed","sticky":false,"template":"","format":"standard","meta":{"footnotes":""},"categories":[2],"tags":[],"class_list":["post-42309","post","type-post","status-publish","format-standard","has-post-thumbnail","hentry","category-ayuntamiento-pamplona"],"yoast_head":"<!-- This site is optimized with the Yoast SEO plugin v27.3 - https:\/\/yoast.com\/product\/yoast-seo-wordpress\/ -->\n<title>El Ayuntamiento y el C. A. Osasuna invitan a la ciudadan\u00eda a realizar las compras navide\u00f1as en el comercio local en una nueva edici\u00f3n de la campa\u00f1a \u2018Regala Pamplona\u2019<\/title>\n<meta name=\"description\" content=\"M\u00e1s de 400 establecimientos se suman a esta campa\u00f1a de apoyo al comercio financiada a trav\u00e9s de los fondos europeos Next Generation EU\" \/>\n<meta name=\"robots\" content=\"index, follow, max-snippet:-1, max-image-preview:large, max-video-preview:-1\" \/>\n<link rel=\"canonical\" href=\"https:\/\/www.laguiadepamplona.com\/actualidad\/el-ayuntamiento-y-el-c-a-osasuna-invitan-a-la-ciudadania-a-realizar-las-compras-navidenas-en-el-comercio-local-en-una-nueva-edicion-de-la-campana-regala-pamplona\/\" \/>\n<meta property=\"og:locale\" content=\"es_ES\" \/>\n<meta property=\"og:type\" content=\"article\" \/>\n<meta property=\"og:title\" content=\"El Ayuntamiento y el C. A. Osasuna invitan a la ciudadan\u00eda a realizar las compras navide\u00f1as en el comercio local en una nueva edici\u00f3n de la campa\u00f1a \u2018Regala Pamplona\u2019\" \/>\n<meta property=\"og:description\" content=\"M\u00e1s de 400 establecimientos se suman a esta campa\u00f1a de apoyo al comercio financiada a trav\u00e9s de los fondos europeos Next Generation EU\" \/>\n<meta property=\"og:url\" content=\"https:\/\/www.laguiadepamplona.com\/actualidad\/el-ayuntamiento-y-el-c-a-osasuna-invitan-a-la-ciudadania-a-realizar-las-compras-navidenas-en-el-comercio-local-en-una-nueva-edicion-de-la-campana-regala-pamplona\/\" \/>\n<meta property=\"og:site_name\" content=\"La Gu\u00eda de Pamplona\" \/>\n<meta property=\"article:publisher\" content=\"https:\/\/www.facebook.com\/laguiadepamplonacom-133175176762273\/?ref=hl\" \/>\n<meta property=\"article:published_time\" content=\"2022-11-24T12:46:17+00:00\" \/>\n<meta property=\"article:modified_time\" content=\"2023-04-11T09:47:32+00:00\" \/>\n<meta property=\"og:image\" content=\"https:\/\/www.laguiadepamplona.com\/actualidad\/wp-content\/uploads\/2022\/11\/campana-osasuna-regala-pamplona.webp\" \/>\n\t<meta property=\"og:image:width\" content=\"1920\" \/>\n\t<meta property=\"og:image:height\" content=\"881\" \/>\n\t<meta property=\"og:image:type\" content=\"image\/webp\" \/>\n<meta name=\"author\" content=\"La Gu\u00eda de Pamplona\" \/>\n<meta name=\"twitter:card\" content=\"summary_large_image\" \/>\n<meta name=\"twitter:creator\" content=\"@LaGuiadPamplona\" \/>\n<meta name=\"twitter:site\" content=\"@LaGuiadPamplona\" \/>\n<meta name=\"twitter:label1\" content=\"Escrito por\" \/>\n\t<meta name=\"twitter:data1\" content=\"La Gu\u00eda de Pamplona\" \/>\n\t<meta name=\"twitter:label2\" content=\"Tiempo de lectura\" \/>\n\t<meta name=\"twitter:data2\" content=\"3 minutos\" \/>\n<script type=\"application\/ld+json\" class=\"yoast-schema-graph\">{\"@context\":\"https:\\\/\\\/schema.org\",\"@graph\":[{\"@type\":\"Article\",\"@id\":\"https:\\\/\\\/www.laguiadepamplona.com\\\/actualidad\\\/el-ayuntamiento-y-el-c-a-osasuna-invitan-a-la-ciudadania-a-realizar-las-compras-navidenas-en-el-comercio-local-en-una-nueva-edicion-de-la-campana-regala-pamplona\\\/#article\",\"isPartOf\":{\"@id\":\"https:\\\/\\\/www.laguiadepamplona.com\\\/actualidad\\\/el-ayuntamiento-y-el-c-a-osasuna-invitan-a-la-ciudadania-a-realizar-las-compras-navidenas-en-el-comercio-local-en-una-nueva-edicion-de-la-campana-regala-pamplona\\\/\"},\"author\":{\"name\":\"La Gu\u00eda de Pamplona\",\"@id\":\"https:\\\/\\\/www.laguiadepamplona.com\\\/actualidad\\\/#\\\/schema\\\/person\\\/efe887376f0213d4657c93adc50b1fdb\"},\"headline\":\"El Ayuntamiento y el C. A. Osasuna invitan a la ciudadan\u00eda a realizar las compras navide\u00f1as en el comercio local en una nueva edici\u00f3n de la campa\u00f1a \u2018Regala Pamplona\u2019\",\"datePublished\":\"2022-11-24T12:46:17+00:00\",\"dateModified\":\"2023-04-11T09:47:32+00:00\",\"mainEntityOfPage\":{\"@id\":\"https:\\\/\\\/www.laguiadepamplona.com\\\/actualidad\\\/el-ayuntamiento-y-el-c-a-osasuna-invitan-a-la-ciudadania-a-realizar-las-compras-navidenas-en-el-comercio-local-en-una-nueva-edicion-de-la-campana-regala-pamplona\\\/\"},\"wordCount\":647,\"commentCount\":0,\"publisher\":{\"@id\":\"https:\\\/\\\/www.laguiadepamplona.com\\\/actualidad\\\/#organization\"},\"image\":{\"@id\":\"https:\\\/\\\/www.laguiadepamplona.com\\\/actualidad\\\/el-ayuntamiento-y-el-c-a-osasuna-invitan-a-la-ciudadania-a-realizar-las-compras-navidenas-en-el-comercio-local-en-una-nueva-edicion-de-la-campana-regala-pamplona\\\/#primaryimage\"},\"thumbnailUrl\":\"https:\\\/\\\/www.laguiadepamplona.com\\\/actualidad\\\/wp-content\\\/uploads\\\/2022\\\/11\\\/campana-osasuna-regala-pamplona.webp\",\"articleSection\":[\"Ayto Pamplona\"],\"inLanguage\":\"es\",\"potentialAction\":[{\"@type\":\"CommentAction\",\"name\":\"Comment\",\"target\":[\"https:\\\/\\\/www.laguiadepamplona.com\\\/actualidad\\\/el-ayuntamiento-y-el-c-a-osasuna-invitan-a-la-ciudadania-a-realizar-las-compras-navidenas-en-el-comercio-local-en-una-nueva-edicion-de-la-campana-regala-pamplona\\\/#respond\"]}]},{\"@type\":\"WebPage\",\"@id\":\"https:\\\/\\\/www.laguiadepamplona.com\\\/actualidad\\\/el-ayuntamiento-y-el-c-a-osasuna-invitan-a-la-ciudadania-a-realizar-las-compras-navidenas-en-el-comercio-local-en-una-nueva-edicion-de-la-campana-regala-pamplona\\\/\",\"url\":\"https:\\\/\\\/www.laguiadepamplona.com\\\/actualidad\\\/el-ayuntamiento-y-el-c-a-osasuna-invitan-a-la-ciudadania-a-realizar-las-compras-navidenas-en-el-comercio-local-en-una-nueva-edicion-de-la-campana-regala-pamplona\\\/\",\"name\":\"El Ayuntamiento y el C. A. Osasuna invitan a la ciudadan\u00eda a realizar las compras navide\u00f1as en el comercio local en una nueva edici\u00f3n de la campa\u00f1a \u2018Regala Pamplona\u2019\",\"isPartOf\":{\"@id\":\"https:\\\/\\\/www.laguiadepamplona.com\\\/actualidad\\\/#website\"},\"primaryImageOfPage\":{\"@id\":\"https:\\\/\\\/www.laguiadepamplona.com\\\/actualidad\\\/el-ayuntamiento-y-el-c-a-osasuna-invitan-a-la-ciudadania-a-realizar-las-compras-navidenas-en-el-comercio-local-en-una-nueva-edicion-de-la-campana-regala-pamplona\\\/#primaryimage\"},\"image\":{\"@id\":\"https:\\\/\\\/www.laguiadepamplona.com\\\/actualidad\\\/el-ayuntamiento-y-el-c-a-osasuna-invitan-a-la-ciudadania-a-realizar-las-compras-navidenas-en-el-comercio-local-en-una-nueva-edicion-de-la-campana-regala-pamplona\\\/#primaryimage\"},\"thumbnailUrl\":\"https:\\\/\\\/www.laguiadepamplona.com\\\/actualidad\\\/wp-content\\\/uploads\\\/2022\\\/11\\\/campana-osasuna-regala-pamplona.webp\",\"datePublished\":\"2022-11-24T12:46:17+00:00\",\"dateModified\":\"2023-04-11T09:47:32+00:00\",\"description\":\"M\u00e1s de 400 establecimientos se suman a esta campa\u00f1a de apoyo al comercio financiada a trav\u00e9s de los fondos europeos Next Generation EU\",\"breadcrumb\":{\"@id\":\"https:\\\/\\\/www.laguiadepamplona.com\\\/actualidad\\\/el-ayuntamiento-y-el-c-a-osasuna-invitan-a-la-ciudadania-a-realizar-las-compras-navidenas-en-el-comercio-local-en-una-nueva-edicion-de-la-campana-regala-pamplona\\\/#breadcrumb\"},\"inLanguage\":\"es\",\"potentialAction\":[{\"@type\":\"ReadAction\",\"target\":[\"https:\\\/\\\/www.laguiadepamplona.com\\\/actualidad\\\/el-ayuntamiento-y-el-c-a-osasuna-invitan-a-la-ciudadania-a-realizar-las-compras-navidenas-en-el-comercio-local-en-una-nueva-edicion-de-la-campana-regala-pamplona\\\/\"]}]},{\"@type\":\"ImageObject\",\"inLanguage\":\"es\",\"@id\":\"https:\\\/\\\/www.laguiadepamplona.com\\\/actualidad\\\/el-ayuntamiento-y-el-c-a-osasuna-invitan-a-la-ciudadania-a-realizar-las-compras-navidenas-en-el-comercio-local-en-una-nueva-edicion-de-la-campana-regala-pamplona\\\/#primaryimage\",\"url\":\"https:\\\/\\\/www.laguiadepamplona.com\\\/actualidad\\\/wp-content\\\/uploads\\\/2022\\\/11\\\/campana-osasuna-regala-pamplona.webp\",\"contentUrl\":\"https:\\\/\\\/www.laguiadepamplona.com\\\/actualidad\\\/wp-content\\\/uploads\\\/2022\\\/11\\\/campana-osasuna-regala-pamplona.webp\",\"width\":1920,\"height\":881},{\"@type\":\"BreadcrumbList\",\"@id\":\"https:\\\/\\\/www.laguiadepamplona.com\\\/actualidad\\\/el-ayuntamiento-y-el-c-a-osasuna-invitan-a-la-ciudadania-a-realizar-las-compras-navidenas-en-el-comercio-local-en-una-nueva-edicion-de-la-campana-regala-pamplona\\\/#breadcrumb\",\"itemListElement\":[{\"@type\":\"ListItem\",\"position\":1,\"name\":\"Portada\",\"item\":\"https:\\\/\\\/www.laguiadepamplona.com\\\/actualidad\\\/\"},{\"@type\":\"ListItem\",\"position\":2,\"name\":\"El Ayuntamiento y el C. A. Osasuna invitan a la ciudadan\u00eda a realizar las compras navide\u00f1as en el comercio local en una nueva edici\u00f3n de la campa\u00f1a \u2018Regala Pamplona\u2019\"}]},{\"@type\":\"WebSite\",\"@id\":\"https:\\\/\\\/www.laguiadepamplona.com\\\/actualidad\\\/#website\",\"url\":\"https:\\\/\\\/www.laguiadepamplona.com\\\/actualidad\\\/\",\"name\":\"La gu\u00eda de Pamplona\",\"description\":\"Noticias de Pamplona\",\"publisher\":{\"@id\":\"https:\\\/\\\/www.laguiadepamplona.com\\\/actualidad\\\/#organization\"},\"potentialAction\":[{\"@type\":\"SearchAction\",\"target\":{\"@type\":\"EntryPoint\",\"urlTemplate\":\"https:\\\/\\\/www.laguiadepamplona.com\\\/actualidad\\\/?s={search_term_string}\"},\"query-input\":{\"@type\":\"PropertyValueSpecification\",\"valueRequired\":true,\"valueName\":\"search_term_string\"}}],\"inLanguage\":\"es\"},{\"@type\":\"Organization\",\"@id\":\"https:\\\/\\\/www.laguiadepamplona.com\\\/actualidad\\\/#organization\",\"name\":\"La Gu\u00eda de Pamplona \\\/ Noticias\",\"url\":\"https:\\\/\\\/www.laguiadepamplona.com\\\/actualidad\\\/\",\"logo\":{\"@type\":\"ImageObject\",\"inLanguage\":\"es\",\"@id\":\"https:\\\/\\\/www.laguiadepamplona.com\\\/actualidad\\\/#\\\/schema\\\/logo\\\/image\\\/\",\"url\":\"https:\\\/\\\/www.laguiadepamplona.com\\\/actualidad\\\/wp-content\\\/uploads\\\/2018\\\/11\\\/logo-laguiadepamplona18-web1.png\",\"contentUrl\":\"https:\\\/\\\/www.laguiadepamplona.com\\\/actualidad\\\/wp-content\\\/uploads\\\/2018\\\/11\\\/logo-laguiadepamplona18-web1.png\",\"width\":600,\"height\":196,\"caption\":\"La Gu\u00eda de Pamplona \\\/ Noticias\"},\"image\":{\"@id\":\"https:\\\/\\\/www.laguiadepamplona.com\\\/actualidad\\\/#\\\/schema\\\/logo\\\/image\\\/\"},\"sameAs\":[\"https:\\\/\\\/www.facebook.com\\\/laguiadepamplonacom-133175176762273\\\/?ref=hl\",\"https:\\\/\\\/x.com\\\/LaGuiadPamplona\",\"https:\\\/\\\/www.instagram.com\\\/la_guia_de_pamplona\\\/\",\"https:\\\/\\\/www.youtube.com\\\/user\\\/laguiadepamplona\"]},{\"@type\":\"Person\",\"@id\":\"https:\\\/\\\/www.laguiadepamplona.com\\\/actualidad\\\/#\\\/schema\\\/person\\\/efe887376f0213d4657c93adc50b1fdb\",\"name\":\"La Gu\u00eda de Pamplona\",\"image\":{\"@type\":\"ImageObject\",\"inLanguage\":\"es\",\"@id\":\"https:\\\/\\\/secure.gravatar.com\\\/avatar\\\/b6992f131dc8d30ab0dff15446e9d346d9dbd95992de0fef795073f5ea83a81c?s=96&d=mm&r=g\",\"url\":\"https:\\\/\\\/secure.gravatar.com\\\/avatar\\\/b6992f131dc8d30ab0dff15446e9d346d9dbd95992de0fef795073f5ea83a81c?s=96&d=mm&r=g\",\"contentUrl\":\"https:\\\/\\\/secure.gravatar.com\\\/avatar\\\/b6992f131dc8d30ab0dff15446e9d346d9dbd95992de0fef795073f5ea83a81c?s=96&d=mm&r=g\",\"caption\":\"La Gu\u00eda de Pamplona\"}}]}<\/script>\n<!-- \/ Yoast SEO plugin. -->","yoast_head_json":{"title":"El Ayuntamiento y el C. A. Osasuna invitan a la ciudadan\u00eda a realizar las compras navide\u00f1as en el comercio local en una nueva edici\u00f3n de la campa\u00f1a \u2018Regala Pamplona\u2019","description":"M\u00e1s de 400 establecimientos se suman a esta campa\u00f1a de apoyo al comercio financiada a trav\u00e9s de los fondos europeos Next Generation EU","robots":{"index":"index","follow":"follow","max-snippet":"max-snippet:-1","max-image-preview":"max-image-preview:large","max-video-preview":"max-video-preview:-1"},"canonical":"https:\/\/www.laguiadepamplona.com\/actualidad\/el-ayuntamiento-y-el-c-a-osasuna-invitan-a-la-ciudadania-a-realizar-las-compras-navidenas-en-el-comercio-local-en-una-nueva-edicion-de-la-campana-regala-pamplona\/","og_locale":"es_ES","og_type":"article","og_title":"El Ayuntamiento y el C. A. Osasuna invitan a la ciudadan\u00eda a realizar las compras navide\u00f1as en el comercio local en una nueva edici\u00f3n de la campa\u00f1a \u2018Regala Pamplona\u2019","og_description":"M\u00e1s de 400 establecimientos se suman a esta campa\u00f1a de apoyo al comercio financiada a trav\u00e9s de los fondos europeos Next Generation EU","og_url":"https:\/\/www.laguiadepamplona.com\/actualidad\/el-ayuntamiento-y-el-c-a-osasuna-invitan-a-la-ciudadania-a-realizar-las-compras-navidenas-en-el-comercio-local-en-una-nueva-edicion-de-la-campana-regala-pamplona\/","og_site_name":"La Gu\u00eda de Pamplona","article_publisher":"https:\/\/www.facebook.com\/laguiadepamplonacom-133175176762273\/?ref=hl","article_published_time":"2022-11-24T12:46:17+00:00","article_modified_time":"2023-04-11T09:47:32+00:00","og_image":[{"width":1920,"height":881,"url":"https:\/\/www.laguiadepamplona.com\/actualidad\/wp-content\/uploads\/2022\/11\/campana-osasuna-regala-pamplona.webp","type":"image\/webp"}],"author":"La Gu\u00eda de Pamplona","twitter_card":"summary_large_image","twitter_creator":"@LaGuiadPamplona","twitter_site":"@LaGuiadPamplona","twitter_misc":{"Escrito por":"La Gu\u00eda de Pamplona","Tiempo de lectura":"3 minutos"},"schema":{"@context":"https:\/\/schema.org","@graph":[{"@type":"Article","@id":"https:\/\/www.laguiadepamplona.com\/actualidad\/el-ayuntamiento-y-el-c-a-osasuna-invitan-a-la-ciudadania-a-realizar-las-compras-navidenas-en-el-comercio-local-en-una-nueva-edicion-de-la-campana-regala-pamplona\/#article","isPartOf":{"@id":"https:\/\/www.laguiadepamplona.com\/actualidad\/el-ayuntamiento-y-el-c-a-osasuna-invitan-a-la-ciudadania-a-realizar-las-compras-navidenas-en-el-comercio-local-en-una-nueva-edicion-de-la-campana-regala-pamplona\/"},"author":{"name":"La Gu\u00eda de Pamplona","@id":"https:\/\/www.laguiadepamplona.com\/actualidad\/#\/schema\/person\/efe887376f0213d4657c93adc50b1fdb"},"headline":"El Ayuntamiento y el C. A. Osasuna invitan a la ciudadan\u00eda a realizar las compras navide\u00f1as en el comercio local en una nueva edici\u00f3n de la campa\u00f1a \u2018Regala Pamplona\u2019","datePublished":"2022-11-24T12:46:17+00:00","dateModified":"2023-04-11T09:47:32+00:00","mainEntityOfPage":{"@id":"https:\/\/www.laguiadepamplona.com\/actualidad\/el-ayuntamiento-y-el-c-a-osasuna-invitan-a-la-ciudadania-a-realizar-las-compras-navidenas-en-el-comercio-local-en-una-nueva-edicion-de-la-campana-regala-pamplona\/"},"wordCount":647,"commentCount":0,"publisher":{"@id":"https:\/\/www.laguiadepamplona.com\/actualidad\/#organization"},"image":{"@id":"https:\/\/www.laguiadepamplona.com\/actualidad\/el-ayuntamiento-y-el-c-a-osasuna-invitan-a-la-ciudadania-a-realizar-las-compras-navidenas-en-el-comercio-local-en-una-nueva-edicion-de-la-campana-regala-pamplona\/#primaryimage"},"thumbnailUrl":"https:\/\/www.laguiadepamplona.com\/actualidad\/wp-content\/uploads\/2022\/11\/campana-osasuna-regala-pamplona.webp","articleSection":["Ayto Pamplona"],"inLanguage":"es","potentialAction":[{"@type":"CommentAction","name":"Comment","target":["https:\/\/www.laguiadepamplona.com\/actualidad\/el-ayuntamiento-y-el-c-a-osasuna-invitan-a-la-ciudadania-a-realizar-las-compras-navidenas-en-el-comercio-local-en-una-nueva-edicion-de-la-campana-regala-pamplona\/#respond"]}]},{"@type":"WebPage","@id":"https:\/\/www.laguiadepamplona.com\/actualidad\/el-ayuntamiento-y-el-c-a-osasuna-invitan-a-la-ciudadania-a-realizar-las-compras-navidenas-en-el-comercio-local-en-una-nueva-edicion-de-la-campana-regala-pamplona\/","url":"https:\/\/www.laguiadepamplona.com\/actualidad\/el-ayuntamiento-y-el-c-a-osasuna-invitan-a-la-ciudadania-a-realizar-las-compras-navidenas-en-el-comercio-local-en-una-nueva-edicion-de-la-campana-regala-pamplona\/","name":"El Ayuntamiento y el C. A. Osasuna invitan a la ciudadan\u00eda a realizar las compras navide\u00f1as en el comercio local en una nueva edici\u00f3n de la campa\u00f1a \u2018Regala Pamplona\u2019","isPartOf":{"@id":"https:\/\/www.laguiadepamplona.com\/actualidad\/#website"},"primaryImageOfPage":{"@id":"https:\/\/www.laguiadepamplona.com\/actualidad\/el-ayuntamiento-y-el-c-a-osasuna-invitan-a-la-ciudadania-a-realizar-las-compras-navidenas-en-el-comercio-local-en-una-nueva-edicion-de-la-campana-regala-pamplona\/#primaryimage"},"image":{"@id":"https:\/\/www.laguiadepamplona.com\/actualidad\/el-ayuntamiento-y-el-c-a-osasuna-invitan-a-la-ciudadania-a-realizar-las-compras-navidenas-en-el-comercio-local-en-una-nueva-edicion-de-la-campana-regala-pamplona\/#primaryimage"},"thumbnailUrl":"https:\/\/www.laguiadepamplona.com\/actualidad\/wp-content\/uploads\/2022\/11\/campana-osasuna-regala-pamplona.webp","datePublished":"2022-11-24T12:46:17+00:00","dateModified":"2023-04-11T09:47:32+00:00","description":"M\u00e1s de 400 establecimientos se suman a esta campa\u00f1a de apoyo al comercio financiada a trav\u00e9s de los fondos europeos Next Generation EU","breadcrumb":{"@id":"https:\/\/www.laguiadepamplona.com\/actualidad\/el-ayuntamiento-y-el-c-a-osasuna-invitan-a-la-ciudadania-a-realizar-las-compras-navidenas-en-el-comercio-local-en-una-nueva-edicion-de-la-campana-regala-pamplona\/#breadcrumb"},"inLanguage":"es","potentialAction":[{"@type":"ReadAction","target":["https:\/\/www.laguiadepamplona.com\/actualidad\/el-ayuntamiento-y-el-c-a-osasuna-invitan-a-la-ciudadania-a-realizar-las-compras-navidenas-en-el-comercio-local-en-una-nueva-edicion-de-la-campana-regala-pamplona\/"]}]},{"@type":"ImageObject","inLanguage":"es","@id":"https:\/\/www.laguiadepamplona.com\/actualidad\/el-ayuntamiento-y-el-c-a-osasuna-invitan-a-la-ciudadania-a-realizar-las-compras-navidenas-en-el-comercio-local-en-una-nueva-edicion-de-la-campana-regala-pamplona\/#primaryimage","url":"https:\/\/www.laguiadepamplona.com\/actualidad\/wp-content\/uploads\/2022\/11\/campana-osasuna-regala-pamplona.webp","contentUrl":"https:\/\/www.laguiadepamplona.com\/actualidad\/wp-content\/uploads\/2022\/11\/campana-osasuna-regala-pamplona.webp","width":1920,"height":881},{"@type":"BreadcrumbList","@id":"https:\/\/www.laguiadepamplona.com\/actualidad\/el-ayuntamiento-y-el-c-a-osasuna-invitan-a-la-ciudadania-a-realizar-las-compras-navidenas-en-el-comercio-local-en-una-nueva-edicion-de-la-campana-regala-pamplona\/#breadcrumb","itemListElement":[{"@type":"ListItem","position":1,"name":"Portada","item":"https:\/\/www.laguiadepamplona.com\/actualidad\/"},{"@type":"ListItem","position":2,"name":"El Ayuntamiento y el C. A. Osasuna invitan a la ciudadan\u00eda a realizar las compras navide\u00f1as en el comercio local en una nueva edici\u00f3n de la campa\u00f1a \u2018Regala Pamplona\u2019"}]},{"@type":"WebSite","@id":"https:\/\/www.laguiadepamplona.com\/actualidad\/#website","url":"https:\/\/www.laguiadepamplona.com\/actualidad\/","name":"La gu\u00eda de Pamplona","description":"Noticias de Pamplona","publisher":{"@id":"https:\/\/www.laguiadepamplona.com\/actualidad\/#organization"},"potentialAction":[{"@type":"SearchAction","target":{"@type":"EntryPoint","urlTemplate":"https:\/\/www.laguiadepamplona.com\/actualidad\/?s={search_term_string}"},"query-input":{"@type":"PropertyValueSpecification","valueRequired":true,"valueName":"search_term_string"}}],"inLanguage":"es"},{"@type":"Organization","@id":"https:\/\/www.laguiadepamplona.com\/actualidad\/#organization","name":"La Gu\u00eda de Pamplona \/ Noticias","url":"https:\/\/www.laguiadepamplona.com\/actualidad\/","logo":{"@type":"ImageObject","inLanguage":"es","@id":"https:\/\/www.laguiadepamplona.com\/actualidad\/#\/schema\/logo\/image\/","url":"https:\/\/www.laguiadepamplona.com\/actualidad\/wp-content\/uploads\/2018\/11\/logo-laguiadepamplona18-web1.png","contentUrl":"https:\/\/www.laguiadepamplona.com\/actualidad\/wp-content\/uploads\/2018\/11\/logo-laguiadepamplona18-web1.png","width":600,"height":196,"caption":"La Gu\u00eda de Pamplona \/ Noticias"},"image":{"@id":"https:\/\/www.laguiadepamplona.com\/actualidad\/#\/schema\/logo\/image\/"},"sameAs":["https:\/\/www.facebook.com\/laguiadepamplonacom-133175176762273\/?ref=hl","https:\/\/x.com\/LaGuiadPamplona","https:\/\/www.instagram.com\/la_guia_de_pamplona\/","https:\/\/www.youtube.com\/user\/laguiadepamplona"]},{"@type":"Person","@id":"https:\/\/www.laguiadepamplona.com\/actualidad\/#\/schema\/person\/efe887376f0213d4657c93adc50b1fdb","name":"La Gu\u00eda de Pamplona","image":{"@type":"ImageObject","inLanguage":"es","@id":"https:\/\/secure.gravatar.com\/avatar\/b6992f131dc8d30ab0dff15446e9d346d9dbd95992de0fef795073f5ea83a81c?s=96&d=mm&r=g","url":"https:\/\/secure.gravatar.com\/avatar\/b6992f131dc8d30ab0dff15446e9d346d9dbd95992de0fef795073f5ea83a81c?s=96&d=mm&r=g","contentUrl":"https:\/\/secure.gravatar.com\/avatar\/b6992f131dc8d30ab0dff15446e9d346d9dbd95992de0fef795073f5ea83a81c?s=96&d=mm&r=g","caption":"La Gu\u00eda de Pamplona"}}]}},"post_mailing_queue_ids":[],"_links":{"self":[{"href":"https:\/\/www.laguiadepamplona.com\/actualidad\/wp-json\/wp\/v2\/posts\/42309","targetHints":{"allow":["GET"]}}],"collection":[{"href":"https:\/\/www.laguiadepamplona.com\/actualidad\/wp-json\/wp\/v2\/posts"}],"about":[{"href":"https:\/\/www.laguiadepamplona.com\/actualidad\/wp-json\/wp\/v2\/types\/post"}],"author":[{"embeddable":true,"href":"https:\/\/www.laguiadepamplona.com\/actualidad\/wp-json\/wp\/v2\/users\/1"}],"replies":[{"embeddable":true,"href":"https:\/\/www.laguiadepamplona.com\/actualidad\/wp-json\/wp\/v2\/comments?post=42309"}],"version-history":[{"count":0,"href":"https:\/\/www.laguiadepamplona.com\/actualidad\/wp-json\/wp\/v2\/posts\/42309\/revisions"}],"wp:featuredmedia":[{"embeddable":true,"href":"https:\/\/www.laguiadepamplona.com\/actualidad\/wp-json\/wp\/v2\/media\/42310"}],"wp:attachment":[{"href":"https:\/\/www.laguiadepamplona.com\/actualidad\/wp-json\/wp\/v2\/media?parent=42309"}],"wp:term":[{"taxonomy":"category","embeddable":true,"href":"https:\/\/www.laguiadepamplona.com\/actualidad\/wp-json\/wp\/v2\/categories?post=42309"},{"taxonomy":"post_tag","embeddable":true,"href":"https:\/\/www.laguiadepamplona.com\/actualidad\/wp-json\/wp\/v2\/tags?post=42309"}],"curies":[{"name":"wp","href":"https:\/\/api.w.org\/{rel}","templated":true}]}}