{"id":42306,"date":"2022-11-24T14:42:43","date_gmt":"2022-11-24T12:42:43","guid":{"rendered":"https:\/\/www.laguiadepamplona.com\/actualidad\/?p=42306"},"modified":"2023-04-11T11:47:32","modified_gmt":"2023-04-11T09:47:32","slug":"mas-de-un-centenar-de-obras-de-koldo-sebastian-del-cerro-conforman-la-exposicion-retrospectiva-confluencias-que-repasa-en-condestable-cuatro-decadas-de-creacion-artistica","status":"publish","type":"post","link":"https:\/\/www.laguiadepamplona.com\/actualidad\/mas-de-un-centenar-de-obras-de-koldo-sebastian-del-cerro-conforman-la-exposicion-retrospectiva-confluencias-que-repasa-en-condestable-cuatro-decadas-de-creacion-artistica\/","title":{"rendered":"M\u00e1s de un centenar de obras de Koldo Sebasti\u00e1n del Cerro conforman la exposici\u00f3n retrospectiva \u2018Confluencias\u2019 que repasa en Condestable cuatro d\u00e9cadas de creaci\u00f3n art\u00edstica"},"content":{"rendered":"<h5>En torno a la exposici\u00f3n, se ha programado un ciclo de conversaciones con diecis\u00e9is artistas sobre aspectos y conceptos creativos<\/h5>\n<p><!--more--><\/p>\n<p>\u2018Confluencias\u2019 es una exposici\u00f3n retrospectiva del pamplon\u00e9s Koldo Sebasti\u00e1n del Cerro, que repasa su trayectoria creativa desde mediados de los a\u00f1os 80 hasta la actualidad. La muestra se compone de una selecci\u00f3n de 129 obras perteneciente a diferentes series creativas del autor en las que destaca, principalmente la pintura, aunque tambi\u00e9n pueden verse dibujos, vol\u00famenes y fotograf\u00edas. La exposici\u00f3n estar\u00e1 abierta al p\u00fablico desde este viernes 25 de noviembre hasta el 15 de enero en las salas 1 y 2 del Palacio del Condestable.<\/p>\n<p>El director de Cultura e Igualdad, Jorge Urd\u00e1noz, y el propio Koldo Sebasti\u00e1n del Cerro, han presentado esta ma\u00f1ana una muestra, que se celebra cuando se cumplen 30 a\u00f1os de la exposici\u00f3n que el autor realiz\u00f3 con motivo del Premio Pamplona J\u00f3venes Artistas que el Ayuntamiento le concedi\u00f3 en la modalidad de pintura en 1991. Esta retrospectiva es fruto de un trabajo de preparaci\u00f3n de dos a\u00f1os, que ha contado con la colaboraci\u00f3n de Juli\u00e1n Gil, referente internacional de la abstracci\u00f3n geom\u00e9trica y el arte concreto, que ha acompa\u00f1ado a Koldo Sebasti\u00e1n en su proceso con sus aportaciones y preguntas.<br \/>\n<script async src=\"\/\/pagead2.googlesyndication.com\/pagead\/js\/adsbygoogle.js\"><\/script><br \/>\n<!-- Noticias La Guia de Pamplona --><br \/>\n<ins class=\"adsbygoogle\"\nstyle=\"display:block\"\ndata-ad-client=\"ca-pub-6943679897239327\"\ndata-ad-slot=\"7048180777\"\ndata-ad-format=\"auto\"><\/ins><br \/>\n<script>\n(adsbygoogle = window.adsbygoogle || []).push({});\n<\/script><\/p>\n<p>El recorrido planteado en la exposici\u00f3n tiene una estructura cronol\u00f3gica, que comienza con el trabajo que en 1990 supuso su primera aparici\u00f3n p\u00fablica y que finaliza con obras recientemente expuestas en su \u00faltima exposici\u00f3n individual este mismo a\u00f1o en el Museo Gustavo de Maeztu de Estella. De esta forma, se pretende crear un relato visual basado en obras elegidas para describir su proceso creativo y las agrupaciones que lo articulan. Se exhiben obras de las series \u2018Acoples\u2019, \u2018M\u00f3dulos para estructuras flexibles\u2019, \u2018Mexuar. Construcciones dentadas y Construcciones perforadas\u2019, \u2018Physis. Radix\u2019,\u2019 Calignometr\u00edas\u2019, \u2018Washi. Sangaku\u2019 e \u2018Infiniverso\u2019.<\/p>\n<p>Autor autodidacta, la selecci\u00f3n de la obra presentada supone una mirada hacia atr\u00e1s en la que ha revisado concienzudamente lo que su producci\u00f3n pl\u00e1stica ha generado y, ante todo, lo que la actividad art\u00edstica viene suponi\u00e9ndole hasta el d\u00eda de hoy. Pero tambi\u00e9n la reflexi\u00f3n art\u00edstica que supone la exposici\u00f3n permite indagar sobre lo que est\u00e1 por venir y, ante todo, sobre c\u00f3mo vivir lo que llegue a partir de ahora. Confluencias es un ejercicio de introspecci\u00f3n realizado mediante el an\u00e1lisis del camino recorrido pero que, curiosamente, ofrece su principal resultado en la mirada a ese futuro hacia el que su autor quiere proyectarse, con un mayor conocimiento de s\u00ed mismo.<\/p>\n<p>La labor compartida de Koldo Sebasti\u00e1n y Juli\u00e1n Gil ha fructificado en el texto de la publicaci\u00f3n que se ha editado para dejar constancia de las claves que sustentan la obra pl\u00e1stica que configura la muestra. Tanto la selecci\u00f3n fotogr\u00e1fica como los diez bloques de preguntas y respuestas que nutren el libro, suponen una completa recapitulaci\u00f3n de la actividad art\u00edstica de Koldo Sebasti\u00e1n del Cerro.<br \/>\n<script async src=\"\/\/pagead2.googlesyndication.com\/pagead\/js\/adsbygoogle.js\"><\/script><br \/>\n<!-- Noticias La Guia de Pamplona --><br \/>\n<ins class=\"adsbygoogle\"\nstyle=\"display:block\"\ndata-ad-client=\"ca-pub-6943679897239327\"\ndata-ad-slot=\"7048180777\"\ndata-ad-format=\"auto\"><\/ins><br \/>\n<script>\n(adsbygoogle = window.adsbygoogle || []).push({});\n<\/script><\/p>\n<p><strong>Conversaciones y recorridos dialogados como actividades complementarias<\/strong><\/p>\n<p>Esta exposici\u00f3n retrospectiva coincide con la celebraci\u00f3n del 50\u00ba aniversario de los Encuentros de Pamplona de 1972. Aprovechando la efem\u00e9ride, se ha articulado un programa denominado \u2018Confluencuentros\u2019, a modo de ciclo de conversaciones con diferentes artistas sobre la importancia de sus trayectorias y sus mundos creativos, en los que se abordar\u00e1n conceptos art\u00edsticos como el espacio, la persona, el objeto, la acci\u00f3n, el sentimiento, lo inefable o el tiempo.<\/p>\n<p>Los \u2018Confluencuentros\u2019 se desarrollar\u00e1n en la Sala 1 del Palacio del Condestable a las 19 horas, con entrada libre hasta completar el aforo. Comenzar\u00e1n el 30 de noviembre con Jos\u00e9 Ignacio Agorreta y Carlos C\u00e1novas que hablar\u00e1n sobre el Espacio. El 1 de diciembre Miguel Bergasa y Pedro Salaberri conversar\u00e1n sobre la Persona. El 13 y el 15 de diciembre Alicia Otaegui y Marijose Recalde, un d\u00eda, y Ferm\u00edn Alvira y Tom\u00e1s Sobrino, el otro, charlar\u00e1n, respectivamente, sobre el Objeto y el Sentimiento.<\/p>\n<p>En plenas Navidades, el 27 y el 29 de diciembre se abordar\u00e1n conceptos como lo Inefable y la Acci\u00f3n, con la participaci\u00f3n de Jos\u00e9 Ramon Anda y David Rodr\u00edguez Caballero y de Ferm\u00edn Jim\u00e9nez y John Otazu. Ya en enero, el d\u00eda 10, Mar Mateo y Bel\u00e9n Puyo conversar\u00e1n sobre el Tiempo y el jueves 12 concluir\u00e1 el ciclo con Javier Balda y Miguel Leache y sus disquisiciones sobre el Concepto.<\/p>\n<p>Asimismo, durante el periodo en que la muestra est\u00e9 abierta al p\u00fablico, se desarrollar\u00e1n cuatro recorridos dialogados en los que se podr\u00e1 escuchar al propio Koldo Sebasti\u00e1n del Cerro e intercambiar impresiones art\u00edsticas y creativas con \u00e9l. Esos recorridos tendr\u00e1n lugar los s\u00e1bados 17 de diciembre y 14 de enero, a las 19 horas, y los domingos 18 de diciembre y 15 de enero, a las 12 horas.<br \/>\n<script async src=\"\/\/pagead2.googlesyndication.com\/pagead\/js\/adsbygoogle.js\"><\/script><br \/>\n<!-- Noticias La Guia de Pamplona --><br \/>\n<ins class=\"adsbygoogle\"\nstyle=\"display:block\"\ndata-ad-client=\"ca-pub-6943679897239327\"\ndata-ad-slot=\"7048180777\"\ndata-ad-format=\"auto\"><\/ins><br \/>\n<script>\n(adsbygoogle = window.adsbygoogle || []).push({});\n<\/script><\/p>\n<p>&nbsp;<\/p>\n<h3>Programaci\u00f3n en torno a \u2018Confluencias\u2019<\/h3>\n<ul>\n<li><strong>CONFLUENCUENTROS<\/strong>. Conversaciones con artistas. Palacio del Condestable, Sala 1\n<ul>\n<li>Mi\u00e9rcoles 30 de noviembre. 19:00 h. Jos\u00e9 Ignacio Agorreta y Carlos C\u00e1novas. EL ESPACIO.<\/li>\n<li>Jueves 1 de diciembre. 19 horas. Miguel Bergasa y Pedro Salaberri. LA PERSONA<\/li>\n<li>Martes 13 de diciembre. 19 horas. Alicia Otaegui y Marijose Recalde. EL OBJETO<\/li>\n<li>Jueves 15 de diciembre. 19 horas. Ferm\u00edn Alvira y Tom\u00e1s Sobrino. EL SENTIMIENTO<\/li>\n<li>Martes 27 de diciembre. 19 horas. Jos\u00e9 Ramon Anda y David Rodr\u00edguez Caballero. LO INEFABLE<\/li>\n<li>Jueves 29 de diciembre. 19 horas. Ferm\u00edn Jim\u00e9nez y John Otazu. LA ACCI\u00d3N<\/li>\n<li>Martes 10 de enero. 19 horas. Mar Mateo y Bel\u00e9n Puyo. EL TIEMPO<\/li>\n<li>Jueves 12 de enero. 19 horas. Javier Balda y Miguel Leache. EL CONCEPTO<\/li>\n<\/ul>\n<\/li>\n<\/ul>\n<p>&nbsp;<\/p>\n<ul>\n<li><strong>RECORRIDOS DIALOGADOS<\/strong>.\u00a0 Palacio del Condestable, Salas 1 y 2\n<ul>\n<li>S\u00e1bado 17 de diciembre. 19 horas<\/li>\n<li>Domingo 18, de diciembre. 12 horas<\/li>\n<li>S\u00e1bado 14 de enero. 19 horas<\/li>\n<li>Domingo 15 de enero. 12 horas<\/li>\n<\/ul>\n<\/li>\n<\/ul>\n","protected":false},"excerpt":{"rendered":"<p>En torno a la exposici\u00f3n, se ha programado un ciclo de conversaciones con diecis\u00e9is artistas sobre aspectos y conceptos creativos<\/p>\n","protected":false},"author":1,"featured_media":42307,"comment_status":"open","ping_status":"closed","sticky":false,"template":"","format":"standard","meta":{"footnotes":""},"categories":[2],"tags":[],"class_list":["post-42306","post","type-post","status-publish","format-standard","has-post-thumbnail","hentry","category-ayuntamiento-pamplona"],"yoast_head":"<!-- This site is optimized with the Yoast SEO plugin v27.3 - https:\/\/yoast.com\/product\/yoast-seo-wordpress\/ -->\n<title>M\u00e1s de un centenar de obras de Koldo Sebasti\u00e1n del Cerro conforman la exposici\u00f3n retrospectiva \u2018Confluencias\u2019 que repasa en Condestable cuatro d\u00e9cadas de creaci\u00f3n art\u00edstica<\/title>\n<meta name=\"description\" content=\"En torno a la exposici\u00f3n, se ha programado un ciclo de conversaciones con diecis\u00e9is artistas sobre aspectos y conceptos creativos\" \/>\n<meta name=\"robots\" content=\"index, follow, max-snippet:-1, max-image-preview:large, max-video-preview:-1\" \/>\n<link rel=\"canonical\" href=\"https:\/\/www.laguiadepamplona.com\/actualidad\/mas-de-un-centenar-de-obras-de-koldo-sebastian-del-cerro-conforman-la-exposicion-retrospectiva-confluencias-que-repasa-en-condestable-cuatro-decadas-de-creacion-artistica\/\" \/>\n<meta property=\"og:locale\" content=\"es_ES\" \/>\n<meta property=\"og:type\" content=\"article\" \/>\n<meta property=\"og:title\" content=\"M\u00e1s de un centenar de obras de Koldo Sebasti\u00e1n del Cerro conforman la exposici\u00f3n retrospectiva \u2018Confluencias\u2019 que repasa en Condestable cuatro d\u00e9cadas de creaci\u00f3n art\u00edstica\" \/>\n<meta property=\"og:description\" content=\"En torno a la exposici\u00f3n, se ha programado un ciclo de conversaciones con diecis\u00e9is artistas sobre aspectos y conceptos creativos\" \/>\n<meta property=\"og:url\" content=\"https:\/\/www.laguiadepamplona.com\/actualidad\/mas-de-un-centenar-de-obras-de-koldo-sebastian-del-cerro-conforman-la-exposicion-retrospectiva-confluencias-que-repasa-en-condestable-cuatro-decadas-de-creacion-artistica\/\" \/>\n<meta property=\"og:site_name\" content=\"La Gu\u00eda de Pamplona\" \/>\n<meta property=\"article:publisher\" content=\"https:\/\/www.facebook.com\/laguiadepamplonacom-133175176762273\/?ref=hl\" \/>\n<meta property=\"article:published_time\" content=\"2022-11-24T12:42:43+00:00\" \/>\n<meta property=\"article:modified_time\" content=\"2023-04-11T09:47:32+00:00\" \/>\n<meta property=\"og:image\" content=\"https:\/\/www.laguiadepamplona.com\/actualidad\/wp-content\/uploads\/2022\/11\/expo-koldo-sebastian4.jpeg\" \/>\n\t<meta property=\"og:image:width\" content=\"1600\" \/>\n\t<meta property=\"og:image:height\" content=\"1200\" \/>\n\t<meta property=\"og:image:type\" content=\"image\/jpeg\" \/>\n<meta name=\"author\" content=\"La Gu\u00eda de Pamplona\" \/>\n<meta name=\"twitter:card\" content=\"summary_large_image\" \/>\n<meta name=\"twitter:creator\" content=\"@LaGuiadPamplona\" \/>\n<meta name=\"twitter:site\" content=\"@LaGuiadPamplona\" \/>\n<meta name=\"twitter:label1\" content=\"Escrito por\" \/>\n\t<meta name=\"twitter:data1\" content=\"La Gu\u00eda de Pamplona\" \/>\n\t<meta name=\"twitter:label2\" content=\"Tiempo de lectura\" \/>\n\t<meta name=\"twitter:data2\" content=\"5 minutos\" \/>\n<script type=\"application\/ld+json\" class=\"yoast-schema-graph\">{\"@context\":\"https:\\\/\\\/schema.org\",\"@graph\":[{\"@type\":\"Article\",\"@id\":\"https:\\\/\\\/www.laguiadepamplona.com\\\/actualidad\\\/mas-de-un-centenar-de-obras-de-koldo-sebastian-del-cerro-conforman-la-exposicion-retrospectiva-confluencias-que-repasa-en-condestable-cuatro-decadas-de-creacion-artistica\\\/#article\",\"isPartOf\":{\"@id\":\"https:\\\/\\\/www.laguiadepamplona.com\\\/actualidad\\\/mas-de-un-centenar-de-obras-de-koldo-sebastian-del-cerro-conforman-la-exposicion-retrospectiva-confluencias-que-repasa-en-condestable-cuatro-decadas-de-creacion-artistica\\\/\"},\"author\":{\"name\":\"La Gu\u00eda de Pamplona\",\"@id\":\"https:\\\/\\\/www.laguiadepamplona.com\\\/actualidad\\\/#\\\/schema\\\/person\\\/efe887376f0213d4657c93adc50b1fdb\"},\"headline\":\"M\u00e1s de un centenar de obras de Koldo Sebasti\u00e1n del Cerro conforman la exposici\u00f3n retrospectiva \u2018Confluencias\u2019 que repasa en Condestable cuatro d\u00e9cadas de creaci\u00f3n art\u00edstica\",\"datePublished\":\"2022-11-24T12:42:43+00:00\",\"dateModified\":\"2023-04-11T09:47:32+00:00\",\"mainEntityOfPage\":{\"@id\":\"https:\\\/\\\/www.laguiadepamplona.com\\\/actualidad\\\/mas-de-un-centenar-de-obras-de-koldo-sebastian-del-cerro-conforman-la-exposicion-retrospectiva-confluencias-que-repasa-en-condestable-cuatro-decadas-de-creacion-artistica\\\/\"},\"wordCount\":1004,\"commentCount\":0,\"publisher\":{\"@id\":\"https:\\\/\\\/www.laguiadepamplona.com\\\/actualidad\\\/#organization\"},\"image\":{\"@id\":\"https:\\\/\\\/www.laguiadepamplona.com\\\/actualidad\\\/mas-de-un-centenar-de-obras-de-koldo-sebastian-del-cerro-conforman-la-exposicion-retrospectiva-confluencias-que-repasa-en-condestable-cuatro-decadas-de-creacion-artistica\\\/#primaryimage\"},\"thumbnailUrl\":\"https:\\\/\\\/www.laguiadepamplona.com\\\/actualidad\\\/wp-content\\\/uploads\\\/2022\\\/11\\\/expo-koldo-sebastian4.jpeg\",\"articleSection\":[\"Ayto Pamplona\"],\"inLanguage\":\"es\",\"potentialAction\":[{\"@type\":\"CommentAction\",\"name\":\"Comment\",\"target\":[\"https:\\\/\\\/www.laguiadepamplona.com\\\/actualidad\\\/mas-de-un-centenar-de-obras-de-koldo-sebastian-del-cerro-conforman-la-exposicion-retrospectiva-confluencias-que-repasa-en-condestable-cuatro-decadas-de-creacion-artistica\\\/#respond\"]}]},{\"@type\":\"WebPage\",\"@id\":\"https:\\\/\\\/www.laguiadepamplona.com\\\/actualidad\\\/mas-de-un-centenar-de-obras-de-koldo-sebastian-del-cerro-conforman-la-exposicion-retrospectiva-confluencias-que-repasa-en-condestable-cuatro-decadas-de-creacion-artistica\\\/\",\"url\":\"https:\\\/\\\/www.laguiadepamplona.com\\\/actualidad\\\/mas-de-un-centenar-de-obras-de-koldo-sebastian-del-cerro-conforman-la-exposicion-retrospectiva-confluencias-que-repasa-en-condestable-cuatro-decadas-de-creacion-artistica\\\/\",\"name\":\"M\u00e1s de un centenar de obras de Koldo Sebasti\u00e1n del Cerro conforman la exposici\u00f3n retrospectiva \u2018Confluencias\u2019 que repasa en Condestable cuatro d\u00e9cadas de creaci\u00f3n art\u00edstica\",\"isPartOf\":{\"@id\":\"https:\\\/\\\/www.laguiadepamplona.com\\\/actualidad\\\/#website\"},\"primaryImageOfPage\":{\"@id\":\"https:\\\/\\\/www.laguiadepamplona.com\\\/actualidad\\\/mas-de-un-centenar-de-obras-de-koldo-sebastian-del-cerro-conforman-la-exposicion-retrospectiva-confluencias-que-repasa-en-condestable-cuatro-decadas-de-creacion-artistica\\\/#primaryimage\"},\"image\":{\"@id\":\"https:\\\/\\\/www.laguiadepamplona.com\\\/actualidad\\\/mas-de-un-centenar-de-obras-de-koldo-sebastian-del-cerro-conforman-la-exposicion-retrospectiva-confluencias-que-repasa-en-condestable-cuatro-decadas-de-creacion-artistica\\\/#primaryimage\"},\"thumbnailUrl\":\"https:\\\/\\\/www.laguiadepamplona.com\\\/actualidad\\\/wp-content\\\/uploads\\\/2022\\\/11\\\/expo-koldo-sebastian4.jpeg\",\"datePublished\":\"2022-11-24T12:42:43+00:00\",\"dateModified\":\"2023-04-11T09:47:32+00:00\",\"description\":\"En torno a la exposici\u00f3n, se ha programado un ciclo de conversaciones con diecis\u00e9is artistas sobre aspectos y conceptos creativos\",\"breadcrumb\":{\"@id\":\"https:\\\/\\\/www.laguiadepamplona.com\\\/actualidad\\\/mas-de-un-centenar-de-obras-de-koldo-sebastian-del-cerro-conforman-la-exposicion-retrospectiva-confluencias-que-repasa-en-condestable-cuatro-decadas-de-creacion-artistica\\\/#breadcrumb\"},\"inLanguage\":\"es\",\"potentialAction\":[{\"@type\":\"ReadAction\",\"target\":[\"https:\\\/\\\/www.laguiadepamplona.com\\\/actualidad\\\/mas-de-un-centenar-de-obras-de-koldo-sebastian-del-cerro-conforman-la-exposicion-retrospectiva-confluencias-que-repasa-en-condestable-cuatro-decadas-de-creacion-artistica\\\/\"]}]},{\"@type\":\"ImageObject\",\"inLanguage\":\"es\",\"@id\":\"https:\\\/\\\/www.laguiadepamplona.com\\\/actualidad\\\/mas-de-un-centenar-de-obras-de-koldo-sebastian-del-cerro-conforman-la-exposicion-retrospectiva-confluencias-que-repasa-en-condestable-cuatro-decadas-de-creacion-artistica\\\/#primaryimage\",\"url\":\"https:\\\/\\\/www.laguiadepamplona.com\\\/actualidad\\\/wp-content\\\/uploads\\\/2022\\\/11\\\/expo-koldo-sebastian4.jpeg\",\"contentUrl\":\"https:\\\/\\\/www.laguiadepamplona.com\\\/actualidad\\\/wp-content\\\/uploads\\\/2022\\\/11\\\/expo-koldo-sebastian4.jpeg\",\"width\":1600,\"height\":1200},{\"@type\":\"BreadcrumbList\",\"@id\":\"https:\\\/\\\/www.laguiadepamplona.com\\\/actualidad\\\/mas-de-un-centenar-de-obras-de-koldo-sebastian-del-cerro-conforman-la-exposicion-retrospectiva-confluencias-que-repasa-en-condestable-cuatro-decadas-de-creacion-artistica\\\/#breadcrumb\",\"itemListElement\":[{\"@type\":\"ListItem\",\"position\":1,\"name\":\"Portada\",\"item\":\"https:\\\/\\\/www.laguiadepamplona.com\\\/actualidad\\\/\"},{\"@type\":\"ListItem\",\"position\":2,\"name\":\"M\u00e1s de un centenar de obras de Koldo Sebasti\u00e1n del Cerro conforman la exposici\u00f3n retrospectiva \u2018Confluencias\u2019 que repasa en Condestable cuatro d\u00e9cadas de creaci\u00f3n art\u00edstica\"}]},{\"@type\":\"WebSite\",\"@id\":\"https:\\\/\\\/www.laguiadepamplona.com\\\/actualidad\\\/#website\",\"url\":\"https:\\\/\\\/www.laguiadepamplona.com\\\/actualidad\\\/\",\"name\":\"La gu\u00eda de Pamplona\",\"description\":\"Noticias de Pamplona\",\"publisher\":{\"@id\":\"https:\\\/\\\/www.laguiadepamplona.com\\\/actualidad\\\/#organization\"},\"potentialAction\":[{\"@type\":\"SearchAction\",\"target\":{\"@type\":\"EntryPoint\",\"urlTemplate\":\"https:\\\/\\\/www.laguiadepamplona.com\\\/actualidad\\\/?s={search_term_string}\"},\"query-input\":{\"@type\":\"PropertyValueSpecification\",\"valueRequired\":true,\"valueName\":\"search_term_string\"}}],\"inLanguage\":\"es\"},{\"@type\":\"Organization\",\"@id\":\"https:\\\/\\\/www.laguiadepamplona.com\\\/actualidad\\\/#organization\",\"name\":\"La Gu\u00eda de Pamplona \\\/ Noticias\",\"url\":\"https:\\\/\\\/www.laguiadepamplona.com\\\/actualidad\\\/\",\"logo\":{\"@type\":\"ImageObject\",\"inLanguage\":\"es\",\"@id\":\"https:\\\/\\\/www.laguiadepamplona.com\\\/actualidad\\\/#\\\/schema\\\/logo\\\/image\\\/\",\"url\":\"https:\\\/\\\/www.laguiadepamplona.com\\\/actualidad\\\/wp-content\\\/uploads\\\/2018\\\/11\\\/logo-laguiadepamplona18-web1.png\",\"contentUrl\":\"https:\\\/\\\/www.laguiadepamplona.com\\\/actualidad\\\/wp-content\\\/uploads\\\/2018\\\/11\\\/logo-laguiadepamplona18-web1.png\",\"width\":600,\"height\":196,\"caption\":\"La Gu\u00eda de Pamplona \\\/ Noticias\"},\"image\":{\"@id\":\"https:\\\/\\\/www.laguiadepamplona.com\\\/actualidad\\\/#\\\/schema\\\/logo\\\/image\\\/\"},\"sameAs\":[\"https:\\\/\\\/www.facebook.com\\\/laguiadepamplonacom-133175176762273\\\/?ref=hl\",\"https:\\\/\\\/x.com\\\/LaGuiadPamplona\",\"https:\\\/\\\/www.instagram.com\\\/la_guia_de_pamplona\\\/\",\"https:\\\/\\\/www.youtube.com\\\/user\\\/laguiadepamplona\"]},{\"@type\":\"Person\",\"@id\":\"https:\\\/\\\/www.laguiadepamplona.com\\\/actualidad\\\/#\\\/schema\\\/person\\\/efe887376f0213d4657c93adc50b1fdb\",\"name\":\"La Gu\u00eda de Pamplona\",\"image\":{\"@type\":\"ImageObject\",\"inLanguage\":\"es\",\"@id\":\"https:\\\/\\\/secure.gravatar.com\\\/avatar\\\/b6992f131dc8d30ab0dff15446e9d346d9dbd95992de0fef795073f5ea83a81c?s=96&d=mm&r=g\",\"url\":\"https:\\\/\\\/secure.gravatar.com\\\/avatar\\\/b6992f131dc8d30ab0dff15446e9d346d9dbd95992de0fef795073f5ea83a81c?s=96&d=mm&r=g\",\"contentUrl\":\"https:\\\/\\\/secure.gravatar.com\\\/avatar\\\/b6992f131dc8d30ab0dff15446e9d346d9dbd95992de0fef795073f5ea83a81c?s=96&d=mm&r=g\",\"caption\":\"La Gu\u00eda de Pamplona\"}}]}<\/script>\n<!-- \/ Yoast SEO plugin. -->","yoast_head_json":{"title":"M\u00e1s de un centenar de obras de Koldo Sebasti\u00e1n del Cerro conforman la exposici\u00f3n retrospectiva \u2018Confluencias\u2019 que repasa en Condestable cuatro d\u00e9cadas de creaci\u00f3n art\u00edstica","description":"En torno a la exposici\u00f3n, se ha programado un ciclo de conversaciones con diecis\u00e9is artistas sobre aspectos y conceptos creativos","robots":{"index":"index","follow":"follow","max-snippet":"max-snippet:-1","max-image-preview":"max-image-preview:large","max-video-preview":"max-video-preview:-1"},"canonical":"https:\/\/www.laguiadepamplona.com\/actualidad\/mas-de-un-centenar-de-obras-de-koldo-sebastian-del-cerro-conforman-la-exposicion-retrospectiva-confluencias-que-repasa-en-condestable-cuatro-decadas-de-creacion-artistica\/","og_locale":"es_ES","og_type":"article","og_title":"M\u00e1s de un centenar de obras de Koldo Sebasti\u00e1n del Cerro conforman la exposici\u00f3n retrospectiva \u2018Confluencias\u2019 que repasa en Condestable cuatro d\u00e9cadas de creaci\u00f3n art\u00edstica","og_description":"En torno a la exposici\u00f3n, se ha programado un ciclo de conversaciones con diecis\u00e9is artistas sobre aspectos y conceptos creativos","og_url":"https:\/\/www.laguiadepamplona.com\/actualidad\/mas-de-un-centenar-de-obras-de-koldo-sebastian-del-cerro-conforman-la-exposicion-retrospectiva-confluencias-que-repasa-en-condestable-cuatro-decadas-de-creacion-artistica\/","og_site_name":"La Gu\u00eda de Pamplona","article_publisher":"https:\/\/www.facebook.com\/laguiadepamplonacom-133175176762273\/?ref=hl","article_published_time":"2022-11-24T12:42:43+00:00","article_modified_time":"2023-04-11T09:47:32+00:00","og_image":[{"width":1600,"height":1200,"url":"https:\/\/www.laguiadepamplona.com\/actualidad\/wp-content\/uploads\/2022\/11\/expo-koldo-sebastian4.jpeg","type":"image\/jpeg"}],"author":"La Gu\u00eda de Pamplona","twitter_card":"summary_large_image","twitter_creator":"@LaGuiadPamplona","twitter_site":"@LaGuiadPamplona","twitter_misc":{"Escrito por":"La Gu\u00eda de Pamplona","Tiempo de lectura":"5 minutos"},"schema":{"@context":"https:\/\/schema.org","@graph":[{"@type":"Article","@id":"https:\/\/www.laguiadepamplona.com\/actualidad\/mas-de-un-centenar-de-obras-de-koldo-sebastian-del-cerro-conforman-la-exposicion-retrospectiva-confluencias-que-repasa-en-condestable-cuatro-decadas-de-creacion-artistica\/#article","isPartOf":{"@id":"https:\/\/www.laguiadepamplona.com\/actualidad\/mas-de-un-centenar-de-obras-de-koldo-sebastian-del-cerro-conforman-la-exposicion-retrospectiva-confluencias-que-repasa-en-condestable-cuatro-decadas-de-creacion-artistica\/"},"author":{"name":"La Gu\u00eda de Pamplona","@id":"https:\/\/www.laguiadepamplona.com\/actualidad\/#\/schema\/person\/efe887376f0213d4657c93adc50b1fdb"},"headline":"M\u00e1s de un centenar de obras de Koldo Sebasti\u00e1n del Cerro conforman la exposici\u00f3n retrospectiva \u2018Confluencias\u2019 que repasa en Condestable cuatro d\u00e9cadas de creaci\u00f3n art\u00edstica","datePublished":"2022-11-24T12:42:43+00:00","dateModified":"2023-04-11T09:47:32+00:00","mainEntityOfPage":{"@id":"https:\/\/www.laguiadepamplona.com\/actualidad\/mas-de-un-centenar-de-obras-de-koldo-sebastian-del-cerro-conforman-la-exposicion-retrospectiva-confluencias-que-repasa-en-condestable-cuatro-decadas-de-creacion-artistica\/"},"wordCount":1004,"commentCount":0,"publisher":{"@id":"https:\/\/www.laguiadepamplona.com\/actualidad\/#organization"},"image":{"@id":"https:\/\/www.laguiadepamplona.com\/actualidad\/mas-de-un-centenar-de-obras-de-koldo-sebastian-del-cerro-conforman-la-exposicion-retrospectiva-confluencias-que-repasa-en-condestable-cuatro-decadas-de-creacion-artistica\/#primaryimage"},"thumbnailUrl":"https:\/\/www.laguiadepamplona.com\/actualidad\/wp-content\/uploads\/2022\/11\/expo-koldo-sebastian4.jpeg","articleSection":["Ayto Pamplona"],"inLanguage":"es","potentialAction":[{"@type":"CommentAction","name":"Comment","target":["https:\/\/www.laguiadepamplona.com\/actualidad\/mas-de-un-centenar-de-obras-de-koldo-sebastian-del-cerro-conforman-la-exposicion-retrospectiva-confluencias-que-repasa-en-condestable-cuatro-decadas-de-creacion-artistica\/#respond"]}]},{"@type":"WebPage","@id":"https:\/\/www.laguiadepamplona.com\/actualidad\/mas-de-un-centenar-de-obras-de-koldo-sebastian-del-cerro-conforman-la-exposicion-retrospectiva-confluencias-que-repasa-en-condestable-cuatro-decadas-de-creacion-artistica\/","url":"https:\/\/www.laguiadepamplona.com\/actualidad\/mas-de-un-centenar-de-obras-de-koldo-sebastian-del-cerro-conforman-la-exposicion-retrospectiva-confluencias-que-repasa-en-condestable-cuatro-decadas-de-creacion-artistica\/","name":"M\u00e1s de un centenar de obras de Koldo Sebasti\u00e1n del Cerro conforman la exposici\u00f3n retrospectiva \u2018Confluencias\u2019 que repasa en Condestable cuatro d\u00e9cadas de creaci\u00f3n art\u00edstica","isPartOf":{"@id":"https:\/\/www.laguiadepamplona.com\/actualidad\/#website"},"primaryImageOfPage":{"@id":"https:\/\/www.laguiadepamplona.com\/actualidad\/mas-de-un-centenar-de-obras-de-koldo-sebastian-del-cerro-conforman-la-exposicion-retrospectiva-confluencias-que-repasa-en-condestable-cuatro-decadas-de-creacion-artistica\/#primaryimage"},"image":{"@id":"https:\/\/www.laguiadepamplona.com\/actualidad\/mas-de-un-centenar-de-obras-de-koldo-sebastian-del-cerro-conforman-la-exposicion-retrospectiva-confluencias-que-repasa-en-condestable-cuatro-decadas-de-creacion-artistica\/#primaryimage"},"thumbnailUrl":"https:\/\/www.laguiadepamplona.com\/actualidad\/wp-content\/uploads\/2022\/11\/expo-koldo-sebastian4.jpeg","datePublished":"2022-11-24T12:42:43+00:00","dateModified":"2023-04-11T09:47:32+00:00","description":"En torno a la exposici\u00f3n, se ha programado un ciclo de conversaciones con diecis\u00e9is artistas sobre aspectos y conceptos creativos","breadcrumb":{"@id":"https:\/\/www.laguiadepamplona.com\/actualidad\/mas-de-un-centenar-de-obras-de-koldo-sebastian-del-cerro-conforman-la-exposicion-retrospectiva-confluencias-que-repasa-en-condestable-cuatro-decadas-de-creacion-artistica\/#breadcrumb"},"inLanguage":"es","potentialAction":[{"@type":"ReadAction","target":["https:\/\/www.laguiadepamplona.com\/actualidad\/mas-de-un-centenar-de-obras-de-koldo-sebastian-del-cerro-conforman-la-exposicion-retrospectiva-confluencias-que-repasa-en-condestable-cuatro-decadas-de-creacion-artistica\/"]}]},{"@type":"ImageObject","inLanguage":"es","@id":"https:\/\/www.laguiadepamplona.com\/actualidad\/mas-de-un-centenar-de-obras-de-koldo-sebastian-del-cerro-conforman-la-exposicion-retrospectiva-confluencias-que-repasa-en-condestable-cuatro-decadas-de-creacion-artistica\/#primaryimage","url":"https:\/\/www.laguiadepamplona.com\/actualidad\/wp-content\/uploads\/2022\/11\/expo-koldo-sebastian4.jpeg","contentUrl":"https:\/\/www.laguiadepamplona.com\/actualidad\/wp-content\/uploads\/2022\/11\/expo-koldo-sebastian4.jpeg","width":1600,"height":1200},{"@type":"BreadcrumbList","@id":"https:\/\/www.laguiadepamplona.com\/actualidad\/mas-de-un-centenar-de-obras-de-koldo-sebastian-del-cerro-conforman-la-exposicion-retrospectiva-confluencias-que-repasa-en-condestable-cuatro-decadas-de-creacion-artistica\/#breadcrumb","itemListElement":[{"@type":"ListItem","position":1,"name":"Portada","item":"https:\/\/www.laguiadepamplona.com\/actualidad\/"},{"@type":"ListItem","position":2,"name":"M\u00e1s de un centenar de obras de Koldo Sebasti\u00e1n del Cerro conforman la exposici\u00f3n retrospectiva \u2018Confluencias\u2019 que repasa en Condestable cuatro d\u00e9cadas de creaci\u00f3n art\u00edstica"}]},{"@type":"WebSite","@id":"https:\/\/www.laguiadepamplona.com\/actualidad\/#website","url":"https:\/\/www.laguiadepamplona.com\/actualidad\/","name":"La gu\u00eda de Pamplona","description":"Noticias de Pamplona","publisher":{"@id":"https:\/\/www.laguiadepamplona.com\/actualidad\/#organization"},"potentialAction":[{"@type":"SearchAction","target":{"@type":"EntryPoint","urlTemplate":"https:\/\/www.laguiadepamplona.com\/actualidad\/?s={search_term_string}"},"query-input":{"@type":"PropertyValueSpecification","valueRequired":true,"valueName":"search_term_string"}}],"inLanguage":"es"},{"@type":"Organization","@id":"https:\/\/www.laguiadepamplona.com\/actualidad\/#organization","name":"La Gu\u00eda de Pamplona \/ Noticias","url":"https:\/\/www.laguiadepamplona.com\/actualidad\/","logo":{"@type":"ImageObject","inLanguage":"es","@id":"https:\/\/www.laguiadepamplona.com\/actualidad\/#\/schema\/logo\/image\/","url":"https:\/\/www.laguiadepamplona.com\/actualidad\/wp-content\/uploads\/2018\/11\/logo-laguiadepamplona18-web1.png","contentUrl":"https:\/\/www.laguiadepamplona.com\/actualidad\/wp-content\/uploads\/2018\/11\/logo-laguiadepamplona18-web1.png","width":600,"height":196,"caption":"La Gu\u00eda de Pamplona \/ Noticias"},"image":{"@id":"https:\/\/www.laguiadepamplona.com\/actualidad\/#\/schema\/logo\/image\/"},"sameAs":["https:\/\/www.facebook.com\/laguiadepamplonacom-133175176762273\/?ref=hl","https:\/\/x.com\/LaGuiadPamplona","https:\/\/www.instagram.com\/la_guia_de_pamplona\/","https:\/\/www.youtube.com\/user\/laguiadepamplona"]},{"@type":"Person","@id":"https:\/\/www.laguiadepamplona.com\/actualidad\/#\/schema\/person\/efe887376f0213d4657c93adc50b1fdb","name":"La Gu\u00eda de Pamplona","image":{"@type":"ImageObject","inLanguage":"es","@id":"https:\/\/secure.gravatar.com\/avatar\/b6992f131dc8d30ab0dff15446e9d346d9dbd95992de0fef795073f5ea83a81c?s=96&d=mm&r=g","url":"https:\/\/secure.gravatar.com\/avatar\/b6992f131dc8d30ab0dff15446e9d346d9dbd95992de0fef795073f5ea83a81c?s=96&d=mm&r=g","contentUrl":"https:\/\/secure.gravatar.com\/avatar\/b6992f131dc8d30ab0dff15446e9d346d9dbd95992de0fef795073f5ea83a81c?s=96&d=mm&r=g","caption":"La Gu\u00eda de Pamplona"}}]}},"post_mailing_queue_ids":[],"_links":{"self":[{"href":"https:\/\/www.laguiadepamplona.com\/actualidad\/wp-json\/wp\/v2\/posts\/42306","targetHints":{"allow":["GET"]}}],"collection":[{"href":"https:\/\/www.laguiadepamplona.com\/actualidad\/wp-json\/wp\/v2\/posts"}],"about":[{"href":"https:\/\/www.laguiadepamplona.com\/actualidad\/wp-json\/wp\/v2\/types\/post"}],"author":[{"embeddable":true,"href":"https:\/\/www.laguiadepamplona.com\/actualidad\/wp-json\/wp\/v2\/users\/1"}],"replies":[{"embeddable":true,"href":"https:\/\/www.laguiadepamplona.com\/actualidad\/wp-json\/wp\/v2\/comments?post=42306"}],"version-history":[{"count":0,"href":"https:\/\/www.laguiadepamplona.com\/actualidad\/wp-json\/wp\/v2\/posts\/42306\/revisions"}],"wp:featuredmedia":[{"embeddable":true,"href":"https:\/\/www.laguiadepamplona.com\/actualidad\/wp-json\/wp\/v2\/media\/42307"}],"wp:attachment":[{"href":"https:\/\/www.laguiadepamplona.com\/actualidad\/wp-json\/wp\/v2\/media?parent=42306"}],"wp:term":[{"taxonomy":"category","embeddable":true,"href":"https:\/\/www.laguiadepamplona.com\/actualidad\/wp-json\/wp\/v2\/categories?post=42306"},{"taxonomy":"post_tag","embeddable":true,"href":"https:\/\/www.laguiadepamplona.com\/actualidad\/wp-json\/wp\/v2\/tags?post=42306"}],"curies":[{"name":"wp","href":"https:\/\/api.w.org\/{rel}","templated":true}]}}