{"id":42303,"date":"2022-11-23T18:29:51","date_gmt":"2022-11-23T16:29:51","guid":{"rendered":"https:\/\/www.laguiadepamplona.com\/actualidad\/?p=42303"},"modified":"2023-04-11T11:47:32","modified_gmt":"2023-04-11T09:47:32","slug":"pamplona-muestra-sus-avances-en-movilidad-sostenible-en-unas-jornadas-impulsadas-por-naitec","status":"publish","type":"post","link":"https:\/\/www.laguiadepamplona.com\/actualidad\/pamplona-muestra-sus-avances-en-movilidad-sostenible-en-unas-jornadas-impulsadas-por-naitec\/","title":{"rendered":"Pamplona muestra sus avances en movilidad sostenible en unas jornadas impulsadas por NAITEC"},"content":{"rendered":"<h5>El concejal Ferm\u00edn Alonso ha destacado las actuaciones municipales en torno a carriles bici, peatonalizaci\u00f3n de calles y movilidad el\u00e9ctrica<\/h5>\n<p><!--more--><\/p>\n<p>Las nuevas calles peatonales, los m\u00e1s de 2.600 pasos de cebra reformados para facilitar la visibilidad, la red de carriles bici y el sistema de alquiler de bicicletas el\u00e9ctricas son algunas de las medidas que ha impulsado Pamplona en los \u00faltimos a\u00f1os y que el concejal de Proyectos Estrat\u00e9gicos, Movilidad y Sostenibilidad, Ferm\u00edn Alonso, ha presentado hoy en las jornadas \u2018Smart Green Mobility\u2019, organizadas por Naitec, el centro tecnol\u00f3gico especializado en movilidad y mecatr\u00f3nica de Navarra.<br \/>\n<script async src=\"\/\/pagead2.googlesyndication.com\/pagead\/js\/adsbygoogle.js\"><\/script><br \/>\n<!-- Noticias La Guia de Pamplona --><br \/>\n<ins class=\"adsbygoogle\"\nstyle=\"display:block\"\ndata-ad-client=\"ca-pub-6943679897239327\"\ndata-ad-slot=\"7048180777\"\ndata-ad-format=\"auto\"><\/ins><br \/>\n<script>\n(adsbygoogle = window.adsbygoogle || []).push({});\n<\/script><\/p>\n<p>En las jornadas, Alonso ha resaltado los avances de la ciudad en movilidad sostenible y eficiencia energ\u00e9tica, englobados en la estrategia Go Green Pamplona, con la que se pretende mitigar los efectos del cambio clim\u00e1tico y adaptar el municipio a la nueva realidad. En este sentido, la estrategia abarca diversas acciones con el objetivo de reducir las emisiones de gases de efecto invernadero y convertir a Pamplona en una ciudad m\u00e1s amigable para el peat\u00f3n.<\/p>\n<p>Una de las l\u00edneas estrat\u00e9gicas de Go Green es la movilidad saludable, eficiente y sostenible, y en ella se abordan acciones encaminadas a peatones y a ciclistas y relacionadas con veh\u00edculos el\u00e9ctricos. El concejal de Proyectos Estrat\u00e9gicos, Movilidad y Sostenibilidad ha recordado las \u00faltimas peatonalizaciones de calles, como el Bosquecillo, General Chinchilla, R\u00edo Urrobi en la Milagrosa y Mar\u00eda Auxiliadora en la Txantrea. Tambi\u00e9n ha incidido en la labor de adaptaci\u00f3n realizada de 2.627 pasos de cebra, donde se han eliminado los obst\u00e1culos visuales para garantizar la seguridad de los peatones. En esta misma l\u00ednea, se han impulsado los entornos escolares seguros, dando prioridad a quienes acuden a pie o en bicicleta a los centros educativos.<br \/>\n<script async src=\"\/\/pagead2.googlesyndication.com\/pagead\/js\/adsbygoogle.js\"><\/script><br \/>\n<!-- Noticias La Guia de Pamplona --><br \/>\n<ins class=\"adsbygoogle\"\nstyle=\"display:block\"\ndata-ad-client=\"ca-pub-6943679897239327\"\ndata-ad-slot=\"7048180777\"\ndata-ad-format=\"auto\"><\/ins><br \/>\n<script>\n(adsbygoogle = window.adsbygoogle || []).push({});\n<\/script><\/p>\n<p>En la charla, tambi\u00e9n se ha recordado el sistema de alquiler de bicicletas el\u00e9ctricas, con 400 bicis repartidas por la ciudad, en 42 bases, y el objetivo de ampliar el n\u00famero den un 50% gracias a la aportaci\u00f3n de fondos Next Generation EU. En lo que se refiere a movilidad el\u00e9ctrica, la ciudad cuenta con 50 puntos de recarga para veh\u00edculos, que han registrado un aumento del 250% en su uso en los \u00faltimos seis meses. Adem\u00e1s, se han implantado distintas acciones de promoci\u00f3n de este tipo de autom\u00f3viles mediante el ofrecimiento del aparcamiento gratuito y la reducci\u00f3n del impuesto de circulaci\u00f3n.<\/p>\n","protected":false},"excerpt":{"rendered":"<p>El concejal Ferm\u00edn Alonso ha destacado las actuaciones municipales en torno a carriles bici, peatonalizaci\u00f3n de calles y movilidad el\u00e9ctrica<\/p>\n","protected":false},"author":1,"featured_media":42304,"comment_status":"open","ping_status":"closed","sticky":false,"template":"","format":"standard","meta":{"footnotes":""},"categories":[2],"tags":[],"class_list":["post-42303","post","type-post","status-publish","format-standard","has-post-thumbnail","hentry","category-ayuntamiento-pamplona"],"yoast_head":"<!-- This site is optimized with the Yoast SEO plugin v27.3 - https:\/\/yoast.com\/product\/yoast-seo-wordpress\/ -->\n<title>Pamplona muestra sus avances en movilidad sostenible en unas jornadas impulsadas por NAITEC<\/title>\n<meta name=\"description\" content=\"El concejal Ferm\u00edn Alonso ha destacado las actuaciones municipales en torno a carriles bici, peatonalizaci\u00f3n de calles y movilidad el\u00e9ctrica\" \/>\n<meta name=\"robots\" content=\"index, follow, max-snippet:-1, max-image-preview:large, max-video-preview:-1\" \/>\n<link rel=\"canonical\" href=\"https:\/\/www.laguiadepamplona.com\/actualidad\/pamplona-muestra-sus-avances-en-movilidad-sostenible-en-unas-jornadas-impulsadas-por-naitec\/\" \/>\n<meta property=\"og:locale\" content=\"es_ES\" \/>\n<meta property=\"og:type\" content=\"article\" \/>\n<meta property=\"og:title\" content=\"Pamplona muestra sus avances en movilidad sostenible en unas jornadas impulsadas por NAITEC\" \/>\n<meta property=\"og:description\" content=\"El concejal Ferm\u00edn Alonso ha destacado las actuaciones municipales en torno a carriles bici, peatonalizaci\u00f3n de calles y movilidad el\u00e9ctrica\" \/>\n<meta property=\"og:url\" content=\"https:\/\/www.laguiadepamplona.com\/actualidad\/pamplona-muestra-sus-avances-en-movilidad-sostenible-en-unas-jornadas-impulsadas-por-naitec\/\" \/>\n<meta property=\"og:site_name\" content=\"La Gu\u00eda de Pamplona\" \/>\n<meta property=\"article:publisher\" content=\"https:\/\/www.facebook.com\/laguiadepamplonacom-133175176762273\/?ref=hl\" \/>\n<meta property=\"article:published_time\" content=\"2022-11-23T16:29:51+00:00\" \/>\n<meta property=\"article:modified_time\" content=\"2023-04-11T09:47:32+00:00\" \/>\n<meta property=\"og:image\" content=\"https:\/\/www.laguiadepamplona.com\/actualidad\/wp-content\/uploads\/2022\/11\/carril-bici-camino-santiago.webp\" \/>\n\t<meta property=\"og:image:width\" content=\"1920\" \/>\n\t<meta property=\"og:image:height\" content=\"1281\" \/>\n\t<meta property=\"og:image:type\" content=\"image\/webp\" \/>\n<meta name=\"author\" content=\"La Gu\u00eda de Pamplona\" \/>\n<meta name=\"twitter:card\" content=\"summary_large_image\" \/>\n<meta name=\"twitter:creator\" content=\"@LaGuiadPamplona\" \/>\n<meta name=\"twitter:site\" content=\"@LaGuiadPamplona\" \/>\n<meta name=\"twitter:label1\" content=\"Escrito por\" \/>\n\t<meta name=\"twitter:data1\" content=\"La Gu\u00eda de Pamplona\" \/>\n\t<meta name=\"twitter:label2\" content=\"Tiempo de lectura\" \/>\n\t<meta name=\"twitter:data2\" content=\"2 minutos\" \/>\n<script type=\"application\/ld+json\" class=\"yoast-schema-graph\">{\"@context\":\"https:\\\/\\\/schema.org\",\"@graph\":[{\"@type\":\"Article\",\"@id\":\"https:\\\/\\\/www.laguiadepamplona.com\\\/actualidad\\\/pamplona-muestra-sus-avances-en-movilidad-sostenible-en-unas-jornadas-impulsadas-por-naitec\\\/#article\",\"isPartOf\":{\"@id\":\"https:\\\/\\\/www.laguiadepamplona.com\\\/actualidad\\\/pamplona-muestra-sus-avances-en-movilidad-sostenible-en-unas-jornadas-impulsadas-por-naitec\\\/\"},\"author\":{\"name\":\"La Gu\u00eda de Pamplona\",\"@id\":\"https:\\\/\\\/www.laguiadepamplona.com\\\/actualidad\\\/#\\\/schema\\\/person\\\/efe887376f0213d4657c93adc50b1fdb\"},\"headline\":\"Pamplona muestra sus avances en movilidad sostenible en unas jornadas impulsadas por NAITEC\",\"datePublished\":\"2022-11-23T16:29:51+00:00\",\"dateModified\":\"2023-04-11T09:47:32+00:00\",\"mainEntityOfPage\":{\"@id\":\"https:\\\/\\\/www.laguiadepamplona.com\\\/actualidad\\\/pamplona-muestra-sus-avances-en-movilidad-sostenible-en-unas-jornadas-impulsadas-por-naitec\\\/\"},\"wordCount\":431,\"commentCount\":0,\"publisher\":{\"@id\":\"https:\\\/\\\/www.laguiadepamplona.com\\\/actualidad\\\/#organization\"},\"image\":{\"@id\":\"https:\\\/\\\/www.laguiadepamplona.com\\\/actualidad\\\/pamplona-muestra-sus-avances-en-movilidad-sostenible-en-unas-jornadas-impulsadas-por-naitec\\\/#primaryimage\"},\"thumbnailUrl\":\"https:\\\/\\\/www.laguiadepamplona.com\\\/actualidad\\\/wp-content\\\/uploads\\\/2022\\\/11\\\/carril-bici-camino-santiago.webp\",\"articleSection\":[\"Ayto Pamplona\"],\"inLanguage\":\"es\",\"potentialAction\":[{\"@type\":\"CommentAction\",\"name\":\"Comment\",\"target\":[\"https:\\\/\\\/www.laguiadepamplona.com\\\/actualidad\\\/pamplona-muestra-sus-avances-en-movilidad-sostenible-en-unas-jornadas-impulsadas-por-naitec\\\/#respond\"]}]},{\"@type\":\"WebPage\",\"@id\":\"https:\\\/\\\/www.laguiadepamplona.com\\\/actualidad\\\/pamplona-muestra-sus-avances-en-movilidad-sostenible-en-unas-jornadas-impulsadas-por-naitec\\\/\",\"url\":\"https:\\\/\\\/www.laguiadepamplona.com\\\/actualidad\\\/pamplona-muestra-sus-avances-en-movilidad-sostenible-en-unas-jornadas-impulsadas-por-naitec\\\/\",\"name\":\"Pamplona muestra sus avances en movilidad sostenible en unas jornadas impulsadas por NAITEC\",\"isPartOf\":{\"@id\":\"https:\\\/\\\/www.laguiadepamplona.com\\\/actualidad\\\/#website\"},\"primaryImageOfPage\":{\"@id\":\"https:\\\/\\\/www.laguiadepamplona.com\\\/actualidad\\\/pamplona-muestra-sus-avances-en-movilidad-sostenible-en-unas-jornadas-impulsadas-por-naitec\\\/#primaryimage\"},\"image\":{\"@id\":\"https:\\\/\\\/www.laguiadepamplona.com\\\/actualidad\\\/pamplona-muestra-sus-avances-en-movilidad-sostenible-en-unas-jornadas-impulsadas-por-naitec\\\/#primaryimage\"},\"thumbnailUrl\":\"https:\\\/\\\/www.laguiadepamplona.com\\\/actualidad\\\/wp-content\\\/uploads\\\/2022\\\/11\\\/carril-bici-camino-santiago.webp\",\"datePublished\":\"2022-11-23T16:29:51+00:00\",\"dateModified\":\"2023-04-11T09:47:32+00:00\",\"description\":\"El concejal Ferm\u00edn Alonso ha destacado las actuaciones municipales en torno a carriles bici, peatonalizaci\u00f3n de calles y movilidad el\u00e9ctrica\",\"breadcrumb\":{\"@id\":\"https:\\\/\\\/www.laguiadepamplona.com\\\/actualidad\\\/pamplona-muestra-sus-avances-en-movilidad-sostenible-en-unas-jornadas-impulsadas-por-naitec\\\/#breadcrumb\"},\"inLanguage\":\"es\",\"potentialAction\":[{\"@type\":\"ReadAction\",\"target\":[\"https:\\\/\\\/www.laguiadepamplona.com\\\/actualidad\\\/pamplona-muestra-sus-avances-en-movilidad-sostenible-en-unas-jornadas-impulsadas-por-naitec\\\/\"]}]},{\"@type\":\"ImageObject\",\"inLanguage\":\"es\",\"@id\":\"https:\\\/\\\/www.laguiadepamplona.com\\\/actualidad\\\/pamplona-muestra-sus-avances-en-movilidad-sostenible-en-unas-jornadas-impulsadas-por-naitec\\\/#primaryimage\",\"url\":\"https:\\\/\\\/www.laguiadepamplona.com\\\/actualidad\\\/wp-content\\\/uploads\\\/2022\\\/11\\\/carril-bici-camino-santiago.webp\",\"contentUrl\":\"https:\\\/\\\/www.laguiadepamplona.com\\\/actualidad\\\/wp-content\\\/uploads\\\/2022\\\/11\\\/carril-bici-camino-santiago.webp\",\"width\":1920,\"height\":1281},{\"@type\":\"BreadcrumbList\",\"@id\":\"https:\\\/\\\/www.laguiadepamplona.com\\\/actualidad\\\/pamplona-muestra-sus-avances-en-movilidad-sostenible-en-unas-jornadas-impulsadas-por-naitec\\\/#breadcrumb\",\"itemListElement\":[{\"@type\":\"ListItem\",\"position\":1,\"name\":\"Portada\",\"item\":\"https:\\\/\\\/www.laguiadepamplona.com\\\/actualidad\\\/\"},{\"@type\":\"ListItem\",\"position\":2,\"name\":\"Pamplona muestra sus avances en movilidad sostenible en unas jornadas impulsadas por NAITEC\"}]},{\"@type\":\"WebSite\",\"@id\":\"https:\\\/\\\/www.laguiadepamplona.com\\\/actualidad\\\/#website\",\"url\":\"https:\\\/\\\/www.laguiadepamplona.com\\\/actualidad\\\/\",\"name\":\"La gu\u00eda de Pamplona\",\"description\":\"Noticias de Pamplona\",\"publisher\":{\"@id\":\"https:\\\/\\\/www.laguiadepamplona.com\\\/actualidad\\\/#organization\"},\"potentialAction\":[{\"@type\":\"SearchAction\",\"target\":{\"@type\":\"EntryPoint\",\"urlTemplate\":\"https:\\\/\\\/www.laguiadepamplona.com\\\/actualidad\\\/?s={search_term_string}\"},\"query-input\":{\"@type\":\"PropertyValueSpecification\",\"valueRequired\":true,\"valueName\":\"search_term_string\"}}],\"inLanguage\":\"es\"},{\"@type\":\"Organization\",\"@id\":\"https:\\\/\\\/www.laguiadepamplona.com\\\/actualidad\\\/#organization\",\"name\":\"La Gu\u00eda de Pamplona \\\/ Noticias\",\"url\":\"https:\\\/\\\/www.laguiadepamplona.com\\\/actualidad\\\/\",\"logo\":{\"@type\":\"ImageObject\",\"inLanguage\":\"es\",\"@id\":\"https:\\\/\\\/www.laguiadepamplona.com\\\/actualidad\\\/#\\\/schema\\\/logo\\\/image\\\/\",\"url\":\"https:\\\/\\\/www.laguiadepamplona.com\\\/actualidad\\\/wp-content\\\/uploads\\\/2018\\\/11\\\/logo-laguiadepamplona18-web1.png\",\"contentUrl\":\"https:\\\/\\\/www.laguiadepamplona.com\\\/actualidad\\\/wp-content\\\/uploads\\\/2018\\\/11\\\/logo-laguiadepamplona18-web1.png\",\"width\":600,\"height\":196,\"caption\":\"La Gu\u00eda de Pamplona \\\/ Noticias\"},\"image\":{\"@id\":\"https:\\\/\\\/www.laguiadepamplona.com\\\/actualidad\\\/#\\\/schema\\\/logo\\\/image\\\/\"},\"sameAs\":[\"https:\\\/\\\/www.facebook.com\\\/laguiadepamplonacom-133175176762273\\\/?ref=hl\",\"https:\\\/\\\/x.com\\\/LaGuiadPamplona\",\"https:\\\/\\\/www.instagram.com\\\/la_guia_de_pamplona\\\/\",\"https:\\\/\\\/www.youtube.com\\\/user\\\/laguiadepamplona\"]},{\"@type\":\"Person\",\"@id\":\"https:\\\/\\\/www.laguiadepamplona.com\\\/actualidad\\\/#\\\/schema\\\/person\\\/efe887376f0213d4657c93adc50b1fdb\",\"name\":\"La Gu\u00eda de Pamplona\",\"image\":{\"@type\":\"ImageObject\",\"inLanguage\":\"es\",\"@id\":\"https:\\\/\\\/secure.gravatar.com\\\/avatar\\\/b6992f131dc8d30ab0dff15446e9d346d9dbd95992de0fef795073f5ea83a81c?s=96&d=mm&r=g\",\"url\":\"https:\\\/\\\/secure.gravatar.com\\\/avatar\\\/b6992f131dc8d30ab0dff15446e9d346d9dbd95992de0fef795073f5ea83a81c?s=96&d=mm&r=g\",\"contentUrl\":\"https:\\\/\\\/secure.gravatar.com\\\/avatar\\\/b6992f131dc8d30ab0dff15446e9d346d9dbd95992de0fef795073f5ea83a81c?s=96&d=mm&r=g\",\"caption\":\"La Gu\u00eda de Pamplona\"}}]}<\/script>\n<!-- \/ Yoast SEO plugin. -->","yoast_head_json":{"title":"Pamplona muestra sus avances en movilidad sostenible en unas jornadas impulsadas por NAITEC","description":"El concejal Ferm\u00edn Alonso ha destacado las actuaciones municipales en torno a carriles bici, peatonalizaci\u00f3n de calles y movilidad el\u00e9ctrica","robots":{"index":"index","follow":"follow","max-snippet":"max-snippet:-1","max-image-preview":"max-image-preview:large","max-video-preview":"max-video-preview:-1"},"canonical":"https:\/\/www.laguiadepamplona.com\/actualidad\/pamplona-muestra-sus-avances-en-movilidad-sostenible-en-unas-jornadas-impulsadas-por-naitec\/","og_locale":"es_ES","og_type":"article","og_title":"Pamplona muestra sus avances en movilidad sostenible en unas jornadas impulsadas por NAITEC","og_description":"El concejal Ferm\u00edn Alonso ha destacado las actuaciones municipales en torno a carriles bici, peatonalizaci\u00f3n de calles y movilidad el\u00e9ctrica","og_url":"https:\/\/www.laguiadepamplona.com\/actualidad\/pamplona-muestra-sus-avances-en-movilidad-sostenible-en-unas-jornadas-impulsadas-por-naitec\/","og_site_name":"La Gu\u00eda de Pamplona","article_publisher":"https:\/\/www.facebook.com\/laguiadepamplonacom-133175176762273\/?ref=hl","article_published_time":"2022-11-23T16:29:51+00:00","article_modified_time":"2023-04-11T09:47:32+00:00","og_image":[{"width":1920,"height":1281,"url":"https:\/\/www.laguiadepamplona.com\/actualidad\/wp-content\/uploads\/2022\/11\/carril-bici-camino-santiago.webp","type":"image\/webp"}],"author":"La Gu\u00eda de Pamplona","twitter_card":"summary_large_image","twitter_creator":"@LaGuiadPamplona","twitter_site":"@LaGuiadPamplona","twitter_misc":{"Escrito por":"La Gu\u00eda de Pamplona","Tiempo de lectura":"2 minutos"},"schema":{"@context":"https:\/\/schema.org","@graph":[{"@type":"Article","@id":"https:\/\/www.laguiadepamplona.com\/actualidad\/pamplona-muestra-sus-avances-en-movilidad-sostenible-en-unas-jornadas-impulsadas-por-naitec\/#article","isPartOf":{"@id":"https:\/\/www.laguiadepamplona.com\/actualidad\/pamplona-muestra-sus-avances-en-movilidad-sostenible-en-unas-jornadas-impulsadas-por-naitec\/"},"author":{"name":"La Gu\u00eda de Pamplona","@id":"https:\/\/www.laguiadepamplona.com\/actualidad\/#\/schema\/person\/efe887376f0213d4657c93adc50b1fdb"},"headline":"Pamplona muestra sus avances en movilidad sostenible en unas jornadas impulsadas por NAITEC","datePublished":"2022-11-23T16:29:51+00:00","dateModified":"2023-04-11T09:47:32+00:00","mainEntityOfPage":{"@id":"https:\/\/www.laguiadepamplona.com\/actualidad\/pamplona-muestra-sus-avances-en-movilidad-sostenible-en-unas-jornadas-impulsadas-por-naitec\/"},"wordCount":431,"commentCount":0,"publisher":{"@id":"https:\/\/www.laguiadepamplona.com\/actualidad\/#organization"},"image":{"@id":"https:\/\/www.laguiadepamplona.com\/actualidad\/pamplona-muestra-sus-avances-en-movilidad-sostenible-en-unas-jornadas-impulsadas-por-naitec\/#primaryimage"},"thumbnailUrl":"https:\/\/www.laguiadepamplona.com\/actualidad\/wp-content\/uploads\/2022\/11\/carril-bici-camino-santiago.webp","articleSection":["Ayto Pamplona"],"inLanguage":"es","potentialAction":[{"@type":"CommentAction","name":"Comment","target":["https:\/\/www.laguiadepamplona.com\/actualidad\/pamplona-muestra-sus-avances-en-movilidad-sostenible-en-unas-jornadas-impulsadas-por-naitec\/#respond"]}]},{"@type":"WebPage","@id":"https:\/\/www.laguiadepamplona.com\/actualidad\/pamplona-muestra-sus-avances-en-movilidad-sostenible-en-unas-jornadas-impulsadas-por-naitec\/","url":"https:\/\/www.laguiadepamplona.com\/actualidad\/pamplona-muestra-sus-avances-en-movilidad-sostenible-en-unas-jornadas-impulsadas-por-naitec\/","name":"Pamplona muestra sus avances en movilidad sostenible en unas jornadas impulsadas por NAITEC","isPartOf":{"@id":"https:\/\/www.laguiadepamplona.com\/actualidad\/#website"},"primaryImageOfPage":{"@id":"https:\/\/www.laguiadepamplona.com\/actualidad\/pamplona-muestra-sus-avances-en-movilidad-sostenible-en-unas-jornadas-impulsadas-por-naitec\/#primaryimage"},"image":{"@id":"https:\/\/www.laguiadepamplona.com\/actualidad\/pamplona-muestra-sus-avances-en-movilidad-sostenible-en-unas-jornadas-impulsadas-por-naitec\/#primaryimage"},"thumbnailUrl":"https:\/\/www.laguiadepamplona.com\/actualidad\/wp-content\/uploads\/2022\/11\/carril-bici-camino-santiago.webp","datePublished":"2022-11-23T16:29:51+00:00","dateModified":"2023-04-11T09:47:32+00:00","description":"El concejal Ferm\u00edn Alonso ha destacado las actuaciones municipales en torno a carriles bici, peatonalizaci\u00f3n de calles y movilidad el\u00e9ctrica","breadcrumb":{"@id":"https:\/\/www.laguiadepamplona.com\/actualidad\/pamplona-muestra-sus-avances-en-movilidad-sostenible-en-unas-jornadas-impulsadas-por-naitec\/#breadcrumb"},"inLanguage":"es","potentialAction":[{"@type":"ReadAction","target":["https:\/\/www.laguiadepamplona.com\/actualidad\/pamplona-muestra-sus-avances-en-movilidad-sostenible-en-unas-jornadas-impulsadas-por-naitec\/"]}]},{"@type":"ImageObject","inLanguage":"es","@id":"https:\/\/www.laguiadepamplona.com\/actualidad\/pamplona-muestra-sus-avances-en-movilidad-sostenible-en-unas-jornadas-impulsadas-por-naitec\/#primaryimage","url":"https:\/\/www.laguiadepamplona.com\/actualidad\/wp-content\/uploads\/2022\/11\/carril-bici-camino-santiago.webp","contentUrl":"https:\/\/www.laguiadepamplona.com\/actualidad\/wp-content\/uploads\/2022\/11\/carril-bici-camino-santiago.webp","width":1920,"height":1281},{"@type":"BreadcrumbList","@id":"https:\/\/www.laguiadepamplona.com\/actualidad\/pamplona-muestra-sus-avances-en-movilidad-sostenible-en-unas-jornadas-impulsadas-por-naitec\/#breadcrumb","itemListElement":[{"@type":"ListItem","position":1,"name":"Portada","item":"https:\/\/www.laguiadepamplona.com\/actualidad\/"},{"@type":"ListItem","position":2,"name":"Pamplona muestra sus avances en movilidad sostenible en unas jornadas impulsadas por NAITEC"}]},{"@type":"WebSite","@id":"https:\/\/www.laguiadepamplona.com\/actualidad\/#website","url":"https:\/\/www.laguiadepamplona.com\/actualidad\/","name":"La gu\u00eda de Pamplona","description":"Noticias de Pamplona","publisher":{"@id":"https:\/\/www.laguiadepamplona.com\/actualidad\/#organization"},"potentialAction":[{"@type":"SearchAction","target":{"@type":"EntryPoint","urlTemplate":"https:\/\/www.laguiadepamplona.com\/actualidad\/?s={search_term_string}"},"query-input":{"@type":"PropertyValueSpecification","valueRequired":true,"valueName":"search_term_string"}}],"inLanguage":"es"},{"@type":"Organization","@id":"https:\/\/www.laguiadepamplona.com\/actualidad\/#organization","name":"La Gu\u00eda de Pamplona \/ Noticias","url":"https:\/\/www.laguiadepamplona.com\/actualidad\/","logo":{"@type":"ImageObject","inLanguage":"es","@id":"https:\/\/www.laguiadepamplona.com\/actualidad\/#\/schema\/logo\/image\/","url":"https:\/\/www.laguiadepamplona.com\/actualidad\/wp-content\/uploads\/2018\/11\/logo-laguiadepamplona18-web1.png","contentUrl":"https:\/\/www.laguiadepamplona.com\/actualidad\/wp-content\/uploads\/2018\/11\/logo-laguiadepamplona18-web1.png","width":600,"height":196,"caption":"La Gu\u00eda de Pamplona \/ Noticias"},"image":{"@id":"https:\/\/www.laguiadepamplona.com\/actualidad\/#\/schema\/logo\/image\/"},"sameAs":["https:\/\/www.facebook.com\/laguiadepamplonacom-133175176762273\/?ref=hl","https:\/\/x.com\/LaGuiadPamplona","https:\/\/www.instagram.com\/la_guia_de_pamplona\/","https:\/\/www.youtube.com\/user\/laguiadepamplona"]},{"@type":"Person","@id":"https:\/\/www.laguiadepamplona.com\/actualidad\/#\/schema\/person\/efe887376f0213d4657c93adc50b1fdb","name":"La Gu\u00eda de Pamplona","image":{"@type":"ImageObject","inLanguage":"es","@id":"https:\/\/secure.gravatar.com\/avatar\/b6992f131dc8d30ab0dff15446e9d346d9dbd95992de0fef795073f5ea83a81c?s=96&d=mm&r=g","url":"https:\/\/secure.gravatar.com\/avatar\/b6992f131dc8d30ab0dff15446e9d346d9dbd95992de0fef795073f5ea83a81c?s=96&d=mm&r=g","contentUrl":"https:\/\/secure.gravatar.com\/avatar\/b6992f131dc8d30ab0dff15446e9d346d9dbd95992de0fef795073f5ea83a81c?s=96&d=mm&r=g","caption":"La Gu\u00eda de Pamplona"}}]}},"post_mailing_queue_ids":[],"_links":{"self":[{"href":"https:\/\/www.laguiadepamplona.com\/actualidad\/wp-json\/wp\/v2\/posts\/42303","targetHints":{"allow":["GET"]}}],"collection":[{"href":"https:\/\/www.laguiadepamplona.com\/actualidad\/wp-json\/wp\/v2\/posts"}],"about":[{"href":"https:\/\/www.laguiadepamplona.com\/actualidad\/wp-json\/wp\/v2\/types\/post"}],"author":[{"embeddable":true,"href":"https:\/\/www.laguiadepamplona.com\/actualidad\/wp-json\/wp\/v2\/users\/1"}],"replies":[{"embeddable":true,"href":"https:\/\/www.laguiadepamplona.com\/actualidad\/wp-json\/wp\/v2\/comments?post=42303"}],"version-history":[{"count":0,"href":"https:\/\/www.laguiadepamplona.com\/actualidad\/wp-json\/wp\/v2\/posts\/42303\/revisions"}],"wp:featuredmedia":[{"embeddable":true,"href":"https:\/\/www.laguiadepamplona.com\/actualidad\/wp-json\/wp\/v2\/media\/42304"}],"wp:attachment":[{"href":"https:\/\/www.laguiadepamplona.com\/actualidad\/wp-json\/wp\/v2\/media?parent=42303"}],"wp:term":[{"taxonomy":"category","embeddable":true,"href":"https:\/\/www.laguiadepamplona.com\/actualidad\/wp-json\/wp\/v2\/categories?post=42303"},{"taxonomy":"post_tag","embeddable":true,"href":"https:\/\/www.laguiadepamplona.com\/actualidad\/wp-json\/wp\/v2\/tags?post=42303"}],"curies":[{"name":"wp","href":"https:\/\/api.w.org\/{rel}","templated":true}]}}