{"id":42297,"date":"2022-11-23T14:55:23","date_gmt":"2022-11-23T12:55:23","guid":{"rendered":"https:\/\/www.laguiadepamplona.com\/actualidad\/?p=42297"},"modified":"2023-04-11T11:47:32","modified_gmt":"2023-04-11T09:47:32","slug":"declaraciones-aprobadas-en-la-comision-de-urbanismo-del-miercoles-23-de-noviembre-de-2022","status":"publish","type":"post","link":"https:\/\/www.laguiadepamplona.com\/actualidad\/declaraciones-aprobadas-en-la-comision-de-urbanismo-del-miercoles-23-de-noviembre-de-2022\/","title":{"rendered":"Declaraciones aprobadas en la Comisi\u00f3n de Urbanismo del mi\u00e9rcoles 23 de noviembre de 2022"},"content":{"rendered":"<p><!--more--><\/p>\n<p><strong>Declaraci\u00f3n para corregir el proyecto de carril bici de la avenida de Bara\u00f1\u00e1in del concejal Alonso Ibarra<\/strong><\/p>\n<p><u>Proponentes<\/u>: EH Bildu, Socialistas del Ayuntamiento de Pamplona y Geroa Bai<\/p>\n<p><u>Votaci\u00f3n<\/u>: aprobada con 6 votos a favor (EH Bildu, Socialistas del Ayuntamiento de Pamplona y Geroa Bai) y 4 en contra (Navarra Suma)<\/p>\n<p>ACUERDA<\/p>\n<ol>\n<li>Rechazar el proyecto y las obras del carril bici del \u00faltimo tramo de la avenida de Bara\u00f1\u00e1in que han empezado en contra de la voluntad de la mayor\u00eda de la Junta de Movilidad y los grupos municipales que representan a la mayor\u00eda del Pleno del Ayuntamiento de Pamplona.<\/li>\n<li>Exigir la correcci\u00f3n inmediata de las obras del carril bici de la avenida de Bara\u00f1\u00e1in hasta lograr un acuerdo mayoritario sobre dicho proyecto en el seno de la Junta de Movilidad.<\/li>\n<li>Denunciar la utilizaci\u00f3n torticera de la Junta de Movilidad a lo largo de esta legislatura, en la que su funci\u00f3n, en lugar de hacer sido la de la b\u00fasqueda de consenso, ha sido totalmente desvirtuada y vaciada de contenido, reduci\u00e9ndola a una mera Junta Informativa.<\/li>\n<li>Reprobar la gesti\u00f3n del concejal delegado de Movilidad, Ferm\u00edn Alonso, por su nefasta gesti\u00f3n de este y otros proyectos de movilidad sostenible y su trayectoria fallida frente a la Junta de Movilidad.<\/li>\n<\/ol>\n<p>&nbsp;<br \/>\n<script async src=\"\/\/pagead2.googlesyndication.com\/pagead\/js\/adsbygoogle.js\"><\/script><br \/>\n<!-- Noticias La Guia de Pamplona --><br \/>\n<ins class=\"adsbygoogle\"\nstyle=\"display:block\"\ndata-ad-client=\"ca-pub-6943679897239327\"\ndata-ad-slot=\"7048180777\"\ndata-ad-format=\"auto\"><\/ins><br \/>\n<script>\n(adsbygoogle = window.adsbygoogle || []).push({});\n<\/script><\/p>\n<p><strong>Declaraci\u00f3n para exigir la elaboraci\u00f3n y presentaci\u00f3n urgente de los trabajos comprometidos sobre el futuro de Erripaga\u00f1a y denunciar la inacci\u00f3n del alcalde Maya<\/strong><\/p>\n<p><u>Proponentes<\/u>: EH Bildu, Socialistas del Ayuntamiento de Pamplona y Geroa Bai<\/p>\n<p><u>Votaci\u00f3n<\/u>: aprobada con 6 votos a favor (EH Bildu, Socialistas del Ayuntamiento de Pamplona y Geroa Bai) y 4 en contra (Navarra Suma)<\/p>\n<p>ACUERDA<\/p>\n<ol>\n<li>Denunciar el incumplimiento del compromiso del alcalde Maya con el barrio de Erripaga\u00f1a.<\/li>\n<li>Exigir al alcalde Maya y su equipo de gobierno que elabore los estudios econ\u00f3mico-financieros y de dimensionamiento de los servicios p\u00fablicos necesarios para conocer los efectos que tendr\u00eda la posible incorporaci\u00f3n de Erripaga\u00f1a a Pamplona \u2013 Iru\u00f1a, ya comprometidos en junio de 2022.<\/li>\n<\/ol>\n","protected":false},"excerpt":{"rendered":"","protected":false},"author":1,"featured_media":41391,"comment_status":"open","ping_status":"closed","sticky":false,"template":"","format":"standard","meta":{"footnotes":""},"categories":[2],"tags":[],"class_list":["post-42297","post","type-post","status-publish","format-standard","has-post-thumbnail","hentry","category-ayuntamiento-pamplona"],"yoast_head":"<!-- This site is optimized with the Yoast SEO plugin v27.3 - https:\/\/yoast.com\/product\/yoast-seo-wordpress\/ -->\n<title>Declaraciones aprobadas en la Comisi\u00f3n de Urbanismo del mi\u00e9rcoles 23 de noviembre de 2022<\/title>\n<meta name=\"robots\" content=\"index, follow, max-snippet:-1, max-image-preview:large, max-video-preview:-1\" \/>\n<link rel=\"canonical\" href=\"https:\/\/www.laguiadepamplona.com\/actualidad\/declaraciones-aprobadas-en-la-comision-de-urbanismo-del-miercoles-23-de-noviembre-de-2022\/\" \/>\n<meta property=\"og:locale\" content=\"es_ES\" \/>\n<meta property=\"og:type\" content=\"article\" \/>\n<meta property=\"og:title\" content=\"Declaraciones aprobadas en la Comisi\u00f3n de Urbanismo del mi\u00e9rcoles 23 de noviembre de 2022\" \/>\n<meta property=\"og:url\" content=\"https:\/\/www.laguiadepamplona.com\/actualidad\/declaraciones-aprobadas-en-la-comision-de-urbanismo-del-miercoles-23-de-noviembre-de-2022\/\" \/>\n<meta property=\"og:site_name\" content=\"La Gu\u00eda de Pamplona\" \/>\n<meta property=\"article:publisher\" content=\"https:\/\/www.facebook.com\/laguiadepamplonacom-133175176762273\/?ref=hl\" \/>\n<meta property=\"article:published_time\" content=\"2022-11-23T12:55:23+00:00\" \/>\n<meta property=\"article:modified_time\" content=\"2023-04-11T09:47:32+00:00\" \/>\n<meta property=\"og:image\" content=\"https:\/\/www.laguiadepamplona.com\/actualidad\/wp-content\/uploads\/2022\/08\/reloj_ayuntamiento.webp\" \/>\n\t<meta property=\"og:image:width\" content=\"1920\" \/>\n\t<meta property=\"og:image:height\" content=\"1245\" \/>\n\t<meta property=\"og:image:type\" content=\"image\/webp\" \/>\n<meta name=\"author\" content=\"La Gu\u00eda de Pamplona\" \/>\n<meta name=\"twitter:card\" content=\"summary_large_image\" \/>\n<meta name=\"twitter:creator\" content=\"@LaGuiadPamplona\" \/>\n<meta name=\"twitter:site\" content=\"@LaGuiadPamplona\" \/>\n<meta name=\"twitter:label1\" content=\"Escrito por\" \/>\n\t<meta name=\"twitter:data1\" content=\"La Gu\u00eda de Pamplona\" \/>\n\t<meta name=\"twitter:label2\" content=\"Tiempo de lectura\" \/>\n\t<meta name=\"twitter:data2\" content=\"2 minutos\" \/>\n<script type=\"application\/ld+json\" class=\"yoast-schema-graph\">{\"@context\":\"https:\\\/\\\/schema.org\",\"@graph\":[{\"@type\":\"Article\",\"@id\":\"https:\\\/\\\/www.laguiadepamplona.com\\\/actualidad\\\/declaraciones-aprobadas-en-la-comision-de-urbanismo-del-miercoles-23-de-noviembre-de-2022\\\/#article\",\"isPartOf\":{\"@id\":\"https:\\\/\\\/www.laguiadepamplona.com\\\/actualidad\\\/declaraciones-aprobadas-en-la-comision-de-urbanismo-del-miercoles-23-de-noviembre-de-2022\\\/\"},\"author\":{\"name\":\"La Gu\u00eda de Pamplona\",\"@id\":\"https:\\\/\\\/www.laguiadepamplona.com\\\/actualidad\\\/#\\\/schema\\\/person\\\/efe887376f0213d4657c93adc50b1fdb\"},\"headline\":\"Declaraciones aprobadas en la Comisi\u00f3n de Urbanismo del mi\u00e9rcoles 23 de noviembre de 2022\",\"datePublished\":\"2022-11-23T12:55:23+00:00\",\"dateModified\":\"2023-04-11T09:47:32+00:00\",\"mainEntityOfPage\":{\"@id\":\"https:\\\/\\\/www.laguiadepamplona.com\\\/actualidad\\\/declaraciones-aprobadas-en-la-comision-de-urbanismo-del-miercoles-23-de-noviembre-de-2022\\\/\"},\"wordCount\":360,\"commentCount\":0,\"publisher\":{\"@id\":\"https:\\\/\\\/www.laguiadepamplona.com\\\/actualidad\\\/#organization\"},\"image\":{\"@id\":\"https:\\\/\\\/www.laguiadepamplona.com\\\/actualidad\\\/declaraciones-aprobadas-en-la-comision-de-urbanismo-del-miercoles-23-de-noviembre-de-2022\\\/#primaryimage\"},\"thumbnailUrl\":\"https:\\\/\\\/www.laguiadepamplona.com\\\/actualidad\\\/wp-content\\\/uploads\\\/2022\\\/08\\\/reloj_ayuntamiento.webp\",\"articleSection\":[\"Ayto Pamplona\"],\"inLanguage\":\"es\",\"potentialAction\":[{\"@type\":\"CommentAction\",\"name\":\"Comment\",\"target\":[\"https:\\\/\\\/www.laguiadepamplona.com\\\/actualidad\\\/declaraciones-aprobadas-en-la-comision-de-urbanismo-del-miercoles-23-de-noviembre-de-2022\\\/#respond\"]}]},{\"@type\":\"WebPage\",\"@id\":\"https:\\\/\\\/www.laguiadepamplona.com\\\/actualidad\\\/declaraciones-aprobadas-en-la-comision-de-urbanismo-del-miercoles-23-de-noviembre-de-2022\\\/\",\"url\":\"https:\\\/\\\/www.laguiadepamplona.com\\\/actualidad\\\/declaraciones-aprobadas-en-la-comision-de-urbanismo-del-miercoles-23-de-noviembre-de-2022\\\/\",\"name\":\"Declaraciones aprobadas en la Comisi\u00f3n de Urbanismo del mi\u00e9rcoles 23 de noviembre de 2022\",\"isPartOf\":{\"@id\":\"https:\\\/\\\/www.laguiadepamplona.com\\\/actualidad\\\/#website\"},\"primaryImageOfPage\":{\"@id\":\"https:\\\/\\\/www.laguiadepamplona.com\\\/actualidad\\\/declaraciones-aprobadas-en-la-comision-de-urbanismo-del-miercoles-23-de-noviembre-de-2022\\\/#primaryimage\"},\"image\":{\"@id\":\"https:\\\/\\\/www.laguiadepamplona.com\\\/actualidad\\\/declaraciones-aprobadas-en-la-comision-de-urbanismo-del-miercoles-23-de-noviembre-de-2022\\\/#primaryimage\"},\"thumbnailUrl\":\"https:\\\/\\\/www.laguiadepamplona.com\\\/actualidad\\\/wp-content\\\/uploads\\\/2022\\\/08\\\/reloj_ayuntamiento.webp\",\"datePublished\":\"2022-11-23T12:55:23+00:00\",\"dateModified\":\"2023-04-11T09:47:32+00:00\",\"breadcrumb\":{\"@id\":\"https:\\\/\\\/www.laguiadepamplona.com\\\/actualidad\\\/declaraciones-aprobadas-en-la-comision-de-urbanismo-del-miercoles-23-de-noviembre-de-2022\\\/#breadcrumb\"},\"inLanguage\":\"es\",\"potentialAction\":[{\"@type\":\"ReadAction\",\"target\":[\"https:\\\/\\\/www.laguiadepamplona.com\\\/actualidad\\\/declaraciones-aprobadas-en-la-comision-de-urbanismo-del-miercoles-23-de-noviembre-de-2022\\\/\"]}]},{\"@type\":\"ImageObject\",\"inLanguage\":\"es\",\"@id\":\"https:\\\/\\\/www.laguiadepamplona.com\\\/actualidad\\\/declaraciones-aprobadas-en-la-comision-de-urbanismo-del-miercoles-23-de-noviembre-de-2022\\\/#primaryimage\",\"url\":\"https:\\\/\\\/www.laguiadepamplona.com\\\/actualidad\\\/wp-content\\\/uploads\\\/2022\\\/08\\\/reloj_ayuntamiento.webp\",\"contentUrl\":\"https:\\\/\\\/www.laguiadepamplona.com\\\/actualidad\\\/wp-content\\\/uploads\\\/2022\\\/08\\\/reloj_ayuntamiento.webp\",\"width\":1920,\"height\":1245,\"caption\":\"ayuntamiento\"},{\"@type\":\"BreadcrumbList\",\"@id\":\"https:\\\/\\\/www.laguiadepamplona.com\\\/actualidad\\\/declaraciones-aprobadas-en-la-comision-de-urbanismo-del-miercoles-23-de-noviembre-de-2022\\\/#breadcrumb\",\"itemListElement\":[{\"@type\":\"ListItem\",\"position\":1,\"name\":\"Portada\",\"item\":\"https:\\\/\\\/www.laguiadepamplona.com\\\/actualidad\\\/\"},{\"@type\":\"ListItem\",\"position\":2,\"name\":\"Declaraciones aprobadas en la Comisi\u00f3n de Urbanismo del mi\u00e9rcoles 23 de noviembre de 2022\"}]},{\"@type\":\"WebSite\",\"@id\":\"https:\\\/\\\/www.laguiadepamplona.com\\\/actualidad\\\/#website\",\"url\":\"https:\\\/\\\/www.laguiadepamplona.com\\\/actualidad\\\/\",\"name\":\"La gu\u00eda de Pamplona\",\"description\":\"Noticias de Pamplona\",\"publisher\":{\"@id\":\"https:\\\/\\\/www.laguiadepamplona.com\\\/actualidad\\\/#organization\"},\"potentialAction\":[{\"@type\":\"SearchAction\",\"target\":{\"@type\":\"EntryPoint\",\"urlTemplate\":\"https:\\\/\\\/www.laguiadepamplona.com\\\/actualidad\\\/?s={search_term_string}\"},\"query-input\":{\"@type\":\"PropertyValueSpecification\",\"valueRequired\":true,\"valueName\":\"search_term_string\"}}],\"inLanguage\":\"es\"},{\"@type\":\"Organization\",\"@id\":\"https:\\\/\\\/www.laguiadepamplona.com\\\/actualidad\\\/#organization\",\"name\":\"La Gu\u00eda de Pamplona \\\/ Noticias\",\"url\":\"https:\\\/\\\/www.laguiadepamplona.com\\\/actualidad\\\/\",\"logo\":{\"@type\":\"ImageObject\",\"inLanguage\":\"es\",\"@id\":\"https:\\\/\\\/www.laguiadepamplona.com\\\/actualidad\\\/#\\\/schema\\\/logo\\\/image\\\/\",\"url\":\"https:\\\/\\\/www.laguiadepamplona.com\\\/actualidad\\\/wp-content\\\/uploads\\\/2018\\\/11\\\/logo-laguiadepamplona18-web1.png\",\"contentUrl\":\"https:\\\/\\\/www.laguiadepamplona.com\\\/actualidad\\\/wp-content\\\/uploads\\\/2018\\\/11\\\/logo-laguiadepamplona18-web1.png\",\"width\":600,\"height\":196,\"caption\":\"La Gu\u00eda de Pamplona \\\/ Noticias\"},\"image\":{\"@id\":\"https:\\\/\\\/www.laguiadepamplona.com\\\/actualidad\\\/#\\\/schema\\\/logo\\\/image\\\/\"},\"sameAs\":[\"https:\\\/\\\/www.facebook.com\\\/laguiadepamplonacom-133175176762273\\\/?ref=hl\",\"https:\\\/\\\/x.com\\\/LaGuiadPamplona\",\"https:\\\/\\\/www.instagram.com\\\/la_guia_de_pamplona\\\/\",\"https:\\\/\\\/www.youtube.com\\\/user\\\/laguiadepamplona\"]},{\"@type\":\"Person\",\"@id\":\"https:\\\/\\\/www.laguiadepamplona.com\\\/actualidad\\\/#\\\/schema\\\/person\\\/efe887376f0213d4657c93adc50b1fdb\",\"name\":\"La Gu\u00eda de Pamplona\",\"image\":{\"@type\":\"ImageObject\",\"inLanguage\":\"es\",\"@id\":\"https:\\\/\\\/secure.gravatar.com\\\/avatar\\\/b6992f131dc8d30ab0dff15446e9d346d9dbd95992de0fef795073f5ea83a81c?s=96&d=mm&r=g\",\"url\":\"https:\\\/\\\/secure.gravatar.com\\\/avatar\\\/b6992f131dc8d30ab0dff15446e9d346d9dbd95992de0fef795073f5ea83a81c?s=96&d=mm&r=g\",\"contentUrl\":\"https:\\\/\\\/secure.gravatar.com\\\/avatar\\\/b6992f131dc8d30ab0dff15446e9d346d9dbd95992de0fef795073f5ea83a81c?s=96&d=mm&r=g\",\"caption\":\"La Gu\u00eda de Pamplona\"}}]}<\/script>\n<!-- \/ Yoast SEO plugin. -->","yoast_head_json":{"title":"Declaraciones aprobadas en la Comisi\u00f3n de Urbanismo del mi\u00e9rcoles 23 de noviembre de 2022","robots":{"index":"index","follow":"follow","max-snippet":"max-snippet:-1","max-image-preview":"max-image-preview:large","max-video-preview":"max-video-preview:-1"},"canonical":"https:\/\/www.laguiadepamplona.com\/actualidad\/declaraciones-aprobadas-en-la-comision-de-urbanismo-del-miercoles-23-de-noviembre-de-2022\/","og_locale":"es_ES","og_type":"article","og_title":"Declaraciones aprobadas en la Comisi\u00f3n de Urbanismo del mi\u00e9rcoles 23 de noviembre de 2022","og_url":"https:\/\/www.laguiadepamplona.com\/actualidad\/declaraciones-aprobadas-en-la-comision-de-urbanismo-del-miercoles-23-de-noviembre-de-2022\/","og_site_name":"La Gu\u00eda de Pamplona","article_publisher":"https:\/\/www.facebook.com\/laguiadepamplonacom-133175176762273\/?ref=hl","article_published_time":"2022-11-23T12:55:23+00:00","article_modified_time":"2023-04-11T09:47:32+00:00","og_image":[{"width":1920,"height":1245,"url":"https:\/\/www.laguiadepamplona.com\/actualidad\/wp-content\/uploads\/2022\/08\/reloj_ayuntamiento.webp","type":"image\/webp"}],"author":"La Gu\u00eda de Pamplona","twitter_card":"summary_large_image","twitter_creator":"@LaGuiadPamplona","twitter_site":"@LaGuiadPamplona","twitter_misc":{"Escrito por":"La Gu\u00eda de Pamplona","Tiempo de lectura":"2 minutos"},"schema":{"@context":"https:\/\/schema.org","@graph":[{"@type":"Article","@id":"https:\/\/www.laguiadepamplona.com\/actualidad\/declaraciones-aprobadas-en-la-comision-de-urbanismo-del-miercoles-23-de-noviembre-de-2022\/#article","isPartOf":{"@id":"https:\/\/www.laguiadepamplona.com\/actualidad\/declaraciones-aprobadas-en-la-comision-de-urbanismo-del-miercoles-23-de-noviembre-de-2022\/"},"author":{"name":"La Gu\u00eda de Pamplona","@id":"https:\/\/www.laguiadepamplona.com\/actualidad\/#\/schema\/person\/efe887376f0213d4657c93adc50b1fdb"},"headline":"Declaraciones aprobadas en la Comisi\u00f3n de Urbanismo del mi\u00e9rcoles 23 de noviembre de 2022","datePublished":"2022-11-23T12:55:23+00:00","dateModified":"2023-04-11T09:47:32+00:00","mainEntityOfPage":{"@id":"https:\/\/www.laguiadepamplona.com\/actualidad\/declaraciones-aprobadas-en-la-comision-de-urbanismo-del-miercoles-23-de-noviembre-de-2022\/"},"wordCount":360,"commentCount":0,"publisher":{"@id":"https:\/\/www.laguiadepamplona.com\/actualidad\/#organization"},"image":{"@id":"https:\/\/www.laguiadepamplona.com\/actualidad\/declaraciones-aprobadas-en-la-comision-de-urbanismo-del-miercoles-23-de-noviembre-de-2022\/#primaryimage"},"thumbnailUrl":"https:\/\/www.laguiadepamplona.com\/actualidad\/wp-content\/uploads\/2022\/08\/reloj_ayuntamiento.webp","articleSection":["Ayto Pamplona"],"inLanguage":"es","potentialAction":[{"@type":"CommentAction","name":"Comment","target":["https:\/\/www.laguiadepamplona.com\/actualidad\/declaraciones-aprobadas-en-la-comision-de-urbanismo-del-miercoles-23-de-noviembre-de-2022\/#respond"]}]},{"@type":"WebPage","@id":"https:\/\/www.laguiadepamplona.com\/actualidad\/declaraciones-aprobadas-en-la-comision-de-urbanismo-del-miercoles-23-de-noviembre-de-2022\/","url":"https:\/\/www.laguiadepamplona.com\/actualidad\/declaraciones-aprobadas-en-la-comision-de-urbanismo-del-miercoles-23-de-noviembre-de-2022\/","name":"Declaraciones aprobadas en la Comisi\u00f3n de Urbanismo del mi\u00e9rcoles 23 de noviembre de 2022","isPartOf":{"@id":"https:\/\/www.laguiadepamplona.com\/actualidad\/#website"},"primaryImageOfPage":{"@id":"https:\/\/www.laguiadepamplona.com\/actualidad\/declaraciones-aprobadas-en-la-comision-de-urbanismo-del-miercoles-23-de-noviembre-de-2022\/#primaryimage"},"image":{"@id":"https:\/\/www.laguiadepamplona.com\/actualidad\/declaraciones-aprobadas-en-la-comision-de-urbanismo-del-miercoles-23-de-noviembre-de-2022\/#primaryimage"},"thumbnailUrl":"https:\/\/www.laguiadepamplona.com\/actualidad\/wp-content\/uploads\/2022\/08\/reloj_ayuntamiento.webp","datePublished":"2022-11-23T12:55:23+00:00","dateModified":"2023-04-11T09:47:32+00:00","breadcrumb":{"@id":"https:\/\/www.laguiadepamplona.com\/actualidad\/declaraciones-aprobadas-en-la-comision-de-urbanismo-del-miercoles-23-de-noviembre-de-2022\/#breadcrumb"},"inLanguage":"es","potentialAction":[{"@type":"ReadAction","target":["https:\/\/www.laguiadepamplona.com\/actualidad\/declaraciones-aprobadas-en-la-comision-de-urbanismo-del-miercoles-23-de-noviembre-de-2022\/"]}]},{"@type":"ImageObject","inLanguage":"es","@id":"https:\/\/www.laguiadepamplona.com\/actualidad\/declaraciones-aprobadas-en-la-comision-de-urbanismo-del-miercoles-23-de-noviembre-de-2022\/#primaryimage","url":"https:\/\/www.laguiadepamplona.com\/actualidad\/wp-content\/uploads\/2022\/08\/reloj_ayuntamiento.webp","contentUrl":"https:\/\/www.laguiadepamplona.com\/actualidad\/wp-content\/uploads\/2022\/08\/reloj_ayuntamiento.webp","width":1920,"height":1245,"caption":"ayuntamiento"},{"@type":"BreadcrumbList","@id":"https:\/\/www.laguiadepamplona.com\/actualidad\/declaraciones-aprobadas-en-la-comision-de-urbanismo-del-miercoles-23-de-noviembre-de-2022\/#breadcrumb","itemListElement":[{"@type":"ListItem","position":1,"name":"Portada","item":"https:\/\/www.laguiadepamplona.com\/actualidad\/"},{"@type":"ListItem","position":2,"name":"Declaraciones aprobadas en la Comisi\u00f3n de Urbanismo del mi\u00e9rcoles 23 de noviembre de 2022"}]},{"@type":"WebSite","@id":"https:\/\/www.laguiadepamplona.com\/actualidad\/#website","url":"https:\/\/www.laguiadepamplona.com\/actualidad\/","name":"La gu\u00eda de Pamplona","description":"Noticias de Pamplona","publisher":{"@id":"https:\/\/www.laguiadepamplona.com\/actualidad\/#organization"},"potentialAction":[{"@type":"SearchAction","target":{"@type":"EntryPoint","urlTemplate":"https:\/\/www.laguiadepamplona.com\/actualidad\/?s={search_term_string}"},"query-input":{"@type":"PropertyValueSpecification","valueRequired":true,"valueName":"search_term_string"}}],"inLanguage":"es"},{"@type":"Organization","@id":"https:\/\/www.laguiadepamplona.com\/actualidad\/#organization","name":"La Gu\u00eda de Pamplona \/ Noticias","url":"https:\/\/www.laguiadepamplona.com\/actualidad\/","logo":{"@type":"ImageObject","inLanguage":"es","@id":"https:\/\/www.laguiadepamplona.com\/actualidad\/#\/schema\/logo\/image\/","url":"https:\/\/www.laguiadepamplona.com\/actualidad\/wp-content\/uploads\/2018\/11\/logo-laguiadepamplona18-web1.png","contentUrl":"https:\/\/www.laguiadepamplona.com\/actualidad\/wp-content\/uploads\/2018\/11\/logo-laguiadepamplona18-web1.png","width":600,"height":196,"caption":"La Gu\u00eda de Pamplona \/ Noticias"},"image":{"@id":"https:\/\/www.laguiadepamplona.com\/actualidad\/#\/schema\/logo\/image\/"},"sameAs":["https:\/\/www.facebook.com\/laguiadepamplonacom-133175176762273\/?ref=hl","https:\/\/x.com\/LaGuiadPamplona","https:\/\/www.instagram.com\/la_guia_de_pamplona\/","https:\/\/www.youtube.com\/user\/laguiadepamplona"]},{"@type":"Person","@id":"https:\/\/www.laguiadepamplona.com\/actualidad\/#\/schema\/person\/efe887376f0213d4657c93adc50b1fdb","name":"La Gu\u00eda de Pamplona","image":{"@type":"ImageObject","inLanguage":"es","@id":"https:\/\/secure.gravatar.com\/avatar\/b6992f131dc8d30ab0dff15446e9d346d9dbd95992de0fef795073f5ea83a81c?s=96&d=mm&r=g","url":"https:\/\/secure.gravatar.com\/avatar\/b6992f131dc8d30ab0dff15446e9d346d9dbd95992de0fef795073f5ea83a81c?s=96&d=mm&r=g","contentUrl":"https:\/\/secure.gravatar.com\/avatar\/b6992f131dc8d30ab0dff15446e9d346d9dbd95992de0fef795073f5ea83a81c?s=96&d=mm&r=g","caption":"La Gu\u00eda de Pamplona"}}]}},"post_mailing_queue_ids":[],"_links":{"self":[{"href":"https:\/\/www.laguiadepamplona.com\/actualidad\/wp-json\/wp\/v2\/posts\/42297","targetHints":{"allow":["GET"]}}],"collection":[{"href":"https:\/\/www.laguiadepamplona.com\/actualidad\/wp-json\/wp\/v2\/posts"}],"about":[{"href":"https:\/\/www.laguiadepamplona.com\/actualidad\/wp-json\/wp\/v2\/types\/post"}],"author":[{"embeddable":true,"href":"https:\/\/www.laguiadepamplona.com\/actualidad\/wp-json\/wp\/v2\/users\/1"}],"replies":[{"embeddable":true,"href":"https:\/\/www.laguiadepamplona.com\/actualidad\/wp-json\/wp\/v2\/comments?post=42297"}],"version-history":[{"count":0,"href":"https:\/\/www.laguiadepamplona.com\/actualidad\/wp-json\/wp\/v2\/posts\/42297\/revisions"}],"wp:featuredmedia":[{"embeddable":true,"href":"https:\/\/www.laguiadepamplona.com\/actualidad\/wp-json\/wp\/v2\/media\/41391"}],"wp:attachment":[{"href":"https:\/\/www.laguiadepamplona.com\/actualidad\/wp-json\/wp\/v2\/media?parent=42297"}],"wp:term":[{"taxonomy":"category","embeddable":true,"href":"https:\/\/www.laguiadepamplona.com\/actualidad\/wp-json\/wp\/v2\/categories?post=42297"},{"taxonomy":"post_tag","embeddable":true,"href":"https:\/\/www.laguiadepamplona.com\/actualidad\/wp-json\/wp\/v2\/tags?post=42297"}],"curies":[{"name":"wp","href":"https:\/\/api.w.org\/{rel}","templated":true}]}}