{"id":42294,"date":"2022-11-23T14:54:25","date_gmt":"2022-11-23T12:54:25","guid":{"rendered":"https:\/\/www.laguiadepamplona.com\/actualidad\/?p=42294"},"modified":"2023-04-11T11:47:32","modified_gmt":"2023-04-11T09:47:32","slug":"pamplona-festeja-el-martes-a-su-patron-san-saturnino-con-la-comparsa-de-gigantes-y-cabezudos-procesion-en-cuerpo-de-ciudad-y-dos-conciertos-de-la-pamplonesa","status":"publish","type":"post","link":"https:\/\/www.laguiadepamplona.com\/actualidad\/pamplona-festeja-el-martes-a-su-patron-san-saturnino-con-la-comparsa-de-gigantes-y-cabezudos-procesion-en-cuerpo-de-ciudad-y-dos-conciertos-de-la-pamplonesa\/","title":{"rendered":"Pamplona festeja el martes a su patr\u00f3n, San Saturnino, con la Comparsa de Gigantes y Cabezudos, procesi\u00f3n en cuerpo de ciudad y dos conciertos de La Pamplonesa"},"content":{"rendered":"<h5>Por primera vez se interpretar\u00e1, al inicio de la procesi\u00f3n, la aurora a San Saturnino, de Manuel Turrillas, en versi\u00f3n para banda, gaitas y txistus<\/h5>\n<p><!--more--><\/p>\n<p>Pamplona celebra el martes 29 la festividad de San Saturnino, patr\u00f3n de la ciudad, con la salida de la Comparsa de Gigantes y Cabezudos, procesi\u00f3n de la Corporaci\u00f3n municipal en cuerpo de ciudad junto al Cabildo de la Catedral, misa en honor al santo y dos conciertos de La Pamplonesa en el Teatro Gayarre. La celebraci\u00f3n de los actos en exteriores est\u00e1 supeditada a la meteorolog\u00eda.<\/p>\n<p>La novedad de este a\u00f1o es la incorporaci\u00f3n de la aurora a San Saturnino, del maestro Manuel Turrillas, al inicio de la procesi\u00f3n. A la salida del santo, en la confluencia de las calles Campana, San Saturnino, Jarauta y Mayor, los gaiteros y txistularis municipales, junto a La Pamplonesa, interpretar\u00e1n la aurora. Esta pieza fue rescatada por los gaiteros y txistularis del Ayuntamiento de Pamplona durante la pandemia, cuando la grabaron en v\u00eddeo en la capilla de San Ferm\u00edn, en versi\u00f3n para gaitas, txistus y grupo de metales de Imanol Blasco, director de la Banda de M\u00fasica de Sang\u00fcesa. La aurora que se estrena el martes es una versi\u00f3n para banda, gaitas y txistus realizada por el propio Imanol Blasco.<br \/>\n<script async src=\"\/\/pagead2.googlesyndication.com\/pagead\/js\/adsbygoogle.js\"><\/script><br \/>\n<!-- Noticias La Guia de Pamplona --><br \/>\n<ins class=\"adsbygoogle\"\nstyle=\"display:block\"\ndata-ad-client=\"ca-pub-6943679897239327\"\ndata-ad-slot=\"7048180777\"\ndata-ad-format=\"auto\"><\/ins><br \/>\n<script>\n(adsbygoogle = window.adsbygoogle || []).push({});\n<\/script><\/p>\n<p>El primer acto del d\u00eda lo protagoniza la Comparsa de Gigantes y Cabezudos, que saldr\u00e1 desde la Estaci\u00f3n de Autobuses, a las 9.30, hacia la plaza de la Paz, Yanguas y Miranda, Garcia Xim\u00e9nez, avenida de San Ignacio, paseo de Sarasate, plaza del Castillo, Chapitela, Mercaderes, hasta llegar a la plaza Consistorial. All\u00ed, a las 10.05 horas, se unir\u00e1 a la Corporaci\u00f3n municipal, que se dirigir\u00e1 en cuerpo de ciudad hasta la iglesia de San Saturnino.<\/p>\n<p>La procesi\u00f3n en honor al santo est\u00e1 prevista a partir de las 10.15 horas y, tras el estreno de la aurora, recorrer\u00e1 las calles de San Saturnino, Mayor, paseo del Dr. Arazuri, calle Nueva y San Saturnino hasta la parroquia, donde se celebrar\u00e1 una eucarist\u00eda presidida por el arzobispo de Pamplona. La parte musical correr\u00e1 a cargo de la Capilla de M\u00fasica de la Catedral con la colaboraci\u00f3n del Orfe\u00f3n Pamplon\u00e9s y la Orquesta Sinf\u00f3nica de Navarra. En caso de lluvia, el recorrido de la procesi\u00f3n se cambiar\u00eda a las calles San Saturnino, Mayor, Eslava, plaza de San Francisco, Nueva y San Saturnino.<\/p>\n<p>Tras la misa, la Corporaci\u00f3n volver\u00e1 al Ayuntamiento, donde la Comparsa interpretar\u00e1 bailes en honor a la ciudad. A continuaci\u00f3n, las figuras retornar\u00e1n a la estaci\u00f3n por Mercaderes, Chapitela, plaza del Castillo, avenida de Carlos III, avenida de Roncesvalles, Garcia Xim\u00e9nez, calle Tudela, Conde Oliveto, plaza de La Paz y Autobuses.<\/p>\n<p>Por la tarde, a las 17.30, se inaugura el Bel\u00e9n del zagu\u00e1n municipal y las figuras de los Reyes Magos y Olentzero, y a las 17.45 se encender\u00e1 la iluminaci\u00f3n navide\u00f1a, que alumbrar\u00e1 la ciudad hasta el d\u00eda de Reyes.<br \/>\n<script async src=\"\/\/pagead2.googlesyndication.com\/pagead\/js\/adsbygoogle.js\"><\/script><br \/>\n<!-- Noticias La Guia de Pamplona --><br \/>\n<ins class=\"adsbygoogle\"\nstyle=\"display:block\"\ndata-ad-client=\"ca-pub-6943679897239327\"\ndata-ad-slot=\"7048180777\"\ndata-ad-format=\"auto\"><\/ins><br \/>\n<script>\n(adsbygoogle = window.adsbygoogle || []).push({});\n<\/script><\/p>\n<p><strong>La Pamplonesa en el Teatro Gayarre<\/strong><\/p>\n<p>El lunes 28, a las 20 horas, y el martes 29, a las 19 horas, La Pamplonesa ofrece su tradicional concierto extraordinario de zarzuela, que este a\u00f1o se centra en una de las obras m\u00e1s conocidas: \u2018La del manojo de rosas\u2019, obra cumbre del autor guipuzcoano Pablo Sorozabal. La Pamplonesa homenajea as\u00ed a Sorozabal (1897-1988) en el 125 aniversario de su nacimiento. \u2018La del manojo de rosas\u2019 se intercala entre \u2018Katiuska\u2019 (1931) y \u2018La Tabernera del Puerto\u2019 (1936), que conforman el tr\u00edo de obras escritas por Sorozabal en los a\u00f1os treinta.<\/p>\n<p>En esta ocasi\u00f3n, bajo la direcci\u00f3n de J. Vicent Egea, se ofrece una versi\u00f3n concierto adaptada para banda, con la colaboraci\u00f3n del Aula de Canto del Conservatorio Superior de M\u00fasica de Navarra. \u2018La del manojo de rosas\u2019, seg\u00fan reza en el programa, es una historia de amor en la que la protagonista se niega a utilizar el matrimonio como herramienta de ascenso social, contada a trav\u00e9s de ritmos como el pasodoble, la mazurca, el chotis, el foxtrot o la farruca, magistralmente conjugados por el maestro Soroz\u00e1bal.<\/p>\n<p>La zarzuela tiene una duraci\u00f3n de 65 minutos y las entradas para los dos conciertos, a precios de 5 a 10 euros, pueden adquirirse en las taquillas del Teatro Gayarre o a trav\u00e9s de la web, <a href=\"http:\/\/www.teatrogayarre.com\" target=\"_blank\" rel=\"noopener\">www.teatrogayarre.com<\/a>.<\/p>\n","protected":false},"excerpt":{"rendered":"<p>Por primera vez se interpretar\u00e1, al inicio de la procesi\u00f3n, la aurora a San Saturnino, de Manuel Turrillas, en versi\u00f3n para banda, gaitas y txistus<\/p>\n","protected":false},"author":1,"featured_media":42295,"comment_status":"open","ping_status":"closed","sticky":false,"template":"","format":"standard","meta":{"footnotes":""},"categories":[2],"tags":[],"class_list":["post-42294","post","type-post","status-publish","format-standard","has-post-thumbnail","hentry","category-ayuntamiento-pamplona"],"yoast_head":"<!-- This site is optimized with the Yoast SEO plugin v27.3 - https:\/\/yoast.com\/product\/yoast-seo-wordpress\/ -->\n<title>Pamplona festeja el martes a su patr\u00f3n, San Saturnino, con la Comparsa de Gigantes y Cabezudos, procesi\u00f3n en cuerpo de ciudad y dos conciertos de La Pamplonesa<\/title>\n<meta name=\"description\" content=\"Por primera vez se interpretar\u00e1, al inicio de la procesi\u00f3n, la aurora a San Saturnino, de Manuel Turrillas, en versi\u00f3n para banda, gaitas y txistus\" \/>\n<meta name=\"robots\" content=\"index, follow, max-snippet:-1, max-image-preview:large, max-video-preview:-1\" \/>\n<link rel=\"canonical\" href=\"https:\/\/www.laguiadepamplona.com\/actualidad\/pamplona-festeja-el-martes-a-su-patron-san-saturnino-con-la-comparsa-de-gigantes-y-cabezudos-procesion-en-cuerpo-de-ciudad-y-dos-conciertos-de-la-pamplonesa\/\" \/>\n<meta property=\"og:locale\" content=\"es_ES\" \/>\n<meta property=\"og:type\" content=\"article\" \/>\n<meta property=\"og:title\" content=\"Pamplona festeja el martes a su patr\u00f3n, San Saturnino, con la Comparsa de Gigantes y Cabezudos, procesi\u00f3n en cuerpo de ciudad y dos conciertos de La Pamplonesa\" \/>\n<meta property=\"og:description\" content=\"Por primera vez se interpretar\u00e1, al inicio de la procesi\u00f3n, la aurora a San Saturnino, de Manuel Turrillas, en versi\u00f3n para banda, gaitas y txistus\" \/>\n<meta property=\"og:url\" content=\"https:\/\/www.laguiadepamplona.com\/actualidad\/pamplona-festeja-el-martes-a-su-patron-san-saturnino-con-la-comparsa-de-gigantes-y-cabezudos-procesion-en-cuerpo-de-ciudad-y-dos-conciertos-de-la-pamplonesa\/\" \/>\n<meta property=\"og:site_name\" content=\"La Gu\u00eda de Pamplona\" \/>\n<meta property=\"article:publisher\" content=\"https:\/\/www.facebook.com\/laguiadepamplonacom-133175176762273\/?ref=hl\" \/>\n<meta property=\"article:published_time\" content=\"2022-11-23T12:54:25+00:00\" \/>\n<meta property=\"article:modified_time\" content=\"2023-04-11T09:47:32+00:00\" \/>\n<meta property=\"og:image\" content=\"https:\/\/www.laguiadepamplona.com\/actualidad\/wp-content\/uploads\/2022\/11\/san-saturnino-20211129_Q5A0625.webp\" \/>\n\t<meta property=\"og:image:width\" content=\"1920\" \/>\n\t<meta property=\"og:image:height\" content=\"1281\" \/>\n\t<meta property=\"og:image:type\" content=\"image\/webp\" \/>\n<meta name=\"author\" content=\"La Gu\u00eda de Pamplona\" \/>\n<meta name=\"twitter:card\" content=\"summary_large_image\" \/>\n<meta name=\"twitter:creator\" content=\"@LaGuiadPamplona\" \/>\n<meta name=\"twitter:site\" content=\"@LaGuiadPamplona\" \/>\n<meta name=\"twitter:label1\" content=\"Escrito por\" \/>\n\t<meta name=\"twitter:data1\" content=\"La Gu\u00eda de Pamplona\" \/>\n\t<meta name=\"twitter:label2\" content=\"Tiempo de lectura\" \/>\n\t<meta name=\"twitter:data2\" content=\"4 minutos\" \/>\n<script type=\"application\/ld+json\" class=\"yoast-schema-graph\">{\"@context\":\"https:\\\/\\\/schema.org\",\"@graph\":[{\"@type\":\"Article\",\"@id\":\"https:\\\/\\\/www.laguiadepamplona.com\\\/actualidad\\\/pamplona-festeja-el-martes-a-su-patron-san-saturnino-con-la-comparsa-de-gigantes-y-cabezudos-procesion-en-cuerpo-de-ciudad-y-dos-conciertos-de-la-pamplonesa\\\/#article\",\"isPartOf\":{\"@id\":\"https:\\\/\\\/www.laguiadepamplona.com\\\/actualidad\\\/pamplona-festeja-el-martes-a-su-patron-san-saturnino-con-la-comparsa-de-gigantes-y-cabezudos-procesion-en-cuerpo-de-ciudad-y-dos-conciertos-de-la-pamplonesa\\\/\"},\"author\":{\"name\":\"La Gu\u00eda de Pamplona\",\"@id\":\"https:\\\/\\\/www.laguiadepamplona.com\\\/actualidad\\\/#\\\/schema\\\/person\\\/efe887376f0213d4657c93adc50b1fdb\"},\"headline\":\"Pamplona festeja el martes a su patr\u00f3n, San Saturnino, con la Comparsa de Gigantes y Cabezudos, procesi\u00f3n en cuerpo de ciudad y dos conciertos de La Pamplonesa\",\"datePublished\":\"2022-11-23T12:54:25+00:00\",\"dateModified\":\"2023-04-11T09:47:32+00:00\",\"mainEntityOfPage\":{\"@id\":\"https:\\\/\\\/www.laguiadepamplona.com\\\/actualidad\\\/pamplona-festeja-el-martes-a-su-patron-san-saturnino-con-la-comparsa-de-gigantes-y-cabezudos-procesion-en-cuerpo-de-ciudad-y-dos-conciertos-de-la-pamplonesa\\\/\"},\"wordCount\":770,\"commentCount\":0,\"publisher\":{\"@id\":\"https:\\\/\\\/www.laguiadepamplona.com\\\/actualidad\\\/#organization\"},\"image\":{\"@id\":\"https:\\\/\\\/www.laguiadepamplona.com\\\/actualidad\\\/pamplona-festeja-el-martes-a-su-patron-san-saturnino-con-la-comparsa-de-gigantes-y-cabezudos-procesion-en-cuerpo-de-ciudad-y-dos-conciertos-de-la-pamplonesa\\\/#primaryimage\"},\"thumbnailUrl\":\"https:\\\/\\\/www.laguiadepamplona.com\\\/actualidad\\\/wp-content\\\/uploads\\\/2022\\\/11\\\/san-saturnino-20211129_Q5A0625.webp\",\"articleSection\":[\"Ayto Pamplona\"],\"inLanguage\":\"es\",\"potentialAction\":[{\"@type\":\"CommentAction\",\"name\":\"Comment\",\"target\":[\"https:\\\/\\\/www.laguiadepamplona.com\\\/actualidad\\\/pamplona-festeja-el-martes-a-su-patron-san-saturnino-con-la-comparsa-de-gigantes-y-cabezudos-procesion-en-cuerpo-de-ciudad-y-dos-conciertos-de-la-pamplonesa\\\/#respond\"]}]},{\"@type\":\"WebPage\",\"@id\":\"https:\\\/\\\/www.laguiadepamplona.com\\\/actualidad\\\/pamplona-festeja-el-martes-a-su-patron-san-saturnino-con-la-comparsa-de-gigantes-y-cabezudos-procesion-en-cuerpo-de-ciudad-y-dos-conciertos-de-la-pamplonesa\\\/\",\"url\":\"https:\\\/\\\/www.laguiadepamplona.com\\\/actualidad\\\/pamplona-festeja-el-martes-a-su-patron-san-saturnino-con-la-comparsa-de-gigantes-y-cabezudos-procesion-en-cuerpo-de-ciudad-y-dos-conciertos-de-la-pamplonesa\\\/\",\"name\":\"Pamplona festeja el martes a su patr\u00f3n, San Saturnino, con la Comparsa de Gigantes y Cabezudos, procesi\u00f3n en cuerpo de ciudad y dos conciertos de La Pamplonesa\",\"isPartOf\":{\"@id\":\"https:\\\/\\\/www.laguiadepamplona.com\\\/actualidad\\\/#website\"},\"primaryImageOfPage\":{\"@id\":\"https:\\\/\\\/www.laguiadepamplona.com\\\/actualidad\\\/pamplona-festeja-el-martes-a-su-patron-san-saturnino-con-la-comparsa-de-gigantes-y-cabezudos-procesion-en-cuerpo-de-ciudad-y-dos-conciertos-de-la-pamplonesa\\\/#primaryimage\"},\"image\":{\"@id\":\"https:\\\/\\\/www.laguiadepamplona.com\\\/actualidad\\\/pamplona-festeja-el-martes-a-su-patron-san-saturnino-con-la-comparsa-de-gigantes-y-cabezudos-procesion-en-cuerpo-de-ciudad-y-dos-conciertos-de-la-pamplonesa\\\/#primaryimage\"},\"thumbnailUrl\":\"https:\\\/\\\/www.laguiadepamplona.com\\\/actualidad\\\/wp-content\\\/uploads\\\/2022\\\/11\\\/san-saturnino-20211129_Q5A0625.webp\",\"datePublished\":\"2022-11-23T12:54:25+00:00\",\"dateModified\":\"2023-04-11T09:47:32+00:00\",\"description\":\"Por primera vez se interpretar\u00e1, al inicio de la procesi\u00f3n, la aurora a San Saturnino, de Manuel Turrillas, en versi\u00f3n para banda, gaitas y txistus\",\"breadcrumb\":{\"@id\":\"https:\\\/\\\/www.laguiadepamplona.com\\\/actualidad\\\/pamplona-festeja-el-martes-a-su-patron-san-saturnino-con-la-comparsa-de-gigantes-y-cabezudos-procesion-en-cuerpo-de-ciudad-y-dos-conciertos-de-la-pamplonesa\\\/#breadcrumb\"},\"inLanguage\":\"es\",\"potentialAction\":[{\"@type\":\"ReadAction\",\"target\":[\"https:\\\/\\\/www.laguiadepamplona.com\\\/actualidad\\\/pamplona-festeja-el-martes-a-su-patron-san-saturnino-con-la-comparsa-de-gigantes-y-cabezudos-procesion-en-cuerpo-de-ciudad-y-dos-conciertos-de-la-pamplonesa\\\/\"]}]},{\"@type\":\"ImageObject\",\"inLanguage\":\"es\",\"@id\":\"https:\\\/\\\/www.laguiadepamplona.com\\\/actualidad\\\/pamplona-festeja-el-martes-a-su-patron-san-saturnino-con-la-comparsa-de-gigantes-y-cabezudos-procesion-en-cuerpo-de-ciudad-y-dos-conciertos-de-la-pamplonesa\\\/#primaryimage\",\"url\":\"https:\\\/\\\/www.laguiadepamplona.com\\\/actualidad\\\/wp-content\\\/uploads\\\/2022\\\/11\\\/san-saturnino-20211129_Q5A0625.webp\",\"contentUrl\":\"https:\\\/\\\/www.laguiadepamplona.com\\\/actualidad\\\/wp-content\\\/uploads\\\/2022\\\/11\\\/san-saturnino-20211129_Q5A0625.webp\",\"width\":1920,\"height\":1281},{\"@type\":\"BreadcrumbList\",\"@id\":\"https:\\\/\\\/www.laguiadepamplona.com\\\/actualidad\\\/pamplona-festeja-el-martes-a-su-patron-san-saturnino-con-la-comparsa-de-gigantes-y-cabezudos-procesion-en-cuerpo-de-ciudad-y-dos-conciertos-de-la-pamplonesa\\\/#breadcrumb\",\"itemListElement\":[{\"@type\":\"ListItem\",\"position\":1,\"name\":\"Portada\",\"item\":\"https:\\\/\\\/www.laguiadepamplona.com\\\/actualidad\\\/\"},{\"@type\":\"ListItem\",\"position\":2,\"name\":\"Pamplona festeja el martes a su patr\u00f3n, San Saturnino, con la Comparsa de Gigantes y Cabezudos, procesi\u00f3n en cuerpo de ciudad y dos conciertos de La Pamplonesa\"}]},{\"@type\":\"WebSite\",\"@id\":\"https:\\\/\\\/www.laguiadepamplona.com\\\/actualidad\\\/#website\",\"url\":\"https:\\\/\\\/www.laguiadepamplona.com\\\/actualidad\\\/\",\"name\":\"La gu\u00eda de Pamplona\",\"description\":\"Noticias de Pamplona\",\"publisher\":{\"@id\":\"https:\\\/\\\/www.laguiadepamplona.com\\\/actualidad\\\/#organization\"},\"potentialAction\":[{\"@type\":\"SearchAction\",\"target\":{\"@type\":\"EntryPoint\",\"urlTemplate\":\"https:\\\/\\\/www.laguiadepamplona.com\\\/actualidad\\\/?s={search_term_string}\"},\"query-input\":{\"@type\":\"PropertyValueSpecification\",\"valueRequired\":true,\"valueName\":\"search_term_string\"}}],\"inLanguage\":\"es\"},{\"@type\":\"Organization\",\"@id\":\"https:\\\/\\\/www.laguiadepamplona.com\\\/actualidad\\\/#organization\",\"name\":\"La Gu\u00eda de Pamplona \\\/ Noticias\",\"url\":\"https:\\\/\\\/www.laguiadepamplona.com\\\/actualidad\\\/\",\"logo\":{\"@type\":\"ImageObject\",\"inLanguage\":\"es\",\"@id\":\"https:\\\/\\\/www.laguiadepamplona.com\\\/actualidad\\\/#\\\/schema\\\/logo\\\/image\\\/\",\"url\":\"https:\\\/\\\/www.laguiadepamplona.com\\\/actualidad\\\/wp-content\\\/uploads\\\/2018\\\/11\\\/logo-laguiadepamplona18-web1.png\",\"contentUrl\":\"https:\\\/\\\/www.laguiadepamplona.com\\\/actualidad\\\/wp-content\\\/uploads\\\/2018\\\/11\\\/logo-laguiadepamplona18-web1.png\",\"width\":600,\"height\":196,\"caption\":\"La Gu\u00eda de Pamplona \\\/ Noticias\"},\"image\":{\"@id\":\"https:\\\/\\\/www.laguiadepamplona.com\\\/actualidad\\\/#\\\/schema\\\/logo\\\/image\\\/\"},\"sameAs\":[\"https:\\\/\\\/www.facebook.com\\\/laguiadepamplonacom-133175176762273\\\/?ref=hl\",\"https:\\\/\\\/x.com\\\/LaGuiadPamplona\",\"https:\\\/\\\/www.instagram.com\\\/la_guia_de_pamplona\\\/\",\"https:\\\/\\\/www.youtube.com\\\/user\\\/laguiadepamplona\"]},{\"@type\":\"Person\",\"@id\":\"https:\\\/\\\/www.laguiadepamplona.com\\\/actualidad\\\/#\\\/schema\\\/person\\\/efe887376f0213d4657c93adc50b1fdb\",\"name\":\"La Gu\u00eda de Pamplona\",\"image\":{\"@type\":\"ImageObject\",\"inLanguage\":\"es\",\"@id\":\"https:\\\/\\\/secure.gravatar.com\\\/avatar\\\/b6992f131dc8d30ab0dff15446e9d346d9dbd95992de0fef795073f5ea83a81c?s=96&d=mm&r=g\",\"url\":\"https:\\\/\\\/secure.gravatar.com\\\/avatar\\\/b6992f131dc8d30ab0dff15446e9d346d9dbd95992de0fef795073f5ea83a81c?s=96&d=mm&r=g\",\"contentUrl\":\"https:\\\/\\\/secure.gravatar.com\\\/avatar\\\/b6992f131dc8d30ab0dff15446e9d346d9dbd95992de0fef795073f5ea83a81c?s=96&d=mm&r=g\",\"caption\":\"La Gu\u00eda de Pamplona\"}}]}<\/script>\n<!-- \/ Yoast SEO plugin. -->","yoast_head_json":{"title":"Pamplona festeja el martes a su patr\u00f3n, San Saturnino, con la Comparsa de Gigantes y Cabezudos, procesi\u00f3n en cuerpo de ciudad y dos conciertos de La Pamplonesa","description":"Por primera vez se interpretar\u00e1, al inicio de la procesi\u00f3n, la aurora a San Saturnino, de Manuel Turrillas, en versi\u00f3n para banda, gaitas y txistus","robots":{"index":"index","follow":"follow","max-snippet":"max-snippet:-1","max-image-preview":"max-image-preview:large","max-video-preview":"max-video-preview:-1"},"canonical":"https:\/\/www.laguiadepamplona.com\/actualidad\/pamplona-festeja-el-martes-a-su-patron-san-saturnino-con-la-comparsa-de-gigantes-y-cabezudos-procesion-en-cuerpo-de-ciudad-y-dos-conciertos-de-la-pamplonesa\/","og_locale":"es_ES","og_type":"article","og_title":"Pamplona festeja el martes a su patr\u00f3n, San Saturnino, con la Comparsa de Gigantes y Cabezudos, procesi\u00f3n en cuerpo de ciudad y dos conciertos de La Pamplonesa","og_description":"Por primera vez se interpretar\u00e1, al inicio de la procesi\u00f3n, la aurora a San Saturnino, de Manuel Turrillas, en versi\u00f3n para banda, gaitas y txistus","og_url":"https:\/\/www.laguiadepamplona.com\/actualidad\/pamplona-festeja-el-martes-a-su-patron-san-saturnino-con-la-comparsa-de-gigantes-y-cabezudos-procesion-en-cuerpo-de-ciudad-y-dos-conciertos-de-la-pamplonesa\/","og_site_name":"La Gu\u00eda de Pamplona","article_publisher":"https:\/\/www.facebook.com\/laguiadepamplonacom-133175176762273\/?ref=hl","article_published_time":"2022-11-23T12:54:25+00:00","article_modified_time":"2023-04-11T09:47:32+00:00","og_image":[{"width":1920,"height":1281,"url":"https:\/\/www.laguiadepamplona.com\/actualidad\/wp-content\/uploads\/2022\/11\/san-saturnino-20211129_Q5A0625.webp","type":"image\/webp"}],"author":"La Gu\u00eda de Pamplona","twitter_card":"summary_large_image","twitter_creator":"@LaGuiadPamplona","twitter_site":"@LaGuiadPamplona","twitter_misc":{"Escrito por":"La Gu\u00eda de Pamplona","Tiempo de lectura":"4 minutos"},"schema":{"@context":"https:\/\/schema.org","@graph":[{"@type":"Article","@id":"https:\/\/www.laguiadepamplona.com\/actualidad\/pamplona-festeja-el-martes-a-su-patron-san-saturnino-con-la-comparsa-de-gigantes-y-cabezudos-procesion-en-cuerpo-de-ciudad-y-dos-conciertos-de-la-pamplonesa\/#article","isPartOf":{"@id":"https:\/\/www.laguiadepamplona.com\/actualidad\/pamplona-festeja-el-martes-a-su-patron-san-saturnino-con-la-comparsa-de-gigantes-y-cabezudos-procesion-en-cuerpo-de-ciudad-y-dos-conciertos-de-la-pamplonesa\/"},"author":{"name":"La Gu\u00eda de Pamplona","@id":"https:\/\/www.laguiadepamplona.com\/actualidad\/#\/schema\/person\/efe887376f0213d4657c93adc50b1fdb"},"headline":"Pamplona festeja el martes a su patr\u00f3n, San Saturnino, con la Comparsa de Gigantes y Cabezudos, procesi\u00f3n en cuerpo de ciudad y dos conciertos de La Pamplonesa","datePublished":"2022-11-23T12:54:25+00:00","dateModified":"2023-04-11T09:47:32+00:00","mainEntityOfPage":{"@id":"https:\/\/www.laguiadepamplona.com\/actualidad\/pamplona-festeja-el-martes-a-su-patron-san-saturnino-con-la-comparsa-de-gigantes-y-cabezudos-procesion-en-cuerpo-de-ciudad-y-dos-conciertos-de-la-pamplonesa\/"},"wordCount":770,"commentCount":0,"publisher":{"@id":"https:\/\/www.laguiadepamplona.com\/actualidad\/#organization"},"image":{"@id":"https:\/\/www.laguiadepamplona.com\/actualidad\/pamplona-festeja-el-martes-a-su-patron-san-saturnino-con-la-comparsa-de-gigantes-y-cabezudos-procesion-en-cuerpo-de-ciudad-y-dos-conciertos-de-la-pamplonesa\/#primaryimage"},"thumbnailUrl":"https:\/\/www.laguiadepamplona.com\/actualidad\/wp-content\/uploads\/2022\/11\/san-saturnino-20211129_Q5A0625.webp","articleSection":["Ayto Pamplona"],"inLanguage":"es","potentialAction":[{"@type":"CommentAction","name":"Comment","target":["https:\/\/www.laguiadepamplona.com\/actualidad\/pamplona-festeja-el-martes-a-su-patron-san-saturnino-con-la-comparsa-de-gigantes-y-cabezudos-procesion-en-cuerpo-de-ciudad-y-dos-conciertos-de-la-pamplonesa\/#respond"]}]},{"@type":"WebPage","@id":"https:\/\/www.laguiadepamplona.com\/actualidad\/pamplona-festeja-el-martes-a-su-patron-san-saturnino-con-la-comparsa-de-gigantes-y-cabezudos-procesion-en-cuerpo-de-ciudad-y-dos-conciertos-de-la-pamplonesa\/","url":"https:\/\/www.laguiadepamplona.com\/actualidad\/pamplona-festeja-el-martes-a-su-patron-san-saturnino-con-la-comparsa-de-gigantes-y-cabezudos-procesion-en-cuerpo-de-ciudad-y-dos-conciertos-de-la-pamplonesa\/","name":"Pamplona festeja el martes a su patr\u00f3n, San Saturnino, con la Comparsa de Gigantes y Cabezudos, procesi\u00f3n en cuerpo de ciudad y dos conciertos de La Pamplonesa","isPartOf":{"@id":"https:\/\/www.laguiadepamplona.com\/actualidad\/#website"},"primaryImageOfPage":{"@id":"https:\/\/www.laguiadepamplona.com\/actualidad\/pamplona-festeja-el-martes-a-su-patron-san-saturnino-con-la-comparsa-de-gigantes-y-cabezudos-procesion-en-cuerpo-de-ciudad-y-dos-conciertos-de-la-pamplonesa\/#primaryimage"},"image":{"@id":"https:\/\/www.laguiadepamplona.com\/actualidad\/pamplona-festeja-el-martes-a-su-patron-san-saturnino-con-la-comparsa-de-gigantes-y-cabezudos-procesion-en-cuerpo-de-ciudad-y-dos-conciertos-de-la-pamplonesa\/#primaryimage"},"thumbnailUrl":"https:\/\/www.laguiadepamplona.com\/actualidad\/wp-content\/uploads\/2022\/11\/san-saturnino-20211129_Q5A0625.webp","datePublished":"2022-11-23T12:54:25+00:00","dateModified":"2023-04-11T09:47:32+00:00","description":"Por primera vez se interpretar\u00e1, al inicio de la procesi\u00f3n, la aurora a San Saturnino, de Manuel Turrillas, en versi\u00f3n para banda, gaitas y txistus","breadcrumb":{"@id":"https:\/\/www.laguiadepamplona.com\/actualidad\/pamplona-festeja-el-martes-a-su-patron-san-saturnino-con-la-comparsa-de-gigantes-y-cabezudos-procesion-en-cuerpo-de-ciudad-y-dos-conciertos-de-la-pamplonesa\/#breadcrumb"},"inLanguage":"es","potentialAction":[{"@type":"ReadAction","target":["https:\/\/www.laguiadepamplona.com\/actualidad\/pamplona-festeja-el-martes-a-su-patron-san-saturnino-con-la-comparsa-de-gigantes-y-cabezudos-procesion-en-cuerpo-de-ciudad-y-dos-conciertos-de-la-pamplonesa\/"]}]},{"@type":"ImageObject","inLanguage":"es","@id":"https:\/\/www.laguiadepamplona.com\/actualidad\/pamplona-festeja-el-martes-a-su-patron-san-saturnino-con-la-comparsa-de-gigantes-y-cabezudos-procesion-en-cuerpo-de-ciudad-y-dos-conciertos-de-la-pamplonesa\/#primaryimage","url":"https:\/\/www.laguiadepamplona.com\/actualidad\/wp-content\/uploads\/2022\/11\/san-saturnino-20211129_Q5A0625.webp","contentUrl":"https:\/\/www.laguiadepamplona.com\/actualidad\/wp-content\/uploads\/2022\/11\/san-saturnino-20211129_Q5A0625.webp","width":1920,"height":1281},{"@type":"BreadcrumbList","@id":"https:\/\/www.laguiadepamplona.com\/actualidad\/pamplona-festeja-el-martes-a-su-patron-san-saturnino-con-la-comparsa-de-gigantes-y-cabezudos-procesion-en-cuerpo-de-ciudad-y-dos-conciertos-de-la-pamplonesa\/#breadcrumb","itemListElement":[{"@type":"ListItem","position":1,"name":"Portada","item":"https:\/\/www.laguiadepamplona.com\/actualidad\/"},{"@type":"ListItem","position":2,"name":"Pamplona festeja el martes a su patr\u00f3n, San Saturnino, con la Comparsa de Gigantes y Cabezudos, procesi\u00f3n en cuerpo de ciudad y dos conciertos de La Pamplonesa"}]},{"@type":"WebSite","@id":"https:\/\/www.laguiadepamplona.com\/actualidad\/#website","url":"https:\/\/www.laguiadepamplona.com\/actualidad\/","name":"La gu\u00eda de Pamplona","description":"Noticias de Pamplona","publisher":{"@id":"https:\/\/www.laguiadepamplona.com\/actualidad\/#organization"},"potentialAction":[{"@type":"SearchAction","target":{"@type":"EntryPoint","urlTemplate":"https:\/\/www.laguiadepamplona.com\/actualidad\/?s={search_term_string}"},"query-input":{"@type":"PropertyValueSpecification","valueRequired":true,"valueName":"search_term_string"}}],"inLanguage":"es"},{"@type":"Organization","@id":"https:\/\/www.laguiadepamplona.com\/actualidad\/#organization","name":"La Gu\u00eda de Pamplona \/ Noticias","url":"https:\/\/www.laguiadepamplona.com\/actualidad\/","logo":{"@type":"ImageObject","inLanguage":"es","@id":"https:\/\/www.laguiadepamplona.com\/actualidad\/#\/schema\/logo\/image\/","url":"https:\/\/www.laguiadepamplona.com\/actualidad\/wp-content\/uploads\/2018\/11\/logo-laguiadepamplona18-web1.png","contentUrl":"https:\/\/www.laguiadepamplona.com\/actualidad\/wp-content\/uploads\/2018\/11\/logo-laguiadepamplona18-web1.png","width":600,"height":196,"caption":"La Gu\u00eda de Pamplona \/ Noticias"},"image":{"@id":"https:\/\/www.laguiadepamplona.com\/actualidad\/#\/schema\/logo\/image\/"},"sameAs":["https:\/\/www.facebook.com\/laguiadepamplonacom-133175176762273\/?ref=hl","https:\/\/x.com\/LaGuiadPamplona","https:\/\/www.instagram.com\/la_guia_de_pamplona\/","https:\/\/www.youtube.com\/user\/laguiadepamplona"]},{"@type":"Person","@id":"https:\/\/www.laguiadepamplona.com\/actualidad\/#\/schema\/person\/efe887376f0213d4657c93adc50b1fdb","name":"La Gu\u00eda de Pamplona","image":{"@type":"ImageObject","inLanguage":"es","@id":"https:\/\/secure.gravatar.com\/avatar\/b6992f131dc8d30ab0dff15446e9d346d9dbd95992de0fef795073f5ea83a81c?s=96&d=mm&r=g","url":"https:\/\/secure.gravatar.com\/avatar\/b6992f131dc8d30ab0dff15446e9d346d9dbd95992de0fef795073f5ea83a81c?s=96&d=mm&r=g","contentUrl":"https:\/\/secure.gravatar.com\/avatar\/b6992f131dc8d30ab0dff15446e9d346d9dbd95992de0fef795073f5ea83a81c?s=96&d=mm&r=g","caption":"La Gu\u00eda de Pamplona"}}]}},"post_mailing_queue_ids":[],"_links":{"self":[{"href":"https:\/\/www.laguiadepamplona.com\/actualidad\/wp-json\/wp\/v2\/posts\/42294","targetHints":{"allow":["GET"]}}],"collection":[{"href":"https:\/\/www.laguiadepamplona.com\/actualidad\/wp-json\/wp\/v2\/posts"}],"about":[{"href":"https:\/\/www.laguiadepamplona.com\/actualidad\/wp-json\/wp\/v2\/types\/post"}],"author":[{"embeddable":true,"href":"https:\/\/www.laguiadepamplona.com\/actualidad\/wp-json\/wp\/v2\/users\/1"}],"replies":[{"embeddable":true,"href":"https:\/\/www.laguiadepamplona.com\/actualidad\/wp-json\/wp\/v2\/comments?post=42294"}],"version-history":[{"count":0,"href":"https:\/\/www.laguiadepamplona.com\/actualidad\/wp-json\/wp\/v2\/posts\/42294\/revisions"}],"wp:featuredmedia":[{"embeddable":true,"href":"https:\/\/www.laguiadepamplona.com\/actualidad\/wp-json\/wp\/v2\/media\/42295"}],"wp:attachment":[{"href":"https:\/\/www.laguiadepamplona.com\/actualidad\/wp-json\/wp\/v2\/media?parent=42294"}],"wp:term":[{"taxonomy":"category","embeddable":true,"href":"https:\/\/www.laguiadepamplona.com\/actualidad\/wp-json\/wp\/v2\/categories?post=42294"},{"taxonomy":"post_tag","embeddable":true,"href":"https:\/\/www.laguiadepamplona.com\/actualidad\/wp-json\/wp\/v2\/tags?post=42294"}],"curies":[{"name":"wp","href":"https:\/\/api.w.org\/{rel}","templated":true}]}}