{"id":42290,"date":"2022-11-23T14:51:42","date_gmt":"2022-11-23T12:51:42","guid":{"rendered":"https:\/\/www.laguiadepamplona.com\/actualidad\/?p=42290"},"modified":"2023-04-11T11:47:32","modified_gmt":"2023-04-11T09:47:32","slug":"un-grupo-de-12-personas-mayores-de-65-anos-aprenden-a-usar-las-nuevas-tecnologias-con-jovenes-voluntarios-gracias-a-los-talleres-viernes-intergeneracionales","status":"publish","type":"post","link":"https:\/\/www.laguiadepamplona.com\/actualidad\/un-grupo-de-12-personas-mayores-de-65-anos-aprenden-a-usar-las-nuevas-tecnologias-con-jovenes-voluntarios-gracias-a-los-talleres-viernes-intergeneracionales\/","title":{"rendered":"Un grupo de 12 personas mayores de 65 a\u00f1os aprenden a usar las nuevas tecnolog\u00edas con j\u00f3venes voluntarios gracias a los talleres \u2018Viernes intergeneracionales\u2019"},"content":{"rendered":"<h5>El programa, dentro de la oferta \u2018Pamplona te cuida\u2019, fomenta la solidaridad entre personas de distintas edades y promueve el envejecimiento saludable<\/h5>\n<p><!--more--><\/p>\n<p><a href=\"https:\/\/www.laguiadepamplona.com\/actualidad\/wp-content\/uploads\/2022\/11\/viernes-intergeneracionales-1a.webp\"><img loading=\"lazy\" decoding=\"async\" class=\"alignleft size-medium wp-image-42292\" src=\"https:\/\/www.laguiadepamplona.com\/actualidad\/wp-content\/uploads\/2022\/11\/viernes-intergeneracionales-1a-215x300.webp\" alt=\"\" width=\"215\" height=\"300\" srcset=\"https:\/\/www.laguiadepamplona.com\/actualidad\/wp-content\/uploads\/2022\/11\/viernes-intergeneracionales-1a-215x300.webp 215w, https:\/\/www.laguiadepamplona.com\/actualidad\/wp-content\/uploads\/2022\/11\/viernes-intergeneracionales-1a-488x682.webp 488w, https:\/\/www.laguiadepamplona.com\/actualidad\/wp-content\/uploads\/2022\/11\/viernes-intergeneracionales-1a-768x1073.webp 768w, https:\/\/www.laguiadepamplona.com\/actualidad\/wp-content\/uploads\/2022\/11\/viernes-intergeneracionales-1a-1100x1536.webp 1100w, https:\/\/www.laguiadepamplona.com\/actualidad\/wp-content\/uploads\/2022\/11\/viernes-intergeneracionales-1a-640x894.webp 640w, https:\/\/www.laguiadepamplona.com\/actualidad\/wp-content\/uploads\/2022\/11\/viernes-intergeneracionales-1a.webp 1432w\" sizes=\"auto, (max-width: 215px) 100vw, 215px\" \/><\/a>El Centro San Juan Bosco acoge esta semana la tercera sesi\u00f3n del taller municipal \u2018Viernes intergeneracionales\u2019, dentro de la estrategia \u2018Pamplona te cuida\u2019. Un grupo de 12 mayores de 65 a\u00f1os se benefician de la interacci\u00f3n con j\u00f3venes voluntarios y voluntarias de La Embajada COworkids, con quienes aprenden a sacar el m\u00e1ximo partido a su tel\u00e9fono m\u00f3vil. En estas sesiones se han familiarizado con las redes sociales, aplicaciones, navegaci\u00f3n por internet, el uso de whatsapp o las videollamadas.<br \/>\n<script async src=\"\/\/pagead2.googlesyndication.com\/pagead\/js\/adsbygoogle.js\"><\/script><br \/>\n<!-- Noticias La Guia de Pamplona --><br \/>\n<ins class=\"adsbygoogle\"\nstyle=\"display:block\"\ndata-ad-client=\"ca-pub-6943679897239327\"\ndata-ad-slot=\"7048180777\"\ndata-ad-format=\"auto\"><\/ins><br \/>\n<script>\n(adsbygoogle = window.adsbygoogle || []).push({});\n<\/script><\/p>\n<p>Las actividades intergeneracionales buscan incrementar la cooperaci\u00f3n, interacci\u00f3n e intercambio de conocimientos y experiencias entre personas de diferentes edades. Se consiguen as\u00ed beneficios individuales y sociales, con aprendizaje mutuo, solidaridad entre personas de distintas \u00e9pocas, promoci\u00f3n del envejecimiento activo a nivel f\u00edsico, psicol\u00f3gico y emocional, y supresi\u00f3n de estereotipos asociados a la edad.<\/p>\n<p>Los voluntarios son j\u00f3venes de 13 a 17 a\u00f1os que pertenecen al proyecto La Embajada COworkids, surgido de una participaci\u00f3n en el programa Erasmus+. La Embajada difunde las oportunidades de voluntariado de COworkids, celebra encuentros entre voluntariado joven en los que debaten asuntos de actualidad, identifica posibles temas de inter\u00e9s y organiza jornadas de formaci\u00f3n, como los talleres intergeneracionales.<\/p>\n<p>Esta primera colaboraci\u00f3n entre COworkids y \u2018Pamplona te cuida\u2019 se intensificar\u00e1 en el mes de diciembre, cuando se organizar\u00e1n talleres de manualidades navide\u00f1as conjuntos, entre otras actividades.<br \/>\n<script async src=\"\/\/pagead2.googlesyndication.com\/pagead\/js\/adsbygoogle.js\"><\/script><br \/>\n<!-- Noticias La Guia de Pamplona --><br \/>\n<ins class=\"adsbygoogle\"\nstyle=\"display:block\"\ndata-ad-client=\"ca-pub-6943679897239327\"\ndata-ad-slot=\"7048180777\"\ndata-ad-format=\"auto\"><\/ins><br \/>\n<script>\n(adsbygoogle = window.adsbygoogle || []).push({});\n<\/script><\/p>\n<p><strong>\u2018Pamplona te cuida\u2019<\/strong><\/p>\n<p>Los \u2018Viernes intergeneracionales\u2019 forman parte del programa \u2018Pamplona te cuida\u2019, que aglutina todas las actividades deportivas, cursos, talleres, servicios a domicilio, ayudas, subvenciones y herramientas de participaci\u00f3n para personas mayores de 65 a\u00f1os. Esta oferta municipal se ofrece de manera integrada, para facilitar el acceso de la ciudadan\u00eda, con el objetivo de fomentar el envejecimiento activo y saludable, promover la autonom\u00eda y garantizar una buena atenci\u00f3n que facilite una mejor calidad de vida.<\/p>\n","protected":false},"excerpt":{"rendered":"<p>El programa, dentro de la oferta \u2018Pamplona te cuida\u2019, fomenta la solidaridad entre personas de distintas edades y promueve el envejecimiento saludable<\/p>\n","protected":false},"author":1,"featured_media":42291,"comment_status":"open","ping_status":"closed","sticky":false,"template":"","format":"standard","meta":{"footnotes":""},"categories":[2],"tags":[],"class_list":["post-42290","post","type-post","status-publish","format-standard","has-post-thumbnail","hentry","category-ayuntamiento-pamplona"],"yoast_head":"<!-- This site is optimized with the Yoast SEO plugin v27.3 - https:\/\/yoast.com\/product\/yoast-seo-wordpress\/ -->\n<title>Un grupo de 12 personas mayores de 65 a\u00f1os aprenden a usar las nuevas tecnolog\u00edas con j\u00f3venes voluntarios gracias a los talleres \u2018Viernes intergeneracionales\u2019<\/title>\n<meta name=\"description\" content=\"El programa, dentro de la oferta \u2018Pamplona te cuida\u2019, fomenta la solidaridad entre personas de distintas edades y promueve el envejecimiento saludable\" \/>\n<meta name=\"robots\" content=\"index, follow, max-snippet:-1, max-image-preview:large, max-video-preview:-1\" \/>\n<link rel=\"canonical\" href=\"https:\/\/www.laguiadepamplona.com\/actualidad\/un-grupo-de-12-personas-mayores-de-65-anos-aprenden-a-usar-las-nuevas-tecnologias-con-jovenes-voluntarios-gracias-a-los-talleres-viernes-intergeneracionales\/\" \/>\n<meta property=\"og:locale\" content=\"es_ES\" \/>\n<meta property=\"og:type\" content=\"article\" \/>\n<meta property=\"og:title\" content=\"Un grupo de 12 personas mayores de 65 a\u00f1os aprenden a usar las nuevas tecnolog\u00edas con j\u00f3venes voluntarios gracias a los talleres \u2018Viernes intergeneracionales\u2019\" \/>\n<meta property=\"og:description\" content=\"El programa, dentro de la oferta \u2018Pamplona te cuida\u2019, fomenta la solidaridad entre personas de distintas edades y promueve el envejecimiento saludable\" \/>\n<meta property=\"og:url\" content=\"https:\/\/www.laguiadepamplona.com\/actualidad\/un-grupo-de-12-personas-mayores-de-65-anos-aprenden-a-usar-las-nuevas-tecnologias-con-jovenes-voluntarios-gracias-a-los-talleres-viernes-intergeneracionales\/\" \/>\n<meta property=\"og:site_name\" content=\"La Gu\u00eda de Pamplona\" \/>\n<meta property=\"article:publisher\" content=\"https:\/\/www.facebook.com\/laguiadepamplonacom-133175176762273\/?ref=hl\" \/>\n<meta property=\"article:published_time\" content=\"2022-11-23T12:51:42+00:00\" \/>\n<meta property=\"article:modified_time\" content=\"2023-04-11T09:47:32+00:00\" \/>\n<meta property=\"og:image\" content=\"https:\/\/www.laguiadepamplona.com\/actualidad\/wp-content\/uploads\/2022\/11\/viernes-intergeneracionales-1.webp\" \/>\n\t<meta property=\"og:image:width\" content=\"1920\" \/>\n\t<meta property=\"og:image:height\" content=\"1341\" \/>\n\t<meta property=\"og:image:type\" content=\"image\/webp\" \/>\n<meta name=\"author\" content=\"La Gu\u00eda de Pamplona\" \/>\n<meta name=\"twitter:card\" content=\"summary_large_image\" \/>\n<meta name=\"twitter:creator\" content=\"@LaGuiadPamplona\" \/>\n<meta name=\"twitter:site\" content=\"@LaGuiadPamplona\" \/>\n<meta name=\"twitter:label1\" content=\"Escrito por\" \/>\n\t<meta name=\"twitter:data1\" content=\"La Gu\u00eda de Pamplona\" \/>\n\t<meta name=\"twitter:label2\" content=\"Tiempo de lectura\" \/>\n\t<meta name=\"twitter:data2\" content=\"2 minutos\" \/>\n<script type=\"application\/ld+json\" class=\"yoast-schema-graph\">{\"@context\":\"https:\\\/\\\/schema.org\",\"@graph\":[{\"@type\":\"Article\",\"@id\":\"https:\\\/\\\/www.laguiadepamplona.com\\\/actualidad\\\/un-grupo-de-12-personas-mayores-de-65-anos-aprenden-a-usar-las-nuevas-tecnologias-con-jovenes-voluntarios-gracias-a-los-talleres-viernes-intergeneracionales\\\/#article\",\"isPartOf\":{\"@id\":\"https:\\\/\\\/www.laguiadepamplona.com\\\/actualidad\\\/un-grupo-de-12-personas-mayores-de-65-anos-aprenden-a-usar-las-nuevas-tecnologias-con-jovenes-voluntarios-gracias-a-los-talleres-viernes-intergeneracionales\\\/\"},\"author\":{\"name\":\"La Gu\u00eda de Pamplona\",\"@id\":\"https:\\\/\\\/www.laguiadepamplona.com\\\/actualidad\\\/#\\\/schema\\\/person\\\/efe887376f0213d4657c93adc50b1fdb\"},\"headline\":\"Un grupo de 12 personas mayores de 65 a\u00f1os aprenden a usar las nuevas tecnolog\u00edas con j\u00f3venes voluntarios gracias a los talleres \u2018Viernes intergeneracionales\u2019\",\"datePublished\":\"2022-11-23T12:51:42+00:00\",\"dateModified\":\"2023-04-11T09:47:32+00:00\",\"mainEntityOfPage\":{\"@id\":\"https:\\\/\\\/www.laguiadepamplona.com\\\/actualidad\\\/un-grupo-de-12-personas-mayores-de-65-anos-aprenden-a-usar-las-nuevas-tecnologias-con-jovenes-voluntarios-gracias-a-los-talleres-viernes-intergeneracionales\\\/\"},\"wordCount\":362,\"commentCount\":0,\"publisher\":{\"@id\":\"https:\\\/\\\/www.laguiadepamplona.com\\\/actualidad\\\/#organization\"},\"image\":{\"@id\":\"https:\\\/\\\/www.laguiadepamplona.com\\\/actualidad\\\/un-grupo-de-12-personas-mayores-de-65-anos-aprenden-a-usar-las-nuevas-tecnologias-con-jovenes-voluntarios-gracias-a-los-talleres-viernes-intergeneracionales\\\/#primaryimage\"},\"thumbnailUrl\":\"https:\\\/\\\/www.laguiadepamplona.com\\\/actualidad\\\/wp-content\\\/uploads\\\/2022\\\/11\\\/viernes-intergeneracionales-1.webp\",\"articleSection\":[\"Ayto Pamplona\"],\"inLanguage\":\"es\",\"potentialAction\":[{\"@type\":\"CommentAction\",\"name\":\"Comment\",\"target\":[\"https:\\\/\\\/www.laguiadepamplona.com\\\/actualidad\\\/un-grupo-de-12-personas-mayores-de-65-anos-aprenden-a-usar-las-nuevas-tecnologias-con-jovenes-voluntarios-gracias-a-los-talleres-viernes-intergeneracionales\\\/#respond\"]}]},{\"@type\":\"WebPage\",\"@id\":\"https:\\\/\\\/www.laguiadepamplona.com\\\/actualidad\\\/un-grupo-de-12-personas-mayores-de-65-anos-aprenden-a-usar-las-nuevas-tecnologias-con-jovenes-voluntarios-gracias-a-los-talleres-viernes-intergeneracionales\\\/\",\"url\":\"https:\\\/\\\/www.laguiadepamplona.com\\\/actualidad\\\/un-grupo-de-12-personas-mayores-de-65-anos-aprenden-a-usar-las-nuevas-tecnologias-con-jovenes-voluntarios-gracias-a-los-talleres-viernes-intergeneracionales\\\/\",\"name\":\"Un grupo de 12 personas mayores de 65 a\u00f1os aprenden a usar las nuevas tecnolog\u00edas con j\u00f3venes voluntarios gracias a los talleres \u2018Viernes intergeneracionales\u2019\",\"isPartOf\":{\"@id\":\"https:\\\/\\\/www.laguiadepamplona.com\\\/actualidad\\\/#website\"},\"primaryImageOfPage\":{\"@id\":\"https:\\\/\\\/www.laguiadepamplona.com\\\/actualidad\\\/un-grupo-de-12-personas-mayores-de-65-anos-aprenden-a-usar-las-nuevas-tecnologias-con-jovenes-voluntarios-gracias-a-los-talleres-viernes-intergeneracionales\\\/#primaryimage\"},\"image\":{\"@id\":\"https:\\\/\\\/www.laguiadepamplona.com\\\/actualidad\\\/un-grupo-de-12-personas-mayores-de-65-anos-aprenden-a-usar-las-nuevas-tecnologias-con-jovenes-voluntarios-gracias-a-los-talleres-viernes-intergeneracionales\\\/#primaryimage\"},\"thumbnailUrl\":\"https:\\\/\\\/www.laguiadepamplona.com\\\/actualidad\\\/wp-content\\\/uploads\\\/2022\\\/11\\\/viernes-intergeneracionales-1.webp\",\"datePublished\":\"2022-11-23T12:51:42+00:00\",\"dateModified\":\"2023-04-11T09:47:32+00:00\",\"description\":\"El programa, dentro de la oferta \u2018Pamplona te cuida\u2019, fomenta la solidaridad entre personas de distintas edades y promueve el envejecimiento saludable\",\"breadcrumb\":{\"@id\":\"https:\\\/\\\/www.laguiadepamplona.com\\\/actualidad\\\/un-grupo-de-12-personas-mayores-de-65-anos-aprenden-a-usar-las-nuevas-tecnologias-con-jovenes-voluntarios-gracias-a-los-talleres-viernes-intergeneracionales\\\/#breadcrumb\"},\"inLanguage\":\"es\",\"potentialAction\":[{\"@type\":\"ReadAction\",\"target\":[\"https:\\\/\\\/www.laguiadepamplona.com\\\/actualidad\\\/un-grupo-de-12-personas-mayores-de-65-anos-aprenden-a-usar-las-nuevas-tecnologias-con-jovenes-voluntarios-gracias-a-los-talleres-viernes-intergeneracionales\\\/\"]}]},{\"@type\":\"ImageObject\",\"inLanguage\":\"es\",\"@id\":\"https:\\\/\\\/www.laguiadepamplona.com\\\/actualidad\\\/un-grupo-de-12-personas-mayores-de-65-anos-aprenden-a-usar-las-nuevas-tecnologias-con-jovenes-voluntarios-gracias-a-los-talleres-viernes-intergeneracionales\\\/#primaryimage\",\"url\":\"https:\\\/\\\/www.laguiadepamplona.com\\\/actualidad\\\/wp-content\\\/uploads\\\/2022\\\/11\\\/viernes-intergeneracionales-1.webp\",\"contentUrl\":\"https:\\\/\\\/www.laguiadepamplona.com\\\/actualidad\\\/wp-content\\\/uploads\\\/2022\\\/11\\\/viernes-intergeneracionales-1.webp\",\"width\":1920,\"height\":1341},{\"@type\":\"BreadcrumbList\",\"@id\":\"https:\\\/\\\/www.laguiadepamplona.com\\\/actualidad\\\/un-grupo-de-12-personas-mayores-de-65-anos-aprenden-a-usar-las-nuevas-tecnologias-con-jovenes-voluntarios-gracias-a-los-talleres-viernes-intergeneracionales\\\/#breadcrumb\",\"itemListElement\":[{\"@type\":\"ListItem\",\"position\":1,\"name\":\"Portada\",\"item\":\"https:\\\/\\\/www.laguiadepamplona.com\\\/actualidad\\\/\"},{\"@type\":\"ListItem\",\"position\":2,\"name\":\"Un grupo de 12 personas mayores de 65 a\u00f1os aprenden a usar las nuevas tecnolog\u00edas con j\u00f3venes voluntarios gracias a los talleres \u2018Viernes intergeneracionales\u2019\"}]},{\"@type\":\"WebSite\",\"@id\":\"https:\\\/\\\/www.laguiadepamplona.com\\\/actualidad\\\/#website\",\"url\":\"https:\\\/\\\/www.laguiadepamplona.com\\\/actualidad\\\/\",\"name\":\"La gu\u00eda de Pamplona\",\"description\":\"Noticias de Pamplona\",\"publisher\":{\"@id\":\"https:\\\/\\\/www.laguiadepamplona.com\\\/actualidad\\\/#organization\"},\"potentialAction\":[{\"@type\":\"SearchAction\",\"target\":{\"@type\":\"EntryPoint\",\"urlTemplate\":\"https:\\\/\\\/www.laguiadepamplona.com\\\/actualidad\\\/?s={search_term_string}\"},\"query-input\":{\"@type\":\"PropertyValueSpecification\",\"valueRequired\":true,\"valueName\":\"search_term_string\"}}],\"inLanguage\":\"es\"},{\"@type\":\"Organization\",\"@id\":\"https:\\\/\\\/www.laguiadepamplona.com\\\/actualidad\\\/#organization\",\"name\":\"La Gu\u00eda de Pamplona \\\/ Noticias\",\"url\":\"https:\\\/\\\/www.laguiadepamplona.com\\\/actualidad\\\/\",\"logo\":{\"@type\":\"ImageObject\",\"inLanguage\":\"es\",\"@id\":\"https:\\\/\\\/www.laguiadepamplona.com\\\/actualidad\\\/#\\\/schema\\\/logo\\\/image\\\/\",\"url\":\"https:\\\/\\\/www.laguiadepamplona.com\\\/actualidad\\\/wp-content\\\/uploads\\\/2018\\\/11\\\/logo-laguiadepamplona18-web1.png\",\"contentUrl\":\"https:\\\/\\\/www.laguiadepamplona.com\\\/actualidad\\\/wp-content\\\/uploads\\\/2018\\\/11\\\/logo-laguiadepamplona18-web1.png\",\"width\":600,\"height\":196,\"caption\":\"La Gu\u00eda de Pamplona \\\/ Noticias\"},\"image\":{\"@id\":\"https:\\\/\\\/www.laguiadepamplona.com\\\/actualidad\\\/#\\\/schema\\\/logo\\\/image\\\/\"},\"sameAs\":[\"https:\\\/\\\/www.facebook.com\\\/laguiadepamplonacom-133175176762273\\\/?ref=hl\",\"https:\\\/\\\/x.com\\\/LaGuiadPamplona\",\"https:\\\/\\\/www.instagram.com\\\/la_guia_de_pamplona\\\/\",\"https:\\\/\\\/www.youtube.com\\\/user\\\/laguiadepamplona\"]},{\"@type\":\"Person\",\"@id\":\"https:\\\/\\\/www.laguiadepamplona.com\\\/actualidad\\\/#\\\/schema\\\/person\\\/efe887376f0213d4657c93adc50b1fdb\",\"name\":\"La Gu\u00eda de Pamplona\",\"image\":{\"@type\":\"ImageObject\",\"inLanguage\":\"es\",\"@id\":\"https:\\\/\\\/secure.gravatar.com\\\/avatar\\\/b6992f131dc8d30ab0dff15446e9d346d9dbd95992de0fef795073f5ea83a81c?s=96&d=mm&r=g\",\"url\":\"https:\\\/\\\/secure.gravatar.com\\\/avatar\\\/b6992f131dc8d30ab0dff15446e9d346d9dbd95992de0fef795073f5ea83a81c?s=96&d=mm&r=g\",\"contentUrl\":\"https:\\\/\\\/secure.gravatar.com\\\/avatar\\\/b6992f131dc8d30ab0dff15446e9d346d9dbd95992de0fef795073f5ea83a81c?s=96&d=mm&r=g\",\"caption\":\"La Gu\u00eda de Pamplona\"}}]}<\/script>\n<!-- \/ Yoast SEO plugin. -->","yoast_head_json":{"title":"Un grupo de 12 personas mayores de 65 a\u00f1os aprenden a usar las nuevas tecnolog\u00edas con j\u00f3venes voluntarios gracias a los talleres \u2018Viernes intergeneracionales\u2019","description":"El programa, dentro de la oferta \u2018Pamplona te cuida\u2019, fomenta la solidaridad entre personas de distintas edades y promueve el envejecimiento saludable","robots":{"index":"index","follow":"follow","max-snippet":"max-snippet:-1","max-image-preview":"max-image-preview:large","max-video-preview":"max-video-preview:-1"},"canonical":"https:\/\/www.laguiadepamplona.com\/actualidad\/un-grupo-de-12-personas-mayores-de-65-anos-aprenden-a-usar-las-nuevas-tecnologias-con-jovenes-voluntarios-gracias-a-los-talleres-viernes-intergeneracionales\/","og_locale":"es_ES","og_type":"article","og_title":"Un grupo de 12 personas mayores de 65 a\u00f1os aprenden a usar las nuevas tecnolog\u00edas con j\u00f3venes voluntarios gracias a los talleres \u2018Viernes intergeneracionales\u2019","og_description":"El programa, dentro de la oferta \u2018Pamplona te cuida\u2019, fomenta la solidaridad entre personas de distintas edades y promueve el envejecimiento saludable","og_url":"https:\/\/www.laguiadepamplona.com\/actualidad\/un-grupo-de-12-personas-mayores-de-65-anos-aprenden-a-usar-las-nuevas-tecnologias-con-jovenes-voluntarios-gracias-a-los-talleres-viernes-intergeneracionales\/","og_site_name":"La Gu\u00eda de Pamplona","article_publisher":"https:\/\/www.facebook.com\/laguiadepamplonacom-133175176762273\/?ref=hl","article_published_time":"2022-11-23T12:51:42+00:00","article_modified_time":"2023-04-11T09:47:32+00:00","og_image":[{"width":1920,"height":1341,"url":"https:\/\/www.laguiadepamplona.com\/actualidad\/wp-content\/uploads\/2022\/11\/viernes-intergeneracionales-1.webp","type":"image\/webp"}],"author":"La Gu\u00eda de Pamplona","twitter_card":"summary_large_image","twitter_creator":"@LaGuiadPamplona","twitter_site":"@LaGuiadPamplona","twitter_misc":{"Escrito por":"La Gu\u00eda de Pamplona","Tiempo de lectura":"2 minutos"},"schema":{"@context":"https:\/\/schema.org","@graph":[{"@type":"Article","@id":"https:\/\/www.laguiadepamplona.com\/actualidad\/un-grupo-de-12-personas-mayores-de-65-anos-aprenden-a-usar-las-nuevas-tecnologias-con-jovenes-voluntarios-gracias-a-los-talleres-viernes-intergeneracionales\/#article","isPartOf":{"@id":"https:\/\/www.laguiadepamplona.com\/actualidad\/un-grupo-de-12-personas-mayores-de-65-anos-aprenden-a-usar-las-nuevas-tecnologias-con-jovenes-voluntarios-gracias-a-los-talleres-viernes-intergeneracionales\/"},"author":{"name":"La Gu\u00eda de Pamplona","@id":"https:\/\/www.laguiadepamplona.com\/actualidad\/#\/schema\/person\/efe887376f0213d4657c93adc50b1fdb"},"headline":"Un grupo de 12 personas mayores de 65 a\u00f1os aprenden a usar las nuevas tecnolog\u00edas con j\u00f3venes voluntarios gracias a los talleres \u2018Viernes intergeneracionales\u2019","datePublished":"2022-11-23T12:51:42+00:00","dateModified":"2023-04-11T09:47:32+00:00","mainEntityOfPage":{"@id":"https:\/\/www.laguiadepamplona.com\/actualidad\/un-grupo-de-12-personas-mayores-de-65-anos-aprenden-a-usar-las-nuevas-tecnologias-con-jovenes-voluntarios-gracias-a-los-talleres-viernes-intergeneracionales\/"},"wordCount":362,"commentCount":0,"publisher":{"@id":"https:\/\/www.laguiadepamplona.com\/actualidad\/#organization"},"image":{"@id":"https:\/\/www.laguiadepamplona.com\/actualidad\/un-grupo-de-12-personas-mayores-de-65-anos-aprenden-a-usar-las-nuevas-tecnologias-con-jovenes-voluntarios-gracias-a-los-talleres-viernes-intergeneracionales\/#primaryimage"},"thumbnailUrl":"https:\/\/www.laguiadepamplona.com\/actualidad\/wp-content\/uploads\/2022\/11\/viernes-intergeneracionales-1.webp","articleSection":["Ayto Pamplona"],"inLanguage":"es","potentialAction":[{"@type":"CommentAction","name":"Comment","target":["https:\/\/www.laguiadepamplona.com\/actualidad\/un-grupo-de-12-personas-mayores-de-65-anos-aprenden-a-usar-las-nuevas-tecnologias-con-jovenes-voluntarios-gracias-a-los-talleres-viernes-intergeneracionales\/#respond"]}]},{"@type":"WebPage","@id":"https:\/\/www.laguiadepamplona.com\/actualidad\/un-grupo-de-12-personas-mayores-de-65-anos-aprenden-a-usar-las-nuevas-tecnologias-con-jovenes-voluntarios-gracias-a-los-talleres-viernes-intergeneracionales\/","url":"https:\/\/www.laguiadepamplona.com\/actualidad\/un-grupo-de-12-personas-mayores-de-65-anos-aprenden-a-usar-las-nuevas-tecnologias-con-jovenes-voluntarios-gracias-a-los-talleres-viernes-intergeneracionales\/","name":"Un grupo de 12 personas mayores de 65 a\u00f1os aprenden a usar las nuevas tecnolog\u00edas con j\u00f3venes voluntarios gracias a los talleres \u2018Viernes intergeneracionales\u2019","isPartOf":{"@id":"https:\/\/www.laguiadepamplona.com\/actualidad\/#website"},"primaryImageOfPage":{"@id":"https:\/\/www.laguiadepamplona.com\/actualidad\/un-grupo-de-12-personas-mayores-de-65-anos-aprenden-a-usar-las-nuevas-tecnologias-con-jovenes-voluntarios-gracias-a-los-talleres-viernes-intergeneracionales\/#primaryimage"},"image":{"@id":"https:\/\/www.laguiadepamplona.com\/actualidad\/un-grupo-de-12-personas-mayores-de-65-anos-aprenden-a-usar-las-nuevas-tecnologias-con-jovenes-voluntarios-gracias-a-los-talleres-viernes-intergeneracionales\/#primaryimage"},"thumbnailUrl":"https:\/\/www.laguiadepamplona.com\/actualidad\/wp-content\/uploads\/2022\/11\/viernes-intergeneracionales-1.webp","datePublished":"2022-11-23T12:51:42+00:00","dateModified":"2023-04-11T09:47:32+00:00","description":"El programa, dentro de la oferta \u2018Pamplona te cuida\u2019, fomenta la solidaridad entre personas de distintas edades y promueve el envejecimiento saludable","breadcrumb":{"@id":"https:\/\/www.laguiadepamplona.com\/actualidad\/un-grupo-de-12-personas-mayores-de-65-anos-aprenden-a-usar-las-nuevas-tecnologias-con-jovenes-voluntarios-gracias-a-los-talleres-viernes-intergeneracionales\/#breadcrumb"},"inLanguage":"es","potentialAction":[{"@type":"ReadAction","target":["https:\/\/www.laguiadepamplona.com\/actualidad\/un-grupo-de-12-personas-mayores-de-65-anos-aprenden-a-usar-las-nuevas-tecnologias-con-jovenes-voluntarios-gracias-a-los-talleres-viernes-intergeneracionales\/"]}]},{"@type":"ImageObject","inLanguage":"es","@id":"https:\/\/www.laguiadepamplona.com\/actualidad\/un-grupo-de-12-personas-mayores-de-65-anos-aprenden-a-usar-las-nuevas-tecnologias-con-jovenes-voluntarios-gracias-a-los-talleres-viernes-intergeneracionales\/#primaryimage","url":"https:\/\/www.laguiadepamplona.com\/actualidad\/wp-content\/uploads\/2022\/11\/viernes-intergeneracionales-1.webp","contentUrl":"https:\/\/www.laguiadepamplona.com\/actualidad\/wp-content\/uploads\/2022\/11\/viernes-intergeneracionales-1.webp","width":1920,"height":1341},{"@type":"BreadcrumbList","@id":"https:\/\/www.laguiadepamplona.com\/actualidad\/un-grupo-de-12-personas-mayores-de-65-anos-aprenden-a-usar-las-nuevas-tecnologias-con-jovenes-voluntarios-gracias-a-los-talleres-viernes-intergeneracionales\/#breadcrumb","itemListElement":[{"@type":"ListItem","position":1,"name":"Portada","item":"https:\/\/www.laguiadepamplona.com\/actualidad\/"},{"@type":"ListItem","position":2,"name":"Un grupo de 12 personas mayores de 65 a\u00f1os aprenden a usar las nuevas tecnolog\u00edas con j\u00f3venes voluntarios gracias a los talleres \u2018Viernes intergeneracionales\u2019"}]},{"@type":"WebSite","@id":"https:\/\/www.laguiadepamplona.com\/actualidad\/#website","url":"https:\/\/www.laguiadepamplona.com\/actualidad\/","name":"La gu\u00eda de Pamplona","description":"Noticias de Pamplona","publisher":{"@id":"https:\/\/www.laguiadepamplona.com\/actualidad\/#organization"},"potentialAction":[{"@type":"SearchAction","target":{"@type":"EntryPoint","urlTemplate":"https:\/\/www.laguiadepamplona.com\/actualidad\/?s={search_term_string}"},"query-input":{"@type":"PropertyValueSpecification","valueRequired":true,"valueName":"search_term_string"}}],"inLanguage":"es"},{"@type":"Organization","@id":"https:\/\/www.laguiadepamplona.com\/actualidad\/#organization","name":"La Gu\u00eda de Pamplona \/ Noticias","url":"https:\/\/www.laguiadepamplona.com\/actualidad\/","logo":{"@type":"ImageObject","inLanguage":"es","@id":"https:\/\/www.laguiadepamplona.com\/actualidad\/#\/schema\/logo\/image\/","url":"https:\/\/www.laguiadepamplona.com\/actualidad\/wp-content\/uploads\/2018\/11\/logo-laguiadepamplona18-web1.png","contentUrl":"https:\/\/www.laguiadepamplona.com\/actualidad\/wp-content\/uploads\/2018\/11\/logo-laguiadepamplona18-web1.png","width":600,"height":196,"caption":"La Gu\u00eda de Pamplona \/ Noticias"},"image":{"@id":"https:\/\/www.laguiadepamplona.com\/actualidad\/#\/schema\/logo\/image\/"},"sameAs":["https:\/\/www.facebook.com\/laguiadepamplonacom-133175176762273\/?ref=hl","https:\/\/x.com\/LaGuiadPamplona","https:\/\/www.instagram.com\/la_guia_de_pamplona\/","https:\/\/www.youtube.com\/user\/laguiadepamplona"]},{"@type":"Person","@id":"https:\/\/www.laguiadepamplona.com\/actualidad\/#\/schema\/person\/efe887376f0213d4657c93adc50b1fdb","name":"La Gu\u00eda de Pamplona","image":{"@type":"ImageObject","inLanguage":"es","@id":"https:\/\/secure.gravatar.com\/avatar\/b6992f131dc8d30ab0dff15446e9d346d9dbd95992de0fef795073f5ea83a81c?s=96&d=mm&r=g","url":"https:\/\/secure.gravatar.com\/avatar\/b6992f131dc8d30ab0dff15446e9d346d9dbd95992de0fef795073f5ea83a81c?s=96&d=mm&r=g","contentUrl":"https:\/\/secure.gravatar.com\/avatar\/b6992f131dc8d30ab0dff15446e9d346d9dbd95992de0fef795073f5ea83a81c?s=96&d=mm&r=g","caption":"La Gu\u00eda de Pamplona"}}]}},"post_mailing_queue_ids":[],"_links":{"self":[{"href":"https:\/\/www.laguiadepamplona.com\/actualidad\/wp-json\/wp\/v2\/posts\/42290","targetHints":{"allow":["GET"]}}],"collection":[{"href":"https:\/\/www.laguiadepamplona.com\/actualidad\/wp-json\/wp\/v2\/posts"}],"about":[{"href":"https:\/\/www.laguiadepamplona.com\/actualidad\/wp-json\/wp\/v2\/types\/post"}],"author":[{"embeddable":true,"href":"https:\/\/www.laguiadepamplona.com\/actualidad\/wp-json\/wp\/v2\/users\/1"}],"replies":[{"embeddable":true,"href":"https:\/\/www.laguiadepamplona.com\/actualidad\/wp-json\/wp\/v2\/comments?post=42290"}],"version-history":[{"count":0,"href":"https:\/\/www.laguiadepamplona.com\/actualidad\/wp-json\/wp\/v2\/posts\/42290\/revisions"}],"wp:featuredmedia":[{"embeddable":true,"href":"https:\/\/www.laguiadepamplona.com\/actualidad\/wp-json\/wp\/v2\/media\/42291"}],"wp:attachment":[{"href":"https:\/\/www.laguiadepamplona.com\/actualidad\/wp-json\/wp\/v2\/media?parent=42290"}],"wp:term":[{"taxonomy":"category","embeddable":true,"href":"https:\/\/www.laguiadepamplona.com\/actualidad\/wp-json\/wp\/v2\/categories?post=42290"},{"taxonomy":"post_tag","embeddable":true,"href":"https:\/\/www.laguiadepamplona.com\/actualidad\/wp-json\/wp\/v2\/tags?post=42290"}],"curies":[{"name":"wp","href":"https:\/\/api.w.org\/{rel}","templated":true}]}}