{"id":42285,"date":"2022-11-22T17:29:49","date_gmt":"2022-11-22T15:29:49","guid":{"rendered":"https:\/\/www.laguiadepamplona.com\/actualidad\/?p=42285"},"modified":"2023-04-11T11:47:32","modified_gmt":"2023-04-11T09:47:32","slug":"ayuntamiento-de-pamplona-y-c-a-osasuna-continuaran-con-su-colaboracion-en-diferentes-acciones-tras-avalar-la-justicia-el-contrato-de-patrocinio-firmado-en-junio","status":"publish","type":"post","link":"https:\/\/www.laguiadepamplona.com\/actualidad\/ayuntamiento-de-pamplona-y-c-a-osasuna-continuaran-con-su-colaboracion-en-diferentes-acciones-tras-avalar-la-justicia-el-contrato-de-patrocinio-firmado-en-junio\/","title":{"rendered":"Ayuntamiento de Pamplona y C.A. Osasuna continuar\u00e1n con su colaboraci\u00f3n en diferentes acciones tras avalar la justicia el contrato de patrocinio firmado en junio"},"content":{"rendered":"<p><!--more--><\/p>\n<p>El Ayuntamiento de Pamplona y el Club Atl\u00e9tico Osasuna mantienen los t\u00e9rminos del contrato de patrocinio firmado en el mes de junio para la promoci\u00f3n de la imagen de la ciudad. La Secci\u00f3n Primera de la Audiencia Provincial de Navarra considera que\u00a0esa relaci\u00f3n no es una subvenci\u00f3n p\u00fablica y s\u00ed un contrato publicitario, por lo que no se incumple la condena que proh\u00edbe al club rojillo recibir ayudas p\u00fablicas. Este auto judicial conlleva el archivo de la causa.<br \/>\n<script async src=\"\/\/pagead2.googlesyndication.com\/pagead\/js\/adsbygoogle.js\"><\/script><br \/>\n<!-- Noticias La Guia de Pamplona --><br \/>\n<ins class=\"adsbygoogle\"\nstyle=\"display:block\"\ndata-ad-client=\"ca-pub-6943679897239327\"\ndata-ad-slot=\"7048180777\"\ndata-ad-format=\"auto\"><\/ins><br \/>\n<script>\n(adsbygoogle = window.adsbygoogle || []).push({});\n<\/script><\/p>\n<p>El contrato de patrocinio entre el Ayuntamiento y el C.A. Osasuna se firm\u00f3 para tres a\u00f1os, con una cuant\u00eda anual de 100.000 euros, IVA incluido, para cada una de esas campa\u00f1as. Osasuna se compromet\u00eda, entre otras cuestiones de imagen, a colocar el logo del Ayuntamiento de Pamplona en seis vomitorios del estadio de El Sadar; a incluir publicidad del Consistorio en sus redes sociales antes de cada partido como local y tambi\u00e9n en el autob\u00fas del primer equipo.<\/p>\n<p>Adem\u00e1s, el acuerdo apostaba por la participaci\u00f3n de jugadores en actos o campa\u00f1as municipales, por abrir el estadio para visitas organizadas por el Ayuntamiento, por la celebraci\u00f3n de una escuela de f\u00fatbol con grupos de Coworkids, por la cesi\u00f3n de instalaciones para eventos municipales y por la entrega de localidades para una decena de partidos que el C.A. Osasuna jugu\u00e9 cada temporada en el estadio de El Sadar.<\/p>\n","protected":false},"excerpt":{"rendered":"","protected":false},"author":1,"featured_media":41690,"comment_status":"open","ping_status":"closed","sticky":false,"template":"","format":"standard","meta":{"footnotes":""},"categories":[2],"tags":[],"class_list":["post-42285","post","type-post","status-publish","format-standard","has-post-thumbnail","hentry","category-ayuntamiento-pamplona"],"yoast_head":"<!-- This site is optimized with the Yoast SEO plugin v27.3 - https:\/\/yoast.com\/product\/yoast-seo-wordpress\/ -->\n<title>Ayuntamiento de Pamplona y C.A. Osasuna continuar\u00e1n con su colaboraci\u00f3n en diferentes acciones tras avalar la justicia el contrato de patrocinio firmado en junio<\/title>\n<meta name=\"description\" content=\"El contrato de patrocinio entre el Ayuntamiento y el C.A. Osasuna se firm\u00f3 para tres a\u00f1os, con una cuant\u00eda anual de 100.000 euros.\" \/>\n<meta name=\"robots\" content=\"index, follow, max-snippet:-1, max-image-preview:large, max-video-preview:-1\" \/>\n<link rel=\"canonical\" href=\"https:\/\/www.laguiadepamplona.com\/actualidad\/ayuntamiento-de-pamplona-y-c-a-osasuna-continuaran-con-su-colaboracion-en-diferentes-acciones-tras-avalar-la-justicia-el-contrato-de-patrocinio-firmado-en-junio\/\" \/>\n<meta property=\"og:locale\" content=\"es_ES\" \/>\n<meta property=\"og:type\" content=\"article\" \/>\n<meta property=\"og:title\" content=\"Ayuntamiento de Pamplona y C.A. Osasuna continuar\u00e1n con su colaboraci\u00f3n en diferentes acciones tras avalar la justicia el contrato de patrocinio firmado en junio\" \/>\n<meta property=\"og:description\" content=\"El contrato de patrocinio entre el Ayuntamiento y el C.A. Osasuna se firm\u00f3 para tres a\u00f1os, con una cuant\u00eda anual de 100.000 euros.\" \/>\n<meta property=\"og:url\" content=\"https:\/\/www.laguiadepamplona.com\/actualidad\/ayuntamiento-de-pamplona-y-c-a-osasuna-continuaran-con-su-colaboracion-en-diferentes-acciones-tras-avalar-la-justicia-el-contrato-de-patrocinio-firmado-en-junio\/\" \/>\n<meta property=\"og:site_name\" content=\"La Gu\u00eda de Pamplona\" \/>\n<meta property=\"article:publisher\" content=\"https:\/\/www.facebook.com\/laguiadepamplonacom-133175176762273\/?ref=hl\" \/>\n<meta property=\"article:published_time\" content=\"2022-11-22T15:29:49+00:00\" \/>\n<meta property=\"article:modified_time\" content=\"2023-04-11T09:47:32+00:00\" \/>\n<meta property=\"og:image\" content=\"https:\/\/www.laguiadepamplona.com\/actualidad\/wp-content\/uploads\/2022\/09\/Q5A0071carril-bici-upna-22-09-21.webp\" \/>\n\t<meta property=\"og:image:width\" content=\"1920\" \/>\n\t<meta property=\"og:image:height\" content=\"1281\" \/>\n\t<meta property=\"og:image:type\" content=\"image\/webp\" \/>\n<meta name=\"author\" content=\"La Gu\u00eda de Pamplona\" \/>\n<meta name=\"twitter:card\" content=\"summary_large_image\" \/>\n<meta name=\"twitter:creator\" content=\"@LaGuiadPamplona\" \/>\n<meta name=\"twitter:site\" content=\"@LaGuiadPamplona\" \/>\n<meta name=\"twitter:label1\" content=\"Escrito por\" \/>\n\t<meta name=\"twitter:data1\" content=\"La Gu\u00eda de Pamplona\" \/>\n\t<meta name=\"twitter:label2\" content=\"Tiempo de lectura\" \/>\n\t<meta name=\"twitter:data2\" content=\"2 minutos\" \/>\n<script type=\"application\/ld+json\" class=\"yoast-schema-graph\">{\"@context\":\"https:\\\/\\\/schema.org\",\"@graph\":[{\"@type\":\"Article\",\"@id\":\"https:\\\/\\\/www.laguiadepamplona.com\\\/actualidad\\\/ayuntamiento-de-pamplona-y-c-a-osasuna-continuaran-con-su-colaboracion-en-diferentes-acciones-tras-avalar-la-justicia-el-contrato-de-patrocinio-firmado-en-junio\\\/#article\",\"isPartOf\":{\"@id\":\"https:\\\/\\\/www.laguiadepamplona.com\\\/actualidad\\\/ayuntamiento-de-pamplona-y-c-a-osasuna-continuaran-con-su-colaboracion-en-diferentes-acciones-tras-avalar-la-justicia-el-contrato-de-patrocinio-firmado-en-junio\\\/\"},\"author\":{\"name\":\"La Gu\u00eda de Pamplona\",\"@id\":\"https:\\\/\\\/www.laguiadepamplona.com\\\/actualidad\\\/#\\\/schema\\\/person\\\/efe887376f0213d4657c93adc50b1fdb\"},\"headline\":\"Ayuntamiento de Pamplona y C.A. Osasuna continuar\u00e1n con su colaboraci\u00f3n en diferentes acciones tras avalar la justicia el contrato de patrocinio firmado en junio\",\"datePublished\":\"2022-11-22T15:29:49+00:00\",\"dateModified\":\"2023-04-11T09:47:32+00:00\",\"mainEntityOfPage\":{\"@id\":\"https:\\\/\\\/www.laguiadepamplona.com\\\/actualidad\\\/ayuntamiento-de-pamplona-y-c-a-osasuna-continuaran-con-su-colaboracion-en-diferentes-acciones-tras-avalar-la-justicia-el-contrato-de-patrocinio-firmado-en-junio\\\/\"},\"wordCount\":274,\"commentCount\":0,\"publisher\":{\"@id\":\"https:\\\/\\\/www.laguiadepamplona.com\\\/actualidad\\\/#organization\"},\"image\":{\"@id\":\"https:\\\/\\\/www.laguiadepamplona.com\\\/actualidad\\\/ayuntamiento-de-pamplona-y-c-a-osasuna-continuaran-con-su-colaboracion-en-diferentes-acciones-tras-avalar-la-justicia-el-contrato-de-patrocinio-firmado-en-junio\\\/#primaryimage\"},\"thumbnailUrl\":\"https:\\\/\\\/www.laguiadepamplona.com\\\/actualidad\\\/wp-content\\\/uploads\\\/2022\\\/09\\\/Q5A0071carril-bici-upna-22-09-21.webp\",\"articleSection\":[\"Ayto Pamplona\"],\"inLanguage\":\"es\",\"potentialAction\":[{\"@type\":\"CommentAction\",\"name\":\"Comment\",\"target\":[\"https:\\\/\\\/www.laguiadepamplona.com\\\/actualidad\\\/ayuntamiento-de-pamplona-y-c-a-osasuna-continuaran-con-su-colaboracion-en-diferentes-acciones-tras-avalar-la-justicia-el-contrato-de-patrocinio-firmado-en-junio\\\/#respond\"]}]},{\"@type\":\"WebPage\",\"@id\":\"https:\\\/\\\/www.laguiadepamplona.com\\\/actualidad\\\/ayuntamiento-de-pamplona-y-c-a-osasuna-continuaran-con-su-colaboracion-en-diferentes-acciones-tras-avalar-la-justicia-el-contrato-de-patrocinio-firmado-en-junio\\\/\",\"url\":\"https:\\\/\\\/www.laguiadepamplona.com\\\/actualidad\\\/ayuntamiento-de-pamplona-y-c-a-osasuna-continuaran-con-su-colaboracion-en-diferentes-acciones-tras-avalar-la-justicia-el-contrato-de-patrocinio-firmado-en-junio\\\/\",\"name\":\"Ayuntamiento de Pamplona y C.A. Osasuna continuar\u00e1n con su colaboraci\u00f3n en diferentes acciones tras avalar la justicia el contrato de patrocinio firmado en junio\",\"isPartOf\":{\"@id\":\"https:\\\/\\\/www.laguiadepamplona.com\\\/actualidad\\\/#website\"},\"primaryImageOfPage\":{\"@id\":\"https:\\\/\\\/www.laguiadepamplona.com\\\/actualidad\\\/ayuntamiento-de-pamplona-y-c-a-osasuna-continuaran-con-su-colaboracion-en-diferentes-acciones-tras-avalar-la-justicia-el-contrato-de-patrocinio-firmado-en-junio\\\/#primaryimage\"},\"image\":{\"@id\":\"https:\\\/\\\/www.laguiadepamplona.com\\\/actualidad\\\/ayuntamiento-de-pamplona-y-c-a-osasuna-continuaran-con-su-colaboracion-en-diferentes-acciones-tras-avalar-la-justicia-el-contrato-de-patrocinio-firmado-en-junio\\\/#primaryimage\"},\"thumbnailUrl\":\"https:\\\/\\\/www.laguiadepamplona.com\\\/actualidad\\\/wp-content\\\/uploads\\\/2022\\\/09\\\/Q5A0071carril-bici-upna-22-09-21.webp\",\"datePublished\":\"2022-11-22T15:29:49+00:00\",\"dateModified\":\"2023-04-11T09:47:32+00:00\",\"description\":\"El contrato de patrocinio entre el Ayuntamiento y el C.A. Osasuna se firm\u00f3 para tres a\u00f1os, con una cuant\u00eda anual de 100.000 euros.\",\"breadcrumb\":{\"@id\":\"https:\\\/\\\/www.laguiadepamplona.com\\\/actualidad\\\/ayuntamiento-de-pamplona-y-c-a-osasuna-continuaran-con-su-colaboracion-en-diferentes-acciones-tras-avalar-la-justicia-el-contrato-de-patrocinio-firmado-en-junio\\\/#breadcrumb\"},\"inLanguage\":\"es\",\"potentialAction\":[{\"@type\":\"ReadAction\",\"target\":[\"https:\\\/\\\/www.laguiadepamplona.com\\\/actualidad\\\/ayuntamiento-de-pamplona-y-c-a-osasuna-continuaran-con-su-colaboracion-en-diferentes-acciones-tras-avalar-la-justicia-el-contrato-de-patrocinio-firmado-en-junio\\\/\"]}]},{\"@type\":\"ImageObject\",\"inLanguage\":\"es\",\"@id\":\"https:\\\/\\\/www.laguiadepamplona.com\\\/actualidad\\\/ayuntamiento-de-pamplona-y-c-a-osasuna-continuaran-con-su-colaboracion-en-diferentes-acciones-tras-avalar-la-justicia-el-contrato-de-patrocinio-firmado-en-junio\\\/#primaryimage\",\"url\":\"https:\\\/\\\/www.laguiadepamplona.com\\\/actualidad\\\/wp-content\\\/uploads\\\/2022\\\/09\\\/Q5A0071carril-bici-upna-22-09-21.webp\",\"contentUrl\":\"https:\\\/\\\/www.laguiadepamplona.com\\\/actualidad\\\/wp-content\\\/uploads\\\/2022\\\/09\\\/Q5A0071carril-bici-upna-22-09-21.webp\",\"width\":1920,\"height\":1281,\"caption\":\"carril bici osasuna sadar\"},{\"@type\":\"BreadcrumbList\",\"@id\":\"https:\\\/\\\/www.laguiadepamplona.com\\\/actualidad\\\/ayuntamiento-de-pamplona-y-c-a-osasuna-continuaran-con-su-colaboracion-en-diferentes-acciones-tras-avalar-la-justicia-el-contrato-de-patrocinio-firmado-en-junio\\\/#breadcrumb\",\"itemListElement\":[{\"@type\":\"ListItem\",\"position\":1,\"name\":\"Portada\",\"item\":\"https:\\\/\\\/www.laguiadepamplona.com\\\/actualidad\\\/\"},{\"@type\":\"ListItem\",\"position\":2,\"name\":\"Ayuntamiento de Pamplona y C.A. Osasuna continuar\u00e1n con su colaboraci\u00f3n en diferentes acciones tras avalar la justicia el contrato de patrocinio firmado en junio\"}]},{\"@type\":\"WebSite\",\"@id\":\"https:\\\/\\\/www.laguiadepamplona.com\\\/actualidad\\\/#website\",\"url\":\"https:\\\/\\\/www.laguiadepamplona.com\\\/actualidad\\\/\",\"name\":\"La gu\u00eda de Pamplona\",\"description\":\"Noticias de Pamplona\",\"publisher\":{\"@id\":\"https:\\\/\\\/www.laguiadepamplona.com\\\/actualidad\\\/#organization\"},\"potentialAction\":[{\"@type\":\"SearchAction\",\"target\":{\"@type\":\"EntryPoint\",\"urlTemplate\":\"https:\\\/\\\/www.laguiadepamplona.com\\\/actualidad\\\/?s={search_term_string}\"},\"query-input\":{\"@type\":\"PropertyValueSpecification\",\"valueRequired\":true,\"valueName\":\"search_term_string\"}}],\"inLanguage\":\"es\"},{\"@type\":\"Organization\",\"@id\":\"https:\\\/\\\/www.laguiadepamplona.com\\\/actualidad\\\/#organization\",\"name\":\"La Gu\u00eda de Pamplona \\\/ Noticias\",\"url\":\"https:\\\/\\\/www.laguiadepamplona.com\\\/actualidad\\\/\",\"logo\":{\"@type\":\"ImageObject\",\"inLanguage\":\"es\",\"@id\":\"https:\\\/\\\/www.laguiadepamplona.com\\\/actualidad\\\/#\\\/schema\\\/logo\\\/image\\\/\",\"url\":\"https:\\\/\\\/www.laguiadepamplona.com\\\/actualidad\\\/wp-content\\\/uploads\\\/2018\\\/11\\\/logo-laguiadepamplona18-web1.png\",\"contentUrl\":\"https:\\\/\\\/www.laguiadepamplona.com\\\/actualidad\\\/wp-content\\\/uploads\\\/2018\\\/11\\\/logo-laguiadepamplona18-web1.png\",\"width\":600,\"height\":196,\"caption\":\"La Gu\u00eda de Pamplona \\\/ Noticias\"},\"image\":{\"@id\":\"https:\\\/\\\/www.laguiadepamplona.com\\\/actualidad\\\/#\\\/schema\\\/logo\\\/image\\\/\"},\"sameAs\":[\"https:\\\/\\\/www.facebook.com\\\/laguiadepamplonacom-133175176762273\\\/?ref=hl\",\"https:\\\/\\\/x.com\\\/LaGuiadPamplona\",\"https:\\\/\\\/www.instagram.com\\\/la_guia_de_pamplona\\\/\",\"https:\\\/\\\/www.youtube.com\\\/user\\\/laguiadepamplona\"]},{\"@type\":\"Person\",\"@id\":\"https:\\\/\\\/www.laguiadepamplona.com\\\/actualidad\\\/#\\\/schema\\\/person\\\/efe887376f0213d4657c93adc50b1fdb\",\"name\":\"La Gu\u00eda de Pamplona\",\"image\":{\"@type\":\"ImageObject\",\"inLanguage\":\"es\",\"@id\":\"https:\\\/\\\/secure.gravatar.com\\\/avatar\\\/b6992f131dc8d30ab0dff15446e9d346d9dbd95992de0fef795073f5ea83a81c?s=96&d=mm&r=g\",\"url\":\"https:\\\/\\\/secure.gravatar.com\\\/avatar\\\/b6992f131dc8d30ab0dff15446e9d346d9dbd95992de0fef795073f5ea83a81c?s=96&d=mm&r=g\",\"contentUrl\":\"https:\\\/\\\/secure.gravatar.com\\\/avatar\\\/b6992f131dc8d30ab0dff15446e9d346d9dbd95992de0fef795073f5ea83a81c?s=96&d=mm&r=g\",\"caption\":\"La Gu\u00eda de Pamplona\"}}]}<\/script>\n<!-- \/ Yoast SEO plugin. -->","yoast_head_json":{"title":"Ayuntamiento de Pamplona y C.A. Osasuna continuar\u00e1n con su colaboraci\u00f3n en diferentes acciones tras avalar la justicia el contrato de patrocinio firmado en junio","description":"El contrato de patrocinio entre el Ayuntamiento y el C.A. Osasuna se firm\u00f3 para tres a\u00f1os, con una cuant\u00eda anual de 100.000 euros.","robots":{"index":"index","follow":"follow","max-snippet":"max-snippet:-1","max-image-preview":"max-image-preview:large","max-video-preview":"max-video-preview:-1"},"canonical":"https:\/\/www.laguiadepamplona.com\/actualidad\/ayuntamiento-de-pamplona-y-c-a-osasuna-continuaran-con-su-colaboracion-en-diferentes-acciones-tras-avalar-la-justicia-el-contrato-de-patrocinio-firmado-en-junio\/","og_locale":"es_ES","og_type":"article","og_title":"Ayuntamiento de Pamplona y C.A. Osasuna continuar\u00e1n con su colaboraci\u00f3n en diferentes acciones tras avalar la justicia el contrato de patrocinio firmado en junio","og_description":"El contrato de patrocinio entre el Ayuntamiento y el C.A. Osasuna se firm\u00f3 para tres a\u00f1os, con una cuant\u00eda anual de 100.000 euros.","og_url":"https:\/\/www.laguiadepamplona.com\/actualidad\/ayuntamiento-de-pamplona-y-c-a-osasuna-continuaran-con-su-colaboracion-en-diferentes-acciones-tras-avalar-la-justicia-el-contrato-de-patrocinio-firmado-en-junio\/","og_site_name":"La Gu\u00eda de Pamplona","article_publisher":"https:\/\/www.facebook.com\/laguiadepamplonacom-133175176762273\/?ref=hl","article_published_time":"2022-11-22T15:29:49+00:00","article_modified_time":"2023-04-11T09:47:32+00:00","og_image":[{"width":1920,"height":1281,"url":"https:\/\/www.laguiadepamplona.com\/actualidad\/wp-content\/uploads\/2022\/09\/Q5A0071carril-bici-upna-22-09-21.webp","type":"image\/webp"}],"author":"La Gu\u00eda de Pamplona","twitter_card":"summary_large_image","twitter_creator":"@LaGuiadPamplona","twitter_site":"@LaGuiadPamplona","twitter_misc":{"Escrito por":"La Gu\u00eda de Pamplona","Tiempo de lectura":"2 minutos"},"schema":{"@context":"https:\/\/schema.org","@graph":[{"@type":"Article","@id":"https:\/\/www.laguiadepamplona.com\/actualidad\/ayuntamiento-de-pamplona-y-c-a-osasuna-continuaran-con-su-colaboracion-en-diferentes-acciones-tras-avalar-la-justicia-el-contrato-de-patrocinio-firmado-en-junio\/#article","isPartOf":{"@id":"https:\/\/www.laguiadepamplona.com\/actualidad\/ayuntamiento-de-pamplona-y-c-a-osasuna-continuaran-con-su-colaboracion-en-diferentes-acciones-tras-avalar-la-justicia-el-contrato-de-patrocinio-firmado-en-junio\/"},"author":{"name":"La Gu\u00eda de Pamplona","@id":"https:\/\/www.laguiadepamplona.com\/actualidad\/#\/schema\/person\/efe887376f0213d4657c93adc50b1fdb"},"headline":"Ayuntamiento de Pamplona y C.A. Osasuna continuar\u00e1n con su colaboraci\u00f3n en diferentes acciones tras avalar la justicia el contrato de patrocinio firmado en junio","datePublished":"2022-11-22T15:29:49+00:00","dateModified":"2023-04-11T09:47:32+00:00","mainEntityOfPage":{"@id":"https:\/\/www.laguiadepamplona.com\/actualidad\/ayuntamiento-de-pamplona-y-c-a-osasuna-continuaran-con-su-colaboracion-en-diferentes-acciones-tras-avalar-la-justicia-el-contrato-de-patrocinio-firmado-en-junio\/"},"wordCount":274,"commentCount":0,"publisher":{"@id":"https:\/\/www.laguiadepamplona.com\/actualidad\/#organization"},"image":{"@id":"https:\/\/www.laguiadepamplona.com\/actualidad\/ayuntamiento-de-pamplona-y-c-a-osasuna-continuaran-con-su-colaboracion-en-diferentes-acciones-tras-avalar-la-justicia-el-contrato-de-patrocinio-firmado-en-junio\/#primaryimage"},"thumbnailUrl":"https:\/\/www.laguiadepamplona.com\/actualidad\/wp-content\/uploads\/2022\/09\/Q5A0071carril-bici-upna-22-09-21.webp","articleSection":["Ayto Pamplona"],"inLanguage":"es","potentialAction":[{"@type":"CommentAction","name":"Comment","target":["https:\/\/www.laguiadepamplona.com\/actualidad\/ayuntamiento-de-pamplona-y-c-a-osasuna-continuaran-con-su-colaboracion-en-diferentes-acciones-tras-avalar-la-justicia-el-contrato-de-patrocinio-firmado-en-junio\/#respond"]}]},{"@type":"WebPage","@id":"https:\/\/www.laguiadepamplona.com\/actualidad\/ayuntamiento-de-pamplona-y-c-a-osasuna-continuaran-con-su-colaboracion-en-diferentes-acciones-tras-avalar-la-justicia-el-contrato-de-patrocinio-firmado-en-junio\/","url":"https:\/\/www.laguiadepamplona.com\/actualidad\/ayuntamiento-de-pamplona-y-c-a-osasuna-continuaran-con-su-colaboracion-en-diferentes-acciones-tras-avalar-la-justicia-el-contrato-de-patrocinio-firmado-en-junio\/","name":"Ayuntamiento de Pamplona y C.A. Osasuna continuar\u00e1n con su colaboraci\u00f3n en diferentes acciones tras avalar la justicia el contrato de patrocinio firmado en junio","isPartOf":{"@id":"https:\/\/www.laguiadepamplona.com\/actualidad\/#website"},"primaryImageOfPage":{"@id":"https:\/\/www.laguiadepamplona.com\/actualidad\/ayuntamiento-de-pamplona-y-c-a-osasuna-continuaran-con-su-colaboracion-en-diferentes-acciones-tras-avalar-la-justicia-el-contrato-de-patrocinio-firmado-en-junio\/#primaryimage"},"image":{"@id":"https:\/\/www.laguiadepamplona.com\/actualidad\/ayuntamiento-de-pamplona-y-c-a-osasuna-continuaran-con-su-colaboracion-en-diferentes-acciones-tras-avalar-la-justicia-el-contrato-de-patrocinio-firmado-en-junio\/#primaryimage"},"thumbnailUrl":"https:\/\/www.laguiadepamplona.com\/actualidad\/wp-content\/uploads\/2022\/09\/Q5A0071carril-bici-upna-22-09-21.webp","datePublished":"2022-11-22T15:29:49+00:00","dateModified":"2023-04-11T09:47:32+00:00","description":"El contrato de patrocinio entre el Ayuntamiento y el C.A. Osasuna se firm\u00f3 para tres a\u00f1os, con una cuant\u00eda anual de 100.000 euros.","breadcrumb":{"@id":"https:\/\/www.laguiadepamplona.com\/actualidad\/ayuntamiento-de-pamplona-y-c-a-osasuna-continuaran-con-su-colaboracion-en-diferentes-acciones-tras-avalar-la-justicia-el-contrato-de-patrocinio-firmado-en-junio\/#breadcrumb"},"inLanguage":"es","potentialAction":[{"@type":"ReadAction","target":["https:\/\/www.laguiadepamplona.com\/actualidad\/ayuntamiento-de-pamplona-y-c-a-osasuna-continuaran-con-su-colaboracion-en-diferentes-acciones-tras-avalar-la-justicia-el-contrato-de-patrocinio-firmado-en-junio\/"]}]},{"@type":"ImageObject","inLanguage":"es","@id":"https:\/\/www.laguiadepamplona.com\/actualidad\/ayuntamiento-de-pamplona-y-c-a-osasuna-continuaran-con-su-colaboracion-en-diferentes-acciones-tras-avalar-la-justicia-el-contrato-de-patrocinio-firmado-en-junio\/#primaryimage","url":"https:\/\/www.laguiadepamplona.com\/actualidad\/wp-content\/uploads\/2022\/09\/Q5A0071carril-bici-upna-22-09-21.webp","contentUrl":"https:\/\/www.laguiadepamplona.com\/actualidad\/wp-content\/uploads\/2022\/09\/Q5A0071carril-bici-upna-22-09-21.webp","width":1920,"height":1281,"caption":"carril bici osasuna sadar"},{"@type":"BreadcrumbList","@id":"https:\/\/www.laguiadepamplona.com\/actualidad\/ayuntamiento-de-pamplona-y-c-a-osasuna-continuaran-con-su-colaboracion-en-diferentes-acciones-tras-avalar-la-justicia-el-contrato-de-patrocinio-firmado-en-junio\/#breadcrumb","itemListElement":[{"@type":"ListItem","position":1,"name":"Portada","item":"https:\/\/www.laguiadepamplona.com\/actualidad\/"},{"@type":"ListItem","position":2,"name":"Ayuntamiento de Pamplona y C.A. Osasuna continuar\u00e1n con su colaboraci\u00f3n en diferentes acciones tras avalar la justicia el contrato de patrocinio firmado en junio"}]},{"@type":"WebSite","@id":"https:\/\/www.laguiadepamplona.com\/actualidad\/#website","url":"https:\/\/www.laguiadepamplona.com\/actualidad\/","name":"La gu\u00eda de Pamplona","description":"Noticias de Pamplona","publisher":{"@id":"https:\/\/www.laguiadepamplona.com\/actualidad\/#organization"},"potentialAction":[{"@type":"SearchAction","target":{"@type":"EntryPoint","urlTemplate":"https:\/\/www.laguiadepamplona.com\/actualidad\/?s={search_term_string}"},"query-input":{"@type":"PropertyValueSpecification","valueRequired":true,"valueName":"search_term_string"}}],"inLanguage":"es"},{"@type":"Organization","@id":"https:\/\/www.laguiadepamplona.com\/actualidad\/#organization","name":"La Gu\u00eda de Pamplona \/ Noticias","url":"https:\/\/www.laguiadepamplona.com\/actualidad\/","logo":{"@type":"ImageObject","inLanguage":"es","@id":"https:\/\/www.laguiadepamplona.com\/actualidad\/#\/schema\/logo\/image\/","url":"https:\/\/www.laguiadepamplona.com\/actualidad\/wp-content\/uploads\/2018\/11\/logo-laguiadepamplona18-web1.png","contentUrl":"https:\/\/www.laguiadepamplona.com\/actualidad\/wp-content\/uploads\/2018\/11\/logo-laguiadepamplona18-web1.png","width":600,"height":196,"caption":"La Gu\u00eda de Pamplona \/ Noticias"},"image":{"@id":"https:\/\/www.laguiadepamplona.com\/actualidad\/#\/schema\/logo\/image\/"},"sameAs":["https:\/\/www.facebook.com\/laguiadepamplonacom-133175176762273\/?ref=hl","https:\/\/x.com\/LaGuiadPamplona","https:\/\/www.instagram.com\/la_guia_de_pamplona\/","https:\/\/www.youtube.com\/user\/laguiadepamplona"]},{"@type":"Person","@id":"https:\/\/www.laguiadepamplona.com\/actualidad\/#\/schema\/person\/efe887376f0213d4657c93adc50b1fdb","name":"La Gu\u00eda de Pamplona","image":{"@type":"ImageObject","inLanguage":"es","@id":"https:\/\/secure.gravatar.com\/avatar\/b6992f131dc8d30ab0dff15446e9d346d9dbd95992de0fef795073f5ea83a81c?s=96&d=mm&r=g","url":"https:\/\/secure.gravatar.com\/avatar\/b6992f131dc8d30ab0dff15446e9d346d9dbd95992de0fef795073f5ea83a81c?s=96&d=mm&r=g","contentUrl":"https:\/\/secure.gravatar.com\/avatar\/b6992f131dc8d30ab0dff15446e9d346d9dbd95992de0fef795073f5ea83a81c?s=96&d=mm&r=g","caption":"La Gu\u00eda de Pamplona"}}]}},"post_mailing_queue_ids":[],"_links":{"self":[{"href":"https:\/\/www.laguiadepamplona.com\/actualidad\/wp-json\/wp\/v2\/posts\/42285","targetHints":{"allow":["GET"]}}],"collection":[{"href":"https:\/\/www.laguiadepamplona.com\/actualidad\/wp-json\/wp\/v2\/posts"}],"about":[{"href":"https:\/\/www.laguiadepamplona.com\/actualidad\/wp-json\/wp\/v2\/types\/post"}],"author":[{"embeddable":true,"href":"https:\/\/www.laguiadepamplona.com\/actualidad\/wp-json\/wp\/v2\/users\/1"}],"replies":[{"embeddable":true,"href":"https:\/\/www.laguiadepamplona.com\/actualidad\/wp-json\/wp\/v2\/comments?post=42285"}],"version-history":[{"count":0,"href":"https:\/\/www.laguiadepamplona.com\/actualidad\/wp-json\/wp\/v2\/posts\/42285\/revisions"}],"wp:featuredmedia":[{"embeddable":true,"href":"https:\/\/www.laguiadepamplona.com\/actualidad\/wp-json\/wp\/v2\/media\/41690"}],"wp:attachment":[{"href":"https:\/\/www.laguiadepamplona.com\/actualidad\/wp-json\/wp\/v2\/media?parent=42285"}],"wp:term":[{"taxonomy":"category","embeddable":true,"href":"https:\/\/www.laguiadepamplona.com\/actualidad\/wp-json\/wp\/v2\/categories?post=42285"},{"taxonomy":"post_tag","embeddable":true,"href":"https:\/\/www.laguiadepamplona.com\/actualidad\/wp-json\/wp\/v2\/tags?post=42285"}],"curies":[{"name":"wp","href":"https:\/\/api.w.org\/{rel}","templated":true}]}}