{"id":42282,"date":"2022-11-22T17:28:12","date_gmt":"2022-11-22T15:28:12","guid":{"rendered":"https:\/\/www.laguiadepamplona.com\/actualidad\/?p=42282"},"modified":"2023-04-11T11:47:32","modified_gmt":"2023-04-11T09:47:32","slug":"pamplona-pone-el-foco-en-la-discriminacion-de-la-mujer-con-discapacidad-en-el-dia-internacional-de-la-eliminacion-de-la-violencia-contra-las-mujeres","status":"publish","type":"post","link":"https:\/\/www.laguiadepamplona.com\/actualidad\/pamplona-pone-el-foco-en-la-discriminacion-de-la-mujer-con-discapacidad-en-el-dia-internacional-de-la-eliminacion-de-la-violencia-contra-las-mujeres\/","title":{"rendered":"Pamplona pone el foco en la discriminaci\u00f3n de la mujer con discapacidad en el D\u00eda Internacional de la Eliminaci\u00f3n de la Violencia contra las Mujeres"},"content":{"rendered":"<h5>El Ayuntamiento ha adaptado la campa\u00f1a \u2018Libre que me quiero libre\u2019, que se suma a la iniciativa de la Federaci\u00f3n Navarra de Municipios y Concejos<\/h5>\n<p><!--more--><\/p>\n<p>Coincidiendo con el D\u00eda Internacional de la Eliminaci\u00f3n de la Violencia contra las Mujeres este 25 de noviembre, el Ayuntamiento de Pamplona ha querido centrar la atenci\u00f3n en las mujeres con discapacidad, adaptado la campa\u00f1a \u2018Libre que me quiero libre\u2019 a ellas, ya que estas personas sufren una doble discriminaci\u00f3n. Seg\u00fan diversos estudios, el riesgo que tienen de sufrir violencia machista es casi cinco veces mayor que el de mujeres sin discapacidad. Es por ello que el Consistorio ha presentado una nueva imagen de la campa\u00f1a reflejando mujeres con alguna discapacidad, como auditiva, visual, cognitiva o f\u00edsica, pero manteniendo un lema claro: \u2018Libre que me quiero libre\u2019. Con esta propuesta, Pamplona quiere visibilizar la realidad de estas mujeres y mostrar los recursos municipales disponibles adaptados a diferentes lenguajes.<\/p>\n<p>El cartel dise\u00f1ado con el mensaje \u2018Por todas las mujeres, contra todo tipo de violencias\/ Emakume guztiengatik, indarkeria mota guztien contra\u2019 recoge a mujeres de distintas edades y con diversas discapacidades: visual, motora, de audici\u00f3n y discapacidad cognitiva. El dise\u00f1o en castellano y euskera incluye un c\u00f3digo Navilens, un QR de color a que se accede por dispositivos m\u00f3viles a trav\u00e9s de la app NaviLensGO, que busca una comunicaci\u00f3n accesible a trav\u00e9s de contenidos editados en lectura f\u00e1cil, un v\u00eddeo en lenguaje signado y un audio preparado para personas con discapacidad visual.<br \/>\n<script async src=\"\/\/pagead2.googlesyndication.com\/pagead\/js\/adsbygoogle.js\"><\/script><br \/>\n<!-- Noticias La Guia de Pamplona --><br \/>\n<ins class=\"adsbygoogle\"\nstyle=\"display:block\"\ndata-ad-client=\"ca-pub-6943679897239327\"\ndata-ad-slot=\"7048180777\"\ndata-ad-format=\"auto\"><\/ins><br \/>\n<script>\n(adsbygoogle = window.adsbygoogle || []).push({});\n<\/script><\/p>\n<p>Esta campa\u00f1a se suma a la iniciativa impulsada por la Federaci\u00f3n Navarra de Municipios y Concejos y la red de t\u00e9cnicas de igualdad de Navarra, de cara a este 25 de noviembre. En este caso, la campa\u00f1a gira en torno al lema \u2018La violencia contra las mujeres existe y hay responsables\u2019, convertido en declaraci\u00f3n institucional com\u00fan a entidades locales e instituciones, a la que se ha adherido esta ma\u00f1ana la Comisi\u00f3n de Asuntos Ciudadanos del Ayuntamiento de Pamplona, y de la que este pr\u00f3ximo viernes se har\u00e1 una lectura p\u00fablica en la plaza Consistorial a las 12 del mediod\u00eda. En esa misma concentraci\u00f3n se mostrar\u00e1 la adaptaci\u00f3n del cartel \u2018Libre que te quiero libre\u2019.<\/p>\n<p>Por la tarde, el Consistorio anima a la ciudadan\u00eda a participar en la movilizaci\u00f3n convocada por la Plataforma de Mujeres contra las Agresiones Sexistas que tendr\u00e1 lugar el viernes 25 de noviembre a las 20 horas en la Plaza del Castillo. Y como ya es habitual, la fachada de la Casa Consistorial se iluminar\u00e1 e morado como acci\u00f3n de recordatorio de que Pamplona est\u00e1 en contra de \u201ctodo tipo de violencia machista producto de las m\u00faltiples discriminaciones que sufren las mujeres en cualquier \u00e1mbito y contexto\u201d (\u2026), y se solidariza \u201dcon las mujeres y ni\u00f1as agredidas o asesinadas, con las mujeres y sus hijas e hijos que enfrentan la violencia sexista\u201d a la vez que insta \u201ca todos los hombres de todas las edades a asumir compromisos y posiciones activas frente a todo tipo de violencia hacia las mujeres\u201d.<\/p>\n<p>El objetivo de todas estas acciones es sumar voces y apoyos an\u00f3nimos e institucionales al esfuerzo com\u00fan de visibilizar que la violencia s\u00ed tiene g\u00e9nero y que las Administraciones P\u00fablicas se comprometen a trabajar activamente contra todas las desigualdades estructurales que generan violencias contra las mujeres.<br \/>\n<script async src=\"\/\/pagead2.googlesyndication.com\/pagead\/js\/adsbygoogle.js\"><\/script><br \/>\n<!-- Noticias La Guia de Pamplona --><br \/>\n<ins class=\"adsbygoogle\"\nstyle=\"display:block\"\ndata-ad-client=\"ca-pub-6943679897239327\"\ndata-ad-slot=\"7048180777\"\ndata-ad-format=\"auto\"><\/ins><br \/>\n<script>\n(adsbygoogle = window.adsbygoogle || []).push({});\n<\/script><\/p>\n<p><strong>\u2018Libre que me quiero libre\u2019<\/strong><\/p>\n<p>\u2018Libre que me quiero libre\u2019 es una campa\u00f1a institucional del Ayuntamiento de Pamplona para dar a conocer a las mujeres recursos y espacios para el empoderamiento, la prevenci\u00f3n frente a la violencia y la concienciaci\u00f3n social. La apuesta de comunicaci\u00f3n naci\u00f3 en febrero de 2021, tras el confinamiento, y en lugar de los cuatro tipos de discapacidad que se reflejan en el cartel del 25 N, se ilustraba con mujeres diferentes etapas de su vida: madurez, mediana edad, juventud y adolescencia.<\/p>\n<p>La idea de la campa\u00f1a engloba la reacci\u00f3n ante situaciones de violencia, pero su objetivo es m\u00e1s amplio ya que recuerda que la prevenci\u00f3n y la conciencia de las mujeres sobre su libertad est\u00e1 tambi\u00e9n respaldada por recursos p\u00fablicos y gratuitos: espacios en los que formarse, conocer otros modos de vida o crear redes de apoyo. As\u00ed, mujeres y ni\u00f1as de Pamplona tienen disponibles, entre otros, la Casa de las Mujeres de Pamplona (calle Aoiz, 9 y tel\u00e9fono 948110230), el Centro de Documentaci\u00f3n-Biblioteca de Mujeres (en la Casa de la Mujeres, tel\u00e9fono 948225991 y <a href=\"mailto:mujeres@fundacionipes.org\">mujeres@fundacionipes.org<\/a>), Ematic-Centro de informaci\u00f3n, formaci\u00f3n\u00a0 y asesoramiento inform\u00e1tico para mujeres (calle Compa\u00f1\u00eda, 19, tel\u00e9fono 948224594 y <a href=\"mailto:ematic@pamplona.es\">ematic@pamplona.es<\/a>) o Harrotu-Servicio municipal para la diversidad sexual y de g\u00e9nero (calle San Gregorio, 28, tel\u00e9fono: 948 22 63 26 y <a href=\"mailto:lgtbi@pamplona.es\">lgtbi@pamplona.es<\/a>). Tambi\u00e9n se puede contactar con el \u00e1rea de Cultura e Igualdad (calle Descalzos 72, tel\u00e9fono 948420150 e <a href=\"mailto:igualdad@pamplona.es\">igualdad@pamplona.es<\/a>).<br \/>\n<script async src=\"\/\/pagead2.googlesyndication.com\/pagead\/js\/adsbygoogle.js\"><\/script><br \/>\n<!-- Noticias La Guia de Pamplona --><br \/>\n<ins class=\"adsbygoogle\"\nstyle=\"display:block\"\ndata-ad-client=\"ca-pub-6943679897239327\"\ndata-ad-slot=\"7048180777\"\ndata-ad-format=\"auto\"><\/ins><br \/>\n<script>\n(adsbygoogle = window.adsbygoogle || []).push({});\n<\/script><\/p>\n<p>Para las mujeres que viven inmersas en situaciones de violencia o personas que quieran informar o asesorarse al conocer a alguna mujer que la est\u00e1 viviendo hay recursos concretos, tanto los impulsados por el Consistorio pamplon\u00e9s como los de otras entidades. En este \u00e1mbito se cuenta con Emergencias 112, Polic\u00eda Municipal 092, Servicio Municipal de Atenci\u00f3n a la Mujer-SMAM (tel\u00e9fono 948420940 o <a href=\"mailto:smam@pamplona.es\">smam@pamplona.es<\/a>), Servicio de Atenci\u00f3n a v\u00edctimas del delito (tel\u00e9fono 848423376 y <a href=\"mailto:ofidel@navarra.es\">ofidel@navarra.es<\/a>) o Servicio de Atenci\u00f3n Jur\u00eddica a la Mujer del Colegio de Abogados de Pamplona SAM (tel\u00e9fono 948221475).<\/p>\n","protected":false},"excerpt":{"rendered":"<p>El Ayuntamiento ha adaptado la campa\u00f1a \u2018Libre que me quiero libre\u2019, que se suma a la iniciativa de la Federaci\u00f3n Navarra de Municipios y Concejos<\/p>\n","protected":false},"author":1,"featured_media":42283,"comment_status":"open","ping_status":"closed","sticky":false,"template":"","format":"standard","meta":{"footnotes":""},"categories":[2],"tags":[],"class_list":["post-42282","post","type-post","status-publish","format-standard","has-post-thumbnail","hentry","category-ayuntamiento-pamplona"],"yoast_head":"<!-- This site is optimized with the Yoast SEO plugin v27.3 - https:\/\/yoast.com\/product\/yoast-seo-wordpress\/ -->\n<title>Pamplona pone el foco en la discriminaci\u00f3n de la mujer con discapacidad en el D\u00eda Internacional de la Eliminaci\u00f3n de la Violencia contra las Mujeres<\/title>\n<meta name=\"description\" content=\"El Ayuntamiento ha adaptado la campa\u00f1a \u2018Libre que me quiero libre\u2019, que se suma a la iniciativa de la Federaci\u00f3n Navarra de Municipios y Concejos\" \/>\n<meta name=\"robots\" content=\"index, follow, max-snippet:-1, max-image-preview:large, max-video-preview:-1\" \/>\n<link rel=\"canonical\" href=\"https:\/\/www.laguiadepamplona.com\/actualidad\/pamplona-pone-el-foco-en-la-discriminacion-de-la-mujer-con-discapacidad-en-el-dia-internacional-de-la-eliminacion-de-la-violencia-contra-las-mujeres\/\" \/>\n<meta property=\"og:locale\" content=\"es_ES\" \/>\n<meta property=\"og:type\" content=\"article\" \/>\n<meta property=\"og:title\" content=\"Pamplona pone el foco en la discriminaci\u00f3n de la mujer con discapacidad en el D\u00eda Internacional de la Eliminaci\u00f3n de la Violencia contra las Mujeres\" \/>\n<meta property=\"og:description\" content=\"El Ayuntamiento ha adaptado la campa\u00f1a \u2018Libre que me quiero libre\u2019, que se suma a la iniciativa de la Federaci\u00f3n Navarra de Municipios y Concejos\" \/>\n<meta property=\"og:url\" content=\"https:\/\/www.laguiadepamplona.com\/actualidad\/pamplona-pone-el-foco-en-la-discriminacion-de-la-mujer-con-discapacidad-en-el-dia-internacional-de-la-eliminacion-de-la-violencia-contra-las-mujeres\/\" \/>\n<meta property=\"og:site_name\" content=\"La Gu\u00eda de Pamplona\" \/>\n<meta property=\"article:publisher\" content=\"https:\/\/www.facebook.com\/laguiadepamplonacom-133175176762273\/?ref=hl\" \/>\n<meta property=\"article:published_time\" content=\"2022-11-22T15:28:12+00:00\" \/>\n<meta property=\"article:modified_time\" content=\"2023-04-11T09:47:32+00:00\" \/>\n<meta property=\"og:image\" content=\"https:\/\/www.laguiadepamplona.com\/actualidad\/wp-content\/uploads\/2022\/11\/cartel-libre-que-me-quiero-libre.webp\" \/>\n\t<meta property=\"og:image:width\" content=\"1080\" \/>\n\t<meta property=\"og:image:height\" content=\"1514\" \/>\n\t<meta property=\"og:image:type\" content=\"image\/webp\" \/>\n<meta name=\"author\" content=\"La Gu\u00eda de Pamplona\" \/>\n<meta name=\"twitter:card\" content=\"summary_large_image\" \/>\n<meta name=\"twitter:creator\" content=\"@LaGuiadPamplona\" \/>\n<meta name=\"twitter:site\" content=\"@LaGuiadPamplona\" \/>\n<meta name=\"twitter:label1\" content=\"Escrito por\" \/>\n\t<meta name=\"twitter:data1\" content=\"La Gu\u00eda de Pamplona\" \/>\n\t<meta name=\"twitter:label2\" content=\"Tiempo de lectura\" \/>\n\t<meta name=\"twitter:data2\" content=\"4 minutos\" \/>\n<script type=\"application\/ld+json\" class=\"yoast-schema-graph\">{\"@context\":\"https:\\\/\\\/schema.org\",\"@graph\":[{\"@type\":\"Article\",\"@id\":\"https:\\\/\\\/www.laguiadepamplona.com\\\/actualidad\\\/pamplona-pone-el-foco-en-la-discriminacion-de-la-mujer-con-discapacidad-en-el-dia-internacional-de-la-eliminacion-de-la-violencia-contra-las-mujeres\\\/#article\",\"isPartOf\":{\"@id\":\"https:\\\/\\\/www.laguiadepamplona.com\\\/actualidad\\\/pamplona-pone-el-foco-en-la-discriminacion-de-la-mujer-con-discapacidad-en-el-dia-internacional-de-la-eliminacion-de-la-violencia-contra-las-mujeres\\\/\"},\"author\":{\"name\":\"La Gu\u00eda de Pamplona\",\"@id\":\"https:\\\/\\\/www.laguiadepamplona.com\\\/actualidad\\\/#\\\/schema\\\/person\\\/efe887376f0213d4657c93adc50b1fdb\"},\"headline\":\"Pamplona pone el foco en la discriminaci\u00f3n de la mujer con discapacidad en el D\u00eda Internacional de la Eliminaci\u00f3n de la Violencia contra las Mujeres\",\"datePublished\":\"2022-11-22T15:28:12+00:00\",\"dateModified\":\"2023-04-11T09:47:32+00:00\",\"mainEntityOfPage\":{\"@id\":\"https:\\\/\\\/www.laguiadepamplona.com\\\/actualidad\\\/pamplona-pone-el-foco-en-la-discriminacion-de-la-mujer-con-discapacidad-en-el-dia-internacional-de-la-eliminacion-de-la-violencia-contra-las-mujeres\\\/\"},\"wordCount\":961,\"commentCount\":0,\"publisher\":{\"@id\":\"https:\\\/\\\/www.laguiadepamplona.com\\\/actualidad\\\/#organization\"},\"image\":{\"@id\":\"https:\\\/\\\/www.laguiadepamplona.com\\\/actualidad\\\/pamplona-pone-el-foco-en-la-discriminacion-de-la-mujer-con-discapacidad-en-el-dia-internacional-de-la-eliminacion-de-la-violencia-contra-las-mujeres\\\/#primaryimage\"},\"thumbnailUrl\":\"https:\\\/\\\/www.laguiadepamplona.com\\\/actualidad\\\/wp-content\\\/uploads\\\/2022\\\/11\\\/cartel-libre-que-me-quiero-libre.webp\",\"articleSection\":[\"Ayto Pamplona\"],\"inLanguage\":\"es\",\"potentialAction\":[{\"@type\":\"CommentAction\",\"name\":\"Comment\",\"target\":[\"https:\\\/\\\/www.laguiadepamplona.com\\\/actualidad\\\/pamplona-pone-el-foco-en-la-discriminacion-de-la-mujer-con-discapacidad-en-el-dia-internacional-de-la-eliminacion-de-la-violencia-contra-las-mujeres\\\/#respond\"]}]},{\"@type\":\"WebPage\",\"@id\":\"https:\\\/\\\/www.laguiadepamplona.com\\\/actualidad\\\/pamplona-pone-el-foco-en-la-discriminacion-de-la-mujer-con-discapacidad-en-el-dia-internacional-de-la-eliminacion-de-la-violencia-contra-las-mujeres\\\/\",\"url\":\"https:\\\/\\\/www.laguiadepamplona.com\\\/actualidad\\\/pamplona-pone-el-foco-en-la-discriminacion-de-la-mujer-con-discapacidad-en-el-dia-internacional-de-la-eliminacion-de-la-violencia-contra-las-mujeres\\\/\",\"name\":\"Pamplona pone el foco en la discriminaci\u00f3n de la mujer con discapacidad en el D\u00eda Internacional de la Eliminaci\u00f3n de la Violencia contra las Mujeres\",\"isPartOf\":{\"@id\":\"https:\\\/\\\/www.laguiadepamplona.com\\\/actualidad\\\/#website\"},\"primaryImageOfPage\":{\"@id\":\"https:\\\/\\\/www.laguiadepamplona.com\\\/actualidad\\\/pamplona-pone-el-foco-en-la-discriminacion-de-la-mujer-con-discapacidad-en-el-dia-internacional-de-la-eliminacion-de-la-violencia-contra-las-mujeres\\\/#primaryimage\"},\"image\":{\"@id\":\"https:\\\/\\\/www.laguiadepamplona.com\\\/actualidad\\\/pamplona-pone-el-foco-en-la-discriminacion-de-la-mujer-con-discapacidad-en-el-dia-internacional-de-la-eliminacion-de-la-violencia-contra-las-mujeres\\\/#primaryimage\"},\"thumbnailUrl\":\"https:\\\/\\\/www.laguiadepamplona.com\\\/actualidad\\\/wp-content\\\/uploads\\\/2022\\\/11\\\/cartel-libre-que-me-quiero-libre.webp\",\"datePublished\":\"2022-11-22T15:28:12+00:00\",\"dateModified\":\"2023-04-11T09:47:32+00:00\",\"description\":\"El Ayuntamiento ha adaptado la campa\u00f1a \u2018Libre que me quiero libre\u2019, que se suma a la iniciativa de la Federaci\u00f3n Navarra de Municipios y Concejos\",\"breadcrumb\":{\"@id\":\"https:\\\/\\\/www.laguiadepamplona.com\\\/actualidad\\\/pamplona-pone-el-foco-en-la-discriminacion-de-la-mujer-con-discapacidad-en-el-dia-internacional-de-la-eliminacion-de-la-violencia-contra-las-mujeres\\\/#breadcrumb\"},\"inLanguage\":\"es\",\"potentialAction\":[{\"@type\":\"ReadAction\",\"target\":[\"https:\\\/\\\/www.laguiadepamplona.com\\\/actualidad\\\/pamplona-pone-el-foco-en-la-discriminacion-de-la-mujer-con-discapacidad-en-el-dia-internacional-de-la-eliminacion-de-la-violencia-contra-las-mujeres\\\/\"]}]},{\"@type\":\"ImageObject\",\"inLanguage\":\"es\",\"@id\":\"https:\\\/\\\/www.laguiadepamplona.com\\\/actualidad\\\/pamplona-pone-el-foco-en-la-discriminacion-de-la-mujer-con-discapacidad-en-el-dia-internacional-de-la-eliminacion-de-la-violencia-contra-las-mujeres\\\/#primaryimage\",\"url\":\"https:\\\/\\\/www.laguiadepamplona.com\\\/actualidad\\\/wp-content\\\/uploads\\\/2022\\\/11\\\/cartel-libre-que-me-quiero-libre.webp\",\"contentUrl\":\"https:\\\/\\\/www.laguiadepamplona.com\\\/actualidad\\\/wp-content\\\/uploads\\\/2022\\\/11\\\/cartel-libre-que-me-quiero-libre.webp\",\"width\":1080,\"height\":1514},{\"@type\":\"BreadcrumbList\",\"@id\":\"https:\\\/\\\/www.laguiadepamplona.com\\\/actualidad\\\/pamplona-pone-el-foco-en-la-discriminacion-de-la-mujer-con-discapacidad-en-el-dia-internacional-de-la-eliminacion-de-la-violencia-contra-las-mujeres\\\/#breadcrumb\",\"itemListElement\":[{\"@type\":\"ListItem\",\"position\":1,\"name\":\"Portada\",\"item\":\"https:\\\/\\\/www.laguiadepamplona.com\\\/actualidad\\\/\"},{\"@type\":\"ListItem\",\"position\":2,\"name\":\"Pamplona pone el foco en la discriminaci\u00f3n de la mujer con discapacidad en el D\u00eda Internacional de la Eliminaci\u00f3n de la Violencia contra las Mujeres\"}]},{\"@type\":\"WebSite\",\"@id\":\"https:\\\/\\\/www.laguiadepamplona.com\\\/actualidad\\\/#website\",\"url\":\"https:\\\/\\\/www.laguiadepamplona.com\\\/actualidad\\\/\",\"name\":\"La gu\u00eda de Pamplona\",\"description\":\"Noticias de Pamplona\",\"publisher\":{\"@id\":\"https:\\\/\\\/www.laguiadepamplona.com\\\/actualidad\\\/#organization\"},\"potentialAction\":[{\"@type\":\"SearchAction\",\"target\":{\"@type\":\"EntryPoint\",\"urlTemplate\":\"https:\\\/\\\/www.laguiadepamplona.com\\\/actualidad\\\/?s={search_term_string}\"},\"query-input\":{\"@type\":\"PropertyValueSpecification\",\"valueRequired\":true,\"valueName\":\"search_term_string\"}}],\"inLanguage\":\"es\"},{\"@type\":\"Organization\",\"@id\":\"https:\\\/\\\/www.laguiadepamplona.com\\\/actualidad\\\/#organization\",\"name\":\"La Gu\u00eda de Pamplona \\\/ Noticias\",\"url\":\"https:\\\/\\\/www.laguiadepamplona.com\\\/actualidad\\\/\",\"logo\":{\"@type\":\"ImageObject\",\"inLanguage\":\"es\",\"@id\":\"https:\\\/\\\/www.laguiadepamplona.com\\\/actualidad\\\/#\\\/schema\\\/logo\\\/image\\\/\",\"url\":\"https:\\\/\\\/www.laguiadepamplona.com\\\/actualidad\\\/wp-content\\\/uploads\\\/2018\\\/11\\\/logo-laguiadepamplona18-web1.png\",\"contentUrl\":\"https:\\\/\\\/www.laguiadepamplona.com\\\/actualidad\\\/wp-content\\\/uploads\\\/2018\\\/11\\\/logo-laguiadepamplona18-web1.png\",\"width\":600,\"height\":196,\"caption\":\"La Gu\u00eda de Pamplona \\\/ Noticias\"},\"image\":{\"@id\":\"https:\\\/\\\/www.laguiadepamplona.com\\\/actualidad\\\/#\\\/schema\\\/logo\\\/image\\\/\"},\"sameAs\":[\"https:\\\/\\\/www.facebook.com\\\/laguiadepamplonacom-133175176762273\\\/?ref=hl\",\"https:\\\/\\\/x.com\\\/LaGuiadPamplona\",\"https:\\\/\\\/www.instagram.com\\\/la_guia_de_pamplona\\\/\",\"https:\\\/\\\/www.youtube.com\\\/user\\\/laguiadepamplona\"]},{\"@type\":\"Person\",\"@id\":\"https:\\\/\\\/www.laguiadepamplona.com\\\/actualidad\\\/#\\\/schema\\\/person\\\/efe887376f0213d4657c93adc50b1fdb\",\"name\":\"La Gu\u00eda de Pamplona\",\"image\":{\"@type\":\"ImageObject\",\"inLanguage\":\"es\",\"@id\":\"https:\\\/\\\/secure.gravatar.com\\\/avatar\\\/b6992f131dc8d30ab0dff15446e9d346d9dbd95992de0fef795073f5ea83a81c?s=96&d=mm&r=g\",\"url\":\"https:\\\/\\\/secure.gravatar.com\\\/avatar\\\/b6992f131dc8d30ab0dff15446e9d346d9dbd95992de0fef795073f5ea83a81c?s=96&d=mm&r=g\",\"contentUrl\":\"https:\\\/\\\/secure.gravatar.com\\\/avatar\\\/b6992f131dc8d30ab0dff15446e9d346d9dbd95992de0fef795073f5ea83a81c?s=96&d=mm&r=g\",\"caption\":\"La Gu\u00eda de Pamplona\"}}]}<\/script>\n<!-- \/ Yoast SEO plugin. -->","yoast_head_json":{"title":"Pamplona pone el foco en la discriminaci\u00f3n de la mujer con discapacidad en el D\u00eda Internacional de la Eliminaci\u00f3n de la Violencia contra las Mujeres","description":"El Ayuntamiento ha adaptado la campa\u00f1a \u2018Libre que me quiero libre\u2019, que se suma a la iniciativa de la Federaci\u00f3n Navarra de Municipios y Concejos","robots":{"index":"index","follow":"follow","max-snippet":"max-snippet:-1","max-image-preview":"max-image-preview:large","max-video-preview":"max-video-preview:-1"},"canonical":"https:\/\/www.laguiadepamplona.com\/actualidad\/pamplona-pone-el-foco-en-la-discriminacion-de-la-mujer-con-discapacidad-en-el-dia-internacional-de-la-eliminacion-de-la-violencia-contra-las-mujeres\/","og_locale":"es_ES","og_type":"article","og_title":"Pamplona pone el foco en la discriminaci\u00f3n de la mujer con discapacidad en el D\u00eda Internacional de la Eliminaci\u00f3n de la Violencia contra las Mujeres","og_description":"El Ayuntamiento ha adaptado la campa\u00f1a \u2018Libre que me quiero libre\u2019, que se suma a la iniciativa de la Federaci\u00f3n Navarra de Municipios y Concejos","og_url":"https:\/\/www.laguiadepamplona.com\/actualidad\/pamplona-pone-el-foco-en-la-discriminacion-de-la-mujer-con-discapacidad-en-el-dia-internacional-de-la-eliminacion-de-la-violencia-contra-las-mujeres\/","og_site_name":"La Gu\u00eda de Pamplona","article_publisher":"https:\/\/www.facebook.com\/laguiadepamplonacom-133175176762273\/?ref=hl","article_published_time":"2022-11-22T15:28:12+00:00","article_modified_time":"2023-04-11T09:47:32+00:00","og_image":[{"width":1080,"height":1514,"url":"https:\/\/www.laguiadepamplona.com\/actualidad\/wp-content\/uploads\/2022\/11\/cartel-libre-que-me-quiero-libre.webp","type":"image\/webp"}],"author":"La Gu\u00eda de Pamplona","twitter_card":"summary_large_image","twitter_creator":"@LaGuiadPamplona","twitter_site":"@LaGuiadPamplona","twitter_misc":{"Escrito por":"La Gu\u00eda de Pamplona","Tiempo de lectura":"4 minutos"},"schema":{"@context":"https:\/\/schema.org","@graph":[{"@type":"Article","@id":"https:\/\/www.laguiadepamplona.com\/actualidad\/pamplona-pone-el-foco-en-la-discriminacion-de-la-mujer-con-discapacidad-en-el-dia-internacional-de-la-eliminacion-de-la-violencia-contra-las-mujeres\/#article","isPartOf":{"@id":"https:\/\/www.laguiadepamplona.com\/actualidad\/pamplona-pone-el-foco-en-la-discriminacion-de-la-mujer-con-discapacidad-en-el-dia-internacional-de-la-eliminacion-de-la-violencia-contra-las-mujeres\/"},"author":{"name":"La Gu\u00eda de Pamplona","@id":"https:\/\/www.laguiadepamplona.com\/actualidad\/#\/schema\/person\/efe887376f0213d4657c93adc50b1fdb"},"headline":"Pamplona pone el foco en la discriminaci\u00f3n de la mujer con discapacidad en el D\u00eda Internacional de la Eliminaci\u00f3n de la Violencia contra las Mujeres","datePublished":"2022-11-22T15:28:12+00:00","dateModified":"2023-04-11T09:47:32+00:00","mainEntityOfPage":{"@id":"https:\/\/www.laguiadepamplona.com\/actualidad\/pamplona-pone-el-foco-en-la-discriminacion-de-la-mujer-con-discapacidad-en-el-dia-internacional-de-la-eliminacion-de-la-violencia-contra-las-mujeres\/"},"wordCount":961,"commentCount":0,"publisher":{"@id":"https:\/\/www.laguiadepamplona.com\/actualidad\/#organization"},"image":{"@id":"https:\/\/www.laguiadepamplona.com\/actualidad\/pamplona-pone-el-foco-en-la-discriminacion-de-la-mujer-con-discapacidad-en-el-dia-internacional-de-la-eliminacion-de-la-violencia-contra-las-mujeres\/#primaryimage"},"thumbnailUrl":"https:\/\/www.laguiadepamplona.com\/actualidad\/wp-content\/uploads\/2022\/11\/cartel-libre-que-me-quiero-libre.webp","articleSection":["Ayto Pamplona"],"inLanguage":"es","potentialAction":[{"@type":"CommentAction","name":"Comment","target":["https:\/\/www.laguiadepamplona.com\/actualidad\/pamplona-pone-el-foco-en-la-discriminacion-de-la-mujer-con-discapacidad-en-el-dia-internacional-de-la-eliminacion-de-la-violencia-contra-las-mujeres\/#respond"]}]},{"@type":"WebPage","@id":"https:\/\/www.laguiadepamplona.com\/actualidad\/pamplona-pone-el-foco-en-la-discriminacion-de-la-mujer-con-discapacidad-en-el-dia-internacional-de-la-eliminacion-de-la-violencia-contra-las-mujeres\/","url":"https:\/\/www.laguiadepamplona.com\/actualidad\/pamplona-pone-el-foco-en-la-discriminacion-de-la-mujer-con-discapacidad-en-el-dia-internacional-de-la-eliminacion-de-la-violencia-contra-las-mujeres\/","name":"Pamplona pone el foco en la discriminaci\u00f3n de la mujer con discapacidad en el D\u00eda Internacional de la Eliminaci\u00f3n de la Violencia contra las Mujeres","isPartOf":{"@id":"https:\/\/www.laguiadepamplona.com\/actualidad\/#website"},"primaryImageOfPage":{"@id":"https:\/\/www.laguiadepamplona.com\/actualidad\/pamplona-pone-el-foco-en-la-discriminacion-de-la-mujer-con-discapacidad-en-el-dia-internacional-de-la-eliminacion-de-la-violencia-contra-las-mujeres\/#primaryimage"},"image":{"@id":"https:\/\/www.laguiadepamplona.com\/actualidad\/pamplona-pone-el-foco-en-la-discriminacion-de-la-mujer-con-discapacidad-en-el-dia-internacional-de-la-eliminacion-de-la-violencia-contra-las-mujeres\/#primaryimage"},"thumbnailUrl":"https:\/\/www.laguiadepamplona.com\/actualidad\/wp-content\/uploads\/2022\/11\/cartel-libre-que-me-quiero-libre.webp","datePublished":"2022-11-22T15:28:12+00:00","dateModified":"2023-04-11T09:47:32+00:00","description":"El Ayuntamiento ha adaptado la campa\u00f1a \u2018Libre que me quiero libre\u2019, que se suma a la iniciativa de la Federaci\u00f3n Navarra de Municipios y Concejos","breadcrumb":{"@id":"https:\/\/www.laguiadepamplona.com\/actualidad\/pamplona-pone-el-foco-en-la-discriminacion-de-la-mujer-con-discapacidad-en-el-dia-internacional-de-la-eliminacion-de-la-violencia-contra-las-mujeres\/#breadcrumb"},"inLanguage":"es","potentialAction":[{"@type":"ReadAction","target":["https:\/\/www.laguiadepamplona.com\/actualidad\/pamplona-pone-el-foco-en-la-discriminacion-de-la-mujer-con-discapacidad-en-el-dia-internacional-de-la-eliminacion-de-la-violencia-contra-las-mujeres\/"]}]},{"@type":"ImageObject","inLanguage":"es","@id":"https:\/\/www.laguiadepamplona.com\/actualidad\/pamplona-pone-el-foco-en-la-discriminacion-de-la-mujer-con-discapacidad-en-el-dia-internacional-de-la-eliminacion-de-la-violencia-contra-las-mujeres\/#primaryimage","url":"https:\/\/www.laguiadepamplona.com\/actualidad\/wp-content\/uploads\/2022\/11\/cartel-libre-que-me-quiero-libre.webp","contentUrl":"https:\/\/www.laguiadepamplona.com\/actualidad\/wp-content\/uploads\/2022\/11\/cartel-libre-que-me-quiero-libre.webp","width":1080,"height":1514},{"@type":"BreadcrumbList","@id":"https:\/\/www.laguiadepamplona.com\/actualidad\/pamplona-pone-el-foco-en-la-discriminacion-de-la-mujer-con-discapacidad-en-el-dia-internacional-de-la-eliminacion-de-la-violencia-contra-las-mujeres\/#breadcrumb","itemListElement":[{"@type":"ListItem","position":1,"name":"Portada","item":"https:\/\/www.laguiadepamplona.com\/actualidad\/"},{"@type":"ListItem","position":2,"name":"Pamplona pone el foco en la discriminaci\u00f3n de la mujer con discapacidad en el D\u00eda Internacional de la Eliminaci\u00f3n de la Violencia contra las Mujeres"}]},{"@type":"WebSite","@id":"https:\/\/www.laguiadepamplona.com\/actualidad\/#website","url":"https:\/\/www.laguiadepamplona.com\/actualidad\/","name":"La gu\u00eda de Pamplona","description":"Noticias de Pamplona","publisher":{"@id":"https:\/\/www.laguiadepamplona.com\/actualidad\/#organization"},"potentialAction":[{"@type":"SearchAction","target":{"@type":"EntryPoint","urlTemplate":"https:\/\/www.laguiadepamplona.com\/actualidad\/?s={search_term_string}"},"query-input":{"@type":"PropertyValueSpecification","valueRequired":true,"valueName":"search_term_string"}}],"inLanguage":"es"},{"@type":"Organization","@id":"https:\/\/www.laguiadepamplona.com\/actualidad\/#organization","name":"La Gu\u00eda de Pamplona \/ Noticias","url":"https:\/\/www.laguiadepamplona.com\/actualidad\/","logo":{"@type":"ImageObject","inLanguage":"es","@id":"https:\/\/www.laguiadepamplona.com\/actualidad\/#\/schema\/logo\/image\/","url":"https:\/\/www.laguiadepamplona.com\/actualidad\/wp-content\/uploads\/2018\/11\/logo-laguiadepamplona18-web1.png","contentUrl":"https:\/\/www.laguiadepamplona.com\/actualidad\/wp-content\/uploads\/2018\/11\/logo-laguiadepamplona18-web1.png","width":600,"height":196,"caption":"La Gu\u00eda de Pamplona \/ Noticias"},"image":{"@id":"https:\/\/www.laguiadepamplona.com\/actualidad\/#\/schema\/logo\/image\/"},"sameAs":["https:\/\/www.facebook.com\/laguiadepamplonacom-133175176762273\/?ref=hl","https:\/\/x.com\/LaGuiadPamplona","https:\/\/www.instagram.com\/la_guia_de_pamplona\/","https:\/\/www.youtube.com\/user\/laguiadepamplona"]},{"@type":"Person","@id":"https:\/\/www.laguiadepamplona.com\/actualidad\/#\/schema\/person\/efe887376f0213d4657c93adc50b1fdb","name":"La Gu\u00eda de Pamplona","image":{"@type":"ImageObject","inLanguage":"es","@id":"https:\/\/secure.gravatar.com\/avatar\/b6992f131dc8d30ab0dff15446e9d346d9dbd95992de0fef795073f5ea83a81c?s=96&d=mm&r=g","url":"https:\/\/secure.gravatar.com\/avatar\/b6992f131dc8d30ab0dff15446e9d346d9dbd95992de0fef795073f5ea83a81c?s=96&d=mm&r=g","contentUrl":"https:\/\/secure.gravatar.com\/avatar\/b6992f131dc8d30ab0dff15446e9d346d9dbd95992de0fef795073f5ea83a81c?s=96&d=mm&r=g","caption":"La Gu\u00eda de Pamplona"}}]}},"post_mailing_queue_ids":[],"_links":{"self":[{"href":"https:\/\/www.laguiadepamplona.com\/actualidad\/wp-json\/wp\/v2\/posts\/42282","targetHints":{"allow":["GET"]}}],"collection":[{"href":"https:\/\/www.laguiadepamplona.com\/actualidad\/wp-json\/wp\/v2\/posts"}],"about":[{"href":"https:\/\/www.laguiadepamplona.com\/actualidad\/wp-json\/wp\/v2\/types\/post"}],"author":[{"embeddable":true,"href":"https:\/\/www.laguiadepamplona.com\/actualidad\/wp-json\/wp\/v2\/users\/1"}],"replies":[{"embeddable":true,"href":"https:\/\/www.laguiadepamplona.com\/actualidad\/wp-json\/wp\/v2\/comments?post=42282"}],"version-history":[{"count":0,"href":"https:\/\/www.laguiadepamplona.com\/actualidad\/wp-json\/wp\/v2\/posts\/42282\/revisions"}],"wp:featuredmedia":[{"embeddable":true,"href":"https:\/\/www.laguiadepamplona.com\/actualidad\/wp-json\/wp\/v2\/media\/42283"}],"wp:attachment":[{"href":"https:\/\/www.laguiadepamplona.com\/actualidad\/wp-json\/wp\/v2\/media?parent=42282"}],"wp:term":[{"taxonomy":"category","embeddable":true,"href":"https:\/\/www.laguiadepamplona.com\/actualidad\/wp-json\/wp\/v2\/categories?post=42282"},{"taxonomy":"post_tag","embeddable":true,"href":"https:\/\/www.laguiadepamplona.com\/actualidad\/wp-json\/wp\/v2\/tags?post=42282"}],"curies":[{"name":"wp","href":"https:\/\/api.w.org\/{rel}","templated":true}]}}