{"id":4228,"date":"2014-12-22T12:57:19","date_gmt":"2014-12-22T10:57:19","guid":{"rendered":"http:\/\/laguiadepamplona.com\/actualidad\/?p=4228"},"modified":"2014-12-22T12:57:19","modified_gmt":"2014-12-22T10:57:19","slug":"pamplona-contara-el-proximo-ano-con-dos-lanzaderas-de-empleo-y-emprendimiento-solidario-para-mejorar-la-insercion-laboral-de-los-jovenes","status":"publish","type":"post","link":"https:\/\/www.laguiadepamplona.com\/actualidad\/pamplona-contara-el-proximo-ano-con-dos-lanzaderas-de-empleo-y-emprendimiento-solidario-para-mejorar-la-insercion-laboral-de-los-jovenes\/","title":{"rendered":"Pamplona contar\u00e1 el pr\u00f3ximo a\u00f1o con dos \u2018Lanzaderas de empleo y emprendimiento solidario\u2019 para mejorar la inserci\u00f3n laboral de los j\u00f3venes"},"content":{"rendered":"<h4>El Ayuntamiento de Pamplona y la Fundaci\u00f3n Santa Mar\u00eda la Real firmar\u00e1n un convenio que contar\u00e1 con financiaci\u00f3n de la Fundaci\u00f3n Telef\u00f3nica<\/h4>\n<p><a href=\"http:\/\/laguiadepamplona.com\/actualidad\/wp-content\/uploads\/2014\/12\/santamarialareal-org.jpg\"><img loading=\"lazy\" decoding=\"async\" class=\"alignleft size-medium wp-image-4229\" src=\"http:\/\/laguiadepamplona.com\/actualidad\/wp-content\/uploads\/2014\/12\/santamarialareal-org-300x174.jpg\" alt=\"santamarialareal-org\" width=\"300\" height=\"174\" \/><\/a>Pamplona contar\u00e1 el pr\u00f3ximo a\u00f1o con dos \u2018Lanzaderas de Empleo y emprendimiento solidario\u2019 para mejorar la inserci\u00f3n laboral de los j\u00f3venes de la ciudad. El Ayuntamiento de Pamplona y la Fundaci\u00f3n Santa Mar\u00eda la Real firmar\u00e1n un convenio que contar\u00e1 con la colaboraci\u00f3n y la financiaci\u00f3n de Fundaci\u00f3n Telef\u00f3nica, seg\u00fan han explicado esta ma\u00f1ana en rueda de prensa la concejala especial de Juventud y Deporte, Paz Prieto, la responsable de Comunicaci\u00f3n del Programa Lanzaderas de Empleo, Soraya de las S\u00edas, y el director de Telef\u00f3nica en Navarra, Roberto Mercero.<\/p>\n<p>La primera lanzadera comenzar\u00e1 a funcionar el 26 de enero, mientras que la segunda lo har\u00e1 en el verano de 2015. Cada una estar\u00e1 integrada por un equipo de 20 j\u00f3venes desempleados menores de 35 a\u00f1os, que, guiados por un coordinador, entrenar\u00e1n una innovadora b\u00fasqueda de empleo en equipo para lograr acceder al mercado laboral. Mantendr\u00e1n reuniones semanales en la Casa de la Juventud durante un per\u00edodo de 5 meses. Las dos lanzaderas tendr\u00e1n un funcionamiento similar. De esta forma, 40 j\u00f3venes de Pamplona aprender\u00e1n a entrenar una b\u00fasqueda de empleo diferente en equipo, para mejorar sus opciones de acceder al mercado laboral y\/o desarrollar sus propias ideas emprendedoras.<\/p>\n<p>Los interesados en participar pueden obtener m\u00e1s informaci\u00f3n en los correos electr\u00f3nicos <a href=\"mailto:lanzaderas@santamarialareal.org\">lanzaderas@santamarialareal.org<\/a> y <a href=\"mailto:casajuventud@casajuventu.com\">casajuventud@casajuventu.com<\/a> o a trav\u00e9s de la Casa de la Juventud del Ayuntamiento de Pamplona situada en la calle Sang\u00fcesa n\u00famero 30 y cuyo n\u00famero de tel\u00e9fono es 948233512. Los formularios de inscripci\u00f3n se presentar\u00e1n en el correo <a href=\"mailto:lanzaderas@santamarialareal.org\">lanzaderas@santamarialareal.org<\/a> y el plazo de inscripci\u00f3n est\u00e1 abierto desde hoy hasta las tres de la tarde del 19 de enero.<\/p>\n<p><strong>\u00bfQu\u00e9 es una lanzadera?<\/strong><\/p>\n<p><strong>Una lanzadera es un equipo heterog\u00e9neo de personas desempleadas con esp\u00edritu din\u00e1mico, comprometido y solidario que acceden de forma voluntaria al programa y que, guiados por un supervisor, entrenan una nueva b\u00fasqueda de empleo, refuerzan sus habilidades y competencias, comparten conocimientos y colaboran en la consecuci\u00f3n de un fin com\u00fan: conseguir empleo, ya sea por cuenta propia o ajena.<\/strong><\/p>\n<p>El arquitecto, dibujante y humorista, Jos\u00e9 Mar\u00eda P\u00e9rez \u2018Peridis\u2019, presidente de la Fundaci\u00f3n Santa Maria la Real, es el promotor del programa \u2018Lanzaderas de Empleo y emprendimiento solidario\u2019 (LEES). El objetivo de esta iniciativa es cambiar la actitud de la persona desempleada que tiene un comportamiento pasivo para impulsarle hacia un enfoque proactivo y m\u00e1s optimista. Se busca que el desempleado abandone la soledad, la desgana o la desilusi\u00f3n y que trabaje en equipo con personas que comparten su misma situaci\u00f3n, personas que refuercen sus competencias y colaboren en la b\u00fasqueda activa de trabajo. As\u00ed, con este cambio de actitud, se puede pasar \u201cde un modelo asistencial a un modelo existencial, en el que el desempleado es el protagonista, asume las riendas de la situaci\u00f3n con una actitud proactiva\u201d, en palabras del propio Peridis.<\/p>\n<p><strong>Inteligencia emocional, entrenamiento para entrevistas, elaboraci\u00f3n de curr\u00edculum<\/strong><\/p>\n<p>El coordinador de la lanzadera guiar\u00e1 el calendario del equipo y planificar\u00e1 las actividades para mejorar las opciones de conseguir un trabajo de los participantes: sesiones de <em>coaching<\/em>, talleres de inteligencia emocional, din\u00e1micas de comunicaci\u00f3n y marca personal, nuevas t\u00e9cnicas de elaboraci\u00f3n de curr\u00edculos, entrenamiento para entrevistas personales, elaboraci\u00f3n de mapas de empleo, visitas a empresas, reuniones con emprendedores y procesos de intermediaci\u00f3n laboral con responsables de Recursos Humanos.<\/p>\n<p>En definitiva, las lanzaderas son dise\u00f1adas como programas de mejora de la inserci\u00f3n socio-laboral donde los desempleados (que acuden de forma activa y voluntaria, sin percibir remuneraci\u00f3n alguna) son los propios protagonistas de su cambio personal y profesional. No son concebidas como un curso, se entienden como un programa en el que no hay alumnos sino participantes y no hay profesor sino un coordinador que gu\u00eda, orienta y acompa\u00f1a a los integrantes en su b\u00fasqueda activa y proactiva de empleo.<\/p>\n<p><strong>Programa \u2018Todos Incluidos\u2019<\/strong><\/p>\n<p>El desarrollo de estas dos lanzaderas de empleo de Pamplona (as\u00ed como las que comenzar\u00e1n a funcionar en Zaragoza, Huesca, Calatayud, Gij\u00f3n, Sese\u00f1a, Manacor, M\u00e9rida y Badajoz) est\u00e1 enmarcado en el programa \u2018Todos Incluidos\u2019, una iniciativa de Fundaci\u00f3n Telef\u00f3nica con la que dicha entidad se adhiere a la Estrategia de Emprendimiento y Empleo Joven impulsada por el Ministerio de Empleo y Seguridad Social.<\/p>\n<p>Tal y como se\u00f1alan desde la Fundaci\u00f3n Telef\u00f3nica, con las lanzaderas se busca que los participantes de sean los protagonistas del cambio, que trabajen cotidianamente para conseguir empleo. Una forma de trabajar en equipo y de forma colaborativa, por comisiones y \u00e1reas tem\u00e1ticas como si fuera una empresa social, y potenciando sus capacidades, complement\u00e1ndose y aprendiendo unos de otros al mismo tiempo que se movilizan para darse a conocer y que se conozcan lo que hacen. En resumen, una acci\u00f3n que les sirva para construir su proyecto de vida personal y profesional.<\/p>\n<p>A trav\u00e9s de \u2018Todos Incluidos\u2019 se han puesto en marcha 50 lanzaderas de empleo entre los a\u00f1os 2014 y 2015 por todo el pa\u00eds, contribuyendo a la mejora de la inserci\u00f3n laboral de m\u00e1s de 1.000 j\u00f3venes. Esta iniciativa tambi\u00e9n contribuye a financiar programas de becas de Formaci\u00f3n Profesional o pr\u00e1cticas en empresas tecnol\u00f3gicas, que desarrollan otras entidades como Compa\u00f1\u00eda de Jes\u00fas o Fundaci\u00f3n Tomillo; as\u00ed como el Proyecto Think Big.<\/p>\n<p>&nbsp;<\/p>\n","protected":false},"excerpt":{"rendered":"<p>El Ayuntamiento de Pamplona y la Fundaci\u00f3n Santa Mar\u00eda la Real firmar\u00e1n un convenio que contar\u00e1 con financiaci\u00f3n de la Fundaci\u00f3n Telef\u00f3nica Pamplona contar\u00e1 el pr\u00f3ximo a\u00f1o con dos \u2018Lanzaderas&#8230;<\/p>\n","protected":false},"author":1,"featured_media":4229,"comment_status":"closed","ping_status":"open","sticky":false,"template":"","format":"standard","meta":{"footnotes":""},"categories":[2],"tags":[5,6,509,3717,3718,3719,8,9,3720],"class_list":["post-4228","post","type-post","status-publish","format-standard","has-post-thumbnail","hentry","category-ayuntamiento-pamplona","tag-actualidad","tag-ayto-pamplona","tag-ayuntamiento-de-pamplona","tag-emprendimiento-solidario","tag-fundacion-santa-maria-la-real","tag-lanzaderas-de-empleo","tag-noticias","tag-pamplona","tag-santamarialareal-org"],"yoast_head":"<!-- This site is optimized with the Yoast SEO plugin v27.5 - https:\/\/yoast.com\/product\/yoast-seo-wordpress\/ -->\n<title>Pamplona contar\u00e1 el pr\u00f3ximo a\u00f1o con dos \u2018Lanzaderas de empleo y emprendimiento solidario\u2019 para mejorar la inserci\u00f3n laboral de los j\u00f3venes<\/title>\n<meta name=\"robots\" content=\"index, follow, max-snippet:-1, max-image-preview:large, max-video-preview:-1\" \/>\n<link rel=\"canonical\" href=\"https:\/\/www.laguiadepamplona.com\/actualidad\/pamplona-contara-el-proximo-ano-con-dos-lanzaderas-de-empleo-y-emprendimiento-solidario-para-mejorar-la-insercion-laboral-de-los-jovenes\/\" \/>\n<meta property=\"og:locale\" content=\"es_ES\" \/>\n<meta property=\"og:type\" content=\"article\" \/>\n<meta property=\"og:title\" content=\"Pamplona contar\u00e1 el pr\u00f3ximo a\u00f1o con dos \u2018Lanzaderas de empleo y emprendimiento solidario\u2019 para mejorar la inserci\u00f3n laboral de los j\u00f3venes\" \/>\n<meta property=\"og:description\" content=\"El Ayuntamiento de Pamplona y la Fundaci\u00f3n Santa Mar\u00eda la Real firmar\u00e1n un convenio que contar\u00e1 con financiaci\u00f3n de la Fundaci\u00f3n Telef\u00f3nica Pamplona contar\u00e1 el pr\u00f3ximo a\u00f1o con dos \u2018Lanzaderas...\" \/>\n<meta property=\"og:url\" content=\"https:\/\/www.laguiadepamplona.com\/actualidad\/pamplona-contara-el-proximo-ano-con-dos-lanzaderas-de-empleo-y-emprendimiento-solidario-para-mejorar-la-insercion-laboral-de-los-jovenes\/\" \/>\n<meta property=\"og:site_name\" content=\"La Gu\u00eda de Pamplona\" \/>\n<meta property=\"article:publisher\" content=\"https:\/\/www.facebook.com\/laguiadepamplonacom-133175176762273\/?ref=hl\" \/>\n<meta property=\"article:published_time\" content=\"2014-12-22T10:57:19+00:00\" \/>\n<meta name=\"author\" content=\"La Gu\u00eda de Pamplona\" \/>\n<meta name=\"twitter:card\" content=\"summary_large_image\" \/>\n<meta name=\"twitter:creator\" content=\"@LaGuiadPamplona\" \/>\n<meta name=\"twitter:site\" content=\"@LaGuiadPamplona\" \/>\n<meta name=\"twitter:label1\" content=\"Escrito por\" \/>\n\t<meta name=\"twitter:data1\" content=\"La Gu\u00eda de Pamplona\" \/>\n\t<meta name=\"twitter:label2\" content=\"Tiempo de lectura\" \/>\n\t<meta name=\"twitter:data2\" content=\"5 minutos\" \/>\n<script type=\"application\/ld+json\" class=\"yoast-schema-graph\">{\"@context\":\"https:\\\/\\\/schema.org\",\"@graph\":[{\"@type\":\"Article\",\"@id\":\"https:\\\/\\\/www.laguiadepamplona.com\\\/actualidad\\\/pamplona-contara-el-proximo-ano-con-dos-lanzaderas-de-empleo-y-emprendimiento-solidario-para-mejorar-la-insercion-laboral-de-los-jovenes\\\/#article\",\"isPartOf\":{\"@id\":\"https:\\\/\\\/www.laguiadepamplona.com\\\/actualidad\\\/pamplona-contara-el-proximo-ano-con-dos-lanzaderas-de-empleo-y-emprendimiento-solidario-para-mejorar-la-insercion-laboral-de-los-jovenes\\\/\"},\"author\":{\"name\":\"La Gu\u00eda de Pamplona\",\"@id\":\"https:\\\/\\\/www.laguiadepamplona.com\\\/actualidad\\\/#\\\/schema\\\/person\\\/efe887376f0213d4657c93adc50b1fdb\"},\"headline\":\"Pamplona contar\u00e1 el pr\u00f3ximo a\u00f1o con dos \u2018Lanzaderas de empleo y emprendimiento solidario\u2019 para mejorar la inserci\u00f3n laboral de los j\u00f3venes\",\"datePublished\":\"2014-12-22T10:57:19+00:00\",\"mainEntityOfPage\":{\"@id\":\"https:\\\/\\\/www.laguiadepamplona.com\\\/actualidad\\\/pamplona-contara-el-proximo-ano-con-dos-lanzaderas-de-empleo-y-emprendimiento-solidario-para-mejorar-la-insercion-laboral-de-los-jovenes\\\/\"},\"wordCount\":991,\"publisher\":{\"@id\":\"https:\\\/\\\/www.laguiadepamplona.com\\\/actualidad\\\/#organization\"},\"image\":{\"@id\":\"https:\\\/\\\/www.laguiadepamplona.com\\\/actualidad\\\/pamplona-contara-el-proximo-ano-con-dos-lanzaderas-de-empleo-y-emprendimiento-solidario-para-mejorar-la-insercion-laboral-de-los-jovenes\\\/#primaryimage\"},\"thumbnailUrl\":\"\",\"keywords\":[\"actualidad\",\"ayto pamplona\",\"Ayuntamiento de Pamplona\",\"emprendimiento solidario\",\"fundaci\u00f3n santa mar\u00eda la real\",\"lanzaderas de empleo\",\"noticias\",\"pamplona\",\"santamarialareal.org\"],\"articleSection\":[\"Ayto Pamplona\"],\"inLanguage\":\"es\"},{\"@type\":\"WebPage\",\"@id\":\"https:\\\/\\\/www.laguiadepamplona.com\\\/actualidad\\\/pamplona-contara-el-proximo-ano-con-dos-lanzaderas-de-empleo-y-emprendimiento-solidario-para-mejorar-la-insercion-laboral-de-los-jovenes\\\/\",\"url\":\"https:\\\/\\\/www.laguiadepamplona.com\\\/actualidad\\\/pamplona-contara-el-proximo-ano-con-dos-lanzaderas-de-empleo-y-emprendimiento-solidario-para-mejorar-la-insercion-laboral-de-los-jovenes\\\/\",\"name\":\"Pamplona contar\u00e1 el pr\u00f3ximo a\u00f1o con dos \u2018Lanzaderas de empleo y emprendimiento solidario\u2019 para mejorar la inserci\u00f3n laboral de los j\u00f3venes\",\"isPartOf\":{\"@id\":\"https:\\\/\\\/www.laguiadepamplona.com\\\/actualidad\\\/#website\"},\"primaryImageOfPage\":{\"@id\":\"https:\\\/\\\/www.laguiadepamplona.com\\\/actualidad\\\/pamplona-contara-el-proximo-ano-con-dos-lanzaderas-de-empleo-y-emprendimiento-solidario-para-mejorar-la-insercion-laboral-de-los-jovenes\\\/#primaryimage\"},\"image\":{\"@id\":\"https:\\\/\\\/www.laguiadepamplona.com\\\/actualidad\\\/pamplona-contara-el-proximo-ano-con-dos-lanzaderas-de-empleo-y-emprendimiento-solidario-para-mejorar-la-insercion-laboral-de-los-jovenes\\\/#primaryimage\"},\"thumbnailUrl\":\"\",\"datePublished\":\"2014-12-22T10:57:19+00:00\",\"breadcrumb\":{\"@id\":\"https:\\\/\\\/www.laguiadepamplona.com\\\/actualidad\\\/pamplona-contara-el-proximo-ano-con-dos-lanzaderas-de-empleo-y-emprendimiento-solidario-para-mejorar-la-insercion-laboral-de-los-jovenes\\\/#breadcrumb\"},\"inLanguage\":\"es\",\"potentialAction\":[{\"@type\":\"ReadAction\",\"target\":[\"https:\\\/\\\/www.laguiadepamplona.com\\\/actualidad\\\/pamplona-contara-el-proximo-ano-con-dos-lanzaderas-de-empleo-y-emprendimiento-solidario-para-mejorar-la-insercion-laboral-de-los-jovenes\\\/\"]}]},{\"@type\":\"ImageObject\",\"inLanguage\":\"es\",\"@id\":\"https:\\\/\\\/www.laguiadepamplona.com\\\/actualidad\\\/pamplona-contara-el-proximo-ano-con-dos-lanzaderas-de-empleo-y-emprendimiento-solidario-para-mejorar-la-insercion-laboral-de-los-jovenes\\\/#primaryimage\",\"url\":\"\",\"contentUrl\":\"\"},{\"@type\":\"BreadcrumbList\",\"@id\":\"https:\\\/\\\/www.laguiadepamplona.com\\\/actualidad\\\/pamplona-contara-el-proximo-ano-con-dos-lanzaderas-de-empleo-y-emprendimiento-solidario-para-mejorar-la-insercion-laboral-de-los-jovenes\\\/#breadcrumb\",\"itemListElement\":[{\"@type\":\"ListItem\",\"position\":1,\"name\":\"Portada\",\"item\":\"https:\\\/\\\/www.laguiadepamplona.com\\\/actualidad\\\/\"},{\"@type\":\"ListItem\",\"position\":2,\"name\":\"Pamplona contar\u00e1 el pr\u00f3ximo a\u00f1o con dos \u2018Lanzaderas de empleo y emprendimiento solidario\u2019 para mejorar la inserci\u00f3n laboral de los j\u00f3venes\"}]},{\"@type\":\"WebSite\",\"@id\":\"https:\\\/\\\/www.laguiadepamplona.com\\\/actualidad\\\/#website\",\"url\":\"https:\\\/\\\/www.laguiadepamplona.com\\\/actualidad\\\/\",\"name\":\"La gu\u00eda de Pamplona\",\"description\":\"Noticias de Pamplona\",\"publisher\":{\"@id\":\"https:\\\/\\\/www.laguiadepamplona.com\\\/actualidad\\\/#organization\"},\"potentialAction\":[{\"@type\":\"SearchAction\",\"target\":{\"@type\":\"EntryPoint\",\"urlTemplate\":\"https:\\\/\\\/www.laguiadepamplona.com\\\/actualidad\\\/?s={search_term_string}\"},\"query-input\":{\"@type\":\"PropertyValueSpecification\",\"valueRequired\":true,\"valueName\":\"search_term_string\"}}],\"inLanguage\":\"es\"},{\"@type\":\"Organization\",\"@id\":\"https:\\\/\\\/www.laguiadepamplona.com\\\/actualidad\\\/#organization\",\"name\":\"La Gu\u00eda de Pamplona \\\/ Noticias\",\"url\":\"https:\\\/\\\/www.laguiadepamplona.com\\\/actualidad\\\/\",\"logo\":{\"@type\":\"ImageObject\",\"inLanguage\":\"es\",\"@id\":\"https:\\\/\\\/www.laguiadepamplona.com\\\/actualidad\\\/#\\\/schema\\\/logo\\\/image\\\/\",\"url\":\"https:\\\/\\\/www.laguiadepamplona.com\\\/actualidad\\\/wp-content\\\/uploads\\\/2018\\\/11\\\/logo-laguiadepamplona18-web1.png\",\"contentUrl\":\"https:\\\/\\\/www.laguiadepamplona.com\\\/actualidad\\\/wp-content\\\/uploads\\\/2018\\\/11\\\/logo-laguiadepamplona18-web1.png\",\"width\":600,\"height\":196,\"caption\":\"La Gu\u00eda de Pamplona \\\/ Noticias\"},\"image\":{\"@id\":\"https:\\\/\\\/www.laguiadepamplona.com\\\/actualidad\\\/#\\\/schema\\\/logo\\\/image\\\/\"},\"sameAs\":[\"https:\\\/\\\/www.facebook.com\\\/laguiadepamplonacom-133175176762273\\\/?ref=hl\",\"https:\\\/\\\/x.com\\\/LaGuiadPamplona\",\"https:\\\/\\\/www.instagram.com\\\/la_guia_de_pamplona\\\/\",\"https:\\\/\\\/www.youtube.com\\\/user\\\/laguiadepamplona\"]},{\"@type\":\"Person\",\"@id\":\"https:\\\/\\\/www.laguiadepamplona.com\\\/actualidad\\\/#\\\/schema\\\/person\\\/efe887376f0213d4657c93adc50b1fdb\",\"name\":\"La Gu\u00eda de Pamplona\",\"image\":{\"@type\":\"ImageObject\",\"inLanguage\":\"es\",\"@id\":\"https:\\\/\\\/secure.gravatar.com\\\/avatar\\\/b6992f131dc8d30ab0dff15446e9d346d9dbd95992de0fef795073f5ea83a81c?s=96&d=mm&r=g\",\"url\":\"https:\\\/\\\/secure.gravatar.com\\\/avatar\\\/b6992f131dc8d30ab0dff15446e9d346d9dbd95992de0fef795073f5ea83a81c?s=96&d=mm&r=g\",\"contentUrl\":\"https:\\\/\\\/secure.gravatar.com\\\/avatar\\\/b6992f131dc8d30ab0dff15446e9d346d9dbd95992de0fef795073f5ea83a81c?s=96&d=mm&r=g\",\"caption\":\"La Gu\u00eda de Pamplona\"}}]}<\/script>\n<!-- \/ Yoast SEO plugin. -->","yoast_head_json":{"title":"Pamplona contar\u00e1 el pr\u00f3ximo a\u00f1o con dos \u2018Lanzaderas de empleo y emprendimiento solidario\u2019 para mejorar la inserci\u00f3n laboral de los j\u00f3venes","robots":{"index":"index","follow":"follow","max-snippet":"max-snippet:-1","max-image-preview":"max-image-preview:large","max-video-preview":"max-video-preview:-1"},"canonical":"https:\/\/www.laguiadepamplona.com\/actualidad\/pamplona-contara-el-proximo-ano-con-dos-lanzaderas-de-empleo-y-emprendimiento-solidario-para-mejorar-la-insercion-laboral-de-los-jovenes\/","og_locale":"es_ES","og_type":"article","og_title":"Pamplona contar\u00e1 el pr\u00f3ximo a\u00f1o con dos \u2018Lanzaderas de empleo y emprendimiento solidario\u2019 para mejorar la inserci\u00f3n laboral de los j\u00f3venes","og_description":"El Ayuntamiento de Pamplona y la Fundaci\u00f3n Santa Mar\u00eda la Real firmar\u00e1n un convenio que contar\u00e1 con financiaci\u00f3n de la Fundaci\u00f3n Telef\u00f3nica Pamplona contar\u00e1 el pr\u00f3ximo a\u00f1o con dos \u2018Lanzaderas...","og_url":"https:\/\/www.laguiadepamplona.com\/actualidad\/pamplona-contara-el-proximo-ano-con-dos-lanzaderas-de-empleo-y-emprendimiento-solidario-para-mejorar-la-insercion-laboral-de-los-jovenes\/","og_site_name":"La Gu\u00eda de Pamplona","article_publisher":"https:\/\/www.facebook.com\/laguiadepamplonacom-133175176762273\/?ref=hl","article_published_time":"2014-12-22T10:57:19+00:00","author":"La Gu\u00eda de Pamplona","twitter_card":"summary_large_image","twitter_creator":"@LaGuiadPamplona","twitter_site":"@LaGuiadPamplona","twitter_misc":{"Escrito por":"La Gu\u00eda de Pamplona","Tiempo de lectura":"5 minutos"},"schema":{"@context":"https:\/\/schema.org","@graph":[{"@type":"Article","@id":"https:\/\/www.laguiadepamplona.com\/actualidad\/pamplona-contara-el-proximo-ano-con-dos-lanzaderas-de-empleo-y-emprendimiento-solidario-para-mejorar-la-insercion-laboral-de-los-jovenes\/#article","isPartOf":{"@id":"https:\/\/www.laguiadepamplona.com\/actualidad\/pamplona-contara-el-proximo-ano-con-dos-lanzaderas-de-empleo-y-emprendimiento-solidario-para-mejorar-la-insercion-laboral-de-los-jovenes\/"},"author":{"name":"La Gu\u00eda de Pamplona","@id":"https:\/\/www.laguiadepamplona.com\/actualidad\/#\/schema\/person\/efe887376f0213d4657c93adc50b1fdb"},"headline":"Pamplona contar\u00e1 el pr\u00f3ximo a\u00f1o con dos \u2018Lanzaderas de empleo y emprendimiento solidario\u2019 para mejorar la inserci\u00f3n laboral de los j\u00f3venes","datePublished":"2014-12-22T10:57:19+00:00","mainEntityOfPage":{"@id":"https:\/\/www.laguiadepamplona.com\/actualidad\/pamplona-contara-el-proximo-ano-con-dos-lanzaderas-de-empleo-y-emprendimiento-solidario-para-mejorar-la-insercion-laboral-de-los-jovenes\/"},"wordCount":991,"publisher":{"@id":"https:\/\/www.laguiadepamplona.com\/actualidad\/#organization"},"image":{"@id":"https:\/\/www.laguiadepamplona.com\/actualidad\/pamplona-contara-el-proximo-ano-con-dos-lanzaderas-de-empleo-y-emprendimiento-solidario-para-mejorar-la-insercion-laboral-de-los-jovenes\/#primaryimage"},"thumbnailUrl":"","keywords":["actualidad","ayto pamplona","Ayuntamiento de Pamplona","emprendimiento solidario","fundaci\u00f3n santa mar\u00eda la real","lanzaderas de empleo","noticias","pamplona","santamarialareal.org"],"articleSection":["Ayto Pamplona"],"inLanguage":"es"},{"@type":"WebPage","@id":"https:\/\/www.laguiadepamplona.com\/actualidad\/pamplona-contara-el-proximo-ano-con-dos-lanzaderas-de-empleo-y-emprendimiento-solidario-para-mejorar-la-insercion-laboral-de-los-jovenes\/","url":"https:\/\/www.laguiadepamplona.com\/actualidad\/pamplona-contara-el-proximo-ano-con-dos-lanzaderas-de-empleo-y-emprendimiento-solidario-para-mejorar-la-insercion-laboral-de-los-jovenes\/","name":"Pamplona contar\u00e1 el pr\u00f3ximo a\u00f1o con dos \u2018Lanzaderas de empleo y emprendimiento solidario\u2019 para mejorar la inserci\u00f3n laboral de los j\u00f3venes","isPartOf":{"@id":"https:\/\/www.laguiadepamplona.com\/actualidad\/#website"},"primaryImageOfPage":{"@id":"https:\/\/www.laguiadepamplona.com\/actualidad\/pamplona-contara-el-proximo-ano-con-dos-lanzaderas-de-empleo-y-emprendimiento-solidario-para-mejorar-la-insercion-laboral-de-los-jovenes\/#primaryimage"},"image":{"@id":"https:\/\/www.laguiadepamplona.com\/actualidad\/pamplona-contara-el-proximo-ano-con-dos-lanzaderas-de-empleo-y-emprendimiento-solidario-para-mejorar-la-insercion-laboral-de-los-jovenes\/#primaryimage"},"thumbnailUrl":"","datePublished":"2014-12-22T10:57:19+00:00","breadcrumb":{"@id":"https:\/\/www.laguiadepamplona.com\/actualidad\/pamplona-contara-el-proximo-ano-con-dos-lanzaderas-de-empleo-y-emprendimiento-solidario-para-mejorar-la-insercion-laboral-de-los-jovenes\/#breadcrumb"},"inLanguage":"es","potentialAction":[{"@type":"ReadAction","target":["https:\/\/www.laguiadepamplona.com\/actualidad\/pamplona-contara-el-proximo-ano-con-dos-lanzaderas-de-empleo-y-emprendimiento-solidario-para-mejorar-la-insercion-laboral-de-los-jovenes\/"]}]},{"@type":"ImageObject","inLanguage":"es","@id":"https:\/\/www.laguiadepamplona.com\/actualidad\/pamplona-contara-el-proximo-ano-con-dos-lanzaderas-de-empleo-y-emprendimiento-solidario-para-mejorar-la-insercion-laboral-de-los-jovenes\/#primaryimage","url":"","contentUrl":""},{"@type":"BreadcrumbList","@id":"https:\/\/www.laguiadepamplona.com\/actualidad\/pamplona-contara-el-proximo-ano-con-dos-lanzaderas-de-empleo-y-emprendimiento-solidario-para-mejorar-la-insercion-laboral-de-los-jovenes\/#breadcrumb","itemListElement":[{"@type":"ListItem","position":1,"name":"Portada","item":"https:\/\/www.laguiadepamplona.com\/actualidad\/"},{"@type":"ListItem","position":2,"name":"Pamplona contar\u00e1 el pr\u00f3ximo a\u00f1o con dos \u2018Lanzaderas de empleo y emprendimiento solidario\u2019 para mejorar la inserci\u00f3n laboral de los j\u00f3venes"}]},{"@type":"WebSite","@id":"https:\/\/www.laguiadepamplona.com\/actualidad\/#website","url":"https:\/\/www.laguiadepamplona.com\/actualidad\/","name":"La gu\u00eda de Pamplona","description":"Noticias de Pamplona","publisher":{"@id":"https:\/\/www.laguiadepamplona.com\/actualidad\/#organization"},"potentialAction":[{"@type":"SearchAction","target":{"@type":"EntryPoint","urlTemplate":"https:\/\/www.laguiadepamplona.com\/actualidad\/?s={search_term_string}"},"query-input":{"@type":"PropertyValueSpecification","valueRequired":true,"valueName":"search_term_string"}}],"inLanguage":"es"},{"@type":"Organization","@id":"https:\/\/www.laguiadepamplona.com\/actualidad\/#organization","name":"La Gu\u00eda de Pamplona \/ Noticias","url":"https:\/\/www.laguiadepamplona.com\/actualidad\/","logo":{"@type":"ImageObject","inLanguage":"es","@id":"https:\/\/www.laguiadepamplona.com\/actualidad\/#\/schema\/logo\/image\/","url":"https:\/\/www.laguiadepamplona.com\/actualidad\/wp-content\/uploads\/2018\/11\/logo-laguiadepamplona18-web1.png","contentUrl":"https:\/\/www.laguiadepamplona.com\/actualidad\/wp-content\/uploads\/2018\/11\/logo-laguiadepamplona18-web1.png","width":600,"height":196,"caption":"La Gu\u00eda de Pamplona \/ Noticias"},"image":{"@id":"https:\/\/www.laguiadepamplona.com\/actualidad\/#\/schema\/logo\/image\/"},"sameAs":["https:\/\/www.facebook.com\/laguiadepamplonacom-133175176762273\/?ref=hl","https:\/\/x.com\/LaGuiadPamplona","https:\/\/www.instagram.com\/la_guia_de_pamplona\/","https:\/\/www.youtube.com\/user\/laguiadepamplona"]},{"@type":"Person","@id":"https:\/\/www.laguiadepamplona.com\/actualidad\/#\/schema\/person\/efe887376f0213d4657c93adc50b1fdb","name":"La Gu\u00eda de Pamplona","image":{"@type":"ImageObject","inLanguage":"es","@id":"https:\/\/secure.gravatar.com\/avatar\/b6992f131dc8d30ab0dff15446e9d346d9dbd95992de0fef795073f5ea83a81c?s=96&d=mm&r=g","url":"https:\/\/secure.gravatar.com\/avatar\/b6992f131dc8d30ab0dff15446e9d346d9dbd95992de0fef795073f5ea83a81c?s=96&d=mm&r=g","contentUrl":"https:\/\/secure.gravatar.com\/avatar\/b6992f131dc8d30ab0dff15446e9d346d9dbd95992de0fef795073f5ea83a81c?s=96&d=mm&r=g","caption":"La Gu\u00eda de Pamplona"}}]}},"post_mailing_queue_ids":[],"_links":{"self":[{"href":"https:\/\/www.laguiadepamplona.com\/actualidad\/wp-json\/wp\/v2\/posts\/4228","targetHints":{"allow":["GET"]}}],"collection":[{"href":"https:\/\/www.laguiadepamplona.com\/actualidad\/wp-json\/wp\/v2\/posts"}],"about":[{"href":"https:\/\/www.laguiadepamplona.com\/actualidad\/wp-json\/wp\/v2\/types\/post"}],"author":[{"embeddable":true,"href":"https:\/\/www.laguiadepamplona.com\/actualidad\/wp-json\/wp\/v2\/users\/1"}],"replies":[{"embeddable":true,"href":"https:\/\/www.laguiadepamplona.com\/actualidad\/wp-json\/wp\/v2\/comments?post=4228"}],"version-history":[{"count":0,"href":"https:\/\/www.laguiadepamplona.com\/actualidad\/wp-json\/wp\/v2\/posts\/4228\/revisions"}],"wp:featuredmedia":[{"embeddable":true,"href":"https:\/\/www.laguiadepamplona.com\/actualidad\/wp-json\/"}],"wp:attachment":[{"href":"https:\/\/www.laguiadepamplona.com\/actualidad\/wp-json\/wp\/v2\/media?parent=4228"}],"wp:term":[{"taxonomy":"category","embeddable":true,"href":"https:\/\/www.laguiadepamplona.com\/actualidad\/wp-json\/wp\/v2\/categories?post=4228"},{"taxonomy":"post_tag","embeddable":true,"href":"https:\/\/www.laguiadepamplona.com\/actualidad\/wp-json\/wp\/v2\/tags?post=4228"}],"curies":[{"name":"wp","href":"https:\/\/api.w.org\/{rel}","templated":true}]}}