{"id":42267,"date":"2022-11-21T21:47:29","date_gmt":"2022-11-21T19:47:29","guid":{"rendered":"https:\/\/www.laguiadepamplona.com\/actualidad\/?p=42267"},"modified":"2023-04-11T11:47:33","modified_gmt":"2023-04-11T09:47:33","slug":"el-ayuntamiento-incorporo-el-859-de-las-propuestas-ciudadanas-aprobadas-para-mejorar-las-fiestas-de-san-fermin","status":"publish","type":"post","link":"https:\/\/www.laguiadepamplona.com\/actualidad\/el-ayuntamiento-incorporo-el-859-de-las-propuestas-ciudadanas-aprobadas-para-mejorar-las-fiestas-de-san-fermin\/","title":{"rendered":"El Ayuntamiento incorpor\u00f3 el 85,9% de las propuestas ciudadanas aprobadas para mejorar las fiestas de San Ferm\u00edn"},"content":{"rendered":"<h5>Para 2023 se ampliar\u00e1 la participaci\u00f3n de la ciudadan\u00eda a trav\u00e9s de una encuesta, tal y como se ha anunciado en Mesa General de los Sanfermines<\/h5>\n<p><!--more--><\/p>\n<p>Casi nueve de cada diez propuestas presentadas por la ciudadan\u00eda de Pamplona para mejorar las fiestas se vieron reflejadas en la planificaci\u00f3n y programaci\u00f3n de los Sanfermines de 2022. As\u00ed lo ha recalcado el alcalde de Pamplona, Enrique Maya, en la primera reuni\u00f3n de la Mesa General de los Sanfermines, celebrada esta tarde y en la que han participado m\u00e1s de medio centenar de asociaciones, entidades y colectivos, adem\u00e1s de la corporaci\u00f3n municipal.<\/p>\n<p>El primer encuentro de la Mesa tras las fiestas ha servido para hacer un balance de nueve d\u00edas de eventos y actos, tras dos a\u00f1os de ausencia debido a la pandemia del COVID-19. Con el fin de mejorar las fiestas tras el par\u00f3n forzoso, el Ayuntamiento de Pamplona facilit\u00f3 un procedimiento para que la ciudadan\u00eda pudiera trasladar a los responsables municipales aquellas propuestas, aportaciones e ideas que podr\u00edan, a su juicio, mejorar la organizaci\u00f3n del principal evento festivo de la ciudad, de proyecci\u00f3n nacional e internacional. As\u00ed, entre octubre y noviembre de 2021, se habilit\u00f3 un buz\u00f3n de correo electr\u00f3nico, al que llegaron 119 propuestas sobre \u00e1reas tan variadas como la cultura, sobre todo, en lo referente a conciertos y m\u00fasica; el ocio, haciendo especial hincapi\u00e9 en la programaci\u00f3n infantil y juvenil; los encierros y la faceta taurina de la fiesta; y la seguridad y limpieza de la ciudad durante los Sanfermines.<br \/>\n<script async src=\"\/\/pagead2.googlesyndication.com\/pagead\/js\/adsbygoogle.js\"><\/script><br \/>\n<!-- Noticias La Guia de Pamplona --><br \/>\n<ins class=\"adsbygoogle\"\nstyle=\"display:block\"\ndata-ad-client=\"ca-pub-6943679897239327\"\ndata-ad-slot=\"7048180777\"\ndata-ad-format=\"auto\"><\/ins><br \/>\n<script>\n(adsbygoogle = window.adsbygoogle || []).push({});\n<\/script><\/p>\n<p>Una vez analizadas las propuestas, se agruparon en 105, ya que varias de ellas coincid\u00edan en tem\u00e1tica y sugerencias. Tras ser analizadas por las distintas mesas espec\u00edficas, se aprobaron mediante votaci\u00f3n 78 de ellas, bajo criterios entre los que se encontraban la posibilidad de su ejecuci\u00f3n y su especial vinculaci\u00f3n con la fiesta. En este sentido, se descartaron propuestas como la realizaci\u00f3n de un concurso de migas, una paellada popular o la celebraci\u00f3n de un torneo de mus, de un concurso de disfraces o un karaoke.<\/p>\n<p>Entre las 78 acciones aprobadas, en estos pasados Sanfermines se han podido desarrollar 67, tal y como han explicado la concejala delegada de Cultura e Igualdad y vicepresidenta de la Mesa General de los Sanfermines, Mar\u00eda Garc\u00eda-Barberena, y el concejal de Educaci\u00f3n, Participaci\u00f3n y Juventud, Fernando Sesma, respectivamente. As\u00ed, como novedad en este 2022, se entregaron pa\u00f1uelos a los ni\u00f1os y ni\u00f1as nacidos entre julio de 2019 y julio de 2022. Ante la imposibilidad de hacerlo a todos ellos, se realiz\u00f3 un sorteo para elegir a 15 representantes. Tambi\u00e9n se puso en marcha la campa\u00f1a \u2018Bienvenidos a las mejores fiestas del mundo\u2019 en cuatro idiomas para dar la bienvenida a los visitantes, se reforz\u00f3 el servicio de limpieza, pasando de 120 a 285 efectivos, y se impuls\u00f3 el uso de los vasos reutilizables, que se extendi\u00f3 por 94 locales y 13 pe\u00f1as, adem\u00e1s de en espacios como la plaza de los Fueros, la plaza de Toros y las concesiones municipales, atendiendo varias demandas ciudadanas.<\/p>\n<p>En lo que respecta a programaci\u00f3n infantil y joven, se ha continuado con la Zona Joven, en la plaza de los Fueros, se organiz\u00f3 Juega Rejuega en la Taconera y SportKids en la Media Luna. Tambi\u00e9n se han habilitado espacios para el folklore y se ha organizado un concurso de jotas. Se trajo a artistas de renombre para los conciertos, se descentralizaron espacios y se programaron artistas navarros y locales.<\/p>\n<p>Todo ello sin olvidar acciones encaminadas a visibilizar a las mujeres y a sensibilizar contra las agresiones sexistas, como el punto de informaci\u00f3n en la plaza del Castillo.<br \/>\n<script async src=\"\/\/pagead2.googlesyndication.com\/pagead\/js\/adsbygoogle.js\"><\/script><br \/>\n<!-- Noticias La Guia de Pamplona --><br \/>\n<ins class=\"adsbygoogle\"\nstyle=\"display:block\"\ndata-ad-client=\"ca-pub-6943679897239327\"\ndata-ad-slot=\"7048180777\"\ndata-ad-format=\"auto\"><\/ins><br \/>\n<script>\n(adsbygoogle = window.adsbygoogle || []).push({});\n<\/script><\/p>\n<p><strong>Una encuesta para 2023<\/strong><\/p>\n<p>Con el fin de tener una visi\u00f3n m\u00e1s amplia y completa de lo que opina y espera la ciudadan\u00eda de Pamplona sobre sus fiestas, el Ayuntamiento va a poner en marcha una encuesta p\u00fablica, dise\u00f1ada y desarrollada con criterios y procedimientos t\u00e9cnicos, que aporte informaci\u00f3n sobre la percepci\u00f3n local de las fiestas y ofrezca nuevas ideas de inter\u00e9s. De este modo se quiere\u00a0\u00a0 pulsar el sentir de la calle, sus demandas, qu\u00e9 actos o acciones consideran necesarias durante las fiestas de San Ferm\u00edn o las razones para salir de la ciudad en fechas tan se\u00f1aladas. Una vez recabada la informaci\u00f3n, los resultados de la encuesta ser\u00e1n presentados p\u00fablicamente.<\/p>\n<p><strong>Un balance positivo<\/strong><\/p>\n<p>La reuni\u00f3n de la Mesa General de los Sanfermines ha servido, tambi\u00e9n, para analizar no solo la participaci\u00f3n de la ciudadan\u00eda en la elaboraci\u00f3n del programa y en la adopci\u00f3n de medidas, sino tambi\u00e9n en el desarrollo de los actos. Despu\u00e9s de dos a\u00f1os de ausencia, la ciudad volvi\u00f3 a vibrar con unas fiestas de San Ferm\u00edn, en las que la participaci\u00f3n ha experimentado un notable aumento.<\/p>\n<p>Seg\u00fan las cifras barajadas por el Ayuntamiento, m\u00e1s de 1,7 millones de personas participaron en los 532 actos organizados por el Consistorio, desde conciertos, hasta actividades infantiles, fuegos artificiales, sin olvidar el chupinazo, el encierro y el pobre de m\u00ed, entre otros. Este n\u00famero supone un incremento del 20% con respecto a las 1.333.700 personas contabilizadas en 2019. La oferta musical de este 2022, con la inclusi\u00f3n de una zona de m\u00fasica DJ en la Plaza del Castillo, que se sum\u00f3 a los conciertos de plaza de los Fueros, Compa\u00f1\u00eda, Antoniutti, paseo Sarasate y plaza de la Cruz, moviliz\u00f3 a buena parte de la ciudadan\u00eda, en torno a 551.000 personas frente a las 192.500 personas de dos a\u00f1os antes.<br \/>\n<script async src=\"\/\/pagead2.googlesyndication.com\/pagead\/js\/adsbygoogle.js\"><\/script><br \/>\n<!-- Noticias La Guia de Pamplona --><br \/>\n<ins class=\"adsbygoogle\"\nstyle=\"display:block\"\ndata-ad-client=\"ca-pub-6943679897239327\"\ndata-ad-slot=\"7048180777\"\ndata-ad-format=\"auto\"><\/ins><br \/>\n<script>\n(adsbygoogle = window.adsbygoogle || []).push({});\n<\/script><\/p>\n<p>Otras de las actividades m\u00e1s multitudinarias fueron los fuegos artificiales, con 438.000 personas frente a las 382.000 de 2019; o la Zona Joven de la plaza de los Fueros, con m\u00e1s de 5.500 chicos y chichas participantes, frente a los 2.550 de los \u00faltimos Sanfermines.<\/p>\n<p>En cuanto al n\u00famero de turistas que arrastran las fiestas, un estudio encargado por el Ayuntamiento cifr\u00f3 en 462.172 los visitantes \u00fanicos que acudieron a Pamplona del 1 al 14 de julio. De ellos, se estima que, al menos 430.000, se mantuvieron en la ciudad del 6 al 14 de julio. Los datos proceden de un estudio basado en el seguimiento de dispositivos m\u00f3viles, realizado de forma an\u00f3nima detectando las radiofrecuencias emitidas por los dispositivos m\u00f3viles encendidos y con bater\u00eda que pasan por el radio de acci\u00f3n de los nodos colocados en 10 puntos estrat\u00e9gicos de la ciudad.<\/p>\n<p>El gasto calculado que esas 430.000 personas dejaron en la ciudad se ha cifrado en 163,4 millones, seg\u00fan el informe encargado por el Ayuntamiento de Pamplona al Instituto de Investigaciones de Mercado y Marketing Estrat\u00e9gico Ikerfel. El mayor gasto se produjo en establecimientos de restauraci\u00f3n y hosteler\u00eda. Los visitantes nacionales aportaron el 60% del gasto total, 96,9 millones de euros, frente a los 39,8 millones de los turistas internacionales (24%) y los 26,7 millones de las personas residentes en Pamplona (16%). El estudio refleja tambi\u00e9n que el 96% de los turistas aseguran que volver\u00edan a las fiestas de Pamplona, a donde acuden mayoritariamente en grupos, sobre todo los m\u00e1s j\u00f3venes.<\/p>\n<p><strong>Preparaci\u00f3n de los Sanfermines de 2023<\/strong><\/p>\n<p>Tras a dar conocer los datos de balance de las \u00faltimas fiestas, la Mesa General de los Sanfermines ha comenzado a dar pasos para la programaci\u00f3n de la edici\u00f3n de 2023. Con ese objetivo, se ha acordado que a partir del mes de enero se convoquen las distintas mesas espec\u00edficas para abordar temas y actividades relativas a sus \u00e1reas en concreto.<\/p>\n","protected":false},"excerpt":{"rendered":"<p>Para 2023 se ampliar\u00e1 la participaci\u00f3n de la ciudadan\u00eda a trav\u00e9s de una encuesta, tal y como se ha anunciado en Mesa General de los Sanfermines<\/p>\n","protected":false},"author":1,"featured_media":42268,"comment_status":"open","ping_status":"closed","sticky":false,"template":"","format":"standard","meta":{"footnotes":""},"categories":[2],"tags":[],"class_list":["post-42267","post","type-post","status-publish","format-standard","has-post-thumbnail","hentry","category-ayuntamiento-pamplona"],"yoast_head":"<!-- This site is optimized with the Yoast SEO plugin v27.3 - https:\/\/yoast.com\/product\/yoast-seo-wordpress\/ -->\n<title>El Ayuntamiento incorpor\u00f3 el 85,9% de las propuestas ciudadanas aprobadas para mejorar las fiestas de San Ferm\u00edn<\/title>\n<meta name=\"description\" content=\"Para 2023 se ampliar\u00e1 la participaci\u00f3n de la ciudadan\u00eda a trav\u00e9s de una encuesta, tal y como se ha anunciado en Mesa General de los Sanfermines\" \/>\n<meta name=\"robots\" content=\"index, follow, max-snippet:-1, max-image-preview:large, max-video-preview:-1\" \/>\n<link rel=\"canonical\" href=\"https:\/\/www.laguiadepamplona.com\/actualidad\/el-ayuntamiento-incorporo-el-859-de-las-propuestas-ciudadanas-aprobadas-para-mejorar-las-fiestas-de-san-fermin\/\" \/>\n<meta property=\"og:locale\" content=\"es_ES\" \/>\n<meta property=\"og:type\" content=\"article\" \/>\n<meta property=\"og:title\" content=\"El Ayuntamiento incorpor\u00f3 el 85,9% de las propuestas ciudadanas aprobadas para mejorar las fiestas de San Ferm\u00edn\" \/>\n<meta property=\"og:description\" content=\"Para 2023 se ampliar\u00e1 la participaci\u00f3n de la ciudadan\u00eda a trav\u00e9s de una encuesta, tal y como se ha anunciado en Mesa General de los Sanfermines\" \/>\n<meta property=\"og:url\" content=\"https:\/\/www.laguiadepamplona.com\/actualidad\/el-ayuntamiento-incorporo-el-859-de-las-propuestas-ciudadanas-aprobadas-para-mejorar-las-fiestas-de-san-fermin\/\" \/>\n<meta property=\"og:site_name\" content=\"La Gu\u00eda de Pamplona\" \/>\n<meta property=\"article:publisher\" content=\"https:\/\/www.facebook.com\/laguiadepamplonacom-133175176762273\/?ref=hl\" \/>\n<meta property=\"article:published_time\" content=\"2022-11-21T19:47:29+00:00\" \/>\n<meta property=\"article:modified_time\" content=\"2023-04-11T09:47:33+00:00\" \/>\n<meta property=\"og:image\" content=\"https:\/\/www.laguiadepamplona.com\/actualidad\/wp-content\/uploads\/2022\/11\/mesa-san-fermin-22ee5a3054.webp\" \/>\n\t<meta property=\"og:image:width\" content=\"1920\" \/>\n\t<meta property=\"og:image:height\" content=\"1280\" \/>\n\t<meta property=\"og:image:type\" content=\"image\/webp\" \/>\n<meta name=\"author\" content=\"La Gu\u00eda de Pamplona\" \/>\n<meta name=\"twitter:card\" content=\"summary_large_image\" \/>\n<meta name=\"twitter:creator\" content=\"@LaGuiadPamplona\" \/>\n<meta name=\"twitter:site\" content=\"@LaGuiadPamplona\" \/>\n<meta name=\"twitter:label1\" content=\"Escrito por\" \/>\n\t<meta name=\"twitter:data1\" content=\"La Gu\u00eda de Pamplona\" \/>\n\t<meta name=\"twitter:label2\" content=\"Tiempo de lectura\" \/>\n\t<meta name=\"twitter:data2\" content=\"6 minutos\" \/>\n<script type=\"application\/ld+json\" class=\"yoast-schema-graph\">{\"@context\":\"https:\\\/\\\/schema.org\",\"@graph\":[{\"@type\":\"Article\",\"@id\":\"https:\\\/\\\/www.laguiadepamplona.com\\\/actualidad\\\/el-ayuntamiento-incorporo-el-859-de-las-propuestas-ciudadanas-aprobadas-para-mejorar-las-fiestas-de-san-fermin\\\/#article\",\"isPartOf\":{\"@id\":\"https:\\\/\\\/www.laguiadepamplona.com\\\/actualidad\\\/el-ayuntamiento-incorporo-el-859-de-las-propuestas-ciudadanas-aprobadas-para-mejorar-las-fiestas-de-san-fermin\\\/\"},\"author\":{\"name\":\"La Gu\u00eda de Pamplona\",\"@id\":\"https:\\\/\\\/www.laguiadepamplona.com\\\/actualidad\\\/#\\\/schema\\\/person\\\/efe887376f0213d4657c93adc50b1fdb\"},\"headline\":\"El Ayuntamiento incorpor\u00f3 el 85,9% de las propuestas ciudadanas aprobadas para mejorar las fiestas de San Ferm\u00edn\",\"datePublished\":\"2022-11-21T19:47:29+00:00\",\"dateModified\":\"2023-04-11T09:47:33+00:00\",\"mainEntityOfPage\":{\"@id\":\"https:\\\/\\\/www.laguiadepamplona.com\\\/actualidad\\\/el-ayuntamiento-incorporo-el-859-de-las-propuestas-ciudadanas-aprobadas-para-mejorar-las-fiestas-de-san-fermin\\\/\"},\"wordCount\":1286,\"commentCount\":0,\"publisher\":{\"@id\":\"https:\\\/\\\/www.laguiadepamplona.com\\\/actualidad\\\/#organization\"},\"image\":{\"@id\":\"https:\\\/\\\/www.laguiadepamplona.com\\\/actualidad\\\/el-ayuntamiento-incorporo-el-859-de-las-propuestas-ciudadanas-aprobadas-para-mejorar-las-fiestas-de-san-fermin\\\/#primaryimage\"},\"thumbnailUrl\":\"https:\\\/\\\/www.laguiadepamplona.com\\\/actualidad\\\/wp-content\\\/uploads\\\/2022\\\/11\\\/mesa-san-fermin-22ee5a3054.webp\",\"articleSection\":[\"Ayto Pamplona\"],\"inLanguage\":\"es\",\"potentialAction\":[{\"@type\":\"CommentAction\",\"name\":\"Comment\",\"target\":[\"https:\\\/\\\/www.laguiadepamplona.com\\\/actualidad\\\/el-ayuntamiento-incorporo-el-859-de-las-propuestas-ciudadanas-aprobadas-para-mejorar-las-fiestas-de-san-fermin\\\/#respond\"]}]},{\"@type\":\"WebPage\",\"@id\":\"https:\\\/\\\/www.laguiadepamplona.com\\\/actualidad\\\/el-ayuntamiento-incorporo-el-859-de-las-propuestas-ciudadanas-aprobadas-para-mejorar-las-fiestas-de-san-fermin\\\/\",\"url\":\"https:\\\/\\\/www.laguiadepamplona.com\\\/actualidad\\\/el-ayuntamiento-incorporo-el-859-de-las-propuestas-ciudadanas-aprobadas-para-mejorar-las-fiestas-de-san-fermin\\\/\",\"name\":\"El Ayuntamiento incorpor\u00f3 el 85,9% de las propuestas ciudadanas aprobadas para mejorar las fiestas de San Ferm\u00edn\",\"isPartOf\":{\"@id\":\"https:\\\/\\\/www.laguiadepamplona.com\\\/actualidad\\\/#website\"},\"primaryImageOfPage\":{\"@id\":\"https:\\\/\\\/www.laguiadepamplona.com\\\/actualidad\\\/el-ayuntamiento-incorporo-el-859-de-las-propuestas-ciudadanas-aprobadas-para-mejorar-las-fiestas-de-san-fermin\\\/#primaryimage\"},\"image\":{\"@id\":\"https:\\\/\\\/www.laguiadepamplona.com\\\/actualidad\\\/el-ayuntamiento-incorporo-el-859-de-las-propuestas-ciudadanas-aprobadas-para-mejorar-las-fiestas-de-san-fermin\\\/#primaryimage\"},\"thumbnailUrl\":\"https:\\\/\\\/www.laguiadepamplona.com\\\/actualidad\\\/wp-content\\\/uploads\\\/2022\\\/11\\\/mesa-san-fermin-22ee5a3054.webp\",\"datePublished\":\"2022-11-21T19:47:29+00:00\",\"dateModified\":\"2023-04-11T09:47:33+00:00\",\"description\":\"Para 2023 se ampliar\u00e1 la participaci\u00f3n de la ciudadan\u00eda a trav\u00e9s de una encuesta, tal y como se ha anunciado en Mesa General de los Sanfermines\",\"breadcrumb\":{\"@id\":\"https:\\\/\\\/www.laguiadepamplona.com\\\/actualidad\\\/el-ayuntamiento-incorporo-el-859-de-las-propuestas-ciudadanas-aprobadas-para-mejorar-las-fiestas-de-san-fermin\\\/#breadcrumb\"},\"inLanguage\":\"es\",\"potentialAction\":[{\"@type\":\"ReadAction\",\"target\":[\"https:\\\/\\\/www.laguiadepamplona.com\\\/actualidad\\\/el-ayuntamiento-incorporo-el-859-de-las-propuestas-ciudadanas-aprobadas-para-mejorar-las-fiestas-de-san-fermin\\\/\"]}]},{\"@type\":\"ImageObject\",\"inLanguage\":\"es\",\"@id\":\"https:\\\/\\\/www.laguiadepamplona.com\\\/actualidad\\\/el-ayuntamiento-incorporo-el-859-de-las-propuestas-ciudadanas-aprobadas-para-mejorar-las-fiestas-de-san-fermin\\\/#primaryimage\",\"url\":\"https:\\\/\\\/www.laguiadepamplona.com\\\/actualidad\\\/wp-content\\\/uploads\\\/2022\\\/11\\\/mesa-san-fermin-22ee5a3054.webp\",\"contentUrl\":\"https:\\\/\\\/www.laguiadepamplona.com\\\/actualidad\\\/wp-content\\\/uploads\\\/2022\\\/11\\\/mesa-san-fermin-22ee5a3054.webp\",\"width\":1920,\"height\":1280},{\"@type\":\"BreadcrumbList\",\"@id\":\"https:\\\/\\\/www.laguiadepamplona.com\\\/actualidad\\\/el-ayuntamiento-incorporo-el-859-de-las-propuestas-ciudadanas-aprobadas-para-mejorar-las-fiestas-de-san-fermin\\\/#breadcrumb\",\"itemListElement\":[{\"@type\":\"ListItem\",\"position\":1,\"name\":\"Portada\",\"item\":\"https:\\\/\\\/www.laguiadepamplona.com\\\/actualidad\\\/\"},{\"@type\":\"ListItem\",\"position\":2,\"name\":\"El Ayuntamiento incorpor\u00f3 el 85,9% de las propuestas ciudadanas aprobadas para mejorar las fiestas de San Ferm\u00edn\"}]},{\"@type\":\"WebSite\",\"@id\":\"https:\\\/\\\/www.laguiadepamplona.com\\\/actualidad\\\/#website\",\"url\":\"https:\\\/\\\/www.laguiadepamplona.com\\\/actualidad\\\/\",\"name\":\"La gu\u00eda de Pamplona\",\"description\":\"Noticias de Pamplona\",\"publisher\":{\"@id\":\"https:\\\/\\\/www.laguiadepamplona.com\\\/actualidad\\\/#organization\"},\"potentialAction\":[{\"@type\":\"SearchAction\",\"target\":{\"@type\":\"EntryPoint\",\"urlTemplate\":\"https:\\\/\\\/www.laguiadepamplona.com\\\/actualidad\\\/?s={search_term_string}\"},\"query-input\":{\"@type\":\"PropertyValueSpecification\",\"valueRequired\":true,\"valueName\":\"search_term_string\"}}],\"inLanguage\":\"es\"},{\"@type\":\"Organization\",\"@id\":\"https:\\\/\\\/www.laguiadepamplona.com\\\/actualidad\\\/#organization\",\"name\":\"La Gu\u00eda de Pamplona \\\/ Noticias\",\"url\":\"https:\\\/\\\/www.laguiadepamplona.com\\\/actualidad\\\/\",\"logo\":{\"@type\":\"ImageObject\",\"inLanguage\":\"es\",\"@id\":\"https:\\\/\\\/www.laguiadepamplona.com\\\/actualidad\\\/#\\\/schema\\\/logo\\\/image\\\/\",\"url\":\"https:\\\/\\\/www.laguiadepamplona.com\\\/actualidad\\\/wp-content\\\/uploads\\\/2018\\\/11\\\/logo-laguiadepamplona18-web1.png\",\"contentUrl\":\"https:\\\/\\\/www.laguiadepamplona.com\\\/actualidad\\\/wp-content\\\/uploads\\\/2018\\\/11\\\/logo-laguiadepamplona18-web1.png\",\"width\":600,\"height\":196,\"caption\":\"La Gu\u00eda de Pamplona \\\/ Noticias\"},\"image\":{\"@id\":\"https:\\\/\\\/www.laguiadepamplona.com\\\/actualidad\\\/#\\\/schema\\\/logo\\\/image\\\/\"},\"sameAs\":[\"https:\\\/\\\/www.facebook.com\\\/laguiadepamplonacom-133175176762273\\\/?ref=hl\",\"https:\\\/\\\/x.com\\\/LaGuiadPamplona\",\"https:\\\/\\\/www.instagram.com\\\/la_guia_de_pamplona\\\/\",\"https:\\\/\\\/www.youtube.com\\\/user\\\/laguiadepamplona\"]},{\"@type\":\"Person\",\"@id\":\"https:\\\/\\\/www.laguiadepamplona.com\\\/actualidad\\\/#\\\/schema\\\/person\\\/efe887376f0213d4657c93adc50b1fdb\",\"name\":\"La Gu\u00eda de Pamplona\",\"image\":{\"@type\":\"ImageObject\",\"inLanguage\":\"es\",\"@id\":\"https:\\\/\\\/secure.gravatar.com\\\/avatar\\\/b6992f131dc8d30ab0dff15446e9d346d9dbd95992de0fef795073f5ea83a81c?s=96&d=mm&r=g\",\"url\":\"https:\\\/\\\/secure.gravatar.com\\\/avatar\\\/b6992f131dc8d30ab0dff15446e9d346d9dbd95992de0fef795073f5ea83a81c?s=96&d=mm&r=g\",\"contentUrl\":\"https:\\\/\\\/secure.gravatar.com\\\/avatar\\\/b6992f131dc8d30ab0dff15446e9d346d9dbd95992de0fef795073f5ea83a81c?s=96&d=mm&r=g\",\"caption\":\"La Gu\u00eda de Pamplona\"}}]}<\/script>\n<!-- \/ Yoast SEO plugin. -->","yoast_head_json":{"title":"El Ayuntamiento incorpor\u00f3 el 85,9% de las propuestas ciudadanas aprobadas para mejorar las fiestas de San Ferm\u00edn","description":"Para 2023 se ampliar\u00e1 la participaci\u00f3n de la ciudadan\u00eda a trav\u00e9s de una encuesta, tal y como se ha anunciado en Mesa General de los Sanfermines","robots":{"index":"index","follow":"follow","max-snippet":"max-snippet:-1","max-image-preview":"max-image-preview:large","max-video-preview":"max-video-preview:-1"},"canonical":"https:\/\/www.laguiadepamplona.com\/actualidad\/el-ayuntamiento-incorporo-el-859-de-las-propuestas-ciudadanas-aprobadas-para-mejorar-las-fiestas-de-san-fermin\/","og_locale":"es_ES","og_type":"article","og_title":"El Ayuntamiento incorpor\u00f3 el 85,9% de las propuestas ciudadanas aprobadas para mejorar las fiestas de San Ferm\u00edn","og_description":"Para 2023 se ampliar\u00e1 la participaci\u00f3n de la ciudadan\u00eda a trav\u00e9s de una encuesta, tal y como se ha anunciado en Mesa General de los Sanfermines","og_url":"https:\/\/www.laguiadepamplona.com\/actualidad\/el-ayuntamiento-incorporo-el-859-de-las-propuestas-ciudadanas-aprobadas-para-mejorar-las-fiestas-de-san-fermin\/","og_site_name":"La Gu\u00eda de Pamplona","article_publisher":"https:\/\/www.facebook.com\/laguiadepamplonacom-133175176762273\/?ref=hl","article_published_time":"2022-11-21T19:47:29+00:00","article_modified_time":"2023-04-11T09:47:33+00:00","og_image":[{"width":1920,"height":1280,"url":"https:\/\/www.laguiadepamplona.com\/actualidad\/wp-content\/uploads\/2022\/11\/mesa-san-fermin-22ee5a3054.webp","type":"image\/webp"}],"author":"La Gu\u00eda de Pamplona","twitter_card":"summary_large_image","twitter_creator":"@LaGuiadPamplona","twitter_site":"@LaGuiadPamplona","twitter_misc":{"Escrito por":"La Gu\u00eda de Pamplona","Tiempo de lectura":"6 minutos"},"schema":{"@context":"https:\/\/schema.org","@graph":[{"@type":"Article","@id":"https:\/\/www.laguiadepamplona.com\/actualidad\/el-ayuntamiento-incorporo-el-859-de-las-propuestas-ciudadanas-aprobadas-para-mejorar-las-fiestas-de-san-fermin\/#article","isPartOf":{"@id":"https:\/\/www.laguiadepamplona.com\/actualidad\/el-ayuntamiento-incorporo-el-859-de-las-propuestas-ciudadanas-aprobadas-para-mejorar-las-fiestas-de-san-fermin\/"},"author":{"name":"La Gu\u00eda de Pamplona","@id":"https:\/\/www.laguiadepamplona.com\/actualidad\/#\/schema\/person\/efe887376f0213d4657c93adc50b1fdb"},"headline":"El Ayuntamiento incorpor\u00f3 el 85,9% de las propuestas ciudadanas aprobadas para mejorar las fiestas de San Ferm\u00edn","datePublished":"2022-11-21T19:47:29+00:00","dateModified":"2023-04-11T09:47:33+00:00","mainEntityOfPage":{"@id":"https:\/\/www.laguiadepamplona.com\/actualidad\/el-ayuntamiento-incorporo-el-859-de-las-propuestas-ciudadanas-aprobadas-para-mejorar-las-fiestas-de-san-fermin\/"},"wordCount":1286,"commentCount":0,"publisher":{"@id":"https:\/\/www.laguiadepamplona.com\/actualidad\/#organization"},"image":{"@id":"https:\/\/www.laguiadepamplona.com\/actualidad\/el-ayuntamiento-incorporo-el-859-de-las-propuestas-ciudadanas-aprobadas-para-mejorar-las-fiestas-de-san-fermin\/#primaryimage"},"thumbnailUrl":"https:\/\/www.laguiadepamplona.com\/actualidad\/wp-content\/uploads\/2022\/11\/mesa-san-fermin-22ee5a3054.webp","articleSection":["Ayto Pamplona"],"inLanguage":"es","potentialAction":[{"@type":"CommentAction","name":"Comment","target":["https:\/\/www.laguiadepamplona.com\/actualidad\/el-ayuntamiento-incorporo-el-859-de-las-propuestas-ciudadanas-aprobadas-para-mejorar-las-fiestas-de-san-fermin\/#respond"]}]},{"@type":"WebPage","@id":"https:\/\/www.laguiadepamplona.com\/actualidad\/el-ayuntamiento-incorporo-el-859-de-las-propuestas-ciudadanas-aprobadas-para-mejorar-las-fiestas-de-san-fermin\/","url":"https:\/\/www.laguiadepamplona.com\/actualidad\/el-ayuntamiento-incorporo-el-859-de-las-propuestas-ciudadanas-aprobadas-para-mejorar-las-fiestas-de-san-fermin\/","name":"El Ayuntamiento incorpor\u00f3 el 85,9% de las propuestas ciudadanas aprobadas para mejorar las fiestas de San Ferm\u00edn","isPartOf":{"@id":"https:\/\/www.laguiadepamplona.com\/actualidad\/#website"},"primaryImageOfPage":{"@id":"https:\/\/www.laguiadepamplona.com\/actualidad\/el-ayuntamiento-incorporo-el-859-de-las-propuestas-ciudadanas-aprobadas-para-mejorar-las-fiestas-de-san-fermin\/#primaryimage"},"image":{"@id":"https:\/\/www.laguiadepamplona.com\/actualidad\/el-ayuntamiento-incorporo-el-859-de-las-propuestas-ciudadanas-aprobadas-para-mejorar-las-fiestas-de-san-fermin\/#primaryimage"},"thumbnailUrl":"https:\/\/www.laguiadepamplona.com\/actualidad\/wp-content\/uploads\/2022\/11\/mesa-san-fermin-22ee5a3054.webp","datePublished":"2022-11-21T19:47:29+00:00","dateModified":"2023-04-11T09:47:33+00:00","description":"Para 2023 se ampliar\u00e1 la participaci\u00f3n de la ciudadan\u00eda a trav\u00e9s de una encuesta, tal y como se ha anunciado en Mesa General de los Sanfermines","breadcrumb":{"@id":"https:\/\/www.laguiadepamplona.com\/actualidad\/el-ayuntamiento-incorporo-el-859-de-las-propuestas-ciudadanas-aprobadas-para-mejorar-las-fiestas-de-san-fermin\/#breadcrumb"},"inLanguage":"es","potentialAction":[{"@type":"ReadAction","target":["https:\/\/www.laguiadepamplona.com\/actualidad\/el-ayuntamiento-incorporo-el-859-de-las-propuestas-ciudadanas-aprobadas-para-mejorar-las-fiestas-de-san-fermin\/"]}]},{"@type":"ImageObject","inLanguage":"es","@id":"https:\/\/www.laguiadepamplona.com\/actualidad\/el-ayuntamiento-incorporo-el-859-de-las-propuestas-ciudadanas-aprobadas-para-mejorar-las-fiestas-de-san-fermin\/#primaryimage","url":"https:\/\/www.laguiadepamplona.com\/actualidad\/wp-content\/uploads\/2022\/11\/mesa-san-fermin-22ee5a3054.webp","contentUrl":"https:\/\/www.laguiadepamplona.com\/actualidad\/wp-content\/uploads\/2022\/11\/mesa-san-fermin-22ee5a3054.webp","width":1920,"height":1280},{"@type":"BreadcrumbList","@id":"https:\/\/www.laguiadepamplona.com\/actualidad\/el-ayuntamiento-incorporo-el-859-de-las-propuestas-ciudadanas-aprobadas-para-mejorar-las-fiestas-de-san-fermin\/#breadcrumb","itemListElement":[{"@type":"ListItem","position":1,"name":"Portada","item":"https:\/\/www.laguiadepamplona.com\/actualidad\/"},{"@type":"ListItem","position":2,"name":"El Ayuntamiento incorpor\u00f3 el 85,9% de las propuestas ciudadanas aprobadas para mejorar las fiestas de San Ferm\u00edn"}]},{"@type":"WebSite","@id":"https:\/\/www.laguiadepamplona.com\/actualidad\/#website","url":"https:\/\/www.laguiadepamplona.com\/actualidad\/","name":"La gu\u00eda de Pamplona","description":"Noticias de Pamplona","publisher":{"@id":"https:\/\/www.laguiadepamplona.com\/actualidad\/#organization"},"potentialAction":[{"@type":"SearchAction","target":{"@type":"EntryPoint","urlTemplate":"https:\/\/www.laguiadepamplona.com\/actualidad\/?s={search_term_string}"},"query-input":{"@type":"PropertyValueSpecification","valueRequired":true,"valueName":"search_term_string"}}],"inLanguage":"es"},{"@type":"Organization","@id":"https:\/\/www.laguiadepamplona.com\/actualidad\/#organization","name":"La Gu\u00eda de Pamplona \/ Noticias","url":"https:\/\/www.laguiadepamplona.com\/actualidad\/","logo":{"@type":"ImageObject","inLanguage":"es","@id":"https:\/\/www.laguiadepamplona.com\/actualidad\/#\/schema\/logo\/image\/","url":"https:\/\/www.laguiadepamplona.com\/actualidad\/wp-content\/uploads\/2018\/11\/logo-laguiadepamplona18-web1.png","contentUrl":"https:\/\/www.laguiadepamplona.com\/actualidad\/wp-content\/uploads\/2018\/11\/logo-laguiadepamplona18-web1.png","width":600,"height":196,"caption":"La Gu\u00eda de Pamplona \/ Noticias"},"image":{"@id":"https:\/\/www.laguiadepamplona.com\/actualidad\/#\/schema\/logo\/image\/"},"sameAs":["https:\/\/www.facebook.com\/laguiadepamplonacom-133175176762273\/?ref=hl","https:\/\/x.com\/LaGuiadPamplona","https:\/\/www.instagram.com\/la_guia_de_pamplona\/","https:\/\/www.youtube.com\/user\/laguiadepamplona"]},{"@type":"Person","@id":"https:\/\/www.laguiadepamplona.com\/actualidad\/#\/schema\/person\/efe887376f0213d4657c93adc50b1fdb","name":"La Gu\u00eda de Pamplona","image":{"@type":"ImageObject","inLanguage":"es","@id":"https:\/\/secure.gravatar.com\/avatar\/b6992f131dc8d30ab0dff15446e9d346d9dbd95992de0fef795073f5ea83a81c?s=96&d=mm&r=g","url":"https:\/\/secure.gravatar.com\/avatar\/b6992f131dc8d30ab0dff15446e9d346d9dbd95992de0fef795073f5ea83a81c?s=96&d=mm&r=g","contentUrl":"https:\/\/secure.gravatar.com\/avatar\/b6992f131dc8d30ab0dff15446e9d346d9dbd95992de0fef795073f5ea83a81c?s=96&d=mm&r=g","caption":"La Gu\u00eda de Pamplona"}}]}},"post_mailing_queue_ids":[],"_links":{"self":[{"href":"https:\/\/www.laguiadepamplona.com\/actualidad\/wp-json\/wp\/v2\/posts\/42267","targetHints":{"allow":["GET"]}}],"collection":[{"href":"https:\/\/www.laguiadepamplona.com\/actualidad\/wp-json\/wp\/v2\/posts"}],"about":[{"href":"https:\/\/www.laguiadepamplona.com\/actualidad\/wp-json\/wp\/v2\/types\/post"}],"author":[{"embeddable":true,"href":"https:\/\/www.laguiadepamplona.com\/actualidad\/wp-json\/wp\/v2\/users\/1"}],"replies":[{"embeddable":true,"href":"https:\/\/www.laguiadepamplona.com\/actualidad\/wp-json\/wp\/v2\/comments?post=42267"}],"version-history":[{"count":0,"href":"https:\/\/www.laguiadepamplona.com\/actualidad\/wp-json\/wp\/v2\/posts\/42267\/revisions"}],"wp:featuredmedia":[{"embeddable":true,"href":"https:\/\/www.laguiadepamplona.com\/actualidad\/wp-json\/wp\/v2\/media\/42268"}],"wp:attachment":[{"href":"https:\/\/www.laguiadepamplona.com\/actualidad\/wp-json\/wp\/v2\/media?parent=42267"}],"wp:term":[{"taxonomy":"category","embeddable":true,"href":"https:\/\/www.laguiadepamplona.com\/actualidad\/wp-json\/wp\/v2\/categories?post=42267"},{"taxonomy":"post_tag","embeddable":true,"href":"https:\/\/www.laguiadepamplona.com\/actualidad\/wp-json\/wp\/v2\/tags?post=42267"}],"curies":[{"name":"wp","href":"https:\/\/api.w.org\/{rel}","templated":true}]}}