{"id":42264,"date":"2022-11-21T21:43:33","date_gmt":"2022-11-21T19:43:33","guid":{"rendered":"https:\/\/www.laguiadepamplona.com\/actualidad\/?p=42264"},"modified":"2023-04-11T11:47:33","modified_gmt":"2023-04-11T09:47:33","slug":"el-patrimonio-artistico-del-ayuntamiento-de-pamplona-se-enriquece-con-la-cesion-del-cuadro-plaza-de-los-ajos-pintado-por-pedro-lozano-sotes-en-1943","status":"publish","type":"post","link":"https:\/\/www.laguiadepamplona.com\/actualidad\/el-patrimonio-artistico-del-ayuntamiento-de-pamplona-se-enriquece-con-la-cesion-del-cuadro-plaza-de-los-ajos-pintado-por-pedro-lozano-sotes-en-1943\/","title":{"rendered":"El patrimonio art\u00edstico del Ayuntamiento de Pamplona se enriquece con la cesi\u00f3n del cuadro \u2018Plaza de los ajos\u2019 pintado por Pedro Lozano Sot\u00e9s en 1943"},"content":{"rendered":"<h5>La obra representa en \u00f3leo sobre lienzo la feria de ajos que se acostumbraba a celebrar durante San Ferm\u00edn<\/h5>\n<p><!--more--><\/p>\n<p>\u2018Plaza de los ajos\u2019 es un \u00f3leo sobre lienzo pintado por Pedro Lozano Sot\u00e9s en 1943. Su familia lo ha cedido al Ayuntamiento de Pamplona y formar\u00e1 parte del patrimonio art\u00edstico municipal. Esta ma\u00f1ana el alcalde de Pamplona, Enrique Maya, ha recibido en la Casa Consistorial a Pedro Lozano Bartolozzi, hijo de Pedro Lozano de Sot\u00e9s, para simbolizar el acto de cesi\u00f3n de la obra.<br \/>\n<script async src=\"\/\/pagead2.googlesyndication.com\/pagead\/js\/adsbygoogle.js\"><\/script><br \/>\n<!-- Noticias La Guia de Pamplona --><br \/>\n<ins class=\"adsbygoogle\"\nstyle=\"display:block\"\ndata-ad-client=\"ca-pub-6943679897239327\"\ndata-ad-slot=\"7048180777\"\ndata-ad-format=\"auto\"><\/ins><br \/>\n<script>\n(adsbygoogle = window.adsbygoogle || []).push({});\n<\/script><\/p>\n<p>El cuadro tiene unas dimensiones de 97 x 100 cent\u00edmetros y pertenec\u00eda a la colecci\u00f3n particular de la familia. Representa la feria de ajos que se acostumbraba a celebrar en la actual plaza de las Recoletas durante las fiestas de San Ferm\u00edn. El cuadro revive una \u00e9poca, unas costumbres, unas gentes y un sentir de las fiestas, reflejado por un autor muy vinculado con los Sanfermines. No en vano, Pedro Lozano de Sot\u00e9s y su mujer, Francis Bartolozzi, crearon ocho carteles anunciadores de las fiestas, adem\u00e1s de dise\u00f1ar los trajes de los dantzaris municipales.<\/p>\n<p>Esta obra une a la importancia de la trayectoria de su autor en la historia del arte navarro, su calidad art\u00edstica y el valor patrimonial de una escena que refleja un espacio ciudadano emblem\u00e1tico y ofrece una mirada documental y etnogr\u00e1fica a ese escenario de Pamplona en los a\u00f1os 40 del siglo XX. Lozano de Sot\u00e9s, en los primeros a\u00f1os, desarroll\u00f3 un expresionismo que rozaba la caricatura con un casticismo etnogr\u00e1fico plasmado en figuras de tipos vascos y navarros muy caracter\u00edsticos.<\/p>\n<p>Despu\u00e9s se inclin\u00f3 por una opci\u00f3n realista, pero con miradas muy escenogr\u00e1ficas de paisajes, rincones rurales y temas de costumbre y folclore, principalmente de su entorno navarro y de Extremadura, donde pasaba temporadas al vivir all\u00ed una hija. Cuidadoso en la perspectiva, en el estudio de la luz y los colores locales, el dibujo rotundo subyace en todas sus pinturas.<br \/>\n<script async src=\"\/\/pagead2.googlesyndication.com\/pagead\/js\/adsbygoogle.js\"><\/script><br \/>\n<!-- Noticias La Guia de Pamplona --><br \/>\n<ins class=\"adsbygoogle\"\nstyle=\"display:block\"\ndata-ad-client=\"ca-pub-6943679897239327\"\ndata-ad-slot=\"7048180777\"\ndata-ad-format=\"auto\"><\/ins><br \/>\n<script>\n(adsbygoogle = window.adsbygoogle || []).push({});\n<\/script><\/p>\n<p><strong>Sobre Pedro Lozano de Sot\u00e9s<\/strong><\/p>\n<p>Pedro Lozano de Sot\u00e9s (Pamplona, 1907 \u2013 1985) fue un pintor, ilustrador, cartelista, escen\u00f3grafo y figurinista pamplon\u00e9s. Una enfermedad en su juventud le hizo descubrir su afici\u00f3n al dibujo, lo que le hizo formarse con clases del pintor Zubiri, en la Escuela de Artes y Oficios con el pintor Ciga y, tras obtener una bolsa de estudios de la Diputaci\u00f3n de Navarra, ingres\u00f3 en Madrid en la Escuela Superior de Bellas Artes de San Fernando. En 1929 gan\u00f3 su primer premio como cartelista en un certamen del Club Alpino Espa\u00f1ol.<\/p>\n<p>Altern\u00f3 labores de ense\u00f1anza en diversos centros escolares hasta su jubilaci\u00f3n con una intensa actividad en las artes pl\u00e1sticas. Siempre con su mujer, realiz\u00f3 pinturas murales para diversos edificios p\u00fablicos y privados, con distintas composiciones y estilos. Como ilustrador trabaj\u00f3 para la revista\u00a0Preg\u00f3n,\u00a0los diarios\u00a0Arriba Espa\u00f1a, Diario de Navarra, Oye y Hogar,\u00a0y realiz\u00f3 dibujos de diversos libros. El Ayuntamiento de Pamplona organiz\u00f3 una muestra con obras del matrimonio en el edificio del Polvor\u00edn de la Ciudadela en 1986 y el Museo de Navarra le dedic\u00f3 una\u00a0\u2018Exposici\u00f3n Antol\u00f3gica\u2019\u00a0en 1992.<\/p>\n","protected":false},"excerpt":{"rendered":"<p>La obra representa en \u00f3leo sobre lienzo la feria de ajos que se acostumbraba a celebrar durante San Ferm\u00edn<\/p>\n","protected":false},"author":1,"featured_media":42265,"comment_status":"open","ping_status":"closed","sticky":false,"template":"","format":"standard","meta":{"footnotes":""},"categories":[2],"tags":[],"class_list":["post-42264","post","type-post","status-publish","format-standard","has-post-thumbnail","hentry","category-ayuntamiento-pamplona"],"yoast_head":"<!-- This site is optimized with the Yoast SEO plugin v27.3 - https:\/\/yoast.com\/product\/yoast-seo-wordpress\/ -->\n<title>El patrimonio art\u00edstico del Ayuntamiento de Pamplona se enriquece con la cesi\u00f3n del cuadro \u2018Plaza de los ajos\u2019 pintado por Pedro Lozano Sot\u00e9s en 1943<\/title>\n<meta name=\"description\" content=\"La obra representa en \u00f3leo sobre lienzo la feria de ajos que se acostumbraba a celebrar durante San Ferm\u00edn\" \/>\n<meta name=\"robots\" content=\"index, follow, max-snippet:-1, max-image-preview:large, max-video-preview:-1\" \/>\n<link rel=\"canonical\" href=\"https:\/\/www.laguiadepamplona.com\/actualidad\/el-patrimonio-artistico-del-ayuntamiento-de-pamplona-se-enriquece-con-la-cesion-del-cuadro-plaza-de-los-ajos-pintado-por-pedro-lozano-sotes-en-1943\/\" \/>\n<meta property=\"og:locale\" content=\"es_ES\" \/>\n<meta property=\"og:type\" content=\"article\" \/>\n<meta property=\"og:title\" content=\"El patrimonio art\u00edstico del Ayuntamiento de Pamplona se enriquece con la cesi\u00f3n del cuadro \u2018Plaza de los ajos\u2019 pintado por Pedro Lozano Sot\u00e9s en 1943\" \/>\n<meta property=\"og:description\" content=\"La obra representa en \u00f3leo sobre lienzo la feria de ajos que se acostumbraba a celebrar durante San Ferm\u00edn\" \/>\n<meta property=\"og:url\" content=\"https:\/\/www.laguiadepamplona.com\/actualidad\/el-patrimonio-artistico-del-ayuntamiento-de-pamplona-se-enriquece-con-la-cesion-del-cuadro-plaza-de-los-ajos-pintado-por-pedro-lozano-sotes-en-1943\/\" \/>\n<meta property=\"og:site_name\" content=\"La Gu\u00eda de Pamplona\" \/>\n<meta property=\"article:publisher\" content=\"https:\/\/www.facebook.com\/laguiadepamplonacom-133175176762273\/?ref=hl\" \/>\n<meta property=\"article:published_time\" content=\"2022-11-21T19:43:33+00:00\" \/>\n<meta property=\"article:modified_time\" content=\"2023-04-11T09:47:33+00:00\" \/>\n<meta property=\"og:image\" content=\"https:\/\/www.laguiadepamplona.com\/actualidad\/wp-content\/uploads\/2022\/11\/cuadro-plaza-de-los-ajos-pedro-lozano-sotes-22-11-21_0.webp\" \/>\n\t<meta property=\"og:image:width\" content=\"1920\" \/>\n\t<meta property=\"og:image:height\" content=\"1281\" \/>\n\t<meta property=\"og:image:type\" content=\"image\/webp\" \/>\n<meta name=\"author\" content=\"La Gu\u00eda de Pamplona\" \/>\n<meta name=\"twitter:card\" content=\"summary_large_image\" \/>\n<meta name=\"twitter:creator\" content=\"@LaGuiadPamplona\" \/>\n<meta name=\"twitter:site\" content=\"@LaGuiadPamplona\" \/>\n<meta name=\"twitter:label1\" content=\"Escrito por\" \/>\n\t<meta name=\"twitter:data1\" content=\"La Gu\u00eda de Pamplona\" \/>\n\t<meta name=\"twitter:label2\" content=\"Tiempo de lectura\" \/>\n\t<meta name=\"twitter:data2\" content=\"3 minutos\" \/>\n<script type=\"application\/ld+json\" class=\"yoast-schema-graph\">{\"@context\":\"https:\\\/\\\/schema.org\",\"@graph\":[{\"@type\":\"Article\",\"@id\":\"https:\\\/\\\/www.laguiadepamplona.com\\\/actualidad\\\/el-patrimonio-artistico-del-ayuntamiento-de-pamplona-se-enriquece-con-la-cesion-del-cuadro-plaza-de-los-ajos-pintado-por-pedro-lozano-sotes-en-1943\\\/#article\",\"isPartOf\":{\"@id\":\"https:\\\/\\\/www.laguiadepamplona.com\\\/actualidad\\\/el-patrimonio-artistico-del-ayuntamiento-de-pamplona-se-enriquece-con-la-cesion-del-cuadro-plaza-de-los-ajos-pintado-por-pedro-lozano-sotes-en-1943\\\/\"},\"author\":{\"name\":\"La Gu\u00eda de Pamplona\",\"@id\":\"https:\\\/\\\/www.laguiadepamplona.com\\\/actualidad\\\/#\\\/schema\\\/person\\\/efe887376f0213d4657c93adc50b1fdb\"},\"headline\":\"El patrimonio art\u00edstico del Ayuntamiento de Pamplona se enriquece con la cesi\u00f3n del cuadro \u2018Plaza de los ajos\u2019 pintado por Pedro Lozano Sot\u00e9s en 1943\",\"datePublished\":\"2022-11-21T19:43:33+00:00\",\"dateModified\":\"2023-04-11T09:47:33+00:00\",\"mainEntityOfPage\":{\"@id\":\"https:\\\/\\\/www.laguiadepamplona.com\\\/actualidad\\\/el-patrimonio-artistico-del-ayuntamiento-de-pamplona-se-enriquece-con-la-cesion-del-cuadro-plaza-de-los-ajos-pintado-por-pedro-lozano-sotes-en-1943\\\/\"},\"wordCount\":564,\"commentCount\":0,\"publisher\":{\"@id\":\"https:\\\/\\\/www.laguiadepamplona.com\\\/actualidad\\\/#organization\"},\"image\":{\"@id\":\"https:\\\/\\\/www.laguiadepamplona.com\\\/actualidad\\\/el-patrimonio-artistico-del-ayuntamiento-de-pamplona-se-enriquece-con-la-cesion-del-cuadro-plaza-de-los-ajos-pintado-por-pedro-lozano-sotes-en-1943\\\/#primaryimage\"},\"thumbnailUrl\":\"https:\\\/\\\/www.laguiadepamplona.com\\\/actualidad\\\/wp-content\\\/uploads\\\/2022\\\/11\\\/cuadro-plaza-de-los-ajos-pedro-lozano-sotes-22-11-21_0.webp\",\"articleSection\":[\"Ayto Pamplona\"],\"inLanguage\":\"es\",\"potentialAction\":[{\"@type\":\"CommentAction\",\"name\":\"Comment\",\"target\":[\"https:\\\/\\\/www.laguiadepamplona.com\\\/actualidad\\\/el-patrimonio-artistico-del-ayuntamiento-de-pamplona-se-enriquece-con-la-cesion-del-cuadro-plaza-de-los-ajos-pintado-por-pedro-lozano-sotes-en-1943\\\/#respond\"]}]},{\"@type\":\"WebPage\",\"@id\":\"https:\\\/\\\/www.laguiadepamplona.com\\\/actualidad\\\/el-patrimonio-artistico-del-ayuntamiento-de-pamplona-se-enriquece-con-la-cesion-del-cuadro-plaza-de-los-ajos-pintado-por-pedro-lozano-sotes-en-1943\\\/\",\"url\":\"https:\\\/\\\/www.laguiadepamplona.com\\\/actualidad\\\/el-patrimonio-artistico-del-ayuntamiento-de-pamplona-se-enriquece-con-la-cesion-del-cuadro-plaza-de-los-ajos-pintado-por-pedro-lozano-sotes-en-1943\\\/\",\"name\":\"El patrimonio art\u00edstico del Ayuntamiento de Pamplona se enriquece con la cesi\u00f3n del cuadro \u2018Plaza de los ajos\u2019 pintado por Pedro Lozano Sot\u00e9s en 1943\",\"isPartOf\":{\"@id\":\"https:\\\/\\\/www.laguiadepamplona.com\\\/actualidad\\\/#website\"},\"primaryImageOfPage\":{\"@id\":\"https:\\\/\\\/www.laguiadepamplona.com\\\/actualidad\\\/el-patrimonio-artistico-del-ayuntamiento-de-pamplona-se-enriquece-con-la-cesion-del-cuadro-plaza-de-los-ajos-pintado-por-pedro-lozano-sotes-en-1943\\\/#primaryimage\"},\"image\":{\"@id\":\"https:\\\/\\\/www.laguiadepamplona.com\\\/actualidad\\\/el-patrimonio-artistico-del-ayuntamiento-de-pamplona-se-enriquece-con-la-cesion-del-cuadro-plaza-de-los-ajos-pintado-por-pedro-lozano-sotes-en-1943\\\/#primaryimage\"},\"thumbnailUrl\":\"https:\\\/\\\/www.laguiadepamplona.com\\\/actualidad\\\/wp-content\\\/uploads\\\/2022\\\/11\\\/cuadro-plaza-de-los-ajos-pedro-lozano-sotes-22-11-21_0.webp\",\"datePublished\":\"2022-11-21T19:43:33+00:00\",\"dateModified\":\"2023-04-11T09:47:33+00:00\",\"description\":\"La obra representa en \u00f3leo sobre lienzo la feria de ajos que se acostumbraba a celebrar durante San Ferm\u00edn\",\"breadcrumb\":{\"@id\":\"https:\\\/\\\/www.laguiadepamplona.com\\\/actualidad\\\/el-patrimonio-artistico-del-ayuntamiento-de-pamplona-se-enriquece-con-la-cesion-del-cuadro-plaza-de-los-ajos-pintado-por-pedro-lozano-sotes-en-1943\\\/#breadcrumb\"},\"inLanguage\":\"es\",\"potentialAction\":[{\"@type\":\"ReadAction\",\"target\":[\"https:\\\/\\\/www.laguiadepamplona.com\\\/actualidad\\\/el-patrimonio-artistico-del-ayuntamiento-de-pamplona-se-enriquece-con-la-cesion-del-cuadro-plaza-de-los-ajos-pintado-por-pedro-lozano-sotes-en-1943\\\/\"]}]},{\"@type\":\"ImageObject\",\"inLanguage\":\"es\",\"@id\":\"https:\\\/\\\/www.laguiadepamplona.com\\\/actualidad\\\/el-patrimonio-artistico-del-ayuntamiento-de-pamplona-se-enriquece-con-la-cesion-del-cuadro-plaza-de-los-ajos-pintado-por-pedro-lozano-sotes-en-1943\\\/#primaryimage\",\"url\":\"https:\\\/\\\/www.laguiadepamplona.com\\\/actualidad\\\/wp-content\\\/uploads\\\/2022\\\/11\\\/cuadro-plaza-de-los-ajos-pedro-lozano-sotes-22-11-21_0.webp\",\"contentUrl\":\"https:\\\/\\\/www.laguiadepamplona.com\\\/actualidad\\\/wp-content\\\/uploads\\\/2022\\\/11\\\/cuadro-plaza-de-los-ajos-pedro-lozano-sotes-22-11-21_0.webp\",\"width\":1920,\"height\":1281},{\"@type\":\"BreadcrumbList\",\"@id\":\"https:\\\/\\\/www.laguiadepamplona.com\\\/actualidad\\\/el-patrimonio-artistico-del-ayuntamiento-de-pamplona-se-enriquece-con-la-cesion-del-cuadro-plaza-de-los-ajos-pintado-por-pedro-lozano-sotes-en-1943\\\/#breadcrumb\",\"itemListElement\":[{\"@type\":\"ListItem\",\"position\":1,\"name\":\"Portada\",\"item\":\"https:\\\/\\\/www.laguiadepamplona.com\\\/actualidad\\\/\"},{\"@type\":\"ListItem\",\"position\":2,\"name\":\"El patrimonio art\u00edstico del Ayuntamiento de Pamplona se enriquece con la cesi\u00f3n del cuadro \u2018Plaza de los ajos\u2019 pintado por Pedro Lozano Sot\u00e9s en 1943\"}]},{\"@type\":\"WebSite\",\"@id\":\"https:\\\/\\\/www.laguiadepamplona.com\\\/actualidad\\\/#website\",\"url\":\"https:\\\/\\\/www.laguiadepamplona.com\\\/actualidad\\\/\",\"name\":\"La gu\u00eda de Pamplona\",\"description\":\"Noticias de Pamplona\",\"publisher\":{\"@id\":\"https:\\\/\\\/www.laguiadepamplona.com\\\/actualidad\\\/#organization\"},\"potentialAction\":[{\"@type\":\"SearchAction\",\"target\":{\"@type\":\"EntryPoint\",\"urlTemplate\":\"https:\\\/\\\/www.laguiadepamplona.com\\\/actualidad\\\/?s={search_term_string}\"},\"query-input\":{\"@type\":\"PropertyValueSpecification\",\"valueRequired\":true,\"valueName\":\"search_term_string\"}}],\"inLanguage\":\"es\"},{\"@type\":\"Organization\",\"@id\":\"https:\\\/\\\/www.laguiadepamplona.com\\\/actualidad\\\/#organization\",\"name\":\"La Gu\u00eda de Pamplona \\\/ Noticias\",\"url\":\"https:\\\/\\\/www.laguiadepamplona.com\\\/actualidad\\\/\",\"logo\":{\"@type\":\"ImageObject\",\"inLanguage\":\"es\",\"@id\":\"https:\\\/\\\/www.laguiadepamplona.com\\\/actualidad\\\/#\\\/schema\\\/logo\\\/image\\\/\",\"url\":\"https:\\\/\\\/www.laguiadepamplona.com\\\/actualidad\\\/wp-content\\\/uploads\\\/2018\\\/11\\\/logo-laguiadepamplona18-web1.png\",\"contentUrl\":\"https:\\\/\\\/www.laguiadepamplona.com\\\/actualidad\\\/wp-content\\\/uploads\\\/2018\\\/11\\\/logo-laguiadepamplona18-web1.png\",\"width\":600,\"height\":196,\"caption\":\"La Gu\u00eda de Pamplona \\\/ Noticias\"},\"image\":{\"@id\":\"https:\\\/\\\/www.laguiadepamplona.com\\\/actualidad\\\/#\\\/schema\\\/logo\\\/image\\\/\"},\"sameAs\":[\"https:\\\/\\\/www.facebook.com\\\/laguiadepamplonacom-133175176762273\\\/?ref=hl\",\"https:\\\/\\\/x.com\\\/LaGuiadPamplona\",\"https:\\\/\\\/www.instagram.com\\\/la_guia_de_pamplona\\\/\",\"https:\\\/\\\/www.youtube.com\\\/user\\\/laguiadepamplona\"]},{\"@type\":\"Person\",\"@id\":\"https:\\\/\\\/www.laguiadepamplona.com\\\/actualidad\\\/#\\\/schema\\\/person\\\/efe887376f0213d4657c93adc50b1fdb\",\"name\":\"La Gu\u00eda de Pamplona\",\"image\":{\"@type\":\"ImageObject\",\"inLanguage\":\"es\",\"@id\":\"https:\\\/\\\/secure.gravatar.com\\\/avatar\\\/b6992f131dc8d30ab0dff15446e9d346d9dbd95992de0fef795073f5ea83a81c?s=96&d=mm&r=g\",\"url\":\"https:\\\/\\\/secure.gravatar.com\\\/avatar\\\/b6992f131dc8d30ab0dff15446e9d346d9dbd95992de0fef795073f5ea83a81c?s=96&d=mm&r=g\",\"contentUrl\":\"https:\\\/\\\/secure.gravatar.com\\\/avatar\\\/b6992f131dc8d30ab0dff15446e9d346d9dbd95992de0fef795073f5ea83a81c?s=96&d=mm&r=g\",\"caption\":\"La Gu\u00eda de Pamplona\"}}]}<\/script>\n<!-- \/ Yoast SEO plugin. -->","yoast_head_json":{"title":"El patrimonio art\u00edstico del Ayuntamiento de Pamplona se enriquece con la cesi\u00f3n del cuadro \u2018Plaza de los ajos\u2019 pintado por Pedro Lozano Sot\u00e9s en 1943","description":"La obra representa en \u00f3leo sobre lienzo la feria de ajos que se acostumbraba a celebrar durante San Ferm\u00edn","robots":{"index":"index","follow":"follow","max-snippet":"max-snippet:-1","max-image-preview":"max-image-preview:large","max-video-preview":"max-video-preview:-1"},"canonical":"https:\/\/www.laguiadepamplona.com\/actualidad\/el-patrimonio-artistico-del-ayuntamiento-de-pamplona-se-enriquece-con-la-cesion-del-cuadro-plaza-de-los-ajos-pintado-por-pedro-lozano-sotes-en-1943\/","og_locale":"es_ES","og_type":"article","og_title":"El patrimonio art\u00edstico del Ayuntamiento de Pamplona se enriquece con la cesi\u00f3n del cuadro \u2018Plaza de los ajos\u2019 pintado por Pedro Lozano Sot\u00e9s en 1943","og_description":"La obra representa en \u00f3leo sobre lienzo la feria de ajos que se acostumbraba a celebrar durante San Ferm\u00edn","og_url":"https:\/\/www.laguiadepamplona.com\/actualidad\/el-patrimonio-artistico-del-ayuntamiento-de-pamplona-se-enriquece-con-la-cesion-del-cuadro-plaza-de-los-ajos-pintado-por-pedro-lozano-sotes-en-1943\/","og_site_name":"La Gu\u00eda de Pamplona","article_publisher":"https:\/\/www.facebook.com\/laguiadepamplonacom-133175176762273\/?ref=hl","article_published_time":"2022-11-21T19:43:33+00:00","article_modified_time":"2023-04-11T09:47:33+00:00","og_image":[{"width":1920,"height":1281,"url":"https:\/\/www.laguiadepamplona.com\/actualidad\/wp-content\/uploads\/2022\/11\/cuadro-plaza-de-los-ajos-pedro-lozano-sotes-22-11-21_0.webp","type":"image\/webp"}],"author":"La Gu\u00eda de Pamplona","twitter_card":"summary_large_image","twitter_creator":"@LaGuiadPamplona","twitter_site":"@LaGuiadPamplona","twitter_misc":{"Escrito por":"La Gu\u00eda de Pamplona","Tiempo de lectura":"3 minutos"},"schema":{"@context":"https:\/\/schema.org","@graph":[{"@type":"Article","@id":"https:\/\/www.laguiadepamplona.com\/actualidad\/el-patrimonio-artistico-del-ayuntamiento-de-pamplona-se-enriquece-con-la-cesion-del-cuadro-plaza-de-los-ajos-pintado-por-pedro-lozano-sotes-en-1943\/#article","isPartOf":{"@id":"https:\/\/www.laguiadepamplona.com\/actualidad\/el-patrimonio-artistico-del-ayuntamiento-de-pamplona-se-enriquece-con-la-cesion-del-cuadro-plaza-de-los-ajos-pintado-por-pedro-lozano-sotes-en-1943\/"},"author":{"name":"La Gu\u00eda de Pamplona","@id":"https:\/\/www.laguiadepamplona.com\/actualidad\/#\/schema\/person\/efe887376f0213d4657c93adc50b1fdb"},"headline":"El patrimonio art\u00edstico del Ayuntamiento de Pamplona se enriquece con la cesi\u00f3n del cuadro \u2018Plaza de los ajos\u2019 pintado por Pedro Lozano Sot\u00e9s en 1943","datePublished":"2022-11-21T19:43:33+00:00","dateModified":"2023-04-11T09:47:33+00:00","mainEntityOfPage":{"@id":"https:\/\/www.laguiadepamplona.com\/actualidad\/el-patrimonio-artistico-del-ayuntamiento-de-pamplona-se-enriquece-con-la-cesion-del-cuadro-plaza-de-los-ajos-pintado-por-pedro-lozano-sotes-en-1943\/"},"wordCount":564,"commentCount":0,"publisher":{"@id":"https:\/\/www.laguiadepamplona.com\/actualidad\/#organization"},"image":{"@id":"https:\/\/www.laguiadepamplona.com\/actualidad\/el-patrimonio-artistico-del-ayuntamiento-de-pamplona-se-enriquece-con-la-cesion-del-cuadro-plaza-de-los-ajos-pintado-por-pedro-lozano-sotes-en-1943\/#primaryimage"},"thumbnailUrl":"https:\/\/www.laguiadepamplona.com\/actualidad\/wp-content\/uploads\/2022\/11\/cuadro-plaza-de-los-ajos-pedro-lozano-sotes-22-11-21_0.webp","articleSection":["Ayto Pamplona"],"inLanguage":"es","potentialAction":[{"@type":"CommentAction","name":"Comment","target":["https:\/\/www.laguiadepamplona.com\/actualidad\/el-patrimonio-artistico-del-ayuntamiento-de-pamplona-se-enriquece-con-la-cesion-del-cuadro-plaza-de-los-ajos-pintado-por-pedro-lozano-sotes-en-1943\/#respond"]}]},{"@type":"WebPage","@id":"https:\/\/www.laguiadepamplona.com\/actualidad\/el-patrimonio-artistico-del-ayuntamiento-de-pamplona-se-enriquece-con-la-cesion-del-cuadro-plaza-de-los-ajos-pintado-por-pedro-lozano-sotes-en-1943\/","url":"https:\/\/www.laguiadepamplona.com\/actualidad\/el-patrimonio-artistico-del-ayuntamiento-de-pamplona-se-enriquece-con-la-cesion-del-cuadro-plaza-de-los-ajos-pintado-por-pedro-lozano-sotes-en-1943\/","name":"El patrimonio art\u00edstico del Ayuntamiento de Pamplona se enriquece con la cesi\u00f3n del cuadro \u2018Plaza de los ajos\u2019 pintado por Pedro Lozano Sot\u00e9s en 1943","isPartOf":{"@id":"https:\/\/www.laguiadepamplona.com\/actualidad\/#website"},"primaryImageOfPage":{"@id":"https:\/\/www.laguiadepamplona.com\/actualidad\/el-patrimonio-artistico-del-ayuntamiento-de-pamplona-se-enriquece-con-la-cesion-del-cuadro-plaza-de-los-ajos-pintado-por-pedro-lozano-sotes-en-1943\/#primaryimage"},"image":{"@id":"https:\/\/www.laguiadepamplona.com\/actualidad\/el-patrimonio-artistico-del-ayuntamiento-de-pamplona-se-enriquece-con-la-cesion-del-cuadro-plaza-de-los-ajos-pintado-por-pedro-lozano-sotes-en-1943\/#primaryimage"},"thumbnailUrl":"https:\/\/www.laguiadepamplona.com\/actualidad\/wp-content\/uploads\/2022\/11\/cuadro-plaza-de-los-ajos-pedro-lozano-sotes-22-11-21_0.webp","datePublished":"2022-11-21T19:43:33+00:00","dateModified":"2023-04-11T09:47:33+00:00","description":"La obra representa en \u00f3leo sobre lienzo la feria de ajos que se acostumbraba a celebrar durante San Ferm\u00edn","breadcrumb":{"@id":"https:\/\/www.laguiadepamplona.com\/actualidad\/el-patrimonio-artistico-del-ayuntamiento-de-pamplona-se-enriquece-con-la-cesion-del-cuadro-plaza-de-los-ajos-pintado-por-pedro-lozano-sotes-en-1943\/#breadcrumb"},"inLanguage":"es","potentialAction":[{"@type":"ReadAction","target":["https:\/\/www.laguiadepamplona.com\/actualidad\/el-patrimonio-artistico-del-ayuntamiento-de-pamplona-se-enriquece-con-la-cesion-del-cuadro-plaza-de-los-ajos-pintado-por-pedro-lozano-sotes-en-1943\/"]}]},{"@type":"ImageObject","inLanguage":"es","@id":"https:\/\/www.laguiadepamplona.com\/actualidad\/el-patrimonio-artistico-del-ayuntamiento-de-pamplona-se-enriquece-con-la-cesion-del-cuadro-plaza-de-los-ajos-pintado-por-pedro-lozano-sotes-en-1943\/#primaryimage","url":"https:\/\/www.laguiadepamplona.com\/actualidad\/wp-content\/uploads\/2022\/11\/cuadro-plaza-de-los-ajos-pedro-lozano-sotes-22-11-21_0.webp","contentUrl":"https:\/\/www.laguiadepamplona.com\/actualidad\/wp-content\/uploads\/2022\/11\/cuadro-plaza-de-los-ajos-pedro-lozano-sotes-22-11-21_0.webp","width":1920,"height":1281},{"@type":"BreadcrumbList","@id":"https:\/\/www.laguiadepamplona.com\/actualidad\/el-patrimonio-artistico-del-ayuntamiento-de-pamplona-se-enriquece-con-la-cesion-del-cuadro-plaza-de-los-ajos-pintado-por-pedro-lozano-sotes-en-1943\/#breadcrumb","itemListElement":[{"@type":"ListItem","position":1,"name":"Portada","item":"https:\/\/www.laguiadepamplona.com\/actualidad\/"},{"@type":"ListItem","position":2,"name":"El patrimonio art\u00edstico del Ayuntamiento de Pamplona se enriquece con la cesi\u00f3n del cuadro \u2018Plaza de los ajos\u2019 pintado por Pedro Lozano Sot\u00e9s en 1943"}]},{"@type":"WebSite","@id":"https:\/\/www.laguiadepamplona.com\/actualidad\/#website","url":"https:\/\/www.laguiadepamplona.com\/actualidad\/","name":"La gu\u00eda de Pamplona","description":"Noticias de Pamplona","publisher":{"@id":"https:\/\/www.laguiadepamplona.com\/actualidad\/#organization"},"potentialAction":[{"@type":"SearchAction","target":{"@type":"EntryPoint","urlTemplate":"https:\/\/www.laguiadepamplona.com\/actualidad\/?s={search_term_string}"},"query-input":{"@type":"PropertyValueSpecification","valueRequired":true,"valueName":"search_term_string"}}],"inLanguage":"es"},{"@type":"Organization","@id":"https:\/\/www.laguiadepamplona.com\/actualidad\/#organization","name":"La Gu\u00eda de Pamplona \/ Noticias","url":"https:\/\/www.laguiadepamplona.com\/actualidad\/","logo":{"@type":"ImageObject","inLanguage":"es","@id":"https:\/\/www.laguiadepamplona.com\/actualidad\/#\/schema\/logo\/image\/","url":"https:\/\/www.laguiadepamplona.com\/actualidad\/wp-content\/uploads\/2018\/11\/logo-laguiadepamplona18-web1.png","contentUrl":"https:\/\/www.laguiadepamplona.com\/actualidad\/wp-content\/uploads\/2018\/11\/logo-laguiadepamplona18-web1.png","width":600,"height":196,"caption":"La Gu\u00eda de Pamplona \/ Noticias"},"image":{"@id":"https:\/\/www.laguiadepamplona.com\/actualidad\/#\/schema\/logo\/image\/"},"sameAs":["https:\/\/www.facebook.com\/laguiadepamplonacom-133175176762273\/?ref=hl","https:\/\/x.com\/LaGuiadPamplona","https:\/\/www.instagram.com\/la_guia_de_pamplona\/","https:\/\/www.youtube.com\/user\/laguiadepamplona"]},{"@type":"Person","@id":"https:\/\/www.laguiadepamplona.com\/actualidad\/#\/schema\/person\/efe887376f0213d4657c93adc50b1fdb","name":"La Gu\u00eda de Pamplona","image":{"@type":"ImageObject","inLanguage":"es","@id":"https:\/\/secure.gravatar.com\/avatar\/b6992f131dc8d30ab0dff15446e9d346d9dbd95992de0fef795073f5ea83a81c?s=96&d=mm&r=g","url":"https:\/\/secure.gravatar.com\/avatar\/b6992f131dc8d30ab0dff15446e9d346d9dbd95992de0fef795073f5ea83a81c?s=96&d=mm&r=g","contentUrl":"https:\/\/secure.gravatar.com\/avatar\/b6992f131dc8d30ab0dff15446e9d346d9dbd95992de0fef795073f5ea83a81c?s=96&d=mm&r=g","caption":"La Gu\u00eda de Pamplona"}}]}},"post_mailing_queue_ids":[],"_links":{"self":[{"href":"https:\/\/www.laguiadepamplona.com\/actualidad\/wp-json\/wp\/v2\/posts\/42264","targetHints":{"allow":["GET"]}}],"collection":[{"href":"https:\/\/www.laguiadepamplona.com\/actualidad\/wp-json\/wp\/v2\/posts"}],"about":[{"href":"https:\/\/www.laguiadepamplona.com\/actualidad\/wp-json\/wp\/v2\/types\/post"}],"author":[{"embeddable":true,"href":"https:\/\/www.laguiadepamplona.com\/actualidad\/wp-json\/wp\/v2\/users\/1"}],"replies":[{"embeddable":true,"href":"https:\/\/www.laguiadepamplona.com\/actualidad\/wp-json\/wp\/v2\/comments?post=42264"}],"version-history":[{"count":0,"href":"https:\/\/www.laguiadepamplona.com\/actualidad\/wp-json\/wp\/v2\/posts\/42264\/revisions"}],"wp:featuredmedia":[{"embeddable":true,"href":"https:\/\/www.laguiadepamplona.com\/actualidad\/wp-json\/wp\/v2\/media\/42265"}],"wp:attachment":[{"href":"https:\/\/www.laguiadepamplona.com\/actualidad\/wp-json\/wp\/v2\/media?parent=42264"}],"wp:term":[{"taxonomy":"category","embeddable":true,"href":"https:\/\/www.laguiadepamplona.com\/actualidad\/wp-json\/wp\/v2\/categories?post=42264"},{"taxonomy":"post_tag","embeddable":true,"href":"https:\/\/www.laguiadepamplona.com\/actualidad\/wp-json\/wp\/v2\/tags?post=42264"}],"curies":[{"name":"wp","href":"https:\/\/api.w.org\/{rel}","templated":true}]}}