{"id":42261,"date":"2022-11-21T21:39:55","date_gmt":"2022-11-21T19:39:55","guid":{"rendered":"https:\/\/www.laguiadepamplona.com\/actualidad\/?p=42261"},"modified":"2023-04-11T11:47:33","modified_gmt":"2023-04-11T09:47:33","slug":"pamplona-dispondra-este-ano-de-dos-nuevos-aparcamientos-de-bicicletas-de-20-plazas-cada-uno-en-la-calle-taconera-y-en-la-plaza-europa","status":"publish","type":"post","link":"https:\/\/www.laguiadepamplona.com\/actualidad\/pamplona-dispondra-este-ano-de-dos-nuevos-aparcamientos-de-bicicletas-de-20-plazas-cada-uno-en-la-calle-taconera-y-en-la-plaza-europa\/","title":{"rendered":"Pamplona dispondr\u00e1 este a\u00f1o de dos nuevos aparcamientos de bicicletas, de 20 plazas cada uno, en la calle Taconera y en la plaza Europa"},"content":{"rendered":"<h5>El contrato de suministro est\u00e1 financiado con fondos Next Generation EU en el marco del Plan de Recuperaci\u00f3n, Transformaci\u00f3n y Resiliencia<\/h5>\n<p><!--more--><\/p>\n<p>Pamplona dispondr\u00e1 de dos nuevos aparcamientos p\u00fablicos de bicicletas, rotatorios y seguros, antes de que termine el a\u00f1o. La Junta de Gobierno Local ha aprobado el contrato de suministro, instalaci\u00f3n y mantenimiento de dos m\u00f3dulos de 20 plazas de aparcamiento cada uno, que estar\u00e1n ubicados en la calle Taconera a la altura de la iglesia de San Lorenzo y en la plaza Europa. La ubicaci\u00f3n de los aparcamientos busca fomentar el turismo en bicicleta en la ciudad adem\u00e1s de ampliar el servicio para las personas que utilizan la bicicleta de manera habitual. La localizaci\u00f3n se alinea con el eje de transici\u00f3n verde y sostenible del Plan de Sostenibilidad Tur\u00edstica de Pamplona.<\/p>\n<p>Este contrato est\u00e1 financiado a trav\u00e9s de los fondos de la Uni\u00f3n Europea Next Generation EU en el marco del Plan de Recuperaci\u00f3n, Transformaci\u00f3n y Resiliencia y el proyecto PSTD Pamplona SF365 que gestiona el \u00c1rea de Gesti\u00f3n Estrat\u00e9gica, Comercio y Turismo en colaboraci\u00f3n con Movilidad en este caso.<br \/>\n<script async src=\"\/\/pagead2.googlesyndication.com\/pagead\/js\/adsbygoogle.js\"><\/script><br \/>\n<!-- Noticias La Guia de Pamplona --><br \/>\n<ins class=\"adsbygoogle\"\nstyle=\"display:block\"\ndata-ad-client=\"ca-pub-6943679897239327\"\ndata-ad-slot=\"7048180777\"\ndata-ad-format=\"auto\"><\/ins><br \/>\n<script>\n(adsbygoogle = window.adsbygoogle || []).push({});\n<\/script><\/p>\n<p>Los nuevos m\u00f3dulos, con un coste total de 56.628 euros (23.400 euros cada uno, IVA excluido), ser\u00e1n instalados por la empresa Intelligent Parking y estar\u00e1n en funcionamiento antes del 31 de diciembre de 2022. Este es el d\u00e9cimo contrato derivado del correspondiente acuerdo marco adjudicado en 2019 a la mencionada empresa. Los aparcamientos mantendr\u00e1n las mismas caracter\u00edsticas que el resto de la red puesta en marcha en enero de 2020: ser\u00e1n abiertos y accesibles a toda la ciudadan\u00eda, durante las 24 horas del d\u00eda todos los d\u00edas del a\u00f1o; estar\u00e1n cubiertos y cerrados, con control de videovigilancia y de accesos; y ser\u00e1n de car\u00e1cter rotatorio, con una estancia m\u00e1xima de 48 horas sin recargo. Las tarifas premian los usos temporales de las plazas interiores y restringen usos m\u00e1s prolongados, para favorecer la rotaci\u00f3n e incentivar el uso cotidiano de la bicicleta.<\/p>\n<p>Con estas dos nuevas instalaciones, la Red de aparcamientos p\u00fablicos seguros para bicicletas impulsada por el Ayuntamiento de Pamplona contar\u00e1 con 310 plazas en 10 m\u00f3dulos repartidos en distintas zonas la ciudad: la Estaci\u00f3n de Autobuses, en Iturrama junto a Civivox, Plaza de Toros, Mendebaldea junto a la Biblioteca General de Navarra, Hospitales, Txantrea en la plaza Arriudi\u00f1eta, Monasterio de Irache junto a la Vaguada, calle Garcia Xim\u00e9nez, Taconera y plaza Europa.<\/p>\n<p>La creaci\u00f3n de estos aparcamientos contin\u00faa con la estrategia \u2018Go Green Pamplona\u2019 de transici\u00f3n energ\u00e9tica y cambio clim\u00e1tico, que incluye el Pacto de Movilidad Sostenible y el Plan de Ciclabilidad, base para las acciones desarrolladas por el \u00c1rea de Proyectos Estrat\u00e9gicos, Movilidad y Sostenibilidad, entre las que destacan aquellas encaminadas a cambiar el modelo de movilidad para que sea m\u00e1s saludable, seguro y libre de emisiones de gases de efecto invernadero.<br \/>\n<script async src=\"\/\/pagead2.googlesyndication.com\/pagead\/js\/adsbygoogle.js\"><\/script><br \/>\n<!-- Noticias La Guia de Pamplona --><br \/>\n<ins class=\"adsbygoogle\"\nstyle=\"display:block\"\ndata-ad-client=\"ca-pub-6943679897239327\"\ndata-ad-slot=\"7048180777\"\ndata-ad-format=\"auto\"><\/ins><br \/>\n<script>\n(adsbygoogle = window.adsbygoogle || []).push({});\n<\/script><\/p>\n<p>&nbsp;<\/p>\n<h3>La Red P\u00fablica de Aparcamientos<\/h3>\n<ul>\n<li>Estaci\u00f3n de Autobuses<\/li>\n<li>Iturrama, junto a Civivox<\/li>\n<li>Plaza de Toros<\/li>\n<li>Mendebaldea junto a la Biblioteca General de Navarra<\/li>\n<li>Hospitales<\/li>\n<li>Txantrea en la plaza Arriurdi\u00f1eta<\/li>\n<li>Monasterio de Irache junto a la Vaguada<\/li>\n<li>Calle Garc\u00eda Xim\u00e9nez<\/li>\n<li>Calle Taconera<\/li>\n<li>Plaza Europa<\/li>\n<\/ul>\n","protected":false},"excerpt":{"rendered":"<p>El contrato de suministro est\u00e1 financiado con fondos Next Generation EU en el marco del Plan de Recuperaci\u00f3n, Transformaci\u00f3n y Resiliencia<\/p>\n","protected":false},"author":1,"featured_media":42262,"comment_status":"open","ping_status":"closed","sticky":false,"template":"","format":"standard","meta":{"footnotes":""},"categories":[2],"tags":[],"class_list":["post-42261","post","type-post","status-publish","format-standard","has-post-thumbnail","hentry","category-ayuntamiento-pamplona"],"yoast_head":"<!-- This site is optimized with the Yoast SEO plugin v27.3 - https:\/\/yoast.com\/product\/yoast-seo-wordpress\/ -->\n<title>Pamplona dispondr\u00e1 este a\u00f1o de dos nuevos aparcamientos de bicicletas, de 20 plazas cada uno, en la calle Taconera y en la plaza Europa<\/title>\n<meta name=\"description\" content=\"El contrato de suministro est\u00e1 financiado con fondos Next Generation EU en el marco del Plan de Recuperaci\u00f3n, Transformaci\u00f3n y Resiliencia\" \/>\n<meta name=\"robots\" content=\"index, follow, max-snippet:-1, max-image-preview:large, max-video-preview:-1\" \/>\n<link rel=\"canonical\" href=\"https:\/\/www.laguiadepamplona.com\/actualidad\/pamplona-dispondra-este-ano-de-dos-nuevos-aparcamientos-de-bicicletas-de-20-plazas-cada-uno-en-la-calle-taconera-y-en-la-plaza-europa\/\" \/>\n<meta property=\"og:locale\" content=\"es_ES\" \/>\n<meta property=\"og:type\" content=\"article\" \/>\n<meta property=\"og:title\" content=\"Pamplona dispondr\u00e1 este a\u00f1o de dos nuevos aparcamientos de bicicletas, de 20 plazas cada uno, en la calle Taconera y en la plaza Europa\" \/>\n<meta property=\"og:description\" content=\"El contrato de suministro est\u00e1 financiado con fondos Next Generation EU en el marco del Plan de Recuperaci\u00f3n, Transformaci\u00f3n y Resiliencia\" \/>\n<meta property=\"og:url\" content=\"https:\/\/www.laguiadepamplona.com\/actualidad\/pamplona-dispondra-este-ano-de-dos-nuevos-aparcamientos-de-bicicletas-de-20-plazas-cada-uno-en-la-calle-taconera-y-en-la-plaza-europa\/\" \/>\n<meta property=\"og:site_name\" content=\"La Gu\u00eda de Pamplona\" \/>\n<meta property=\"article:publisher\" content=\"https:\/\/www.facebook.com\/laguiadepamplonacom-133175176762273\/?ref=hl\" \/>\n<meta property=\"article:published_time\" content=\"2022-11-21T19:39:55+00:00\" \/>\n<meta property=\"article:modified_time\" content=\"2023-04-11T09:47:33+00:00\" \/>\n<meta property=\"og:image\" content=\"https:\/\/www.laguiadepamplona.com\/actualidad\/wp-content\/uploads\/2022\/11\/aparcamiento-bicicletas.webp\" \/>\n\t<meta property=\"og:image:width\" content=\"1748\" \/>\n\t<meta property=\"og:image:height\" content=\"1240\" \/>\n\t<meta property=\"og:image:type\" content=\"image\/webp\" \/>\n<meta name=\"author\" content=\"La Gu\u00eda de Pamplona\" \/>\n<meta name=\"twitter:card\" content=\"summary_large_image\" \/>\n<meta name=\"twitter:creator\" content=\"@LaGuiadPamplona\" \/>\n<meta name=\"twitter:site\" content=\"@LaGuiadPamplona\" \/>\n<meta name=\"twitter:label1\" content=\"Escrito por\" \/>\n\t<meta name=\"twitter:data1\" content=\"La Gu\u00eda de Pamplona\" \/>\n\t<meta name=\"twitter:label2\" content=\"Tiempo de lectura\" \/>\n\t<meta name=\"twitter:data2\" content=\"3 minutos\" \/>\n<script type=\"application\/ld+json\" class=\"yoast-schema-graph\">{\"@context\":\"https:\\\/\\\/schema.org\",\"@graph\":[{\"@type\":\"Article\",\"@id\":\"https:\\\/\\\/www.laguiadepamplona.com\\\/actualidad\\\/pamplona-dispondra-este-ano-de-dos-nuevos-aparcamientos-de-bicicletas-de-20-plazas-cada-uno-en-la-calle-taconera-y-en-la-plaza-europa\\\/#article\",\"isPartOf\":{\"@id\":\"https:\\\/\\\/www.laguiadepamplona.com\\\/actualidad\\\/pamplona-dispondra-este-ano-de-dos-nuevos-aparcamientos-de-bicicletas-de-20-plazas-cada-uno-en-la-calle-taconera-y-en-la-plaza-europa\\\/\"},\"author\":{\"name\":\"La Gu\u00eda de Pamplona\",\"@id\":\"https:\\\/\\\/www.laguiadepamplona.com\\\/actualidad\\\/#\\\/schema\\\/person\\\/efe887376f0213d4657c93adc50b1fdb\"},\"headline\":\"Pamplona dispondr\u00e1 este a\u00f1o de dos nuevos aparcamientos de bicicletas, de 20 plazas cada uno, en la calle Taconera y en la plaza Europa\",\"datePublished\":\"2022-11-21T19:39:55+00:00\",\"dateModified\":\"2023-04-11T09:47:33+00:00\",\"mainEntityOfPage\":{\"@id\":\"https:\\\/\\\/www.laguiadepamplona.com\\\/actualidad\\\/pamplona-dispondra-este-ano-de-dos-nuevos-aparcamientos-de-bicicletas-de-20-plazas-cada-uno-en-la-calle-taconera-y-en-la-plaza-europa\\\/\"},\"wordCount\":575,\"commentCount\":0,\"publisher\":{\"@id\":\"https:\\\/\\\/www.laguiadepamplona.com\\\/actualidad\\\/#organization\"},\"image\":{\"@id\":\"https:\\\/\\\/www.laguiadepamplona.com\\\/actualidad\\\/pamplona-dispondra-este-ano-de-dos-nuevos-aparcamientos-de-bicicletas-de-20-plazas-cada-uno-en-la-calle-taconera-y-en-la-plaza-europa\\\/#primaryimage\"},\"thumbnailUrl\":\"https:\\\/\\\/www.laguiadepamplona.com\\\/actualidad\\\/wp-content\\\/uploads\\\/2022\\\/11\\\/aparcamiento-bicicletas.webp\",\"articleSection\":[\"Ayto Pamplona\"],\"inLanguage\":\"es\",\"potentialAction\":[{\"@type\":\"CommentAction\",\"name\":\"Comment\",\"target\":[\"https:\\\/\\\/www.laguiadepamplona.com\\\/actualidad\\\/pamplona-dispondra-este-ano-de-dos-nuevos-aparcamientos-de-bicicletas-de-20-plazas-cada-uno-en-la-calle-taconera-y-en-la-plaza-europa\\\/#respond\"]}]},{\"@type\":\"WebPage\",\"@id\":\"https:\\\/\\\/www.laguiadepamplona.com\\\/actualidad\\\/pamplona-dispondra-este-ano-de-dos-nuevos-aparcamientos-de-bicicletas-de-20-plazas-cada-uno-en-la-calle-taconera-y-en-la-plaza-europa\\\/\",\"url\":\"https:\\\/\\\/www.laguiadepamplona.com\\\/actualidad\\\/pamplona-dispondra-este-ano-de-dos-nuevos-aparcamientos-de-bicicletas-de-20-plazas-cada-uno-en-la-calle-taconera-y-en-la-plaza-europa\\\/\",\"name\":\"Pamplona dispondr\u00e1 este a\u00f1o de dos nuevos aparcamientos de bicicletas, de 20 plazas cada uno, en la calle Taconera y en la plaza Europa\",\"isPartOf\":{\"@id\":\"https:\\\/\\\/www.laguiadepamplona.com\\\/actualidad\\\/#website\"},\"primaryImageOfPage\":{\"@id\":\"https:\\\/\\\/www.laguiadepamplona.com\\\/actualidad\\\/pamplona-dispondra-este-ano-de-dos-nuevos-aparcamientos-de-bicicletas-de-20-plazas-cada-uno-en-la-calle-taconera-y-en-la-plaza-europa\\\/#primaryimage\"},\"image\":{\"@id\":\"https:\\\/\\\/www.laguiadepamplona.com\\\/actualidad\\\/pamplona-dispondra-este-ano-de-dos-nuevos-aparcamientos-de-bicicletas-de-20-plazas-cada-uno-en-la-calle-taconera-y-en-la-plaza-europa\\\/#primaryimage\"},\"thumbnailUrl\":\"https:\\\/\\\/www.laguiadepamplona.com\\\/actualidad\\\/wp-content\\\/uploads\\\/2022\\\/11\\\/aparcamiento-bicicletas.webp\",\"datePublished\":\"2022-11-21T19:39:55+00:00\",\"dateModified\":\"2023-04-11T09:47:33+00:00\",\"description\":\"El contrato de suministro est\u00e1 financiado con fondos Next Generation EU en el marco del Plan de Recuperaci\u00f3n, Transformaci\u00f3n y Resiliencia\",\"breadcrumb\":{\"@id\":\"https:\\\/\\\/www.laguiadepamplona.com\\\/actualidad\\\/pamplona-dispondra-este-ano-de-dos-nuevos-aparcamientos-de-bicicletas-de-20-plazas-cada-uno-en-la-calle-taconera-y-en-la-plaza-europa\\\/#breadcrumb\"},\"inLanguage\":\"es\",\"potentialAction\":[{\"@type\":\"ReadAction\",\"target\":[\"https:\\\/\\\/www.laguiadepamplona.com\\\/actualidad\\\/pamplona-dispondra-este-ano-de-dos-nuevos-aparcamientos-de-bicicletas-de-20-plazas-cada-uno-en-la-calle-taconera-y-en-la-plaza-europa\\\/\"]}]},{\"@type\":\"ImageObject\",\"inLanguage\":\"es\",\"@id\":\"https:\\\/\\\/www.laguiadepamplona.com\\\/actualidad\\\/pamplona-dispondra-este-ano-de-dos-nuevos-aparcamientos-de-bicicletas-de-20-plazas-cada-uno-en-la-calle-taconera-y-en-la-plaza-europa\\\/#primaryimage\",\"url\":\"https:\\\/\\\/www.laguiadepamplona.com\\\/actualidad\\\/wp-content\\\/uploads\\\/2022\\\/11\\\/aparcamiento-bicicletas.webp\",\"contentUrl\":\"https:\\\/\\\/www.laguiadepamplona.com\\\/actualidad\\\/wp-content\\\/uploads\\\/2022\\\/11\\\/aparcamiento-bicicletas.webp\",\"width\":1748,\"height\":1240},{\"@type\":\"BreadcrumbList\",\"@id\":\"https:\\\/\\\/www.laguiadepamplona.com\\\/actualidad\\\/pamplona-dispondra-este-ano-de-dos-nuevos-aparcamientos-de-bicicletas-de-20-plazas-cada-uno-en-la-calle-taconera-y-en-la-plaza-europa\\\/#breadcrumb\",\"itemListElement\":[{\"@type\":\"ListItem\",\"position\":1,\"name\":\"Portada\",\"item\":\"https:\\\/\\\/www.laguiadepamplona.com\\\/actualidad\\\/\"},{\"@type\":\"ListItem\",\"position\":2,\"name\":\"Pamplona dispondr\u00e1 este a\u00f1o de dos nuevos aparcamientos de bicicletas, de 20 plazas cada uno, en la calle Taconera y en la plaza Europa\"}]},{\"@type\":\"WebSite\",\"@id\":\"https:\\\/\\\/www.laguiadepamplona.com\\\/actualidad\\\/#website\",\"url\":\"https:\\\/\\\/www.laguiadepamplona.com\\\/actualidad\\\/\",\"name\":\"La gu\u00eda de Pamplona\",\"description\":\"Noticias de Pamplona\",\"publisher\":{\"@id\":\"https:\\\/\\\/www.laguiadepamplona.com\\\/actualidad\\\/#organization\"},\"potentialAction\":[{\"@type\":\"SearchAction\",\"target\":{\"@type\":\"EntryPoint\",\"urlTemplate\":\"https:\\\/\\\/www.laguiadepamplona.com\\\/actualidad\\\/?s={search_term_string}\"},\"query-input\":{\"@type\":\"PropertyValueSpecification\",\"valueRequired\":true,\"valueName\":\"search_term_string\"}}],\"inLanguage\":\"es\"},{\"@type\":\"Organization\",\"@id\":\"https:\\\/\\\/www.laguiadepamplona.com\\\/actualidad\\\/#organization\",\"name\":\"La Gu\u00eda de Pamplona \\\/ Noticias\",\"url\":\"https:\\\/\\\/www.laguiadepamplona.com\\\/actualidad\\\/\",\"logo\":{\"@type\":\"ImageObject\",\"inLanguage\":\"es\",\"@id\":\"https:\\\/\\\/www.laguiadepamplona.com\\\/actualidad\\\/#\\\/schema\\\/logo\\\/image\\\/\",\"url\":\"https:\\\/\\\/www.laguiadepamplona.com\\\/actualidad\\\/wp-content\\\/uploads\\\/2018\\\/11\\\/logo-laguiadepamplona18-web1.png\",\"contentUrl\":\"https:\\\/\\\/www.laguiadepamplona.com\\\/actualidad\\\/wp-content\\\/uploads\\\/2018\\\/11\\\/logo-laguiadepamplona18-web1.png\",\"width\":600,\"height\":196,\"caption\":\"La Gu\u00eda de Pamplona \\\/ Noticias\"},\"image\":{\"@id\":\"https:\\\/\\\/www.laguiadepamplona.com\\\/actualidad\\\/#\\\/schema\\\/logo\\\/image\\\/\"},\"sameAs\":[\"https:\\\/\\\/www.facebook.com\\\/laguiadepamplonacom-133175176762273\\\/?ref=hl\",\"https:\\\/\\\/x.com\\\/LaGuiadPamplona\",\"https:\\\/\\\/www.instagram.com\\\/la_guia_de_pamplona\\\/\",\"https:\\\/\\\/www.youtube.com\\\/user\\\/laguiadepamplona\"]},{\"@type\":\"Person\",\"@id\":\"https:\\\/\\\/www.laguiadepamplona.com\\\/actualidad\\\/#\\\/schema\\\/person\\\/efe887376f0213d4657c93adc50b1fdb\",\"name\":\"La Gu\u00eda de Pamplona\",\"image\":{\"@type\":\"ImageObject\",\"inLanguage\":\"es\",\"@id\":\"https:\\\/\\\/secure.gravatar.com\\\/avatar\\\/b6992f131dc8d30ab0dff15446e9d346d9dbd95992de0fef795073f5ea83a81c?s=96&d=mm&r=g\",\"url\":\"https:\\\/\\\/secure.gravatar.com\\\/avatar\\\/b6992f131dc8d30ab0dff15446e9d346d9dbd95992de0fef795073f5ea83a81c?s=96&d=mm&r=g\",\"contentUrl\":\"https:\\\/\\\/secure.gravatar.com\\\/avatar\\\/b6992f131dc8d30ab0dff15446e9d346d9dbd95992de0fef795073f5ea83a81c?s=96&d=mm&r=g\",\"caption\":\"La Gu\u00eda de Pamplona\"}}]}<\/script>\n<!-- \/ Yoast SEO plugin. -->","yoast_head_json":{"title":"Pamplona dispondr\u00e1 este a\u00f1o de dos nuevos aparcamientos de bicicletas, de 20 plazas cada uno, en la calle Taconera y en la plaza Europa","description":"El contrato de suministro est\u00e1 financiado con fondos Next Generation EU en el marco del Plan de Recuperaci\u00f3n, Transformaci\u00f3n y Resiliencia","robots":{"index":"index","follow":"follow","max-snippet":"max-snippet:-1","max-image-preview":"max-image-preview:large","max-video-preview":"max-video-preview:-1"},"canonical":"https:\/\/www.laguiadepamplona.com\/actualidad\/pamplona-dispondra-este-ano-de-dos-nuevos-aparcamientos-de-bicicletas-de-20-plazas-cada-uno-en-la-calle-taconera-y-en-la-plaza-europa\/","og_locale":"es_ES","og_type":"article","og_title":"Pamplona dispondr\u00e1 este a\u00f1o de dos nuevos aparcamientos de bicicletas, de 20 plazas cada uno, en la calle Taconera y en la plaza Europa","og_description":"El contrato de suministro est\u00e1 financiado con fondos Next Generation EU en el marco del Plan de Recuperaci\u00f3n, Transformaci\u00f3n y Resiliencia","og_url":"https:\/\/www.laguiadepamplona.com\/actualidad\/pamplona-dispondra-este-ano-de-dos-nuevos-aparcamientos-de-bicicletas-de-20-plazas-cada-uno-en-la-calle-taconera-y-en-la-plaza-europa\/","og_site_name":"La Gu\u00eda de Pamplona","article_publisher":"https:\/\/www.facebook.com\/laguiadepamplonacom-133175176762273\/?ref=hl","article_published_time":"2022-11-21T19:39:55+00:00","article_modified_time":"2023-04-11T09:47:33+00:00","og_image":[{"width":1748,"height":1240,"url":"https:\/\/www.laguiadepamplona.com\/actualidad\/wp-content\/uploads\/2022\/11\/aparcamiento-bicicletas.webp","type":"image\/webp"}],"author":"La Gu\u00eda de Pamplona","twitter_card":"summary_large_image","twitter_creator":"@LaGuiadPamplona","twitter_site":"@LaGuiadPamplona","twitter_misc":{"Escrito por":"La Gu\u00eda de Pamplona","Tiempo de lectura":"3 minutos"},"schema":{"@context":"https:\/\/schema.org","@graph":[{"@type":"Article","@id":"https:\/\/www.laguiadepamplona.com\/actualidad\/pamplona-dispondra-este-ano-de-dos-nuevos-aparcamientos-de-bicicletas-de-20-plazas-cada-uno-en-la-calle-taconera-y-en-la-plaza-europa\/#article","isPartOf":{"@id":"https:\/\/www.laguiadepamplona.com\/actualidad\/pamplona-dispondra-este-ano-de-dos-nuevos-aparcamientos-de-bicicletas-de-20-plazas-cada-uno-en-la-calle-taconera-y-en-la-plaza-europa\/"},"author":{"name":"La Gu\u00eda de Pamplona","@id":"https:\/\/www.laguiadepamplona.com\/actualidad\/#\/schema\/person\/efe887376f0213d4657c93adc50b1fdb"},"headline":"Pamplona dispondr\u00e1 este a\u00f1o de dos nuevos aparcamientos de bicicletas, de 20 plazas cada uno, en la calle Taconera y en la plaza Europa","datePublished":"2022-11-21T19:39:55+00:00","dateModified":"2023-04-11T09:47:33+00:00","mainEntityOfPage":{"@id":"https:\/\/www.laguiadepamplona.com\/actualidad\/pamplona-dispondra-este-ano-de-dos-nuevos-aparcamientos-de-bicicletas-de-20-plazas-cada-uno-en-la-calle-taconera-y-en-la-plaza-europa\/"},"wordCount":575,"commentCount":0,"publisher":{"@id":"https:\/\/www.laguiadepamplona.com\/actualidad\/#organization"},"image":{"@id":"https:\/\/www.laguiadepamplona.com\/actualidad\/pamplona-dispondra-este-ano-de-dos-nuevos-aparcamientos-de-bicicletas-de-20-plazas-cada-uno-en-la-calle-taconera-y-en-la-plaza-europa\/#primaryimage"},"thumbnailUrl":"https:\/\/www.laguiadepamplona.com\/actualidad\/wp-content\/uploads\/2022\/11\/aparcamiento-bicicletas.webp","articleSection":["Ayto Pamplona"],"inLanguage":"es","potentialAction":[{"@type":"CommentAction","name":"Comment","target":["https:\/\/www.laguiadepamplona.com\/actualidad\/pamplona-dispondra-este-ano-de-dos-nuevos-aparcamientos-de-bicicletas-de-20-plazas-cada-uno-en-la-calle-taconera-y-en-la-plaza-europa\/#respond"]}]},{"@type":"WebPage","@id":"https:\/\/www.laguiadepamplona.com\/actualidad\/pamplona-dispondra-este-ano-de-dos-nuevos-aparcamientos-de-bicicletas-de-20-plazas-cada-uno-en-la-calle-taconera-y-en-la-plaza-europa\/","url":"https:\/\/www.laguiadepamplona.com\/actualidad\/pamplona-dispondra-este-ano-de-dos-nuevos-aparcamientos-de-bicicletas-de-20-plazas-cada-uno-en-la-calle-taconera-y-en-la-plaza-europa\/","name":"Pamplona dispondr\u00e1 este a\u00f1o de dos nuevos aparcamientos de bicicletas, de 20 plazas cada uno, en la calle Taconera y en la plaza Europa","isPartOf":{"@id":"https:\/\/www.laguiadepamplona.com\/actualidad\/#website"},"primaryImageOfPage":{"@id":"https:\/\/www.laguiadepamplona.com\/actualidad\/pamplona-dispondra-este-ano-de-dos-nuevos-aparcamientos-de-bicicletas-de-20-plazas-cada-uno-en-la-calle-taconera-y-en-la-plaza-europa\/#primaryimage"},"image":{"@id":"https:\/\/www.laguiadepamplona.com\/actualidad\/pamplona-dispondra-este-ano-de-dos-nuevos-aparcamientos-de-bicicletas-de-20-plazas-cada-uno-en-la-calle-taconera-y-en-la-plaza-europa\/#primaryimage"},"thumbnailUrl":"https:\/\/www.laguiadepamplona.com\/actualidad\/wp-content\/uploads\/2022\/11\/aparcamiento-bicicletas.webp","datePublished":"2022-11-21T19:39:55+00:00","dateModified":"2023-04-11T09:47:33+00:00","description":"El contrato de suministro est\u00e1 financiado con fondos Next Generation EU en el marco del Plan de Recuperaci\u00f3n, Transformaci\u00f3n y Resiliencia","breadcrumb":{"@id":"https:\/\/www.laguiadepamplona.com\/actualidad\/pamplona-dispondra-este-ano-de-dos-nuevos-aparcamientos-de-bicicletas-de-20-plazas-cada-uno-en-la-calle-taconera-y-en-la-plaza-europa\/#breadcrumb"},"inLanguage":"es","potentialAction":[{"@type":"ReadAction","target":["https:\/\/www.laguiadepamplona.com\/actualidad\/pamplona-dispondra-este-ano-de-dos-nuevos-aparcamientos-de-bicicletas-de-20-plazas-cada-uno-en-la-calle-taconera-y-en-la-plaza-europa\/"]}]},{"@type":"ImageObject","inLanguage":"es","@id":"https:\/\/www.laguiadepamplona.com\/actualidad\/pamplona-dispondra-este-ano-de-dos-nuevos-aparcamientos-de-bicicletas-de-20-plazas-cada-uno-en-la-calle-taconera-y-en-la-plaza-europa\/#primaryimage","url":"https:\/\/www.laguiadepamplona.com\/actualidad\/wp-content\/uploads\/2022\/11\/aparcamiento-bicicletas.webp","contentUrl":"https:\/\/www.laguiadepamplona.com\/actualidad\/wp-content\/uploads\/2022\/11\/aparcamiento-bicicletas.webp","width":1748,"height":1240},{"@type":"BreadcrumbList","@id":"https:\/\/www.laguiadepamplona.com\/actualidad\/pamplona-dispondra-este-ano-de-dos-nuevos-aparcamientos-de-bicicletas-de-20-plazas-cada-uno-en-la-calle-taconera-y-en-la-plaza-europa\/#breadcrumb","itemListElement":[{"@type":"ListItem","position":1,"name":"Portada","item":"https:\/\/www.laguiadepamplona.com\/actualidad\/"},{"@type":"ListItem","position":2,"name":"Pamplona dispondr\u00e1 este a\u00f1o de dos nuevos aparcamientos de bicicletas, de 20 plazas cada uno, en la calle Taconera y en la plaza Europa"}]},{"@type":"WebSite","@id":"https:\/\/www.laguiadepamplona.com\/actualidad\/#website","url":"https:\/\/www.laguiadepamplona.com\/actualidad\/","name":"La gu\u00eda de Pamplona","description":"Noticias de Pamplona","publisher":{"@id":"https:\/\/www.laguiadepamplona.com\/actualidad\/#organization"},"potentialAction":[{"@type":"SearchAction","target":{"@type":"EntryPoint","urlTemplate":"https:\/\/www.laguiadepamplona.com\/actualidad\/?s={search_term_string}"},"query-input":{"@type":"PropertyValueSpecification","valueRequired":true,"valueName":"search_term_string"}}],"inLanguage":"es"},{"@type":"Organization","@id":"https:\/\/www.laguiadepamplona.com\/actualidad\/#organization","name":"La Gu\u00eda de Pamplona \/ Noticias","url":"https:\/\/www.laguiadepamplona.com\/actualidad\/","logo":{"@type":"ImageObject","inLanguage":"es","@id":"https:\/\/www.laguiadepamplona.com\/actualidad\/#\/schema\/logo\/image\/","url":"https:\/\/www.laguiadepamplona.com\/actualidad\/wp-content\/uploads\/2018\/11\/logo-laguiadepamplona18-web1.png","contentUrl":"https:\/\/www.laguiadepamplona.com\/actualidad\/wp-content\/uploads\/2018\/11\/logo-laguiadepamplona18-web1.png","width":600,"height":196,"caption":"La Gu\u00eda de Pamplona \/ Noticias"},"image":{"@id":"https:\/\/www.laguiadepamplona.com\/actualidad\/#\/schema\/logo\/image\/"},"sameAs":["https:\/\/www.facebook.com\/laguiadepamplonacom-133175176762273\/?ref=hl","https:\/\/x.com\/LaGuiadPamplona","https:\/\/www.instagram.com\/la_guia_de_pamplona\/","https:\/\/www.youtube.com\/user\/laguiadepamplona"]},{"@type":"Person","@id":"https:\/\/www.laguiadepamplona.com\/actualidad\/#\/schema\/person\/efe887376f0213d4657c93adc50b1fdb","name":"La Gu\u00eda de Pamplona","image":{"@type":"ImageObject","inLanguage":"es","@id":"https:\/\/secure.gravatar.com\/avatar\/b6992f131dc8d30ab0dff15446e9d346d9dbd95992de0fef795073f5ea83a81c?s=96&d=mm&r=g","url":"https:\/\/secure.gravatar.com\/avatar\/b6992f131dc8d30ab0dff15446e9d346d9dbd95992de0fef795073f5ea83a81c?s=96&d=mm&r=g","contentUrl":"https:\/\/secure.gravatar.com\/avatar\/b6992f131dc8d30ab0dff15446e9d346d9dbd95992de0fef795073f5ea83a81c?s=96&d=mm&r=g","caption":"La Gu\u00eda de Pamplona"}}]}},"post_mailing_queue_ids":[],"_links":{"self":[{"href":"https:\/\/www.laguiadepamplona.com\/actualidad\/wp-json\/wp\/v2\/posts\/42261","targetHints":{"allow":["GET"]}}],"collection":[{"href":"https:\/\/www.laguiadepamplona.com\/actualidad\/wp-json\/wp\/v2\/posts"}],"about":[{"href":"https:\/\/www.laguiadepamplona.com\/actualidad\/wp-json\/wp\/v2\/types\/post"}],"author":[{"embeddable":true,"href":"https:\/\/www.laguiadepamplona.com\/actualidad\/wp-json\/wp\/v2\/users\/1"}],"replies":[{"embeddable":true,"href":"https:\/\/www.laguiadepamplona.com\/actualidad\/wp-json\/wp\/v2\/comments?post=42261"}],"version-history":[{"count":0,"href":"https:\/\/www.laguiadepamplona.com\/actualidad\/wp-json\/wp\/v2\/posts\/42261\/revisions"}],"wp:featuredmedia":[{"embeddable":true,"href":"https:\/\/www.laguiadepamplona.com\/actualidad\/wp-json\/wp\/v2\/media\/42262"}],"wp:attachment":[{"href":"https:\/\/www.laguiadepamplona.com\/actualidad\/wp-json\/wp\/v2\/media?parent=42261"}],"wp:term":[{"taxonomy":"category","embeddable":true,"href":"https:\/\/www.laguiadepamplona.com\/actualidad\/wp-json\/wp\/v2\/categories?post=42261"},{"taxonomy":"post_tag","embeddable":true,"href":"https:\/\/www.laguiadepamplona.com\/actualidad\/wp-json\/wp\/v2\/tags?post=42261"}],"curies":[{"name":"wp","href":"https:\/\/api.w.org\/{rel}","templated":true}]}}