{"id":42259,"date":"2022-11-21T21:36:34","date_gmt":"2022-11-21T19:36:34","guid":{"rendered":"https:\/\/www.laguiadepamplona.com\/actualidad\/?p=42259"},"modified":"2023-04-11T11:47:33","modified_gmt":"2023-04-11T09:47:33","slug":"el-ayuntamiento-de-pamplona-adelanta-la-apertura-del-albergue-para-acoger-a-personas-sin-hogar-ante-la-bajada-de-temperaturas","status":"publish","type":"post","link":"https:\/\/www.laguiadepamplona.com\/actualidad\/el-ayuntamiento-de-pamplona-adelanta-la-apertura-del-albergue-para-acoger-a-personas-sin-hogar-ante-la-bajada-de-temperaturas\/","title":{"rendered":"El Ayuntamiento de Pamplona adelanta la apertura del albergue para acoger a personas sin hogar ante la bajada de temperaturas"},"content":{"rendered":"<h5>Aunque no se daban los m\u00ednimos que marca el protocolo, desde el viernes se dio cobijo y el domingo se deriv\u00f3 a pensiones por la alta demanda<\/h5>\n<p><!--more--><\/p>\n<p>El Ayuntamiento de Pamplona adelant\u00f3 el pasado viernes la apertura del albergue para acoger a personas sin hogar por la bajada de temperaturas, a pesar de que no se preve\u00eda alcanzar las m\u00ednimas recogidas en el protocolo. El jueves 17 se procedi\u00f3 a avisar a las entidades sociales de que se activaba el protocolo de ola de fr\u00edo a partir del viernes 18, en principio hasta esta semana. El mi\u00e9rcoles 23 se revisar\u00e1 la situaci\u00f3n para mantener las medidas o modificarlas.<br \/>\n<script async src=\"\/\/pagead2.googlesyndication.com\/pagead\/js\/adsbygoogle.js\"><\/script><br \/>\n<!-- Noticias La Guia de Pamplona --><br \/>\n<ins class=\"adsbygoogle\"\nstyle=\"display:block\"\ndata-ad-client=\"ca-pub-6943679897239327\"\ndata-ad-slot=\"7048180777\"\ndata-ad-format=\"auto\"><\/ins><br \/>\n<script>\n(adsbygoogle = window.adsbygoogle || []).push({});\n<\/script><\/p>\n<p>As\u00ed, el pasado viernes 18 se registraron 8 entradas por ola de fr\u00edo. Adem\u00e1s, se dio cobertura a 6 personas afectadas por un incendio en la calle Paulino Caballero, una situaci\u00f3n no prevista inicialmente en el albergue pero que se atendi\u00f3 debido a la situaci\u00f3n de emergencia en que se encontraban estas personas. En total, junto a otras entradas, la ocupaci\u00f3n fue de 52 personas. El s\u00e1bado 19, 5 personas accedieron por ola de fr\u00edo y en total, se ocuparon 50 plazas. Ayer, domingo, el albergue complet\u00f3 todas sus plazas, con 10 entradas por ola de fr\u00edo, por lo que se deriv\u00f3 a 4 personas a otros recursos. El Ayuntamiento ha solicitado informaci\u00f3n a la empresa gestora del albergue de las solicitudes de entrada para comprobar que se cumplieron las instrucciones dadas por el Consistorio, insistiendo en la importancia de dar cobertura en ola de fr\u00edo en los t\u00e9rminos que regula el protocolo municipal.<\/p>\n<p>El protocolo de ola de fr\u00edo del Centro de Personas sin Hogar del Ayuntamiento de Pamplona se pone en marcha cuando las previsiones meteorol\u00f3gicas anuncian temperaturas inferiores a los tres grados cent\u00edgrados. Mientras el protocolo est\u00e1 activo, si quedan plazas libres en el centro, no se le niega la acogida a ning\u00fan solicitante, aunque no se cumpla el requisito de la temperatura. Si se cubren todas las plazas, el servicio deriva en la medida de lo posible a otros recursos, como pensiones.<br \/>\n<script async src=\"\/\/pagead2.googlesyndication.com\/pagead\/js\/adsbygoogle.js\"><\/script><br \/>\n<!-- Noticias La Guia de Pamplona --><br \/>\n<ins class=\"adsbygoogle\"\nstyle=\"display:block\"\ndata-ad-client=\"ca-pub-6943679897239327\"\ndata-ad-slot=\"7048180777\"\ndata-ad-format=\"auto\"><\/ins><br \/>\n<script>\n(adsbygoogle = window.adsbygoogle || []).push({});\n<\/script><\/p>\n<p>El \u2018Protocolo contra el Fr\u00edo\u2019 es una de las intervenciones que se realizan desde el Ayuntamiento orientadas a las personas sin hogar y su objeto es coordinar los medios t\u00e9cnicos y humanos que deben utilizarse con las personas que duermen en la calle durante situaciones de emergencia provocadas por inclemencias meteorol\u00f3gicas. Estas medidas se toman en el contexto de una emergencia humanitaria por la que se pretende tratar de que ninguna persona tenga que dormir en la calle cuando hace fr\u00edo extremo.<\/p>\n<p>El protocolo actual ha venido a ampliar la garant\u00eda de derechos a las personas usuarias en relaci\u00f3n a a\u00f1os anteriores, adelantando dos horas la hora de acceso al recurso. De la misma manera, presenta otra importante modificaci\u00f3n, puesto que contempla la posibilidad de ampliar los d\u00edas de pernocta en el recurso siempre que el albergue tuviera camas disponibles.<\/p>\n","protected":false},"excerpt":{"rendered":"<p>Aunque no se daban los m\u00ednimos que marca el protocolo, desde el viernes se dio cobijo y el domingo se deriv\u00f3 a pensiones por la alta demanda<\/p>\n","protected":false},"author":1,"featured_media":33218,"comment_status":"open","ping_status":"closed","sticky":false,"template":"","format":"standard","meta":{"footnotes":""},"categories":[2],"tags":[],"class_list":["post-42259","post","type-post","status-publish","format-standard","has-post-thumbnail","hentry","category-ayuntamiento-pamplona"],"yoast_head":"<!-- This site is optimized with the Yoast SEO plugin v27.3 - https:\/\/yoast.com\/product\/yoast-seo-wordpress\/ -->\n<title>El Ayuntamiento de Pamplona adelanta la apertura del albergue para acoger a personas sin hogar ante la bajada de temperaturas<\/title>\n<meta name=\"description\" content=\"Aunque no se daban los m\u00ednimos que marca el protocolo, desde el viernes se dio cobijo y el domingo se deriv\u00f3 a pensiones por la alta demanda\" \/>\n<meta name=\"robots\" content=\"index, follow, max-snippet:-1, max-image-preview:large, max-video-preview:-1\" \/>\n<link rel=\"canonical\" href=\"https:\/\/www.laguiadepamplona.com\/actualidad\/el-ayuntamiento-de-pamplona-adelanta-la-apertura-del-albergue-para-acoger-a-personas-sin-hogar-ante-la-bajada-de-temperaturas\/\" \/>\n<meta property=\"og:locale\" content=\"es_ES\" \/>\n<meta property=\"og:type\" content=\"article\" \/>\n<meta property=\"og:title\" content=\"El Ayuntamiento de Pamplona adelanta la apertura del albergue para acoger a personas sin hogar ante la bajada de temperaturas\" \/>\n<meta property=\"og:description\" content=\"Aunque no se daban los m\u00ednimos que marca el protocolo, desde el viernes se dio cobijo y el domingo se deriv\u00f3 a pensiones por la alta demanda\" \/>\n<meta property=\"og:url\" content=\"https:\/\/www.laguiadepamplona.com\/actualidad\/el-ayuntamiento-de-pamplona-adelanta-la-apertura-del-albergue-para-acoger-a-personas-sin-hogar-ante-la-bajada-de-temperaturas\/\" \/>\n<meta property=\"og:site_name\" content=\"La Gu\u00eda de Pamplona\" \/>\n<meta property=\"article:publisher\" content=\"https:\/\/www.facebook.com\/laguiadepamplonacom-133175176762273\/?ref=hl\" \/>\n<meta property=\"article:published_time\" content=\"2022-11-21T19:36:34+00:00\" \/>\n<meta property=\"article:modified_time\" content=\"2023-04-11T09:47:33+00:00\" \/>\n<meta property=\"og:image\" content=\"https:\/\/www.laguiadepamplona.com\/actualidad\/wp-content\/uploads\/2021\/02\/centro_atencion_personas_sin_hogar.jpg\" \/>\n\t<meta property=\"og:image:width\" content=\"1920\" \/>\n\t<meta property=\"og:image:height\" content=\"1280\" \/>\n\t<meta property=\"og:image:type\" content=\"image\/jpeg\" \/>\n<meta name=\"author\" content=\"La Gu\u00eda de Pamplona\" \/>\n<meta name=\"twitter:card\" content=\"summary_large_image\" \/>\n<meta name=\"twitter:creator\" content=\"@LaGuiadPamplona\" \/>\n<meta name=\"twitter:site\" content=\"@LaGuiadPamplona\" \/>\n<meta name=\"twitter:label1\" content=\"Escrito por\" \/>\n\t<meta name=\"twitter:data1\" content=\"La Gu\u00eda de Pamplona\" \/>\n\t<meta name=\"twitter:label2\" content=\"Tiempo de lectura\" \/>\n\t<meta name=\"twitter:data2\" content=\"3 minutos\" \/>\n<script type=\"application\/ld+json\" class=\"yoast-schema-graph\">{\"@context\":\"https:\\\/\\\/schema.org\",\"@graph\":[{\"@type\":\"Article\",\"@id\":\"https:\\\/\\\/www.laguiadepamplona.com\\\/actualidad\\\/el-ayuntamiento-de-pamplona-adelanta-la-apertura-del-albergue-para-acoger-a-personas-sin-hogar-ante-la-bajada-de-temperaturas\\\/#article\",\"isPartOf\":{\"@id\":\"https:\\\/\\\/www.laguiadepamplona.com\\\/actualidad\\\/el-ayuntamiento-de-pamplona-adelanta-la-apertura-del-albergue-para-acoger-a-personas-sin-hogar-ante-la-bajada-de-temperaturas\\\/\"},\"author\":{\"name\":\"La Gu\u00eda de Pamplona\",\"@id\":\"https:\\\/\\\/www.laguiadepamplona.com\\\/actualidad\\\/#\\\/schema\\\/person\\\/efe887376f0213d4657c93adc50b1fdb\"},\"headline\":\"El Ayuntamiento de Pamplona adelanta la apertura del albergue para acoger a personas sin hogar ante la bajada de temperaturas\",\"datePublished\":\"2022-11-21T19:36:34+00:00\",\"dateModified\":\"2023-04-11T09:47:33+00:00\",\"mainEntityOfPage\":{\"@id\":\"https:\\\/\\\/www.laguiadepamplona.com\\\/actualidad\\\/el-ayuntamiento-de-pamplona-adelanta-la-apertura-del-albergue-para-acoger-a-personas-sin-hogar-ante-la-bajada-de-temperaturas\\\/\"},\"wordCount\":522,\"commentCount\":0,\"publisher\":{\"@id\":\"https:\\\/\\\/www.laguiadepamplona.com\\\/actualidad\\\/#organization\"},\"image\":{\"@id\":\"https:\\\/\\\/www.laguiadepamplona.com\\\/actualidad\\\/el-ayuntamiento-de-pamplona-adelanta-la-apertura-del-albergue-para-acoger-a-personas-sin-hogar-ante-la-bajada-de-temperaturas\\\/#primaryimage\"},\"thumbnailUrl\":\"https:\\\/\\\/www.laguiadepamplona.com\\\/actualidad\\\/wp-content\\\/uploads\\\/2021\\\/02\\\/centro_atencion_personas_sin_hogar.jpg\",\"articleSection\":[\"Ayto Pamplona\"],\"inLanguage\":\"es\",\"potentialAction\":[{\"@type\":\"CommentAction\",\"name\":\"Comment\",\"target\":[\"https:\\\/\\\/www.laguiadepamplona.com\\\/actualidad\\\/el-ayuntamiento-de-pamplona-adelanta-la-apertura-del-albergue-para-acoger-a-personas-sin-hogar-ante-la-bajada-de-temperaturas\\\/#respond\"]}]},{\"@type\":\"WebPage\",\"@id\":\"https:\\\/\\\/www.laguiadepamplona.com\\\/actualidad\\\/el-ayuntamiento-de-pamplona-adelanta-la-apertura-del-albergue-para-acoger-a-personas-sin-hogar-ante-la-bajada-de-temperaturas\\\/\",\"url\":\"https:\\\/\\\/www.laguiadepamplona.com\\\/actualidad\\\/el-ayuntamiento-de-pamplona-adelanta-la-apertura-del-albergue-para-acoger-a-personas-sin-hogar-ante-la-bajada-de-temperaturas\\\/\",\"name\":\"El Ayuntamiento de Pamplona adelanta la apertura del albergue para acoger a personas sin hogar ante la bajada de temperaturas\",\"isPartOf\":{\"@id\":\"https:\\\/\\\/www.laguiadepamplona.com\\\/actualidad\\\/#website\"},\"primaryImageOfPage\":{\"@id\":\"https:\\\/\\\/www.laguiadepamplona.com\\\/actualidad\\\/el-ayuntamiento-de-pamplona-adelanta-la-apertura-del-albergue-para-acoger-a-personas-sin-hogar-ante-la-bajada-de-temperaturas\\\/#primaryimage\"},\"image\":{\"@id\":\"https:\\\/\\\/www.laguiadepamplona.com\\\/actualidad\\\/el-ayuntamiento-de-pamplona-adelanta-la-apertura-del-albergue-para-acoger-a-personas-sin-hogar-ante-la-bajada-de-temperaturas\\\/#primaryimage\"},\"thumbnailUrl\":\"https:\\\/\\\/www.laguiadepamplona.com\\\/actualidad\\\/wp-content\\\/uploads\\\/2021\\\/02\\\/centro_atencion_personas_sin_hogar.jpg\",\"datePublished\":\"2022-11-21T19:36:34+00:00\",\"dateModified\":\"2023-04-11T09:47:33+00:00\",\"description\":\"Aunque no se daban los m\u00ednimos que marca el protocolo, desde el viernes se dio cobijo y el domingo se deriv\u00f3 a pensiones por la alta demanda\",\"breadcrumb\":{\"@id\":\"https:\\\/\\\/www.laguiadepamplona.com\\\/actualidad\\\/el-ayuntamiento-de-pamplona-adelanta-la-apertura-del-albergue-para-acoger-a-personas-sin-hogar-ante-la-bajada-de-temperaturas\\\/#breadcrumb\"},\"inLanguage\":\"es\",\"potentialAction\":[{\"@type\":\"ReadAction\",\"target\":[\"https:\\\/\\\/www.laguiadepamplona.com\\\/actualidad\\\/el-ayuntamiento-de-pamplona-adelanta-la-apertura-del-albergue-para-acoger-a-personas-sin-hogar-ante-la-bajada-de-temperaturas\\\/\"]}]},{\"@type\":\"ImageObject\",\"inLanguage\":\"es\",\"@id\":\"https:\\\/\\\/www.laguiadepamplona.com\\\/actualidad\\\/el-ayuntamiento-de-pamplona-adelanta-la-apertura-del-albergue-para-acoger-a-personas-sin-hogar-ante-la-bajada-de-temperaturas\\\/#primaryimage\",\"url\":\"https:\\\/\\\/www.laguiadepamplona.com\\\/actualidad\\\/wp-content\\\/uploads\\\/2021\\\/02\\\/centro_atencion_personas_sin_hogar.jpg\",\"contentUrl\":\"https:\\\/\\\/www.laguiadepamplona.com\\\/actualidad\\\/wp-content\\\/uploads\\\/2021\\\/02\\\/centro_atencion_personas_sin_hogar.jpg\",\"width\":1920,\"height\":1280,\"caption\":\"A* Jes\u00fas Garzaron F* 2020_11_24 T* Barrios de Pamplona L* Centro de Atenci\u00f3n a Personas sin Hogar, Trinitarios, Rochapea\"},{\"@type\":\"BreadcrumbList\",\"@id\":\"https:\\\/\\\/www.laguiadepamplona.com\\\/actualidad\\\/el-ayuntamiento-de-pamplona-adelanta-la-apertura-del-albergue-para-acoger-a-personas-sin-hogar-ante-la-bajada-de-temperaturas\\\/#breadcrumb\",\"itemListElement\":[{\"@type\":\"ListItem\",\"position\":1,\"name\":\"Portada\",\"item\":\"https:\\\/\\\/www.laguiadepamplona.com\\\/actualidad\\\/\"},{\"@type\":\"ListItem\",\"position\":2,\"name\":\"El Ayuntamiento de Pamplona adelanta la apertura del albergue para acoger a personas sin hogar ante la bajada de temperaturas\"}]},{\"@type\":\"WebSite\",\"@id\":\"https:\\\/\\\/www.laguiadepamplona.com\\\/actualidad\\\/#website\",\"url\":\"https:\\\/\\\/www.laguiadepamplona.com\\\/actualidad\\\/\",\"name\":\"La gu\u00eda de Pamplona\",\"description\":\"Noticias de Pamplona\",\"publisher\":{\"@id\":\"https:\\\/\\\/www.laguiadepamplona.com\\\/actualidad\\\/#organization\"},\"potentialAction\":[{\"@type\":\"SearchAction\",\"target\":{\"@type\":\"EntryPoint\",\"urlTemplate\":\"https:\\\/\\\/www.laguiadepamplona.com\\\/actualidad\\\/?s={search_term_string}\"},\"query-input\":{\"@type\":\"PropertyValueSpecification\",\"valueRequired\":true,\"valueName\":\"search_term_string\"}}],\"inLanguage\":\"es\"},{\"@type\":\"Organization\",\"@id\":\"https:\\\/\\\/www.laguiadepamplona.com\\\/actualidad\\\/#organization\",\"name\":\"La Gu\u00eda de Pamplona \\\/ Noticias\",\"url\":\"https:\\\/\\\/www.laguiadepamplona.com\\\/actualidad\\\/\",\"logo\":{\"@type\":\"ImageObject\",\"inLanguage\":\"es\",\"@id\":\"https:\\\/\\\/www.laguiadepamplona.com\\\/actualidad\\\/#\\\/schema\\\/logo\\\/image\\\/\",\"url\":\"https:\\\/\\\/www.laguiadepamplona.com\\\/actualidad\\\/wp-content\\\/uploads\\\/2018\\\/11\\\/logo-laguiadepamplona18-web1.png\",\"contentUrl\":\"https:\\\/\\\/www.laguiadepamplona.com\\\/actualidad\\\/wp-content\\\/uploads\\\/2018\\\/11\\\/logo-laguiadepamplona18-web1.png\",\"width\":600,\"height\":196,\"caption\":\"La Gu\u00eda de Pamplona \\\/ Noticias\"},\"image\":{\"@id\":\"https:\\\/\\\/www.laguiadepamplona.com\\\/actualidad\\\/#\\\/schema\\\/logo\\\/image\\\/\"},\"sameAs\":[\"https:\\\/\\\/www.facebook.com\\\/laguiadepamplonacom-133175176762273\\\/?ref=hl\",\"https:\\\/\\\/x.com\\\/LaGuiadPamplona\",\"https:\\\/\\\/www.instagram.com\\\/la_guia_de_pamplona\\\/\",\"https:\\\/\\\/www.youtube.com\\\/user\\\/laguiadepamplona\"]},{\"@type\":\"Person\",\"@id\":\"https:\\\/\\\/www.laguiadepamplona.com\\\/actualidad\\\/#\\\/schema\\\/person\\\/efe887376f0213d4657c93adc50b1fdb\",\"name\":\"La Gu\u00eda de Pamplona\",\"image\":{\"@type\":\"ImageObject\",\"inLanguage\":\"es\",\"@id\":\"https:\\\/\\\/secure.gravatar.com\\\/avatar\\\/b6992f131dc8d30ab0dff15446e9d346d9dbd95992de0fef795073f5ea83a81c?s=96&d=mm&r=g\",\"url\":\"https:\\\/\\\/secure.gravatar.com\\\/avatar\\\/b6992f131dc8d30ab0dff15446e9d346d9dbd95992de0fef795073f5ea83a81c?s=96&d=mm&r=g\",\"contentUrl\":\"https:\\\/\\\/secure.gravatar.com\\\/avatar\\\/b6992f131dc8d30ab0dff15446e9d346d9dbd95992de0fef795073f5ea83a81c?s=96&d=mm&r=g\",\"caption\":\"La Gu\u00eda de Pamplona\"}}]}<\/script>\n<!-- \/ Yoast SEO plugin. -->","yoast_head_json":{"title":"El Ayuntamiento de Pamplona adelanta la apertura del albergue para acoger a personas sin hogar ante la bajada de temperaturas","description":"Aunque no se daban los m\u00ednimos que marca el protocolo, desde el viernes se dio cobijo y el domingo se deriv\u00f3 a pensiones por la alta demanda","robots":{"index":"index","follow":"follow","max-snippet":"max-snippet:-1","max-image-preview":"max-image-preview:large","max-video-preview":"max-video-preview:-1"},"canonical":"https:\/\/www.laguiadepamplona.com\/actualidad\/el-ayuntamiento-de-pamplona-adelanta-la-apertura-del-albergue-para-acoger-a-personas-sin-hogar-ante-la-bajada-de-temperaturas\/","og_locale":"es_ES","og_type":"article","og_title":"El Ayuntamiento de Pamplona adelanta la apertura del albergue para acoger a personas sin hogar ante la bajada de temperaturas","og_description":"Aunque no se daban los m\u00ednimos que marca el protocolo, desde el viernes se dio cobijo y el domingo se deriv\u00f3 a pensiones por la alta demanda","og_url":"https:\/\/www.laguiadepamplona.com\/actualidad\/el-ayuntamiento-de-pamplona-adelanta-la-apertura-del-albergue-para-acoger-a-personas-sin-hogar-ante-la-bajada-de-temperaturas\/","og_site_name":"La Gu\u00eda de Pamplona","article_publisher":"https:\/\/www.facebook.com\/laguiadepamplonacom-133175176762273\/?ref=hl","article_published_time":"2022-11-21T19:36:34+00:00","article_modified_time":"2023-04-11T09:47:33+00:00","og_image":[{"width":1920,"height":1280,"url":"https:\/\/www.laguiadepamplona.com\/actualidad\/wp-content\/uploads\/2021\/02\/centro_atencion_personas_sin_hogar.jpg","type":"image\/jpeg"}],"author":"La Gu\u00eda de Pamplona","twitter_card":"summary_large_image","twitter_creator":"@LaGuiadPamplona","twitter_site":"@LaGuiadPamplona","twitter_misc":{"Escrito por":"La Gu\u00eda de Pamplona","Tiempo de lectura":"3 minutos"},"schema":{"@context":"https:\/\/schema.org","@graph":[{"@type":"Article","@id":"https:\/\/www.laguiadepamplona.com\/actualidad\/el-ayuntamiento-de-pamplona-adelanta-la-apertura-del-albergue-para-acoger-a-personas-sin-hogar-ante-la-bajada-de-temperaturas\/#article","isPartOf":{"@id":"https:\/\/www.laguiadepamplona.com\/actualidad\/el-ayuntamiento-de-pamplona-adelanta-la-apertura-del-albergue-para-acoger-a-personas-sin-hogar-ante-la-bajada-de-temperaturas\/"},"author":{"name":"La Gu\u00eda de Pamplona","@id":"https:\/\/www.laguiadepamplona.com\/actualidad\/#\/schema\/person\/efe887376f0213d4657c93adc50b1fdb"},"headline":"El Ayuntamiento de Pamplona adelanta la apertura del albergue para acoger a personas sin hogar ante la bajada de temperaturas","datePublished":"2022-11-21T19:36:34+00:00","dateModified":"2023-04-11T09:47:33+00:00","mainEntityOfPage":{"@id":"https:\/\/www.laguiadepamplona.com\/actualidad\/el-ayuntamiento-de-pamplona-adelanta-la-apertura-del-albergue-para-acoger-a-personas-sin-hogar-ante-la-bajada-de-temperaturas\/"},"wordCount":522,"commentCount":0,"publisher":{"@id":"https:\/\/www.laguiadepamplona.com\/actualidad\/#organization"},"image":{"@id":"https:\/\/www.laguiadepamplona.com\/actualidad\/el-ayuntamiento-de-pamplona-adelanta-la-apertura-del-albergue-para-acoger-a-personas-sin-hogar-ante-la-bajada-de-temperaturas\/#primaryimage"},"thumbnailUrl":"https:\/\/www.laguiadepamplona.com\/actualidad\/wp-content\/uploads\/2021\/02\/centro_atencion_personas_sin_hogar.jpg","articleSection":["Ayto Pamplona"],"inLanguage":"es","potentialAction":[{"@type":"CommentAction","name":"Comment","target":["https:\/\/www.laguiadepamplona.com\/actualidad\/el-ayuntamiento-de-pamplona-adelanta-la-apertura-del-albergue-para-acoger-a-personas-sin-hogar-ante-la-bajada-de-temperaturas\/#respond"]}]},{"@type":"WebPage","@id":"https:\/\/www.laguiadepamplona.com\/actualidad\/el-ayuntamiento-de-pamplona-adelanta-la-apertura-del-albergue-para-acoger-a-personas-sin-hogar-ante-la-bajada-de-temperaturas\/","url":"https:\/\/www.laguiadepamplona.com\/actualidad\/el-ayuntamiento-de-pamplona-adelanta-la-apertura-del-albergue-para-acoger-a-personas-sin-hogar-ante-la-bajada-de-temperaturas\/","name":"El Ayuntamiento de Pamplona adelanta la apertura del albergue para acoger a personas sin hogar ante la bajada de temperaturas","isPartOf":{"@id":"https:\/\/www.laguiadepamplona.com\/actualidad\/#website"},"primaryImageOfPage":{"@id":"https:\/\/www.laguiadepamplona.com\/actualidad\/el-ayuntamiento-de-pamplona-adelanta-la-apertura-del-albergue-para-acoger-a-personas-sin-hogar-ante-la-bajada-de-temperaturas\/#primaryimage"},"image":{"@id":"https:\/\/www.laguiadepamplona.com\/actualidad\/el-ayuntamiento-de-pamplona-adelanta-la-apertura-del-albergue-para-acoger-a-personas-sin-hogar-ante-la-bajada-de-temperaturas\/#primaryimage"},"thumbnailUrl":"https:\/\/www.laguiadepamplona.com\/actualidad\/wp-content\/uploads\/2021\/02\/centro_atencion_personas_sin_hogar.jpg","datePublished":"2022-11-21T19:36:34+00:00","dateModified":"2023-04-11T09:47:33+00:00","description":"Aunque no se daban los m\u00ednimos que marca el protocolo, desde el viernes se dio cobijo y el domingo se deriv\u00f3 a pensiones por la alta demanda","breadcrumb":{"@id":"https:\/\/www.laguiadepamplona.com\/actualidad\/el-ayuntamiento-de-pamplona-adelanta-la-apertura-del-albergue-para-acoger-a-personas-sin-hogar-ante-la-bajada-de-temperaturas\/#breadcrumb"},"inLanguage":"es","potentialAction":[{"@type":"ReadAction","target":["https:\/\/www.laguiadepamplona.com\/actualidad\/el-ayuntamiento-de-pamplona-adelanta-la-apertura-del-albergue-para-acoger-a-personas-sin-hogar-ante-la-bajada-de-temperaturas\/"]}]},{"@type":"ImageObject","inLanguage":"es","@id":"https:\/\/www.laguiadepamplona.com\/actualidad\/el-ayuntamiento-de-pamplona-adelanta-la-apertura-del-albergue-para-acoger-a-personas-sin-hogar-ante-la-bajada-de-temperaturas\/#primaryimage","url":"https:\/\/www.laguiadepamplona.com\/actualidad\/wp-content\/uploads\/2021\/02\/centro_atencion_personas_sin_hogar.jpg","contentUrl":"https:\/\/www.laguiadepamplona.com\/actualidad\/wp-content\/uploads\/2021\/02\/centro_atencion_personas_sin_hogar.jpg","width":1920,"height":1280,"caption":"A* Jes\u00fas Garzaron F* 2020_11_24 T* Barrios de Pamplona L* Centro de Atenci\u00f3n a Personas sin Hogar, Trinitarios, Rochapea"},{"@type":"BreadcrumbList","@id":"https:\/\/www.laguiadepamplona.com\/actualidad\/el-ayuntamiento-de-pamplona-adelanta-la-apertura-del-albergue-para-acoger-a-personas-sin-hogar-ante-la-bajada-de-temperaturas\/#breadcrumb","itemListElement":[{"@type":"ListItem","position":1,"name":"Portada","item":"https:\/\/www.laguiadepamplona.com\/actualidad\/"},{"@type":"ListItem","position":2,"name":"El Ayuntamiento de Pamplona adelanta la apertura del albergue para acoger a personas sin hogar ante la bajada de temperaturas"}]},{"@type":"WebSite","@id":"https:\/\/www.laguiadepamplona.com\/actualidad\/#website","url":"https:\/\/www.laguiadepamplona.com\/actualidad\/","name":"La gu\u00eda de Pamplona","description":"Noticias de Pamplona","publisher":{"@id":"https:\/\/www.laguiadepamplona.com\/actualidad\/#organization"},"potentialAction":[{"@type":"SearchAction","target":{"@type":"EntryPoint","urlTemplate":"https:\/\/www.laguiadepamplona.com\/actualidad\/?s={search_term_string}"},"query-input":{"@type":"PropertyValueSpecification","valueRequired":true,"valueName":"search_term_string"}}],"inLanguage":"es"},{"@type":"Organization","@id":"https:\/\/www.laguiadepamplona.com\/actualidad\/#organization","name":"La Gu\u00eda de Pamplona \/ Noticias","url":"https:\/\/www.laguiadepamplona.com\/actualidad\/","logo":{"@type":"ImageObject","inLanguage":"es","@id":"https:\/\/www.laguiadepamplona.com\/actualidad\/#\/schema\/logo\/image\/","url":"https:\/\/www.laguiadepamplona.com\/actualidad\/wp-content\/uploads\/2018\/11\/logo-laguiadepamplona18-web1.png","contentUrl":"https:\/\/www.laguiadepamplona.com\/actualidad\/wp-content\/uploads\/2018\/11\/logo-laguiadepamplona18-web1.png","width":600,"height":196,"caption":"La Gu\u00eda de Pamplona \/ Noticias"},"image":{"@id":"https:\/\/www.laguiadepamplona.com\/actualidad\/#\/schema\/logo\/image\/"},"sameAs":["https:\/\/www.facebook.com\/laguiadepamplonacom-133175176762273\/?ref=hl","https:\/\/x.com\/LaGuiadPamplona","https:\/\/www.instagram.com\/la_guia_de_pamplona\/","https:\/\/www.youtube.com\/user\/laguiadepamplona"]},{"@type":"Person","@id":"https:\/\/www.laguiadepamplona.com\/actualidad\/#\/schema\/person\/efe887376f0213d4657c93adc50b1fdb","name":"La Gu\u00eda de Pamplona","image":{"@type":"ImageObject","inLanguage":"es","@id":"https:\/\/secure.gravatar.com\/avatar\/b6992f131dc8d30ab0dff15446e9d346d9dbd95992de0fef795073f5ea83a81c?s=96&d=mm&r=g","url":"https:\/\/secure.gravatar.com\/avatar\/b6992f131dc8d30ab0dff15446e9d346d9dbd95992de0fef795073f5ea83a81c?s=96&d=mm&r=g","contentUrl":"https:\/\/secure.gravatar.com\/avatar\/b6992f131dc8d30ab0dff15446e9d346d9dbd95992de0fef795073f5ea83a81c?s=96&d=mm&r=g","caption":"La Gu\u00eda de Pamplona"}}]}},"post_mailing_queue_ids":[],"_links":{"self":[{"href":"https:\/\/www.laguiadepamplona.com\/actualidad\/wp-json\/wp\/v2\/posts\/42259","targetHints":{"allow":["GET"]}}],"collection":[{"href":"https:\/\/www.laguiadepamplona.com\/actualidad\/wp-json\/wp\/v2\/posts"}],"about":[{"href":"https:\/\/www.laguiadepamplona.com\/actualidad\/wp-json\/wp\/v2\/types\/post"}],"author":[{"embeddable":true,"href":"https:\/\/www.laguiadepamplona.com\/actualidad\/wp-json\/wp\/v2\/users\/1"}],"replies":[{"embeddable":true,"href":"https:\/\/www.laguiadepamplona.com\/actualidad\/wp-json\/wp\/v2\/comments?post=42259"}],"version-history":[{"count":0,"href":"https:\/\/www.laguiadepamplona.com\/actualidad\/wp-json\/wp\/v2\/posts\/42259\/revisions"}],"wp:featuredmedia":[{"embeddable":true,"href":"https:\/\/www.laguiadepamplona.com\/actualidad\/wp-json\/wp\/v2\/media\/33218"}],"wp:attachment":[{"href":"https:\/\/www.laguiadepamplona.com\/actualidad\/wp-json\/wp\/v2\/media?parent=42259"}],"wp:term":[{"taxonomy":"category","embeddable":true,"href":"https:\/\/www.laguiadepamplona.com\/actualidad\/wp-json\/wp\/v2\/categories?post=42259"},{"taxonomy":"post_tag","embeddable":true,"href":"https:\/\/www.laguiadepamplona.com\/actualidad\/wp-json\/wp\/v2\/tags?post=42259"}],"curies":[{"name":"wp","href":"https:\/\/api.w.org\/{rel}","templated":true}]}}