{"id":42256,"date":"2022-11-18T18:46:14","date_gmt":"2022-11-18T16:46:14","guid":{"rendered":"https:\/\/www.laguiadepamplona.com\/actualidad\/?p=42256"},"modified":"2023-04-11T11:47:33","modified_gmt":"2023-04-11T09:47:33","slug":"el-ayuntamiento-instalara-sensores-de-presencia-en-150-plazas-de-aparcamiento-para-personas-con-discapacidad-para-conocer-la-demanda-real-e-impedir-su-uso-fraudulento","status":"publish","type":"post","link":"https:\/\/www.laguiadepamplona.com\/actualidad\/el-ayuntamiento-instalara-sensores-de-presencia-en-150-plazas-de-aparcamiento-para-personas-con-discapacidad-para-conocer-la-demanda-real-e-impedir-su-uso-fraudulento\/","title":{"rendered":"El Ayuntamiento instalar\u00e1 sensores de presencia en 150 plazas de aparcamiento para personas con discapacidad para conocer la demanda real e impedir su uso fraudulento"},"content":{"rendered":"<h5>Est\u00e1n en Casco Antiguo y Ensanches y la iniciativa ser\u00e1 financiada con fondos Next Generation EU<\/h5>\n<p><!--more--><\/p>\n<p>El Ayuntamiento de Pamplona colocar\u00e1 un sistema de detecci\u00f3n autom\u00e1tica de ocupaci\u00f3n en 150 plazas de aparcamiento destinadas a personas con discapacidad (movilidad reducida) en Casco Antiguo, Primer y Segundo Ensanche. Es la primera fase de una iniciativa en el marco del Plan de Recuperaci\u00f3n, Transformaci\u00f3n y Resiliencia, financiado por la Uni\u00f3n Europea y los fondos Next Generation EU.<br \/>\n<script async src=\"\/\/pagead2.googlesyndication.com\/pagead\/js\/adsbygoogle.js\"><\/script><br \/>\n<!-- Noticias La Guia de Pamplona --><br \/>\n<ins class=\"adsbygoogle\"\nstyle=\"display:block\"\ndata-ad-client=\"ca-pub-6943679897239327\"\ndata-ad-slot=\"7048180777\"\ndata-ad-format=\"auto\"><\/ins><br \/>\n<script>\n(adsbygoogle = window.adsbygoogle || []).push({});\n<\/script><\/p>\n<p>Este sistema consiste en la instalaci\u00f3n de un sensor de presencia en el pavimento de la plaza de aparcamiento que se mantendr\u00e1 en comunicaci\u00f3n permanente con el centro de la Polic\u00eda Municipal de Pamplona. Con esta informaci\u00f3n, el sistema podr\u00e1 conocer en tiempo real qu\u00e9 plazas est\u00e1n ocupadas y cu\u00e1les no, lo que tendr\u00e1 dos consecuencias. Por un lado, conocer la demanda real de este tipo de estacionamientos para poder ajustar la oferta de estas plazas y, por otro, controlar su posible uso fraudulento. En un futuro, esa informaci\u00f3n estar\u00e1 disponible a tiempo real como orientaci\u00f3n para las personas con movilidad reducida para facilitarles las ubicaciones disponibles para aparcar. Del n\u00famero total de plazas que inicialmente se van a incluir en este sistema, 64 son estacionamientos en bater\u00eda y 86 en l\u00ednea, los constituye el total de plazas reservadas para discapacidad en el \u00e1mbito de actuaci\u00f3n previsto.<\/p>\n<p>Dentro de esta l\u00ednea de estudio de las plazas reservadas, el Consistorio est\u00e1 comprobando y adecuando a la normativa de accesibilidad las plazas de aparcamiento para personas con movilidad reducida que ya existen, principalmente las situadas en el entorno de edificios p\u00fablicos, especialmente sanitarios. Los trabajos de adecuaci\u00f3n consisten en el repintado de los estacionamientos con las dimensiones requeridas por la normativa, adem\u00e1s de la realizaci\u00f3n de rampas accesibles en los casos en que sea necesario. Estos \u00faltimos trabajos tienen consignado para el a\u00f1o 2022 un presupuesto de 100.000 euros.<\/p>\n","protected":false},"excerpt":{"rendered":"<p>Est\u00e1n en Casco Antiguo y Ensanches y la iniciativa ser\u00e1 financiada con fondos Next Generation EU<\/p>\n","protected":false},"author":1,"featured_media":42257,"comment_status":"open","ping_status":"closed","sticky":false,"template":"","format":"standard","meta":{"footnotes":""},"categories":[2],"tags":[],"class_list":["post-42256","post","type-post","status-publish","format-standard","has-post-thumbnail","hentry","category-ayuntamiento-pamplona"],"yoast_head":"<!-- This site is optimized with the Yoast SEO plugin v27.3 - https:\/\/yoast.com\/product\/yoast-seo-wordpress\/ -->\n<title>El Ayuntamiento instalar\u00e1 sensores de presencia en 150 plazas de aparcamiento para personas con discapacidad para conocer la demanda real e impedir su uso fraudulento<\/title>\n<meta name=\"description\" content=\"Est\u00e1n en Casco Antiguo y Ensanches y la iniciativa ser\u00e1 financiada con fondos Next Generation EU\" \/>\n<meta name=\"robots\" content=\"index, follow, max-snippet:-1, max-image-preview:large, max-video-preview:-1\" \/>\n<link rel=\"canonical\" href=\"https:\/\/www.laguiadepamplona.com\/actualidad\/el-ayuntamiento-instalara-sensores-de-presencia-en-150-plazas-de-aparcamiento-para-personas-con-discapacidad-para-conocer-la-demanda-real-e-impedir-su-uso-fraudulento\/\" \/>\n<meta property=\"og:locale\" content=\"es_ES\" \/>\n<meta property=\"og:type\" content=\"article\" \/>\n<meta property=\"og:title\" content=\"El Ayuntamiento instalar\u00e1 sensores de presencia en 150 plazas de aparcamiento para personas con discapacidad para conocer la demanda real e impedir su uso fraudulento\" \/>\n<meta property=\"og:description\" content=\"Est\u00e1n en Casco Antiguo y Ensanches y la iniciativa ser\u00e1 financiada con fondos Next Generation EU\" \/>\n<meta property=\"og:url\" content=\"https:\/\/www.laguiadepamplona.com\/actualidad\/el-ayuntamiento-instalara-sensores-de-presencia-en-150-plazas-de-aparcamiento-para-personas-con-discapacidad-para-conocer-la-demanda-real-e-impedir-su-uso-fraudulento\/\" \/>\n<meta property=\"og:site_name\" content=\"La Gu\u00eda de Pamplona\" \/>\n<meta property=\"article:publisher\" content=\"https:\/\/www.facebook.com\/laguiadepamplonacom-133175176762273\/?ref=hl\" \/>\n<meta property=\"article:published_time\" content=\"2022-11-18T16:46:14+00:00\" \/>\n<meta property=\"article:modified_time\" content=\"2023-04-11T09:47:33+00:00\" \/>\n<meta property=\"og:image\" content=\"https:\/\/www.laguiadepamplona.com\/actualidad\/wp-content\/uploads\/2022\/11\/sensor-aparcamiento-discapacitados.jpg\" \/>\n\t<meta property=\"og:image:width\" content=\"551\" \/>\n\t<meta property=\"og:image:height\" content=\"351\" \/>\n\t<meta property=\"og:image:type\" content=\"image\/jpeg\" \/>\n<meta name=\"author\" content=\"La Gu\u00eda de Pamplona\" \/>\n<meta name=\"twitter:card\" content=\"summary_large_image\" \/>\n<meta name=\"twitter:creator\" content=\"@LaGuiadPamplona\" \/>\n<meta name=\"twitter:site\" content=\"@LaGuiadPamplona\" \/>\n<meta name=\"twitter:label1\" content=\"Escrito por\" \/>\n\t<meta name=\"twitter:data1\" content=\"La Gu\u00eda de Pamplona\" \/>\n\t<meta name=\"twitter:label2\" content=\"Tiempo de lectura\" \/>\n\t<meta name=\"twitter:data2\" content=\"2 minutos\" \/>\n<script type=\"application\/ld+json\" class=\"yoast-schema-graph\">{\"@context\":\"https:\\\/\\\/schema.org\",\"@graph\":[{\"@type\":\"Article\",\"@id\":\"https:\\\/\\\/www.laguiadepamplona.com\\\/actualidad\\\/el-ayuntamiento-instalara-sensores-de-presencia-en-150-plazas-de-aparcamiento-para-personas-con-discapacidad-para-conocer-la-demanda-real-e-impedir-su-uso-fraudulento\\\/#article\",\"isPartOf\":{\"@id\":\"https:\\\/\\\/www.laguiadepamplona.com\\\/actualidad\\\/el-ayuntamiento-instalara-sensores-de-presencia-en-150-plazas-de-aparcamiento-para-personas-con-discapacidad-para-conocer-la-demanda-real-e-impedir-su-uso-fraudulento\\\/\"},\"author\":{\"name\":\"La Gu\u00eda de Pamplona\",\"@id\":\"https:\\\/\\\/www.laguiadepamplona.com\\\/actualidad\\\/#\\\/schema\\\/person\\\/efe887376f0213d4657c93adc50b1fdb\"},\"headline\":\"El Ayuntamiento instalar\u00e1 sensores de presencia en 150 plazas de aparcamiento para personas con discapacidad para conocer la demanda real e impedir su uso fraudulento\",\"datePublished\":\"2022-11-18T16:46:14+00:00\",\"dateModified\":\"2023-04-11T09:47:33+00:00\",\"mainEntityOfPage\":{\"@id\":\"https:\\\/\\\/www.laguiadepamplona.com\\\/actualidad\\\/el-ayuntamiento-instalara-sensores-de-presencia-en-150-plazas-de-aparcamiento-para-personas-con-discapacidad-para-conocer-la-demanda-real-e-impedir-su-uso-fraudulento\\\/\"},\"wordCount\":356,\"commentCount\":0,\"publisher\":{\"@id\":\"https:\\\/\\\/www.laguiadepamplona.com\\\/actualidad\\\/#organization\"},\"image\":{\"@id\":\"https:\\\/\\\/www.laguiadepamplona.com\\\/actualidad\\\/el-ayuntamiento-instalara-sensores-de-presencia-en-150-plazas-de-aparcamiento-para-personas-con-discapacidad-para-conocer-la-demanda-real-e-impedir-su-uso-fraudulento\\\/#primaryimage\"},\"thumbnailUrl\":\"https:\\\/\\\/www.laguiadepamplona.com\\\/actualidad\\\/wp-content\\\/uploads\\\/2022\\\/11\\\/sensor-aparcamiento-discapacitados.jpg\",\"articleSection\":[\"Ayto Pamplona\"],\"inLanguage\":\"es\",\"potentialAction\":[{\"@type\":\"CommentAction\",\"name\":\"Comment\",\"target\":[\"https:\\\/\\\/www.laguiadepamplona.com\\\/actualidad\\\/el-ayuntamiento-instalara-sensores-de-presencia-en-150-plazas-de-aparcamiento-para-personas-con-discapacidad-para-conocer-la-demanda-real-e-impedir-su-uso-fraudulento\\\/#respond\"]}]},{\"@type\":\"WebPage\",\"@id\":\"https:\\\/\\\/www.laguiadepamplona.com\\\/actualidad\\\/el-ayuntamiento-instalara-sensores-de-presencia-en-150-plazas-de-aparcamiento-para-personas-con-discapacidad-para-conocer-la-demanda-real-e-impedir-su-uso-fraudulento\\\/\",\"url\":\"https:\\\/\\\/www.laguiadepamplona.com\\\/actualidad\\\/el-ayuntamiento-instalara-sensores-de-presencia-en-150-plazas-de-aparcamiento-para-personas-con-discapacidad-para-conocer-la-demanda-real-e-impedir-su-uso-fraudulento\\\/\",\"name\":\"El Ayuntamiento instalar\u00e1 sensores de presencia en 150 plazas de aparcamiento para personas con discapacidad para conocer la demanda real e impedir su uso fraudulento\",\"isPartOf\":{\"@id\":\"https:\\\/\\\/www.laguiadepamplona.com\\\/actualidad\\\/#website\"},\"primaryImageOfPage\":{\"@id\":\"https:\\\/\\\/www.laguiadepamplona.com\\\/actualidad\\\/el-ayuntamiento-instalara-sensores-de-presencia-en-150-plazas-de-aparcamiento-para-personas-con-discapacidad-para-conocer-la-demanda-real-e-impedir-su-uso-fraudulento\\\/#primaryimage\"},\"image\":{\"@id\":\"https:\\\/\\\/www.laguiadepamplona.com\\\/actualidad\\\/el-ayuntamiento-instalara-sensores-de-presencia-en-150-plazas-de-aparcamiento-para-personas-con-discapacidad-para-conocer-la-demanda-real-e-impedir-su-uso-fraudulento\\\/#primaryimage\"},\"thumbnailUrl\":\"https:\\\/\\\/www.laguiadepamplona.com\\\/actualidad\\\/wp-content\\\/uploads\\\/2022\\\/11\\\/sensor-aparcamiento-discapacitados.jpg\",\"datePublished\":\"2022-11-18T16:46:14+00:00\",\"dateModified\":\"2023-04-11T09:47:33+00:00\",\"description\":\"Est\u00e1n en Casco Antiguo y Ensanches y la iniciativa ser\u00e1 financiada con fondos Next Generation EU\",\"breadcrumb\":{\"@id\":\"https:\\\/\\\/www.laguiadepamplona.com\\\/actualidad\\\/el-ayuntamiento-instalara-sensores-de-presencia-en-150-plazas-de-aparcamiento-para-personas-con-discapacidad-para-conocer-la-demanda-real-e-impedir-su-uso-fraudulento\\\/#breadcrumb\"},\"inLanguage\":\"es\",\"potentialAction\":[{\"@type\":\"ReadAction\",\"target\":[\"https:\\\/\\\/www.laguiadepamplona.com\\\/actualidad\\\/el-ayuntamiento-instalara-sensores-de-presencia-en-150-plazas-de-aparcamiento-para-personas-con-discapacidad-para-conocer-la-demanda-real-e-impedir-su-uso-fraudulento\\\/\"]}]},{\"@type\":\"ImageObject\",\"inLanguage\":\"es\",\"@id\":\"https:\\\/\\\/www.laguiadepamplona.com\\\/actualidad\\\/el-ayuntamiento-instalara-sensores-de-presencia-en-150-plazas-de-aparcamiento-para-personas-con-discapacidad-para-conocer-la-demanda-real-e-impedir-su-uso-fraudulento\\\/#primaryimage\",\"url\":\"https:\\\/\\\/www.laguiadepamplona.com\\\/actualidad\\\/wp-content\\\/uploads\\\/2022\\\/11\\\/sensor-aparcamiento-discapacitados.jpg\",\"contentUrl\":\"https:\\\/\\\/www.laguiadepamplona.com\\\/actualidad\\\/wp-content\\\/uploads\\\/2022\\\/11\\\/sensor-aparcamiento-discapacitados.jpg\",\"width\":551,\"height\":351},{\"@type\":\"BreadcrumbList\",\"@id\":\"https:\\\/\\\/www.laguiadepamplona.com\\\/actualidad\\\/el-ayuntamiento-instalara-sensores-de-presencia-en-150-plazas-de-aparcamiento-para-personas-con-discapacidad-para-conocer-la-demanda-real-e-impedir-su-uso-fraudulento\\\/#breadcrumb\",\"itemListElement\":[{\"@type\":\"ListItem\",\"position\":1,\"name\":\"Portada\",\"item\":\"https:\\\/\\\/www.laguiadepamplona.com\\\/actualidad\\\/\"},{\"@type\":\"ListItem\",\"position\":2,\"name\":\"El Ayuntamiento instalar\u00e1 sensores de presencia en 150 plazas de aparcamiento para personas con discapacidad para conocer la demanda real e impedir su uso fraudulento\"}]},{\"@type\":\"WebSite\",\"@id\":\"https:\\\/\\\/www.laguiadepamplona.com\\\/actualidad\\\/#website\",\"url\":\"https:\\\/\\\/www.laguiadepamplona.com\\\/actualidad\\\/\",\"name\":\"La gu\u00eda de Pamplona\",\"description\":\"Noticias de Pamplona\",\"publisher\":{\"@id\":\"https:\\\/\\\/www.laguiadepamplona.com\\\/actualidad\\\/#organization\"},\"potentialAction\":[{\"@type\":\"SearchAction\",\"target\":{\"@type\":\"EntryPoint\",\"urlTemplate\":\"https:\\\/\\\/www.laguiadepamplona.com\\\/actualidad\\\/?s={search_term_string}\"},\"query-input\":{\"@type\":\"PropertyValueSpecification\",\"valueRequired\":true,\"valueName\":\"search_term_string\"}}],\"inLanguage\":\"es\"},{\"@type\":\"Organization\",\"@id\":\"https:\\\/\\\/www.laguiadepamplona.com\\\/actualidad\\\/#organization\",\"name\":\"La Gu\u00eda de Pamplona \\\/ Noticias\",\"url\":\"https:\\\/\\\/www.laguiadepamplona.com\\\/actualidad\\\/\",\"logo\":{\"@type\":\"ImageObject\",\"inLanguage\":\"es\",\"@id\":\"https:\\\/\\\/www.laguiadepamplona.com\\\/actualidad\\\/#\\\/schema\\\/logo\\\/image\\\/\",\"url\":\"https:\\\/\\\/www.laguiadepamplona.com\\\/actualidad\\\/wp-content\\\/uploads\\\/2018\\\/11\\\/logo-laguiadepamplona18-web1.png\",\"contentUrl\":\"https:\\\/\\\/www.laguiadepamplona.com\\\/actualidad\\\/wp-content\\\/uploads\\\/2018\\\/11\\\/logo-laguiadepamplona18-web1.png\",\"width\":600,\"height\":196,\"caption\":\"La Gu\u00eda de Pamplona \\\/ Noticias\"},\"image\":{\"@id\":\"https:\\\/\\\/www.laguiadepamplona.com\\\/actualidad\\\/#\\\/schema\\\/logo\\\/image\\\/\"},\"sameAs\":[\"https:\\\/\\\/www.facebook.com\\\/laguiadepamplonacom-133175176762273\\\/?ref=hl\",\"https:\\\/\\\/x.com\\\/LaGuiadPamplona\",\"https:\\\/\\\/www.instagram.com\\\/la_guia_de_pamplona\\\/\",\"https:\\\/\\\/www.youtube.com\\\/user\\\/laguiadepamplona\"]},{\"@type\":\"Person\",\"@id\":\"https:\\\/\\\/www.laguiadepamplona.com\\\/actualidad\\\/#\\\/schema\\\/person\\\/efe887376f0213d4657c93adc50b1fdb\",\"name\":\"La Gu\u00eda de Pamplona\",\"image\":{\"@type\":\"ImageObject\",\"inLanguage\":\"es\",\"@id\":\"https:\\\/\\\/secure.gravatar.com\\\/avatar\\\/b6992f131dc8d30ab0dff15446e9d346d9dbd95992de0fef795073f5ea83a81c?s=96&d=mm&r=g\",\"url\":\"https:\\\/\\\/secure.gravatar.com\\\/avatar\\\/b6992f131dc8d30ab0dff15446e9d346d9dbd95992de0fef795073f5ea83a81c?s=96&d=mm&r=g\",\"contentUrl\":\"https:\\\/\\\/secure.gravatar.com\\\/avatar\\\/b6992f131dc8d30ab0dff15446e9d346d9dbd95992de0fef795073f5ea83a81c?s=96&d=mm&r=g\",\"caption\":\"La Gu\u00eda de Pamplona\"}}]}<\/script>\n<!-- \/ Yoast SEO plugin. -->","yoast_head_json":{"title":"El Ayuntamiento instalar\u00e1 sensores de presencia en 150 plazas de aparcamiento para personas con discapacidad para conocer la demanda real e impedir su uso fraudulento","description":"Est\u00e1n en Casco Antiguo y Ensanches y la iniciativa ser\u00e1 financiada con fondos Next Generation EU","robots":{"index":"index","follow":"follow","max-snippet":"max-snippet:-1","max-image-preview":"max-image-preview:large","max-video-preview":"max-video-preview:-1"},"canonical":"https:\/\/www.laguiadepamplona.com\/actualidad\/el-ayuntamiento-instalara-sensores-de-presencia-en-150-plazas-de-aparcamiento-para-personas-con-discapacidad-para-conocer-la-demanda-real-e-impedir-su-uso-fraudulento\/","og_locale":"es_ES","og_type":"article","og_title":"El Ayuntamiento instalar\u00e1 sensores de presencia en 150 plazas de aparcamiento para personas con discapacidad para conocer la demanda real e impedir su uso fraudulento","og_description":"Est\u00e1n en Casco Antiguo y Ensanches y la iniciativa ser\u00e1 financiada con fondos Next Generation EU","og_url":"https:\/\/www.laguiadepamplona.com\/actualidad\/el-ayuntamiento-instalara-sensores-de-presencia-en-150-plazas-de-aparcamiento-para-personas-con-discapacidad-para-conocer-la-demanda-real-e-impedir-su-uso-fraudulento\/","og_site_name":"La Gu\u00eda de Pamplona","article_publisher":"https:\/\/www.facebook.com\/laguiadepamplonacom-133175176762273\/?ref=hl","article_published_time":"2022-11-18T16:46:14+00:00","article_modified_time":"2023-04-11T09:47:33+00:00","og_image":[{"width":551,"height":351,"url":"https:\/\/www.laguiadepamplona.com\/actualidad\/wp-content\/uploads\/2022\/11\/sensor-aparcamiento-discapacitados.jpg","type":"image\/jpeg"}],"author":"La Gu\u00eda de Pamplona","twitter_card":"summary_large_image","twitter_creator":"@LaGuiadPamplona","twitter_site":"@LaGuiadPamplona","twitter_misc":{"Escrito por":"La Gu\u00eda de Pamplona","Tiempo de lectura":"2 minutos"},"schema":{"@context":"https:\/\/schema.org","@graph":[{"@type":"Article","@id":"https:\/\/www.laguiadepamplona.com\/actualidad\/el-ayuntamiento-instalara-sensores-de-presencia-en-150-plazas-de-aparcamiento-para-personas-con-discapacidad-para-conocer-la-demanda-real-e-impedir-su-uso-fraudulento\/#article","isPartOf":{"@id":"https:\/\/www.laguiadepamplona.com\/actualidad\/el-ayuntamiento-instalara-sensores-de-presencia-en-150-plazas-de-aparcamiento-para-personas-con-discapacidad-para-conocer-la-demanda-real-e-impedir-su-uso-fraudulento\/"},"author":{"name":"La Gu\u00eda de Pamplona","@id":"https:\/\/www.laguiadepamplona.com\/actualidad\/#\/schema\/person\/efe887376f0213d4657c93adc50b1fdb"},"headline":"El Ayuntamiento instalar\u00e1 sensores de presencia en 150 plazas de aparcamiento para personas con discapacidad para conocer la demanda real e impedir su uso fraudulento","datePublished":"2022-11-18T16:46:14+00:00","dateModified":"2023-04-11T09:47:33+00:00","mainEntityOfPage":{"@id":"https:\/\/www.laguiadepamplona.com\/actualidad\/el-ayuntamiento-instalara-sensores-de-presencia-en-150-plazas-de-aparcamiento-para-personas-con-discapacidad-para-conocer-la-demanda-real-e-impedir-su-uso-fraudulento\/"},"wordCount":356,"commentCount":0,"publisher":{"@id":"https:\/\/www.laguiadepamplona.com\/actualidad\/#organization"},"image":{"@id":"https:\/\/www.laguiadepamplona.com\/actualidad\/el-ayuntamiento-instalara-sensores-de-presencia-en-150-plazas-de-aparcamiento-para-personas-con-discapacidad-para-conocer-la-demanda-real-e-impedir-su-uso-fraudulento\/#primaryimage"},"thumbnailUrl":"https:\/\/www.laguiadepamplona.com\/actualidad\/wp-content\/uploads\/2022\/11\/sensor-aparcamiento-discapacitados.jpg","articleSection":["Ayto Pamplona"],"inLanguage":"es","potentialAction":[{"@type":"CommentAction","name":"Comment","target":["https:\/\/www.laguiadepamplona.com\/actualidad\/el-ayuntamiento-instalara-sensores-de-presencia-en-150-plazas-de-aparcamiento-para-personas-con-discapacidad-para-conocer-la-demanda-real-e-impedir-su-uso-fraudulento\/#respond"]}]},{"@type":"WebPage","@id":"https:\/\/www.laguiadepamplona.com\/actualidad\/el-ayuntamiento-instalara-sensores-de-presencia-en-150-plazas-de-aparcamiento-para-personas-con-discapacidad-para-conocer-la-demanda-real-e-impedir-su-uso-fraudulento\/","url":"https:\/\/www.laguiadepamplona.com\/actualidad\/el-ayuntamiento-instalara-sensores-de-presencia-en-150-plazas-de-aparcamiento-para-personas-con-discapacidad-para-conocer-la-demanda-real-e-impedir-su-uso-fraudulento\/","name":"El Ayuntamiento instalar\u00e1 sensores de presencia en 150 plazas de aparcamiento para personas con discapacidad para conocer la demanda real e impedir su uso fraudulento","isPartOf":{"@id":"https:\/\/www.laguiadepamplona.com\/actualidad\/#website"},"primaryImageOfPage":{"@id":"https:\/\/www.laguiadepamplona.com\/actualidad\/el-ayuntamiento-instalara-sensores-de-presencia-en-150-plazas-de-aparcamiento-para-personas-con-discapacidad-para-conocer-la-demanda-real-e-impedir-su-uso-fraudulento\/#primaryimage"},"image":{"@id":"https:\/\/www.laguiadepamplona.com\/actualidad\/el-ayuntamiento-instalara-sensores-de-presencia-en-150-plazas-de-aparcamiento-para-personas-con-discapacidad-para-conocer-la-demanda-real-e-impedir-su-uso-fraudulento\/#primaryimage"},"thumbnailUrl":"https:\/\/www.laguiadepamplona.com\/actualidad\/wp-content\/uploads\/2022\/11\/sensor-aparcamiento-discapacitados.jpg","datePublished":"2022-11-18T16:46:14+00:00","dateModified":"2023-04-11T09:47:33+00:00","description":"Est\u00e1n en Casco Antiguo y Ensanches y la iniciativa ser\u00e1 financiada con fondos Next Generation EU","breadcrumb":{"@id":"https:\/\/www.laguiadepamplona.com\/actualidad\/el-ayuntamiento-instalara-sensores-de-presencia-en-150-plazas-de-aparcamiento-para-personas-con-discapacidad-para-conocer-la-demanda-real-e-impedir-su-uso-fraudulento\/#breadcrumb"},"inLanguage":"es","potentialAction":[{"@type":"ReadAction","target":["https:\/\/www.laguiadepamplona.com\/actualidad\/el-ayuntamiento-instalara-sensores-de-presencia-en-150-plazas-de-aparcamiento-para-personas-con-discapacidad-para-conocer-la-demanda-real-e-impedir-su-uso-fraudulento\/"]}]},{"@type":"ImageObject","inLanguage":"es","@id":"https:\/\/www.laguiadepamplona.com\/actualidad\/el-ayuntamiento-instalara-sensores-de-presencia-en-150-plazas-de-aparcamiento-para-personas-con-discapacidad-para-conocer-la-demanda-real-e-impedir-su-uso-fraudulento\/#primaryimage","url":"https:\/\/www.laguiadepamplona.com\/actualidad\/wp-content\/uploads\/2022\/11\/sensor-aparcamiento-discapacitados.jpg","contentUrl":"https:\/\/www.laguiadepamplona.com\/actualidad\/wp-content\/uploads\/2022\/11\/sensor-aparcamiento-discapacitados.jpg","width":551,"height":351},{"@type":"BreadcrumbList","@id":"https:\/\/www.laguiadepamplona.com\/actualidad\/el-ayuntamiento-instalara-sensores-de-presencia-en-150-plazas-de-aparcamiento-para-personas-con-discapacidad-para-conocer-la-demanda-real-e-impedir-su-uso-fraudulento\/#breadcrumb","itemListElement":[{"@type":"ListItem","position":1,"name":"Portada","item":"https:\/\/www.laguiadepamplona.com\/actualidad\/"},{"@type":"ListItem","position":2,"name":"El Ayuntamiento instalar\u00e1 sensores de presencia en 150 plazas de aparcamiento para personas con discapacidad para conocer la demanda real e impedir su uso fraudulento"}]},{"@type":"WebSite","@id":"https:\/\/www.laguiadepamplona.com\/actualidad\/#website","url":"https:\/\/www.laguiadepamplona.com\/actualidad\/","name":"La gu\u00eda de Pamplona","description":"Noticias de Pamplona","publisher":{"@id":"https:\/\/www.laguiadepamplona.com\/actualidad\/#organization"},"potentialAction":[{"@type":"SearchAction","target":{"@type":"EntryPoint","urlTemplate":"https:\/\/www.laguiadepamplona.com\/actualidad\/?s={search_term_string}"},"query-input":{"@type":"PropertyValueSpecification","valueRequired":true,"valueName":"search_term_string"}}],"inLanguage":"es"},{"@type":"Organization","@id":"https:\/\/www.laguiadepamplona.com\/actualidad\/#organization","name":"La Gu\u00eda de Pamplona \/ Noticias","url":"https:\/\/www.laguiadepamplona.com\/actualidad\/","logo":{"@type":"ImageObject","inLanguage":"es","@id":"https:\/\/www.laguiadepamplona.com\/actualidad\/#\/schema\/logo\/image\/","url":"https:\/\/www.laguiadepamplona.com\/actualidad\/wp-content\/uploads\/2018\/11\/logo-laguiadepamplona18-web1.png","contentUrl":"https:\/\/www.laguiadepamplona.com\/actualidad\/wp-content\/uploads\/2018\/11\/logo-laguiadepamplona18-web1.png","width":600,"height":196,"caption":"La Gu\u00eda de Pamplona \/ Noticias"},"image":{"@id":"https:\/\/www.laguiadepamplona.com\/actualidad\/#\/schema\/logo\/image\/"},"sameAs":["https:\/\/www.facebook.com\/laguiadepamplonacom-133175176762273\/?ref=hl","https:\/\/x.com\/LaGuiadPamplona","https:\/\/www.instagram.com\/la_guia_de_pamplona\/","https:\/\/www.youtube.com\/user\/laguiadepamplona"]},{"@type":"Person","@id":"https:\/\/www.laguiadepamplona.com\/actualidad\/#\/schema\/person\/efe887376f0213d4657c93adc50b1fdb","name":"La Gu\u00eda de Pamplona","image":{"@type":"ImageObject","inLanguage":"es","@id":"https:\/\/secure.gravatar.com\/avatar\/b6992f131dc8d30ab0dff15446e9d346d9dbd95992de0fef795073f5ea83a81c?s=96&d=mm&r=g","url":"https:\/\/secure.gravatar.com\/avatar\/b6992f131dc8d30ab0dff15446e9d346d9dbd95992de0fef795073f5ea83a81c?s=96&d=mm&r=g","contentUrl":"https:\/\/secure.gravatar.com\/avatar\/b6992f131dc8d30ab0dff15446e9d346d9dbd95992de0fef795073f5ea83a81c?s=96&d=mm&r=g","caption":"La Gu\u00eda de Pamplona"}}]}},"post_mailing_queue_ids":[],"_links":{"self":[{"href":"https:\/\/www.laguiadepamplona.com\/actualidad\/wp-json\/wp\/v2\/posts\/42256","targetHints":{"allow":["GET"]}}],"collection":[{"href":"https:\/\/www.laguiadepamplona.com\/actualidad\/wp-json\/wp\/v2\/posts"}],"about":[{"href":"https:\/\/www.laguiadepamplona.com\/actualidad\/wp-json\/wp\/v2\/types\/post"}],"author":[{"embeddable":true,"href":"https:\/\/www.laguiadepamplona.com\/actualidad\/wp-json\/wp\/v2\/users\/1"}],"replies":[{"embeddable":true,"href":"https:\/\/www.laguiadepamplona.com\/actualidad\/wp-json\/wp\/v2\/comments?post=42256"}],"version-history":[{"count":0,"href":"https:\/\/www.laguiadepamplona.com\/actualidad\/wp-json\/wp\/v2\/posts\/42256\/revisions"}],"wp:featuredmedia":[{"embeddable":true,"href":"https:\/\/www.laguiadepamplona.com\/actualidad\/wp-json\/wp\/v2\/media\/42257"}],"wp:attachment":[{"href":"https:\/\/www.laguiadepamplona.com\/actualidad\/wp-json\/wp\/v2\/media?parent=42256"}],"wp:term":[{"taxonomy":"category","embeddable":true,"href":"https:\/\/www.laguiadepamplona.com\/actualidad\/wp-json\/wp\/v2\/categories?post=42256"},{"taxonomy":"post_tag","embeddable":true,"href":"https:\/\/www.laguiadepamplona.com\/actualidad\/wp-json\/wp\/v2\/tags?post=42256"}],"curies":[{"name":"wp","href":"https:\/\/api.w.org\/{rel}","templated":true}]}}