{"id":42254,"date":"2022-11-18T18:44:56","date_gmt":"2022-11-18T16:44:56","guid":{"rendered":"https:\/\/www.laguiadepamplona.com\/actualidad\/?p=42254"},"modified":"2023-04-11T11:47:33","modified_gmt":"2023-04-11T09:47:33","slug":"la-mesa-general-de-los-sanfermines-se-reune-este-lunes-para-hacer-balance-de-las-ultimas-fiestas-y-empezar-a-trabajar-en-las-de-2023","status":"publish","type":"post","link":"https:\/\/www.laguiadepamplona.com\/actualidad\/la-mesa-general-de-los-sanfermines-se-reune-este-lunes-para-hacer-balance-de-las-ultimas-fiestas-y-empezar-a-trabajar-en-las-de-2023\/","title":{"rendered":"La Mesa General de los Sanfermines se re\u00fane este lunes para hacer balance de las \u00faltimas fiestas y empezar a trabajar en las de 2023"},"content":{"rendered":"<h5>El encuentro contar\u00e1 con la presencia del alcalde y miembros de la corporaci\u00f3n municipal, as\u00ed como representantes de asociaciones<\/h5>\n<p><!--more--><\/p>\n<p>La Mesa General de los Sanfermines se reunir\u00e1 <strong><u>este lunes<\/u><\/strong> por primera vez tras las fiestas, para valorar el desarrollo de los nueve d\u00edas festivos y empezar a trabajar de cara a 2023. El alcalde de Pamplona, Enrique Maya, presidir\u00e1 la reuni\u00f3n, que tendr\u00e1 <strong><u>lugar a las 19.00 horas en la Sala de Armas de la Ciudadela<\/u><\/strong>. <strong><u>Los medios gr\u00e1ficos podr\u00e1n acudir al comienzo de la reuni\u00f3n para tomar im\u00e1genes del encuentro<\/u><\/strong>, en el que participan los concejales delegados y especiales de las \u00e1reas relacionadas directa o indirectamente con las fiestas, un miembro de cada grupo pol\u00edtico municipal y m\u00e1s de un medio centenar de asociaciones, colectivos o entidades.<br \/>\n<script async src=\"\/\/pagead2.googlesyndication.com\/pagead\/js\/adsbygoogle.js\"><\/script><br \/>\n<!-- Noticias La Guia de Pamplona --><br \/>\n<ins class=\"adsbygoogle\"\nstyle=\"display:block\"\ndata-ad-client=\"ca-pub-6943679897239327\"\ndata-ad-slot=\"7048180777\"\ndata-ad-format=\"auto\"><\/ins><br \/>\n<script>\n(adsbygoogle = window.adsbygoogle || []).push({});\n<\/script><\/p>\n<p>La reuni\u00f3n servir\u00e1 para hacer balance del proceso de participaci\u00f3n abierto en 2021 con el objetivo de enriquecer la programaci\u00f3n de los Sanfermines de 2022, tras dos a\u00f1os de cancelaci\u00f3n de las fiestas de la ciudad debido a la pandemia del COVID-19. Asimismo, se analizar\u00e1 el desarrollo de las fiestas, tanto en lo que se refiere a programaci\u00f3n cultural, participaci\u00f3n ciudadana y seguridad. En encuentro servir\u00e1 tambi\u00e9n para avanzar en la organizaci\u00f3n de los pr\u00f3ximos Sanfermines.<\/p>\n","protected":false},"excerpt":{"rendered":"<p>El encuentro contar\u00e1 con la presencia del alcalde y miembros de la corporaci\u00f3n municipal, as\u00ed como representantes de asociaciones<\/p>\n","protected":false},"author":1,"featured_media":11556,"comment_status":"open","ping_status":"closed","sticky":false,"template":"","format":"standard","meta":{"footnotes":""},"categories":[2],"tags":[],"class_list":["post-42254","post","type-post","status-publish","format-standard","has-post-thumbnail","hentry","category-ayuntamiento-pamplona"],"yoast_head":"<!-- This site is optimized with the Yoast SEO plugin v27.3 - https:\/\/yoast.com\/product\/yoast-seo-wordpress\/ -->\n<title>La Mesa General de los Sanfermines se re\u00fane este lunes para hacer balance de las \u00faltimas fiestas y empezar a trabajar en las de 2023<\/title>\n<meta name=\"description\" content=\"El encuentro contar\u00e1 con la presencia del alcalde y miembros de la corporaci\u00f3n municipal, as\u00ed como representantes de asociaciones\" \/>\n<meta name=\"robots\" content=\"index, follow, max-snippet:-1, max-image-preview:large, max-video-preview:-1\" \/>\n<link rel=\"canonical\" href=\"https:\/\/www.laguiadepamplona.com\/actualidad\/la-mesa-general-de-los-sanfermines-se-reune-este-lunes-para-hacer-balance-de-las-ultimas-fiestas-y-empezar-a-trabajar-en-las-de-2023\/\" \/>\n<meta property=\"og:locale\" content=\"es_ES\" \/>\n<meta property=\"og:type\" content=\"article\" \/>\n<meta property=\"og:title\" content=\"La Mesa General de los Sanfermines se re\u00fane este lunes para hacer balance de las \u00faltimas fiestas y empezar a trabajar en las de 2023\" \/>\n<meta property=\"og:description\" content=\"El encuentro contar\u00e1 con la presencia del alcalde y miembros de la corporaci\u00f3n municipal, as\u00ed como representantes de asociaciones\" \/>\n<meta property=\"og:url\" content=\"https:\/\/www.laguiadepamplona.com\/actualidad\/la-mesa-general-de-los-sanfermines-se-reune-este-lunes-para-hacer-balance-de-las-ultimas-fiestas-y-empezar-a-trabajar-en-las-de-2023\/\" \/>\n<meta property=\"og:site_name\" content=\"La Gu\u00eda de Pamplona\" \/>\n<meta property=\"article:publisher\" content=\"https:\/\/www.facebook.com\/laguiadepamplonacom-133175176762273\/?ref=hl\" \/>\n<meta property=\"article:published_time\" content=\"2022-11-18T16:44:56+00:00\" \/>\n<meta property=\"article:modified_time\" content=\"2023-04-11T09:47:33+00:00\" \/>\n<meta property=\"og:image\" content=\"https:\/\/www.laguiadepamplona.com\/actualidad\/wp-content\/uploads\/2017\/01\/mesa-san-fermin.jpg\" \/>\n\t<meta property=\"og:image:width\" content=\"1000\" \/>\n\t<meta property=\"og:image:height\" content=\"742\" \/>\n\t<meta property=\"og:image:type\" content=\"image\/jpeg\" \/>\n<meta name=\"author\" content=\"La Gu\u00eda de Pamplona\" \/>\n<meta name=\"twitter:card\" content=\"summary_large_image\" \/>\n<meta name=\"twitter:creator\" content=\"@LaGuiadPamplona\" \/>\n<meta name=\"twitter:site\" content=\"@LaGuiadPamplona\" \/>\n<meta name=\"twitter:label1\" content=\"Escrito por\" \/>\n\t<meta name=\"twitter:data1\" content=\"La Gu\u00eda de Pamplona\" \/>\n\t<meta name=\"twitter:label2\" content=\"Tiempo de lectura\" \/>\n\t<meta name=\"twitter:data2\" content=\"1 minuto\" \/>\n<script type=\"application\/ld+json\" class=\"yoast-schema-graph\">{\"@context\":\"https:\\\/\\\/schema.org\",\"@graph\":[{\"@type\":\"Article\",\"@id\":\"https:\\\/\\\/www.laguiadepamplona.com\\\/actualidad\\\/la-mesa-general-de-los-sanfermines-se-reune-este-lunes-para-hacer-balance-de-las-ultimas-fiestas-y-empezar-a-trabajar-en-las-de-2023\\\/#article\",\"isPartOf\":{\"@id\":\"https:\\\/\\\/www.laguiadepamplona.com\\\/actualidad\\\/la-mesa-general-de-los-sanfermines-se-reune-este-lunes-para-hacer-balance-de-las-ultimas-fiestas-y-empezar-a-trabajar-en-las-de-2023\\\/\"},\"author\":{\"name\":\"La Gu\u00eda de Pamplona\",\"@id\":\"https:\\\/\\\/www.laguiadepamplona.com\\\/actualidad\\\/#\\\/schema\\\/person\\\/efe887376f0213d4657c93adc50b1fdb\"},\"headline\":\"La Mesa General de los Sanfermines se re\u00fane este lunes para hacer balance de las \u00faltimas fiestas y empezar a trabajar en las de 2023\",\"datePublished\":\"2022-11-18T16:44:56+00:00\",\"dateModified\":\"2023-04-11T09:47:33+00:00\",\"mainEntityOfPage\":{\"@id\":\"https:\\\/\\\/www.laguiadepamplona.com\\\/actualidad\\\/la-mesa-general-de-los-sanfermines-se-reune-este-lunes-para-hacer-balance-de-las-ultimas-fiestas-y-empezar-a-trabajar-en-las-de-2023\\\/\"},\"wordCount\":244,\"commentCount\":0,\"publisher\":{\"@id\":\"https:\\\/\\\/www.laguiadepamplona.com\\\/actualidad\\\/#organization\"},\"image\":{\"@id\":\"https:\\\/\\\/www.laguiadepamplona.com\\\/actualidad\\\/la-mesa-general-de-los-sanfermines-se-reune-este-lunes-para-hacer-balance-de-las-ultimas-fiestas-y-empezar-a-trabajar-en-las-de-2023\\\/#primaryimage\"},\"thumbnailUrl\":\"https:\\\/\\\/www.laguiadepamplona.com\\\/actualidad\\\/wp-content\\\/uploads\\\/2017\\\/01\\\/mesa-san-fermin.jpg\",\"articleSection\":[\"Ayto Pamplona\"],\"inLanguage\":\"es\",\"potentialAction\":[{\"@type\":\"CommentAction\",\"name\":\"Comment\",\"target\":[\"https:\\\/\\\/www.laguiadepamplona.com\\\/actualidad\\\/la-mesa-general-de-los-sanfermines-se-reune-este-lunes-para-hacer-balance-de-las-ultimas-fiestas-y-empezar-a-trabajar-en-las-de-2023\\\/#respond\"]}]},{\"@type\":\"WebPage\",\"@id\":\"https:\\\/\\\/www.laguiadepamplona.com\\\/actualidad\\\/la-mesa-general-de-los-sanfermines-se-reune-este-lunes-para-hacer-balance-de-las-ultimas-fiestas-y-empezar-a-trabajar-en-las-de-2023\\\/\",\"url\":\"https:\\\/\\\/www.laguiadepamplona.com\\\/actualidad\\\/la-mesa-general-de-los-sanfermines-se-reune-este-lunes-para-hacer-balance-de-las-ultimas-fiestas-y-empezar-a-trabajar-en-las-de-2023\\\/\",\"name\":\"La Mesa General de los Sanfermines se re\u00fane este lunes para hacer balance de las \u00faltimas fiestas y empezar a trabajar en las de 2023\",\"isPartOf\":{\"@id\":\"https:\\\/\\\/www.laguiadepamplona.com\\\/actualidad\\\/#website\"},\"primaryImageOfPage\":{\"@id\":\"https:\\\/\\\/www.laguiadepamplona.com\\\/actualidad\\\/la-mesa-general-de-los-sanfermines-se-reune-este-lunes-para-hacer-balance-de-las-ultimas-fiestas-y-empezar-a-trabajar-en-las-de-2023\\\/#primaryimage\"},\"image\":{\"@id\":\"https:\\\/\\\/www.laguiadepamplona.com\\\/actualidad\\\/la-mesa-general-de-los-sanfermines-se-reune-este-lunes-para-hacer-balance-de-las-ultimas-fiestas-y-empezar-a-trabajar-en-las-de-2023\\\/#primaryimage\"},\"thumbnailUrl\":\"https:\\\/\\\/www.laguiadepamplona.com\\\/actualidad\\\/wp-content\\\/uploads\\\/2017\\\/01\\\/mesa-san-fermin.jpg\",\"datePublished\":\"2022-11-18T16:44:56+00:00\",\"dateModified\":\"2023-04-11T09:47:33+00:00\",\"description\":\"El encuentro contar\u00e1 con la presencia del alcalde y miembros de la corporaci\u00f3n municipal, as\u00ed como representantes de asociaciones\",\"breadcrumb\":{\"@id\":\"https:\\\/\\\/www.laguiadepamplona.com\\\/actualidad\\\/la-mesa-general-de-los-sanfermines-se-reune-este-lunes-para-hacer-balance-de-las-ultimas-fiestas-y-empezar-a-trabajar-en-las-de-2023\\\/#breadcrumb\"},\"inLanguage\":\"es\",\"potentialAction\":[{\"@type\":\"ReadAction\",\"target\":[\"https:\\\/\\\/www.laguiadepamplona.com\\\/actualidad\\\/la-mesa-general-de-los-sanfermines-se-reune-este-lunes-para-hacer-balance-de-las-ultimas-fiestas-y-empezar-a-trabajar-en-las-de-2023\\\/\"]}]},{\"@type\":\"ImageObject\",\"inLanguage\":\"es\",\"@id\":\"https:\\\/\\\/www.laguiadepamplona.com\\\/actualidad\\\/la-mesa-general-de-los-sanfermines-se-reune-este-lunes-para-hacer-balance-de-las-ultimas-fiestas-y-empezar-a-trabajar-en-las-de-2023\\\/#primaryimage\",\"url\":\"https:\\\/\\\/www.laguiadepamplona.com\\\/actualidad\\\/wp-content\\\/uploads\\\/2017\\\/01\\\/mesa-san-fermin.jpg\",\"contentUrl\":\"https:\\\/\\\/www.laguiadepamplona.com\\\/actualidad\\\/wp-content\\\/uploads\\\/2017\\\/01\\\/mesa-san-fermin.jpg\",\"width\":1000,\"height\":742,\"caption\":\"mesa san ferm\u00edn\"},{\"@type\":\"BreadcrumbList\",\"@id\":\"https:\\\/\\\/www.laguiadepamplona.com\\\/actualidad\\\/la-mesa-general-de-los-sanfermines-se-reune-este-lunes-para-hacer-balance-de-las-ultimas-fiestas-y-empezar-a-trabajar-en-las-de-2023\\\/#breadcrumb\",\"itemListElement\":[{\"@type\":\"ListItem\",\"position\":1,\"name\":\"Portada\",\"item\":\"https:\\\/\\\/www.laguiadepamplona.com\\\/actualidad\\\/\"},{\"@type\":\"ListItem\",\"position\":2,\"name\":\"La Mesa General de los Sanfermines se re\u00fane este lunes para hacer balance de las \u00faltimas fiestas y empezar a trabajar en las de 2023\"}]},{\"@type\":\"WebSite\",\"@id\":\"https:\\\/\\\/www.laguiadepamplona.com\\\/actualidad\\\/#website\",\"url\":\"https:\\\/\\\/www.laguiadepamplona.com\\\/actualidad\\\/\",\"name\":\"La gu\u00eda de Pamplona\",\"description\":\"Noticias de Pamplona\",\"publisher\":{\"@id\":\"https:\\\/\\\/www.laguiadepamplona.com\\\/actualidad\\\/#organization\"},\"potentialAction\":[{\"@type\":\"SearchAction\",\"target\":{\"@type\":\"EntryPoint\",\"urlTemplate\":\"https:\\\/\\\/www.laguiadepamplona.com\\\/actualidad\\\/?s={search_term_string}\"},\"query-input\":{\"@type\":\"PropertyValueSpecification\",\"valueRequired\":true,\"valueName\":\"search_term_string\"}}],\"inLanguage\":\"es\"},{\"@type\":\"Organization\",\"@id\":\"https:\\\/\\\/www.laguiadepamplona.com\\\/actualidad\\\/#organization\",\"name\":\"La Gu\u00eda de Pamplona \\\/ Noticias\",\"url\":\"https:\\\/\\\/www.laguiadepamplona.com\\\/actualidad\\\/\",\"logo\":{\"@type\":\"ImageObject\",\"inLanguage\":\"es\",\"@id\":\"https:\\\/\\\/www.laguiadepamplona.com\\\/actualidad\\\/#\\\/schema\\\/logo\\\/image\\\/\",\"url\":\"https:\\\/\\\/www.laguiadepamplona.com\\\/actualidad\\\/wp-content\\\/uploads\\\/2018\\\/11\\\/logo-laguiadepamplona18-web1.png\",\"contentUrl\":\"https:\\\/\\\/www.laguiadepamplona.com\\\/actualidad\\\/wp-content\\\/uploads\\\/2018\\\/11\\\/logo-laguiadepamplona18-web1.png\",\"width\":600,\"height\":196,\"caption\":\"La Gu\u00eda de Pamplona \\\/ Noticias\"},\"image\":{\"@id\":\"https:\\\/\\\/www.laguiadepamplona.com\\\/actualidad\\\/#\\\/schema\\\/logo\\\/image\\\/\"},\"sameAs\":[\"https:\\\/\\\/www.facebook.com\\\/laguiadepamplonacom-133175176762273\\\/?ref=hl\",\"https:\\\/\\\/x.com\\\/LaGuiadPamplona\",\"https:\\\/\\\/www.instagram.com\\\/la_guia_de_pamplona\\\/\",\"https:\\\/\\\/www.youtube.com\\\/user\\\/laguiadepamplona\"]},{\"@type\":\"Person\",\"@id\":\"https:\\\/\\\/www.laguiadepamplona.com\\\/actualidad\\\/#\\\/schema\\\/person\\\/efe887376f0213d4657c93adc50b1fdb\",\"name\":\"La Gu\u00eda de Pamplona\",\"image\":{\"@type\":\"ImageObject\",\"inLanguage\":\"es\",\"@id\":\"https:\\\/\\\/secure.gravatar.com\\\/avatar\\\/b6992f131dc8d30ab0dff15446e9d346d9dbd95992de0fef795073f5ea83a81c?s=96&d=mm&r=g\",\"url\":\"https:\\\/\\\/secure.gravatar.com\\\/avatar\\\/b6992f131dc8d30ab0dff15446e9d346d9dbd95992de0fef795073f5ea83a81c?s=96&d=mm&r=g\",\"contentUrl\":\"https:\\\/\\\/secure.gravatar.com\\\/avatar\\\/b6992f131dc8d30ab0dff15446e9d346d9dbd95992de0fef795073f5ea83a81c?s=96&d=mm&r=g\",\"caption\":\"La Gu\u00eda de Pamplona\"}}]}<\/script>\n<!-- \/ Yoast SEO plugin. -->","yoast_head_json":{"title":"La Mesa General de los Sanfermines se re\u00fane este lunes para hacer balance de las \u00faltimas fiestas y empezar a trabajar en las de 2023","description":"El encuentro contar\u00e1 con la presencia del alcalde y miembros de la corporaci\u00f3n municipal, as\u00ed como representantes de asociaciones","robots":{"index":"index","follow":"follow","max-snippet":"max-snippet:-1","max-image-preview":"max-image-preview:large","max-video-preview":"max-video-preview:-1"},"canonical":"https:\/\/www.laguiadepamplona.com\/actualidad\/la-mesa-general-de-los-sanfermines-se-reune-este-lunes-para-hacer-balance-de-las-ultimas-fiestas-y-empezar-a-trabajar-en-las-de-2023\/","og_locale":"es_ES","og_type":"article","og_title":"La Mesa General de los Sanfermines se re\u00fane este lunes para hacer balance de las \u00faltimas fiestas y empezar a trabajar en las de 2023","og_description":"El encuentro contar\u00e1 con la presencia del alcalde y miembros de la corporaci\u00f3n municipal, as\u00ed como representantes de asociaciones","og_url":"https:\/\/www.laguiadepamplona.com\/actualidad\/la-mesa-general-de-los-sanfermines-se-reune-este-lunes-para-hacer-balance-de-las-ultimas-fiestas-y-empezar-a-trabajar-en-las-de-2023\/","og_site_name":"La Gu\u00eda de Pamplona","article_publisher":"https:\/\/www.facebook.com\/laguiadepamplonacom-133175176762273\/?ref=hl","article_published_time":"2022-11-18T16:44:56+00:00","article_modified_time":"2023-04-11T09:47:33+00:00","og_image":[{"width":1000,"height":742,"url":"https:\/\/www.laguiadepamplona.com\/actualidad\/wp-content\/uploads\/2017\/01\/mesa-san-fermin.jpg","type":"image\/jpeg"}],"author":"La Gu\u00eda de Pamplona","twitter_card":"summary_large_image","twitter_creator":"@LaGuiadPamplona","twitter_site":"@LaGuiadPamplona","twitter_misc":{"Escrito por":"La Gu\u00eda de Pamplona","Tiempo de lectura":"1 minuto"},"schema":{"@context":"https:\/\/schema.org","@graph":[{"@type":"Article","@id":"https:\/\/www.laguiadepamplona.com\/actualidad\/la-mesa-general-de-los-sanfermines-se-reune-este-lunes-para-hacer-balance-de-las-ultimas-fiestas-y-empezar-a-trabajar-en-las-de-2023\/#article","isPartOf":{"@id":"https:\/\/www.laguiadepamplona.com\/actualidad\/la-mesa-general-de-los-sanfermines-se-reune-este-lunes-para-hacer-balance-de-las-ultimas-fiestas-y-empezar-a-trabajar-en-las-de-2023\/"},"author":{"name":"La Gu\u00eda de Pamplona","@id":"https:\/\/www.laguiadepamplona.com\/actualidad\/#\/schema\/person\/efe887376f0213d4657c93adc50b1fdb"},"headline":"La Mesa General de los Sanfermines se re\u00fane este lunes para hacer balance de las \u00faltimas fiestas y empezar a trabajar en las de 2023","datePublished":"2022-11-18T16:44:56+00:00","dateModified":"2023-04-11T09:47:33+00:00","mainEntityOfPage":{"@id":"https:\/\/www.laguiadepamplona.com\/actualidad\/la-mesa-general-de-los-sanfermines-se-reune-este-lunes-para-hacer-balance-de-las-ultimas-fiestas-y-empezar-a-trabajar-en-las-de-2023\/"},"wordCount":244,"commentCount":0,"publisher":{"@id":"https:\/\/www.laguiadepamplona.com\/actualidad\/#organization"},"image":{"@id":"https:\/\/www.laguiadepamplona.com\/actualidad\/la-mesa-general-de-los-sanfermines-se-reune-este-lunes-para-hacer-balance-de-las-ultimas-fiestas-y-empezar-a-trabajar-en-las-de-2023\/#primaryimage"},"thumbnailUrl":"https:\/\/www.laguiadepamplona.com\/actualidad\/wp-content\/uploads\/2017\/01\/mesa-san-fermin.jpg","articleSection":["Ayto Pamplona"],"inLanguage":"es","potentialAction":[{"@type":"CommentAction","name":"Comment","target":["https:\/\/www.laguiadepamplona.com\/actualidad\/la-mesa-general-de-los-sanfermines-se-reune-este-lunes-para-hacer-balance-de-las-ultimas-fiestas-y-empezar-a-trabajar-en-las-de-2023\/#respond"]}]},{"@type":"WebPage","@id":"https:\/\/www.laguiadepamplona.com\/actualidad\/la-mesa-general-de-los-sanfermines-se-reune-este-lunes-para-hacer-balance-de-las-ultimas-fiestas-y-empezar-a-trabajar-en-las-de-2023\/","url":"https:\/\/www.laguiadepamplona.com\/actualidad\/la-mesa-general-de-los-sanfermines-se-reune-este-lunes-para-hacer-balance-de-las-ultimas-fiestas-y-empezar-a-trabajar-en-las-de-2023\/","name":"La Mesa General de los Sanfermines se re\u00fane este lunes para hacer balance de las \u00faltimas fiestas y empezar a trabajar en las de 2023","isPartOf":{"@id":"https:\/\/www.laguiadepamplona.com\/actualidad\/#website"},"primaryImageOfPage":{"@id":"https:\/\/www.laguiadepamplona.com\/actualidad\/la-mesa-general-de-los-sanfermines-se-reune-este-lunes-para-hacer-balance-de-las-ultimas-fiestas-y-empezar-a-trabajar-en-las-de-2023\/#primaryimage"},"image":{"@id":"https:\/\/www.laguiadepamplona.com\/actualidad\/la-mesa-general-de-los-sanfermines-se-reune-este-lunes-para-hacer-balance-de-las-ultimas-fiestas-y-empezar-a-trabajar-en-las-de-2023\/#primaryimage"},"thumbnailUrl":"https:\/\/www.laguiadepamplona.com\/actualidad\/wp-content\/uploads\/2017\/01\/mesa-san-fermin.jpg","datePublished":"2022-11-18T16:44:56+00:00","dateModified":"2023-04-11T09:47:33+00:00","description":"El encuentro contar\u00e1 con la presencia del alcalde y miembros de la corporaci\u00f3n municipal, as\u00ed como representantes de asociaciones","breadcrumb":{"@id":"https:\/\/www.laguiadepamplona.com\/actualidad\/la-mesa-general-de-los-sanfermines-se-reune-este-lunes-para-hacer-balance-de-las-ultimas-fiestas-y-empezar-a-trabajar-en-las-de-2023\/#breadcrumb"},"inLanguage":"es","potentialAction":[{"@type":"ReadAction","target":["https:\/\/www.laguiadepamplona.com\/actualidad\/la-mesa-general-de-los-sanfermines-se-reune-este-lunes-para-hacer-balance-de-las-ultimas-fiestas-y-empezar-a-trabajar-en-las-de-2023\/"]}]},{"@type":"ImageObject","inLanguage":"es","@id":"https:\/\/www.laguiadepamplona.com\/actualidad\/la-mesa-general-de-los-sanfermines-se-reune-este-lunes-para-hacer-balance-de-las-ultimas-fiestas-y-empezar-a-trabajar-en-las-de-2023\/#primaryimage","url":"https:\/\/www.laguiadepamplona.com\/actualidad\/wp-content\/uploads\/2017\/01\/mesa-san-fermin.jpg","contentUrl":"https:\/\/www.laguiadepamplona.com\/actualidad\/wp-content\/uploads\/2017\/01\/mesa-san-fermin.jpg","width":1000,"height":742,"caption":"mesa san ferm\u00edn"},{"@type":"BreadcrumbList","@id":"https:\/\/www.laguiadepamplona.com\/actualidad\/la-mesa-general-de-los-sanfermines-se-reune-este-lunes-para-hacer-balance-de-las-ultimas-fiestas-y-empezar-a-trabajar-en-las-de-2023\/#breadcrumb","itemListElement":[{"@type":"ListItem","position":1,"name":"Portada","item":"https:\/\/www.laguiadepamplona.com\/actualidad\/"},{"@type":"ListItem","position":2,"name":"La Mesa General de los Sanfermines se re\u00fane este lunes para hacer balance de las \u00faltimas fiestas y empezar a trabajar en las de 2023"}]},{"@type":"WebSite","@id":"https:\/\/www.laguiadepamplona.com\/actualidad\/#website","url":"https:\/\/www.laguiadepamplona.com\/actualidad\/","name":"La gu\u00eda de Pamplona","description":"Noticias de Pamplona","publisher":{"@id":"https:\/\/www.laguiadepamplona.com\/actualidad\/#organization"},"potentialAction":[{"@type":"SearchAction","target":{"@type":"EntryPoint","urlTemplate":"https:\/\/www.laguiadepamplona.com\/actualidad\/?s={search_term_string}"},"query-input":{"@type":"PropertyValueSpecification","valueRequired":true,"valueName":"search_term_string"}}],"inLanguage":"es"},{"@type":"Organization","@id":"https:\/\/www.laguiadepamplona.com\/actualidad\/#organization","name":"La Gu\u00eda de Pamplona \/ Noticias","url":"https:\/\/www.laguiadepamplona.com\/actualidad\/","logo":{"@type":"ImageObject","inLanguage":"es","@id":"https:\/\/www.laguiadepamplona.com\/actualidad\/#\/schema\/logo\/image\/","url":"https:\/\/www.laguiadepamplona.com\/actualidad\/wp-content\/uploads\/2018\/11\/logo-laguiadepamplona18-web1.png","contentUrl":"https:\/\/www.laguiadepamplona.com\/actualidad\/wp-content\/uploads\/2018\/11\/logo-laguiadepamplona18-web1.png","width":600,"height":196,"caption":"La Gu\u00eda de Pamplona \/ Noticias"},"image":{"@id":"https:\/\/www.laguiadepamplona.com\/actualidad\/#\/schema\/logo\/image\/"},"sameAs":["https:\/\/www.facebook.com\/laguiadepamplonacom-133175176762273\/?ref=hl","https:\/\/x.com\/LaGuiadPamplona","https:\/\/www.instagram.com\/la_guia_de_pamplona\/","https:\/\/www.youtube.com\/user\/laguiadepamplona"]},{"@type":"Person","@id":"https:\/\/www.laguiadepamplona.com\/actualidad\/#\/schema\/person\/efe887376f0213d4657c93adc50b1fdb","name":"La Gu\u00eda de Pamplona","image":{"@type":"ImageObject","inLanguage":"es","@id":"https:\/\/secure.gravatar.com\/avatar\/b6992f131dc8d30ab0dff15446e9d346d9dbd95992de0fef795073f5ea83a81c?s=96&d=mm&r=g","url":"https:\/\/secure.gravatar.com\/avatar\/b6992f131dc8d30ab0dff15446e9d346d9dbd95992de0fef795073f5ea83a81c?s=96&d=mm&r=g","contentUrl":"https:\/\/secure.gravatar.com\/avatar\/b6992f131dc8d30ab0dff15446e9d346d9dbd95992de0fef795073f5ea83a81c?s=96&d=mm&r=g","caption":"La Gu\u00eda de Pamplona"}}]}},"post_mailing_queue_ids":[],"_links":{"self":[{"href":"https:\/\/www.laguiadepamplona.com\/actualidad\/wp-json\/wp\/v2\/posts\/42254","targetHints":{"allow":["GET"]}}],"collection":[{"href":"https:\/\/www.laguiadepamplona.com\/actualidad\/wp-json\/wp\/v2\/posts"}],"about":[{"href":"https:\/\/www.laguiadepamplona.com\/actualidad\/wp-json\/wp\/v2\/types\/post"}],"author":[{"embeddable":true,"href":"https:\/\/www.laguiadepamplona.com\/actualidad\/wp-json\/wp\/v2\/users\/1"}],"replies":[{"embeddable":true,"href":"https:\/\/www.laguiadepamplona.com\/actualidad\/wp-json\/wp\/v2\/comments?post=42254"}],"version-history":[{"count":0,"href":"https:\/\/www.laguiadepamplona.com\/actualidad\/wp-json\/wp\/v2\/posts\/42254\/revisions"}],"wp:featuredmedia":[{"embeddable":true,"href":"https:\/\/www.laguiadepamplona.com\/actualidad\/wp-json\/wp\/v2\/media\/11556"}],"wp:attachment":[{"href":"https:\/\/www.laguiadepamplona.com\/actualidad\/wp-json\/wp\/v2\/media?parent=42254"}],"wp:term":[{"taxonomy":"category","embeddable":true,"href":"https:\/\/www.laguiadepamplona.com\/actualidad\/wp-json\/wp\/v2\/categories?post=42254"},{"taxonomy":"post_tag","embeddable":true,"href":"https:\/\/www.laguiadepamplona.com\/actualidad\/wp-json\/wp\/v2\/tags?post=42254"}],"curies":[{"name":"wp","href":"https:\/\/api.w.org\/{rel}","templated":true}]}}