{"id":42248,"date":"2022-11-18T18:40:55","date_gmt":"2022-11-18T16:40:55","guid":{"rendered":"https:\/\/www.laguiadepamplona.com\/actualidad\/?p=42248"},"modified":"2023-04-11T11:47:33","modified_gmt":"2023-04-11T09:47:33","slug":"la-junta-de-gobierno-local-aprueba-la-primera-prorroga-del-contrato-de-gestion-de-nueve-aseos-publicos-la-casa-de-banos-de-la-calle-eslava-y-las-duchas-de-antoniutti","status":"publish","type":"post","link":"https:\/\/www.laguiadepamplona.com\/actualidad\/la-junta-de-gobierno-local-aprueba-la-primera-prorroga-del-contrato-de-gestion-de-nueve-aseos-publicos-la-casa-de-banos-de-la-calle-eslava-y-las-duchas-de-antoniutti\/","title":{"rendered":"La Junta de Gobierno Local aprueba la primera pr\u00f3rroga del contrato de gesti\u00f3n de nueve aseos p\u00fablicos, la Casa de Ba\u00f1os de la calle Eslava y las duchas de Antoniutti"},"content":{"rendered":"<h5>El Ayuntamiento destina 958.423,62 euros (IVA incluido) para la atenci\u00f3n, mantenimiento, limpieza y desinfecci\u00f3n de las instalaciones<\/h5>\n<p><!--more--><\/p>\n<p>La Junta de Gobierno del Ayuntamiento de Pamplona ha aprobado la primera pr\u00f3rroga del contrato de gesti\u00f3n de nueve aseos p\u00fablicos de la ciudad, la Casa de Ba\u00f1os de la calle Eslava y las duchas de Antoniutti. La empresa adjudicataria, Distrivisual SL, recibir\u00e1 un total de 958.423,62 euros (IVA incluido) para encargarse de la gesti\u00f3n, mantenimiento, limpieza y desinfecci\u00f3n de las instalaciones, desde noviembre de este a\u00f1o hasta el 31 de octubre de 2023.<br \/>\n<script async src=\"\/\/pagead2.googlesyndication.com\/pagead\/js\/adsbygoogle.js\"><\/script><br \/>\n<!-- Noticias La Guia de Pamplona --><br \/>\n<ins class=\"adsbygoogle\"\nstyle=\"display:block\"\ndata-ad-client=\"ca-pub-6943679897239327\"\ndata-ad-slot=\"7048180777\"\ndata-ad-format=\"auto\"><\/ins><br \/>\n<script>\n(adsbygoogle = window.adsbygoogle || []).push({});\n<\/script><\/p>\n<p>El contrato, que fue adjudicado por primera vez el 1 de noviembre de 2021, no contempla revisi\u00f3n de precios y admite hasta cuatro pr\u00f3rrogas. El importe total se divide en 159.737,27 euros para este a\u00f1o y 798.686,35 euros, para 2023.<\/p>\n<p>Los nueve aseos p\u00fablicos a los que hace referencia el contrato son los situados en la plaza del Castillo, plaza de la Cruz, Bosquecillo, plaza de los Fueros, parque de Antoniutti, Media Luna, parque del Mundo, Ciudadela y Landaben. La adjudicataria se encarga de cumplir con los horarios de apertura y cierre, el mantenimiento de la limpieza y desinfecci\u00f3n, realiza operaciones sencillas de reparaci\u00f3n y repone el material espec\u00edfico de aseo necesario. El acceso al servicio es libre y gratuito. Los horarios var\u00edan en funci\u00f3n de la temporada: verano, invierno, horarios especiales y Sanfermines.<br \/>\n<script async src=\"\/\/pagead2.googlesyndication.com\/pagead\/js\/adsbygoogle.js\"><\/script><br \/>\n<!-- Noticias La Guia de Pamplona --><br \/>\n<ins class=\"adsbygoogle\"\nstyle=\"display:block\"\ndata-ad-client=\"ca-pub-6943679897239327\"\ndata-ad-slot=\"7048180777\"\ndata-ad-format=\"auto\"><\/ins><br \/>\n<script>\n(adsbygoogle = window.adsbygoogle || []).push({});\n<\/script><\/p>\n<p>En cuanto a la Casa de Ba\u00f1os de la calle Eslava, la gesti\u00f3n incluye la apertura al p\u00fablico, limpieza y desinfecci\u00f3n, reposici\u00f3n del material necesario y realizaci\u00f3n de operaciones sencillas de reparaci\u00f3n. Adem\u00e1s, se debe controlar a diario la temperatura del agua y realizar una purga semanal de los acumuladores y el tratamiento trimestral de descalcificaci\u00f3n y desinfecci\u00f3n de las \u2018alcachofas\u2019 de ducha. La utilizaci\u00f3n de las cabinas de ducha y ba\u00f1o est\u00e1 sujeta al pago de las correspondientes tasas o la presentaci\u00f3n del bono de las Unidades de Barrio municipales. Se presta, asimismo, servicio de lavado y secado de ropa (excepto en Sanfermines) en las lavadoras y secadoras existentes en la Casa de Ba\u00f1os.<\/p>\n<p>Por \u00faltimo, las duchas de Antoniutti est\u00e1n sujetas condiciones similares, si bien solo se abren durante los Sanfermines, entre el 5 y el 15 de julio, en horario de 8 a 13 horas por la ma\u00f1ana y de 15 y 20 horas por la tarde.<\/p>\n","protected":false},"excerpt":{"rendered":"<p>El Ayuntamiento destina 958.423,62 euros (IVA incluido) para la atenci\u00f3n, mantenimiento, limpieza y desinfecci\u00f3n de las instalaciones<\/p>\n","protected":false},"author":1,"featured_media":42249,"comment_status":"open","ping_status":"closed","sticky":false,"template":"","format":"standard","meta":{"footnotes":""},"categories":[2],"tags":[],"class_list":["post-42248","post","type-post","status-publish","format-standard","has-post-thumbnail","hentry","category-ayuntamiento-pamplona"],"yoast_head":"<!-- This site is optimized with the Yoast SEO plugin v27.3 - https:\/\/yoast.com\/product\/yoast-seo-wordpress\/ -->\n<title>La Junta de Gobierno Local aprueba la primera pr\u00f3rroga del contrato de gesti\u00f3n de nueve aseos p\u00fablicos, la Casa de Ba\u00f1os de la calle Eslava y las duchas de Antoniutti<\/title>\n<meta name=\"description\" content=\"El Ayuntamiento destina 958.423,62 euros (IVA incluido) para la atenci\u00f3n, mantenimiento, limpieza y desinfecci\u00f3n de las instalaciones\" \/>\n<meta name=\"robots\" content=\"index, follow, max-snippet:-1, max-image-preview:large, max-video-preview:-1\" \/>\n<link rel=\"canonical\" href=\"https:\/\/www.laguiadepamplona.com\/actualidad\/la-junta-de-gobierno-local-aprueba-la-primera-prorroga-del-contrato-de-gestion-de-nueve-aseos-publicos-la-casa-de-banos-de-la-calle-eslava-y-las-duchas-de-antoniutti\/\" \/>\n<meta property=\"og:locale\" content=\"es_ES\" \/>\n<meta property=\"og:type\" content=\"article\" \/>\n<meta property=\"og:title\" content=\"La Junta de Gobierno Local aprueba la primera pr\u00f3rroga del contrato de gesti\u00f3n de nueve aseos p\u00fablicos, la Casa de Ba\u00f1os de la calle Eslava y las duchas de Antoniutti\" \/>\n<meta property=\"og:description\" content=\"El Ayuntamiento destina 958.423,62 euros (IVA incluido) para la atenci\u00f3n, mantenimiento, limpieza y desinfecci\u00f3n de las instalaciones\" \/>\n<meta property=\"og:url\" content=\"https:\/\/www.laguiadepamplona.com\/actualidad\/la-junta-de-gobierno-local-aprueba-la-primera-prorroga-del-contrato-de-gestion-de-nueve-aseos-publicos-la-casa-de-banos-de-la-calle-eslava-y-las-duchas-de-antoniutti\/\" \/>\n<meta property=\"og:site_name\" content=\"La Gu\u00eda de Pamplona\" \/>\n<meta property=\"article:publisher\" content=\"https:\/\/www.facebook.com\/laguiadepamplonacom-133175176762273\/?ref=hl\" \/>\n<meta property=\"article:published_time\" content=\"2022-11-18T16:40:55+00:00\" \/>\n<meta property=\"article:modified_time\" content=\"2023-04-11T09:47:33+00:00\" \/>\n<meta property=\"og:image\" content=\"https:\/\/www.laguiadepamplona.com\/actualidad\/wp-content\/uploads\/2022\/11\/BANO-PUBLICO-PARAGUAS_EE5A6804.webp\" \/>\n\t<meta property=\"og:image:width\" content=\"1920\" \/>\n\t<meta property=\"og:image:height\" content=\"1280\" \/>\n\t<meta property=\"og:image:type\" content=\"image\/webp\" \/>\n<meta name=\"author\" content=\"La Gu\u00eda de Pamplona\" \/>\n<meta name=\"twitter:card\" content=\"summary_large_image\" \/>\n<meta name=\"twitter:creator\" content=\"@LaGuiadPamplona\" \/>\n<meta name=\"twitter:site\" content=\"@LaGuiadPamplona\" \/>\n<meta name=\"twitter:label1\" content=\"Escrito por\" \/>\n\t<meta name=\"twitter:data1\" content=\"La Gu\u00eda de Pamplona\" \/>\n\t<meta name=\"twitter:label2\" content=\"Tiempo de lectura\" \/>\n\t<meta name=\"twitter:data2\" content=\"2 minutos\" \/>\n<script type=\"application\/ld+json\" class=\"yoast-schema-graph\">{\"@context\":\"https:\\\/\\\/schema.org\",\"@graph\":[{\"@type\":\"Article\",\"@id\":\"https:\\\/\\\/www.laguiadepamplona.com\\\/actualidad\\\/la-junta-de-gobierno-local-aprueba-la-primera-prorroga-del-contrato-de-gestion-de-nueve-aseos-publicos-la-casa-de-banos-de-la-calle-eslava-y-las-duchas-de-antoniutti\\\/#article\",\"isPartOf\":{\"@id\":\"https:\\\/\\\/www.laguiadepamplona.com\\\/actualidad\\\/la-junta-de-gobierno-local-aprueba-la-primera-prorroga-del-contrato-de-gestion-de-nueve-aseos-publicos-la-casa-de-banos-de-la-calle-eslava-y-las-duchas-de-antoniutti\\\/\"},\"author\":{\"name\":\"La Gu\u00eda de Pamplona\",\"@id\":\"https:\\\/\\\/www.laguiadepamplona.com\\\/actualidad\\\/#\\\/schema\\\/person\\\/efe887376f0213d4657c93adc50b1fdb\"},\"headline\":\"La Junta de Gobierno Local aprueba la primera pr\u00f3rroga del contrato de gesti\u00f3n de nueve aseos p\u00fablicos, la Casa de Ba\u00f1os de la calle Eslava y las duchas de Antoniutti\",\"datePublished\":\"2022-11-18T16:40:55+00:00\",\"dateModified\":\"2023-04-11T09:47:33+00:00\",\"mainEntityOfPage\":{\"@id\":\"https:\\\/\\\/www.laguiadepamplona.com\\\/actualidad\\\/la-junta-de-gobierno-local-aprueba-la-primera-prorroga-del-contrato-de-gestion-de-nueve-aseos-publicos-la-casa-de-banos-de-la-calle-eslava-y-las-duchas-de-antoniutti\\\/\"},\"wordCount\":438,\"commentCount\":0,\"publisher\":{\"@id\":\"https:\\\/\\\/www.laguiadepamplona.com\\\/actualidad\\\/#organization\"},\"image\":{\"@id\":\"https:\\\/\\\/www.laguiadepamplona.com\\\/actualidad\\\/la-junta-de-gobierno-local-aprueba-la-primera-prorroga-del-contrato-de-gestion-de-nueve-aseos-publicos-la-casa-de-banos-de-la-calle-eslava-y-las-duchas-de-antoniutti\\\/#primaryimage\"},\"thumbnailUrl\":\"https:\\\/\\\/www.laguiadepamplona.com\\\/actualidad\\\/wp-content\\\/uploads\\\/2022\\\/11\\\/BANO-PUBLICO-PARAGUAS_EE5A6804.webp\",\"articleSection\":[\"Ayto Pamplona\"],\"inLanguage\":\"es\",\"potentialAction\":[{\"@type\":\"CommentAction\",\"name\":\"Comment\",\"target\":[\"https:\\\/\\\/www.laguiadepamplona.com\\\/actualidad\\\/la-junta-de-gobierno-local-aprueba-la-primera-prorroga-del-contrato-de-gestion-de-nueve-aseos-publicos-la-casa-de-banos-de-la-calle-eslava-y-las-duchas-de-antoniutti\\\/#respond\"]}]},{\"@type\":\"WebPage\",\"@id\":\"https:\\\/\\\/www.laguiadepamplona.com\\\/actualidad\\\/la-junta-de-gobierno-local-aprueba-la-primera-prorroga-del-contrato-de-gestion-de-nueve-aseos-publicos-la-casa-de-banos-de-la-calle-eslava-y-las-duchas-de-antoniutti\\\/\",\"url\":\"https:\\\/\\\/www.laguiadepamplona.com\\\/actualidad\\\/la-junta-de-gobierno-local-aprueba-la-primera-prorroga-del-contrato-de-gestion-de-nueve-aseos-publicos-la-casa-de-banos-de-la-calle-eslava-y-las-duchas-de-antoniutti\\\/\",\"name\":\"La Junta de Gobierno Local aprueba la primera pr\u00f3rroga del contrato de gesti\u00f3n de nueve aseos p\u00fablicos, la Casa de Ba\u00f1os de la calle Eslava y las duchas de Antoniutti\",\"isPartOf\":{\"@id\":\"https:\\\/\\\/www.laguiadepamplona.com\\\/actualidad\\\/#website\"},\"primaryImageOfPage\":{\"@id\":\"https:\\\/\\\/www.laguiadepamplona.com\\\/actualidad\\\/la-junta-de-gobierno-local-aprueba-la-primera-prorroga-del-contrato-de-gestion-de-nueve-aseos-publicos-la-casa-de-banos-de-la-calle-eslava-y-las-duchas-de-antoniutti\\\/#primaryimage\"},\"image\":{\"@id\":\"https:\\\/\\\/www.laguiadepamplona.com\\\/actualidad\\\/la-junta-de-gobierno-local-aprueba-la-primera-prorroga-del-contrato-de-gestion-de-nueve-aseos-publicos-la-casa-de-banos-de-la-calle-eslava-y-las-duchas-de-antoniutti\\\/#primaryimage\"},\"thumbnailUrl\":\"https:\\\/\\\/www.laguiadepamplona.com\\\/actualidad\\\/wp-content\\\/uploads\\\/2022\\\/11\\\/BANO-PUBLICO-PARAGUAS_EE5A6804.webp\",\"datePublished\":\"2022-11-18T16:40:55+00:00\",\"dateModified\":\"2023-04-11T09:47:33+00:00\",\"description\":\"El Ayuntamiento destina 958.423,62 euros (IVA incluido) para la atenci\u00f3n, mantenimiento, limpieza y desinfecci\u00f3n de las instalaciones\",\"breadcrumb\":{\"@id\":\"https:\\\/\\\/www.laguiadepamplona.com\\\/actualidad\\\/la-junta-de-gobierno-local-aprueba-la-primera-prorroga-del-contrato-de-gestion-de-nueve-aseos-publicos-la-casa-de-banos-de-la-calle-eslava-y-las-duchas-de-antoniutti\\\/#breadcrumb\"},\"inLanguage\":\"es\",\"potentialAction\":[{\"@type\":\"ReadAction\",\"target\":[\"https:\\\/\\\/www.laguiadepamplona.com\\\/actualidad\\\/la-junta-de-gobierno-local-aprueba-la-primera-prorroga-del-contrato-de-gestion-de-nueve-aseos-publicos-la-casa-de-banos-de-la-calle-eslava-y-las-duchas-de-antoniutti\\\/\"]}]},{\"@type\":\"ImageObject\",\"inLanguage\":\"es\",\"@id\":\"https:\\\/\\\/www.laguiadepamplona.com\\\/actualidad\\\/la-junta-de-gobierno-local-aprueba-la-primera-prorroga-del-contrato-de-gestion-de-nueve-aseos-publicos-la-casa-de-banos-de-la-calle-eslava-y-las-duchas-de-antoniutti\\\/#primaryimage\",\"url\":\"https:\\\/\\\/www.laguiadepamplona.com\\\/actualidad\\\/wp-content\\\/uploads\\\/2022\\\/11\\\/BANO-PUBLICO-PARAGUAS_EE5A6804.webp\",\"contentUrl\":\"https:\\\/\\\/www.laguiadepamplona.com\\\/actualidad\\\/wp-content\\\/uploads\\\/2022\\\/11\\\/BANO-PUBLICO-PARAGUAS_EE5A6804.webp\",\"width\":1920,\"height\":1280,\"caption\":\"ba\u00f1o publico paraguas\"},{\"@type\":\"BreadcrumbList\",\"@id\":\"https:\\\/\\\/www.laguiadepamplona.com\\\/actualidad\\\/la-junta-de-gobierno-local-aprueba-la-primera-prorroga-del-contrato-de-gestion-de-nueve-aseos-publicos-la-casa-de-banos-de-la-calle-eslava-y-las-duchas-de-antoniutti\\\/#breadcrumb\",\"itemListElement\":[{\"@type\":\"ListItem\",\"position\":1,\"name\":\"Portada\",\"item\":\"https:\\\/\\\/www.laguiadepamplona.com\\\/actualidad\\\/\"},{\"@type\":\"ListItem\",\"position\":2,\"name\":\"La Junta de Gobierno Local aprueba la primera pr\u00f3rroga del contrato de gesti\u00f3n de nueve aseos p\u00fablicos, la Casa de Ba\u00f1os de la calle Eslava y las duchas de Antoniutti\"}]},{\"@type\":\"WebSite\",\"@id\":\"https:\\\/\\\/www.laguiadepamplona.com\\\/actualidad\\\/#website\",\"url\":\"https:\\\/\\\/www.laguiadepamplona.com\\\/actualidad\\\/\",\"name\":\"La gu\u00eda de Pamplona\",\"description\":\"Noticias de Pamplona\",\"publisher\":{\"@id\":\"https:\\\/\\\/www.laguiadepamplona.com\\\/actualidad\\\/#organization\"},\"potentialAction\":[{\"@type\":\"SearchAction\",\"target\":{\"@type\":\"EntryPoint\",\"urlTemplate\":\"https:\\\/\\\/www.laguiadepamplona.com\\\/actualidad\\\/?s={search_term_string}\"},\"query-input\":{\"@type\":\"PropertyValueSpecification\",\"valueRequired\":true,\"valueName\":\"search_term_string\"}}],\"inLanguage\":\"es\"},{\"@type\":\"Organization\",\"@id\":\"https:\\\/\\\/www.laguiadepamplona.com\\\/actualidad\\\/#organization\",\"name\":\"La Gu\u00eda de Pamplona \\\/ Noticias\",\"url\":\"https:\\\/\\\/www.laguiadepamplona.com\\\/actualidad\\\/\",\"logo\":{\"@type\":\"ImageObject\",\"inLanguage\":\"es\",\"@id\":\"https:\\\/\\\/www.laguiadepamplona.com\\\/actualidad\\\/#\\\/schema\\\/logo\\\/image\\\/\",\"url\":\"https:\\\/\\\/www.laguiadepamplona.com\\\/actualidad\\\/wp-content\\\/uploads\\\/2018\\\/11\\\/logo-laguiadepamplona18-web1.png\",\"contentUrl\":\"https:\\\/\\\/www.laguiadepamplona.com\\\/actualidad\\\/wp-content\\\/uploads\\\/2018\\\/11\\\/logo-laguiadepamplona18-web1.png\",\"width\":600,\"height\":196,\"caption\":\"La Gu\u00eda de Pamplona \\\/ Noticias\"},\"image\":{\"@id\":\"https:\\\/\\\/www.laguiadepamplona.com\\\/actualidad\\\/#\\\/schema\\\/logo\\\/image\\\/\"},\"sameAs\":[\"https:\\\/\\\/www.facebook.com\\\/laguiadepamplonacom-133175176762273\\\/?ref=hl\",\"https:\\\/\\\/x.com\\\/LaGuiadPamplona\",\"https:\\\/\\\/www.instagram.com\\\/la_guia_de_pamplona\\\/\",\"https:\\\/\\\/www.youtube.com\\\/user\\\/laguiadepamplona\"]},{\"@type\":\"Person\",\"@id\":\"https:\\\/\\\/www.laguiadepamplona.com\\\/actualidad\\\/#\\\/schema\\\/person\\\/efe887376f0213d4657c93adc50b1fdb\",\"name\":\"La Gu\u00eda de Pamplona\",\"image\":{\"@type\":\"ImageObject\",\"inLanguage\":\"es\",\"@id\":\"https:\\\/\\\/secure.gravatar.com\\\/avatar\\\/b6992f131dc8d30ab0dff15446e9d346d9dbd95992de0fef795073f5ea83a81c?s=96&d=mm&r=g\",\"url\":\"https:\\\/\\\/secure.gravatar.com\\\/avatar\\\/b6992f131dc8d30ab0dff15446e9d346d9dbd95992de0fef795073f5ea83a81c?s=96&d=mm&r=g\",\"contentUrl\":\"https:\\\/\\\/secure.gravatar.com\\\/avatar\\\/b6992f131dc8d30ab0dff15446e9d346d9dbd95992de0fef795073f5ea83a81c?s=96&d=mm&r=g\",\"caption\":\"La Gu\u00eda de Pamplona\"}}]}<\/script>\n<!-- \/ Yoast SEO plugin. -->","yoast_head_json":{"title":"La Junta de Gobierno Local aprueba la primera pr\u00f3rroga del contrato de gesti\u00f3n de nueve aseos p\u00fablicos, la Casa de Ba\u00f1os de la calle Eslava y las duchas de Antoniutti","description":"El Ayuntamiento destina 958.423,62 euros (IVA incluido) para la atenci\u00f3n, mantenimiento, limpieza y desinfecci\u00f3n de las instalaciones","robots":{"index":"index","follow":"follow","max-snippet":"max-snippet:-1","max-image-preview":"max-image-preview:large","max-video-preview":"max-video-preview:-1"},"canonical":"https:\/\/www.laguiadepamplona.com\/actualidad\/la-junta-de-gobierno-local-aprueba-la-primera-prorroga-del-contrato-de-gestion-de-nueve-aseos-publicos-la-casa-de-banos-de-la-calle-eslava-y-las-duchas-de-antoniutti\/","og_locale":"es_ES","og_type":"article","og_title":"La Junta de Gobierno Local aprueba la primera pr\u00f3rroga del contrato de gesti\u00f3n de nueve aseos p\u00fablicos, la Casa de Ba\u00f1os de la calle Eslava y las duchas de Antoniutti","og_description":"El Ayuntamiento destina 958.423,62 euros (IVA incluido) para la atenci\u00f3n, mantenimiento, limpieza y desinfecci\u00f3n de las instalaciones","og_url":"https:\/\/www.laguiadepamplona.com\/actualidad\/la-junta-de-gobierno-local-aprueba-la-primera-prorroga-del-contrato-de-gestion-de-nueve-aseos-publicos-la-casa-de-banos-de-la-calle-eslava-y-las-duchas-de-antoniutti\/","og_site_name":"La Gu\u00eda de Pamplona","article_publisher":"https:\/\/www.facebook.com\/laguiadepamplonacom-133175176762273\/?ref=hl","article_published_time":"2022-11-18T16:40:55+00:00","article_modified_time":"2023-04-11T09:47:33+00:00","og_image":[{"width":1920,"height":1280,"url":"https:\/\/www.laguiadepamplona.com\/actualidad\/wp-content\/uploads\/2022\/11\/BANO-PUBLICO-PARAGUAS_EE5A6804.webp","type":"image\/webp"}],"author":"La Gu\u00eda de Pamplona","twitter_card":"summary_large_image","twitter_creator":"@LaGuiadPamplona","twitter_site":"@LaGuiadPamplona","twitter_misc":{"Escrito por":"La Gu\u00eda de Pamplona","Tiempo de lectura":"2 minutos"},"schema":{"@context":"https:\/\/schema.org","@graph":[{"@type":"Article","@id":"https:\/\/www.laguiadepamplona.com\/actualidad\/la-junta-de-gobierno-local-aprueba-la-primera-prorroga-del-contrato-de-gestion-de-nueve-aseos-publicos-la-casa-de-banos-de-la-calle-eslava-y-las-duchas-de-antoniutti\/#article","isPartOf":{"@id":"https:\/\/www.laguiadepamplona.com\/actualidad\/la-junta-de-gobierno-local-aprueba-la-primera-prorroga-del-contrato-de-gestion-de-nueve-aseos-publicos-la-casa-de-banos-de-la-calle-eslava-y-las-duchas-de-antoniutti\/"},"author":{"name":"La Gu\u00eda de Pamplona","@id":"https:\/\/www.laguiadepamplona.com\/actualidad\/#\/schema\/person\/efe887376f0213d4657c93adc50b1fdb"},"headline":"La Junta de Gobierno Local aprueba la primera pr\u00f3rroga del contrato de gesti\u00f3n de nueve aseos p\u00fablicos, la Casa de Ba\u00f1os de la calle Eslava y las duchas de Antoniutti","datePublished":"2022-11-18T16:40:55+00:00","dateModified":"2023-04-11T09:47:33+00:00","mainEntityOfPage":{"@id":"https:\/\/www.laguiadepamplona.com\/actualidad\/la-junta-de-gobierno-local-aprueba-la-primera-prorroga-del-contrato-de-gestion-de-nueve-aseos-publicos-la-casa-de-banos-de-la-calle-eslava-y-las-duchas-de-antoniutti\/"},"wordCount":438,"commentCount":0,"publisher":{"@id":"https:\/\/www.laguiadepamplona.com\/actualidad\/#organization"},"image":{"@id":"https:\/\/www.laguiadepamplona.com\/actualidad\/la-junta-de-gobierno-local-aprueba-la-primera-prorroga-del-contrato-de-gestion-de-nueve-aseos-publicos-la-casa-de-banos-de-la-calle-eslava-y-las-duchas-de-antoniutti\/#primaryimage"},"thumbnailUrl":"https:\/\/www.laguiadepamplona.com\/actualidad\/wp-content\/uploads\/2022\/11\/BANO-PUBLICO-PARAGUAS_EE5A6804.webp","articleSection":["Ayto Pamplona"],"inLanguage":"es","potentialAction":[{"@type":"CommentAction","name":"Comment","target":["https:\/\/www.laguiadepamplona.com\/actualidad\/la-junta-de-gobierno-local-aprueba-la-primera-prorroga-del-contrato-de-gestion-de-nueve-aseos-publicos-la-casa-de-banos-de-la-calle-eslava-y-las-duchas-de-antoniutti\/#respond"]}]},{"@type":"WebPage","@id":"https:\/\/www.laguiadepamplona.com\/actualidad\/la-junta-de-gobierno-local-aprueba-la-primera-prorroga-del-contrato-de-gestion-de-nueve-aseos-publicos-la-casa-de-banos-de-la-calle-eslava-y-las-duchas-de-antoniutti\/","url":"https:\/\/www.laguiadepamplona.com\/actualidad\/la-junta-de-gobierno-local-aprueba-la-primera-prorroga-del-contrato-de-gestion-de-nueve-aseos-publicos-la-casa-de-banos-de-la-calle-eslava-y-las-duchas-de-antoniutti\/","name":"La Junta de Gobierno Local aprueba la primera pr\u00f3rroga del contrato de gesti\u00f3n de nueve aseos p\u00fablicos, la Casa de Ba\u00f1os de la calle Eslava y las duchas de Antoniutti","isPartOf":{"@id":"https:\/\/www.laguiadepamplona.com\/actualidad\/#website"},"primaryImageOfPage":{"@id":"https:\/\/www.laguiadepamplona.com\/actualidad\/la-junta-de-gobierno-local-aprueba-la-primera-prorroga-del-contrato-de-gestion-de-nueve-aseos-publicos-la-casa-de-banos-de-la-calle-eslava-y-las-duchas-de-antoniutti\/#primaryimage"},"image":{"@id":"https:\/\/www.laguiadepamplona.com\/actualidad\/la-junta-de-gobierno-local-aprueba-la-primera-prorroga-del-contrato-de-gestion-de-nueve-aseos-publicos-la-casa-de-banos-de-la-calle-eslava-y-las-duchas-de-antoniutti\/#primaryimage"},"thumbnailUrl":"https:\/\/www.laguiadepamplona.com\/actualidad\/wp-content\/uploads\/2022\/11\/BANO-PUBLICO-PARAGUAS_EE5A6804.webp","datePublished":"2022-11-18T16:40:55+00:00","dateModified":"2023-04-11T09:47:33+00:00","description":"El Ayuntamiento destina 958.423,62 euros (IVA incluido) para la atenci\u00f3n, mantenimiento, limpieza y desinfecci\u00f3n de las instalaciones","breadcrumb":{"@id":"https:\/\/www.laguiadepamplona.com\/actualidad\/la-junta-de-gobierno-local-aprueba-la-primera-prorroga-del-contrato-de-gestion-de-nueve-aseos-publicos-la-casa-de-banos-de-la-calle-eslava-y-las-duchas-de-antoniutti\/#breadcrumb"},"inLanguage":"es","potentialAction":[{"@type":"ReadAction","target":["https:\/\/www.laguiadepamplona.com\/actualidad\/la-junta-de-gobierno-local-aprueba-la-primera-prorroga-del-contrato-de-gestion-de-nueve-aseos-publicos-la-casa-de-banos-de-la-calle-eslava-y-las-duchas-de-antoniutti\/"]}]},{"@type":"ImageObject","inLanguage":"es","@id":"https:\/\/www.laguiadepamplona.com\/actualidad\/la-junta-de-gobierno-local-aprueba-la-primera-prorroga-del-contrato-de-gestion-de-nueve-aseos-publicos-la-casa-de-banos-de-la-calle-eslava-y-las-duchas-de-antoniutti\/#primaryimage","url":"https:\/\/www.laguiadepamplona.com\/actualidad\/wp-content\/uploads\/2022\/11\/BANO-PUBLICO-PARAGUAS_EE5A6804.webp","contentUrl":"https:\/\/www.laguiadepamplona.com\/actualidad\/wp-content\/uploads\/2022\/11\/BANO-PUBLICO-PARAGUAS_EE5A6804.webp","width":1920,"height":1280,"caption":"ba\u00f1o publico paraguas"},{"@type":"BreadcrumbList","@id":"https:\/\/www.laguiadepamplona.com\/actualidad\/la-junta-de-gobierno-local-aprueba-la-primera-prorroga-del-contrato-de-gestion-de-nueve-aseos-publicos-la-casa-de-banos-de-la-calle-eslava-y-las-duchas-de-antoniutti\/#breadcrumb","itemListElement":[{"@type":"ListItem","position":1,"name":"Portada","item":"https:\/\/www.laguiadepamplona.com\/actualidad\/"},{"@type":"ListItem","position":2,"name":"La Junta de Gobierno Local aprueba la primera pr\u00f3rroga del contrato de gesti\u00f3n de nueve aseos p\u00fablicos, la Casa de Ba\u00f1os de la calle Eslava y las duchas de Antoniutti"}]},{"@type":"WebSite","@id":"https:\/\/www.laguiadepamplona.com\/actualidad\/#website","url":"https:\/\/www.laguiadepamplona.com\/actualidad\/","name":"La gu\u00eda de Pamplona","description":"Noticias de Pamplona","publisher":{"@id":"https:\/\/www.laguiadepamplona.com\/actualidad\/#organization"},"potentialAction":[{"@type":"SearchAction","target":{"@type":"EntryPoint","urlTemplate":"https:\/\/www.laguiadepamplona.com\/actualidad\/?s={search_term_string}"},"query-input":{"@type":"PropertyValueSpecification","valueRequired":true,"valueName":"search_term_string"}}],"inLanguage":"es"},{"@type":"Organization","@id":"https:\/\/www.laguiadepamplona.com\/actualidad\/#organization","name":"La Gu\u00eda de Pamplona \/ Noticias","url":"https:\/\/www.laguiadepamplona.com\/actualidad\/","logo":{"@type":"ImageObject","inLanguage":"es","@id":"https:\/\/www.laguiadepamplona.com\/actualidad\/#\/schema\/logo\/image\/","url":"https:\/\/www.laguiadepamplona.com\/actualidad\/wp-content\/uploads\/2018\/11\/logo-laguiadepamplona18-web1.png","contentUrl":"https:\/\/www.laguiadepamplona.com\/actualidad\/wp-content\/uploads\/2018\/11\/logo-laguiadepamplona18-web1.png","width":600,"height":196,"caption":"La Gu\u00eda de Pamplona \/ Noticias"},"image":{"@id":"https:\/\/www.laguiadepamplona.com\/actualidad\/#\/schema\/logo\/image\/"},"sameAs":["https:\/\/www.facebook.com\/laguiadepamplonacom-133175176762273\/?ref=hl","https:\/\/x.com\/LaGuiadPamplona","https:\/\/www.instagram.com\/la_guia_de_pamplona\/","https:\/\/www.youtube.com\/user\/laguiadepamplona"]},{"@type":"Person","@id":"https:\/\/www.laguiadepamplona.com\/actualidad\/#\/schema\/person\/efe887376f0213d4657c93adc50b1fdb","name":"La Gu\u00eda de Pamplona","image":{"@type":"ImageObject","inLanguage":"es","@id":"https:\/\/secure.gravatar.com\/avatar\/b6992f131dc8d30ab0dff15446e9d346d9dbd95992de0fef795073f5ea83a81c?s=96&d=mm&r=g","url":"https:\/\/secure.gravatar.com\/avatar\/b6992f131dc8d30ab0dff15446e9d346d9dbd95992de0fef795073f5ea83a81c?s=96&d=mm&r=g","contentUrl":"https:\/\/secure.gravatar.com\/avatar\/b6992f131dc8d30ab0dff15446e9d346d9dbd95992de0fef795073f5ea83a81c?s=96&d=mm&r=g","caption":"La Gu\u00eda de Pamplona"}}]}},"post_mailing_queue_ids":[],"_links":{"self":[{"href":"https:\/\/www.laguiadepamplona.com\/actualidad\/wp-json\/wp\/v2\/posts\/42248","targetHints":{"allow":["GET"]}}],"collection":[{"href":"https:\/\/www.laguiadepamplona.com\/actualidad\/wp-json\/wp\/v2\/posts"}],"about":[{"href":"https:\/\/www.laguiadepamplona.com\/actualidad\/wp-json\/wp\/v2\/types\/post"}],"author":[{"embeddable":true,"href":"https:\/\/www.laguiadepamplona.com\/actualidad\/wp-json\/wp\/v2\/users\/1"}],"replies":[{"embeddable":true,"href":"https:\/\/www.laguiadepamplona.com\/actualidad\/wp-json\/wp\/v2\/comments?post=42248"}],"version-history":[{"count":0,"href":"https:\/\/www.laguiadepamplona.com\/actualidad\/wp-json\/wp\/v2\/posts\/42248\/revisions"}],"wp:featuredmedia":[{"embeddable":true,"href":"https:\/\/www.laguiadepamplona.com\/actualidad\/wp-json\/wp\/v2\/media\/42249"}],"wp:attachment":[{"href":"https:\/\/www.laguiadepamplona.com\/actualidad\/wp-json\/wp\/v2\/media?parent=42248"}],"wp:term":[{"taxonomy":"category","embeddable":true,"href":"https:\/\/www.laguiadepamplona.com\/actualidad\/wp-json\/wp\/v2\/categories?post=42248"},{"taxonomy":"post_tag","embeddable":true,"href":"https:\/\/www.laguiadepamplona.com\/actualidad\/wp-json\/wp\/v2\/tags?post=42248"}],"curies":[{"name":"wp","href":"https:\/\/api.w.org\/{rel}","templated":true}]}}