{"id":42245,"date":"2022-11-18T13:57:59","date_gmt":"2022-11-18T11:57:59","guid":{"rendered":"https:\/\/www.laguiadepamplona.com\/actualidad\/?p=42245"},"modified":"2023-04-11T11:47:33","modified_gmt":"2023-04-11T09:47:33","slug":"el-alcalde-de-pamplona-visita-a-pedro-samanes-mateo-para-felicitarle-en-el-dia-en-el-que-cumple-100-anos","status":"publish","type":"post","link":"https:\/\/www.laguiadepamplona.com\/actualidad\/el-alcalde-de-pamplona-visita-a-pedro-samanes-mateo-para-felicitarle-en-el-dia-en-el-que-cumple-100-anos\/","title":{"rendered":"El alcalde de Pamplona visita a Pedro Samanes Mateo para felicitarle en el d\u00eda en el que cumple 100 a\u00f1os"},"content":{"rendered":"<p><!--more--><\/p>\n<p>El alcalde de Pamplona, Enrique Maya, ha visitado esta ma\u00f1ana en el barrio de Rochapea a Pedro Samanes Mateo, que hoy viernes cumple cien a\u00f1os. El alcalde la ha visitado en su propio domicilio donde le ha entregado como recuerdo un ramo de flores, un pa\u00f1uelico de San Ferm\u00edn, un pin y alfiler y el libro, \u2018Pamplona, el siglo XX en im\u00e1genes\u2019.<br \/>\n<script async src=\"\/\/pagead2.googlesyndication.com\/pagead\/js\/adsbygoogle.js\"><\/script><br \/>\n<!-- Noticias La Guia de Pamplona --><br \/>\n<ins class=\"adsbygoogle\"\nstyle=\"display:block\"\ndata-ad-client=\"ca-pub-6943679897239327\"\ndata-ad-slot=\"7048180777\"\ndata-ad-format=\"auto\"><\/ins><br \/>\n<script>\n(adsbygoogle = window.adsbygoogle || []).push({});\n<\/script><\/p>\n<p>Pedro Samanes Mateo naci\u00f3 el 18 de noviembre de 1922 en Valtierra. Viudo de Teresa Rup\u00e9rez, con la que se cas\u00f3 en 1951, tiene dos hijos (Pedro Mari y Sole), tres nietos (Nadia, Amaia y Aitor) y tres biznietos (Ione, de 6 a\u00f1os, e Iker y Zoe, mellizos, de 5 a\u00f1os). Lleva viviendo en su casa de la Rochapea desde hace 50 a\u00f1os. Antes, entre 1947 y 1972, vivi\u00f3 en Zizur Mayor.<\/p>\n<p>Samanes trabaj\u00f3 en la f\u00e1brica de embutidos Argal de Lumbier durante 35 a\u00f1os como oficial de matarife. Al mismo tiempo, realizaba trabajos de campo en sus ratos libres y fines de semana. C\u00f3mo \u00e9l suele contar todav\u00eda, pues se encuentra en muy estado de salud, trabajaba de sol a sol en campos arrendados y llevaba sus propios animales (cerdos, gallinas, patos\u2026)\u00a0Guarda tambi\u00e9n muy buenos recuerdos del servicio militar que hizo en Melilla durante 33 meses.<\/p>\n","protected":false},"excerpt":{"rendered":"","protected":false},"author":1,"featured_media":42246,"comment_status":"open","ping_status":"closed","sticky":false,"template":"","format":"standard","meta":{"footnotes":""},"categories":[2],"tags":[],"class_list":["post-42245","post","type-post","status-publish","format-standard","has-post-thumbnail","hentry","category-ayuntamiento-pamplona"],"yoast_head":"<!-- This site is optimized with the Yoast SEO plugin v27.3 - https:\/\/yoast.com\/product\/yoast-seo-wordpress\/ -->\n<title>El alcalde de Pamplona visita a Pedro Samanes Mateo para felicitarle en el d\u00eda en el que cumple 100 a\u00f1os<\/title>\n<meta name=\"description\" content=\"Pedro Samanes Mateo naci\u00f3 el 18 de noviembre de 1922 en Valtierra. Viudo de Teresa Rup\u00e9rez, con la que se cas\u00f3 en 1951\" \/>\n<meta name=\"robots\" content=\"index, follow, max-snippet:-1, max-image-preview:large, max-video-preview:-1\" \/>\n<link rel=\"canonical\" href=\"https:\/\/www.laguiadepamplona.com\/actualidad\/el-alcalde-de-pamplona-visita-a-pedro-samanes-mateo-para-felicitarle-en-el-dia-en-el-que-cumple-100-anos\/\" \/>\n<meta property=\"og:locale\" content=\"es_ES\" \/>\n<meta property=\"og:type\" content=\"article\" \/>\n<meta property=\"og:title\" content=\"El alcalde de Pamplona visita a Pedro Samanes Mateo para felicitarle en el d\u00eda en el que cumple 100 a\u00f1os\" \/>\n<meta property=\"og:description\" content=\"Pedro Samanes Mateo naci\u00f3 el 18 de noviembre de 1922 en Valtierra. Viudo de Teresa Rup\u00e9rez, con la que se cas\u00f3 en 1951\" \/>\n<meta property=\"og:url\" content=\"https:\/\/www.laguiadepamplona.com\/actualidad\/el-alcalde-de-pamplona-visita-a-pedro-samanes-mateo-para-felicitarle-en-el-dia-en-el-que-cumple-100-anos\/\" \/>\n<meta property=\"og:site_name\" content=\"La Gu\u00eda de Pamplona\" \/>\n<meta property=\"article:publisher\" content=\"https:\/\/www.facebook.com\/laguiadepamplonacom-133175176762273\/?ref=hl\" \/>\n<meta property=\"article:published_time\" content=\"2022-11-18T11:57:59+00:00\" \/>\n<meta property=\"article:modified_time\" content=\"2023-04-11T09:47:33+00:00\" \/>\n<meta property=\"og:image\" content=\"https:\/\/www.laguiadepamplona.com\/actualidad\/wp-content\/uploads\/2022\/11\/centenario-pedro-samanes-mateo-ee5a3013.webp\" \/>\n\t<meta property=\"og:image:width\" content=\"1920\" \/>\n\t<meta property=\"og:image:height\" content=\"1280\" \/>\n\t<meta property=\"og:image:type\" content=\"image\/webp\" \/>\n<meta name=\"author\" content=\"La Gu\u00eda de Pamplona\" \/>\n<meta name=\"twitter:card\" content=\"summary_large_image\" \/>\n<meta name=\"twitter:creator\" content=\"@LaGuiadPamplona\" \/>\n<meta name=\"twitter:site\" content=\"@LaGuiadPamplona\" \/>\n<meta name=\"twitter:label1\" content=\"Escrito por\" \/>\n\t<meta name=\"twitter:data1\" content=\"La Gu\u00eda de Pamplona\" \/>\n\t<meta name=\"twitter:label2\" content=\"Tiempo de lectura\" \/>\n\t<meta name=\"twitter:data2\" content=\"1 minuto\" \/>\n<script type=\"application\/ld+json\" class=\"yoast-schema-graph\">{\"@context\":\"https:\\\/\\\/schema.org\",\"@graph\":[{\"@type\":\"Article\",\"@id\":\"https:\\\/\\\/www.laguiadepamplona.com\\\/actualidad\\\/el-alcalde-de-pamplona-visita-a-pedro-samanes-mateo-para-felicitarle-en-el-dia-en-el-que-cumple-100-anos\\\/#article\",\"isPartOf\":{\"@id\":\"https:\\\/\\\/www.laguiadepamplona.com\\\/actualidad\\\/el-alcalde-de-pamplona-visita-a-pedro-samanes-mateo-para-felicitarle-en-el-dia-en-el-que-cumple-100-anos\\\/\"},\"author\":{\"name\":\"La Gu\u00eda de Pamplona\",\"@id\":\"https:\\\/\\\/www.laguiadepamplona.com\\\/actualidad\\\/#\\\/schema\\\/person\\\/efe887376f0213d4657c93adc50b1fdb\"},\"headline\":\"El alcalde de Pamplona visita a Pedro Samanes Mateo para felicitarle en el d\u00eda en el que cumple 100 a\u00f1os\",\"datePublished\":\"2022-11-18T11:57:59+00:00\",\"dateModified\":\"2023-04-11T09:47:33+00:00\",\"mainEntityOfPage\":{\"@id\":\"https:\\\/\\\/www.laguiadepamplona.com\\\/actualidad\\\/el-alcalde-de-pamplona-visita-a-pedro-samanes-mateo-para-felicitarle-en-el-dia-en-el-que-cumple-100-anos\\\/\"},\"wordCount\":235,\"commentCount\":0,\"publisher\":{\"@id\":\"https:\\\/\\\/www.laguiadepamplona.com\\\/actualidad\\\/#organization\"},\"image\":{\"@id\":\"https:\\\/\\\/www.laguiadepamplona.com\\\/actualidad\\\/el-alcalde-de-pamplona-visita-a-pedro-samanes-mateo-para-felicitarle-en-el-dia-en-el-que-cumple-100-anos\\\/#primaryimage\"},\"thumbnailUrl\":\"https:\\\/\\\/www.laguiadepamplona.com\\\/actualidad\\\/wp-content\\\/uploads\\\/2022\\\/11\\\/centenario-pedro-samanes-mateo-ee5a3013.webp\",\"articleSection\":[\"Ayto Pamplona\"],\"inLanguage\":\"es\",\"potentialAction\":[{\"@type\":\"CommentAction\",\"name\":\"Comment\",\"target\":[\"https:\\\/\\\/www.laguiadepamplona.com\\\/actualidad\\\/el-alcalde-de-pamplona-visita-a-pedro-samanes-mateo-para-felicitarle-en-el-dia-en-el-que-cumple-100-anos\\\/#respond\"]}]},{\"@type\":\"WebPage\",\"@id\":\"https:\\\/\\\/www.laguiadepamplona.com\\\/actualidad\\\/el-alcalde-de-pamplona-visita-a-pedro-samanes-mateo-para-felicitarle-en-el-dia-en-el-que-cumple-100-anos\\\/\",\"url\":\"https:\\\/\\\/www.laguiadepamplona.com\\\/actualidad\\\/el-alcalde-de-pamplona-visita-a-pedro-samanes-mateo-para-felicitarle-en-el-dia-en-el-que-cumple-100-anos\\\/\",\"name\":\"El alcalde de Pamplona visita a Pedro Samanes Mateo para felicitarle en el d\u00eda en el que cumple 100 a\u00f1os\",\"isPartOf\":{\"@id\":\"https:\\\/\\\/www.laguiadepamplona.com\\\/actualidad\\\/#website\"},\"primaryImageOfPage\":{\"@id\":\"https:\\\/\\\/www.laguiadepamplona.com\\\/actualidad\\\/el-alcalde-de-pamplona-visita-a-pedro-samanes-mateo-para-felicitarle-en-el-dia-en-el-que-cumple-100-anos\\\/#primaryimage\"},\"image\":{\"@id\":\"https:\\\/\\\/www.laguiadepamplona.com\\\/actualidad\\\/el-alcalde-de-pamplona-visita-a-pedro-samanes-mateo-para-felicitarle-en-el-dia-en-el-que-cumple-100-anos\\\/#primaryimage\"},\"thumbnailUrl\":\"https:\\\/\\\/www.laguiadepamplona.com\\\/actualidad\\\/wp-content\\\/uploads\\\/2022\\\/11\\\/centenario-pedro-samanes-mateo-ee5a3013.webp\",\"datePublished\":\"2022-11-18T11:57:59+00:00\",\"dateModified\":\"2023-04-11T09:47:33+00:00\",\"description\":\"Pedro Samanes Mateo naci\u00f3 el 18 de noviembre de 1922 en Valtierra. Viudo de Teresa Rup\u00e9rez, con la que se cas\u00f3 en 1951\",\"breadcrumb\":{\"@id\":\"https:\\\/\\\/www.laguiadepamplona.com\\\/actualidad\\\/el-alcalde-de-pamplona-visita-a-pedro-samanes-mateo-para-felicitarle-en-el-dia-en-el-que-cumple-100-anos\\\/#breadcrumb\"},\"inLanguage\":\"es\",\"potentialAction\":[{\"@type\":\"ReadAction\",\"target\":[\"https:\\\/\\\/www.laguiadepamplona.com\\\/actualidad\\\/el-alcalde-de-pamplona-visita-a-pedro-samanes-mateo-para-felicitarle-en-el-dia-en-el-que-cumple-100-anos\\\/\"]}]},{\"@type\":\"ImageObject\",\"inLanguage\":\"es\",\"@id\":\"https:\\\/\\\/www.laguiadepamplona.com\\\/actualidad\\\/el-alcalde-de-pamplona-visita-a-pedro-samanes-mateo-para-felicitarle-en-el-dia-en-el-que-cumple-100-anos\\\/#primaryimage\",\"url\":\"https:\\\/\\\/www.laguiadepamplona.com\\\/actualidad\\\/wp-content\\\/uploads\\\/2022\\\/11\\\/centenario-pedro-samanes-mateo-ee5a3013.webp\",\"contentUrl\":\"https:\\\/\\\/www.laguiadepamplona.com\\\/actualidad\\\/wp-content\\\/uploads\\\/2022\\\/11\\\/centenario-pedro-samanes-mateo-ee5a3013.webp\",\"width\":1920,\"height\":1280},{\"@type\":\"BreadcrumbList\",\"@id\":\"https:\\\/\\\/www.laguiadepamplona.com\\\/actualidad\\\/el-alcalde-de-pamplona-visita-a-pedro-samanes-mateo-para-felicitarle-en-el-dia-en-el-que-cumple-100-anos\\\/#breadcrumb\",\"itemListElement\":[{\"@type\":\"ListItem\",\"position\":1,\"name\":\"Portada\",\"item\":\"https:\\\/\\\/www.laguiadepamplona.com\\\/actualidad\\\/\"},{\"@type\":\"ListItem\",\"position\":2,\"name\":\"El alcalde de Pamplona visita a Pedro Samanes Mateo para felicitarle en el d\u00eda en el que cumple 100 a\u00f1os\"}]},{\"@type\":\"WebSite\",\"@id\":\"https:\\\/\\\/www.laguiadepamplona.com\\\/actualidad\\\/#website\",\"url\":\"https:\\\/\\\/www.laguiadepamplona.com\\\/actualidad\\\/\",\"name\":\"La gu\u00eda de Pamplona\",\"description\":\"Noticias de Pamplona\",\"publisher\":{\"@id\":\"https:\\\/\\\/www.laguiadepamplona.com\\\/actualidad\\\/#organization\"},\"potentialAction\":[{\"@type\":\"SearchAction\",\"target\":{\"@type\":\"EntryPoint\",\"urlTemplate\":\"https:\\\/\\\/www.laguiadepamplona.com\\\/actualidad\\\/?s={search_term_string}\"},\"query-input\":{\"@type\":\"PropertyValueSpecification\",\"valueRequired\":true,\"valueName\":\"search_term_string\"}}],\"inLanguage\":\"es\"},{\"@type\":\"Organization\",\"@id\":\"https:\\\/\\\/www.laguiadepamplona.com\\\/actualidad\\\/#organization\",\"name\":\"La Gu\u00eda de Pamplona \\\/ Noticias\",\"url\":\"https:\\\/\\\/www.laguiadepamplona.com\\\/actualidad\\\/\",\"logo\":{\"@type\":\"ImageObject\",\"inLanguage\":\"es\",\"@id\":\"https:\\\/\\\/www.laguiadepamplona.com\\\/actualidad\\\/#\\\/schema\\\/logo\\\/image\\\/\",\"url\":\"https:\\\/\\\/www.laguiadepamplona.com\\\/actualidad\\\/wp-content\\\/uploads\\\/2018\\\/11\\\/logo-laguiadepamplona18-web1.png\",\"contentUrl\":\"https:\\\/\\\/www.laguiadepamplona.com\\\/actualidad\\\/wp-content\\\/uploads\\\/2018\\\/11\\\/logo-laguiadepamplona18-web1.png\",\"width\":600,\"height\":196,\"caption\":\"La Gu\u00eda de Pamplona \\\/ Noticias\"},\"image\":{\"@id\":\"https:\\\/\\\/www.laguiadepamplona.com\\\/actualidad\\\/#\\\/schema\\\/logo\\\/image\\\/\"},\"sameAs\":[\"https:\\\/\\\/www.facebook.com\\\/laguiadepamplonacom-133175176762273\\\/?ref=hl\",\"https:\\\/\\\/x.com\\\/LaGuiadPamplona\",\"https:\\\/\\\/www.instagram.com\\\/la_guia_de_pamplona\\\/\",\"https:\\\/\\\/www.youtube.com\\\/user\\\/laguiadepamplona\"]},{\"@type\":\"Person\",\"@id\":\"https:\\\/\\\/www.laguiadepamplona.com\\\/actualidad\\\/#\\\/schema\\\/person\\\/efe887376f0213d4657c93adc50b1fdb\",\"name\":\"La Gu\u00eda de Pamplona\",\"image\":{\"@type\":\"ImageObject\",\"inLanguage\":\"es\",\"@id\":\"https:\\\/\\\/secure.gravatar.com\\\/avatar\\\/b6992f131dc8d30ab0dff15446e9d346d9dbd95992de0fef795073f5ea83a81c?s=96&d=mm&r=g\",\"url\":\"https:\\\/\\\/secure.gravatar.com\\\/avatar\\\/b6992f131dc8d30ab0dff15446e9d346d9dbd95992de0fef795073f5ea83a81c?s=96&d=mm&r=g\",\"contentUrl\":\"https:\\\/\\\/secure.gravatar.com\\\/avatar\\\/b6992f131dc8d30ab0dff15446e9d346d9dbd95992de0fef795073f5ea83a81c?s=96&d=mm&r=g\",\"caption\":\"La Gu\u00eda de Pamplona\"}}]}<\/script>\n<!-- \/ Yoast SEO plugin. -->","yoast_head_json":{"title":"El alcalde de Pamplona visita a Pedro Samanes Mateo para felicitarle en el d\u00eda en el que cumple 100 a\u00f1os","description":"Pedro Samanes Mateo naci\u00f3 el 18 de noviembre de 1922 en Valtierra. Viudo de Teresa Rup\u00e9rez, con la que se cas\u00f3 en 1951","robots":{"index":"index","follow":"follow","max-snippet":"max-snippet:-1","max-image-preview":"max-image-preview:large","max-video-preview":"max-video-preview:-1"},"canonical":"https:\/\/www.laguiadepamplona.com\/actualidad\/el-alcalde-de-pamplona-visita-a-pedro-samanes-mateo-para-felicitarle-en-el-dia-en-el-que-cumple-100-anos\/","og_locale":"es_ES","og_type":"article","og_title":"El alcalde de Pamplona visita a Pedro Samanes Mateo para felicitarle en el d\u00eda en el que cumple 100 a\u00f1os","og_description":"Pedro Samanes Mateo naci\u00f3 el 18 de noviembre de 1922 en Valtierra. Viudo de Teresa Rup\u00e9rez, con la que se cas\u00f3 en 1951","og_url":"https:\/\/www.laguiadepamplona.com\/actualidad\/el-alcalde-de-pamplona-visita-a-pedro-samanes-mateo-para-felicitarle-en-el-dia-en-el-que-cumple-100-anos\/","og_site_name":"La Gu\u00eda de Pamplona","article_publisher":"https:\/\/www.facebook.com\/laguiadepamplonacom-133175176762273\/?ref=hl","article_published_time":"2022-11-18T11:57:59+00:00","article_modified_time":"2023-04-11T09:47:33+00:00","og_image":[{"width":1920,"height":1280,"url":"https:\/\/www.laguiadepamplona.com\/actualidad\/wp-content\/uploads\/2022\/11\/centenario-pedro-samanes-mateo-ee5a3013.webp","type":"image\/webp"}],"author":"La Gu\u00eda de Pamplona","twitter_card":"summary_large_image","twitter_creator":"@LaGuiadPamplona","twitter_site":"@LaGuiadPamplona","twitter_misc":{"Escrito por":"La Gu\u00eda de Pamplona","Tiempo de lectura":"1 minuto"},"schema":{"@context":"https:\/\/schema.org","@graph":[{"@type":"Article","@id":"https:\/\/www.laguiadepamplona.com\/actualidad\/el-alcalde-de-pamplona-visita-a-pedro-samanes-mateo-para-felicitarle-en-el-dia-en-el-que-cumple-100-anos\/#article","isPartOf":{"@id":"https:\/\/www.laguiadepamplona.com\/actualidad\/el-alcalde-de-pamplona-visita-a-pedro-samanes-mateo-para-felicitarle-en-el-dia-en-el-que-cumple-100-anos\/"},"author":{"name":"La Gu\u00eda de Pamplona","@id":"https:\/\/www.laguiadepamplona.com\/actualidad\/#\/schema\/person\/efe887376f0213d4657c93adc50b1fdb"},"headline":"El alcalde de Pamplona visita a Pedro Samanes Mateo para felicitarle en el d\u00eda en el que cumple 100 a\u00f1os","datePublished":"2022-11-18T11:57:59+00:00","dateModified":"2023-04-11T09:47:33+00:00","mainEntityOfPage":{"@id":"https:\/\/www.laguiadepamplona.com\/actualidad\/el-alcalde-de-pamplona-visita-a-pedro-samanes-mateo-para-felicitarle-en-el-dia-en-el-que-cumple-100-anos\/"},"wordCount":235,"commentCount":0,"publisher":{"@id":"https:\/\/www.laguiadepamplona.com\/actualidad\/#organization"},"image":{"@id":"https:\/\/www.laguiadepamplona.com\/actualidad\/el-alcalde-de-pamplona-visita-a-pedro-samanes-mateo-para-felicitarle-en-el-dia-en-el-que-cumple-100-anos\/#primaryimage"},"thumbnailUrl":"https:\/\/www.laguiadepamplona.com\/actualidad\/wp-content\/uploads\/2022\/11\/centenario-pedro-samanes-mateo-ee5a3013.webp","articleSection":["Ayto Pamplona"],"inLanguage":"es","potentialAction":[{"@type":"CommentAction","name":"Comment","target":["https:\/\/www.laguiadepamplona.com\/actualidad\/el-alcalde-de-pamplona-visita-a-pedro-samanes-mateo-para-felicitarle-en-el-dia-en-el-que-cumple-100-anos\/#respond"]}]},{"@type":"WebPage","@id":"https:\/\/www.laguiadepamplona.com\/actualidad\/el-alcalde-de-pamplona-visita-a-pedro-samanes-mateo-para-felicitarle-en-el-dia-en-el-que-cumple-100-anos\/","url":"https:\/\/www.laguiadepamplona.com\/actualidad\/el-alcalde-de-pamplona-visita-a-pedro-samanes-mateo-para-felicitarle-en-el-dia-en-el-que-cumple-100-anos\/","name":"El alcalde de Pamplona visita a Pedro Samanes Mateo para felicitarle en el d\u00eda en el que cumple 100 a\u00f1os","isPartOf":{"@id":"https:\/\/www.laguiadepamplona.com\/actualidad\/#website"},"primaryImageOfPage":{"@id":"https:\/\/www.laguiadepamplona.com\/actualidad\/el-alcalde-de-pamplona-visita-a-pedro-samanes-mateo-para-felicitarle-en-el-dia-en-el-que-cumple-100-anos\/#primaryimage"},"image":{"@id":"https:\/\/www.laguiadepamplona.com\/actualidad\/el-alcalde-de-pamplona-visita-a-pedro-samanes-mateo-para-felicitarle-en-el-dia-en-el-que-cumple-100-anos\/#primaryimage"},"thumbnailUrl":"https:\/\/www.laguiadepamplona.com\/actualidad\/wp-content\/uploads\/2022\/11\/centenario-pedro-samanes-mateo-ee5a3013.webp","datePublished":"2022-11-18T11:57:59+00:00","dateModified":"2023-04-11T09:47:33+00:00","description":"Pedro Samanes Mateo naci\u00f3 el 18 de noviembre de 1922 en Valtierra. Viudo de Teresa Rup\u00e9rez, con la que se cas\u00f3 en 1951","breadcrumb":{"@id":"https:\/\/www.laguiadepamplona.com\/actualidad\/el-alcalde-de-pamplona-visita-a-pedro-samanes-mateo-para-felicitarle-en-el-dia-en-el-que-cumple-100-anos\/#breadcrumb"},"inLanguage":"es","potentialAction":[{"@type":"ReadAction","target":["https:\/\/www.laguiadepamplona.com\/actualidad\/el-alcalde-de-pamplona-visita-a-pedro-samanes-mateo-para-felicitarle-en-el-dia-en-el-que-cumple-100-anos\/"]}]},{"@type":"ImageObject","inLanguage":"es","@id":"https:\/\/www.laguiadepamplona.com\/actualidad\/el-alcalde-de-pamplona-visita-a-pedro-samanes-mateo-para-felicitarle-en-el-dia-en-el-que-cumple-100-anos\/#primaryimage","url":"https:\/\/www.laguiadepamplona.com\/actualidad\/wp-content\/uploads\/2022\/11\/centenario-pedro-samanes-mateo-ee5a3013.webp","contentUrl":"https:\/\/www.laguiadepamplona.com\/actualidad\/wp-content\/uploads\/2022\/11\/centenario-pedro-samanes-mateo-ee5a3013.webp","width":1920,"height":1280},{"@type":"BreadcrumbList","@id":"https:\/\/www.laguiadepamplona.com\/actualidad\/el-alcalde-de-pamplona-visita-a-pedro-samanes-mateo-para-felicitarle-en-el-dia-en-el-que-cumple-100-anos\/#breadcrumb","itemListElement":[{"@type":"ListItem","position":1,"name":"Portada","item":"https:\/\/www.laguiadepamplona.com\/actualidad\/"},{"@type":"ListItem","position":2,"name":"El alcalde de Pamplona visita a Pedro Samanes Mateo para felicitarle en el d\u00eda en el que cumple 100 a\u00f1os"}]},{"@type":"WebSite","@id":"https:\/\/www.laguiadepamplona.com\/actualidad\/#website","url":"https:\/\/www.laguiadepamplona.com\/actualidad\/","name":"La gu\u00eda de Pamplona","description":"Noticias de Pamplona","publisher":{"@id":"https:\/\/www.laguiadepamplona.com\/actualidad\/#organization"},"potentialAction":[{"@type":"SearchAction","target":{"@type":"EntryPoint","urlTemplate":"https:\/\/www.laguiadepamplona.com\/actualidad\/?s={search_term_string}"},"query-input":{"@type":"PropertyValueSpecification","valueRequired":true,"valueName":"search_term_string"}}],"inLanguage":"es"},{"@type":"Organization","@id":"https:\/\/www.laguiadepamplona.com\/actualidad\/#organization","name":"La Gu\u00eda de Pamplona \/ Noticias","url":"https:\/\/www.laguiadepamplona.com\/actualidad\/","logo":{"@type":"ImageObject","inLanguage":"es","@id":"https:\/\/www.laguiadepamplona.com\/actualidad\/#\/schema\/logo\/image\/","url":"https:\/\/www.laguiadepamplona.com\/actualidad\/wp-content\/uploads\/2018\/11\/logo-laguiadepamplona18-web1.png","contentUrl":"https:\/\/www.laguiadepamplona.com\/actualidad\/wp-content\/uploads\/2018\/11\/logo-laguiadepamplona18-web1.png","width":600,"height":196,"caption":"La Gu\u00eda de Pamplona \/ Noticias"},"image":{"@id":"https:\/\/www.laguiadepamplona.com\/actualidad\/#\/schema\/logo\/image\/"},"sameAs":["https:\/\/www.facebook.com\/laguiadepamplonacom-133175176762273\/?ref=hl","https:\/\/x.com\/LaGuiadPamplona","https:\/\/www.instagram.com\/la_guia_de_pamplona\/","https:\/\/www.youtube.com\/user\/laguiadepamplona"]},{"@type":"Person","@id":"https:\/\/www.laguiadepamplona.com\/actualidad\/#\/schema\/person\/efe887376f0213d4657c93adc50b1fdb","name":"La Gu\u00eda de Pamplona","image":{"@type":"ImageObject","inLanguage":"es","@id":"https:\/\/secure.gravatar.com\/avatar\/b6992f131dc8d30ab0dff15446e9d346d9dbd95992de0fef795073f5ea83a81c?s=96&d=mm&r=g","url":"https:\/\/secure.gravatar.com\/avatar\/b6992f131dc8d30ab0dff15446e9d346d9dbd95992de0fef795073f5ea83a81c?s=96&d=mm&r=g","contentUrl":"https:\/\/secure.gravatar.com\/avatar\/b6992f131dc8d30ab0dff15446e9d346d9dbd95992de0fef795073f5ea83a81c?s=96&d=mm&r=g","caption":"La Gu\u00eda de Pamplona"}}]}},"post_mailing_queue_ids":[],"_links":{"self":[{"href":"https:\/\/www.laguiadepamplona.com\/actualidad\/wp-json\/wp\/v2\/posts\/42245","targetHints":{"allow":["GET"]}}],"collection":[{"href":"https:\/\/www.laguiadepamplona.com\/actualidad\/wp-json\/wp\/v2\/posts"}],"about":[{"href":"https:\/\/www.laguiadepamplona.com\/actualidad\/wp-json\/wp\/v2\/types\/post"}],"author":[{"embeddable":true,"href":"https:\/\/www.laguiadepamplona.com\/actualidad\/wp-json\/wp\/v2\/users\/1"}],"replies":[{"embeddable":true,"href":"https:\/\/www.laguiadepamplona.com\/actualidad\/wp-json\/wp\/v2\/comments?post=42245"}],"version-history":[{"count":0,"href":"https:\/\/www.laguiadepamplona.com\/actualidad\/wp-json\/wp\/v2\/posts\/42245\/revisions"}],"wp:featuredmedia":[{"embeddable":true,"href":"https:\/\/www.laguiadepamplona.com\/actualidad\/wp-json\/wp\/v2\/media\/42246"}],"wp:attachment":[{"href":"https:\/\/www.laguiadepamplona.com\/actualidad\/wp-json\/wp\/v2\/media?parent=42245"}],"wp:term":[{"taxonomy":"category","embeddable":true,"href":"https:\/\/www.laguiadepamplona.com\/actualidad\/wp-json\/wp\/v2\/categories?post=42245"},{"taxonomy":"post_tag","embeddable":true,"href":"https:\/\/www.laguiadepamplona.com\/actualidad\/wp-json\/wp\/v2\/tags?post=42245"}],"curies":[{"name":"wp","href":"https:\/\/api.w.org\/{rel}","templated":true}]}}