{"id":42242,"date":"2022-11-18T13:31:07","date_gmt":"2022-11-18T11:31:07","guid":{"rendered":"https:\/\/www.laguiadepamplona.com\/actualidad\/?p=42242"},"modified":"2023-04-11T11:47:33","modified_gmt":"2023-04-11T09:47:33","slug":"proyecciones-talleres-y-radio-en-directo-la-propuesta-de-actividades-del-ayuntamiento-de-pamplona-para-la-semana-del-25-de-noviembre","status":"publish","type":"post","link":"https:\/\/www.laguiadepamplona.com\/actualidad\/proyecciones-talleres-y-radio-en-directo-la-propuesta-de-actividades-del-ayuntamiento-de-pamplona-para-la-semana-del-25-de-noviembre\/","title":{"rendered":"Proyecciones, talleres y radio en directo: la propuesta de actividades del Ayuntamiento de Pamplona para la semana del 25 de noviembre"},"content":{"rendered":"<h5>El D\u00eda Internacional de la Eliminaci\u00f3n de la Violencia contra las Mujeres se centra este a\u00f1o en una doble discriminaci\u00f3n: mujeres y discapacidad<\/h5>\n<p><!--more--><\/p>\n<p>El Ayuntamiento de Pamplona ha preparado una programaci\u00f3n de actividades en torno a la celebraci\u00f3n, el 25 de noviembre, el D\u00eda Internacional de la Eliminaci\u00f3n de la Violencia contra las Mujeres. La jornada, instituida a nivel mundial por la ONU en 1999, define este tipo de violencia como \u00bb todo acto de violencia basado en la pertenencia al sexo femenino que tenga o pueda tener como resultado un da\u00f1o o sufrimiento f\u00edsico, sexual o psicol\u00f3gico para la mujer, as\u00ed como las amenazas de tales actos, la coacci\u00f3n o la privaci\u00f3n arbitraria de la libertad, tanto si se producen en la vida p\u00fablica como en la vida privada\u00bb.<\/p>\n<p>Este 2022 la mirada concreta se ha puesto a la doble discriminaci\u00f3n que sufren las mujeres que tienen alguna discapacidad. Seg\u00fan diversos estudios el riesgo que tienen de sufrir violencia machista es casi cinco veces mayor que el de mujeres sin discapacidad. Este a\u00f1o las propuestas son cincos, dos para el p\u00fablico en general y otras tres destinadas a p\u00fablico joven.<br \/>\n<script async src=\"\/\/pagead2.googlesyndication.com\/pagead\/js\/adsbygoogle.js\"><\/script><br \/>\n<!-- Noticias La Guia de Pamplona --><br \/>\n<ins class=\"adsbygoogle\"\nstyle=\"display:block\"\ndata-ad-client=\"ca-pub-6943679897239327\"\ndata-ad-slot=\"7048180777\"\ndata-ad-format=\"auto\"><\/ins><br \/>\n<script>\n(adsbygoogle = window.adsbygoogle || []).push({});\n<\/script><\/p>\n<p>Las dos primeras son proyecciones Este lunes 21 de noviembre tendr\u00e1 lugar la proyecci\u00f3n seguida de coloquio de \u2018In VISIBLES\u2019, una performance ideada y protagonizada por Emma Larreta, una mujer superviviente de violencia de g\u00e9nero. El pr\u00f3ximo jueves 24 la oferta es la exhibici\u00f3n de la pel\u00edcula documental \u2018Ama-das\u2019 (Espa\u00f1a, 2022, 71 minutos) de la realizadora Marga Guti\u00e9rrez. Es una cinta candidata a 10 premios Goya 2023 entre los que se encuentra Mejor pel\u00edcula, Mejor directora novel y Mejor guion original. El guion aborda, a trav\u00e9s de testimonios, las inseguridades de algunas mujeres que presentan grados diversos de alguna discapacidad.<\/p>\n<p>Adem\u00e1s, directamente destinadas al p\u00fablico joven el mi\u00e9rcoles 23 y el jueves 24 la Casa de la Juventud ofrecer\u00e1 dos talleres, uno de prevenci\u00f3n de violencias sexistas, otro de manualidades, adem\u00e1s de acoger en directo el programa \u2018El cofre del Capit\u00e1n Morgan\u2019 de \u00c1tica FM, que se centrar\u00e1 en la violencia de g\u00e9nero en el mundo del deporte. Como invitadas especiales en el espacio participar\u00e1n Mai Garde, futbolista y coordinadora del f\u00fatbol base de Osasuna y Andrea L\u00f3pez M\u00e9ndez, \u00e1rbitra en Primera Auton\u00f3mica a nivel regional en Navarra, y en 1\u00aa RFEF Femenina a nivel nacional.<\/p>\n<p>A estas actividades abiertas a la ciudadan\u00eda se unir\u00e1n la difusi\u00f3n de las correspondientes campa\u00f1as institucionales, as\u00ed como a los actos simb\u00f3licos que el Consistorio realice la pr\u00f3xima semana. El Ayuntamiento de Pamplona responde as\u00ed al llamamiento que la Asamblea General de las Naciones Unidas hace a gobiernos, organizaciones internacionales y ONG para que organicen actividades de sensibilizaci\u00f3n sobre este problema social.<br \/>\n<script async src=\"\/\/pagead2.googlesyndication.com\/pagead\/js\/adsbygoogle.js\"><\/script><br \/>\n<!-- Noticias La Guia de Pamplona --><br \/>\n<ins class=\"adsbygoogle\"\nstyle=\"display:block\"\ndata-ad-client=\"ca-pub-6943679897239327\"\ndata-ad-slot=\"7048180777\"\ndata-ad-format=\"auto\"><\/ins><br \/>\n<script>\n(adsbygoogle = window.adsbygoogle || []).push({});\n<\/script><\/p>\n<p><strong>Cuando se sobrevive a una agresi\u00f3n brutal<\/strong><\/p>\n<p>Este lunes 21 de noviembre, en el Palacio del Condestable a las 18 horas con entrada libre, tendr\u00e1 lugar la primera de las actividades propuestas desde el Consistorio: la proyecci\u00f3n de \u2018In VISIBLES\u2019, una propuesta art\u00edstica de Emma Larreta que naci\u00f3 en 2008 como coreograf\u00eda y obra de teatro en el teatro Victoria Eugenia de San Sebasti\u00e1n. Eso suced\u00eda un a\u00f1o despu\u00e9s de su agresi\u00f3n que, m\u00e1s all\u00e1 del papel de v\u00edctima, le hizo tomar al rol de ser un testimonio vivo para mostrar la realidad de los malos tratos y contribuir a impedir el letargo social y emocional. Ahora Larreta ha convertido su performance en una grabaci\u00f3n, entre otras cosas porque es m\u00e1s f\u00e1cil de difundir en cualquier entorno. El lunes lo har\u00e1 en Pamplona y tras la proyecci\u00f3n la artista se encontrar\u00e1 con el p\u00fablico asistente para contar su experiencia y percepciones y se establecer\u00e1 un coloquio.<\/p>\n<p>Y el jueves 24 de noviembre, v\u00edspera de la jornada conmemorativa, en Civivox Jus la Rocha a las 18.30 horas y con entrada libre se proyectar\u00e1 \u2018Ama-das\u2019 (Espa\u00f1a, 2022, 71 minutos), un documental con tres candidaturas a los premios Goya de este a\u00f1o que narra la experiencia con la violencia machista de diferentes mujeres con distintas discapacidades. Idoia, Pili, Rosa y Emma asisten a un taller de empoderamiento para trabajar su autoestima y las herramientas para enfrentarse a sus temores, dudas y preocupaciones. El eje de su reflexi\u00f3n es si sentir\u00e1n alguna vez amadas. El documental surge de un diagn\u00f3stico realizado por COCEMFE Navarra, la Federaci\u00f3n de Asociaciones de Personas con Discapacidad f\u00edsica y org\u00e1nica de Navarra que puso de manifiesto que casi el 50% de las mujeres con discapacidad que participaban en talleres de b\u00fasqueda de empleo a ellas dirigidos hab\u00edan sufrido o estaban sufriendo violencia de g\u00e9nero. Tras el documental habr\u00e1 un coloquio con la directora y las protagonistas.<br \/>\n<script async src=\"\/\/pagead2.googlesyndication.com\/pagead\/js\/adsbygoogle.js\"><\/script><br \/>\n<!-- Noticias La Guia de Pamplona --><br \/>\n<ins class=\"adsbygoogle\"\nstyle=\"display:block\"\ndata-ad-client=\"ca-pub-6943679897239327\"\ndata-ad-slot=\"7048180777\"\ndata-ad-format=\"auto\"><\/ins><br \/>\n<script>\n(adsbygoogle = window.adsbygoogle || []).push({});\n<\/script><\/p>\n<p><strong>Dos talleres y radio con funci\u00f3n social<\/strong><\/p>\n<p>La Casa de la Juventud tambi\u00e9n tienen previstas actividades para la franja de ciudadan\u00eda joven. El mi\u00e9rcoles 23, a las 18.30 horas acoger\u00e1 el taller \u2018Amor saludable y prevenci\u00f3n contra el maltrato\u2019. Esta actividad pretende ayudar a las personas j\u00f3venes a identificar el maltrato en las relaciones de pareja, as\u00ed como ofrecer una gu\u00eda que pueda ayudar a construir v\u00ednculos afectivos saludables, m\u00e1s all\u00e1 del concepto de amor rom\u00e1ntico. Se analizar\u00e1 c\u00f3mo se desarrolla la violencia de g\u00e9nero y se analizar\u00e1 qu\u00e9 hacer para su prevenci\u00f3n.<\/p>\n<p>Y el jueves los previsto son dos propuestas. La primera, a las 18 horas, es un taller de manualidades a cargo de Garazi Valluerca en el que se elaborar\u00e1 una \u201cC\u00fapula\u201d con tiras de papel ilustradas con frases y extractos de historias que han fortalecido a las personas participantes para crear un espacio de empoderamiento, reconocimiento y seguridad.<br \/>\n<script async src=\"\/\/pagead2.googlesyndication.com\/pagead\/js\/adsbygoogle.js\"><\/script><br \/>\n<!-- Noticias La Guia de Pamplona --><br \/>\n<ins class=\"adsbygoogle\"\nstyle=\"display:block\"\ndata-ad-client=\"ca-pub-6943679897239327\"\ndata-ad-slot=\"7048180777\"\ndata-ad-format=\"auto\"><\/ins><br \/>\n<script>\n(adsbygoogle = window.adsbygoogle || []).push({});\n<\/script><\/p>\n<p>A las 19.30 horas quien lo desee podr\u00e1 asistir a la emisi\u00f3n en directo el programa \u2018El cofre del Capit\u00e1n Morgan\u2019 que se emite en la emisora \u00c1tica FM. En este d\u00eda sus contenidos se centrar\u00e1n en la violencia de g\u00e9nero en el mundo del deporte. Las locutoras Merche Etayo y Bel\u00e9n Garc\u00eda entrevistar\u00e1n a la futbolista y coordinadora del f\u00fatbol base de Osasuna Mai Garde y a la \u00e1rbitra en Primera Auton\u00f3mica a nivel regional en Navarra, y en 1\u00aa RFEF Femenina a nivel nacional Andrea L\u00f3pez M\u00e9ndez.<\/p>\n","protected":false},"excerpt":{"rendered":"<p>El D\u00eda Internacional de la Eliminaci\u00f3n de la Violencia contra las Mujeres se centra este a\u00f1o en una doble discriminaci\u00f3n: mujeres y discapacidad<\/p>\n","protected":false},"author":1,"featured_media":42243,"comment_status":"open","ping_status":"closed","sticky":false,"template":"","format":"standard","meta":{"footnotes":""},"categories":[2],"tags":[],"class_list":["post-42242","post","type-post","status-publish","format-standard","has-post-thumbnail","hentry","category-ayuntamiento-pamplona"],"yoast_head":"<!-- This site is optimized with the Yoast SEO plugin v27.3 - https:\/\/yoast.com\/product\/yoast-seo-wordpress\/ -->\n<title>Proyecciones, talleres y radio en directo: la propuesta de actividades del Ayuntamiento de Pamplona para la semana del 25 de noviembre<\/title>\n<meta name=\"description\" content=\"El D\u00eda Internacional de la Eliminaci\u00f3n de la Violencia contra las Mujeres se centra este a\u00f1o en una doble discriminaci\u00f3n: mujeres y discapacidad\" \/>\n<meta name=\"robots\" content=\"index, follow, max-snippet:-1, max-image-preview:large, max-video-preview:-1\" \/>\n<link rel=\"canonical\" href=\"https:\/\/www.laguiadepamplona.com\/actualidad\/proyecciones-talleres-y-radio-en-directo-la-propuesta-de-actividades-del-ayuntamiento-de-pamplona-para-la-semana-del-25-de-noviembre\/\" \/>\n<meta property=\"og:locale\" content=\"es_ES\" \/>\n<meta property=\"og:type\" content=\"article\" \/>\n<meta property=\"og:title\" content=\"Proyecciones, talleres y radio en directo: la propuesta de actividades del Ayuntamiento de Pamplona para la semana del 25 de noviembre\" \/>\n<meta property=\"og:description\" content=\"El D\u00eda Internacional de la Eliminaci\u00f3n de la Violencia contra las Mujeres se centra este a\u00f1o en una doble discriminaci\u00f3n: mujeres y discapacidad\" \/>\n<meta property=\"og:url\" content=\"https:\/\/www.laguiadepamplona.com\/actualidad\/proyecciones-talleres-y-radio-en-directo-la-propuesta-de-actividades-del-ayuntamiento-de-pamplona-para-la-semana-del-25-de-noviembre\/\" \/>\n<meta property=\"og:site_name\" content=\"La Gu\u00eda de Pamplona\" \/>\n<meta property=\"article:publisher\" content=\"https:\/\/www.facebook.com\/laguiadepamplonacom-133175176762273\/?ref=hl\" \/>\n<meta property=\"article:published_time\" content=\"2022-11-18T11:31:07+00:00\" \/>\n<meta property=\"article:modified_time\" content=\"2023-04-11T09:47:33+00:00\" \/>\n<meta property=\"og:image\" content=\"https:\/\/www.laguiadepamplona.com\/actualidad\/wp-content\/uploads\/2022\/11\/inVISIBLES1.jpg\" \/>\n\t<meta property=\"og:image:width\" content=\"842\" \/>\n\t<meta property=\"og:image:height\" content=\"595\" \/>\n\t<meta property=\"og:image:type\" content=\"image\/jpeg\" \/>\n<meta name=\"author\" content=\"La Gu\u00eda de Pamplona\" \/>\n<meta name=\"twitter:card\" content=\"summary_large_image\" \/>\n<meta name=\"twitter:creator\" content=\"@LaGuiadPamplona\" \/>\n<meta name=\"twitter:site\" content=\"@LaGuiadPamplona\" \/>\n<meta name=\"twitter:label1\" content=\"Escrito por\" \/>\n\t<meta name=\"twitter:data1\" content=\"La Gu\u00eda de Pamplona\" \/>\n\t<meta name=\"twitter:label2\" content=\"Tiempo de lectura\" \/>\n\t<meta name=\"twitter:data2\" content=\"5 minutos\" \/>\n<script type=\"application\/ld+json\" class=\"yoast-schema-graph\">{\"@context\":\"https:\\\/\\\/schema.org\",\"@graph\":[{\"@type\":\"Article\",\"@id\":\"https:\\\/\\\/www.laguiadepamplona.com\\\/actualidad\\\/proyecciones-talleres-y-radio-en-directo-la-propuesta-de-actividades-del-ayuntamiento-de-pamplona-para-la-semana-del-25-de-noviembre\\\/#article\",\"isPartOf\":{\"@id\":\"https:\\\/\\\/www.laguiadepamplona.com\\\/actualidad\\\/proyecciones-talleres-y-radio-en-directo-la-propuesta-de-actividades-del-ayuntamiento-de-pamplona-para-la-semana-del-25-de-noviembre\\\/\"},\"author\":{\"name\":\"La Gu\u00eda de Pamplona\",\"@id\":\"https:\\\/\\\/www.laguiadepamplona.com\\\/actualidad\\\/#\\\/schema\\\/person\\\/efe887376f0213d4657c93adc50b1fdb\"},\"headline\":\"Proyecciones, talleres y radio en directo: la propuesta de actividades del Ayuntamiento de Pamplona para la semana del 25 de noviembre\",\"datePublished\":\"2022-11-18T11:31:07+00:00\",\"dateModified\":\"2023-04-11T09:47:33+00:00\",\"mainEntityOfPage\":{\"@id\":\"https:\\\/\\\/www.laguiadepamplona.com\\\/actualidad\\\/proyecciones-talleres-y-radio-en-directo-la-propuesta-de-actividades-del-ayuntamiento-de-pamplona-para-la-semana-del-25-de-noviembre\\\/\"},\"wordCount\":1101,\"commentCount\":0,\"publisher\":{\"@id\":\"https:\\\/\\\/www.laguiadepamplona.com\\\/actualidad\\\/#organization\"},\"image\":{\"@id\":\"https:\\\/\\\/www.laguiadepamplona.com\\\/actualidad\\\/proyecciones-talleres-y-radio-en-directo-la-propuesta-de-actividades-del-ayuntamiento-de-pamplona-para-la-semana-del-25-de-noviembre\\\/#primaryimage\"},\"thumbnailUrl\":\"https:\\\/\\\/www.laguiadepamplona.com\\\/actualidad\\\/wp-content\\\/uploads\\\/2022\\\/11\\\/inVISIBLES1.jpg\",\"articleSection\":[\"Ayto Pamplona\"],\"inLanguage\":\"es\",\"potentialAction\":[{\"@type\":\"CommentAction\",\"name\":\"Comment\",\"target\":[\"https:\\\/\\\/www.laguiadepamplona.com\\\/actualidad\\\/proyecciones-talleres-y-radio-en-directo-la-propuesta-de-actividades-del-ayuntamiento-de-pamplona-para-la-semana-del-25-de-noviembre\\\/#respond\"]}]},{\"@type\":\"WebPage\",\"@id\":\"https:\\\/\\\/www.laguiadepamplona.com\\\/actualidad\\\/proyecciones-talleres-y-radio-en-directo-la-propuesta-de-actividades-del-ayuntamiento-de-pamplona-para-la-semana-del-25-de-noviembre\\\/\",\"url\":\"https:\\\/\\\/www.laguiadepamplona.com\\\/actualidad\\\/proyecciones-talleres-y-radio-en-directo-la-propuesta-de-actividades-del-ayuntamiento-de-pamplona-para-la-semana-del-25-de-noviembre\\\/\",\"name\":\"Proyecciones, talleres y radio en directo: la propuesta de actividades del Ayuntamiento de Pamplona para la semana del 25 de noviembre\",\"isPartOf\":{\"@id\":\"https:\\\/\\\/www.laguiadepamplona.com\\\/actualidad\\\/#website\"},\"primaryImageOfPage\":{\"@id\":\"https:\\\/\\\/www.laguiadepamplona.com\\\/actualidad\\\/proyecciones-talleres-y-radio-en-directo-la-propuesta-de-actividades-del-ayuntamiento-de-pamplona-para-la-semana-del-25-de-noviembre\\\/#primaryimage\"},\"image\":{\"@id\":\"https:\\\/\\\/www.laguiadepamplona.com\\\/actualidad\\\/proyecciones-talleres-y-radio-en-directo-la-propuesta-de-actividades-del-ayuntamiento-de-pamplona-para-la-semana-del-25-de-noviembre\\\/#primaryimage\"},\"thumbnailUrl\":\"https:\\\/\\\/www.laguiadepamplona.com\\\/actualidad\\\/wp-content\\\/uploads\\\/2022\\\/11\\\/inVISIBLES1.jpg\",\"datePublished\":\"2022-11-18T11:31:07+00:00\",\"dateModified\":\"2023-04-11T09:47:33+00:00\",\"description\":\"El D\u00eda Internacional de la Eliminaci\u00f3n de la Violencia contra las Mujeres se centra este a\u00f1o en una doble discriminaci\u00f3n: mujeres y discapacidad\",\"breadcrumb\":{\"@id\":\"https:\\\/\\\/www.laguiadepamplona.com\\\/actualidad\\\/proyecciones-talleres-y-radio-en-directo-la-propuesta-de-actividades-del-ayuntamiento-de-pamplona-para-la-semana-del-25-de-noviembre\\\/#breadcrumb\"},\"inLanguage\":\"es\",\"potentialAction\":[{\"@type\":\"ReadAction\",\"target\":[\"https:\\\/\\\/www.laguiadepamplona.com\\\/actualidad\\\/proyecciones-talleres-y-radio-en-directo-la-propuesta-de-actividades-del-ayuntamiento-de-pamplona-para-la-semana-del-25-de-noviembre\\\/\"]}]},{\"@type\":\"ImageObject\",\"inLanguage\":\"es\",\"@id\":\"https:\\\/\\\/www.laguiadepamplona.com\\\/actualidad\\\/proyecciones-talleres-y-radio-en-directo-la-propuesta-de-actividades-del-ayuntamiento-de-pamplona-para-la-semana-del-25-de-noviembre\\\/#primaryimage\",\"url\":\"https:\\\/\\\/www.laguiadepamplona.com\\\/actualidad\\\/wp-content\\\/uploads\\\/2022\\\/11\\\/inVISIBLES1.jpg\",\"contentUrl\":\"https:\\\/\\\/www.laguiadepamplona.com\\\/actualidad\\\/wp-content\\\/uploads\\\/2022\\\/11\\\/inVISIBLES1.jpg\",\"width\":842,\"height\":595},{\"@type\":\"BreadcrumbList\",\"@id\":\"https:\\\/\\\/www.laguiadepamplona.com\\\/actualidad\\\/proyecciones-talleres-y-radio-en-directo-la-propuesta-de-actividades-del-ayuntamiento-de-pamplona-para-la-semana-del-25-de-noviembre\\\/#breadcrumb\",\"itemListElement\":[{\"@type\":\"ListItem\",\"position\":1,\"name\":\"Portada\",\"item\":\"https:\\\/\\\/www.laguiadepamplona.com\\\/actualidad\\\/\"},{\"@type\":\"ListItem\",\"position\":2,\"name\":\"Proyecciones, talleres y radio en directo: la propuesta de actividades del Ayuntamiento de Pamplona para la semana del 25 de noviembre\"}]},{\"@type\":\"WebSite\",\"@id\":\"https:\\\/\\\/www.laguiadepamplona.com\\\/actualidad\\\/#website\",\"url\":\"https:\\\/\\\/www.laguiadepamplona.com\\\/actualidad\\\/\",\"name\":\"La gu\u00eda de Pamplona\",\"description\":\"Noticias de Pamplona\",\"publisher\":{\"@id\":\"https:\\\/\\\/www.laguiadepamplona.com\\\/actualidad\\\/#organization\"},\"potentialAction\":[{\"@type\":\"SearchAction\",\"target\":{\"@type\":\"EntryPoint\",\"urlTemplate\":\"https:\\\/\\\/www.laguiadepamplona.com\\\/actualidad\\\/?s={search_term_string}\"},\"query-input\":{\"@type\":\"PropertyValueSpecification\",\"valueRequired\":true,\"valueName\":\"search_term_string\"}}],\"inLanguage\":\"es\"},{\"@type\":\"Organization\",\"@id\":\"https:\\\/\\\/www.laguiadepamplona.com\\\/actualidad\\\/#organization\",\"name\":\"La Gu\u00eda de Pamplona \\\/ Noticias\",\"url\":\"https:\\\/\\\/www.laguiadepamplona.com\\\/actualidad\\\/\",\"logo\":{\"@type\":\"ImageObject\",\"inLanguage\":\"es\",\"@id\":\"https:\\\/\\\/www.laguiadepamplona.com\\\/actualidad\\\/#\\\/schema\\\/logo\\\/image\\\/\",\"url\":\"https:\\\/\\\/www.laguiadepamplona.com\\\/actualidad\\\/wp-content\\\/uploads\\\/2018\\\/11\\\/logo-laguiadepamplona18-web1.png\",\"contentUrl\":\"https:\\\/\\\/www.laguiadepamplona.com\\\/actualidad\\\/wp-content\\\/uploads\\\/2018\\\/11\\\/logo-laguiadepamplona18-web1.png\",\"width\":600,\"height\":196,\"caption\":\"La Gu\u00eda de Pamplona \\\/ Noticias\"},\"image\":{\"@id\":\"https:\\\/\\\/www.laguiadepamplona.com\\\/actualidad\\\/#\\\/schema\\\/logo\\\/image\\\/\"},\"sameAs\":[\"https:\\\/\\\/www.facebook.com\\\/laguiadepamplonacom-133175176762273\\\/?ref=hl\",\"https:\\\/\\\/x.com\\\/LaGuiadPamplona\",\"https:\\\/\\\/www.instagram.com\\\/la_guia_de_pamplona\\\/\",\"https:\\\/\\\/www.youtube.com\\\/user\\\/laguiadepamplona\"]},{\"@type\":\"Person\",\"@id\":\"https:\\\/\\\/www.laguiadepamplona.com\\\/actualidad\\\/#\\\/schema\\\/person\\\/efe887376f0213d4657c93adc50b1fdb\",\"name\":\"La Gu\u00eda de Pamplona\",\"image\":{\"@type\":\"ImageObject\",\"inLanguage\":\"es\",\"@id\":\"https:\\\/\\\/secure.gravatar.com\\\/avatar\\\/b6992f131dc8d30ab0dff15446e9d346d9dbd95992de0fef795073f5ea83a81c?s=96&d=mm&r=g\",\"url\":\"https:\\\/\\\/secure.gravatar.com\\\/avatar\\\/b6992f131dc8d30ab0dff15446e9d346d9dbd95992de0fef795073f5ea83a81c?s=96&d=mm&r=g\",\"contentUrl\":\"https:\\\/\\\/secure.gravatar.com\\\/avatar\\\/b6992f131dc8d30ab0dff15446e9d346d9dbd95992de0fef795073f5ea83a81c?s=96&d=mm&r=g\",\"caption\":\"La Gu\u00eda de Pamplona\"}}]}<\/script>\n<!-- \/ Yoast SEO plugin. -->","yoast_head_json":{"title":"Proyecciones, talleres y radio en directo: la propuesta de actividades del Ayuntamiento de Pamplona para la semana del 25 de noviembre","description":"El D\u00eda Internacional de la Eliminaci\u00f3n de la Violencia contra las Mujeres se centra este a\u00f1o en una doble discriminaci\u00f3n: mujeres y discapacidad","robots":{"index":"index","follow":"follow","max-snippet":"max-snippet:-1","max-image-preview":"max-image-preview:large","max-video-preview":"max-video-preview:-1"},"canonical":"https:\/\/www.laguiadepamplona.com\/actualidad\/proyecciones-talleres-y-radio-en-directo-la-propuesta-de-actividades-del-ayuntamiento-de-pamplona-para-la-semana-del-25-de-noviembre\/","og_locale":"es_ES","og_type":"article","og_title":"Proyecciones, talleres y radio en directo: la propuesta de actividades del Ayuntamiento de Pamplona para la semana del 25 de noviembre","og_description":"El D\u00eda Internacional de la Eliminaci\u00f3n de la Violencia contra las Mujeres se centra este a\u00f1o en una doble discriminaci\u00f3n: mujeres y discapacidad","og_url":"https:\/\/www.laguiadepamplona.com\/actualidad\/proyecciones-talleres-y-radio-en-directo-la-propuesta-de-actividades-del-ayuntamiento-de-pamplona-para-la-semana-del-25-de-noviembre\/","og_site_name":"La Gu\u00eda de Pamplona","article_publisher":"https:\/\/www.facebook.com\/laguiadepamplonacom-133175176762273\/?ref=hl","article_published_time":"2022-11-18T11:31:07+00:00","article_modified_time":"2023-04-11T09:47:33+00:00","og_image":[{"width":842,"height":595,"url":"https:\/\/www.laguiadepamplona.com\/actualidad\/wp-content\/uploads\/2022\/11\/inVISIBLES1.jpg","type":"image\/jpeg"}],"author":"La Gu\u00eda de Pamplona","twitter_card":"summary_large_image","twitter_creator":"@LaGuiadPamplona","twitter_site":"@LaGuiadPamplona","twitter_misc":{"Escrito por":"La Gu\u00eda de Pamplona","Tiempo de lectura":"5 minutos"},"schema":{"@context":"https:\/\/schema.org","@graph":[{"@type":"Article","@id":"https:\/\/www.laguiadepamplona.com\/actualidad\/proyecciones-talleres-y-radio-en-directo-la-propuesta-de-actividades-del-ayuntamiento-de-pamplona-para-la-semana-del-25-de-noviembre\/#article","isPartOf":{"@id":"https:\/\/www.laguiadepamplona.com\/actualidad\/proyecciones-talleres-y-radio-en-directo-la-propuesta-de-actividades-del-ayuntamiento-de-pamplona-para-la-semana-del-25-de-noviembre\/"},"author":{"name":"La Gu\u00eda de Pamplona","@id":"https:\/\/www.laguiadepamplona.com\/actualidad\/#\/schema\/person\/efe887376f0213d4657c93adc50b1fdb"},"headline":"Proyecciones, talleres y radio en directo: la propuesta de actividades del Ayuntamiento de Pamplona para la semana del 25 de noviembre","datePublished":"2022-11-18T11:31:07+00:00","dateModified":"2023-04-11T09:47:33+00:00","mainEntityOfPage":{"@id":"https:\/\/www.laguiadepamplona.com\/actualidad\/proyecciones-talleres-y-radio-en-directo-la-propuesta-de-actividades-del-ayuntamiento-de-pamplona-para-la-semana-del-25-de-noviembre\/"},"wordCount":1101,"commentCount":0,"publisher":{"@id":"https:\/\/www.laguiadepamplona.com\/actualidad\/#organization"},"image":{"@id":"https:\/\/www.laguiadepamplona.com\/actualidad\/proyecciones-talleres-y-radio-en-directo-la-propuesta-de-actividades-del-ayuntamiento-de-pamplona-para-la-semana-del-25-de-noviembre\/#primaryimage"},"thumbnailUrl":"https:\/\/www.laguiadepamplona.com\/actualidad\/wp-content\/uploads\/2022\/11\/inVISIBLES1.jpg","articleSection":["Ayto Pamplona"],"inLanguage":"es","potentialAction":[{"@type":"CommentAction","name":"Comment","target":["https:\/\/www.laguiadepamplona.com\/actualidad\/proyecciones-talleres-y-radio-en-directo-la-propuesta-de-actividades-del-ayuntamiento-de-pamplona-para-la-semana-del-25-de-noviembre\/#respond"]}]},{"@type":"WebPage","@id":"https:\/\/www.laguiadepamplona.com\/actualidad\/proyecciones-talleres-y-radio-en-directo-la-propuesta-de-actividades-del-ayuntamiento-de-pamplona-para-la-semana-del-25-de-noviembre\/","url":"https:\/\/www.laguiadepamplona.com\/actualidad\/proyecciones-talleres-y-radio-en-directo-la-propuesta-de-actividades-del-ayuntamiento-de-pamplona-para-la-semana-del-25-de-noviembre\/","name":"Proyecciones, talleres y radio en directo: la propuesta de actividades del Ayuntamiento de Pamplona para la semana del 25 de noviembre","isPartOf":{"@id":"https:\/\/www.laguiadepamplona.com\/actualidad\/#website"},"primaryImageOfPage":{"@id":"https:\/\/www.laguiadepamplona.com\/actualidad\/proyecciones-talleres-y-radio-en-directo-la-propuesta-de-actividades-del-ayuntamiento-de-pamplona-para-la-semana-del-25-de-noviembre\/#primaryimage"},"image":{"@id":"https:\/\/www.laguiadepamplona.com\/actualidad\/proyecciones-talleres-y-radio-en-directo-la-propuesta-de-actividades-del-ayuntamiento-de-pamplona-para-la-semana-del-25-de-noviembre\/#primaryimage"},"thumbnailUrl":"https:\/\/www.laguiadepamplona.com\/actualidad\/wp-content\/uploads\/2022\/11\/inVISIBLES1.jpg","datePublished":"2022-11-18T11:31:07+00:00","dateModified":"2023-04-11T09:47:33+00:00","description":"El D\u00eda Internacional de la Eliminaci\u00f3n de la Violencia contra las Mujeres se centra este a\u00f1o en una doble discriminaci\u00f3n: mujeres y discapacidad","breadcrumb":{"@id":"https:\/\/www.laguiadepamplona.com\/actualidad\/proyecciones-talleres-y-radio-en-directo-la-propuesta-de-actividades-del-ayuntamiento-de-pamplona-para-la-semana-del-25-de-noviembre\/#breadcrumb"},"inLanguage":"es","potentialAction":[{"@type":"ReadAction","target":["https:\/\/www.laguiadepamplona.com\/actualidad\/proyecciones-talleres-y-radio-en-directo-la-propuesta-de-actividades-del-ayuntamiento-de-pamplona-para-la-semana-del-25-de-noviembre\/"]}]},{"@type":"ImageObject","inLanguage":"es","@id":"https:\/\/www.laguiadepamplona.com\/actualidad\/proyecciones-talleres-y-radio-en-directo-la-propuesta-de-actividades-del-ayuntamiento-de-pamplona-para-la-semana-del-25-de-noviembre\/#primaryimage","url":"https:\/\/www.laguiadepamplona.com\/actualidad\/wp-content\/uploads\/2022\/11\/inVISIBLES1.jpg","contentUrl":"https:\/\/www.laguiadepamplona.com\/actualidad\/wp-content\/uploads\/2022\/11\/inVISIBLES1.jpg","width":842,"height":595},{"@type":"BreadcrumbList","@id":"https:\/\/www.laguiadepamplona.com\/actualidad\/proyecciones-talleres-y-radio-en-directo-la-propuesta-de-actividades-del-ayuntamiento-de-pamplona-para-la-semana-del-25-de-noviembre\/#breadcrumb","itemListElement":[{"@type":"ListItem","position":1,"name":"Portada","item":"https:\/\/www.laguiadepamplona.com\/actualidad\/"},{"@type":"ListItem","position":2,"name":"Proyecciones, talleres y radio en directo: la propuesta de actividades del Ayuntamiento de Pamplona para la semana del 25 de noviembre"}]},{"@type":"WebSite","@id":"https:\/\/www.laguiadepamplona.com\/actualidad\/#website","url":"https:\/\/www.laguiadepamplona.com\/actualidad\/","name":"La gu\u00eda de Pamplona","description":"Noticias de Pamplona","publisher":{"@id":"https:\/\/www.laguiadepamplona.com\/actualidad\/#organization"},"potentialAction":[{"@type":"SearchAction","target":{"@type":"EntryPoint","urlTemplate":"https:\/\/www.laguiadepamplona.com\/actualidad\/?s={search_term_string}"},"query-input":{"@type":"PropertyValueSpecification","valueRequired":true,"valueName":"search_term_string"}}],"inLanguage":"es"},{"@type":"Organization","@id":"https:\/\/www.laguiadepamplona.com\/actualidad\/#organization","name":"La Gu\u00eda de Pamplona \/ Noticias","url":"https:\/\/www.laguiadepamplona.com\/actualidad\/","logo":{"@type":"ImageObject","inLanguage":"es","@id":"https:\/\/www.laguiadepamplona.com\/actualidad\/#\/schema\/logo\/image\/","url":"https:\/\/www.laguiadepamplona.com\/actualidad\/wp-content\/uploads\/2018\/11\/logo-laguiadepamplona18-web1.png","contentUrl":"https:\/\/www.laguiadepamplona.com\/actualidad\/wp-content\/uploads\/2018\/11\/logo-laguiadepamplona18-web1.png","width":600,"height":196,"caption":"La Gu\u00eda de Pamplona \/ Noticias"},"image":{"@id":"https:\/\/www.laguiadepamplona.com\/actualidad\/#\/schema\/logo\/image\/"},"sameAs":["https:\/\/www.facebook.com\/laguiadepamplonacom-133175176762273\/?ref=hl","https:\/\/x.com\/LaGuiadPamplona","https:\/\/www.instagram.com\/la_guia_de_pamplona\/","https:\/\/www.youtube.com\/user\/laguiadepamplona"]},{"@type":"Person","@id":"https:\/\/www.laguiadepamplona.com\/actualidad\/#\/schema\/person\/efe887376f0213d4657c93adc50b1fdb","name":"La Gu\u00eda de Pamplona","image":{"@type":"ImageObject","inLanguage":"es","@id":"https:\/\/secure.gravatar.com\/avatar\/b6992f131dc8d30ab0dff15446e9d346d9dbd95992de0fef795073f5ea83a81c?s=96&d=mm&r=g","url":"https:\/\/secure.gravatar.com\/avatar\/b6992f131dc8d30ab0dff15446e9d346d9dbd95992de0fef795073f5ea83a81c?s=96&d=mm&r=g","contentUrl":"https:\/\/secure.gravatar.com\/avatar\/b6992f131dc8d30ab0dff15446e9d346d9dbd95992de0fef795073f5ea83a81c?s=96&d=mm&r=g","caption":"La Gu\u00eda de Pamplona"}}]}},"post_mailing_queue_ids":[],"_links":{"self":[{"href":"https:\/\/www.laguiadepamplona.com\/actualidad\/wp-json\/wp\/v2\/posts\/42242","targetHints":{"allow":["GET"]}}],"collection":[{"href":"https:\/\/www.laguiadepamplona.com\/actualidad\/wp-json\/wp\/v2\/posts"}],"about":[{"href":"https:\/\/www.laguiadepamplona.com\/actualidad\/wp-json\/wp\/v2\/types\/post"}],"author":[{"embeddable":true,"href":"https:\/\/www.laguiadepamplona.com\/actualidad\/wp-json\/wp\/v2\/users\/1"}],"replies":[{"embeddable":true,"href":"https:\/\/www.laguiadepamplona.com\/actualidad\/wp-json\/wp\/v2\/comments?post=42242"}],"version-history":[{"count":0,"href":"https:\/\/www.laguiadepamplona.com\/actualidad\/wp-json\/wp\/v2\/posts\/42242\/revisions"}],"wp:featuredmedia":[{"embeddable":true,"href":"https:\/\/www.laguiadepamplona.com\/actualidad\/wp-json\/wp\/v2\/media\/42243"}],"wp:attachment":[{"href":"https:\/\/www.laguiadepamplona.com\/actualidad\/wp-json\/wp\/v2\/media?parent=42242"}],"wp:term":[{"taxonomy":"category","embeddable":true,"href":"https:\/\/www.laguiadepamplona.com\/actualidad\/wp-json\/wp\/v2\/categories?post=42242"},{"taxonomy":"post_tag","embeddable":true,"href":"https:\/\/www.laguiadepamplona.com\/actualidad\/wp-json\/wp\/v2\/tags?post=42242"}],"curies":[{"name":"wp","href":"https:\/\/api.w.org\/{rel}","templated":true}]}}