{"id":42239,"date":"2022-11-18T13:28:35","date_gmt":"2022-11-18T11:28:35","guid":{"rendered":"https:\/\/www.laguiadepamplona.com\/actualidad\/?p=42239"},"modified":"2023-04-11T11:47:33","modified_gmt":"2023-04-11T09:47:33","slug":"treinta-y-tres-entidades-privadas-sin-animo-de-lucro-reciben-subvencion-municipal-para-la-programacion-o-realizacion-de-actividades-culturales-y-artisticas-este-ano","status":"publish","type":"post","link":"https:\/\/www.laguiadepamplona.com\/actualidad\/treinta-y-tres-entidades-privadas-sin-animo-de-lucro-reciben-subvencion-municipal-para-la-programacion-o-realizacion-de-actividades-culturales-y-artisticas-este-ano\/","title":{"rendered":"Treinta y tres entidades privadas sin \u00e1nimo de lucro reciben subvenci\u00f3n municipal para la programaci\u00f3n o realizaci\u00f3n de actividades culturales y art\u00edsticas este a\u00f1o"},"content":{"rendered":"<h5>La convocatoria del Ayuntamiento de Pamplona ha repartido un total de 309.850 euros<\/h5>\n<p><!--more--><\/p>\n<p>El Ayuntamiento de Pamplona ha resuelto la convocatoria de subvenciones en r\u00e9gimen de concurrencia competitiva para entidades culturales y art\u00edsticas que trabajen por la promoci\u00f3n y difusi\u00f3n de la cultura. Se trata de ayudar econ\u00f3micamente a la programaci\u00f3n y\/o realizaci\u00f3n de actividades culturales y art\u00edsticas en el t\u00e9rmino municipal de Pamplona. Los 309.850 euros de la convocatoria se han repartido entre los proyectos de 33 entidades privadas sin \u00e1nimo de lucro.<br \/>\n<script async src=\"\/\/pagead2.googlesyndication.com\/pagead\/js\/adsbygoogle.js\"><\/script><br \/>\n<!-- Noticias La Guia de Pamplona --><br \/>\n<ins class=\"adsbygoogle\"\nstyle=\"display:block\"\ndata-ad-client=\"ca-pub-6943679897239327\"\ndata-ad-slot=\"7048180777\"\ndata-ad-format=\"auto\"><\/ins><br \/>\n<script>\n(adsbygoogle = window.adsbygoogle || []).push({});\n<\/script><\/p>\n<p>Las actividades culturales y art\u00edsticas susceptibles de financiaci\u00f3n en esta convocatoria pod\u00edan estar relacionadas con festivales, recitales, ciclos, encuentros y\/o cert\u00e1menes de artes esc\u00e9nicas; ciclos y\/o encuentros de m\u00fasica; jornadas y talleres; festivales, ciclos de conferencias, proyecciones audiovisuales y cinef\u00f3rums; proyectos de investigaci\u00f3n, intervenci\u00f3n, o difusi\u00f3n cultural que fomenten la conservaci\u00f3n y la divulgaci\u00f3n del patrimonio hist\u00f3rico, material e inmaterial de la ciudad; o actividades de promoci\u00f3n del libro, la lectura y la literatura, en cualquiera de sus especialidades y soportes, y cualquier otra actividad que pueda ser considerada de car\u00e1cter cultural y art\u00edstico, exceptuando la edici\u00f3n.<\/p>\n<p>La convocatoria busca facilitar el desarrollo de proyectos e iniciativas culturales y art\u00edsticas, estimulando la creaci\u00f3n, producci\u00f3n, divulgaci\u00f3n, conservaci\u00f3n y gesti\u00f3n de la cultura local, su libre expresi\u00f3n y diversidad y su acercamiento a la ciudadan\u00eda, entre otros aspectos. Adem\u00e1s, se busca el mantenimiento de las estructuras de gesti\u00f3n de las personas y entidades que impulsan dichos proyectos, contribuyendo a desarrollar una econom\u00eda de la cultura. As\u00ed las cosas, se alcanza una mayor diversificaci\u00f3n y calidad de la oferta cultural, que deriva en un amplio impacto y beneficio para la ciudadan\u00eda.<br \/>\n<script async src=\"\/\/pagead2.googlesyndication.com\/pagead\/js\/adsbygoogle.js\"><\/script><br \/>\n<!-- Noticias La Guia de Pamplona --><br \/>\n<ins class=\"adsbygoogle\"\nstyle=\"display:block\"\ndata-ad-client=\"ca-pub-6943679897239327\"\ndata-ad-slot=\"7048180777\"\ndata-ad-format=\"auto\"><\/ins><br \/>\n<script>\n(adsbygoogle = window.adsbygoogle || []).push({});\n<\/script><\/p>\n<p>&nbsp;<\/p>\n<h3>Subvenciones para entidades culturales y art\u00edsticas 2022<\/h3>\n<p>&nbsp;<\/p>\n<table>\n<tbody>\n<tr>\n<td width=\"214\"><strong>Asociaci\u00f3n<\/strong><\/td>\n<td width=\"341\"><strong>Proyecto<\/strong><\/td>\n<td width=\"88\"><strong>Importe<\/strong><\/td>\n<\/tr>\n<tr>\n<td width=\"214\">Agrupaci\u00f3n Coral de C\u00e1mara de Pamplona<\/td>\n<td width=\"341\">Proyecto Art\u00edstico 2022. Final 75 aniversario<\/td>\n<td width=\"88\">18.309,00 \u20ac<\/td>\n<\/tr>\n<tr>\n<td width=\"214\">Asociaci\u00f3n Vdek Va de Cultura<\/td>\n<td width=\"341\">NB Fest 2022<\/td>\n<td width=\"88\">13.514,00 \u20ac<\/td>\n<\/tr>\n<tr>\n<td width=\"214\">Asociaci\u00f3n de M\u00fasica Contempor\u00e1nea Garaikideak<\/td>\n<td width=\"341\">Nak 2022. Del mito al logos.\u00a0\u00a0Festival De M\u00fasica Contempor\u00e1nea De Navarra -Nafarroako Musika Garaikidearen jaialdia<\/td>\n<td width=\"88\">3.500,00 \u20ac<\/td>\n<\/tr>\n<tr>\n<td width=\"214\">Asociaci\u00f3n de Periodistas de Navarra<\/td>\n<td width=\"341\">Tres l\u00edneas del conocimiento de la cultura<\/td>\n<td width=\"88\">2.754,00 \u20ac<\/td>\n<\/tr>\n<tr>\n<td width=\"214\">Asociaci\u00f3n E_7.2<\/td>\n<td width=\"341\">Festival After Cage IX \u00abNO\u00bb<\/td>\n<td width=\"88\">7.704,00 \u20ac<\/td>\n<\/tr>\n<tr>\n<td width=\"214\">Asociaci\u00f3n El V\u00e9rtigo de La Trapecista<\/td>\n<td width=\"341\">Letraheridas. IV Encuentro de mujeres que agitan el panorama editorial<\/td>\n<td width=\"88\">3.456,00 \u20ac<\/td>\n<\/tr>\n<tr>\n<td width=\"214\">Asociaci\u00f3n Gautxoriak Soul Club<\/td>\n<td width=\"341\">IV Festival Beltza Weekend<\/td>\n<td width=\"88\">3.332,00 \u20ac<\/td>\n<\/tr>\n<tr>\n<td width=\"214\">Asociaci\u00f3n Gayarre Amigos de La \u00d3pera<\/td>\n<td width=\"341\">L\u00edrica para todos: AGAO social, difusi\u00f3n y formaci\u00f3n<\/td>\n<td width=\"88\">19.399,00 \u20ac<\/td>\n<\/tr>\n<tr>\n<td width=\"214\">Asociaci\u00f3n Gospel Navarra<\/td>\n<td width=\"341\">Bright Gospel<\/td>\n<td width=\"88\">2.890,00 \u20ac<\/td>\n<\/tr>\n<tr>\n<td width=\"214\">Asociaci\u00f3n Kontalariak<\/td>\n<td width=\"341\">Brif Braf Bruf. Festival de literatura infantil e ilustraci\u00f3n \u00bfPor qu\u00e9 los bigotes tienen gato?<\/td>\n<td width=\"88\">19.889,00 \u20ac<\/td>\n<\/tr>\n<tr>\n<td width=\"214\">Asociaci\u00f3n Musical Los Amigos del Arte<\/td>\n<td width=\"341\">XXIV Festival de m\u00fasica de pulso y p\u00faa<\/td>\n<td width=\"88\">3.297,00 \u20ac<\/td>\n<\/tr>\n<tr>\n<td width=\"214\">Asociaci\u00f3n \u00d3pera de C\u00e1mara de Navarra<\/td>\n<td width=\"341\">XI Temporada de \u00d3pera OCN<\/td>\n<td width=\"88\">16.838,00 \u20ac<\/td>\n<\/tr>\n<tr>\n<td width=\"214\">Asociaci\u00f3n Pulpa<\/td>\n<td width=\"341\">@erraiak_tentativas de encuentros para generar otras maneras de estar<\/td>\n<td width=\"88\">3.592,00 \u20ac<\/td>\n<\/tr>\n<tr>\n<td width=\"214\">Asociaci\u00f3n Retina Navarra Nafarroa Retina Elkartea<\/td>\n<td width=\"341\">Actividad Cultural de la asociaci\u00f3n<\/td>\n<td width=\"88\">2.625,00 \u20ac<\/td>\n<\/tr>\n<tr>\n<td width=\"214\">Asociaci\u00f3n Santaspascuas<\/td>\n<td width=\"341\">Festival Santaspascuas 2022<\/td>\n<td width=\"88\">18.091,00 \u20ac<\/td>\n<\/tr>\n<tr>\n<td width=\"214\">Asociaci\u00f3n Tiza Asociaci\u00f3n para la Promoci\u00f3n del C\u00f3mic<\/td>\n<td width=\"341\">XIII Sal\u00f3n del c\u00f3mic de Navarra \/ Nafarroako komikiaren XIII<\/td>\n<td width=\"88\">7.438,00 \u20ac<\/td>\n<\/tr>\n<tr>\n<td width=\"214\">Ateneo Navarro Nafar Ateneoa<\/td>\n<td width=\"341\">Proyecto cultural 2022<\/td>\n<td width=\"88\">16.947,00 \u20ac<\/td>\n<\/tr>\n<tr>\n<td width=\"214\">Bidebitarte, Sociedad Microcooperativa<\/td>\n<td width=\"341\">Aporofobia Stop<\/td>\n<td width=\"88\">6.216,00 \u20ac<\/td>\n<\/tr>\n<tr>\n<td width=\"214\">Coral C\u00e1mara Navarra<\/td>\n<td width=\"341\">Temporada Encantando Denboraldia 2022<\/td>\n<td width=\"88\">17.383,00 \u20ac<\/td>\n<\/tr>\n<tr>\n<td width=\"214\">El Trastero Creativo<\/td>\n<td width=\"341\">Zinetika Festival<\/td>\n<td width=\"88\">7.593,00 \u20ac<\/td>\n<\/tr>\n<tr>\n<td width=\"214\">Escuela Navarra de Teatro El Colectivo<\/td>\n<td width=\"341\">Epicentro Creativo<\/td>\n<td width=\"88\">17.601,00 \u20ac<\/td>\n<\/tr>\n<tr>\n<td width=\"214\">Euskaraz Koop E<\/td>\n<td width=\"341\">Korrika Kulturala<\/td>\n<td width=\"88\">5.972,00 \u20ac<\/td>\n<\/tr>\n<tr>\n<td width=\"214\">Federaci\u00f3n de Coros de Navarra<\/td>\n<td width=\"341\">Ampliando camino<\/td>\n<td width=\"88\">17.546,00 \u20ac<\/td>\n<\/tr>\n<tr>\n<td width=\"214\">Fundaci\u00f3n Atena<\/td>\n<td width=\"341\">Compa\u00f1\u00eda art\u00edstica Atena<\/td>\n<td width=\"88\">13.405,00 \u20ac<\/td>\n<\/tr>\n<tr>\n<td width=\"214\">Fundaci\u00f3n Euskokultur<\/td>\n<td width=\"341\">Patrimonio oral del grupo de danzas Duguna-Iru\u00f1eko dantzariak<\/td>\n<td width=\"88\">5.306,00 \u20ac<\/td>\n<\/tr>\n<tr>\n<td width=\"214\">Geltoki Sociedad Microcooperativa<\/td>\n<td width=\"341\">Cultura 2022 Geltoki<\/td>\n<td width=\"88\">13.732,00 \u20ac<\/td>\n<\/tr>\n<tr>\n<td width=\"214\">Hermandad de La Pasi\u00f3n del Se\u00f1or<\/td>\n<td width=\"341\">Semana Santa Pamplonesa 2022<\/td>\n<td width=\"88\">6.239,00 \u20ac<\/td>\n<\/tr>\n<tr>\n<td width=\"214\">Karrikiri Elkartea<\/td>\n<td width=\"341\">Iru\u00f1ean kultura sustatzeko eta kultur jardueren programazioa (Programaci\u00f3n cultural en euskera y fomento del euskera)<\/td>\n<td width=\"88\">2.924,00 \u20ac<\/td>\n<\/tr>\n<tr>\n<td width=\"214\">Nafarroako Dantzarien Biltzarra<\/td>\n<td width=\"341\">Pamplona en danza &#8211; Iru\u00f1ean dantzan<\/td>\n<td width=\"88\">3.502,00 \u20ac<\/td>\n<\/tr>\n<tr>\n<td width=\"214\">Nafarroako Ikastolen Elkartea Sci<\/td>\n<td width=\"341\">Artea Oinez. Arte en tiempos de pandemia<\/td>\n<td width=\"88\">3.807,00 \u20ac<\/td>\n<\/tr>\n<tr>\n<td width=\"214\">Ortzadar Euskal Folklore Taldea<\/td>\n<td width=\"341\">Ciclo Cultural Ortzadar 2022<\/td>\n<td width=\"88\">3.433,00 \u20ac<\/td>\n<\/tr>\n<tr>\n<td width=\"214\">Sociedad Hispano Alemana del Norte de Espa\u00f1a<\/td>\n<td width=\"341\">Actividad cultural de la sociedad hispano alemana 2022<\/td>\n<td width=\"88\">3.252,00 \u20ac<\/td>\n<\/tr>\n<tr>\n<td width=\"214\">Universidad de Navarra<\/td>\n<td width=\"341\">Museo en danza 2022 \u2013 Museo Universidad de Navarra<\/td>\n<td width=\"88\">18.364,00 \u20ac<\/td>\n<\/tr>\n<tr>\n<td width=\"214\"><strong>\u00a0<\/strong><\/td>\n<td width=\"341\"><strong>TOTAL<\/strong><\/td>\n<td width=\"88\"><strong>309.850 \u20ac<\/strong><\/td>\n<\/tr>\n<\/tbody>\n<\/table>\n","protected":false},"excerpt":{"rendered":"<p>La convocatoria del Ayuntamiento de Pamplona ha repartido un total de 309.850 euros<\/p>\n","protected":false},"author":1,"featured_media":42240,"comment_status":"open","ping_status":"closed","sticky":false,"template":"","format":"standard","meta":{"footnotes":""},"categories":[2],"tags":[],"class_list":["post-42239","post","type-post","status-publish","format-standard","has-post-thumbnail","hentry","category-ayuntamiento-pamplona"],"yoast_head":"<!-- This site is optimized with the Yoast SEO plugin v27.3 - https:\/\/yoast.com\/product\/yoast-seo-wordpress\/ -->\n<title>Treinta y tres entidades privadas sin \u00e1nimo de lucro reciben subvenci\u00f3n municipal para la programaci\u00f3n o realizaci\u00f3n de actividades culturales y art\u00edsticas este a\u00f1o<\/title>\n<meta name=\"description\" content=\"La convocatoria del Ayuntamiento de Pamplona ha repartido un total de 309.850 euros\" \/>\n<meta name=\"robots\" content=\"index, follow, max-snippet:-1, max-image-preview:large, max-video-preview:-1\" \/>\n<link rel=\"canonical\" href=\"https:\/\/www.laguiadepamplona.com\/actualidad\/treinta-y-tres-entidades-privadas-sin-animo-de-lucro-reciben-subvencion-municipal-para-la-programacion-o-realizacion-de-actividades-culturales-y-artisticas-este-ano\/\" \/>\n<meta property=\"og:locale\" content=\"es_ES\" \/>\n<meta property=\"og:type\" content=\"article\" \/>\n<meta property=\"og:title\" content=\"Treinta y tres entidades privadas sin \u00e1nimo de lucro reciben subvenci\u00f3n municipal para la programaci\u00f3n o realizaci\u00f3n de actividades culturales y art\u00edsticas este a\u00f1o\" \/>\n<meta property=\"og:description\" content=\"La convocatoria del Ayuntamiento de Pamplona ha repartido un total de 309.850 euros\" \/>\n<meta property=\"og:url\" content=\"https:\/\/www.laguiadepamplona.com\/actualidad\/treinta-y-tres-entidades-privadas-sin-animo-de-lucro-reciben-subvencion-municipal-para-la-programacion-o-realizacion-de-actividades-culturales-y-artisticas-este-ano\/\" \/>\n<meta property=\"og:site_name\" content=\"La Gu\u00eda de Pamplona\" \/>\n<meta property=\"article:publisher\" content=\"https:\/\/www.facebook.com\/laguiadepamplonacom-133175176762273\/?ref=hl\" \/>\n<meta property=\"article:published_time\" content=\"2022-11-18T11:28:35+00:00\" \/>\n<meta property=\"article:modified_time\" content=\"2023-04-11T09:47:33+00:00\" \/>\n<meta property=\"og:image\" content=\"https:\/\/www.laguiadepamplona.com\/actualidad\/wp-content\/uploads\/2022\/11\/musica_concierto_02.webp\" \/>\n\t<meta property=\"og:image:width\" content=\"1920\" \/>\n\t<meta property=\"og:image:height\" content=\"1273\" \/>\n\t<meta property=\"og:image:type\" content=\"image\/webp\" \/>\n<meta name=\"author\" content=\"La Gu\u00eda de Pamplona\" \/>\n<meta name=\"twitter:card\" content=\"summary_large_image\" \/>\n<meta name=\"twitter:creator\" content=\"@LaGuiadPamplona\" \/>\n<meta name=\"twitter:site\" content=\"@LaGuiadPamplona\" \/>\n<meta name=\"twitter:label1\" content=\"Escrito por\" \/>\n\t<meta name=\"twitter:data1\" content=\"La Gu\u00eda de Pamplona\" \/>\n\t<meta name=\"twitter:label2\" content=\"Tiempo de lectura\" \/>\n\t<meta name=\"twitter:data2\" content=\"4 minutos\" \/>\n<script type=\"application\/ld+json\" class=\"yoast-schema-graph\">{\"@context\":\"https:\\\/\\\/schema.org\",\"@graph\":[{\"@type\":\"Article\",\"@id\":\"https:\\\/\\\/www.laguiadepamplona.com\\\/actualidad\\\/treinta-y-tres-entidades-privadas-sin-animo-de-lucro-reciben-subvencion-municipal-para-la-programacion-o-realizacion-de-actividades-culturales-y-artisticas-este-ano\\\/#article\",\"isPartOf\":{\"@id\":\"https:\\\/\\\/www.laguiadepamplona.com\\\/actualidad\\\/treinta-y-tres-entidades-privadas-sin-animo-de-lucro-reciben-subvencion-municipal-para-la-programacion-o-realizacion-de-actividades-culturales-y-artisticas-este-ano\\\/\"},\"author\":{\"name\":\"La Gu\u00eda de Pamplona\",\"@id\":\"https:\\\/\\\/www.laguiadepamplona.com\\\/actualidad\\\/#\\\/schema\\\/person\\\/efe887376f0213d4657c93adc50b1fdb\"},\"headline\":\"Treinta y tres entidades privadas sin \u00e1nimo de lucro reciben subvenci\u00f3n municipal para la programaci\u00f3n o realizaci\u00f3n de actividades culturales y art\u00edsticas este a\u00f1o\",\"datePublished\":\"2022-11-18T11:28:35+00:00\",\"dateModified\":\"2023-04-11T09:47:33+00:00\",\"mainEntityOfPage\":{\"@id\":\"https:\\\/\\\/www.laguiadepamplona.com\\\/actualidad\\\/treinta-y-tres-entidades-privadas-sin-animo-de-lucro-reciben-subvencion-municipal-para-la-programacion-o-realizacion-de-actividades-culturales-y-artisticas-este-ano\\\/\"},\"wordCount\":728,\"commentCount\":0,\"publisher\":{\"@id\":\"https:\\\/\\\/www.laguiadepamplona.com\\\/actualidad\\\/#organization\"},\"image\":{\"@id\":\"https:\\\/\\\/www.laguiadepamplona.com\\\/actualidad\\\/treinta-y-tres-entidades-privadas-sin-animo-de-lucro-reciben-subvencion-municipal-para-la-programacion-o-realizacion-de-actividades-culturales-y-artisticas-este-ano\\\/#primaryimage\"},\"thumbnailUrl\":\"https:\\\/\\\/www.laguiadepamplona.com\\\/actualidad\\\/wp-content\\\/uploads\\\/2022\\\/11\\\/musica_concierto_02.webp\",\"articleSection\":[\"Ayto Pamplona\"],\"inLanguage\":\"es\",\"potentialAction\":[{\"@type\":\"CommentAction\",\"name\":\"Comment\",\"target\":[\"https:\\\/\\\/www.laguiadepamplona.com\\\/actualidad\\\/treinta-y-tres-entidades-privadas-sin-animo-de-lucro-reciben-subvencion-municipal-para-la-programacion-o-realizacion-de-actividades-culturales-y-artisticas-este-ano\\\/#respond\"]}]},{\"@type\":\"WebPage\",\"@id\":\"https:\\\/\\\/www.laguiadepamplona.com\\\/actualidad\\\/treinta-y-tres-entidades-privadas-sin-animo-de-lucro-reciben-subvencion-municipal-para-la-programacion-o-realizacion-de-actividades-culturales-y-artisticas-este-ano\\\/\",\"url\":\"https:\\\/\\\/www.laguiadepamplona.com\\\/actualidad\\\/treinta-y-tres-entidades-privadas-sin-animo-de-lucro-reciben-subvencion-municipal-para-la-programacion-o-realizacion-de-actividades-culturales-y-artisticas-este-ano\\\/\",\"name\":\"Treinta y tres entidades privadas sin \u00e1nimo de lucro reciben subvenci\u00f3n municipal para la programaci\u00f3n o realizaci\u00f3n de actividades culturales y art\u00edsticas este a\u00f1o\",\"isPartOf\":{\"@id\":\"https:\\\/\\\/www.laguiadepamplona.com\\\/actualidad\\\/#website\"},\"primaryImageOfPage\":{\"@id\":\"https:\\\/\\\/www.laguiadepamplona.com\\\/actualidad\\\/treinta-y-tres-entidades-privadas-sin-animo-de-lucro-reciben-subvencion-municipal-para-la-programacion-o-realizacion-de-actividades-culturales-y-artisticas-este-ano\\\/#primaryimage\"},\"image\":{\"@id\":\"https:\\\/\\\/www.laguiadepamplona.com\\\/actualidad\\\/treinta-y-tres-entidades-privadas-sin-animo-de-lucro-reciben-subvencion-municipal-para-la-programacion-o-realizacion-de-actividades-culturales-y-artisticas-este-ano\\\/#primaryimage\"},\"thumbnailUrl\":\"https:\\\/\\\/www.laguiadepamplona.com\\\/actualidad\\\/wp-content\\\/uploads\\\/2022\\\/11\\\/musica_concierto_02.webp\",\"datePublished\":\"2022-11-18T11:28:35+00:00\",\"dateModified\":\"2023-04-11T09:47:33+00:00\",\"description\":\"La convocatoria del Ayuntamiento de Pamplona ha repartido un total de 309.850 euros\",\"breadcrumb\":{\"@id\":\"https:\\\/\\\/www.laguiadepamplona.com\\\/actualidad\\\/treinta-y-tres-entidades-privadas-sin-animo-de-lucro-reciben-subvencion-municipal-para-la-programacion-o-realizacion-de-actividades-culturales-y-artisticas-este-ano\\\/#breadcrumb\"},\"inLanguage\":\"es\",\"potentialAction\":[{\"@type\":\"ReadAction\",\"target\":[\"https:\\\/\\\/www.laguiadepamplona.com\\\/actualidad\\\/treinta-y-tres-entidades-privadas-sin-animo-de-lucro-reciben-subvencion-municipal-para-la-programacion-o-realizacion-de-actividades-culturales-y-artisticas-este-ano\\\/\"]}]},{\"@type\":\"ImageObject\",\"inLanguage\":\"es\",\"@id\":\"https:\\\/\\\/www.laguiadepamplona.com\\\/actualidad\\\/treinta-y-tres-entidades-privadas-sin-animo-de-lucro-reciben-subvencion-municipal-para-la-programacion-o-realizacion-de-actividades-culturales-y-artisticas-este-ano\\\/#primaryimage\",\"url\":\"https:\\\/\\\/www.laguiadepamplona.com\\\/actualidad\\\/wp-content\\\/uploads\\\/2022\\\/11\\\/musica_concierto_02.webp\",\"contentUrl\":\"https:\\\/\\\/www.laguiadepamplona.com\\\/actualidad\\\/wp-content\\\/uploads\\\/2022\\\/11\\\/musica_concierto_02.webp\",\"width\":1920,\"height\":1273},{\"@type\":\"BreadcrumbList\",\"@id\":\"https:\\\/\\\/www.laguiadepamplona.com\\\/actualidad\\\/treinta-y-tres-entidades-privadas-sin-animo-de-lucro-reciben-subvencion-municipal-para-la-programacion-o-realizacion-de-actividades-culturales-y-artisticas-este-ano\\\/#breadcrumb\",\"itemListElement\":[{\"@type\":\"ListItem\",\"position\":1,\"name\":\"Portada\",\"item\":\"https:\\\/\\\/www.laguiadepamplona.com\\\/actualidad\\\/\"},{\"@type\":\"ListItem\",\"position\":2,\"name\":\"Treinta y tres entidades privadas sin \u00e1nimo de lucro reciben subvenci\u00f3n municipal para la programaci\u00f3n o realizaci\u00f3n de actividades culturales y art\u00edsticas este a\u00f1o\"}]},{\"@type\":\"WebSite\",\"@id\":\"https:\\\/\\\/www.laguiadepamplona.com\\\/actualidad\\\/#website\",\"url\":\"https:\\\/\\\/www.laguiadepamplona.com\\\/actualidad\\\/\",\"name\":\"La gu\u00eda de Pamplona\",\"description\":\"Noticias de Pamplona\",\"publisher\":{\"@id\":\"https:\\\/\\\/www.laguiadepamplona.com\\\/actualidad\\\/#organization\"},\"potentialAction\":[{\"@type\":\"SearchAction\",\"target\":{\"@type\":\"EntryPoint\",\"urlTemplate\":\"https:\\\/\\\/www.laguiadepamplona.com\\\/actualidad\\\/?s={search_term_string}\"},\"query-input\":{\"@type\":\"PropertyValueSpecification\",\"valueRequired\":true,\"valueName\":\"search_term_string\"}}],\"inLanguage\":\"es\"},{\"@type\":\"Organization\",\"@id\":\"https:\\\/\\\/www.laguiadepamplona.com\\\/actualidad\\\/#organization\",\"name\":\"La Gu\u00eda de Pamplona \\\/ Noticias\",\"url\":\"https:\\\/\\\/www.laguiadepamplona.com\\\/actualidad\\\/\",\"logo\":{\"@type\":\"ImageObject\",\"inLanguage\":\"es\",\"@id\":\"https:\\\/\\\/www.laguiadepamplona.com\\\/actualidad\\\/#\\\/schema\\\/logo\\\/image\\\/\",\"url\":\"https:\\\/\\\/www.laguiadepamplona.com\\\/actualidad\\\/wp-content\\\/uploads\\\/2018\\\/11\\\/logo-laguiadepamplona18-web1.png\",\"contentUrl\":\"https:\\\/\\\/www.laguiadepamplona.com\\\/actualidad\\\/wp-content\\\/uploads\\\/2018\\\/11\\\/logo-laguiadepamplona18-web1.png\",\"width\":600,\"height\":196,\"caption\":\"La Gu\u00eda de Pamplona \\\/ Noticias\"},\"image\":{\"@id\":\"https:\\\/\\\/www.laguiadepamplona.com\\\/actualidad\\\/#\\\/schema\\\/logo\\\/image\\\/\"},\"sameAs\":[\"https:\\\/\\\/www.facebook.com\\\/laguiadepamplonacom-133175176762273\\\/?ref=hl\",\"https:\\\/\\\/x.com\\\/LaGuiadPamplona\",\"https:\\\/\\\/www.instagram.com\\\/la_guia_de_pamplona\\\/\",\"https:\\\/\\\/www.youtube.com\\\/user\\\/laguiadepamplona\"]},{\"@type\":\"Person\",\"@id\":\"https:\\\/\\\/www.laguiadepamplona.com\\\/actualidad\\\/#\\\/schema\\\/person\\\/efe887376f0213d4657c93adc50b1fdb\",\"name\":\"La Gu\u00eda de Pamplona\",\"image\":{\"@type\":\"ImageObject\",\"inLanguage\":\"es\",\"@id\":\"https:\\\/\\\/secure.gravatar.com\\\/avatar\\\/b6992f131dc8d30ab0dff15446e9d346d9dbd95992de0fef795073f5ea83a81c?s=96&d=mm&r=g\",\"url\":\"https:\\\/\\\/secure.gravatar.com\\\/avatar\\\/b6992f131dc8d30ab0dff15446e9d346d9dbd95992de0fef795073f5ea83a81c?s=96&d=mm&r=g\",\"contentUrl\":\"https:\\\/\\\/secure.gravatar.com\\\/avatar\\\/b6992f131dc8d30ab0dff15446e9d346d9dbd95992de0fef795073f5ea83a81c?s=96&d=mm&r=g\",\"caption\":\"La Gu\u00eda de Pamplona\"}}]}<\/script>\n<!-- \/ Yoast SEO plugin. -->","yoast_head_json":{"title":"Treinta y tres entidades privadas sin \u00e1nimo de lucro reciben subvenci\u00f3n municipal para la programaci\u00f3n o realizaci\u00f3n de actividades culturales y art\u00edsticas este a\u00f1o","description":"La convocatoria del Ayuntamiento de Pamplona ha repartido un total de 309.850 euros","robots":{"index":"index","follow":"follow","max-snippet":"max-snippet:-1","max-image-preview":"max-image-preview:large","max-video-preview":"max-video-preview:-1"},"canonical":"https:\/\/www.laguiadepamplona.com\/actualidad\/treinta-y-tres-entidades-privadas-sin-animo-de-lucro-reciben-subvencion-municipal-para-la-programacion-o-realizacion-de-actividades-culturales-y-artisticas-este-ano\/","og_locale":"es_ES","og_type":"article","og_title":"Treinta y tres entidades privadas sin \u00e1nimo de lucro reciben subvenci\u00f3n municipal para la programaci\u00f3n o realizaci\u00f3n de actividades culturales y art\u00edsticas este a\u00f1o","og_description":"La convocatoria del Ayuntamiento de Pamplona ha repartido un total de 309.850 euros","og_url":"https:\/\/www.laguiadepamplona.com\/actualidad\/treinta-y-tres-entidades-privadas-sin-animo-de-lucro-reciben-subvencion-municipal-para-la-programacion-o-realizacion-de-actividades-culturales-y-artisticas-este-ano\/","og_site_name":"La Gu\u00eda de Pamplona","article_publisher":"https:\/\/www.facebook.com\/laguiadepamplonacom-133175176762273\/?ref=hl","article_published_time":"2022-11-18T11:28:35+00:00","article_modified_time":"2023-04-11T09:47:33+00:00","og_image":[{"width":1920,"height":1273,"url":"https:\/\/www.laguiadepamplona.com\/actualidad\/wp-content\/uploads\/2022\/11\/musica_concierto_02.webp","type":"image\/webp"}],"author":"La Gu\u00eda de Pamplona","twitter_card":"summary_large_image","twitter_creator":"@LaGuiadPamplona","twitter_site":"@LaGuiadPamplona","twitter_misc":{"Escrito por":"La Gu\u00eda de Pamplona","Tiempo de lectura":"4 minutos"},"schema":{"@context":"https:\/\/schema.org","@graph":[{"@type":"Article","@id":"https:\/\/www.laguiadepamplona.com\/actualidad\/treinta-y-tres-entidades-privadas-sin-animo-de-lucro-reciben-subvencion-municipal-para-la-programacion-o-realizacion-de-actividades-culturales-y-artisticas-este-ano\/#article","isPartOf":{"@id":"https:\/\/www.laguiadepamplona.com\/actualidad\/treinta-y-tres-entidades-privadas-sin-animo-de-lucro-reciben-subvencion-municipal-para-la-programacion-o-realizacion-de-actividades-culturales-y-artisticas-este-ano\/"},"author":{"name":"La Gu\u00eda de Pamplona","@id":"https:\/\/www.laguiadepamplona.com\/actualidad\/#\/schema\/person\/efe887376f0213d4657c93adc50b1fdb"},"headline":"Treinta y tres entidades privadas sin \u00e1nimo de lucro reciben subvenci\u00f3n municipal para la programaci\u00f3n o realizaci\u00f3n de actividades culturales y art\u00edsticas este a\u00f1o","datePublished":"2022-11-18T11:28:35+00:00","dateModified":"2023-04-11T09:47:33+00:00","mainEntityOfPage":{"@id":"https:\/\/www.laguiadepamplona.com\/actualidad\/treinta-y-tres-entidades-privadas-sin-animo-de-lucro-reciben-subvencion-municipal-para-la-programacion-o-realizacion-de-actividades-culturales-y-artisticas-este-ano\/"},"wordCount":728,"commentCount":0,"publisher":{"@id":"https:\/\/www.laguiadepamplona.com\/actualidad\/#organization"},"image":{"@id":"https:\/\/www.laguiadepamplona.com\/actualidad\/treinta-y-tres-entidades-privadas-sin-animo-de-lucro-reciben-subvencion-municipal-para-la-programacion-o-realizacion-de-actividades-culturales-y-artisticas-este-ano\/#primaryimage"},"thumbnailUrl":"https:\/\/www.laguiadepamplona.com\/actualidad\/wp-content\/uploads\/2022\/11\/musica_concierto_02.webp","articleSection":["Ayto Pamplona"],"inLanguage":"es","potentialAction":[{"@type":"CommentAction","name":"Comment","target":["https:\/\/www.laguiadepamplona.com\/actualidad\/treinta-y-tres-entidades-privadas-sin-animo-de-lucro-reciben-subvencion-municipal-para-la-programacion-o-realizacion-de-actividades-culturales-y-artisticas-este-ano\/#respond"]}]},{"@type":"WebPage","@id":"https:\/\/www.laguiadepamplona.com\/actualidad\/treinta-y-tres-entidades-privadas-sin-animo-de-lucro-reciben-subvencion-municipal-para-la-programacion-o-realizacion-de-actividades-culturales-y-artisticas-este-ano\/","url":"https:\/\/www.laguiadepamplona.com\/actualidad\/treinta-y-tres-entidades-privadas-sin-animo-de-lucro-reciben-subvencion-municipal-para-la-programacion-o-realizacion-de-actividades-culturales-y-artisticas-este-ano\/","name":"Treinta y tres entidades privadas sin \u00e1nimo de lucro reciben subvenci\u00f3n municipal para la programaci\u00f3n o realizaci\u00f3n de actividades culturales y art\u00edsticas este a\u00f1o","isPartOf":{"@id":"https:\/\/www.laguiadepamplona.com\/actualidad\/#website"},"primaryImageOfPage":{"@id":"https:\/\/www.laguiadepamplona.com\/actualidad\/treinta-y-tres-entidades-privadas-sin-animo-de-lucro-reciben-subvencion-municipal-para-la-programacion-o-realizacion-de-actividades-culturales-y-artisticas-este-ano\/#primaryimage"},"image":{"@id":"https:\/\/www.laguiadepamplona.com\/actualidad\/treinta-y-tres-entidades-privadas-sin-animo-de-lucro-reciben-subvencion-municipal-para-la-programacion-o-realizacion-de-actividades-culturales-y-artisticas-este-ano\/#primaryimage"},"thumbnailUrl":"https:\/\/www.laguiadepamplona.com\/actualidad\/wp-content\/uploads\/2022\/11\/musica_concierto_02.webp","datePublished":"2022-11-18T11:28:35+00:00","dateModified":"2023-04-11T09:47:33+00:00","description":"La convocatoria del Ayuntamiento de Pamplona ha repartido un total de 309.850 euros","breadcrumb":{"@id":"https:\/\/www.laguiadepamplona.com\/actualidad\/treinta-y-tres-entidades-privadas-sin-animo-de-lucro-reciben-subvencion-municipal-para-la-programacion-o-realizacion-de-actividades-culturales-y-artisticas-este-ano\/#breadcrumb"},"inLanguage":"es","potentialAction":[{"@type":"ReadAction","target":["https:\/\/www.laguiadepamplona.com\/actualidad\/treinta-y-tres-entidades-privadas-sin-animo-de-lucro-reciben-subvencion-municipal-para-la-programacion-o-realizacion-de-actividades-culturales-y-artisticas-este-ano\/"]}]},{"@type":"ImageObject","inLanguage":"es","@id":"https:\/\/www.laguiadepamplona.com\/actualidad\/treinta-y-tres-entidades-privadas-sin-animo-de-lucro-reciben-subvencion-municipal-para-la-programacion-o-realizacion-de-actividades-culturales-y-artisticas-este-ano\/#primaryimage","url":"https:\/\/www.laguiadepamplona.com\/actualidad\/wp-content\/uploads\/2022\/11\/musica_concierto_02.webp","contentUrl":"https:\/\/www.laguiadepamplona.com\/actualidad\/wp-content\/uploads\/2022\/11\/musica_concierto_02.webp","width":1920,"height":1273},{"@type":"BreadcrumbList","@id":"https:\/\/www.laguiadepamplona.com\/actualidad\/treinta-y-tres-entidades-privadas-sin-animo-de-lucro-reciben-subvencion-municipal-para-la-programacion-o-realizacion-de-actividades-culturales-y-artisticas-este-ano\/#breadcrumb","itemListElement":[{"@type":"ListItem","position":1,"name":"Portada","item":"https:\/\/www.laguiadepamplona.com\/actualidad\/"},{"@type":"ListItem","position":2,"name":"Treinta y tres entidades privadas sin \u00e1nimo de lucro reciben subvenci\u00f3n municipal para la programaci\u00f3n o realizaci\u00f3n de actividades culturales y art\u00edsticas este a\u00f1o"}]},{"@type":"WebSite","@id":"https:\/\/www.laguiadepamplona.com\/actualidad\/#website","url":"https:\/\/www.laguiadepamplona.com\/actualidad\/","name":"La gu\u00eda de Pamplona","description":"Noticias de Pamplona","publisher":{"@id":"https:\/\/www.laguiadepamplona.com\/actualidad\/#organization"},"potentialAction":[{"@type":"SearchAction","target":{"@type":"EntryPoint","urlTemplate":"https:\/\/www.laguiadepamplona.com\/actualidad\/?s={search_term_string}"},"query-input":{"@type":"PropertyValueSpecification","valueRequired":true,"valueName":"search_term_string"}}],"inLanguage":"es"},{"@type":"Organization","@id":"https:\/\/www.laguiadepamplona.com\/actualidad\/#organization","name":"La Gu\u00eda de Pamplona \/ Noticias","url":"https:\/\/www.laguiadepamplona.com\/actualidad\/","logo":{"@type":"ImageObject","inLanguage":"es","@id":"https:\/\/www.laguiadepamplona.com\/actualidad\/#\/schema\/logo\/image\/","url":"https:\/\/www.laguiadepamplona.com\/actualidad\/wp-content\/uploads\/2018\/11\/logo-laguiadepamplona18-web1.png","contentUrl":"https:\/\/www.laguiadepamplona.com\/actualidad\/wp-content\/uploads\/2018\/11\/logo-laguiadepamplona18-web1.png","width":600,"height":196,"caption":"La Gu\u00eda de Pamplona \/ Noticias"},"image":{"@id":"https:\/\/www.laguiadepamplona.com\/actualidad\/#\/schema\/logo\/image\/"},"sameAs":["https:\/\/www.facebook.com\/laguiadepamplonacom-133175176762273\/?ref=hl","https:\/\/x.com\/LaGuiadPamplona","https:\/\/www.instagram.com\/la_guia_de_pamplona\/","https:\/\/www.youtube.com\/user\/laguiadepamplona"]},{"@type":"Person","@id":"https:\/\/www.laguiadepamplona.com\/actualidad\/#\/schema\/person\/efe887376f0213d4657c93adc50b1fdb","name":"La Gu\u00eda de Pamplona","image":{"@type":"ImageObject","inLanguage":"es","@id":"https:\/\/secure.gravatar.com\/avatar\/b6992f131dc8d30ab0dff15446e9d346d9dbd95992de0fef795073f5ea83a81c?s=96&d=mm&r=g","url":"https:\/\/secure.gravatar.com\/avatar\/b6992f131dc8d30ab0dff15446e9d346d9dbd95992de0fef795073f5ea83a81c?s=96&d=mm&r=g","contentUrl":"https:\/\/secure.gravatar.com\/avatar\/b6992f131dc8d30ab0dff15446e9d346d9dbd95992de0fef795073f5ea83a81c?s=96&d=mm&r=g","caption":"La Gu\u00eda de Pamplona"}}]}},"post_mailing_queue_ids":[],"_links":{"self":[{"href":"https:\/\/www.laguiadepamplona.com\/actualidad\/wp-json\/wp\/v2\/posts\/42239","targetHints":{"allow":["GET"]}}],"collection":[{"href":"https:\/\/www.laguiadepamplona.com\/actualidad\/wp-json\/wp\/v2\/posts"}],"about":[{"href":"https:\/\/www.laguiadepamplona.com\/actualidad\/wp-json\/wp\/v2\/types\/post"}],"author":[{"embeddable":true,"href":"https:\/\/www.laguiadepamplona.com\/actualidad\/wp-json\/wp\/v2\/users\/1"}],"replies":[{"embeddable":true,"href":"https:\/\/www.laguiadepamplona.com\/actualidad\/wp-json\/wp\/v2\/comments?post=42239"}],"version-history":[{"count":0,"href":"https:\/\/www.laguiadepamplona.com\/actualidad\/wp-json\/wp\/v2\/posts\/42239\/revisions"}],"wp:featuredmedia":[{"embeddable":true,"href":"https:\/\/www.laguiadepamplona.com\/actualidad\/wp-json\/wp\/v2\/media\/42240"}],"wp:attachment":[{"href":"https:\/\/www.laguiadepamplona.com\/actualidad\/wp-json\/wp\/v2\/media?parent=42239"}],"wp:term":[{"taxonomy":"category","embeddable":true,"href":"https:\/\/www.laguiadepamplona.com\/actualidad\/wp-json\/wp\/v2\/categories?post=42239"},{"taxonomy":"post_tag","embeddable":true,"href":"https:\/\/www.laguiadepamplona.com\/actualidad\/wp-json\/wp\/v2\/tags?post=42239"}],"curies":[{"name":"wp","href":"https:\/\/api.w.org\/{rel}","templated":true}]}}