{"id":42227,"date":"2022-11-17T18:10:32","date_gmt":"2022-11-17T16:10:32","guid":{"rendered":"https:\/\/www.laguiadepamplona.com\/actualidad\/?p=42227"},"modified":"2023-04-11T11:47:34","modified_gmt":"2023-04-11T09:47:34","slug":"la-sociedad-navarra-de-geriatria-y-gerontologia-entrega-los-xxi-premios-tomas-belzunegui-a-ocho-trabajos-que-fomentan-una-imagen-positiva-de-las-personas-mayores","status":"publish","type":"post","link":"https:\/\/www.laguiadepamplona.com\/actualidad\/la-sociedad-navarra-de-geriatria-y-gerontologia-entrega-los-xxi-premios-tomas-belzunegui-a-ocho-trabajos-que-fomentan-una-imagen-positiva-de-las-personas-mayores\/","title":{"rendered":"La Sociedad Navarra de Geriatr\u00eda y Gerontolog\u00eda entrega los XXI Premios Tom\u00e1s Belzunegui a ocho trabajos que fomentan una imagen positiva de las personas mayores"},"content":{"rendered":"<h5>Esta edici\u00f3n reconoce adem\u00e1s a la Asociaci\u00f3n de familiares de enfermos de Alzheimer en Navarra, por su atenci\u00f3n a los pacientes y a sus cuidadores<\/h5>\n<p><!--more--><\/p>\n<p>El Palacio de Condestable ha sido el escenario esta ma\u00f1ana de la entrega de los XXI Premios Tom\u00e1s Belzunegui, con los que la Sociedad Navarra de Geriatr\u00eda y Gerontolog\u00eda (SNGG) reconoce el fomento de una imagen positiva de las personas mayores, sin estereotipos ni prejuicios. Estos premios, que corresponden a los \u00e1mbitos de la literatura, el periodismo, las relaciones intergeneracionales y la educaci\u00f3n, honran la figura del doctor Tom\u00e1s Belzunegui Sarasa, fundador, junto al doctor Joaqu\u00edn Pe\u00f1alba, del Servicio de Geriatr\u00eda del Hospital de Navarra, en 1980.<\/p>\n<p>Los premios los han entregado el alcalde de Pamplona, Enrique Maya; la presidenta de la Sociedad Navarra de Geriatr\u00eda y Gerontolog\u00eda, Teresa Marcell\u00e1n Benavente; la directora gerente de la Agencia Navarra de Autonom\u00eda y Desarrollo de las Personas del Gobierno de Navarra, In\u00e9s Franc\u00e9s Rom\u00e1n; la presidenta del jurado y vocal de la SNGG, Olga Sala L\u00f3pez; la vicepresidenta de la SNGG, Sagrario Anaut Bravo; el director del Centro Navarro de la Audici\u00f3n, Jose Mari Oy\u00f3n Adelarpe; y la tesorera de la Asociaci\u00f3n de Periodistas de Navarra, Beatriz P\u00e9rez Ayerra.<\/p>\n<p>Los premios cuentan con la colaboraci\u00f3n del Ayuntamiento de Pamplona, el Gobierno de Navarra, la Asociaci\u00f3n de Periodistas de Navarra, Bilaketa, la Universidad P\u00fablica de Navarra, la Universidad de Navarra, UNED Pamplona y Centro Navarro de la Audici\u00f3n.<br \/>\n<script async src=\"\/\/pagead2.googlesyndication.com\/pagead\/js\/adsbygoogle.js\"><\/script><br \/>\n<!-- Noticias La Guia de Pamplona --><br \/>\n<ins class=\"adsbygoogle\"\nstyle=\"display:block\"\ndata-ad-client=\"ca-pub-6943679897239327\"\ndata-ad-slot=\"7048180777\"\ndata-ad-format=\"auto\"><\/ins><br \/>\n<script>\n(adsbygoogle = window.adsbygoogle || []).push({});\n<\/script><\/p>\n<p><strong>Los premiados<\/strong><\/p>\n<p>En la modalidad de relatos cortos literarios in\u00e9ditos que fomenten la imagen de las personas mayores, en una sociedad intergeneracional, el galard\u00f3n en categor\u00eda abierta ha sido para Ra\u00fal Clavero Bl\u00e1zquez, por su trabajo \u2018Todo esto\u2019. El premio consiste en 300 euros y certificado. El mismo premio recibe el ganador en la modalidad senior, para personas mayores de 60 a\u00f1os residentes en Navarra: Jos\u00e9 Luis Abad Pe\u00f1a, por su obra \u2018Diferente\u2019.<\/p>\n<p>En la modalidad de periodismo escrito, para trabajos publicados en medios de comunicaci\u00f3n navarros, impresos o digitales, el premiado ha sido Iv\u00e1n Ben\u00edtez Forni\u00e9s, por su pieza \u2018ADACEN. Por primera vez en 90 a\u00f1os voy a la escuela\u2019. El periodista recibe 300 euros y certificado. El acc\u00e9sit ha correspondido a Laura Puy Muguiro, por su trabajo \u2018Hay que volver a prestar atenci\u00f3n a lo que nos pueden contar los mayores\u2019.<\/p>\n<p>La tercera modalidad reconoce actividades intergeneracionales realizadas entre personas mayores de 60 a\u00f1os y menores de 18 a\u00f1os, que se hayan desarrollado en Centros Educativos, Centros Residenciales, Centros de D\u00eda y Asociaciones de Personas Mayores, radicados en Navarra. El premio ha sido para la Asociaci\u00f3n Lantxotegi Elkartea, por su actividad \u2018Plantando experiencia\u2019. Recibir\u00e1n un vale regalo canjeable por material inform\u00e1tico y su correspondiente certificado. En esta misma categor\u00eda, se ha reconocido con el acc\u00e9sit la iniciativa del IES Valle del Ebro de Tudela, Aizea Garc\u00eda y Lorena Mart\u00ednez \u2018La importancia de la lectura en la prevenci\u00f3n del deterioro cognitivo\u2019.<br \/>\n<script async src=\"\/\/pagead2.googlesyndication.com\/pagead\/js\/adsbygoogle.js\"><\/script><br \/>\n<!-- Noticias La Guia de Pamplona --><br \/>\n<ins class=\"adsbygoogle\"\nstyle=\"display:block\"\ndata-ad-client=\"ca-pub-6943679897239327\"\ndata-ad-slot=\"7048180777\"\ndata-ad-format=\"auto\"><\/ins><br \/>\n<script>\n(adsbygoogle = window.adsbygoogle || []).push({});\n<\/script><\/p>\n<p><strong>Universidad, Alzheimer y homenaje<\/strong><\/p>\n<p>En cuanto a la modalidad de universidad, se ha reconocido el mejor trabajo sobre el envejecimiento, con el objetivo de mejorar la calidad de vida, la dignidad y la visibilidad de las personas mayores, tanto en tesis de doctorado, trabajos fin de grado o trabajos fin de m\u00e1ster. La premiada ha sido Ana Bel\u00e9n Cuesta, de la Universidad de La Rioja, con su \u2018Estudio del envejecimiento activo desde la perspectiva del trabajo social\u2019. Las tesis de doctorado reciben una menci\u00f3n\/diploma de reconocimiento de la SNGG y una rese\u00f1a en la revista \u2018Cuadernos Gerontol\u00f3gicos\u2019. Adem\u00e1s, la premiada dispondr\u00e1 de una beca\/ayuda para inscribirse en uno de los Congresos de Geriatr\u00eda y Gerontolog\u00eda, a nivel auton\u00f3mico o nacional, que se celebre este a\u00f1o.<\/p>\n<p>Por \u00faltimo, la Asociaci\u00f3n de familiares de enfermos de Alzheimer de Navarra (AFAN) ha sido galardonada en la modalidad institucional, por su trabajo asociativo en la atenci\u00f3n a las personas enfermas de Alzheimer y a sus cuidadores. El alcalde de Pamplona ha entregado el diploma correspondiente y la presidenta de la SNGG, la placa conmemorativa.<\/p>\n<p>El acto ha incluido un homenaje a la madrina de honor, Soledad Otano, honrando la memoria y obra de su marido, que da nombre a los premios. La madrina no ha podido estar presente por motivos de salud, por lo que su hijo, Silvestre Belzunegui, ha recibido un ramo de flores de manos de la presidenta de la SNGG y un pa\u00f1uelo institucional, que le ha sido entregado por el alcalde de la ciudad, quien se ha encargado de la clausura del acto.<br \/>\n<script async src=\"\/\/pagead2.googlesyndication.com\/pagead\/js\/adsbygoogle.js\"><\/script><br \/>\n<!-- Noticias La Guia de Pamplona --><br \/>\n<ins class=\"adsbygoogle\"\nstyle=\"display:block\"\ndata-ad-client=\"ca-pub-6943679897239327\"\ndata-ad-slot=\"7048180777\"\ndata-ad-format=\"auto\"><\/ins><br \/>\n<script>\n(adsbygoogle = window.adsbygoogle || []).push({});\n<\/script><\/p>\n<p><u>\u00a0<\/u><\/p>\n<h3>XXI Premios Tom\u00e1s Belzunegui<\/h3>\n<ul>\n<li>Premio en la modalidad senior\n<ul>\n<li>Jos\u00e9 Luis Abad Pe\u00f1a, por \u2018Diferente\u2019<\/li>\n<\/ul>\n<\/li>\n<li>Premio en la modalidad relato corto\n<ul>\n<li>Ra\u00fal Clavero Bl\u00e1zquez, por \u2018Todo esto\u2019<\/li>\n<\/ul>\n<\/li>\n<li>Premio en la modalidad de periodismo\n<ul>\n<li>Iv\u00e1n Ben\u00edtez Foni\u00e9s, por \u2018ADACEN. Por primera vez en 90 a\u00f1os voy a la escuela\u2019<\/li>\n<\/ul>\n<\/li>\n<li>Acc\u00e9sit en la modalidad periodismo\n<ul>\n<li>Laura Puy Muguiro, por \u2018Hay que volver a prestar atenci\u00f3n a lo que nos pueden contar los mayores\u2019<\/li>\n<\/ul>\n<\/li>\n<li>Premio en la modalidad intergeneracional\n<ul>\n<li>Asociaci\u00f3n Lantxotegi Elkartea, por \u2018Plantando experiencia\u2019<\/li>\n<\/ul>\n<\/li>\n<li>Acc\u00e9sit en la modalidad intergeneracional\n<ul>\n<li>IES Valle del Ebro, de Tudela, Aizea Garc\u00eda y Lorena Mart\u00ednez, por \u2018La importancia de la lectura en la prevenci\u00f3n del deterioro cognitivo\u2019<\/li>\n<\/ul>\n<\/li>\n<li>Premio en la modalidad de universidad\n<ul>\n<li>Ana Bel\u00e9n Cuesta, por \u2018Estudio del envejecimiento activo desde la perspectiva del trabajo social<\/li>\n<\/ul>\n<\/li>\n<li>Premio en la modalidad institucional\n<ul>\n<li>Asociaci\u00f3n de familiares de enfermos de Alzheimer en Navarra (AFAN), \u201cpor su trabajo asociativo, en la atenci\u00f3n a las personas enfermas de Alzheimer y a sus cuidadores\u201d.<\/li>\n<\/ul>\n<\/li>\n<\/ul>\n","protected":false},"excerpt":{"rendered":"<p>Esta edici\u00f3n reconoce adem\u00e1s a la Asociaci\u00f3n de familiares de enfermos de Alzheimer en Navarra, por su atenci\u00f3n a los pacientes y a sus cuidadores<\/p>\n","protected":false},"author":1,"featured_media":42228,"comment_status":"open","ping_status":"closed","sticky":false,"template":"","format":"standard","meta":{"footnotes":""},"categories":[2],"tags":[],"class_list":["post-42227","post","type-post","status-publish","format-standard","has-post-thumbnail","hentry","category-ayuntamiento-pamplona"],"yoast_head":"<!-- This site is optimized with the Yoast SEO plugin v27.3 - https:\/\/yoast.com\/product\/yoast-seo-wordpress\/ -->\n<title>La Sociedad Navarra de Geriatr\u00eda y Gerontolog\u00eda entrega los XXI Premios Tom\u00e1s Belzunegui a ocho trabajos que fomentan una imagen positiva de las personas mayores<\/title>\n<meta name=\"description\" content=\"Esta edici\u00f3n reconoce adem\u00e1s a la Asociaci\u00f3n de familiares de enfermos de Alzheimer en Navarra, por su atenci\u00f3n a los pacientes y a sus cuidadores\" \/>\n<meta name=\"robots\" content=\"index, follow, max-snippet:-1, max-image-preview:large, max-video-preview:-1\" \/>\n<link rel=\"canonical\" href=\"https:\/\/www.laguiadepamplona.com\/actualidad\/la-sociedad-navarra-de-geriatria-y-gerontologia-entrega-los-xxi-premios-tomas-belzunegui-a-ocho-trabajos-que-fomentan-una-imagen-positiva-de-las-personas-mayores\/\" \/>\n<meta property=\"og:locale\" content=\"es_ES\" \/>\n<meta property=\"og:type\" content=\"article\" \/>\n<meta property=\"og:title\" content=\"La Sociedad Navarra de Geriatr\u00eda y Gerontolog\u00eda entrega los XXI Premios Tom\u00e1s Belzunegui a ocho trabajos que fomentan una imagen positiva de las personas mayores\" \/>\n<meta property=\"og:description\" content=\"Esta edici\u00f3n reconoce adem\u00e1s a la Asociaci\u00f3n de familiares de enfermos de Alzheimer en Navarra, por su atenci\u00f3n a los pacientes y a sus cuidadores\" \/>\n<meta property=\"og:url\" content=\"https:\/\/www.laguiadepamplona.com\/actualidad\/la-sociedad-navarra-de-geriatria-y-gerontologia-entrega-los-xxi-premios-tomas-belzunegui-a-ocho-trabajos-que-fomentan-una-imagen-positiva-de-las-personas-mayores\/\" \/>\n<meta property=\"og:site_name\" content=\"La Gu\u00eda de Pamplona\" \/>\n<meta property=\"article:publisher\" content=\"https:\/\/www.facebook.com\/laguiadepamplonacom-133175176762273\/?ref=hl\" \/>\n<meta property=\"article:published_time\" content=\"2022-11-17T16:10:32+00:00\" \/>\n<meta property=\"article:modified_time\" content=\"2023-04-11T09:47:34+00:00\" \/>\n<meta property=\"og:image\" content=\"https:\/\/www.laguiadepamplona.com\/actualidad\/wp-content\/uploads\/2022\/11\/premios-xxi-tomas-benzunegui-ee5a2866.webp\" \/>\n\t<meta property=\"og:image:width\" content=\"1920\" \/>\n\t<meta property=\"og:image:height\" content=\"1280\" \/>\n\t<meta property=\"og:image:type\" content=\"image\/webp\" \/>\n<meta name=\"author\" content=\"La Gu\u00eda de Pamplona\" \/>\n<meta name=\"twitter:card\" content=\"summary_large_image\" \/>\n<meta name=\"twitter:creator\" content=\"@LaGuiadPamplona\" \/>\n<meta name=\"twitter:site\" content=\"@LaGuiadPamplona\" \/>\n<meta name=\"twitter:label1\" content=\"Escrito por\" \/>\n\t<meta name=\"twitter:data1\" content=\"La Gu\u00eda de Pamplona\" \/>\n\t<meta name=\"twitter:label2\" content=\"Tiempo de lectura\" \/>\n\t<meta name=\"twitter:data2\" content=\"5 minutos\" \/>\n<script type=\"application\/ld+json\" class=\"yoast-schema-graph\">{\"@context\":\"https:\\\/\\\/schema.org\",\"@graph\":[{\"@type\":\"Article\",\"@id\":\"https:\\\/\\\/www.laguiadepamplona.com\\\/actualidad\\\/la-sociedad-navarra-de-geriatria-y-gerontologia-entrega-los-xxi-premios-tomas-belzunegui-a-ocho-trabajos-que-fomentan-una-imagen-positiva-de-las-personas-mayores\\\/#article\",\"isPartOf\":{\"@id\":\"https:\\\/\\\/www.laguiadepamplona.com\\\/actualidad\\\/la-sociedad-navarra-de-geriatria-y-gerontologia-entrega-los-xxi-premios-tomas-belzunegui-a-ocho-trabajos-que-fomentan-una-imagen-positiva-de-las-personas-mayores\\\/\"},\"author\":{\"name\":\"La Gu\u00eda de Pamplona\",\"@id\":\"https:\\\/\\\/www.laguiadepamplona.com\\\/actualidad\\\/#\\\/schema\\\/person\\\/efe887376f0213d4657c93adc50b1fdb\"},\"headline\":\"La Sociedad Navarra de Geriatr\u00eda y Gerontolog\u00eda entrega los XXI Premios Tom\u00e1s Belzunegui a ocho trabajos que fomentan una imagen positiva de las personas mayores\",\"datePublished\":\"2022-11-17T16:10:32+00:00\",\"dateModified\":\"2023-04-11T09:47:34+00:00\",\"mainEntityOfPage\":{\"@id\":\"https:\\\/\\\/www.laguiadepamplona.com\\\/actualidad\\\/la-sociedad-navarra-de-geriatria-y-gerontologia-entrega-los-xxi-premios-tomas-belzunegui-a-ocho-trabajos-que-fomentan-una-imagen-positiva-de-las-personas-mayores\\\/\"},\"wordCount\":1014,\"commentCount\":0,\"publisher\":{\"@id\":\"https:\\\/\\\/www.laguiadepamplona.com\\\/actualidad\\\/#organization\"},\"image\":{\"@id\":\"https:\\\/\\\/www.laguiadepamplona.com\\\/actualidad\\\/la-sociedad-navarra-de-geriatria-y-gerontologia-entrega-los-xxi-premios-tomas-belzunegui-a-ocho-trabajos-que-fomentan-una-imagen-positiva-de-las-personas-mayores\\\/#primaryimage\"},\"thumbnailUrl\":\"https:\\\/\\\/www.laguiadepamplona.com\\\/actualidad\\\/wp-content\\\/uploads\\\/2022\\\/11\\\/premios-xxi-tomas-benzunegui-ee5a2866.webp\",\"articleSection\":[\"Ayto Pamplona\"],\"inLanguage\":\"es\",\"potentialAction\":[{\"@type\":\"CommentAction\",\"name\":\"Comment\",\"target\":[\"https:\\\/\\\/www.laguiadepamplona.com\\\/actualidad\\\/la-sociedad-navarra-de-geriatria-y-gerontologia-entrega-los-xxi-premios-tomas-belzunegui-a-ocho-trabajos-que-fomentan-una-imagen-positiva-de-las-personas-mayores\\\/#respond\"]}]},{\"@type\":\"WebPage\",\"@id\":\"https:\\\/\\\/www.laguiadepamplona.com\\\/actualidad\\\/la-sociedad-navarra-de-geriatria-y-gerontologia-entrega-los-xxi-premios-tomas-belzunegui-a-ocho-trabajos-que-fomentan-una-imagen-positiva-de-las-personas-mayores\\\/\",\"url\":\"https:\\\/\\\/www.laguiadepamplona.com\\\/actualidad\\\/la-sociedad-navarra-de-geriatria-y-gerontologia-entrega-los-xxi-premios-tomas-belzunegui-a-ocho-trabajos-que-fomentan-una-imagen-positiva-de-las-personas-mayores\\\/\",\"name\":\"La Sociedad Navarra de Geriatr\u00eda y Gerontolog\u00eda entrega los XXI Premios Tom\u00e1s Belzunegui a ocho trabajos que fomentan una imagen positiva de las personas mayores\",\"isPartOf\":{\"@id\":\"https:\\\/\\\/www.laguiadepamplona.com\\\/actualidad\\\/#website\"},\"primaryImageOfPage\":{\"@id\":\"https:\\\/\\\/www.laguiadepamplona.com\\\/actualidad\\\/la-sociedad-navarra-de-geriatria-y-gerontologia-entrega-los-xxi-premios-tomas-belzunegui-a-ocho-trabajos-que-fomentan-una-imagen-positiva-de-las-personas-mayores\\\/#primaryimage\"},\"image\":{\"@id\":\"https:\\\/\\\/www.laguiadepamplona.com\\\/actualidad\\\/la-sociedad-navarra-de-geriatria-y-gerontologia-entrega-los-xxi-premios-tomas-belzunegui-a-ocho-trabajos-que-fomentan-una-imagen-positiva-de-las-personas-mayores\\\/#primaryimage\"},\"thumbnailUrl\":\"https:\\\/\\\/www.laguiadepamplona.com\\\/actualidad\\\/wp-content\\\/uploads\\\/2022\\\/11\\\/premios-xxi-tomas-benzunegui-ee5a2866.webp\",\"datePublished\":\"2022-11-17T16:10:32+00:00\",\"dateModified\":\"2023-04-11T09:47:34+00:00\",\"description\":\"Esta edici\u00f3n reconoce adem\u00e1s a la Asociaci\u00f3n de familiares de enfermos de Alzheimer en Navarra, por su atenci\u00f3n a los pacientes y a sus cuidadores\",\"breadcrumb\":{\"@id\":\"https:\\\/\\\/www.laguiadepamplona.com\\\/actualidad\\\/la-sociedad-navarra-de-geriatria-y-gerontologia-entrega-los-xxi-premios-tomas-belzunegui-a-ocho-trabajos-que-fomentan-una-imagen-positiva-de-las-personas-mayores\\\/#breadcrumb\"},\"inLanguage\":\"es\",\"potentialAction\":[{\"@type\":\"ReadAction\",\"target\":[\"https:\\\/\\\/www.laguiadepamplona.com\\\/actualidad\\\/la-sociedad-navarra-de-geriatria-y-gerontologia-entrega-los-xxi-premios-tomas-belzunegui-a-ocho-trabajos-que-fomentan-una-imagen-positiva-de-las-personas-mayores\\\/\"]}]},{\"@type\":\"ImageObject\",\"inLanguage\":\"es\",\"@id\":\"https:\\\/\\\/www.laguiadepamplona.com\\\/actualidad\\\/la-sociedad-navarra-de-geriatria-y-gerontologia-entrega-los-xxi-premios-tomas-belzunegui-a-ocho-trabajos-que-fomentan-una-imagen-positiva-de-las-personas-mayores\\\/#primaryimage\",\"url\":\"https:\\\/\\\/www.laguiadepamplona.com\\\/actualidad\\\/wp-content\\\/uploads\\\/2022\\\/11\\\/premios-xxi-tomas-benzunegui-ee5a2866.webp\",\"contentUrl\":\"https:\\\/\\\/www.laguiadepamplona.com\\\/actualidad\\\/wp-content\\\/uploads\\\/2022\\\/11\\\/premios-xxi-tomas-benzunegui-ee5a2866.webp\",\"width\":1920,\"height\":1280},{\"@type\":\"BreadcrumbList\",\"@id\":\"https:\\\/\\\/www.laguiadepamplona.com\\\/actualidad\\\/la-sociedad-navarra-de-geriatria-y-gerontologia-entrega-los-xxi-premios-tomas-belzunegui-a-ocho-trabajos-que-fomentan-una-imagen-positiva-de-las-personas-mayores\\\/#breadcrumb\",\"itemListElement\":[{\"@type\":\"ListItem\",\"position\":1,\"name\":\"Portada\",\"item\":\"https:\\\/\\\/www.laguiadepamplona.com\\\/actualidad\\\/\"},{\"@type\":\"ListItem\",\"position\":2,\"name\":\"La Sociedad Navarra de Geriatr\u00eda y Gerontolog\u00eda entrega los XXI Premios Tom\u00e1s Belzunegui a ocho trabajos que fomentan una imagen positiva de las personas mayores\"}]},{\"@type\":\"WebSite\",\"@id\":\"https:\\\/\\\/www.laguiadepamplona.com\\\/actualidad\\\/#website\",\"url\":\"https:\\\/\\\/www.laguiadepamplona.com\\\/actualidad\\\/\",\"name\":\"La gu\u00eda de Pamplona\",\"description\":\"Noticias de Pamplona\",\"publisher\":{\"@id\":\"https:\\\/\\\/www.laguiadepamplona.com\\\/actualidad\\\/#organization\"},\"potentialAction\":[{\"@type\":\"SearchAction\",\"target\":{\"@type\":\"EntryPoint\",\"urlTemplate\":\"https:\\\/\\\/www.laguiadepamplona.com\\\/actualidad\\\/?s={search_term_string}\"},\"query-input\":{\"@type\":\"PropertyValueSpecification\",\"valueRequired\":true,\"valueName\":\"search_term_string\"}}],\"inLanguage\":\"es\"},{\"@type\":\"Organization\",\"@id\":\"https:\\\/\\\/www.laguiadepamplona.com\\\/actualidad\\\/#organization\",\"name\":\"La Gu\u00eda de Pamplona \\\/ Noticias\",\"url\":\"https:\\\/\\\/www.laguiadepamplona.com\\\/actualidad\\\/\",\"logo\":{\"@type\":\"ImageObject\",\"inLanguage\":\"es\",\"@id\":\"https:\\\/\\\/www.laguiadepamplona.com\\\/actualidad\\\/#\\\/schema\\\/logo\\\/image\\\/\",\"url\":\"https:\\\/\\\/www.laguiadepamplona.com\\\/actualidad\\\/wp-content\\\/uploads\\\/2018\\\/11\\\/logo-laguiadepamplona18-web1.png\",\"contentUrl\":\"https:\\\/\\\/www.laguiadepamplona.com\\\/actualidad\\\/wp-content\\\/uploads\\\/2018\\\/11\\\/logo-laguiadepamplona18-web1.png\",\"width\":600,\"height\":196,\"caption\":\"La Gu\u00eda de Pamplona \\\/ Noticias\"},\"image\":{\"@id\":\"https:\\\/\\\/www.laguiadepamplona.com\\\/actualidad\\\/#\\\/schema\\\/logo\\\/image\\\/\"},\"sameAs\":[\"https:\\\/\\\/www.facebook.com\\\/laguiadepamplonacom-133175176762273\\\/?ref=hl\",\"https:\\\/\\\/x.com\\\/LaGuiadPamplona\",\"https:\\\/\\\/www.instagram.com\\\/la_guia_de_pamplona\\\/\",\"https:\\\/\\\/www.youtube.com\\\/user\\\/laguiadepamplona\"]},{\"@type\":\"Person\",\"@id\":\"https:\\\/\\\/www.laguiadepamplona.com\\\/actualidad\\\/#\\\/schema\\\/person\\\/efe887376f0213d4657c93adc50b1fdb\",\"name\":\"La Gu\u00eda de Pamplona\",\"image\":{\"@type\":\"ImageObject\",\"inLanguage\":\"es\",\"@id\":\"https:\\\/\\\/secure.gravatar.com\\\/avatar\\\/b6992f131dc8d30ab0dff15446e9d346d9dbd95992de0fef795073f5ea83a81c?s=96&d=mm&r=g\",\"url\":\"https:\\\/\\\/secure.gravatar.com\\\/avatar\\\/b6992f131dc8d30ab0dff15446e9d346d9dbd95992de0fef795073f5ea83a81c?s=96&d=mm&r=g\",\"contentUrl\":\"https:\\\/\\\/secure.gravatar.com\\\/avatar\\\/b6992f131dc8d30ab0dff15446e9d346d9dbd95992de0fef795073f5ea83a81c?s=96&d=mm&r=g\",\"caption\":\"La Gu\u00eda de Pamplona\"}}]}<\/script>\n<!-- \/ Yoast SEO plugin. -->","yoast_head_json":{"title":"La Sociedad Navarra de Geriatr\u00eda y Gerontolog\u00eda entrega los XXI Premios Tom\u00e1s Belzunegui a ocho trabajos que fomentan una imagen positiva de las personas mayores","description":"Esta edici\u00f3n reconoce adem\u00e1s a la Asociaci\u00f3n de familiares de enfermos de Alzheimer en Navarra, por su atenci\u00f3n a los pacientes y a sus cuidadores","robots":{"index":"index","follow":"follow","max-snippet":"max-snippet:-1","max-image-preview":"max-image-preview:large","max-video-preview":"max-video-preview:-1"},"canonical":"https:\/\/www.laguiadepamplona.com\/actualidad\/la-sociedad-navarra-de-geriatria-y-gerontologia-entrega-los-xxi-premios-tomas-belzunegui-a-ocho-trabajos-que-fomentan-una-imagen-positiva-de-las-personas-mayores\/","og_locale":"es_ES","og_type":"article","og_title":"La Sociedad Navarra de Geriatr\u00eda y Gerontolog\u00eda entrega los XXI Premios Tom\u00e1s Belzunegui a ocho trabajos que fomentan una imagen positiva de las personas mayores","og_description":"Esta edici\u00f3n reconoce adem\u00e1s a la Asociaci\u00f3n de familiares de enfermos de Alzheimer en Navarra, por su atenci\u00f3n a los pacientes y a sus cuidadores","og_url":"https:\/\/www.laguiadepamplona.com\/actualidad\/la-sociedad-navarra-de-geriatria-y-gerontologia-entrega-los-xxi-premios-tomas-belzunegui-a-ocho-trabajos-que-fomentan-una-imagen-positiva-de-las-personas-mayores\/","og_site_name":"La Gu\u00eda de Pamplona","article_publisher":"https:\/\/www.facebook.com\/laguiadepamplonacom-133175176762273\/?ref=hl","article_published_time":"2022-11-17T16:10:32+00:00","article_modified_time":"2023-04-11T09:47:34+00:00","og_image":[{"width":1920,"height":1280,"url":"https:\/\/www.laguiadepamplona.com\/actualidad\/wp-content\/uploads\/2022\/11\/premios-xxi-tomas-benzunegui-ee5a2866.webp","type":"image\/webp"}],"author":"La Gu\u00eda de Pamplona","twitter_card":"summary_large_image","twitter_creator":"@LaGuiadPamplona","twitter_site":"@LaGuiadPamplona","twitter_misc":{"Escrito por":"La Gu\u00eda de Pamplona","Tiempo de lectura":"5 minutos"},"schema":{"@context":"https:\/\/schema.org","@graph":[{"@type":"Article","@id":"https:\/\/www.laguiadepamplona.com\/actualidad\/la-sociedad-navarra-de-geriatria-y-gerontologia-entrega-los-xxi-premios-tomas-belzunegui-a-ocho-trabajos-que-fomentan-una-imagen-positiva-de-las-personas-mayores\/#article","isPartOf":{"@id":"https:\/\/www.laguiadepamplona.com\/actualidad\/la-sociedad-navarra-de-geriatria-y-gerontologia-entrega-los-xxi-premios-tomas-belzunegui-a-ocho-trabajos-que-fomentan-una-imagen-positiva-de-las-personas-mayores\/"},"author":{"name":"La Gu\u00eda de Pamplona","@id":"https:\/\/www.laguiadepamplona.com\/actualidad\/#\/schema\/person\/efe887376f0213d4657c93adc50b1fdb"},"headline":"La Sociedad Navarra de Geriatr\u00eda y Gerontolog\u00eda entrega los XXI Premios Tom\u00e1s Belzunegui a ocho trabajos que fomentan una imagen positiva de las personas mayores","datePublished":"2022-11-17T16:10:32+00:00","dateModified":"2023-04-11T09:47:34+00:00","mainEntityOfPage":{"@id":"https:\/\/www.laguiadepamplona.com\/actualidad\/la-sociedad-navarra-de-geriatria-y-gerontologia-entrega-los-xxi-premios-tomas-belzunegui-a-ocho-trabajos-que-fomentan-una-imagen-positiva-de-las-personas-mayores\/"},"wordCount":1014,"commentCount":0,"publisher":{"@id":"https:\/\/www.laguiadepamplona.com\/actualidad\/#organization"},"image":{"@id":"https:\/\/www.laguiadepamplona.com\/actualidad\/la-sociedad-navarra-de-geriatria-y-gerontologia-entrega-los-xxi-premios-tomas-belzunegui-a-ocho-trabajos-que-fomentan-una-imagen-positiva-de-las-personas-mayores\/#primaryimage"},"thumbnailUrl":"https:\/\/www.laguiadepamplona.com\/actualidad\/wp-content\/uploads\/2022\/11\/premios-xxi-tomas-benzunegui-ee5a2866.webp","articleSection":["Ayto Pamplona"],"inLanguage":"es","potentialAction":[{"@type":"CommentAction","name":"Comment","target":["https:\/\/www.laguiadepamplona.com\/actualidad\/la-sociedad-navarra-de-geriatria-y-gerontologia-entrega-los-xxi-premios-tomas-belzunegui-a-ocho-trabajos-que-fomentan-una-imagen-positiva-de-las-personas-mayores\/#respond"]}]},{"@type":"WebPage","@id":"https:\/\/www.laguiadepamplona.com\/actualidad\/la-sociedad-navarra-de-geriatria-y-gerontologia-entrega-los-xxi-premios-tomas-belzunegui-a-ocho-trabajos-que-fomentan-una-imagen-positiva-de-las-personas-mayores\/","url":"https:\/\/www.laguiadepamplona.com\/actualidad\/la-sociedad-navarra-de-geriatria-y-gerontologia-entrega-los-xxi-premios-tomas-belzunegui-a-ocho-trabajos-que-fomentan-una-imagen-positiva-de-las-personas-mayores\/","name":"La Sociedad Navarra de Geriatr\u00eda y Gerontolog\u00eda entrega los XXI Premios Tom\u00e1s Belzunegui a ocho trabajos que fomentan una imagen positiva de las personas mayores","isPartOf":{"@id":"https:\/\/www.laguiadepamplona.com\/actualidad\/#website"},"primaryImageOfPage":{"@id":"https:\/\/www.laguiadepamplona.com\/actualidad\/la-sociedad-navarra-de-geriatria-y-gerontologia-entrega-los-xxi-premios-tomas-belzunegui-a-ocho-trabajos-que-fomentan-una-imagen-positiva-de-las-personas-mayores\/#primaryimage"},"image":{"@id":"https:\/\/www.laguiadepamplona.com\/actualidad\/la-sociedad-navarra-de-geriatria-y-gerontologia-entrega-los-xxi-premios-tomas-belzunegui-a-ocho-trabajos-que-fomentan-una-imagen-positiva-de-las-personas-mayores\/#primaryimage"},"thumbnailUrl":"https:\/\/www.laguiadepamplona.com\/actualidad\/wp-content\/uploads\/2022\/11\/premios-xxi-tomas-benzunegui-ee5a2866.webp","datePublished":"2022-11-17T16:10:32+00:00","dateModified":"2023-04-11T09:47:34+00:00","description":"Esta edici\u00f3n reconoce adem\u00e1s a la Asociaci\u00f3n de familiares de enfermos de Alzheimer en Navarra, por su atenci\u00f3n a los pacientes y a sus cuidadores","breadcrumb":{"@id":"https:\/\/www.laguiadepamplona.com\/actualidad\/la-sociedad-navarra-de-geriatria-y-gerontologia-entrega-los-xxi-premios-tomas-belzunegui-a-ocho-trabajos-que-fomentan-una-imagen-positiva-de-las-personas-mayores\/#breadcrumb"},"inLanguage":"es","potentialAction":[{"@type":"ReadAction","target":["https:\/\/www.laguiadepamplona.com\/actualidad\/la-sociedad-navarra-de-geriatria-y-gerontologia-entrega-los-xxi-premios-tomas-belzunegui-a-ocho-trabajos-que-fomentan-una-imagen-positiva-de-las-personas-mayores\/"]}]},{"@type":"ImageObject","inLanguage":"es","@id":"https:\/\/www.laguiadepamplona.com\/actualidad\/la-sociedad-navarra-de-geriatria-y-gerontologia-entrega-los-xxi-premios-tomas-belzunegui-a-ocho-trabajos-que-fomentan-una-imagen-positiva-de-las-personas-mayores\/#primaryimage","url":"https:\/\/www.laguiadepamplona.com\/actualidad\/wp-content\/uploads\/2022\/11\/premios-xxi-tomas-benzunegui-ee5a2866.webp","contentUrl":"https:\/\/www.laguiadepamplona.com\/actualidad\/wp-content\/uploads\/2022\/11\/premios-xxi-tomas-benzunegui-ee5a2866.webp","width":1920,"height":1280},{"@type":"BreadcrumbList","@id":"https:\/\/www.laguiadepamplona.com\/actualidad\/la-sociedad-navarra-de-geriatria-y-gerontologia-entrega-los-xxi-premios-tomas-belzunegui-a-ocho-trabajos-que-fomentan-una-imagen-positiva-de-las-personas-mayores\/#breadcrumb","itemListElement":[{"@type":"ListItem","position":1,"name":"Portada","item":"https:\/\/www.laguiadepamplona.com\/actualidad\/"},{"@type":"ListItem","position":2,"name":"La Sociedad Navarra de Geriatr\u00eda y Gerontolog\u00eda entrega los XXI Premios Tom\u00e1s Belzunegui a ocho trabajos que fomentan una imagen positiva de las personas mayores"}]},{"@type":"WebSite","@id":"https:\/\/www.laguiadepamplona.com\/actualidad\/#website","url":"https:\/\/www.laguiadepamplona.com\/actualidad\/","name":"La gu\u00eda de Pamplona","description":"Noticias de Pamplona","publisher":{"@id":"https:\/\/www.laguiadepamplona.com\/actualidad\/#organization"},"potentialAction":[{"@type":"SearchAction","target":{"@type":"EntryPoint","urlTemplate":"https:\/\/www.laguiadepamplona.com\/actualidad\/?s={search_term_string}"},"query-input":{"@type":"PropertyValueSpecification","valueRequired":true,"valueName":"search_term_string"}}],"inLanguage":"es"},{"@type":"Organization","@id":"https:\/\/www.laguiadepamplona.com\/actualidad\/#organization","name":"La Gu\u00eda de Pamplona \/ Noticias","url":"https:\/\/www.laguiadepamplona.com\/actualidad\/","logo":{"@type":"ImageObject","inLanguage":"es","@id":"https:\/\/www.laguiadepamplona.com\/actualidad\/#\/schema\/logo\/image\/","url":"https:\/\/www.laguiadepamplona.com\/actualidad\/wp-content\/uploads\/2018\/11\/logo-laguiadepamplona18-web1.png","contentUrl":"https:\/\/www.laguiadepamplona.com\/actualidad\/wp-content\/uploads\/2018\/11\/logo-laguiadepamplona18-web1.png","width":600,"height":196,"caption":"La Gu\u00eda de Pamplona \/ Noticias"},"image":{"@id":"https:\/\/www.laguiadepamplona.com\/actualidad\/#\/schema\/logo\/image\/"},"sameAs":["https:\/\/www.facebook.com\/laguiadepamplonacom-133175176762273\/?ref=hl","https:\/\/x.com\/LaGuiadPamplona","https:\/\/www.instagram.com\/la_guia_de_pamplona\/","https:\/\/www.youtube.com\/user\/laguiadepamplona"]},{"@type":"Person","@id":"https:\/\/www.laguiadepamplona.com\/actualidad\/#\/schema\/person\/efe887376f0213d4657c93adc50b1fdb","name":"La Gu\u00eda de Pamplona","image":{"@type":"ImageObject","inLanguage":"es","@id":"https:\/\/secure.gravatar.com\/avatar\/b6992f131dc8d30ab0dff15446e9d346d9dbd95992de0fef795073f5ea83a81c?s=96&d=mm&r=g","url":"https:\/\/secure.gravatar.com\/avatar\/b6992f131dc8d30ab0dff15446e9d346d9dbd95992de0fef795073f5ea83a81c?s=96&d=mm&r=g","contentUrl":"https:\/\/secure.gravatar.com\/avatar\/b6992f131dc8d30ab0dff15446e9d346d9dbd95992de0fef795073f5ea83a81c?s=96&d=mm&r=g","caption":"La Gu\u00eda de Pamplona"}}]}},"post_mailing_queue_ids":[],"_links":{"self":[{"href":"https:\/\/www.laguiadepamplona.com\/actualidad\/wp-json\/wp\/v2\/posts\/42227","targetHints":{"allow":["GET"]}}],"collection":[{"href":"https:\/\/www.laguiadepamplona.com\/actualidad\/wp-json\/wp\/v2\/posts"}],"about":[{"href":"https:\/\/www.laguiadepamplona.com\/actualidad\/wp-json\/wp\/v2\/types\/post"}],"author":[{"embeddable":true,"href":"https:\/\/www.laguiadepamplona.com\/actualidad\/wp-json\/wp\/v2\/users\/1"}],"replies":[{"embeddable":true,"href":"https:\/\/www.laguiadepamplona.com\/actualidad\/wp-json\/wp\/v2\/comments?post=42227"}],"version-history":[{"count":0,"href":"https:\/\/www.laguiadepamplona.com\/actualidad\/wp-json\/wp\/v2\/posts\/42227\/revisions"}],"wp:featuredmedia":[{"embeddable":true,"href":"https:\/\/www.laguiadepamplona.com\/actualidad\/wp-json\/wp\/v2\/media\/42228"}],"wp:attachment":[{"href":"https:\/\/www.laguiadepamplona.com\/actualidad\/wp-json\/wp\/v2\/media?parent=42227"}],"wp:term":[{"taxonomy":"category","embeddable":true,"href":"https:\/\/www.laguiadepamplona.com\/actualidad\/wp-json\/wp\/v2\/categories?post=42227"},{"taxonomy":"post_tag","embeddable":true,"href":"https:\/\/www.laguiadepamplona.com\/actualidad\/wp-json\/wp\/v2\/tags?post=42227"}],"curies":[{"name":"wp","href":"https:\/\/api.w.org\/{rel}","templated":true}]}}