{"id":42224,"date":"2022-11-16T13:32:53","date_gmt":"2022-11-16T11:32:53","guid":{"rendered":"https:\/\/www.laguiadepamplona.com\/actualidad\/?p=42224"},"modified":"2023-04-11T11:47:34","modified_gmt":"2023-04-11T09:47:34","slug":"el-foro-de-barrio-del-primer-y-segundo-ensanche-se-celebra-manana-jueves-en-el-salon-de-actos-de-la-escuela-de-arte-y-superior-de-diseno-de-pamplona","status":"publish","type":"post","link":"https:\/\/www.laguiadepamplona.com\/actualidad\/el-foro-de-barrio-del-primer-y-segundo-ensanche-se-celebra-manana-jueves-en-el-salon-de-actos-de-la-escuela-de-arte-y-superior-de-diseno-de-pamplona\/","title":{"rendered":"El Foro de Barrio del Primer y Segundo Ensanche se celebra ma\u00f1ana jueves en el sal\u00f3n de actos de la Escuela de Arte y Superior de Dise\u00f1o de Pamplona"},"content":{"rendered":"<h5>La cita, de 18.30 a 20 horas, con presencia del alcalde, puede seguirse en directo en el canal municipal de YouTube<\/h5>\n<p><!--more--><\/p>\n<p>El Foro de Barrio del Primer y Segundo Ensanche se celebra <strong><u>ma\u00f1ana jueves<\/u><\/strong>, <strong><u>entre las 18.30 y las 20 horas<\/u><\/strong>, con presencia del alcalde de Pamplona, Enrique Maya, y la concejala de barrio Mar\u00eda Garc\u00eda-Barberena. En el foro se abordar\u00e1n las preguntas y propuestas realizadas por la ciudadan\u00eda a trav\u00e9s del correo electr\u00f3nico y la web, as\u00ed como las que se planteen in situ en el sal\u00f3n de actos de la Escuela de Arte y Superior de Dise\u00f1o de Pamplona (calle Amaya 27).<\/p>\n<p>La asistencia presencial al foro es libre hasta completar aforo. En caso de no poder acudir en persona, la sesi\u00f3n puede seguirse, en directo o en diferido, a trav\u00e9s del <a href=\"https:\/\/youtu.be\/fwjyVdLPoao\" target=\"_blank\" rel=\"noopener\">canal municipal de YouTube<\/a> del \u00e1rea de Participaci\u00f3n Ciudadana del Ayuntamiento de Pamplona. As\u00ed mismo, en las redes sociales se puede conversar utilizando los hashtags #ForoEnsanches | #ZabalguneetakoEztabaidagunea.<br \/>\n<script async src=\"\/\/pagead2.googlesyndication.com\/pagead\/js\/adsbygoogle.js\"><\/script><br \/>\n<!-- Noticias La Guia de Pamplona --><br \/>\n<ins class=\"adsbygoogle\"\nstyle=\"display:block\"\ndata-ad-client=\"ca-pub-6943679897239327\"\ndata-ad-slot=\"7048180777\"\ndata-ad-format=\"auto\"><\/ins><br \/>\n<script>\n(adsbygoogle = window.adsbygoogle || []).push({});\n<\/script><\/p>\n<p>Los foros se crearon en 2004 para fomentar el di\u00e1logo con la ciudadan\u00eda y conocer en primera persona sus inquietudes respecto a su entorno m\u00e1s pr\u00f3ximo. Por este motivo, a estas citas peri\u00f3dicas acude el alcalde, concejales y t\u00e9cnicos municipales que puedan resolver dudas y profundizar en puntos de especial inter\u00e9s para los vecinos y vecinas. En el caso del Foro de los Ensanches, se va a presentar el futuro civivox del barrio, cuyas obras fueron adjudicadas el pasado mes de octubre.<\/p>\n<p>Los foros de barrio se retomaron tras la pandemia a finales del a\u00f1o pasado, cuando se celebraron los de Mendillorri, San Jorge y Milagrosa \u2013 Arrosad\u00eda \u2013 Azpilaga\u00f1a. Este a\u00f1o han tenido lugar los de San Juan, Etxabakoitz y Rochapea, y el pr\u00f3ximo 15 de diciembre se reunir\u00e1 el Foro de Ermitaga\u00f1a \u2013 Mendebaldea. As\u00ed, junto al que se celebra ma\u00f1ana, se completa el ciclo de encuentros de las autoridades con todos los vecindarios de la ciudad.<br \/>\n<script async src=\"\/\/pagead2.googlesyndication.com\/pagead\/js\/adsbygoogle.js\"><\/script><br \/>\n<!-- Noticias La Guia de Pamplona --><br \/>\n<ins class=\"adsbygoogle\"\nstyle=\"display:block\"\ndata-ad-client=\"ca-pub-6943679897239327\"\ndata-ad-slot=\"7048180777\"\ndata-ad-format=\"auto\"><\/ins><br \/>\n<script>\n(adsbygoogle = window.adsbygoogle || []).push({});\n<\/script><\/p>\n<p>&nbsp;<\/p>\n<h3>Conversaci\u00f3n en las Redes Sociales<\/h3>\n<ul>\n<li>Los hashtags para participar son #ForoEnsanches | #ZabalguneetakoEztabaidagunea.<\/li>\n<\/ul>\n","protected":false},"excerpt":{"rendered":"<p>La cita, de 18.30 a 20 horas, con presencia del alcalde, puede seguirse en directo en el canal municipal de YouTube<\/p>\n","protected":false},"author":1,"featured_media":42225,"comment_status":"open","ping_status":"closed","sticky":false,"template":"","format":"standard","meta":{"footnotes":""},"categories":[2],"tags":[],"class_list":["post-42224","post","type-post","status-publish","format-standard","has-post-thumbnail","hentry","category-ayuntamiento-pamplona"],"yoast_head":"<!-- This site is optimized with the Yoast SEO plugin v27.3 - https:\/\/yoast.com\/product\/yoast-seo-wordpress\/ -->\n<title>El Foro de Barrio del Primer y Segundo Ensanche se celebra ma\u00f1ana jueves en el sal\u00f3n de actos de la Escuela de Arte y Superior de Dise\u00f1o de Pamplona<\/title>\n<meta name=\"description\" content=\"La cita, de 18.30 a 20 horas, con presencia del alcalde, puede seguirse en directo en el canal municipal de YouTube\" \/>\n<meta name=\"robots\" content=\"index, follow, max-snippet:-1, max-image-preview:large, max-video-preview:-1\" \/>\n<link rel=\"canonical\" href=\"https:\/\/www.laguiadepamplona.com\/actualidad\/el-foro-de-barrio-del-primer-y-segundo-ensanche-se-celebra-manana-jueves-en-el-salon-de-actos-de-la-escuela-de-arte-y-superior-de-diseno-de-pamplona\/\" \/>\n<meta property=\"og:locale\" content=\"es_ES\" \/>\n<meta property=\"og:type\" content=\"article\" \/>\n<meta property=\"og:title\" content=\"El Foro de Barrio del Primer y Segundo Ensanche se celebra ma\u00f1ana jueves en el sal\u00f3n de actos de la Escuela de Arte y Superior de Dise\u00f1o de Pamplona\" \/>\n<meta property=\"og:description\" content=\"La cita, de 18.30 a 20 horas, con presencia del alcalde, puede seguirse en directo en el canal municipal de YouTube\" \/>\n<meta property=\"og:url\" content=\"https:\/\/www.laguiadepamplona.com\/actualidad\/el-foro-de-barrio-del-primer-y-segundo-ensanche-se-celebra-manana-jueves-en-el-salon-de-actos-de-la-escuela-de-arte-y-superior-de-diseno-de-pamplona\/\" \/>\n<meta property=\"og:site_name\" content=\"La Gu\u00eda de Pamplona\" \/>\n<meta property=\"article:publisher\" content=\"https:\/\/www.facebook.com\/laguiadepamplonacom-133175176762273\/?ref=hl\" \/>\n<meta property=\"article:published_time\" content=\"2022-11-16T11:32:53+00:00\" \/>\n<meta property=\"article:modified_time\" content=\"2023-04-11T09:47:34+00:00\" \/>\n<meta property=\"og:image\" content=\"https:\/\/www.laguiadepamplona.com\/actualidad\/wp-content\/uploads\/2022\/11\/Q5A9643fororocha22-10-25.webp\" \/>\n\t<meta property=\"og:image:width\" content=\"1920\" \/>\n\t<meta property=\"og:image:height\" content=\"1281\" \/>\n\t<meta property=\"og:image:type\" content=\"image\/webp\" \/>\n<meta name=\"author\" content=\"La Gu\u00eda de Pamplona\" \/>\n<meta name=\"twitter:card\" content=\"summary_large_image\" \/>\n<meta name=\"twitter:creator\" content=\"@LaGuiadPamplona\" \/>\n<meta name=\"twitter:site\" content=\"@LaGuiadPamplona\" \/>\n<meta name=\"twitter:label1\" content=\"Escrito por\" \/>\n\t<meta name=\"twitter:data1\" content=\"La Gu\u00eda de Pamplona\" \/>\n\t<meta name=\"twitter:label2\" content=\"Tiempo de lectura\" \/>\n\t<meta name=\"twitter:data2\" content=\"2 minutos\" \/>\n<script type=\"application\/ld+json\" class=\"yoast-schema-graph\">{\"@context\":\"https:\\\/\\\/schema.org\",\"@graph\":[{\"@type\":\"Article\",\"@id\":\"https:\\\/\\\/www.laguiadepamplona.com\\\/actualidad\\\/el-foro-de-barrio-del-primer-y-segundo-ensanche-se-celebra-manana-jueves-en-el-salon-de-actos-de-la-escuela-de-arte-y-superior-de-diseno-de-pamplona\\\/#article\",\"isPartOf\":{\"@id\":\"https:\\\/\\\/www.laguiadepamplona.com\\\/actualidad\\\/el-foro-de-barrio-del-primer-y-segundo-ensanche-se-celebra-manana-jueves-en-el-salon-de-actos-de-la-escuela-de-arte-y-superior-de-diseno-de-pamplona\\\/\"},\"author\":{\"name\":\"La Gu\u00eda de Pamplona\",\"@id\":\"https:\\\/\\\/www.laguiadepamplona.com\\\/actualidad\\\/#\\\/schema\\\/person\\\/efe887376f0213d4657c93adc50b1fdb\"},\"headline\":\"El Foro de Barrio del Primer y Segundo Ensanche se celebra ma\u00f1ana jueves en el sal\u00f3n de actos de la Escuela de Arte y Superior de Dise\u00f1o de Pamplona\",\"datePublished\":\"2022-11-16T11:32:53+00:00\",\"dateModified\":\"2023-04-11T09:47:34+00:00\",\"mainEntityOfPage\":{\"@id\":\"https:\\\/\\\/www.laguiadepamplona.com\\\/actualidad\\\/el-foro-de-barrio-del-primer-y-segundo-ensanche-se-celebra-manana-jueves-en-el-salon-de-actos-de-la-escuela-de-arte-y-superior-de-diseno-de-pamplona\\\/\"},\"wordCount\":382,\"commentCount\":0,\"publisher\":{\"@id\":\"https:\\\/\\\/www.laguiadepamplona.com\\\/actualidad\\\/#organization\"},\"image\":{\"@id\":\"https:\\\/\\\/www.laguiadepamplona.com\\\/actualidad\\\/el-foro-de-barrio-del-primer-y-segundo-ensanche-se-celebra-manana-jueves-en-el-salon-de-actos-de-la-escuela-de-arte-y-superior-de-diseno-de-pamplona\\\/#primaryimage\"},\"thumbnailUrl\":\"https:\\\/\\\/www.laguiadepamplona.com\\\/actualidad\\\/wp-content\\\/uploads\\\/2022\\\/11\\\/Q5A9643fororocha22-10-25.webp\",\"articleSection\":[\"Ayto Pamplona\"],\"inLanguage\":\"es\",\"potentialAction\":[{\"@type\":\"CommentAction\",\"name\":\"Comment\",\"target\":[\"https:\\\/\\\/www.laguiadepamplona.com\\\/actualidad\\\/el-foro-de-barrio-del-primer-y-segundo-ensanche-se-celebra-manana-jueves-en-el-salon-de-actos-de-la-escuela-de-arte-y-superior-de-diseno-de-pamplona\\\/#respond\"]}]},{\"@type\":\"WebPage\",\"@id\":\"https:\\\/\\\/www.laguiadepamplona.com\\\/actualidad\\\/el-foro-de-barrio-del-primer-y-segundo-ensanche-se-celebra-manana-jueves-en-el-salon-de-actos-de-la-escuela-de-arte-y-superior-de-diseno-de-pamplona\\\/\",\"url\":\"https:\\\/\\\/www.laguiadepamplona.com\\\/actualidad\\\/el-foro-de-barrio-del-primer-y-segundo-ensanche-se-celebra-manana-jueves-en-el-salon-de-actos-de-la-escuela-de-arte-y-superior-de-diseno-de-pamplona\\\/\",\"name\":\"El Foro de Barrio del Primer y Segundo Ensanche se celebra ma\u00f1ana jueves en el sal\u00f3n de actos de la Escuela de Arte y Superior de Dise\u00f1o de Pamplona\",\"isPartOf\":{\"@id\":\"https:\\\/\\\/www.laguiadepamplona.com\\\/actualidad\\\/#website\"},\"primaryImageOfPage\":{\"@id\":\"https:\\\/\\\/www.laguiadepamplona.com\\\/actualidad\\\/el-foro-de-barrio-del-primer-y-segundo-ensanche-se-celebra-manana-jueves-en-el-salon-de-actos-de-la-escuela-de-arte-y-superior-de-diseno-de-pamplona\\\/#primaryimage\"},\"image\":{\"@id\":\"https:\\\/\\\/www.laguiadepamplona.com\\\/actualidad\\\/el-foro-de-barrio-del-primer-y-segundo-ensanche-se-celebra-manana-jueves-en-el-salon-de-actos-de-la-escuela-de-arte-y-superior-de-diseno-de-pamplona\\\/#primaryimage\"},\"thumbnailUrl\":\"https:\\\/\\\/www.laguiadepamplona.com\\\/actualidad\\\/wp-content\\\/uploads\\\/2022\\\/11\\\/Q5A9643fororocha22-10-25.webp\",\"datePublished\":\"2022-11-16T11:32:53+00:00\",\"dateModified\":\"2023-04-11T09:47:34+00:00\",\"description\":\"La cita, de 18.30 a 20 horas, con presencia del alcalde, puede seguirse en directo en el canal municipal de YouTube\",\"breadcrumb\":{\"@id\":\"https:\\\/\\\/www.laguiadepamplona.com\\\/actualidad\\\/el-foro-de-barrio-del-primer-y-segundo-ensanche-se-celebra-manana-jueves-en-el-salon-de-actos-de-la-escuela-de-arte-y-superior-de-diseno-de-pamplona\\\/#breadcrumb\"},\"inLanguage\":\"es\",\"potentialAction\":[{\"@type\":\"ReadAction\",\"target\":[\"https:\\\/\\\/www.laguiadepamplona.com\\\/actualidad\\\/el-foro-de-barrio-del-primer-y-segundo-ensanche-se-celebra-manana-jueves-en-el-salon-de-actos-de-la-escuela-de-arte-y-superior-de-diseno-de-pamplona\\\/\"]}]},{\"@type\":\"ImageObject\",\"inLanguage\":\"es\",\"@id\":\"https:\\\/\\\/www.laguiadepamplona.com\\\/actualidad\\\/el-foro-de-barrio-del-primer-y-segundo-ensanche-se-celebra-manana-jueves-en-el-salon-de-actos-de-la-escuela-de-arte-y-superior-de-diseno-de-pamplona\\\/#primaryimage\",\"url\":\"https:\\\/\\\/www.laguiadepamplona.com\\\/actualidad\\\/wp-content\\\/uploads\\\/2022\\\/11\\\/Q5A9643fororocha22-10-25.webp\",\"contentUrl\":\"https:\\\/\\\/www.laguiadepamplona.com\\\/actualidad\\\/wp-content\\\/uploads\\\/2022\\\/11\\\/Q5A9643fororocha22-10-25.webp\",\"width\":1920,\"height\":1281,\"caption\":\"foro de barrio\"},{\"@type\":\"BreadcrumbList\",\"@id\":\"https:\\\/\\\/www.laguiadepamplona.com\\\/actualidad\\\/el-foro-de-barrio-del-primer-y-segundo-ensanche-se-celebra-manana-jueves-en-el-salon-de-actos-de-la-escuela-de-arte-y-superior-de-diseno-de-pamplona\\\/#breadcrumb\",\"itemListElement\":[{\"@type\":\"ListItem\",\"position\":1,\"name\":\"Portada\",\"item\":\"https:\\\/\\\/www.laguiadepamplona.com\\\/actualidad\\\/\"},{\"@type\":\"ListItem\",\"position\":2,\"name\":\"El Foro de Barrio del Primer y Segundo Ensanche se celebra ma\u00f1ana jueves en el sal\u00f3n de actos de la Escuela de Arte y Superior de Dise\u00f1o de Pamplona\"}]},{\"@type\":\"WebSite\",\"@id\":\"https:\\\/\\\/www.laguiadepamplona.com\\\/actualidad\\\/#website\",\"url\":\"https:\\\/\\\/www.laguiadepamplona.com\\\/actualidad\\\/\",\"name\":\"La gu\u00eda de Pamplona\",\"description\":\"Noticias de Pamplona\",\"publisher\":{\"@id\":\"https:\\\/\\\/www.laguiadepamplona.com\\\/actualidad\\\/#organization\"},\"potentialAction\":[{\"@type\":\"SearchAction\",\"target\":{\"@type\":\"EntryPoint\",\"urlTemplate\":\"https:\\\/\\\/www.laguiadepamplona.com\\\/actualidad\\\/?s={search_term_string}\"},\"query-input\":{\"@type\":\"PropertyValueSpecification\",\"valueRequired\":true,\"valueName\":\"search_term_string\"}}],\"inLanguage\":\"es\"},{\"@type\":\"Organization\",\"@id\":\"https:\\\/\\\/www.laguiadepamplona.com\\\/actualidad\\\/#organization\",\"name\":\"La Gu\u00eda de Pamplona \\\/ Noticias\",\"url\":\"https:\\\/\\\/www.laguiadepamplona.com\\\/actualidad\\\/\",\"logo\":{\"@type\":\"ImageObject\",\"inLanguage\":\"es\",\"@id\":\"https:\\\/\\\/www.laguiadepamplona.com\\\/actualidad\\\/#\\\/schema\\\/logo\\\/image\\\/\",\"url\":\"https:\\\/\\\/www.laguiadepamplona.com\\\/actualidad\\\/wp-content\\\/uploads\\\/2018\\\/11\\\/logo-laguiadepamplona18-web1.png\",\"contentUrl\":\"https:\\\/\\\/www.laguiadepamplona.com\\\/actualidad\\\/wp-content\\\/uploads\\\/2018\\\/11\\\/logo-laguiadepamplona18-web1.png\",\"width\":600,\"height\":196,\"caption\":\"La Gu\u00eda de Pamplona \\\/ Noticias\"},\"image\":{\"@id\":\"https:\\\/\\\/www.laguiadepamplona.com\\\/actualidad\\\/#\\\/schema\\\/logo\\\/image\\\/\"},\"sameAs\":[\"https:\\\/\\\/www.facebook.com\\\/laguiadepamplonacom-133175176762273\\\/?ref=hl\",\"https:\\\/\\\/x.com\\\/LaGuiadPamplona\",\"https:\\\/\\\/www.instagram.com\\\/la_guia_de_pamplona\\\/\",\"https:\\\/\\\/www.youtube.com\\\/user\\\/laguiadepamplona\"]},{\"@type\":\"Person\",\"@id\":\"https:\\\/\\\/www.laguiadepamplona.com\\\/actualidad\\\/#\\\/schema\\\/person\\\/efe887376f0213d4657c93adc50b1fdb\",\"name\":\"La Gu\u00eda de Pamplona\",\"image\":{\"@type\":\"ImageObject\",\"inLanguage\":\"es\",\"@id\":\"https:\\\/\\\/secure.gravatar.com\\\/avatar\\\/b6992f131dc8d30ab0dff15446e9d346d9dbd95992de0fef795073f5ea83a81c?s=96&d=mm&r=g\",\"url\":\"https:\\\/\\\/secure.gravatar.com\\\/avatar\\\/b6992f131dc8d30ab0dff15446e9d346d9dbd95992de0fef795073f5ea83a81c?s=96&d=mm&r=g\",\"contentUrl\":\"https:\\\/\\\/secure.gravatar.com\\\/avatar\\\/b6992f131dc8d30ab0dff15446e9d346d9dbd95992de0fef795073f5ea83a81c?s=96&d=mm&r=g\",\"caption\":\"La Gu\u00eda de Pamplona\"}}]}<\/script>\n<!-- \/ Yoast SEO plugin. -->","yoast_head_json":{"title":"El Foro de Barrio del Primer y Segundo Ensanche se celebra ma\u00f1ana jueves en el sal\u00f3n de actos de la Escuela de Arte y Superior de Dise\u00f1o de Pamplona","description":"La cita, de 18.30 a 20 horas, con presencia del alcalde, puede seguirse en directo en el canal municipal de YouTube","robots":{"index":"index","follow":"follow","max-snippet":"max-snippet:-1","max-image-preview":"max-image-preview:large","max-video-preview":"max-video-preview:-1"},"canonical":"https:\/\/www.laguiadepamplona.com\/actualidad\/el-foro-de-barrio-del-primer-y-segundo-ensanche-se-celebra-manana-jueves-en-el-salon-de-actos-de-la-escuela-de-arte-y-superior-de-diseno-de-pamplona\/","og_locale":"es_ES","og_type":"article","og_title":"El Foro de Barrio del Primer y Segundo Ensanche se celebra ma\u00f1ana jueves en el sal\u00f3n de actos de la Escuela de Arte y Superior de Dise\u00f1o de Pamplona","og_description":"La cita, de 18.30 a 20 horas, con presencia del alcalde, puede seguirse en directo en el canal municipal de YouTube","og_url":"https:\/\/www.laguiadepamplona.com\/actualidad\/el-foro-de-barrio-del-primer-y-segundo-ensanche-se-celebra-manana-jueves-en-el-salon-de-actos-de-la-escuela-de-arte-y-superior-de-diseno-de-pamplona\/","og_site_name":"La Gu\u00eda de Pamplona","article_publisher":"https:\/\/www.facebook.com\/laguiadepamplonacom-133175176762273\/?ref=hl","article_published_time":"2022-11-16T11:32:53+00:00","article_modified_time":"2023-04-11T09:47:34+00:00","og_image":[{"width":1920,"height":1281,"url":"https:\/\/www.laguiadepamplona.com\/actualidad\/wp-content\/uploads\/2022\/11\/Q5A9643fororocha22-10-25.webp","type":"image\/webp"}],"author":"La Gu\u00eda de Pamplona","twitter_card":"summary_large_image","twitter_creator":"@LaGuiadPamplona","twitter_site":"@LaGuiadPamplona","twitter_misc":{"Escrito por":"La Gu\u00eda de Pamplona","Tiempo de lectura":"2 minutos"},"schema":{"@context":"https:\/\/schema.org","@graph":[{"@type":"Article","@id":"https:\/\/www.laguiadepamplona.com\/actualidad\/el-foro-de-barrio-del-primer-y-segundo-ensanche-se-celebra-manana-jueves-en-el-salon-de-actos-de-la-escuela-de-arte-y-superior-de-diseno-de-pamplona\/#article","isPartOf":{"@id":"https:\/\/www.laguiadepamplona.com\/actualidad\/el-foro-de-barrio-del-primer-y-segundo-ensanche-se-celebra-manana-jueves-en-el-salon-de-actos-de-la-escuela-de-arte-y-superior-de-diseno-de-pamplona\/"},"author":{"name":"La Gu\u00eda de Pamplona","@id":"https:\/\/www.laguiadepamplona.com\/actualidad\/#\/schema\/person\/efe887376f0213d4657c93adc50b1fdb"},"headline":"El Foro de Barrio del Primer y Segundo Ensanche se celebra ma\u00f1ana jueves en el sal\u00f3n de actos de la Escuela de Arte y Superior de Dise\u00f1o de Pamplona","datePublished":"2022-11-16T11:32:53+00:00","dateModified":"2023-04-11T09:47:34+00:00","mainEntityOfPage":{"@id":"https:\/\/www.laguiadepamplona.com\/actualidad\/el-foro-de-barrio-del-primer-y-segundo-ensanche-se-celebra-manana-jueves-en-el-salon-de-actos-de-la-escuela-de-arte-y-superior-de-diseno-de-pamplona\/"},"wordCount":382,"commentCount":0,"publisher":{"@id":"https:\/\/www.laguiadepamplona.com\/actualidad\/#organization"},"image":{"@id":"https:\/\/www.laguiadepamplona.com\/actualidad\/el-foro-de-barrio-del-primer-y-segundo-ensanche-se-celebra-manana-jueves-en-el-salon-de-actos-de-la-escuela-de-arte-y-superior-de-diseno-de-pamplona\/#primaryimage"},"thumbnailUrl":"https:\/\/www.laguiadepamplona.com\/actualidad\/wp-content\/uploads\/2022\/11\/Q5A9643fororocha22-10-25.webp","articleSection":["Ayto Pamplona"],"inLanguage":"es","potentialAction":[{"@type":"CommentAction","name":"Comment","target":["https:\/\/www.laguiadepamplona.com\/actualidad\/el-foro-de-barrio-del-primer-y-segundo-ensanche-se-celebra-manana-jueves-en-el-salon-de-actos-de-la-escuela-de-arte-y-superior-de-diseno-de-pamplona\/#respond"]}]},{"@type":"WebPage","@id":"https:\/\/www.laguiadepamplona.com\/actualidad\/el-foro-de-barrio-del-primer-y-segundo-ensanche-se-celebra-manana-jueves-en-el-salon-de-actos-de-la-escuela-de-arte-y-superior-de-diseno-de-pamplona\/","url":"https:\/\/www.laguiadepamplona.com\/actualidad\/el-foro-de-barrio-del-primer-y-segundo-ensanche-se-celebra-manana-jueves-en-el-salon-de-actos-de-la-escuela-de-arte-y-superior-de-diseno-de-pamplona\/","name":"El Foro de Barrio del Primer y Segundo Ensanche se celebra ma\u00f1ana jueves en el sal\u00f3n de actos de la Escuela de Arte y Superior de Dise\u00f1o de Pamplona","isPartOf":{"@id":"https:\/\/www.laguiadepamplona.com\/actualidad\/#website"},"primaryImageOfPage":{"@id":"https:\/\/www.laguiadepamplona.com\/actualidad\/el-foro-de-barrio-del-primer-y-segundo-ensanche-se-celebra-manana-jueves-en-el-salon-de-actos-de-la-escuela-de-arte-y-superior-de-diseno-de-pamplona\/#primaryimage"},"image":{"@id":"https:\/\/www.laguiadepamplona.com\/actualidad\/el-foro-de-barrio-del-primer-y-segundo-ensanche-se-celebra-manana-jueves-en-el-salon-de-actos-de-la-escuela-de-arte-y-superior-de-diseno-de-pamplona\/#primaryimage"},"thumbnailUrl":"https:\/\/www.laguiadepamplona.com\/actualidad\/wp-content\/uploads\/2022\/11\/Q5A9643fororocha22-10-25.webp","datePublished":"2022-11-16T11:32:53+00:00","dateModified":"2023-04-11T09:47:34+00:00","description":"La cita, de 18.30 a 20 horas, con presencia del alcalde, puede seguirse en directo en el canal municipal de YouTube","breadcrumb":{"@id":"https:\/\/www.laguiadepamplona.com\/actualidad\/el-foro-de-barrio-del-primer-y-segundo-ensanche-se-celebra-manana-jueves-en-el-salon-de-actos-de-la-escuela-de-arte-y-superior-de-diseno-de-pamplona\/#breadcrumb"},"inLanguage":"es","potentialAction":[{"@type":"ReadAction","target":["https:\/\/www.laguiadepamplona.com\/actualidad\/el-foro-de-barrio-del-primer-y-segundo-ensanche-se-celebra-manana-jueves-en-el-salon-de-actos-de-la-escuela-de-arte-y-superior-de-diseno-de-pamplona\/"]}]},{"@type":"ImageObject","inLanguage":"es","@id":"https:\/\/www.laguiadepamplona.com\/actualidad\/el-foro-de-barrio-del-primer-y-segundo-ensanche-se-celebra-manana-jueves-en-el-salon-de-actos-de-la-escuela-de-arte-y-superior-de-diseno-de-pamplona\/#primaryimage","url":"https:\/\/www.laguiadepamplona.com\/actualidad\/wp-content\/uploads\/2022\/11\/Q5A9643fororocha22-10-25.webp","contentUrl":"https:\/\/www.laguiadepamplona.com\/actualidad\/wp-content\/uploads\/2022\/11\/Q5A9643fororocha22-10-25.webp","width":1920,"height":1281,"caption":"foro de barrio"},{"@type":"BreadcrumbList","@id":"https:\/\/www.laguiadepamplona.com\/actualidad\/el-foro-de-barrio-del-primer-y-segundo-ensanche-se-celebra-manana-jueves-en-el-salon-de-actos-de-la-escuela-de-arte-y-superior-de-diseno-de-pamplona\/#breadcrumb","itemListElement":[{"@type":"ListItem","position":1,"name":"Portada","item":"https:\/\/www.laguiadepamplona.com\/actualidad\/"},{"@type":"ListItem","position":2,"name":"El Foro de Barrio del Primer y Segundo Ensanche se celebra ma\u00f1ana jueves en el sal\u00f3n de actos de la Escuela de Arte y Superior de Dise\u00f1o de Pamplona"}]},{"@type":"WebSite","@id":"https:\/\/www.laguiadepamplona.com\/actualidad\/#website","url":"https:\/\/www.laguiadepamplona.com\/actualidad\/","name":"La gu\u00eda de Pamplona","description":"Noticias de Pamplona","publisher":{"@id":"https:\/\/www.laguiadepamplona.com\/actualidad\/#organization"},"potentialAction":[{"@type":"SearchAction","target":{"@type":"EntryPoint","urlTemplate":"https:\/\/www.laguiadepamplona.com\/actualidad\/?s={search_term_string}"},"query-input":{"@type":"PropertyValueSpecification","valueRequired":true,"valueName":"search_term_string"}}],"inLanguage":"es"},{"@type":"Organization","@id":"https:\/\/www.laguiadepamplona.com\/actualidad\/#organization","name":"La Gu\u00eda de Pamplona \/ Noticias","url":"https:\/\/www.laguiadepamplona.com\/actualidad\/","logo":{"@type":"ImageObject","inLanguage":"es","@id":"https:\/\/www.laguiadepamplona.com\/actualidad\/#\/schema\/logo\/image\/","url":"https:\/\/www.laguiadepamplona.com\/actualidad\/wp-content\/uploads\/2018\/11\/logo-laguiadepamplona18-web1.png","contentUrl":"https:\/\/www.laguiadepamplona.com\/actualidad\/wp-content\/uploads\/2018\/11\/logo-laguiadepamplona18-web1.png","width":600,"height":196,"caption":"La Gu\u00eda de Pamplona \/ Noticias"},"image":{"@id":"https:\/\/www.laguiadepamplona.com\/actualidad\/#\/schema\/logo\/image\/"},"sameAs":["https:\/\/www.facebook.com\/laguiadepamplonacom-133175176762273\/?ref=hl","https:\/\/x.com\/LaGuiadPamplona","https:\/\/www.instagram.com\/la_guia_de_pamplona\/","https:\/\/www.youtube.com\/user\/laguiadepamplona"]},{"@type":"Person","@id":"https:\/\/www.laguiadepamplona.com\/actualidad\/#\/schema\/person\/efe887376f0213d4657c93adc50b1fdb","name":"La Gu\u00eda de Pamplona","image":{"@type":"ImageObject","inLanguage":"es","@id":"https:\/\/secure.gravatar.com\/avatar\/b6992f131dc8d30ab0dff15446e9d346d9dbd95992de0fef795073f5ea83a81c?s=96&d=mm&r=g","url":"https:\/\/secure.gravatar.com\/avatar\/b6992f131dc8d30ab0dff15446e9d346d9dbd95992de0fef795073f5ea83a81c?s=96&d=mm&r=g","contentUrl":"https:\/\/secure.gravatar.com\/avatar\/b6992f131dc8d30ab0dff15446e9d346d9dbd95992de0fef795073f5ea83a81c?s=96&d=mm&r=g","caption":"La Gu\u00eda de Pamplona"}}]}},"post_mailing_queue_ids":[],"_links":{"self":[{"href":"https:\/\/www.laguiadepamplona.com\/actualidad\/wp-json\/wp\/v2\/posts\/42224","targetHints":{"allow":["GET"]}}],"collection":[{"href":"https:\/\/www.laguiadepamplona.com\/actualidad\/wp-json\/wp\/v2\/posts"}],"about":[{"href":"https:\/\/www.laguiadepamplona.com\/actualidad\/wp-json\/wp\/v2\/types\/post"}],"author":[{"embeddable":true,"href":"https:\/\/www.laguiadepamplona.com\/actualidad\/wp-json\/wp\/v2\/users\/1"}],"replies":[{"embeddable":true,"href":"https:\/\/www.laguiadepamplona.com\/actualidad\/wp-json\/wp\/v2\/comments?post=42224"}],"version-history":[{"count":0,"href":"https:\/\/www.laguiadepamplona.com\/actualidad\/wp-json\/wp\/v2\/posts\/42224\/revisions"}],"wp:featuredmedia":[{"embeddable":true,"href":"https:\/\/www.laguiadepamplona.com\/actualidad\/wp-json\/wp\/v2\/media\/42225"}],"wp:attachment":[{"href":"https:\/\/www.laguiadepamplona.com\/actualidad\/wp-json\/wp\/v2\/media?parent=42224"}],"wp:term":[{"taxonomy":"category","embeddable":true,"href":"https:\/\/www.laguiadepamplona.com\/actualidad\/wp-json\/wp\/v2\/categories?post=42224"},{"taxonomy":"post_tag","embeddable":true,"href":"https:\/\/www.laguiadepamplona.com\/actualidad\/wp-json\/wp\/v2\/tags?post=42224"}],"curies":[{"name":"wp","href":"https:\/\/api.w.org\/{rel}","templated":true}]}}