{"id":42219,"date":"2022-11-16T13:11:12","date_gmt":"2022-11-16T11:11:12","guid":{"rendered":"https:\/\/www.laguiadepamplona.com\/actualidad\/?p=42219"},"modified":"2023-04-11T11:47:34","modified_gmt":"2023-04-11T09:47:34","slug":"pamplona-muestra-sus-buenas-practicas-en-el-iii-simposio-del-observatorio-de-la-movilidad-y-las-ciudades","status":"publish","type":"post","link":"https:\/\/www.laguiadepamplona.com\/actualidad\/pamplona-muestra-sus-buenas-practicas-en-el-iii-simposio-del-observatorio-de-la-movilidad-y-las-ciudades\/","title":{"rendered":"Pamplona muestra sus buenas pr\u00e1cticas en el III Simposio del Observatorio de la Movilidad y las Ciudades"},"content":{"rendered":"<h5>El alcalde Enrique Maya defiende la ciudad sostenible y descarbonizada en la mesa redonda online con el t\u00edtulo \u2018El futuro de las ciudades y la movilidad\u2019<\/h5>\n<p><!--more--><\/p>\n<p>El alcalde de Pamplona, Enrique Maya, ha participado esta ma\u00f1ana en el III Simposio del Observatorio de la Movilidad y las Ciudades, evento organizado por El Espa\u00f1ol e Invertia. El evento analiza la situaci\u00f3n actual del sector del transporte y la movilidad, los retos de la movilidad urbana e interurbana y el futuro del sector. El alcalde ha intervenido en la mesa redonda online \u2018El futuro de las ciudades y la movilidad\u2019, junto al responsable de Smart Cities de Iberdrola, Alberto Garc\u00eda Casas.<\/p>\n<p>En ese foro, han sido protagonistas las buenas pr\u00e1cticas que est\u00e1 desarrollando la ciudad dentro de la iniciativa \u2018Go Green Pamplona\u2019, la Estrategia de Transici\u00f3n Energ\u00e9tica y Cambio Clim\u00e1tico 2030 que persigue un modelo de ciudad sostenible y descarbonizada. El primer edil ha recalcado que una ciudad \u201cverde\u201d es una ciudad de futuro, con calidad urbana, que fomenta la salud y promueve el desarrollo econ\u00f3mico y el emprendimiento, apostando por la seguridad y la biodiversidad. Pamplona busca la eficiencia en el uso de la energ\u00eda y el ahorro de costes ecol\u00f3gicos y econ\u00f3micos para reducir la factura energ\u00e9tica. Desde el consistorio se fomenta el uso de energ\u00eda limpia, impulsando la colocaci\u00f3n de instalaciones de renovables para autoconsumo, y una menor dependencia de los combustibles f\u00f3siles, puesto que m\u00e1s de la mitad de las emisiones de la ciudad corresponden al transporte.<br \/>\n<script async src=\"\/\/pagead2.googlesyndication.com\/pagead\/js\/adsbygoogle.js\"><\/script><br \/>\n<!-- Noticias La Guia de Pamplona --><br \/>\n<ins class=\"adsbygoogle\"\nstyle=\"display:block\"\ndata-ad-client=\"ca-pub-6943679897239327\"\ndata-ad-slot=\"7048180777\"\ndata-ad-format=\"auto\"><\/ins><br \/>\n<script>\n(adsbygoogle = window.adsbygoogle || []).push({});\n<\/script><\/p>\n<p>La ciudad promociona especialmente la movilidad peatonal y ciclista. En este sentido, espacios del centro de la ciudad se han convertido en zonas peatonales y ciclables, sacando los coches a la periferia y creando una red de aparcamientos disuasorios intermodales. Desde 2019, el crecimiento de los carriles bici ha sido exponencial y la ciudadan\u00eda dispone de un sistema de alquiler de bicicleta p\u00fablica el\u00e9ctrica que ofrece 400 bicicletas en 42 bases distribuidas por todo el t\u00e9rmino municipal, disponibles 24 horas al d\u00eda 7 d\u00edas por semana. Unos 42.000 usuarios han utilizado este servicio en diez meses.<\/p>\n<p>Adem\u00e1s, en l\u00ednea con los contenidos del simposio, Pamplona apuesta por un cambio de modelo mediante el impulso del coche el\u00e9ctrico a trav\u00e9s puntos de recarga accesible, reducci\u00f3n del Impuesto de Circulaci\u00f3n y la exenci\u00f3n de las tasas de estacionamiento en superficie. En los \u00faltimos seis meses, el uso de la red de recarga el\u00e9ctrica p\u00fablica ha aumentado en un 250%.<\/p>\n<p>El III Simposio del Observatorio de la Movilidad y las Ciudades, que se cierra hoy en Madrid, ha contado con la participaci\u00f3n, entre otros ponentes, de Raquel S\u00e1nchez Jim\u00e9nez, ministra de Transportes, Movilidad y Agenda Urbana; Mar\u00eda Jos\u00e9 Rallo del Olmo, secretaria general de Transportes y Movilidad del Ministerio de Transportes, Movilidad y Agenda Urbana; e Isabel Pardo de Vera, secretaria de Estado de Transportes, Movilidad y Agenda Urbana.<br \/>\n<script async src=\"\/\/pagead2.googlesyndication.com\/pagead\/js\/adsbygoogle.js\"><\/script><br \/>\n<!-- Noticias La Guia de Pamplona --><br \/>\n<ins class=\"adsbygoogle\"\nstyle=\"display:block\"\ndata-ad-client=\"ca-pub-6943679897239327\"\ndata-ad-slot=\"7048180777\"\ndata-ad-format=\"auto\"><\/ins><br \/>\n<script>\n(adsbygoogle = window.adsbygoogle || []).push({});\n<\/script><\/p>\n<p>&nbsp;<\/p>\n<h3>III Simposio del Observatorio de la Movilidad y las Ciudades<\/h3>\n<ul>\n<li>Aborda la situaci\u00f3n del sector del transporte y la movilidad urbana e interurbana<\/li>\n<\/ul>\n","protected":false},"excerpt":{"rendered":"<p>El alcalde Enrique Maya defiende la ciudad sostenible y descarbonizada en la mesa redonda online con el t\u00edtulo \u2018El futuro de las ciudades y la movilidad\u2019<\/p>\n","protected":false},"author":1,"featured_media":42220,"comment_status":"open","ping_status":"closed","sticky":false,"template":"","format":"standard","meta":{"footnotes":""},"categories":[2],"tags":[],"class_list":["post-42219","post","type-post","status-publish","format-standard","has-post-thumbnail","hentry","category-ayuntamiento-pamplona"],"yoast_head":"<!-- This site is optimized with the Yoast SEO plugin v27.3 - https:\/\/yoast.com\/product\/yoast-seo-wordpress\/ -->\n<title>Pamplona muestra sus buenas pr\u00e1cticas en el III Simposio del Observatorio de la Movilidad y las Ciudades<\/title>\n<meta name=\"description\" content=\"El alcalde Enrique Maya defiende la ciudad sostenible y descarbonizada en la mesa redonda online con el t\u00edtulo \u2018El futuro de las ciudades y la movilidad\u2019\u00a0\u00a0\" \/>\n<meta name=\"robots\" content=\"index, follow, max-snippet:-1, max-image-preview:large, max-video-preview:-1\" \/>\n<link rel=\"canonical\" href=\"https:\/\/www.laguiadepamplona.com\/actualidad\/pamplona-muestra-sus-buenas-practicas-en-el-iii-simposio-del-observatorio-de-la-movilidad-y-las-ciudades\/\" \/>\n<meta property=\"og:locale\" content=\"es_ES\" \/>\n<meta property=\"og:type\" content=\"article\" \/>\n<meta property=\"og:title\" content=\"Pamplona muestra sus buenas pr\u00e1cticas en el III Simposio del Observatorio de la Movilidad y las Ciudades\" \/>\n<meta property=\"og:description\" content=\"El alcalde Enrique Maya defiende la ciudad sostenible y descarbonizada en la mesa redonda online con el t\u00edtulo \u2018El futuro de las ciudades y la movilidad\u2019\u00a0\u00a0\" \/>\n<meta property=\"og:url\" content=\"https:\/\/www.laguiadepamplona.com\/actualidad\/pamplona-muestra-sus-buenas-practicas-en-el-iii-simposio-del-observatorio-de-la-movilidad-y-las-ciudades\/\" \/>\n<meta property=\"og:site_name\" content=\"La Gu\u00eda de Pamplona\" \/>\n<meta property=\"article:publisher\" content=\"https:\/\/www.facebook.com\/laguiadepamplonacom-133175176762273\/?ref=hl\" \/>\n<meta property=\"article:published_time\" content=\"2022-11-16T11:11:12+00:00\" \/>\n<meta property=\"article:modified_time\" content=\"2023-04-11T09:47:34+00:00\" \/>\n<meta property=\"og:image\" content=\"https:\/\/www.laguiadepamplona.com\/actualidad\/wp-content\/uploads\/2022\/11\/REUNIONTELEMATICA-SIMPOSIO_EE5A2589.webp\" \/>\n\t<meta property=\"og:image:width\" content=\"1920\" \/>\n\t<meta property=\"og:image:height\" content=\"1280\" \/>\n\t<meta property=\"og:image:type\" content=\"image\/webp\" \/>\n<meta name=\"author\" content=\"La Gu\u00eda de Pamplona\" \/>\n<meta name=\"twitter:card\" content=\"summary_large_image\" \/>\n<meta name=\"twitter:creator\" content=\"@LaGuiadPamplona\" \/>\n<meta name=\"twitter:site\" content=\"@LaGuiadPamplona\" \/>\n<meta name=\"twitter:label1\" content=\"Escrito por\" \/>\n\t<meta name=\"twitter:data1\" content=\"La Gu\u00eda de Pamplona\" \/>\n\t<meta name=\"twitter:label2\" content=\"Tiempo de lectura\" \/>\n\t<meta name=\"twitter:data2\" content=\"3 minutos\" \/>\n<script type=\"application\/ld+json\" class=\"yoast-schema-graph\">{\"@context\":\"https:\\\/\\\/schema.org\",\"@graph\":[{\"@type\":\"Article\",\"@id\":\"https:\\\/\\\/www.laguiadepamplona.com\\\/actualidad\\\/pamplona-muestra-sus-buenas-practicas-en-el-iii-simposio-del-observatorio-de-la-movilidad-y-las-ciudades\\\/#article\",\"isPartOf\":{\"@id\":\"https:\\\/\\\/www.laguiadepamplona.com\\\/actualidad\\\/pamplona-muestra-sus-buenas-practicas-en-el-iii-simposio-del-observatorio-de-la-movilidad-y-las-ciudades\\\/\"},\"author\":{\"name\":\"La Gu\u00eda de Pamplona\",\"@id\":\"https:\\\/\\\/www.laguiadepamplona.com\\\/actualidad\\\/#\\\/schema\\\/person\\\/efe887376f0213d4657c93adc50b1fdb\"},\"headline\":\"Pamplona muestra sus buenas pr\u00e1cticas en el III Simposio del Observatorio de la Movilidad y las Ciudades\",\"datePublished\":\"2022-11-16T11:11:12+00:00\",\"dateModified\":\"2023-04-11T09:47:34+00:00\",\"mainEntityOfPage\":{\"@id\":\"https:\\\/\\\/www.laguiadepamplona.com\\\/actualidad\\\/pamplona-muestra-sus-buenas-practicas-en-el-iii-simposio-del-observatorio-de-la-movilidad-y-las-ciudades\\\/\"},\"wordCount\":547,\"commentCount\":0,\"publisher\":{\"@id\":\"https:\\\/\\\/www.laguiadepamplona.com\\\/actualidad\\\/#organization\"},\"image\":{\"@id\":\"https:\\\/\\\/www.laguiadepamplona.com\\\/actualidad\\\/pamplona-muestra-sus-buenas-practicas-en-el-iii-simposio-del-observatorio-de-la-movilidad-y-las-ciudades\\\/#primaryimage\"},\"thumbnailUrl\":\"https:\\\/\\\/www.laguiadepamplona.com\\\/actualidad\\\/wp-content\\\/uploads\\\/2022\\\/11\\\/REUNIONTELEMATICA-SIMPOSIO_EE5A2589.webp\",\"articleSection\":[\"Ayto Pamplona\"],\"inLanguage\":\"es\",\"potentialAction\":[{\"@type\":\"CommentAction\",\"name\":\"Comment\",\"target\":[\"https:\\\/\\\/www.laguiadepamplona.com\\\/actualidad\\\/pamplona-muestra-sus-buenas-practicas-en-el-iii-simposio-del-observatorio-de-la-movilidad-y-las-ciudades\\\/#respond\"]}]},{\"@type\":\"WebPage\",\"@id\":\"https:\\\/\\\/www.laguiadepamplona.com\\\/actualidad\\\/pamplona-muestra-sus-buenas-practicas-en-el-iii-simposio-del-observatorio-de-la-movilidad-y-las-ciudades\\\/\",\"url\":\"https:\\\/\\\/www.laguiadepamplona.com\\\/actualidad\\\/pamplona-muestra-sus-buenas-practicas-en-el-iii-simposio-del-observatorio-de-la-movilidad-y-las-ciudades\\\/\",\"name\":\"Pamplona muestra sus buenas pr\u00e1cticas en el III Simposio del Observatorio de la Movilidad y las Ciudades\",\"isPartOf\":{\"@id\":\"https:\\\/\\\/www.laguiadepamplona.com\\\/actualidad\\\/#website\"},\"primaryImageOfPage\":{\"@id\":\"https:\\\/\\\/www.laguiadepamplona.com\\\/actualidad\\\/pamplona-muestra-sus-buenas-practicas-en-el-iii-simposio-del-observatorio-de-la-movilidad-y-las-ciudades\\\/#primaryimage\"},\"image\":{\"@id\":\"https:\\\/\\\/www.laguiadepamplona.com\\\/actualidad\\\/pamplona-muestra-sus-buenas-practicas-en-el-iii-simposio-del-observatorio-de-la-movilidad-y-las-ciudades\\\/#primaryimage\"},\"thumbnailUrl\":\"https:\\\/\\\/www.laguiadepamplona.com\\\/actualidad\\\/wp-content\\\/uploads\\\/2022\\\/11\\\/REUNIONTELEMATICA-SIMPOSIO_EE5A2589.webp\",\"datePublished\":\"2022-11-16T11:11:12+00:00\",\"dateModified\":\"2023-04-11T09:47:34+00:00\",\"description\":\"El alcalde Enrique Maya defiende la ciudad sostenible y descarbonizada en la mesa redonda online con el t\u00edtulo \u2018El futuro de las ciudades y la movilidad\u2019\u00a0\u00a0\",\"breadcrumb\":{\"@id\":\"https:\\\/\\\/www.laguiadepamplona.com\\\/actualidad\\\/pamplona-muestra-sus-buenas-practicas-en-el-iii-simposio-del-observatorio-de-la-movilidad-y-las-ciudades\\\/#breadcrumb\"},\"inLanguage\":\"es\",\"potentialAction\":[{\"@type\":\"ReadAction\",\"target\":[\"https:\\\/\\\/www.laguiadepamplona.com\\\/actualidad\\\/pamplona-muestra-sus-buenas-practicas-en-el-iii-simposio-del-observatorio-de-la-movilidad-y-las-ciudades\\\/\"]}]},{\"@type\":\"ImageObject\",\"inLanguage\":\"es\",\"@id\":\"https:\\\/\\\/www.laguiadepamplona.com\\\/actualidad\\\/pamplona-muestra-sus-buenas-practicas-en-el-iii-simposio-del-observatorio-de-la-movilidad-y-las-ciudades\\\/#primaryimage\",\"url\":\"https:\\\/\\\/www.laguiadepamplona.com\\\/actualidad\\\/wp-content\\\/uploads\\\/2022\\\/11\\\/REUNIONTELEMATICA-SIMPOSIO_EE5A2589.webp\",\"contentUrl\":\"https:\\\/\\\/www.laguiadepamplona.com\\\/actualidad\\\/wp-content\\\/uploads\\\/2022\\\/11\\\/REUNIONTELEMATICA-SIMPOSIO_EE5A2589.webp\",\"width\":1920,\"height\":1280},{\"@type\":\"BreadcrumbList\",\"@id\":\"https:\\\/\\\/www.laguiadepamplona.com\\\/actualidad\\\/pamplona-muestra-sus-buenas-practicas-en-el-iii-simposio-del-observatorio-de-la-movilidad-y-las-ciudades\\\/#breadcrumb\",\"itemListElement\":[{\"@type\":\"ListItem\",\"position\":1,\"name\":\"Portada\",\"item\":\"https:\\\/\\\/www.laguiadepamplona.com\\\/actualidad\\\/\"},{\"@type\":\"ListItem\",\"position\":2,\"name\":\"Pamplona muestra sus buenas pr\u00e1cticas en el III Simposio del Observatorio de la Movilidad y las Ciudades\"}]},{\"@type\":\"WebSite\",\"@id\":\"https:\\\/\\\/www.laguiadepamplona.com\\\/actualidad\\\/#website\",\"url\":\"https:\\\/\\\/www.laguiadepamplona.com\\\/actualidad\\\/\",\"name\":\"La gu\u00eda de Pamplona\",\"description\":\"Noticias de Pamplona\",\"publisher\":{\"@id\":\"https:\\\/\\\/www.laguiadepamplona.com\\\/actualidad\\\/#organization\"},\"potentialAction\":[{\"@type\":\"SearchAction\",\"target\":{\"@type\":\"EntryPoint\",\"urlTemplate\":\"https:\\\/\\\/www.laguiadepamplona.com\\\/actualidad\\\/?s={search_term_string}\"},\"query-input\":{\"@type\":\"PropertyValueSpecification\",\"valueRequired\":true,\"valueName\":\"search_term_string\"}}],\"inLanguage\":\"es\"},{\"@type\":\"Organization\",\"@id\":\"https:\\\/\\\/www.laguiadepamplona.com\\\/actualidad\\\/#organization\",\"name\":\"La Gu\u00eda de Pamplona \\\/ Noticias\",\"url\":\"https:\\\/\\\/www.laguiadepamplona.com\\\/actualidad\\\/\",\"logo\":{\"@type\":\"ImageObject\",\"inLanguage\":\"es\",\"@id\":\"https:\\\/\\\/www.laguiadepamplona.com\\\/actualidad\\\/#\\\/schema\\\/logo\\\/image\\\/\",\"url\":\"https:\\\/\\\/www.laguiadepamplona.com\\\/actualidad\\\/wp-content\\\/uploads\\\/2018\\\/11\\\/logo-laguiadepamplona18-web1.png\",\"contentUrl\":\"https:\\\/\\\/www.laguiadepamplona.com\\\/actualidad\\\/wp-content\\\/uploads\\\/2018\\\/11\\\/logo-laguiadepamplona18-web1.png\",\"width\":600,\"height\":196,\"caption\":\"La Gu\u00eda de Pamplona \\\/ Noticias\"},\"image\":{\"@id\":\"https:\\\/\\\/www.laguiadepamplona.com\\\/actualidad\\\/#\\\/schema\\\/logo\\\/image\\\/\"},\"sameAs\":[\"https:\\\/\\\/www.facebook.com\\\/laguiadepamplonacom-133175176762273\\\/?ref=hl\",\"https:\\\/\\\/x.com\\\/LaGuiadPamplona\",\"https:\\\/\\\/www.instagram.com\\\/la_guia_de_pamplona\\\/\",\"https:\\\/\\\/www.youtube.com\\\/user\\\/laguiadepamplona\"]},{\"@type\":\"Person\",\"@id\":\"https:\\\/\\\/www.laguiadepamplona.com\\\/actualidad\\\/#\\\/schema\\\/person\\\/efe887376f0213d4657c93adc50b1fdb\",\"name\":\"La Gu\u00eda de Pamplona\",\"image\":{\"@type\":\"ImageObject\",\"inLanguage\":\"es\",\"@id\":\"https:\\\/\\\/secure.gravatar.com\\\/avatar\\\/b6992f131dc8d30ab0dff15446e9d346d9dbd95992de0fef795073f5ea83a81c?s=96&d=mm&r=g\",\"url\":\"https:\\\/\\\/secure.gravatar.com\\\/avatar\\\/b6992f131dc8d30ab0dff15446e9d346d9dbd95992de0fef795073f5ea83a81c?s=96&d=mm&r=g\",\"contentUrl\":\"https:\\\/\\\/secure.gravatar.com\\\/avatar\\\/b6992f131dc8d30ab0dff15446e9d346d9dbd95992de0fef795073f5ea83a81c?s=96&d=mm&r=g\",\"caption\":\"La Gu\u00eda de Pamplona\"}}]}<\/script>\n<!-- \/ Yoast SEO plugin. -->","yoast_head_json":{"title":"Pamplona muestra sus buenas pr\u00e1cticas en el III Simposio del Observatorio de la Movilidad y las Ciudades","description":"El alcalde Enrique Maya defiende la ciudad sostenible y descarbonizada en la mesa redonda online con el t\u00edtulo \u2018El futuro de las ciudades y la movilidad\u2019\u00a0\u00a0","robots":{"index":"index","follow":"follow","max-snippet":"max-snippet:-1","max-image-preview":"max-image-preview:large","max-video-preview":"max-video-preview:-1"},"canonical":"https:\/\/www.laguiadepamplona.com\/actualidad\/pamplona-muestra-sus-buenas-practicas-en-el-iii-simposio-del-observatorio-de-la-movilidad-y-las-ciudades\/","og_locale":"es_ES","og_type":"article","og_title":"Pamplona muestra sus buenas pr\u00e1cticas en el III Simposio del Observatorio de la Movilidad y las Ciudades","og_description":"El alcalde Enrique Maya defiende la ciudad sostenible y descarbonizada en la mesa redonda online con el t\u00edtulo \u2018El futuro de las ciudades y la movilidad\u2019\u00a0\u00a0","og_url":"https:\/\/www.laguiadepamplona.com\/actualidad\/pamplona-muestra-sus-buenas-practicas-en-el-iii-simposio-del-observatorio-de-la-movilidad-y-las-ciudades\/","og_site_name":"La Gu\u00eda de Pamplona","article_publisher":"https:\/\/www.facebook.com\/laguiadepamplonacom-133175176762273\/?ref=hl","article_published_time":"2022-11-16T11:11:12+00:00","article_modified_time":"2023-04-11T09:47:34+00:00","og_image":[{"width":1920,"height":1280,"url":"https:\/\/www.laguiadepamplona.com\/actualidad\/wp-content\/uploads\/2022\/11\/REUNIONTELEMATICA-SIMPOSIO_EE5A2589.webp","type":"image\/webp"}],"author":"La Gu\u00eda de Pamplona","twitter_card":"summary_large_image","twitter_creator":"@LaGuiadPamplona","twitter_site":"@LaGuiadPamplona","twitter_misc":{"Escrito por":"La Gu\u00eda de Pamplona","Tiempo de lectura":"3 minutos"},"schema":{"@context":"https:\/\/schema.org","@graph":[{"@type":"Article","@id":"https:\/\/www.laguiadepamplona.com\/actualidad\/pamplona-muestra-sus-buenas-practicas-en-el-iii-simposio-del-observatorio-de-la-movilidad-y-las-ciudades\/#article","isPartOf":{"@id":"https:\/\/www.laguiadepamplona.com\/actualidad\/pamplona-muestra-sus-buenas-practicas-en-el-iii-simposio-del-observatorio-de-la-movilidad-y-las-ciudades\/"},"author":{"name":"La Gu\u00eda de Pamplona","@id":"https:\/\/www.laguiadepamplona.com\/actualidad\/#\/schema\/person\/efe887376f0213d4657c93adc50b1fdb"},"headline":"Pamplona muestra sus buenas pr\u00e1cticas en el III Simposio del Observatorio de la Movilidad y las Ciudades","datePublished":"2022-11-16T11:11:12+00:00","dateModified":"2023-04-11T09:47:34+00:00","mainEntityOfPage":{"@id":"https:\/\/www.laguiadepamplona.com\/actualidad\/pamplona-muestra-sus-buenas-practicas-en-el-iii-simposio-del-observatorio-de-la-movilidad-y-las-ciudades\/"},"wordCount":547,"commentCount":0,"publisher":{"@id":"https:\/\/www.laguiadepamplona.com\/actualidad\/#organization"},"image":{"@id":"https:\/\/www.laguiadepamplona.com\/actualidad\/pamplona-muestra-sus-buenas-practicas-en-el-iii-simposio-del-observatorio-de-la-movilidad-y-las-ciudades\/#primaryimage"},"thumbnailUrl":"https:\/\/www.laguiadepamplona.com\/actualidad\/wp-content\/uploads\/2022\/11\/REUNIONTELEMATICA-SIMPOSIO_EE5A2589.webp","articleSection":["Ayto Pamplona"],"inLanguage":"es","potentialAction":[{"@type":"CommentAction","name":"Comment","target":["https:\/\/www.laguiadepamplona.com\/actualidad\/pamplona-muestra-sus-buenas-practicas-en-el-iii-simposio-del-observatorio-de-la-movilidad-y-las-ciudades\/#respond"]}]},{"@type":"WebPage","@id":"https:\/\/www.laguiadepamplona.com\/actualidad\/pamplona-muestra-sus-buenas-practicas-en-el-iii-simposio-del-observatorio-de-la-movilidad-y-las-ciudades\/","url":"https:\/\/www.laguiadepamplona.com\/actualidad\/pamplona-muestra-sus-buenas-practicas-en-el-iii-simposio-del-observatorio-de-la-movilidad-y-las-ciudades\/","name":"Pamplona muestra sus buenas pr\u00e1cticas en el III Simposio del Observatorio de la Movilidad y las Ciudades","isPartOf":{"@id":"https:\/\/www.laguiadepamplona.com\/actualidad\/#website"},"primaryImageOfPage":{"@id":"https:\/\/www.laguiadepamplona.com\/actualidad\/pamplona-muestra-sus-buenas-practicas-en-el-iii-simposio-del-observatorio-de-la-movilidad-y-las-ciudades\/#primaryimage"},"image":{"@id":"https:\/\/www.laguiadepamplona.com\/actualidad\/pamplona-muestra-sus-buenas-practicas-en-el-iii-simposio-del-observatorio-de-la-movilidad-y-las-ciudades\/#primaryimage"},"thumbnailUrl":"https:\/\/www.laguiadepamplona.com\/actualidad\/wp-content\/uploads\/2022\/11\/REUNIONTELEMATICA-SIMPOSIO_EE5A2589.webp","datePublished":"2022-11-16T11:11:12+00:00","dateModified":"2023-04-11T09:47:34+00:00","description":"El alcalde Enrique Maya defiende la ciudad sostenible y descarbonizada en la mesa redonda online con el t\u00edtulo \u2018El futuro de las ciudades y la movilidad\u2019\u00a0\u00a0","breadcrumb":{"@id":"https:\/\/www.laguiadepamplona.com\/actualidad\/pamplona-muestra-sus-buenas-practicas-en-el-iii-simposio-del-observatorio-de-la-movilidad-y-las-ciudades\/#breadcrumb"},"inLanguage":"es","potentialAction":[{"@type":"ReadAction","target":["https:\/\/www.laguiadepamplona.com\/actualidad\/pamplona-muestra-sus-buenas-practicas-en-el-iii-simposio-del-observatorio-de-la-movilidad-y-las-ciudades\/"]}]},{"@type":"ImageObject","inLanguage":"es","@id":"https:\/\/www.laguiadepamplona.com\/actualidad\/pamplona-muestra-sus-buenas-practicas-en-el-iii-simposio-del-observatorio-de-la-movilidad-y-las-ciudades\/#primaryimage","url":"https:\/\/www.laguiadepamplona.com\/actualidad\/wp-content\/uploads\/2022\/11\/REUNIONTELEMATICA-SIMPOSIO_EE5A2589.webp","contentUrl":"https:\/\/www.laguiadepamplona.com\/actualidad\/wp-content\/uploads\/2022\/11\/REUNIONTELEMATICA-SIMPOSIO_EE5A2589.webp","width":1920,"height":1280},{"@type":"BreadcrumbList","@id":"https:\/\/www.laguiadepamplona.com\/actualidad\/pamplona-muestra-sus-buenas-practicas-en-el-iii-simposio-del-observatorio-de-la-movilidad-y-las-ciudades\/#breadcrumb","itemListElement":[{"@type":"ListItem","position":1,"name":"Portada","item":"https:\/\/www.laguiadepamplona.com\/actualidad\/"},{"@type":"ListItem","position":2,"name":"Pamplona muestra sus buenas pr\u00e1cticas en el III Simposio del Observatorio de la Movilidad y las Ciudades"}]},{"@type":"WebSite","@id":"https:\/\/www.laguiadepamplona.com\/actualidad\/#website","url":"https:\/\/www.laguiadepamplona.com\/actualidad\/","name":"La gu\u00eda de Pamplona","description":"Noticias de Pamplona","publisher":{"@id":"https:\/\/www.laguiadepamplona.com\/actualidad\/#organization"},"potentialAction":[{"@type":"SearchAction","target":{"@type":"EntryPoint","urlTemplate":"https:\/\/www.laguiadepamplona.com\/actualidad\/?s={search_term_string}"},"query-input":{"@type":"PropertyValueSpecification","valueRequired":true,"valueName":"search_term_string"}}],"inLanguage":"es"},{"@type":"Organization","@id":"https:\/\/www.laguiadepamplona.com\/actualidad\/#organization","name":"La Gu\u00eda de Pamplona \/ Noticias","url":"https:\/\/www.laguiadepamplona.com\/actualidad\/","logo":{"@type":"ImageObject","inLanguage":"es","@id":"https:\/\/www.laguiadepamplona.com\/actualidad\/#\/schema\/logo\/image\/","url":"https:\/\/www.laguiadepamplona.com\/actualidad\/wp-content\/uploads\/2018\/11\/logo-laguiadepamplona18-web1.png","contentUrl":"https:\/\/www.laguiadepamplona.com\/actualidad\/wp-content\/uploads\/2018\/11\/logo-laguiadepamplona18-web1.png","width":600,"height":196,"caption":"La Gu\u00eda de Pamplona \/ Noticias"},"image":{"@id":"https:\/\/www.laguiadepamplona.com\/actualidad\/#\/schema\/logo\/image\/"},"sameAs":["https:\/\/www.facebook.com\/laguiadepamplonacom-133175176762273\/?ref=hl","https:\/\/x.com\/LaGuiadPamplona","https:\/\/www.instagram.com\/la_guia_de_pamplona\/","https:\/\/www.youtube.com\/user\/laguiadepamplona"]},{"@type":"Person","@id":"https:\/\/www.laguiadepamplona.com\/actualidad\/#\/schema\/person\/efe887376f0213d4657c93adc50b1fdb","name":"La Gu\u00eda de Pamplona","image":{"@type":"ImageObject","inLanguage":"es","@id":"https:\/\/secure.gravatar.com\/avatar\/b6992f131dc8d30ab0dff15446e9d346d9dbd95992de0fef795073f5ea83a81c?s=96&d=mm&r=g","url":"https:\/\/secure.gravatar.com\/avatar\/b6992f131dc8d30ab0dff15446e9d346d9dbd95992de0fef795073f5ea83a81c?s=96&d=mm&r=g","contentUrl":"https:\/\/secure.gravatar.com\/avatar\/b6992f131dc8d30ab0dff15446e9d346d9dbd95992de0fef795073f5ea83a81c?s=96&d=mm&r=g","caption":"La Gu\u00eda de Pamplona"}}]}},"post_mailing_queue_ids":[],"_links":{"self":[{"href":"https:\/\/www.laguiadepamplona.com\/actualidad\/wp-json\/wp\/v2\/posts\/42219","targetHints":{"allow":["GET"]}}],"collection":[{"href":"https:\/\/www.laguiadepamplona.com\/actualidad\/wp-json\/wp\/v2\/posts"}],"about":[{"href":"https:\/\/www.laguiadepamplona.com\/actualidad\/wp-json\/wp\/v2\/types\/post"}],"author":[{"embeddable":true,"href":"https:\/\/www.laguiadepamplona.com\/actualidad\/wp-json\/wp\/v2\/users\/1"}],"replies":[{"embeddable":true,"href":"https:\/\/www.laguiadepamplona.com\/actualidad\/wp-json\/wp\/v2\/comments?post=42219"}],"version-history":[{"count":0,"href":"https:\/\/www.laguiadepamplona.com\/actualidad\/wp-json\/wp\/v2\/posts\/42219\/revisions"}],"wp:featuredmedia":[{"embeddable":true,"href":"https:\/\/www.laguiadepamplona.com\/actualidad\/wp-json\/wp\/v2\/media\/42220"}],"wp:attachment":[{"href":"https:\/\/www.laguiadepamplona.com\/actualidad\/wp-json\/wp\/v2\/media?parent=42219"}],"wp:term":[{"taxonomy":"category","embeddable":true,"href":"https:\/\/www.laguiadepamplona.com\/actualidad\/wp-json\/wp\/v2\/categories?post=42219"},{"taxonomy":"post_tag","embeddable":true,"href":"https:\/\/www.laguiadepamplona.com\/actualidad\/wp-json\/wp\/v2\/tags?post=42219"}],"curies":[{"name":"wp","href":"https:\/\/api.w.org\/{rel}","templated":true}]}}