{"id":42201,"date":"2022-11-15T14:28:41","date_gmt":"2022-11-15T12:28:41","guid":{"rendered":"https:\/\/www.laguiadepamplona.com\/actualidad\/?p=42201"},"modified":"2023-04-11T11:47:34","modified_gmt":"2023-04-11T09:47:34","slug":"el-ayuntamiento-de-pamplona-planifica-las-plantaciones-de-flor-de-temporada-hasta-2024","status":"publish","type":"post","link":"https:\/\/www.laguiadepamplona.com\/actualidad\/el-ayuntamiento-de-pamplona-planifica-las-plantaciones-de-flor-de-temporada-hasta-2024\/","title":{"rendered":"El Ayuntamiento de Pamplona planifica las plantaciones de flor de temporada hasta 2024"},"content":{"rendered":"<h5>Comienza el proceso de licitaci\u00f3n para el contrato de suministro de las m\u00e1s de 83.300 plantas que componen los parterres de la ciudad<\/h5>\n<p><!--more--><\/p>\n<p>La Junta de Gobierno Local ha aprobado hoy las condiciones de la licitaci\u00f3n del suministro de 83.300 unidades de plantas con flores para los los 2.500 m<sup>2<\/sup> de parterres distribuidos por distintas zonas de la ciudad. El precio de salida para este concurso es de 142.632 euros que cubren las plantaciones ordinarias (oto\u00f1o y verano) y extraordinarias (tras los Sanfermines) del a\u00f1o que viene y de 2024. El condicionado prev\u00e9 una posible ampliaci\u00f3n a 2025.<\/p>\n<p>El plazo de presentaci\u00f3n de ofertas para las empresas interesadas ser\u00e1 de, al menos, 15 d\u00edas, desde la publicaci\u00f3n oficial del anuncio de licitaci\u00f3n Portal de Contrataci\u00f3n de Navarra. En las prescripciones aprobadas hoy, se le otorgar\u00e1n el 45% de los puntos a la oferta econ\u00f3mica; un 15% por aportar un mayor nivel de sustrato que el exigido; un 20% a la reducci\u00f3n de la \u2018Huella de Carbono\u2019 (suministro de proximidad); un 10% a la inclusi\u00f3n en la oferta del criterio social, es decir, a la contrataci\u00f3n de personal de colectivos desfavorecidos o v\u00edctimas de violencia de g\u00e9nero si a lo largo del contrato la empresa adjudicataria requiere nuevas contrataciones y otro 10% bajo los criterios de calidad y buenas pr\u00e1cticas certificadas.<br \/>\n<script async src=\"\/\/pagead2.googlesyndication.com\/pagead\/js\/adsbygoogle.js\"><\/script><br \/>\n<!-- Noticias La Guia de Pamplona --><br \/>\n<ins class=\"adsbygoogle\"\nstyle=\"display:block\"\ndata-ad-client=\"ca-pub-6943679897239327\"\ndata-ad-slot=\"7048180777\"\ndata-ad-format=\"auto\"><\/ins><br \/>\n<script>\n(adsbygoogle = window.adsbygoogle || []).push({});\n<\/script><\/p>\n<p>La empresa finalmente contratada deber\u00e1 suministrar cada a\u00f1o en macetas y bandejas de material de alta reciclabilidad 46.980 plantas para oto\u00f1o-invierno y otras 36.385 plantas de primavera-verano. La diferencia en precio y n\u00famero de ejemplares de la estaci\u00f3n c\u00e1lida, respecto de la fr\u00eda, es porque las primeras tienen un tama\u00f1o final mayor lo que hace que se pongan menos ejemplares por parterre. En concreto, en esta licitaci\u00f3n un 58,2% del importe responde a la planta de primavera-verano. El pliego aprobado prev\u00e9, adem\u00e1s, el suministro de 1.700 plantas cada a\u00f1o al final de las fiestas de San Ferm\u00edn.<\/p>\n<p>Cada persona licitadora no podr\u00e1 presentar m\u00e1s de una oferta. Tampoco podr\u00e1 suscribir ninguna oferta en participaci\u00f3n conjunta con otras personas licitadoras si lo ha hecho individualmente, ni figurar en m\u00e1s de una de esas agrupaciones. Las ofertas se presentar\u00e1n de manera telem\u00e1tica a trav\u00e9s de la Plataforma de Licitaci\u00f3n Electr\u00f3nica del Portal de Contrataci\u00f3n de Navarra. La oferta deber\u00e1 ir firmada mediante sistema de firma electr\u00f3nica reconocida, v\u00e1lidamente emitida por un Prestador de Servicios de Certificaci\u00f3n y que garantice la identidad e integridad de la oferta y todos los documentos asociados a la misma,<br \/>\n<script async src=\"\/\/pagead2.googlesyndication.com\/pagead\/js\/adsbygoogle.js\"><\/script><br \/>\n<!-- Noticias La Guia de Pamplona --><br \/>\n<ins class=\"adsbygoogle\"\nstyle=\"display:block\"\ndata-ad-client=\"ca-pub-6943679897239327\"\ndata-ad-slot=\"7048180777\"\ndata-ad-format=\"auto\"><\/ins><br \/>\n<script>\n(adsbygoogle = window.adsbygoogle || []).push({});\n<\/script><\/p>\n<p><strong>Suministros de mayo y octubre de 2023<\/strong><\/p>\n<p>El expediente incluye en uno de los anexos un listado orientativo de las diversas plantas a suministrar en cada lote, as\u00ed como sus caracter\u00edsticas de color, formato de la maceta en la que se deben presentar, cat\u00e1logos de los que se ha obtenido la informaci\u00f3n y las cantidades estimadas de esas variedades que se pedir\u00edan inicialmente, ya que el Servicio de Jardines podr\u00e1 recalcular anualmente el n\u00famero de plantas y modificar sus variedades para irse adaptando a los dise\u00f1os de estos elementos urbanos.<\/p>\n<p>El a\u00f1o que viene la planta de primavera se suministrar\u00e1 durante la segunda quincena de mayo en un plazo m\u00e1ximo total de 12 d\u00edas, coordinando las entregas con el vivero municipal, as\u00ed como 130 geranios de la variedad elegida ese a\u00f1o, que se suministrar\u00e1n la primera semana de abril. En esa \u00e9poca del a\u00f1o lo previsto es que se planten plantas de flor, culinarias, arom\u00e1ticas o vivaces. Entre ellas dalias, begonias, petunias, salvia o tajetes. En oto\u00f1o el suministro se deber\u00e1 producir en la segunda quincena de octubre, tambi\u00e9n en un m\u00e1ximo de 12 d\u00edas y coordinando las entregas. La propuesta del pliego son plantas de \u2018Boca de drag\u00f3n\u2019, antirrinum, violas o pr\u00edmulas.<br \/>\n<script async src=\"\/\/pagead2.googlesyndication.com\/pagead\/js\/adsbygoogle.js\"><\/script><br \/>\n<!-- Noticias La Guia de Pamplona --><br \/>\n<ins class=\"adsbygoogle\"\nstyle=\"display:block\"\ndata-ad-client=\"ca-pub-6943679897239327\"\ndata-ad-slot=\"7048180777\"\ndata-ad-format=\"auto\"><\/ins><br \/>\n<script>\n(adsbygoogle = window.adsbygoogle || []).push({});\n<\/script><\/p>\n<p>En ambos casos se entender\u00e1 hecha la entrega del material una vez que este sea examinado por los t\u00e9cnicos municipales y hallado conforme con las caracter\u00edsticas t\u00e9cnicas solicitadas por el Consistorio. Las plantas deber\u00e1n cumplir unas condiciones de calidad general y unas condiciones particulares especificadas, seg\u00fan el tipo de especie a la que pertenezcan. Deber\u00e1n ser absolutamente aut\u00e9nticas, es decir, con identidad y pureza adecuadas a las especies, variedades o series solicitadas.<\/p>\n","protected":false},"excerpt":{"rendered":"<p>Comienza el proceso de licitaci\u00f3n para el contrato de suministro de las m\u00e1s de 83.300 plantas que componen los parterres de la ciudad<\/p>\n","protected":false},"author":1,"featured_media":19265,"comment_status":"open","ping_status":"closed","sticky":false,"template":"","format":"standard","meta":{"footnotes":""},"categories":[2],"tags":[],"class_list":["post-42201","post","type-post","status-publish","format-standard","has-post-thumbnail","hentry","category-ayuntamiento-pamplona"],"yoast_head":"<!-- This site is optimized with the Yoast SEO plugin v27.3 - https:\/\/yoast.com\/product\/yoast-seo-wordpress\/ -->\n<title>El Ayuntamiento de Pamplona planifica las plantaciones de flor de temporada hasta 2024<\/title>\n<meta name=\"description\" content=\"Comienza el proceso de licitaci\u00f3n para el contrato de suministro de las m\u00e1s de 83.300 plantas que componen los parterres de la ciudad\" \/>\n<meta name=\"robots\" content=\"index, follow, max-snippet:-1, max-image-preview:large, max-video-preview:-1\" \/>\n<link rel=\"canonical\" href=\"https:\/\/www.laguiadepamplona.com\/actualidad\/el-ayuntamiento-de-pamplona-planifica-las-plantaciones-de-flor-de-temporada-hasta-2024\/\" \/>\n<meta property=\"og:locale\" content=\"es_ES\" \/>\n<meta property=\"og:type\" content=\"article\" \/>\n<meta property=\"og:title\" content=\"El Ayuntamiento de Pamplona planifica las plantaciones de flor de temporada hasta 2024\" \/>\n<meta property=\"og:description\" content=\"Comienza el proceso de licitaci\u00f3n para el contrato de suministro de las m\u00e1s de 83.300 plantas que componen los parterres de la ciudad\" \/>\n<meta property=\"og:url\" content=\"https:\/\/www.laguiadepamplona.com\/actualidad\/el-ayuntamiento-de-pamplona-planifica-las-plantaciones-de-flor-de-temporada-hasta-2024\/\" \/>\n<meta property=\"og:site_name\" content=\"La Gu\u00eda de Pamplona\" \/>\n<meta property=\"article:publisher\" content=\"https:\/\/www.facebook.com\/laguiadepamplonacom-133175176762273\/?ref=hl\" \/>\n<meta property=\"article:published_time\" content=\"2022-11-15T12:28:41+00:00\" \/>\n<meta property=\"article:modified_time\" content=\"2023-04-11T09:47:34+00:00\" \/>\n<meta property=\"og:image\" content=\"https:\/\/www.laguiadepamplona.com\/actualidad\/wp-content\/uploads\/2018\/11\/18.11.06_escuela-taller-jardineria_2.jpg\" \/>\n\t<meta property=\"og:image:width\" content=\"1000\" \/>\n\t<meta property=\"og:image:height\" content=\"734\" \/>\n\t<meta property=\"og:image:type\" content=\"image\/jpeg\" \/>\n<meta name=\"author\" content=\"La Gu\u00eda de Pamplona\" \/>\n<meta name=\"twitter:card\" content=\"summary_large_image\" \/>\n<meta name=\"twitter:creator\" content=\"@LaGuiadPamplona\" \/>\n<meta name=\"twitter:site\" content=\"@LaGuiadPamplona\" \/>\n<meta name=\"twitter:label1\" content=\"Escrito por\" \/>\n\t<meta name=\"twitter:data1\" content=\"La Gu\u00eda de Pamplona\" \/>\n\t<meta name=\"twitter:label2\" content=\"Tiempo de lectura\" \/>\n\t<meta name=\"twitter:data2\" content=\"4 minutos\" \/>\n<script type=\"application\/ld+json\" class=\"yoast-schema-graph\">{\"@context\":\"https:\\\/\\\/schema.org\",\"@graph\":[{\"@type\":\"Article\",\"@id\":\"https:\\\/\\\/www.laguiadepamplona.com\\\/actualidad\\\/el-ayuntamiento-de-pamplona-planifica-las-plantaciones-de-flor-de-temporada-hasta-2024\\\/#article\",\"isPartOf\":{\"@id\":\"https:\\\/\\\/www.laguiadepamplona.com\\\/actualidad\\\/el-ayuntamiento-de-pamplona-planifica-las-plantaciones-de-flor-de-temporada-hasta-2024\\\/\"},\"author\":{\"name\":\"La Gu\u00eda de Pamplona\",\"@id\":\"https:\\\/\\\/www.laguiadepamplona.com\\\/actualidad\\\/#\\\/schema\\\/person\\\/efe887376f0213d4657c93adc50b1fdb\"},\"headline\":\"El Ayuntamiento de Pamplona planifica las plantaciones de flor de temporada hasta 2024\",\"datePublished\":\"2022-11-15T12:28:41+00:00\",\"dateModified\":\"2023-04-11T09:47:34+00:00\",\"mainEntityOfPage\":{\"@id\":\"https:\\\/\\\/www.laguiadepamplona.com\\\/actualidad\\\/el-ayuntamiento-de-pamplona-planifica-las-plantaciones-de-flor-de-temporada-hasta-2024\\\/\"},\"wordCount\":747,\"commentCount\":0,\"publisher\":{\"@id\":\"https:\\\/\\\/www.laguiadepamplona.com\\\/actualidad\\\/#organization\"},\"image\":{\"@id\":\"https:\\\/\\\/www.laguiadepamplona.com\\\/actualidad\\\/el-ayuntamiento-de-pamplona-planifica-las-plantaciones-de-flor-de-temporada-hasta-2024\\\/#primaryimage\"},\"thumbnailUrl\":\"https:\\\/\\\/www.laguiadepamplona.com\\\/actualidad\\\/wp-content\\\/uploads\\\/2018\\\/11\\\/18.11.06_escuela-taller-jardineria_2.jpg\",\"articleSection\":[\"Ayto Pamplona\"],\"inLanguage\":\"es\",\"potentialAction\":[{\"@type\":\"CommentAction\",\"name\":\"Comment\",\"target\":[\"https:\\\/\\\/www.laguiadepamplona.com\\\/actualidad\\\/el-ayuntamiento-de-pamplona-planifica-las-plantaciones-de-flor-de-temporada-hasta-2024\\\/#respond\"]}]},{\"@type\":\"WebPage\",\"@id\":\"https:\\\/\\\/www.laguiadepamplona.com\\\/actualidad\\\/el-ayuntamiento-de-pamplona-planifica-las-plantaciones-de-flor-de-temporada-hasta-2024\\\/\",\"url\":\"https:\\\/\\\/www.laguiadepamplona.com\\\/actualidad\\\/el-ayuntamiento-de-pamplona-planifica-las-plantaciones-de-flor-de-temporada-hasta-2024\\\/\",\"name\":\"El Ayuntamiento de Pamplona planifica las plantaciones de flor de temporada hasta 2024\",\"isPartOf\":{\"@id\":\"https:\\\/\\\/www.laguiadepamplona.com\\\/actualidad\\\/#website\"},\"primaryImageOfPage\":{\"@id\":\"https:\\\/\\\/www.laguiadepamplona.com\\\/actualidad\\\/el-ayuntamiento-de-pamplona-planifica-las-plantaciones-de-flor-de-temporada-hasta-2024\\\/#primaryimage\"},\"image\":{\"@id\":\"https:\\\/\\\/www.laguiadepamplona.com\\\/actualidad\\\/el-ayuntamiento-de-pamplona-planifica-las-plantaciones-de-flor-de-temporada-hasta-2024\\\/#primaryimage\"},\"thumbnailUrl\":\"https:\\\/\\\/www.laguiadepamplona.com\\\/actualidad\\\/wp-content\\\/uploads\\\/2018\\\/11\\\/18.11.06_escuela-taller-jardineria_2.jpg\",\"datePublished\":\"2022-11-15T12:28:41+00:00\",\"dateModified\":\"2023-04-11T09:47:34+00:00\",\"description\":\"Comienza el proceso de licitaci\u00f3n para el contrato de suministro de las m\u00e1s de 83.300 plantas que componen los parterres de la ciudad\",\"breadcrumb\":{\"@id\":\"https:\\\/\\\/www.laguiadepamplona.com\\\/actualidad\\\/el-ayuntamiento-de-pamplona-planifica-las-plantaciones-de-flor-de-temporada-hasta-2024\\\/#breadcrumb\"},\"inLanguage\":\"es\",\"potentialAction\":[{\"@type\":\"ReadAction\",\"target\":[\"https:\\\/\\\/www.laguiadepamplona.com\\\/actualidad\\\/el-ayuntamiento-de-pamplona-planifica-las-plantaciones-de-flor-de-temporada-hasta-2024\\\/\"]}]},{\"@type\":\"ImageObject\",\"inLanguage\":\"es\",\"@id\":\"https:\\\/\\\/www.laguiadepamplona.com\\\/actualidad\\\/el-ayuntamiento-de-pamplona-planifica-las-plantaciones-de-flor-de-temporada-hasta-2024\\\/#primaryimage\",\"url\":\"https:\\\/\\\/www.laguiadepamplona.com\\\/actualidad\\\/wp-content\\\/uploads\\\/2018\\\/11\\\/18.11.06_escuela-taller-jardineria_2.jpg\",\"contentUrl\":\"https:\\\/\\\/www.laguiadepamplona.com\\\/actualidad\\\/wp-content\\\/uploads\\\/2018\\\/11\\\/18.11.06_escuela-taller-jardineria_2.jpg\",\"width\":1000,\"height\":734,\"caption\":\"OLYMPUS DIGITAL CAMERA\"},{\"@type\":\"BreadcrumbList\",\"@id\":\"https:\\\/\\\/www.laguiadepamplona.com\\\/actualidad\\\/el-ayuntamiento-de-pamplona-planifica-las-plantaciones-de-flor-de-temporada-hasta-2024\\\/#breadcrumb\",\"itemListElement\":[{\"@type\":\"ListItem\",\"position\":1,\"name\":\"Portada\",\"item\":\"https:\\\/\\\/www.laguiadepamplona.com\\\/actualidad\\\/\"},{\"@type\":\"ListItem\",\"position\":2,\"name\":\"El Ayuntamiento de Pamplona planifica las plantaciones de flor de temporada hasta 2024\"}]},{\"@type\":\"WebSite\",\"@id\":\"https:\\\/\\\/www.laguiadepamplona.com\\\/actualidad\\\/#website\",\"url\":\"https:\\\/\\\/www.laguiadepamplona.com\\\/actualidad\\\/\",\"name\":\"La gu\u00eda de Pamplona\",\"description\":\"Noticias de Pamplona\",\"publisher\":{\"@id\":\"https:\\\/\\\/www.laguiadepamplona.com\\\/actualidad\\\/#organization\"},\"potentialAction\":[{\"@type\":\"SearchAction\",\"target\":{\"@type\":\"EntryPoint\",\"urlTemplate\":\"https:\\\/\\\/www.laguiadepamplona.com\\\/actualidad\\\/?s={search_term_string}\"},\"query-input\":{\"@type\":\"PropertyValueSpecification\",\"valueRequired\":true,\"valueName\":\"search_term_string\"}}],\"inLanguage\":\"es\"},{\"@type\":\"Organization\",\"@id\":\"https:\\\/\\\/www.laguiadepamplona.com\\\/actualidad\\\/#organization\",\"name\":\"La Gu\u00eda de Pamplona \\\/ Noticias\",\"url\":\"https:\\\/\\\/www.laguiadepamplona.com\\\/actualidad\\\/\",\"logo\":{\"@type\":\"ImageObject\",\"inLanguage\":\"es\",\"@id\":\"https:\\\/\\\/www.laguiadepamplona.com\\\/actualidad\\\/#\\\/schema\\\/logo\\\/image\\\/\",\"url\":\"https:\\\/\\\/www.laguiadepamplona.com\\\/actualidad\\\/wp-content\\\/uploads\\\/2018\\\/11\\\/logo-laguiadepamplona18-web1.png\",\"contentUrl\":\"https:\\\/\\\/www.laguiadepamplona.com\\\/actualidad\\\/wp-content\\\/uploads\\\/2018\\\/11\\\/logo-laguiadepamplona18-web1.png\",\"width\":600,\"height\":196,\"caption\":\"La Gu\u00eda de Pamplona \\\/ Noticias\"},\"image\":{\"@id\":\"https:\\\/\\\/www.laguiadepamplona.com\\\/actualidad\\\/#\\\/schema\\\/logo\\\/image\\\/\"},\"sameAs\":[\"https:\\\/\\\/www.facebook.com\\\/laguiadepamplonacom-133175176762273\\\/?ref=hl\",\"https:\\\/\\\/x.com\\\/LaGuiadPamplona\",\"https:\\\/\\\/www.instagram.com\\\/la_guia_de_pamplona\\\/\",\"https:\\\/\\\/www.youtube.com\\\/user\\\/laguiadepamplona\"]},{\"@type\":\"Person\",\"@id\":\"https:\\\/\\\/www.laguiadepamplona.com\\\/actualidad\\\/#\\\/schema\\\/person\\\/efe887376f0213d4657c93adc50b1fdb\",\"name\":\"La Gu\u00eda de Pamplona\",\"image\":{\"@type\":\"ImageObject\",\"inLanguage\":\"es\",\"@id\":\"https:\\\/\\\/secure.gravatar.com\\\/avatar\\\/b6992f131dc8d30ab0dff15446e9d346d9dbd95992de0fef795073f5ea83a81c?s=96&d=mm&r=g\",\"url\":\"https:\\\/\\\/secure.gravatar.com\\\/avatar\\\/b6992f131dc8d30ab0dff15446e9d346d9dbd95992de0fef795073f5ea83a81c?s=96&d=mm&r=g\",\"contentUrl\":\"https:\\\/\\\/secure.gravatar.com\\\/avatar\\\/b6992f131dc8d30ab0dff15446e9d346d9dbd95992de0fef795073f5ea83a81c?s=96&d=mm&r=g\",\"caption\":\"La Gu\u00eda de Pamplona\"}}]}<\/script>\n<!-- \/ Yoast SEO plugin. -->","yoast_head_json":{"title":"El Ayuntamiento de Pamplona planifica las plantaciones de flor de temporada hasta 2024","description":"Comienza el proceso de licitaci\u00f3n para el contrato de suministro de las m\u00e1s de 83.300 plantas que componen los parterres de la ciudad","robots":{"index":"index","follow":"follow","max-snippet":"max-snippet:-1","max-image-preview":"max-image-preview:large","max-video-preview":"max-video-preview:-1"},"canonical":"https:\/\/www.laguiadepamplona.com\/actualidad\/el-ayuntamiento-de-pamplona-planifica-las-plantaciones-de-flor-de-temporada-hasta-2024\/","og_locale":"es_ES","og_type":"article","og_title":"El Ayuntamiento de Pamplona planifica las plantaciones de flor de temporada hasta 2024","og_description":"Comienza el proceso de licitaci\u00f3n para el contrato de suministro de las m\u00e1s de 83.300 plantas que componen los parterres de la ciudad","og_url":"https:\/\/www.laguiadepamplona.com\/actualidad\/el-ayuntamiento-de-pamplona-planifica-las-plantaciones-de-flor-de-temporada-hasta-2024\/","og_site_name":"La Gu\u00eda de Pamplona","article_publisher":"https:\/\/www.facebook.com\/laguiadepamplonacom-133175176762273\/?ref=hl","article_published_time":"2022-11-15T12:28:41+00:00","article_modified_time":"2023-04-11T09:47:34+00:00","og_image":[{"width":1000,"height":734,"url":"https:\/\/www.laguiadepamplona.com\/actualidad\/wp-content\/uploads\/2018\/11\/18.11.06_escuela-taller-jardineria_2.jpg","type":"image\/jpeg"}],"author":"La Gu\u00eda de Pamplona","twitter_card":"summary_large_image","twitter_creator":"@LaGuiadPamplona","twitter_site":"@LaGuiadPamplona","twitter_misc":{"Escrito por":"La Gu\u00eda de Pamplona","Tiempo de lectura":"4 minutos"},"schema":{"@context":"https:\/\/schema.org","@graph":[{"@type":"Article","@id":"https:\/\/www.laguiadepamplona.com\/actualidad\/el-ayuntamiento-de-pamplona-planifica-las-plantaciones-de-flor-de-temporada-hasta-2024\/#article","isPartOf":{"@id":"https:\/\/www.laguiadepamplona.com\/actualidad\/el-ayuntamiento-de-pamplona-planifica-las-plantaciones-de-flor-de-temporada-hasta-2024\/"},"author":{"name":"La Gu\u00eda de Pamplona","@id":"https:\/\/www.laguiadepamplona.com\/actualidad\/#\/schema\/person\/efe887376f0213d4657c93adc50b1fdb"},"headline":"El Ayuntamiento de Pamplona planifica las plantaciones de flor de temporada hasta 2024","datePublished":"2022-11-15T12:28:41+00:00","dateModified":"2023-04-11T09:47:34+00:00","mainEntityOfPage":{"@id":"https:\/\/www.laguiadepamplona.com\/actualidad\/el-ayuntamiento-de-pamplona-planifica-las-plantaciones-de-flor-de-temporada-hasta-2024\/"},"wordCount":747,"commentCount":0,"publisher":{"@id":"https:\/\/www.laguiadepamplona.com\/actualidad\/#organization"},"image":{"@id":"https:\/\/www.laguiadepamplona.com\/actualidad\/el-ayuntamiento-de-pamplona-planifica-las-plantaciones-de-flor-de-temporada-hasta-2024\/#primaryimage"},"thumbnailUrl":"https:\/\/www.laguiadepamplona.com\/actualidad\/wp-content\/uploads\/2018\/11\/18.11.06_escuela-taller-jardineria_2.jpg","articleSection":["Ayto Pamplona"],"inLanguage":"es","potentialAction":[{"@type":"CommentAction","name":"Comment","target":["https:\/\/www.laguiadepamplona.com\/actualidad\/el-ayuntamiento-de-pamplona-planifica-las-plantaciones-de-flor-de-temporada-hasta-2024\/#respond"]}]},{"@type":"WebPage","@id":"https:\/\/www.laguiadepamplona.com\/actualidad\/el-ayuntamiento-de-pamplona-planifica-las-plantaciones-de-flor-de-temporada-hasta-2024\/","url":"https:\/\/www.laguiadepamplona.com\/actualidad\/el-ayuntamiento-de-pamplona-planifica-las-plantaciones-de-flor-de-temporada-hasta-2024\/","name":"El Ayuntamiento de Pamplona planifica las plantaciones de flor de temporada hasta 2024","isPartOf":{"@id":"https:\/\/www.laguiadepamplona.com\/actualidad\/#website"},"primaryImageOfPage":{"@id":"https:\/\/www.laguiadepamplona.com\/actualidad\/el-ayuntamiento-de-pamplona-planifica-las-plantaciones-de-flor-de-temporada-hasta-2024\/#primaryimage"},"image":{"@id":"https:\/\/www.laguiadepamplona.com\/actualidad\/el-ayuntamiento-de-pamplona-planifica-las-plantaciones-de-flor-de-temporada-hasta-2024\/#primaryimage"},"thumbnailUrl":"https:\/\/www.laguiadepamplona.com\/actualidad\/wp-content\/uploads\/2018\/11\/18.11.06_escuela-taller-jardineria_2.jpg","datePublished":"2022-11-15T12:28:41+00:00","dateModified":"2023-04-11T09:47:34+00:00","description":"Comienza el proceso de licitaci\u00f3n para el contrato de suministro de las m\u00e1s de 83.300 plantas que componen los parterres de la ciudad","breadcrumb":{"@id":"https:\/\/www.laguiadepamplona.com\/actualidad\/el-ayuntamiento-de-pamplona-planifica-las-plantaciones-de-flor-de-temporada-hasta-2024\/#breadcrumb"},"inLanguage":"es","potentialAction":[{"@type":"ReadAction","target":["https:\/\/www.laguiadepamplona.com\/actualidad\/el-ayuntamiento-de-pamplona-planifica-las-plantaciones-de-flor-de-temporada-hasta-2024\/"]}]},{"@type":"ImageObject","inLanguage":"es","@id":"https:\/\/www.laguiadepamplona.com\/actualidad\/el-ayuntamiento-de-pamplona-planifica-las-plantaciones-de-flor-de-temporada-hasta-2024\/#primaryimage","url":"https:\/\/www.laguiadepamplona.com\/actualidad\/wp-content\/uploads\/2018\/11\/18.11.06_escuela-taller-jardineria_2.jpg","contentUrl":"https:\/\/www.laguiadepamplona.com\/actualidad\/wp-content\/uploads\/2018\/11\/18.11.06_escuela-taller-jardineria_2.jpg","width":1000,"height":734,"caption":"OLYMPUS DIGITAL CAMERA"},{"@type":"BreadcrumbList","@id":"https:\/\/www.laguiadepamplona.com\/actualidad\/el-ayuntamiento-de-pamplona-planifica-las-plantaciones-de-flor-de-temporada-hasta-2024\/#breadcrumb","itemListElement":[{"@type":"ListItem","position":1,"name":"Portada","item":"https:\/\/www.laguiadepamplona.com\/actualidad\/"},{"@type":"ListItem","position":2,"name":"El Ayuntamiento de Pamplona planifica las plantaciones de flor de temporada hasta 2024"}]},{"@type":"WebSite","@id":"https:\/\/www.laguiadepamplona.com\/actualidad\/#website","url":"https:\/\/www.laguiadepamplona.com\/actualidad\/","name":"La gu\u00eda de Pamplona","description":"Noticias de Pamplona","publisher":{"@id":"https:\/\/www.laguiadepamplona.com\/actualidad\/#organization"},"potentialAction":[{"@type":"SearchAction","target":{"@type":"EntryPoint","urlTemplate":"https:\/\/www.laguiadepamplona.com\/actualidad\/?s={search_term_string}"},"query-input":{"@type":"PropertyValueSpecification","valueRequired":true,"valueName":"search_term_string"}}],"inLanguage":"es"},{"@type":"Organization","@id":"https:\/\/www.laguiadepamplona.com\/actualidad\/#organization","name":"La Gu\u00eda de Pamplona \/ Noticias","url":"https:\/\/www.laguiadepamplona.com\/actualidad\/","logo":{"@type":"ImageObject","inLanguage":"es","@id":"https:\/\/www.laguiadepamplona.com\/actualidad\/#\/schema\/logo\/image\/","url":"https:\/\/www.laguiadepamplona.com\/actualidad\/wp-content\/uploads\/2018\/11\/logo-laguiadepamplona18-web1.png","contentUrl":"https:\/\/www.laguiadepamplona.com\/actualidad\/wp-content\/uploads\/2018\/11\/logo-laguiadepamplona18-web1.png","width":600,"height":196,"caption":"La Gu\u00eda de Pamplona \/ Noticias"},"image":{"@id":"https:\/\/www.laguiadepamplona.com\/actualidad\/#\/schema\/logo\/image\/"},"sameAs":["https:\/\/www.facebook.com\/laguiadepamplonacom-133175176762273\/?ref=hl","https:\/\/x.com\/LaGuiadPamplona","https:\/\/www.instagram.com\/la_guia_de_pamplona\/","https:\/\/www.youtube.com\/user\/laguiadepamplona"]},{"@type":"Person","@id":"https:\/\/www.laguiadepamplona.com\/actualidad\/#\/schema\/person\/efe887376f0213d4657c93adc50b1fdb","name":"La Gu\u00eda de Pamplona","image":{"@type":"ImageObject","inLanguage":"es","@id":"https:\/\/secure.gravatar.com\/avatar\/b6992f131dc8d30ab0dff15446e9d346d9dbd95992de0fef795073f5ea83a81c?s=96&d=mm&r=g","url":"https:\/\/secure.gravatar.com\/avatar\/b6992f131dc8d30ab0dff15446e9d346d9dbd95992de0fef795073f5ea83a81c?s=96&d=mm&r=g","contentUrl":"https:\/\/secure.gravatar.com\/avatar\/b6992f131dc8d30ab0dff15446e9d346d9dbd95992de0fef795073f5ea83a81c?s=96&d=mm&r=g","caption":"La Gu\u00eda de Pamplona"}}]}},"post_mailing_queue_ids":[],"_links":{"self":[{"href":"https:\/\/www.laguiadepamplona.com\/actualidad\/wp-json\/wp\/v2\/posts\/42201","targetHints":{"allow":["GET"]}}],"collection":[{"href":"https:\/\/www.laguiadepamplona.com\/actualidad\/wp-json\/wp\/v2\/posts"}],"about":[{"href":"https:\/\/www.laguiadepamplona.com\/actualidad\/wp-json\/wp\/v2\/types\/post"}],"author":[{"embeddable":true,"href":"https:\/\/www.laguiadepamplona.com\/actualidad\/wp-json\/wp\/v2\/users\/1"}],"replies":[{"embeddable":true,"href":"https:\/\/www.laguiadepamplona.com\/actualidad\/wp-json\/wp\/v2\/comments?post=42201"}],"version-history":[{"count":0,"href":"https:\/\/www.laguiadepamplona.com\/actualidad\/wp-json\/wp\/v2\/posts\/42201\/revisions"}],"wp:featuredmedia":[{"embeddable":true,"href":"https:\/\/www.laguiadepamplona.com\/actualidad\/wp-json\/wp\/v2\/media\/19265"}],"wp:attachment":[{"href":"https:\/\/www.laguiadepamplona.com\/actualidad\/wp-json\/wp\/v2\/media?parent=42201"}],"wp:term":[{"taxonomy":"category","embeddable":true,"href":"https:\/\/www.laguiadepamplona.com\/actualidad\/wp-json\/wp\/v2\/categories?post=42201"},{"taxonomy":"post_tag","embeddable":true,"href":"https:\/\/www.laguiadepamplona.com\/actualidad\/wp-json\/wp\/v2\/tags?post=42201"}],"curies":[{"name":"wp","href":"https:\/\/api.w.org\/{rel}","templated":true}]}}