{"id":422,"date":"2014-02-12T13:22:46","date_gmt":"2014-02-12T12:22:46","guid":{"rendered":"http:\/\/laguiadepamplona.es\/noticias\/?p=422"},"modified":"2014-02-12T13:22:46","modified_gmt":"2014-02-12T12:22:46","slug":"la-casa-de-la-juventud-acoge-manana-la-presentacion-de-la-semana-de-accion-mundial-por-la-educacion-centrada-en-el-derecho-de-los-menores-con-necesidades-especiales","status":"publish","type":"post","link":"https:\/\/www.laguiadepamplona.com\/actualidad\/la-casa-de-la-juventud-acoge-manana-la-presentacion-de-la-semana-de-accion-mundial-por-la-educacion-centrada-en-el-derecho-de-los-menores-con-necesidades-especiales\/","title":{"rendered":"La Casa de la Juventud acoge ma\u00f1ana la presentaci\u00f3n de la Semana de Acci\u00f3n Mundial por la Educaci\u00f3n, centrada en el derecho de los menores con necesidades especiales"},"content":{"rendered":"<h6>La campa\u00f1a solicitara a centros educativos, ONG, asociaciones etc. que participen en un juego que tiene por objeto una reflexi\u00f3n sobre la inclusi\u00f3n<\/h6>\n<p><a href=\"http:\/\/laguiadepamplona.es\/noticias\/wp-content\/uploads\/2014\/01\/casa-juventud-pamplona.jpg\"><img loading=\"lazy\" decoding=\"async\" class=\"alignleft size-medium wp-image-240\" alt=\"casa-juventud-pamplona\" src=\"http:\/\/laguiadepamplona.es\/noticias\/wp-content\/uploads\/2014\/01\/casa-juventud-pamplona-300x300.jpg\" width=\"300\" height=\"300\" \/><\/a>La Casa de la Juventud acoger\u00e1 ma\u00f1ana jueves la sesi\u00f3n de presentaci\u00f3n de la Semana de Acci\u00f3n Mundial por la Educaci\u00f3n (SAME) 2014, que este a\u00f1o se celebrar\u00e1 entre el 7 y el 13 de abril. Estas jornadas son una iniciativa de la Campa\u00f1a Mundial por la Educaci\u00f3n (CME), y tiene como objetivo principal reivindicar una educaci\u00f3n b\u00e1sica, gratuita y de calidad para todas las personas. La sesi\u00f3n del jueves est\u00e1 organizada por la Fundaci\u00f3n Alboan y comenzar\u00e1 a las 18.30 horas con entrada libre.<\/p>\n<p>Bajo el lema \u2018Sumemos capacidades. Por el derecho a una educaci\u00f3n inclusiva\u2019, este a\u00f1o se busca promover el derecho de ni\u00f1os y ni\u00f1as con necesidades especiales a recibir una educaci\u00f3n de calidad, sin discriminaci\u00f3n y sobre la base de la igualdad de oportunidades. Una escuela inclusiva es, adem\u00e1s beneficiosa para todos ya que ense\u00f1a a apreciar la diversidad, combate la discriminaci\u00f3n y promueve sociedades m\u00e1s justas.<\/p>\n<p>93 millones de ni\u00f1os en el mundo viven con alg\u00fan tipo de discapacidad. Seg\u00fan los datos de la campa\u00f1a, muchos \u2013casi un tercio del total- no asisten al colegio y, los que lo hacen, tienen menos posibilidades de acabar la escuela. De hecho s\u00f3lo el 3% de las personas adultas con discapacidad est\u00e1 alfabetizada, pese a que es un derecho que consagra la Convenci\u00f3n sobre los Derechos de las Personas con Discapacidad .<\/p>\n<p>Esta Semana de Acci\u00f3n Mundial se convoca anualmente desde 2003, y se realiza de manera simult\u00e1nea en 100 pa\u00edses de todo el mundo. El a\u00f1o pasado bajo el lema \u2018\u00a1Sin profes no hay escuela! Por un profesorado formado y motivado\u2019 participaron 47 centros educativos de 28 localidades navarras. M\u00e1s de 10.000 alumnos y 500 profesores reflexionaron y trabajaron\u00a0 lograr Educaci\u00f3n Primaria Universal.<\/p>\n<p>Educaci\u00f3n para todos antes de 2015<\/p>\n<p>La Campa\u00f1a Mundial por la Educaci\u00f3n (CME) es una coalici\u00f3n internacional de ONGs, centros escolares, movimientos sociales y sindicatos del entorno educativo que reclama el cumplimiento \u00edntegro de los compromisos de la Cumbre de Dakar, celebrada en el a\u00f1o 2000. En ella, 189 pa\u00edses se comprometieron a extender y mejorar la atenci\u00f3n y educaci\u00f3n integrales de la primera infancia, especialmente de los ni\u00f1os y ni\u00f1as m\u00e1s vulnerables y desfavorecidos, antes del a\u00f1o 2015.<\/p>\n<p>En Navarra el equipo territorial de la SAME esta compuesto por ALBOAN, Educaci\u00f3n sin Fronteras, FISC-Navarra, Madre Coraje y la UNED-Tudela como instituci\u00f3n colaboradora.<\/p>\n<div>\n<p><strong>jornada de presentaci\u00f3n SAME 2014<\/strong><\/p>\n<\/div>\n<ul>\n<li><b>Lema<\/b>: \u2018Sumemos capacidades. Por el derecho a una educaci\u00f3n inclusiva\u2019<\/li>\n<li><b>Fecha<\/b>: 13 de febrero. 18.30 horas\n<ul>\n<li><b>Lugar<\/b>: Casa de la Juventud. Entrada libre<\/li>\n<li><b>Organiza<\/b>: Fundaci\u00f3n Alboan<\/li>\n<li><b>M\u00e1s informaci\u00f3n<\/b>: www.cme-espana.org<\/li>\n<\/ul>\n<\/li>\n<\/ul>\n<p>&nbsp;<\/p>\n","protected":false},"excerpt":{"rendered":"<p>La campa\u00f1a solicitara a centros educativos, ONG, asociaciones etc. que participen en un juego que tiene por objeto una reflexi\u00f3n sobre la inclusi\u00f3n La Casa de la Juventud acoger\u00e1 ma\u00f1ana&#8230;<\/p>\n","protected":false},"author":1,"featured_media":240,"comment_status":"open","ping_status":"open","sticky":false,"template":"","format":"standard","meta":{"footnotes":""},"categories":[2],"tags":[5,6,109,8,9,249],"class_list":["post-422","post","type-post","status-publish","format-standard","has-post-thumbnail","hentry","category-ayuntamiento-pamplona","tag-actualidad","tag-ayto-pamplona","tag-casa-juventud-pamplona","tag-noticias","tag-pamplona","tag-semana-de-accion-mundial-por-la-educacion"],"yoast_head":"<!-- This site is optimized with the Yoast SEO plugin v27.5 - https:\/\/yoast.com\/product\/yoast-seo-wordpress\/ -->\n<title>La Casa de la Juventud acoge ma\u00f1ana la presentaci\u00f3n de la Semana de Acci\u00f3n Mundial por la Educaci\u00f3n, centrada en el derecho de los menores con necesidades especiales<\/title>\n<meta name=\"robots\" content=\"index, follow, max-snippet:-1, max-image-preview:large, max-video-preview:-1\" \/>\n<link rel=\"canonical\" href=\"https:\/\/www.laguiadepamplona.com\/actualidad\/la-casa-de-la-juventud-acoge-manana-la-presentacion-de-la-semana-de-accion-mundial-por-la-educacion-centrada-en-el-derecho-de-los-menores-con-necesidades-especiales\/\" \/>\n<meta property=\"og:locale\" content=\"es_ES\" \/>\n<meta property=\"og:type\" content=\"article\" \/>\n<meta property=\"og:title\" content=\"La Casa de la Juventud acoge ma\u00f1ana la presentaci\u00f3n de la Semana de Acci\u00f3n Mundial por la Educaci\u00f3n, centrada en el derecho de los menores con necesidades especiales\" \/>\n<meta property=\"og:description\" content=\"La campa\u00f1a solicitara a centros educativos, ONG, asociaciones etc. que participen en un juego que tiene por objeto una reflexi\u00f3n sobre la inclusi\u00f3n La Casa de la Juventud acoger\u00e1 ma\u00f1ana...\" \/>\n<meta property=\"og:url\" content=\"https:\/\/www.laguiadepamplona.com\/actualidad\/la-casa-de-la-juventud-acoge-manana-la-presentacion-de-la-semana-de-accion-mundial-por-la-educacion-centrada-en-el-derecho-de-los-menores-con-necesidades-especiales\/\" \/>\n<meta property=\"og:site_name\" content=\"La Gu\u00eda de Pamplona\" \/>\n<meta property=\"article:publisher\" content=\"https:\/\/www.facebook.com\/laguiadepamplonacom-133175176762273\/?ref=hl\" \/>\n<meta property=\"article:published_time\" content=\"2014-02-12T12:22:46+00:00\" \/>\n<meta name=\"author\" content=\"La Gu\u00eda de Pamplona\" \/>\n<meta name=\"twitter:card\" content=\"summary_large_image\" \/>\n<meta name=\"twitter:creator\" content=\"@LaGuiadPamplona\" \/>\n<meta name=\"twitter:site\" content=\"@LaGuiadPamplona\" \/>\n<meta name=\"twitter:label1\" content=\"Escrito por\" \/>\n\t<meta name=\"twitter:data1\" content=\"La Gu\u00eda de Pamplona\" \/>\n\t<meta name=\"twitter:label2\" content=\"Tiempo de lectura\" \/>\n\t<meta name=\"twitter:data2\" content=\"2 minutos\" \/>\n<script type=\"application\/ld+json\" class=\"yoast-schema-graph\">{\"@context\":\"https:\\\/\\\/schema.org\",\"@graph\":[{\"@type\":\"Article\",\"@id\":\"https:\\\/\\\/www.laguiadepamplona.com\\\/actualidad\\\/la-casa-de-la-juventud-acoge-manana-la-presentacion-de-la-semana-de-accion-mundial-por-la-educacion-centrada-en-el-derecho-de-los-menores-con-necesidades-especiales\\\/#article\",\"isPartOf\":{\"@id\":\"https:\\\/\\\/www.laguiadepamplona.com\\\/actualidad\\\/la-casa-de-la-juventud-acoge-manana-la-presentacion-de-la-semana-de-accion-mundial-por-la-educacion-centrada-en-el-derecho-de-los-menores-con-necesidades-especiales\\\/\"},\"author\":{\"name\":\"La Gu\u00eda de Pamplona\",\"@id\":\"https:\\\/\\\/www.laguiadepamplona.com\\\/actualidad\\\/#\\\/schema\\\/person\\\/efe887376f0213d4657c93adc50b1fdb\"},\"headline\":\"La Casa de la Juventud acoge ma\u00f1ana la presentaci\u00f3n de la Semana de Acci\u00f3n Mundial por la Educaci\u00f3n, centrada en el derecho de los menores con necesidades especiales\",\"datePublished\":\"2014-02-12T12:22:46+00:00\",\"mainEntityOfPage\":{\"@id\":\"https:\\\/\\\/www.laguiadepamplona.com\\\/actualidad\\\/la-casa-de-la-juventud-acoge-manana-la-presentacion-de-la-semana-de-accion-mundial-por-la-educacion-centrada-en-el-derecho-de-los-menores-con-necesidades-especiales\\\/\"},\"wordCount\":517,\"commentCount\":0,\"publisher\":{\"@id\":\"https:\\\/\\\/www.laguiadepamplona.com\\\/actualidad\\\/#organization\"},\"image\":{\"@id\":\"https:\\\/\\\/www.laguiadepamplona.com\\\/actualidad\\\/la-casa-de-la-juventud-acoge-manana-la-presentacion-de-la-semana-de-accion-mundial-por-la-educacion-centrada-en-el-derecho-de-los-menores-con-necesidades-especiales\\\/#primaryimage\"},\"thumbnailUrl\":\"\",\"keywords\":[\"actualidad\",\"ayto pamplona\",\"casa juventud pamplona\",\"noticias\",\"pamplona\",\"Semana de Acci\u00f3n Mundial por la Educaci\u00f3n\"],\"articleSection\":[\"Ayto Pamplona\"],\"inLanguage\":\"es\",\"potentialAction\":[{\"@type\":\"CommentAction\",\"name\":\"Comment\",\"target\":[\"https:\\\/\\\/www.laguiadepamplona.com\\\/actualidad\\\/la-casa-de-la-juventud-acoge-manana-la-presentacion-de-la-semana-de-accion-mundial-por-la-educacion-centrada-en-el-derecho-de-los-menores-con-necesidades-especiales\\\/#respond\"]}]},{\"@type\":\"WebPage\",\"@id\":\"https:\\\/\\\/www.laguiadepamplona.com\\\/actualidad\\\/la-casa-de-la-juventud-acoge-manana-la-presentacion-de-la-semana-de-accion-mundial-por-la-educacion-centrada-en-el-derecho-de-los-menores-con-necesidades-especiales\\\/\",\"url\":\"https:\\\/\\\/www.laguiadepamplona.com\\\/actualidad\\\/la-casa-de-la-juventud-acoge-manana-la-presentacion-de-la-semana-de-accion-mundial-por-la-educacion-centrada-en-el-derecho-de-los-menores-con-necesidades-especiales\\\/\",\"name\":\"La Casa de la Juventud acoge ma\u00f1ana la presentaci\u00f3n de la Semana de Acci\u00f3n Mundial por la Educaci\u00f3n, centrada en el derecho de los menores con necesidades especiales\",\"isPartOf\":{\"@id\":\"https:\\\/\\\/www.laguiadepamplona.com\\\/actualidad\\\/#website\"},\"primaryImageOfPage\":{\"@id\":\"https:\\\/\\\/www.laguiadepamplona.com\\\/actualidad\\\/la-casa-de-la-juventud-acoge-manana-la-presentacion-de-la-semana-de-accion-mundial-por-la-educacion-centrada-en-el-derecho-de-los-menores-con-necesidades-especiales\\\/#primaryimage\"},\"image\":{\"@id\":\"https:\\\/\\\/www.laguiadepamplona.com\\\/actualidad\\\/la-casa-de-la-juventud-acoge-manana-la-presentacion-de-la-semana-de-accion-mundial-por-la-educacion-centrada-en-el-derecho-de-los-menores-con-necesidades-especiales\\\/#primaryimage\"},\"thumbnailUrl\":\"\",\"datePublished\":\"2014-02-12T12:22:46+00:00\",\"breadcrumb\":{\"@id\":\"https:\\\/\\\/www.laguiadepamplona.com\\\/actualidad\\\/la-casa-de-la-juventud-acoge-manana-la-presentacion-de-la-semana-de-accion-mundial-por-la-educacion-centrada-en-el-derecho-de-los-menores-con-necesidades-especiales\\\/#breadcrumb\"},\"inLanguage\":\"es\",\"potentialAction\":[{\"@type\":\"ReadAction\",\"target\":[\"https:\\\/\\\/www.laguiadepamplona.com\\\/actualidad\\\/la-casa-de-la-juventud-acoge-manana-la-presentacion-de-la-semana-de-accion-mundial-por-la-educacion-centrada-en-el-derecho-de-los-menores-con-necesidades-especiales\\\/\"]}]},{\"@type\":\"ImageObject\",\"inLanguage\":\"es\",\"@id\":\"https:\\\/\\\/www.laguiadepamplona.com\\\/actualidad\\\/la-casa-de-la-juventud-acoge-manana-la-presentacion-de-la-semana-de-accion-mundial-por-la-educacion-centrada-en-el-derecho-de-los-menores-con-necesidades-especiales\\\/#primaryimage\",\"url\":\"\",\"contentUrl\":\"\"},{\"@type\":\"BreadcrumbList\",\"@id\":\"https:\\\/\\\/www.laguiadepamplona.com\\\/actualidad\\\/la-casa-de-la-juventud-acoge-manana-la-presentacion-de-la-semana-de-accion-mundial-por-la-educacion-centrada-en-el-derecho-de-los-menores-con-necesidades-especiales\\\/#breadcrumb\",\"itemListElement\":[{\"@type\":\"ListItem\",\"position\":1,\"name\":\"Portada\",\"item\":\"https:\\\/\\\/www.laguiadepamplona.com\\\/actualidad\\\/\"},{\"@type\":\"ListItem\",\"position\":2,\"name\":\"La Casa de la Juventud acoge ma\u00f1ana la presentaci\u00f3n de la Semana de Acci\u00f3n Mundial por la Educaci\u00f3n, centrada en el derecho de los menores con necesidades especiales\"}]},{\"@type\":\"WebSite\",\"@id\":\"https:\\\/\\\/www.laguiadepamplona.com\\\/actualidad\\\/#website\",\"url\":\"https:\\\/\\\/www.laguiadepamplona.com\\\/actualidad\\\/\",\"name\":\"La gu\u00eda de Pamplona\",\"description\":\"Noticias de Pamplona\",\"publisher\":{\"@id\":\"https:\\\/\\\/www.laguiadepamplona.com\\\/actualidad\\\/#organization\"},\"potentialAction\":[{\"@type\":\"SearchAction\",\"target\":{\"@type\":\"EntryPoint\",\"urlTemplate\":\"https:\\\/\\\/www.laguiadepamplona.com\\\/actualidad\\\/?s={search_term_string}\"},\"query-input\":{\"@type\":\"PropertyValueSpecification\",\"valueRequired\":true,\"valueName\":\"search_term_string\"}}],\"inLanguage\":\"es\"},{\"@type\":\"Organization\",\"@id\":\"https:\\\/\\\/www.laguiadepamplona.com\\\/actualidad\\\/#organization\",\"name\":\"La Gu\u00eda de Pamplona \\\/ Noticias\",\"url\":\"https:\\\/\\\/www.laguiadepamplona.com\\\/actualidad\\\/\",\"logo\":{\"@type\":\"ImageObject\",\"inLanguage\":\"es\",\"@id\":\"https:\\\/\\\/www.laguiadepamplona.com\\\/actualidad\\\/#\\\/schema\\\/logo\\\/image\\\/\",\"url\":\"https:\\\/\\\/www.laguiadepamplona.com\\\/actualidad\\\/wp-content\\\/uploads\\\/2018\\\/11\\\/logo-laguiadepamplona18-web1.png\",\"contentUrl\":\"https:\\\/\\\/www.laguiadepamplona.com\\\/actualidad\\\/wp-content\\\/uploads\\\/2018\\\/11\\\/logo-laguiadepamplona18-web1.png\",\"width\":600,\"height\":196,\"caption\":\"La Gu\u00eda de Pamplona \\\/ Noticias\"},\"image\":{\"@id\":\"https:\\\/\\\/www.laguiadepamplona.com\\\/actualidad\\\/#\\\/schema\\\/logo\\\/image\\\/\"},\"sameAs\":[\"https:\\\/\\\/www.facebook.com\\\/laguiadepamplonacom-133175176762273\\\/?ref=hl\",\"https:\\\/\\\/x.com\\\/LaGuiadPamplona\",\"https:\\\/\\\/www.instagram.com\\\/la_guia_de_pamplona\\\/\",\"https:\\\/\\\/www.youtube.com\\\/user\\\/laguiadepamplona\"]},{\"@type\":\"Person\",\"@id\":\"https:\\\/\\\/www.laguiadepamplona.com\\\/actualidad\\\/#\\\/schema\\\/person\\\/efe887376f0213d4657c93adc50b1fdb\",\"name\":\"La Gu\u00eda de Pamplona\",\"image\":{\"@type\":\"ImageObject\",\"inLanguage\":\"es\",\"@id\":\"https:\\\/\\\/secure.gravatar.com\\\/avatar\\\/b6992f131dc8d30ab0dff15446e9d346d9dbd95992de0fef795073f5ea83a81c?s=96&d=mm&r=g\",\"url\":\"https:\\\/\\\/secure.gravatar.com\\\/avatar\\\/b6992f131dc8d30ab0dff15446e9d346d9dbd95992de0fef795073f5ea83a81c?s=96&d=mm&r=g\",\"contentUrl\":\"https:\\\/\\\/secure.gravatar.com\\\/avatar\\\/b6992f131dc8d30ab0dff15446e9d346d9dbd95992de0fef795073f5ea83a81c?s=96&d=mm&r=g\",\"caption\":\"La Gu\u00eda de Pamplona\"}}]}<\/script>\n<!-- \/ Yoast SEO plugin. -->","yoast_head_json":{"title":"La Casa de la Juventud acoge ma\u00f1ana la presentaci\u00f3n de la Semana de Acci\u00f3n Mundial por la Educaci\u00f3n, centrada en el derecho de los menores con necesidades especiales","robots":{"index":"index","follow":"follow","max-snippet":"max-snippet:-1","max-image-preview":"max-image-preview:large","max-video-preview":"max-video-preview:-1"},"canonical":"https:\/\/www.laguiadepamplona.com\/actualidad\/la-casa-de-la-juventud-acoge-manana-la-presentacion-de-la-semana-de-accion-mundial-por-la-educacion-centrada-en-el-derecho-de-los-menores-con-necesidades-especiales\/","og_locale":"es_ES","og_type":"article","og_title":"La Casa de la Juventud acoge ma\u00f1ana la presentaci\u00f3n de la Semana de Acci\u00f3n Mundial por la Educaci\u00f3n, centrada en el derecho de los menores con necesidades especiales","og_description":"La campa\u00f1a solicitara a centros educativos, ONG, asociaciones etc. que participen en un juego que tiene por objeto una reflexi\u00f3n sobre la inclusi\u00f3n La Casa de la Juventud acoger\u00e1 ma\u00f1ana...","og_url":"https:\/\/www.laguiadepamplona.com\/actualidad\/la-casa-de-la-juventud-acoge-manana-la-presentacion-de-la-semana-de-accion-mundial-por-la-educacion-centrada-en-el-derecho-de-los-menores-con-necesidades-especiales\/","og_site_name":"La Gu\u00eda de Pamplona","article_publisher":"https:\/\/www.facebook.com\/laguiadepamplonacom-133175176762273\/?ref=hl","article_published_time":"2014-02-12T12:22:46+00:00","author":"La Gu\u00eda de Pamplona","twitter_card":"summary_large_image","twitter_creator":"@LaGuiadPamplona","twitter_site":"@LaGuiadPamplona","twitter_misc":{"Escrito por":"La Gu\u00eda de Pamplona","Tiempo de lectura":"2 minutos"},"schema":{"@context":"https:\/\/schema.org","@graph":[{"@type":"Article","@id":"https:\/\/www.laguiadepamplona.com\/actualidad\/la-casa-de-la-juventud-acoge-manana-la-presentacion-de-la-semana-de-accion-mundial-por-la-educacion-centrada-en-el-derecho-de-los-menores-con-necesidades-especiales\/#article","isPartOf":{"@id":"https:\/\/www.laguiadepamplona.com\/actualidad\/la-casa-de-la-juventud-acoge-manana-la-presentacion-de-la-semana-de-accion-mundial-por-la-educacion-centrada-en-el-derecho-de-los-menores-con-necesidades-especiales\/"},"author":{"name":"La Gu\u00eda de Pamplona","@id":"https:\/\/www.laguiadepamplona.com\/actualidad\/#\/schema\/person\/efe887376f0213d4657c93adc50b1fdb"},"headline":"La Casa de la Juventud acoge ma\u00f1ana la presentaci\u00f3n de la Semana de Acci\u00f3n Mundial por la Educaci\u00f3n, centrada en el derecho de los menores con necesidades especiales","datePublished":"2014-02-12T12:22:46+00:00","mainEntityOfPage":{"@id":"https:\/\/www.laguiadepamplona.com\/actualidad\/la-casa-de-la-juventud-acoge-manana-la-presentacion-de-la-semana-de-accion-mundial-por-la-educacion-centrada-en-el-derecho-de-los-menores-con-necesidades-especiales\/"},"wordCount":517,"commentCount":0,"publisher":{"@id":"https:\/\/www.laguiadepamplona.com\/actualidad\/#organization"},"image":{"@id":"https:\/\/www.laguiadepamplona.com\/actualidad\/la-casa-de-la-juventud-acoge-manana-la-presentacion-de-la-semana-de-accion-mundial-por-la-educacion-centrada-en-el-derecho-de-los-menores-con-necesidades-especiales\/#primaryimage"},"thumbnailUrl":"","keywords":["actualidad","ayto pamplona","casa juventud pamplona","noticias","pamplona","Semana de Acci\u00f3n Mundial por la Educaci\u00f3n"],"articleSection":["Ayto Pamplona"],"inLanguage":"es","potentialAction":[{"@type":"CommentAction","name":"Comment","target":["https:\/\/www.laguiadepamplona.com\/actualidad\/la-casa-de-la-juventud-acoge-manana-la-presentacion-de-la-semana-de-accion-mundial-por-la-educacion-centrada-en-el-derecho-de-los-menores-con-necesidades-especiales\/#respond"]}]},{"@type":"WebPage","@id":"https:\/\/www.laguiadepamplona.com\/actualidad\/la-casa-de-la-juventud-acoge-manana-la-presentacion-de-la-semana-de-accion-mundial-por-la-educacion-centrada-en-el-derecho-de-los-menores-con-necesidades-especiales\/","url":"https:\/\/www.laguiadepamplona.com\/actualidad\/la-casa-de-la-juventud-acoge-manana-la-presentacion-de-la-semana-de-accion-mundial-por-la-educacion-centrada-en-el-derecho-de-los-menores-con-necesidades-especiales\/","name":"La Casa de la Juventud acoge ma\u00f1ana la presentaci\u00f3n de la Semana de Acci\u00f3n Mundial por la Educaci\u00f3n, centrada en el derecho de los menores con necesidades especiales","isPartOf":{"@id":"https:\/\/www.laguiadepamplona.com\/actualidad\/#website"},"primaryImageOfPage":{"@id":"https:\/\/www.laguiadepamplona.com\/actualidad\/la-casa-de-la-juventud-acoge-manana-la-presentacion-de-la-semana-de-accion-mundial-por-la-educacion-centrada-en-el-derecho-de-los-menores-con-necesidades-especiales\/#primaryimage"},"image":{"@id":"https:\/\/www.laguiadepamplona.com\/actualidad\/la-casa-de-la-juventud-acoge-manana-la-presentacion-de-la-semana-de-accion-mundial-por-la-educacion-centrada-en-el-derecho-de-los-menores-con-necesidades-especiales\/#primaryimage"},"thumbnailUrl":"","datePublished":"2014-02-12T12:22:46+00:00","breadcrumb":{"@id":"https:\/\/www.laguiadepamplona.com\/actualidad\/la-casa-de-la-juventud-acoge-manana-la-presentacion-de-la-semana-de-accion-mundial-por-la-educacion-centrada-en-el-derecho-de-los-menores-con-necesidades-especiales\/#breadcrumb"},"inLanguage":"es","potentialAction":[{"@type":"ReadAction","target":["https:\/\/www.laguiadepamplona.com\/actualidad\/la-casa-de-la-juventud-acoge-manana-la-presentacion-de-la-semana-de-accion-mundial-por-la-educacion-centrada-en-el-derecho-de-los-menores-con-necesidades-especiales\/"]}]},{"@type":"ImageObject","inLanguage":"es","@id":"https:\/\/www.laguiadepamplona.com\/actualidad\/la-casa-de-la-juventud-acoge-manana-la-presentacion-de-la-semana-de-accion-mundial-por-la-educacion-centrada-en-el-derecho-de-los-menores-con-necesidades-especiales\/#primaryimage","url":"","contentUrl":""},{"@type":"BreadcrumbList","@id":"https:\/\/www.laguiadepamplona.com\/actualidad\/la-casa-de-la-juventud-acoge-manana-la-presentacion-de-la-semana-de-accion-mundial-por-la-educacion-centrada-en-el-derecho-de-los-menores-con-necesidades-especiales\/#breadcrumb","itemListElement":[{"@type":"ListItem","position":1,"name":"Portada","item":"https:\/\/www.laguiadepamplona.com\/actualidad\/"},{"@type":"ListItem","position":2,"name":"La Casa de la Juventud acoge ma\u00f1ana la presentaci\u00f3n de la Semana de Acci\u00f3n Mundial por la Educaci\u00f3n, centrada en el derecho de los menores con necesidades especiales"}]},{"@type":"WebSite","@id":"https:\/\/www.laguiadepamplona.com\/actualidad\/#website","url":"https:\/\/www.laguiadepamplona.com\/actualidad\/","name":"La gu\u00eda de Pamplona","description":"Noticias de Pamplona","publisher":{"@id":"https:\/\/www.laguiadepamplona.com\/actualidad\/#organization"},"potentialAction":[{"@type":"SearchAction","target":{"@type":"EntryPoint","urlTemplate":"https:\/\/www.laguiadepamplona.com\/actualidad\/?s={search_term_string}"},"query-input":{"@type":"PropertyValueSpecification","valueRequired":true,"valueName":"search_term_string"}}],"inLanguage":"es"},{"@type":"Organization","@id":"https:\/\/www.laguiadepamplona.com\/actualidad\/#organization","name":"La Gu\u00eda de Pamplona \/ Noticias","url":"https:\/\/www.laguiadepamplona.com\/actualidad\/","logo":{"@type":"ImageObject","inLanguage":"es","@id":"https:\/\/www.laguiadepamplona.com\/actualidad\/#\/schema\/logo\/image\/","url":"https:\/\/www.laguiadepamplona.com\/actualidad\/wp-content\/uploads\/2018\/11\/logo-laguiadepamplona18-web1.png","contentUrl":"https:\/\/www.laguiadepamplona.com\/actualidad\/wp-content\/uploads\/2018\/11\/logo-laguiadepamplona18-web1.png","width":600,"height":196,"caption":"La Gu\u00eda de Pamplona \/ Noticias"},"image":{"@id":"https:\/\/www.laguiadepamplona.com\/actualidad\/#\/schema\/logo\/image\/"},"sameAs":["https:\/\/www.facebook.com\/laguiadepamplonacom-133175176762273\/?ref=hl","https:\/\/x.com\/LaGuiadPamplona","https:\/\/www.instagram.com\/la_guia_de_pamplona\/","https:\/\/www.youtube.com\/user\/laguiadepamplona"]},{"@type":"Person","@id":"https:\/\/www.laguiadepamplona.com\/actualidad\/#\/schema\/person\/efe887376f0213d4657c93adc50b1fdb","name":"La Gu\u00eda de Pamplona","image":{"@type":"ImageObject","inLanguage":"es","@id":"https:\/\/secure.gravatar.com\/avatar\/b6992f131dc8d30ab0dff15446e9d346d9dbd95992de0fef795073f5ea83a81c?s=96&d=mm&r=g","url":"https:\/\/secure.gravatar.com\/avatar\/b6992f131dc8d30ab0dff15446e9d346d9dbd95992de0fef795073f5ea83a81c?s=96&d=mm&r=g","contentUrl":"https:\/\/secure.gravatar.com\/avatar\/b6992f131dc8d30ab0dff15446e9d346d9dbd95992de0fef795073f5ea83a81c?s=96&d=mm&r=g","caption":"La Gu\u00eda de Pamplona"}}]}},"post_mailing_queue_ids":[],"_links":{"self":[{"href":"https:\/\/www.laguiadepamplona.com\/actualidad\/wp-json\/wp\/v2\/posts\/422","targetHints":{"allow":["GET"]}}],"collection":[{"href":"https:\/\/www.laguiadepamplona.com\/actualidad\/wp-json\/wp\/v2\/posts"}],"about":[{"href":"https:\/\/www.laguiadepamplona.com\/actualidad\/wp-json\/wp\/v2\/types\/post"}],"author":[{"embeddable":true,"href":"https:\/\/www.laguiadepamplona.com\/actualidad\/wp-json\/wp\/v2\/users\/1"}],"replies":[{"embeddable":true,"href":"https:\/\/www.laguiadepamplona.com\/actualidad\/wp-json\/wp\/v2\/comments?post=422"}],"version-history":[{"count":0,"href":"https:\/\/www.laguiadepamplona.com\/actualidad\/wp-json\/wp\/v2\/posts\/422\/revisions"}],"wp:featuredmedia":[{"embeddable":true,"href":"https:\/\/www.laguiadepamplona.com\/actualidad\/wp-json\/"}],"wp:attachment":[{"href":"https:\/\/www.laguiadepamplona.com\/actualidad\/wp-json\/wp\/v2\/media?parent=422"}],"wp:term":[{"taxonomy":"category","embeddable":true,"href":"https:\/\/www.laguiadepamplona.com\/actualidad\/wp-json\/wp\/v2\/categories?post=422"},{"taxonomy":"post_tag","embeddable":true,"href":"https:\/\/www.laguiadepamplona.com\/actualidad\/wp-json\/wp\/v2\/tags?post=422"}],"curies":[{"name":"wp","href":"https:\/\/api.w.org\/{rel}","templated":true}]}}