{"id":42198,"date":"2022-11-15T14:27:01","date_gmt":"2022-11-15T12:27:01","guid":{"rendered":"https:\/\/www.laguiadepamplona.com\/actualidad\/?p=42198"},"modified":"2023-04-11T11:47:35","modified_gmt":"2023-04-11T09:47:35","slug":"abierta-la-inscripcion-para-dos-talleres-gratuitos-para-mayores-de-65-anos-encaminados-a-mejorar-la-comunicacion-interpersonal-y-a-gestionar-el-estres","status":"publish","type":"post","link":"https:\/\/www.laguiadepamplona.com\/actualidad\/abierta-la-inscripcion-para-dos-talleres-gratuitos-para-mayores-de-65-anos-encaminados-a-mejorar-la-comunicacion-interpersonal-y-a-gestionar-el-estres\/","title":{"rendered":"Abierta la inscripci\u00f3n para dos talleres gratuitos para mayores de 65 a\u00f1os encaminados a mejorar la comunicaci\u00f3n interpersonal y a gestionar el estr\u00e9s"},"content":{"rendered":"<h5>Las actividades, organizadas por el Ayuntamiento en colaboraci\u00f3n con el Tel\u00e9fono de la Esperanza, se desarrollar\u00e1n en diciembre<\/h5>\n<p><!--more--><\/p>\n<p>El Ayuntamiento de Pamplona, junto con el Tel\u00e9fono de la Esperanza, ha organizado para el mes de diciembre dos talleres gratuitos dirigidos a mayores de 65 a\u00f1os en los que se les ofrecer\u00e1 herramientas para gestionar el estr\u00e9s y para mejorar la comunicaci\u00f3n interpersonal. Las personas interesadas pueden formalizar la inscripci\u00f3n a trav\u00e9s del tel\u00e9fono 948243040. Las plazas se asignar\u00e1n por orden de llamada.<br \/>\n<script async src=\"\/\/pagead2.googlesyndication.com\/pagead\/js\/adsbygoogle.js\"><\/script><br \/>\n<!-- Noticias La Guia de Pamplona --><br \/>\n<ins class=\"adsbygoogle\"\nstyle=\"display:block\"\ndata-ad-client=\"ca-pub-6943679897239327\"\ndata-ad-slot=\"7048180777\"\ndata-ad-format=\"auto\"><\/ins><br \/>\n<script>\n(adsbygoogle = window.adsbygoogle || []).push({});\n<\/script><\/p>\n<p>Ambas actividades se desarrollar\u00e1n los d\u00edas 12, 14, 19 y 21 de diciembre, en horario de ma\u00f1ana, de diez a doce. No obstante, el taller de gesti\u00f3n del estr\u00e9s se impartir\u00e1 en el Centro Convive Oskia, ubicado en la calle Virgen de Oskia, del barrio pamplon\u00e9s de San Juan; y la actividad sobre comunicaci\u00f3n interpersonal tendr\u00e1 lugar en el local San Juan Bosco, en el n\u00famero 15 de la calle del mismo nombre del barrio de Iturrama.<\/p>\n<p>Estos talleres, dirigidos a hombres y mujeres mayores de 65 a\u00f1os, forman parte del programa municipal \u2018Pamplona te cuida\u2019, en el que el Ayuntamiento a\u00fana las distintas herramientas y acciones que ofrece para la poblaci\u00f3n de m\u00e1s edad. Con el taller sobre la gesti\u00f3n del estr\u00e9s, se persigue que cada persona pueda conocerse un poco mejor a trav\u00e9s de una serie de preguntas a las que se buscar\u00e1 dar respuesta, como paso previo para gestionar mejor la ansiedad, el estr\u00e9s y los sentimientos. En este sentido, se plantear\u00e1n propuestas encaminadas a una mejor gesti\u00f3n del tiempo, t\u00e9cnicas de relajaci\u00f3n y an\u00e1lisis de los h\u00e1bitos para llevar una vida sana y saludable. Por su parte, en el taller para mejorar la comunicaci\u00f3n interpersonal, se abordar\u00e1n aspectos como el uso del lenguaje verbal y no verbal, y aquellos problemas que hacen que el mensaje no llegue al destinatario porque el emisor no se hace entender correctamente. En definitiva, se ofrecer\u00e1n t\u00e9cnicas para evitar malentendidos y problemas en la comunicaci\u00f3n.<br \/>\n<script async src=\"\/\/pagead2.googlesyndication.com\/pagead\/js\/adsbygoogle.js\"><\/script><br \/>\n<!-- Noticias La Guia de Pamplona --><br \/>\n<ins class=\"adsbygoogle\"\nstyle=\"display:block\"\ndata-ad-client=\"ca-pub-6943679897239327\"\ndata-ad-slot=\"7048180777\"\ndata-ad-format=\"auto\"><\/ins><br \/>\n<script>\n(adsbygoogle = window.adsbygoogle || []).push({});\n<\/script><\/p>\n<p>&nbsp;<\/p>\n<h3>Talleres Para Mayores de 65 a\u00f1os<\/h3>\n<ul>\n<li><strong>Mejorar la comunicaci\u00f3n interpersonal<\/strong>\n<ul>\n<li>Cu\u00e1ndo: los d\u00edas 12, 14, 19 y 21 de diciembre<\/li>\n<li>Horario: de 10.00 a 12.00<\/li>\n<li>D\u00f3nde: Local San Juan Bosco (calle San Juan Bosco, n\u00ba 15)<\/li>\n<\/ul>\n<\/li>\n<li><strong>Gestionar el estr\u00e9s<\/strong>\n<ul>\n<li>Cu\u00e1ndo: los d\u00edas 12, 14, 19 y 21 de diciembre<\/li>\n<li>Horario: de 10.00 a 12.00<\/li>\n<li>D\u00f3nde: Centro Convive Oskia (calle Virgen de Oskia s\/n)<\/li>\n<\/ul>\n<\/li>\n<li>INSCRIPCIONES:\n<ul>\n<li>En ambos casos, las inscripciones deben realizarse en el tel\u00e9fono 948243040, hasta completar aforo. Las plazas se asignar\u00e1n por orden de llamada<\/li>\n<\/ul>\n<\/li>\n<\/ul>\n<p>&nbsp;<br \/>\n[qodef_button size=\u00bblarge\u00bb type=\u00bb\u00bb text=\u00bbTaller gestion estres.pdf\u00bb custom_class=\u00bb\u00bb icon_pack=\u00bbfont_elegant\u00bb fa_icon=\u00bbicon_download\u00bb link=\u00bbhttps:\/\/www.pamplona.es\/sites\/default\/files\/2022-11\/221115tallergestionestres.pdf\u00bb target=\u00bb_blank\u00bb color=\u00bbffffff\u00bb hover_color=\u00bb\u00bb background_color=\u00bb\u00bb hover_background_color=\u00bb\u00bb border_color=\u00bb\u00bb hover_border_color=\u00bb\u00bb font_size=\u00bb\u00bb font_weight=\u00bb\u00bb margin=\u00bb\u00bb]\n","protected":false},"excerpt":{"rendered":"<p>Las actividades, organizadas por el Ayuntamiento en colaboraci\u00f3n con el Tel\u00e9fono de la Esperanza, se desarrollar\u00e1n en diciembre<\/p>\n","protected":false},"author":1,"featured_media":42199,"comment_status":"open","ping_status":"closed","sticky":false,"template":"","format":"standard","meta":{"footnotes":""},"categories":[2],"tags":[],"class_list":["post-42198","post","type-post","status-publish","format-standard","has-post-thumbnail","hentry","category-ayuntamiento-pamplona"],"yoast_head":"<!-- This site is optimized with the Yoast SEO plugin v27.3 - https:\/\/yoast.com\/product\/yoast-seo-wordpress\/ -->\n<title>Abierta la inscripci\u00f3n para dos talleres gratuitos para mayores de 65 a\u00f1os encaminados a mejorar la comunicaci\u00f3n interpersonal y a gestionar el estr\u00e9s<\/title>\n<meta name=\"description\" content=\"Las actividades, organizadas por el Ayuntamiento en colaboraci\u00f3n con el Tel\u00e9fono de la Esperanza, se desarrollar\u00e1n en diciembre\" \/>\n<meta name=\"robots\" content=\"index, follow, max-snippet:-1, max-image-preview:large, max-video-preview:-1\" \/>\n<link rel=\"canonical\" href=\"https:\/\/www.laguiadepamplona.com\/actualidad\/abierta-la-inscripcion-para-dos-talleres-gratuitos-para-mayores-de-65-anos-encaminados-a-mejorar-la-comunicacion-interpersonal-y-a-gestionar-el-estres\/\" \/>\n<meta property=\"og:locale\" content=\"es_ES\" \/>\n<meta property=\"og:type\" content=\"article\" \/>\n<meta property=\"og:title\" content=\"Abierta la inscripci\u00f3n para dos talleres gratuitos para mayores de 65 a\u00f1os encaminados a mejorar la comunicaci\u00f3n interpersonal y a gestionar el estr\u00e9s\" \/>\n<meta property=\"og:description\" content=\"Las actividades, organizadas por el Ayuntamiento en colaboraci\u00f3n con el Tel\u00e9fono de la Esperanza, se desarrollar\u00e1n en diciembre\" \/>\n<meta property=\"og:url\" content=\"https:\/\/www.laguiadepamplona.com\/actualidad\/abierta-la-inscripcion-para-dos-talleres-gratuitos-para-mayores-de-65-anos-encaminados-a-mejorar-la-comunicacion-interpersonal-y-a-gestionar-el-estres\/\" \/>\n<meta property=\"og:site_name\" content=\"La Gu\u00eda de Pamplona\" \/>\n<meta property=\"article:publisher\" content=\"https:\/\/www.facebook.com\/laguiadepamplonacom-133175176762273\/?ref=hl\" \/>\n<meta property=\"article:published_time\" content=\"2022-11-15T12:27:01+00:00\" \/>\n<meta property=\"article:modified_time\" content=\"2023-04-11T09:47:35+00:00\" \/>\n<meta property=\"og:image\" content=\"https:\/\/www.laguiadepamplona.com\/actualidad\/wp-content\/uploads\/2022\/11\/221115tallergestionestres-1.webp\" \/>\n\t<meta property=\"og:image:width\" content=\"1920\" \/>\n\t<meta property=\"og:image:height\" content=\"1425\" \/>\n\t<meta property=\"og:image:type\" content=\"image\/webp\" \/>\n<meta name=\"author\" content=\"La Gu\u00eda de Pamplona\" \/>\n<meta name=\"twitter:card\" content=\"summary_large_image\" \/>\n<meta name=\"twitter:creator\" content=\"@LaGuiadPamplona\" \/>\n<meta name=\"twitter:site\" content=\"@LaGuiadPamplona\" \/>\n<meta name=\"twitter:label1\" content=\"Escrito por\" \/>\n\t<meta name=\"twitter:data1\" content=\"La Gu\u00eda de Pamplona\" \/>\n\t<meta name=\"twitter:label2\" content=\"Tiempo de lectura\" \/>\n\t<meta name=\"twitter:data2\" content=\"2 minutos\" \/>\n<script type=\"application\/ld+json\" class=\"yoast-schema-graph\">{\"@context\":\"https:\\\/\\\/schema.org\",\"@graph\":[{\"@type\":\"Article\",\"@id\":\"https:\\\/\\\/www.laguiadepamplona.com\\\/actualidad\\\/abierta-la-inscripcion-para-dos-talleres-gratuitos-para-mayores-de-65-anos-encaminados-a-mejorar-la-comunicacion-interpersonal-y-a-gestionar-el-estres\\\/#article\",\"isPartOf\":{\"@id\":\"https:\\\/\\\/www.laguiadepamplona.com\\\/actualidad\\\/abierta-la-inscripcion-para-dos-talleres-gratuitos-para-mayores-de-65-anos-encaminados-a-mejorar-la-comunicacion-interpersonal-y-a-gestionar-el-estres\\\/\"},\"author\":{\"name\":\"La Gu\u00eda de Pamplona\",\"@id\":\"https:\\\/\\\/www.laguiadepamplona.com\\\/actualidad\\\/#\\\/schema\\\/person\\\/efe887376f0213d4657c93adc50b1fdb\"},\"headline\":\"Abierta la inscripci\u00f3n para dos talleres gratuitos para mayores de 65 a\u00f1os encaminados a mejorar la comunicaci\u00f3n interpersonal y a gestionar el estr\u00e9s\",\"datePublished\":\"2022-11-15T12:27:01+00:00\",\"dateModified\":\"2023-04-11T09:47:35+00:00\",\"mainEntityOfPage\":{\"@id\":\"https:\\\/\\\/www.laguiadepamplona.com\\\/actualidad\\\/abierta-la-inscripcion-para-dos-talleres-gratuitos-para-mayores-de-65-anos-encaminados-a-mejorar-la-comunicacion-interpersonal-y-a-gestionar-el-estres\\\/\"},\"wordCount\":519,\"commentCount\":0,\"publisher\":{\"@id\":\"https:\\\/\\\/www.laguiadepamplona.com\\\/actualidad\\\/#organization\"},\"image\":{\"@id\":\"https:\\\/\\\/www.laguiadepamplona.com\\\/actualidad\\\/abierta-la-inscripcion-para-dos-talleres-gratuitos-para-mayores-de-65-anos-encaminados-a-mejorar-la-comunicacion-interpersonal-y-a-gestionar-el-estres\\\/#primaryimage\"},\"thumbnailUrl\":\"https:\\\/\\\/www.laguiadepamplona.com\\\/actualidad\\\/wp-content\\\/uploads\\\/2022\\\/11\\\/221115tallergestionestres-1.webp\",\"articleSection\":[\"Ayto Pamplona\"],\"inLanguage\":\"es\",\"potentialAction\":[{\"@type\":\"CommentAction\",\"name\":\"Comment\",\"target\":[\"https:\\\/\\\/www.laguiadepamplona.com\\\/actualidad\\\/abierta-la-inscripcion-para-dos-talleres-gratuitos-para-mayores-de-65-anos-encaminados-a-mejorar-la-comunicacion-interpersonal-y-a-gestionar-el-estres\\\/#respond\"]}]},{\"@type\":\"WebPage\",\"@id\":\"https:\\\/\\\/www.laguiadepamplona.com\\\/actualidad\\\/abierta-la-inscripcion-para-dos-talleres-gratuitos-para-mayores-de-65-anos-encaminados-a-mejorar-la-comunicacion-interpersonal-y-a-gestionar-el-estres\\\/\",\"url\":\"https:\\\/\\\/www.laguiadepamplona.com\\\/actualidad\\\/abierta-la-inscripcion-para-dos-talleres-gratuitos-para-mayores-de-65-anos-encaminados-a-mejorar-la-comunicacion-interpersonal-y-a-gestionar-el-estres\\\/\",\"name\":\"Abierta la inscripci\u00f3n para dos talleres gratuitos para mayores de 65 a\u00f1os encaminados a mejorar la comunicaci\u00f3n interpersonal y a gestionar el estr\u00e9s\",\"isPartOf\":{\"@id\":\"https:\\\/\\\/www.laguiadepamplona.com\\\/actualidad\\\/#website\"},\"primaryImageOfPage\":{\"@id\":\"https:\\\/\\\/www.laguiadepamplona.com\\\/actualidad\\\/abierta-la-inscripcion-para-dos-talleres-gratuitos-para-mayores-de-65-anos-encaminados-a-mejorar-la-comunicacion-interpersonal-y-a-gestionar-el-estres\\\/#primaryimage\"},\"image\":{\"@id\":\"https:\\\/\\\/www.laguiadepamplona.com\\\/actualidad\\\/abierta-la-inscripcion-para-dos-talleres-gratuitos-para-mayores-de-65-anos-encaminados-a-mejorar-la-comunicacion-interpersonal-y-a-gestionar-el-estres\\\/#primaryimage\"},\"thumbnailUrl\":\"https:\\\/\\\/www.laguiadepamplona.com\\\/actualidad\\\/wp-content\\\/uploads\\\/2022\\\/11\\\/221115tallergestionestres-1.webp\",\"datePublished\":\"2022-11-15T12:27:01+00:00\",\"dateModified\":\"2023-04-11T09:47:35+00:00\",\"description\":\"Las actividades, organizadas por el Ayuntamiento en colaboraci\u00f3n con el Tel\u00e9fono de la Esperanza, se desarrollar\u00e1n en diciembre\",\"breadcrumb\":{\"@id\":\"https:\\\/\\\/www.laguiadepamplona.com\\\/actualidad\\\/abierta-la-inscripcion-para-dos-talleres-gratuitos-para-mayores-de-65-anos-encaminados-a-mejorar-la-comunicacion-interpersonal-y-a-gestionar-el-estres\\\/#breadcrumb\"},\"inLanguage\":\"es\",\"potentialAction\":[{\"@type\":\"ReadAction\",\"target\":[\"https:\\\/\\\/www.laguiadepamplona.com\\\/actualidad\\\/abierta-la-inscripcion-para-dos-talleres-gratuitos-para-mayores-de-65-anos-encaminados-a-mejorar-la-comunicacion-interpersonal-y-a-gestionar-el-estres\\\/\"]}]},{\"@type\":\"ImageObject\",\"inLanguage\":\"es\",\"@id\":\"https:\\\/\\\/www.laguiadepamplona.com\\\/actualidad\\\/abierta-la-inscripcion-para-dos-talleres-gratuitos-para-mayores-de-65-anos-encaminados-a-mejorar-la-comunicacion-interpersonal-y-a-gestionar-el-estres\\\/#primaryimage\",\"url\":\"https:\\\/\\\/www.laguiadepamplona.com\\\/actualidad\\\/wp-content\\\/uploads\\\/2022\\\/11\\\/221115tallergestionestres-1.webp\",\"contentUrl\":\"https:\\\/\\\/www.laguiadepamplona.com\\\/actualidad\\\/wp-content\\\/uploads\\\/2022\\\/11\\\/221115tallergestionestres-1.webp\",\"width\":1920,\"height\":1425},{\"@type\":\"BreadcrumbList\",\"@id\":\"https:\\\/\\\/www.laguiadepamplona.com\\\/actualidad\\\/abierta-la-inscripcion-para-dos-talleres-gratuitos-para-mayores-de-65-anos-encaminados-a-mejorar-la-comunicacion-interpersonal-y-a-gestionar-el-estres\\\/#breadcrumb\",\"itemListElement\":[{\"@type\":\"ListItem\",\"position\":1,\"name\":\"Portada\",\"item\":\"https:\\\/\\\/www.laguiadepamplona.com\\\/actualidad\\\/\"},{\"@type\":\"ListItem\",\"position\":2,\"name\":\"Abierta la inscripci\u00f3n para dos talleres gratuitos para mayores de 65 a\u00f1os encaminados a mejorar la comunicaci\u00f3n interpersonal y a gestionar el estr\u00e9s\"}]},{\"@type\":\"WebSite\",\"@id\":\"https:\\\/\\\/www.laguiadepamplona.com\\\/actualidad\\\/#website\",\"url\":\"https:\\\/\\\/www.laguiadepamplona.com\\\/actualidad\\\/\",\"name\":\"La gu\u00eda de Pamplona\",\"description\":\"Noticias de Pamplona\",\"publisher\":{\"@id\":\"https:\\\/\\\/www.laguiadepamplona.com\\\/actualidad\\\/#organization\"},\"potentialAction\":[{\"@type\":\"SearchAction\",\"target\":{\"@type\":\"EntryPoint\",\"urlTemplate\":\"https:\\\/\\\/www.laguiadepamplona.com\\\/actualidad\\\/?s={search_term_string}\"},\"query-input\":{\"@type\":\"PropertyValueSpecification\",\"valueRequired\":true,\"valueName\":\"search_term_string\"}}],\"inLanguage\":\"es\"},{\"@type\":\"Organization\",\"@id\":\"https:\\\/\\\/www.laguiadepamplona.com\\\/actualidad\\\/#organization\",\"name\":\"La Gu\u00eda de Pamplona \\\/ Noticias\",\"url\":\"https:\\\/\\\/www.laguiadepamplona.com\\\/actualidad\\\/\",\"logo\":{\"@type\":\"ImageObject\",\"inLanguage\":\"es\",\"@id\":\"https:\\\/\\\/www.laguiadepamplona.com\\\/actualidad\\\/#\\\/schema\\\/logo\\\/image\\\/\",\"url\":\"https:\\\/\\\/www.laguiadepamplona.com\\\/actualidad\\\/wp-content\\\/uploads\\\/2018\\\/11\\\/logo-laguiadepamplona18-web1.png\",\"contentUrl\":\"https:\\\/\\\/www.laguiadepamplona.com\\\/actualidad\\\/wp-content\\\/uploads\\\/2018\\\/11\\\/logo-laguiadepamplona18-web1.png\",\"width\":600,\"height\":196,\"caption\":\"La Gu\u00eda de Pamplona \\\/ Noticias\"},\"image\":{\"@id\":\"https:\\\/\\\/www.laguiadepamplona.com\\\/actualidad\\\/#\\\/schema\\\/logo\\\/image\\\/\"},\"sameAs\":[\"https:\\\/\\\/www.facebook.com\\\/laguiadepamplonacom-133175176762273\\\/?ref=hl\",\"https:\\\/\\\/x.com\\\/LaGuiadPamplona\",\"https:\\\/\\\/www.instagram.com\\\/la_guia_de_pamplona\\\/\",\"https:\\\/\\\/www.youtube.com\\\/user\\\/laguiadepamplona\"]},{\"@type\":\"Person\",\"@id\":\"https:\\\/\\\/www.laguiadepamplona.com\\\/actualidad\\\/#\\\/schema\\\/person\\\/efe887376f0213d4657c93adc50b1fdb\",\"name\":\"La Gu\u00eda de Pamplona\",\"image\":{\"@type\":\"ImageObject\",\"inLanguage\":\"es\",\"@id\":\"https:\\\/\\\/secure.gravatar.com\\\/avatar\\\/b6992f131dc8d30ab0dff15446e9d346d9dbd95992de0fef795073f5ea83a81c?s=96&d=mm&r=g\",\"url\":\"https:\\\/\\\/secure.gravatar.com\\\/avatar\\\/b6992f131dc8d30ab0dff15446e9d346d9dbd95992de0fef795073f5ea83a81c?s=96&d=mm&r=g\",\"contentUrl\":\"https:\\\/\\\/secure.gravatar.com\\\/avatar\\\/b6992f131dc8d30ab0dff15446e9d346d9dbd95992de0fef795073f5ea83a81c?s=96&d=mm&r=g\",\"caption\":\"La Gu\u00eda de Pamplona\"}}]}<\/script>\n<!-- \/ Yoast SEO plugin. -->","yoast_head_json":{"title":"Abierta la inscripci\u00f3n para dos talleres gratuitos para mayores de 65 a\u00f1os encaminados a mejorar la comunicaci\u00f3n interpersonal y a gestionar el estr\u00e9s","description":"Las actividades, organizadas por el Ayuntamiento en colaboraci\u00f3n con el Tel\u00e9fono de la Esperanza, se desarrollar\u00e1n en diciembre","robots":{"index":"index","follow":"follow","max-snippet":"max-snippet:-1","max-image-preview":"max-image-preview:large","max-video-preview":"max-video-preview:-1"},"canonical":"https:\/\/www.laguiadepamplona.com\/actualidad\/abierta-la-inscripcion-para-dos-talleres-gratuitos-para-mayores-de-65-anos-encaminados-a-mejorar-la-comunicacion-interpersonal-y-a-gestionar-el-estres\/","og_locale":"es_ES","og_type":"article","og_title":"Abierta la inscripci\u00f3n para dos talleres gratuitos para mayores de 65 a\u00f1os encaminados a mejorar la comunicaci\u00f3n interpersonal y a gestionar el estr\u00e9s","og_description":"Las actividades, organizadas por el Ayuntamiento en colaboraci\u00f3n con el Tel\u00e9fono de la Esperanza, se desarrollar\u00e1n en diciembre","og_url":"https:\/\/www.laguiadepamplona.com\/actualidad\/abierta-la-inscripcion-para-dos-talleres-gratuitos-para-mayores-de-65-anos-encaminados-a-mejorar-la-comunicacion-interpersonal-y-a-gestionar-el-estres\/","og_site_name":"La Gu\u00eda de Pamplona","article_publisher":"https:\/\/www.facebook.com\/laguiadepamplonacom-133175176762273\/?ref=hl","article_published_time":"2022-11-15T12:27:01+00:00","article_modified_time":"2023-04-11T09:47:35+00:00","og_image":[{"width":1920,"height":1425,"url":"https:\/\/www.laguiadepamplona.com\/actualidad\/wp-content\/uploads\/2022\/11\/221115tallergestionestres-1.webp","type":"image\/webp"}],"author":"La Gu\u00eda de Pamplona","twitter_card":"summary_large_image","twitter_creator":"@LaGuiadPamplona","twitter_site":"@LaGuiadPamplona","twitter_misc":{"Escrito por":"La Gu\u00eda de Pamplona","Tiempo de lectura":"2 minutos"},"schema":{"@context":"https:\/\/schema.org","@graph":[{"@type":"Article","@id":"https:\/\/www.laguiadepamplona.com\/actualidad\/abierta-la-inscripcion-para-dos-talleres-gratuitos-para-mayores-de-65-anos-encaminados-a-mejorar-la-comunicacion-interpersonal-y-a-gestionar-el-estres\/#article","isPartOf":{"@id":"https:\/\/www.laguiadepamplona.com\/actualidad\/abierta-la-inscripcion-para-dos-talleres-gratuitos-para-mayores-de-65-anos-encaminados-a-mejorar-la-comunicacion-interpersonal-y-a-gestionar-el-estres\/"},"author":{"name":"La Gu\u00eda de Pamplona","@id":"https:\/\/www.laguiadepamplona.com\/actualidad\/#\/schema\/person\/efe887376f0213d4657c93adc50b1fdb"},"headline":"Abierta la inscripci\u00f3n para dos talleres gratuitos para mayores de 65 a\u00f1os encaminados a mejorar la comunicaci\u00f3n interpersonal y a gestionar el estr\u00e9s","datePublished":"2022-11-15T12:27:01+00:00","dateModified":"2023-04-11T09:47:35+00:00","mainEntityOfPage":{"@id":"https:\/\/www.laguiadepamplona.com\/actualidad\/abierta-la-inscripcion-para-dos-talleres-gratuitos-para-mayores-de-65-anos-encaminados-a-mejorar-la-comunicacion-interpersonal-y-a-gestionar-el-estres\/"},"wordCount":519,"commentCount":0,"publisher":{"@id":"https:\/\/www.laguiadepamplona.com\/actualidad\/#organization"},"image":{"@id":"https:\/\/www.laguiadepamplona.com\/actualidad\/abierta-la-inscripcion-para-dos-talleres-gratuitos-para-mayores-de-65-anos-encaminados-a-mejorar-la-comunicacion-interpersonal-y-a-gestionar-el-estres\/#primaryimage"},"thumbnailUrl":"https:\/\/www.laguiadepamplona.com\/actualidad\/wp-content\/uploads\/2022\/11\/221115tallergestionestres-1.webp","articleSection":["Ayto Pamplona"],"inLanguage":"es","potentialAction":[{"@type":"CommentAction","name":"Comment","target":["https:\/\/www.laguiadepamplona.com\/actualidad\/abierta-la-inscripcion-para-dos-talleres-gratuitos-para-mayores-de-65-anos-encaminados-a-mejorar-la-comunicacion-interpersonal-y-a-gestionar-el-estres\/#respond"]}]},{"@type":"WebPage","@id":"https:\/\/www.laguiadepamplona.com\/actualidad\/abierta-la-inscripcion-para-dos-talleres-gratuitos-para-mayores-de-65-anos-encaminados-a-mejorar-la-comunicacion-interpersonal-y-a-gestionar-el-estres\/","url":"https:\/\/www.laguiadepamplona.com\/actualidad\/abierta-la-inscripcion-para-dos-talleres-gratuitos-para-mayores-de-65-anos-encaminados-a-mejorar-la-comunicacion-interpersonal-y-a-gestionar-el-estres\/","name":"Abierta la inscripci\u00f3n para dos talleres gratuitos para mayores de 65 a\u00f1os encaminados a mejorar la comunicaci\u00f3n interpersonal y a gestionar el estr\u00e9s","isPartOf":{"@id":"https:\/\/www.laguiadepamplona.com\/actualidad\/#website"},"primaryImageOfPage":{"@id":"https:\/\/www.laguiadepamplona.com\/actualidad\/abierta-la-inscripcion-para-dos-talleres-gratuitos-para-mayores-de-65-anos-encaminados-a-mejorar-la-comunicacion-interpersonal-y-a-gestionar-el-estres\/#primaryimage"},"image":{"@id":"https:\/\/www.laguiadepamplona.com\/actualidad\/abierta-la-inscripcion-para-dos-talleres-gratuitos-para-mayores-de-65-anos-encaminados-a-mejorar-la-comunicacion-interpersonal-y-a-gestionar-el-estres\/#primaryimage"},"thumbnailUrl":"https:\/\/www.laguiadepamplona.com\/actualidad\/wp-content\/uploads\/2022\/11\/221115tallergestionestres-1.webp","datePublished":"2022-11-15T12:27:01+00:00","dateModified":"2023-04-11T09:47:35+00:00","description":"Las actividades, organizadas por el Ayuntamiento en colaboraci\u00f3n con el Tel\u00e9fono de la Esperanza, se desarrollar\u00e1n en diciembre","breadcrumb":{"@id":"https:\/\/www.laguiadepamplona.com\/actualidad\/abierta-la-inscripcion-para-dos-talleres-gratuitos-para-mayores-de-65-anos-encaminados-a-mejorar-la-comunicacion-interpersonal-y-a-gestionar-el-estres\/#breadcrumb"},"inLanguage":"es","potentialAction":[{"@type":"ReadAction","target":["https:\/\/www.laguiadepamplona.com\/actualidad\/abierta-la-inscripcion-para-dos-talleres-gratuitos-para-mayores-de-65-anos-encaminados-a-mejorar-la-comunicacion-interpersonal-y-a-gestionar-el-estres\/"]}]},{"@type":"ImageObject","inLanguage":"es","@id":"https:\/\/www.laguiadepamplona.com\/actualidad\/abierta-la-inscripcion-para-dos-talleres-gratuitos-para-mayores-de-65-anos-encaminados-a-mejorar-la-comunicacion-interpersonal-y-a-gestionar-el-estres\/#primaryimage","url":"https:\/\/www.laguiadepamplona.com\/actualidad\/wp-content\/uploads\/2022\/11\/221115tallergestionestres-1.webp","contentUrl":"https:\/\/www.laguiadepamplona.com\/actualidad\/wp-content\/uploads\/2022\/11\/221115tallergestionestres-1.webp","width":1920,"height":1425},{"@type":"BreadcrumbList","@id":"https:\/\/www.laguiadepamplona.com\/actualidad\/abierta-la-inscripcion-para-dos-talleres-gratuitos-para-mayores-de-65-anos-encaminados-a-mejorar-la-comunicacion-interpersonal-y-a-gestionar-el-estres\/#breadcrumb","itemListElement":[{"@type":"ListItem","position":1,"name":"Portada","item":"https:\/\/www.laguiadepamplona.com\/actualidad\/"},{"@type":"ListItem","position":2,"name":"Abierta la inscripci\u00f3n para dos talleres gratuitos para mayores de 65 a\u00f1os encaminados a mejorar la comunicaci\u00f3n interpersonal y a gestionar el estr\u00e9s"}]},{"@type":"WebSite","@id":"https:\/\/www.laguiadepamplona.com\/actualidad\/#website","url":"https:\/\/www.laguiadepamplona.com\/actualidad\/","name":"La gu\u00eda de Pamplona","description":"Noticias de Pamplona","publisher":{"@id":"https:\/\/www.laguiadepamplona.com\/actualidad\/#organization"},"potentialAction":[{"@type":"SearchAction","target":{"@type":"EntryPoint","urlTemplate":"https:\/\/www.laguiadepamplona.com\/actualidad\/?s={search_term_string}"},"query-input":{"@type":"PropertyValueSpecification","valueRequired":true,"valueName":"search_term_string"}}],"inLanguage":"es"},{"@type":"Organization","@id":"https:\/\/www.laguiadepamplona.com\/actualidad\/#organization","name":"La Gu\u00eda de Pamplona \/ Noticias","url":"https:\/\/www.laguiadepamplona.com\/actualidad\/","logo":{"@type":"ImageObject","inLanguage":"es","@id":"https:\/\/www.laguiadepamplona.com\/actualidad\/#\/schema\/logo\/image\/","url":"https:\/\/www.laguiadepamplona.com\/actualidad\/wp-content\/uploads\/2018\/11\/logo-laguiadepamplona18-web1.png","contentUrl":"https:\/\/www.laguiadepamplona.com\/actualidad\/wp-content\/uploads\/2018\/11\/logo-laguiadepamplona18-web1.png","width":600,"height":196,"caption":"La Gu\u00eda de Pamplona \/ Noticias"},"image":{"@id":"https:\/\/www.laguiadepamplona.com\/actualidad\/#\/schema\/logo\/image\/"},"sameAs":["https:\/\/www.facebook.com\/laguiadepamplonacom-133175176762273\/?ref=hl","https:\/\/x.com\/LaGuiadPamplona","https:\/\/www.instagram.com\/la_guia_de_pamplona\/","https:\/\/www.youtube.com\/user\/laguiadepamplona"]},{"@type":"Person","@id":"https:\/\/www.laguiadepamplona.com\/actualidad\/#\/schema\/person\/efe887376f0213d4657c93adc50b1fdb","name":"La Gu\u00eda de Pamplona","image":{"@type":"ImageObject","inLanguage":"es","@id":"https:\/\/secure.gravatar.com\/avatar\/b6992f131dc8d30ab0dff15446e9d346d9dbd95992de0fef795073f5ea83a81c?s=96&d=mm&r=g","url":"https:\/\/secure.gravatar.com\/avatar\/b6992f131dc8d30ab0dff15446e9d346d9dbd95992de0fef795073f5ea83a81c?s=96&d=mm&r=g","contentUrl":"https:\/\/secure.gravatar.com\/avatar\/b6992f131dc8d30ab0dff15446e9d346d9dbd95992de0fef795073f5ea83a81c?s=96&d=mm&r=g","caption":"La Gu\u00eda de Pamplona"}}]}},"post_mailing_queue_ids":[],"_links":{"self":[{"href":"https:\/\/www.laguiadepamplona.com\/actualidad\/wp-json\/wp\/v2\/posts\/42198","targetHints":{"allow":["GET"]}}],"collection":[{"href":"https:\/\/www.laguiadepamplona.com\/actualidad\/wp-json\/wp\/v2\/posts"}],"about":[{"href":"https:\/\/www.laguiadepamplona.com\/actualidad\/wp-json\/wp\/v2\/types\/post"}],"author":[{"embeddable":true,"href":"https:\/\/www.laguiadepamplona.com\/actualidad\/wp-json\/wp\/v2\/users\/1"}],"replies":[{"embeddable":true,"href":"https:\/\/www.laguiadepamplona.com\/actualidad\/wp-json\/wp\/v2\/comments?post=42198"}],"version-history":[{"count":0,"href":"https:\/\/www.laguiadepamplona.com\/actualidad\/wp-json\/wp\/v2\/posts\/42198\/revisions"}],"wp:featuredmedia":[{"embeddable":true,"href":"https:\/\/www.laguiadepamplona.com\/actualidad\/wp-json\/wp\/v2\/media\/42199"}],"wp:attachment":[{"href":"https:\/\/www.laguiadepamplona.com\/actualidad\/wp-json\/wp\/v2\/media?parent=42198"}],"wp:term":[{"taxonomy":"category","embeddable":true,"href":"https:\/\/www.laguiadepamplona.com\/actualidad\/wp-json\/wp\/v2\/categories?post=42198"},{"taxonomy":"post_tag","embeddable":true,"href":"https:\/\/www.laguiadepamplona.com\/actualidad\/wp-json\/wp\/v2\/tags?post=42198"}],"curies":[{"name":"wp","href":"https:\/\/api.w.org\/{rel}","templated":true}]}}