{"id":42190,"date":"2022-11-14T17:12:50","date_gmt":"2022-11-14T15:12:50","guid":{"rendered":"https:\/\/www.laguiadepamplona.com\/actualidad\/?p=42190"},"modified":"2023-04-11T11:47:35","modified_gmt":"2023-04-11T09:47:35","slug":"cuatro-calles-del-barrio-de-txantrea-contaran-con-senalizacion-horizontal-para-mejorar-la-seguridad-de-ciclistas-en-la-calzada","status":"publish","type":"post","link":"https:\/\/www.laguiadepamplona.com\/actualidad\/cuatro-calles-del-barrio-de-txantrea-contaran-con-senalizacion-horizontal-para-mejorar-la-seguridad-de-ciclistas-en-la-calzada\/","title":{"rendered":"Cuatro calles del barrio de Txantrea contar\u00e1n con se\u00f1alizaci\u00f3n horizontal para mejorar la seguridad de ciclistas en la calzada"},"content":{"rendered":"<h5>El Ayuntamiento intervendr\u00e1 en las calles San Crist\u00f3bal, Lumbier, Mendigorr\u00eda y el tramo de la calle Magdalena sin carril bici segregado<\/h5>\n<p><!--more--><\/p>\n<p>El Ayuntamiento de Pamplona mejorar\u00e1 la seguridad de las personas ciclistas en el barrio de la Txantrea mediante el pintado de se\u00f1alizaci\u00f3n horizontal en varias de las calles que, a d\u00eda de hoy, carecen de carril bici segregado. En los pr\u00f3ximos d\u00edas, cuando las condiciones climatol\u00f3gicas lo permitan, se proceder\u00e1 al pintado de se\u00f1alizaci\u00f3n horizontal en las calles Lumbier, Mendigorr\u00eda y San Crist\u00f3bal. Asimismo, se actuar\u00e1 sobre el tramo de la calle Magdalena entre San Cristobal y Alemanes, hasta la conexi\u00f3n con el carril bici existente. La decisi\u00f3n ha sido presentada hoy en la Junta de Movilidad.<br \/>\n<script async src=\"\/\/pagead2.googlesyndication.com\/pagead\/js\/adsbygoogle.js\"><\/script><br \/>\n<!-- Noticias La Guia de Pamplona --><br \/>\n<ins class=\"adsbygoogle\"\nstyle=\"display:block\"\ndata-ad-client=\"ca-pub-6943679897239327\"\ndata-ad-slot=\"7048180777\"\ndata-ad-format=\"auto\"><\/ins><br \/>\n<script>\n(adsbygoogle = window.adsbygoogle || []).push({});\n<\/script><\/p>\n<p>Estas calles carecen de infraestructura ciclista segregada, por lo que, tal y como se recoge en la Ordenanza de Movilidad, las personas ciclistas deben circular por la zona central de la calzada. Estas v\u00edas tienen la velocidad limitada a 30 kil\u00f3metros por hora, precisamente para garantizar la seguridad. Con el pintado horizontal de la se\u00f1alizaci\u00f3n, el Consistorio busca reforzar una correcta circulaci\u00f3n en la v\u00eda.<\/p>\n<p>La se\u00f1alizaci\u00f3n permitir\u00e1 delimitar el espacio por el que deben circular los ciclistas, por la zona central del carril, con el dibujo de una bicicleta entre l\u00edneas discontinuas. De esta forma, los conductores de veh\u00edculos ser\u00e1n conscientes de que es \u00e9se el espacio que deben ocupar los ciclistas en la calzada, y no el lateral, ante el riesgo de ca\u00edda por la apertura de puertas de coches o las maniobras de aparcamiento. Esta actuaci\u00f3n, unido a la limitaci\u00f3n de la velocidad a 30 kil\u00f3metros por hora, busca lograr un calmado de tr\u00e1fico en el barrio, que se caracteriza por una densidad de tr\u00e1fico importante en calles de un \u00fanico carril por sentido de la marcha en la mayor\u00eda de los casos.<\/p>\n","protected":false},"excerpt":{"rendered":"<p>El Ayuntamiento intervendr\u00e1 en las calles San Crist\u00f3bal, Lumbier, Mendigorr\u00eda y el tramo de la calle Magdalena sin carril bici segregado<\/p>\n","protected":false},"author":1,"featured_media":42191,"comment_status":"open","ping_status":"closed","sticky":false,"template":"","format":"standard","meta":{"footnotes":""},"categories":[2],"tags":[],"class_list":["post-42190","post","type-post","status-publish","format-standard","has-post-thumbnail","hentry","category-ayuntamiento-pamplona"],"yoast_head":"<!-- This site is optimized with the Yoast SEO plugin v27.3 - https:\/\/yoast.com\/product\/yoast-seo-wordpress\/ -->\n<title>Cuatro calles del barrio de Txantrea contar\u00e1n con se\u00f1alizaci\u00f3n horizontal para mejorar la seguridad de ciclistas en la calzada<\/title>\n<meta name=\"description\" content=\"El Ayuntamiento intervendr\u00e1 en las calles San Crist\u00f3bal, Lumbier, Mendigorr\u00eda y el tramo de la calle Magdalena sin carril bici segregado\" \/>\n<meta name=\"robots\" content=\"index, follow, max-snippet:-1, max-image-preview:large, max-video-preview:-1\" \/>\n<link rel=\"canonical\" href=\"https:\/\/www.laguiadepamplona.com\/actualidad\/cuatro-calles-del-barrio-de-txantrea-contaran-con-senalizacion-horizontal-para-mejorar-la-seguridad-de-ciclistas-en-la-calzada\/\" \/>\n<meta property=\"og:locale\" content=\"es_ES\" \/>\n<meta property=\"og:type\" content=\"article\" \/>\n<meta property=\"og:title\" content=\"Cuatro calles del barrio de Txantrea contar\u00e1n con se\u00f1alizaci\u00f3n horizontal para mejorar la seguridad de ciclistas en la calzada\" \/>\n<meta property=\"og:description\" content=\"El Ayuntamiento intervendr\u00e1 en las calles San Crist\u00f3bal, Lumbier, Mendigorr\u00eda y el tramo de la calle Magdalena sin carril bici segregado\" \/>\n<meta property=\"og:url\" content=\"https:\/\/www.laguiadepamplona.com\/actualidad\/cuatro-calles-del-barrio-de-txantrea-contaran-con-senalizacion-horizontal-para-mejorar-la-seguridad-de-ciclistas-en-la-calzada\/\" \/>\n<meta property=\"og:site_name\" content=\"La Gu\u00eda de Pamplona\" \/>\n<meta property=\"article:publisher\" content=\"https:\/\/www.facebook.com\/laguiadepamplonacom-133175176762273\/?ref=hl\" \/>\n<meta property=\"article:published_time\" content=\"2022-11-14T15:12:50+00:00\" \/>\n<meta property=\"article:modified_time\" content=\"2023-04-11T09:47:35+00:00\" \/>\n<meta property=\"og:image\" content=\"https:\/\/www.laguiadepamplona.com\/actualidad\/wp-content\/uploads\/2022\/11\/ciclocalles-txantrea_0.jpg\" \/>\n\t<meta property=\"og:image:width\" content=\"697\" \/>\n\t<meta property=\"og:image:height\" content=\"770\" \/>\n\t<meta property=\"og:image:type\" content=\"image\/jpeg\" \/>\n<meta name=\"author\" content=\"La Gu\u00eda de Pamplona\" \/>\n<meta name=\"twitter:card\" content=\"summary_large_image\" \/>\n<meta name=\"twitter:creator\" content=\"@LaGuiadPamplona\" \/>\n<meta name=\"twitter:site\" content=\"@LaGuiadPamplona\" \/>\n<meta name=\"twitter:label1\" content=\"Escrito por\" \/>\n\t<meta name=\"twitter:data1\" content=\"La Gu\u00eda de Pamplona\" \/>\n\t<meta name=\"twitter:label2\" content=\"Tiempo de lectura\" \/>\n\t<meta name=\"twitter:data2\" content=\"2 minutos\" \/>\n<script type=\"application\/ld+json\" class=\"yoast-schema-graph\">{\"@context\":\"https:\\\/\\\/schema.org\",\"@graph\":[{\"@type\":\"Article\",\"@id\":\"https:\\\/\\\/www.laguiadepamplona.com\\\/actualidad\\\/cuatro-calles-del-barrio-de-txantrea-contaran-con-senalizacion-horizontal-para-mejorar-la-seguridad-de-ciclistas-en-la-calzada\\\/#article\",\"isPartOf\":{\"@id\":\"https:\\\/\\\/www.laguiadepamplona.com\\\/actualidad\\\/cuatro-calles-del-barrio-de-txantrea-contaran-con-senalizacion-horizontal-para-mejorar-la-seguridad-de-ciclistas-en-la-calzada\\\/\"},\"author\":{\"name\":\"La Gu\u00eda de Pamplona\",\"@id\":\"https:\\\/\\\/www.laguiadepamplona.com\\\/actualidad\\\/#\\\/schema\\\/person\\\/efe887376f0213d4657c93adc50b1fdb\"},\"headline\":\"Cuatro calles del barrio de Txantrea contar\u00e1n con se\u00f1alizaci\u00f3n horizontal para mejorar la seguridad de ciclistas en la calzada\",\"datePublished\":\"2022-11-14T15:12:50+00:00\",\"dateModified\":\"2023-04-11T09:47:35+00:00\",\"mainEntityOfPage\":{\"@id\":\"https:\\\/\\\/www.laguiadepamplona.com\\\/actualidad\\\/cuatro-calles-del-barrio-de-txantrea-contaran-con-senalizacion-horizontal-para-mejorar-la-seguridad-de-ciclistas-en-la-calzada\\\/\"},\"wordCount\":356,\"commentCount\":0,\"publisher\":{\"@id\":\"https:\\\/\\\/www.laguiadepamplona.com\\\/actualidad\\\/#organization\"},\"image\":{\"@id\":\"https:\\\/\\\/www.laguiadepamplona.com\\\/actualidad\\\/cuatro-calles-del-barrio-de-txantrea-contaran-con-senalizacion-horizontal-para-mejorar-la-seguridad-de-ciclistas-en-la-calzada\\\/#primaryimage\"},\"thumbnailUrl\":\"https:\\\/\\\/www.laguiadepamplona.com\\\/actualidad\\\/wp-content\\\/uploads\\\/2022\\\/11\\\/ciclocalles-txantrea_0.jpg\",\"articleSection\":[\"Ayto Pamplona\"],\"inLanguage\":\"es\",\"potentialAction\":[{\"@type\":\"CommentAction\",\"name\":\"Comment\",\"target\":[\"https:\\\/\\\/www.laguiadepamplona.com\\\/actualidad\\\/cuatro-calles-del-barrio-de-txantrea-contaran-con-senalizacion-horizontal-para-mejorar-la-seguridad-de-ciclistas-en-la-calzada\\\/#respond\"]}]},{\"@type\":\"WebPage\",\"@id\":\"https:\\\/\\\/www.laguiadepamplona.com\\\/actualidad\\\/cuatro-calles-del-barrio-de-txantrea-contaran-con-senalizacion-horizontal-para-mejorar-la-seguridad-de-ciclistas-en-la-calzada\\\/\",\"url\":\"https:\\\/\\\/www.laguiadepamplona.com\\\/actualidad\\\/cuatro-calles-del-barrio-de-txantrea-contaran-con-senalizacion-horizontal-para-mejorar-la-seguridad-de-ciclistas-en-la-calzada\\\/\",\"name\":\"Cuatro calles del barrio de Txantrea contar\u00e1n con se\u00f1alizaci\u00f3n horizontal para mejorar la seguridad de ciclistas en la calzada\",\"isPartOf\":{\"@id\":\"https:\\\/\\\/www.laguiadepamplona.com\\\/actualidad\\\/#website\"},\"primaryImageOfPage\":{\"@id\":\"https:\\\/\\\/www.laguiadepamplona.com\\\/actualidad\\\/cuatro-calles-del-barrio-de-txantrea-contaran-con-senalizacion-horizontal-para-mejorar-la-seguridad-de-ciclistas-en-la-calzada\\\/#primaryimage\"},\"image\":{\"@id\":\"https:\\\/\\\/www.laguiadepamplona.com\\\/actualidad\\\/cuatro-calles-del-barrio-de-txantrea-contaran-con-senalizacion-horizontal-para-mejorar-la-seguridad-de-ciclistas-en-la-calzada\\\/#primaryimage\"},\"thumbnailUrl\":\"https:\\\/\\\/www.laguiadepamplona.com\\\/actualidad\\\/wp-content\\\/uploads\\\/2022\\\/11\\\/ciclocalles-txantrea_0.jpg\",\"datePublished\":\"2022-11-14T15:12:50+00:00\",\"dateModified\":\"2023-04-11T09:47:35+00:00\",\"description\":\"El Ayuntamiento intervendr\u00e1 en las calles San Crist\u00f3bal, Lumbier, Mendigorr\u00eda y el tramo de la calle Magdalena sin carril bici segregado\",\"breadcrumb\":{\"@id\":\"https:\\\/\\\/www.laguiadepamplona.com\\\/actualidad\\\/cuatro-calles-del-barrio-de-txantrea-contaran-con-senalizacion-horizontal-para-mejorar-la-seguridad-de-ciclistas-en-la-calzada\\\/#breadcrumb\"},\"inLanguage\":\"es\",\"potentialAction\":[{\"@type\":\"ReadAction\",\"target\":[\"https:\\\/\\\/www.laguiadepamplona.com\\\/actualidad\\\/cuatro-calles-del-barrio-de-txantrea-contaran-con-senalizacion-horizontal-para-mejorar-la-seguridad-de-ciclistas-en-la-calzada\\\/\"]}]},{\"@type\":\"ImageObject\",\"inLanguage\":\"es\",\"@id\":\"https:\\\/\\\/www.laguiadepamplona.com\\\/actualidad\\\/cuatro-calles-del-barrio-de-txantrea-contaran-con-senalizacion-horizontal-para-mejorar-la-seguridad-de-ciclistas-en-la-calzada\\\/#primaryimage\",\"url\":\"https:\\\/\\\/www.laguiadepamplona.com\\\/actualidad\\\/wp-content\\\/uploads\\\/2022\\\/11\\\/ciclocalles-txantrea_0.jpg\",\"contentUrl\":\"https:\\\/\\\/www.laguiadepamplona.com\\\/actualidad\\\/wp-content\\\/uploads\\\/2022\\\/11\\\/ciclocalles-txantrea_0.jpg\",\"width\":697,\"height\":770},{\"@type\":\"BreadcrumbList\",\"@id\":\"https:\\\/\\\/www.laguiadepamplona.com\\\/actualidad\\\/cuatro-calles-del-barrio-de-txantrea-contaran-con-senalizacion-horizontal-para-mejorar-la-seguridad-de-ciclistas-en-la-calzada\\\/#breadcrumb\",\"itemListElement\":[{\"@type\":\"ListItem\",\"position\":1,\"name\":\"Portada\",\"item\":\"https:\\\/\\\/www.laguiadepamplona.com\\\/actualidad\\\/\"},{\"@type\":\"ListItem\",\"position\":2,\"name\":\"Cuatro calles del barrio de Txantrea contar\u00e1n con se\u00f1alizaci\u00f3n horizontal para mejorar la seguridad de ciclistas en la calzada\"}]},{\"@type\":\"WebSite\",\"@id\":\"https:\\\/\\\/www.laguiadepamplona.com\\\/actualidad\\\/#website\",\"url\":\"https:\\\/\\\/www.laguiadepamplona.com\\\/actualidad\\\/\",\"name\":\"La gu\u00eda de Pamplona\",\"description\":\"Noticias de Pamplona\",\"publisher\":{\"@id\":\"https:\\\/\\\/www.laguiadepamplona.com\\\/actualidad\\\/#organization\"},\"potentialAction\":[{\"@type\":\"SearchAction\",\"target\":{\"@type\":\"EntryPoint\",\"urlTemplate\":\"https:\\\/\\\/www.laguiadepamplona.com\\\/actualidad\\\/?s={search_term_string}\"},\"query-input\":{\"@type\":\"PropertyValueSpecification\",\"valueRequired\":true,\"valueName\":\"search_term_string\"}}],\"inLanguage\":\"es\"},{\"@type\":\"Organization\",\"@id\":\"https:\\\/\\\/www.laguiadepamplona.com\\\/actualidad\\\/#organization\",\"name\":\"La Gu\u00eda de Pamplona \\\/ Noticias\",\"url\":\"https:\\\/\\\/www.laguiadepamplona.com\\\/actualidad\\\/\",\"logo\":{\"@type\":\"ImageObject\",\"inLanguage\":\"es\",\"@id\":\"https:\\\/\\\/www.laguiadepamplona.com\\\/actualidad\\\/#\\\/schema\\\/logo\\\/image\\\/\",\"url\":\"https:\\\/\\\/www.laguiadepamplona.com\\\/actualidad\\\/wp-content\\\/uploads\\\/2018\\\/11\\\/logo-laguiadepamplona18-web1.png\",\"contentUrl\":\"https:\\\/\\\/www.laguiadepamplona.com\\\/actualidad\\\/wp-content\\\/uploads\\\/2018\\\/11\\\/logo-laguiadepamplona18-web1.png\",\"width\":600,\"height\":196,\"caption\":\"La Gu\u00eda de Pamplona \\\/ Noticias\"},\"image\":{\"@id\":\"https:\\\/\\\/www.laguiadepamplona.com\\\/actualidad\\\/#\\\/schema\\\/logo\\\/image\\\/\"},\"sameAs\":[\"https:\\\/\\\/www.facebook.com\\\/laguiadepamplonacom-133175176762273\\\/?ref=hl\",\"https:\\\/\\\/x.com\\\/LaGuiadPamplona\",\"https:\\\/\\\/www.instagram.com\\\/la_guia_de_pamplona\\\/\",\"https:\\\/\\\/www.youtube.com\\\/user\\\/laguiadepamplona\"]},{\"@type\":\"Person\",\"@id\":\"https:\\\/\\\/www.laguiadepamplona.com\\\/actualidad\\\/#\\\/schema\\\/person\\\/efe887376f0213d4657c93adc50b1fdb\",\"name\":\"La Gu\u00eda de Pamplona\",\"image\":{\"@type\":\"ImageObject\",\"inLanguage\":\"es\",\"@id\":\"https:\\\/\\\/secure.gravatar.com\\\/avatar\\\/b6992f131dc8d30ab0dff15446e9d346d9dbd95992de0fef795073f5ea83a81c?s=96&d=mm&r=g\",\"url\":\"https:\\\/\\\/secure.gravatar.com\\\/avatar\\\/b6992f131dc8d30ab0dff15446e9d346d9dbd95992de0fef795073f5ea83a81c?s=96&d=mm&r=g\",\"contentUrl\":\"https:\\\/\\\/secure.gravatar.com\\\/avatar\\\/b6992f131dc8d30ab0dff15446e9d346d9dbd95992de0fef795073f5ea83a81c?s=96&d=mm&r=g\",\"caption\":\"La Gu\u00eda de Pamplona\"}}]}<\/script>\n<!-- \/ Yoast SEO plugin. -->","yoast_head_json":{"title":"Cuatro calles del barrio de Txantrea contar\u00e1n con se\u00f1alizaci\u00f3n horizontal para mejorar la seguridad de ciclistas en la calzada","description":"El Ayuntamiento intervendr\u00e1 en las calles San Crist\u00f3bal, Lumbier, Mendigorr\u00eda y el tramo de la calle Magdalena sin carril bici segregado","robots":{"index":"index","follow":"follow","max-snippet":"max-snippet:-1","max-image-preview":"max-image-preview:large","max-video-preview":"max-video-preview:-1"},"canonical":"https:\/\/www.laguiadepamplona.com\/actualidad\/cuatro-calles-del-barrio-de-txantrea-contaran-con-senalizacion-horizontal-para-mejorar-la-seguridad-de-ciclistas-en-la-calzada\/","og_locale":"es_ES","og_type":"article","og_title":"Cuatro calles del barrio de Txantrea contar\u00e1n con se\u00f1alizaci\u00f3n horizontal para mejorar la seguridad de ciclistas en la calzada","og_description":"El Ayuntamiento intervendr\u00e1 en las calles San Crist\u00f3bal, Lumbier, Mendigorr\u00eda y el tramo de la calle Magdalena sin carril bici segregado","og_url":"https:\/\/www.laguiadepamplona.com\/actualidad\/cuatro-calles-del-barrio-de-txantrea-contaran-con-senalizacion-horizontal-para-mejorar-la-seguridad-de-ciclistas-en-la-calzada\/","og_site_name":"La Gu\u00eda de Pamplona","article_publisher":"https:\/\/www.facebook.com\/laguiadepamplonacom-133175176762273\/?ref=hl","article_published_time":"2022-11-14T15:12:50+00:00","article_modified_time":"2023-04-11T09:47:35+00:00","og_image":[{"width":697,"height":770,"url":"https:\/\/www.laguiadepamplona.com\/actualidad\/wp-content\/uploads\/2022\/11\/ciclocalles-txantrea_0.jpg","type":"image\/jpeg"}],"author":"La Gu\u00eda de Pamplona","twitter_card":"summary_large_image","twitter_creator":"@LaGuiadPamplona","twitter_site":"@LaGuiadPamplona","twitter_misc":{"Escrito por":"La Gu\u00eda de Pamplona","Tiempo de lectura":"2 minutos"},"schema":{"@context":"https:\/\/schema.org","@graph":[{"@type":"Article","@id":"https:\/\/www.laguiadepamplona.com\/actualidad\/cuatro-calles-del-barrio-de-txantrea-contaran-con-senalizacion-horizontal-para-mejorar-la-seguridad-de-ciclistas-en-la-calzada\/#article","isPartOf":{"@id":"https:\/\/www.laguiadepamplona.com\/actualidad\/cuatro-calles-del-barrio-de-txantrea-contaran-con-senalizacion-horizontal-para-mejorar-la-seguridad-de-ciclistas-en-la-calzada\/"},"author":{"name":"La Gu\u00eda de Pamplona","@id":"https:\/\/www.laguiadepamplona.com\/actualidad\/#\/schema\/person\/efe887376f0213d4657c93adc50b1fdb"},"headline":"Cuatro calles del barrio de Txantrea contar\u00e1n con se\u00f1alizaci\u00f3n horizontal para mejorar la seguridad de ciclistas en la calzada","datePublished":"2022-11-14T15:12:50+00:00","dateModified":"2023-04-11T09:47:35+00:00","mainEntityOfPage":{"@id":"https:\/\/www.laguiadepamplona.com\/actualidad\/cuatro-calles-del-barrio-de-txantrea-contaran-con-senalizacion-horizontal-para-mejorar-la-seguridad-de-ciclistas-en-la-calzada\/"},"wordCount":356,"commentCount":0,"publisher":{"@id":"https:\/\/www.laguiadepamplona.com\/actualidad\/#organization"},"image":{"@id":"https:\/\/www.laguiadepamplona.com\/actualidad\/cuatro-calles-del-barrio-de-txantrea-contaran-con-senalizacion-horizontal-para-mejorar-la-seguridad-de-ciclistas-en-la-calzada\/#primaryimage"},"thumbnailUrl":"https:\/\/www.laguiadepamplona.com\/actualidad\/wp-content\/uploads\/2022\/11\/ciclocalles-txantrea_0.jpg","articleSection":["Ayto Pamplona"],"inLanguage":"es","potentialAction":[{"@type":"CommentAction","name":"Comment","target":["https:\/\/www.laguiadepamplona.com\/actualidad\/cuatro-calles-del-barrio-de-txantrea-contaran-con-senalizacion-horizontal-para-mejorar-la-seguridad-de-ciclistas-en-la-calzada\/#respond"]}]},{"@type":"WebPage","@id":"https:\/\/www.laguiadepamplona.com\/actualidad\/cuatro-calles-del-barrio-de-txantrea-contaran-con-senalizacion-horizontal-para-mejorar-la-seguridad-de-ciclistas-en-la-calzada\/","url":"https:\/\/www.laguiadepamplona.com\/actualidad\/cuatro-calles-del-barrio-de-txantrea-contaran-con-senalizacion-horizontal-para-mejorar-la-seguridad-de-ciclistas-en-la-calzada\/","name":"Cuatro calles del barrio de Txantrea contar\u00e1n con se\u00f1alizaci\u00f3n horizontal para mejorar la seguridad de ciclistas en la calzada","isPartOf":{"@id":"https:\/\/www.laguiadepamplona.com\/actualidad\/#website"},"primaryImageOfPage":{"@id":"https:\/\/www.laguiadepamplona.com\/actualidad\/cuatro-calles-del-barrio-de-txantrea-contaran-con-senalizacion-horizontal-para-mejorar-la-seguridad-de-ciclistas-en-la-calzada\/#primaryimage"},"image":{"@id":"https:\/\/www.laguiadepamplona.com\/actualidad\/cuatro-calles-del-barrio-de-txantrea-contaran-con-senalizacion-horizontal-para-mejorar-la-seguridad-de-ciclistas-en-la-calzada\/#primaryimage"},"thumbnailUrl":"https:\/\/www.laguiadepamplona.com\/actualidad\/wp-content\/uploads\/2022\/11\/ciclocalles-txantrea_0.jpg","datePublished":"2022-11-14T15:12:50+00:00","dateModified":"2023-04-11T09:47:35+00:00","description":"El Ayuntamiento intervendr\u00e1 en las calles San Crist\u00f3bal, Lumbier, Mendigorr\u00eda y el tramo de la calle Magdalena sin carril bici segregado","breadcrumb":{"@id":"https:\/\/www.laguiadepamplona.com\/actualidad\/cuatro-calles-del-barrio-de-txantrea-contaran-con-senalizacion-horizontal-para-mejorar-la-seguridad-de-ciclistas-en-la-calzada\/#breadcrumb"},"inLanguage":"es","potentialAction":[{"@type":"ReadAction","target":["https:\/\/www.laguiadepamplona.com\/actualidad\/cuatro-calles-del-barrio-de-txantrea-contaran-con-senalizacion-horizontal-para-mejorar-la-seguridad-de-ciclistas-en-la-calzada\/"]}]},{"@type":"ImageObject","inLanguage":"es","@id":"https:\/\/www.laguiadepamplona.com\/actualidad\/cuatro-calles-del-barrio-de-txantrea-contaran-con-senalizacion-horizontal-para-mejorar-la-seguridad-de-ciclistas-en-la-calzada\/#primaryimage","url":"https:\/\/www.laguiadepamplona.com\/actualidad\/wp-content\/uploads\/2022\/11\/ciclocalles-txantrea_0.jpg","contentUrl":"https:\/\/www.laguiadepamplona.com\/actualidad\/wp-content\/uploads\/2022\/11\/ciclocalles-txantrea_0.jpg","width":697,"height":770},{"@type":"BreadcrumbList","@id":"https:\/\/www.laguiadepamplona.com\/actualidad\/cuatro-calles-del-barrio-de-txantrea-contaran-con-senalizacion-horizontal-para-mejorar-la-seguridad-de-ciclistas-en-la-calzada\/#breadcrumb","itemListElement":[{"@type":"ListItem","position":1,"name":"Portada","item":"https:\/\/www.laguiadepamplona.com\/actualidad\/"},{"@type":"ListItem","position":2,"name":"Cuatro calles del barrio de Txantrea contar\u00e1n con se\u00f1alizaci\u00f3n horizontal para mejorar la seguridad de ciclistas en la calzada"}]},{"@type":"WebSite","@id":"https:\/\/www.laguiadepamplona.com\/actualidad\/#website","url":"https:\/\/www.laguiadepamplona.com\/actualidad\/","name":"La gu\u00eda de Pamplona","description":"Noticias de Pamplona","publisher":{"@id":"https:\/\/www.laguiadepamplona.com\/actualidad\/#organization"},"potentialAction":[{"@type":"SearchAction","target":{"@type":"EntryPoint","urlTemplate":"https:\/\/www.laguiadepamplona.com\/actualidad\/?s={search_term_string}"},"query-input":{"@type":"PropertyValueSpecification","valueRequired":true,"valueName":"search_term_string"}}],"inLanguage":"es"},{"@type":"Organization","@id":"https:\/\/www.laguiadepamplona.com\/actualidad\/#organization","name":"La Gu\u00eda de Pamplona \/ Noticias","url":"https:\/\/www.laguiadepamplona.com\/actualidad\/","logo":{"@type":"ImageObject","inLanguage":"es","@id":"https:\/\/www.laguiadepamplona.com\/actualidad\/#\/schema\/logo\/image\/","url":"https:\/\/www.laguiadepamplona.com\/actualidad\/wp-content\/uploads\/2018\/11\/logo-laguiadepamplona18-web1.png","contentUrl":"https:\/\/www.laguiadepamplona.com\/actualidad\/wp-content\/uploads\/2018\/11\/logo-laguiadepamplona18-web1.png","width":600,"height":196,"caption":"La Gu\u00eda de Pamplona \/ Noticias"},"image":{"@id":"https:\/\/www.laguiadepamplona.com\/actualidad\/#\/schema\/logo\/image\/"},"sameAs":["https:\/\/www.facebook.com\/laguiadepamplonacom-133175176762273\/?ref=hl","https:\/\/x.com\/LaGuiadPamplona","https:\/\/www.instagram.com\/la_guia_de_pamplona\/","https:\/\/www.youtube.com\/user\/laguiadepamplona"]},{"@type":"Person","@id":"https:\/\/www.laguiadepamplona.com\/actualidad\/#\/schema\/person\/efe887376f0213d4657c93adc50b1fdb","name":"La Gu\u00eda de Pamplona","image":{"@type":"ImageObject","inLanguage":"es","@id":"https:\/\/secure.gravatar.com\/avatar\/b6992f131dc8d30ab0dff15446e9d346d9dbd95992de0fef795073f5ea83a81c?s=96&d=mm&r=g","url":"https:\/\/secure.gravatar.com\/avatar\/b6992f131dc8d30ab0dff15446e9d346d9dbd95992de0fef795073f5ea83a81c?s=96&d=mm&r=g","contentUrl":"https:\/\/secure.gravatar.com\/avatar\/b6992f131dc8d30ab0dff15446e9d346d9dbd95992de0fef795073f5ea83a81c?s=96&d=mm&r=g","caption":"La Gu\u00eda de Pamplona"}}]}},"post_mailing_queue_ids":[],"_links":{"self":[{"href":"https:\/\/www.laguiadepamplona.com\/actualidad\/wp-json\/wp\/v2\/posts\/42190","targetHints":{"allow":["GET"]}}],"collection":[{"href":"https:\/\/www.laguiadepamplona.com\/actualidad\/wp-json\/wp\/v2\/posts"}],"about":[{"href":"https:\/\/www.laguiadepamplona.com\/actualidad\/wp-json\/wp\/v2\/types\/post"}],"author":[{"embeddable":true,"href":"https:\/\/www.laguiadepamplona.com\/actualidad\/wp-json\/wp\/v2\/users\/1"}],"replies":[{"embeddable":true,"href":"https:\/\/www.laguiadepamplona.com\/actualidad\/wp-json\/wp\/v2\/comments?post=42190"}],"version-history":[{"count":0,"href":"https:\/\/www.laguiadepamplona.com\/actualidad\/wp-json\/wp\/v2\/posts\/42190\/revisions"}],"wp:featuredmedia":[{"embeddable":true,"href":"https:\/\/www.laguiadepamplona.com\/actualidad\/wp-json\/wp\/v2\/media\/42191"}],"wp:attachment":[{"href":"https:\/\/www.laguiadepamplona.com\/actualidad\/wp-json\/wp\/v2\/media?parent=42190"}],"wp:term":[{"taxonomy":"category","embeddable":true,"href":"https:\/\/www.laguiadepamplona.com\/actualidad\/wp-json\/wp\/v2\/categories?post=42190"},{"taxonomy":"post_tag","embeddable":true,"href":"https:\/\/www.laguiadepamplona.com\/actualidad\/wp-json\/wp\/v2\/tags?post=42190"}],"curies":[{"name":"wp","href":"https:\/\/api.w.org\/{rel}","templated":true}]}}