{"id":42188,"date":"2022-11-14T17:11:01","date_gmt":"2022-11-14T15:11:01","guid":{"rendered":"https:\/\/www.laguiadepamplona.com\/actualidad\/?p=42188"},"modified":"2023-04-11T11:47:35","modified_gmt":"2023-04-11T09:47:35","slug":"el-servicio-de-educacion-ambiental-proyecta-de-martes-a-jueves-tres-documentales-sobre-ciencia-y-naturaleza-finalistas-del-festival-labmecrazy","status":"publish","type":"post","link":"https:\/\/www.laguiadepamplona.com\/actualidad\/el-servicio-de-educacion-ambiental-proyecta-de-martes-a-jueves-tres-documentales-sobre-ciencia-y-naturaleza-finalistas-del-festival-labmecrazy\/","title":{"rendered":"El Servicio de Educaci\u00f3n Ambiental proyecta de martes a jueves tres documentales sobre ciencia y naturaleza finalistas del festival #LabMeCrazy!"},"content":{"rendered":"<h5>Las sesiones, en versi\u00f3n original subtitulada, se iniciar\u00e1n a las 19 horas, en el Museo de Educaci\u00f3n Ambiental con entrada libre hasta completar el aforo<\/h5>\n<p><!--more--><\/p>\n<p>Tres documentales para acercar la ciencia a la juventud, con una mirada refrescante y actual al conocimiento cient\u00edfico. El Museo de Educaci\u00f3n Ambiental acoge desde ma\u00f1ana y hasta el jueves la proyecci\u00f3n de una selecci\u00f3n de obras finalistas del festival #LabMeCrazy!, una iniciativa del Museo de Ciencias de la Universidad de Navarra copatrocinada por el Ayuntamiento de Pamplona. Las sesiones comenzar\u00e1n los tres d\u00edas a las 19 horas, con proyecciones en versi\u00f3n original subtitulada y con entrada libre, hasta completar el aforo.<\/p>\n<p>Ma\u00f1ana, martes, abre el ciclo \u2018700 sharks (700 tiburones)\u2019, filme franc\u00e9s centrado en la figura del tibur\u00f3n. Siempre se ha dicho que el tibur\u00f3n es un lobo solitario, que caza solo, pero las \u00faltimas investigaciones revelan que los tiburones cazan en manada. El documental muestra el proyecto de cinco de los mejores cient\u00edficos marinos para descubrir los misterios que esconde un grupo de 700 tiburones, el m\u00e1s grande del mundo. Tras la proyecci\u00f3n tendr\u00e1 lugar una charla-coloquio de la mano del director cient\u00edfico del Museo de Ciencias de la Universidad de Navarra, Arturo Ari\u00f1o.<br \/>\n<script async src=\"\/\/pagead2.googlesyndication.com\/pagead\/js\/adsbygoogle.js\"><\/script><br \/>\n<!-- Noticias La Guia de Pamplona --><br \/>\n<ins class=\"adsbygoogle\"\nstyle=\"display:block\"\ndata-ad-client=\"ca-pub-6943679897239327\"\ndata-ad-slot=\"7048180777\"\ndata-ad-format=\"auto\"><\/ins><br \/>\n<script>\n(adsbygoogle = window.adsbygoogle || []).push({});\n<\/script><\/p>\n<p>El bucardo ser\u00e1 el protagonista de la proyecci\u00f3n del mi\u00e9rcoles. \u2018Salvar al bucardo\u2019 cuenta la historia de la primera des-extinci\u00f3n de la historia de la humanidad. Tras a\u00f1os de lucha desesperada por salvar a este animal emblem\u00e1tico del Pirineo, el 6 de enero del 2000 mor\u00eda el \u00faltimo ejemplar. Sin embargo, cient\u00edficos espa\u00f1oles y franceses se plantearon la utop\u00eda de clonar al \u00faltimo bucardo. Las dificultades parec\u00edan insuperables, pues deb\u00edan crear un bucardo partiendo exclusivamente de una c\u00e9lula. Tras tres a\u00f1os de investigaci\u00f3n, en julio de 2003 se des-extingue por primera vez esa subespecie.<\/p>\n<p>El jueves concluir\u00e1n las proyecciones con el documental norteamericano \u2018Nature\u00b4s fear factor (Naturaleza: factor miedo)\u2019. En \u00e9l, se muestra un experimento que consiste en llevar<span style=\"text-decoration: line-through;\"> feroces<\/span> perros salvajes africanos de vuelta al Parque Nacional Gorongosa (Mozambique) para comprobar c\u00f3mo los depredadores y el miedo que provocan desempe\u00f1an un papel crucial para mantener saludables los ecosistemas silvestres. Hasta hace poco, se pensaba que el impacto de los depredadores en los ecosistemas era simple: los depredadores comen presas, manteniendo sus poblaciones bajo control. Pero cada vez m\u00e1s, el ecologismo se est\u00e1 dando cuenta de que la sola presencia de depredadores puede provocar cambios significativos en el comportamiento. Tambi\u00e9n despu\u00e9s de esta cita se celebrar\u00e1 otra charla-coloquio, en este caso, a cargo de David Galicia, investigador del Instituto de Biodiversidad y Medioambiente de la Universidad de Navarra.<br \/>\n<script async src=\"\/\/pagead2.googlesyndication.com\/pagead\/js\/adsbygoogle.js\"><\/script><br \/>\n<!-- Noticias La Guia de Pamplona --><br \/>\n<ins class=\"adsbygoogle\"\nstyle=\"display:block\"\ndata-ad-client=\"ca-pub-6943679897239327\"\ndata-ad-slot=\"7048180777\"\ndata-ad-format=\"auto\"><\/ins><br \/>\n<script>\n(adsbygoogle = window.adsbygoogle || []).push({});\n<\/script><\/p>\n<p>&nbsp;<\/p>\n<h3>Proyecciones #Lab me crazy! Museo de Educaci\u00f3n Ambiental<\/h3>\n<ul>\n<li>Martes 15 de noviembre, 19 horas. Entrada libre hasta completar el aforo. Posteriormente, habr\u00e1 una charla coloquio a cargo de Arturo Ari\u00f1o, director cient\u00edfico del Museo de Ciencias de la Universidad de Navarra.\n<ul>\n<li>\u2018700 sharks (700 tiburones)\u2019. Francia, 92 minutos. 2018. Le Cinqui\u00e8me R\u00eave<\/li>\n<\/ul>\n<\/li>\n<li>Mi\u00e9rcoles 16 de noviembre, 19 horas. Entrada libre hasta completar el aforo\n<ul>\n<li>\u2018Salvar al bucardo\u2019. Espa\u00f1a, 52 minutos. 2019. Palocha Producciones<\/li>\n<\/ul>\n<\/li>\n<li>Jueves 17 de noviembre, 19 horas. Entrada libre hasta completar el aforo. Tras la proyecci\u00f3n habr\u00e1 una charla coloquio a cargo de David Galicia, investigador del Instituto de Biodiversidad y Medioambiente de la Universidad de Navarra.\n<ul>\n<li>\u2018Nature\u00b4s fear factor (Naturaleza: factor miedo)\u2019. Estados Unidos, 54 minutos. 2020. HHMI Tangles Bank Studios<\/li>\n<\/ul>\n<\/li>\n<\/ul>\n","protected":false},"excerpt":{"rendered":"<p>Las sesiones, en versi\u00f3n original subtitulada, se iniciar\u00e1n a las 19 horas, en el Museo de Educaci\u00f3n Ambiental con entrada libre hasta completar el aforo<\/p>\n","protected":false},"author":1,"featured_media":32687,"comment_status":"open","ping_status":"closed","sticky":false,"template":"","format":"standard","meta":{"footnotes":""},"categories":[2],"tags":[],"class_list":["post-42188","post","type-post","status-publish","format-standard","has-post-thumbnail","hentry","category-ayuntamiento-pamplona"],"yoast_head":"<!-- This site is optimized with the Yoast SEO plugin v27.3 - https:\/\/yoast.com\/product\/yoast-seo-wordpress\/ -->\n<title>El Servicio de Educaci\u00f3n Ambiental proyecta de martes a jueves tres documentales sobre ciencia y naturaleza finalistas del festival #LabMeCrazy!<\/title>\n<meta name=\"description\" content=\"Las sesiones, en versi\u00f3n original subtitulada, se iniciar\u00e1n a las 19 horas, en el Museo de Educaci\u00f3n Ambiental con entrada libre hasta completar el aforo\" \/>\n<meta name=\"robots\" content=\"index, follow, max-snippet:-1, max-image-preview:large, max-video-preview:-1\" \/>\n<link rel=\"canonical\" href=\"https:\/\/www.laguiadepamplona.com\/actualidad\/el-servicio-de-educacion-ambiental-proyecta-de-martes-a-jueves-tres-documentales-sobre-ciencia-y-naturaleza-finalistas-del-festival-labmecrazy\/\" \/>\n<meta property=\"og:locale\" content=\"es_ES\" \/>\n<meta property=\"og:type\" content=\"article\" \/>\n<meta property=\"og:title\" content=\"El Servicio de Educaci\u00f3n Ambiental proyecta de martes a jueves tres documentales sobre ciencia y naturaleza finalistas del festival #LabMeCrazy!\" \/>\n<meta property=\"og:description\" content=\"Las sesiones, en versi\u00f3n original subtitulada, se iniciar\u00e1n a las 19 horas, en el Museo de Educaci\u00f3n Ambiental con entrada libre hasta completar el aforo\" \/>\n<meta property=\"og:url\" content=\"https:\/\/www.laguiadepamplona.com\/actualidad\/el-servicio-de-educacion-ambiental-proyecta-de-martes-a-jueves-tres-documentales-sobre-ciencia-y-naturaleza-finalistas-del-festival-labmecrazy\/\" \/>\n<meta property=\"og:site_name\" content=\"La Gu\u00eda de Pamplona\" \/>\n<meta property=\"article:publisher\" content=\"https:\/\/www.facebook.com\/laguiadepamplonacom-133175176762273\/?ref=hl\" \/>\n<meta property=\"article:published_time\" content=\"2022-11-14T15:11:01+00:00\" \/>\n<meta property=\"article:modified_time\" content=\"2023-04-11T09:47:35+00:00\" \/>\n<meta property=\"og:image\" content=\"https:\/\/www.laguiadepamplona.com\/actualidad\/wp-content\/uploads\/2021\/01\/museo-educacion-ambiental.jpg\" \/>\n\t<meta property=\"og:image:width\" content=\"1920\" \/>\n\t<meta property=\"og:image:height\" content=\"1059\" \/>\n\t<meta property=\"og:image:type\" content=\"image\/jpeg\" \/>\n<meta name=\"author\" content=\"La Gu\u00eda de Pamplona\" \/>\n<meta name=\"twitter:card\" content=\"summary_large_image\" \/>\n<meta name=\"twitter:creator\" content=\"@LaGuiadPamplona\" \/>\n<meta name=\"twitter:site\" content=\"@LaGuiadPamplona\" \/>\n<meta name=\"twitter:label1\" content=\"Escrito por\" \/>\n\t<meta name=\"twitter:data1\" content=\"La Gu\u00eda de Pamplona\" \/>\n\t<meta name=\"twitter:label2\" content=\"Tiempo de lectura\" \/>\n\t<meta name=\"twitter:data2\" content=\"3 minutos\" \/>\n<script type=\"application\/ld+json\" class=\"yoast-schema-graph\">{\"@context\":\"https:\\\/\\\/schema.org\",\"@graph\":[{\"@type\":\"Article\",\"@id\":\"https:\\\/\\\/www.laguiadepamplona.com\\\/actualidad\\\/el-servicio-de-educacion-ambiental-proyecta-de-martes-a-jueves-tres-documentales-sobre-ciencia-y-naturaleza-finalistas-del-festival-labmecrazy\\\/#article\",\"isPartOf\":{\"@id\":\"https:\\\/\\\/www.laguiadepamplona.com\\\/actualidad\\\/el-servicio-de-educacion-ambiental-proyecta-de-martes-a-jueves-tres-documentales-sobre-ciencia-y-naturaleza-finalistas-del-festival-labmecrazy\\\/\"},\"author\":{\"name\":\"La Gu\u00eda de Pamplona\",\"@id\":\"https:\\\/\\\/www.laguiadepamplona.com\\\/actualidad\\\/#\\\/schema\\\/person\\\/efe887376f0213d4657c93adc50b1fdb\"},\"headline\":\"El Servicio de Educaci\u00f3n Ambiental proyecta de martes a jueves tres documentales sobre ciencia y naturaleza finalistas del festival #LabMeCrazy!\",\"datePublished\":\"2022-11-14T15:11:01+00:00\",\"dateModified\":\"2023-04-11T09:47:35+00:00\",\"mainEntityOfPage\":{\"@id\":\"https:\\\/\\\/www.laguiadepamplona.com\\\/actualidad\\\/el-servicio-de-educacion-ambiental-proyecta-de-martes-a-jueves-tres-documentales-sobre-ciencia-y-naturaleza-finalistas-del-festival-labmecrazy\\\/\"},\"wordCount\":603,\"commentCount\":0,\"publisher\":{\"@id\":\"https:\\\/\\\/www.laguiadepamplona.com\\\/actualidad\\\/#organization\"},\"image\":{\"@id\":\"https:\\\/\\\/www.laguiadepamplona.com\\\/actualidad\\\/el-servicio-de-educacion-ambiental-proyecta-de-martes-a-jueves-tres-documentales-sobre-ciencia-y-naturaleza-finalistas-del-festival-labmecrazy\\\/#primaryimage\"},\"thumbnailUrl\":\"https:\\\/\\\/www.laguiadepamplona.com\\\/actualidad\\\/wp-content\\\/uploads\\\/2021\\\/01\\\/museo-educacion-ambiental.jpg\",\"articleSection\":[\"Ayto Pamplona\"],\"inLanguage\":\"es\",\"potentialAction\":[{\"@type\":\"CommentAction\",\"name\":\"Comment\",\"target\":[\"https:\\\/\\\/www.laguiadepamplona.com\\\/actualidad\\\/el-servicio-de-educacion-ambiental-proyecta-de-martes-a-jueves-tres-documentales-sobre-ciencia-y-naturaleza-finalistas-del-festival-labmecrazy\\\/#respond\"]}]},{\"@type\":\"WebPage\",\"@id\":\"https:\\\/\\\/www.laguiadepamplona.com\\\/actualidad\\\/el-servicio-de-educacion-ambiental-proyecta-de-martes-a-jueves-tres-documentales-sobre-ciencia-y-naturaleza-finalistas-del-festival-labmecrazy\\\/\",\"url\":\"https:\\\/\\\/www.laguiadepamplona.com\\\/actualidad\\\/el-servicio-de-educacion-ambiental-proyecta-de-martes-a-jueves-tres-documentales-sobre-ciencia-y-naturaleza-finalistas-del-festival-labmecrazy\\\/\",\"name\":\"El Servicio de Educaci\u00f3n Ambiental proyecta de martes a jueves tres documentales sobre ciencia y naturaleza finalistas del festival #LabMeCrazy!\",\"isPartOf\":{\"@id\":\"https:\\\/\\\/www.laguiadepamplona.com\\\/actualidad\\\/#website\"},\"primaryImageOfPage\":{\"@id\":\"https:\\\/\\\/www.laguiadepamplona.com\\\/actualidad\\\/el-servicio-de-educacion-ambiental-proyecta-de-martes-a-jueves-tres-documentales-sobre-ciencia-y-naturaleza-finalistas-del-festival-labmecrazy\\\/#primaryimage\"},\"image\":{\"@id\":\"https:\\\/\\\/www.laguiadepamplona.com\\\/actualidad\\\/el-servicio-de-educacion-ambiental-proyecta-de-martes-a-jueves-tres-documentales-sobre-ciencia-y-naturaleza-finalistas-del-festival-labmecrazy\\\/#primaryimage\"},\"thumbnailUrl\":\"https:\\\/\\\/www.laguiadepamplona.com\\\/actualidad\\\/wp-content\\\/uploads\\\/2021\\\/01\\\/museo-educacion-ambiental.jpg\",\"datePublished\":\"2022-11-14T15:11:01+00:00\",\"dateModified\":\"2023-04-11T09:47:35+00:00\",\"description\":\"Las sesiones, en versi\u00f3n original subtitulada, se iniciar\u00e1n a las 19 horas, en el Museo de Educaci\u00f3n Ambiental con entrada libre hasta completar el aforo\",\"breadcrumb\":{\"@id\":\"https:\\\/\\\/www.laguiadepamplona.com\\\/actualidad\\\/el-servicio-de-educacion-ambiental-proyecta-de-martes-a-jueves-tres-documentales-sobre-ciencia-y-naturaleza-finalistas-del-festival-labmecrazy\\\/#breadcrumb\"},\"inLanguage\":\"es\",\"potentialAction\":[{\"@type\":\"ReadAction\",\"target\":[\"https:\\\/\\\/www.laguiadepamplona.com\\\/actualidad\\\/el-servicio-de-educacion-ambiental-proyecta-de-martes-a-jueves-tres-documentales-sobre-ciencia-y-naturaleza-finalistas-del-festival-labmecrazy\\\/\"]}]},{\"@type\":\"ImageObject\",\"inLanguage\":\"es\",\"@id\":\"https:\\\/\\\/www.laguiadepamplona.com\\\/actualidad\\\/el-servicio-de-educacion-ambiental-proyecta-de-martes-a-jueves-tres-documentales-sobre-ciencia-y-naturaleza-finalistas-del-festival-labmecrazy\\\/#primaryimage\",\"url\":\"https:\\\/\\\/www.laguiadepamplona.com\\\/actualidad\\\/wp-content\\\/uploads\\\/2021\\\/01\\\/museo-educacion-ambiental.jpg\",\"contentUrl\":\"https:\\\/\\\/www.laguiadepamplona.com\\\/actualidad\\\/wp-content\\\/uploads\\\/2021\\\/01\\\/museo-educacion-ambiental.jpg\",\"width\":1920,\"height\":1059},{\"@type\":\"BreadcrumbList\",\"@id\":\"https:\\\/\\\/www.laguiadepamplona.com\\\/actualidad\\\/el-servicio-de-educacion-ambiental-proyecta-de-martes-a-jueves-tres-documentales-sobre-ciencia-y-naturaleza-finalistas-del-festival-labmecrazy\\\/#breadcrumb\",\"itemListElement\":[{\"@type\":\"ListItem\",\"position\":1,\"name\":\"Portada\",\"item\":\"https:\\\/\\\/www.laguiadepamplona.com\\\/actualidad\\\/\"},{\"@type\":\"ListItem\",\"position\":2,\"name\":\"El Servicio de Educaci\u00f3n Ambiental proyecta de martes a jueves tres documentales sobre ciencia y naturaleza finalistas del festival #LabMeCrazy!\"}]},{\"@type\":\"WebSite\",\"@id\":\"https:\\\/\\\/www.laguiadepamplona.com\\\/actualidad\\\/#website\",\"url\":\"https:\\\/\\\/www.laguiadepamplona.com\\\/actualidad\\\/\",\"name\":\"La gu\u00eda de Pamplona\",\"description\":\"Noticias de Pamplona\",\"publisher\":{\"@id\":\"https:\\\/\\\/www.laguiadepamplona.com\\\/actualidad\\\/#organization\"},\"potentialAction\":[{\"@type\":\"SearchAction\",\"target\":{\"@type\":\"EntryPoint\",\"urlTemplate\":\"https:\\\/\\\/www.laguiadepamplona.com\\\/actualidad\\\/?s={search_term_string}\"},\"query-input\":{\"@type\":\"PropertyValueSpecification\",\"valueRequired\":true,\"valueName\":\"search_term_string\"}}],\"inLanguage\":\"es\"},{\"@type\":\"Organization\",\"@id\":\"https:\\\/\\\/www.laguiadepamplona.com\\\/actualidad\\\/#organization\",\"name\":\"La Gu\u00eda de Pamplona \\\/ Noticias\",\"url\":\"https:\\\/\\\/www.laguiadepamplona.com\\\/actualidad\\\/\",\"logo\":{\"@type\":\"ImageObject\",\"inLanguage\":\"es\",\"@id\":\"https:\\\/\\\/www.laguiadepamplona.com\\\/actualidad\\\/#\\\/schema\\\/logo\\\/image\\\/\",\"url\":\"https:\\\/\\\/www.laguiadepamplona.com\\\/actualidad\\\/wp-content\\\/uploads\\\/2018\\\/11\\\/logo-laguiadepamplona18-web1.png\",\"contentUrl\":\"https:\\\/\\\/www.laguiadepamplona.com\\\/actualidad\\\/wp-content\\\/uploads\\\/2018\\\/11\\\/logo-laguiadepamplona18-web1.png\",\"width\":600,\"height\":196,\"caption\":\"La Gu\u00eda de Pamplona \\\/ Noticias\"},\"image\":{\"@id\":\"https:\\\/\\\/www.laguiadepamplona.com\\\/actualidad\\\/#\\\/schema\\\/logo\\\/image\\\/\"},\"sameAs\":[\"https:\\\/\\\/www.facebook.com\\\/laguiadepamplonacom-133175176762273\\\/?ref=hl\",\"https:\\\/\\\/x.com\\\/LaGuiadPamplona\",\"https:\\\/\\\/www.instagram.com\\\/la_guia_de_pamplona\\\/\",\"https:\\\/\\\/www.youtube.com\\\/user\\\/laguiadepamplona\"]},{\"@type\":\"Person\",\"@id\":\"https:\\\/\\\/www.laguiadepamplona.com\\\/actualidad\\\/#\\\/schema\\\/person\\\/efe887376f0213d4657c93adc50b1fdb\",\"name\":\"La Gu\u00eda de Pamplona\",\"image\":{\"@type\":\"ImageObject\",\"inLanguage\":\"es\",\"@id\":\"https:\\\/\\\/secure.gravatar.com\\\/avatar\\\/b6992f131dc8d30ab0dff15446e9d346d9dbd95992de0fef795073f5ea83a81c?s=96&d=mm&r=g\",\"url\":\"https:\\\/\\\/secure.gravatar.com\\\/avatar\\\/b6992f131dc8d30ab0dff15446e9d346d9dbd95992de0fef795073f5ea83a81c?s=96&d=mm&r=g\",\"contentUrl\":\"https:\\\/\\\/secure.gravatar.com\\\/avatar\\\/b6992f131dc8d30ab0dff15446e9d346d9dbd95992de0fef795073f5ea83a81c?s=96&d=mm&r=g\",\"caption\":\"La Gu\u00eda de Pamplona\"}}]}<\/script>\n<!-- \/ Yoast SEO plugin. -->","yoast_head_json":{"title":"El Servicio de Educaci\u00f3n Ambiental proyecta de martes a jueves tres documentales sobre ciencia y naturaleza finalistas del festival #LabMeCrazy!","description":"Las sesiones, en versi\u00f3n original subtitulada, se iniciar\u00e1n a las 19 horas, en el Museo de Educaci\u00f3n Ambiental con entrada libre hasta completar el aforo","robots":{"index":"index","follow":"follow","max-snippet":"max-snippet:-1","max-image-preview":"max-image-preview:large","max-video-preview":"max-video-preview:-1"},"canonical":"https:\/\/www.laguiadepamplona.com\/actualidad\/el-servicio-de-educacion-ambiental-proyecta-de-martes-a-jueves-tres-documentales-sobre-ciencia-y-naturaleza-finalistas-del-festival-labmecrazy\/","og_locale":"es_ES","og_type":"article","og_title":"El Servicio de Educaci\u00f3n Ambiental proyecta de martes a jueves tres documentales sobre ciencia y naturaleza finalistas del festival #LabMeCrazy!","og_description":"Las sesiones, en versi\u00f3n original subtitulada, se iniciar\u00e1n a las 19 horas, en el Museo de Educaci\u00f3n Ambiental con entrada libre hasta completar el aforo","og_url":"https:\/\/www.laguiadepamplona.com\/actualidad\/el-servicio-de-educacion-ambiental-proyecta-de-martes-a-jueves-tres-documentales-sobre-ciencia-y-naturaleza-finalistas-del-festival-labmecrazy\/","og_site_name":"La Gu\u00eda de Pamplona","article_publisher":"https:\/\/www.facebook.com\/laguiadepamplonacom-133175176762273\/?ref=hl","article_published_time":"2022-11-14T15:11:01+00:00","article_modified_time":"2023-04-11T09:47:35+00:00","og_image":[{"width":1920,"height":1059,"url":"https:\/\/www.laguiadepamplona.com\/actualidad\/wp-content\/uploads\/2021\/01\/museo-educacion-ambiental.jpg","type":"image\/jpeg"}],"author":"La Gu\u00eda de Pamplona","twitter_card":"summary_large_image","twitter_creator":"@LaGuiadPamplona","twitter_site":"@LaGuiadPamplona","twitter_misc":{"Escrito por":"La Gu\u00eda de Pamplona","Tiempo de lectura":"3 minutos"},"schema":{"@context":"https:\/\/schema.org","@graph":[{"@type":"Article","@id":"https:\/\/www.laguiadepamplona.com\/actualidad\/el-servicio-de-educacion-ambiental-proyecta-de-martes-a-jueves-tres-documentales-sobre-ciencia-y-naturaleza-finalistas-del-festival-labmecrazy\/#article","isPartOf":{"@id":"https:\/\/www.laguiadepamplona.com\/actualidad\/el-servicio-de-educacion-ambiental-proyecta-de-martes-a-jueves-tres-documentales-sobre-ciencia-y-naturaleza-finalistas-del-festival-labmecrazy\/"},"author":{"name":"La Gu\u00eda de Pamplona","@id":"https:\/\/www.laguiadepamplona.com\/actualidad\/#\/schema\/person\/efe887376f0213d4657c93adc50b1fdb"},"headline":"El Servicio de Educaci\u00f3n Ambiental proyecta de martes a jueves tres documentales sobre ciencia y naturaleza finalistas del festival #LabMeCrazy!","datePublished":"2022-11-14T15:11:01+00:00","dateModified":"2023-04-11T09:47:35+00:00","mainEntityOfPage":{"@id":"https:\/\/www.laguiadepamplona.com\/actualidad\/el-servicio-de-educacion-ambiental-proyecta-de-martes-a-jueves-tres-documentales-sobre-ciencia-y-naturaleza-finalistas-del-festival-labmecrazy\/"},"wordCount":603,"commentCount":0,"publisher":{"@id":"https:\/\/www.laguiadepamplona.com\/actualidad\/#organization"},"image":{"@id":"https:\/\/www.laguiadepamplona.com\/actualidad\/el-servicio-de-educacion-ambiental-proyecta-de-martes-a-jueves-tres-documentales-sobre-ciencia-y-naturaleza-finalistas-del-festival-labmecrazy\/#primaryimage"},"thumbnailUrl":"https:\/\/www.laguiadepamplona.com\/actualidad\/wp-content\/uploads\/2021\/01\/museo-educacion-ambiental.jpg","articleSection":["Ayto Pamplona"],"inLanguage":"es","potentialAction":[{"@type":"CommentAction","name":"Comment","target":["https:\/\/www.laguiadepamplona.com\/actualidad\/el-servicio-de-educacion-ambiental-proyecta-de-martes-a-jueves-tres-documentales-sobre-ciencia-y-naturaleza-finalistas-del-festival-labmecrazy\/#respond"]}]},{"@type":"WebPage","@id":"https:\/\/www.laguiadepamplona.com\/actualidad\/el-servicio-de-educacion-ambiental-proyecta-de-martes-a-jueves-tres-documentales-sobre-ciencia-y-naturaleza-finalistas-del-festival-labmecrazy\/","url":"https:\/\/www.laguiadepamplona.com\/actualidad\/el-servicio-de-educacion-ambiental-proyecta-de-martes-a-jueves-tres-documentales-sobre-ciencia-y-naturaleza-finalistas-del-festival-labmecrazy\/","name":"El Servicio de Educaci\u00f3n Ambiental proyecta de martes a jueves tres documentales sobre ciencia y naturaleza finalistas del festival #LabMeCrazy!","isPartOf":{"@id":"https:\/\/www.laguiadepamplona.com\/actualidad\/#website"},"primaryImageOfPage":{"@id":"https:\/\/www.laguiadepamplona.com\/actualidad\/el-servicio-de-educacion-ambiental-proyecta-de-martes-a-jueves-tres-documentales-sobre-ciencia-y-naturaleza-finalistas-del-festival-labmecrazy\/#primaryimage"},"image":{"@id":"https:\/\/www.laguiadepamplona.com\/actualidad\/el-servicio-de-educacion-ambiental-proyecta-de-martes-a-jueves-tres-documentales-sobre-ciencia-y-naturaleza-finalistas-del-festival-labmecrazy\/#primaryimage"},"thumbnailUrl":"https:\/\/www.laguiadepamplona.com\/actualidad\/wp-content\/uploads\/2021\/01\/museo-educacion-ambiental.jpg","datePublished":"2022-11-14T15:11:01+00:00","dateModified":"2023-04-11T09:47:35+00:00","description":"Las sesiones, en versi\u00f3n original subtitulada, se iniciar\u00e1n a las 19 horas, en el Museo de Educaci\u00f3n Ambiental con entrada libre hasta completar el aforo","breadcrumb":{"@id":"https:\/\/www.laguiadepamplona.com\/actualidad\/el-servicio-de-educacion-ambiental-proyecta-de-martes-a-jueves-tres-documentales-sobre-ciencia-y-naturaleza-finalistas-del-festival-labmecrazy\/#breadcrumb"},"inLanguage":"es","potentialAction":[{"@type":"ReadAction","target":["https:\/\/www.laguiadepamplona.com\/actualidad\/el-servicio-de-educacion-ambiental-proyecta-de-martes-a-jueves-tres-documentales-sobre-ciencia-y-naturaleza-finalistas-del-festival-labmecrazy\/"]}]},{"@type":"ImageObject","inLanguage":"es","@id":"https:\/\/www.laguiadepamplona.com\/actualidad\/el-servicio-de-educacion-ambiental-proyecta-de-martes-a-jueves-tres-documentales-sobre-ciencia-y-naturaleza-finalistas-del-festival-labmecrazy\/#primaryimage","url":"https:\/\/www.laguiadepamplona.com\/actualidad\/wp-content\/uploads\/2021\/01\/museo-educacion-ambiental.jpg","contentUrl":"https:\/\/www.laguiadepamplona.com\/actualidad\/wp-content\/uploads\/2021\/01\/museo-educacion-ambiental.jpg","width":1920,"height":1059},{"@type":"BreadcrumbList","@id":"https:\/\/www.laguiadepamplona.com\/actualidad\/el-servicio-de-educacion-ambiental-proyecta-de-martes-a-jueves-tres-documentales-sobre-ciencia-y-naturaleza-finalistas-del-festival-labmecrazy\/#breadcrumb","itemListElement":[{"@type":"ListItem","position":1,"name":"Portada","item":"https:\/\/www.laguiadepamplona.com\/actualidad\/"},{"@type":"ListItem","position":2,"name":"El Servicio de Educaci\u00f3n Ambiental proyecta de martes a jueves tres documentales sobre ciencia y naturaleza finalistas del festival #LabMeCrazy!"}]},{"@type":"WebSite","@id":"https:\/\/www.laguiadepamplona.com\/actualidad\/#website","url":"https:\/\/www.laguiadepamplona.com\/actualidad\/","name":"La gu\u00eda de Pamplona","description":"Noticias de Pamplona","publisher":{"@id":"https:\/\/www.laguiadepamplona.com\/actualidad\/#organization"},"potentialAction":[{"@type":"SearchAction","target":{"@type":"EntryPoint","urlTemplate":"https:\/\/www.laguiadepamplona.com\/actualidad\/?s={search_term_string}"},"query-input":{"@type":"PropertyValueSpecification","valueRequired":true,"valueName":"search_term_string"}}],"inLanguage":"es"},{"@type":"Organization","@id":"https:\/\/www.laguiadepamplona.com\/actualidad\/#organization","name":"La Gu\u00eda de Pamplona \/ Noticias","url":"https:\/\/www.laguiadepamplona.com\/actualidad\/","logo":{"@type":"ImageObject","inLanguage":"es","@id":"https:\/\/www.laguiadepamplona.com\/actualidad\/#\/schema\/logo\/image\/","url":"https:\/\/www.laguiadepamplona.com\/actualidad\/wp-content\/uploads\/2018\/11\/logo-laguiadepamplona18-web1.png","contentUrl":"https:\/\/www.laguiadepamplona.com\/actualidad\/wp-content\/uploads\/2018\/11\/logo-laguiadepamplona18-web1.png","width":600,"height":196,"caption":"La Gu\u00eda de Pamplona \/ Noticias"},"image":{"@id":"https:\/\/www.laguiadepamplona.com\/actualidad\/#\/schema\/logo\/image\/"},"sameAs":["https:\/\/www.facebook.com\/laguiadepamplonacom-133175176762273\/?ref=hl","https:\/\/x.com\/LaGuiadPamplona","https:\/\/www.instagram.com\/la_guia_de_pamplona\/","https:\/\/www.youtube.com\/user\/laguiadepamplona"]},{"@type":"Person","@id":"https:\/\/www.laguiadepamplona.com\/actualidad\/#\/schema\/person\/efe887376f0213d4657c93adc50b1fdb","name":"La Gu\u00eda de Pamplona","image":{"@type":"ImageObject","inLanguage":"es","@id":"https:\/\/secure.gravatar.com\/avatar\/b6992f131dc8d30ab0dff15446e9d346d9dbd95992de0fef795073f5ea83a81c?s=96&d=mm&r=g","url":"https:\/\/secure.gravatar.com\/avatar\/b6992f131dc8d30ab0dff15446e9d346d9dbd95992de0fef795073f5ea83a81c?s=96&d=mm&r=g","contentUrl":"https:\/\/secure.gravatar.com\/avatar\/b6992f131dc8d30ab0dff15446e9d346d9dbd95992de0fef795073f5ea83a81c?s=96&d=mm&r=g","caption":"La Gu\u00eda de Pamplona"}}]}},"post_mailing_queue_ids":[],"_links":{"self":[{"href":"https:\/\/www.laguiadepamplona.com\/actualidad\/wp-json\/wp\/v2\/posts\/42188","targetHints":{"allow":["GET"]}}],"collection":[{"href":"https:\/\/www.laguiadepamplona.com\/actualidad\/wp-json\/wp\/v2\/posts"}],"about":[{"href":"https:\/\/www.laguiadepamplona.com\/actualidad\/wp-json\/wp\/v2\/types\/post"}],"author":[{"embeddable":true,"href":"https:\/\/www.laguiadepamplona.com\/actualidad\/wp-json\/wp\/v2\/users\/1"}],"replies":[{"embeddable":true,"href":"https:\/\/www.laguiadepamplona.com\/actualidad\/wp-json\/wp\/v2\/comments?post=42188"}],"version-history":[{"count":0,"href":"https:\/\/www.laguiadepamplona.com\/actualidad\/wp-json\/wp\/v2\/posts\/42188\/revisions"}],"wp:featuredmedia":[{"embeddable":true,"href":"https:\/\/www.laguiadepamplona.com\/actualidad\/wp-json\/wp\/v2\/media\/32687"}],"wp:attachment":[{"href":"https:\/\/www.laguiadepamplona.com\/actualidad\/wp-json\/wp\/v2\/media?parent=42188"}],"wp:term":[{"taxonomy":"category","embeddable":true,"href":"https:\/\/www.laguiadepamplona.com\/actualidad\/wp-json\/wp\/v2\/categories?post=42188"},{"taxonomy":"post_tag","embeddable":true,"href":"https:\/\/www.laguiadepamplona.com\/actualidad\/wp-json\/wp\/v2\/tags?post=42188"}],"curies":[{"name":"wp","href":"https:\/\/api.w.org\/{rel}","templated":true}]}}