{"id":42186,"date":"2022-11-14T17:09:27","date_gmt":"2022-11-14T15:09:27","guid":{"rendered":"https:\/\/www.laguiadepamplona.com\/actualidad\/?p=42186"},"modified":"2023-04-11T11:47:35","modified_gmt":"2023-04-11T09:47:35","slug":"la-fachada-se-ilumina-por-el-dia-mundial-de-la-diabetes-el-dia-nacional-de-las-enfermedades-neuromusculares-y-el-dia-mundial-en-memoria-de-las-victimas-de-trafico","status":"publish","type":"post","link":"https:\/\/www.laguiadepamplona.com\/actualidad\/la-fachada-se-ilumina-por-el-dia-mundial-de-la-diabetes-el-dia-nacional-de-las-enfermedades-neuromusculares-y-el-dia-mundial-en-memoria-de-las-victimas-de-trafico\/","title":{"rendered":"La fachada se ilumina por el D\u00eda Mundial de la Diabetes, el D\u00eda Nacional de las Enfermedades Neuromusculares y el D\u00eda Mundial en Memoria de las V\u00edctimas de Tr\u00e1fico"},"content":{"rendered":"<h5>La Casa Consistorial se \u2018viste\u2019 hoy lunes de azul, ma\u00f1ana martes de verde y el domingo 20, de amarillo-naranja<\/h5>\n<p><!--more--><\/p>\n<p>La fachada de la Casa Consistorial cuenta esta semana con tres iluminaciones que corresponden a la celebraci\u00f3n de tres citas relevantes. Hoy lunes se celebra el D\u00eda Mundial de la Diabetes, por lo que la iluminaci\u00f3n ser\u00e1 en azul; ma\u00f1ana, D\u00eda Nacional de las Enfermedades Neuromusculares, la fachada se viste de color verde; y, por \u00faltimo, el domingo, D\u00eda Mundial en Memoria de las V\u00edctimas de Tr\u00e1fico, el color ser\u00e1 amarillo-naranja.<\/p>\n<p>El D\u00eda Mundial de la Diabetes busca difundir las causas, s\u00edntomas y tratamientos de esta enfermedad, con una incidencia creciente en el mundo a consecuencia del sedentarismo y el aumento de personas con sobrepeso y obesidad. La Asociaci\u00f3n Navarra de Diabetes (Anadi), en l\u00ednea con la Federaci\u00f3n Internacional de Diabetes (FID) y la Organizaci\u00f3n Mundial de la Salud (OMS), busca proteger y mejorar la calidad de vida de las personas con diabetes y sus familias y conseguir una mayor concienciaci\u00f3n y normalizaci\u00f3n social. Para ello, esta tarde a las 18 horas, en la plaza del Ayuntamiento, se proceder\u00e1 a la lectura del manifiesto del D\u00eda Mundial de la Diabetes, en la que intervendr\u00e1 el alcalde de Pamplona, Enrique Maya.<br \/>\n<script async src=\"\/\/pagead2.googlesyndication.com\/pagead\/js\/adsbygoogle.js\"><\/script><br \/>\n<!-- Noticias La Guia de Pamplona --><br \/>\n<ins class=\"adsbygoogle\"\nstyle=\"display:block\"\ndata-ad-client=\"ca-pub-6943679897239327\"\ndata-ad-slot=\"7048180777\"\ndata-ad-format=\"auto\"><\/ins><br \/>\n<script>\n(adsbygoogle = window.adsbygoogle || []).push({});\n<\/script><\/p>\n<p>La diabetes afecta a un 10% de la poblaci\u00f3n navarra mayor de 30 a\u00f1os. Hay dos tipos de diabetes, adem\u00e1s de la gestacional, que se produce cuando el p\u00e1ncreas no genera suficiente insulina (hormona que regula el az\u00facar en sangre) o el organismo no utiliza de forma eficaz la que produce, los que puede originar hiperglucemia. Un alto porcentaje de los casos se puede prevenir mediante una dieta saludable, un adecuado peso corporal y actividad f\u00edsica regular.<\/p>\n<p>Ma\u00f1ana la fachada se ilumina en color verde, para visibilizar el D\u00eda Nacional de las Enfermedades Neuromusculares. Esta fecha intenta concienciar a la ciudadan\u00eda sobre este conjunto de enfermedades neurol\u00f3gicas, m\u00e1s de 150, que afectan a la musculatura y al sistema nervioso, pueden ser hereditarias o adquiridas, son cr\u00f3nicas y progresivas, y producen discapacidad. Aunque su causa es variada, la mayor\u00eda son de origen gen\u00e9tico. Por su incidencia, se consideran enfermedades raras y afectan a todas las edades, aunque m\u00e1s de la mitad se manifiestan en la infancia. Se suele actuar sobre los s\u00edntomas, para mejorar la calidad de vida de las personas afectadas, que son unas 50.000 en Espa\u00f1a. La Asociaci\u00f3n Navarra de Enfermedades Neuromusculares (ASNAEN), integrada en la Federaci\u00f3n Espa\u00f1ola de Enfermedades Neuromusculares (Federaci\u00f3n ASEM), conmemora esta efem\u00e9ride con la campa\u00f1a de concienciaci\u00f3n ciudadana #DeLaMano15N, para dar visibilidad a este tipo de patolog\u00edas y construir una sociedad m\u00e1s igualitaria e inclusiva.<br \/>\n<script async src=\"\/\/pagead2.googlesyndication.com\/pagead\/js\/adsbygoogle.js\"><\/script><br \/>\n<!-- Noticias La Guia de Pamplona --><br \/>\n<ins class=\"adsbygoogle\"\nstyle=\"display:block\"\ndata-ad-client=\"ca-pub-6943679897239327\"\ndata-ad-slot=\"7048180777\"\ndata-ad-format=\"auto\"><\/ins><br \/>\n<script>\n(adsbygoogle = window.adsbygoogle || []).push({});\n<\/script><\/p>\n<p><strong>Recuerdo de las v\u00edctimas de accidentes de trafico<\/strong><\/p>\n<p>El domingo, los colores amarillo y naranja ser\u00e1n los protagonistas de la iluminaci\u00f3n de la fachada municipal, en el D\u00eda Mundial en Memoria de las V\u00edctimas de Accidentes de Tr\u00e1fico. Estos accidentes son la principal causa de fallecimiento de j\u00f3venes entre 15 y 29 a\u00f1os, y m\u00e1s de la mitad de las muertes mundiales por accidentes de tr\u00e1nsito corresponden a peatones, ciclistas y motociclistas, tambi\u00e9n denominados colectivamente como \u201cusuarios vulnerables de la carretera\u201d.<\/p>\n<p>La celebraci\u00f3n de la jornada persigue concienciar a la ciudadan\u00eda del sufrimiento que producen estos accidentes, adem\u00e1s de su elevado coste econ\u00f3mico, al mismo tiempo que se pone en valor el trabajo de los servicios de apoyo y rescate. La Asamblea General de la ONU aboga por reducir al menos el 50% de las muertes y lesiones por accidentes para el a\u00f1o 2030, objetivo que secunda la Asociaci\u00f3n Espa\u00f1ola de Prevenci\u00f3n de Accidentes de Tr\u00e1fico.<br \/>\n<script async src=\"\/\/pagead2.googlesyndication.com\/pagead\/js\/adsbygoogle.js\"><\/script><br \/>\n<!-- Noticias La Guia de Pamplona --><br \/>\n<ins class=\"adsbygoogle\"\nstyle=\"display:block\"\ndata-ad-client=\"ca-pub-6943679897239327\"\ndata-ad-slot=\"7048180777\"\ndata-ad-format=\"auto\"><\/ins><br \/>\n<script>\n(adsbygoogle = window.adsbygoogle || []).push({});\n<\/script><\/p>\n<p>&nbsp;<\/p>\n<h3>Tres Iluminaciones<\/h3>\n<ul>\n<li>D\u00eda Mundial de la Diabetes (lunes 14). Azul<\/li>\n<li>D\u00eda Nacional de las Enfermedades Neuromusculares (martes 15). Verde<\/li>\n<li>D\u00eda Mundial en Memoria de las V\u00edctimas de Tr\u00e1fico (domingo 20). Amarillo-naranja<\/li>\n<\/ul>\n","protected":false},"excerpt":{"rendered":"<p>La Casa Consistorial se \u2018viste\u2019 hoy lunes de azul, ma\u00f1ana martes de verde y el domingo 20, de amarillo-naranja<\/p>\n","protected":false},"author":1,"featured_media":40806,"comment_status":"open","ping_status":"closed","sticky":false,"template":"","format":"standard","meta":{"footnotes":""},"categories":[2],"tags":[],"class_list":["post-42186","post","type-post","status-publish","format-standard","has-post-thumbnail","hentry","category-ayuntamiento-pamplona"],"yoast_head":"<!-- This site is optimized with the Yoast SEO plugin v27.3 - https:\/\/yoast.com\/product\/yoast-seo-wordpress\/ -->\n<title>La fachada se ilumina por el D\u00eda Mundial de la Diabetes, el D\u00eda Nacional de las Enfermedades Neuromusculares y el D\u00eda Mundial en Memoria de las V\u00edctimas de Tr\u00e1fico<\/title>\n<meta name=\"description\" content=\"La Casa Consistorial se \u2018viste\u2019 hoy lunes de azul, ma\u00f1ana martes de verde y el domingo 20, de amarillo-naranja\" \/>\n<meta name=\"robots\" content=\"index, follow, max-snippet:-1, max-image-preview:large, max-video-preview:-1\" \/>\n<link rel=\"canonical\" href=\"https:\/\/www.laguiadepamplona.com\/actualidad\/la-fachada-se-ilumina-por-el-dia-mundial-de-la-diabetes-el-dia-nacional-de-las-enfermedades-neuromusculares-y-el-dia-mundial-en-memoria-de-las-victimas-de-trafico\/\" \/>\n<meta property=\"og:locale\" content=\"es_ES\" \/>\n<meta property=\"og:type\" content=\"article\" \/>\n<meta property=\"og:title\" content=\"La fachada se ilumina por el D\u00eda Mundial de la Diabetes, el D\u00eda Nacional de las Enfermedades Neuromusculares y el D\u00eda Mundial en Memoria de las V\u00edctimas de Tr\u00e1fico\" \/>\n<meta property=\"og:description\" content=\"La Casa Consistorial se \u2018viste\u2019 hoy lunes de azul, ma\u00f1ana martes de verde y el domingo 20, de amarillo-naranja\" \/>\n<meta property=\"og:url\" content=\"https:\/\/www.laguiadepamplona.com\/actualidad\/la-fachada-se-ilumina-por-el-dia-mundial-de-la-diabetes-el-dia-nacional-de-las-enfermedades-neuromusculares-y-el-dia-mundial-en-memoria-de-las-victimas-de-trafico\/\" \/>\n<meta property=\"og:site_name\" content=\"La Gu\u00eda de Pamplona\" \/>\n<meta property=\"article:publisher\" content=\"https:\/\/www.facebook.com\/laguiadepamplonacom-133175176762273\/?ref=hl\" \/>\n<meta property=\"article:published_time\" content=\"2022-11-14T15:09:27+00:00\" \/>\n<meta property=\"article:modified_time\" content=\"2023-04-11T09:47:35+00:00\" \/>\n<meta property=\"og:image\" content=\"https:\/\/www.laguiadepamplona.com\/actualidad\/wp-content\/uploads\/2022\/06\/aytoazul_JGV8938_2.webp\" \/>\n\t<meta property=\"og:image:width\" content=\"1920\" \/>\n\t<meta property=\"og:image:height\" content=\"1280\" \/>\n\t<meta property=\"og:image:type\" content=\"image\/webp\" \/>\n<meta name=\"author\" content=\"La Gu\u00eda de Pamplona\" \/>\n<meta name=\"twitter:card\" content=\"summary_large_image\" \/>\n<meta name=\"twitter:creator\" content=\"@LaGuiadPamplona\" \/>\n<meta name=\"twitter:site\" content=\"@LaGuiadPamplona\" \/>\n<meta name=\"twitter:label1\" content=\"Escrito por\" \/>\n\t<meta name=\"twitter:data1\" content=\"La Gu\u00eda de Pamplona\" \/>\n\t<meta name=\"twitter:label2\" content=\"Tiempo de lectura\" \/>\n\t<meta name=\"twitter:data2\" content=\"3 minutos\" \/>\n<script type=\"application\/ld+json\" class=\"yoast-schema-graph\">{\"@context\":\"https:\\\/\\\/schema.org\",\"@graph\":[{\"@type\":\"Article\",\"@id\":\"https:\\\/\\\/www.laguiadepamplona.com\\\/actualidad\\\/la-fachada-se-ilumina-por-el-dia-mundial-de-la-diabetes-el-dia-nacional-de-las-enfermedades-neuromusculares-y-el-dia-mundial-en-memoria-de-las-victimas-de-trafico\\\/#article\",\"isPartOf\":{\"@id\":\"https:\\\/\\\/www.laguiadepamplona.com\\\/actualidad\\\/la-fachada-se-ilumina-por-el-dia-mundial-de-la-diabetes-el-dia-nacional-de-las-enfermedades-neuromusculares-y-el-dia-mundial-en-memoria-de-las-victimas-de-trafico\\\/\"},\"author\":{\"name\":\"La Gu\u00eda de Pamplona\",\"@id\":\"https:\\\/\\\/www.laguiadepamplona.com\\\/actualidad\\\/#\\\/schema\\\/person\\\/efe887376f0213d4657c93adc50b1fdb\"},\"headline\":\"La fachada se ilumina por el D\u00eda Mundial de la Diabetes, el D\u00eda Nacional de las Enfermedades Neuromusculares y el D\u00eda Mundial en Memoria de las V\u00edctimas de Tr\u00e1fico\",\"datePublished\":\"2022-11-14T15:09:27+00:00\",\"dateModified\":\"2023-04-11T09:47:35+00:00\",\"mainEntityOfPage\":{\"@id\":\"https:\\\/\\\/www.laguiadepamplona.com\\\/actualidad\\\/la-fachada-se-ilumina-por-el-dia-mundial-de-la-diabetes-el-dia-nacional-de-las-enfermedades-neuromusculares-y-el-dia-mundial-en-memoria-de-las-victimas-de-trafico\\\/\"},\"wordCount\":718,\"commentCount\":0,\"publisher\":{\"@id\":\"https:\\\/\\\/www.laguiadepamplona.com\\\/actualidad\\\/#organization\"},\"image\":{\"@id\":\"https:\\\/\\\/www.laguiadepamplona.com\\\/actualidad\\\/la-fachada-se-ilumina-por-el-dia-mundial-de-la-diabetes-el-dia-nacional-de-las-enfermedades-neuromusculares-y-el-dia-mundial-en-memoria-de-las-victimas-de-trafico\\\/#primaryimage\"},\"thumbnailUrl\":\"https:\\\/\\\/www.laguiadepamplona.com\\\/actualidad\\\/wp-content\\\/uploads\\\/2022\\\/06\\\/aytoazul_JGV8938_2.webp\",\"articleSection\":[\"Ayto Pamplona\"],\"inLanguage\":\"es\",\"potentialAction\":[{\"@type\":\"CommentAction\",\"name\":\"Comment\",\"target\":[\"https:\\\/\\\/www.laguiadepamplona.com\\\/actualidad\\\/la-fachada-se-ilumina-por-el-dia-mundial-de-la-diabetes-el-dia-nacional-de-las-enfermedades-neuromusculares-y-el-dia-mundial-en-memoria-de-las-victimas-de-trafico\\\/#respond\"]}]},{\"@type\":\"WebPage\",\"@id\":\"https:\\\/\\\/www.laguiadepamplona.com\\\/actualidad\\\/la-fachada-se-ilumina-por-el-dia-mundial-de-la-diabetes-el-dia-nacional-de-las-enfermedades-neuromusculares-y-el-dia-mundial-en-memoria-de-las-victimas-de-trafico\\\/\",\"url\":\"https:\\\/\\\/www.laguiadepamplona.com\\\/actualidad\\\/la-fachada-se-ilumina-por-el-dia-mundial-de-la-diabetes-el-dia-nacional-de-las-enfermedades-neuromusculares-y-el-dia-mundial-en-memoria-de-las-victimas-de-trafico\\\/\",\"name\":\"La fachada se ilumina por el D\u00eda Mundial de la Diabetes, el D\u00eda Nacional de las Enfermedades Neuromusculares y el D\u00eda Mundial en Memoria de las V\u00edctimas de Tr\u00e1fico\",\"isPartOf\":{\"@id\":\"https:\\\/\\\/www.laguiadepamplona.com\\\/actualidad\\\/#website\"},\"primaryImageOfPage\":{\"@id\":\"https:\\\/\\\/www.laguiadepamplona.com\\\/actualidad\\\/la-fachada-se-ilumina-por-el-dia-mundial-de-la-diabetes-el-dia-nacional-de-las-enfermedades-neuromusculares-y-el-dia-mundial-en-memoria-de-las-victimas-de-trafico\\\/#primaryimage\"},\"image\":{\"@id\":\"https:\\\/\\\/www.laguiadepamplona.com\\\/actualidad\\\/la-fachada-se-ilumina-por-el-dia-mundial-de-la-diabetes-el-dia-nacional-de-las-enfermedades-neuromusculares-y-el-dia-mundial-en-memoria-de-las-victimas-de-trafico\\\/#primaryimage\"},\"thumbnailUrl\":\"https:\\\/\\\/www.laguiadepamplona.com\\\/actualidad\\\/wp-content\\\/uploads\\\/2022\\\/06\\\/aytoazul_JGV8938_2.webp\",\"datePublished\":\"2022-11-14T15:09:27+00:00\",\"dateModified\":\"2023-04-11T09:47:35+00:00\",\"description\":\"La Casa Consistorial se \u2018viste\u2019 hoy lunes de azul, ma\u00f1ana martes de verde y el domingo 20, de amarillo-naranja\",\"breadcrumb\":{\"@id\":\"https:\\\/\\\/www.laguiadepamplona.com\\\/actualidad\\\/la-fachada-se-ilumina-por-el-dia-mundial-de-la-diabetes-el-dia-nacional-de-las-enfermedades-neuromusculares-y-el-dia-mundial-en-memoria-de-las-victimas-de-trafico\\\/#breadcrumb\"},\"inLanguage\":\"es\",\"potentialAction\":[{\"@type\":\"ReadAction\",\"target\":[\"https:\\\/\\\/www.laguiadepamplona.com\\\/actualidad\\\/la-fachada-se-ilumina-por-el-dia-mundial-de-la-diabetes-el-dia-nacional-de-las-enfermedades-neuromusculares-y-el-dia-mundial-en-memoria-de-las-victimas-de-trafico\\\/\"]}]},{\"@type\":\"ImageObject\",\"inLanguage\":\"es\",\"@id\":\"https:\\\/\\\/www.laguiadepamplona.com\\\/actualidad\\\/la-fachada-se-ilumina-por-el-dia-mundial-de-la-diabetes-el-dia-nacional-de-las-enfermedades-neuromusculares-y-el-dia-mundial-en-memoria-de-las-victimas-de-trafico\\\/#primaryimage\",\"url\":\"https:\\\/\\\/www.laguiadepamplona.com\\\/actualidad\\\/wp-content\\\/uploads\\\/2022\\\/06\\\/aytoazul_JGV8938_2.webp\",\"contentUrl\":\"https:\\\/\\\/www.laguiadepamplona.com\\\/actualidad\\\/wp-content\\\/uploads\\\/2022\\\/06\\\/aytoazul_JGV8938_2.webp\",\"width\":1920,\"height\":1280},{\"@type\":\"BreadcrumbList\",\"@id\":\"https:\\\/\\\/www.laguiadepamplona.com\\\/actualidad\\\/la-fachada-se-ilumina-por-el-dia-mundial-de-la-diabetes-el-dia-nacional-de-las-enfermedades-neuromusculares-y-el-dia-mundial-en-memoria-de-las-victimas-de-trafico\\\/#breadcrumb\",\"itemListElement\":[{\"@type\":\"ListItem\",\"position\":1,\"name\":\"Portada\",\"item\":\"https:\\\/\\\/www.laguiadepamplona.com\\\/actualidad\\\/\"},{\"@type\":\"ListItem\",\"position\":2,\"name\":\"La fachada se ilumina por el D\u00eda Mundial de la Diabetes, el D\u00eda Nacional de las Enfermedades Neuromusculares y el D\u00eda Mundial en Memoria de las V\u00edctimas de Tr\u00e1fico\"}]},{\"@type\":\"WebSite\",\"@id\":\"https:\\\/\\\/www.laguiadepamplona.com\\\/actualidad\\\/#website\",\"url\":\"https:\\\/\\\/www.laguiadepamplona.com\\\/actualidad\\\/\",\"name\":\"La gu\u00eda de Pamplona\",\"description\":\"Noticias de Pamplona\",\"publisher\":{\"@id\":\"https:\\\/\\\/www.laguiadepamplona.com\\\/actualidad\\\/#organization\"},\"potentialAction\":[{\"@type\":\"SearchAction\",\"target\":{\"@type\":\"EntryPoint\",\"urlTemplate\":\"https:\\\/\\\/www.laguiadepamplona.com\\\/actualidad\\\/?s={search_term_string}\"},\"query-input\":{\"@type\":\"PropertyValueSpecification\",\"valueRequired\":true,\"valueName\":\"search_term_string\"}}],\"inLanguage\":\"es\"},{\"@type\":\"Organization\",\"@id\":\"https:\\\/\\\/www.laguiadepamplona.com\\\/actualidad\\\/#organization\",\"name\":\"La Gu\u00eda de Pamplona \\\/ Noticias\",\"url\":\"https:\\\/\\\/www.laguiadepamplona.com\\\/actualidad\\\/\",\"logo\":{\"@type\":\"ImageObject\",\"inLanguage\":\"es\",\"@id\":\"https:\\\/\\\/www.laguiadepamplona.com\\\/actualidad\\\/#\\\/schema\\\/logo\\\/image\\\/\",\"url\":\"https:\\\/\\\/www.laguiadepamplona.com\\\/actualidad\\\/wp-content\\\/uploads\\\/2018\\\/11\\\/logo-laguiadepamplona18-web1.png\",\"contentUrl\":\"https:\\\/\\\/www.laguiadepamplona.com\\\/actualidad\\\/wp-content\\\/uploads\\\/2018\\\/11\\\/logo-laguiadepamplona18-web1.png\",\"width\":600,\"height\":196,\"caption\":\"La Gu\u00eda de Pamplona \\\/ Noticias\"},\"image\":{\"@id\":\"https:\\\/\\\/www.laguiadepamplona.com\\\/actualidad\\\/#\\\/schema\\\/logo\\\/image\\\/\"},\"sameAs\":[\"https:\\\/\\\/www.facebook.com\\\/laguiadepamplonacom-133175176762273\\\/?ref=hl\",\"https:\\\/\\\/x.com\\\/LaGuiadPamplona\",\"https:\\\/\\\/www.instagram.com\\\/la_guia_de_pamplona\\\/\",\"https:\\\/\\\/www.youtube.com\\\/user\\\/laguiadepamplona\"]},{\"@type\":\"Person\",\"@id\":\"https:\\\/\\\/www.laguiadepamplona.com\\\/actualidad\\\/#\\\/schema\\\/person\\\/efe887376f0213d4657c93adc50b1fdb\",\"name\":\"La Gu\u00eda de Pamplona\",\"image\":{\"@type\":\"ImageObject\",\"inLanguage\":\"es\",\"@id\":\"https:\\\/\\\/secure.gravatar.com\\\/avatar\\\/b6992f131dc8d30ab0dff15446e9d346d9dbd95992de0fef795073f5ea83a81c?s=96&d=mm&r=g\",\"url\":\"https:\\\/\\\/secure.gravatar.com\\\/avatar\\\/b6992f131dc8d30ab0dff15446e9d346d9dbd95992de0fef795073f5ea83a81c?s=96&d=mm&r=g\",\"contentUrl\":\"https:\\\/\\\/secure.gravatar.com\\\/avatar\\\/b6992f131dc8d30ab0dff15446e9d346d9dbd95992de0fef795073f5ea83a81c?s=96&d=mm&r=g\",\"caption\":\"La Gu\u00eda de Pamplona\"}}]}<\/script>\n<!-- \/ Yoast SEO plugin. -->","yoast_head_json":{"title":"La fachada se ilumina por el D\u00eda Mundial de la Diabetes, el D\u00eda Nacional de las Enfermedades Neuromusculares y el D\u00eda Mundial en Memoria de las V\u00edctimas de Tr\u00e1fico","description":"La Casa Consistorial se \u2018viste\u2019 hoy lunes de azul, ma\u00f1ana martes de verde y el domingo 20, de amarillo-naranja","robots":{"index":"index","follow":"follow","max-snippet":"max-snippet:-1","max-image-preview":"max-image-preview:large","max-video-preview":"max-video-preview:-1"},"canonical":"https:\/\/www.laguiadepamplona.com\/actualidad\/la-fachada-se-ilumina-por-el-dia-mundial-de-la-diabetes-el-dia-nacional-de-las-enfermedades-neuromusculares-y-el-dia-mundial-en-memoria-de-las-victimas-de-trafico\/","og_locale":"es_ES","og_type":"article","og_title":"La fachada se ilumina por el D\u00eda Mundial de la Diabetes, el D\u00eda Nacional de las Enfermedades Neuromusculares y el D\u00eda Mundial en Memoria de las V\u00edctimas de Tr\u00e1fico","og_description":"La Casa Consistorial se \u2018viste\u2019 hoy lunes de azul, ma\u00f1ana martes de verde y el domingo 20, de amarillo-naranja","og_url":"https:\/\/www.laguiadepamplona.com\/actualidad\/la-fachada-se-ilumina-por-el-dia-mundial-de-la-diabetes-el-dia-nacional-de-las-enfermedades-neuromusculares-y-el-dia-mundial-en-memoria-de-las-victimas-de-trafico\/","og_site_name":"La Gu\u00eda de Pamplona","article_publisher":"https:\/\/www.facebook.com\/laguiadepamplonacom-133175176762273\/?ref=hl","article_published_time":"2022-11-14T15:09:27+00:00","article_modified_time":"2023-04-11T09:47:35+00:00","og_image":[{"width":1920,"height":1280,"url":"https:\/\/www.laguiadepamplona.com\/actualidad\/wp-content\/uploads\/2022\/06\/aytoazul_JGV8938_2.webp","type":"image\/webp"}],"author":"La Gu\u00eda de Pamplona","twitter_card":"summary_large_image","twitter_creator":"@LaGuiadPamplona","twitter_site":"@LaGuiadPamplona","twitter_misc":{"Escrito por":"La Gu\u00eda de Pamplona","Tiempo de lectura":"3 minutos"},"schema":{"@context":"https:\/\/schema.org","@graph":[{"@type":"Article","@id":"https:\/\/www.laguiadepamplona.com\/actualidad\/la-fachada-se-ilumina-por-el-dia-mundial-de-la-diabetes-el-dia-nacional-de-las-enfermedades-neuromusculares-y-el-dia-mundial-en-memoria-de-las-victimas-de-trafico\/#article","isPartOf":{"@id":"https:\/\/www.laguiadepamplona.com\/actualidad\/la-fachada-se-ilumina-por-el-dia-mundial-de-la-diabetes-el-dia-nacional-de-las-enfermedades-neuromusculares-y-el-dia-mundial-en-memoria-de-las-victimas-de-trafico\/"},"author":{"name":"La Gu\u00eda de Pamplona","@id":"https:\/\/www.laguiadepamplona.com\/actualidad\/#\/schema\/person\/efe887376f0213d4657c93adc50b1fdb"},"headline":"La fachada se ilumina por el D\u00eda Mundial de la Diabetes, el D\u00eda Nacional de las Enfermedades Neuromusculares y el D\u00eda Mundial en Memoria de las V\u00edctimas de Tr\u00e1fico","datePublished":"2022-11-14T15:09:27+00:00","dateModified":"2023-04-11T09:47:35+00:00","mainEntityOfPage":{"@id":"https:\/\/www.laguiadepamplona.com\/actualidad\/la-fachada-se-ilumina-por-el-dia-mundial-de-la-diabetes-el-dia-nacional-de-las-enfermedades-neuromusculares-y-el-dia-mundial-en-memoria-de-las-victimas-de-trafico\/"},"wordCount":718,"commentCount":0,"publisher":{"@id":"https:\/\/www.laguiadepamplona.com\/actualidad\/#organization"},"image":{"@id":"https:\/\/www.laguiadepamplona.com\/actualidad\/la-fachada-se-ilumina-por-el-dia-mundial-de-la-diabetes-el-dia-nacional-de-las-enfermedades-neuromusculares-y-el-dia-mundial-en-memoria-de-las-victimas-de-trafico\/#primaryimage"},"thumbnailUrl":"https:\/\/www.laguiadepamplona.com\/actualidad\/wp-content\/uploads\/2022\/06\/aytoazul_JGV8938_2.webp","articleSection":["Ayto Pamplona"],"inLanguage":"es","potentialAction":[{"@type":"CommentAction","name":"Comment","target":["https:\/\/www.laguiadepamplona.com\/actualidad\/la-fachada-se-ilumina-por-el-dia-mundial-de-la-diabetes-el-dia-nacional-de-las-enfermedades-neuromusculares-y-el-dia-mundial-en-memoria-de-las-victimas-de-trafico\/#respond"]}]},{"@type":"WebPage","@id":"https:\/\/www.laguiadepamplona.com\/actualidad\/la-fachada-se-ilumina-por-el-dia-mundial-de-la-diabetes-el-dia-nacional-de-las-enfermedades-neuromusculares-y-el-dia-mundial-en-memoria-de-las-victimas-de-trafico\/","url":"https:\/\/www.laguiadepamplona.com\/actualidad\/la-fachada-se-ilumina-por-el-dia-mundial-de-la-diabetes-el-dia-nacional-de-las-enfermedades-neuromusculares-y-el-dia-mundial-en-memoria-de-las-victimas-de-trafico\/","name":"La fachada se ilumina por el D\u00eda Mundial de la Diabetes, el D\u00eda Nacional de las Enfermedades Neuromusculares y el D\u00eda Mundial en Memoria de las V\u00edctimas de Tr\u00e1fico","isPartOf":{"@id":"https:\/\/www.laguiadepamplona.com\/actualidad\/#website"},"primaryImageOfPage":{"@id":"https:\/\/www.laguiadepamplona.com\/actualidad\/la-fachada-se-ilumina-por-el-dia-mundial-de-la-diabetes-el-dia-nacional-de-las-enfermedades-neuromusculares-y-el-dia-mundial-en-memoria-de-las-victimas-de-trafico\/#primaryimage"},"image":{"@id":"https:\/\/www.laguiadepamplona.com\/actualidad\/la-fachada-se-ilumina-por-el-dia-mundial-de-la-diabetes-el-dia-nacional-de-las-enfermedades-neuromusculares-y-el-dia-mundial-en-memoria-de-las-victimas-de-trafico\/#primaryimage"},"thumbnailUrl":"https:\/\/www.laguiadepamplona.com\/actualidad\/wp-content\/uploads\/2022\/06\/aytoazul_JGV8938_2.webp","datePublished":"2022-11-14T15:09:27+00:00","dateModified":"2023-04-11T09:47:35+00:00","description":"La Casa Consistorial se \u2018viste\u2019 hoy lunes de azul, ma\u00f1ana martes de verde y el domingo 20, de amarillo-naranja","breadcrumb":{"@id":"https:\/\/www.laguiadepamplona.com\/actualidad\/la-fachada-se-ilumina-por-el-dia-mundial-de-la-diabetes-el-dia-nacional-de-las-enfermedades-neuromusculares-y-el-dia-mundial-en-memoria-de-las-victimas-de-trafico\/#breadcrumb"},"inLanguage":"es","potentialAction":[{"@type":"ReadAction","target":["https:\/\/www.laguiadepamplona.com\/actualidad\/la-fachada-se-ilumina-por-el-dia-mundial-de-la-diabetes-el-dia-nacional-de-las-enfermedades-neuromusculares-y-el-dia-mundial-en-memoria-de-las-victimas-de-trafico\/"]}]},{"@type":"ImageObject","inLanguage":"es","@id":"https:\/\/www.laguiadepamplona.com\/actualidad\/la-fachada-se-ilumina-por-el-dia-mundial-de-la-diabetes-el-dia-nacional-de-las-enfermedades-neuromusculares-y-el-dia-mundial-en-memoria-de-las-victimas-de-trafico\/#primaryimage","url":"https:\/\/www.laguiadepamplona.com\/actualidad\/wp-content\/uploads\/2022\/06\/aytoazul_JGV8938_2.webp","contentUrl":"https:\/\/www.laguiadepamplona.com\/actualidad\/wp-content\/uploads\/2022\/06\/aytoazul_JGV8938_2.webp","width":1920,"height":1280},{"@type":"BreadcrumbList","@id":"https:\/\/www.laguiadepamplona.com\/actualidad\/la-fachada-se-ilumina-por-el-dia-mundial-de-la-diabetes-el-dia-nacional-de-las-enfermedades-neuromusculares-y-el-dia-mundial-en-memoria-de-las-victimas-de-trafico\/#breadcrumb","itemListElement":[{"@type":"ListItem","position":1,"name":"Portada","item":"https:\/\/www.laguiadepamplona.com\/actualidad\/"},{"@type":"ListItem","position":2,"name":"La fachada se ilumina por el D\u00eda Mundial de la Diabetes, el D\u00eda Nacional de las Enfermedades Neuromusculares y el D\u00eda Mundial en Memoria de las V\u00edctimas de Tr\u00e1fico"}]},{"@type":"WebSite","@id":"https:\/\/www.laguiadepamplona.com\/actualidad\/#website","url":"https:\/\/www.laguiadepamplona.com\/actualidad\/","name":"La gu\u00eda de Pamplona","description":"Noticias de Pamplona","publisher":{"@id":"https:\/\/www.laguiadepamplona.com\/actualidad\/#organization"},"potentialAction":[{"@type":"SearchAction","target":{"@type":"EntryPoint","urlTemplate":"https:\/\/www.laguiadepamplona.com\/actualidad\/?s={search_term_string}"},"query-input":{"@type":"PropertyValueSpecification","valueRequired":true,"valueName":"search_term_string"}}],"inLanguage":"es"},{"@type":"Organization","@id":"https:\/\/www.laguiadepamplona.com\/actualidad\/#organization","name":"La Gu\u00eda de Pamplona \/ Noticias","url":"https:\/\/www.laguiadepamplona.com\/actualidad\/","logo":{"@type":"ImageObject","inLanguage":"es","@id":"https:\/\/www.laguiadepamplona.com\/actualidad\/#\/schema\/logo\/image\/","url":"https:\/\/www.laguiadepamplona.com\/actualidad\/wp-content\/uploads\/2018\/11\/logo-laguiadepamplona18-web1.png","contentUrl":"https:\/\/www.laguiadepamplona.com\/actualidad\/wp-content\/uploads\/2018\/11\/logo-laguiadepamplona18-web1.png","width":600,"height":196,"caption":"La Gu\u00eda de Pamplona \/ Noticias"},"image":{"@id":"https:\/\/www.laguiadepamplona.com\/actualidad\/#\/schema\/logo\/image\/"},"sameAs":["https:\/\/www.facebook.com\/laguiadepamplonacom-133175176762273\/?ref=hl","https:\/\/x.com\/LaGuiadPamplona","https:\/\/www.instagram.com\/la_guia_de_pamplona\/","https:\/\/www.youtube.com\/user\/laguiadepamplona"]},{"@type":"Person","@id":"https:\/\/www.laguiadepamplona.com\/actualidad\/#\/schema\/person\/efe887376f0213d4657c93adc50b1fdb","name":"La Gu\u00eda de Pamplona","image":{"@type":"ImageObject","inLanguage":"es","@id":"https:\/\/secure.gravatar.com\/avatar\/b6992f131dc8d30ab0dff15446e9d346d9dbd95992de0fef795073f5ea83a81c?s=96&d=mm&r=g","url":"https:\/\/secure.gravatar.com\/avatar\/b6992f131dc8d30ab0dff15446e9d346d9dbd95992de0fef795073f5ea83a81c?s=96&d=mm&r=g","contentUrl":"https:\/\/secure.gravatar.com\/avatar\/b6992f131dc8d30ab0dff15446e9d346d9dbd95992de0fef795073f5ea83a81c?s=96&d=mm&r=g","caption":"La Gu\u00eda de Pamplona"}}]}},"post_mailing_queue_ids":[],"_links":{"self":[{"href":"https:\/\/www.laguiadepamplona.com\/actualidad\/wp-json\/wp\/v2\/posts\/42186","targetHints":{"allow":["GET"]}}],"collection":[{"href":"https:\/\/www.laguiadepamplona.com\/actualidad\/wp-json\/wp\/v2\/posts"}],"about":[{"href":"https:\/\/www.laguiadepamplona.com\/actualidad\/wp-json\/wp\/v2\/types\/post"}],"author":[{"embeddable":true,"href":"https:\/\/www.laguiadepamplona.com\/actualidad\/wp-json\/wp\/v2\/users\/1"}],"replies":[{"embeddable":true,"href":"https:\/\/www.laguiadepamplona.com\/actualidad\/wp-json\/wp\/v2\/comments?post=42186"}],"version-history":[{"count":0,"href":"https:\/\/www.laguiadepamplona.com\/actualidad\/wp-json\/wp\/v2\/posts\/42186\/revisions"}],"wp:featuredmedia":[{"embeddable":true,"href":"https:\/\/www.laguiadepamplona.com\/actualidad\/wp-json\/wp\/v2\/media\/40806"}],"wp:attachment":[{"href":"https:\/\/www.laguiadepamplona.com\/actualidad\/wp-json\/wp\/v2\/media?parent=42186"}],"wp:term":[{"taxonomy":"category","embeddable":true,"href":"https:\/\/www.laguiadepamplona.com\/actualidad\/wp-json\/wp\/v2\/categories?post=42186"},{"taxonomy":"post_tag","embeddable":true,"href":"https:\/\/www.laguiadepamplona.com\/actualidad\/wp-json\/wp\/v2\/tags?post=42186"}],"curies":[{"name":"wp","href":"https:\/\/api.w.org\/{rel}","templated":true}]}}