{"id":42180,"date":"2022-11-11T13:59:22","date_gmt":"2022-11-11T11:59:22","guid":{"rendered":"https:\/\/www.laguiadepamplona.com\/actualidad\/?p=42180"},"modified":"2023-04-11T11:47:35","modified_gmt":"2023-04-11T09:47:35","slug":"creacion-sonora-experimental-y-videodanza-se-fusionan-en-sonidos-del-cuerpo-un-proyecto-que-ghislaine-verano-presenta-en-el-horno-de-la-ciudadela","status":"publish","type":"post","link":"https:\/\/www.laguiadepamplona.com\/actualidad\/creacion-sonora-experimental-y-videodanza-se-fusionan-en-sonidos-del-cuerpo-un-proyecto-que-ghislaine-verano-presenta-en-el-horno-de-la-ciudadela\/","title":{"rendered":"Creaci\u00f3n sonora experimental y videodanza se fusionan en \u2018Sonidos del cuerpo\u2019, un proyecto que Ghislaine Verano presenta en el Horno de la Ciudadela"},"content":{"rendered":"<h5>La instalaci\u00f3n, que se podr\u00e1 visitar hasta el 8 de enero, crea un espacio para la observaci\u00f3n meditativa<\/h5>\n<p><!--more--><\/p>\n<p>\u2018Sonidos del cuerpo\u2019 es la propuesta que el Horno de la Ciudadela acoger\u00e1 hasta el pr\u00f3ximo 8 de enero. Se trata de una creaci\u00f3n de Ghislaine Verano, que contiene una instalaci\u00f3n audiovisual enfocada en los sonidos que genera el cuerpo, y que se activa mediante una propuesta performativa. Se crea un espacio para la observaci\u00f3n meditativa, en el que se incluye videodanza y creaci\u00f3n sonora experimental.<\/p>\n<p>Este viernes por la tarde tendr\u00e1 lugar la <em>performance<\/em> con la que se abrir\u00e1 la muestra y, a partir de entonces, quedar\u00e1 expuesta. A modo de ritual, cinco int\u00e9rpretes llevar\u00e1n al movimiento distintos sonidos del cuerpo, jugando con el espacio e invitando al p\u00fablico a cambiar su punto de perspectiva. Se realizar\u00e1n m\u00e1s activaciones perform\u00e1ticas durante el tiempo que la instalaci\u00f3n est\u00e9 abierta en el Horno. La <em>performance<\/em> est\u00e1 adaptada a personas sordas.<br \/>\n<script async src=\"\/\/pagead2.googlesyndication.com\/pagead\/js\/adsbygoogle.js\"><\/script><br \/>\n<!-- Noticias La Guia de Pamplona --><br \/>\n<ins class=\"adsbygoogle\"\nstyle=\"display:block\"\ndata-ad-client=\"ca-pub-6943679897239327\"\ndata-ad-slot=\"7048180777\"\ndata-ad-format=\"auto\"><\/ins><br \/>\n<script>\n(adsbygoogle = window.adsbygoogle || []).push({});\n<\/script><\/p>\n<p>En la performance-ritual que activa la instalaci\u00f3n participan cinco bailarines y bailarinas, Carmen Larraz, Martin Los Arcos, Stefano Mattiello, In\u00e9s Aubert Boadilla e Irina Tcymbal, con la creaci\u00f3n sonora de Hilario Rodeiro y los v\u00eddeos de Santi Echeverr\u00eda. Tambi\u00e9n han participado en el proceso de creaci\u00f3n y desarrollo de este proyecto el investigador sonoro Xabier Erkizia, el videocreador Miguel Eraso, la actriz Kitti Arozena, otros bailarines y bailarinas como Asier Gonzalez y Harritxu de Atxa o Ilazki Martirena como encargada de vestuario.<\/p>\n<p>El director de Cultura e Igualdad del Ayuntamiento de Pamplona, Jorge Urd\u00e1noz, y la creadora de \u2018Sonidos del cuerpo\u2019, Ghislaine Verano, han presentado esta ma\u00f1ana esta nueva propuesta art\u00edstica y cultural. Este proyecto ha sido apoyado para su creaci\u00f3n y producci\u00f3n por el Gobierno de Navarra, Centro Huarte, La Faktoria, Azala Centro de Creaci\u00f3n y DNA 2021.<br \/>\n<script async src=\"\/\/pagead2.googlesyndication.com\/pagead\/js\/adsbygoogle.js\"><\/script><br \/>\n<!-- Noticias La Guia de Pamplona --><br \/>\n<ins class=\"adsbygoogle\"\nstyle=\"display:block\"\ndata-ad-client=\"ca-pub-6943679897239327\"\ndata-ad-slot=\"7048180777\"\ndata-ad-format=\"auto\"><\/ins><br \/>\n<script>\n(adsbygoogle = window.adsbygoogle || []).push({});\n<\/script><\/p>\n<p><strong>Espacio de observaci\u00f3n y atenci\u00f3n<\/strong><\/p>\n<p>Esta creaci\u00f3n deriva de un proyecto que Ghislaine Verano lleva a\u00f1os desarrollando sobre el cuidado y el respeto, en el que ha sentido la necesidad de trabajar la observaci\u00f3n profunda, la atenci\u00f3n pausada, que da lugar a un mundo que se amplifica y llena de detalles. Ha enfocado esa observaci\u00f3n en los sentidos y, en este caso, en el auditivo, de una forma m\u00e1s amplia, sabiendo que los sonidos afectan incluso aunque no se es consciente de que est\u00e1n. Es un espacio para el cuidado y la pausa, que no siempre son c\u00f3modas.<\/p>\n<p>En la instalaci\u00f3n performativa, se han seleccionado cinco sonidos que el cuerpo realiza de forma autom\u00e1tica. Uno de ellos es controlable, adem\u00e1s de autom\u00e1tico, y otro de ellos no todas las personas lo oyen. A nivel sonoro, lo que se muestra en \u2018Sonidos del Cuerpo\u2019 es una amplificaci\u00f3n de sonidos reales que generan otro mundo y la relaci\u00f3n entre dos microcosmos, como son el cuerpo humano y el cuerpo urbano. Como un funcionamiento casi id\u00e9ntico, se generan sonidos tan semejantes como distintos y muy f\u00e1cilmente relacionables.<br \/>\n<script async src=\"\/\/pagead2.googlesyndication.com\/pagead\/js\/adsbygoogle.js\"><\/script><br \/>\n<!-- Noticias La Guia de Pamplona --><br \/>\n<ins class=\"adsbygoogle\"\nstyle=\"display:block\"\ndata-ad-client=\"ca-pub-6943679897239327\"\ndata-ad-slot=\"7048180777\"\ndata-ad-format=\"auto\"><\/ins><br \/>\n<script>\n(adsbygoogle = window.adsbygoogle || []).push({});\n<\/script><\/p>\n<p>A nivel f\u00edsico, la investigaci\u00f3n se ha centrado en encontrar qu\u00e9 le sucede al cuerpo con esta amplificaci\u00f3n de sonidos. Para ello se han buscado movimientos, f\u00f3rmulas coreogr\u00e1ficas no aprendidas, buscando extirpar de los bailarines y bailarinas ese cuerpo estereotipado para ofrecer algo m\u00e1s aut\u00e9ntico.<\/p>\n","protected":false},"excerpt":{"rendered":"<p>La instalaci\u00f3n, que se podr\u00e1 visitar hasta el 8 de enero, crea un espacio para la observaci\u00f3n meditativa<\/p>\n","protected":false},"author":1,"featured_media":17342,"comment_status":"open","ping_status":"closed","sticky":false,"template":"","format":"standard","meta":{"footnotes":""},"categories":[2],"tags":[],"class_list":["post-42180","post","type-post","status-publish","format-standard","has-post-thumbnail","hentry","category-ayuntamiento-pamplona"],"yoast_head":"<!-- This site is optimized with the Yoast SEO plugin v27.3 - https:\/\/yoast.com\/product\/yoast-seo-wordpress\/ -->\n<title>Creaci\u00f3n sonora experimental y videodanza se fusionan en \u2018Sonidos del cuerpo\u2019, un proyecto que Ghislaine Verano presenta en el Horno de la Ciudadela<\/title>\n<meta name=\"description\" content=\"La instalaci\u00f3n, que se podr\u00e1 visitar hasta el 8 de enero, crea un espacio para la observaci\u00f3n meditativa\" \/>\n<meta name=\"robots\" content=\"index, follow, max-snippet:-1, max-image-preview:large, max-video-preview:-1\" \/>\n<link rel=\"canonical\" href=\"https:\/\/www.laguiadepamplona.com\/actualidad\/creacion-sonora-experimental-y-videodanza-se-fusionan-en-sonidos-del-cuerpo-un-proyecto-que-ghislaine-verano-presenta-en-el-horno-de-la-ciudadela\/\" \/>\n<meta property=\"og:locale\" content=\"es_ES\" \/>\n<meta property=\"og:type\" content=\"article\" \/>\n<meta property=\"og:title\" content=\"Creaci\u00f3n sonora experimental y videodanza se fusionan en \u2018Sonidos del cuerpo\u2019, un proyecto que Ghislaine Verano presenta en el Horno de la Ciudadela\" \/>\n<meta property=\"og:description\" content=\"La instalaci\u00f3n, que se podr\u00e1 visitar hasta el 8 de enero, crea un espacio para la observaci\u00f3n meditativa\" \/>\n<meta property=\"og:url\" content=\"https:\/\/www.laguiadepamplona.com\/actualidad\/creacion-sonora-experimental-y-videodanza-se-fusionan-en-sonidos-del-cuerpo-un-proyecto-que-ghislaine-verano-presenta-en-el-horno-de-la-ciudadela\/\" \/>\n<meta property=\"og:site_name\" content=\"La Gu\u00eda de Pamplona\" \/>\n<meta property=\"article:publisher\" content=\"https:\/\/www.facebook.com\/laguiadepamplonacom-133175176762273\/?ref=hl\" \/>\n<meta property=\"article:published_time\" content=\"2022-11-11T11:59:22+00:00\" \/>\n<meta property=\"article:modified_time\" content=\"2023-04-11T09:47:35+00:00\" \/>\n<meta property=\"og:image\" content=\"https:\/\/www.laguiadepamplona.com\/actualidad\/wp-content\/uploads\/2018\/05\/horno-ciudadela.jpg\" \/>\n\t<meta property=\"og:image:width\" content=\"1000\" \/>\n\t<meta property=\"og:image:height\" content=\"667\" \/>\n\t<meta property=\"og:image:type\" content=\"image\/jpeg\" \/>\n<meta name=\"author\" content=\"La Gu\u00eda de Pamplona\" \/>\n<meta name=\"twitter:card\" content=\"summary_large_image\" \/>\n<meta name=\"twitter:creator\" content=\"@LaGuiadPamplona\" \/>\n<meta name=\"twitter:site\" content=\"@LaGuiadPamplona\" \/>\n<meta name=\"twitter:label1\" content=\"Escrito por\" \/>\n\t<meta name=\"twitter:data1\" content=\"La Gu\u00eda de Pamplona\" \/>\n\t<meta name=\"twitter:label2\" content=\"Tiempo de lectura\" \/>\n\t<meta name=\"twitter:data2\" content=\"3 minutos\" \/>\n<script type=\"application\/ld+json\" class=\"yoast-schema-graph\">{\"@context\":\"https:\\\/\\\/schema.org\",\"@graph\":[{\"@type\":\"Article\",\"@id\":\"https:\\\/\\\/www.laguiadepamplona.com\\\/actualidad\\\/creacion-sonora-experimental-y-videodanza-se-fusionan-en-sonidos-del-cuerpo-un-proyecto-que-ghislaine-verano-presenta-en-el-horno-de-la-ciudadela\\\/#article\",\"isPartOf\":{\"@id\":\"https:\\\/\\\/www.laguiadepamplona.com\\\/actualidad\\\/creacion-sonora-experimental-y-videodanza-se-fusionan-en-sonidos-del-cuerpo-un-proyecto-que-ghislaine-verano-presenta-en-el-horno-de-la-ciudadela\\\/\"},\"author\":{\"name\":\"La Gu\u00eda de Pamplona\",\"@id\":\"https:\\\/\\\/www.laguiadepamplona.com\\\/actualidad\\\/#\\\/schema\\\/person\\\/efe887376f0213d4657c93adc50b1fdb\"},\"headline\":\"Creaci\u00f3n sonora experimental y videodanza se fusionan en \u2018Sonidos del cuerpo\u2019, un proyecto que Ghislaine Verano presenta en el Horno de la Ciudadela\",\"datePublished\":\"2022-11-11T11:59:22+00:00\",\"dateModified\":\"2023-04-11T09:47:35+00:00\",\"mainEntityOfPage\":{\"@id\":\"https:\\\/\\\/www.laguiadepamplona.com\\\/actualidad\\\/creacion-sonora-experimental-y-videodanza-se-fusionan-en-sonidos-del-cuerpo-un-proyecto-que-ghislaine-verano-presenta-en-el-horno-de-la-ciudadela\\\/\"},\"wordCount\":598,\"commentCount\":0,\"publisher\":{\"@id\":\"https:\\\/\\\/www.laguiadepamplona.com\\\/actualidad\\\/#organization\"},\"image\":{\"@id\":\"https:\\\/\\\/www.laguiadepamplona.com\\\/actualidad\\\/creacion-sonora-experimental-y-videodanza-se-fusionan-en-sonidos-del-cuerpo-un-proyecto-que-ghislaine-verano-presenta-en-el-horno-de-la-ciudadela\\\/#primaryimage\"},\"thumbnailUrl\":\"https:\\\/\\\/www.laguiadepamplona.com\\\/actualidad\\\/wp-content\\\/uploads\\\/2018\\\/05\\\/horno-ciudadela.jpg\",\"articleSection\":[\"Ayto Pamplona\"],\"inLanguage\":\"es\",\"potentialAction\":[{\"@type\":\"CommentAction\",\"name\":\"Comment\",\"target\":[\"https:\\\/\\\/www.laguiadepamplona.com\\\/actualidad\\\/creacion-sonora-experimental-y-videodanza-se-fusionan-en-sonidos-del-cuerpo-un-proyecto-que-ghislaine-verano-presenta-en-el-horno-de-la-ciudadela\\\/#respond\"]}]},{\"@type\":\"WebPage\",\"@id\":\"https:\\\/\\\/www.laguiadepamplona.com\\\/actualidad\\\/creacion-sonora-experimental-y-videodanza-se-fusionan-en-sonidos-del-cuerpo-un-proyecto-que-ghislaine-verano-presenta-en-el-horno-de-la-ciudadela\\\/\",\"url\":\"https:\\\/\\\/www.laguiadepamplona.com\\\/actualidad\\\/creacion-sonora-experimental-y-videodanza-se-fusionan-en-sonidos-del-cuerpo-un-proyecto-que-ghislaine-verano-presenta-en-el-horno-de-la-ciudadela\\\/\",\"name\":\"Creaci\u00f3n sonora experimental y videodanza se fusionan en \u2018Sonidos del cuerpo\u2019, un proyecto que Ghislaine Verano presenta en el Horno de la Ciudadela\",\"isPartOf\":{\"@id\":\"https:\\\/\\\/www.laguiadepamplona.com\\\/actualidad\\\/#website\"},\"primaryImageOfPage\":{\"@id\":\"https:\\\/\\\/www.laguiadepamplona.com\\\/actualidad\\\/creacion-sonora-experimental-y-videodanza-se-fusionan-en-sonidos-del-cuerpo-un-proyecto-que-ghislaine-verano-presenta-en-el-horno-de-la-ciudadela\\\/#primaryimage\"},\"image\":{\"@id\":\"https:\\\/\\\/www.laguiadepamplona.com\\\/actualidad\\\/creacion-sonora-experimental-y-videodanza-se-fusionan-en-sonidos-del-cuerpo-un-proyecto-que-ghislaine-verano-presenta-en-el-horno-de-la-ciudadela\\\/#primaryimage\"},\"thumbnailUrl\":\"https:\\\/\\\/www.laguiadepamplona.com\\\/actualidad\\\/wp-content\\\/uploads\\\/2018\\\/05\\\/horno-ciudadela.jpg\",\"datePublished\":\"2022-11-11T11:59:22+00:00\",\"dateModified\":\"2023-04-11T09:47:35+00:00\",\"description\":\"La instalaci\u00f3n, que se podr\u00e1 visitar hasta el 8 de enero, crea un espacio para la observaci\u00f3n meditativa\",\"breadcrumb\":{\"@id\":\"https:\\\/\\\/www.laguiadepamplona.com\\\/actualidad\\\/creacion-sonora-experimental-y-videodanza-se-fusionan-en-sonidos-del-cuerpo-un-proyecto-que-ghislaine-verano-presenta-en-el-horno-de-la-ciudadela\\\/#breadcrumb\"},\"inLanguage\":\"es\",\"potentialAction\":[{\"@type\":\"ReadAction\",\"target\":[\"https:\\\/\\\/www.laguiadepamplona.com\\\/actualidad\\\/creacion-sonora-experimental-y-videodanza-se-fusionan-en-sonidos-del-cuerpo-un-proyecto-que-ghislaine-verano-presenta-en-el-horno-de-la-ciudadela\\\/\"]}]},{\"@type\":\"ImageObject\",\"inLanguage\":\"es\",\"@id\":\"https:\\\/\\\/www.laguiadepamplona.com\\\/actualidad\\\/creacion-sonora-experimental-y-videodanza-se-fusionan-en-sonidos-del-cuerpo-un-proyecto-que-ghislaine-verano-presenta-en-el-horno-de-la-ciudadela\\\/#primaryimage\",\"url\":\"https:\\\/\\\/www.laguiadepamplona.com\\\/actualidad\\\/wp-content\\\/uploads\\\/2018\\\/05\\\/horno-ciudadela.jpg\",\"contentUrl\":\"https:\\\/\\\/www.laguiadepamplona.com\\\/actualidad\\\/wp-content\\\/uploads\\\/2018\\\/05\\\/horno-ciudadela.jpg\",\"width\":1000,\"height\":667},{\"@type\":\"BreadcrumbList\",\"@id\":\"https:\\\/\\\/www.laguiadepamplona.com\\\/actualidad\\\/creacion-sonora-experimental-y-videodanza-se-fusionan-en-sonidos-del-cuerpo-un-proyecto-que-ghislaine-verano-presenta-en-el-horno-de-la-ciudadela\\\/#breadcrumb\",\"itemListElement\":[{\"@type\":\"ListItem\",\"position\":1,\"name\":\"Portada\",\"item\":\"https:\\\/\\\/www.laguiadepamplona.com\\\/actualidad\\\/\"},{\"@type\":\"ListItem\",\"position\":2,\"name\":\"Creaci\u00f3n sonora experimental y videodanza se fusionan en \u2018Sonidos del cuerpo\u2019, un proyecto que Ghislaine Verano presenta en el Horno de la Ciudadela\"}]},{\"@type\":\"WebSite\",\"@id\":\"https:\\\/\\\/www.laguiadepamplona.com\\\/actualidad\\\/#website\",\"url\":\"https:\\\/\\\/www.laguiadepamplona.com\\\/actualidad\\\/\",\"name\":\"La gu\u00eda de Pamplona\",\"description\":\"Noticias de Pamplona\",\"publisher\":{\"@id\":\"https:\\\/\\\/www.laguiadepamplona.com\\\/actualidad\\\/#organization\"},\"potentialAction\":[{\"@type\":\"SearchAction\",\"target\":{\"@type\":\"EntryPoint\",\"urlTemplate\":\"https:\\\/\\\/www.laguiadepamplona.com\\\/actualidad\\\/?s={search_term_string}\"},\"query-input\":{\"@type\":\"PropertyValueSpecification\",\"valueRequired\":true,\"valueName\":\"search_term_string\"}}],\"inLanguage\":\"es\"},{\"@type\":\"Organization\",\"@id\":\"https:\\\/\\\/www.laguiadepamplona.com\\\/actualidad\\\/#organization\",\"name\":\"La Gu\u00eda de Pamplona \\\/ Noticias\",\"url\":\"https:\\\/\\\/www.laguiadepamplona.com\\\/actualidad\\\/\",\"logo\":{\"@type\":\"ImageObject\",\"inLanguage\":\"es\",\"@id\":\"https:\\\/\\\/www.laguiadepamplona.com\\\/actualidad\\\/#\\\/schema\\\/logo\\\/image\\\/\",\"url\":\"https:\\\/\\\/www.laguiadepamplona.com\\\/actualidad\\\/wp-content\\\/uploads\\\/2018\\\/11\\\/logo-laguiadepamplona18-web1.png\",\"contentUrl\":\"https:\\\/\\\/www.laguiadepamplona.com\\\/actualidad\\\/wp-content\\\/uploads\\\/2018\\\/11\\\/logo-laguiadepamplona18-web1.png\",\"width\":600,\"height\":196,\"caption\":\"La Gu\u00eda de Pamplona \\\/ Noticias\"},\"image\":{\"@id\":\"https:\\\/\\\/www.laguiadepamplona.com\\\/actualidad\\\/#\\\/schema\\\/logo\\\/image\\\/\"},\"sameAs\":[\"https:\\\/\\\/www.facebook.com\\\/laguiadepamplonacom-133175176762273\\\/?ref=hl\",\"https:\\\/\\\/x.com\\\/LaGuiadPamplona\",\"https:\\\/\\\/www.instagram.com\\\/la_guia_de_pamplona\\\/\",\"https:\\\/\\\/www.youtube.com\\\/user\\\/laguiadepamplona\"]},{\"@type\":\"Person\",\"@id\":\"https:\\\/\\\/www.laguiadepamplona.com\\\/actualidad\\\/#\\\/schema\\\/person\\\/efe887376f0213d4657c93adc50b1fdb\",\"name\":\"La Gu\u00eda de Pamplona\",\"image\":{\"@type\":\"ImageObject\",\"inLanguage\":\"es\",\"@id\":\"https:\\\/\\\/secure.gravatar.com\\\/avatar\\\/b6992f131dc8d30ab0dff15446e9d346d9dbd95992de0fef795073f5ea83a81c?s=96&d=mm&r=g\",\"url\":\"https:\\\/\\\/secure.gravatar.com\\\/avatar\\\/b6992f131dc8d30ab0dff15446e9d346d9dbd95992de0fef795073f5ea83a81c?s=96&d=mm&r=g\",\"contentUrl\":\"https:\\\/\\\/secure.gravatar.com\\\/avatar\\\/b6992f131dc8d30ab0dff15446e9d346d9dbd95992de0fef795073f5ea83a81c?s=96&d=mm&r=g\",\"caption\":\"La Gu\u00eda de Pamplona\"}}]}<\/script>\n<!-- \/ Yoast SEO plugin. -->","yoast_head_json":{"title":"Creaci\u00f3n sonora experimental y videodanza se fusionan en \u2018Sonidos del cuerpo\u2019, un proyecto que Ghislaine Verano presenta en el Horno de la Ciudadela","description":"La instalaci\u00f3n, que se podr\u00e1 visitar hasta el 8 de enero, crea un espacio para la observaci\u00f3n meditativa","robots":{"index":"index","follow":"follow","max-snippet":"max-snippet:-1","max-image-preview":"max-image-preview:large","max-video-preview":"max-video-preview:-1"},"canonical":"https:\/\/www.laguiadepamplona.com\/actualidad\/creacion-sonora-experimental-y-videodanza-se-fusionan-en-sonidos-del-cuerpo-un-proyecto-que-ghislaine-verano-presenta-en-el-horno-de-la-ciudadela\/","og_locale":"es_ES","og_type":"article","og_title":"Creaci\u00f3n sonora experimental y videodanza se fusionan en \u2018Sonidos del cuerpo\u2019, un proyecto que Ghislaine Verano presenta en el Horno de la Ciudadela","og_description":"La instalaci\u00f3n, que se podr\u00e1 visitar hasta el 8 de enero, crea un espacio para la observaci\u00f3n meditativa","og_url":"https:\/\/www.laguiadepamplona.com\/actualidad\/creacion-sonora-experimental-y-videodanza-se-fusionan-en-sonidos-del-cuerpo-un-proyecto-que-ghislaine-verano-presenta-en-el-horno-de-la-ciudadela\/","og_site_name":"La Gu\u00eda de Pamplona","article_publisher":"https:\/\/www.facebook.com\/laguiadepamplonacom-133175176762273\/?ref=hl","article_published_time":"2022-11-11T11:59:22+00:00","article_modified_time":"2023-04-11T09:47:35+00:00","og_image":[{"width":1000,"height":667,"url":"https:\/\/www.laguiadepamplona.com\/actualidad\/wp-content\/uploads\/2018\/05\/horno-ciudadela.jpg","type":"image\/jpeg"}],"author":"La Gu\u00eda de Pamplona","twitter_card":"summary_large_image","twitter_creator":"@LaGuiadPamplona","twitter_site":"@LaGuiadPamplona","twitter_misc":{"Escrito por":"La Gu\u00eda de Pamplona","Tiempo de lectura":"3 minutos"},"schema":{"@context":"https:\/\/schema.org","@graph":[{"@type":"Article","@id":"https:\/\/www.laguiadepamplona.com\/actualidad\/creacion-sonora-experimental-y-videodanza-se-fusionan-en-sonidos-del-cuerpo-un-proyecto-que-ghislaine-verano-presenta-en-el-horno-de-la-ciudadela\/#article","isPartOf":{"@id":"https:\/\/www.laguiadepamplona.com\/actualidad\/creacion-sonora-experimental-y-videodanza-se-fusionan-en-sonidos-del-cuerpo-un-proyecto-que-ghislaine-verano-presenta-en-el-horno-de-la-ciudadela\/"},"author":{"name":"La Gu\u00eda de Pamplona","@id":"https:\/\/www.laguiadepamplona.com\/actualidad\/#\/schema\/person\/efe887376f0213d4657c93adc50b1fdb"},"headline":"Creaci\u00f3n sonora experimental y videodanza se fusionan en \u2018Sonidos del cuerpo\u2019, un proyecto que Ghislaine Verano presenta en el Horno de la Ciudadela","datePublished":"2022-11-11T11:59:22+00:00","dateModified":"2023-04-11T09:47:35+00:00","mainEntityOfPage":{"@id":"https:\/\/www.laguiadepamplona.com\/actualidad\/creacion-sonora-experimental-y-videodanza-se-fusionan-en-sonidos-del-cuerpo-un-proyecto-que-ghislaine-verano-presenta-en-el-horno-de-la-ciudadela\/"},"wordCount":598,"commentCount":0,"publisher":{"@id":"https:\/\/www.laguiadepamplona.com\/actualidad\/#organization"},"image":{"@id":"https:\/\/www.laguiadepamplona.com\/actualidad\/creacion-sonora-experimental-y-videodanza-se-fusionan-en-sonidos-del-cuerpo-un-proyecto-que-ghislaine-verano-presenta-en-el-horno-de-la-ciudadela\/#primaryimage"},"thumbnailUrl":"https:\/\/www.laguiadepamplona.com\/actualidad\/wp-content\/uploads\/2018\/05\/horno-ciudadela.jpg","articleSection":["Ayto Pamplona"],"inLanguage":"es","potentialAction":[{"@type":"CommentAction","name":"Comment","target":["https:\/\/www.laguiadepamplona.com\/actualidad\/creacion-sonora-experimental-y-videodanza-se-fusionan-en-sonidos-del-cuerpo-un-proyecto-que-ghislaine-verano-presenta-en-el-horno-de-la-ciudadela\/#respond"]}]},{"@type":"WebPage","@id":"https:\/\/www.laguiadepamplona.com\/actualidad\/creacion-sonora-experimental-y-videodanza-se-fusionan-en-sonidos-del-cuerpo-un-proyecto-que-ghislaine-verano-presenta-en-el-horno-de-la-ciudadela\/","url":"https:\/\/www.laguiadepamplona.com\/actualidad\/creacion-sonora-experimental-y-videodanza-se-fusionan-en-sonidos-del-cuerpo-un-proyecto-que-ghislaine-verano-presenta-en-el-horno-de-la-ciudadela\/","name":"Creaci\u00f3n sonora experimental y videodanza se fusionan en \u2018Sonidos del cuerpo\u2019, un proyecto que Ghislaine Verano presenta en el Horno de la Ciudadela","isPartOf":{"@id":"https:\/\/www.laguiadepamplona.com\/actualidad\/#website"},"primaryImageOfPage":{"@id":"https:\/\/www.laguiadepamplona.com\/actualidad\/creacion-sonora-experimental-y-videodanza-se-fusionan-en-sonidos-del-cuerpo-un-proyecto-que-ghislaine-verano-presenta-en-el-horno-de-la-ciudadela\/#primaryimage"},"image":{"@id":"https:\/\/www.laguiadepamplona.com\/actualidad\/creacion-sonora-experimental-y-videodanza-se-fusionan-en-sonidos-del-cuerpo-un-proyecto-que-ghislaine-verano-presenta-en-el-horno-de-la-ciudadela\/#primaryimage"},"thumbnailUrl":"https:\/\/www.laguiadepamplona.com\/actualidad\/wp-content\/uploads\/2018\/05\/horno-ciudadela.jpg","datePublished":"2022-11-11T11:59:22+00:00","dateModified":"2023-04-11T09:47:35+00:00","description":"La instalaci\u00f3n, que se podr\u00e1 visitar hasta el 8 de enero, crea un espacio para la observaci\u00f3n meditativa","breadcrumb":{"@id":"https:\/\/www.laguiadepamplona.com\/actualidad\/creacion-sonora-experimental-y-videodanza-se-fusionan-en-sonidos-del-cuerpo-un-proyecto-que-ghislaine-verano-presenta-en-el-horno-de-la-ciudadela\/#breadcrumb"},"inLanguage":"es","potentialAction":[{"@type":"ReadAction","target":["https:\/\/www.laguiadepamplona.com\/actualidad\/creacion-sonora-experimental-y-videodanza-se-fusionan-en-sonidos-del-cuerpo-un-proyecto-que-ghislaine-verano-presenta-en-el-horno-de-la-ciudadela\/"]}]},{"@type":"ImageObject","inLanguage":"es","@id":"https:\/\/www.laguiadepamplona.com\/actualidad\/creacion-sonora-experimental-y-videodanza-se-fusionan-en-sonidos-del-cuerpo-un-proyecto-que-ghislaine-verano-presenta-en-el-horno-de-la-ciudadela\/#primaryimage","url":"https:\/\/www.laguiadepamplona.com\/actualidad\/wp-content\/uploads\/2018\/05\/horno-ciudadela.jpg","contentUrl":"https:\/\/www.laguiadepamplona.com\/actualidad\/wp-content\/uploads\/2018\/05\/horno-ciudadela.jpg","width":1000,"height":667},{"@type":"BreadcrumbList","@id":"https:\/\/www.laguiadepamplona.com\/actualidad\/creacion-sonora-experimental-y-videodanza-se-fusionan-en-sonidos-del-cuerpo-un-proyecto-que-ghislaine-verano-presenta-en-el-horno-de-la-ciudadela\/#breadcrumb","itemListElement":[{"@type":"ListItem","position":1,"name":"Portada","item":"https:\/\/www.laguiadepamplona.com\/actualidad\/"},{"@type":"ListItem","position":2,"name":"Creaci\u00f3n sonora experimental y videodanza se fusionan en \u2018Sonidos del cuerpo\u2019, un proyecto que Ghislaine Verano presenta en el Horno de la Ciudadela"}]},{"@type":"WebSite","@id":"https:\/\/www.laguiadepamplona.com\/actualidad\/#website","url":"https:\/\/www.laguiadepamplona.com\/actualidad\/","name":"La gu\u00eda de Pamplona","description":"Noticias de Pamplona","publisher":{"@id":"https:\/\/www.laguiadepamplona.com\/actualidad\/#organization"},"potentialAction":[{"@type":"SearchAction","target":{"@type":"EntryPoint","urlTemplate":"https:\/\/www.laguiadepamplona.com\/actualidad\/?s={search_term_string}"},"query-input":{"@type":"PropertyValueSpecification","valueRequired":true,"valueName":"search_term_string"}}],"inLanguage":"es"},{"@type":"Organization","@id":"https:\/\/www.laguiadepamplona.com\/actualidad\/#organization","name":"La Gu\u00eda de Pamplona \/ Noticias","url":"https:\/\/www.laguiadepamplona.com\/actualidad\/","logo":{"@type":"ImageObject","inLanguage":"es","@id":"https:\/\/www.laguiadepamplona.com\/actualidad\/#\/schema\/logo\/image\/","url":"https:\/\/www.laguiadepamplona.com\/actualidad\/wp-content\/uploads\/2018\/11\/logo-laguiadepamplona18-web1.png","contentUrl":"https:\/\/www.laguiadepamplona.com\/actualidad\/wp-content\/uploads\/2018\/11\/logo-laguiadepamplona18-web1.png","width":600,"height":196,"caption":"La Gu\u00eda de Pamplona \/ Noticias"},"image":{"@id":"https:\/\/www.laguiadepamplona.com\/actualidad\/#\/schema\/logo\/image\/"},"sameAs":["https:\/\/www.facebook.com\/laguiadepamplonacom-133175176762273\/?ref=hl","https:\/\/x.com\/LaGuiadPamplona","https:\/\/www.instagram.com\/la_guia_de_pamplona\/","https:\/\/www.youtube.com\/user\/laguiadepamplona"]},{"@type":"Person","@id":"https:\/\/www.laguiadepamplona.com\/actualidad\/#\/schema\/person\/efe887376f0213d4657c93adc50b1fdb","name":"La Gu\u00eda de Pamplona","image":{"@type":"ImageObject","inLanguage":"es","@id":"https:\/\/secure.gravatar.com\/avatar\/b6992f131dc8d30ab0dff15446e9d346d9dbd95992de0fef795073f5ea83a81c?s=96&d=mm&r=g","url":"https:\/\/secure.gravatar.com\/avatar\/b6992f131dc8d30ab0dff15446e9d346d9dbd95992de0fef795073f5ea83a81c?s=96&d=mm&r=g","contentUrl":"https:\/\/secure.gravatar.com\/avatar\/b6992f131dc8d30ab0dff15446e9d346d9dbd95992de0fef795073f5ea83a81c?s=96&d=mm&r=g","caption":"La Gu\u00eda de Pamplona"}}]}},"post_mailing_queue_ids":[],"_links":{"self":[{"href":"https:\/\/www.laguiadepamplona.com\/actualidad\/wp-json\/wp\/v2\/posts\/42180","targetHints":{"allow":["GET"]}}],"collection":[{"href":"https:\/\/www.laguiadepamplona.com\/actualidad\/wp-json\/wp\/v2\/posts"}],"about":[{"href":"https:\/\/www.laguiadepamplona.com\/actualidad\/wp-json\/wp\/v2\/types\/post"}],"author":[{"embeddable":true,"href":"https:\/\/www.laguiadepamplona.com\/actualidad\/wp-json\/wp\/v2\/users\/1"}],"replies":[{"embeddable":true,"href":"https:\/\/www.laguiadepamplona.com\/actualidad\/wp-json\/wp\/v2\/comments?post=42180"}],"version-history":[{"count":0,"href":"https:\/\/www.laguiadepamplona.com\/actualidad\/wp-json\/wp\/v2\/posts\/42180\/revisions"}],"wp:featuredmedia":[{"embeddable":true,"href":"https:\/\/www.laguiadepamplona.com\/actualidad\/wp-json\/wp\/v2\/media\/17342"}],"wp:attachment":[{"href":"https:\/\/www.laguiadepamplona.com\/actualidad\/wp-json\/wp\/v2\/media?parent=42180"}],"wp:term":[{"taxonomy":"category","embeddable":true,"href":"https:\/\/www.laguiadepamplona.com\/actualidad\/wp-json\/wp\/v2\/categories?post=42180"},{"taxonomy":"post_tag","embeddable":true,"href":"https:\/\/www.laguiadepamplona.com\/actualidad\/wp-json\/wp\/v2\/tags?post=42180"}],"curies":[{"name":"wp","href":"https:\/\/api.w.org\/{rel}","templated":true}]}}