{"id":42174,"date":"2022-11-11T12:42:36","date_gmt":"2022-11-11T10:42:36","guid":{"rendered":"https:\/\/www.laguiadepamplona.com\/actualidad\/?p=42174"},"modified":"2023-04-11T11:47:35","modified_gmt":"2023-04-11T09:47:35","slug":"el-ayuntamiento-se-une-a-la-campana-mundial-de-concienciacion-de-la-neumonia-pneumolight-iluminando-este-sabado-la-fachada-en-color-azul","status":"publish","type":"post","link":"https:\/\/www.laguiadepamplona.com\/actualidad\/el-ayuntamiento-se-une-a-la-campana-mundial-de-concienciacion-de-la-neumonia-pneumolight-iluminando-este-sabado-la-fachada-en-color-azul\/","title":{"rendered":"El Ayuntamiento se une a la Campa\u00f1a Mundial de Concienciaci\u00f3n de la Neumon\u00eda \u2018Pneumolight\u2019 iluminando este s\u00e1bado la fachada en color azul"},"content":{"rendered":"<h5>El D\u00eda Mundial de la Neumon\u00eda se celebra para dar visibilidad a esta enfermedad infecciosa y concienciar a la poblaci\u00f3n sobre sus riesgos<\/h5>\n<p><!--more--><\/p>\n<p>La fachada de la Casa Consistorial se ilumina en color azul ma\u00f1ana como apoyo al D\u00eda Mundial de la Neumon\u00eda. El Ayuntamiento de Pamplona se une as\u00ed a la Campa\u00f1a Mundial de Concienciaci\u00f3n de la Neumon\u00eda \u2018Pneumolight\u2019, un proyecto colaborativo sin fines de lucro que busca aumentar la visibilidad de la neumon\u00eda en todo el mundo y concienciar a la poblaci\u00f3n sobre sus riesgos. Este proyecto es miembro de la coalici\u00f3n \u2018Every Breath Counts\u2019, y cuenta con el apoyo de 22 Organizaciones y Sociedades Cient\u00edficas a nivel mundial.<br \/>\n<script async src=\"\/\/pagead2.googlesyndication.com\/pagead\/js\/adsbygoogle.js\"><\/script><br \/>\n<!-- Noticias La Guia de Pamplona --><br \/>\n<ins class=\"adsbygoogle\"\nstyle=\"display:block\"\ndata-ad-client=\"ca-pub-6943679897239327\"\ndata-ad-slot=\"7048180777\"\ndata-ad-format=\"auto\"><\/ins><br \/>\n<script>\n(adsbygoogle = window.adsbygoogle || []).push({});\n<\/script><\/p>\n<p>La neumon\u00eda es una enfermedad respiratoria infecciosa que se presenta a cualquier edad, pero afecta especialmente a la poblaci\u00f3n menor de 5 a\u00f1os y adultos mayores de 65. La tasa de mortalidad se ha reducido a la mitad en las dos \u00faltimas d\u00e9cadas, sobre todo entre la poblaci\u00f3n infantil. Los avances en la vacunaci\u00f3n, las mejoras en la alimentaci\u00f3n y los tratamientos han favorecido la lucha contra este mal, que provoca la inflamaci\u00f3n de los pulmones por una infecci\u00f3n producida por virus o bacterias, y afecta de manera desigual a los distintos pa\u00edses del mundo. Esta enfermedad es la principal causa de muerte de ni\u00f1os menores de cinco a\u00f1os y, seg\u00fan la Organizaci\u00f3n Mundial de la Salud (OMS), la mayor\u00eda son evitables si se toman las medidas apropiadas. El consumo de tabaco y la exposici\u00f3n prolongada al humo de tabaco son factores de riesgo para desarrollar la enfermedad y agravan la situaci\u00f3n de las personas afectadas. Por ello, se recomienda evitar el tabaquismo y la exposici\u00f3n a su humo, as\u00ed como mantener buenos h\u00e1bitos higi\u00e9nicos y de salud, con ejercicio regular y una dieta equilibrada.<\/p>\n<p>En 2020, la campa\u00f1a \u2018Pneumolight\u2019 logr\u00f3 iluminar 250 monumentos ic\u00f3nicos en 52 pa\u00edses de todo el mundo para conmemorar el D\u00eda Mundial de la Neumon\u00eda, lo que permiti\u00f3 incrementar la conciencia sobre esta enfermedad. Adem\u00e1s, durante toda la campa\u00f1a, se comparti\u00f3 material educativo.<\/p>\n","protected":false},"excerpt":{"rendered":"<p>El D\u00eda Mundial de la Neumon\u00eda se celebra para dar visibilidad a esta enfermedad infecciosa y concienciar a la poblaci\u00f3n sobre sus riesgos<\/p>\n","protected":false},"author":1,"featured_media":42175,"comment_status":"open","ping_status":"closed","sticky":false,"template":"","format":"standard","meta":{"footnotes":""},"categories":[2],"tags":[],"class_list":["post-42174","post","type-post","status-publish","format-standard","has-post-thumbnail","hentry","category-ayuntamiento-pamplona"],"yoast_head":"<!-- This site is optimized with the Yoast SEO plugin v27.3 - https:\/\/yoast.com\/product\/yoast-seo-wordpress\/ -->\n<title>El Ayuntamiento se une a la Campa\u00f1a Mundial de Concienciaci\u00f3n de la Neumon\u00eda \u2018Pneumolight\u2019 iluminando este s\u00e1bado la fachada en color azul<\/title>\n<meta name=\"description\" content=\"El D\u00eda Mundial de la Neumon\u00eda se celebra para dar visibilidad a esta enfermedad infecciosa y concienciar a la poblaci\u00f3n sobre sus riesgos\" \/>\n<meta name=\"robots\" content=\"index, follow, max-snippet:-1, max-image-preview:large, max-video-preview:-1\" \/>\n<link rel=\"canonical\" href=\"https:\/\/www.laguiadepamplona.com\/actualidad\/el-ayuntamiento-se-une-a-la-campana-mundial-de-concienciacion-de-la-neumonia-pneumolight-iluminando-este-sabado-la-fachada-en-color-azul\/\" \/>\n<meta property=\"og:locale\" content=\"es_ES\" \/>\n<meta property=\"og:type\" content=\"article\" \/>\n<meta property=\"og:title\" content=\"El Ayuntamiento se une a la Campa\u00f1a Mundial de Concienciaci\u00f3n de la Neumon\u00eda \u2018Pneumolight\u2019 iluminando este s\u00e1bado la fachada en color azul\" \/>\n<meta property=\"og:description\" content=\"El D\u00eda Mundial de la Neumon\u00eda se celebra para dar visibilidad a esta enfermedad infecciosa y concienciar a la poblaci\u00f3n sobre sus riesgos\" \/>\n<meta property=\"og:url\" content=\"https:\/\/www.laguiadepamplona.com\/actualidad\/el-ayuntamiento-se-une-a-la-campana-mundial-de-concienciacion-de-la-neumonia-pneumolight-iluminando-este-sabado-la-fachada-en-color-azul\/\" \/>\n<meta property=\"og:site_name\" content=\"La Gu\u00eda de Pamplona\" \/>\n<meta property=\"article:publisher\" content=\"https:\/\/www.facebook.com\/laguiadepamplonacom-133175176762273\/?ref=hl\" \/>\n<meta property=\"article:published_time\" content=\"2022-11-11T10:42:36+00:00\" \/>\n<meta property=\"article:modified_time\" content=\"2023-04-11T09:47:35+00:00\" \/>\n<meta property=\"og:image\" content=\"https:\/\/www.laguiadepamplona.com\/actualidad\/wp-content\/uploads\/2022\/11\/ayto-azul_JGV8972_15.webp\" \/>\n\t<meta property=\"og:image:width\" content=\"1920\" \/>\n\t<meta property=\"og:image:height\" content=\"1280\" \/>\n\t<meta property=\"og:image:type\" content=\"image\/webp\" \/>\n<meta name=\"author\" content=\"La Gu\u00eda de Pamplona\" \/>\n<meta name=\"twitter:card\" content=\"summary_large_image\" \/>\n<meta name=\"twitter:creator\" content=\"@LaGuiadPamplona\" \/>\n<meta name=\"twitter:site\" content=\"@LaGuiadPamplona\" \/>\n<meta name=\"twitter:label1\" content=\"Escrito por\" \/>\n\t<meta name=\"twitter:data1\" content=\"La Gu\u00eda de Pamplona\" \/>\n\t<meta name=\"twitter:label2\" content=\"Tiempo de lectura\" \/>\n\t<meta name=\"twitter:data2\" content=\"2 minutos\" \/>\n<script type=\"application\/ld+json\" class=\"yoast-schema-graph\">{\"@context\":\"https:\\\/\\\/schema.org\",\"@graph\":[{\"@type\":\"Article\",\"@id\":\"https:\\\/\\\/www.laguiadepamplona.com\\\/actualidad\\\/el-ayuntamiento-se-une-a-la-campana-mundial-de-concienciacion-de-la-neumonia-pneumolight-iluminando-este-sabado-la-fachada-en-color-azul\\\/#article\",\"isPartOf\":{\"@id\":\"https:\\\/\\\/www.laguiadepamplona.com\\\/actualidad\\\/el-ayuntamiento-se-une-a-la-campana-mundial-de-concienciacion-de-la-neumonia-pneumolight-iluminando-este-sabado-la-fachada-en-color-azul\\\/\"},\"author\":{\"name\":\"La Gu\u00eda de Pamplona\",\"@id\":\"https:\\\/\\\/www.laguiadepamplona.com\\\/actualidad\\\/#\\\/schema\\\/person\\\/efe887376f0213d4657c93adc50b1fdb\"},\"headline\":\"El Ayuntamiento se une a la Campa\u00f1a Mundial de Concienciaci\u00f3n de la Neumon\u00eda \u2018Pneumolight\u2019 iluminando este s\u00e1bado la fachada en color azul\",\"datePublished\":\"2022-11-11T10:42:36+00:00\",\"dateModified\":\"2023-04-11T09:47:35+00:00\",\"mainEntityOfPage\":{\"@id\":\"https:\\\/\\\/www.laguiadepamplona.com\\\/actualidad\\\/el-ayuntamiento-se-une-a-la-campana-mundial-de-concienciacion-de-la-neumonia-pneumolight-iluminando-este-sabado-la-fachada-en-color-azul\\\/\"},\"wordCount\":399,\"commentCount\":0,\"publisher\":{\"@id\":\"https:\\\/\\\/www.laguiadepamplona.com\\\/actualidad\\\/#organization\"},\"image\":{\"@id\":\"https:\\\/\\\/www.laguiadepamplona.com\\\/actualidad\\\/el-ayuntamiento-se-une-a-la-campana-mundial-de-concienciacion-de-la-neumonia-pneumolight-iluminando-este-sabado-la-fachada-en-color-azul\\\/#primaryimage\"},\"thumbnailUrl\":\"https:\\\/\\\/www.laguiadepamplona.com\\\/actualidad\\\/wp-content\\\/uploads\\\/2022\\\/11\\\/ayto-azul_JGV8972_15.webp\",\"articleSection\":[\"Ayto Pamplona\"],\"inLanguage\":\"es\",\"potentialAction\":[{\"@type\":\"CommentAction\",\"name\":\"Comment\",\"target\":[\"https:\\\/\\\/www.laguiadepamplona.com\\\/actualidad\\\/el-ayuntamiento-se-une-a-la-campana-mundial-de-concienciacion-de-la-neumonia-pneumolight-iluminando-este-sabado-la-fachada-en-color-azul\\\/#respond\"]}]},{\"@type\":\"WebPage\",\"@id\":\"https:\\\/\\\/www.laguiadepamplona.com\\\/actualidad\\\/el-ayuntamiento-se-une-a-la-campana-mundial-de-concienciacion-de-la-neumonia-pneumolight-iluminando-este-sabado-la-fachada-en-color-azul\\\/\",\"url\":\"https:\\\/\\\/www.laguiadepamplona.com\\\/actualidad\\\/el-ayuntamiento-se-une-a-la-campana-mundial-de-concienciacion-de-la-neumonia-pneumolight-iluminando-este-sabado-la-fachada-en-color-azul\\\/\",\"name\":\"El Ayuntamiento se une a la Campa\u00f1a Mundial de Concienciaci\u00f3n de la Neumon\u00eda \u2018Pneumolight\u2019 iluminando este s\u00e1bado la fachada en color azul\",\"isPartOf\":{\"@id\":\"https:\\\/\\\/www.laguiadepamplona.com\\\/actualidad\\\/#website\"},\"primaryImageOfPage\":{\"@id\":\"https:\\\/\\\/www.laguiadepamplona.com\\\/actualidad\\\/el-ayuntamiento-se-une-a-la-campana-mundial-de-concienciacion-de-la-neumonia-pneumolight-iluminando-este-sabado-la-fachada-en-color-azul\\\/#primaryimage\"},\"image\":{\"@id\":\"https:\\\/\\\/www.laguiadepamplona.com\\\/actualidad\\\/el-ayuntamiento-se-une-a-la-campana-mundial-de-concienciacion-de-la-neumonia-pneumolight-iluminando-este-sabado-la-fachada-en-color-azul\\\/#primaryimage\"},\"thumbnailUrl\":\"https:\\\/\\\/www.laguiadepamplona.com\\\/actualidad\\\/wp-content\\\/uploads\\\/2022\\\/11\\\/ayto-azul_JGV8972_15.webp\",\"datePublished\":\"2022-11-11T10:42:36+00:00\",\"dateModified\":\"2023-04-11T09:47:35+00:00\",\"description\":\"El D\u00eda Mundial de la Neumon\u00eda se celebra para dar visibilidad a esta enfermedad infecciosa y concienciar a la poblaci\u00f3n sobre sus riesgos\",\"breadcrumb\":{\"@id\":\"https:\\\/\\\/www.laguiadepamplona.com\\\/actualidad\\\/el-ayuntamiento-se-une-a-la-campana-mundial-de-concienciacion-de-la-neumonia-pneumolight-iluminando-este-sabado-la-fachada-en-color-azul\\\/#breadcrumb\"},\"inLanguage\":\"es\",\"potentialAction\":[{\"@type\":\"ReadAction\",\"target\":[\"https:\\\/\\\/www.laguiadepamplona.com\\\/actualidad\\\/el-ayuntamiento-se-une-a-la-campana-mundial-de-concienciacion-de-la-neumonia-pneumolight-iluminando-este-sabado-la-fachada-en-color-azul\\\/\"]}]},{\"@type\":\"ImageObject\",\"inLanguage\":\"es\",\"@id\":\"https:\\\/\\\/www.laguiadepamplona.com\\\/actualidad\\\/el-ayuntamiento-se-une-a-la-campana-mundial-de-concienciacion-de-la-neumonia-pneumolight-iluminando-este-sabado-la-fachada-en-color-azul\\\/#primaryimage\",\"url\":\"https:\\\/\\\/www.laguiadepamplona.com\\\/actualidad\\\/wp-content\\\/uploads\\\/2022\\\/11\\\/ayto-azul_JGV8972_15.webp\",\"contentUrl\":\"https:\\\/\\\/www.laguiadepamplona.com\\\/actualidad\\\/wp-content\\\/uploads\\\/2022\\\/11\\\/ayto-azul_JGV8972_15.webp\",\"width\":1920,\"height\":1280,\"caption\":\"ayuntamiento azul\"},{\"@type\":\"BreadcrumbList\",\"@id\":\"https:\\\/\\\/www.laguiadepamplona.com\\\/actualidad\\\/el-ayuntamiento-se-une-a-la-campana-mundial-de-concienciacion-de-la-neumonia-pneumolight-iluminando-este-sabado-la-fachada-en-color-azul\\\/#breadcrumb\",\"itemListElement\":[{\"@type\":\"ListItem\",\"position\":1,\"name\":\"Portada\",\"item\":\"https:\\\/\\\/www.laguiadepamplona.com\\\/actualidad\\\/\"},{\"@type\":\"ListItem\",\"position\":2,\"name\":\"El Ayuntamiento se une a la Campa\u00f1a Mundial de Concienciaci\u00f3n de la Neumon\u00eda \u2018Pneumolight\u2019 iluminando este s\u00e1bado la fachada en color azul\"}]},{\"@type\":\"WebSite\",\"@id\":\"https:\\\/\\\/www.laguiadepamplona.com\\\/actualidad\\\/#website\",\"url\":\"https:\\\/\\\/www.laguiadepamplona.com\\\/actualidad\\\/\",\"name\":\"La gu\u00eda de Pamplona\",\"description\":\"Noticias de Pamplona\",\"publisher\":{\"@id\":\"https:\\\/\\\/www.laguiadepamplona.com\\\/actualidad\\\/#organization\"},\"potentialAction\":[{\"@type\":\"SearchAction\",\"target\":{\"@type\":\"EntryPoint\",\"urlTemplate\":\"https:\\\/\\\/www.laguiadepamplona.com\\\/actualidad\\\/?s={search_term_string}\"},\"query-input\":{\"@type\":\"PropertyValueSpecification\",\"valueRequired\":true,\"valueName\":\"search_term_string\"}}],\"inLanguage\":\"es\"},{\"@type\":\"Organization\",\"@id\":\"https:\\\/\\\/www.laguiadepamplona.com\\\/actualidad\\\/#organization\",\"name\":\"La Gu\u00eda de Pamplona \\\/ Noticias\",\"url\":\"https:\\\/\\\/www.laguiadepamplona.com\\\/actualidad\\\/\",\"logo\":{\"@type\":\"ImageObject\",\"inLanguage\":\"es\",\"@id\":\"https:\\\/\\\/www.laguiadepamplona.com\\\/actualidad\\\/#\\\/schema\\\/logo\\\/image\\\/\",\"url\":\"https:\\\/\\\/www.laguiadepamplona.com\\\/actualidad\\\/wp-content\\\/uploads\\\/2018\\\/11\\\/logo-laguiadepamplona18-web1.png\",\"contentUrl\":\"https:\\\/\\\/www.laguiadepamplona.com\\\/actualidad\\\/wp-content\\\/uploads\\\/2018\\\/11\\\/logo-laguiadepamplona18-web1.png\",\"width\":600,\"height\":196,\"caption\":\"La Gu\u00eda de Pamplona \\\/ Noticias\"},\"image\":{\"@id\":\"https:\\\/\\\/www.laguiadepamplona.com\\\/actualidad\\\/#\\\/schema\\\/logo\\\/image\\\/\"},\"sameAs\":[\"https:\\\/\\\/www.facebook.com\\\/laguiadepamplonacom-133175176762273\\\/?ref=hl\",\"https:\\\/\\\/x.com\\\/LaGuiadPamplona\",\"https:\\\/\\\/www.instagram.com\\\/la_guia_de_pamplona\\\/\",\"https:\\\/\\\/www.youtube.com\\\/user\\\/laguiadepamplona\"]},{\"@type\":\"Person\",\"@id\":\"https:\\\/\\\/www.laguiadepamplona.com\\\/actualidad\\\/#\\\/schema\\\/person\\\/efe887376f0213d4657c93adc50b1fdb\",\"name\":\"La Gu\u00eda de Pamplona\",\"image\":{\"@type\":\"ImageObject\",\"inLanguage\":\"es\",\"@id\":\"https:\\\/\\\/secure.gravatar.com\\\/avatar\\\/b6992f131dc8d30ab0dff15446e9d346d9dbd95992de0fef795073f5ea83a81c?s=96&d=mm&r=g\",\"url\":\"https:\\\/\\\/secure.gravatar.com\\\/avatar\\\/b6992f131dc8d30ab0dff15446e9d346d9dbd95992de0fef795073f5ea83a81c?s=96&d=mm&r=g\",\"contentUrl\":\"https:\\\/\\\/secure.gravatar.com\\\/avatar\\\/b6992f131dc8d30ab0dff15446e9d346d9dbd95992de0fef795073f5ea83a81c?s=96&d=mm&r=g\",\"caption\":\"La Gu\u00eda de Pamplona\"}}]}<\/script>\n<!-- \/ Yoast SEO plugin. -->","yoast_head_json":{"title":"El Ayuntamiento se une a la Campa\u00f1a Mundial de Concienciaci\u00f3n de la Neumon\u00eda \u2018Pneumolight\u2019 iluminando este s\u00e1bado la fachada en color azul","description":"El D\u00eda Mundial de la Neumon\u00eda se celebra para dar visibilidad a esta enfermedad infecciosa y concienciar a la poblaci\u00f3n sobre sus riesgos","robots":{"index":"index","follow":"follow","max-snippet":"max-snippet:-1","max-image-preview":"max-image-preview:large","max-video-preview":"max-video-preview:-1"},"canonical":"https:\/\/www.laguiadepamplona.com\/actualidad\/el-ayuntamiento-se-une-a-la-campana-mundial-de-concienciacion-de-la-neumonia-pneumolight-iluminando-este-sabado-la-fachada-en-color-azul\/","og_locale":"es_ES","og_type":"article","og_title":"El Ayuntamiento se une a la Campa\u00f1a Mundial de Concienciaci\u00f3n de la Neumon\u00eda \u2018Pneumolight\u2019 iluminando este s\u00e1bado la fachada en color azul","og_description":"El D\u00eda Mundial de la Neumon\u00eda se celebra para dar visibilidad a esta enfermedad infecciosa y concienciar a la poblaci\u00f3n sobre sus riesgos","og_url":"https:\/\/www.laguiadepamplona.com\/actualidad\/el-ayuntamiento-se-une-a-la-campana-mundial-de-concienciacion-de-la-neumonia-pneumolight-iluminando-este-sabado-la-fachada-en-color-azul\/","og_site_name":"La Gu\u00eda de Pamplona","article_publisher":"https:\/\/www.facebook.com\/laguiadepamplonacom-133175176762273\/?ref=hl","article_published_time":"2022-11-11T10:42:36+00:00","article_modified_time":"2023-04-11T09:47:35+00:00","og_image":[{"width":1920,"height":1280,"url":"https:\/\/www.laguiadepamplona.com\/actualidad\/wp-content\/uploads\/2022\/11\/ayto-azul_JGV8972_15.webp","type":"image\/webp"}],"author":"La Gu\u00eda de Pamplona","twitter_card":"summary_large_image","twitter_creator":"@LaGuiadPamplona","twitter_site":"@LaGuiadPamplona","twitter_misc":{"Escrito por":"La Gu\u00eda de Pamplona","Tiempo de lectura":"2 minutos"},"schema":{"@context":"https:\/\/schema.org","@graph":[{"@type":"Article","@id":"https:\/\/www.laguiadepamplona.com\/actualidad\/el-ayuntamiento-se-une-a-la-campana-mundial-de-concienciacion-de-la-neumonia-pneumolight-iluminando-este-sabado-la-fachada-en-color-azul\/#article","isPartOf":{"@id":"https:\/\/www.laguiadepamplona.com\/actualidad\/el-ayuntamiento-se-une-a-la-campana-mundial-de-concienciacion-de-la-neumonia-pneumolight-iluminando-este-sabado-la-fachada-en-color-azul\/"},"author":{"name":"La Gu\u00eda de Pamplona","@id":"https:\/\/www.laguiadepamplona.com\/actualidad\/#\/schema\/person\/efe887376f0213d4657c93adc50b1fdb"},"headline":"El Ayuntamiento se une a la Campa\u00f1a Mundial de Concienciaci\u00f3n de la Neumon\u00eda \u2018Pneumolight\u2019 iluminando este s\u00e1bado la fachada en color azul","datePublished":"2022-11-11T10:42:36+00:00","dateModified":"2023-04-11T09:47:35+00:00","mainEntityOfPage":{"@id":"https:\/\/www.laguiadepamplona.com\/actualidad\/el-ayuntamiento-se-une-a-la-campana-mundial-de-concienciacion-de-la-neumonia-pneumolight-iluminando-este-sabado-la-fachada-en-color-azul\/"},"wordCount":399,"commentCount":0,"publisher":{"@id":"https:\/\/www.laguiadepamplona.com\/actualidad\/#organization"},"image":{"@id":"https:\/\/www.laguiadepamplona.com\/actualidad\/el-ayuntamiento-se-une-a-la-campana-mundial-de-concienciacion-de-la-neumonia-pneumolight-iluminando-este-sabado-la-fachada-en-color-azul\/#primaryimage"},"thumbnailUrl":"https:\/\/www.laguiadepamplona.com\/actualidad\/wp-content\/uploads\/2022\/11\/ayto-azul_JGV8972_15.webp","articleSection":["Ayto Pamplona"],"inLanguage":"es","potentialAction":[{"@type":"CommentAction","name":"Comment","target":["https:\/\/www.laguiadepamplona.com\/actualidad\/el-ayuntamiento-se-une-a-la-campana-mundial-de-concienciacion-de-la-neumonia-pneumolight-iluminando-este-sabado-la-fachada-en-color-azul\/#respond"]}]},{"@type":"WebPage","@id":"https:\/\/www.laguiadepamplona.com\/actualidad\/el-ayuntamiento-se-une-a-la-campana-mundial-de-concienciacion-de-la-neumonia-pneumolight-iluminando-este-sabado-la-fachada-en-color-azul\/","url":"https:\/\/www.laguiadepamplona.com\/actualidad\/el-ayuntamiento-se-une-a-la-campana-mundial-de-concienciacion-de-la-neumonia-pneumolight-iluminando-este-sabado-la-fachada-en-color-azul\/","name":"El Ayuntamiento se une a la Campa\u00f1a Mundial de Concienciaci\u00f3n de la Neumon\u00eda \u2018Pneumolight\u2019 iluminando este s\u00e1bado la fachada en color azul","isPartOf":{"@id":"https:\/\/www.laguiadepamplona.com\/actualidad\/#website"},"primaryImageOfPage":{"@id":"https:\/\/www.laguiadepamplona.com\/actualidad\/el-ayuntamiento-se-une-a-la-campana-mundial-de-concienciacion-de-la-neumonia-pneumolight-iluminando-este-sabado-la-fachada-en-color-azul\/#primaryimage"},"image":{"@id":"https:\/\/www.laguiadepamplona.com\/actualidad\/el-ayuntamiento-se-une-a-la-campana-mundial-de-concienciacion-de-la-neumonia-pneumolight-iluminando-este-sabado-la-fachada-en-color-azul\/#primaryimage"},"thumbnailUrl":"https:\/\/www.laguiadepamplona.com\/actualidad\/wp-content\/uploads\/2022\/11\/ayto-azul_JGV8972_15.webp","datePublished":"2022-11-11T10:42:36+00:00","dateModified":"2023-04-11T09:47:35+00:00","description":"El D\u00eda Mundial de la Neumon\u00eda se celebra para dar visibilidad a esta enfermedad infecciosa y concienciar a la poblaci\u00f3n sobre sus riesgos","breadcrumb":{"@id":"https:\/\/www.laguiadepamplona.com\/actualidad\/el-ayuntamiento-se-une-a-la-campana-mundial-de-concienciacion-de-la-neumonia-pneumolight-iluminando-este-sabado-la-fachada-en-color-azul\/#breadcrumb"},"inLanguage":"es","potentialAction":[{"@type":"ReadAction","target":["https:\/\/www.laguiadepamplona.com\/actualidad\/el-ayuntamiento-se-une-a-la-campana-mundial-de-concienciacion-de-la-neumonia-pneumolight-iluminando-este-sabado-la-fachada-en-color-azul\/"]}]},{"@type":"ImageObject","inLanguage":"es","@id":"https:\/\/www.laguiadepamplona.com\/actualidad\/el-ayuntamiento-se-une-a-la-campana-mundial-de-concienciacion-de-la-neumonia-pneumolight-iluminando-este-sabado-la-fachada-en-color-azul\/#primaryimage","url":"https:\/\/www.laguiadepamplona.com\/actualidad\/wp-content\/uploads\/2022\/11\/ayto-azul_JGV8972_15.webp","contentUrl":"https:\/\/www.laguiadepamplona.com\/actualidad\/wp-content\/uploads\/2022\/11\/ayto-azul_JGV8972_15.webp","width":1920,"height":1280,"caption":"ayuntamiento azul"},{"@type":"BreadcrumbList","@id":"https:\/\/www.laguiadepamplona.com\/actualidad\/el-ayuntamiento-se-une-a-la-campana-mundial-de-concienciacion-de-la-neumonia-pneumolight-iluminando-este-sabado-la-fachada-en-color-azul\/#breadcrumb","itemListElement":[{"@type":"ListItem","position":1,"name":"Portada","item":"https:\/\/www.laguiadepamplona.com\/actualidad\/"},{"@type":"ListItem","position":2,"name":"El Ayuntamiento se une a la Campa\u00f1a Mundial de Concienciaci\u00f3n de la Neumon\u00eda \u2018Pneumolight\u2019 iluminando este s\u00e1bado la fachada en color azul"}]},{"@type":"WebSite","@id":"https:\/\/www.laguiadepamplona.com\/actualidad\/#website","url":"https:\/\/www.laguiadepamplona.com\/actualidad\/","name":"La gu\u00eda de Pamplona","description":"Noticias de Pamplona","publisher":{"@id":"https:\/\/www.laguiadepamplona.com\/actualidad\/#organization"},"potentialAction":[{"@type":"SearchAction","target":{"@type":"EntryPoint","urlTemplate":"https:\/\/www.laguiadepamplona.com\/actualidad\/?s={search_term_string}"},"query-input":{"@type":"PropertyValueSpecification","valueRequired":true,"valueName":"search_term_string"}}],"inLanguage":"es"},{"@type":"Organization","@id":"https:\/\/www.laguiadepamplona.com\/actualidad\/#organization","name":"La Gu\u00eda de Pamplona \/ Noticias","url":"https:\/\/www.laguiadepamplona.com\/actualidad\/","logo":{"@type":"ImageObject","inLanguage":"es","@id":"https:\/\/www.laguiadepamplona.com\/actualidad\/#\/schema\/logo\/image\/","url":"https:\/\/www.laguiadepamplona.com\/actualidad\/wp-content\/uploads\/2018\/11\/logo-laguiadepamplona18-web1.png","contentUrl":"https:\/\/www.laguiadepamplona.com\/actualidad\/wp-content\/uploads\/2018\/11\/logo-laguiadepamplona18-web1.png","width":600,"height":196,"caption":"La Gu\u00eda de Pamplona \/ Noticias"},"image":{"@id":"https:\/\/www.laguiadepamplona.com\/actualidad\/#\/schema\/logo\/image\/"},"sameAs":["https:\/\/www.facebook.com\/laguiadepamplonacom-133175176762273\/?ref=hl","https:\/\/x.com\/LaGuiadPamplona","https:\/\/www.instagram.com\/la_guia_de_pamplona\/","https:\/\/www.youtube.com\/user\/laguiadepamplona"]},{"@type":"Person","@id":"https:\/\/www.laguiadepamplona.com\/actualidad\/#\/schema\/person\/efe887376f0213d4657c93adc50b1fdb","name":"La Gu\u00eda de Pamplona","image":{"@type":"ImageObject","inLanguage":"es","@id":"https:\/\/secure.gravatar.com\/avatar\/b6992f131dc8d30ab0dff15446e9d346d9dbd95992de0fef795073f5ea83a81c?s=96&d=mm&r=g","url":"https:\/\/secure.gravatar.com\/avatar\/b6992f131dc8d30ab0dff15446e9d346d9dbd95992de0fef795073f5ea83a81c?s=96&d=mm&r=g","contentUrl":"https:\/\/secure.gravatar.com\/avatar\/b6992f131dc8d30ab0dff15446e9d346d9dbd95992de0fef795073f5ea83a81c?s=96&d=mm&r=g","caption":"La Gu\u00eda de Pamplona"}}]}},"post_mailing_queue_ids":[],"_links":{"self":[{"href":"https:\/\/www.laguiadepamplona.com\/actualidad\/wp-json\/wp\/v2\/posts\/42174","targetHints":{"allow":["GET"]}}],"collection":[{"href":"https:\/\/www.laguiadepamplona.com\/actualidad\/wp-json\/wp\/v2\/posts"}],"about":[{"href":"https:\/\/www.laguiadepamplona.com\/actualidad\/wp-json\/wp\/v2\/types\/post"}],"author":[{"embeddable":true,"href":"https:\/\/www.laguiadepamplona.com\/actualidad\/wp-json\/wp\/v2\/users\/1"}],"replies":[{"embeddable":true,"href":"https:\/\/www.laguiadepamplona.com\/actualidad\/wp-json\/wp\/v2\/comments?post=42174"}],"version-history":[{"count":0,"href":"https:\/\/www.laguiadepamplona.com\/actualidad\/wp-json\/wp\/v2\/posts\/42174\/revisions"}],"wp:featuredmedia":[{"embeddable":true,"href":"https:\/\/www.laguiadepamplona.com\/actualidad\/wp-json\/wp\/v2\/media\/42175"}],"wp:attachment":[{"href":"https:\/\/www.laguiadepamplona.com\/actualidad\/wp-json\/wp\/v2\/media?parent=42174"}],"wp:term":[{"taxonomy":"category","embeddable":true,"href":"https:\/\/www.laguiadepamplona.com\/actualidad\/wp-json\/wp\/v2\/categories?post=42174"},{"taxonomy":"post_tag","embeddable":true,"href":"https:\/\/www.laguiadepamplona.com\/actualidad\/wp-json\/wp\/v2\/tags?post=42174"}],"curies":[{"name":"wp","href":"https:\/\/api.w.org\/{rel}","templated":true}]}}