{"id":42171,"date":"2022-11-11T12:39:44","date_gmt":"2022-11-11T10:39:44","guid":{"rendered":"https:\/\/www.laguiadepamplona.com\/actualidad\/?p=42171"},"modified":"2023-04-11T11:47:35","modified_gmt":"2023-04-11T09:47:35","slug":"dos-talleres-y-tres-charlas-online-buscan-romper-estereotipos-para-que-las-ninas-con-altas-capacidades-puedan-desarrollar-al-maximo-su-talento","status":"publish","type":"post","link":"https:\/\/www.laguiadepamplona.com\/actualidad\/dos-talleres-y-tres-charlas-online-buscan-romper-estereotipos-para-que-las-ninas-con-altas-capacidades-puedan-desarrollar-al-maximo-su-talento\/","title":{"rendered":"Dos talleres y tres charlas online buscan romper estereotipos para que las ni\u00f1as con altas capacidades puedan desarrollar al m\u00e1ximo su talento"},"content":{"rendered":"<h5>Las actividades est\u00e1n organizadas por la Asociaci\u00f3n Navarra para las Altas Capacidades con ayuda econ\u00f3mica del \u00e1rea de Igualdad del Ayuntamiento<\/h5>\n<p><!--more--><\/p>\n<p>La Asociaci\u00f3n Navarra para las Altas Capacidades (ANAC) ha organizado dos talleres y varias charlas para romper con los estereotipos de g\u00e9nero que limitan las posibilidades de las ni\u00f1as con altas capacidades. La asociaci\u00f3n subraya que las ni\u00f1as identificadas con altas capacidades suponen un 30% frente al 70% de los ni\u00f1os y, adem\u00e1s, s\u00f3lo el 35% del alumnado matriculado en las carreras vinculadas a las STEM en la educaci\u00f3n superior son mujeres. Para revertir estos porcentajes, ANAC desarrolla este mes sus actividades, con una ayuda econ\u00f3mica de 7.950 euros del \u00e1rea de Igualdad del Ayuntamiento de Pamplona.<\/p>\n<p>Los talleres \u2018Visibilizando el talento\u2019 ofrecen a las ni\u00f1as con altas capacidades que cursan Educaci\u00f3n Primaria un espacio para potenciar sus recursos, sin necesidad de encajar en ideales de feminidad tradicional. Las ni\u00f1as acuden a estos talleres, en Civivox Jus la Rocha y San Jorge, los mi\u00e9rcoles y jueves, en sesiones de hora y media durante, todo el mes de noviembre.<br \/>\n<script async src=\"\/\/pagead2.googlesyndication.com\/pagead\/js\/adsbygoogle.js\"><\/script><br \/>\n<!-- Noticias La Guia de Pamplona --><br \/>\n<ins class=\"adsbygoogle\"\nstyle=\"display:block\"\ndata-ad-client=\"ca-pub-6943679897239327\"\ndata-ad-slot=\"7048180777\"\ndata-ad-format=\"auto\"><\/ins><br \/>\n<script>\n(adsbygoogle = window.adsbygoogle || []).push({});\n<\/script><\/p>\n<p>As\u00ed mismo, coincidiendo con la Semana de la Ciencia, la matem\u00e1tica y profesora de la Universidad del Pa\u00eds Vasco Marta Macho-Stadler imparte la charla \u2018Estereotipos de la ciencia y sus protagonistas\u2019. Esta charla online, el lunes 14 a las 18.30, es gratuita y est\u00e1 dirigida a profesorado, estudiantes, orientadores y otras personas interesadas. En ella se abordar\u00e1n, entre otros, los estereotipos ciencia-hombre y la percepci\u00f3n de capacidades por parte del alumnado que hacen sentir a las chicas como menos capaces que los chicos, lo que condiciona sus decisiones. Estos contenidos complementan los ofrecidos en la charla del pasado lunes, \u2018Mujer y ciencia, un camino con dificultades\u2019.<\/p>\n<p>A estas charlas online se unen otras dos, a cargo de Luz P\u00e9rez, catedr\u00e1tica de Psicolog\u00eda Evolutiva y de la Educaci\u00f3n de la Universidad Complutense de Madrid y presidenta de la Sociedad Espa\u00f1ola para el Estudio de la Superdotaci\u00f3n. La inscripci\u00f3n tiene un coste de cinco euros por sesi\u00f3n. El s\u00e1bado 19 de noviembre, a las 10.30, \u2018Mujer e inteligencia, \u00bfmisi\u00f3n imposible?\u2019 tratar\u00e1 la relaci\u00f3n entre mujer e inteligencia y se dar\u00e1 visibilidad a las mujeres que representen roles que rompan mandatos de g\u00e9nero y que contribuyan a la eliminaci\u00f3n de estereotipos basados en el g\u00e9nero. El lunes 24, a las 19 horas, se abordar\u00e1 \u2018C\u00f3mo potenciar la inteligencia de mi hija\/alumna y despertar su inter\u00e9s cient\u00edfico\u2019. Luz P\u00e9rez, que tambi\u00e9n es directora del Seminario Internacional sobre Mujer y Superdotaci\u00f3n y codirectora de la revista \u2018Faisca: Journal of High Abilities\u2019, reflexionar\u00e1 sobre d\u00f3nde est\u00e1 el talento de las ni\u00f1as, c\u00f3mo potenciar su inteligencia y su inter\u00e9s cient\u00edfico y aportar\u00e1 herramientas para los agentes educativos.<\/p>\n<p>Toda la informaci\u00f3n puede ampliarse en la <a href=\"https:\/\/anac-navarra.com\/\" target=\"_blank\" rel=\"noopener\">web de la asociaci\u00f3n<\/a>, donde se realiza la inscripci\u00f3n para las charlas. A finales de este mes, profesionales del Centro Ayalga, especializado en altas capacidades, comenzar\u00e1 un estudio para identificar a las ni\u00f1as con altas capacidades de familias en las que ya hay ni\u00f1os identificados, puesto que existe un componente gen\u00e9tico hereditario.<br \/>\n<script async src=\"\/\/pagead2.googlesyndication.com\/pagead\/js\/adsbygoogle.js\"><\/script><br \/>\n<!-- Noticias La Guia de Pamplona --><br \/>\n<ins class=\"adsbygoogle\"\nstyle=\"display:block\"\ndata-ad-client=\"ca-pub-6943679897239327\"\ndata-ad-slot=\"7048180777\"\ndata-ad-format=\"auto\"><\/ins><br \/>\n<script>\n(adsbygoogle = window.adsbygoogle || []).push({});\n<\/script><\/p>\n<p>&nbsp;<\/p>\n<h3>Las Actividades<\/h3>\n<ul>\n<li><strong>\u2018Visibilizando el talento\u2019<\/strong>. Talleres para ni\u00f1as de educaci\u00f3n Primaria. Civivox Jus la Rocha y San Jorge. Mi\u00e9rcoles y jueves de noviembre<\/li>\n<li><strong>\u2018Estereotipos sobre la ciencia y sus protagonistas\u2019<\/strong>. Charla online gratuita con Marta Macho-Stadler, matem\u00e1tica y profesora de la UPV. Semana de la Ciencia. Lunes 14 de noviembre. 18.30 horas<\/li>\n<li><strong>\u2018Mujer e inteligencia, \u00bfmisi\u00f3n imposible?\u2019<\/strong> Charla online (inscripci\u00f3n: 5 euros) con Luz P\u00e9rez, catedr\u00e1tica de Psicolog\u00eda Evolutiva y de la Educaci\u00f3n de la Universidad Complutense de Madrid. S\u00e1bado 19 de noviembre. 10.30 horas<\/li>\n<li><strong>\u2018C\u00f3mo potenciar la inteligencia de mi hija\/alumna y despertar su inter\u00e9s cient\u00edfico\u2019<\/strong>. Charla online (inscripci\u00f3n: 5 euros) con Luz P\u00e9rez, catedr\u00e1tica de Psicolog\u00eda Evolutiva y de la Educaci\u00f3n de la Universidad Complutense de Madrid. Jueves 24 de noviembre. 19.00 horas<\/li>\n<\/ul>\n","protected":false},"excerpt":{"rendered":"<p>Las actividades est\u00e1n organizadas por la Asociaci\u00f3n Navarra para las Altas Capacidades con ayuda econ\u00f3mica del \u00e1rea de Igualdad del Ayuntamiento<\/p>\n","protected":false},"author":1,"featured_media":42172,"comment_status":"open","ping_status":"closed","sticky":false,"template":"","format":"standard","meta":{"footnotes":""},"categories":[2],"tags":[],"class_list":["post-42171","post","type-post","status-publish","format-standard","has-post-thumbnail","hentry","category-ayuntamiento-pamplona"],"yoast_head":"<!-- This site is optimized with the Yoast SEO plugin v27.3 - https:\/\/yoast.com\/product\/yoast-seo-wordpress\/ -->\n<title>Dos talleres y tres charlas online buscan romper estereotipos para que las ni\u00f1as con altas capacidades puedan desarrollar al m\u00e1ximo su talento<\/title>\n<meta name=\"description\" content=\"Las actividades est\u00e1n organizadas por la Asociaci\u00f3n Navarra para las Altas Capacidades con ayuda econ\u00f3mica del \u00e1rea de Igualdad del Ayuntamiento\" \/>\n<meta name=\"robots\" content=\"index, follow, max-snippet:-1, max-image-preview:large, max-video-preview:-1\" \/>\n<link rel=\"canonical\" href=\"https:\/\/www.laguiadepamplona.com\/actualidad\/dos-talleres-y-tres-charlas-online-buscan-romper-estereotipos-para-que-las-ninas-con-altas-capacidades-puedan-desarrollar-al-maximo-su-talento\/\" \/>\n<meta property=\"og:locale\" content=\"es_ES\" \/>\n<meta property=\"og:type\" content=\"article\" \/>\n<meta property=\"og:title\" content=\"Dos talleres y tres charlas online buscan romper estereotipos para que las ni\u00f1as con altas capacidades puedan desarrollar al m\u00e1ximo su talento\" \/>\n<meta property=\"og:description\" content=\"Las actividades est\u00e1n organizadas por la Asociaci\u00f3n Navarra para las Altas Capacidades con ayuda econ\u00f3mica del \u00e1rea de Igualdad del Ayuntamiento\" \/>\n<meta property=\"og:url\" content=\"https:\/\/www.laguiadepamplona.com\/actualidad\/dos-talleres-y-tres-charlas-online-buscan-romper-estereotipos-para-que-las-ninas-con-altas-capacidades-puedan-desarrollar-al-maximo-su-talento\/\" \/>\n<meta property=\"og:site_name\" content=\"La Gu\u00eda de Pamplona\" \/>\n<meta property=\"article:publisher\" content=\"https:\/\/www.facebook.com\/laguiadepamplonacom-133175176762273\/?ref=hl\" \/>\n<meta property=\"article:published_time\" content=\"2022-11-11T10:39:44+00:00\" \/>\n<meta property=\"article:modified_time\" content=\"2023-04-11T09:47:35+00:00\" \/>\n<meta property=\"og:image\" content=\"https:\/\/www.laguiadepamplona.com\/actualidad\/wp-content\/uploads\/2022\/11\/charla14.jpg\" \/>\n\t<meta property=\"og:image:width\" content=\"1080\" \/>\n\t<meta property=\"og:image:height\" content=\"1080\" \/>\n\t<meta property=\"og:image:type\" content=\"image\/jpeg\" \/>\n<meta name=\"author\" content=\"La Gu\u00eda de Pamplona\" \/>\n<meta name=\"twitter:card\" content=\"summary_large_image\" \/>\n<meta name=\"twitter:creator\" content=\"@LaGuiadPamplona\" \/>\n<meta name=\"twitter:site\" content=\"@LaGuiadPamplona\" \/>\n<meta name=\"twitter:label1\" content=\"Escrito por\" \/>\n\t<meta name=\"twitter:data1\" content=\"La Gu\u00eda de Pamplona\" \/>\n\t<meta name=\"twitter:label2\" content=\"Tiempo de lectura\" \/>\n\t<meta name=\"twitter:data2\" content=\"3 minutos\" \/>\n<script type=\"application\/ld+json\" class=\"yoast-schema-graph\">{\"@context\":\"https:\\\/\\\/schema.org\",\"@graph\":[{\"@type\":\"Article\",\"@id\":\"https:\\\/\\\/www.laguiadepamplona.com\\\/actualidad\\\/dos-talleres-y-tres-charlas-online-buscan-romper-estereotipos-para-que-las-ninas-con-altas-capacidades-puedan-desarrollar-al-maximo-su-talento\\\/#article\",\"isPartOf\":{\"@id\":\"https:\\\/\\\/www.laguiadepamplona.com\\\/actualidad\\\/dos-talleres-y-tres-charlas-online-buscan-romper-estereotipos-para-que-las-ninas-con-altas-capacidades-puedan-desarrollar-al-maximo-su-talento\\\/\"},\"author\":{\"name\":\"La Gu\u00eda de Pamplona\",\"@id\":\"https:\\\/\\\/www.laguiadepamplona.com\\\/actualidad\\\/#\\\/schema\\\/person\\\/efe887376f0213d4657c93adc50b1fdb\"},\"headline\":\"Dos talleres y tres charlas online buscan romper estereotipos para que las ni\u00f1as con altas capacidades puedan desarrollar al m\u00e1ximo su talento\",\"datePublished\":\"2022-11-11T10:39:44+00:00\",\"dateModified\":\"2023-04-11T09:47:35+00:00\",\"mainEntityOfPage\":{\"@id\":\"https:\\\/\\\/www.laguiadepamplona.com\\\/actualidad\\\/dos-talleres-y-tres-charlas-online-buscan-romper-estereotipos-para-que-las-ninas-con-altas-capacidades-puedan-desarrollar-al-maximo-su-talento\\\/\"},\"wordCount\":713,\"commentCount\":0,\"publisher\":{\"@id\":\"https:\\\/\\\/www.laguiadepamplona.com\\\/actualidad\\\/#organization\"},\"image\":{\"@id\":\"https:\\\/\\\/www.laguiadepamplona.com\\\/actualidad\\\/dos-talleres-y-tres-charlas-online-buscan-romper-estereotipos-para-que-las-ninas-con-altas-capacidades-puedan-desarrollar-al-maximo-su-talento\\\/#primaryimage\"},\"thumbnailUrl\":\"https:\\\/\\\/www.laguiadepamplona.com\\\/actualidad\\\/wp-content\\\/uploads\\\/2022\\\/11\\\/charla14.jpg\",\"articleSection\":[\"Ayto Pamplona\"],\"inLanguage\":\"es\",\"potentialAction\":[{\"@type\":\"CommentAction\",\"name\":\"Comment\",\"target\":[\"https:\\\/\\\/www.laguiadepamplona.com\\\/actualidad\\\/dos-talleres-y-tres-charlas-online-buscan-romper-estereotipos-para-que-las-ninas-con-altas-capacidades-puedan-desarrollar-al-maximo-su-talento\\\/#respond\"]}]},{\"@type\":\"WebPage\",\"@id\":\"https:\\\/\\\/www.laguiadepamplona.com\\\/actualidad\\\/dos-talleres-y-tres-charlas-online-buscan-romper-estereotipos-para-que-las-ninas-con-altas-capacidades-puedan-desarrollar-al-maximo-su-talento\\\/\",\"url\":\"https:\\\/\\\/www.laguiadepamplona.com\\\/actualidad\\\/dos-talleres-y-tres-charlas-online-buscan-romper-estereotipos-para-que-las-ninas-con-altas-capacidades-puedan-desarrollar-al-maximo-su-talento\\\/\",\"name\":\"Dos talleres y tres charlas online buscan romper estereotipos para que las ni\u00f1as con altas capacidades puedan desarrollar al m\u00e1ximo su talento\",\"isPartOf\":{\"@id\":\"https:\\\/\\\/www.laguiadepamplona.com\\\/actualidad\\\/#website\"},\"primaryImageOfPage\":{\"@id\":\"https:\\\/\\\/www.laguiadepamplona.com\\\/actualidad\\\/dos-talleres-y-tres-charlas-online-buscan-romper-estereotipos-para-que-las-ninas-con-altas-capacidades-puedan-desarrollar-al-maximo-su-talento\\\/#primaryimage\"},\"image\":{\"@id\":\"https:\\\/\\\/www.laguiadepamplona.com\\\/actualidad\\\/dos-talleres-y-tres-charlas-online-buscan-romper-estereotipos-para-que-las-ninas-con-altas-capacidades-puedan-desarrollar-al-maximo-su-talento\\\/#primaryimage\"},\"thumbnailUrl\":\"https:\\\/\\\/www.laguiadepamplona.com\\\/actualidad\\\/wp-content\\\/uploads\\\/2022\\\/11\\\/charla14.jpg\",\"datePublished\":\"2022-11-11T10:39:44+00:00\",\"dateModified\":\"2023-04-11T09:47:35+00:00\",\"description\":\"Las actividades est\u00e1n organizadas por la Asociaci\u00f3n Navarra para las Altas Capacidades con ayuda econ\u00f3mica del \u00e1rea de Igualdad del Ayuntamiento\",\"breadcrumb\":{\"@id\":\"https:\\\/\\\/www.laguiadepamplona.com\\\/actualidad\\\/dos-talleres-y-tres-charlas-online-buscan-romper-estereotipos-para-que-las-ninas-con-altas-capacidades-puedan-desarrollar-al-maximo-su-talento\\\/#breadcrumb\"},\"inLanguage\":\"es\",\"potentialAction\":[{\"@type\":\"ReadAction\",\"target\":[\"https:\\\/\\\/www.laguiadepamplona.com\\\/actualidad\\\/dos-talleres-y-tres-charlas-online-buscan-romper-estereotipos-para-que-las-ninas-con-altas-capacidades-puedan-desarrollar-al-maximo-su-talento\\\/\"]}]},{\"@type\":\"ImageObject\",\"inLanguage\":\"es\",\"@id\":\"https:\\\/\\\/www.laguiadepamplona.com\\\/actualidad\\\/dos-talleres-y-tres-charlas-online-buscan-romper-estereotipos-para-que-las-ninas-con-altas-capacidades-puedan-desarrollar-al-maximo-su-talento\\\/#primaryimage\",\"url\":\"https:\\\/\\\/www.laguiadepamplona.com\\\/actualidad\\\/wp-content\\\/uploads\\\/2022\\\/11\\\/charla14.jpg\",\"contentUrl\":\"https:\\\/\\\/www.laguiadepamplona.com\\\/actualidad\\\/wp-content\\\/uploads\\\/2022\\\/11\\\/charla14.jpg\",\"width\":1080,\"height\":1080},{\"@type\":\"BreadcrumbList\",\"@id\":\"https:\\\/\\\/www.laguiadepamplona.com\\\/actualidad\\\/dos-talleres-y-tres-charlas-online-buscan-romper-estereotipos-para-que-las-ninas-con-altas-capacidades-puedan-desarrollar-al-maximo-su-talento\\\/#breadcrumb\",\"itemListElement\":[{\"@type\":\"ListItem\",\"position\":1,\"name\":\"Portada\",\"item\":\"https:\\\/\\\/www.laguiadepamplona.com\\\/actualidad\\\/\"},{\"@type\":\"ListItem\",\"position\":2,\"name\":\"Dos talleres y tres charlas online buscan romper estereotipos para que las ni\u00f1as con altas capacidades puedan desarrollar al m\u00e1ximo su talento\"}]},{\"@type\":\"WebSite\",\"@id\":\"https:\\\/\\\/www.laguiadepamplona.com\\\/actualidad\\\/#website\",\"url\":\"https:\\\/\\\/www.laguiadepamplona.com\\\/actualidad\\\/\",\"name\":\"La gu\u00eda de Pamplona\",\"description\":\"Noticias de Pamplona\",\"publisher\":{\"@id\":\"https:\\\/\\\/www.laguiadepamplona.com\\\/actualidad\\\/#organization\"},\"potentialAction\":[{\"@type\":\"SearchAction\",\"target\":{\"@type\":\"EntryPoint\",\"urlTemplate\":\"https:\\\/\\\/www.laguiadepamplona.com\\\/actualidad\\\/?s={search_term_string}\"},\"query-input\":{\"@type\":\"PropertyValueSpecification\",\"valueRequired\":true,\"valueName\":\"search_term_string\"}}],\"inLanguage\":\"es\"},{\"@type\":\"Organization\",\"@id\":\"https:\\\/\\\/www.laguiadepamplona.com\\\/actualidad\\\/#organization\",\"name\":\"La Gu\u00eda de Pamplona \\\/ Noticias\",\"url\":\"https:\\\/\\\/www.laguiadepamplona.com\\\/actualidad\\\/\",\"logo\":{\"@type\":\"ImageObject\",\"inLanguage\":\"es\",\"@id\":\"https:\\\/\\\/www.laguiadepamplona.com\\\/actualidad\\\/#\\\/schema\\\/logo\\\/image\\\/\",\"url\":\"https:\\\/\\\/www.laguiadepamplona.com\\\/actualidad\\\/wp-content\\\/uploads\\\/2018\\\/11\\\/logo-laguiadepamplona18-web1.png\",\"contentUrl\":\"https:\\\/\\\/www.laguiadepamplona.com\\\/actualidad\\\/wp-content\\\/uploads\\\/2018\\\/11\\\/logo-laguiadepamplona18-web1.png\",\"width\":600,\"height\":196,\"caption\":\"La Gu\u00eda de Pamplona \\\/ Noticias\"},\"image\":{\"@id\":\"https:\\\/\\\/www.laguiadepamplona.com\\\/actualidad\\\/#\\\/schema\\\/logo\\\/image\\\/\"},\"sameAs\":[\"https:\\\/\\\/www.facebook.com\\\/laguiadepamplonacom-133175176762273\\\/?ref=hl\",\"https:\\\/\\\/x.com\\\/LaGuiadPamplona\",\"https:\\\/\\\/www.instagram.com\\\/la_guia_de_pamplona\\\/\",\"https:\\\/\\\/www.youtube.com\\\/user\\\/laguiadepamplona\"]},{\"@type\":\"Person\",\"@id\":\"https:\\\/\\\/www.laguiadepamplona.com\\\/actualidad\\\/#\\\/schema\\\/person\\\/efe887376f0213d4657c93adc50b1fdb\",\"name\":\"La Gu\u00eda de Pamplona\",\"image\":{\"@type\":\"ImageObject\",\"inLanguage\":\"es\",\"@id\":\"https:\\\/\\\/secure.gravatar.com\\\/avatar\\\/b6992f131dc8d30ab0dff15446e9d346d9dbd95992de0fef795073f5ea83a81c?s=96&d=mm&r=g\",\"url\":\"https:\\\/\\\/secure.gravatar.com\\\/avatar\\\/b6992f131dc8d30ab0dff15446e9d346d9dbd95992de0fef795073f5ea83a81c?s=96&d=mm&r=g\",\"contentUrl\":\"https:\\\/\\\/secure.gravatar.com\\\/avatar\\\/b6992f131dc8d30ab0dff15446e9d346d9dbd95992de0fef795073f5ea83a81c?s=96&d=mm&r=g\",\"caption\":\"La Gu\u00eda de Pamplona\"}}]}<\/script>\n<!-- \/ Yoast SEO plugin. -->","yoast_head_json":{"title":"Dos talleres y tres charlas online buscan romper estereotipos para que las ni\u00f1as con altas capacidades puedan desarrollar al m\u00e1ximo su talento","description":"Las actividades est\u00e1n organizadas por la Asociaci\u00f3n Navarra para las Altas Capacidades con ayuda econ\u00f3mica del \u00e1rea de Igualdad del Ayuntamiento","robots":{"index":"index","follow":"follow","max-snippet":"max-snippet:-1","max-image-preview":"max-image-preview:large","max-video-preview":"max-video-preview:-1"},"canonical":"https:\/\/www.laguiadepamplona.com\/actualidad\/dos-talleres-y-tres-charlas-online-buscan-romper-estereotipos-para-que-las-ninas-con-altas-capacidades-puedan-desarrollar-al-maximo-su-talento\/","og_locale":"es_ES","og_type":"article","og_title":"Dos talleres y tres charlas online buscan romper estereotipos para que las ni\u00f1as con altas capacidades puedan desarrollar al m\u00e1ximo su talento","og_description":"Las actividades est\u00e1n organizadas por la Asociaci\u00f3n Navarra para las Altas Capacidades con ayuda econ\u00f3mica del \u00e1rea de Igualdad del Ayuntamiento","og_url":"https:\/\/www.laguiadepamplona.com\/actualidad\/dos-talleres-y-tres-charlas-online-buscan-romper-estereotipos-para-que-las-ninas-con-altas-capacidades-puedan-desarrollar-al-maximo-su-talento\/","og_site_name":"La Gu\u00eda de Pamplona","article_publisher":"https:\/\/www.facebook.com\/laguiadepamplonacom-133175176762273\/?ref=hl","article_published_time":"2022-11-11T10:39:44+00:00","article_modified_time":"2023-04-11T09:47:35+00:00","og_image":[{"width":1080,"height":1080,"url":"https:\/\/www.laguiadepamplona.com\/actualidad\/wp-content\/uploads\/2022\/11\/charla14.jpg","type":"image\/jpeg"}],"author":"La Gu\u00eda de Pamplona","twitter_card":"summary_large_image","twitter_creator":"@LaGuiadPamplona","twitter_site":"@LaGuiadPamplona","twitter_misc":{"Escrito por":"La Gu\u00eda de Pamplona","Tiempo de lectura":"3 minutos"},"schema":{"@context":"https:\/\/schema.org","@graph":[{"@type":"Article","@id":"https:\/\/www.laguiadepamplona.com\/actualidad\/dos-talleres-y-tres-charlas-online-buscan-romper-estereotipos-para-que-las-ninas-con-altas-capacidades-puedan-desarrollar-al-maximo-su-talento\/#article","isPartOf":{"@id":"https:\/\/www.laguiadepamplona.com\/actualidad\/dos-talleres-y-tres-charlas-online-buscan-romper-estereotipos-para-que-las-ninas-con-altas-capacidades-puedan-desarrollar-al-maximo-su-talento\/"},"author":{"name":"La Gu\u00eda de Pamplona","@id":"https:\/\/www.laguiadepamplona.com\/actualidad\/#\/schema\/person\/efe887376f0213d4657c93adc50b1fdb"},"headline":"Dos talleres y tres charlas online buscan romper estereotipos para que las ni\u00f1as con altas capacidades puedan desarrollar al m\u00e1ximo su talento","datePublished":"2022-11-11T10:39:44+00:00","dateModified":"2023-04-11T09:47:35+00:00","mainEntityOfPage":{"@id":"https:\/\/www.laguiadepamplona.com\/actualidad\/dos-talleres-y-tres-charlas-online-buscan-romper-estereotipos-para-que-las-ninas-con-altas-capacidades-puedan-desarrollar-al-maximo-su-talento\/"},"wordCount":713,"commentCount":0,"publisher":{"@id":"https:\/\/www.laguiadepamplona.com\/actualidad\/#organization"},"image":{"@id":"https:\/\/www.laguiadepamplona.com\/actualidad\/dos-talleres-y-tres-charlas-online-buscan-romper-estereotipos-para-que-las-ninas-con-altas-capacidades-puedan-desarrollar-al-maximo-su-talento\/#primaryimage"},"thumbnailUrl":"https:\/\/www.laguiadepamplona.com\/actualidad\/wp-content\/uploads\/2022\/11\/charla14.jpg","articleSection":["Ayto Pamplona"],"inLanguage":"es","potentialAction":[{"@type":"CommentAction","name":"Comment","target":["https:\/\/www.laguiadepamplona.com\/actualidad\/dos-talleres-y-tres-charlas-online-buscan-romper-estereotipos-para-que-las-ninas-con-altas-capacidades-puedan-desarrollar-al-maximo-su-talento\/#respond"]}]},{"@type":"WebPage","@id":"https:\/\/www.laguiadepamplona.com\/actualidad\/dos-talleres-y-tres-charlas-online-buscan-romper-estereotipos-para-que-las-ninas-con-altas-capacidades-puedan-desarrollar-al-maximo-su-talento\/","url":"https:\/\/www.laguiadepamplona.com\/actualidad\/dos-talleres-y-tres-charlas-online-buscan-romper-estereotipos-para-que-las-ninas-con-altas-capacidades-puedan-desarrollar-al-maximo-su-talento\/","name":"Dos talleres y tres charlas online buscan romper estereotipos para que las ni\u00f1as con altas capacidades puedan desarrollar al m\u00e1ximo su talento","isPartOf":{"@id":"https:\/\/www.laguiadepamplona.com\/actualidad\/#website"},"primaryImageOfPage":{"@id":"https:\/\/www.laguiadepamplona.com\/actualidad\/dos-talleres-y-tres-charlas-online-buscan-romper-estereotipos-para-que-las-ninas-con-altas-capacidades-puedan-desarrollar-al-maximo-su-talento\/#primaryimage"},"image":{"@id":"https:\/\/www.laguiadepamplona.com\/actualidad\/dos-talleres-y-tres-charlas-online-buscan-romper-estereotipos-para-que-las-ninas-con-altas-capacidades-puedan-desarrollar-al-maximo-su-talento\/#primaryimage"},"thumbnailUrl":"https:\/\/www.laguiadepamplona.com\/actualidad\/wp-content\/uploads\/2022\/11\/charla14.jpg","datePublished":"2022-11-11T10:39:44+00:00","dateModified":"2023-04-11T09:47:35+00:00","description":"Las actividades est\u00e1n organizadas por la Asociaci\u00f3n Navarra para las Altas Capacidades con ayuda econ\u00f3mica del \u00e1rea de Igualdad del Ayuntamiento","breadcrumb":{"@id":"https:\/\/www.laguiadepamplona.com\/actualidad\/dos-talleres-y-tres-charlas-online-buscan-romper-estereotipos-para-que-las-ninas-con-altas-capacidades-puedan-desarrollar-al-maximo-su-talento\/#breadcrumb"},"inLanguage":"es","potentialAction":[{"@type":"ReadAction","target":["https:\/\/www.laguiadepamplona.com\/actualidad\/dos-talleres-y-tres-charlas-online-buscan-romper-estereotipos-para-que-las-ninas-con-altas-capacidades-puedan-desarrollar-al-maximo-su-talento\/"]}]},{"@type":"ImageObject","inLanguage":"es","@id":"https:\/\/www.laguiadepamplona.com\/actualidad\/dos-talleres-y-tres-charlas-online-buscan-romper-estereotipos-para-que-las-ninas-con-altas-capacidades-puedan-desarrollar-al-maximo-su-talento\/#primaryimage","url":"https:\/\/www.laguiadepamplona.com\/actualidad\/wp-content\/uploads\/2022\/11\/charla14.jpg","contentUrl":"https:\/\/www.laguiadepamplona.com\/actualidad\/wp-content\/uploads\/2022\/11\/charla14.jpg","width":1080,"height":1080},{"@type":"BreadcrumbList","@id":"https:\/\/www.laguiadepamplona.com\/actualidad\/dos-talleres-y-tres-charlas-online-buscan-romper-estereotipos-para-que-las-ninas-con-altas-capacidades-puedan-desarrollar-al-maximo-su-talento\/#breadcrumb","itemListElement":[{"@type":"ListItem","position":1,"name":"Portada","item":"https:\/\/www.laguiadepamplona.com\/actualidad\/"},{"@type":"ListItem","position":2,"name":"Dos talleres y tres charlas online buscan romper estereotipos para que las ni\u00f1as con altas capacidades puedan desarrollar al m\u00e1ximo su talento"}]},{"@type":"WebSite","@id":"https:\/\/www.laguiadepamplona.com\/actualidad\/#website","url":"https:\/\/www.laguiadepamplona.com\/actualidad\/","name":"La gu\u00eda de Pamplona","description":"Noticias de Pamplona","publisher":{"@id":"https:\/\/www.laguiadepamplona.com\/actualidad\/#organization"},"potentialAction":[{"@type":"SearchAction","target":{"@type":"EntryPoint","urlTemplate":"https:\/\/www.laguiadepamplona.com\/actualidad\/?s={search_term_string}"},"query-input":{"@type":"PropertyValueSpecification","valueRequired":true,"valueName":"search_term_string"}}],"inLanguage":"es"},{"@type":"Organization","@id":"https:\/\/www.laguiadepamplona.com\/actualidad\/#organization","name":"La Gu\u00eda de Pamplona \/ Noticias","url":"https:\/\/www.laguiadepamplona.com\/actualidad\/","logo":{"@type":"ImageObject","inLanguage":"es","@id":"https:\/\/www.laguiadepamplona.com\/actualidad\/#\/schema\/logo\/image\/","url":"https:\/\/www.laguiadepamplona.com\/actualidad\/wp-content\/uploads\/2018\/11\/logo-laguiadepamplona18-web1.png","contentUrl":"https:\/\/www.laguiadepamplona.com\/actualidad\/wp-content\/uploads\/2018\/11\/logo-laguiadepamplona18-web1.png","width":600,"height":196,"caption":"La Gu\u00eda de Pamplona \/ Noticias"},"image":{"@id":"https:\/\/www.laguiadepamplona.com\/actualidad\/#\/schema\/logo\/image\/"},"sameAs":["https:\/\/www.facebook.com\/laguiadepamplonacom-133175176762273\/?ref=hl","https:\/\/x.com\/LaGuiadPamplona","https:\/\/www.instagram.com\/la_guia_de_pamplona\/","https:\/\/www.youtube.com\/user\/laguiadepamplona"]},{"@type":"Person","@id":"https:\/\/www.laguiadepamplona.com\/actualidad\/#\/schema\/person\/efe887376f0213d4657c93adc50b1fdb","name":"La Gu\u00eda de Pamplona","image":{"@type":"ImageObject","inLanguage":"es","@id":"https:\/\/secure.gravatar.com\/avatar\/b6992f131dc8d30ab0dff15446e9d346d9dbd95992de0fef795073f5ea83a81c?s=96&d=mm&r=g","url":"https:\/\/secure.gravatar.com\/avatar\/b6992f131dc8d30ab0dff15446e9d346d9dbd95992de0fef795073f5ea83a81c?s=96&d=mm&r=g","contentUrl":"https:\/\/secure.gravatar.com\/avatar\/b6992f131dc8d30ab0dff15446e9d346d9dbd95992de0fef795073f5ea83a81c?s=96&d=mm&r=g","caption":"La Gu\u00eda de Pamplona"}}]}},"post_mailing_queue_ids":[],"_links":{"self":[{"href":"https:\/\/www.laguiadepamplona.com\/actualidad\/wp-json\/wp\/v2\/posts\/42171","targetHints":{"allow":["GET"]}}],"collection":[{"href":"https:\/\/www.laguiadepamplona.com\/actualidad\/wp-json\/wp\/v2\/posts"}],"about":[{"href":"https:\/\/www.laguiadepamplona.com\/actualidad\/wp-json\/wp\/v2\/types\/post"}],"author":[{"embeddable":true,"href":"https:\/\/www.laguiadepamplona.com\/actualidad\/wp-json\/wp\/v2\/users\/1"}],"replies":[{"embeddable":true,"href":"https:\/\/www.laguiadepamplona.com\/actualidad\/wp-json\/wp\/v2\/comments?post=42171"}],"version-history":[{"count":0,"href":"https:\/\/www.laguiadepamplona.com\/actualidad\/wp-json\/wp\/v2\/posts\/42171\/revisions"}],"wp:featuredmedia":[{"embeddable":true,"href":"https:\/\/www.laguiadepamplona.com\/actualidad\/wp-json\/wp\/v2\/media\/42172"}],"wp:attachment":[{"href":"https:\/\/www.laguiadepamplona.com\/actualidad\/wp-json\/wp\/v2\/media?parent=42171"}],"wp:term":[{"taxonomy":"category","embeddable":true,"href":"https:\/\/www.laguiadepamplona.com\/actualidad\/wp-json\/wp\/v2\/categories?post=42171"},{"taxonomy":"post_tag","embeddable":true,"href":"https:\/\/www.laguiadepamplona.com\/actualidad\/wp-json\/wp\/v2\/tags?post=42171"}],"curies":[{"name":"wp","href":"https:\/\/api.w.org\/{rel}","templated":true}]}}