{"id":42169,"date":"2022-11-11T12:37:59","date_gmt":"2022-11-11T10:37:59","guid":{"rendered":"https:\/\/www.laguiadepamplona.com\/actualidad\/?p=42169"},"modified":"2023-04-11T11:47:36","modified_gmt":"2023-04-11T09:47:36","slug":"manana-tendra-lugar-la-segunda-jornada-de-plantacion-del-bosque-del-poligono-de-agustinos-por-medio-de-voluntariado-ciudadano","status":"publish","type":"post","link":"https:\/\/www.laguiadepamplona.com\/actualidad\/manana-tendra-lugar-la-segunda-jornada-de-plantacion-del-bosque-del-poligono-de-agustinos-por-medio-de-voluntariado-ciudadano\/","title":{"rendered":"Ma\u00f1ana tendr\u00e1 lugar la segunda jornada de plantaci\u00f3n del bosque del pol\u00edgono de Agustinos por medio de voluntariado ciudadano"},"content":{"rendered":"<h5>La Escuela Taller de Jardiner\u00eda se encargar\u00e1 de completar las parcelas hasta superar los 2.300 \u00e1rboles y 400 arbustos<\/h5>\n<p><!--more--><\/p>\n<p>Este s\u00e1bado 12 de noviembre continuar\u00e1 la plantaci\u00f3n de un bosque de absorci\u00f3n en el pol\u00edgono de Agustinos. La ciudadan\u00eda completar\u00e1 los 212 ejemplares de ejemplares aut\u00f3ctonos previstos para la plantaci\u00f3n por medio de voluntariado. A lo largo del pr\u00f3ximo semestre, alumnado de la Escuela Taller municipal de Jardiner\u00eda se encargar\u00e1 de completar las parcelas previstas de forma que quede ya dispuesta una masa boscosa, a\u00fan en crecimiento, que superar\u00e1 los 2.300 \u00e1rboles y 400 arbustos. Asimismo, la Escuela Taller de Carpinter\u00eda preparar\u00e1 el soporte para los carteles informativos sobre el proyecto municipal.<br \/>\n<script async src=\"\/\/pagead2.googlesyndication.com\/pagead\/js\/adsbygoogle.js\"><\/script><br \/>\n<!-- Noticias La Guia de Pamplona --><br \/>\n<ins class=\"adsbygoogle\"\nstyle=\"display:block\"\ndata-ad-client=\"ca-pub-6943679897239327\"\ndata-ad-slot=\"7048180777\"\ndata-ad-format=\"auto\"><\/ins><br \/>\n<script>\n(adsbygoogle = window.adsbygoogle || []).push({});\n<\/script><\/p>\n<p>Ma\u00f1ana 68 personas, acompa\u00f1adas por alumnado del ciclo de Educaci\u00f3n y Calidad Ambiental del CI Agroforestal, t\u00e9cnicas municipales y alumnado de la escuela taller de Jardiner\u00eda, ir\u00e1n disponiendo ejemplares peque\u00f1os de momentos arces, nogales, pinos, serbales, encinas y robles, acompa\u00f1ados de arbustos de la serie vegetal t\u00edpica de la zona. Quienes participen, organizados en grupos, abrir\u00e1n las \u2018ollas\u2019 de plantaci\u00f3n, colocar\u00e1n las pl\u00e1ntulas, agregar\u00e1n el compost y cubrir\u00e1n el cuello con una malla antigerminaci\u00f3n biodegradable, para acabar instalando el protector que rodea el tronco con un tutor. Finalmente regar\u00e1n el espacio. Estas operaciones les llevar\u00e1n alrededor de 2 horas. Las plazas para la jornada ya completas. Quienes participen solo deber\u00e1n llevar guantes de trabajo, el agua y el almuerzo que vayan a consumir, adem\u00e1s de la ropa adecuada para la tarea al aire libre.<\/p>\n<p>A lo largo de la ma\u00f1ana el personal especializado ir\u00e1 explicando m\u00e1s sobre el bosque y su incidencia en la flora y la fauna y, en definitiva, en la mejora de los indicadores de biodiversidad de la ciudad. La creaci\u00f3n del bosque y la consiguiente reducci\u00f3n de las emisiones de Gases de Efecto Invernadero (GEI) se enmarca dentro de la iniciativa \u2018Go Green Pamplona, la Estrategia de Transici\u00f3n Energ\u00e9tica y Cambio Clim\u00e1tico 2030. El objetivo es lograr un modelo de ciudad sostenible y descarbonizada y es que esta nueva zona arbolada, dise\u00f1ada como bosque de absorci\u00f3n, permitir\u00e1 a la ciudad compensar una parte de las emisiones de CO2 que produce, mejorando su situaci\u00f3n ante el llamado efecto invernadero y luchando contra el cambio clim\u00e1tico.<\/p>\n","protected":false},"excerpt":{"rendered":"<p>La Escuela Taller de Jardiner\u00eda se encargar\u00e1 de completar las parcelas hasta superar los 2.300 \u00e1rboles y 400 arbustos<\/p>\n","protected":false},"author":1,"featured_media":42109,"comment_status":"open","ping_status":"closed","sticky":false,"template":"","format":"standard","meta":{"footnotes":""},"categories":[2],"tags":[],"class_list":["post-42169","post","type-post","status-publish","format-standard","has-post-thumbnail","hentry","category-ayuntamiento-pamplona"],"yoast_head":"<!-- This site is optimized with the Yoast SEO plugin v27.5 - https:\/\/yoast.com\/product\/yoast-seo-wordpress\/ -->\n<title>Ma\u00f1ana tendr\u00e1 lugar la segunda jornada de plantaci\u00f3n del bosque del pol\u00edgono de Agustinos por medio de voluntariado ciudadano<\/title>\n<meta name=\"description\" content=\"La Escuela Taller de Jardiner\u00eda se encargar\u00e1 de completar las parcelas hasta superar los 2.300 \u00e1rboles y 400 arbustos\" \/>\n<meta name=\"robots\" content=\"index, follow, max-snippet:-1, max-image-preview:large, max-video-preview:-1\" \/>\n<link rel=\"canonical\" href=\"https:\/\/www.laguiadepamplona.com\/actualidad\/manana-tendra-lugar-la-segunda-jornada-de-plantacion-del-bosque-del-poligono-de-agustinos-por-medio-de-voluntariado-ciudadano\/\" \/>\n<meta property=\"og:locale\" content=\"es_ES\" \/>\n<meta property=\"og:type\" content=\"article\" \/>\n<meta property=\"og:title\" content=\"Ma\u00f1ana tendr\u00e1 lugar la segunda jornada de plantaci\u00f3n del bosque del pol\u00edgono de Agustinos por medio de voluntariado ciudadano\" \/>\n<meta property=\"og:description\" content=\"La Escuela Taller de Jardiner\u00eda se encargar\u00e1 de completar las parcelas hasta superar los 2.300 \u00e1rboles y 400 arbustos\" \/>\n<meta property=\"og:url\" content=\"https:\/\/www.laguiadepamplona.com\/actualidad\/manana-tendra-lugar-la-segunda-jornada-de-plantacion-del-bosque-del-poligono-de-agustinos-por-medio-de-voluntariado-ciudadano\/\" \/>\n<meta property=\"og:site_name\" content=\"La Gu\u00eda de Pamplona\" \/>\n<meta property=\"article:publisher\" content=\"https:\/\/www.facebook.com\/laguiadepamplonacom-133175176762273\/?ref=hl\" \/>\n<meta property=\"article:published_time\" content=\"2022-11-11T10:37:59+00:00\" \/>\n<meta property=\"article:modified_time\" content=\"2023-04-11T09:47:36+00:00\" \/>\n<meta property=\"og:image\" content=\"https:\/\/www.laguiadepamplona.com\/actualidad\/wp-content\/uploads\/2022\/11\/voluntariadobosqueagustinosee5a6247.webp\" \/>\n\t<meta property=\"og:image:width\" content=\"1920\" \/>\n\t<meta property=\"og:image:height\" content=\"1280\" \/>\n\t<meta property=\"og:image:type\" content=\"image\/webp\" \/>\n<meta name=\"author\" content=\"La Gu\u00eda de Pamplona\" \/>\n<meta name=\"twitter:card\" content=\"summary_large_image\" \/>\n<meta name=\"twitter:creator\" content=\"@LaGuiadPamplona\" \/>\n<meta name=\"twitter:site\" content=\"@LaGuiadPamplona\" \/>\n<meta name=\"twitter:label1\" content=\"Escrito por\" \/>\n\t<meta name=\"twitter:data1\" content=\"La Gu\u00eda de Pamplona\" \/>\n\t<meta name=\"twitter:label2\" content=\"Tiempo de lectura\" \/>\n\t<meta name=\"twitter:data2\" content=\"2 minutos\" \/>\n<script type=\"application\/ld+json\" class=\"yoast-schema-graph\">{\"@context\":\"https:\\\/\\\/schema.org\",\"@graph\":[{\"@type\":\"Article\",\"@id\":\"https:\\\/\\\/www.laguiadepamplona.com\\\/actualidad\\\/manana-tendra-lugar-la-segunda-jornada-de-plantacion-del-bosque-del-poligono-de-agustinos-por-medio-de-voluntariado-ciudadano\\\/#article\",\"isPartOf\":{\"@id\":\"https:\\\/\\\/www.laguiadepamplona.com\\\/actualidad\\\/manana-tendra-lugar-la-segunda-jornada-de-plantacion-del-bosque-del-poligono-de-agustinos-por-medio-de-voluntariado-ciudadano\\\/\"},\"author\":{\"name\":\"La Gu\u00eda de Pamplona\",\"@id\":\"https:\\\/\\\/www.laguiadepamplona.com\\\/actualidad\\\/#\\\/schema\\\/person\\\/efe887376f0213d4657c93adc50b1fdb\"},\"headline\":\"Ma\u00f1ana tendr\u00e1 lugar la segunda jornada de plantaci\u00f3n del bosque del pol\u00edgono de Agustinos por medio de voluntariado ciudadano\",\"datePublished\":\"2022-11-11T10:37:59+00:00\",\"dateModified\":\"2023-04-11T09:47:36+00:00\",\"mainEntityOfPage\":{\"@id\":\"https:\\\/\\\/www.laguiadepamplona.com\\\/actualidad\\\/manana-tendra-lugar-la-segunda-jornada-de-plantacion-del-bosque-del-poligono-de-agustinos-por-medio-de-voluntariado-ciudadano\\\/\"},\"wordCount\":426,\"commentCount\":0,\"publisher\":{\"@id\":\"https:\\\/\\\/www.laguiadepamplona.com\\\/actualidad\\\/#organization\"},\"image\":{\"@id\":\"https:\\\/\\\/www.laguiadepamplona.com\\\/actualidad\\\/manana-tendra-lugar-la-segunda-jornada-de-plantacion-del-bosque-del-poligono-de-agustinos-por-medio-de-voluntariado-ciudadano\\\/#primaryimage\"},\"thumbnailUrl\":\"https:\\\/\\\/www.laguiadepamplona.com\\\/actualidad\\\/wp-content\\\/uploads\\\/2022\\\/11\\\/voluntariadobosqueagustinosee5a6247.webp\",\"articleSection\":[\"Ayto Pamplona\"],\"inLanguage\":\"es\",\"potentialAction\":[{\"@type\":\"CommentAction\",\"name\":\"Comment\",\"target\":[\"https:\\\/\\\/www.laguiadepamplona.com\\\/actualidad\\\/manana-tendra-lugar-la-segunda-jornada-de-plantacion-del-bosque-del-poligono-de-agustinos-por-medio-de-voluntariado-ciudadano\\\/#respond\"]}]},{\"@type\":\"WebPage\",\"@id\":\"https:\\\/\\\/www.laguiadepamplona.com\\\/actualidad\\\/manana-tendra-lugar-la-segunda-jornada-de-plantacion-del-bosque-del-poligono-de-agustinos-por-medio-de-voluntariado-ciudadano\\\/\",\"url\":\"https:\\\/\\\/www.laguiadepamplona.com\\\/actualidad\\\/manana-tendra-lugar-la-segunda-jornada-de-plantacion-del-bosque-del-poligono-de-agustinos-por-medio-de-voluntariado-ciudadano\\\/\",\"name\":\"Ma\u00f1ana tendr\u00e1 lugar la segunda jornada de plantaci\u00f3n del bosque del pol\u00edgono de Agustinos por medio de voluntariado ciudadano\",\"isPartOf\":{\"@id\":\"https:\\\/\\\/www.laguiadepamplona.com\\\/actualidad\\\/#website\"},\"primaryImageOfPage\":{\"@id\":\"https:\\\/\\\/www.laguiadepamplona.com\\\/actualidad\\\/manana-tendra-lugar-la-segunda-jornada-de-plantacion-del-bosque-del-poligono-de-agustinos-por-medio-de-voluntariado-ciudadano\\\/#primaryimage\"},\"image\":{\"@id\":\"https:\\\/\\\/www.laguiadepamplona.com\\\/actualidad\\\/manana-tendra-lugar-la-segunda-jornada-de-plantacion-del-bosque-del-poligono-de-agustinos-por-medio-de-voluntariado-ciudadano\\\/#primaryimage\"},\"thumbnailUrl\":\"https:\\\/\\\/www.laguiadepamplona.com\\\/actualidad\\\/wp-content\\\/uploads\\\/2022\\\/11\\\/voluntariadobosqueagustinosee5a6247.webp\",\"datePublished\":\"2022-11-11T10:37:59+00:00\",\"dateModified\":\"2023-04-11T09:47:36+00:00\",\"description\":\"La Escuela Taller de Jardiner\u00eda se encargar\u00e1 de completar las parcelas hasta superar los 2.300 \u00e1rboles y 400 arbustos\",\"breadcrumb\":{\"@id\":\"https:\\\/\\\/www.laguiadepamplona.com\\\/actualidad\\\/manana-tendra-lugar-la-segunda-jornada-de-plantacion-del-bosque-del-poligono-de-agustinos-por-medio-de-voluntariado-ciudadano\\\/#breadcrumb\"},\"inLanguage\":\"es\",\"potentialAction\":[{\"@type\":\"ReadAction\",\"target\":[\"https:\\\/\\\/www.laguiadepamplona.com\\\/actualidad\\\/manana-tendra-lugar-la-segunda-jornada-de-plantacion-del-bosque-del-poligono-de-agustinos-por-medio-de-voluntariado-ciudadano\\\/\"]}]},{\"@type\":\"ImageObject\",\"inLanguage\":\"es\",\"@id\":\"https:\\\/\\\/www.laguiadepamplona.com\\\/actualidad\\\/manana-tendra-lugar-la-segunda-jornada-de-plantacion-del-bosque-del-poligono-de-agustinos-por-medio-de-voluntariado-ciudadano\\\/#primaryimage\",\"url\":\"https:\\\/\\\/www.laguiadepamplona.com\\\/actualidad\\\/wp-content\\\/uploads\\\/2022\\\/11\\\/voluntariadobosqueagustinosee5a6247.webp\",\"contentUrl\":\"https:\\\/\\\/www.laguiadepamplona.com\\\/actualidad\\\/wp-content\\\/uploads\\\/2022\\\/11\\\/voluntariadobosqueagustinosee5a6247.webp\",\"width\":1920,\"height\":1280},{\"@type\":\"BreadcrumbList\",\"@id\":\"https:\\\/\\\/www.laguiadepamplona.com\\\/actualidad\\\/manana-tendra-lugar-la-segunda-jornada-de-plantacion-del-bosque-del-poligono-de-agustinos-por-medio-de-voluntariado-ciudadano\\\/#breadcrumb\",\"itemListElement\":[{\"@type\":\"ListItem\",\"position\":1,\"name\":\"Portada\",\"item\":\"https:\\\/\\\/www.laguiadepamplona.com\\\/actualidad\\\/\"},{\"@type\":\"ListItem\",\"position\":2,\"name\":\"Ma\u00f1ana tendr\u00e1 lugar la segunda jornada de plantaci\u00f3n del bosque del pol\u00edgono de Agustinos por medio de voluntariado ciudadano\"}]},{\"@type\":\"WebSite\",\"@id\":\"https:\\\/\\\/www.laguiadepamplona.com\\\/actualidad\\\/#website\",\"url\":\"https:\\\/\\\/www.laguiadepamplona.com\\\/actualidad\\\/\",\"name\":\"La gu\u00eda de Pamplona\",\"description\":\"Noticias de Pamplona\",\"publisher\":{\"@id\":\"https:\\\/\\\/www.laguiadepamplona.com\\\/actualidad\\\/#organization\"},\"potentialAction\":[{\"@type\":\"SearchAction\",\"target\":{\"@type\":\"EntryPoint\",\"urlTemplate\":\"https:\\\/\\\/www.laguiadepamplona.com\\\/actualidad\\\/?s={search_term_string}\"},\"query-input\":{\"@type\":\"PropertyValueSpecification\",\"valueRequired\":true,\"valueName\":\"search_term_string\"}}],\"inLanguage\":\"es\"},{\"@type\":\"Organization\",\"@id\":\"https:\\\/\\\/www.laguiadepamplona.com\\\/actualidad\\\/#organization\",\"name\":\"La Gu\u00eda de Pamplona \\\/ Noticias\",\"url\":\"https:\\\/\\\/www.laguiadepamplona.com\\\/actualidad\\\/\",\"logo\":{\"@type\":\"ImageObject\",\"inLanguage\":\"es\",\"@id\":\"https:\\\/\\\/www.laguiadepamplona.com\\\/actualidad\\\/#\\\/schema\\\/logo\\\/image\\\/\",\"url\":\"https:\\\/\\\/www.laguiadepamplona.com\\\/actualidad\\\/wp-content\\\/uploads\\\/2018\\\/11\\\/logo-laguiadepamplona18-web1.png\",\"contentUrl\":\"https:\\\/\\\/www.laguiadepamplona.com\\\/actualidad\\\/wp-content\\\/uploads\\\/2018\\\/11\\\/logo-laguiadepamplona18-web1.png\",\"width\":600,\"height\":196,\"caption\":\"La Gu\u00eda de Pamplona \\\/ Noticias\"},\"image\":{\"@id\":\"https:\\\/\\\/www.laguiadepamplona.com\\\/actualidad\\\/#\\\/schema\\\/logo\\\/image\\\/\"},\"sameAs\":[\"https:\\\/\\\/www.facebook.com\\\/laguiadepamplonacom-133175176762273\\\/?ref=hl\",\"https:\\\/\\\/x.com\\\/LaGuiadPamplona\",\"https:\\\/\\\/www.instagram.com\\\/la_guia_de_pamplona\\\/\",\"https:\\\/\\\/www.youtube.com\\\/user\\\/laguiadepamplona\"]},{\"@type\":\"Person\",\"@id\":\"https:\\\/\\\/www.laguiadepamplona.com\\\/actualidad\\\/#\\\/schema\\\/person\\\/efe887376f0213d4657c93adc50b1fdb\",\"name\":\"La Gu\u00eda de Pamplona\",\"image\":{\"@type\":\"ImageObject\",\"inLanguage\":\"es\",\"@id\":\"https:\\\/\\\/secure.gravatar.com\\\/avatar\\\/b6992f131dc8d30ab0dff15446e9d346d9dbd95992de0fef795073f5ea83a81c?s=96&d=mm&r=g\",\"url\":\"https:\\\/\\\/secure.gravatar.com\\\/avatar\\\/b6992f131dc8d30ab0dff15446e9d346d9dbd95992de0fef795073f5ea83a81c?s=96&d=mm&r=g\",\"contentUrl\":\"https:\\\/\\\/secure.gravatar.com\\\/avatar\\\/b6992f131dc8d30ab0dff15446e9d346d9dbd95992de0fef795073f5ea83a81c?s=96&d=mm&r=g\",\"caption\":\"La Gu\u00eda de Pamplona\"}}]}<\/script>\n<!-- \/ Yoast SEO plugin. -->","yoast_head_json":{"title":"Ma\u00f1ana tendr\u00e1 lugar la segunda jornada de plantaci\u00f3n del bosque del pol\u00edgono de Agustinos por medio de voluntariado ciudadano","description":"La Escuela Taller de Jardiner\u00eda se encargar\u00e1 de completar las parcelas hasta superar los 2.300 \u00e1rboles y 400 arbustos","robots":{"index":"index","follow":"follow","max-snippet":"max-snippet:-1","max-image-preview":"max-image-preview:large","max-video-preview":"max-video-preview:-1"},"canonical":"https:\/\/www.laguiadepamplona.com\/actualidad\/manana-tendra-lugar-la-segunda-jornada-de-plantacion-del-bosque-del-poligono-de-agustinos-por-medio-de-voluntariado-ciudadano\/","og_locale":"es_ES","og_type":"article","og_title":"Ma\u00f1ana tendr\u00e1 lugar la segunda jornada de plantaci\u00f3n del bosque del pol\u00edgono de Agustinos por medio de voluntariado ciudadano","og_description":"La Escuela Taller de Jardiner\u00eda se encargar\u00e1 de completar las parcelas hasta superar los 2.300 \u00e1rboles y 400 arbustos","og_url":"https:\/\/www.laguiadepamplona.com\/actualidad\/manana-tendra-lugar-la-segunda-jornada-de-plantacion-del-bosque-del-poligono-de-agustinos-por-medio-de-voluntariado-ciudadano\/","og_site_name":"La Gu\u00eda de Pamplona","article_publisher":"https:\/\/www.facebook.com\/laguiadepamplonacom-133175176762273\/?ref=hl","article_published_time":"2022-11-11T10:37:59+00:00","article_modified_time":"2023-04-11T09:47:36+00:00","og_image":[{"width":1920,"height":1280,"url":"https:\/\/www.laguiadepamplona.com\/actualidad\/wp-content\/uploads\/2022\/11\/voluntariadobosqueagustinosee5a6247.webp","type":"image\/webp"}],"author":"La Gu\u00eda de Pamplona","twitter_card":"summary_large_image","twitter_creator":"@LaGuiadPamplona","twitter_site":"@LaGuiadPamplona","twitter_misc":{"Escrito por":"La Gu\u00eda de Pamplona","Tiempo de lectura":"2 minutos"},"schema":{"@context":"https:\/\/schema.org","@graph":[{"@type":"Article","@id":"https:\/\/www.laguiadepamplona.com\/actualidad\/manana-tendra-lugar-la-segunda-jornada-de-plantacion-del-bosque-del-poligono-de-agustinos-por-medio-de-voluntariado-ciudadano\/#article","isPartOf":{"@id":"https:\/\/www.laguiadepamplona.com\/actualidad\/manana-tendra-lugar-la-segunda-jornada-de-plantacion-del-bosque-del-poligono-de-agustinos-por-medio-de-voluntariado-ciudadano\/"},"author":{"name":"La Gu\u00eda de Pamplona","@id":"https:\/\/www.laguiadepamplona.com\/actualidad\/#\/schema\/person\/efe887376f0213d4657c93adc50b1fdb"},"headline":"Ma\u00f1ana tendr\u00e1 lugar la segunda jornada de plantaci\u00f3n del bosque del pol\u00edgono de Agustinos por medio de voluntariado ciudadano","datePublished":"2022-11-11T10:37:59+00:00","dateModified":"2023-04-11T09:47:36+00:00","mainEntityOfPage":{"@id":"https:\/\/www.laguiadepamplona.com\/actualidad\/manana-tendra-lugar-la-segunda-jornada-de-plantacion-del-bosque-del-poligono-de-agustinos-por-medio-de-voluntariado-ciudadano\/"},"wordCount":426,"commentCount":0,"publisher":{"@id":"https:\/\/www.laguiadepamplona.com\/actualidad\/#organization"},"image":{"@id":"https:\/\/www.laguiadepamplona.com\/actualidad\/manana-tendra-lugar-la-segunda-jornada-de-plantacion-del-bosque-del-poligono-de-agustinos-por-medio-de-voluntariado-ciudadano\/#primaryimage"},"thumbnailUrl":"https:\/\/www.laguiadepamplona.com\/actualidad\/wp-content\/uploads\/2022\/11\/voluntariadobosqueagustinosee5a6247.webp","articleSection":["Ayto Pamplona"],"inLanguage":"es","potentialAction":[{"@type":"CommentAction","name":"Comment","target":["https:\/\/www.laguiadepamplona.com\/actualidad\/manana-tendra-lugar-la-segunda-jornada-de-plantacion-del-bosque-del-poligono-de-agustinos-por-medio-de-voluntariado-ciudadano\/#respond"]}]},{"@type":"WebPage","@id":"https:\/\/www.laguiadepamplona.com\/actualidad\/manana-tendra-lugar-la-segunda-jornada-de-plantacion-del-bosque-del-poligono-de-agustinos-por-medio-de-voluntariado-ciudadano\/","url":"https:\/\/www.laguiadepamplona.com\/actualidad\/manana-tendra-lugar-la-segunda-jornada-de-plantacion-del-bosque-del-poligono-de-agustinos-por-medio-de-voluntariado-ciudadano\/","name":"Ma\u00f1ana tendr\u00e1 lugar la segunda jornada de plantaci\u00f3n del bosque del pol\u00edgono de Agustinos por medio de voluntariado ciudadano","isPartOf":{"@id":"https:\/\/www.laguiadepamplona.com\/actualidad\/#website"},"primaryImageOfPage":{"@id":"https:\/\/www.laguiadepamplona.com\/actualidad\/manana-tendra-lugar-la-segunda-jornada-de-plantacion-del-bosque-del-poligono-de-agustinos-por-medio-de-voluntariado-ciudadano\/#primaryimage"},"image":{"@id":"https:\/\/www.laguiadepamplona.com\/actualidad\/manana-tendra-lugar-la-segunda-jornada-de-plantacion-del-bosque-del-poligono-de-agustinos-por-medio-de-voluntariado-ciudadano\/#primaryimage"},"thumbnailUrl":"https:\/\/www.laguiadepamplona.com\/actualidad\/wp-content\/uploads\/2022\/11\/voluntariadobosqueagustinosee5a6247.webp","datePublished":"2022-11-11T10:37:59+00:00","dateModified":"2023-04-11T09:47:36+00:00","description":"La Escuela Taller de Jardiner\u00eda se encargar\u00e1 de completar las parcelas hasta superar los 2.300 \u00e1rboles y 400 arbustos","breadcrumb":{"@id":"https:\/\/www.laguiadepamplona.com\/actualidad\/manana-tendra-lugar-la-segunda-jornada-de-plantacion-del-bosque-del-poligono-de-agustinos-por-medio-de-voluntariado-ciudadano\/#breadcrumb"},"inLanguage":"es","potentialAction":[{"@type":"ReadAction","target":["https:\/\/www.laguiadepamplona.com\/actualidad\/manana-tendra-lugar-la-segunda-jornada-de-plantacion-del-bosque-del-poligono-de-agustinos-por-medio-de-voluntariado-ciudadano\/"]}]},{"@type":"ImageObject","inLanguage":"es","@id":"https:\/\/www.laguiadepamplona.com\/actualidad\/manana-tendra-lugar-la-segunda-jornada-de-plantacion-del-bosque-del-poligono-de-agustinos-por-medio-de-voluntariado-ciudadano\/#primaryimage","url":"https:\/\/www.laguiadepamplona.com\/actualidad\/wp-content\/uploads\/2022\/11\/voluntariadobosqueagustinosee5a6247.webp","contentUrl":"https:\/\/www.laguiadepamplona.com\/actualidad\/wp-content\/uploads\/2022\/11\/voluntariadobosqueagustinosee5a6247.webp","width":1920,"height":1280},{"@type":"BreadcrumbList","@id":"https:\/\/www.laguiadepamplona.com\/actualidad\/manana-tendra-lugar-la-segunda-jornada-de-plantacion-del-bosque-del-poligono-de-agustinos-por-medio-de-voluntariado-ciudadano\/#breadcrumb","itemListElement":[{"@type":"ListItem","position":1,"name":"Portada","item":"https:\/\/www.laguiadepamplona.com\/actualidad\/"},{"@type":"ListItem","position":2,"name":"Ma\u00f1ana tendr\u00e1 lugar la segunda jornada de plantaci\u00f3n del bosque del pol\u00edgono de Agustinos por medio de voluntariado ciudadano"}]},{"@type":"WebSite","@id":"https:\/\/www.laguiadepamplona.com\/actualidad\/#website","url":"https:\/\/www.laguiadepamplona.com\/actualidad\/","name":"La gu\u00eda de Pamplona","description":"Noticias de Pamplona","publisher":{"@id":"https:\/\/www.laguiadepamplona.com\/actualidad\/#organization"},"potentialAction":[{"@type":"SearchAction","target":{"@type":"EntryPoint","urlTemplate":"https:\/\/www.laguiadepamplona.com\/actualidad\/?s={search_term_string}"},"query-input":{"@type":"PropertyValueSpecification","valueRequired":true,"valueName":"search_term_string"}}],"inLanguage":"es"},{"@type":"Organization","@id":"https:\/\/www.laguiadepamplona.com\/actualidad\/#organization","name":"La Gu\u00eda de Pamplona \/ Noticias","url":"https:\/\/www.laguiadepamplona.com\/actualidad\/","logo":{"@type":"ImageObject","inLanguage":"es","@id":"https:\/\/www.laguiadepamplona.com\/actualidad\/#\/schema\/logo\/image\/","url":"https:\/\/www.laguiadepamplona.com\/actualidad\/wp-content\/uploads\/2018\/11\/logo-laguiadepamplona18-web1.png","contentUrl":"https:\/\/www.laguiadepamplona.com\/actualidad\/wp-content\/uploads\/2018\/11\/logo-laguiadepamplona18-web1.png","width":600,"height":196,"caption":"La Gu\u00eda de Pamplona \/ Noticias"},"image":{"@id":"https:\/\/www.laguiadepamplona.com\/actualidad\/#\/schema\/logo\/image\/"},"sameAs":["https:\/\/www.facebook.com\/laguiadepamplonacom-133175176762273\/?ref=hl","https:\/\/x.com\/LaGuiadPamplona","https:\/\/www.instagram.com\/la_guia_de_pamplona\/","https:\/\/www.youtube.com\/user\/laguiadepamplona"]},{"@type":"Person","@id":"https:\/\/www.laguiadepamplona.com\/actualidad\/#\/schema\/person\/efe887376f0213d4657c93adc50b1fdb","name":"La Gu\u00eda de Pamplona","image":{"@type":"ImageObject","inLanguage":"es","@id":"https:\/\/secure.gravatar.com\/avatar\/b6992f131dc8d30ab0dff15446e9d346d9dbd95992de0fef795073f5ea83a81c?s=96&d=mm&r=g","url":"https:\/\/secure.gravatar.com\/avatar\/b6992f131dc8d30ab0dff15446e9d346d9dbd95992de0fef795073f5ea83a81c?s=96&d=mm&r=g","contentUrl":"https:\/\/secure.gravatar.com\/avatar\/b6992f131dc8d30ab0dff15446e9d346d9dbd95992de0fef795073f5ea83a81c?s=96&d=mm&r=g","caption":"La Gu\u00eda de Pamplona"}}]}},"post_mailing_queue_ids":[],"_links":{"self":[{"href":"https:\/\/www.laguiadepamplona.com\/actualidad\/wp-json\/wp\/v2\/posts\/42169","targetHints":{"allow":["GET"]}}],"collection":[{"href":"https:\/\/www.laguiadepamplona.com\/actualidad\/wp-json\/wp\/v2\/posts"}],"about":[{"href":"https:\/\/www.laguiadepamplona.com\/actualidad\/wp-json\/wp\/v2\/types\/post"}],"author":[{"embeddable":true,"href":"https:\/\/www.laguiadepamplona.com\/actualidad\/wp-json\/wp\/v2\/users\/1"}],"replies":[{"embeddable":true,"href":"https:\/\/www.laguiadepamplona.com\/actualidad\/wp-json\/wp\/v2\/comments?post=42169"}],"version-history":[{"count":0,"href":"https:\/\/www.laguiadepamplona.com\/actualidad\/wp-json\/wp\/v2\/posts\/42169\/revisions"}],"wp:featuredmedia":[{"embeddable":true,"href":"https:\/\/www.laguiadepamplona.com\/actualidad\/wp-json\/wp\/v2\/media\/42109"}],"wp:attachment":[{"href":"https:\/\/www.laguiadepamplona.com\/actualidad\/wp-json\/wp\/v2\/media?parent=42169"}],"wp:term":[{"taxonomy":"category","embeddable":true,"href":"https:\/\/www.laguiadepamplona.com\/actualidad\/wp-json\/wp\/v2\/categories?post=42169"},{"taxonomy":"post_tag","embeddable":true,"href":"https:\/\/www.laguiadepamplona.com\/actualidad\/wp-json\/wp\/v2\/tags?post=42169"}],"curies":[{"name":"wp","href":"https:\/\/api.w.org\/{rel}","templated":true}]}}