{"id":42163,"date":"2022-11-10T18:37:48","date_gmt":"2022-11-10T16:37:48","guid":{"rendered":"https:\/\/www.laguiadepamplona.com\/actualidad\/?p=42163"},"modified":"2023-04-11T11:47:36","modified_gmt":"2023-04-11T09:47:36","slug":"el-ayuntamiento-de-pamplona-lleva-a-cabo-el-derribo-de-las-edificaciones-de-la-vaqueria-de-oroz-en-la-entrada-sur-de-la-ciudad","status":"publish","type":"post","link":"https:\/\/www.laguiadepamplona.com\/actualidad\/el-ayuntamiento-de-pamplona-lleva-a-cabo-el-derribo-de-las-edificaciones-de-la-vaqueria-de-oroz-en-la-entrada-sur-de-la-ciudad\/","title":{"rendered":"El Ayuntamiento de Pamplona lleva a cabo el derribo de las edificaciones de la vaquer\u00eda de Oroz en la entrada sur de la ciudad \u00a0"},"content":{"rendered":"<h5>El Consistorio ha concedido ya el permiso de obras para construir en la zona una residencia de estudiantes<\/h5>\n<p><!--more--><\/p>\n<p>En los pr\u00f3ximos d\u00edas finalizar\u00e1n los trabajos de derribo de la antigua vaquer\u00eda de Oroz, en la entrada sur de la ciudad por la avenida de Zaragoza. El pasado 2 de noviembre comenzaron las labores previas, con la retirada de todos los elementos del interior de las edificaciones. Una semana despu\u00e9s se han derribado las diferentes construcciones de la parcela y queda pendiente \u00fanicamente la demolici\u00f3n de la solera que rodeaba el edificio y del cerramiento exterior.<\/p>\n<p>La parcela ha estado utilizada hasta este a\u00f1o como explotaci\u00f3n ganadera y cuenta con una superficie de 6.209,35 metros cuadrados. Se han derribado las diferentes construcciones que albergaba en su interior como una vivienda, un almac\u00e9n, una nave, un cubierto para animales, un establo y un garaje exterior. Se ha llevado a cabo tambi\u00e9n el desamiantado de la cubierta de fibrocemento por parte de una empresa especializada. Con un presupuesto de 101.035 euros, los trabajos fueron adjudicados a la empresa Construcciones y Excavaciones Erri Berri S.L.<br \/>\n<script async src=\"\/\/pagead2.googlesyndication.com\/pagead\/js\/adsbygoogle.js\"><\/script><br \/>\n<!-- Noticias La Guia de Pamplona --><br \/>\n<ins class=\"adsbygoogle\"\nstyle=\"display:block\"\ndata-ad-client=\"ca-pub-6943679897239327\"\ndata-ad-slot=\"7048180777\"\ndata-ad-format=\"auto\"><\/ins><br \/>\n<script>\n(adsbygoogle = window.adsbygoogle || []).push({});\n<\/script><\/p>\n<p><strong>Futura residencia de estudiantes<\/strong><\/p>\n<p>Tras el derribo de la vaquer\u00eda de Oroz, se iniciar\u00e1n las obras de construcci\u00f3n de una residencia de estudiantes para las que el Ayuntamiento de Pamplona otorg\u00f3 el permiso el pasado 8 de noviembre a Merkel II Spain SL. El edificio de la residencia tendr\u00e1 orientaci\u00f3n este-oeste y contar\u00e1 con planta baja y siete alturas. El acceso peatonal a la residencia se produce por la entrada principal en la calle Sadar, bajo un peque\u00f1o porche creado por el retranqueo de la alineaci\u00f3n de planta baja.<\/p>\n<p>En planta baja, la residencia acoger\u00e1 los usos comunes, tales como salas de estudio, gimnasio, salas de estar, recepci\u00f3n, etc\u00e9tera, rodeados de tres patios accesibles. La residencia tendr\u00e1 328 habitaciones, de las 298 ser\u00e1n de car\u00e1cter individual, 20 de tipo \u2018twodio\u2019 y 10 accesibles. La superficie construida roza los 11.000 metros cuadrados, 9.272,27 m<sup>2<\/sup> sobre rasante y 2.680,62 m<sup>2<\/sup> bajo rasante.<br \/>\n<script async src=\"\/\/pagead2.googlesyndication.com\/pagead\/js\/adsbygoogle.js\"><\/script><br \/>\n<!-- Noticias La Guia de Pamplona --><br \/>\n<ins class=\"adsbygoogle\"\nstyle=\"display:block\"\ndata-ad-client=\"ca-pub-6943679897239327\"\ndata-ad-slot=\"7048180777\"\ndata-ad-format=\"auto\"><\/ins><br \/>\n<script>\n(adsbygoogle = window.adsbygoogle || []).push({});\n<\/script><\/p>\n<p>Asimismo, se continuar\u00e1 en la zona con el desarrollo de la urbanizaci\u00f3n del \u00e1rea ARS-4., generando una nueva calle que dar\u00e1 salida a la avenida de Zaragoza y continuidad a la actual calle perpendicular a la calle Sadar. Tambi\u00e9n se dotar\u00e1 de infraestructuras a las nuevas parcelas resultantes y se crear\u00e1 una nueva acera en el l\u00edmite del \u00e1mbito con la avenida de Zaragoza.<\/p>\n","protected":false},"excerpt":{"rendered":"<p>El Consistorio ha concedido ya el permiso de obras para construir en la zona una residencia de estudiantes<\/p>\n","protected":false},"author":1,"featured_media":42164,"comment_status":"open","ping_status":"closed","sticky":false,"template":"","format":"standard","meta":{"footnotes":""},"categories":[2],"tags":[],"class_list":["post-42163","post","type-post","status-publish","format-standard","has-post-thumbnail","hentry","category-ayuntamiento-pamplona"],"yoast_head":"<!-- This site is optimized with the Yoast SEO plugin v27.3 - https:\/\/yoast.com\/product\/yoast-seo-wordpress\/ -->\n<title>El Ayuntamiento de Pamplona lleva a cabo el derribo de las edificaciones de la vaquer\u00eda de Oroz en la entrada sur de la ciudad \u00a0<\/title>\n<meta name=\"description\" content=\"El Consistorio ha concedido ya el permiso de obras para construir en la zona una residencia de estudiantes\" \/>\n<meta name=\"robots\" content=\"index, follow, max-snippet:-1, max-image-preview:large, max-video-preview:-1\" \/>\n<link rel=\"canonical\" href=\"https:\/\/www.laguiadepamplona.com\/actualidad\/el-ayuntamiento-de-pamplona-lleva-a-cabo-el-derribo-de-las-edificaciones-de-la-vaqueria-de-oroz-en-la-entrada-sur-de-la-ciudad\/\" \/>\n<meta property=\"og:locale\" content=\"es_ES\" \/>\n<meta property=\"og:type\" content=\"article\" \/>\n<meta property=\"og:title\" content=\"El Ayuntamiento de Pamplona lleva a cabo el derribo de las edificaciones de la vaquer\u00eda de Oroz en la entrada sur de la ciudad \u00a0\" \/>\n<meta property=\"og:description\" content=\"El Consistorio ha concedido ya el permiso de obras para construir en la zona una residencia de estudiantes\" \/>\n<meta property=\"og:url\" content=\"https:\/\/www.laguiadepamplona.com\/actualidad\/el-ayuntamiento-de-pamplona-lleva-a-cabo-el-derribo-de-las-edificaciones-de-la-vaqueria-de-oroz-en-la-entrada-sur-de-la-ciudad\/\" \/>\n<meta property=\"og:site_name\" content=\"La Gu\u00eda de Pamplona\" \/>\n<meta property=\"article:publisher\" content=\"https:\/\/www.facebook.com\/laguiadepamplonacom-133175176762273\/?ref=hl\" \/>\n<meta property=\"article:published_time\" content=\"2022-11-10T16:37:48+00:00\" \/>\n<meta property=\"article:modified_time\" content=\"2023-04-11T09:47:36+00:00\" \/>\n<meta property=\"og:image\" content=\"https:\/\/www.laguiadepamplona.com\/actualidad\/wp-content\/uploads\/2022\/11\/vaqueria-oroz.webp\" \/>\n\t<meta property=\"og:image:width\" content=\"1920\" \/>\n\t<meta property=\"og:image:height\" content=\"1280\" \/>\n\t<meta property=\"og:image:type\" content=\"image\/webp\" \/>\n<meta name=\"author\" content=\"La Gu\u00eda de Pamplona\" \/>\n<meta name=\"twitter:card\" content=\"summary_large_image\" \/>\n<meta name=\"twitter:creator\" content=\"@LaGuiadPamplona\" \/>\n<meta name=\"twitter:site\" content=\"@LaGuiadPamplona\" \/>\n<meta name=\"twitter:label1\" content=\"Escrito por\" \/>\n\t<meta name=\"twitter:data1\" content=\"La Gu\u00eda de Pamplona\" \/>\n\t<meta name=\"twitter:label2\" content=\"Tiempo de lectura\" \/>\n\t<meta name=\"twitter:data2\" content=\"2 minutos\" \/>\n<script type=\"application\/ld+json\" class=\"yoast-schema-graph\">{\"@context\":\"https:\\\/\\\/schema.org\",\"@graph\":[{\"@type\":\"Article\",\"@id\":\"https:\\\/\\\/www.laguiadepamplona.com\\\/actualidad\\\/el-ayuntamiento-de-pamplona-lleva-a-cabo-el-derribo-de-las-edificaciones-de-la-vaqueria-de-oroz-en-la-entrada-sur-de-la-ciudad\\\/#article\",\"isPartOf\":{\"@id\":\"https:\\\/\\\/www.laguiadepamplona.com\\\/actualidad\\\/el-ayuntamiento-de-pamplona-lleva-a-cabo-el-derribo-de-las-edificaciones-de-la-vaqueria-de-oroz-en-la-entrada-sur-de-la-ciudad\\\/\"},\"author\":{\"name\":\"La Gu\u00eda de Pamplona\",\"@id\":\"https:\\\/\\\/www.laguiadepamplona.com\\\/actualidad\\\/#\\\/schema\\\/person\\\/efe887376f0213d4657c93adc50b1fdb\"},\"headline\":\"El Ayuntamiento de Pamplona lleva a cabo el derribo de las edificaciones de la vaquer\u00eda de Oroz en la entrada sur de la ciudad \u00a0\",\"datePublished\":\"2022-11-10T16:37:48+00:00\",\"dateModified\":\"2023-04-11T09:47:36+00:00\",\"mainEntityOfPage\":{\"@id\":\"https:\\\/\\\/www.laguiadepamplona.com\\\/actualidad\\\/el-ayuntamiento-de-pamplona-lleva-a-cabo-el-derribo-de-las-edificaciones-de-la-vaqueria-de-oroz-en-la-entrada-sur-de-la-ciudad\\\/\"},\"wordCount\":433,\"commentCount\":0,\"publisher\":{\"@id\":\"https:\\\/\\\/www.laguiadepamplona.com\\\/actualidad\\\/#organization\"},\"image\":{\"@id\":\"https:\\\/\\\/www.laguiadepamplona.com\\\/actualidad\\\/el-ayuntamiento-de-pamplona-lleva-a-cabo-el-derribo-de-las-edificaciones-de-la-vaqueria-de-oroz-en-la-entrada-sur-de-la-ciudad\\\/#primaryimage\"},\"thumbnailUrl\":\"https:\\\/\\\/www.laguiadepamplona.com\\\/actualidad\\\/wp-content\\\/uploads\\\/2022\\\/11\\\/vaqueria-oroz.webp\",\"articleSection\":[\"Ayto Pamplona\"],\"inLanguage\":\"es\",\"potentialAction\":[{\"@type\":\"CommentAction\",\"name\":\"Comment\",\"target\":[\"https:\\\/\\\/www.laguiadepamplona.com\\\/actualidad\\\/el-ayuntamiento-de-pamplona-lleva-a-cabo-el-derribo-de-las-edificaciones-de-la-vaqueria-de-oroz-en-la-entrada-sur-de-la-ciudad\\\/#respond\"]}]},{\"@type\":\"WebPage\",\"@id\":\"https:\\\/\\\/www.laguiadepamplona.com\\\/actualidad\\\/el-ayuntamiento-de-pamplona-lleva-a-cabo-el-derribo-de-las-edificaciones-de-la-vaqueria-de-oroz-en-la-entrada-sur-de-la-ciudad\\\/\",\"url\":\"https:\\\/\\\/www.laguiadepamplona.com\\\/actualidad\\\/el-ayuntamiento-de-pamplona-lleva-a-cabo-el-derribo-de-las-edificaciones-de-la-vaqueria-de-oroz-en-la-entrada-sur-de-la-ciudad\\\/\",\"name\":\"El Ayuntamiento de Pamplona lleva a cabo el derribo de las edificaciones de la vaquer\u00eda de Oroz en la entrada sur de la ciudad \u00a0\",\"isPartOf\":{\"@id\":\"https:\\\/\\\/www.laguiadepamplona.com\\\/actualidad\\\/#website\"},\"primaryImageOfPage\":{\"@id\":\"https:\\\/\\\/www.laguiadepamplona.com\\\/actualidad\\\/el-ayuntamiento-de-pamplona-lleva-a-cabo-el-derribo-de-las-edificaciones-de-la-vaqueria-de-oroz-en-la-entrada-sur-de-la-ciudad\\\/#primaryimage\"},\"image\":{\"@id\":\"https:\\\/\\\/www.laguiadepamplona.com\\\/actualidad\\\/el-ayuntamiento-de-pamplona-lleva-a-cabo-el-derribo-de-las-edificaciones-de-la-vaqueria-de-oroz-en-la-entrada-sur-de-la-ciudad\\\/#primaryimage\"},\"thumbnailUrl\":\"https:\\\/\\\/www.laguiadepamplona.com\\\/actualidad\\\/wp-content\\\/uploads\\\/2022\\\/11\\\/vaqueria-oroz.webp\",\"datePublished\":\"2022-11-10T16:37:48+00:00\",\"dateModified\":\"2023-04-11T09:47:36+00:00\",\"description\":\"El Consistorio ha concedido ya el permiso de obras para construir en la zona una residencia de estudiantes\",\"breadcrumb\":{\"@id\":\"https:\\\/\\\/www.laguiadepamplona.com\\\/actualidad\\\/el-ayuntamiento-de-pamplona-lleva-a-cabo-el-derribo-de-las-edificaciones-de-la-vaqueria-de-oroz-en-la-entrada-sur-de-la-ciudad\\\/#breadcrumb\"},\"inLanguage\":\"es\",\"potentialAction\":[{\"@type\":\"ReadAction\",\"target\":[\"https:\\\/\\\/www.laguiadepamplona.com\\\/actualidad\\\/el-ayuntamiento-de-pamplona-lleva-a-cabo-el-derribo-de-las-edificaciones-de-la-vaqueria-de-oroz-en-la-entrada-sur-de-la-ciudad\\\/\"]}]},{\"@type\":\"ImageObject\",\"inLanguage\":\"es\",\"@id\":\"https:\\\/\\\/www.laguiadepamplona.com\\\/actualidad\\\/el-ayuntamiento-de-pamplona-lleva-a-cabo-el-derribo-de-las-edificaciones-de-la-vaqueria-de-oroz-en-la-entrada-sur-de-la-ciudad\\\/#primaryimage\",\"url\":\"https:\\\/\\\/www.laguiadepamplona.com\\\/actualidad\\\/wp-content\\\/uploads\\\/2022\\\/11\\\/vaqueria-oroz.webp\",\"contentUrl\":\"https:\\\/\\\/www.laguiadepamplona.com\\\/actualidad\\\/wp-content\\\/uploads\\\/2022\\\/11\\\/vaqueria-oroz.webp\",\"width\":1920,\"height\":1280},{\"@type\":\"BreadcrumbList\",\"@id\":\"https:\\\/\\\/www.laguiadepamplona.com\\\/actualidad\\\/el-ayuntamiento-de-pamplona-lleva-a-cabo-el-derribo-de-las-edificaciones-de-la-vaqueria-de-oroz-en-la-entrada-sur-de-la-ciudad\\\/#breadcrumb\",\"itemListElement\":[{\"@type\":\"ListItem\",\"position\":1,\"name\":\"Portada\",\"item\":\"https:\\\/\\\/www.laguiadepamplona.com\\\/actualidad\\\/\"},{\"@type\":\"ListItem\",\"position\":2,\"name\":\"El Ayuntamiento de Pamplona lleva a cabo el derribo de las edificaciones de la vaquer\u00eda de Oroz en la entrada sur de la ciudad \u00a0\"}]},{\"@type\":\"WebSite\",\"@id\":\"https:\\\/\\\/www.laguiadepamplona.com\\\/actualidad\\\/#website\",\"url\":\"https:\\\/\\\/www.laguiadepamplona.com\\\/actualidad\\\/\",\"name\":\"La gu\u00eda de Pamplona\",\"description\":\"Noticias de Pamplona\",\"publisher\":{\"@id\":\"https:\\\/\\\/www.laguiadepamplona.com\\\/actualidad\\\/#organization\"},\"potentialAction\":[{\"@type\":\"SearchAction\",\"target\":{\"@type\":\"EntryPoint\",\"urlTemplate\":\"https:\\\/\\\/www.laguiadepamplona.com\\\/actualidad\\\/?s={search_term_string}\"},\"query-input\":{\"@type\":\"PropertyValueSpecification\",\"valueRequired\":true,\"valueName\":\"search_term_string\"}}],\"inLanguage\":\"es\"},{\"@type\":\"Organization\",\"@id\":\"https:\\\/\\\/www.laguiadepamplona.com\\\/actualidad\\\/#organization\",\"name\":\"La Gu\u00eda de Pamplona \\\/ Noticias\",\"url\":\"https:\\\/\\\/www.laguiadepamplona.com\\\/actualidad\\\/\",\"logo\":{\"@type\":\"ImageObject\",\"inLanguage\":\"es\",\"@id\":\"https:\\\/\\\/www.laguiadepamplona.com\\\/actualidad\\\/#\\\/schema\\\/logo\\\/image\\\/\",\"url\":\"https:\\\/\\\/www.laguiadepamplona.com\\\/actualidad\\\/wp-content\\\/uploads\\\/2018\\\/11\\\/logo-laguiadepamplona18-web1.png\",\"contentUrl\":\"https:\\\/\\\/www.laguiadepamplona.com\\\/actualidad\\\/wp-content\\\/uploads\\\/2018\\\/11\\\/logo-laguiadepamplona18-web1.png\",\"width\":600,\"height\":196,\"caption\":\"La Gu\u00eda de Pamplona \\\/ Noticias\"},\"image\":{\"@id\":\"https:\\\/\\\/www.laguiadepamplona.com\\\/actualidad\\\/#\\\/schema\\\/logo\\\/image\\\/\"},\"sameAs\":[\"https:\\\/\\\/www.facebook.com\\\/laguiadepamplonacom-133175176762273\\\/?ref=hl\",\"https:\\\/\\\/x.com\\\/LaGuiadPamplona\",\"https:\\\/\\\/www.instagram.com\\\/la_guia_de_pamplona\\\/\",\"https:\\\/\\\/www.youtube.com\\\/user\\\/laguiadepamplona\"]},{\"@type\":\"Person\",\"@id\":\"https:\\\/\\\/www.laguiadepamplona.com\\\/actualidad\\\/#\\\/schema\\\/person\\\/efe887376f0213d4657c93adc50b1fdb\",\"name\":\"La Gu\u00eda de Pamplona\",\"image\":{\"@type\":\"ImageObject\",\"inLanguage\":\"es\",\"@id\":\"https:\\\/\\\/secure.gravatar.com\\\/avatar\\\/b6992f131dc8d30ab0dff15446e9d346d9dbd95992de0fef795073f5ea83a81c?s=96&d=mm&r=g\",\"url\":\"https:\\\/\\\/secure.gravatar.com\\\/avatar\\\/b6992f131dc8d30ab0dff15446e9d346d9dbd95992de0fef795073f5ea83a81c?s=96&d=mm&r=g\",\"contentUrl\":\"https:\\\/\\\/secure.gravatar.com\\\/avatar\\\/b6992f131dc8d30ab0dff15446e9d346d9dbd95992de0fef795073f5ea83a81c?s=96&d=mm&r=g\",\"caption\":\"La Gu\u00eda de Pamplona\"}}]}<\/script>\n<!-- \/ Yoast SEO plugin. -->","yoast_head_json":{"title":"El Ayuntamiento de Pamplona lleva a cabo el derribo de las edificaciones de la vaquer\u00eda de Oroz en la entrada sur de la ciudad \u00a0","description":"El Consistorio ha concedido ya el permiso de obras para construir en la zona una residencia de estudiantes","robots":{"index":"index","follow":"follow","max-snippet":"max-snippet:-1","max-image-preview":"max-image-preview:large","max-video-preview":"max-video-preview:-1"},"canonical":"https:\/\/www.laguiadepamplona.com\/actualidad\/el-ayuntamiento-de-pamplona-lleva-a-cabo-el-derribo-de-las-edificaciones-de-la-vaqueria-de-oroz-en-la-entrada-sur-de-la-ciudad\/","og_locale":"es_ES","og_type":"article","og_title":"El Ayuntamiento de Pamplona lleva a cabo el derribo de las edificaciones de la vaquer\u00eda de Oroz en la entrada sur de la ciudad \u00a0","og_description":"El Consistorio ha concedido ya el permiso de obras para construir en la zona una residencia de estudiantes","og_url":"https:\/\/www.laguiadepamplona.com\/actualidad\/el-ayuntamiento-de-pamplona-lleva-a-cabo-el-derribo-de-las-edificaciones-de-la-vaqueria-de-oroz-en-la-entrada-sur-de-la-ciudad\/","og_site_name":"La Gu\u00eda de Pamplona","article_publisher":"https:\/\/www.facebook.com\/laguiadepamplonacom-133175176762273\/?ref=hl","article_published_time":"2022-11-10T16:37:48+00:00","article_modified_time":"2023-04-11T09:47:36+00:00","og_image":[{"width":1920,"height":1280,"url":"https:\/\/www.laguiadepamplona.com\/actualidad\/wp-content\/uploads\/2022\/11\/vaqueria-oroz.webp","type":"image\/webp"}],"author":"La Gu\u00eda de Pamplona","twitter_card":"summary_large_image","twitter_creator":"@LaGuiadPamplona","twitter_site":"@LaGuiadPamplona","twitter_misc":{"Escrito por":"La Gu\u00eda de Pamplona","Tiempo de lectura":"2 minutos"},"schema":{"@context":"https:\/\/schema.org","@graph":[{"@type":"Article","@id":"https:\/\/www.laguiadepamplona.com\/actualidad\/el-ayuntamiento-de-pamplona-lleva-a-cabo-el-derribo-de-las-edificaciones-de-la-vaqueria-de-oroz-en-la-entrada-sur-de-la-ciudad\/#article","isPartOf":{"@id":"https:\/\/www.laguiadepamplona.com\/actualidad\/el-ayuntamiento-de-pamplona-lleva-a-cabo-el-derribo-de-las-edificaciones-de-la-vaqueria-de-oroz-en-la-entrada-sur-de-la-ciudad\/"},"author":{"name":"La Gu\u00eda de Pamplona","@id":"https:\/\/www.laguiadepamplona.com\/actualidad\/#\/schema\/person\/efe887376f0213d4657c93adc50b1fdb"},"headline":"El Ayuntamiento de Pamplona lleva a cabo el derribo de las edificaciones de la vaquer\u00eda de Oroz en la entrada sur de la ciudad \u00a0","datePublished":"2022-11-10T16:37:48+00:00","dateModified":"2023-04-11T09:47:36+00:00","mainEntityOfPage":{"@id":"https:\/\/www.laguiadepamplona.com\/actualidad\/el-ayuntamiento-de-pamplona-lleva-a-cabo-el-derribo-de-las-edificaciones-de-la-vaqueria-de-oroz-en-la-entrada-sur-de-la-ciudad\/"},"wordCount":433,"commentCount":0,"publisher":{"@id":"https:\/\/www.laguiadepamplona.com\/actualidad\/#organization"},"image":{"@id":"https:\/\/www.laguiadepamplona.com\/actualidad\/el-ayuntamiento-de-pamplona-lleva-a-cabo-el-derribo-de-las-edificaciones-de-la-vaqueria-de-oroz-en-la-entrada-sur-de-la-ciudad\/#primaryimage"},"thumbnailUrl":"https:\/\/www.laguiadepamplona.com\/actualidad\/wp-content\/uploads\/2022\/11\/vaqueria-oroz.webp","articleSection":["Ayto Pamplona"],"inLanguage":"es","potentialAction":[{"@type":"CommentAction","name":"Comment","target":["https:\/\/www.laguiadepamplona.com\/actualidad\/el-ayuntamiento-de-pamplona-lleva-a-cabo-el-derribo-de-las-edificaciones-de-la-vaqueria-de-oroz-en-la-entrada-sur-de-la-ciudad\/#respond"]}]},{"@type":"WebPage","@id":"https:\/\/www.laguiadepamplona.com\/actualidad\/el-ayuntamiento-de-pamplona-lleva-a-cabo-el-derribo-de-las-edificaciones-de-la-vaqueria-de-oroz-en-la-entrada-sur-de-la-ciudad\/","url":"https:\/\/www.laguiadepamplona.com\/actualidad\/el-ayuntamiento-de-pamplona-lleva-a-cabo-el-derribo-de-las-edificaciones-de-la-vaqueria-de-oroz-en-la-entrada-sur-de-la-ciudad\/","name":"El Ayuntamiento de Pamplona lleva a cabo el derribo de las edificaciones de la vaquer\u00eda de Oroz en la entrada sur de la ciudad \u00a0","isPartOf":{"@id":"https:\/\/www.laguiadepamplona.com\/actualidad\/#website"},"primaryImageOfPage":{"@id":"https:\/\/www.laguiadepamplona.com\/actualidad\/el-ayuntamiento-de-pamplona-lleva-a-cabo-el-derribo-de-las-edificaciones-de-la-vaqueria-de-oroz-en-la-entrada-sur-de-la-ciudad\/#primaryimage"},"image":{"@id":"https:\/\/www.laguiadepamplona.com\/actualidad\/el-ayuntamiento-de-pamplona-lleva-a-cabo-el-derribo-de-las-edificaciones-de-la-vaqueria-de-oroz-en-la-entrada-sur-de-la-ciudad\/#primaryimage"},"thumbnailUrl":"https:\/\/www.laguiadepamplona.com\/actualidad\/wp-content\/uploads\/2022\/11\/vaqueria-oroz.webp","datePublished":"2022-11-10T16:37:48+00:00","dateModified":"2023-04-11T09:47:36+00:00","description":"El Consistorio ha concedido ya el permiso de obras para construir en la zona una residencia de estudiantes","breadcrumb":{"@id":"https:\/\/www.laguiadepamplona.com\/actualidad\/el-ayuntamiento-de-pamplona-lleva-a-cabo-el-derribo-de-las-edificaciones-de-la-vaqueria-de-oroz-en-la-entrada-sur-de-la-ciudad\/#breadcrumb"},"inLanguage":"es","potentialAction":[{"@type":"ReadAction","target":["https:\/\/www.laguiadepamplona.com\/actualidad\/el-ayuntamiento-de-pamplona-lleva-a-cabo-el-derribo-de-las-edificaciones-de-la-vaqueria-de-oroz-en-la-entrada-sur-de-la-ciudad\/"]}]},{"@type":"ImageObject","inLanguage":"es","@id":"https:\/\/www.laguiadepamplona.com\/actualidad\/el-ayuntamiento-de-pamplona-lleva-a-cabo-el-derribo-de-las-edificaciones-de-la-vaqueria-de-oroz-en-la-entrada-sur-de-la-ciudad\/#primaryimage","url":"https:\/\/www.laguiadepamplona.com\/actualidad\/wp-content\/uploads\/2022\/11\/vaqueria-oroz.webp","contentUrl":"https:\/\/www.laguiadepamplona.com\/actualidad\/wp-content\/uploads\/2022\/11\/vaqueria-oroz.webp","width":1920,"height":1280},{"@type":"BreadcrumbList","@id":"https:\/\/www.laguiadepamplona.com\/actualidad\/el-ayuntamiento-de-pamplona-lleva-a-cabo-el-derribo-de-las-edificaciones-de-la-vaqueria-de-oroz-en-la-entrada-sur-de-la-ciudad\/#breadcrumb","itemListElement":[{"@type":"ListItem","position":1,"name":"Portada","item":"https:\/\/www.laguiadepamplona.com\/actualidad\/"},{"@type":"ListItem","position":2,"name":"El Ayuntamiento de Pamplona lleva a cabo el derribo de las edificaciones de la vaquer\u00eda de Oroz en la entrada sur de la ciudad \u00a0"}]},{"@type":"WebSite","@id":"https:\/\/www.laguiadepamplona.com\/actualidad\/#website","url":"https:\/\/www.laguiadepamplona.com\/actualidad\/","name":"La gu\u00eda de Pamplona","description":"Noticias de Pamplona","publisher":{"@id":"https:\/\/www.laguiadepamplona.com\/actualidad\/#organization"},"potentialAction":[{"@type":"SearchAction","target":{"@type":"EntryPoint","urlTemplate":"https:\/\/www.laguiadepamplona.com\/actualidad\/?s={search_term_string}"},"query-input":{"@type":"PropertyValueSpecification","valueRequired":true,"valueName":"search_term_string"}}],"inLanguage":"es"},{"@type":"Organization","@id":"https:\/\/www.laguiadepamplona.com\/actualidad\/#organization","name":"La Gu\u00eda de Pamplona \/ Noticias","url":"https:\/\/www.laguiadepamplona.com\/actualidad\/","logo":{"@type":"ImageObject","inLanguage":"es","@id":"https:\/\/www.laguiadepamplona.com\/actualidad\/#\/schema\/logo\/image\/","url":"https:\/\/www.laguiadepamplona.com\/actualidad\/wp-content\/uploads\/2018\/11\/logo-laguiadepamplona18-web1.png","contentUrl":"https:\/\/www.laguiadepamplona.com\/actualidad\/wp-content\/uploads\/2018\/11\/logo-laguiadepamplona18-web1.png","width":600,"height":196,"caption":"La Gu\u00eda de Pamplona \/ Noticias"},"image":{"@id":"https:\/\/www.laguiadepamplona.com\/actualidad\/#\/schema\/logo\/image\/"},"sameAs":["https:\/\/www.facebook.com\/laguiadepamplonacom-133175176762273\/?ref=hl","https:\/\/x.com\/LaGuiadPamplona","https:\/\/www.instagram.com\/la_guia_de_pamplona\/","https:\/\/www.youtube.com\/user\/laguiadepamplona"]},{"@type":"Person","@id":"https:\/\/www.laguiadepamplona.com\/actualidad\/#\/schema\/person\/efe887376f0213d4657c93adc50b1fdb","name":"La Gu\u00eda de Pamplona","image":{"@type":"ImageObject","inLanguage":"es","@id":"https:\/\/secure.gravatar.com\/avatar\/b6992f131dc8d30ab0dff15446e9d346d9dbd95992de0fef795073f5ea83a81c?s=96&d=mm&r=g","url":"https:\/\/secure.gravatar.com\/avatar\/b6992f131dc8d30ab0dff15446e9d346d9dbd95992de0fef795073f5ea83a81c?s=96&d=mm&r=g","contentUrl":"https:\/\/secure.gravatar.com\/avatar\/b6992f131dc8d30ab0dff15446e9d346d9dbd95992de0fef795073f5ea83a81c?s=96&d=mm&r=g","caption":"La Gu\u00eda de Pamplona"}}]}},"post_mailing_queue_ids":[],"_links":{"self":[{"href":"https:\/\/www.laguiadepamplona.com\/actualidad\/wp-json\/wp\/v2\/posts\/42163","targetHints":{"allow":["GET"]}}],"collection":[{"href":"https:\/\/www.laguiadepamplona.com\/actualidad\/wp-json\/wp\/v2\/posts"}],"about":[{"href":"https:\/\/www.laguiadepamplona.com\/actualidad\/wp-json\/wp\/v2\/types\/post"}],"author":[{"embeddable":true,"href":"https:\/\/www.laguiadepamplona.com\/actualidad\/wp-json\/wp\/v2\/users\/1"}],"replies":[{"embeddable":true,"href":"https:\/\/www.laguiadepamplona.com\/actualidad\/wp-json\/wp\/v2\/comments?post=42163"}],"version-history":[{"count":0,"href":"https:\/\/www.laguiadepamplona.com\/actualidad\/wp-json\/wp\/v2\/posts\/42163\/revisions"}],"wp:featuredmedia":[{"embeddable":true,"href":"https:\/\/www.laguiadepamplona.com\/actualidad\/wp-json\/wp\/v2\/media\/42164"}],"wp:attachment":[{"href":"https:\/\/www.laguiadepamplona.com\/actualidad\/wp-json\/wp\/v2\/media?parent=42163"}],"wp:term":[{"taxonomy":"category","embeddable":true,"href":"https:\/\/www.laguiadepamplona.com\/actualidad\/wp-json\/wp\/v2\/categories?post=42163"},{"taxonomy":"post_tag","embeddable":true,"href":"https:\/\/www.laguiadepamplona.com\/actualidad\/wp-json\/wp\/v2\/tags?post=42163"}],"curies":[{"name":"wp","href":"https:\/\/api.w.org\/{rel}","templated":true}]}}