{"id":42160,"date":"2022-11-10T14:41:26","date_gmt":"2022-11-10T12:41:26","guid":{"rendered":"https:\/\/www.laguiadepamplona.com\/actualidad\/?p=42160"},"modified":"2023-04-11T11:47:36","modified_gmt":"2023-04-11T09:47:36","slug":"pamplona-se-convertira-a-finales-de-noviembre-en-el-epicentro-nacional-del-debate-sobre-el-cambio-climatico-y-la-transicion-energetica","status":"publish","type":"post","link":"https:\/\/www.laguiadepamplona.com\/actualidad\/pamplona-se-convertira-a-finales-de-noviembre-en-el-epicentro-nacional-del-debate-sobre-el-cambio-climatico-y-la-transicion-energetica\/","title":{"rendered":"Pamplona se convertir\u00e1 a finales de noviembre en el epicentro nacional del debate sobre el cambio clim\u00e1tico y la transici\u00f3n energ\u00e9tica"},"content":{"rendered":"<p>La ciudad reunir\u00e1 a m\u00e1s de 200 representantes municipales en el Encuentro Nacional del Pacto de las Alcald\u00edas para el Clima y la Energ\u00eda<\/p>\n<p><!--more--><\/p>\n<p>Pamplona acoger\u00e1 el pr\u00f3ximo d\u00eda 30 el Encuentro Nacional del Pacto de las Alcald\u00edas para el Clima y la Energ\u00eda, un encuentro en el que participar\u00e1n m\u00e1s de doscientos representantes municipales de toda Espa\u00f1a para debatir acciones locales que ayuden en la lucha contra el cambio clim\u00e1tico y medidas de adaptaci\u00f3n a las nuevas condiciones clim\u00e1ticas.\u00a0 El Ayuntamiento de Pamplona, en colaboraci\u00f3n con el Gobierno de Navarra, Nasuvinsa y la propia estructura del Pacto de Alcald\u00edas a nivel europeo, organiza esta cita anual, que el pasado a\u00f1o se celebr\u00f3 en Valencia. El encuentro tendr\u00e1 lugar en el Palacio de Congresos y Auditorio de Navarra Baluarte.<\/p>\n<p>En la cita, el Ayuntamiento expondr\u00e1 algunas de sus acciones vinculadas con el cambio clim\u00e1tico, como la estrategia Go Green Pamplona, que a\u00fana las distintas actuaciones p\u00fablicas llevadas a cabo los \u00faltimos a\u00f1os. Tambi\u00e9n se pondr\u00e1n de manifiesto las pol\u00edticas navarras en materia de cambio clim\u00e1tico, como la Hoja de Ruta del Cambio Clim\u00e1tico, KLINa; y el proyecto Life IP-Nadapta, as\u00ed como la Estrategia de Transici\u00f3n Energ\u00e9tica y Cambio Clim\u00e1tico 2030 del propio Ayuntamiento. De hecho, Navarra es una de las comunidades Coordinadoras Territoriales del Pacto m\u00e1s exitosas, al dirigir casi 200 municipios en la redacci\u00f3n y puesta en pr\u00e1ctica de sus Planes para el Clima y la Energ\u00eda Sostenible. Asimismo, en este encuentro nacional se informar\u00e1 de las \u00faltimas novedades en las pol\u00edticas europeas relacionadas con la acci\u00f3n clim\u00e1tica local y se compartir\u00e1n distintas experiencias de entidades locales.<\/p>\n<p>El alcalde de Pamplona, Enrique Maya, y la consejera de Desarrollo Rural y Medio Ambiente del Gobierno de Navarra, Itziar G\u00f3mez, ser\u00e1n los encargados de hacer la apertura oficial de este evento, que se desarrollar\u00e1 en Baluarte durante toda la jornada. Asimismo, la cita contar\u00e1 con la presencia del analista pol\u00edtico de la direcci\u00f3n general de Energ\u00eda de la Comisi\u00f3n Europea, Georg Houben, que presentar\u00e1 las novedades en las pol\u00edticas europeas en materia de acci\u00f3n clim\u00e1tica, junto con Miguel Morcillo, miembro de la Oficina del Pacto de las Alcald\u00edas.<br \/>\n<script async src=\"\/\/pagead2.googlesyndication.com\/pagead\/js\/adsbygoogle.js\"><\/script><br \/>\n<!-- Noticias La Guia de Pamplona --><br \/>\n<ins class=\"adsbygoogle\"\nstyle=\"display:block\"\ndata-ad-client=\"ca-pub-6943679897239327\"\ndata-ad-slot=\"7048180777\"\ndata-ad-format=\"auto\"><\/ins><br \/>\n<script>\n(adsbygoogle = window.adsbygoogle || []).push({});\n<\/script><\/p>\n<p><strong>Dos mesas redondas<\/strong><\/p>\n<p>La jornada contar\u00e1 con dos mesas redondas donde representantes de distintos ayuntamientos expondr\u00e1n las acciones que est\u00e1n realizando en sus respectivas administraciones. As\u00ed, en la mesa \u2018El papel de los municipios en la crisis energ\u00e9tica\u2019, intervendr\u00e1n responsables de Terrasa, Gran Canaria y Madrid. Por parte del Ayuntamiento de Pamplona, intervendr\u00e1 Javier Zardoya, responsable de la Agencia Energ\u00e9tica Municipal.<\/p>\n<p>Por su parte, en la mesa redonda \u2018Buenas pr\u00e1cticas en adaptaci\u00f3n al cambio clim\u00e1tico\u2019, se expondr\u00e1n y discutir\u00e1n las experiencias del Gobierno de Navarra, del Gobierno del Pa\u00eds Vasco y de los ayuntamientos de Sevilla y de Barcelona, que presentar\u00e1n algunas de las medidas que han implantado en el \u00faltimo a\u00f1o, como un portal de monitorizaci\u00f3n del cambio clim\u00e1tico en el caso de Navarra, o la implantaci\u00f3n de proyectos de adaptaci\u00f3n ligados a la naturalizaci\u00f3n y convivencia con altas temperaturas en espacios p\u00fablicos de Sevilla.<\/p>\n<p>El encuentro concluir\u00e1 con un coloquio abierto entre las regiones y municipios participantes, con el objetivo de analizar las nuevas herramientas para afrontar la acci\u00f3n clim\u00e1tica local.<br \/>\n<script async src=\"\/\/pagead2.googlesyndication.com\/pagead\/js\/adsbygoogle.js\"><\/script><br \/>\n<!-- Noticias La Guia de Pamplona --><br \/>\n<ins class=\"adsbygoogle\"\nstyle=\"display:block\"\ndata-ad-client=\"ca-pub-6943679897239327\"\ndata-ad-slot=\"7048180777\"\ndata-ad-format=\"auto\"><\/ins><br \/>\n<script>\n(adsbygoogle = window.adsbygoogle || []).push({});\n<\/script><\/p>\n<p><strong>Go Green Pamplona<\/strong><\/p>\n<p>El Ayuntamiento de Pamplona present\u00f3, en marzo de 2020, la estrategia \u2018Go Green Pamplona\u2019, en l\u00ednea con los Objetivos de Desarrollo Sostenible 2030, que engloba todas las actuaciones en materia de lucha contra el cambio clim\u00e1tico desarrolladas por la ciudad y que define las nuevas l\u00edneas de actuaci\u00f3n para la pr\u00f3xima d\u00e9cada. La estrategia surge tras la declaraci\u00f3n, en septiembre de 2019, por parte del Consistorio de la Emergencia Clim\u00e1tica y como compromiso municipal con la construcci\u00f3n de todos los edificios municipales con criterios de energ\u00eda casi nula. De la mano del Pacto de Alcald\u00edas, Pamplona se ha comprometido a reducir las emisiones contaminantes en 2030 un 40% respecto a las de 2005.<\/p>\n<p>Dentro de la estrategia Go Green, se han analizado las vulnerabilidades de los barrios, se est\u00e1 comenzando a trabajar en el concepto de Barrios de Energ\u00eda Positiva en la Rochapea y se ha puesto en marcha la comunidad energ\u00e9tica de Mendillorri, entre otras acciones.<br \/>\n<script async src=\"\/\/pagead2.googlesyndication.com\/pagead\/js\/adsbygoogle.js\"><\/script><br \/>\n<!-- Noticias La Guia de Pamplona --><br \/>\n<ins class=\"adsbygoogle\"\nstyle=\"display:block\"\ndata-ad-client=\"ca-pub-6943679897239327\"\ndata-ad-slot=\"7048180777\"\ndata-ad-format=\"auto\"><\/ins><br \/>\n<script>\n(adsbygoogle = window.adsbygoogle || []).push({});\n<\/script><\/p>\n<p><strong>Iniciativa europea<\/strong><\/p>\n<p>El Pacto de las Alcald\u00edas surgi\u00f3 en 2008 de la mano de la Comisi\u00f3n Europea con el prop\u00f3sito de reunir a los gobiernos locales que voluntariamente se comprometieron a alcanzar y superar los objetivos de la Uni\u00f3n Europea en materia de clima y energ\u00eda. Tres a\u00f1os m\u00e1s tarde, se ampli\u00f3 a Europa oriental, a pa\u00edses como Bielorrusia, Ucrania, Moldavia, Armenia, Georgia y Azerbaiy\u00e1n. El mayor salto lo dio en 2017, cuando se establecieron oficinas regionales del Pacto en Am\u00e9rica del Norte, Latinoam\u00e9rica y el Caribe, China y el sudeste asi\u00e1tico, India y Jap\u00f3n para complementar las ya existentes en Europa, la zona mediterr\u00e1nea y \u00c1frica Subsahariana. A d\u00eda de hoy, se ha convertido en el mayor movimiento mundial de ciudades involucradas en el cuidado y protecci\u00f3n del clima a trav\u00e9s de acciones locales. Tanto es as\u00ed que son m\u00e1s de 7.000 las autoridades locales y regionales que han suscrito el Pacto de las Alcald\u00edas, repartidas en 57 pa\u00edses.<\/p>\n<p>El objetivo de este Pacto es crear sinergias, aprovechar las experiencias y puntos fuertes de los distintos actores en materia medioambiental para seguir avanzando hacia la disminuci\u00f3n en el consumo de energ\u00edas f\u00f3siles y en la emisi\u00f3n de gases de efecto invernadero, hacia una movilidad sostenible, una econom\u00eda circular y una conciencia clim\u00e1tica desde los hogares hasta las empresas y las administraciones. En este sentido, la cooperaci\u00f3n entre las distintas administraciones es uno de los elementos fundamentales.<\/p>\n","protected":false},"excerpt":{"rendered":"<p>La ciudad reunir\u00e1 a m\u00e1s de 200 representantes municipales en el Encuentro Nacional del Pacto de las Alcald\u00edas para el Clima y la Energ\u00eda<\/p>\n","protected":false},"author":1,"featured_media":42161,"comment_status":"open","ping_status":"closed","sticky":false,"template":"","format":"standard","meta":{"footnotes":""},"categories":[2],"tags":[],"class_list":["post-42160","post","type-post","status-publish","format-standard","has-post-thumbnail","hentry","category-ayuntamiento-pamplona"],"yoast_head":"<!-- This site is optimized with the Yoast SEO plugin v27.3 - https:\/\/yoast.com\/product\/yoast-seo-wordpress\/ -->\n<title>Pamplona se convertir\u00e1 a finales de noviembre en el epicentro nacional del debate sobre el cambio clim\u00e1tico y la transici\u00f3n energ\u00e9tica<\/title>\n<meta name=\"description\" content=\"La ciudad reunir\u00e1 a m\u00e1s de 200 representantes municipales en el Encuentro Nacional del Pacto de las Alcald\u00edas para el Clima y la Energ\u00eda\" \/>\n<meta name=\"robots\" content=\"index, follow, max-snippet:-1, max-image-preview:large, max-video-preview:-1\" \/>\n<link rel=\"canonical\" href=\"https:\/\/www.laguiadepamplona.com\/actualidad\/pamplona-se-convertira-a-finales-de-noviembre-en-el-epicentro-nacional-del-debate-sobre-el-cambio-climatico-y-la-transicion-energetica\/\" \/>\n<meta property=\"og:locale\" content=\"es_ES\" \/>\n<meta property=\"og:type\" content=\"article\" \/>\n<meta property=\"og:title\" content=\"Pamplona se convertir\u00e1 a finales de noviembre en el epicentro nacional del debate sobre el cambio clim\u00e1tico y la transici\u00f3n energ\u00e9tica\" \/>\n<meta property=\"og:description\" content=\"La ciudad reunir\u00e1 a m\u00e1s de 200 representantes municipales en el Encuentro Nacional del Pacto de las Alcald\u00edas para el Clima y la Energ\u00eda\" \/>\n<meta property=\"og:url\" content=\"https:\/\/www.laguiadepamplona.com\/actualidad\/pamplona-se-convertira-a-finales-de-noviembre-en-el-epicentro-nacional-del-debate-sobre-el-cambio-climatico-y-la-transicion-energetica\/\" \/>\n<meta property=\"og:site_name\" content=\"La Gu\u00eda de Pamplona\" \/>\n<meta property=\"article:publisher\" content=\"https:\/\/www.facebook.com\/laguiadepamplonacom-133175176762273\/?ref=hl\" \/>\n<meta property=\"article:published_time\" content=\"2022-11-10T12:41:26+00:00\" \/>\n<meta property=\"article:modified_time\" content=\"2023-04-11T09:47:36+00:00\" \/>\n<meta property=\"og:image\" content=\"https:\/\/www.laguiadepamplona.com\/actualidad\/wp-content\/uploads\/2022\/11\/Ciudadela_Baluarte-Real_4_LP3_7245b.webp\" \/>\n\t<meta property=\"og:image:width\" content=\"1920\" \/>\n\t<meta property=\"og:image:height\" content=\"1273\" \/>\n\t<meta property=\"og:image:type\" content=\"image\/webp\" \/>\n<meta name=\"author\" content=\"La Gu\u00eda de Pamplona\" \/>\n<meta name=\"twitter:card\" content=\"summary_large_image\" \/>\n<meta name=\"twitter:creator\" content=\"@LaGuiadPamplona\" \/>\n<meta name=\"twitter:site\" content=\"@LaGuiadPamplona\" \/>\n<meta name=\"twitter:label1\" content=\"Escrito por\" \/>\n\t<meta name=\"twitter:data1\" content=\"La Gu\u00eda de Pamplona\" \/>\n\t<meta name=\"twitter:label2\" content=\"Tiempo de lectura\" \/>\n\t<meta name=\"twitter:data2\" content=\"5 minutos\" \/>\n<script type=\"application\/ld+json\" class=\"yoast-schema-graph\">{\"@context\":\"https:\\\/\\\/schema.org\",\"@graph\":[{\"@type\":\"Article\",\"@id\":\"https:\\\/\\\/www.laguiadepamplona.com\\\/actualidad\\\/pamplona-se-convertira-a-finales-de-noviembre-en-el-epicentro-nacional-del-debate-sobre-el-cambio-climatico-y-la-transicion-energetica\\\/#article\",\"isPartOf\":{\"@id\":\"https:\\\/\\\/www.laguiadepamplona.com\\\/actualidad\\\/pamplona-se-convertira-a-finales-de-noviembre-en-el-epicentro-nacional-del-debate-sobre-el-cambio-climatico-y-la-transicion-energetica\\\/\"},\"author\":{\"name\":\"La Gu\u00eda de Pamplona\",\"@id\":\"https:\\\/\\\/www.laguiadepamplona.com\\\/actualidad\\\/#\\\/schema\\\/person\\\/efe887376f0213d4657c93adc50b1fdb\"},\"headline\":\"Pamplona se convertir\u00e1 a finales de noviembre en el epicentro nacional del debate sobre el cambio clim\u00e1tico y la transici\u00f3n energ\u00e9tica\",\"datePublished\":\"2022-11-10T12:41:26+00:00\",\"dateModified\":\"2023-04-11T09:47:36+00:00\",\"mainEntityOfPage\":{\"@id\":\"https:\\\/\\\/www.laguiadepamplona.com\\\/actualidad\\\/pamplona-se-convertira-a-finales-de-noviembre-en-el-epicentro-nacional-del-debate-sobre-el-cambio-climatico-y-la-transicion-energetica\\\/\"},\"wordCount\":1044,\"commentCount\":0,\"publisher\":{\"@id\":\"https:\\\/\\\/www.laguiadepamplona.com\\\/actualidad\\\/#organization\"},\"image\":{\"@id\":\"https:\\\/\\\/www.laguiadepamplona.com\\\/actualidad\\\/pamplona-se-convertira-a-finales-de-noviembre-en-el-epicentro-nacional-del-debate-sobre-el-cambio-climatico-y-la-transicion-energetica\\\/#primaryimage\"},\"thumbnailUrl\":\"https:\\\/\\\/www.laguiadepamplona.com\\\/actualidad\\\/wp-content\\\/uploads\\\/2022\\\/11\\\/Ciudadela_Baluarte-Real_4_LP3_7245b.webp\",\"articleSection\":[\"Ayto Pamplona\"],\"inLanguage\":\"es\",\"potentialAction\":[{\"@type\":\"CommentAction\",\"name\":\"Comment\",\"target\":[\"https:\\\/\\\/www.laguiadepamplona.com\\\/actualidad\\\/pamplona-se-convertira-a-finales-de-noviembre-en-el-epicentro-nacional-del-debate-sobre-el-cambio-climatico-y-la-transicion-energetica\\\/#respond\"]}]},{\"@type\":\"WebPage\",\"@id\":\"https:\\\/\\\/www.laguiadepamplona.com\\\/actualidad\\\/pamplona-se-convertira-a-finales-de-noviembre-en-el-epicentro-nacional-del-debate-sobre-el-cambio-climatico-y-la-transicion-energetica\\\/\",\"url\":\"https:\\\/\\\/www.laguiadepamplona.com\\\/actualidad\\\/pamplona-se-convertira-a-finales-de-noviembre-en-el-epicentro-nacional-del-debate-sobre-el-cambio-climatico-y-la-transicion-energetica\\\/\",\"name\":\"Pamplona se convertir\u00e1 a finales de noviembre en el epicentro nacional del debate sobre el cambio clim\u00e1tico y la transici\u00f3n energ\u00e9tica\",\"isPartOf\":{\"@id\":\"https:\\\/\\\/www.laguiadepamplona.com\\\/actualidad\\\/#website\"},\"primaryImageOfPage\":{\"@id\":\"https:\\\/\\\/www.laguiadepamplona.com\\\/actualidad\\\/pamplona-se-convertira-a-finales-de-noviembre-en-el-epicentro-nacional-del-debate-sobre-el-cambio-climatico-y-la-transicion-energetica\\\/#primaryimage\"},\"image\":{\"@id\":\"https:\\\/\\\/www.laguiadepamplona.com\\\/actualidad\\\/pamplona-se-convertira-a-finales-de-noviembre-en-el-epicentro-nacional-del-debate-sobre-el-cambio-climatico-y-la-transicion-energetica\\\/#primaryimage\"},\"thumbnailUrl\":\"https:\\\/\\\/www.laguiadepamplona.com\\\/actualidad\\\/wp-content\\\/uploads\\\/2022\\\/11\\\/Ciudadela_Baluarte-Real_4_LP3_7245b.webp\",\"datePublished\":\"2022-11-10T12:41:26+00:00\",\"dateModified\":\"2023-04-11T09:47:36+00:00\",\"description\":\"La ciudad reunir\u00e1 a m\u00e1s de 200 representantes municipales en el Encuentro Nacional del Pacto de las Alcald\u00edas para el Clima y la Energ\u00eda\",\"breadcrumb\":{\"@id\":\"https:\\\/\\\/www.laguiadepamplona.com\\\/actualidad\\\/pamplona-se-convertira-a-finales-de-noviembre-en-el-epicentro-nacional-del-debate-sobre-el-cambio-climatico-y-la-transicion-energetica\\\/#breadcrumb\"},\"inLanguage\":\"es\",\"potentialAction\":[{\"@type\":\"ReadAction\",\"target\":[\"https:\\\/\\\/www.laguiadepamplona.com\\\/actualidad\\\/pamplona-se-convertira-a-finales-de-noviembre-en-el-epicentro-nacional-del-debate-sobre-el-cambio-climatico-y-la-transicion-energetica\\\/\"]}]},{\"@type\":\"ImageObject\",\"inLanguage\":\"es\",\"@id\":\"https:\\\/\\\/www.laguiadepamplona.com\\\/actualidad\\\/pamplona-se-convertira-a-finales-de-noviembre-en-el-epicentro-nacional-del-debate-sobre-el-cambio-climatico-y-la-transicion-energetica\\\/#primaryimage\",\"url\":\"https:\\\/\\\/www.laguiadepamplona.com\\\/actualidad\\\/wp-content\\\/uploads\\\/2022\\\/11\\\/Ciudadela_Baluarte-Real_4_LP3_7245b.webp\",\"contentUrl\":\"https:\\\/\\\/www.laguiadepamplona.com\\\/actualidad\\\/wp-content\\\/uploads\\\/2022\\\/11\\\/Ciudadela_Baluarte-Real_4_LP3_7245b.webp\",\"width\":1920,\"height\":1273,\"caption\":\"ciudadela\"},{\"@type\":\"BreadcrumbList\",\"@id\":\"https:\\\/\\\/www.laguiadepamplona.com\\\/actualidad\\\/pamplona-se-convertira-a-finales-de-noviembre-en-el-epicentro-nacional-del-debate-sobre-el-cambio-climatico-y-la-transicion-energetica\\\/#breadcrumb\",\"itemListElement\":[{\"@type\":\"ListItem\",\"position\":1,\"name\":\"Portada\",\"item\":\"https:\\\/\\\/www.laguiadepamplona.com\\\/actualidad\\\/\"},{\"@type\":\"ListItem\",\"position\":2,\"name\":\"Pamplona se convertir\u00e1 a finales de noviembre en el epicentro nacional del debate sobre el cambio clim\u00e1tico y la transici\u00f3n energ\u00e9tica\"}]},{\"@type\":\"WebSite\",\"@id\":\"https:\\\/\\\/www.laguiadepamplona.com\\\/actualidad\\\/#website\",\"url\":\"https:\\\/\\\/www.laguiadepamplona.com\\\/actualidad\\\/\",\"name\":\"La gu\u00eda de Pamplona\",\"description\":\"Noticias de Pamplona\",\"publisher\":{\"@id\":\"https:\\\/\\\/www.laguiadepamplona.com\\\/actualidad\\\/#organization\"},\"potentialAction\":[{\"@type\":\"SearchAction\",\"target\":{\"@type\":\"EntryPoint\",\"urlTemplate\":\"https:\\\/\\\/www.laguiadepamplona.com\\\/actualidad\\\/?s={search_term_string}\"},\"query-input\":{\"@type\":\"PropertyValueSpecification\",\"valueRequired\":true,\"valueName\":\"search_term_string\"}}],\"inLanguage\":\"es\"},{\"@type\":\"Organization\",\"@id\":\"https:\\\/\\\/www.laguiadepamplona.com\\\/actualidad\\\/#organization\",\"name\":\"La Gu\u00eda de Pamplona \\\/ Noticias\",\"url\":\"https:\\\/\\\/www.laguiadepamplona.com\\\/actualidad\\\/\",\"logo\":{\"@type\":\"ImageObject\",\"inLanguage\":\"es\",\"@id\":\"https:\\\/\\\/www.laguiadepamplona.com\\\/actualidad\\\/#\\\/schema\\\/logo\\\/image\\\/\",\"url\":\"https:\\\/\\\/www.laguiadepamplona.com\\\/actualidad\\\/wp-content\\\/uploads\\\/2018\\\/11\\\/logo-laguiadepamplona18-web1.png\",\"contentUrl\":\"https:\\\/\\\/www.laguiadepamplona.com\\\/actualidad\\\/wp-content\\\/uploads\\\/2018\\\/11\\\/logo-laguiadepamplona18-web1.png\",\"width\":600,\"height\":196,\"caption\":\"La Gu\u00eda de Pamplona \\\/ Noticias\"},\"image\":{\"@id\":\"https:\\\/\\\/www.laguiadepamplona.com\\\/actualidad\\\/#\\\/schema\\\/logo\\\/image\\\/\"},\"sameAs\":[\"https:\\\/\\\/www.facebook.com\\\/laguiadepamplonacom-133175176762273\\\/?ref=hl\",\"https:\\\/\\\/x.com\\\/LaGuiadPamplona\",\"https:\\\/\\\/www.instagram.com\\\/la_guia_de_pamplona\\\/\",\"https:\\\/\\\/www.youtube.com\\\/user\\\/laguiadepamplona\"]},{\"@type\":\"Person\",\"@id\":\"https:\\\/\\\/www.laguiadepamplona.com\\\/actualidad\\\/#\\\/schema\\\/person\\\/efe887376f0213d4657c93adc50b1fdb\",\"name\":\"La Gu\u00eda de Pamplona\",\"image\":{\"@type\":\"ImageObject\",\"inLanguage\":\"es\",\"@id\":\"https:\\\/\\\/secure.gravatar.com\\\/avatar\\\/b6992f131dc8d30ab0dff15446e9d346d9dbd95992de0fef795073f5ea83a81c?s=96&d=mm&r=g\",\"url\":\"https:\\\/\\\/secure.gravatar.com\\\/avatar\\\/b6992f131dc8d30ab0dff15446e9d346d9dbd95992de0fef795073f5ea83a81c?s=96&d=mm&r=g\",\"contentUrl\":\"https:\\\/\\\/secure.gravatar.com\\\/avatar\\\/b6992f131dc8d30ab0dff15446e9d346d9dbd95992de0fef795073f5ea83a81c?s=96&d=mm&r=g\",\"caption\":\"La Gu\u00eda de Pamplona\"}}]}<\/script>\n<!-- \/ Yoast SEO plugin. -->","yoast_head_json":{"title":"Pamplona se convertir\u00e1 a finales de noviembre en el epicentro nacional del debate sobre el cambio clim\u00e1tico y la transici\u00f3n energ\u00e9tica","description":"La ciudad reunir\u00e1 a m\u00e1s de 200 representantes municipales en el Encuentro Nacional del Pacto de las Alcald\u00edas para el Clima y la Energ\u00eda","robots":{"index":"index","follow":"follow","max-snippet":"max-snippet:-1","max-image-preview":"max-image-preview:large","max-video-preview":"max-video-preview:-1"},"canonical":"https:\/\/www.laguiadepamplona.com\/actualidad\/pamplona-se-convertira-a-finales-de-noviembre-en-el-epicentro-nacional-del-debate-sobre-el-cambio-climatico-y-la-transicion-energetica\/","og_locale":"es_ES","og_type":"article","og_title":"Pamplona se convertir\u00e1 a finales de noviembre en el epicentro nacional del debate sobre el cambio clim\u00e1tico y la transici\u00f3n energ\u00e9tica","og_description":"La ciudad reunir\u00e1 a m\u00e1s de 200 representantes municipales en el Encuentro Nacional del Pacto de las Alcald\u00edas para el Clima y la Energ\u00eda","og_url":"https:\/\/www.laguiadepamplona.com\/actualidad\/pamplona-se-convertira-a-finales-de-noviembre-en-el-epicentro-nacional-del-debate-sobre-el-cambio-climatico-y-la-transicion-energetica\/","og_site_name":"La Gu\u00eda de Pamplona","article_publisher":"https:\/\/www.facebook.com\/laguiadepamplonacom-133175176762273\/?ref=hl","article_published_time":"2022-11-10T12:41:26+00:00","article_modified_time":"2023-04-11T09:47:36+00:00","og_image":[{"width":1920,"height":1273,"url":"https:\/\/www.laguiadepamplona.com\/actualidad\/wp-content\/uploads\/2022\/11\/Ciudadela_Baluarte-Real_4_LP3_7245b.webp","type":"image\/webp"}],"author":"La Gu\u00eda de Pamplona","twitter_card":"summary_large_image","twitter_creator":"@LaGuiadPamplona","twitter_site":"@LaGuiadPamplona","twitter_misc":{"Escrito por":"La Gu\u00eda de Pamplona","Tiempo de lectura":"5 minutos"},"schema":{"@context":"https:\/\/schema.org","@graph":[{"@type":"Article","@id":"https:\/\/www.laguiadepamplona.com\/actualidad\/pamplona-se-convertira-a-finales-de-noviembre-en-el-epicentro-nacional-del-debate-sobre-el-cambio-climatico-y-la-transicion-energetica\/#article","isPartOf":{"@id":"https:\/\/www.laguiadepamplona.com\/actualidad\/pamplona-se-convertira-a-finales-de-noviembre-en-el-epicentro-nacional-del-debate-sobre-el-cambio-climatico-y-la-transicion-energetica\/"},"author":{"name":"La Gu\u00eda de Pamplona","@id":"https:\/\/www.laguiadepamplona.com\/actualidad\/#\/schema\/person\/efe887376f0213d4657c93adc50b1fdb"},"headline":"Pamplona se convertir\u00e1 a finales de noviembre en el epicentro nacional del debate sobre el cambio clim\u00e1tico y la transici\u00f3n energ\u00e9tica","datePublished":"2022-11-10T12:41:26+00:00","dateModified":"2023-04-11T09:47:36+00:00","mainEntityOfPage":{"@id":"https:\/\/www.laguiadepamplona.com\/actualidad\/pamplona-se-convertira-a-finales-de-noviembre-en-el-epicentro-nacional-del-debate-sobre-el-cambio-climatico-y-la-transicion-energetica\/"},"wordCount":1044,"commentCount":0,"publisher":{"@id":"https:\/\/www.laguiadepamplona.com\/actualidad\/#organization"},"image":{"@id":"https:\/\/www.laguiadepamplona.com\/actualidad\/pamplona-se-convertira-a-finales-de-noviembre-en-el-epicentro-nacional-del-debate-sobre-el-cambio-climatico-y-la-transicion-energetica\/#primaryimage"},"thumbnailUrl":"https:\/\/www.laguiadepamplona.com\/actualidad\/wp-content\/uploads\/2022\/11\/Ciudadela_Baluarte-Real_4_LP3_7245b.webp","articleSection":["Ayto Pamplona"],"inLanguage":"es","potentialAction":[{"@type":"CommentAction","name":"Comment","target":["https:\/\/www.laguiadepamplona.com\/actualidad\/pamplona-se-convertira-a-finales-de-noviembre-en-el-epicentro-nacional-del-debate-sobre-el-cambio-climatico-y-la-transicion-energetica\/#respond"]}]},{"@type":"WebPage","@id":"https:\/\/www.laguiadepamplona.com\/actualidad\/pamplona-se-convertira-a-finales-de-noviembre-en-el-epicentro-nacional-del-debate-sobre-el-cambio-climatico-y-la-transicion-energetica\/","url":"https:\/\/www.laguiadepamplona.com\/actualidad\/pamplona-se-convertira-a-finales-de-noviembre-en-el-epicentro-nacional-del-debate-sobre-el-cambio-climatico-y-la-transicion-energetica\/","name":"Pamplona se convertir\u00e1 a finales de noviembre en el epicentro nacional del debate sobre el cambio clim\u00e1tico y la transici\u00f3n energ\u00e9tica","isPartOf":{"@id":"https:\/\/www.laguiadepamplona.com\/actualidad\/#website"},"primaryImageOfPage":{"@id":"https:\/\/www.laguiadepamplona.com\/actualidad\/pamplona-se-convertira-a-finales-de-noviembre-en-el-epicentro-nacional-del-debate-sobre-el-cambio-climatico-y-la-transicion-energetica\/#primaryimage"},"image":{"@id":"https:\/\/www.laguiadepamplona.com\/actualidad\/pamplona-se-convertira-a-finales-de-noviembre-en-el-epicentro-nacional-del-debate-sobre-el-cambio-climatico-y-la-transicion-energetica\/#primaryimage"},"thumbnailUrl":"https:\/\/www.laguiadepamplona.com\/actualidad\/wp-content\/uploads\/2022\/11\/Ciudadela_Baluarte-Real_4_LP3_7245b.webp","datePublished":"2022-11-10T12:41:26+00:00","dateModified":"2023-04-11T09:47:36+00:00","description":"La ciudad reunir\u00e1 a m\u00e1s de 200 representantes municipales en el Encuentro Nacional del Pacto de las Alcald\u00edas para el Clima y la Energ\u00eda","breadcrumb":{"@id":"https:\/\/www.laguiadepamplona.com\/actualidad\/pamplona-se-convertira-a-finales-de-noviembre-en-el-epicentro-nacional-del-debate-sobre-el-cambio-climatico-y-la-transicion-energetica\/#breadcrumb"},"inLanguage":"es","potentialAction":[{"@type":"ReadAction","target":["https:\/\/www.laguiadepamplona.com\/actualidad\/pamplona-se-convertira-a-finales-de-noviembre-en-el-epicentro-nacional-del-debate-sobre-el-cambio-climatico-y-la-transicion-energetica\/"]}]},{"@type":"ImageObject","inLanguage":"es","@id":"https:\/\/www.laguiadepamplona.com\/actualidad\/pamplona-se-convertira-a-finales-de-noviembre-en-el-epicentro-nacional-del-debate-sobre-el-cambio-climatico-y-la-transicion-energetica\/#primaryimage","url":"https:\/\/www.laguiadepamplona.com\/actualidad\/wp-content\/uploads\/2022\/11\/Ciudadela_Baluarte-Real_4_LP3_7245b.webp","contentUrl":"https:\/\/www.laguiadepamplona.com\/actualidad\/wp-content\/uploads\/2022\/11\/Ciudadela_Baluarte-Real_4_LP3_7245b.webp","width":1920,"height":1273,"caption":"ciudadela"},{"@type":"BreadcrumbList","@id":"https:\/\/www.laguiadepamplona.com\/actualidad\/pamplona-se-convertira-a-finales-de-noviembre-en-el-epicentro-nacional-del-debate-sobre-el-cambio-climatico-y-la-transicion-energetica\/#breadcrumb","itemListElement":[{"@type":"ListItem","position":1,"name":"Portada","item":"https:\/\/www.laguiadepamplona.com\/actualidad\/"},{"@type":"ListItem","position":2,"name":"Pamplona se convertir\u00e1 a finales de noviembre en el epicentro nacional del debate sobre el cambio clim\u00e1tico y la transici\u00f3n energ\u00e9tica"}]},{"@type":"WebSite","@id":"https:\/\/www.laguiadepamplona.com\/actualidad\/#website","url":"https:\/\/www.laguiadepamplona.com\/actualidad\/","name":"La gu\u00eda de Pamplona","description":"Noticias de Pamplona","publisher":{"@id":"https:\/\/www.laguiadepamplona.com\/actualidad\/#organization"},"potentialAction":[{"@type":"SearchAction","target":{"@type":"EntryPoint","urlTemplate":"https:\/\/www.laguiadepamplona.com\/actualidad\/?s={search_term_string}"},"query-input":{"@type":"PropertyValueSpecification","valueRequired":true,"valueName":"search_term_string"}}],"inLanguage":"es"},{"@type":"Organization","@id":"https:\/\/www.laguiadepamplona.com\/actualidad\/#organization","name":"La Gu\u00eda de Pamplona \/ Noticias","url":"https:\/\/www.laguiadepamplona.com\/actualidad\/","logo":{"@type":"ImageObject","inLanguage":"es","@id":"https:\/\/www.laguiadepamplona.com\/actualidad\/#\/schema\/logo\/image\/","url":"https:\/\/www.laguiadepamplona.com\/actualidad\/wp-content\/uploads\/2018\/11\/logo-laguiadepamplona18-web1.png","contentUrl":"https:\/\/www.laguiadepamplona.com\/actualidad\/wp-content\/uploads\/2018\/11\/logo-laguiadepamplona18-web1.png","width":600,"height":196,"caption":"La Gu\u00eda de Pamplona \/ Noticias"},"image":{"@id":"https:\/\/www.laguiadepamplona.com\/actualidad\/#\/schema\/logo\/image\/"},"sameAs":["https:\/\/www.facebook.com\/laguiadepamplonacom-133175176762273\/?ref=hl","https:\/\/x.com\/LaGuiadPamplona","https:\/\/www.instagram.com\/la_guia_de_pamplona\/","https:\/\/www.youtube.com\/user\/laguiadepamplona"]},{"@type":"Person","@id":"https:\/\/www.laguiadepamplona.com\/actualidad\/#\/schema\/person\/efe887376f0213d4657c93adc50b1fdb","name":"La Gu\u00eda de Pamplona","image":{"@type":"ImageObject","inLanguage":"es","@id":"https:\/\/secure.gravatar.com\/avatar\/b6992f131dc8d30ab0dff15446e9d346d9dbd95992de0fef795073f5ea83a81c?s=96&d=mm&r=g","url":"https:\/\/secure.gravatar.com\/avatar\/b6992f131dc8d30ab0dff15446e9d346d9dbd95992de0fef795073f5ea83a81c?s=96&d=mm&r=g","contentUrl":"https:\/\/secure.gravatar.com\/avatar\/b6992f131dc8d30ab0dff15446e9d346d9dbd95992de0fef795073f5ea83a81c?s=96&d=mm&r=g","caption":"La Gu\u00eda de Pamplona"}}]}},"post_mailing_queue_ids":[],"_links":{"self":[{"href":"https:\/\/www.laguiadepamplona.com\/actualidad\/wp-json\/wp\/v2\/posts\/42160","targetHints":{"allow":["GET"]}}],"collection":[{"href":"https:\/\/www.laguiadepamplona.com\/actualidad\/wp-json\/wp\/v2\/posts"}],"about":[{"href":"https:\/\/www.laguiadepamplona.com\/actualidad\/wp-json\/wp\/v2\/types\/post"}],"author":[{"embeddable":true,"href":"https:\/\/www.laguiadepamplona.com\/actualidad\/wp-json\/wp\/v2\/users\/1"}],"replies":[{"embeddable":true,"href":"https:\/\/www.laguiadepamplona.com\/actualidad\/wp-json\/wp\/v2\/comments?post=42160"}],"version-history":[{"count":0,"href":"https:\/\/www.laguiadepamplona.com\/actualidad\/wp-json\/wp\/v2\/posts\/42160\/revisions"}],"wp:featuredmedia":[{"embeddable":true,"href":"https:\/\/www.laguiadepamplona.com\/actualidad\/wp-json\/wp\/v2\/media\/42161"}],"wp:attachment":[{"href":"https:\/\/www.laguiadepamplona.com\/actualidad\/wp-json\/wp\/v2\/media?parent=42160"}],"wp:term":[{"taxonomy":"category","embeddable":true,"href":"https:\/\/www.laguiadepamplona.com\/actualidad\/wp-json\/wp\/v2\/categories?post=42160"},{"taxonomy":"post_tag","embeddable":true,"href":"https:\/\/www.laguiadepamplona.com\/actualidad\/wp-json\/wp\/v2\/tags?post=42160"}],"curies":[{"name":"wp","href":"https:\/\/api.w.org\/{rel}","templated":true}]}}