{"id":42157,"date":"2022-11-10T14:39:13","date_gmt":"2022-11-10T12:39:13","guid":{"rendered":"https:\/\/www.laguiadepamplona.com\/actualidad\/?p=42157"},"modified":"2023-04-11T11:47:36","modified_gmt":"2023-04-11T09:47:36","slug":"el-archivo-municipal-de-pamplona-cede-temporalmente-para-una-exposicion-al-museo-de-historia-de-madrid-el-album-a-sarasate-sus-compatriotas-1882","status":"publish","type":"post","link":"https:\/\/www.laguiadepamplona.com\/actualidad\/el-archivo-municipal-de-pamplona-cede-temporalmente-para-una-exposicion-al-museo-de-historia-de-madrid-el-album-a-sarasate-sus-compatriotas-1882\/","title":{"rendered":"El Archivo Municipal de Pamplona cede temporalmente para una exposici\u00f3n al Museo de Historia de Madrid el \u00e1lbum \u201cA Sarasate: Sus compatriotas, 1882\u201d"},"content":{"rendered":"<h5>Recoge creaciones que le dedicaron reconocidos artistas, entre ellas dos dibujos del pintor Pradilla, protagonista de la muestra madrile\u00f1a<\/h5>\n<p><!--more--><\/p>\n<p>El Archivo Municipal de Pamplona ha accedido a la solicitud del Museo de Historia de Madrid y ceder\u00e1 temporalmente a esa instituci\u00f3n el \u00e1lbum dedicado a Sarasate por los artistas espa\u00f1oles que en el a\u00f1o 1882 se estaban formando en Roma. Este ejemplar ser\u00e1 parte de la exposici\u00f3n sobre Francisco Pradilla Ortiz que se va a inaugurar a finales de noviembre en la sede del museo (Fuencarral, n \u00ba 78), una muestra que se mantendr\u00e1 abierta al p\u00fablico hasta el mes de febrero.<br \/>\n<script async src=\"\/\/pagead2.googlesyndication.com\/pagead\/js\/adsbygoogle.js\"><\/script><br \/>\n<!-- Noticias La Guia de Pamplona --><br \/>\n<ins class=\"adsbygoogle\"\nstyle=\"display:block\"\ndata-ad-client=\"ca-pub-6943679897239327\"\ndata-ad-slot=\"7048180777\"\ndata-ad-format=\"auto\"><\/ins><br \/>\n<script>\n(adsbygoogle = window.adsbygoogle || []).push({});\n<\/script><\/p>\n<p>La exposici\u00f3n \u201cFrancisco Pradilla Ortiz (1848-1921), m\u00e1s que un pintor de historia\u201d, est\u00e1 comisariada por Soledad C\u00e1novas del Castillo y Sonia Pradilla S\u00e1nchez y es el resultado de sus proyectos de investigaci\u00f3n y exposici\u00f3n sobre un pintor, habitualmente plasmador de personajes y situaciones hist\u00f3ricas, pero que tambi\u00e9n cultiv\u00f3 otros g\u00e9neros con \u00e9xito. En este caso, el \u00e1lbum cedido recoge dos obras de Pradilla: \u201cGrupo de caballeros armados (croquis para una escena hist\u00f3rica)\u201d realizado a plumilla sobre papel y \u201cSoldado moro con lanza\u201d, a l\u00e1piz y albayalde sobre papel. Ambos dibujos han de ponerse en relaci\u00f3n con su obra pict\u00f3ricas m\u00e1s conocida: \u201cla rendici\u00f3n de granada\u201d (1882), una de las obras m\u00e1s importantes de la pintura espa\u00f1ola del siglo XIX y de las m\u00e1s destacadas del g\u00e9nero en Europa, realizada por encargo del Senado.<\/p>\n<p>El libro en el que est\u00e1n insertas estas obras, bajo el t\u00edtulo \u201cA Sarasate: Sus compatriotas, 1882\u201d se configura como un \u00e1lbum de acuarelas, dibujos al carboncillo y tintas, y fotograf\u00edas con encuadernaci\u00f3n r\u00edgida en pergamino, gofrado y dorado. Contiene obras de 66 autores, pintores, escultores y m\u00fasicos que formaban la colonia de artistas espa\u00f1oles instalados en Roma, como Domingo Mu\u00f1oz, Mariano Benlliure, Jos\u00e9 Moreno Carbonero o el propio Pradilla, entre otros. Tiene una altura de 34,50 cm y una anchura de 50 cm y un grosor de 7, y deber\u00e1 ser expuesto en una vitrina.<\/p>\n<p>Ser\u00e1 el museo el responsable del estado de conservaci\u00f3n, estando obligado a adoptar las m\u00e1ximas precauciones para la protecci\u00f3n y seguridad del \u00e1lbum. No se podr\u00e1 usar ning\u00fan sistema de fijaci\u00f3n, limpieza, exposici\u00f3n o manipulaci\u00f3n que le pueda perjudicar o da\u00f1ar, ni se podr\u00e1 reparar o examinar cient\u00edficamente sin la autorizaci\u00f3n previa y por escrito de la Archivera Municipal, salvo que estos tratamientos fueran necesarios para asegurar su protecci\u00f3n inmediata a causa de un accidente. Los costes de los traslados producidos por el pr\u00e9stamo, as\u00ed como los derivados de la conservaci\u00f3n y exhibici\u00f3n por todos los conceptos, ser\u00e1n a cargo del museo.<br \/>\n<script async src=\"\/\/pagead2.googlesyndication.com\/pagead\/js\/adsbygoogle.js\"><\/script><br \/>\n<!-- Noticias La Guia de Pamplona --><br \/>\n<ins class=\"adsbygoogle\"\nstyle=\"display:block\"\ndata-ad-client=\"ca-pub-6943679897239327\"\ndata-ad-slot=\"7048180777\"\ndata-ad-format=\"auto\"><\/ins><br \/>\n<script>\n(adsbygoogle = window.adsbygoogle || []).push({});\n<\/script><\/p>\n<p><strong>Un \u00e1lbum que es parte de un legado<\/strong><\/p>\n<p>El Ayuntamiento de Pamplona edit\u00f3 en 2009 un estudio sobre este \u00e1lbum realizado por Jos\u00e9 Luis Molins, entonces archivero municipal e Ignacio J. Urricelqui, actual director del Museo del Carlismo de Estella y ambos profesores de la C\u00e1tedra de Patrimonio y Arte Navarro (Universidad de Navarra).<\/p>\n<p>Bajo el t\u00edtulo \u2018Artistas en homenaje a Sarasate, \u00e1lbum de Roma 1882\u2019 el libro se enmarcaba dentro de los actos de conmemoraci\u00f3n del cent\u00e9simo aniversario de la muerte del compositor y violinista, hijo predilecto de Pamplona. La introducci\u00f3n del trabajo destaca que el llamado \u2018Viol\u00edn de Europa\u2019 fue una de las figuras m\u00e1s relevantes del momento y que mantuvo trato cercano y continuado con los artistas del \u00faltimo cuarto del siglo XIX y los primeros a\u00f1os del siglo XX, coleccionado una importante cantidad de pinturas y esculturas.<br \/>\n<script async src=\"\/\/pagead2.googlesyndication.com\/pagead\/js\/adsbygoogle.js\"><\/script><br \/>\n<!-- Noticias La Guia de Pamplona --><br \/>\n<ins class=\"adsbygoogle\"\nstyle=\"display:block\"\ndata-ad-client=\"ca-pub-6943679897239327\"\ndata-ad-slot=\"7048180777\"\ndata-ad-format=\"auto\"><\/ins><br \/>\n<script>\n(adsbygoogle = window.adsbygoogle || []).push({});\n<\/script><\/p>\n<p>Al morir en Biarritz (Francia), el 20 de septiembre de 1908, el compositor por legado testamentario en favor del Ayuntamiento de Pamplona hizo a la ciudad que le vi\u00f3 nacer poseedora de su fondo documental de partituras, biblioteca personal, instrumentos, regalos recibidos de diferentes dignatarios y cortes europeas, obras de arte, mobiliario, enseres personales etc. Entre los objetos legados se encuentra el \u00e1lbum \u201cA Sarasate: Sus compatriotas, 1882\u201d, que ahora se cede de forma temporal.<\/p>\n","protected":false},"excerpt":{"rendered":"<p>Recoge creaciones que le dedicaron reconocidos artistas, entre ellas dos dibujos del pintor Pradilla, protagonista de la muestra madrile\u00f1a<\/p>\n","protected":false},"author":1,"featured_media":42158,"comment_status":"open","ping_status":"closed","sticky":false,"template":"","format":"standard","meta":{"footnotes":""},"categories":[2],"tags":[],"class_list":["post-42157","post","type-post","status-publish","format-standard","has-post-thumbnail","hentry","category-ayuntamiento-pamplona"],"yoast_head":"<!-- This site is optimized with the Yoast SEO plugin v27.3 - https:\/\/yoast.com\/product\/yoast-seo-wordpress\/ -->\n<title>El Archivo Municipal de Pamplona cede temporalmente para una exposici\u00f3n al Museo de Historia de Madrid el \u00e1lbum \u201cA Sarasate: Sus compatriotas, 1882\u201d<\/title>\n<meta name=\"description\" content=\"Recoge creaciones que le dedicaron reconocidos artistas, entre ellas dos dibujos del pintor Pradilla, protagonista de la muestra madrile\u00f1a\" \/>\n<meta name=\"robots\" content=\"index, follow, max-snippet:-1, max-image-preview:large, max-video-preview:-1\" \/>\n<link rel=\"canonical\" href=\"https:\/\/www.laguiadepamplona.com\/actualidad\/el-archivo-municipal-de-pamplona-cede-temporalmente-para-una-exposicion-al-museo-de-historia-de-madrid-el-album-a-sarasate-sus-compatriotas-1882\/\" \/>\n<meta property=\"og:locale\" content=\"es_ES\" \/>\n<meta property=\"og:type\" content=\"article\" \/>\n<meta property=\"og:title\" content=\"El Archivo Municipal de Pamplona cede temporalmente para una exposici\u00f3n al Museo de Historia de Madrid el \u00e1lbum \u201cA Sarasate: Sus compatriotas, 1882\u201d\" \/>\n<meta property=\"og:description\" content=\"Recoge creaciones que le dedicaron reconocidos artistas, entre ellas dos dibujos del pintor Pradilla, protagonista de la muestra madrile\u00f1a\" \/>\n<meta property=\"og:url\" content=\"https:\/\/www.laguiadepamplona.com\/actualidad\/el-archivo-municipal-de-pamplona-cede-temporalmente-para-una-exposicion-al-museo-de-historia-de-madrid-el-album-a-sarasate-sus-compatriotas-1882\/\" \/>\n<meta property=\"og:site_name\" content=\"La Gu\u00eda de Pamplona\" \/>\n<meta property=\"article:publisher\" content=\"https:\/\/www.facebook.com\/laguiadepamplonacom-133175176762273\/?ref=hl\" \/>\n<meta property=\"article:published_time\" content=\"2022-11-10T12:39:13+00:00\" \/>\n<meta property=\"article:modified_time\" content=\"2023-04-11T09:47:36+00:00\" \/>\n<meta property=\"og:image\" content=\"https:\/\/www.laguiadepamplona.com\/actualidad\/wp-content\/uploads\/2022\/11\/expo-sarasate-madrid.webp\" \/>\n\t<meta property=\"og:image:width\" content=\"1102\" \/>\n\t<meta property=\"og:image:height\" content=\"782\" \/>\n\t<meta property=\"og:image:type\" content=\"image\/webp\" \/>\n<meta name=\"author\" content=\"La Gu\u00eda de Pamplona\" \/>\n<meta name=\"twitter:card\" content=\"summary_large_image\" \/>\n<meta name=\"twitter:creator\" content=\"@LaGuiadPamplona\" \/>\n<meta name=\"twitter:site\" content=\"@LaGuiadPamplona\" \/>\n<meta name=\"twitter:label1\" content=\"Escrito por\" \/>\n\t<meta name=\"twitter:data1\" content=\"La Gu\u00eda de Pamplona\" \/>\n\t<meta name=\"twitter:label2\" content=\"Tiempo de lectura\" \/>\n\t<meta name=\"twitter:data2\" content=\"3 minutos\" \/>\n<script type=\"application\/ld+json\" class=\"yoast-schema-graph\">{\"@context\":\"https:\\\/\\\/schema.org\",\"@graph\":[{\"@type\":\"Article\",\"@id\":\"https:\\\/\\\/www.laguiadepamplona.com\\\/actualidad\\\/el-archivo-municipal-de-pamplona-cede-temporalmente-para-una-exposicion-al-museo-de-historia-de-madrid-el-album-a-sarasate-sus-compatriotas-1882\\\/#article\",\"isPartOf\":{\"@id\":\"https:\\\/\\\/www.laguiadepamplona.com\\\/actualidad\\\/el-archivo-municipal-de-pamplona-cede-temporalmente-para-una-exposicion-al-museo-de-historia-de-madrid-el-album-a-sarasate-sus-compatriotas-1882\\\/\"},\"author\":{\"name\":\"La Gu\u00eda de Pamplona\",\"@id\":\"https:\\\/\\\/www.laguiadepamplona.com\\\/actualidad\\\/#\\\/schema\\\/person\\\/efe887376f0213d4657c93adc50b1fdb\"},\"headline\":\"El Archivo Municipal de Pamplona cede temporalmente para una exposici\u00f3n al Museo de Historia de Madrid el \u00e1lbum \u201cA Sarasate: Sus compatriotas, 1882\u201d\",\"datePublished\":\"2022-11-10T12:39:13+00:00\",\"dateModified\":\"2023-04-11T09:47:36+00:00\",\"mainEntityOfPage\":{\"@id\":\"https:\\\/\\\/www.laguiadepamplona.com\\\/actualidad\\\/el-archivo-municipal-de-pamplona-cede-temporalmente-para-una-exposicion-al-museo-de-historia-de-madrid-el-album-a-sarasate-sus-compatriotas-1882\\\/\"},\"wordCount\":714,\"commentCount\":0,\"publisher\":{\"@id\":\"https:\\\/\\\/www.laguiadepamplona.com\\\/actualidad\\\/#organization\"},\"image\":{\"@id\":\"https:\\\/\\\/www.laguiadepamplona.com\\\/actualidad\\\/el-archivo-municipal-de-pamplona-cede-temporalmente-para-una-exposicion-al-museo-de-historia-de-madrid-el-album-a-sarasate-sus-compatriotas-1882\\\/#primaryimage\"},\"thumbnailUrl\":\"https:\\\/\\\/www.laguiadepamplona.com\\\/actualidad\\\/wp-content\\\/uploads\\\/2022\\\/11\\\/expo-sarasate-madrid.webp\",\"articleSection\":[\"Ayto Pamplona\"],\"inLanguage\":\"es\",\"potentialAction\":[{\"@type\":\"CommentAction\",\"name\":\"Comment\",\"target\":[\"https:\\\/\\\/www.laguiadepamplona.com\\\/actualidad\\\/el-archivo-municipal-de-pamplona-cede-temporalmente-para-una-exposicion-al-museo-de-historia-de-madrid-el-album-a-sarasate-sus-compatriotas-1882\\\/#respond\"]}]},{\"@type\":\"WebPage\",\"@id\":\"https:\\\/\\\/www.laguiadepamplona.com\\\/actualidad\\\/el-archivo-municipal-de-pamplona-cede-temporalmente-para-una-exposicion-al-museo-de-historia-de-madrid-el-album-a-sarasate-sus-compatriotas-1882\\\/\",\"url\":\"https:\\\/\\\/www.laguiadepamplona.com\\\/actualidad\\\/el-archivo-municipal-de-pamplona-cede-temporalmente-para-una-exposicion-al-museo-de-historia-de-madrid-el-album-a-sarasate-sus-compatriotas-1882\\\/\",\"name\":\"El Archivo Municipal de Pamplona cede temporalmente para una exposici\u00f3n al Museo de Historia de Madrid el \u00e1lbum \u201cA Sarasate: Sus compatriotas, 1882\u201d\",\"isPartOf\":{\"@id\":\"https:\\\/\\\/www.laguiadepamplona.com\\\/actualidad\\\/#website\"},\"primaryImageOfPage\":{\"@id\":\"https:\\\/\\\/www.laguiadepamplona.com\\\/actualidad\\\/el-archivo-municipal-de-pamplona-cede-temporalmente-para-una-exposicion-al-museo-de-historia-de-madrid-el-album-a-sarasate-sus-compatriotas-1882\\\/#primaryimage\"},\"image\":{\"@id\":\"https:\\\/\\\/www.laguiadepamplona.com\\\/actualidad\\\/el-archivo-municipal-de-pamplona-cede-temporalmente-para-una-exposicion-al-museo-de-historia-de-madrid-el-album-a-sarasate-sus-compatriotas-1882\\\/#primaryimage\"},\"thumbnailUrl\":\"https:\\\/\\\/www.laguiadepamplona.com\\\/actualidad\\\/wp-content\\\/uploads\\\/2022\\\/11\\\/expo-sarasate-madrid.webp\",\"datePublished\":\"2022-11-10T12:39:13+00:00\",\"dateModified\":\"2023-04-11T09:47:36+00:00\",\"description\":\"Recoge creaciones que le dedicaron reconocidos artistas, entre ellas dos dibujos del pintor Pradilla, protagonista de la muestra madrile\u00f1a\",\"breadcrumb\":{\"@id\":\"https:\\\/\\\/www.laguiadepamplona.com\\\/actualidad\\\/el-archivo-municipal-de-pamplona-cede-temporalmente-para-una-exposicion-al-museo-de-historia-de-madrid-el-album-a-sarasate-sus-compatriotas-1882\\\/#breadcrumb\"},\"inLanguage\":\"es\",\"potentialAction\":[{\"@type\":\"ReadAction\",\"target\":[\"https:\\\/\\\/www.laguiadepamplona.com\\\/actualidad\\\/el-archivo-municipal-de-pamplona-cede-temporalmente-para-una-exposicion-al-museo-de-historia-de-madrid-el-album-a-sarasate-sus-compatriotas-1882\\\/\"]}]},{\"@type\":\"ImageObject\",\"inLanguage\":\"es\",\"@id\":\"https:\\\/\\\/www.laguiadepamplona.com\\\/actualidad\\\/el-archivo-municipal-de-pamplona-cede-temporalmente-para-una-exposicion-al-museo-de-historia-de-madrid-el-album-a-sarasate-sus-compatriotas-1882\\\/#primaryimage\",\"url\":\"https:\\\/\\\/www.laguiadepamplona.com\\\/actualidad\\\/wp-content\\\/uploads\\\/2022\\\/11\\\/expo-sarasate-madrid.webp\",\"contentUrl\":\"https:\\\/\\\/www.laguiadepamplona.com\\\/actualidad\\\/wp-content\\\/uploads\\\/2022\\\/11\\\/expo-sarasate-madrid.webp\",\"width\":1102,\"height\":782},{\"@type\":\"BreadcrumbList\",\"@id\":\"https:\\\/\\\/www.laguiadepamplona.com\\\/actualidad\\\/el-archivo-municipal-de-pamplona-cede-temporalmente-para-una-exposicion-al-museo-de-historia-de-madrid-el-album-a-sarasate-sus-compatriotas-1882\\\/#breadcrumb\",\"itemListElement\":[{\"@type\":\"ListItem\",\"position\":1,\"name\":\"Portada\",\"item\":\"https:\\\/\\\/www.laguiadepamplona.com\\\/actualidad\\\/\"},{\"@type\":\"ListItem\",\"position\":2,\"name\":\"El Archivo Municipal de Pamplona cede temporalmente para una exposici\u00f3n al Museo de Historia de Madrid el \u00e1lbum \u201cA Sarasate: Sus compatriotas, 1882\u201d\"}]},{\"@type\":\"WebSite\",\"@id\":\"https:\\\/\\\/www.laguiadepamplona.com\\\/actualidad\\\/#website\",\"url\":\"https:\\\/\\\/www.laguiadepamplona.com\\\/actualidad\\\/\",\"name\":\"La gu\u00eda de Pamplona\",\"description\":\"Noticias de Pamplona\",\"publisher\":{\"@id\":\"https:\\\/\\\/www.laguiadepamplona.com\\\/actualidad\\\/#organization\"},\"potentialAction\":[{\"@type\":\"SearchAction\",\"target\":{\"@type\":\"EntryPoint\",\"urlTemplate\":\"https:\\\/\\\/www.laguiadepamplona.com\\\/actualidad\\\/?s={search_term_string}\"},\"query-input\":{\"@type\":\"PropertyValueSpecification\",\"valueRequired\":true,\"valueName\":\"search_term_string\"}}],\"inLanguage\":\"es\"},{\"@type\":\"Organization\",\"@id\":\"https:\\\/\\\/www.laguiadepamplona.com\\\/actualidad\\\/#organization\",\"name\":\"La Gu\u00eda de Pamplona \\\/ Noticias\",\"url\":\"https:\\\/\\\/www.laguiadepamplona.com\\\/actualidad\\\/\",\"logo\":{\"@type\":\"ImageObject\",\"inLanguage\":\"es\",\"@id\":\"https:\\\/\\\/www.laguiadepamplona.com\\\/actualidad\\\/#\\\/schema\\\/logo\\\/image\\\/\",\"url\":\"https:\\\/\\\/www.laguiadepamplona.com\\\/actualidad\\\/wp-content\\\/uploads\\\/2018\\\/11\\\/logo-laguiadepamplona18-web1.png\",\"contentUrl\":\"https:\\\/\\\/www.laguiadepamplona.com\\\/actualidad\\\/wp-content\\\/uploads\\\/2018\\\/11\\\/logo-laguiadepamplona18-web1.png\",\"width\":600,\"height\":196,\"caption\":\"La Gu\u00eda de Pamplona \\\/ Noticias\"},\"image\":{\"@id\":\"https:\\\/\\\/www.laguiadepamplona.com\\\/actualidad\\\/#\\\/schema\\\/logo\\\/image\\\/\"},\"sameAs\":[\"https:\\\/\\\/www.facebook.com\\\/laguiadepamplonacom-133175176762273\\\/?ref=hl\",\"https:\\\/\\\/x.com\\\/LaGuiadPamplona\",\"https:\\\/\\\/www.instagram.com\\\/la_guia_de_pamplona\\\/\",\"https:\\\/\\\/www.youtube.com\\\/user\\\/laguiadepamplona\"]},{\"@type\":\"Person\",\"@id\":\"https:\\\/\\\/www.laguiadepamplona.com\\\/actualidad\\\/#\\\/schema\\\/person\\\/efe887376f0213d4657c93adc50b1fdb\",\"name\":\"La Gu\u00eda de Pamplona\",\"image\":{\"@type\":\"ImageObject\",\"inLanguage\":\"es\",\"@id\":\"https:\\\/\\\/secure.gravatar.com\\\/avatar\\\/b6992f131dc8d30ab0dff15446e9d346d9dbd95992de0fef795073f5ea83a81c?s=96&d=mm&r=g\",\"url\":\"https:\\\/\\\/secure.gravatar.com\\\/avatar\\\/b6992f131dc8d30ab0dff15446e9d346d9dbd95992de0fef795073f5ea83a81c?s=96&d=mm&r=g\",\"contentUrl\":\"https:\\\/\\\/secure.gravatar.com\\\/avatar\\\/b6992f131dc8d30ab0dff15446e9d346d9dbd95992de0fef795073f5ea83a81c?s=96&d=mm&r=g\",\"caption\":\"La Gu\u00eda de Pamplona\"}}]}<\/script>\n<!-- \/ Yoast SEO plugin. -->","yoast_head_json":{"title":"El Archivo Municipal de Pamplona cede temporalmente para una exposici\u00f3n al Museo de Historia de Madrid el \u00e1lbum \u201cA Sarasate: Sus compatriotas, 1882\u201d","description":"Recoge creaciones que le dedicaron reconocidos artistas, entre ellas dos dibujos del pintor Pradilla, protagonista de la muestra madrile\u00f1a","robots":{"index":"index","follow":"follow","max-snippet":"max-snippet:-1","max-image-preview":"max-image-preview:large","max-video-preview":"max-video-preview:-1"},"canonical":"https:\/\/www.laguiadepamplona.com\/actualidad\/el-archivo-municipal-de-pamplona-cede-temporalmente-para-una-exposicion-al-museo-de-historia-de-madrid-el-album-a-sarasate-sus-compatriotas-1882\/","og_locale":"es_ES","og_type":"article","og_title":"El Archivo Municipal de Pamplona cede temporalmente para una exposici\u00f3n al Museo de Historia de Madrid el \u00e1lbum \u201cA Sarasate: Sus compatriotas, 1882\u201d","og_description":"Recoge creaciones que le dedicaron reconocidos artistas, entre ellas dos dibujos del pintor Pradilla, protagonista de la muestra madrile\u00f1a","og_url":"https:\/\/www.laguiadepamplona.com\/actualidad\/el-archivo-municipal-de-pamplona-cede-temporalmente-para-una-exposicion-al-museo-de-historia-de-madrid-el-album-a-sarasate-sus-compatriotas-1882\/","og_site_name":"La Gu\u00eda de Pamplona","article_publisher":"https:\/\/www.facebook.com\/laguiadepamplonacom-133175176762273\/?ref=hl","article_published_time":"2022-11-10T12:39:13+00:00","article_modified_time":"2023-04-11T09:47:36+00:00","og_image":[{"width":1102,"height":782,"url":"https:\/\/www.laguiadepamplona.com\/actualidad\/wp-content\/uploads\/2022\/11\/expo-sarasate-madrid.webp","type":"image\/webp"}],"author":"La Gu\u00eda de Pamplona","twitter_card":"summary_large_image","twitter_creator":"@LaGuiadPamplona","twitter_site":"@LaGuiadPamplona","twitter_misc":{"Escrito por":"La Gu\u00eda de Pamplona","Tiempo de lectura":"3 minutos"},"schema":{"@context":"https:\/\/schema.org","@graph":[{"@type":"Article","@id":"https:\/\/www.laguiadepamplona.com\/actualidad\/el-archivo-municipal-de-pamplona-cede-temporalmente-para-una-exposicion-al-museo-de-historia-de-madrid-el-album-a-sarasate-sus-compatriotas-1882\/#article","isPartOf":{"@id":"https:\/\/www.laguiadepamplona.com\/actualidad\/el-archivo-municipal-de-pamplona-cede-temporalmente-para-una-exposicion-al-museo-de-historia-de-madrid-el-album-a-sarasate-sus-compatriotas-1882\/"},"author":{"name":"La Gu\u00eda de Pamplona","@id":"https:\/\/www.laguiadepamplona.com\/actualidad\/#\/schema\/person\/efe887376f0213d4657c93adc50b1fdb"},"headline":"El Archivo Municipal de Pamplona cede temporalmente para una exposici\u00f3n al Museo de Historia de Madrid el \u00e1lbum \u201cA Sarasate: Sus compatriotas, 1882\u201d","datePublished":"2022-11-10T12:39:13+00:00","dateModified":"2023-04-11T09:47:36+00:00","mainEntityOfPage":{"@id":"https:\/\/www.laguiadepamplona.com\/actualidad\/el-archivo-municipal-de-pamplona-cede-temporalmente-para-una-exposicion-al-museo-de-historia-de-madrid-el-album-a-sarasate-sus-compatriotas-1882\/"},"wordCount":714,"commentCount":0,"publisher":{"@id":"https:\/\/www.laguiadepamplona.com\/actualidad\/#organization"},"image":{"@id":"https:\/\/www.laguiadepamplona.com\/actualidad\/el-archivo-municipal-de-pamplona-cede-temporalmente-para-una-exposicion-al-museo-de-historia-de-madrid-el-album-a-sarasate-sus-compatriotas-1882\/#primaryimage"},"thumbnailUrl":"https:\/\/www.laguiadepamplona.com\/actualidad\/wp-content\/uploads\/2022\/11\/expo-sarasate-madrid.webp","articleSection":["Ayto Pamplona"],"inLanguage":"es","potentialAction":[{"@type":"CommentAction","name":"Comment","target":["https:\/\/www.laguiadepamplona.com\/actualidad\/el-archivo-municipal-de-pamplona-cede-temporalmente-para-una-exposicion-al-museo-de-historia-de-madrid-el-album-a-sarasate-sus-compatriotas-1882\/#respond"]}]},{"@type":"WebPage","@id":"https:\/\/www.laguiadepamplona.com\/actualidad\/el-archivo-municipal-de-pamplona-cede-temporalmente-para-una-exposicion-al-museo-de-historia-de-madrid-el-album-a-sarasate-sus-compatriotas-1882\/","url":"https:\/\/www.laguiadepamplona.com\/actualidad\/el-archivo-municipal-de-pamplona-cede-temporalmente-para-una-exposicion-al-museo-de-historia-de-madrid-el-album-a-sarasate-sus-compatriotas-1882\/","name":"El Archivo Municipal de Pamplona cede temporalmente para una exposici\u00f3n al Museo de Historia de Madrid el \u00e1lbum \u201cA Sarasate: Sus compatriotas, 1882\u201d","isPartOf":{"@id":"https:\/\/www.laguiadepamplona.com\/actualidad\/#website"},"primaryImageOfPage":{"@id":"https:\/\/www.laguiadepamplona.com\/actualidad\/el-archivo-municipal-de-pamplona-cede-temporalmente-para-una-exposicion-al-museo-de-historia-de-madrid-el-album-a-sarasate-sus-compatriotas-1882\/#primaryimage"},"image":{"@id":"https:\/\/www.laguiadepamplona.com\/actualidad\/el-archivo-municipal-de-pamplona-cede-temporalmente-para-una-exposicion-al-museo-de-historia-de-madrid-el-album-a-sarasate-sus-compatriotas-1882\/#primaryimage"},"thumbnailUrl":"https:\/\/www.laguiadepamplona.com\/actualidad\/wp-content\/uploads\/2022\/11\/expo-sarasate-madrid.webp","datePublished":"2022-11-10T12:39:13+00:00","dateModified":"2023-04-11T09:47:36+00:00","description":"Recoge creaciones que le dedicaron reconocidos artistas, entre ellas dos dibujos del pintor Pradilla, protagonista de la muestra madrile\u00f1a","breadcrumb":{"@id":"https:\/\/www.laguiadepamplona.com\/actualidad\/el-archivo-municipal-de-pamplona-cede-temporalmente-para-una-exposicion-al-museo-de-historia-de-madrid-el-album-a-sarasate-sus-compatriotas-1882\/#breadcrumb"},"inLanguage":"es","potentialAction":[{"@type":"ReadAction","target":["https:\/\/www.laguiadepamplona.com\/actualidad\/el-archivo-municipal-de-pamplona-cede-temporalmente-para-una-exposicion-al-museo-de-historia-de-madrid-el-album-a-sarasate-sus-compatriotas-1882\/"]}]},{"@type":"ImageObject","inLanguage":"es","@id":"https:\/\/www.laguiadepamplona.com\/actualidad\/el-archivo-municipal-de-pamplona-cede-temporalmente-para-una-exposicion-al-museo-de-historia-de-madrid-el-album-a-sarasate-sus-compatriotas-1882\/#primaryimage","url":"https:\/\/www.laguiadepamplona.com\/actualidad\/wp-content\/uploads\/2022\/11\/expo-sarasate-madrid.webp","contentUrl":"https:\/\/www.laguiadepamplona.com\/actualidad\/wp-content\/uploads\/2022\/11\/expo-sarasate-madrid.webp","width":1102,"height":782},{"@type":"BreadcrumbList","@id":"https:\/\/www.laguiadepamplona.com\/actualidad\/el-archivo-municipal-de-pamplona-cede-temporalmente-para-una-exposicion-al-museo-de-historia-de-madrid-el-album-a-sarasate-sus-compatriotas-1882\/#breadcrumb","itemListElement":[{"@type":"ListItem","position":1,"name":"Portada","item":"https:\/\/www.laguiadepamplona.com\/actualidad\/"},{"@type":"ListItem","position":2,"name":"El Archivo Municipal de Pamplona cede temporalmente para una exposici\u00f3n al Museo de Historia de Madrid el \u00e1lbum \u201cA Sarasate: Sus compatriotas, 1882\u201d"}]},{"@type":"WebSite","@id":"https:\/\/www.laguiadepamplona.com\/actualidad\/#website","url":"https:\/\/www.laguiadepamplona.com\/actualidad\/","name":"La gu\u00eda de Pamplona","description":"Noticias de Pamplona","publisher":{"@id":"https:\/\/www.laguiadepamplona.com\/actualidad\/#organization"},"potentialAction":[{"@type":"SearchAction","target":{"@type":"EntryPoint","urlTemplate":"https:\/\/www.laguiadepamplona.com\/actualidad\/?s={search_term_string}"},"query-input":{"@type":"PropertyValueSpecification","valueRequired":true,"valueName":"search_term_string"}}],"inLanguage":"es"},{"@type":"Organization","@id":"https:\/\/www.laguiadepamplona.com\/actualidad\/#organization","name":"La Gu\u00eda de Pamplona \/ Noticias","url":"https:\/\/www.laguiadepamplona.com\/actualidad\/","logo":{"@type":"ImageObject","inLanguage":"es","@id":"https:\/\/www.laguiadepamplona.com\/actualidad\/#\/schema\/logo\/image\/","url":"https:\/\/www.laguiadepamplona.com\/actualidad\/wp-content\/uploads\/2018\/11\/logo-laguiadepamplona18-web1.png","contentUrl":"https:\/\/www.laguiadepamplona.com\/actualidad\/wp-content\/uploads\/2018\/11\/logo-laguiadepamplona18-web1.png","width":600,"height":196,"caption":"La Gu\u00eda de Pamplona \/ Noticias"},"image":{"@id":"https:\/\/www.laguiadepamplona.com\/actualidad\/#\/schema\/logo\/image\/"},"sameAs":["https:\/\/www.facebook.com\/laguiadepamplonacom-133175176762273\/?ref=hl","https:\/\/x.com\/LaGuiadPamplona","https:\/\/www.instagram.com\/la_guia_de_pamplona\/","https:\/\/www.youtube.com\/user\/laguiadepamplona"]},{"@type":"Person","@id":"https:\/\/www.laguiadepamplona.com\/actualidad\/#\/schema\/person\/efe887376f0213d4657c93adc50b1fdb","name":"La Gu\u00eda de Pamplona","image":{"@type":"ImageObject","inLanguage":"es","@id":"https:\/\/secure.gravatar.com\/avatar\/b6992f131dc8d30ab0dff15446e9d346d9dbd95992de0fef795073f5ea83a81c?s=96&d=mm&r=g","url":"https:\/\/secure.gravatar.com\/avatar\/b6992f131dc8d30ab0dff15446e9d346d9dbd95992de0fef795073f5ea83a81c?s=96&d=mm&r=g","contentUrl":"https:\/\/secure.gravatar.com\/avatar\/b6992f131dc8d30ab0dff15446e9d346d9dbd95992de0fef795073f5ea83a81c?s=96&d=mm&r=g","caption":"La Gu\u00eda de Pamplona"}}]}},"post_mailing_queue_ids":[],"_links":{"self":[{"href":"https:\/\/www.laguiadepamplona.com\/actualidad\/wp-json\/wp\/v2\/posts\/42157","targetHints":{"allow":["GET"]}}],"collection":[{"href":"https:\/\/www.laguiadepamplona.com\/actualidad\/wp-json\/wp\/v2\/posts"}],"about":[{"href":"https:\/\/www.laguiadepamplona.com\/actualidad\/wp-json\/wp\/v2\/types\/post"}],"author":[{"embeddable":true,"href":"https:\/\/www.laguiadepamplona.com\/actualidad\/wp-json\/wp\/v2\/users\/1"}],"replies":[{"embeddable":true,"href":"https:\/\/www.laguiadepamplona.com\/actualidad\/wp-json\/wp\/v2\/comments?post=42157"}],"version-history":[{"count":0,"href":"https:\/\/www.laguiadepamplona.com\/actualidad\/wp-json\/wp\/v2\/posts\/42157\/revisions"}],"wp:featuredmedia":[{"embeddable":true,"href":"https:\/\/www.laguiadepamplona.com\/actualidad\/wp-json\/wp\/v2\/media\/42158"}],"wp:attachment":[{"href":"https:\/\/www.laguiadepamplona.com\/actualidad\/wp-json\/wp\/v2\/media?parent=42157"}],"wp:term":[{"taxonomy":"category","embeddable":true,"href":"https:\/\/www.laguiadepamplona.com\/actualidad\/wp-json\/wp\/v2\/categories?post=42157"},{"taxonomy":"post_tag","embeddable":true,"href":"https:\/\/www.laguiadepamplona.com\/actualidad\/wp-json\/wp\/v2\/tags?post=42157"}],"curies":[{"name":"wp","href":"https:\/\/api.w.org\/{rel}","templated":true}]}}