{"id":42154,"date":"2022-11-09T19:05:49","date_gmt":"2022-11-09T17:05:49","guid":{"rendered":"https:\/\/www.laguiadepamplona.com\/actualidad\/?p=42154"},"modified":"2023-04-11T11:47:36","modified_gmt":"2023-04-11T09:47:36","slug":"el-ayuntamiento-de-pamplona-participa-por-primera-vez-en-el-encuentro-estatal-de-consejos-locales-de-participacion-infantil-y-adolescente","status":"publish","type":"post","link":"https:\/\/www.laguiadepamplona.com\/actualidad\/el-ayuntamiento-de-pamplona-participa-por-primera-vez-en-el-encuentro-estatal-de-consejos-locales-de-participacion-infantil-y-adolescente\/","title":{"rendered":"El Ayuntamiento de Pamplona participa por primera vez en el Encuentro Estatal de Consejos Locales de Participaci\u00f3n Infantil y Adolescente"},"content":{"rendered":"<h5>Tres j\u00f3venes del \u00f3rgano de participaci\u00f3n impulsado por COworkids, junto a la coordinadora Celia Pinedo, acudieron el pasado fin de semana a C\u00e1ceres<\/h5>\n<p><!--more--><\/p>\n<p>El pasado fin de semana, los d\u00edas 4, 5 y 6 de noviembre, se celebr\u00f3 en C\u00e1ceres el VII Encuentro Estatal de Consejos Locales de Participaci\u00f3n Infantil y Adolescente. Por primera vez, el Ayuntamiento de Pamplona particip\u00f3 en un encuentro que reuni\u00f3 a 177 ni\u00f1os, ni\u00f1as y adolescentes de 60 municipios espa\u00f1oles. Tres adolescentes, Dar\u00edo, Santiago y Oihane, implicados en el \u00d3rgano de Participaci\u00f3n Adolescente y seleccionados en el marco del programa Erasmus+ de COworkids, junto a la coordinadora de este programa municipal, Celia Pinedo, representaron a Pamplona.<br \/>\n<script async src=\"\/\/pagead2.googlesyndication.com\/pagead\/js\/adsbygoogle.js\"><\/script><br \/>\n<!-- Noticias La Guia de Pamplona --><br \/>\n<ins class=\"adsbygoogle\"\nstyle=\"display:block\"\ndata-ad-client=\"ca-pub-6943679897239327\"\ndata-ad-slot=\"7048180777\"\ndata-ad-format=\"auto\"><\/ins><br \/>\n<script>\n(adsbygoogle = window.adsbygoogle || []).push({});\n<\/script><\/p>\n<p>Los tres adolescentes representantes de la infancia y adolescencia de la ciudad tuvieron la oportunidad de reunirse y debatir cuestiones vinculadas con sus derechos. Cada uno de ellos fue asignado a un grupo de trabajo tem\u00e1ticos sobre medio ambiente, despoblaci\u00f3n de \u00e1reas rurales e injusticias y derechos humanos. Tras elaborar diversas propuestas, el \u00faltimo d\u00eda del encuentro presentaron un manifiesto ante el director ejecutivo de UNICEF Espa\u00f1a y el presidente de UNICEF Extremadura. Entre otros aspectos, pidieron recursos para una educaci\u00f3n inclusiva real, m\u00e1s inversi\u00f3n en salud mental, m\u00e1s ayudas a las familias que lo necesitan y mayor facilidad para acceder a ellas o sugirieron establecer l\u00edmites al consumo de agua, aumentar las reservas y reducir la producci\u00f3n de residuos. Santiago fue, adem\u00e1s, el encargado de leer el manifiesto relativo a medio ambiente.<\/p>\n<p>De manera paralela, se desarroll\u00f3 un trabajo entre las personas adultas responsables de los menores que acudieron al encuentro. La coordinadora de COworkids, Celia Pinedo, present\u00f3 en un espacio sobre experiencias innovadoras precisamente ese programa municipal COworkids. Desde que en mayo de 2021 se convocara la I Mesa de la Infancia y Adolescencia de Pamplona ya se han celebrado cuatro reuniones de este \u00f3rgano de participaci\u00f3n municipal, dinamizado desde el programa Coworkids, que adem\u00e1s organiza sesiones formativas sobre participaci\u00f3n con proyectos como Erasmus+ o implementa proyectos dise\u00f1ador por y para ni\u00f1os, ni\u00f1as y adolescentes de la ciudad como los minicontenedores de reciclaje en el Centro Comunitario Carbonilla de Rochapea.<br \/>\n<script async src=\"\/\/pagead2.googlesyndication.com\/pagead\/js\/adsbygoogle.js\"><\/script><br \/>\n<!-- Noticias La Guia de Pamplona --><br \/>\n<ins class=\"adsbygoogle\"\nstyle=\"display:block\"\ndata-ad-client=\"ca-pub-6943679897239327\"\ndata-ad-slot=\"7048180777\"\ndata-ad-format=\"auto\"><\/ins><br \/>\n<script>\n(adsbygoogle = window.adsbygoogle || []).push({});\n<\/script><\/p>\n<p>El VII Encuentro Estatal de Consejos Locales de Participaci\u00f3n Infantil y Adolescente estaba organizado por UNICEF, con la colaboraci\u00f3n del Gobierno de Espa\u00f1a y la Junta de Extremadura, en el marco del programa Ciudades Amigas de la Infancia. Esta iniciativa tiene como objetivo promover, junto a las entidades locales, que el bienestar de la infancia y la participaci\u00f3n infantil y adolescente est\u00e9n en el coraz\u00f3n de las pol\u00edticas locales para que ni\u00f1os, ni\u00f1as y adolescentes puedan ejercer sus derechos y alcanzar su pleno desarrollo.<\/p>\n","protected":false},"excerpt":{"rendered":"<p>Tres j\u00f3venes del \u00f3rgano de participaci\u00f3n impulsado por COworkids, junto a la coordinadora Celia Pinedo, acudieron el pasado fin de semana a C\u00e1ceres<\/p>\n","protected":false},"author":1,"featured_media":42155,"comment_status":"open","ping_status":"closed","sticky":false,"template":"","format":"standard","meta":{"footnotes":""},"categories":[2],"tags":[],"class_list":["post-42154","post","type-post","status-publish","format-standard","has-post-thumbnail","hentry","category-ayuntamiento-pamplona"],"yoast_head":"<!-- This site is optimized with the Yoast SEO plugin v27.3 - https:\/\/yoast.com\/product\/yoast-seo-wordpress\/ -->\n<title>El Ayuntamiento de Pamplona participa por primera vez en el Encuentro Estatal de Consejos Locales de Participaci\u00f3n Infantil y Adolescente<\/title>\n<meta name=\"description\" content=\"Tres j\u00f3venes del \u00f3rgano de participaci\u00f3n impulsado por COworkids, junto a la coordinadora Celia Pinedo, acudieron el pasado fin de semana a C\u00e1ceres\" \/>\n<meta name=\"robots\" content=\"index, follow, max-snippet:-1, max-image-preview:large, max-video-preview:-1\" \/>\n<link rel=\"canonical\" href=\"https:\/\/www.laguiadepamplona.com\/actualidad\/el-ayuntamiento-de-pamplona-participa-por-primera-vez-en-el-encuentro-estatal-de-consejos-locales-de-participacion-infantil-y-adolescente\/\" \/>\n<meta property=\"og:locale\" content=\"es_ES\" \/>\n<meta property=\"og:type\" content=\"article\" \/>\n<meta property=\"og:title\" content=\"El Ayuntamiento de Pamplona participa por primera vez en el Encuentro Estatal de Consejos Locales de Participaci\u00f3n Infantil y Adolescente\" \/>\n<meta property=\"og:description\" content=\"Tres j\u00f3venes del \u00f3rgano de participaci\u00f3n impulsado por COworkids, junto a la coordinadora Celia Pinedo, acudieron el pasado fin de semana a C\u00e1ceres\" \/>\n<meta property=\"og:url\" content=\"https:\/\/www.laguiadepamplona.com\/actualidad\/el-ayuntamiento-de-pamplona-participa-por-primera-vez-en-el-encuentro-estatal-de-consejos-locales-de-participacion-infantil-y-adolescente\/\" \/>\n<meta property=\"og:site_name\" content=\"La Gu\u00eda de Pamplona\" \/>\n<meta property=\"article:publisher\" content=\"https:\/\/www.facebook.com\/laguiadepamplonacom-133175176762273\/?ref=hl\" \/>\n<meta property=\"article:published_time\" content=\"2022-11-09T17:05:49+00:00\" \/>\n<meta property=\"article:modified_time\" content=\"2023-04-11T09:47:36+00:00\" \/>\n<meta property=\"og:image\" content=\"https:\/\/www.laguiadepamplona.com\/actualidad\/wp-content\/uploads\/2022\/11\/Foto-encuentro.webp\" \/>\n\t<meta property=\"og:image:width\" content=\"1920\" \/>\n\t<meta property=\"og:image:height\" content=\"1236\" \/>\n\t<meta property=\"og:image:type\" content=\"image\/webp\" \/>\n<meta name=\"author\" content=\"La Gu\u00eda de Pamplona\" \/>\n<meta name=\"twitter:card\" content=\"summary_large_image\" \/>\n<meta name=\"twitter:creator\" content=\"@LaGuiadPamplona\" \/>\n<meta name=\"twitter:site\" content=\"@LaGuiadPamplona\" \/>\n<meta name=\"twitter:label1\" content=\"Escrito por\" \/>\n\t<meta name=\"twitter:data1\" content=\"La Gu\u00eda de Pamplona\" \/>\n\t<meta name=\"twitter:label2\" content=\"Tiempo de lectura\" \/>\n\t<meta name=\"twitter:data2\" content=\"3 minutos\" \/>\n<script type=\"application\/ld+json\" class=\"yoast-schema-graph\">{\"@context\":\"https:\\\/\\\/schema.org\",\"@graph\":[{\"@type\":\"Article\",\"@id\":\"https:\\\/\\\/www.laguiadepamplona.com\\\/actualidad\\\/el-ayuntamiento-de-pamplona-participa-por-primera-vez-en-el-encuentro-estatal-de-consejos-locales-de-participacion-infantil-y-adolescente\\\/#article\",\"isPartOf\":{\"@id\":\"https:\\\/\\\/www.laguiadepamplona.com\\\/actualidad\\\/el-ayuntamiento-de-pamplona-participa-por-primera-vez-en-el-encuentro-estatal-de-consejos-locales-de-participacion-infantil-y-adolescente\\\/\"},\"author\":{\"name\":\"La Gu\u00eda de Pamplona\",\"@id\":\"https:\\\/\\\/www.laguiadepamplona.com\\\/actualidad\\\/#\\\/schema\\\/person\\\/efe887376f0213d4657c93adc50b1fdb\"},\"headline\":\"El Ayuntamiento de Pamplona participa por primera vez en el Encuentro Estatal de Consejos Locales de Participaci\u00f3n Infantil y Adolescente\",\"datePublished\":\"2022-11-09T17:05:49+00:00\",\"dateModified\":\"2023-04-11T09:47:36+00:00\",\"mainEntityOfPage\":{\"@id\":\"https:\\\/\\\/www.laguiadepamplona.com\\\/actualidad\\\/el-ayuntamiento-de-pamplona-participa-por-primera-vez-en-el-encuentro-estatal-de-consejos-locales-de-participacion-infantil-y-adolescente\\\/\"},\"wordCount\":489,\"commentCount\":0,\"publisher\":{\"@id\":\"https:\\\/\\\/www.laguiadepamplona.com\\\/actualidad\\\/#organization\"},\"image\":{\"@id\":\"https:\\\/\\\/www.laguiadepamplona.com\\\/actualidad\\\/el-ayuntamiento-de-pamplona-participa-por-primera-vez-en-el-encuentro-estatal-de-consejos-locales-de-participacion-infantil-y-adolescente\\\/#primaryimage\"},\"thumbnailUrl\":\"https:\\\/\\\/www.laguiadepamplona.com\\\/actualidad\\\/wp-content\\\/uploads\\\/2022\\\/11\\\/Foto-encuentro.webp\",\"articleSection\":[\"Ayto Pamplona\"],\"inLanguage\":\"es\",\"potentialAction\":[{\"@type\":\"CommentAction\",\"name\":\"Comment\",\"target\":[\"https:\\\/\\\/www.laguiadepamplona.com\\\/actualidad\\\/el-ayuntamiento-de-pamplona-participa-por-primera-vez-en-el-encuentro-estatal-de-consejos-locales-de-participacion-infantil-y-adolescente\\\/#respond\"]}]},{\"@type\":\"WebPage\",\"@id\":\"https:\\\/\\\/www.laguiadepamplona.com\\\/actualidad\\\/el-ayuntamiento-de-pamplona-participa-por-primera-vez-en-el-encuentro-estatal-de-consejos-locales-de-participacion-infantil-y-adolescente\\\/\",\"url\":\"https:\\\/\\\/www.laguiadepamplona.com\\\/actualidad\\\/el-ayuntamiento-de-pamplona-participa-por-primera-vez-en-el-encuentro-estatal-de-consejos-locales-de-participacion-infantil-y-adolescente\\\/\",\"name\":\"El Ayuntamiento de Pamplona participa por primera vez en el Encuentro Estatal de Consejos Locales de Participaci\u00f3n Infantil y Adolescente\",\"isPartOf\":{\"@id\":\"https:\\\/\\\/www.laguiadepamplona.com\\\/actualidad\\\/#website\"},\"primaryImageOfPage\":{\"@id\":\"https:\\\/\\\/www.laguiadepamplona.com\\\/actualidad\\\/el-ayuntamiento-de-pamplona-participa-por-primera-vez-en-el-encuentro-estatal-de-consejos-locales-de-participacion-infantil-y-adolescente\\\/#primaryimage\"},\"image\":{\"@id\":\"https:\\\/\\\/www.laguiadepamplona.com\\\/actualidad\\\/el-ayuntamiento-de-pamplona-participa-por-primera-vez-en-el-encuentro-estatal-de-consejos-locales-de-participacion-infantil-y-adolescente\\\/#primaryimage\"},\"thumbnailUrl\":\"https:\\\/\\\/www.laguiadepamplona.com\\\/actualidad\\\/wp-content\\\/uploads\\\/2022\\\/11\\\/Foto-encuentro.webp\",\"datePublished\":\"2022-11-09T17:05:49+00:00\",\"dateModified\":\"2023-04-11T09:47:36+00:00\",\"description\":\"Tres j\u00f3venes del \u00f3rgano de participaci\u00f3n impulsado por COworkids, junto a la coordinadora Celia Pinedo, acudieron el pasado fin de semana a C\u00e1ceres\",\"breadcrumb\":{\"@id\":\"https:\\\/\\\/www.laguiadepamplona.com\\\/actualidad\\\/el-ayuntamiento-de-pamplona-participa-por-primera-vez-en-el-encuentro-estatal-de-consejos-locales-de-participacion-infantil-y-adolescente\\\/#breadcrumb\"},\"inLanguage\":\"es\",\"potentialAction\":[{\"@type\":\"ReadAction\",\"target\":[\"https:\\\/\\\/www.laguiadepamplona.com\\\/actualidad\\\/el-ayuntamiento-de-pamplona-participa-por-primera-vez-en-el-encuentro-estatal-de-consejos-locales-de-participacion-infantil-y-adolescente\\\/\"]}]},{\"@type\":\"ImageObject\",\"inLanguage\":\"es\",\"@id\":\"https:\\\/\\\/www.laguiadepamplona.com\\\/actualidad\\\/el-ayuntamiento-de-pamplona-participa-por-primera-vez-en-el-encuentro-estatal-de-consejos-locales-de-participacion-infantil-y-adolescente\\\/#primaryimage\",\"url\":\"https:\\\/\\\/www.laguiadepamplona.com\\\/actualidad\\\/wp-content\\\/uploads\\\/2022\\\/11\\\/Foto-encuentro.webp\",\"contentUrl\":\"https:\\\/\\\/www.laguiadepamplona.com\\\/actualidad\\\/wp-content\\\/uploads\\\/2022\\\/11\\\/Foto-encuentro.webp\",\"width\":1920,\"height\":1236},{\"@type\":\"BreadcrumbList\",\"@id\":\"https:\\\/\\\/www.laguiadepamplona.com\\\/actualidad\\\/el-ayuntamiento-de-pamplona-participa-por-primera-vez-en-el-encuentro-estatal-de-consejos-locales-de-participacion-infantil-y-adolescente\\\/#breadcrumb\",\"itemListElement\":[{\"@type\":\"ListItem\",\"position\":1,\"name\":\"Portada\",\"item\":\"https:\\\/\\\/www.laguiadepamplona.com\\\/actualidad\\\/\"},{\"@type\":\"ListItem\",\"position\":2,\"name\":\"El Ayuntamiento de Pamplona participa por primera vez en el Encuentro Estatal de Consejos Locales de Participaci\u00f3n Infantil y Adolescente\"}]},{\"@type\":\"WebSite\",\"@id\":\"https:\\\/\\\/www.laguiadepamplona.com\\\/actualidad\\\/#website\",\"url\":\"https:\\\/\\\/www.laguiadepamplona.com\\\/actualidad\\\/\",\"name\":\"La gu\u00eda de Pamplona\",\"description\":\"Noticias de Pamplona\",\"publisher\":{\"@id\":\"https:\\\/\\\/www.laguiadepamplona.com\\\/actualidad\\\/#organization\"},\"potentialAction\":[{\"@type\":\"SearchAction\",\"target\":{\"@type\":\"EntryPoint\",\"urlTemplate\":\"https:\\\/\\\/www.laguiadepamplona.com\\\/actualidad\\\/?s={search_term_string}\"},\"query-input\":{\"@type\":\"PropertyValueSpecification\",\"valueRequired\":true,\"valueName\":\"search_term_string\"}}],\"inLanguage\":\"es\"},{\"@type\":\"Organization\",\"@id\":\"https:\\\/\\\/www.laguiadepamplona.com\\\/actualidad\\\/#organization\",\"name\":\"La Gu\u00eda de Pamplona \\\/ Noticias\",\"url\":\"https:\\\/\\\/www.laguiadepamplona.com\\\/actualidad\\\/\",\"logo\":{\"@type\":\"ImageObject\",\"inLanguage\":\"es\",\"@id\":\"https:\\\/\\\/www.laguiadepamplona.com\\\/actualidad\\\/#\\\/schema\\\/logo\\\/image\\\/\",\"url\":\"https:\\\/\\\/www.laguiadepamplona.com\\\/actualidad\\\/wp-content\\\/uploads\\\/2018\\\/11\\\/logo-laguiadepamplona18-web1.png\",\"contentUrl\":\"https:\\\/\\\/www.laguiadepamplona.com\\\/actualidad\\\/wp-content\\\/uploads\\\/2018\\\/11\\\/logo-laguiadepamplona18-web1.png\",\"width\":600,\"height\":196,\"caption\":\"La Gu\u00eda de Pamplona \\\/ Noticias\"},\"image\":{\"@id\":\"https:\\\/\\\/www.laguiadepamplona.com\\\/actualidad\\\/#\\\/schema\\\/logo\\\/image\\\/\"},\"sameAs\":[\"https:\\\/\\\/www.facebook.com\\\/laguiadepamplonacom-133175176762273\\\/?ref=hl\",\"https:\\\/\\\/x.com\\\/LaGuiadPamplona\",\"https:\\\/\\\/www.instagram.com\\\/la_guia_de_pamplona\\\/\",\"https:\\\/\\\/www.youtube.com\\\/user\\\/laguiadepamplona\"]},{\"@type\":\"Person\",\"@id\":\"https:\\\/\\\/www.laguiadepamplona.com\\\/actualidad\\\/#\\\/schema\\\/person\\\/efe887376f0213d4657c93adc50b1fdb\",\"name\":\"La Gu\u00eda de Pamplona\",\"image\":{\"@type\":\"ImageObject\",\"inLanguage\":\"es\",\"@id\":\"https:\\\/\\\/secure.gravatar.com\\\/avatar\\\/b6992f131dc8d30ab0dff15446e9d346d9dbd95992de0fef795073f5ea83a81c?s=96&d=mm&r=g\",\"url\":\"https:\\\/\\\/secure.gravatar.com\\\/avatar\\\/b6992f131dc8d30ab0dff15446e9d346d9dbd95992de0fef795073f5ea83a81c?s=96&d=mm&r=g\",\"contentUrl\":\"https:\\\/\\\/secure.gravatar.com\\\/avatar\\\/b6992f131dc8d30ab0dff15446e9d346d9dbd95992de0fef795073f5ea83a81c?s=96&d=mm&r=g\",\"caption\":\"La Gu\u00eda de Pamplona\"}}]}<\/script>\n<!-- \/ Yoast SEO plugin. -->","yoast_head_json":{"title":"El Ayuntamiento de Pamplona participa por primera vez en el Encuentro Estatal de Consejos Locales de Participaci\u00f3n Infantil y Adolescente","description":"Tres j\u00f3venes del \u00f3rgano de participaci\u00f3n impulsado por COworkids, junto a la coordinadora Celia Pinedo, acudieron el pasado fin de semana a C\u00e1ceres","robots":{"index":"index","follow":"follow","max-snippet":"max-snippet:-1","max-image-preview":"max-image-preview:large","max-video-preview":"max-video-preview:-1"},"canonical":"https:\/\/www.laguiadepamplona.com\/actualidad\/el-ayuntamiento-de-pamplona-participa-por-primera-vez-en-el-encuentro-estatal-de-consejos-locales-de-participacion-infantil-y-adolescente\/","og_locale":"es_ES","og_type":"article","og_title":"El Ayuntamiento de Pamplona participa por primera vez en el Encuentro Estatal de Consejos Locales de Participaci\u00f3n Infantil y Adolescente","og_description":"Tres j\u00f3venes del \u00f3rgano de participaci\u00f3n impulsado por COworkids, junto a la coordinadora Celia Pinedo, acudieron el pasado fin de semana a C\u00e1ceres","og_url":"https:\/\/www.laguiadepamplona.com\/actualidad\/el-ayuntamiento-de-pamplona-participa-por-primera-vez-en-el-encuentro-estatal-de-consejos-locales-de-participacion-infantil-y-adolescente\/","og_site_name":"La Gu\u00eda de Pamplona","article_publisher":"https:\/\/www.facebook.com\/laguiadepamplonacom-133175176762273\/?ref=hl","article_published_time":"2022-11-09T17:05:49+00:00","article_modified_time":"2023-04-11T09:47:36+00:00","og_image":[{"width":1920,"height":1236,"url":"https:\/\/www.laguiadepamplona.com\/actualidad\/wp-content\/uploads\/2022\/11\/Foto-encuentro.webp","type":"image\/webp"}],"author":"La Gu\u00eda de Pamplona","twitter_card":"summary_large_image","twitter_creator":"@LaGuiadPamplona","twitter_site":"@LaGuiadPamplona","twitter_misc":{"Escrito por":"La Gu\u00eda de Pamplona","Tiempo de lectura":"3 minutos"},"schema":{"@context":"https:\/\/schema.org","@graph":[{"@type":"Article","@id":"https:\/\/www.laguiadepamplona.com\/actualidad\/el-ayuntamiento-de-pamplona-participa-por-primera-vez-en-el-encuentro-estatal-de-consejos-locales-de-participacion-infantil-y-adolescente\/#article","isPartOf":{"@id":"https:\/\/www.laguiadepamplona.com\/actualidad\/el-ayuntamiento-de-pamplona-participa-por-primera-vez-en-el-encuentro-estatal-de-consejos-locales-de-participacion-infantil-y-adolescente\/"},"author":{"name":"La Gu\u00eda de Pamplona","@id":"https:\/\/www.laguiadepamplona.com\/actualidad\/#\/schema\/person\/efe887376f0213d4657c93adc50b1fdb"},"headline":"El Ayuntamiento de Pamplona participa por primera vez en el Encuentro Estatal de Consejos Locales de Participaci\u00f3n Infantil y Adolescente","datePublished":"2022-11-09T17:05:49+00:00","dateModified":"2023-04-11T09:47:36+00:00","mainEntityOfPage":{"@id":"https:\/\/www.laguiadepamplona.com\/actualidad\/el-ayuntamiento-de-pamplona-participa-por-primera-vez-en-el-encuentro-estatal-de-consejos-locales-de-participacion-infantil-y-adolescente\/"},"wordCount":489,"commentCount":0,"publisher":{"@id":"https:\/\/www.laguiadepamplona.com\/actualidad\/#organization"},"image":{"@id":"https:\/\/www.laguiadepamplona.com\/actualidad\/el-ayuntamiento-de-pamplona-participa-por-primera-vez-en-el-encuentro-estatal-de-consejos-locales-de-participacion-infantil-y-adolescente\/#primaryimage"},"thumbnailUrl":"https:\/\/www.laguiadepamplona.com\/actualidad\/wp-content\/uploads\/2022\/11\/Foto-encuentro.webp","articleSection":["Ayto Pamplona"],"inLanguage":"es","potentialAction":[{"@type":"CommentAction","name":"Comment","target":["https:\/\/www.laguiadepamplona.com\/actualidad\/el-ayuntamiento-de-pamplona-participa-por-primera-vez-en-el-encuentro-estatal-de-consejos-locales-de-participacion-infantil-y-adolescente\/#respond"]}]},{"@type":"WebPage","@id":"https:\/\/www.laguiadepamplona.com\/actualidad\/el-ayuntamiento-de-pamplona-participa-por-primera-vez-en-el-encuentro-estatal-de-consejos-locales-de-participacion-infantil-y-adolescente\/","url":"https:\/\/www.laguiadepamplona.com\/actualidad\/el-ayuntamiento-de-pamplona-participa-por-primera-vez-en-el-encuentro-estatal-de-consejos-locales-de-participacion-infantil-y-adolescente\/","name":"El Ayuntamiento de Pamplona participa por primera vez en el Encuentro Estatal de Consejos Locales de Participaci\u00f3n Infantil y Adolescente","isPartOf":{"@id":"https:\/\/www.laguiadepamplona.com\/actualidad\/#website"},"primaryImageOfPage":{"@id":"https:\/\/www.laguiadepamplona.com\/actualidad\/el-ayuntamiento-de-pamplona-participa-por-primera-vez-en-el-encuentro-estatal-de-consejos-locales-de-participacion-infantil-y-adolescente\/#primaryimage"},"image":{"@id":"https:\/\/www.laguiadepamplona.com\/actualidad\/el-ayuntamiento-de-pamplona-participa-por-primera-vez-en-el-encuentro-estatal-de-consejos-locales-de-participacion-infantil-y-adolescente\/#primaryimage"},"thumbnailUrl":"https:\/\/www.laguiadepamplona.com\/actualidad\/wp-content\/uploads\/2022\/11\/Foto-encuentro.webp","datePublished":"2022-11-09T17:05:49+00:00","dateModified":"2023-04-11T09:47:36+00:00","description":"Tres j\u00f3venes del \u00f3rgano de participaci\u00f3n impulsado por COworkids, junto a la coordinadora Celia Pinedo, acudieron el pasado fin de semana a C\u00e1ceres","breadcrumb":{"@id":"https:\/\/www.laguiadepamplona.com\/actualidad\/el-ayuntamiento-de-pamplona-participa-por-primera-vez-en-el-encuentro-estatal-de-consejos-locales-de-participacion-infantil-y-adolescente\/#breadcrumb"},"inLanguage":"es","potentialAction":[{"@type":"ReadAction","target":["https:\/\/www.laguiadepamplona.com\/actualidad\/el-ayuntamiento-de-pamplona-participa-por-primera-vez-en-el-encuentro-estatal-de-consejos-locales-de-participacion-infantil-y-adolescente\/"]}]},{"@type":"ImageObject","inLanguage":"es","@id":"https:\/\/www.laguiadepamplona.com\/actualidad\/el-ayuntamiento-de-pamplona-participa-por-primera-vez-en-el-encuentro-estatal-de-consejos-locales-de-participacion-infantil-y-adolescente\/#primaryimage","url":"https:\/\/www.laguiadepamplona.com\/actualidad\/wp-content\/uploads\/2022\/11\/Foto-encuentro.webp","contentUrl":"https:\/\/www.laguiadepamplona.com\/actualidad\/wp-content\/uploads\/2022\/11\/Foto-encuentro.webp","width":1920,"height":1236},{"@type":"BreadcrumbList","@id":"https:\/\/www.laguiadepamplona.com\/actualidad\/el-ayuntamiento-de-pamplona-participa-por-primera-vez-en-el-encuentro-estatal-de-consejos-locales-de-participacion-infantil-y-adolescente\/#breadcrumb","itemListElement":[{"@type":"ListItem","position":1,"name":"Portada","item":"https:\/\/www.laguiadepamplona.com\/actualidad\/"},{"@type":"ListItem","position":2,"name":"El Ayuntamiento de Pamplona participa por primera vez en el Encuentro Estatal de Consejos Locales de Participaci\u00f3n Infantil y Adolescente"}]},{"@type":"WebSite","@id":"https:\/\/www.laguiadepamplona.com\/actualidad\/#website","url":"https:\/\/www.laguiadepamplona.com\/actualidad\/","name":"La gu\u00eda de Pamplona","description":"Noticias de Pamplona","publisher":{"@id":"https:\/\/www.laguiadepamplona.com\/actualidad\/#organization"},"potentialAction":[{"@type":"SearchAction","target":{"@type":"EntryPoint","urlTemplate":"https:\/\/www.laguiadepamplona.com\/actualidad\/?s={search_term_string}"},"query-input":{"@type":"PropertyValueSpecification","valueRequired":true,"valueName":"search_term_string"}}],"inLanguage":"es"},{"@type":"Organization","@id":"https:\/\/www.laguiadepamplona.com\/actualidad\/#organization","name":"La Gu\u00eda de Pamplona \/ Noticias","url":"https:\/\/www.laguiadepamplona.com\/actualidad\/","logo":{"@type":"ImageObject","inLanguage":"es","@id":"https:\/\/www.laguiadepamplona.com\/actualidad\/#\/schema\/logo\/image\/","url":"https:\/\/www.laguiadepamplona.com\/actualidad\/wp-content\/uploads\/2018\/11\/logo-laguiadepamplona18-web1.png","contentUrl":"https:\/\/www.laguiadepamplona.com\/actualidad\/wp-content\/uploads\/2018\/11\/logo-laguiadepamplona18-web1.png","width":600,"height":196,"caption":"La Gu\u00eda de Pamplona \/ Noticias"},"image":{"@id":"https:\/\/www.laguiadepamplona.com\/actualidad\/#\/schema\/logo\/image\/"},"sameAs":["https:\/\/www.facebook.com\/laguiadepamplonacom-133175176762273\/?ref=hl","https:\/\/x.com\/LaGuiadPamplona","https:\/\/www.instagram.com\/la_guia_de_pamplona\/","https:\/\/www.youtube.com\/user\/laguiadepamplona"]},{"@type":"Person","@id":"https:\/\/www.laguiadepamplona.com\/actualidad\/#\/schema\/person\/efe887376f0213d4657c93adc50b1fdb","name":"La Gu\u00eda de Pamplona","image":{"@type":"ImageObject","inLanguage":"es","@id":"https:\/\/secure.gravatar.com\/avatar\/b6992f131dc8d30ab0dff15446e9d346d9dbd95992de0fef795073f5ea83a81c?s=96&d=mm&r=g","url":"https:\/\/secure.gravatar.com\/avatar\/b6992f131dc8d30ab0dff15446e9d346d9dbd95992de0fef795073f5ea83a81c?s=96&d=mm&r=g","contentUrl":"https:\/\/secure.gravatar.com\/avatar\/b6992f131dc8d30ab0dff15446e9d346d9dbd95992de0fef795073f5ea83a81c?s=96&d=mm&r=g","caption":"La Gu\u00eda de Pamplona"}}]}},"post_mailing_queue_ids":[],"_links":{"self":[{"href":"https:\/\/www.laguiadepamplona.com\/actualidad\/wp-json\/wp\/v2\/posts\/42154","targetHints":{"allow":["GET"]}}],"collection":[{"href":"https:\/\/www.laguiadepamplona.com\/actualidad\/wp-json\/wp\/v2\/posts"}],"about":[{"href":"https:\/\/www.laguiadepamplona.com\/actualidad\/wp-json\/wp\/v2\/types\/post"}],"author":[{"embeddable":true,"href":"https:\/\/www.laguiadepamplona.com\/actualidad\/wp-json\/wp\/v2\/users\/1"}],"replies":[{"embeddable":true,"href":"https:\/\/www.laguiadepamplona.com\/actualidad\/wp-json\/wp\/v2\/comments?post=42154"}],"version-history":[{"count":0,"href":"https:\/\/www.laguiadepamplona.com\/actualidad\/wp-json\/wp\/v2\/posts\/42154\/revisions"}],"wp:featuredmedia":[{"embeddable":true,"href":"https:\/\/www.laguiadepamplona.com\/actualidad\/wp-json\/wp\/v2\/media\/42155"}],"wp:attachment":[{"href":"https:\/\/www.laguiadepamplona.com\/actualidad\/wp-json\/wp\/v2\/media?parent=42154"}],"wp:term":[{"taxonomy":"category","embeddable":true,"href":"https:\/\/www.laguiadepamplona.com\/actualidad\/wp-json\/wp\/v2\/categories?post=42154"},{"taxonomy":"post_tag","embeddable":true,"href":"https:\/\/www.laguiadepamplona.com\/actualidad\/wp-json\/wp\/v2\/tags?post=42154"}],"curies":[{"name":"wp","href":"https:\/\/api.w.org\/{rel}","templated":true}]}}