{"id":42151,"date":"2022-11-09T14:20:40","date_gmt":"2022-11-09T12:20:40","guid":{"rendered":"https:\/\/www.laguiadepamplona.com\/actualidad\/?p=42151"},"modified":"2023-04-11T11:47:36","modified_gmt":"2023-04-11T09:47:36","slug":"pamplona-te-cuida-propone-el-proximo-17-de-noviembre-un-taller-gratuito-para-comprender-la-factura-electrica-y-de-gas-dirigido-a-mayores-de-65-anos","status":"publish","type":"post","link":"https:\/\/www.laguiadepamplona.com\/actualidad\/pamplona-te-cuida-propone-el-proximo-17-de-noviembre-un-taller-gratuito-para-comprender-la-factura-electrica-y-de-gas-dirigido-a-mayores-de-65-anos\/","title":{"rendered":"\u2018Pamplona te cuida\u2019 propone el pr\u00f3ximo 17 de noviembre un taller gratuito para comprender la factura el\u00e9ctrica y de gas dirigido a mayores de 65 a\u00f1os"},"content":{"rendered":"<h5>Este jueves comienzan las inscripciones en el 010 para un taller que tendr\u00e1 lugar en el Centro San Juan Bosco a las 11 horas<\/h5>\n<p><!--more--><\/p>\n<p>El Ayuntamiento de Pamplona ha organizado para el pr\u00f3ximo 17 de noviembre un taller gratuito dirigido a personas mayores de 65 a\u00f1os sobre la factura el\u00e9ctrica y de gas. Se trata de ayudar a descifrar los conceptos de esa factura en un momento como el actual marcado por el incremento del precio en la energ\u00eda a las puertas ya de los meses de invierno. Ma\u00f1ana jueves comienzan las inscripciones en el tel\u00e9fono 010 \u2013 948 420 100, por orden de llamada.<br \/>\n<script async src=\"\/\/pagead2.googlesyndication.com\/pagead\/js\/adsbygoogle.js\"><\/script><br \/>\n<!-- Noticias La Guia de Pamplona --><br \/>\n<ins class=\"adsbygoogle\"\nstyle=\"display:block\"\ndata-ad-client=\"ca-pub-6943679897239327\"\ndata-ad-slot=\"7048180777\"\ndata-ad-format=\"auto\"><\/ins><br \/>\n<script>\n(adsbygoogle = window.adsbygoogle || []).push({});\n<\/script><\/p>\n<p>El taller tendr\u00e1 lugar en el Centro San Juan Bosco (c\/ San Juan Bosco, 15) en horario de ma\u00f1ana, a partir de las 11 horas.\u00a0 En el taller se dar\u00e1n a conocer aspectos de la factura del gas y la electricidad como los conceptos que la componen, c\u00f3mo se calcula el recibo de la electricidad, qu\u00e9 tarifa se tiene contratada o si se tiene derecho al bono social. El taller tendr\u00e1 tambi\u00e9n un apartado dedicado a consejos o buenas pr\u00e1cticas orientadas a poder ahorrar en la factura. Asimismo, las personas asistentes podr\u00e1n plantear dudas y realizar las consultas que consideren necesarias. Impartir\u00e1 la charla personal de la Agencia Energ\u00e9tica Municipal de Pamplona, como parte tambi\u00e9n de la Estrategia Go Green.<\/p>\n<p>Esa sesi\u00f3n se enmarca en las actividades de \u2018Pamplona te cuida\u2019, un programa municipal que agrupa la oferta del Ayuntamiento para personas mayores de 65 a\u00f1os. Actividades deportivas, cursos, talleres, servicios a domicilio, ayudas, subvenciones y herramientas de participaci\u00f3n que buscan fomentar el envejecimiento activo y saludable, promover la autonom\u00eda y garantizar una atenci\u00f3n de calidad para lograr una mayor calidad de vida.<\/p>\n","protected":false},"excerpt":{"rendered":"<p>Este jueves comienzan las inscripciones en el 010 para un taller que tendr\u00e1 lugar en el Centro San Juan Bosco a las 11 horas<\/p>\n","protected":false},"author":1,"featured_media":42152,"comment_status":"open","ping_status":"closed","sticky":false,"template":"","format":"standard","meta":{"footnotes":""},"categories":[2],"tags":[],"class_list":["post-42151","post","type-post","status-publish","format-standard","has-post-thumbnail","hentry","category-ayuntamiento-pamplona"],"yoast_head":"<!-- This site is optimized with the Yoast SEO plugin v27.3 - https:\/\/yoast.com\/product\/yoast-seo-wordpress\/ -->\n<title>\u2018Pamplona te cuida\u2019 propone el pr\u00f3ximo 17 de noviembre un taller gratuito para comprender la factura el\u00e9ctrica y de gas dirigido a mayores de 65 a\u00f1os<\/title>\n<meta name=\"description\" content=\"Este jueves comienzan las inscripciones en el 010 para un taller que tendr\u00e1 lugar en el Centro San Juan Bosco a las 11 horas\" \/>\n<meta name=\"robots\" content=\"index, follow, max-snippet:-1, max-image-preview:large, max-video-preview:-1\" \/>\n<link rel=\"canonical\" href=\"https:\/\/www.laguiadepamplona.com\/actualidad\/pamplona-te-cuida-propone-el-proximo-17-de-noviembre-un-taller-gratuito-para-comprender-la-factura-electrica-y-de-gas-dirigido-a-mayores-de-65-anos\/\" \/>\n<meta property=\"og:locale\" content=\"es_ES\" \/>\n<meta property=\"og:type\" content=\"article\" \/>\n<meta property=\"og:title\" content=\"\u2018Pamplona te cuida\u2019 propone el pr\u00f3ximo 17 de noviembre un taller gratuito para comprender la factura el\u00e9ctrica y de gas dirigido a mayores de 65 a\u00f1os\" \/>\n<meta property=\"og:description\" content=\"Este jueves comienzan las inscripciones en el 010 para un taller que tendr\u00e1 lugar en el Centro San Juan Bosco a las 11 horas\" \/>\n<meta property=\"og:url\" content=\"https:\/\/www.laguiadepamplona.com\/actualidad\/pamplona-te-cuida-propone-el-proximo-17-de-noviembre-un-taller-gratuito-para-comprender-la-factura-electrica-y-de-gas-dirigido-a-mayores-de-65-anos\/\" \/>\n<meta property=\"og:site_name\" content=\"La Gu\u00eda de Pamplona\" \/>\n<meta property=\"article:publisher\" content=\"https:\/\/www.facebook.com\/laguiadepamplonacom-133175176762273\/?ref=hl\" \/>\n<meta property=\"article:published_time\" content=\"2022-11-09T12:20:40+00:00\" \/>\n<meta property=\"article:modified_time\" content=\"2023-04-11T09:47:36+00:00\" \/>\n<meta property=\"og:image\" content=\"https:\/\/www.laguiadepamplona.com\/actualidad\/wp-content\/uploads\/2022\/11\/carteltallerfacturaelectricidadpamplonacuida-1.webp\" \/>\n\t<meta property=\"og:image:width\" content=\"1920\" \/>\n\t<meta property=\"og:image:height\" content=\"1369\" \/>\n\t<meta property=\"og:image:type\" content=\"image\/webp\" \/>\n<meta name=\"author\" content=\"La Gu\u00eda de Pamplona\" \/>\n<meta name=\"twitter:card\" content=\"summary_large_image\" \/>\n<meta name=\"twitter:creator\" content=\"@LaGuiadPamplona\" \/>\n<meta name=\"twitter:site\" content=\"@LaGuiadPamplona\" \/>\n<meta name=\"twitter:label1\" content=\"Escrito por\" \/>\n\t<meta name=\"twitter:data1\" content=\"La Gu\u00eda de Pamplona\" \/>\n\t<meta name=\"twitter:label2\" content=\"Tiempo de lectura\" \/>\n\t<meta name=\"twitter:data2\" content=\"2 minutos\" \/>\n<script type=\"application\/ld+json\" class=\"yoast-schema-graph\">{\"@context\":\"https:\\\/\\\/schema.org\",\"@graph\":[{\"@type\":\"Article\",\"@id\":\"https:\\\/\\\/www.laguiadepamplona.com\\\/actualidad\\\/pamplona-te-cuida-propone-el-proximo-17-de-noviembre-un-taller-gratuito-para-comprender-la-factura-electrica-y-de-gas-dirigido-a-mayores-de-65-anos\\\/#article\",\"isPartOf\":{\"@id\":\"https:\\\/\\\/www.laguiadepamplona.com\\\/actualidad\\\/pamplona-te-cuida-propone-el-proximo-17-de-noviembre-un-taller-gratuito-para-comprender-la-factura-electrica-y-de-gas-dirigido-a-mayores-de-65-anos\\\/\"},\"author\":{\"name\":\"La Gu\u00eda de Pamplona\",\"@id\":\"https:\\\/\\\/www.laguiadepamplona.com\\\/actualidad\\\/#\\\/schema\\\/person\\\/efe887376f0213d4657c93adc50b1fdb\"},\"headline\":\"\u2018Pamplona te cuida\u2019 propone el pr\u00f3ximo 17 de noviembre un taller gratuito para comprender la factura el\u00e9ctrica y de gas dirigido a mayores de 65 a\u00f1os\",\"datePublished\":\"2022-11-09T12:20:40+00:00\",\"dateModified\":\"2023-04-11T09:47:36+00:00\",\"mainEntityOfPage\":{\"@id\":\"https:\\\/\\\/www.laguiadepamplona.com\\\/actualidad\\\/pamplona-te-cuida-propone-el-proximo-17-de-noviembre-un-taller-gratuito-para-comprender-la-factura-electrica-y-de-gas-dirigido-a-mayores-de-65-anos\\\/\"},\"wordCount\":322,\"commentCount\":0,\"publisher\":{\"@id\":\"https:\\\/\\\/www.laguiadepamplona.com\\\/actualidad\\\/#organization\"},\"image\":{\"@id\":\"https:\\\/\\\/www.laguiadepamplona.com\\\/actualidad\\\/pamplona-te-cuida-propone-el-proximo-17-de-noviembre-un-taller-gratuito-para-comprender-la-factura-electrica-y-de-gas-dirigido-a-mayores-de-65-anos\\\/#primaryimage\"},\"thumbnailUrl\":\"https:\\\/\\\/www.laguiadepamplona.com\\\/actualidad\\\/wp-content\\\/uploads\\\/2022\\\/11\\\/carteltallerfacturaelectricidadpamplonacuida-1.webp\",\"articleSection\":[\"Ayto Pamplona\"],\"inLanguage\":\"es\",\"potentialAction\":[{\"@type\":\"CommentAction\",\"name\":\"Comment\",\"target\":[\"https:\\\/\\\/www.laguiadepamplona.com\\\/actualidad\\\/pamplona-te-cuida-propone-el-proximo-17-de-noviembre-un-taller-gratuito-para-comprender-la-factura-electrica-y-de-gas-dirigido-a-mayores-de-65-anos\\\/#respond\"]}]},{\"@type\":\"WebPage\",\"@id\":\"https:\\\/\\\/www.laguiadepamplona.com\\\/actualidad\\\/pamplona-te-cuida-propone-el-proximo-17-de-noviembre-un-taller-gratuito-para-comprender-la-factura-electrica-y-de-gas-dirigido-a-mayores-de-65-anos\\\/\",\"url\":\"https:\\\/\\\/www.laguiadepamplona.com\\\/actualidad\\\/pamplona-te-cuida-propone-el-proximo-17-de-noviembre-un-taller-gratuito-para-comprender-la-factura-electrica-y-de-gas-dirigido-a-mayores-de-65-anos\\\/\",\"name\":\"\u2018Pamplona te cuida\u2019 propone el pr\u00f3ximo 17 de noviembre un taller gratuito para comprender la factura el\u00e9ctrica y de gas dirigido a mayores de 65 a\u00f1os\",\"isPartOf\":{\"@id\":\"https:\\\/\\\/www.laguiadepamplona.com\\\/actualidad\\\/#website\"},\"primaryImageOfPage\":{\"@id\":\"https:\\\/\\\/www.laguiadepamplona.com\\\/actualidad\\\/pamplona-te-cuida-propone-el-proximo-17-de-noviembre-un-taller-gratuito-para-comprender-la-factura-electrica-y-de-gas-dirigido-a-mayores-de-65-anos\\\/#primaryimage\"},\"image\":{\"@id\":\"https:\\\/\\\/www.laguiadepamplona.com\\\/actualidad\\\/pamplona-te-cuida-propone-el-proximo-17-de-noviembre-un-taller-gratuito-para-comprender-la-factura-electrica-y-de-gas-dirigido-a-mayores-de-65-anos\\\/#primaryimage\"},\"thumbnailUrl\":\"https:\\\/\\\/www.laguiadepamplona.com\\\/actualidad\\\/wp-content\\\/uploads\\\/2022\\\/11\\\/carteltallerfacturaelectricidadpamplonacuida-1.webp\",\"datePublished\":\"2022-11-09T12:20:40+00:00\",\"dateModified\":\"2023-04-11T09:47:36+00:00\",\"description\":\"Este jueves comienzan las inscripciones en el 010 para un taller que tendr\u00e1 lugar en el Centro San Juan Bosco a las 11 horas\",\"breadcrumb\":{\"@id\":\"https:\\\/\\\/www.laguiadepamplona.com\\\/actualidad\\\/pamplona-te-cuida-propone-el-proximo-17-de-noviembre-un-taller-gratuito-para-comprender-la-factura-electrica-y-de-gas-dirigido-a-mayores-de-65-anos\\\/#breadcrumb\"},\"inLanguage\":\"es\",\"potentialAction\":[{\"@type\":\"ReadAction\",\"target\":[\"https:\\\/\\\/www.laguiadepamplona.com\\\/actualidad\\\/pamplona-te-cuida-propone-el-proximo-17-de-noviembre-un-taller-gratuito-para-comprender-la-factura-electrica-y-de-gas-dirigido-a-mayores-de-65-anos\\\/\"]}]},{\"@type\":\"ImageObject\",\"inLanguage\":\"es\",\"@id\":\"https:\\\/\\\/www.laguiadepamplona.com\\\/actualidad\\\/pamplona-te-cuida-propone-el-proximo-17-de-noviembre-un-taller-gratuito-para-comprender-la-factura-electrica-y-de-gas-dirigido-a-mayores-de-65-anos\\\/#primaryimage\",\"url\":\"https:\\\/\\\/www.laguiadepamplona.com\\\/actualidad\\\/wp-content\\\/uploads\\\/2022\\\/11\\\/carteltallerfacturaelectricidadpamplonacuida-1.webp\",\"contentUrl\":\"https:\\\/\\\/www.laguiadepamplona.com\\\/actualidad\\\/wp-content\\\/uploads\\\/2022\\\/11\\\/carteltallerfacturaelectricidadpamplonacuida-1.webp\",\"width\":1920,\"height\":1369},{\"@type\":\"BreadcrumbList\",\"@id\":\"https:\\\/\\\/www.laguiadepamplona.com\\\/actualidad\\\/pamplona-te-cuida-propone-el-proximo-17-de-noviembre-un-taller-gratuito-para-comprender-la-factura-electrica-y-de-gas-dirigido-a-mayores-de-65-anos\\\/#breadcrumb\",\"itemListElement\":[{\"@type\":\"ListItem\",\"position\":1,\"name\":\"Portada\",\"item\":\"https:\\\/\\\/www.laguiadepamplona.com\\\/actualidad\\\/\"},{\"@type\":\"ListItem\",\"position\":2,\"name\":\"\u2018Pamplona te cuida\u2019 propone el pr\u00f3ximo 17 de noviembre un taller gratuito para comprender la factura el\u00e9ctrica y de gas dirigido a mayores de 65 a\u00f1os\"}]},{\"@type\":\"WebSite\",\"@id\":\"https:\\\/\\\/www.laguiadepamplona.com\\\/actualidad\\\/#website\",\"url\":\"https:\\\/\\\/www.laguiadepamplona.com\\\/actualidad\\\/\",\"name\":\"La gu\u00eda de Pamplona\",\"description\":\"Noticias de Pamplona\",\"publisher\":{\"@id\":\"https:\\\/\\\/www.laguiadepamplona.com\\\/actualidad\\\/#organization\"},\"potentialAction\":[{\"@type\":\"SearchAction\",\"target\":{\"@type\":\"EntryPoint\",\"urlTemplate\":\"https:\\\/\\\/www.laguiadepamplona.com\\\/actualidad\\\/?s={search_term_string}\"},\"query-input\":{\"@type\":\"PropertyValueSpecification\",\"valueRequired\":true,\"valueName\":\"search_term_string\"}}],\"inLanguage\":\"es\"},{\"@type\":\"Organization\",\"@id\":\"https:\\\/\\\/www.laguiadepamplona.com\\\/actualidad\\\/#organization\",\"name\":\"La Gu\u00eda de Pamplona \\\/ Noticias\",\"url\":\"https:\\\/\\\/www.laguiadepamplona.com\\\/actualidad\\\/\",\"logo\":{\"@type\":\"ImageObject\",\"inLanguage\":\"es\",\"@id\":\"https:\\\/\\\/www.laguiadepamplona.com\\\/actualidad\\\/#\\\/schema\\\/logo\\\/image\\\/\",\"url\":\"https:\\\/\\\/www.laguiadepamplona.com\\\/actualidad\\\/wp-content\\\/uploads\\\/2018\\\/11\\\/logo-laguiadepamplona18-web1.png\",\"contentUrl\":\"https:\\\/\\\/www.laguiadepamplona.com\\\/actualidad\\\/wp-content\\\/uploads\\\/2018\\\/11\\\/logo-laguiadepamplona18-web1.png\",\"width\":600,\"height\":196,\"caption\":\"La Gu\u00eda de Pamplona \\\/ Noticias\"},\"image\":{\"@id\":\"https:\\\/\\\/www.laguiadepamplona.com\\\/actualidad\\\/#\\\/schema\\\/logo\\\/image\\\/\"},\"sameAs\":[\"https:\\\/\\\/www.facebook.com\\\/laguiadepamplonacom-133175176762273\\\/?ref=hl\",\"https:\\\/\\\/x.com\\\/LaGuiadPamplona\",\"https:\\\/\\\/www.instagram.com\\\/la_guia_de_pamplona\\\/\",\"https:\\\/\\\/www.youtube.com\\\/user\\\/laguiadepamplona\"]},{\"@type\":\"Person\",\"@id\":\"https:\\\/\\\/www.laguiadepamplona.com\\\/actualidad\\\/#\\\/schema\\\/person\\\/efe887376f0213d4657c93adc50b1fdb\",\"name\":\"La Gu\u00eda de Pamplona\",\"image\":{\"@type\":\"ImageObject\",\"inLanguage\":\"es\",\"@id\":\"https:\\\/\\\/secure.gravatar.com\\\/avatar\\\/b6992f131dc8d30ab0dff15446e9d346d9dbd95992de0fef795073f5ea83a81c?s=96&d=mm&r=g\",\"url\":\"https:\\\/\\\/secure.gravatar.com\\\/avatar\\\/b6992f131dc8d30ab0dff15446e9d346d9dbd95992de0fef795073f5ea83a81c?s=96&d=mm&r=g\",\"contentUrl\":\"https:\\\/\\\/secure.gravatar.com\\\/avatar\\\/b6992f131dc8d30ab0dff15446e9d346d9dbd95992de0fef795073f5ea83a81c?s=96&d=mm&r=g\",\"caption\":\"La Gu\u00eda de Pamplona\"}}]}<\/script>\n<!-- \/ Yoast SEO plugin. -->","yoast_head_json":{"title":"\u2018Pamplona te cuida\u2019 propone el pr\u00f3ximo 17 de noviembre un taller gratuito para comprender la factura el\u00e9ctrica y de gas dirigido a mayores de 65 a\u00f1os","description":"Este jueves comienzan las inscripciones en el 010 para un taller que tendr\u00e1 lugar en el Centro San Juan Bosco a las 11 horas","robots":{"index":"index","follow":"follow","max-snippet":"max-snippet:-1","max-image-preview":"max-image-preview:large","max-video-preview":"max-video-preview:-1"},"canonical":"https:\/\/www.laguiadepamplona.com\/actualidad\/pamplona-te-cuida-propone-el-proximo-17-de-noviembre-un-taller-gratuito-para-comprender-la-factura-electrica-y-de-gas-dirigido-a-mayores-de-65-anos\/","og_locale":"es_ES","og_type":"article","og_title":"\u2018Pamplona te cuida\u2019 propone el pr\u00f3ximo 17 de noviembre un taller gratuito para comprender la factura el\u00e9ctrica y de gas dirigido a mayores de 65 a\u00f1os","og_description":"Este jueves comienzan las inscripciones en el 010 para un taller que tendr\u00e1 lugar en el Centro San Juan Bosco a las 11 horas","og_url":"https:\/\/www.laguiadepamplona.com\/actualidad\/pamplona-te-cuida-propone-el-proximo-17-de-noviembre-un-taller-gratuito-para-comprender-la-factura-electrica-y-de-gas-dirigido-a-mayores-de-65-anos\/","og_site_name":"La Gu\u00eda de Pamplona","article_publisher":"https:\/\/www.facebook.com\/laguiadepamplonacom-133175176762273\/?ref=hl","article_published_time":"2022-11-09T12:20:40+00:00","article_modified_time":"2023-04-11T09:47:36+00:00","og_image":[{"width":1920,"height":1369,"url":"https:\/\/www.laguiadepamplona.com\/actualidad\/wp-content\/uploads\/2022\/11\/carteltallerfacturaelectricidadpamplonacuida-1.webp","type":"image\/webp"}],"author":"La Gu\u00eda de Pamplona","twitter_card":"summary_large_image","twitter_creator":"@LaGuiadPamplona","twitter_site":"@LaGuiadPamplona","twitter_misc":{"Escrito por":"La Gu\u00eda de Pamplona","Tiempo de lectura":"2 minutos"},"schema":{"@context":"https:\/\/schema.org","@graph":[{"@type":"Article","@id":"https:\/\/www.laguiadepamplona.com\/actualidad\/pamplona-te-cuida-propone-el-proximo-17-de-noviembre-un-taller-gratuito-para-comprender-la-factura-electrica-y-de-gas-dirigido-a-mayores-de-65-anos\/#article","isPartOf":{"@id":"https:\/\/www.laguiadepamplona.com\/actualidad\/pamplona-te-cuida-propone-el-proximo-17-de-noviembre-un-taller-gratuito-para-comprender-la-factura-electrica-y-de-gas-dirigido-a-mayores-de-65-anos\/"},"author":{"name":"La Gu\u00eda de Pamplona","@id":"https:\/\/www.laguiadepamplona.com\/actualidad\/#\/schema\/person\/efe887376f0213d4657c93adc50b1fdb"},"headline":"\u2018Pamplona te cuida\u2019 propone el pr\u00f3ximo 17 de noviembre un taller gratuito para comprender la factura el\u00e9ctrica y de gas dirigido a mayores de 65 a\u00f1os","datePublished":"2022-11-09T12:20:40+00:00","dateModified":"2023-04-11T09:47:36+00:00","mainEntityOfPage":{"@id":"https:\/\/www.laguiadepamplona.com\/actualidad\/pamplona-te-cuida-propone-el-proximo-17-de-noviembre-un-taller-gratuito-para-comprender-la-factura-electrica-y-de-gas-dirigido-a-mayores-de-65-anos\/"},"wordCount":322,"commentCount":0,"publisher":{"@id":"https:\/\/www.laguiadepamplona.com\/actualidad\/#organization"},"image":{"@id":"https:\/\/www.laguiadepamplona.com\/actualidad\/pamplona-te-cuida-propone-el-proximo-17-de-noviembre-un-taller-gratuito-para-comprender-la-factura-electrica-y-de-gas-dirigido-a-mayores-de-65-anos\/#primaryimage"},"thumbnailUrl":"https:\/\/www.laguiadepamplona.com\/actualidad\/wp-content\/uploads\/2022\/11\/carteltallerfacturaelectricidadpamplonacuida-1.webp","articleSection":["Ayto Pamplona"],"inLanguage":"es","potentialAction":[{"@type":"CommentAction","name":"Comment","target":["https:\/\/www.laguiadepamplona.com\/actualidad\/pamplona-te-cuida-propone-el-proximo-17-de-noviembre-un-taller-gratuito-para-comprender-la-factura-electrica-y-de-gas-dirigido-a-mayores-de-65-anos\/#respond"]}]},{"@type":"WebPage","@id":"https:\/\/www.laguiadepamplona.com\/actualidad\/pamplona-te-cuida-propone-el-proximo-17-de-noviembre-un-taller-gratuito-para-comprender-la-factura-electrica-y-de-gas-dirigido-a-mayores-de-65-anos\/","url":"https:\/\/www.laguiadepamplona.com\/actualidad\/pamplona-te-cuida-propone-el-proximo-17-de-noviembre-un-taller-gratuito-para-comprender-la-factura-electrica-y-de-gas-dirigido-a-mayores-de-65-anos\/","name":"\u2018Pamplona te cuida\u2019 propone el pr\u00f3ximo 17 de noviembre un taller gratuito para comprender la factura el\u00e9ctrica y de gas dirigido a mayores de 65 a\u00f1os","isPartOf":{"@id":"https:\/\/www.laguiadepamplona.com\/actualidad\/#website"},"primaryImageOfPage":{"@id":"https:\/\/www.laguiadepamplona.com\/actualidad\/pamplona-te-cuida-propone-el-proximo-17-de-noviembre-un-taller-gratuito-para-comprender-la-factura-electrica-y-de-gas-dirigido-a-mayores-de-65-anos\/#primaryimage"},"image":{"@id":"https:\/\/www.laguiadepamplona.com\/actualidad\/pamplona-te-cuida-propone-el-proximo-17-de-noviembre-un-taller-gratuito-para-comprender-la-factura-electrica-y-de-gas-dirigido-a-mayores-de-65-anos\/#primaryimage"},"thumbnailUrl":"https:\/\/www.laguiadepamplona.com\/actualidad\/wp-content\/uploads\/2022\/11\/carteltallerfacturaelectricidadpamplonacuida-1.webp","datePublished":"2022-11-09T12:20:40+00:00","dateModified":"2023-04-11T09:47:36+00:00","description":"Este jueves comienzan las inscripciones en el 010 para un taller que tendr\u00e1 lugar en el Centro San Juan Bosco a las 11 horas","breadcrumb":{"@id":"https:\/\/www.laguiadepamplona.com\/actualidad\/pamplona-te-cuida-propone-el-proximo-17-de-noviembre-un-taller-gratuito-para-comprender-la-factura-electrica-y-de-gas-dirigido-a-mayores-de-65-anos\/#breadcrumb"},"inLanguage":"es","potentialAction":[{"@type":"ReadAction","target":["https:\/\/www.laguiadepamplona.com\/actualidad\/pamplona-te-cuida-propone-el-proximo-17-de-noviembre-un-taller-gratuito-para-comprender-la-factura-electrica-y-de-gas-dirigido-a-mayores-de-65-anos\/"]}]},{"@type":"ImageObject","inLanguage":"es","@id":"https:\/\/www.laguiadepamplona.com\/actualidad\/pamplona-te-cuida-propone-el-proximo-17-de-noviembre-un-taller-gratuito-para-comprender-la-factura-electrica-y-de-gas-dirigido-a-mayores-de-65-anos\/#primaryimage","url":"https:\/\/www.laguiadepamplona.com\/actualidad\/wp-content\/uploads\/2022\/11\/carteltallerfacturaelectricidadpamplonacuida-1.webp","contentUrl":"https:\/\/www.laguiadepamplona.com\/actualidad\/wp-content\/uploads\/2022\/11\/carteltallerfacturaelectricidadpamplonacuida-1.webp","width":1920,"height":1369},{"@type":"BreadcrumbList","@id":"https:\/\/www.laguiadepamplona.com\/actualidad\/pamplona-te-cuida-propone-el-proximo-17-de-noviembre-un-taller-gratuito-para-comprender-la-factura-electrica-y-de-gas-dirigido-a-mayores-de-65-anos\/#breadcrumb","itemListElement":[{"@type":"ListItem","position":1,"name":"Portada","item":"https:\/\/www.laguiadepamplona.com\/actualidad\/"},{"@type":"ListItem","position":2,"name":"\u2018Pamplona te cuida\u2019 propone el pr\u00f3ximo 17 de noviembre un taller gratuito para comprender la factura el\u00e9ctrica y de gas dirigido a mayores de 65 a\u00f1os"}]},{"@type":"WebSite","@id":"https:\/\/www.laguiadepamplona.com\/actualidad\/#website","url":"https:\/\/www.laguiadepamplona.com\/actualidad\/","name":"La gu\u00eda de Pamplona","description":"Noticias de Pamplona","publisher":{"@id":"https:\/\/www.laguiadepamplona.com\/actualidad\/#organization"},"potentialAction":[{"@type":"SearchAction","target":{"@type":"EntryPoint","urlTemplate":"https:\/\/www.laguiadepamplona.com\/actualidad\/?s={search_term_string}"},"query-input":{"@type":"PropertyValueSpecification","valueRequired":true,"valueName":"search_term_string"}}],"inLanguage":"es"},{"@type":"Organization","@id":"https:\/\/www.laguiadepamplona.com\/actualidad\/#organization","name":"La Gu\u00eda de Pamplona \/ Noticias","url":"https:\/\/www.laguiadepamplona.com\/actualidad\/","logo":{"@type":"ImageObject","inLanguage":"es","@id":"https:\/\/www.laguiadepamplona.com\/actualidad\/#\/schema\/logo\/image\/","url":"https:\/\/www.laguiadepamplona.com\/actualidad\/wp-content\/uploads\/2018\/11\/logo-laguiadepamplona18-web1.png","contentUrl":"https:\/\/www.laguiadepamplona.com\/actualidad\/wp-content\/uploads\/2018\/11\/logo-laguiadepamplona18-web1.png","width":600,"height":196,"caption":"La Gu\u00eda de Pamplona \/ Noticias"},"image":{"@id":"https:\/\/www.laguiadepamplona.com\/actualidad\/#\/schema\/logo\/image\/"},"sameAs":["https:\/\/www.facebook.com\/laguiadepamplonacom-133175176762273\/?ref=hl","https:\/\/x.com\/LaGuiadPamplona","https:\/\/www.instagram.com\/la_guia_de_pamplona\/","https:\/\/www.youtube.com\/user\/laguiadepamplona"]},{"@type":"Person","@id":"https:\/\/www.laguiadepamplona.com\/actualidad\/#\/schema\/person\/efe887376f0213d4657c93adc50b1fdb","name":"La Gu\u00eda de Pamplona","image":{"@type":"ImageObject","inLanguage":"es","@id":"https:\/\/secure.gravatar.com\/avatar\/b6992f131dc8d30ab0dff15446e9d346d9dbd95992de0fef795073f5ea83a81c?s=96&d=mm&r=g","url":"https:\/\/secure.gravatar.com\/avatar\/b6992f131dc8d30ab0dff15446e9d346d9dbd95992de0fef795073f5ea83a81c?s=96&d=mm&r=g","contentUrl":"https:\/\/secure.gravatar.com\/avatar\/b6992f131dc8d30ab0dff15446e9d346d9dbd95992de0fef795073f5ea83a81c?s=96&d=mm&r=g","caption":"La Gu\u00eda de Pamplona"}}]}},"post_mailing_queue_ids":[],"_links":{"self":[{"href":"https:\/\/www.laguiadepamplona.com\/actualidad\/wp-json\/wp\/v2\/posts\/42151","targetHints":{"allow":["GET"]}}],"collection":[{"href":"https:\/\/www.laguiadepamplona.com\/actualidad\/wp-json\/wp\/v2\/posts"}],"about":[{"href":"https:\/\/www.laguiadepamplona.com\/actualidad\/wp-json\/wp\/v2\/types\/post"}],"author":[{"embeddable":true,"href":"https:\/\/www.laguiadepamplona.com\/actualidad\/wp-json\/wp\/v2\/users\/1"}],"replies":[{"embeddable":true,"href":"https:\/\/www.laguiadepamplona.com\/actualidad\/wp-json\/wp\/v2\/comments?post=42151"}],"version-history":[{"count":0,"href":"https:\/\/www.laguiadepamplona.com\/actualidad\/wp-json\/wp\/v2\/posts\/42151\/revisions"}],"wp:featuredmedia":[{"embeddable":true,"href":"https:\/\/www.laguiadepamplona.com\/actualidad\/wp-json\/wp\/v2\/media\/42152"}],"wp:attachment":[{"href":"https:\/\/www.laguiadepamplona.com\/actualidad\/wp-json\/wp\/v2\/media?parent=42151"}],"wp:term":[{"taxonomy":"category","embeddable":true,"href":"https:\/\/www.laguiadepamplona.com\/actualidad\/wp-json\/wp\/v2\/categories?post=42151"},{"taxonomy":"post_tag","embeddable":true,"href":"https:\/\/www.laguiadepamplona.com\/actualidad\/wp-json\/wp\/v2\/tags?post=42151"}],"curies":[{"name":"wp","href":"https:\/\/api.w.org\/{rel}","templated":true}]}}