{"id":42148,"date":"2022-11-09T14:18:23","date_gmt":"2022-11-09T12:18:23","guid":{"rendered":"https:\/\/www.laguiadepamplona.com\/actualidad\/?p=42148"},"modified":"2023-04-11T11:47:36","modified_gmt":"2023-04-11T09:47:36","slug":"la-ciudadania-puede-lanzar-preguntas-y-aportaciones-para-el-foro-de-barrio-del-ensanche-hasta-el-proximo-lunes","status":"publish","type":"post","link":"https:\/\/www.laguiadepamplona.com\/actualidad\/la-ciudadania-puede-lanzar-preguntas-y-aportaciones-para-el-foro-de-barrio-del-ensanche-hasta-el-proximo-lunes\/","title":{"rendered":"La ciudadan\u00eda puede lanzar preguntas y aportaciones para el Foro de Barrio del Ensanche hasta el pr\u00f3ximo lunes"},"content":{"rendered":"<h5>El Foro, que contar\u00e1 con la presencia del alcalde Enrique Maya, se celebrar\u00e1 el jueves d\u00eda 17<\/h5>\n<p><!--more--><\/p>\n<p>El pr\u00f3ximo d\u00eda 17, jueves, tendr\u00e1 lugar el Foro de Barrio del Primer y Segundo Ensanche con la presencia del alcalde de Pamplona, Enrique Maya, y la concejala de barrio Mar\u00eda Garc\u00eda-Barberena. Con el objetivo de que la ciudadan\u00eda pueda plantear sus preguntas, propuestas y aportaciones con antelaci\u00f3n, se ha habilitado un buz\u00f3n electr\u00f3nico (<a href=\"mailto:foros@pamplona.es\">foros@pamplona.es<\/a>) en el que se podr\u00e1n depositar las cuestiones que sean de inter\u00e9s hasta el pr\u00f3ximo lunes, d\u00eda 14, al igual que en la web <a href=\"https:\/\/decide.pamplona.es\/\" target=\"_blank\" rel=\"noopener\">decide.pamplona.es<\/a>. Estas consultas, y aquellas que se planteen en el momento, ser\u00e1n respondidas durante este encuentro, que se celebrar\u00e1 en el sal\u00f3n de actos de la Escuela de Arte y Superior de Dise\u00f1o (en la calle Amaya, 27) desde las 18.30 y hasta las 20 horas.<br \/>\n<script async src=\"\/\/pagead2.googlesyndication.com\/pagead\/js\/adsbygoogle.js\"><\/script><br \/>\n<!-- Noticias La Guia de Pamplona --><br \/>\n<ins class=\"adsbygoogle\"\nstyle=\"display:block\"\ndata-ad-client=\"ca-pub-6943679897239327\"\ndata-ad-slot=\"7048180777\"\ndata-ad-format=\"auto\"><\/ins><br \/>\n<script>\n(adsbygoogle = window.adsbygoogle || []).push({});\n<\/script><\/p>\n<p>Concebido como un espacio de di\u00e1logo, el Ayuntamiento de Pamplona cre\u00f3 los Foros de Barrio con el objetivo de conocer en primera persona las inquietudes de los vecinos y vecinas de la ciudad con respecto a sus entornos m\u00e1s cercanos. Es por ello que a estas citas acuden, peri\u00f3dicamente, el propio alcalde, as\u00ed como concejales y t\u00e9cnicos municipales, que puedan resolver las dudas planteadas y ahondar en aspectos concretos que puedan resultar de inter\u00e9s para la ciudadan\u00eda.<\/p>\n<p>La asistencia presencial de los vecinos, asociaciones y entidades al encuentro ser\u00e1 libre hasta completar el aforo. Asimismo, aquellas personas interesadas que no puedan asistir a la sesi\u00f3n, podr\u00e1n seguirla a trav\u00e9s del canal municipal de YouTube del \u00e1rea de Participaci\u00f3n Ciudadana del Ayuntamiento.\u00a0 Adem\u00e1s, para propiciar la conversaci\u00f3n en redes sociales, se han creado los hashtags #ForoEnsanches | #ZabalguneetakoEztabaidagunea.<br \/>\n<script async src=\"\/\/pagead2.googlesyndication.com\/pagead\/js\/adsbygoogle.js\"><\/script><br \/>\n<!-- Noticias La Guia de Pamplona --><br \/>\n<ins class=\"adsbygoogle\"\nstyle=\"display:block\"\ndata-ad-client=\"ca-pub-6943679897239327\"\ndata-ad-slot=\"7048180777\"\ndata-ad-format=\"auto\"><\/ins><br \/>\n<script>\n(adsbygoogle = window.adsbygoogle || []).push({});\n<\/script><\/p>\n<p>Estos encuentros entre Ayuntamiento y ciudadan\u00eda echaron a andar en 2004 y pasaron a ser una cita habitual a partir de 2009. Tras la pandemia del COVID-19, el Ayuntamiento retom\u00f3 los Foros de Barrio en el \u00faltimo trimestre del pasado a\u00f1o, una vez que las medidas de prevenci\u00f3n permitieron volver a hacer reuniones. Entonces se celebraron los Foros de Barrio de Mendillorri, San Jorge y Milagrosa \u2013 Arrosad\u00eda \u2013 Azpilaga\u00f1a. El 28 de abril se celebr\u00f3 la sesi\u00f3n sobre el barrio de San Juan y el 11 de mayo, el Foro de Barrio de Etxabakoitz. Tras el par\u00f3n estival, los encuentros se retomaron el pasado 25 de octubre, con el Foro de Barrio de Rochapea. Ahora es el turno de los Ensanches, y el 15 de diciembre se reunir\u00e1 el Foro de Ermitaga\u00f1a-Mendebaldea. De esta forma, se completa un ciclo de encuentros del alcalde y los concejales y concejalas de barrio con los vecindarios de toda la ciudad.<\/p>\n","protected":false},"excerpt":{"rendered":"<p>El Foro, que contar\u00e1 con la presencia del alcalde Enrique Maya, se celebrar\u00e1 el jueves d\u00eda 17<\/p>\n","protected":false},"author":1,"featured_media":42149,"comment_status":"open","ping_status":"closed","sticky":false,"template":"","format":"standard","meta":{"footnotes":""},"categories":[2],"tags":[],"class_list":["post-42148","post","type-post","status-publish","format-standard","has-post-thumbnail","hentry","category-ayuntamiento-pamplona"],"yoast_head":"<!-- This site is optimized with the Yoast SEO plugin v27.3 - https:\/\/yoast.com\/product\/yoast-seo-wordpress\/ -->\n<title>La ciudadan\u00eda puede lanzar preguntas y aportaciones para el Foro de Barrio del Ensanche hasta el pr\u00f3ximo lunes<\/title>\n<meta name=\"description\" content=\"El Foro, que contar\u00e1 con la presencia del alcalde Enrique Maya, se celebrar\u00e1 el jueves d\u00eda 17\" \/>\n<meta name=\"robots\" content=\"index, follow, max-snippet:-1, max-image-preview:large, max-video-preview:-1\" \/>\n<link rel=\"canonical\" href=\"https:\/\/www.laguiadepamplona.com\/actualidad\/la-ciudadania-puede-lanzar-preguntas-y-aportaciones-para-el-foro-de-barrio-del-ensanche-hasta-el-proximo-lunes\/\" \/>\n<meta property=\"og:locale\" content=\"es_ES\" \/>\n<meta property=\"og:type\" content=\"article\" \/>\n<meta property=\"og:title\" content=\"La ciudadan\u00eda puede lanzar preguntas y aportaciones para el Foro de Barrio del Ensanche hasta el pr\u00f3ximo lunes\" \/>\n<meta property=\"og:description\" content=\"El Foro, que contar\u00e1 con la presencia del alcalde Enrique Maya, se celebrar\u00e1 el jueves d\u00eda 17\" \/>\n<meta property=\"og:url\" content=\"https:\/\/www.laguiadepamplona.com\/actualidad\/la-ciudadania-puede-lanzar-preguntas-y-aportaciones-para-el-foro-de-barrio-del-ensanche-hasta-el-proximo-lunes\/\" \/>\n<meta property=\"og:site_name\" content=\"La Gu\u00eda de Pamplona\" \/>\n<meta property=\"article:publisher\" content=\"https:\/\/www.facebook.com\/laguiadepamplonacom-133175176762273\/?ref=hl\" \/>\n<meta property=\"article:published_time\" content=\"2022-11-09T12:18:23+00:00\" \/>\n<meta property=\"article:modified_time\" content=\"2023-04-11T09:47:36+00:00\" \/>\n<meta property=\"og:image\" content=\"https:\/\/www.laguiadepamplona.com\/actualidad\/wp-content\/uploads\/2022\/11\/foro_ensanche.webp\" \/>\n\t<meta property=\"og:image:width\" content=\"1900\" \/>\n\t<meta property=\"og:image:height\" content=\"700\" \/>\n\t<meta property=\"og:image:type\" content=\"image\/webp\" \/>\n<meta name=\"author\" content=\"La Gu\u00eda de Pamplona\" \/>\n<meta name=\"twitter:card\" content=\"summary_large_image\" \/>\n<meta name=\"twitter:creator\" content=\"@LaGuiadPamplona\" \/>\n<meta name=\"twitter:site\" content=\"@LaGuiadPamplona\" \/>\n<meta name=\"twitter:label1\" content=\"Escrito por\" \/>\n\t<meta name=\"twitter:data1\" content=\"La Gu\u00eda de Pamplona\" \/>\n\t<meta name=\"twitter:label2\" content=\"Tiempo de lectura\" \/>\n\t<meta name=\"twitter:data2\" content=\"2 minutos\" \/>\n<script type=\"application\/ld+json\" class=\"yoast-schema-graph\">{\"@context\":\"https:\\\/\\\/schema.org\",\"@graph\":[{\"@type\":\"Article\",\"@id\":\"https:\\\/\\\/www.laguiadepamplona.com\\\/actualidad\\\/la-ciudadania-puede-lanzar-preguntas-y-aportaciones-para-el-foro-de-barrio-del-ensanche-hasta-el-proximo-lunes\\\/#article\",\"isPartOf\":{\"@id\":\"https:\\\/\\\/www.laguiadepamplona.com\\\/actualidad\\\/la-ciudadania-puede-lanzar-preguntas-y-aportaciones-para-el-foro-de-barrio-del-ensanche-hasta-el-proximo-lunes\\\/\"},\"author\":{\"name\":\"La Gu\u00eda de Pamplona\",\"@id\":\"https:\\\/\\\/www.laguiadepamplona.com\\\/actualidad\\\/#\\\/schema\\\/person\\\/efe887376f0213d4657c93adc50b1fdb\"},\"headline\":\"La ciudadan\u00eda puede lanzar preguntas y aportaciones para el Foro de Barrio del Ensanche hasta el pr\u00f3ximo lunes\",\"datePublished\":\"2022-11-09T12:18:23+00:00\",\"dateModified\":\"2023-04-11T09:47:36+00:00\",\"mainEntityOfPage\":{\"@id\":\"https:\\\/\\\/www.laguiadepamplona.com\\\/actualidad\\\/la-ciudadania-puede-lanzar-preguntas-y-aportaciones-para-el-foro-de-barrio-del-ensanche-hasta-el-proximo-lunes\\\/\"},\"wordCount\":482,\"commentCount\":0,\"publisher\":{\"@id\":\"https:\\\/\\\/www.laguiadepamplona.com\\\/actualidad\\\/#organization\"},\"image\":{\"@id\":\"https:\\\/\\\/www.laguiadepamplona.com\\\/actualidad\\\/la-ciudadania-puede-lanzar-preguntas-y-aportaciones-para-el-foro-de-barrio-del-ensanche-hasta-el-proximo-lunes\\\/#primaryimage\"},\"thumbnailUrl\":\"https:\\\/\\\/www.laguiadepamplona.com\\\/actualidad\\\/wp-content\\\/uploads\\\/2022\\\/11\\\/foro_ensanche.webp\",\"articleSection\":[\"Ayto Pamplona\"],\"inLanguage\":\"es\",\"potentialAction\":[{\"@type\":\"CommentAction\",\"name\":\"Comment\",\"target\":[\"https:\\\/\\\/www.laguiadepamplona.com\\\/actualidad\\\/la-ciudadania-puede-lanzar-preguntas-y-aportaciones-para-el-foro-de-barrio-del-ensanche-hasta-el-proximo-lunes\\\/#respond\"]}]},{\"@type\":\"WebPage\",\"@id\":\"https:\\\/\\\/www.laguiadepamplona.com\\\/actualidad\\\/la-ciudadania-puede-lanzar-preguntas-y-aportaciones-para-el-foro-de-barrio-del-ensanche-hasta-el-proximo-lunes\\\/\",\"url\":\"https:\\\/\\\/www.laguiadepamplona.com\\\/actualidad\\\/la-ciudadania-puede-lanzar-preguntas-y-aportaciones-para-el-foro-de-barrio-del-ensanche-hasta-el-proximo-lunes\\\/\",\"name\":\"La ciudadan\u00eda puede lanzar preguntas y aportaciones para el Foro de Barrio del Ensanche hasta el pr\u00f3ximo lunes\",\"isPartOf\":{\"@id\":\"https:\\\/\\\/www.laguiadepamplona.com\\\/actualidad\\\/#website\"},\"primaryImageOfPage\":{\"@id\":\"https:\\\/\\\/www.laguiadepamplona.com\\\/actualidad\\\/la-ciudadania-puede-lanzar-preguntas-y-aportaciones-para-el-foro-de-barrio-del-ensanche-hasta-el-proximo-lunes\\\/#primaryimage\"},\"image\":{\"@id\":\"https:\\\/\\\/www.laguiadepamplona.com\\\/actualidad\\\/la-ciudadania-puede-lanzar-preguntas-y-aportaciones-para-el-foro-de-barrio-del-ensanche-hasta-el-proximo-lunes\\\/#primaryimage\"},\"thumbnailUrl\":\"https:\\\/\\\/www.laguiadepamplona.com\\\/actualidad\\\/wp-content\\\/uploads\\\/2022\\\/11\\\/foro_ensanche.webp\",\"datePublished\":\"2022-11-09T12:18:23+00:00\",\"dateModified\":\"2023-04-11T09:47:36+00:00\",\"description\":\"El Foro, que contar\u00e1 con la presencia del alcalde Enrique Maya, se celebrar\u00e1 el jueves d\u00eda 17\",\"breadcrumb\":{\"@id\":\"https:\\\/\\\/www.laguiadepamplona.com\\\/actualidad\\\/la-ciudadania-puede-lanzar-preguntas-y-aportaciones-para-el-foro-de-barrio-del-ensanche-hasta-el-proximo-lunes\\\/#breadcrumb\"},\"inLanguage\":\"es\",\"potentialAction\":[{\"@type\":\"ReadAction\",\"target\":[\"https:\\\/\\\/www.laguiadepamplona.com\\\/actualidad\\\/la-ciudadania-puede-lanzar-preguntas-y-aportaciones-para-el-foro-de-barrio-del-ensanche-hasta-el-proximo-lunes\\\/\"]}]},{\"@type\":\"ImageObject\",\"inLanguage\":\"es\",\"@id\":\"https:\\\/\\\/www.laguiadepamplona.com\\\/actualidad\\\/la-ciudadania-puede-lanzar-preguntas-y-aportaciones-para-el-foro-de-barrio-del-ensanche-hasta-el-proximo-lunes\\\/#primaryimage\",\"url\":\"https:\\\/\\\/www.laguiadepamplona.com\\\/actualidad\\\/wp-content\\\/uploads\\\/2022\\\/11\\\/foro_ensanche.webp\",\"contentUrl\":\"https:\\\/\\\/www.laguiadepamplona.com\\\/actualidad\\\/wp-content\\\/uploads\\\/2022\\\/11\\\/foro_ensanche.webp\",\"width\":1900,\"height\":700},{\"@type\":\"BreadcrumbList\",\"@id\":\"https:\\\/\\\/www.laguiadepamplona.com\\\/actualidad\\\/la-ciudadania-puede-lanzar-preguntas-y-aportaciones-para-el-foro-de-barrio-del-ensanche-hasta-el-proximo-lunes\\\/#breadcrumb\",\"itemListElement\":[{\"@type\":\"ListItem\",\"position\":1,\"name\":\"Portada\",\"item\":\"https:\\\/\\\/www.laguiadepamplona.com\\\/actualidad\\\/\"},{\"@type\":\"ListItem\",\"position\":2,\"name\":\"La ciudadan\u00eda puede lanzar preguntas y aportaciones para el Foro de Barrio del Ensanche hasta el pr\u00f3ximo lunes\"}]},{\"@type\":\"WebSite\",\"@id\":\"https:\\\/\\\/www.laguiadepamplona.com\\\/actualidad\\\/#website\",\"url\":\"https:\\\/\\\/www.laguiadepamplona.com\\\/actualidad\\\/\",\"name\":\"La gu\u00eda de Pamplona\",\"description\":\"Noticias de Pamplona\",\"publisher\":{\"@id\":\"https:\\\/\\\/www.laguiadepamplona.com\\\/actualidad\\\/#organization\"},\"potentialAction\":[{\"@type\":\"SearchAction\",\"target\":{\"@type\":\"EntryPoint\",\"urlTemplate\":\"https:\\\/\\\/www.laguiadepamplona.com\\\/actualidad\\\/?s={search_term_string}\"},\"query-input\":{\"@type\":\"PropertyValueSpecification\",\"valueRequired\":true,\"valueName\":\"search_term_string\"}}],\"inLanguage\":\"es\"},{\"@type\":\"Organization\",\"@id\":\"https:\\\/\\\/www.laguiadepamplona.com\\\/actualidad\\\/#organization\",\"name\":\"La Gu\u00eda de Pamplona \\\/ Noticias\",\"url\":\"https:\\\/\\\/www.laguiadepamplona.com\\\/actualidad\\\/\",\"logo\":{\"@type\":\"ImageObject\",\"inLanguage\":\"es\",\"@id\":\"https:\\\/\\\/www.laguiadepamplona.com\\\/actualidad\\\/#\\\/schema\\\/logo\\\/image\\\/\",\"url\":\"https:\\\/\\\/www.laguiadepamplona.com\\\/actualidad\\\/wp-content\\\/uploads\\\/2018\\\/11\\\/logo-laguiadepamplona18-web1.png\",\"contentUrl\":\"https:\\\/\\\/www.laguiadepamplona.com\\\/actualidad\\\/wp-content\\\/uploads\\\/2018\\\/11\\\/logo-laguiadepamplona18-web1.png\",\"width\":600,\"height\":196,\"caption\":\"La Gu\u00eda de Pamplona \\\/ Noticias\"},\"image\":{\"@id\":\"https:\\\/\\\/www.laguiadepamplona.com\\\/actualidad\\\/#\\\/schema\\\/logo\\\/image\\\/\"},\"sameAs\":[\"https:\\\/\\\/www.facebook.com\\\/laguiadepamplonacom-133175176762273\\\/?ref=hl\",\"https:\\\/\\\/x.com\\\/LaGuiadPamplona\",\"https:\\\/\\\/www.instagram.com\\\/la_guia_de_pamplona\\\/\",\"https:\\\/\\\/www.youtube.com\\\/user\\\/laguiadepamplona\"]},{\"@type\":\"Person\",\"@id\":\"https:\\\/\\\/www.laguiadepamplona.com\\\/actualidad\\\/#\\\/schema\\\/person\\\/efe887376f0213d4657c93adc50b1fdb\",\"name\":\"La Gu\u00eda de Pamplona\",\"image\":{\"@type\":\"ImageObject\",\"inLanguage\":\"es\",\"@id\":\"https:\\\/\\\/secure.gravatar.com\\\/avatar\\\/b6992f131dc8d30ab0dff15446e9d346d9dbd95992de0fef795073f5ea83a81c?s=96&d=mm&r=g\",\"url\":\"https:\\\/\\\/secure.gravatar.com\\\/avatar\\\/b6992f131dc8d30ab0dff15446e9d346d9dbd95992de0fef795073f5ea83a81c?s=96&d=mm&r=g\",\"contentUrl\":\"https:\\\/\\\/secure.gravatar.com\\\/avatar\\\/b6992f131dc8d30ab0dff15446e9d346d9dbd95992de0fef795073f5ea83a81c?s=96&d=mm&r=g\",\"caption\":\"La Gu\u00eda de Pamplona\"}}]}<\/script>\n<!-- \/ Yoast SEO plugin. -->","yoast_head_json":{"title":"La ciudadan\u00eda puede lanzar preguntas y aportaciones para el Foro de Barrio del Ensanche hasta el pr\u00f3ximo lunes","description":"El Foro, que contar\u00e1 con la presencia del alcalde Enrique Maya, se celebrar\u00e1 el jueves d\u00eda 17","robots":{"index":"index","follow":"follow","max-snippet":"max-snippet:-1","max-image-preview":"max-image-preview:large","max-video-preview":"max-video-preview:-1"},"canonical":"https:\/\/www.laguiadepamplona.com\/actualidad\/la-ciudadania-puede-lanzar-preguntas-y-aportaciones-para-el-foro-de-barrio-del-ensanche-hasta-el-proximo-lunes\/","og_locale":"es_ES","og_type":"article","og_title":"La ciudadan\u00eda puede lanzar preguntas y aportaciones para el Foro de Barrio del Ensanche hasta el pr\u00f3ximo lunes","og_description":"El Foro, que contar\u00e1 con la presencia del alcalde Enrique Maya, se celebrar\u00e1 el jueves d\u00eda 17","og_url":"https:\/\/www.laguiadepamplona.com\/actualidad\/la-ciudadania-puede-lanzar-preguntas-y-aportaciones-para-el-foro-de-barrio-del-ensanche-hasta-el-proximo-lunes\/","og_site_name":"La Gu\u00eda de Pamplona","article_publisher":"https:\/\/www.facebook.com\/laguiadepamplonacom-133175176762273\/?ref=hl","article_published_time":"2022-11-09T12:18:23+00:00","article_modified_time":"2023-04-11T09:47:36+00:00","og_image":[{"width":1900,"height":700,"url":"https:\/\/www.laguiadepamplona.com\/actualidad\/wp-content\/uploads\/2022\/11\/foro_ensanche.webp","type":"image\/webp"}],"author":"La Gu\u00eda de Pamplona","twitter_card":"summary_large_image","twitter_creator":"@LaGuiadPamplona","twitter_site":"@LaGuiadPamplona","twitter_misc":{"Escrito por":"La Gu\u00eda de Pamplona","Tiempo de lectura":"2 minutos"},"schema":{"@context":"https:\/\/schema.org","@graph":[{"@type":"Article","@id":"https:\/\/www.laguiadepamplona.com\/actualidad\/la-ciudadania-puede-lanzar-preguntas-y-aportaciones-para-el-foro-de-barrio-del-ensanche-hasta-el-proximo-lunes\/#article","isPartOf":{"@id":"https:\/\/www.laguiadepamplona.com\/actualidad\/la-ciudadania-puede-lanzar-preguntas-y-aportaciones-para-el-foro-de-barrio-del-ensanche-hasta-el-proximo-lunes\/"},"author":{"name":"La Gu\u00eda de Pamplona","@id":"https:\/\/www.laguiadepamplona.com\/actualidad\/#\/schema\/person\/efe887376f0213d4657c93adc50b1fdb"},"headline":"La ciudadan\u00eda puede lanzar preguntas y aportaciones para el Foro de Barrio del Ensanche hasta el pr\u00f3ximo lunes","datePublished":"2022-11-09T12:18:23+00:00","dateModified":"2023-04-11T09:47:36+00:00","mainEntityOfPage":{"@id":"https:\/\/www.laguiadepamplona.com\/actualidad\/la-ciudadania-puede-lanzar-preguntas-y-aportaciones-para-el-foro-de-barrio-del-ensanche-hasta-el-proximo-lunes\/"},"wordCount":482,"commentCount":0,"publisher":{"@id":"https:\/\/www.laguiadepamplona.com\/actualidad\/#organization"},"image":{"@id":"https:\/\/www.laguiadepamplona.com\/actualidad\/la-ciudadania-puede-lanzar-preguntas-y-aportaciones-para-el-foro-de-barrio-del-ensanche-hasta-el-proximo-lunes\/#primaryimage"},"thumbnailUrl":"https:\/\/www.laguiadepamplona.com\/actualidad\/wp-content\/uploads\/2022\/11\/foro_ensanche.webp","articleSection":["Ayto Pamplona"],"inLanguage":"es","potentialAction":[{"@type":"CommentAction","name":"Comment","target":["https:\/\/www.laguiadepamplona.com\/actualidad\/la-ciudadania-puede-lanzar-preguntas-y-aportaciones-para-el-foro-de-barrio-del-ensanche-hasta-el-proximo-lunes\/#respond"]}]},{"@type":"WebPage","@id":"https:\/\/www.laguiadepamplona.com\/actualidad\/la-ciudadania-puede-lanzar-preguntas-y-aportaciones-para-el-foro-de-barrio-del-ensanche-hasta-el-proximo-lunes\/","url":"https:\/\/www.laguiadepamplona.com\/actualidad\/la-ciudadania-puede-lanzar-preguntas-y-aportaciones-para-el-foro-de-barrio-del-ensanche-hasta-el-proximo-lunes\/","name":"La ciudadan\u00eda puede lanzar preguntas y aportaciones para el Foro de Barrio del Ensanche hasta el pr\u00f3ximo lunes","isPartOf":{"@id":"https:\/\/www.laguiadepamplona.com\/actualidad\/#website"},"primaryImageOfPage":{"@id":"https:\/\/www.laguiadepamplona.com\/actualidad\/la-ciudadania-puede-lanzar-preguntas-y-aportaciones-para-el-foro-de-barrio-del-ensanche-hasta-el-proximo-lunes\/#primaryimage"},"image":{"@id":"https:\/\/www.laguiadepamplona.com\/actualidad\/la-ciudadania-puede-lanzar-preguntas-y-aportaciones-para-el-foro-de-barrio-del-ensanche-hasta-el-proximo-lunes\/#primaryimage"},"thumbnailUrl":"https:\/\/www.laguiadepamplona.com\/actualidad\/wp-content\/uploads\/2022\/11\/foro_ensanche.webp","datePublished":"2022-11-09T12:18:23+00:00","dateModified":"2023-04-11T09:47:36+00:00","description":"El Foro, que contar\u00e1 con la presencia del alcalde Enrique Maya, se celebrar\u00e1 el jueves d\u00eda 17","breadcrumb":{"@id":"https:\/\/www.laguiadepamplona.com\/actualidad\/la-ciudadania-puede-lanzar-preguntas-y-aportaciones-para-el-foro-de-barrio-del-ensanche-hasta-el-proximo-lunes\/#breadcrumb"},"inLanguage":"es","potentialAction":[{"@type":"ReadAction","target":["https:\/\/www.laguiadepamplona.com\/actualidad\/la-ciudadania-puede-lanzar-preguntas-y-aportaciones-para-el-foro-de-barrio-del-ensanche-hasta-el-proximo-lunes\/"]}]},{"@type":"ImageObject","inLanguage":"es","@id":"https:\/\/www.laguiadepamplona.com\/actualidad\/la-ciudadania-puede-lanzar-preguntas-y-aportaciones-para-el-foro-de-barrio-del-ensanche-hasta-el-proximo-lunes\/#primaryimage","url":"https:\/\/www.laguiadepamplona.com\/actualidad\/wp-content\/uploads\/2022\/11\/foro_ensanche.webp","contentUrl":"https:\/\/www.laguiadepamplona.com\/actualidad\/wp-content\/uploads\/2022\/11\/foro_ensanche.webp","width":1900,"height":700},{"@type":"BreadcrumbList","@id":"https:\/\/www.laguiadepamplona.com\/actualidad\/la-ciudadania-puede-lanzar-preguntas-y-aportaciones-para-el-foro-de-barrio-del-ensanche-hasta-el-proximo-lunes\/#breadcrumb","itemListElement":[{"@type":"ListItem","position":1,"name":"Portada","item":"https:\/\/www.laguiadepamplona.com\/actualidad\/"},{"@type":"ListItem","position":2,"name":"La ciudadan\u00eda puede lanzar preguntas y aportaciones para el Foro de Barrio del Ensanche hasta el pr\u00f3ximo lunes"}]},{"@type":"WebSite","@id":"https:\/\/www.laguiadepamplona.com\/actualidad\/#website","url":"https:\/\/www.laguiadepamplona.com\/actualidad\/","name":"La gu\u00eda de Pamplona","description":"Noticias de Pamplona","publisher":{"@id":"https:\/\/www.laguiadepamplona.com\/actualidad\/#organization"},"potentialAction":[{"@type":"SearchAction","target":{"@type":"EntryPoint","urlTemplate":"https:\/\/www.laguiadepamplona.com\/actualidad\/?s={search_term_string}"},"query-input":{"@type":"PropertyValueSpecification","valueRequired":true,"valueName":"search_term_string"}}],"inLanguage":"es"},{"@type":"Organization","@id":"https:\/\/www.laguiadepamplona.com\/actualidad\/#organization","name":"La Gu\u00eda de Pamplona \/ Noticias","url":"https:\/\/www.laguiadepamplona.com\/actualidad\/","logo":{"@type":"ImageObject","inLanguage":"es","@id":"https:\/\/www.laguiadepamplona.com\/actualidad\/#\/schema\/logo\/image\/","url":"https:\/\/www.laguiadepamplona.com\/actualidad\/wp-content\/uploads\/2018\/11\/logo-laguiadepamplona18-web1.png","contentUrl":"https:\/\/www.laguiadepamplona.com\/actualidad\/wp-content\/uploads\/2018\/11\/logo-laguiadepamplona18-web1.png","width":600,"height":196,"caption":"La Gu\u00eda de Pamplona \/ Noticias"},"image":{"@id":"https:\/\/www.laguiadepamplona.com\/actualidad\/#\/schema\/logo\/image\/"},"sameAs":["https:\/\/www.facebook.com\/laguiadepamplonacom-133175176762273\/?ref=hl","https:\/\/x.com\/LaGuiadPamplona","https:\/\/www.instagram.com\/la_guia_de_pamplona\/","https:\/\/www.youtube.com\/user\/laguiadepamplona"]},{"@type":"Person","@id":"https:\/\/www.laguiadepamplona.com\/actualidad\/#\/schema\/person\/efe887376f0213d4657c93adc50b1fdb","name":"La Gu\u00eda de Pamplona","image":{"@type":"ImageObject","inLanguage":"es","@id":"https:\/\/secure.gravatar.com\/avatar\/b6992f131dc8d30ab0dff15446e9d346d9dbd95992de0fef795073f5ea83a81c?s=96&d=mm&r=g","url":"https:\/\/secure.gravatar.com\/avatar\/b6992f131dc8d30ab0dff15446e9d346d9dbd95992de0fef795073f5ea83a81c?s=96&d=mm&r=g","contentUrl":"https:\/\/secure.gravatar.com\/avatar\/b6992f131dc8d30ab0dff15446e9d346d9dbd95992de0fef795073f5ea83a81c?s=96&d=mm&r=g","caption":"La Gu\u00eda de Pamplona"}}]}},"post_mailing_queue_ids":[],"_links":{"self":[{"href":"https:\/\/www.laguiadepamplona.com\/actualidad\/wp-json\/wp\/v2\/posts\/42148","targetHints":{"allow":["GET"]}}],"collection":[{"href":"https:\/\/www.laguiadepamplona.com\/actualidad\/wp-json\/wp\/v2\/posts"}],"about":[{"href":"https:\/\/www.laguiadepamplona.com\/actualidad\/wp-json\/wp\/v2\/types\/post"}],"author":[{"embeddable":true,"href":"https:\/\/www.laguiadepamplona.com\/actualidad\/wp-json\/wp\/v2\/users\/1"}],"replies":[{"embeddable":true,"href":"https:\/\/www.laguiadepamplona.com\/actualidad\/wp-json\/wp\/v2\/comments?post=42148"}],"version-history":[{"count":0,"href":"https:\/\/www.laguiadepamplona.com\/actualidad\/wp-json\/wp\/v2\/posts\/42148\/revisions"}],"wp:featuredmedia":[{"embeddable":true,"href":"https:\/\/www.laguiadepamplona.com\/actualidad\/wp-json\/wp\/v2\/media\/42149"}],"wp:attachment":[{"href":"https:\/\/www.laguiadepamplona.com\/actualidad\/wp-json\/wp\/v2\/media?parent=42148"}],"wp:term":[{"taxonomy":"category","embeddable":true,"href":"https:\/\/www.laguiadepamplona.com\/actualidad\/wp-json\/wp\/v2\/categories?post=42148"},{"taxonomy":"post_tag","embeddable":true,"href":"https:\/\/www.laguiadepamplona.com\/actualidad\/wp-json\/wp\/v2\/tags?post=42148"}],"curies":[{"name":"wp","href":"https:\/\/api.w.org\/{rel}","templated":true}]}}