{"id":42139,"date":"2022-11-08T18:29:02","date_gmt":"2022-11-08T16:29:02","guid":{"rendered":"https:\/\/www.laguiadepamplona.com\/actualidad\/?p=42139"},"modified":"2023-04-11T11:47:37","modified_gmt":"2023-04-11T09:47:37","slug":"el-alcalde-de-pamplona-explica-esta-manana-en-un-foro-especializado-en-logrono-la-estrategia-y-las-acciones-de-la-ciudad-contra-el-cambio-climatico","status":"publish","type":"post","link":"https:\/\/www.laguiadepamplona.com\/actualidad\/el-alcalde-de-pamplona-explica-esta-manana-en-un-foro-especializado-en-logrono-la-estrategia-y-las-acciones-de-la-ciudad-contra-el-cambio-climatico\/","title":{"rendered":"El alcalde de Pamplona explica esta ma\u00f1ana en un foro especializado en Logro\u00f1o la estrategia y las acciones de la ciudad contra el cambio clim\u00e1tico"},"content":{"rendered":"<h5>Maya desgrana \u2018Go Green\u2019 como herramienta para repensar la ciudad y adaptarla a los cambios, mitigarlos y buscar una transici\u00f3n m\u00e1s justa<\/h5>\n<p><!--more--><\/p>\n<p>El alcalde de Pamplona, Enrique Maya, ha participado esta ma\u00f1ana en el encuentro \u2018Fondos europeos, palanca de transformaci\u00f3n\u2019 que se ha celebrado en Logro\u00f1o (La Rioja), un encuentro patrocinado por el ayuntamiento de la capital riojana. Su intervenci\u00f3n se produc\u00eda en el marco de la mesa redonda \u2018Repensando las ciudades\u2019, un espacio para compartir conocimientos en el que han estado tambi\u00e9n presentes el alcalde de Logro\u00f1o, Pablo Hermoso de Mendoza y el alcalde de Soria, Carlos Mart\u00ednez. En ese foro Maya ha explicado algunas de las buenas pr\u00e1cticas que est\u00e1 desarrollando la ciudad dentro de la iniciativa \u2018Go Green Pamplona\u2019, la Estrategia de Transici\u00f3n Energ\u00e9tica y Cambio Clim\u00e1tico 2030 que persigue un modelo de ciudad sostenible y descarbonizada. As\u00ed, el alcalde ha recalcado que una ciudad \u201cverde\u201d es una ciudad de futuro, con calidad urbana, que fomenta la salud y promueve el desarrollo econ\u00f3mico y el emprendimiento, apostando por la seguridad y la biodiversidad.<br \/>\n<script async src=\"\/\/pagead2.googlesyndication.com\/pagead\/js\/adsbygoogle.js\"><\/script><br \/>\n<!-- Noticias La Guia de Pamplona --><br \/>\n<ins class=\"adsbygoogle\"\nstyle=\"display:block\"\ndata-ad-client=\"ca-pub-6943679897239327\"\ndata-ad-slot=\"7048180777\"\ndata-ad-format=\"auto\"><\/ins><br \/>\n<script>\n(adsbygoogle = window.adsbygoogle || []).push({});\n<\/script><\/p>\n<p>En ese sentido la ciudad ha apostado por la generaci\u00f3n distribuida, la electrificaci\u00f3n, la eficiencia en el uso de la energ\u00eda y la implementaci\u00f3n de medidas de ahorro que ayuden a reducir los costes ecol\u00f3gicos y econ\u00f3micos de los m\u00e1s de 700 millones de euros al a\u00f1o que suma la factura energ\u00e9tica de Pamplona. El Consistorio anima a generar energ\u00eda limpia apoyando la colocaci\u00f3n de instalaciones de renovables para autoconsumo, una din\u00e1mica que se est\u00e1 desarrollando un ritmo especialmente r\u00e1pido desde el a\u00f1o 2019. Pero tambi\u00e9n busca contribuir al descenso del uso de los combustibles f\u00f3siles, dado que, en el desglose de la factura de Pamplona, el 55% de las emisiones son responsabilidad del transporte. As\u00ed, el Ayuntamiento ha apostado de forma clara por la movilidad peatonal y ciclista.<\/p>\n<p>En ese sentido, el Consistorio ha reconvertido espacios donde dominaba el coche en el centro de la ciudad consolidada en zonas peatonales y ciclables y ha creado una red de aparcamientos disuasorios intermodales. Adem\u00e1s, entre 2019 y 2022 ha habido un crecimiento exponencial de kil\u00f3metros de carril bici y Pamplona ha brindado a la ciudadan\u00eda un sistema de bicicleta p\u00fablica el\u00e9ctrica con 400 bicicletas en 42 bases distribuidas por todo el t\u00e9rmino municipal. En 10 meses, el sistema ha acogido ya a 42.000 personas usuarias. Se apuesta a su vez por el cambio de modelo, impulsando el coche el\u00e9ctrico mediante puntos de recarga accesible (50 en los \u00faltimos tiempos), la reducci\u00f3n del Impuesto de Circulaci\u00f3n y la exenci\u00f3n de las tasas de estacionamiento en superficie. Como consecuencia, en los \u00faltimos seis meses ha aumentado en un 250% el uso de la red de recarga el\u00e9ctrica p\u00fablica.<br \/>\n<script async src=\"\/\/pagead2.googlesyndication.com\/pagead\/js\/adsbygoogle.js\"><\/script><br \/>\n<!-- Noticias La Guia de Pamplona --><br \/>\n<ins class=\"adsbygoogle\"\nstyle=\"display:block\"\ndata-ad-client=\"ca-pub-6943679897239327\"\ndata-ad-slot=\"7048180777\"\ndata-ad-format=\"auto\"><\/ins><br \/>\n<script>\n(adsbygoogle = window.adsbygoogle || []).push({});\n<\/script><\/p>\n<p>Para compensar la contaminaci\u00f3n y reducir el impacto del incremento de temperaturas, la ciudad trabaja tambi\u00e9n en generar vegetaci\u00f3n en espacios desaprovechados de la ciudad consolidada, con iniciativas como los pasos permeables o incluso en \u00e1reas industriales, como la creaci\u00f3n de un \u2018bosque de absorci\u00f3n\u2019 de cuatro hect\u00e1reas en el pol\u00edgono de Agustinos.<\/p>\n<p>Este esfuerzo, acompa\u00f1ado con medidas de educaci\u00f3n y sensibilizaci\u00f3n ambiental, ha sido reconocido como trabajo ben hecho a trav\u00e9s de premios diversos. El Ministerio de Transici\u00f3n Ecol\u00f3gica, la Federaci\u00f3n Espa\u00f1ola de Municipios y Provincias (FEMP), la Red de Ciudades de la Bicicleta, la Federaci\u00f3n Andaluza de Asociaciones de Personas con Discapacidad o la Fundaci\u00f3n RSE son algunas de las entidades que han galardonado a Pamplona por sus buenas pr\u00e1cticas, la accesibilidad de sus espacios, su apoyo a la bicicleta o su manejo del medio natural contra el cambio clim\u00e1tico.<\/p>\n","protected":false},"excerpt":{"rendered":"<p>Maya desgrana \u2018Go Green\u2019 como herramienta para repensar la ciudad y adaptarla a los cambios, mitigarlos y buscar una transici\u00f3n m\u00e1s justa<\/p>\n","protected":false},"author":1,"featured_media":42140,"comment_status":"open","ping_status":"closed","sticky":false,"template":"","format":"standard","meta":{"footnotes":""},"categories":[2],"tags":[],"class_list":["post-42139","post","type-post","status-publish","format-standard","has-post-thumbnail","hentry","category-ayuntamiento-pamplona"],"yoast_head":"<!-- This site is optimized with the Yoast SEO plugin v27.3 - https:\/\/yoast.com\/product\/yoast-seo-wordpress\/ -->\n<title>El alcalde de Pamplona explica esta ma\u00f1ana en un foro especializado en Logro\u00f1o la estrategia y las acciones de la ciudad contra el cambio clim\u00e1tico<\/title>\n<meta name=\"description\" content=\"Maya desgrana \u2018Go Green\u2019 como herramienta para repensar la ciudad y adaptarla a los cambios, mitigarlos y buscar una transici\u00f3n m\u00e1s justa\" \/>\n<meta name=\"robots\" content=\"index, follow, max-snippet:-1, max-image-preview:large, max-video-preview:-1\" \/>\n<link rel=\"canonical\" href=\"https:\/\/www.laguiadepamplona.com\/actualidad\/el-alcalde-de-pamplona-explica-esta-manana-en-un-foro-especializado-en-logrono-la-estrategia-y-las-acciones-de-la-ciudad-contra-el-cambio-climatico\/\" \/>\n<meta property=\"og:locale\" content=\"es_ES\" \/>\n<meta property=\"og:type\" content=\"article\" \/>\n<meta property=\"og:title\" content=\"El alcalde de Pamplona explica esta ma\u00f1ana en un foro especializado en Logro\u00f1o la estrategia y las acciones de la ciudad contra el cambio clim\u00e1tico\" \/>\n<meta property=\"og:description\" content=\"Maya desgrana \u2018Go Green\u2019 como herramienta para repensar la ciudad y adaptarla a los cambios, mitigarlos y buscar una transici\u00f3n m\u00e1s justa\" \/>\n<meta property=\"og:url\" content=\"https:\/\/www.laguiadepamplona.com\/actualidad\/el-alcalde-de-pamplona-explica-esta-manana-en-un-foro-especializado-en-logrono-la-estrategia-y-las-acciones-de-la-ciudad-contra-el-cambio-climatico\/\" \/>\n<meta property=\"og:site_name\" content=\"La Gu\u00eda de Pamplona\" \/>\n<meta property=\"article:publisher\" content=\"https:\/\/www.facebook.com\/laguiadepamplonacom-133175176762273\/?ref=hl\" \/>\n<meta property=\"article:published_time\" content=\"2022-11-08T16:29:02+00:00\" \/>\n<meta property=\"article:modified_time\" content=\"2023-04-11T09:47:37+00:00\" \/>\n<meta property=\"og:image\" content=\"https:\/\/www.laguiadepamplona.com\/actualidad\/wp-content\/uploads\/2022\/11\/alcalde-pamplona-logrono-cambio-climatico.jpg\" \/>\n\t<meta property=\"og:image:width\" content=\"1024\" \/>\n\t<meta property=\"og:image:height\" content=\"768\" \/>\n\t<meta property=\"og:image:type\" content=\"image\/jpeg\" \/>\n<meta name=\"author\" content=\"La Gu\u00eda de Pamplona\" \/>\n<meta name=\"twitter:card\" content=\"summary_large_image\" \/>\n<meta name=\"twitter:creator\" content=\"@LaGuiadPamplona\" \/>\n<meta name=\"twitter:site\" content=\"@LaGuiadPamplona\" \/>\n<meta name=\"twitter:label1\" content=\"Escrito por\" \/>\n\t<meta name=\"twitter:data1\" content=\"La Gu\u00eda de Pamplona\" \/>\n\t<meta name=\"twitter:label2\" content=\"Tiempo de lectura\" \/>\n\t<meta name=\"twitter:data2\" content=\"3 minutos\" \/>\n<script type=\"application\/ld+json\" class=\"yoast-schema-graph\">{\"@context\":\"https:\\\/\\\/schema.org\",\"@graph\":[{\"@type\":\"Article\",\"@id\":\"https:\\\/\\\/www.laguiadepamplona.com\\\/actualidad\\\/el-alcalde-de-pamplona-explica-esta-manana-en-un-foro-especializado-en-logrono-la-estrategia-y-las-acciones-de-la-ciudad-contra-el-cambio-climatico\\\/#article\",\"isPartOf\":{\"@id\":\"https:\\\/\\\/www.laguiadepamplona.com\\\/actualidad\\\/el-alcalde-de-pamplona-explica-esta-manana-en-un-foro-especializado-en-logrono-la-estrategia-y-las-acciones-de-la-ciudad-contra-el-cambio-climatico\\\/\"},\"author\":{\"name\":\"La Gu\u00eda de Pamplona\",\"@id\":\"https:\\\/\\\/www.laguiadepamplona.com\\\/actualidad\\\/#\\\/schema\\\/person\\\/efe887376f0213d4657c93adc50b1fdb\"},\"headline\":\"El alcalde de Pamplona explica esta ma\u00f1ana en un foro especializado en Logro\u00f1o la estrategia y las acciones de la ciudad contra el cambio clim\u00e1tico\",\"datePublished\":\"2022-11-08T16:29:02+00:00\",\"dateModified\":\"2023-04-11T09:47:37+00:00\",\"mainEntityOfPage\":{\"@id\":\"https:\\\/\\\/www.laguiadepamplona.com\\\/actualidad\\\/el-alcalde-de-pamplona-explica-esta-manana-en-un-foro-especializado-en-logrono-la-estrategia-y-las-acciones-de-la-ciudad-contra-el-cambio-climatico\\\/\"},\"wordCount\":671,\"commentCount\":0,\"publisher\":{\"@id\":\"https:\\\/\\\/www.laguiadepamplona.com\\\/actualidad\\\/#organization\"},\"image\":{\"@id\":\"https:\\\/\\\/www.laguiadepamplona.com\\\/actualidad\\\/el-alcalde-de-pamplona-explica-esta-manana-en-un-foro-especializado-en-logrono-la-estrategia-y-las-acciones-de-la-ciudad-contra-el-cambio-climatico\\\/#primaryimage\"},\"thumbnailUrl\":\"https:\\\/\\\/www.laguiadepamplona.com\\\/actualidad\\\/wp-content\\\/uploads\\\/2022\\\/11\\\/alcalde-pamplona-logrono-cambio-climatico.jpg\",\"articleSection\":[\"Ayto Pamplona\"],\"inLanguage\":\"es\",\"potentialAction\":[{\"@type\":\"CommentAction\",\"name\":\"Comment\",\"target\":[\"https:\\\/\\\/www.laguiadepamplona.com\\\/actualidad\\\/el-alcalde-de-pamplona-explica-esta-manana-en-un-foro-especializado-en-logrono-la-estrategia-y-las-acciones-de-la-ciudad-contra-el-cambio-climatico\\\/#respond\"]}]},{\"@type\":\"WebPage\",\"@id\":\"https:\\\/\\\/www.laguiadepamplona.com\\\/actualidad\\\/el-alcalde-de-pamplona-explica-esta-manana-en-un-foro-especializado-en-logrono-la-estrategia-y-las-acciones-de-la-ciudad-contra-el-cambio-climatico\\\/\",\"url\":\"https:\\\/\\\/www.laguiadepamplona.com\\\/actualidad\\\/el-alcalde-de-pamplona-explica-esta-manana-en-un-foro-especializado-en-logrono-la-estrategia-y-las-acciones-de-la-ciudad-contra-el-cambio-climatico\\\/\",\"name\":\"El alcalde de Pamplona explica esta ma\u00f1ana en un foro especializado en Logro\u00f1o la estrategia y las acciones de la ciudad contra el cambio clim\u00e1tico\",\"isPartOf\":{\"@id\":\"https:\\\/\\\/www.laguiadepamplona.com\\\/actualidad\\\/#website\"},\"primaryImageOfPage\":{\"@id\":\"https:\\\/\\\/www.laguiadepamplona.com\\\/actualidad\\\/el-alcalde-de-pamplona-explica-esta-manana-en-un-foro-especializado-en-logrono-la-estrategia-y-las-acciones-de-la-ciudad-contra-el-cambio-climatico\\\/#primaryimage\"},\"image\":{\"@id\":\"https:\\\/\\\/www.laguiadepamplona.com\\\/actualidad\\\/el-alcalde-de-pamplona-explica-esta-manana-en-un-foro-especializado-en-logrono-la-estrategia-y-las-acciones-de-la-ciudad-contra-el-cambio-climatico\\\/#primaryimage\"},\"thumbnailUrl\":\"https:\\\/\\\/www.laguiadepamplona.com\\\/actualidad\\\/wp-content\\\/uploads\\\/2022\\\/11\\\/alcalde-pamplona-logrono-cambio-climatico.jpg\",\"datePublished\":\"2022-11-08T16:29:02+00:00\",\"dateModified\":\"2023-04-11T09:47:37+00:00\",\"description\":\"Maya desgrana \u2018Go Green\u2019 como herramienta para repensar la ciudad y adaptarla a los cambios, mitigarlos y buscar una transici\u00f3n m\u00e1s justa\",\"breadcrumb\":{\"@id\":\"https:\\\/\\\/www.laguiadepamplona.com\\\/actualidad\\\/el-alcalde-de-pamplona-explica-esta-manana-en-un-foro-especializado-en-logrono-la-estrategia-y-las-acciones-de-la-ciudad-contra-el-cambio-climatico\\\/#breadcrumb\"},\"inLanguage\":\"es\",\"potentialAction\":[{\"@type\":\"ReadAction\",\"target\":[\"https:\\\/\\\/www.laguiadepamplona.com\\\/actualidad\\\/el-alcalde-de-pamplona-explica-esta-manana-en-un-foro-especializado-en-logrono-la-estrategia-y-las-acciones-de-la-ciudad-contra-el-cambio-climatico\\\/\"]}]},{\"@type\":\"ImageObject\",\"inLanguage\":\"es\",\"@id\":\"https:\\\/\\\/www.laguiadepamplona.com\\\/actualidad\\\/el-alcalde-de-pamplona-explica-esta-manana-en-un-foro-especializado-en-logrono-la-estrategia-y-las-acciones-de-la-ciudad-contra-el-cambio-climatico\\\/#primaryimage\",\"url\":\"https:\\\/\\\/www.laguiadepamplona.com\\\/actualidad\\\/wp-content\\\/uploads\\\/2022\\\/11\\\/alcalde-pamplona-logrono-cambio-climatico.jpg\",\"contentUrl\":\"https:\\\/\\\/www.laguiadepamplona.com\\\/actualidad\\\/wp-content\\\/uploads\\\/2022\\\/11\\\/alcalde-pamplona-logrono-cambio-climatico.jpg\",\"width\":1024,\"height\":768},{\"@type\":\"BreadcrumbList\",\"@id\":\"https:\\\/\\\/www.laguiadepamplona.com\\\/actualidad\\\/el-alcalde-de-pamplona-explica-esta-manana-en-un-foro-especializado-en-logrono-la-estrategia-y-las-acciones-de-la-ciudad-contra-el-cambio-climatico\\\/#breadcrumb\",\"itemListElement\":[{\"@type\":\"ListItem\",\"position\":1,\"name\":\"Portada\",\"item\":\"https:\\\/\\\/www.laguiadepamplona.com\\\/actualidad\\\/\"},{\"@type\":\"ListItem\",\"position\":2,\"name\":\"El alcalde de Pamplona explica esta ma\u00f1ana en un foro especializado en Logro\u00f1o la estrategia y las acciones de la ciudad contra el cambio clim\u00e1tico\"}]},{\"@type\":\"WebSite\",\"@id\":\"https:\\\/\\\/www.laguiadepamplona.com\\\/actualidad\\\/#website\",\"url\":\"https:\\\/\\\/www.laguiadepamplona.com\\\/actualidad\\\/\",\"name\":\"La gu\u00eda de Pamplona\",\"description\":\"Noticias de Pamplona\",\"publisher\":{\"@id\":\"https:\\\/\\\/www.laguiadepamplona.com\\\/actualidad\\\/#organization\"},\"potentialAction\":[{\"@type\":\"SearchAction\",\"target\":{\"@type\":\"EntryPoint\",\"urlTemplate\":\"https:\\\/\\\/www.laguiadepamplona.com\\\/actualidad\\\/?s={search_term_string}\"},\"query-input\":{\"@type\":\"PropertyValueSpecification\",\"valueRequired\":true,\"valueName\":\"search_term_string\"}}],\"inLanguage\":\"es\"},{\"@type\":\"Organization\",\"@id\":\"https:\\\/\\\/www.laguiadepamplona.com\\\/actualidad\\\/#organization\",\"name\":\"La Gu\u00eda de Pamplona \\\/ Noticias\",\"url\":\"https:\\\/\\\/www.laguiadepamplona.com\\\/actualidad\\\/\",\"logo\":{\"@type\":\"ImageObject\",\"inLanguage\":\"es\",\"@id\":\"https:\\\/\\\/www.laguiadepamplona.com\\\/actualidad\\\/#\\\/schema\\\/logo\\\/image\\\/\",\"url\":\"https:\\\/\\\/www.laguiadepamplona.com\\\/actualidad\\\/wp-content\\\/uploads\\\/2018\\\/11\\\/logo-laguiadepamplona18-web1.png\",\"contentUrl\":\"https:\\\/\\\/www.laguiadepamplona.com\\\/actualidad\\\/wp-content\\\/uploads\\\/2018\\\/11\\\/logo-laguiadepamplona18-web1.png\",\"width\":600,\"height\":196,\"caption\":\"La Gu\u00eda de Pamplona \\\/ Noticias\"},\"image\":{\"@id\":\"https:\\\/\\\/www.laguiadepamplona.com\\\/actualidad\\\/#\\\/schema\\\/logo\\\/image\\\/\"},\"sameAs\":[\"https:\\\/\\\/www.facebook.com\\\/laguiadepamplonacom-133175176762273\\\/?ref=hl\",\"https:\\\/\\\/x.com\\\/LaGuiadPamplona\",\"https:\\\/\\\/www.instagram.com\\\/la_guia_de_pamplona\\\/\",\"https:\\\/\\\/www.youtube.com\\\/user\\\/laguiadepamplona\"]},{\"@type\":\"Person\",\"@id\":\"https:\\\/\\\/www.laguiadepamplona.com\\\/actualidad\\\/#\\\/schema\\\/person\\\/efe887376f0213d4657c93adc50b1fdb\",\"name\":\"La Gu\u00eda de Pamplona\",\"image\":{\"@type\":\"ImageObject\",\"inLanguage\":\"es\",\"@id\":\"https:\\\/\\\/secure.gravatar.com\\\/avatar\\\/b6992f131dc8d30ab0dff15446e9d346d9dbd95992de0fef795073f5ea83a81c?s=96&d=mm&r=g\",\"url\":\"https:\\\/\\\/secure.gravatar.com\\\/avatar\\\/b6992f131dc8d30ab0dff15446e9d346d9dbd95992de0fef795073f5ea83a81c?s=96&d=mm&r=g\",\"contentUrl\":\"https:\\\/\\\/secure.gravatar.com\\\/avatar\\\/b6992f131dc8d30ab0dff15446e9d346d9dbd95992de0fef795073f5ea83a81c?s=96&d=mm&r=g\",\"caption\":\"La Gu\u00eda de Pamplona\"}}]}<\/script>\n<!-- \/ Yoast SEO plugin. -->","yoast_head_json":{"title":"El alcalde de Pamplona explica esta ma\u00f1ana en un foro especializado en Logro\u00f1o la estrategia y las acciones de la ciudad contra el cambio clim\u00e1tico","description":"Maya desgrana \u2018Go Green\u2019 como herramienta para repensar la ciudad y adaptarla a los cambios, mitigarlos y buscar una transici\u00f3n m\u00e1s justa","robots":{"index":"index","follow":"follow","max-snippet":"max-snippet:-1","max-image-preview":"max-image-preview:large","max-video-preview":"max-video-preview:-1"},"canonical":"https:\/\/www.laguiadepamplona.com\/actualidad\/el-alcalde-de-pamplona-explica-esta-manana-en-un-foro-especializado-en-logrono-la-estrategia-y-las-acciones-de-la-ciudad-contra-el-cambio-climatico\/","og_locale":"es_ES","og_type":"article","og_title":"El alcalde de Pamplona explica esta ma\u00f1ana en un foro especializado en Logro\u00f1o la estrategia y las acciones de la ciudad contra el cambio clim\u00e1tico","og_description":"Maya desgrana \u2018Go Green\u2019 como herramienta para repensar la ciudad y adaptarla a los cambios, mitigarlos y buscar una transici\u00f3n m\u00e1s justa","og_url":"https:\/\/www.laguiadepamplona.com\/actualidad\/el-alcalde-de-pamplona-explica-esta-manana-en-un-foro-especializado-en-logrono-la-estrategia-y-las-acciones-de-la-ciudad-contra-el-cambio-climatico\/","og_site_name":"La Gu\u00eda de Pamplona","article_publisher":"https:\/\/www.facebook.com\/laguiadepamplonacom-133175176762273\/?ref=hl","article_published_time":"2022-11-08T16:29:02+00:00","article_modified_time":"2023-04-11T09:47:37+00:00","og_image":[{"width":1024,"height":768,"url":"https:\/\/www.laguiadepamplona.com\/actualidad\/wp-content\/uploads\/2022\/11\/alcalde-pamplona-logrono-cambio-climatico.jpg","type":"image\/jpeg"}],"author":"La Gu\u00eda de Pamplona","twitter_card":"summary_large_image","twitter_creator":"@LaGuiadPamplona","twitter_site":"@LaGuiadPamplona","twitter_misc":{"Escrito por":"La Gu\u00eda de Pamplona","Tiempo de lectura":"3 minutos"},"schema":{"@context":"https:\/\/schema.org","@graph":[{"@type":"Article","@id":"https:\/\/www.laguiadepamplona.com\/actualidad\/el-alcalde-de-pamplona-explica-esta-manana-en-un-foro-especializado-en-logrono-la-estrategia-y-las-acciones-de-la-ciudad-contra-el-cambio-climatico\/#article","isPartOf":{"@id":"https:\/\/www.laguiadepamplona.com\/actualidad\/el-alcalde-de-pamplona-explica-esta-manana-en-un-foro-especializado-en-logrono-la-estrategia-y-las-acciones-de-la-ciudad-contra-el-cambio-climatico\/"},"author":{"name":"La Gu\u00eda de Pamplona","@id":"https:\/\/www.laguiadepamplona.com\/actualidad\/#\/schema\/person\/efe887376f0213d4657c93adc50b1fdb"},"headline":"El alcalde de Pamplona explica esta ma\u00f1ana en un foro especializado en Logro\u00f1o la estrategia y las acciones de la ciudad contra el cambio clim\u00e1tico","datePublished":"2022-11-08T16:29:02+00:00","dateModified":"2023-04-11T09:47:37+00:00","mainEntityOfPage":{"@id":"https:\/\/www.laguiadepamplona.com\/actualidad\/el-alcalde-de-pamplona-explica-esta-manana-en-un-foro-especializado-en-logrono-la-estrategia-y-las-acciones-de-la-ciudad-contra-el-cambio-climatico\/"},"wordCount":671,"commentCount":0,"publisher":{"@id":"https:\/\/www.laguiadepamplona.com\/actualidad\/#organization"},"image":{"@id":"https:\/\/www.laguiadepamplona.com\/actualidad\/el-alcalde-de-pamplona-explica-esta-manana-en-un-foro-especializado-en-logrono-la-estrategia-y-las-acciones-de-la-ciudad-contra-el-cambio-climatico\/#primaryimage"},"thumbnailUrl":"https:\/\/www.laguiadepamplona.com\/actualidad\/wp-content\/uploads\/2022\/11\/alcalde-pamplona-logrono-cambio-climatico.jpg","articleSection":["Ayto Pamplona"],"inLanguage":"es","potentialAction":[{"@type":"CommentAction","name":"Comment","target":["https:\/\/www.laguiadepamplona.com\/actualidad\/el-alcalde-de-pamplona-explica-esta-manana-en-un-foro-especializado-en-logrono-la-estrategia-y-las-acciones-de-la-ciudad-contra-el-cambio-climatico\/#respond"]}]},{"@type":"WebPage","@id":"https:\/\/www.laguiadepamplona.com\/actualidad\/el-alcalde-de-pamplona-explica-esta-manana-en-un-foro-especializado-en-logrono-la-estrategia-y-las-acciones-de-la-ciudad-contra-el-cambio-climatico\/","url":"https:\/\/www.laguiadepamplona.com\/actualidad\/el-alcalde-de-pamplona-explica-esta-manana-en-un-foro-especializado-en-logrono-la-estrategia-y-las-acciones-de-la-ciudad-contra-el-cambio-climatico\/","name":"El alcalde de Pamplona explica esta ma\u00f1ana en un foro especializado en Logro\u00f1o la estrategia y las acciones de la ciudad contra el cambio clim\u00e1tico","isPartOf":{"@id":"https:\/\/www.laguiadepamplona.com\/actualidad\/#website"},"primaryImageOfPage":{"@id":"https:\/\/www.laguiadepamplona.com\/actualidad\/el-alcalde-de-pamplona-explica-esta-manana-en-un-foro-especializado-en-logrono-la-estrategia-y-las-acciones-de-la-ciudad-contra-el-cambio-climatico\/#primaryimage"},"image":{"@id":"https:\/\/www.laguiadepamplona.com\/actualidad\/el-alcalde-de-pamplona-explica-esta-manana-en-un-foro-especializado-en-logrono-la-estrategia-y-las-acciones-de-la-ciudad-contra-el-cambio-climatico\/#primaryimage"},"thumbnailUrl":"https:\/\/www.laguiadepamplona.com\/actualidad\/wp-content\/uploads\/2022\/11\/alcalde-pamplona-logrono-cambio-climatico.jpg","datePublished":"2022-11-08T16:29:02+00:00","dateModified":"2023-04-11T09:47:37+00:00","description":"Maya desgrana \u2018Go Green\u2019 como herramienta para repensar la ciudad y adaptarla a los cambios, mitigarlos y buscar una transici\u00f3n m\u00e1s justa","breadcrumb":{"@id":"https:\/\/www.laguiadepamplona.com\/actualidad\/el-alcalde-de-pamplona-explica-esta-manana-en-un-foro-especializado-en-logrono-la-estrategia-y-las-acciones-de-la-ciudad-contra-el-cambio-climatico\/#breadcrumb"},"inLanguage":"es","potentialAction":[{"@type":"ReadAction","target":["https:\/\/www.laguiadepamplona.com\/actualidad\/el-alcalde-de-pamplona-explica-esta-manana-en-un-foro-especializado-en-logrono-la-estrategia-y-las-acciones-de-la-ciudad-contra-el-cambio-climatico\/"]}]},{"@type":"ImageObject","inLanguage":"es","@id":"https:\/\/www.laguiadepamplona.com\/actualidad\/el-alcalde-de-pamplona-explica-esta-manana-en-un-foro-especializado-en-logrono-la-estrategia-y-las-acciones-de-la-ciudad-contra-el-cambio-climatico\/#primaryimage","url":"https:\/\/www.laguiadepamplona.com\/actualidad\/wp-content\/uploads\/2022\/11\/alcalde-pamplona-logrono-cambio-climatico.jpg","contentUrl":"https:\/\/www.laguiadepamplona.com\/actualidad\/wp-content\/uploads\/2022\/11\/alcalde-pamplona-logrono-cambio-climatico.jpg","width":1024,"height":768},{"@type":"BreadcrumbList","@id":"https:\/\/www.laguiadepamplona.com\/actualidad\/el-alcalde-de-pamplona-explica-esta-manana-en-un-foro-especializado-en-logrono-la-estrategia-y-las-acciones-de-la-ciudad-contra-el-cambio-climatico\/#breadcrumb","itemListElement":[{"@type":"ListItem","position":1,"name":"Portada","item":"https:\/\/www.laguiadepamplona.com\/actualidad\/"},{"@type":"ListItem","position":2,"name":"El alcalde de Pamplona explica esta ma\u00f1ana en un foro especializado en Logro\u00f1o la estrategia y las acciones de la ciudad contra el cambio clim\u00e1tico"}]},{"@type":"WebSite","@id":"https:\/\/www.laguiadepamplona.com\/actualidad\/#website","url":"https:\/\/www.laguiadepamplona.com\/actualidad\/","name":"La gu\u00eda de Pamplona","description":"Noticias de Pamplona","publisher":{"@id":"https:\/\/www.laguiadepamplona.com\/actualidad\/#organization"},"potentialAction":[{"@type":"SearchAction","target":{"@type":"EntryPoint","urlTemplate":"https:\/\/www.laguiadepamplona.com\/actualidad\/?s={search_term_string}"},"query-input":{"@type":"PropertyValueSpecification","valueRequired":true,"valueName":"search_term_string"}}],"inLanguage":"es"},{"@type":"Organization","@id":"https:\/\/www.laguiadepamplona.com\/actualidad\/#organization","name":"La Gu\u00eda de Pamplona \/ Noticias","url":"https:\/\/www.laguiadepamplona.com\/actualidad\/","logo":{"@type":"ImageObject","inLanguage":"es","@id":"https:\/\/www.laguiadepamplona.com\/actualidad\/#\/schema\/logo\/image\/","url":"https:\/\/www.laguiadepamplona.com\/actualidad\/wp-content\/uploads\/2018\/11\/logo-laguiadepamplona18-web1.png","contentUrl":"https:\/\/www.laguiadepamplona.com\/actualidad\/wp-content\/uploads\/2018\/11\/logo-laguiadepamplona18-web1.png","width":600,"height":196,"caption":"La Gu\u00eda de Pamplona \/ Noticias"},"image":{"@id":"https:\/\/www.laguiadepamplona.com\/actualidad\/#\/schema\/logo\/image\/"},"sameAs":["https:\/\/www.facebook.com\/laguiadepamplonacom-133175176762273\/?ref=hl","https:\/\/x.com\/LaGuiadPamplona","https:\/\/www.instagram.com\/la_guia_de_pamplona\/","https:\/\/www.youtube.com\/user\/laguiadepamplona"]},{"@type":"Person","@id":"https:\/\/www.laguiadepamplona.com\/actualidad\/#\/schema\/person\/efe887376f0213d4657c93adc50b1fdb","name":"La Gu\u00eda de Pamplona","image":{"@type":"ImageObject","inLanguage":"es","@id":"https:\/\/secure.gravatar.com\/avatar\/b6992f131dc8d30ab0dff15446e9d346d9dbd95992de0fef795073f5ea83a81c?s=96&d=mm&r=g","url":"https:\/\/secure.gravatar.com\/avatar\/b6992f131dc8d30ab0dff15446e9d346d9dbd95992de0fef795073f5ea83a81c?s=96&d=mm&r=g","contentUrl":"https:\/\/secure.gravatar.com\/avatar\/b6992f131dc8d30ab0dff15446e9d346d9dbd95992de0fef795073f5ea83a81c?s=96&d=mm&r=g","caption":"La Gu\u00eda de Pamplona"}}]}},"post_mailing_queue_ids":[],"_links":{"self":[{"href":"https:\/\/www.laguiadepamplona.com\/actualidad\/wp-json\/wp\/v2\/posts\/42139","targetHints":{"allow":["GET"]}}],"collection":[{"href":"https:\/\/www.laguiadepamplona.com\/actualidad\/wp-json\/wp\/v2\/posts"}],"about":[{"href":"https:\/\/www.laguiadepamplona.com\/actualidad\/wp-json\/wp\/v2\/types\/post"}],"author":[{"embeddable":true,"href":"https:\/\/www.laguiadepamplona.com\/actualidad\/wp-json\/wp\/v2\/users\/1"}],"replies":[{"embeddable":true,"href":"https:\/\/www.laguiadepamplona.com\/actualidad\/wp-json\/wp\/v2\/comments?post=42139"}],"version-history":[{"count":0,"href":"https:\/\/www.laguiadepamplona.com\/actualidad\/wp-json\/wp\/v2\/posts\/42139\/revisions"}],"wp:featuredmedia":[{"embeddable":true,"href":"https:\/\/www.laguiadepamplona.com\/actualidad\/wp-json\/wp\/v2\/media\/42140"}],"wp:attachment":[{"href":"https:\/\/www.laguiadepamplona.com\/actualidad\/wp-json\/wp\/v2\/media?parent=42139"}],"wp:term":[{"taxonomy":"category","embeddable":true,"href":"https:\/\/www.laguiadepamplona.com\/actualidad\/wp-json\/wp\/v2\/categories?post=42139"},{"taxonomy":"post_tag","embeddable":true,"href":"https:\/\/www.laguiadepamplona.com\/actualidad\/wp-json\/wp\/v2\/tags?post=42139"}],"curies":[{"name":"wp","href":"https:\/\/api.w.org\/{rel}","templated":true}]}}