{"id":42131,"date":"2022-11-07T18:22:23","date_gmt":"2022-11-07T16:22:23","guid":{"rendered":"https:\/\/www.laguiadepamplona.com\/actualidad\/?p=42131"},"modified":"2023-04-11T11:47:37","modified_gmt":"2023-04-11T09:47:37","slug":"el-ayuntamiento-adjudica-el-contrato-de-suministro-de-la-iluminacion-y-la-decoracion-de-navidad-2022-2023-por-un-importe-de-215-000-euros","status":"publish","type":"post","link":"https:\/\/www.laguiadepamplona.com\/actualidad\/el-ayuntamiento-adjudica-el-contrato-de-suministro-de-la-iluminacion-y-la-decoracion-de-navidad-2022-2023-por-un-importe-de-215-000-euros\/","title":{"rendered":"El Ayuntamiento adjudica el contrato de suministro de la iluminaci\u00f3n y la decoraci\u00f3n de Navidad 2022-2023, por un importe de 215.000 euros"},"content":{"rendered":"<h5>La tecnolog\u00eda led garantiza la eficiencia energ\u00e9tica de la iluminaci\u00f3n, que se encender\u00e1 a partir de las 17.45 horas, del 29 de noviembre al 6 de enero<\/h5>\n<p><!--more--><\/p>\n<p>La Junta de Gobierno del Ayuntamiento de Pamplona ha adjudicado el suministro de iluminaci\u00f3n y decoraci\u00f3n navide\u00f1a 2022-2023 a la empresa Blachere Iluminaci\u00f3n Espa\u00f1a SA, por un importe de 215.000 euros, IVA incluido. La firma es la \u00fanica que ha concurrido a la licitaci\u00f3n, adjudicada por procedimiento negociado sin publicidad, tras quedar desiertas las dos contrataciones anteriores.<br \/>\n<script async src=\"\/\/pagead2.googlesyndication.com\/pagead\/js\/adsbygoogle.js\"><\/script><br \/>\n<!-- Noticias La Guia de Pamplona --><br \/>\n<ins class=\"adsbygoogle\"\nstyle=\"display:block\"\ndata-ad-client=\"ca-pub-6943679897239327\"\ndata-ad-slot=\"7048180777\"\ndata-ad-format=\"auto\"><\/ins><br \/>\n<script>\n(adsbygoogle = window.adsbygoogle || []).push({});\n<\/script><\/p>\n<p>La empresa adjudicataria deber\u00e1 garantizar el encendido y el adecuado funcionamiento de la iluminaci\u00f3n, que es 100% led desde hace ya varios a\u00f1os, desde el 29 de noviembre hasta el 6 de enero, ambos incluidos, en horario de 17.45 a 23 horas. Los viernes y s\u00e1bados de diciembre y enero, el apagado ser\u00e1 a la una de la madrugada, y el 24 y 31 de diciembre y el 5 de enero, v\u00edsperas de los festivos navide\u00f1os, se prolongar\u00e1 hasta las 2 de la madrugada. La empresa tambi\u00e9n deber\u00e1 resolver las posibles incidencias que surjan, como apagados o rotura de elementos, durante todo el periodo de encendido de la iluminaci\u00f3n navide\u00f1a, que suma 39 d\u00edas.<\/p>\n<p>Con esta iluminaci\u00f3n y decoraci\u00f3n especial se busca reforzar la visibilidad del comercio de cercan\u00eda y los principales atractivos tur\u00edsticos de la ciudad. De esta manera, se favorece e incentiva la estancia de la ciudadan\u00eda de Pamplona y de sus visitantes por el centro y los barrios. El Ayuntamiento no dispone de medios propios para asumir directamente estas labores de iluminaci\u00f3n e instalaci\u00f3n de elementos decorativos, por lo que ha licitado este contrato, que incluye el alquiler, montaje, mantenimiento y desmontaje de los elementos de ornamentaci\u00f3n y las luminarias navide\u00f1as.<br \/>\n<script async src=\"\/\/pagead2.googlesyndication.com\/pagead\/js\/adsbygoogle.js\"><\/script><br \/>\n<!-- Noticias La Guia de Pamplona --><br \/>\n<ins class=\"adsbygoogle\"\nstyle=\"display:block\"\ndata-ad-client=\"ca-pub-6943679897239327\"\ndata-ad-slot=\"7048180777\"\ndata-ad-format=\"auto\"><\/ins><br \/>\n<script>\n(adsbygoogle = window.adsbygoogle || []).push({});\n<\/script><\/p>\n<p><strong>Todos los enclaves<\/strong><\/p>\n<p>Las farolas iluminar\u00e1n cuatro emplazamientos de la ciudad: la avenida Baja Navarra, desde la plaza Pr\u00edncipe de Viana hasta el cruce con la calle Olite, a ambos lados de la avenida; Conde Oliveto y avenida del Ej\u00e9rcito, a ambos lados de las dos avenidas; y la calle Yanguas y Miranda, entre plaza de la Paz y plaza de los Fueros, a ambos lados de la calle.<\/p>\n<p>El Casco Antiguo y el Ensanche se iluminar\u00e1n con 86 y 95 arcos, respectivamente, instalados en diversas calles. Adem\u00e1s, se instalar\u00e1n ocho decoraciones en las plazas de la Libertad, de la Cruz, Pr\u00edncipe de Viana, Merindades, San Francisco y Teatro Gayarre. Por \u00faltimo, el contrato indica cuatro enclaves como espacios de libre creaci\u00f3n: la fachada de la Casa Consistorial y la propia plaza, la avenida de Carlos III entera, entre la plaza del Castillo y la plaza de la Libertad, y el kiosko y per\u00edmetro de la plaza del Castillo.<\/p>\n<p>La fachada del Ayuntamiento contar\u00e1 con luces en movimiento\/destellos y otros efectos especiales que destacan por su luminosidad, especificidad y brillo, dado que es el edificio m\u00e1s emblem\u00e1tico y fotografiado de la ciudad. Asimismo, la plaza Consistorial se adornar\u00e1 con una decoraci\u00f3n proporcionada a las dimensiones del espacio, teniendo en cuenta la comodidad del tr\u00e1nsito, dado que es punto de encuentro de turistas y visitantes, as\u00ed como zona de paso para las compras en el Casco Antiguo pamplon\u00e9s.<br \/>\n<script async src=\"\/\/pagead2.googlesyndication.com\/pagead\/js\/adsbygoogle.js\"><\/script><br \/>\n<!-- Noticias La Guia de Pamplona --><br \/>\n<ins class=\"adsbygoogle\"\nstyle=\"display:block\"\ndata-ad-client=\"ca-pub-6943679897239327\"\ndata-ad-slot=\"7048180777\"\ndata-ad-format=\"auto\"><\/ins><br \/>\n<script>\n(adsbygoogle = window.adsbygoogle || []).push({});\n<\/script><\/p>\n<p>&nbsp;<\/p>\n<h3>Los Horarios \u2013 39 D\u00edas de Encendido<\/h3>\n<ul>\n<li><strong>Horario habitual <\/strong>\n<ul>\n<li>Encendido: 17.45. Apagado: 23 horas<\/li>\n<\/ul>\n<\/li>\n<li><strong>Viernes y s\u00e1bados de diciembre y enero <\/strong>\n<ul>\n<li>Encendido: 17.45. Apagado: 1 de la madrugada<\/li>\n<\/ul>\n<\/li>\n<li><strong>V\u00edsperas de festivos navide\u00f1os: 24 y 31 de diciembre y 5 de enero <\/strong>\n<ul>\n<li>Encendido: 17.45. Apagado: 2 de la madrugada<\/li>\n<\/ul>\n<\/li>\n<\/ul>\n","protected":false},"excerpt":{"rendered":"<p>La tecnolog\u00eda led garantiza la eficiencia energ\u00e9tica de la iluminaci\u00f3n, que se encender\u00e1 a partir de las 17.45 horas, del 29 de noviembre al 6 de enero<\/p>\n","protected":false},"author":1,"featured_media":42132,"comment_status":"open","ping_status":"closed","sticky":false,"template":"","format":"standard","meta":{"footnotes":""},"categories":[2],"tags":[],"class_list":["post-42131","post","type-post","status-publish","format-standard","has-post-thumbnail","hentry","category-ayuntamiento-pamplona"],"yoast_head":"<!-- This site is optimized with the Yoast SEO plugin v27.3 - https:\/\/yoast.com\/product\/yoast-seo-wordpress\/ -->\n<title>El Ayuntamiento adjudica el contrato de suministro de la iluminaci\u00f3n y la decoraci\u00f3n de Navidad 2022-2023, por un importe de 215.000 euros<\/title>\n<meta name=\"description\" content=\"La tecnolog\u00eda led garantiza la eficiencia energ\u00e9tica de la iluminaci\u00f3n, que se encender\u00e1 a partir de las 17.45 horas, del 29 de noviembre al 6 de enero\u00a0\" \/>\n<meta name=\"robots\" content=\"index, follow, max-snippet:-1, max-image-preview:large, max-video-preview:-1\" \/>\n<link rel=\"canonical\" href=\"https:\/\/www.laguiadepamplona.com\/actualidad\/el-ayuntamiento-adjudica-el-contrato-de-suministro-de-la-iluminacion-y-la-decoracion-de-navidad-2022-2023-por-un-importe-de-215-000-euros\/\" \/>\n<meta property=\"og:locale\" content=\"es_ES\" \/>\n<meta property=\"og:type\" content=\"article\" \/>\n<meta property=\"og:title\" content=\"El Ayuntamiento adjudica el contrato de suministro de la iluminaci\u00f3n y la decoraci\u00f3n de Navidad 2022-2023, por un importe de 215.000 euros\" \/>\n<meta property=\"og:description\" content=\"La tecnolog\u00eda led garantiza la eficiencia energ\u00e9tica de la iluminaci\u00f3n, que se encender\u00e1 a partir de las 17.45 horas, del 29 de noviembre al 6 de enero\u00a0\" \/>\n<meta property=\"og:url\" content=\"https:\/\/www.laguiadepamplona.com\/actualidad\/el-ayuntamiento-adjudica-el-contrato-de-suministro-de-la-iluminacion-y-la-decoracion-de-navidad-2022-2023-por-un-importe-de-215-000-euros\/\" \/>\n<meta property=\"og:site_name\" content=\"La Gu\u00eda de Pamplona\" \/>\n<meta property=\"article:publisher\" content=\"https:\/\/www.facebook.com\/laguiadepamplonacom-133175176762273\/?ref=hl\" \/>\n<meta property=\"article:published_time\" content=\"2022-11-07T16:22:23+00:00\" \/>\n<meta property=\"article:modified_time\" content=\"2023-04-11T09:47:37+00:00\" \/>\n<meta property=\"og:image\" content=\"https:\/\/www.laguiadepamplona.com\/actualidad\/wp-content\/uploads\/2022\/11\/iluminacion-navidad-jgv4988_0.webp\" \/>\n\t<meta property=\"og:image:width\" content=\"1920\" \/>\n\t<meta property=\"og:image:height\" content=\"1280\" \/>\n\t<meta property=\"og:image:type\" content=\"image\/webp\" \/>\n<meta name=\"author\" content=\"La Gu\u00eda de Pamplona\" \/>\n<meta name=\"twitter:card\" content=\"summary_large_image\" \/>\n<meta name=\"twitter:creator\" content=\"@LaGuiadPamplona\" \/>\n<meta name=\"twitter:site\" content=\"@LaGuiadPamplona\" \/>\n<meta name=\"twitter:label1\" content=\"Escrito por\" \/>\n\t<meta name=\"twitter:data1\" content=\"La Gu\u00eda de Pamplona\" \/>\n\t<meta name=\"twitter:label2\" content=\"Tiempo de lectura\" \/>\n\t<meta name=\"twitter:data2\" content=\"3 minutos\" \/>\n<script type=\"application\/ld+json\" class=\"yoast-schema-graph\">{\"@context\":\"https:\\\/\\\/schema.org\",\"@graph\":[{\"@type\":\"Article\",\"@id\":\"https:\\\/\\\/www.laguiadepamplona.com\\\/actualidad\\\/el-ayuntamiento-adjudica-el-contrato-de-suministro-de-la-iluminacion-y-la-decoracion-de-navidad-2022-2023-por-un-importe-de-215-000-euros\\\/#article\",\"isPartOf\":{\"@id\":\"https:\\\/\\\/www.laguiadepamplona.com\\\/actualidad\\\/el-ayuntamiento-adjudica-el-contrato-de-suministro-de-la-iluminacion-y-la-decoracion-de-navidad-2022-2023-por-un-importe-de-215-000-euros\\\/\"},\"author\":{\"name\":\"La Gu\u00eda de Pamplona\",\"@id\":\"https:\\\/\\\/www.laguiadepamplona.com\\\/actualidad\\\/#\\\/schema\\\/person\\\/efe887376f0213d4657c93adc50b1fdb\"},\"headline\":\"El Ayuntamiento adjudica el contrato de suministro de la iluminaci\u00f3n y la decoraci\u00f3n de Navidad 2022-2023, por un importe de 215.000 euros\",\"datePublished\":\"2022-11-07T16:22:23+00:00\",\"dateModified\":\"2023-04-11T09:47:37+00:00\",\"mainEntityOfPage\":{\"@id\":\"https:\\\/\\\/www.laguiadepamplona.com\\\/actualidad\\\/el-ayuntamiento-adjudica-el-contrato-de-suministro-de-la-iluminacion-y-la-decoracion-de-navidad-2022-2023-por-un-importe-de-215-000-euros\\\/\"},\"wordCount\":616,\"commentCount\":0,\"publisher\":{\"@id\":\"https:\\\/\\\/www.laguiadepamplona.com\\\/actualidad\\\/#organization\"},\"image\":{\"@id\":\"https:\\\/\\\/www.laguiadepamplona.com\\\/actualidad\\\/el-ayuntamiento-adjudica-el-contrato-de-suministro-de-la-iluminacion-y-la-decoracion-de-navidad-2022-2023-por-un-importe-de-215-000-euros\\\/#primaryimage\"},\"thumbnailUrl\":\"https:\\\/\\\/www.laguiadepamplona.com\\\/actualidad\\\/wp-content\\\/uploads\\\/2022\\\/11\\\/iluminacion-navidad-jgv4988_0.webp\",\"articleSection\":[\"Ayto Pamplona\"],\"inLanguage\":\"es\",\"potentialAction\":[{\"@type\":\"CommentAction\",\"name\":\"Comment\",\"target\":[\"https:\\\/\\\/www.laguiadepamplona.com\\\/actualidad\\\/el-ayuntamiento-adjudica-el-contrato-de-suministro-de-la-iluminacion-y-la-decoracion-de-navidad-2022-2023-por-un-importe-de-215-000-euros\\\/#respond\"]}]},{\"@type\":\"WebPage\",\"@id\":\"https:\\\/\\\/www.laguiadepamplona.com\\\/actualidad\\\/el-ayuntamiento-adjudica-el-contrato-de-suministro-de-la-iluminacion-y-la-decoracion-de-navidad-2022-2023-por-un-importe-de-215-000-euros\\\/\",\"url\":\"https:\\\/\\\/www.laguiadepamplona.com\\\/actualidad\\\/el-ayuntamiento-adjudica-el-contrato-de-suministro-de-la-iluminacion-y-la-decoracion-de-navidad-2022-2023-por-un-importe-de-215-000-euros\\\/\",\"name\":\"El Ayuntamiento adjudica el contrato de suministro de la iluminaci\u00f3n y la decoraci\u00f3n de Navidad 2022-2023, por un importe de 215.000 euros\",\"isPartOf\":{\"@id\":\"https:\\\/\\\/www.laguiadepamplona.com\\\/actualidad\\\/#website\"},\"primaryImageOfPage\":{\"@id\":\"https:\\\/\\\/www.laguiadepamplona.com\\\/actualidad\\\/el-ayuntamiento-adjudica-el-contrato-de-suministro-de-la-iluminacion-y-la-decoracion-de-navidad-2022-2023-por-un-importe-de-215-000-euros\\\/#primaryimage\"},\"image\":{\"@id\":\"https:\\\/\\\/www.laguiadepamplona.com\\\/actualidad\\\/el-ayuntamiento-adjudica-el-contrato-de-suministro-de-la-iluminacion-y-la-decoracion-de-navidad-2022-2023-por-un-importe-de-215-000-euros\\\/#primaryimage\"},\"thumbnailUrl\":\"https:\\\/\\\/www.laguiadepamplona.com\\\/actualidad\\\/wp-content\\\/uploads\\\/2022\\\/11\\\/iluminacion-navidad-jgv4988_0.webp\",\"datePublished\":\"2022-11-07T16:22:23+00:00\",\"dateModified\":\"2023-04-11T09:47:37+00:00\",\"description\":\"La tecnolog\u00eda led garantiza la eficiencia energ\u00e9tica de la iluminaci\u00f3n, que se encender\u00e1 a partir de las 17.45 horas, del 29 de noviembre al 6 de enero\u00a0\",\"breadcrumb\":{\"@id\":\"https:\\\/\\\/www.laguiadepamplona.com\\\/actualidad\\\/el-ayuntamiento-adjudica-el-contrato-de-suministro-de-la-iluminacion-y-la-decoracion-de-navidad-2022-2023-por-un-importe-de-215-000-euros\\\/#breadcrumb\"},\"inLanguage\":\"es\",\"potentialAction\":[{\"@type\":\"ReadAction\",\"target\":[\"https:\\\/\\\/www.laguiadepamplona.com\\\/actualidad\\\/el-ayuntamiento-adjudica-el-contrato-de-suministro-de-la-iluminacion-y-la-decoracion-de-navidad-2022-2023-por-un-importe-de-215-000-euros\\\/\"]}]},{\"@type\":\"ImageObject\",\"inLanguage\":\"es\",\"@id\":\"https:\\\/\\\/www.laguiadepamplona.com\\\/actualidad\\\/el-ayuntamiento-adjudica-el-contrato-de-suministro-de-la-iluminacion-y-la-decoracion-de-navidad-2022-2023-por-un-importe-de-215-000-euros\\\/#primaryimage\",\"url\":\"https:\\\/\\\/www.laguiadepamplona.com\\\/actualidad\\\/wp-content\\\/uploads\\\/2022\\\/11\\\/iluminacion-navidad-jgv4988_0.webp\",\"contentUrl\":\"https:\\\/\\\/www.laguiadepamplona.com\\\/actualidad\\\/wp-content\\\/uploads\\\/2022\\\/11\\\/iluminacion-navidad-jgv4988_0.webp\",\"width\":1920,\"height\":1280,\"caption\":\"iluminaci\u00f3n navidad\"},{\"@type\":\"BreadcrumbList\",\"@id\":\"https:\\\/\\\/www.laguiadepamplona.com\\\/actualidad\\\/el-ayuntamiento-adjudica-el-contrato-de-suministro-de-la-iluminacion-y-la-decoracion-de-navidad-2022-2023-por-un-importe-de-215-000-euros\\\/#breadcrumb\",\"itemListElement\":[{\"@type\":\"ListItem\",\"position\":1,\"name\":\"Portada\",\"item\":\"https:\\\/\\\/www.laguiadepamplona.com\\\/actualidad\\\/\"},{\"@type\":\"ListItem\",\"position\":2,\"name\":\"El Ayuntamiento adjudica el contrato de suministro de la iluminaci\u00f3n y la decoraci\u00f3n de Navidad 2022-2023, por un importe de 215.000 euros\"}]},{\"@type\":\"WebSite\",\"@id\":\"https:\\\/\\\/www.laguiadepamplona.com\\\/actualidad\\\/#website\",\"url\":\"https:\\\/\\\/www.laguiadepamplona.com\\\/actualidad\\\/\",\"name\":\"La gu\u00eda de Pamplona\",\"description\":\"Noticias de Pamplona\",\"publisher\":{\"@id\":\"https:\\\/\\\/www.laguiadepamplona.com\\\/actualidad\\\/#organization\"},\"potentialAction\":[{\"@type\":\"SearchAction\",\"target\":{\"@type\":\"EntryPoint\",\"urlTemplate\":\"https:\\\/\\\/www.laguiadepamplona.com\\\/actualidad\\\/?s={search_term_string}\"},\"query-input\":{\"@type\":\"PropertyValueSpecification\",\"valueRequired\":true,\"valueName\":\"search_term_string\"}}],\"inLanguage\":\"es\"},{\"@type\":\"Organization\",\"@id\":\"https:\\\/\\\/www.laguiadepamplona.com\\\/actualidad\\\/#organization\",\"name\":\"La Gu\u00eda de Pamplona \\\/ Noticias\",\"url\":\"https:\\\/\\\/www.laguiadepamplona.com\\\/actualidad\\\/\",\"logo\":{\"@type\":\"ImageObject\",\"inLanguage\":\"es\",\"@id\":\"https:\\\/\\\/www.laguiadepamplona.com\\\/actualidad\\\/#\\\/schema\\\/logo\\\/image\\\/\",\"url\":\"https:\\\/\\\/www.laguiadepamplona.com\\\/actualidad\\\/wp-content\\\/uploads\\\/2018\\\/11\\\/logo-laguiadepamplona18-web1.png\",\"contentUrl\":\"https:\\\/\\\/www.laguiadepamplona.com\\\/actualidad\\\/wp-content\\\/uploads\\\/2018\\\/11\\\/logo-laguiadepamplona18-web1.png\",\"width\":600,\"height\":196,\"caption\":\"La Gu\u00eda de Pamplona \\\/ Noticias\"},\"image\":{\"@id\":\"https:\\\/\\\/www.laguiadepamplona.com\\\/actualidad\\\/#\\\/schema\\\/logo\\\/image\\\/\"},\"sameAs\":[\"https:\\\/\\\/www.facebook.com\\\/laguiadepamplonacom-133175176762273\\\/?ref=hl\",\"https:\\\/\\\/x.com\\\/LaGuiadPamplona\",\"https:\\\/\\\/www.instagram.com\\\/la_guia_de_pamplona\\\/\",\"https:\\\/\\\/www.youtube.com\\\/user\\\/laguiadepamplona\"]},{\"@type\":\"Person\",\"@id\":\"https:\\\/\\\/www.laguiadepamplona.com\\\/actualidad\\\/#\\\/schema\\\/person\\\/efe887376f0213d4657c93adc50b1fdb\",\"name\":\"La Gu\u00eda de Pamplona\",\"image\":{\"@type\":\"ImageObject\",\"inLanguage\":\"es\",\"@id\":\"https:\\\/\\\/secure.gravatar.com\\\/avatar\\\/b6992f131dc8d30ab0dff15446e9d346d9dbd95992de0fef795073f5ea83a81c?s=96&d=mm&r=g\",\"url\":\"https:\\\/\\\/secure.gravatar.com\\\/avatar\\\/b6992f131dc8d30ab0dff15446e9d346d9dbd95992de0fef795073f5ea83a81c?s=96&d=mm&r=g\",\"contentUrl\":\"https:\\\/\\\/secure.gravatar.com\\\/avatar\\\/b6992f131dc8d30ab0dff15446e9d346d9dbd95992de0fef795073f5ea83a81c?s=96&d=mm&r=g\",\"caption\":\"La Gu\u00eda de Pamplona\"}}]}<\/script>\n<!-- \/ Yoast SEO plugin. -->","yoast_head_json":{"title":"El Ayuntamiento adjudica el contrato de suministro de la iluminaci\u00f3n y la decoraci\u00f3n de Navidad 2022-2023, por un importe de 215.000 euros","description":"La tecnolog\u00eda led garantiza la eficiencia energ\u00e9tica de la iluminaci\u00f3n, que se encender\u00e1 a partir de las 17.45 horas, del 29 de noviembre al 6 de enero\u00a0","robots":{"index":"index","follow":"follow","max-snippet":"max-snippet:-1","max-image-preview":"max-image-preview:large","max-video-preview":"max-video-preview:-1"},"canonical":"https:\/\/www.laguiadepamplona.com\/actualidad\/el-ayuntamiento-adjudica-el-contrato-de-suministro-de-la-iluminacion-y-la-decoracion-de-navidad-2022-2023-por-un-importe-de-215-000-euros\/","og_locale":"es_ES","og_type":"article","og_title":"El Ayuntamiento adjudica el contrato de suministro de la iluminaci\u00f3n y la decoraci\u00f3n de Navidad 2022-2023, por un importe de 215.000 euros","og_description":"La tecnolog\u00eda led garantiza la eficiencia energ\u00e9tica de la iluminaci\u00f3n, que se encender\u00e1 a partir de las 17.45 horas, del 29 de noviembre al 6 de enero\u00a0","og_url":"https:\/\/www.laguiadepamplona.com\/actualidad\/el-ayuntamiento-adjudica-el-contrato-de-suministro-de-la-iluminacion-y-la-decoracion-de-navidad-2022-2023-por-un-importe-de-215-000-euros\/","og_site_name":"La Gu\u00eda de Pamplona","article_publisher":"https:\/\/www.facebook.com\/laguiadepamplonacom-133175176762273\/?ref=hl","article_published_time":"2022-11-07T16:22:23+00:00","article_modified_time":"2023-04-11T09:47:37+00:00","og_image":[{"width":1920,"height":1280,"url":"https:\/\/www.laguiadepamplona.com\/actualidad\/wp-content\/uploads\/2022\/11\/iluminacion-navidad-jgv4988_0.webp","type":"image\/webp"}],"author":"La Gu\u00eda de Pamplona","twitter_card":"summary_large_image","twitter_creator":"@LaGuiadPamplona","twitter_site":"@LaGuiadPamplona","twitter_misc":{"Escrito por":"La Gu\u00eda de Pamplona","Tiempo de lectura":"3 minutos"},"schema":{"@context":"https:\/\/schema.org","@graph":[{"@type":"Article","@id":"https:\/\/www.laguiadepamplona.com\/actualidad\/el-ayuntamiento-adjudica-el-contrato-de-suministro-de-la-iluminacion-y-la-decoracion-de-navidad-2022-2023-por-un-importe-de-215-000-euros\/#article","isPartOf":{"@id":"https:\/\/www.laguiadepamplona.com\/actualidad\/el-ayuntamiento-adjudica-el-contrato-de-suministro-de-la-iluminacion-y-la-decoracion-de-navidad-2022-2023-por-un-importe-de-215-000-euros\/"},"author":{"name":"La Gu\u00eda de Pamplona","@id":"https:\/\/www.laguiadepamplona.com\/actualidad\/#\/schema\/person\/efe887376f0213d4657c93adc50b1fdb"},"headline":"El Ayuntamiento adjudica el contrato de suministro de la iluminaci\u00f3n y la decoraci\u00f3n de Navidad 2022-2023, por un importe de 215.000 euros","datePublished":"2022-11-07T16:22:23+00:00","dateModified":"2023-04-11T09:47:37+00:00","mainEntityOfPage":{"@id":"https:\/\/www.laguiadepamplona.com\/actualidad\/el-ayuntamiento-adjudica-el-contrato-de-suministro-de-la-iluminacion-y-la-decoracion-de-navidad-2022-2023-por-un-importe-de-215-000-euros\/"},"wordCount":616,"commentCount":0,"publisher":{"@id":"https:\/\/www.laguiadepamplona.com\/actualidad\/#organization"},"image":{"@id":"https:\/\/www.laguiadepamplona.com\/actualidad\/el-ayuntamiento-adjudica-el-contrato-de-suministro-de-la-iluminacion-y-la-decoracion-de-navidad-2022-2023-por-un-importe-de-215-000-euros\/#primaryimage"},"thumbnailUrl":"https:\/\/www.laguiadepamplona.com\/actualidad\/wp-content\/uploads\/2022\/11\/iluminacion-navidad-jgv4988_0.webp","articleSection":["Ayto Pamplona"],"inLanguage":"es","potentialAction":[{"@type":"CommentAction","name":"Comment","target":["https:\/\/www.laguiadepamplona.com\/actualidad\/el-ayuntamiento-adjudica-el-contrato-de-suministro-de-la-iluminacion-y-la-decoracion-de-navidad-2022-2023-por-un-importe-de-215-000-euros\/#respond"]}]},{"@type":"WebPage","@id":"https:\/\/www.laguiadepamplona.com\/actualidad\/el-ayuntamiento-adjudica-el-contrato-de-suministro-de-la-iluminacion-y-la-decoracion-de-navidad-2022-2023-por-un-importe-de-215-000-euros\/","url":"https:\/\/www.laguiadepamplona.com\/actualidad\/el-ayuntamiento-adjudica-el-contrato-de-suministro-de-la-iluminacion-y-la-decoracion-de-navidad-2022-2023-por-un-importe-de-215-000-euros\/","name":"El Ayuntamiento adjudica el contrato de suministro de la iluminaci\u00f3n y la decoraci\u00f3n de Navidad 2022-2023, por un importe de 215.000 euros","isPartOf":{"@id":"https:\/\/www.laguiadepamplona.com\/actualidad\/#website"},"primaryImageOfPage":{"@id":"https:\/\/www.laguiadepamplona.com\/actualidad\/el-ayuntamiento-adjudica-el-contrato-de-suministro-de-la-iluminacion-y-la-decoracion-de-navidad-2022-2023-por-un-importe-de-215-000-euros\/#primaryimage"},"image":{"@id":"https:\/\/www.laguiadepamplona.com\/actualidad\/el-ayuntamiento-adjudica-el-contrato-de-suministro-de-la-iluminacion-y-la-decoracion-de-navidad-2022-2023-por-un-importe-de-215-000-euros\/#primaryimage"},"thumbnailUrl":"https:\/\/www.laguiadepamplona.com\/actualidad\/wp-content\/uploads\/2022\/11\/iluminacion-navidad-jgv4988_0.webp","datePublished":"2022-11-07T16:22:23+00:00","dateModified":"2023-04-11T09:47:37+00:00","description":"La tecnolog\u00eda led garantiza la eficiencia energ\u00e9tica de la iluminaci\u00f3n, que se encender\u00e1 a partir de las 17.45 horas, del 29 de noviembre al 6 de enero\u00a0","breadcrumb":{"@id":"https:\/\/www.laguiadepamplona.com\/actualidad\/el-ayuntamiento-adjudica-el-contrato-de-suministro-de-la-iluminacion-y-la-decoracion-de-navidad-2022-2023-por-un-importe-de-215-000-euros\/#breadcrumb"},"inLanguage":"es","potentialAction":[{"@type":"ReadAction","target":["https:\/\/www.laguiadepamplona.com\/actualidad\/el-ayuntamiento-adjudica-el-contrato-de-suministro-de-la-iluminacion-y-la-decoracion-de-navidad-2022-2023-por-un-importe-de-215-000-euros\/"]}]},{"@type":"ImageObject","inLanguage":"es","@id":"https:\/\/www.laguiadepamplona.com\/actualidad\/el-ayuntamiento-adjudica-el-contrato-de-suministro-de-la-iluminacion-y-la-decoracion-de-navidad-2022-2023-por-un-importe-de-215-000-euros\/#primaryimage","url":"https:\/\/www.laguiadepamplona.com\/actualidad\/wp-content\/uploads\/2022\/11\/iluminacion-navidad-jgv4988_0.webp","contentUrl":"https:\/\/www.laguiadepamplona.com\/actualidad\/wp-content\/uploads\/2022\/11\/iluminacion-navidad-jgv4988_0.webp","width":1920,"height":1280,"caption":"iluminaci\u00f3n navidad"},{"@type":"BreadcrumbList","@id":"https:\/\/www.laguiadepamplona.com\/actualidad\/el-ayuntamiento-adjudica-el-contrato-de-suministro-de-la-iluminacion-y-la-decoracion-de-navidad-2022-2023-por-un-importe-de-215-000-euros\/#breadcrumb","itemListElement":[{"@type":"ListItem","position":1,"name":"Portada","item":"https:\/\/www.laguiadepamplona.com\/actualidad\/"},{"@type":"ListItem","position":2,"name":"El Ayuntamiento adjudica el contrato de suministro de la iluminaci\u00f3n y la decoraci\u00f3n de Navidad 2022-2023, por un importe de 215.000 euros"}]},{"@type":"WebSite","@id":"https:\/\/www.laguiadepamplona.com\/actualidad\/#website","url":"https:\/\/www.laguiadepamplona.com\/actualidad\/","name":"La gu\u00eda de Pamplona","description":"Noticias de Pamplona","publisher":{"@id":"https:\/\/www.laguiadepamplona.com\/actualidad\/#organization"},"potentialAction":[{"@type":"SearchAction","target":{"@type":"EntryPoint","urlTemplate":"https:\/\/www.laguiadepamplona.com\/actualidad\/?s={search_term_string}"},"query-input":{"@type":"PropertyValueSpecification","valueRequired":true,"valueName":"search_term_string"}}],"inLanguage":"es"},{"@type":"Organization","@id":"https:\/\/www.laguiadepamplona.com\/actualidad\/#organization","name":"La Gu\u00eda de Pamplona \/ Noticias","url":"https:\/\/www.laguiadepamplona.com\/actualidad\/","logo":{"@type":"ImageObject","inLanguage":"es","@id":"https:\/\/www.laguiadepamplona.com\/actualidad\/#\/schema\/logo\/image\/","url":"https:\/\/www.laguiadepamplona.com\/actualidad\/wp-content\/uploads\/2018\/11\/logo-laguiadepamplona18-web1.png","contentUrl":"https:\/\/www.laguiadepamplona.com\/actualidad\/wp-content\/uploads\/2018\/11\/logo-laguiadepamplona18-web1.png","width":600,"height":196,"caption":"La Gu\u00eda de Pamplona \/ Noticias"},"image":{"@id":"https:\/\/www.laguiadepamplona.com\/actualidad\/#\/schema\/logo\/image\/"},"sameAs":["https:\/\/www.facebook.com\/laguiadepamplonacom-133175176762273\/?ref=hl","https:\/\/x.com\/LaGuiadPamplona","https:\/\/www.instagram.com\/la_guia_de_pamplona\/","https:\/\/www.youtube.com\/user\/laguiadepamplona"]},{"@type":"Person","@id":"https:\/\/www.laguiadepamplona.com\/actualidad\/#\/schema\/person\/efe887376f0213d4657c93adc50b1fdb","name":"La Gu\u00eda de Pamplona","image":{"@type":"ImageObject","inLanguage":"es","@id":"https:\/\/secure.gravatar.com\/avatar\/b6992f131dc8d30ab0dff15446e9d346d9dbd95992de0fef795073f5ea83a81c?s=96&d=mm&r=g","url":"https:\/\/secure.gravatar.com\/avatar\/b6992f131dc8d30ab0dff15446e9d346d9dbd95992de0fef795073f5ea83a81c?s=96&d=mm&r=g","contentUrl":"https:\/\/secure.gravatar.com\/avatar\/b6992f131dc8d30ab0dff15446e9d346d9dbd95992de0fef795073f5ea83a81c?s=96&d=mm&r=g","caption":"La Gu\u00eda de Pamplona"}}]}},"post_mailing_queue_ids":[],"_links":{"self":[{"href":"https:\/\/www.laguiadepamplona.com\/actualidad\/wp-json\/wp\/v2\/posts\/42131","targetHints":{"allow":["GET"]}}],"collection":[{"href":"https:\/\/www.laguiadepamplona.com\/actualidad\/wp-json\/wp\/v2\/posts"}],"about":[{"href":"https:\/\/www.laguiadepamplona.com\/actualidad\/wp-json\/wp\/v2\/types\/post"}],"author":[{"embeddable":true,"href":"https:\/\/www.laguiadepamplona.com\/actualidad\/wp-json\/wp\/v2\/users\/1"}],"replies":[{"embeddable":true,"href":"https:\/\/www.laguiadepamplona.com\/actualidad\/wp-json\/wp\/v2\/comments?post=42131"}],"version-history":[{"count":0,"href":"https:\/\/www.laguiadepamplona.com\/actualidad\/wp-json\/wp\/v2\/posts\/42131\/revisions"}],"wp:featuredmedia":[{"embeddable":true,"href":"https:\/\/www.laguiadepamplona.com\/actualidad\/wp-json\/wp\/v2\/media\/42132"}],"wp:attachment":[{"href":"https:\/\/www.laguiadepamplona.com\/actualidad\/wp-json\/wp\/v2\/media?parent=42131"}],"wp:term":[{"taxonomy":"category","embeddable":true,"href":"https:\/\/www.laguiadepamplona.com\/actualidad\/wp-json\/wp\/v2\/categories?post=42131"},{"taxonomy":"post_tag","embeddable":true,"href":"https:\/\/www.laguiadepamplona.com\/actualidad\/wp-json\/wp\/v2\/tags?post=42131"}],"curies":[{"name":"wp","href":"https:\/\/api.w.org\/{rel}","templated":true}]}}